




{"id":32541,"date":"2012-07-17T22:08:00","date_gmt":"2012-07-17T19:08:00","guid":{"rendered":"http:\/\/qtmm.org\/?p=32541"},"modified":"2022-01-21T22:09:25","modified_gmt":"2022-01-21T19:09:25","slug":"v-cagirilis-qirimtatar-halqi-qurultayinin-kelecek-sessiyasi-ve-kun-tertibindeki-meseleler","status":"publish","type":"post","link":"https:\/\/qtmm.org\/qt\/v-cagirilis-qirimtatar-halqi-qurultayinin-kelecek-sessiyasi-ve-kun-tertibindeki-meseleler\/","title":{"rendered":"V \u00e7a\u011f\u0131r\u0131l\u0131\u015f Q\u0131r\u0131mtatar halq\u0131 Qurultay\u0131n\u0131\u00f1 kelecek sessiyas\u0131 ve k\u00fcn tertibindeki meseleler"},"content":{"rendered":"\n<p>2012 senesi iy\u00fcl 17-de 5-nci \u00e7a\u011f\u0131r\u0131l\u0131\u015f Qurultayn\u0131\u00f1 olacaq 4-nci sessiyas\u0131 arfesinde ol\u0131p ke\u00e7ken matbuat konferentsiyas\u0131nda Q\u0131r\u0131mtatar halq\u0131 Meclisi reisini\u00f1 birinci muavini Refat \u00c7ubarov V \u00e7a\u011f\u0131r\u0131l\u0131\u015f Q\u0131r\u0131mtatar halq\u0131 Qurultay\u0131n\u0131\u00f1 nevbetteki sessiya\u011fa az\u0131rl\u0131q, k\u00fcn tertibine qoyul\u011fan meseleler aqq\u0131nda ayt\u0131p, Ukraina ve Q\u0131r\u0131mdaki i\u00e7timaiy-siyasiy ayat\u0131na dair k\u00fcndelik adiseler boyunca suallerge cevap berdi.<\/p>\n\n\n\n<p>Q\u0131r\u0131mtatar halq\u0131 Meclisi reisini\u00f1 birinci muavini Refat \u00c7ubarov V \u00e7a\u011f\u0131r\u0131l\u0131\u015f Q\u0131r\u0131mtatar halq\u0131 Qurultay\u0131n\u0131\u00f1 nevbetteki sessiyas\u0131 eki k\u00fcn devam\u0131nda \u00e7al\u0131\u015faca\u011f\u0131n\u0131 bildirdi.<\/p>\n\n\n\n<p>&#8220;V \u00e7a\u011f\u0131r\u0131l\u0131\u015f Q\u0131r\u0131mtatar halq\u0131 Qurultay\u0131n\u0131\u00f1 delegatlar\u0131 sessiya devam\u0131nda birinci nevbette ya\u00f1\u0131 \u00e7a\u011f\u0131r\u0131lacaq Qurultay delegatlar\u0131n\u0131 saylav, Ukraina halq deputatlar\u0131n\u0131 se\u00e7\u00fcv ve q\u0131r\u0131mtatar milliy gimni ile ba\u011fl\u0131 meselelerni muzakere etecekler, &#8211; dedi R. \u00c7ubarov.- Eki k\u00fcn \u00e7al\u0131\u015fuv devam\u0131nda delegatlar Q\u0131r\u0131mtatar halq\u0131 Meclisini\u00f1 reisi Mustafa Cemilevni\u00f1 maruzas\u0131n\u0131, bun\u0131\u00f1 kibi de Tefti\u015f komissiyas\u0131n\u0131\u00f1 esabat\u0131n\u0131 di\u00f1leycekler&#8221;.<\/p>\n\n\n\n<p>R.\u00c7ubarov \u015fun\u0131 da qayd etti ki, Qurultay delegatlar\u0131n\u0131 saylav aqq\u0131nda ya\u00f1\u0131 nizam\u011fa k\u00f6re Qurultay delegatlar\u0131n\u0131 se\u00e7\u00fcv q\u0131r\u0131mtatarlar ve aile azalar\u0131 taraf\u0131ndan do\u011frudan-do\u011fru gizli rey ber\u00fcv yolunen saylanacaq. &#8220;Evel delegatlar eki basq\u0131\u00e7 saylav sistemas\u0131 boyunca se\u00e7ile ediler. Ba\u015fta saylavc\u0131lar saylay\u0131c\u0131larn\u0131 belgiler, olar ise konferentsiya\u011fa toplan\u0131p Qurultay delegatlar\u0131n\u0131 saylad\u0131lar.<\/p>\n\n\n\n<p>&#8220;Ukraina halq deputatlar\u0131n\u0131 saylav\u011fa kelsek, &#8211; dey R. \u00c7ubarov, &#8211; biz al\u00e2 daa siyasiy ortaqlar\u0131m\u0131znen s\u00f6yle\u015f\u00fcvlerni devam etemitz. Bug\u00fcnde-bug\u00fcn bir s\u0131ra tekliflerge malikmiz, l\u00e2kin konsultatsiyalar daa yek\u00fcnlenmedi. Men bellesem, iy\u00fcl 21-de Qurultayn\u0131\u00f1 birinci k\u00fcn\u00fc delegatlar\u011fa \u015fu s\u00f6yle\u015f\u00fcvler neticesinde peyda etilgen tekliflerni bildirirmiz.<\/p>\n\n\n\n<p>Eger Meclis i\u00e7 bir siyasiy k\u00fc\u00e7nen a\u00f1la\u015f\u0131p olamasa, saylavlarn\u0131 boykot etecekmi, kibi sualge Refat \u00c7ubarov Meclis i\u00e7 bir areketke \u00e7a\u011f\u0131rmayca\u011f\u0131n\u0131, \u00e7\u00fcnki qararn\u0131 tek Qurultay delegatlar\u0131 alaca\u011f\u0131n\u0131 bildirdi. Meclis reisi birinci muavinini\u00f1 fikrince, Meclis boykot il\u00e2n etmeycek.<\/p>\n\n\n\n<figure class=\"wp-block-image size-full\"><img loading=\"lazy\" decoding=\"async\" width=\"650\" height=\"400\" src=\"http:\/\/qtmm.org\/wp-content\/uploads\/2022\/01\/2_57.jpeg\" alt=\"\" class=\"wp-image-32548\" srcset=\"https:\/\/qtmm.org\/wp-content\/uploads\/2022\/01\/2_57.jpeg 650w, https:\/\/qtmm.org\/wp-content\/uploads\/2022\/01\/2_57-300x185.jpeg 300w\" sizes=\"auto, (max-width: 650px) 100vw, 650px\" \/><\/figure>\n","protected":false},"excerpt":{"rendered":"<p>2012 senesi iy\u00fcl 17-de 5-nci \u00e7a\u011f\u0131r\u0131l\u0131\u015f Qurultayn\u0131\u00f1 olacaq 4-nci sessiyas\u0131 arfesinde ol\u0131p ke\u00e7ken matbuat konferentsiyas\u0131nda Q\u0131r\u0131mtatar halq\u0131 Meclisi reisini\u00f1 birinci muavini Refat \u00c7ubarov V \u00e7a\u011f\u0131r\u0131l\u0131\u015f Q\u0131r\u0131mtatar halq\u0131 Qurultay\u0131n\u0131\u00f1 nevbetteki sessiya\u011fa az\u0131rl\u0131q, k\u00fcn tertibine qoyul\u011fan meseleler aqq\u0131nda ayt\u0131p, Ukraina ve Q\u0131r\u0131mdaki i\u00e7timaiy-siyasiy ayat\u0131na dair k\u00fcndelik adiseler boyunca suallerge cevap berdi. Q\u0131r\u0131mtatar halq\u0131 Meclisi reisini\u00f1 birinci muavini [&hellip;]<\/p>\n","protected":false},"author":1,"featured_media":32544,"comment_status":"open","ping_status":"open","sticky":false,"template":"","format":"standard","meta":{"inline_featured_image":false,"footnotes":""},"categories":[265],"tags":[],"class_list":["post-32541","post","type-post","status-publish","format-standard","has-post-thumbnail","hentry","category-haberler"],"acf":[],"yoast_head":"<!-- This site is optimized with the Yoast SEO plugin v27.4 - https:\/\/yoast.com\/product\/yoast-seo-wordpress\/ -->\n<title>V \u00e7a\u011f\u0131r\u0131l\u0131\u015f Q\u0131r\u0131mtatar halq\u0131 Qurultay\u0131n\u0131\u00f1 kelecek sessiyas\u0131 ve k\u00fcn tertibindeki meseleler - \u041c\u0435\u0434\u0436\u043b\u0456\u0441<\/title>\n<meta name=\"robots\" content=\"index, follow, max-snippet:-1, max-image-preview:large, max-video-preview:-1\" \/>\n<link rel=\"canonical\" href=\"https:\/\/qtmm.org\/qt\/v-cagirilis-qirimtatar-halqi-qurultayinin-kelecek-sessiyasi-ve-kun-tertibindeki-meseleler\/\" \/>\n<meta property=\"og:locale\" content=\"en_US\" \/>\n<meta property=\"og:type\" content=\"article\" \/>\n<meta property=\"og:title\" content=\"V \u00e7a\u011f\u0131r\u0131l\u0131\u015f Q\u0131r\u0131mtatar halq\u0131 Qurultay\u0131n\u0131\u00f1 kelecek sessiyas\u0131 ve k\u00fcn tertibindeki meseleler - \u041c\u0435\u0434\u0436\u043b\u0456\u0441\" \/>\n<meta property=\"og:description\" content=\"2012 senesi iy\u00fcl 17-de 5-nci \u00e7a\u011f\u0131r\u0131l\u0131\u015f Qurultayn\u0131\u00f1 olacaq 4-nci sessiyas\u0131 arfesinde ol\u0131p ke\u00e7ken matbuat konferentsiyas\u0131nda Q\u0131r\u0131mtatar halq\u0131 Meclisi reisini\u00f1 birinci muavini Refat \u00c7ubarov V \u00e7a\u011f\u0131r\u0131l\u0131\u015f Q\u0131r\u0131mtatar halq\u0131 Qurultay\u0131n\u0131\u00f1 nevbetteki sessiya\u011fa az\u0131rl\u0131q, k\u00fcn tertibine qoyul\u011fan meseleler aqq\u0131nda ayt\u0131p, Ukraina ve Q\u0131r\u0131mdaki i\u00e7timaiy-siyasiy ayat\u0131na dair k\u00fcndelik adiseler boyunca suallerge cevap berdi. Q\u0131r\u0131mtatar halq\u0131 Meclisi reisini\u00f1 birinci muavini [&hellip;]\" \/>\n<meta property=\"og:url\" content=\"https:\/\/qtmm.org\/qt\/v-cagirilis-qirimtatar-halqi-qurultayinin-kelecek-sessiyasi-ve-kun-tertibindeki-meseleler\/\" \/>\n<meta property=\"og:site_name\" content=\"\u041c\u0435\u0434\u0436\u043b\u0456\u0441\" \/>\n<meta property=\"article:publisher\" content=\"https:\/\/www.facebook.com\/qtmm.info\/\" \/>\n<meta property=\"article:published_time\" content=\"2012-07-17T19:08:00+00:00\" \/>\n<meta property=\"article:modified_time\" content=\"2022-01-21T19:09:25+00:00\" \/>\n<meta property=\"og:image\" content=\"https:\/\/qtmm.org\/wp-content\/uploads\/2022\/01\/3_36.jpeg\" \/>\n\t<meta property=\"og:image:width\" content=\"650\" \/>\n\t<meta property=\"og:image:height\" content=\"400\" \/>\n\t<meta property=\"og:image:type\" content=\"image\/jpeg\" \/>\n<meta name=\"author\" content=\"Developer\" \/>\n<meta name=\"twitter:card\" content=\"summary_large_image\" \/>\n<meta name=\"twitter:label1\" content=\"Written by\" \/>\n\t<meta name=\"twitter:data1\" content=\"Developer\" \/>\n\t<meta name=\"twitter:label2\" content=\"Est. reading time\" \/>\n\t<meta name=\"twitter:data2\" content=\"2 minutes\" \/>\n<script type=\"application\/ld+json\" class=\"yoast-schema-graph\">{\"@context\":\"https:\\\/\\\/schema.org\",\"@graph\":[{\"@type\":\"Article\",\"@id\":\"https:\\\/\\\/qtmm.org\\\/qt\\\/v-cagirilis-qirimtatar-halqi-qurultayinin-kelecek-sessiyasi-ve-kun-tertibindeki-meseleler\\\/#article\",\"isPartOf\":{\"@id\":\"https:\\\/\\\/qtmm.org\\\/qt\\\/v-cagirilis-qirimtatar-halqi-qurultayinin-kelecek-sessiyasi-ve-kun-tertibindeki-meseleler\\\/\"},\"author\":{\"name\":\"Developer\",\"@id\":\"https:\\\/\\\/qtmm.org\\\/qt\\\/#\\\/schema\\\/person\\\/de562469f971dec226ac06e60bbf74a7\"},\"headline\":\"V \u00e7a\u011f\u0131r\u0131l\u0131\u015f Q\u0131r\u0131mtatar halq\u0131 Qurultay\u0131n\u0131\u00f1 kelecek sessiyas\u0131 ve k\u00fcn tertibindeki meseleler\",\"datePublished\":\"2012-07-17T19:08:00+00:00\",\"dateModified\":\"2022-01-21T19:09:25+00:00\",\"mainEntityOfPage\":{\"@id\":\"https:\\\/\\\/qtmm.org\\\/qt\\\/v-cagirilis-qirimtatar-halqi-qurultayinin-kelecek-sessiyasi-ve-kun-tertibindeki-meseleler\\\/\"},\"wordCount\":366,\"commentCount\":0,\"publisher\":{\"@id\":\"https:\\\/\\\/qtmm.org\\\/qt\\\/#organization\"},\"image\":{\"@id\":\"https:\\\/\\\/qtmm.org\\\/qt\\\/v-cagirilis-qirimtatar-halqi-qurultayinin-kelecek-sessiyasi-ve-kun-tertibindeki-meseleler\\\/#primaryimage\"},\"thumbnailUrl\":\"https:\\\/\\\/qtmm.org\\\/wp-content\\\/uploads\\\/2022\\\/01\\\/3_36.jpeg\",\"articleSection\":[\"Haberler\"],\"inLanguage\":\"qt\",\"potentialAction\":[{\"@type\":\"CommentAction\",\"name\":\"Comment\",\"target\":[\"https:\\\/\\\/qtmm.org\\\/qt\\\/v-cagirilis-qirimtatar-halqi-qurultayinin-kelecek-sessiyasi-ve-kun-tertibindeki-meseleler\\\/#respond\"]}]},{\"@type\":\"WebPage\",\"@id\":\"https:\\\/\\\/qtmm.org\\\/qt\\\/v-cagirilis-qirimtatar-halqi-qurultayinin-kelecek-sessiyasi-ve-kun-tertibindeki-meseleler\\\/\",\"url\":\"https:\\\/\\\/qtmm.org\\\/qt\\\/v-cagirilis-qirimtatar-halqi-qurultayinin-kelecek-sessiyasi-ve-kun-tertibindeki-meseleler\\\/\",\"name\":\"V \u00e7a\u011f\u0131r\u0131l\u0131\u015f Q\u0131r\u0131mtatar halq\u0131 Qurultay\u0131n\u0131\u00f1 kelecek sessiyas\u0131 ve k\u00fcn tertibindeki meseleler - \u041c\u0435\u0434\u0436\u043b\u0456\u0441\",\"isPartOf\":{\"@id\":\"https:\\\/\\\/qtmm.org\\\/qt\\\/#website\"},\"primaryImageOfPage\":{\"@id\":\"https:\\\/\\\/qtmm.org\\\/qt\\\/v-cagirilis-qirimtatar-halqi-qurultayinin-kelecek-sessiyasi-ve-kun-tertibindeki-meseleler\\\/#primaryimage\"},\"image\":{\"@id\":\"https:\\\/\\\/qtmm.org\\\/qt\\\/v-cagirilis-qirimtatar-halqi-qurultayinin-kelecek-sessiyasi-ve-kun-tertibindeki-meseleler\\\/#primaryimage\"},\"thumbnailUrl\":\"https:\\\/\\\/qtmm.org\\\/wp-content\\\/uploads\\\/2022\\\/01\\\/3_36.jpeg\",\"datePublished\":\"2012-07-17T19:08:00+00:00\",\"dateModified\":\"2022-01-21T19:09:25+00:00\",\"breadcrumb\":{\"@id\":\"https:\\\/\\\/qtmm.org\\\/qt\\\/v-cagirilis-qirimtatar-halqi-qurultayinin-kelecek-sessiyasi-ve-kun-tertibindeki-meseleler\\\/#breadcrumb\"},\"inLanguage\":\"qt\",\"potentialAction\":[{\"@type\":\"ReadAction\",\"target\":[\"https:\\\/\\\/qtmm.org\\\/qt\\\/v-cagirilis-qirimtatar-halqi-qurultayinin-kelecek-sessiyasi-ve-kun-tertibindeki-meseleler\\\/\"]}]},{\"@type\":\"ImageObject\",\"inLanguage\":\"qt\",\"@id\":\"https:\\\/\\\/qtmm.org\\\/qt\\\/v-cagirilis-qirimtatar-halqi-qurultayinin-kelecek-sessiyasi-ve-kun-tertibindeki-meseleler\\\/#primaryimage\",\"url\":\"https:\\\/\\\/qtmm.org\\\/wp-content\\\/uploads\\\/2022\\\/01\\\/3_36.jpeg\",\"contentUrl\":\"https:\\\/\\\/qtmm.org\\\/wp-content\\\/uploads\\\/2022\\\/01\\\/3_36.jpeg\",\"width\":650,\"height\":400},{\"@type\":\"BreadcrumbList\",\"@id\":\"https:\\\/\\\/qtmm.org\\\/qt\\\/v-cagirilis-qirimtatar-halqi-qurultayinin-kelecek-sessiyasi-ve-kun-tertibindeki-meseleler\\\/#breadcrumb\",\"itemListElement\":[{\"@type\":\"ListItem\",\"position\":1,\"name\":\"\u0413\u043e\u043b\u043e\u0432\u043d\u0430\",\"item\":\"https:\\\/\\\/qtmm.org\\\/qt\\\/\"},{\"@type\":\"ListItem\",\"position\":2,\"name\":\"V \u00e7a\u011f\u0131r\u0131l\u0131\u015f Q\u0131r\u0131mtatar halq\u0131 Qurultay\u0131n\u0131\u00f1 kelecek sessiyas\u0131 ve k\u00fcn tertibindeki meseleler\"}]},{\"@type\":\"WebSite\",\"@id\":\"https:\\\/\\\/qtmm.org\\\/qt\\\/#website\",\"url\":\"https:\\\/\\\/qtmm.org\\\/qt\\\/\",\"name\":\"\u041c\u0435\u0434\u0436\u043b\u0456\u0441\",\"description\":\"\",\"publisher\":{\"@id\":\"https:\\\/\\\/qtmm.org\\\/qt\\\/#organization\"},\"potentialAction\":[{\"@type\":\"SearchAction\",\"target\":{\"@type\":\"EntryPoint\",\"urlTemplate\":\"https:\\\/\\\/qtmm.org\\\/qt\\\/?s={search_term_string}\"},\"query-input\":{\"@type\":\"PropertyValueSpecification\",\"valueRequired\":true,\"valueName\":\"search_term_string\"}}],\"inLanguage\":\"qt\"},{\"@type\":\"Organization\",\"@id\":\"https:\\\/\\\/qtmm.org\\\/qt\\\/#organization\",\"name\":\"\u041c\u0435\u0434\u0436\u043b\u0456\u0441\",\"url\":\"https:\\\/\\\/qtmm.org\\\/qt\\\/\",\"logo\":{\"@type\":\"ImageObject\",\"inLanguage\":\"qt\",\"@id\":\"https:\\\/\\\/qtmm.org\\\/qt\\\/#\\\/schema\\\/logo\\\/image\\\/\",\"url\":\"https:\\\/\\\/qtmm.org\\\/wp-content\\\/uploads\\\/2024\\\/12\\\/ua-mejlis-logo-rgb.svg\",\"contentUrl\":\"https:\\\/\\\/qtmm.org\\\/wp-content\\\/uploads\\\/2024\\\/12\\\/ua-mejlis-logo-rgb.svg\",\"caption\":\"\u041c\u0435\u0434\u0436\u043b\u0456\u0441\"},\"image\":{\"@id\":\"https:\\\/\\\/qtmm.org\\\/qt\\\/#\\\/schema\\\/logo\\\/image\\\/\"},\"sameAs\":[\"https:\\\/\\\/www.facebook.com\\\/qtmm.info\\\/\"]},{\"@type\":\"Person\",\"@id\":\"https:\\\/\\\/qtmm.org\\\/qt\\\/#\\\/schema\\\/person\\\/de562469f971dec226ac06e60bbf74a7\",\"name\":\"Developer\",\"image\":{\"@type\":\"ImageObject\",\"inLanguage\":\"qt\",\"@id\":\"https:\\\/\\\/secure.gravatar.com\\\/avatar\\\/392b4cc8fbfeb00b39dfeeab4ee6edded39ffd48e25858637e4765810300227e?s=96&d=mm&r=g\",\"url\":\"https:\\\/\\\/secure.gravatar.com\\\/avatar\\\/392b4cc8fbfeb00b39dfeeab4ee6edded39ffd48e25858637e4765810300227e?s=96&d=mm&r=g\",\"contentUrl\":\"https:\\\/\\\/secure.gravatar.com\\\/avatar\\\/392b4cc8fbfeb00b39dfeeab4ee6edded39ffd48e25858637e4765810300227e?s=96&d=mm&r=g\",\"caption\":\"Developer\"},\"url\":\"https:\\\/\\\/qtmm.org\\\/qt\\\/author\\\/Developer\\\/\"}]}<\/script>\n<!-- \/ Yoast SEO plugin. -->","yoast_head_json":{"title":"V \u00e7a\u011f\u0131r\u0131l\u0131\u015f Q\u0131r\u0131mtatar halq\u0131 Qurultay\u0131n\u0131\u00f1 kelecek sessiyas\u0131 ve k\u00fcn tertibindeki meseleler - \u041c\u0435\u0434\u0436\u043b\u0456\u0441","robots":{"index":"index","follow":"follow","max-snippet":"max-snippet:-1","max-image-preview":"max-image-preview:large","max-video-preview":"max-video-preview:-1"},"canonical":"https:\/\/qtmm.org\/qt\/v-cagirilis-qirimtatar-halqi-qurultayinin-kelecek-sessiyasi-ve-kun-tertibindeki-meseleler\/","og_locale":"en_US","og_type":"article","og_title":"V \u00e7a\u011f\u0131r\u0131l\u0131\u015f Q\u0131r\u0131mtatar halq\u0131 Qurultay\u0131n\u0131\u00f1 kelecek sessiyas\u0131 ve k\u00fcn tertibindeki meseleler - \u041c\u0435\u0434\u0436\u043b\u0456\u0441","og_description":"2012 senesi iy\u00fcl 17-de 5-nci \u00e7a\u011f\u0131r\u0131l\u0131\u015f Qurultayn\u0131\u00f1 olacaq 4-nci sessiyas\u0131 arfesinde ol\u0131p ke\u00e7ken matbuat konferentsiyas\u0131nda Q\u0131r\u0131mtatar halq\u0131 Meclisi reisini\u00f1 birinci muavini Refat \u00c7ubarov V \u00e7a\u011f\u0131r\u0131l\u0131\u015f Q\u0131r\u0131mtatar halq\u0131 Qurultay\u0131n\u0131\u00f1 nevbetteki sessiya\u011fa az\u0131rl\u0131q, k\u00fcn tertibine qoyul\u011fan meseleler aqq\u0131nda ayt\u0131p, Ukraina ve Q\u0131r\u0131mdaki i\u00e7timaiy-siyasiy ayat\u0131na dair k\u00fcndelik adiseler boyunca suallerge cevap berdi. Q\u0131r\u0131mtatar halq\u0131 Meclisi reisini\u00f1 birinci muavini [&hellip;]","og_url":"https:\/\/qtmm.org\/qt\/v-cagirilis-qirimtatar-halqi-qurultayinin-kelecek-sessiyasi-ve-kun-tertibindeki-meseleler\/","og_site_name":"\u041c\u0435\u0434\u0436\u043b\u0456\u0441","article_publisher":"https:\/\/www.facebook.com\/qtmm.info\/","article_published_time":"2012-07-17T19:08:00+00:00","article_modified_time":"2022-01-21T19:09:25+00:00","og_image":[{"width":650,"height":400,"url":"https:\/\/qtmm.org\/wp-content\/uploads\/2022\/01\/3_36.jpeg","type":"image\/jpeg"}],"author":"Developer","twitter_card":"summary_large_image","twitter_misc":{"Written by":"Developer","Est. reading time":"2 minutes"},"schema":{"@context":"https:\/\/schema.org","@graph":[{"@type":"Article","@id":"https:\/\/qtmm.org\/qt\/v-cagirilis-qirimtatar-halqi-qurultayinin-kelecek-sessiyasi-ve-kun-tertibindeki-meseleler\/#article","isPartOf":{"@id":"https:\/\/qtmm.org\/qt\/v-cagirilis-qirimtatar-halqi-qurultayinin-kelecek-sessiyasi-ve-kun-tertibindeki-meseleler\/"},"author":{"name":"Developer","@id":"https:\/\/qtmm.org\/qt\/#\/schema\/person\/de562469f971dec226ac06e60bbf74a7"},"headline":"V \u00e7a\u011f\u0131r\u0131l\u0131\u015f Q\u0131r\u0131mtatar halq\u0131 Qurultay\u0131n\u0131\u00f1 kelecek sessiyas\u0131 ve k\u00fcn tertibindeki meseleler","datePublished":"2012-07-17T19:08:00+00:00","dateModified":"2022-01-21T19:09:25+00:00","mainEntityOfPage":{"@id":"https:\/\/qtmm.org\/qt\/v-cagirilis-qirimtatar-halqi-qurultayinin-kelecek-sessiyasi-ve-kun-tertibindeki-meseleler\/"},"wordCount":366,"commentCount":0,"publisher":{"@id":"https:\/\/qtmm.org\/qt\/#organization"},"image":{"@id":"https:\/\/qtmm.org\/qt\/v-cagirilis-qirimtatar-halqi-qurultayinin-kelecek-sessiyasi-ve-kun-tertibindeki-meseleler\/#primaryimage"},"thumbnailUrl":"https:\/\/qtmm.org\/wp-content\/uploads\/2022\/01\/3_36.jpeg","articleSection":["Haberler"],"inLanguage":"qt","potentialAction":[{"@type":"CommentAction","name":"Comment","target":["https:\/\/qtmm.org\/qt\/v-cagirilis-qirimtatar-halqi-qurultayinin-kelecek-sessiyasi-ve-kun-tertibindeki-meseleler\/#respond"]}]},{"@type":"WebPage","@id":"https:\/\/qtmm.org\/qt\/v-cagirilis-qirimtatar-halqi-qurultayinin-kelecek-sessiyasi-ve-kun-tertibindeki-meseleler\/","url":"https:\/\/qtmm.org\/qt\/v-cagirilis-qirimtatar-halqi-qurultayinin-kelecek-sessiyasi-ve-kun-tertibindeki-meseleler\/","name":"V \u00e7a\u011f\u0131r\u0131l\u0131\u015f Q\u0131r\u0131mtatar halq\u0131 Qurultay\u0131n\u0131\u00f1 kelecek sessiyas\u0131 ve k\u00fcn tertibindeki meseleler - \u041c\u0435\u0434\u0436\u043b\u0456\u0441","isPartOf":{"@id":"https:\/\/qtmm.org\/qt\/#website"},"primaryImageOfPage":{"@id":"https:\/\/qtmm.org\/qt\/v-cagirilis-qirimtatar-halqi-qurultayinin-kelecek-sessiyasi-ve-kun-tertibindeki-meseleler\/#primaryimage"},"image":{"@id":"https:\/\/qtmm.org\/qt\/v-cagirilis-qirimtatar-halqi-qurultayinin-kelecek-sessiyasi-ve-kun-tertibindeki-meseleler\/#primaryimage"},"thumbnailUrl":"https:\/\/qtmm.org\/wp-content\/uploads\/2022\/01\/3_36.jpeg","datePublished":"2012-07-17T19:08:00+00:00","dateModified":"2022-01-21T19:09:25+00:00","breadcrumb":{"@id":"https:\/\/qtmm.org\/qt\/v-cagirilis-qirimtatar-halqi-qurultayinin-kelecek-sessiyasi-ve-kun-tertibindeki-meseleler\/#breadcrumb"},"inLanguage":"qt","potentialAction":[{"@type":"ReadAction","target":["https:\/\/qtmm.org\/qt\/v-cagirilis-qirimtatar-halqi-qurultayinin-kelecek-sessiyasi-ve-kun-tertibindeki-meseleler\/"]}]},{"@type":"ImageObject","inLanguage":"qt","@id":"https:\/\/qtmm.org\/qt\/v-cagirilis-qirimtatar-halqi-qurultayinin-kelecek-sessiyasi-ve-kun-tertibindeki-meseleler\/#primaryimage","url":"https:\/\/qtmm.org\/wp-content\/uploads\/2022\/01\/3_36.jpeg","contentUrl":"https:\/\/qtmm.org\/wp-content\/uploads\/2022\/01\/3_36.jpeg","width":650,"height":400},{"@type":"BreadcrumbList","@id":"https:\/\/qtmm.org\/qt\/v-cagirilis-qirimtatar-halqi-qurultayinin-kelecek-sessiyasi-ve-kun-tertibindeki-meseleler\/#breadcrumb","itemListElement":[{"@type":"ListItem","position":1,"name":"\u0413\u043e\u043b\u043e\u0432\u043d\u0430","item":"https:\/\/qtmm.org\/qt\/"},{"@type":"ListItem","position":2,"name":"V \u00e7a\u011f\u0131r\u0131l\u0131\u015f Q\u0131r\u0131mtatar halq\u0131 Qurultay\u0131n\u0131\u00f1 kelecek sessiyas\u0131 ve k\u00fcn tertibindeki meseleler"}]},{"@type":"WebSite","@id":"https:\/\/qtmm.org\/qt\/#website","url":"https:\/\/qtmm.org\/qt\/","name":"\u041c\u0435\u0434\u0436\u043b\u0456\u0441","description":"","publisher":{"@id":"https:\/\/qtmm.org\/qt\/#organization"},"potentialAction":[{"@type":"SearchAction","target":{"@type":"EntryPoint","urlTemplate":"https:\/\/qtmm.org\/qt\/?s={search_term_string}"},"query-input":{"@type":"PropertyValueSpecification","valueRequired":true,"valueName":"search_term_string"}}],"inLanguage":"qt"},{"@type":"Organization","@id":"https:\/\/qtmm.org\/qt\/#organization","name":"\u041c\u0435\u0434\u0436\u043b\u0456\u0441","url":"https:\/\/qtmm.org\/qt\/","logo":{"@type":"ImageObject","inLanguage":"qt","@id":"https:\/\/qtmm.org\/qt\/#\/schema\/logo\/image\/","url":"https:\/\/qtmm.org\/wp-content\/uploads\/2024\/12\/ua-mejlis-logo-rgb.svg","contentUrl":"https:\/\/qtmm.org\/wp-content\/uploads\/2024\/12\/ua-mejlis-logo-rgb.svg","caption":"\u041c\u0435\u0434\u0436\u043b\u0456\u0441"},"image":{"@id":"https:\/\/qtmm.org\/qt\/#\/schema\/logo\/image\/"},"sameAs":["https:\/\/www.facebook.com\/qtmm.info\/"]},{"@type":"Person","@id":"https:\/\/qtmm.org\/qt\/#\/schema\/person\/de562469f971dec226ac06e60bbf74a7","name":"Developer","image":{"@type":"ImageObject","inLanguage":"qt","@id":"https:\/\/secure.gravatar.com\/avatar\/392b4cc8fbfeb00b39dfeeab4ee6edded39ffd48e25858637e4765810300227e?s=96&d=mm&r=g","url":"https:\/\/secure.gravatar.com\/avatar\/392b4cc8fbfeb00b39dfeeab4ee6edded39ffd48e25858637e4765810300227e?s=96&d=mm&r=g","contentUrl":"https:\/\/secure.gravatar.com\/avatar\/392b4cc8fbfeb00b39dfeeab4ee6edded39ffd48e25858637e4765810300227e?s=96&d=mm&r=g","caption":"Developer"},"url":"https:\/\/qtmm.org\/qt\/author\/Developer\/"}]}},"_links":{"self":[{"href":"https:\/\/qtmm.org\/qt\/wp-json\/wp\/v2\/posts\/32541","targetHints":{"allow":["GET"]}}],"collection":[{"href":"https:\/\/qtmm.org\/qt\/wp-json\/wp\/v2\/posts"}],"about":[{"href":"https:\/\/qtmm.org\/qt\/wp-json\/wp\/v2\/types\/post"}],"author":[{"embeddable":true,"href":"https:\/\/qtmm.org\/qt\/wp-json\/wp\/v2\/users\/1"}],"replies":[{"embeddable":true,"href":"https:\/\/qtmm.org\/qt\/wp-json\/wp\/v2\/comments?post=32541"}],"version-history":[{"count":1,"href":"https:\/\/qtmm.org\/qt\/wp-json\/wp\/v2\/posts\/32541\/revisions"}],"predecessor-version":[{"id":32553,"href":"https:\/\/qtmm.org\/qt\/wp-json\/wp\/v2\/posts\/32541\/revisions\/32553"}],"wp:featuredmedia":[{"embeddable":true,"href":"https:\/\/qtmm.org\/qt\/wp-json\/wp\/v2\/media\/32544"}],"wp:attachment":[{"href":"https:\/\/qtmm.org\/qt\/wp-json\/wp\/v2\/media?parent=32541"}],"wp:term":[{"taxonomy":"category","embeddable":true,"href":"https:\/\/qtmm.org\/qt\/wp-json\/wp\/v2\/categories?post=32541"},{"taxonomy":"post_tag","embeddable":true,"href":"https:\/\/qtmm.org\/qt\/wp-json\/wp\/v2\/tags?post=32541"}],"curies":[{"name":"wp","href":"https:\/\/api.w.org\/{rel}","templated":true}]}}