




{"id":32535,"date":"2012-07-16T22:07:00","date_gmt":"2012-07-16T19:07:00","guid":{"rendered":"http:\/\/qtmm.org\/?p=32535"},"modified":"2022-01-21T22:08:16","modified_gmt":"2022-01-21T19:08:16","slug":"mustafa-cemilev-regionlar-firqasinen-saylavaldi-birlik-qurmaqni-tusunmedik-cunki-ukraina-ve-qirim-inkisafinin-bir-coq-meselelerinde-fikirlerimiz-farqli-bazida-ise-qapa-qarsidir","status":"publish","type":"post","link":"https:\/\/qtmm.org\/qt\/mustafa-cemilev-regionlar-firqasinen-saylavaldi-birlik-qurmaqni-tusunmedik-cunki-ukraina-ve-qirim-inkisafinin-bir-coq-meselelerinde-fikirlerimiz-farqli-bazida-ise-qapa-qarsidir\/","title":{"rendered":"Mustafa Cemilev: \u00abRegionlar firqas\u0131nen saylavald\u0131 birlik qurmaqn\u0131 t\u00fc\u015f\u00fcnmedik, \u00e7\u00fcnki Ukraina ve Q\u0131r\u0131m inki\u015faf\u0131n\u0131\u00f1 bir \u00e7oq meselelerinde fikirlerimiz farql\u0131, baz\u0131da ise qapa-qar\u015f\u0131d\u0131r\u00bb"},"content":{"rendered":"\n<p>Bu aqta Q\u0131r\u0131mtatar halq\u0131 Meclisini\u00f1 reisi, Ukraina halq deputat\u0131 Mustafa Cemilev &#8220;Avdet&#8221; gazetas\u0131n\u0131\u00f1 suallerine cevap berirken &#8220;Batkiv\u015f\u00e7ina&#8221; firqas\u0131 Q\u0131r\u0131m b\u00f6l\u00fcgini\u00f1 ba\u015f\u0131 A. Sen\u00e7enkon\u0131\u00f1 Meclis ve Regionlar partiyas\u0131 i\u015fbirligi boyunca beyanat\u0131n\u0131 izaatla\u011fanda aytt\u0131.<\/p>\n\n\n\n<p>&#8220;Saylavlar boyunca, qaidemizge k\u00f6re, Q\u0131r\u0131mtatar halq\u0131n\u0131\u00f1 qurultay\u0131 qarar bere. Onda 250 delegat bar ve olar qararlarn\u0131 milliy menfaat ve olarn\u0131 sayla\u011fan semetde\u015flerini\u00f1 fikirlerini esapqa al\u0131p, qabul eteler. \u015eun\u0131\u00f1 i\u00e7\u00fcn de, so\u00f1ki yigirmi y\u0131lda \u00dckrianada saylavlar tecribesi \u015fun\u0131 k\u00f6stere, q\u0131r\u0131mtatarlarn\u0131\u00f1 \u00e7oqlu\u011f\u0131 \u00f6z Qurultay\u0131n\u0131\u00f1 qararlar\u0131na k\u00f6re saylay.<\/p>\n\n\n\n<p>Do\u011fru, q\u0131r\u0131mtatarlar i\u00e7inde temelli bir siyasiy noqtai-nazarlar\u0131 olma\u011fan ufaq gruppalar ol\u0131p, olar Qurultay tevsiyelerine qar\u015f\u0131 \u00e7\u0131qma\u011fa \u00e7a\u011f\u0131ralar. Olarn\u0131\u00f1 i\u015fi \u00f6yle, \u015fu yolnen ke\u00e7ineler, i\u015fte.<\/p>\n\n\n\n<p>Regionlar firqas\u0131nen saylavald\u0131 birlik qurmaqn\u0131 t\u00fc\u015f\u00fcnmedik, \u00e7\u00fcnki Ukraina ve Q\u0131r\u0131m inki\u015faf\u0131n\u0131\u00f1 bir \u00e7oq meselelerinde fikirlerimiz farql\u0131, baz\u0131da ise qapa-qar\u015f\u0131d\u0131r.<\/p>\n\n\n\n<p>L\u00e2kin, tahmin eteyik ki, Qurultay b\u00fct\u00fcn semetde\u015flerimizni Regionlar partiyas\u0131na rey bermege \u00e7a\u011f\u0131rsa, pek \u00e7oq q\u0131r\u0131mtatarlar\u0131 ayn\u0131 b\u00f6yle yapaca\u011f\u0131na i\u00e7 \u015f\u00fcbe yoqt\u0131r. \u00c7\u00fcnki q\u0131r\u0131mtatarlar vek\u00e2letli organ\u0131n\u0131\u00f1 reytingi pek y\u00fcksek \u2013 Razumkov merkezini\u00f1 mal\u00fcmatlar\u0131na k\u00f6re 82 fay\u0131z. Andrey Sen\u00e7enko Meclis itibar\u0131n\u0131 qay\u011f\u0131r\u011fan\u0131ndan memn\u00fcnmiz, amma raats\u0131zlanma\u011fa i\u00e7 bir t\u00fcrl\u00fc esas yoqt\u0131r&#8221;, &#8211; dedi Q\u0131r\u0131mtatar halq\u0131 Meclisini\u00f1 reisi, Ukraina halq deputat\u0131 Mustafa Cemilev<\/p>\n","protected":false},"excerpt":{"rendered":"<p>Bu aqta Q\u0131r\u0131mtatar halq\u0131 Meclisini\u00f1 reisi, Ukraina halq deputat\u0131 Mustafa Cemilev &#8220;Avdet&#8221; gazetas\u0131n\u0131\u00f1 suallerine cevap berirken &#8220;Batkiv\u015f\u00e7ina&#8221; firqas\u0131 Q\u0131r\u0131m b\u00f6l\u00fcgini\u00f1 ba\u015f\u0131 A. Sen\u00e7enkon\u0131\u00f1 Meclis ve Regionlar partiyas\u0131 i\u015fbirligi boyunca beyanat\u0131n\u0131 izaatla\u011fanda aytt\u0131. &#8220;Saylavlar boyunca, qaidemizge k\u00f6re, Q\u0131r\u0131mtatar halq\u0131n\u0131\u00f1 qurultay\u0131 qarar bere. Onda 250 delegat bar ve olar qararlarn\u0131 milliy menfaat ve olarn\u0131 sayla\u011fan semetde\u015flerini\u00f1 fikirlerini [&hellip;]<\/p>\n","protected":false},"author":1,"featured_media":0,"comment_status":"open","ping_status":"open","sticky":false,"template":"","format":"standard","meta":{"inline_featured_image":false,"footnotes":""},"categories":[265],"tags":[],"class_list":["post-32535","post","type-post","status-publish","format-standard","hentry","category-haberler"],"acf":[],"yoast_head":"<!-- This site is optimized with the Yoast SEO plugin v27.4 - https:\/\/yoast.com\/product\/yoast-seo-wordpress\/ -->\n<title>Mustafa Cemilev: \u00abRegionlar firqas\u0131nen saylavald\u0131 birlik qurmaqn\u0131 t\u00fc\u015f\u00fcnmedik, \u00e7\u00fcnki Ukraina ve Q\u0131r\u0131m inki\u015faf\u0131n\u0131\u00f1 bir \u00e7oq meselelerinde fikirlerimiz farql\u0131, baz\u0131da ise qapa-qar\u015f\u0131d\u0131r\u00bb - \u041c\u0435\u0434\u0436\u043b\u0456\u0441<\/title>\n<meta name=\"robots\" content=\"index, follow, max-snippet:-1, max-image-preview:large, max-video-preview:-1\" \/>\n<link rel=\"canonical\" href=\"https:\/\/qtmm.org\/qt\/mustafa-cemilev-regionlar-firqasinen-saylavaldi-birlik-qurmaqni-tusunmedik-cunki-ukraina-ve-qirim-inkisafinin-bir-coq-meselelerinde-fikirlerimiz-farqli-bazida-ise-qapa-qarsidir\/\" \/>\n<meta property=\"og:locale\" content=\"en_US\" \/>\n<meta property=\"og:type\" content=\"article\" \/>\n<meta property=\"og:title\" content=\"Mustafa Cemilev: \u00abRegionlar firqas\u0131nen saylavald\u0131 birlik qurmaqn\u0131 t\u00fc\u015f\u00fcnmedik, \u00e7\u00fcnki Ukraina ve Q\u0131r\u0131m inki\u015faf\u0131n\u0131\u00f1 bir \u00e7oq meselelerinde fikirlerimiz farql\u0131, baz\u0131da ise qapa-qar\u015f\u0131d\u0131r\u00bb - \u041c\u0435\u0434\u0436\u043b\u0456\u0441\" \/>\n<meta property=\"og:description\" content=\"Bu aqta Q\u0131r\u0131mtatar halq\u0131 Meclisini\u00f1 reisi, Ukraina halq deputat\u0131 Mustafa Cemilev &#8220;Avdet&#8221; gazetas\u0131n\u0131\u00f1 suallerine cevap berirken &#8220;Batkiv\u015f\u00e7ina&#8221; firqas\u0131 Q\u0131r\u0131m b\u00f6l\u00fcgini\u00f1 ba\u015f\u0131 A. Sen\u00e7enkon\u0131\u00f1 Meclis ve Regionlar partiyas\u0131 i\u015fbirligi boyunca beyanat\u0131n\u0131 izaatla\u011fanda aytt\u0131. &#8220;Saylavlar boyunca, qaidemizge k\u00f6re, Q\u0131r\u0131mtatar halq\u0131n\u0131\u00f1 qurultay\u0131 qarar bere. Onda 250 delegat bar ve olar qararlarn\u0131 milliy menfaat ve olarn\u0131 sayla\u011fan semetde\u015flerini\u00f1 fikirlerini [&hellip;]\" \/>\n<meta property=\"og:url\" content=\"https:\/\/qtmm.org\/qt\/mustafa-cemilev-regionlar-firqasinen-saylavaldi-birlik-qurmaqni-tusunmedik-cunki-ukraina-ve-qirim-inkisafinin-bir-coq-meselelerinde-fikirlerimiz-farqli-bazida-ise-qapa-qarsidir\/\" \/>\n<meta property=\"og:site_name\" content=\"\u041c\u0435\u0434\u0436\u043b\u0456\u0441\" \/>\n<meta property=\"article:publisher\" content=\"https:\/\/www.facebook.com\/qtmm.info\/\" \/>\n<meta property=\"article:published_time\" content=\"2012-07-16T19:07:00+00:00\" \/>\n<meta property=\"article:modified_time\" content=\"2022-01-21T19:08:16+00:00\" \/>\n<meta name=\"author\" content=\"Developer\" \/>\n<meta name=\"twitter:card\" content=\"summary_large_image\" \/>\n<meta name=\"twitter:label1\" content=\"Written by\" \/>\n\t<meta name=\"twitter:data1\" content=\"Developer\" \/>\n\t<meta name=\"twitter:label2\" content=\"Est. reading time\" \/>\n\t<meta name=\"twitter:data2\" content=\"1 minute\" \/>\n<script type=\"application\/ld+json\" class=\"yoast-schema-graph\">{\"@context\":\"https:\\\/\\\/schema.org\",\"@graph\":[{\"@type\":\"Article\",\"@id\":\"https:\\\/\\\/qtmm.org\\\/qt\\\/mustafa-cemilev-regionlar-firqasinen-saylavaldi-birlik-qurmaqni-tusunmedik-cunki-ukraina-ve-qirim-inkisafinin-bir-coq-meselelerinde-fikirlerimiz-farqli-bazida-ise-qapa-qarsidir\\\/#article\",\"isPartOf\":{\"@id\":\"https:\\\/\\\/qtmm.org\\\/qt\\\/mustafa-cemilev-regionlar-firqasinen-saylavaldi-birlik-qurmaqni-tusunmedik-cunki-ukraina-ve-qirim-inkisafinin-bir-coq-meselelerinde-fikirlerimiz-farqli-bazida-ise-qapa-qarsidir\\\/\"},\"author\":{\"name\":\"Developer\",\"@id\":\"https:\\\/\\\/qtmm.org\\\/qt\\\/#\\\/schema\\\/person\\\/de562469f971dec226ac06e60bbf74a7\"},\"headline\":\"Mustafa Cemilev: \u00abRegionlar firqas\u0131nen saylavald\u0131 birlik qurmaqn\u0131 t\u00fc\u015f\u00fcnmedik, \u00e7\u00fcnki Ukraina ve Q\u0131r\u0131m inki\u015faf\u0131n\u0131\u00f1 bir \u00e7oq meselelerinde fikirlerimiz farql\u0131, baz\u0131da ise qapa-qar\u015f\u0131d\u0131r\u00bb\",\"datePublished\":\"2012-07-16T19:07:00+00:00\",\"dateModified\":\"2022-01-21T19:08:16+00:00\",\"mainEntityOfPage\":{\"@id\":\"https:\\\/\\\/qtmm.org\\\/qt\\\/mustafa-cemilev-regionlar-firqasinen-saylavaldi-birlik-qurmaqni-tusunmedik-cunki-ukraina-ve-qirim-inkisafinin-bir-coq-meselelerinde-fikirlerimiz-farqli-bazida-ise-qapa-qarsidir\\\/\"},\"wordCount\":286,\"commentCount\":0,\"publisher\":{\"@id\":\"https:\\\/\\\/qtmm.org\\\/qt\\\/#organization\"},\"articleSection\":[\"Haberler\"],\"inLanguage\":\"qt\",\"potentialAction\":[{\"@type\":\"CommentAction\",\"name\":\"Comment\",\"target\":[\"https:\\\/\\\/qtmm.org\\\/qt\\\/mustafa-cemilev-regionlar-firqasinen-saylavaldi-birlik-qurmaqni-tusunmedik-cunki-ukraina-ve-qirim-inkisafinin-bir-coq-meselelerinde-fikirlerimiz-farqli-bazida-ise-qapa-qarsidir\\\/#respond\"]}]},{\"@type\":\"WebPage\",\"@id\":\"https:\\\/\\\/qtmm.org\\\/qt\\\/mustafa-cemilev-regionlar-firqasinen-saylavaldi-birlik-qurmaqni-tusunmedik-cunki-ukraina-ve-qirim-inkisafinin-bir-coq-meselelerinde-fikirlerimiz-farqli-bazida-ise-qapa-qarsidir\\\/\",\"url\":\"https:\\\/\\\/qtmm.org\\\/qt\\\/mustafa-cemilev-regionlar-firqasinen-saylavaldi-birlik-qurmaqni-tusunmedik-cunki-ukraina-ve-qirim-inkisafinin-bir-coq-meselelerinde-fikirlerimiz-farqli-bazida-ise-qapa-qarsidir\\\/\",\"name\":\"Mustafa Cemilev: \u00abRegionlar firqas\u0131nen saylavald\u0131 birlik qurmaqn\u0131 t\u00fc\u015f\u00fcnmedik, \u00e7\u00fcnki Ukraina ve Q\u0131r\u0131m inki\u015faf\u0131n\u0131\u00f1 bir \u00e7oq meselelerinde fikirlerimiz farql\u0131, baz\u0131da ise qapa-qar\u015f\u0131d\u0131r\u00bb - \u041c\u0435\u0434\u0436\u043b\u0456\u0441\",\"isPartOf\":{\"@id\":\"https:\\\/\\\/qtmm.org\\\/qt\\\/#website\"},\"datePublished\":\"2012-07-16T19:07:00+00:00\",\"dateModified\":\"2022-01-21T19:08:16+00:00\",\"breadcrumb\":{\"@id\":\"https:\\\/\\\/qtmm.org\\\/qt\\\/mustafa-cemilev-regionlar-firqasinen-saylavaldi-birlik-qurmaqni-tusunmedik-cunki-ukraina-ve-qirim-inkisafinin-bir-coq-meselelerinde-fikirlerimiz-farqli-bazida-ise-qapa-qarsidir\\\/#breadcrumb\"},\"inLanguage\":\"qt\",\"potentialAction\":[{\"@type\":\"ReadAction\",\"target\":[\"https:\\\/\\\/qtmm.org\\\/qt\\\/mustafa-cemilev-regionlar-firqasinen-saylavaldi-birlik-qurmaqni-tusunmedik-cunki-ukraina-ve-qirim-inkisafinin-bir-coq-meselelerinde-fikirlerimiz-farqli-bazida-ise-qapa-qarsidir\\\/\"]}]},{\"@type\":\"BreadcrumbList\",\"@id\":\"https:\\\/\\\/qtmm.org\\\/qt\\\/mustafa-cemilev-regionlar-firqasinen-saylavaldi-birlik-qurmaqni-tusunmedik-cunki-ukraina-ve-qirim-inkisafinin-bir-coq-meselelerinde-fikirlerimiz-farqli-bazida-ise-qapa-qarsidir\\\/#breadcrumb\",\"itemListElement\":[{\"@type\":\"ListItem\",\"position\":1,\"name\":\"\u0413\u043e\u043b\u043e\u0432\u043d\u0430\",\"item\":\"https:\\\/\\\/qtmm.org\\\/qt\\\/\"},{\"@type\":\"ListItem\",\"position\":2,\"name\":\"Mustafa Cemilev: \u00abRegionlar firqas\u0131nen saylavald\u0131 birlik qurmaqn\u0131 t\u00fc\u015f\u00fcnmedik, \u00e7\u00fcnki Ukraina ve Q\u0131r\u0131m inki\u015faf\u0131n\u0131\u00f1 bir \u00e7oq meselelerinde fikirlerimiz farql\u0131, baz\u0131da ise qapa-qar\u015f\u0131d\u0131r\u00bb\"}]},{\"@type\":\"WebSite\",\"@id\":\"https:\\\/\\\/qtmm.org\\\/qt\\\/#website\",\"url\":\"https:\\\/\\\/qtmm.org\\\/qt\\\/\",\"name\":\"\u041c\u0435\u0434\u0436\u043b\u0456\u0441\",\"description\":\"\",\"publisher\":{\"@id\":\"https:\\\/\\\/qtmm.org\\\/qt\\\/#organization\"},\"potentialAction\":[{\"@type\":\"SearchAction\",\"target\":{\"@type\":\"EntryPoint\",\"urlTemplate\":\"https:\\\/\\\/qtmm.org\\\/qt\\\/?s={search_term_string}\"},\"query-input\":{\"@type\":\"PropertyValueSpecification\",\"valueRequired\":true,\"valueName\":\"search_term_string\"}}],\"inLanguage\":\"qt\"},{\"@type\":\"Organization\",\"@id\":\"https:\\\/\\\/qtmm.org\\\/qt\\\/#organization\",\"name\":\"\u041c\u0435\u0434\u0436\u043b\u0456\u0441\",\"url\":\"https:\\\/\\\/qtmm.org\\\/qt\\\/\",\"logo\":{\"@type\":\"ImageObject\",\"inLanguage\":\"qt\",\"@id\":\"https:\\\/\\\/qtmm.org\\\/qt\\\/#\\\/schema\\\/logo\\\/image\\\/\",\"url\":\"https:\\\/\\\/qtmm.org\\\/wp-content\\\/uploads\\\/2024\\\/12\\\/ua-mejlis-logo-rgb.svg\",\"contentUrl\":\"https:\\\/\\\/qtmm.org\\\/wp-content\\\/uploads\\\/2024\\\/12\\\/ua-mejlis-logo-rgb.svg\",\"caption\":\"\u041c\u0435\u0434\u0436\u043b\u0456\u0441\"},\"image\":{\"@id\":\"https:\\\/\\\/qtmm.org\\\/qt\\\/#\\\/schema\\\/logo\\\/image\\\/\"},\"sameAs\":[\"https:\\\/\\\/www.facebook.com\\\/qtmm.info\\\/\"]},{\"@type\":\"Person\",\"@id\":\"https:\\\/\\\/qtmm.org\\\/qt\\\/#\\\/schema\\\/person\\\/de562469f971dec226ac06e60bbf74a7\",\"name\":\"Developer\",\"image\":{\"@type\":\"ImageObject\",\"inLanguage\":\"qt\",\"@id\":\"https:\\\/\\\/secure.gravatar.com\\\/avatar\\\/392b4cc8fbfeb00b39dfeeab4ee6edded39ffd48e25858637e4765810300227e?s=96&d=mm&r=g\",\"url\":\"https:\\\/\\\/secure.gravatar.com\\\/avatar\\\/392b4cc8fbfeb00b39dfeeab4ee6edded39ffd48e25858637e4765810300227e?s=96&d=mm&r=g\",\"contentUrl\":\"https:\\\/\\\/secure.gravatar.com\\\/avatar\\\/392b4cc8fbfeb00b39dfeeab4ee6edded39ffd48e25858637e4765810300227e?s=96&d=mm&r=g\",\"caption\":\"Developer\"},\"url\":\"https:\\\/\\\/qtmm.org\\\/qt\\\/author\\\/Developer\\\/\"}]}<\/script>\n<!-- \/ Yoast SEO plugin. -->","yoast_head_json":{"title":"Mustafa Cemilev: \u00abRegionlar firqas\u0131nen saylavald\u0131 birlik qurmaqn\u0131 t\u00fc\u015f\u00fcnmedik, \u00e7\u00fcnki Ukraina ve Q\u0131r\u0131m inki\u015faf\u0131n\u0131\u00f1 bir \u00e7oq meselelerinde fikirlerimiz farql\u0131, baz\u0131da ise qapa-qar\u015f\u0131d\u0131r\u00bb - \u041c\u0435\u0434\u0436\u043b\u0456\u0441","robots":{"index":"index","follow":"follow","max-snippet":"max-snippet:-1","max-image-preview":"max-image-preview:large","max-video-preview":"max-video-preview:-1"},"canonical":"https:\/\/qtmm.org\/qt\/mustafa-cemilev-regionlar-firqasinen-saylavaldi-birlik-qurmaqni-tusunmedik-cunki-ukraina-ve-qirim-inkisafinin-bir-coq-meselelerinde-fikirlerimiz-farqli-bazida-ise-qapa-qarsidir\/","og_locale":"en_US","og_type":"article","og_title":"Mustafa Cemilev: \u00abRegionlar firqas\u0131nen saylavald\u0131 birlik qurmaqn\u0131 t\u00fc\u015f\u00fcnmedik, \u00e7\u00fcnki Ukraina ve Q\u0131r\u0131m inki\u015faf\u0131n\u0131\u00f1 bir \u00e7oq meselelerinde fikirlerimiz farql\u0131, baz\u0131da ise qapa-qar\u015f\u0131d\u0131r\u00bb - \u041c\u0435\u0434\u0436\u043b\u0456\u0441","og_description":"Bu aqta Q\u0131r\u0131mtatar halq\u0131 Meclisini\u00f1 reisi, Ukraina halq deputat\u0131 Mustafa Cemilev &#8220;Avdet&#8221; gazetas\u0131n\u0131\u00f1 suallerine cevap berirken &#8220;Batkiv\u015f\u00e7ina&#8221; firqas\u0131 Q\u0131r\u0131m b\u00f6l\u00fcgini\u00f1 ba\u015f\u0131 A. Sen\u00e7enkon\u0131\u00f1 Meclis ve Regionlar partiyas\u0131 i\u015fbirligi boyunca beyanat\u0131n\u0131 izaatla\u011fanda aytt\u0131. &#8220;Saylavlar boyunca, qaidemizge k\u00f6re, Q\u0131r\u0131mtatar halq\u0131n\u0131\u00f1 qurultay\u0131 qarar bere. Onda 250 delegat bar ve olar qararlarn\u0131 milliy menfaat ve olarn\u0131 sayla\u011fan semetde\u015flerini\u00f1 fikirlerini [&hellip;]","og_url":"https:\/\/qtmm.org\/qt\/mustafa-cemilev-regionlar-firqasinen-saylavaldi-birlik-qurmaqni-tusunmedik-cunki-ukraina-ve-qirim-inkisafinin-bir-coq-meselelerinde-fikirlerimiz-farqli-bazida-ise-qapa-qarsidir\/","og_site_name":"\u041c\u0435\u0434\u0436\u043b\u0456\u0441","article_publisher":"https:\/\/www.facebook.com\/qtmm.info\/","article_published_time":"2012-07-16T19:07:00+00:00","article_modified_time":"2022-01-21T19:08:16+00:00","author":"Developer","twitter_card":"summary_large_image","twitter_misc":{"Written by":"Developer","Est. reading time":"1 minute"},"schema":{"@context":"https:\/\/schema.org","@graph":[{"@type":"Article","@id":"https:\/\/qtmm.org\/qt\/mustafa-cemilev-regionlar-firqasinen-saylavaldi-birlik-qurmaqni-tusunmedik-cunki-ukraina-ve-qirim-inkisafinin-bir-coq-meselelerinde-fikirlerimiz-farqli-bazida-ise-qapa-qarsidir\/#article","isPartOf":{"@id":"https:\/\/qtmm.org\/qt\/mustafa-cemilev-regionlar-firqasinen-saylavaldi-birlik-qurmaqni-tusunmedik-cunki-ukraina-ve-qirim-inkisafinin-bir-coq-meselelerinde-fikirlerimiz-farqli-bazida-ise-qapa-qarsidir\/"},"author":{"name":"Developer","@id":"https:\/\/qtmm.org\/qt\/#\/schema\/person\/de562469f971dec226ac06e60bbf74a7"},"headline":"Mustafa Cemilev: \u00abRegionlar firqas\u0131nen saylavald\u0131 birlik qurmaqn\u0131 t\u00fc\u015f\u00fcnmedik, \u00e7\u00fcnki Ukraina ve Q\u0131r\u0131m inki\u015faf\u0131n\u0131\u00f1 bir \u00e7oq meselelerinde fikirlerimiz farql\u0131, baz\u0131da ise qapa-qar\u015f\u0131d\u0131r\u00bb","datePublished":"2012-07-16T19:07:00+00:00","dateModified":"2022-01-21T19:08:16+00:00","mainEntityOfPage":{"@id":"https:\/\/qtmm.org\/qt\/mustafa-cemilev-regionlar-firqasinen-saylavaldi-birlik-qurmaqni-tusunmedik-cunki-ukraina-ve-qirim-inkisafinin-bir-coq-meselelerinde-fikirlerimiz-farqli-bazida-ise-qapa-qarsidir\/"},"wordCount":286,"commentCount":0,"publisher":{"@id":"https:\/\/qtmm.org\/qt\/#organization"},"articleSection":["Haberler"],"inLanguage":"qt","potentialAction":[{"@type":"CommentAction","name":"Comment","target":["https:\/\/qtmm.org\/qt\/mustafa-cemilev-regionlar-firqasinen-saylavaldi-birlik-qurmaqni-tusunmedik-cunki-ukraina-ve-qirim-inkisafinin-bir-coq-meselelerinde-fikirlerimiz-farqli-bazida-ise-qapa-qarsidir\/#respond"]}]},{"@type":"WebPage","@id":"https:\/\/qtmm.org\/qt\/mustafa-cemilev-regionlar-firqasinen-saylavaldi-birlik-qurmaqni-tusunmedik-cunki-ukraina-ve-qirim-inkisafinin-bir-coq-meselelerinde-fikirlerimiz-farqli-bazida-ise-qapa-qarsidir\/","url":"https:\/\/qtmm.org\/qt\/mustafa-cemilev-regionlar-firqasinen-saylavaldi-birlik-qurmaqni-tusunmedik-cunki-ukraina-ve-qirim-inkisafinin-bir-coq-meselelerinde-fikirlerimiz-farqli-bazida-ise-qapa-qarsidir\/","name":"Mustafa Cemilev: \u00abRegionlar firqas\u0131nen saylavald\u0131 birlik qurmaqn\u0131 t\u00fc\u015f\u00fcnmedik, \u00e7\u00fcnki Ukraina ve Q\u0131r\u0131m inki\u015faf\u0131n\u0131\u00f1 bir \u00e7oq meselelerinde fikirlerimiz farql\u0131, baz\u0131da ise qapa-qar\u015f\u0131d\u0131r\u00bb - \u041c\u0435\u0434\u0436\u043b\u0456\u0441","isPartOf":{"@id":"https:\/\/qtmm.org\/qt\/#website"},"datePublished":"2012-07-16T19:07:00+00:00","dateModified":"2022-01-21T19:08:16+00:00","breadcrumb":{"@id":"https:\/\/qtmm.org\/qt\/mustafa-cemilev-regionlar-firqasinen-saylavaldi-birlik-qurmaqni-tusunmedik-cunki-ukraina-ve-qirim-inkisafinin-bir-coq-meselelerinde-fikirlerimiz-farqli-bazida-ise-qapa-qarsidir\/#breadcrumb"},"inLanguage":"qt","potentialAction":[{"@type":"ReadAction","target":["https:\/\/qtmm.org\/qt\/mustafa-cemilev-regionlar-firqasinen-saylavaldi-birlik-qurmaqni-tusunmedik-cunki-ukraina-ve-qirim-inkisafinin-bir-coq-meselelerinde-fikirlerimiz-farqli-bazida-ise-qapa-qarsidir\/"]}]},{"@type":"BreadcrumbList","@id":"https:\/\/qtmm.org\/qt\/mustafa-cemilev-regionlar-firqasinen-saylavaldi-birlik-qurmaqni-tusunmedik-cunki-ukraina-ve-qirim-inkisafinin-bir-coq-meselelerinde-fikirlerimiz-farqli-bazida-ise-qapa-qarsidir\/#breadcrumb","itemListElement":[{"@type":"ListItem","position":1,"name":"\u0413\u043e\u043b\u043e\u0432\u043d\u0430","item":"https:\/\/qtmm.org\/qt\/"},{"@type":"ListItem","position":2,"name":"Mustafa Cemilev: \u00abRegionlar firqas\u0131nen saylavald\u0131 birlik qurmaqn\u0131 t\u00fc\u015f\u00fcnmedik, \u00e7\u00fcnki Ukraina ve Q\u0131r\u0131m inki\u015faf\u0131n\u0131\u00f1 bir \u00e7oq meselelerinde fikirlerimiz farql\u0131, baz\u0131da ise qapa-qar\u015f\u0131d\u0131r\u00bb"}]},{"@type":"WebSite","@id":"https:\/\/qtmm.org\/qt\/#website","url":"https:\/\/qtmm.org\/qt\/","name":"\u041c\u0435\u0434\u0436\u043b\u0456\u0441","description":"","publisher":{"@id":"https:\/\/qtmm.org\/qt\/#organization"},"potentialAction":[{"@type":"SearchAction","target":{"@type":"EntryPoint","urlTemplate":"https:\/\/qtmm.org\/qt\/?s={search_term_string}"},"query-input":{"@type":"PropertyValueSpecification","valueRequired":true,"valueName":"search_term_string"}}],"inLanguage":"qt"},{"@type":"Organization","@id":"https:\/\/qtmm.org\/qt\/#organization","name":"\u041c\u0435\u0434\u0436\u043b\u0456\u0441","url":"https:\/\/qtmm.org\/qt\/","logo":{"@type":"ImageObject","inLanguage":"qt","@id":"https:\/\/qtmm.org\/qt\/#\/schema\/logo\/image\/","url":"https:\/\/qtmm.org\/wp-content\/uploads\/2024\/12\/ua-mejlis-logo-rgb.svg","contentUrl":"https:\/\/qtmm.org\/wp-content\/uploads\/2024\/12\/ua-mejlis-logo-rgb.svg","caption":"\u041c\u0435\u0434\u0436\u043b\u0456\u0441"},"image":{"@id":"https:\/\/qtmm.org\/qt\/#\/schema\/logo\/image\/"},"sameAs":["https:\/\/www.facebook.com\/qtmm.info\/"]},{"@type":"Person","@id":"https:\/\/qtmm.org\/qt\/#\/schema\/person\/de562469f971dec226ac06e60bbf74a7","name":"Developer","image":{"@type":"ImageObject","inLanguage":"qt","@id":"https:\/\/secure.gravatar.com\/avatar\/392b4cc8fbfeb00b39dfeeab4ee6edded39ffd48e25858637e4765810300227e?s=96&d=mm&r=g","url":"https:\/\/secure.gravatar.com\/avatar\/392b4cc8fbfeb00b39dfeeab4ee6edded39ffd48e25858637e4765810300227e?s=96&d=mm&r=g","contentUrl":"https:\/\/secure.gravatar.com\/avatar\/392b4cc8fbfeb00b39dfeeab4ee6edded39ffd48e25858637e4765810300227e?s=96&d=mm&r=g","caption":"Developer"},"url":"https:\/\/qtmm.org\/qt\/author\/Developer\/"}]}},"_links":{"self":[{"href":"https:\/\/qtmm.org\/qt\/wp-json\/wp\/v2\/posts\/32535","targetHints":{"allow":["GET"]}}],"collection":[{"href":"https:\/\/qtmm.org\/qt\/wp-json\/wp\/v2\/posts"}],"about":[{"href":"https:\/\/qtmm.org\/qt\/wp-json\/wp\/v2\/types\/post"}],"author":[{"embeddable":true,"href":"https:\/\/qtmm.org\/qt\/wp-json\/wp\/v2\/users\/1"}],"replies":[{"embeddable":true,"href":"https:\/\/qtmm.org\/qt\/wp-json\/wp\/v2\/comments?post=32535"}],"version-history":[{"count":1,"href":"https:\/\/qtmm.org\/qt\/wp-json\/wp\/v2\/posts\/32535\/revisions"}],"predecessor-version":[{"id":32540,"href":"https:\/\/qtmm.org\/qt\/wp-json\/wp\/v2\/posts\/32535\/revisions\/32540"}],"wp:attachment":[{"href":"https:\/\/qtmm.org\/qt\/wp-json\/wp\/v2\/media?parent=32535"}],"wp:term":[{"taxonomy":"category","embeddable":true,"href":"https:\/\/qtmm.org\/qt\/wp-json\/wp\/v2\/categories?post=32535"},{"taxonomy":"post_tag","embeddable":true,"href":"https:\/\/qtmm.org\/qt\/wp-json\/wp\/v2\/tags?post=32535"}],"curies":[{"name":"wp","href":"https:\/\/api.w.org\/{rel}","templated":true}]}}