




{"id":32459,"date":"2012-07-12T22:05:00","date_gmt":"2012-07-12T19:05:00","guid":{"rendered":"http:\/\/qtmm.org\/?p=32459"},"modified":"2022-01-21T22:07:38","modified_gmt":"2022-01-21T19:07:38","slug":"aqmescitte-samil-aladinnin-serefine-hatira-tahtasi-qoyuldi","status":"publish","type":"post","link":"https:\/\/qtmm.org\/qt\/aqmescitte-samil-aladinnin-serefine-hatira-tahtasi-qoyuldi\/","title":{"rendered":"Aqmescitte \u015eamil Al\u00e2dinni\u00f1 \u015ferefine hat\u0131ra tahtas\u0131 qoyuld\u0131"},"content":{"rendered":"\n<p>Aqmescit \u015feeri Jukovskiy soqa\u011f\u0131nda belli q\u0131r\u0131mtatar yaz\u0131c\u0131s\u0131 ve cemaat erbab\u0131 \u015eamiL Al\u00e2din ya\u015fa\u011fan ve icat etken 20-nci evde 2012 senesi iy\u00fcl 12 k\u00fcn\u00fc on\u0131\u00f1 \u015ferefine hat\u0131ra tahtas\u0131n\u0131 qoyuv merasimi ke\u00e7irildi. Tedbir \u015eamil Al\u00e2din do\u011f\u011fan\u0131n\u0131\u00f1 100 y\u0131ll\u0131\u011f\u0131na ba\u011f\u0131\u015flan\u011fan tedbirlerni\u00f1 birincisidir.<\/p>\n\n\n\n<p>Hat\u0131ra tahtas\u0131n\u0131\u00f1 a\u00e7\u0131l\u0131\u015f merasiminde \u015eamil Al\u00e2dinni\u00f1 q\u0131z\u0131 Leyl\u00e2 ailesinen, Q\u0131r\u0131mtatar halq\u0131 Meclisini\u00f1 azalar\u0131, Q\u0131r\u0131m Milletlerara munasebetler ve s\u00fcrg\u00fcn etilgen grajdanlarn\u0131\u00f1 i\u015fleri boyunca komitet reisi Edem Dudakov, Q\u0131r\u0131m Yuqar\u0131 \u015euras\u0131n\u0131\u00f1 vekilleri, &#8220;Qr\u0131m&#8221; fond\u0131&#8221; hayriye te\u015fkil\u00e2t\u0131n\u0131\u00f1 ba\u015f m\u00fcdiri Riza \u015eevkiyev, Kebir camini\u00f1 imam\u0131 Niyazi Ramazanov, Amerikadan Q\u0131r\u0131m\u011fa kelgen belli q\u0131r\u0131mtatar aktrisas\u0131 Ay\u015fe Dittanova, bun\u0131\u00f1 kibi de q\u0131r\u0131mtatar cemaat\u00e7\u0131l\u0131\u011f\u0131n\u0131\u00f1 vekilleri i\u015ftirak ettiler.<\/p>\n\n\n\n<p>Meclisni\u00f1 Maarif ve medeniyet idaresini\u00f1 ba\u015f\u0131 Safure Kacametova \u015eamil Al\u00e2dinni\u00f1 ailesi, aqrabalar\u0131 ve tedbir i\u015ftirak\u00e7ilerini b\u00fcy\u00fck q\u0131r\u0131mtatar yaz\u0131c\u0131s\u0131 ya\u015fa\u011fan evde hat\u0131ra tahtas\u0131n\u0131\u00f1 qoyulmas\u0131nen samimiy tebrik etti. &#8220;\u015eamil Al\u00e2din \u00f6z halq\u0131 i\u00e7\u00fcn yapt\u0131qlar\u0131n\u0131 unutma\u011fa aqq\u0131m\u0131z yoqt\u0131r&#8221;, &#8211; dedi Safure Kacametova.<\/p>\n\n\n\n<p>Safure Kacametova hat\u0131ra tahtas\u0131n\u0131 qoyuv i\u015fine isse qo\u015fqan, babas\u0131n\u0131\u00f1 fond\u0131n\u0131 qur\u0131p, o\u00f1a reislik yapqan Leyl\u00e2 Al\u00e2dinge de b\u00fcy\u00fck te\u015fekk\u00fcrlerini bildirdi.<\/p>\n\n\n\n<p>\u00d6z nevbetinde Q\u0131r\u0131m Yuqar\u0131 \u015euras\u0131 daimiy komissiyas\u0131n\u0131\u00f1 reisi Sergey Tsekov da bu tedbirge davet etilgeni i\u00e7\u00fcn minnetdarl\u0131q bildirip, Q\u0131r\u0131m sakinleri yal\u0131\u00f1\u0131z \u00f6z tillerinde yaz\u0131l\u011fan eserlerni degil de, diger tillerde yarat\u0131l\u011fan edebiyatn\u0131 da bilmek kerekler, dedi. \u015eamil Al\u00e2din tek q\u0131r\u0131mtatar halq\u0131n\u0131\u00f1 degil de, b\u00fct\u00fcn d\u00fcnya edibidir, dep qayd etti Tsekov.<\/p>\n\n\n\n<p>&#8220;Biz hat\u0131ra tahtas\u0131n\u0131 a\u00e7am\u0131z, amma b\u00f6yle bir insann\u0131\u00f1 hat\u0131ras\u0131n\u0131 edebiyle\u015ftirmek i\u00e7\u00fcn bu pek az. \u015eamil Al\u00e2din kibi insanlar i\u00e7\u00fcn daa \u00e7oq \u015fey yapmal\u0131m\u0131z&#8221;, &#8211; dedi Tsekov.<\/p>\n\n\n\n<p>Hat\u0131ra tahtas\u0131 a\u00e7\u0131l\u0131\u015f\u0131 merasiminde \u00e7\u0131q\u0131\u015fta bulun\u011fanlarn\u0131\u00f1 episi \u015eamil Al\u00e2dinni\u00f1 yaz\u0131c\u0131l\u0131q faaliyetine qo\u015fqan salmaql\u0131 issesini ayr\u0131ca qayd ettiler.<br>Belli ki, 1934 senesinden 1944 senesine qadar o, Q\u0131r\u0131m yaz\u0131c\u0131lar birligine yolba\u015f\u00e7\u0131l\u0131q yapt\u0131 ve o devirde bir s\u0131ra ya\u00f1\u0131 mecmua ve gazetalar a\u00e7\u0131ld\u0131.<\/p>\n\n\n\n<p>&#8220;O zamanki akimiyet hadimleri yaz\u0131c\u0131lar insan qalbini\u00f1 m\u00fcendisi ol\u011fan\u0131n\u0131 pek yah\u015f\u0131 a\u00f1lay ediler&#8221;, &#8211; dedi filologiya ilimleri doktor\u0131 Vladimir Kazarin.<\/p>\n\n\n\n<figure class=\"wp-block-gallery columns-3 is-cropped wp-block-gallery-1 is-layout-flex wp-block-gallery-is-layout-flex\"><ul class=\"blocks-gallery-grid\"><li class=\"blocks-gallery-item\"><figure><a href=\"http:\/\/qtmm.org\/wp-content\/uploads\/2022\/01\/500038bc05d49.jpeg\"><img loading=\"lazy\" decoding=\"async\" width=\"640\" height=\"480\" src=\"http:\/\/qtmm.org\/wp-content\/uploads\/2022\/01\/500038bc05d49.jpeg\" alt=\"\" data-id=\"32462\" data-full-url=\"http:\/\/qtmm.org\/wp-content\/uploads\/2022\/01\/500038bc05d49.jpeg\" data-link=\"http:\/\/qtmm.org\/qt\/?attachment_id=32462\" class=\"wp-image-32462\" srcset=\"https:\/\/qtmm.org\/wp-content\/uploads\/2022\/01\/500038bc05d49.jpeg 640w, https:\/\/qtmm.org\/wp-content\/uploads\/2022\/01\/500038bc05d49-300x225.jpeg 300w\" sizes=\"auto, (max-width: 640px) 100vw, 640px\" \/><\/a><\/figure><\/li><li class=\"blocks-gallery-item\"><figure><a href=\"http:\/\/qtmm.org\/wp-content\/uploads\/2022\/01\/500038bc6412a.jpeg\"><img loading=\"lazy\" decoding=\"async\" width=\"640\" height=\"480\" src=\"http:\/\/qtmm.org\/wp-content\/uploads\/2022\/01\/500038bc6412a.jpeg\" alt=\"\" data-id=\"32466\" data-full-url=\"http:\/\/qtmm.org\/wp-content\/uploads\/2022\/01\/500038bc6412a.jpeg\" data-link=\"http:\/\/qtmm.org\/qt\/?attachment_id=32466\" class=\"wp-image-32466\" srcset=\"https:\/\/qtmm.org\/wp-content\/uploads\/2022\/01\/500038bc6412a.jpeg 640w, https:\/\/qtmm.org\/wp-content\/uploads\/2022\/01\/500038bc6412a-300x225.jpeg 300w\" sizes=\"auto, (max-width: 640px) 100vw, 640px\" \/><\/a><\/figure><\/li><li class=\"blocks-gallery-item\"><figure><a href=\"http:\/\/qtmm.org\/wp-content\/uploads\/2022\/01\/500038bcb78fd.jpeg\"><img loading=\"lazy\" decoding=\"async\" width=\"640\" height=\"480\" src=\"http:\/\/qtmm.org\/wp-content\/uploads\/2022\/01\/500038bcb78fd.jpeg\" alt=\"\" data-id=\"32470\" data-full-url=\"http:\/\/qtmm.org\/wp-content\/uploads\/2022\/01\/500038bcb78fd.jpeg\" data-link=\"http:\/\/qtmm.org\/qt\/?attachment_id=32470\" class=\"wp-image-32470\" srcset=\"https:\/\/qtmm.org\/wp-content\/uploads\/2022\/01\/500038bcb78fd.jpeg 640w, https:\/\/qtmm.org\/wp-content\/uploads\/2022\/01\/500038bcb78fd-300x225.jpeg 300w\" sizes=\"auto, (max-width: 640px) 100vw, 640px\" \/><\/a><\/figure><\/li><li class=\"blocks-gallery-item\"><figure><a href=\"http:\/\/qtmm.org\/wp-content\/uploads\/2022\/01\/500038bd15b1f.jpeg\"><img loading=\"lazy\" decoding=\"async\" width=\"640\" height=\"480\" src=\"http:\/\/qtmm.org\/wp-content\/uploads\/2022\/01\/500038bd15b1f.jpeg\" alt=\"\" data-id=\"32474\" data-full-url=\"http:\/\/qtmm.org\/wp-content\/uploads\/2022\/01\/500038bd15b1f.jpeg\" data-link=\"http:\/\/qtmm.org\/qt\/?attachment_id=32474\" class=\"wp-image-32474\" srcset=\"https:\/\/qtmm.org\/wp-content\/uploads\/2022\/01\/500038bd15b1f.jpeg 640w, https:\/\/qtmm.org\/wp-content\/uploads\/2022\/01\/500038bd15b1f-300x225.jpeg 300w\" sizes=\"auto, (max-width: 640px) 100vw, 640px\" \/><\/a><\/figure><\/li><li class=\"blocks-gallery-item\"><figure><a href=\"http:\/\/qtmm.org\/wp-content\/uploads\/2022\/01\/500038bd66042.jpeg\"><img loading=\"lazy\" decoding=\"async\" width=\"640\" height=\"480\" src=\"http:\/\/qtmm.org\/wp-content\/uploads\/2022\/01\/500038bd66042.jpeg\" alt=\"\" data-id=\"32478\" data-full-url=\"http:\/\/qtmm.org\/wp-content\/uploads\/2022\/01\/500038bd66042.jpeg\" data-link=\"http:\/\/qtmm.org\/qt\/?attachment_id=32478\" class=\"wp-image-32478\" srcset=\"https:\/\/qtmm.org\/wp-content\/uploads\/2022\/01\/500038bd66042.jpeg 640w, https:\/\/qtmm.org\/wp-content\/uploads\/2022\/01\/500038bd66042-300x225.jpeg 300w\" sizes=\"auto, (max-width: 640px) 100vw, 640px\" \/><\/a><\/figure><\/li><li class=\"blocks-gallery-item\"><figure><a href=\"http:\/\/qtmm.org\/wp-content\/uploads\/2022\/01\/500038bdc1545.jpeg\"><img loading=\"lazy\" decoding=\"async\" width=\"640\" height=\"480\" src=\"http:\/\/qtmm.org\/wp-content\/uploads\/2022\/01\/500038bdc1545.jpeg\" alt=\"\" data-id=\"32482\" data-full-url=\"http:\/\/qtmm.org\/wp-content\/uploads\/2022\/01\/500038bdc1545.jpeg\" data-link=\"http:\/\/qtmm.org\/qt\/?attachment_id=32482\" class=\"wp-image-32482\" srcset=\"https:\/\/qtmm.org\/wp-content\/uploads\/2022\/01\/500038bdc1545.jpeg 640w, https:\/\/qtmm.org\/wp-content\/uploads\/2022\/01\/500038bdc1545-300x225.jpeg 300w\" sizes=\"auto, (max-width: 640px) 100vw, 640px\" \/><\/a><\/figure><\/li><li class=\"blocks-gallery-item\"><figure><a href=\"http:\/\/qtmm.org\/wp-content\/uploads\/2022\/01\/500038be1dff8.jpeg\"><img loading=\"lazy\" decoding=\"async\" width=\"640\" height=\"480\" src=\"http:\/\/qtmm.org\/wp-content\/uploads\/2022\/01\/500038be1dff8.jpeg\" alt=\"\" data-id=\"32486\" data-full-url=\"http:\/\/qtmm.org\/wp-content\/uploads\/2022\/01\/500038be1dff8.jpeg\" data-link=\"http:\/\/qtmm.org\/qt\/?attachment_id=32486\" class=\"wp-image-32486\" srcset=\"https:\/\/qtmm.org\/wp-content\/uploads\/2022\/01\/500038be1dff8.jpeg 640w, https:\/\/qtmm.org\/wp-content\/uploads\/2022\/01\/500038be1dff8-300x225.jpeg 300w\" sizes=\"auto, (max-width: 640px) 100vw, 640px\" \/><\/a><\/figure><\/li><li class=\"blocks-gallery-item\"><figure><a href=\"http:\/\/qtmm.org\/wp-content\/uploads\/2022\/01\/500038be6eced.jpeg\"><img loading=\"lazy\" decoding=\"async\" width=\"640\" height=\"480\" src=\"http:\/\/qtmm.org\/wp-content\/uploads\/2022\/01\/500038be6eced.jpeg\" alt=\"\" data-id=\"32490\" data-full-url=\"http:\/\/qtmm.org\/wp-content\/uploads\/2022\/01\/500038be6eced.jpeg\" data-link=\"http:\/\/qtmm.org\/qt\/?attachment_id=32490\" class=\"wp-image-32490\" srcset=\"https:\/\/qtmm.org\/wp-content\/uploads\/2022\/01\/500038be6eced.jpeg 640w, https:\/\/qtmm.org\/wp-content\/uploads\/2022\/01\/500038be6eced-300x225.jpeg 300w\" sizes=\"auto, (max-width: 640px) 100vw, 640px\" \/><\/a><\/figure><\/li><li class=\"blocks-gallery-item\"><figure><a href=\"http:\/\/qtmm.org\/wp-content\/uploads\/2022\/01\/500038bec961f.jpeg\"><img loading=\"lazy\" decoding=\"async\" width=\"640\" height=\"480\" src=\"http:\/\/qtmm.org\/wp-content\/uploads\/2022\/01\/500038bec961f.jpeg\" alt=\"\" data-id=\"32494\" data-full-url=\"http:\/\/qtmm.org\/wp-content\/uploads\/2022\/01\/500038bec961f.jpeg\" data-link=\"http:\/\/qtmm.org\/qt\/?attachment_id=32494\" class=\"wp-image-32494\" srcset=\"https:\/\/qtmm.org\/wp-content\/uploads\/2022\/01\/500038bec961f.jpeg 640w, https:\/\/qtmm.org\/wp-content\/uploads\/2022\/01\/500038bec961f-300x225.jpeg 300w\" sizes=\"auto, (max-width: 640px) 100vw, 640px\" \/><\/a><\/figure><\/li><li class=\"blocks-gallery-item\"><figure><a href=\"http:\/\/qtmm.org\/wp-content\/uploads\/2022\/01\/500038bf7c3b4.jpeg\"><img loading=\"lazy\" decoding=\"async\" width=\"640\" height=\"480\" src=\"http:\/\/qtmm.org\/wp-content\/uploads\/2022\/01\/500038bf7c3b4.jpeg\" alt=\"\" data-id=\"32498\" data-full-url=\"http:\/\/qtmm.org\/wp-content\/uploads\/2022\/01\/500038bf7c3b4.jpeg\" data-link=\"http:\/\/qtmm.org\/qt\/?attachment_id=32498\" class=\"wp-image-32498\" srcset=\"https:\/\/qtmm.org\/wp-content\/uploads\/2022\/01\/500038bf7c3b4.jpeg 640w, https:\/\/qtmm.org\/wp-content\/uploads\/2022\/01\/500038bf7c3b4-300x225.jpeg 300w\" sizes=\"auto, (max-width: 640px) 100vw, 640px\" \/><\/a><\/figure><\/li><li class=\"blocks-gallery-item\"><figure><a href=\"http:\/\/qtmm.org\/wp-content\/uploads\/2022\/01\/500038bf28fb1.jpeg\"><img loading=\"lazy\" decoding=\"async\" width=\"640\" height=\"480\" src=\"http:\/\/qtmm.org\/wp-content\/uploads\/2022\/01\/500038bf28fb1.jpeg\" alt=\"\" data-id=\"32502\" data-full-url=\"http:\/\/qtmm.org\/wp-content\/uploads\/2022\/01\/500038bf28fb1.jpeg\" data-link=\"http:\/\/qtmm.org\/qt\/?attachment_id=32502\" class=\"wp-image-32502\" srcset=\"https:\/\/qtmm.org\/wp-content\/uploads\/2022\/01\/500038bf28fb1.jpeg 640w, https:\/\/qtmm.org\/wp-content\/uploads\/2022\/01\/500038bf28fb1-300x225.jpeg 300w\" sizes=\"auto, (max-width: 640px) 100vw, 640px\" \/><\/a><\/figure><\/li><li class=\"blocks-gallery-item\"><figure><a href=\"http:\/\/qtmm.org\/wp-content\/uploads\/2022\/01\/500038bfd806e.jpeg\"><img loading=\"lazy\" decoding=\"async\" width=\"640\" height=\"480\" src=\"http:\/\/qtmm.org\/wp-content\/uploads\/2022\/01\/500038bfd806e.jpeg\" alt=\"\" data-id=\"32506\" data-full-url=\"http:\/\/qtmm.org\/wp-content\/uploads\/2022\/01\/500038bfd806e.jpeg\" data-link=\"http:\/\/qtmm.org\/qt\/?attachment_id=32506\" class=\"wp-image-32506\" srcset=\"https:\/\/qtmm.org\/wp-content\/uploads\/2022\/01\/500038bfd806e.jpeg 640w, https:\/\/qtmm.org\/wp-content\/uploads\/2022\/01\/500038bfd806e-300x225.jpeg 300w\" sizes=\"auto, (max-width: 640px) 100vw, 640px\" \/><\/a><\/figure><\/li><li class=\"blocks-gallery-item\"><figure><a href=\"http:\/\/qtmm.org\/wp-content\/uploads\/2022\/01\/500038c0df1a4.jpeg\"><img loading=\"lazy\" decoding=\"async\" width=\"640\" height=\"480\" src=\"http:\/\/qtmm.org\/wp-content\/uploads\/2022\/01\/500038c0df1a4.jpeg\" alt=\"\" data-id=\"32510\" data-full-url=\"http:\/\/qtmm.org\/wp-content\/uploads\/2022\/01\/500038c0df1a4.jpeg\" data-link=\"http:\/\/qtmm.org\/qt\/?attachment_id=32510\" class=\"wp-image-32510\" srcset=\"https:\/\/qtmm.org\/wp-content\/uploads\/2022\/01\/500038c0df1a4.jpeg 640w, https:\/\/qtmm.org\/wp-content\/uploads\/2022\/01\/500038c0df1a4-300x225.jpeg 300w\" sizes=\"auto, (max-width: 640px) 100vw, 640px\" \/><\/a><\/figure><\/li><li class=\"blocks-gallery-item\"><figure><a href=\"http:\/\/qtmm.org\/wp-content\/uploads\/2022\/01\/500038c13c040.jpeg\"><img loading=\"lazy\" decoding=\"async\" width=\"640\" height=\"480\" src=\"http:\/\/qtmm.org\/wp-content\/uploads\/2022\/01\/500038c13c040.jpeg\" alt=\"\" data-id=\"32514\" data-full-url=\"http:\/\/qtmm.org\/wp-content\/uploads\/2022\/01\/500038c13c040.jpeg\" data-link=\"http:\/\/qtmm.org\/qt\/?attachment_id=32514\" class=\"wp-image-32514\" srcset=\"https:\/\/qtmm.org\/wp-content\/uploads\/2022\/01\/500038c13c040.jpeg 640w, https:\/\/qtmm.org\/wp-content\/uploads\/2022\/01\/500038c13c040-300x225.jpeg 300w\" sizes=\"auto, (max-width: 640px) 100vw, 640px\" \/><\/a><\/figure><\/li><li class=\"blocks-gallery-item\"><figure><a href=\"http:\/\/qtmm.org\/wp-content\/uploads\/2022\/01\/500038c032be1.jpeg\"><img loading=\"lazy\" decoding=\"async\" width=\"640\" height=\"480\" src=\"http:\/\/qtmm.org\/wp-content\/uploads\/2022\/01\/500038c032be1.jpeg\" alt=\"\" data-id=\"32518\" data-full-url=\"http:\/\/qtmm.org\/wp-content\/uploads\/2022\/01\/500038c032be1.jpeg\" data-link=\"http:\/\/qtmm.org\/qt\/?attachment_id=32518\" class=\"wp-image-32518\" srcset=\"https:\/\/qtmm.org\/wp-content\/uploads\/2022\/01\/500038c032be1.jpeg 640w, https:\/\/qtmm.org\/wp-content\/uploads\/2022\/01\/500038c032be1-300x225.jpeg 300w\" sizes=\"auto, (max-width: 640px) 100vw, 640px\" \/><\/a><\/figure><\/li><li class=\"blocks-gallery-item\"><figure><a href=\"http:\/\/qtmm.org\/wp-content\/uploads\/2022\/01\/500038c087752.jpeg\"><img loading=\"lazy\" decoding=\"async\" width=\"640\" height=\"480\" src=\"http:\/\/qtmm.org\/wp-content\/uploads\/2022\/01\/500038c087752.jpeg\" alt=\"\" data-id=\"32522\" data-full-url=\"http:\/\/qtmm.org\/wp-content\/uploads\/2022\/01\/500038c087752.jpeg\" data-link=\"http:\/\/qtmm.org\/qt\/?attachment_id=32522\" class=\"wp-image-32522\" srcset=\"https:\/\/qtmm.org\/wp-content\/uploads\/2022\/01\/500038c087752.jpeg 640w, https:\/\/qtmm.org\/wp-content\/uploads\/2022\/01\/500038c087752-300x225.jpeg 300w\" sizes=\"auto, (max-width: 640px) 100vw, 640px\" \/><\/a><\/figure><\/li><\/ul><\/figure>\n","protected":false},"excerpt":{"rendered":"<p>Aqmescit \u015feeri Jukovskiy soqa\u011f\u0131nda belli q\u0131r\u0131mtatar yaz\u0131c\u0131s\u0131 ve cemaat erbab\u0131 \u015eamiL Al\u00e2din ya\u015fa\u011fan ve icat etken 20-nci evde 2012 senesi iy\u00fcl 12 k\u00fcn\u00fc on\u0131\u00f1 \u015ferefine hat\u0131ra tahtas\u0131n\u0131 qoyuv merasimi ke\u00e7irildi. Tedbir \u015eamil Al\u00e2din do\u011f\u011fan\u0131n\u0131\u00f1 100 y\u0131ll\u0131\u011f\u0131na ba\u011f\u0131\u015flan\u011fan tedbirlerni\u00f1 birincisidir. Hat\u0131ra tahtas\u0131n\u0131\u00f1 a\u00e7\u0131l\u0131\u015f merasiminde \u015eamil Al\u00e2dinni\u00f1 q\u0131z\u0131 Leyl\u00e2 ailesinen, Q\u0131r\u0131mtatar halq\u0131 Meclisini\u00f1 azalar\u0131, Q\u0131r\u0131m Milletlerara munasebetler [&hellip;]<\/p>\n","protected":false},"author":1,"featured_media":32478,"comment_status":"open","ping_status":"open","sticky":false,"template":"","format":"standard","meta":{"inline_featured_image":false,"footnotes":""},"categories":[265],"tags":[],"class_list":["post-32459","post","type-post","status-publish","format-standard","has-post-thumbnail","hentry","category-haberler"],"acf":[],"yoast_head":"<!-- This site is optimized with the Yoast SEO plugin v27.4 - https:\/\/yoast.com\/product\/yoast-seo-wordpress\/ -->\n<title>Aqmescitte \u015eamil Al\u00e2dinni\u00f1 \u015ferefine hat\u0131ra tahtas\u0131 qoyuld\u0131 - \u041c\u0435\u0434\u0436\u043b\u0456\u0441<\/title>\n<meta name=\"robots\" content=\"index, follow, max-snippet:-1, max-image-preview:large, max-video-preview:-1\" \/>\n<link rel=\"canonical\" href=\"https:\/\/qtmm.org\/qt\/aqmescitte-samil-aladinnin-serefine-hatira-tahtasi-qoyuldi\/\" \/>\n<meta property=\"og:locale\" content=\"en_US\" \/>\n<meta property=\"og:type\" content=\"article\" \/>\n<meta property=\"og:title\" content=\"Aqmescitte \u015eamil Al\u00e2dinni\u00f1 \u015ferefine hat\u0131ra tahtas\u0131 qoyuld\u0131 - \u041c\u0435\u0434\u0436\u043b\u0456\u0441\" \/>\n<meta property=\"og:description\" content=\"Aqmescit \u015feeri Jukovskiy soqa\u011f\u0131nda belli q\u0131r\u0131mtatar yaz\u0131c\u0131s\u0131 ve cemaat erbab\u0131 \u015eamiL Al\u00e2din ya\u015fa\u011fan ve icat etken 20-nci evde 2012 senesi iy\u00fcl 12 k\u00fcn\u00fc on\u0131\u00f1 \u015ferefine hat\u0131ra tahtas\u0131n\u0131 qoyuv merasimi ke\u00e7irildi. Tedbir \u015eamil Al\u00e2din do\u011f\u011fan\u0131n\u0131\u00f1 100 y\u0131ll\u0131\u011f\u0131na ba\u011f\u0131\u015flan\u011fan tedbirlerni\u00f1 birincisidir. Hat\u0131ra tahtas\u0131n\u0131\u00f1 a\u00e7\u0131l\u0131\u015f merasiminde \u015eamil Al\u00e2dinni\u00f1 q\u0131z\u0131 Leyl\u00e2 ailesinen, Q\u0131r\u0131mtatar halq\u0131 Meclisini\u00f1 azalar\u0131, Q\u0131r\u0131m Milletlerara munasebetler [&hellip;]\" \/>\n<meta property=\"og:url\" content=\"https:\/\/qtmm.org\/qt\/aqmescitte-samil-aladinnin-serefine-hatira-tahtasi-qoyuldi\/\" \/>\n<meta property=\"og:site_name\" content=\"\u041c\u0435\u0434\u0436\u043b\u0456\u0441\" \/>\n<meta property=\"article:publisher\" content=\"https:\/\/www.facebook.com\/qtmm.info\/\" \/>\n<meta property=\"article:published_time\" content=\"2012-07-12T19:05:00+00:00\" \/>\n<meta property=\"article:modified_time\" content=\"2022-01-21T19:07:38+00:00\" \/>\n<meta property=\"og:image\" content=\"https:\/\/qtmm.org\/wp-content\/uploads\/2022\/01\/500038bd66042.jpeg\" \/>\n\t<meta property=\"og:image:width\" content=\"640\" \/>\n\t<meta property=\"og:image:height\" content=\"480\" \/>\n\t<meta property=\"og:image:type\" content=\"image\/jpeg\" \/>\n<meta name=\"author\" content=\"Developer\" \/>\n<meta name=\"twitter:card\" content=\"summary_large_image\" \/>\n<meta name=\"twitter:label1\" content=\"Written by\" \/>\n\t<meta name=\"twitter:data1\" content=\"Developer\" \/>\n\t<meta name=\"twitter:label2\" content=\"Est. reading time\" \/>\n\t<meta name=\"twitter:data2\" content=\"2 minutes\" \/>\n<script type=\"application\/ld+json\" class=\"yoast-schema-graph\">{\"@context\":\"https:\\\/\\\/schema.org\",\"@graph\":[{\"@type\":\"Article\",\"@id\":\"https:\\\/\\\/qtmm.org\\\/qt\\\/aqmescitte-samil-aladinnin-serefine-hatira-tahtasi-qoyuldi\\\/#article\",\"isPartOf\":{\"@id\":\"https:\\\/\\\/qtmm.org\\\/qt\\\/aqmescitte-samil-aladinnin-serefine-hatira-tahtasi-qoyuldi\\\/\"},\"author\":{\"name\":\"Developer\",\"@id\":\"https:\\\/\\\/qtmm.org\\\/qt\\\/#\\\/schema\\\/person\\\/de562469f971dec226ac06e60bbf74a7\"},\"headline\":\"Aqmescitte \u015eamil Al\u00e2dinni\u00f1 \u015ferefine hat\u0131ra tahtas\u0131 qoyuld\u0131\",\"datePublished\":\"2012-07-12T19:05:00+00:00\",\"dateModified\":\"2022-01-21T19:07:38+00:00\",\"mainEntityOfPage\":{\"@id\":\"https:\\\/\\\/qtmm.org\\\/qt\\\/aqmescitte-samil-aladinnin-serefine-hatira-tahtasi-qoyuldi\\\/\"},\"wordCount\":438,\"commentCount\":0,\"publisher\":{\"@id\":\"https:\\\/\\\/qtmm.org\\\/qt\\\/#organization\"},\"image\":{\"@id\":\"https:\\\/\\\/qtmm.org\\\/qt\\\/aqmescitte-samil-aladinnin-serefine-hatira-tahtasi-qoyuldi\\\/#primaryimage\"},\"thumbnailUrl\":\"https:\\\/\\\/qtmm.org\\\/wp-content\\\/uploads\\\/2022\\\/01\\\/500038bd66042.jpeg\",\"articleSection\":[\"Haberler\"],\"inLanguage\":\"qt\",\"potentialAction\":[{\"@type\":\"CommentAction\",\"name\":\"Comment\",\"target\":[\"https:\\\/\\\/qtmm.org\\\/qt\\\/aqmescitte-samil-aladinnin-serefine-hatira-tahtasi-qoyuldi\\\/#respond\"]}]},{\"@type\":\"WebPage\",\"@id\":\"https:\\\/\\\/qtmm.org\\\/qt\\\/aqmescitte-samil-aladinnin-serefine-hatira-tahtasi-qoyuldi\\\/\",\"url\":\"https:\\\/\\\/qtmm.org\\\/qt\\\/aqmescitte-samil-aladinnin-serefine-hatira-tahtasi-qoyuldi\\\/\",\"name\":\"Aqmescitte \u015eamil Al\u00e2dinni\u00f1 \u015ferefine hat\u0131ra tahtas\u0131 qoyuld\u0131 - \u041c\u0435\u0434\u0436\u043b\u0456\u0441\",\"isPartOf\":{\"@id\":\"https:\\\/\\\/qtmm.org\\\/qt\\\/#website\"},\"primaryImageOfPage\":{\"@id\":\"https:\\\/\\\/qtmm.org\\\/qt\\\/aqmescitte-samil-aladinnin-serefine-hatira-tahtasi-qoyuldi\\\/#primaryimage\"},\"image\":{\"@id\":\"https:\\\/\\\/qtmm.org\\\/qt\\\/aqmescitte-samil-aladinnin-serefine-hatira-tahtasi-qoyuldi\\\/#primaryimage\"},\"thumbnailUrl\":\"https:\\\/\\\/qtmm.org\\\/wp-content\\\/uploads\\\/2022\\\/01\\\/500038bd66042.jpeg\",\"datePublished\":\"2012-07-12T19:05:00+00:00\",\"dateModified\":\"2022-01-21T19:07:38+00:00\",\"breadcrumb\":{\"@id\":\"https:\\\/\\\/qtmm.org\\\/qt\\\/aqmescitte-samil-aladinnin-serefine-hatira-tahtasi-qoyuldi\\\/#breadcrumb\"},\"inLanguage\":\"qt\",\"potentialAction\":[{\"@type\":\"ReadAction\",\"target\":[\"https:\\\/\\\/qtmm.org\\\/qt\\\/aqmescitte-samil-aladinnin-serefine-hatira-tahtasi-qoyuldi\\\/\"]}]},{\"@type\":\"ImageObject\",\"inLanguage\":\"qt\",\"@id\":\"https:\\\/\\\/qtmm.org\\\/qt\\\/aqmescitte-samil-aladinnin-serefine-hatira-tahtasi-qoyuldi\\\/#primaryimage\",\"url\":\"https:\\\/\\\/qtmm.org\\\/wp-content\\\/uploads\\\/2022\\\/01\\\/500038bd66042.jpeg\",\"contentUrl\":\"https:\\\/\\\/qtmm.org\\\/wp-content\\\/uploads\\\/2022\\\/01\\\/500038bd66042.jpeg\",\"width\":640,\"height\":480},{\"@type\":\"BreadcrumbList\",\"@id\":\"https:\\\/\\\/qtmm.org\\\/qt\\\/aqmescitte-samil-aladinnin-serefine-hatira-tahtasi-qoyuldi\\\/#breadcrumb\",\"itemListElement\":[{\"@type\":\"ListItem\",\"position\":1,\"name\":\"\u0413\u043e\u043b\u043e\u0432\u043d\u0430\",\"item\":\"https:\\\/\\\/qtmm.org\\\/qt\\\/\"},{\"@type\":\"ListItem\",\"position\":2,\"name\":\"Aqmescitte \u015eamil Al\u00e2dinni\u00f1 \u015ferefine hat\u0131ra tahtas\u0131 qoyuld\u0131\"}]},{\"@type\":\"WebSite\",\"@id\":\"https:\\\/\\\/qtmm.org\\\/qt\\\/#website\",\"url\":\"https:\\\/\\\/qtmm.org\\\/qt\\\/\",\"name\":\"\u041c\u0435\u0434\u0436\u043b\u0456\u0441\",\"description\":\"\",\"publisher\":{\"@id\":\"https:\\\/\\\/qtmm.org\\\/qt\\\/#organization\"},\"potentialAction\":[{\"@type\":\"SearchAction\",\"target\":{\"@type\":\"EntryPoint\",\"urlTemplate\":\"https:\\\/\\\/qtmm.org\\\/qt\\\/?s={search_term_string}\"},\"query-input\":{\"@type\":\"PropertyValueSpecification\",\"valueRequired\":true,\"valueName\":\"search_term_string\"}}],\"inLanguage\":\"qt\"},{\"@type\":\"Organization\",\"@id\":\"https:\\\/\\\/qtmm.org\\\/qt\\\/#organization\",\"name\":\"\u041c\u0435\u0434\u0436\u043b\u0456\u0441\",\"url\":\"https:\\\/\\\/qtmm.org\\\/qt\\\/\",\"logo\":{\"@type\":\"ImageObject\",\"inLanguage\":\"qt\",\"@id\":\"https:\\\/\\\/qtmm.org\\\/qt\\\/#\\\/schema\\\/logo\\\/image\\\/\",\"url\":\"https:\\\/\\\/qtmm.org\\\/wp-content\\\/uploads\\\/2024\\\/12\\\/ua-mejlis-logo-rgb.svg\",\"contentUrl\":\"https:\\\/\\\/qtmm.org\\\/wp-content\\\/uploads\\\/2024\\\/12\\\/ua-mejlis-logo-rgb.svg\",\"caption\":\"\u041c\u0435\u0434\u0436\u043b\u0456\u0441\"},\"image\":{\"@id\":\"https:\\\/\\\/qtmm.org\\\/qt\\\/#\\\/schema\\\/logo\\\/image\\\/\"},\"sameAs\":[\"https:\\\/\\\/www.facebook.com\\\/qtmm.info\\\/\"]},{\"@type\":\"Person\",\"@id\":\"https:\\\/\\\/qtmm.org\\\/qt\\\/#\\\/schema\\\/person\\\/de562469f971dec226ac06e60bbf74a7\",\"name\":\"Developer\",\"image\":{\"@type\":\"ImageObject\",\"inLanguage\":\"qt\",\"@id\":\"https:\\\/\\\/secure.gravatar.com\\\/avatar\\\/392b4cc8fbfeb00b39dfeeab4ee6edded39ffd48e25858637e4765810300227e?s=96&d=mm&r=g\",\"url\":\"https:\\\/\\\/secure.gravatar.com\\\/avatar\\\/392b4cc8fbfeb00b39dfeeab4ee6edded39ffd48e25858637e4765810300227e?s=96&d=mm&r=g\",\"contentUrl\":\"https:\\\/\\\/secure.gravatar.com\\\/avatar\\\/392b4cc8fbfeb00b39dfeeab4ee6edded39ffd48e25858637e4765810300227e?s=96&d=mm&r=g\",\"caption\":\"Developer\"},\"url\":\"https:\\\/\\\/qtmm.org\\\/qt\\\/author\\\/Developer\\\/\"}]}<\/script>\n<!-- \/ Yoast SEO plugin. -->","yoast_head_json":{"title":"Aqmescitte \u015eamil Al\u00e2dinni\u00f1 \u015ferefine hat\u0131ra tahtas\u0131 qoyuld\u0131 - \u041c\u0435\u0434\u0436\u043b\u0456\u0441","robots":{"index":"index","follow":"follow","max-snippet":"max-snippet:-1","max-image-preview":"max-image-preview:large","max-video-preview":"max-video-preview:-1"},"canonical":"https:\/\/qtmm.org\/qt\/aqmescitte-samil-aladinnin-serefine-hatira-tahtasi-qoyuldi\/","og_locale":"en_US","og_type":"article","og_title":"Aqmescitte \u015eamil Al\u00e2dinni\u00f1 \u015ferefine hat\u0131ra tahtas\u0131 qoyuld\u0131 - \u041c\u0435\u0434\u0436\u043b\u0456\u0441","og_description":"Aqmescit \u015feeri Jukovskiy soqa\u011f\u0131nda belli q\u0131r\u0131mtatar yaz\u0131c\u0131s\u0131 ve cemaat erbab\u0131 \u015eamiL Al\u00e2din ya\u015fa\u011fan ve icat etken 20-nci evde 2012 senesi iy\u00fcl 12 k\u00fcn\u00fc on\u0131\u00f1 \u015ferefine hat\u0131ra tahtas\u0131n\u0131 qoyuv merasimi ke\u00e7irildi. Tedbir \u015eamil Al\u00e2din do\u011f\u011fan\u0131n\u0131\u00f1 100 y\u0131ll\u0131\u011f\u0131na ba\u011f\u0131\u015flan\u011fan tedbirlerni\u00f1 birincisidir. Hat\u0131ra tahtas\u0131n\u0131\u00f1 a\u00e7\u0131l\u0131\u015f merasiminde \u015eamil Al\u00e2dinni\u00f1 q\u0131z\u0131 Leyl\u00e2 ailesinen, Q\u0131r\u0131mtatar halq\u0131 Meclisini\u00f1 azalar\u0131, Q\u0131r\u0131m Milletlerara munasebetler [&hellip;]","og_url":"https:\/\/qtmm.org\/qt\/aqmescitte-samil-aladinnin-serefine-hatira-tahtasi-qoyuldi\/","og_site_name":"\u041c\u0435\u0434\u0436\u043b\u0456\u0441","article_publisher":"https:\/\/www.facebook.com\/qtmm.info\/","article_published_time":"2012-07-12T19:05:00+00:00","article_modified_time":"2022-01-21T19:07:38+00:00","og_image":[{"width":640,"height":480,"url":"https:\/\/qtmm.org\/wp-content\/uploads\/2022\/01\/500038bd66042.jpeg","type":"image\/jpeg"}],"author":"Developer","twitter_card":"summary_large_image","twitter_misc":{"Written by":"Developer","Est. reading time":"2 minutes"},"schema":{"@context":"https:\/\/schema.org","@graph":[{"@type":"Article","@id":"https:\/\/qtmm.org\/qt\/aqmescitte-samil-aladinnin-serefine-hatira-tahtasi-qoyuldi\/#article","isPartOf":{"@id":"https:\/\/qtmm.org\/qt\/aqmescitte-samil-aladinnin-serefine-hatira-tahtasi-qoyuldi\/"},"author":{"name":"Developer","@id":"https:\/\/qtmm.org\/qt\/#\/schema\/person\/de562469f971dec226ac06e60bbf74a7"},"headline":"Aqmescitte \u015eamil Al\u00e2dinni\u00f1 \u015ferefine hat\u0131ra tahtas\u0131 qoyuld\u0131","datePublished":"2012-07-12T19:05:00+00:00","dateModified":"2022-01-21T19:07:38+00:00","mainEntityOfPage":{"@id":"https:\/\/qtmm.org\/qt\/aqmescitte-samil-aladinnin-serefine-hatira-tahtasi-qoyuldi\/"},"wordCount":438,"commentCount":0,"publisher":{"@id":"https:\/\/qtmm.org\/qt\/#organization"},"image":{"@id":"https:\/\/qtmm.org\/qt\/aqmescitte-samil-aladinnin-serefine-hatira-tahtasi-qoyuldi\/#primaryimage"},"thumbnailUrl":"https:\/\/qtmm.org\/wp-content\/uploads\/2022\/01\/500038bd66042.jpeg","articleSection":["Haberler"],"inLanguage":"qt","potentialAction":[{"@type":"CommentAction","name":"Comment","target":["https:\/\/qtmm.org\/qt\/aqmescitte-samil-aladinnin-serefine-hatira-tahtasi-qoyuldi\/#respond"]}]},{"@type":"WebPage","@id":"https:\/\/qtmm.org\/qt\/aqmescitte-samil-aladinnin-serefine-hatira-tahtasi-qoyuldi\/","url":"https:\/\/qtmm.org\/qt\/aqmescitte-samil-aladinnin-serefine-hatira-tahtasi-qoyuldi\/","name":"Aqmescitte \u015eamil Al\u00e2dinni\u00f1 \u015ferefine hat\u0131ra tahtas\u0131 qoyuld\u0131 - \u041c\u0435\u0434\u0436\u043b\u0456\u0441","isPartOf":{"@id":"https:\/\/qtmm.org\/qt\/#website"},"primaryImageOfPage":{"@id":"https:\/\/qtmm.org\/qt\/aqmescitte-samil-aladinnin-serefine-hatira-tahtasi-qoyuldi\/#primaryimage"},"image":{"@id":"https:\/\/qtmm.org\/qt\/aqmescitte-samil-aladinnin-serefine-hatira-tahtasi-qoyuldi\/#primaryimage"},"thumbnailUrl":"https:\/\/qtmm.org\/wp-content\/uploads\/2022\/01\/500038bd66042.jpeg","datePublished":"2012-07-12T19:05:00+00:00","dateModified":"2022-01-21T19:07:38+00:00","breadcrumb":{"@id":"https:\/\/qtmm.org\/qt\/aqmescitte-samil-aladinnin-serefine-hatira-tahtasi-qoyuldi\/#breadcrumb"},"inLanguage":"qt","potentialAction":[{"@type":"ReadAction","target":["https:\/\/qtmm.org\/qt\/aqmescitte-samil-aladinnin-serefine-hatira-tahtasi-qoyuldi\/"]}]},{"@type":"ImageObject","inLanguage":"qt","@id":"https:\/\/qtmm.org\/qt\/aqmescitte-samil-aladinnin-serefine-hatira-tahtasi-qoyuldi\/#primaryimage","url":"https:\/\/qtmm.org\/wp-content\/uploads\/2022\/01\/500038bd66042.jpeg","contentUrl":"https:\/\/qtmm.org\/wp-content\/uploads\/2022\/01\/500038bd66042.jpeg","width":640,"height":480},{"@type":"BreadcrumbList","@id":"https:\/\/qtmm.org\/qt\/aqmescitte-samil-aladinnin-serefine-hatira-tahtasi-qoyuldi\/#breadcrumb","itemListElement":[{"@type":"ListItem","position":1,"name":"\u0413\u043e\u043b\u043e\u0432\u043d\u0430","item":"https:\/\/qtmm.org\/qt\/"},{"@type":"ListItem","position":2,"name":"Aqmescitte \u015eamil Al\u00e2dinni\u00f1 \u015ferefine hat\u0131ra tahtas\u0131 qoyuld\u0131"}]},{"@type":"WebSite","@id":"https:\/\/qtmm.org\/qt\/#website","url":"https:\/\/qtmm.org\/qt\/","name":"\u041c\u0435\u0434\u0436\u043b\u0456\u0441","description":"","publisher":{"@id":"https:\/\/qtmm.org\/qt\/#organization"},"potentialAction":[{"@type":"SearchAction","target":{"@type":"EntryPoint","urlTemplate":"https:\/\/qtmm.org\/qt\/?s={search_term_string}"},"query-input":{"@type":"PropertyValueSpecification","valueRequired":true,"valueName":"search_term_string"}}],"inLanguage":"qt"},{"@type":"Organization","@id":"https:\/\/qtmm.org\/qt\/#organization","name":"\u041c\u0435\u0434\u0436\u043b\u0456\u0441","url":"https:\/\/qtmm.org\/qt\/","logo":{"@type":"ImageObject","inLanguage":"qt","@id":"https:\/\/qtmm.org\/qt\/#\/schema\/logo\/image\/","url":"https:\/\/qtmm.org\/wp-content\/uploads\/2024\/12\/ua-mejlis-logo-rgb.svg","contentUrl":"https:\/\/qtmm.org\/wp-content\/uploads\/2024\/12\/ua-mejlis-logo-rgb.svg","caption":"\u041c\u0435\u0434\u0436\u043b\u0456\u0441"},"image":{"@id":"https:\/\/qtmm.org\/qt\/#\/schema\/logo\/image\/"},"sameAs":["https:\/\/www.facebook.com\/qtmm.info\/"]},{"@type":"Person","@id":"https:\/\/qtmm.org\/qt\/#\/schema\/person\/de562469f971dec226ac06e60bbf74a7","name":"Developer","image":{"@type":"ImageObject","inLanguage":"qt","@id":"https:\/\/secure.gravatar.com\/avatar\/392b4cc8fbfeb00b39dfeeab4ee6edded39ffd48e25858637e4765810300227e?s=96&d=mm&r=g","url":"https:\/\/secure.gravatar.com\/avatar\/392b4cc8fbfeb00b39dfeeab4ee6edded39ffd48e25858637e4765810300227e?s=96&d=mm&r=g","contentUrl":"https:\/\/secure.gravatar.com\/avatar\/392b4cc8fbfeb00b39dfeeab4ee6edded39ffd48e25858637e4765810300227e?s=96&d=mm&r=g","caption":"Developer"},"url":"https:\/\/qtmm.org\/qt\/author\/Developer\/"}]}},"_links":{"self":[{"href":"https:\/\/qtmm.org\/qt\/wp-json\/wp\/v2\/posts\/32459","targetHints":{"allow":["GET"]}}],"collection":[{"href":"https:\/\/qtmm.org\/qt\/wp-json\/wp\/v2\/posts"}],"about":[{"href":"https:\/\/qtmm.org\/qt\/wp-json\/wp\/v2\/types\/post"}],"author":[{"embeddable":true,"href":"https:\/\/qtmm.org\/qt\/wp-json\/wp\/v2\/users\/1"}],"replies":[{"embeddable":true,"href":"https:\/\/qtmm.org\/qt\/wp-json\/wp\/v2\/comments?post=32459"}],"version-history":[{"count":1,"href":"https:\/\/qtmm.org\/qt\/wp-json\/wp\/v2\/posts\/32459\/revisions"}],"predecessor-version":[{"id":32530,"href":"https:\/\/qtmm.org\/qt\/wp-json\/wp\/v2\/posts\/32459\/revisions\/32530"}],"wp:featuredmedia":[{"embeddable":true,"href":"https:\/\/qtmm.org\/qt\/wp-json\/wp\/v2\/media\/32478"}],"wp:attachment":[{"href":"https:\/\/qtmm.org\/qt\/wp-json\/wp\/v2\/media?parent=32459"}],"wp:term":[{"taxonomy":"category","embeddable":true,"href":"https:\/\/qtmm.org\/qt\/wp-json\/wp\/v2\/categories?post=32459"},{"taxonomy":"post_tag","embeddable":true,"href":"https:\/\/qtmm.org\/qt\/wp-json\/wp\/v2\/tags?post=32459"}],"curies":[{"name":"wp","href":"https:\/\/api.w.org\/{rel}","templated":true}]}}