




{"id":32403,"date":"2012-07-10T22:03:00","date_gmt":"2012-07-10T19:03:00","guid":{"rendered":"http:\/\/qtmm.org\/?p=32403"},"modified":"2022-01-21T22:05:39","modified_gmt":"2022-01-21T19:05:39","slug":"safure-kacametova-sabriye-erecepovani-coqlari-qirimnin-anasi-dey-ecdiler","status":"publish","type":"post","link":"https:\/\/qtmm.org\/qt\/safure-kacametova-sabriye-erecepovani-coqlari-qirimnin-anasi-dey-ecdiler\/","title":{"rendered":"Safure Kacametova: \u00abSabriye Erecepovan\u0131 \u00e7oqlar\u0131 Q\u0131r\u0131mn\u0131\u00f1 anas\u0131, dey ecdiler\u00bb"},"content":{"rendered":"\n<p>\u0130. Gasprinskiy ad\u0131na cumhuriyet q\u0131r\u0131mtatar k\u00fct\u00fcphanesinde me\u015fur y\u0131rc\u0131, Q\u0131r\u0131mda ve \u00d6zbekistanda h\u0131zmet k\u00f6stergen artist Sabriye Erecepovan\u0131\u00f1 resimi ol\u011fan markalan\u011fan zarflarn\u0131\u00f1 taqdimnamesi ol\u0131p ke\u00e7ti. Tedbir Sabriye Erecepova do\u011f\u011fan\u0131n\u0131\u00f1 100 y\u0131ll\u0131\u011f\u0131 munasebetinen ke\u00e7irile.<\/p>\n\n\n\n<p>Zarflar taqdiminde Meclis reisini\u00f1 muavini, Q\u0131r\u0131m Yuqar\u0131 \u015euras\u0131 daimiy komissiyas\u0131n\u0131\u00f1 reisi Remzi \u0130lyasov, Q\u0131r\u0131m Yuqar\u0131 \u015euras\u0131n\u0131\u00f1 deputat\u0131, &#8220;Maarif\u00e7i&#8221; birle\u015fmesini\u00f1 reisi Safure Kacametova, Q\u0131r\u0131mtatar qad\u0131n-q\u0131zlar birle\u015fmesini\u00f1 reisi Safinar Cemileva, Q\u0131r\u0131m milletlerara munasebetler ve s\u00fcrg\u00fcn etilgen grajdanlarn\u0131\u00f1 i\u015fleri boyunca cumhuriyet komitet reisini\u00f1 muavini Emine Avamileva, &#8220;Ukrpo\u00e7ta&#8221; Q\u0131r\u0131m direktsiyas\u0131n\u0131\u00f1 m\u00fcdiri Ruslana Krizskaya, Sabriye Erecepovan\u0131\u00f1 \u015fegirtleri, aqrabalar\u0131 ve cemaat\u00e7\u0131l\u0131q vekilleri i\u015ftirak ettiler.<\/p>\n\n\n\n<figure class=\"wp-block-image size-full\"><img loading=\"lazy\" decoding=\"async\" width=\"650\" height=\"400\" src=\"http:\/\/qtmm.org\/wp-content\/uploads\/2022\/01\/img_0776.jpeg\" alt=\"\" class=\"wp-image-32416\" srcset=\"https:\/\/qtmm.org\/wp-content\/uploads\/2022\/01\/img_0776.jpeg 650w, https:\/\/qtmm.org\/wp-content\/uploads\/2022\/01\/img_0776-300x185.jpeg 300w\" sizes=\"auto, (max-width: 650px) 100vw, 650px\" \/><\/figure>\n\n\n\n<p>&#8220;Sabriye Erecepovan\u0131\u00f1 ad\u0131 q\u0131r\u0131mtatar halq\u0131 aras\u0131nda endi bir efsanege \u00e7evrildi, &#8211; dedi \u00f6z \u00e7\u0131q\u0131\u015f\u0131nda Meclis reisini\u00f1 muavini, Q\u0131r\u0131m Yuqar\u0131 \u015euras\u0131 daimiy komissiyas\u0131n\u0131\u00f1 reisi Remzi \u0130lyasov. \u2013 Er bir qoranta bu adn\u0131 e\u015fitkeninen tek bahtl\u0131 k\u00fcnlerini hat\u0131rlay. Sabriye Erecepovan\u0131\u00f1 100 y\u0131ll\u0131\u011f\u0131 \u2013 bu b\u00fct\u00fcn halq\u0131m\u0131z i\u00e7\u00fcn bayramd\u0131r&#8221;.<\/p>\n\n\n\n<figure class=\"wp-block-image size-full\"><img loading=\"lazy\" decoding=\"async\" width=\"670\" height=\"400\" src=\"http:\/\/qtmm.org\/wp-content\/uploads\/2022\/01\/img_0787.jpeg\" alt=\"\" class=\"wp-image-32424\" srcset=\"https:\/\/qtmm.org\/wp-content\/uploads\/2022\/01\/img_0787.jpeg 670w, https:\/\/qtmm.org\/wp-content\/uploads\/2022\/01\/img_0787-300x179.jpeg 300w\" sizes=\"auto, (max-width: 670px) 100vw, 670px\" \/><\/figure>\n\n\n\n<p>Remzi \u0130lyasov bun\u0131\u00f1 kibi Ukraina Yuqar\u0131 \u015euras\u0131nda \u211610438 &#8220;Sabriye Erecepova do\u011f\u011fan\u0131n\u0131\u00f1 100 y\u0131ll\u0131\u011f\u0131 aqq\u0131nda&#8221; Qararn\u0131\u00f1 leyhas\u0131n\u0131 cedvelge ald\u0131r\u011fan Ukraina halq deputat\u0131, Milliy Meclis reisi Mustafa Cemilevge ayr\u0131ca te\u015fekk\u00fcrini bildirdi. Belli ki, bu leyha esas\u0131nda Ukraina parlamenti iy\u00fcl 5 k\u00fcn\u00fc mezk\u00fcr Qararn\u0131 qabul etti.<\/p>\n\n\n\n<p>Q\u0131r\u0131mtatar halq\u0131 Meclisini\u00f1 Medeniyet ve maarif meseleleri boyunca idaresini\u00f1 ba\u015f\u0131 Safure Kacametova &#8220;Ukrpo\u00e7ta&#8221; hadimlerine endi d\u00f6rt\u00fcnci b\u00f6yle yubiley zarflar\u0131n\u0131 az\u0131rla\u011fanlar\u0131 i\u00e7\u00fcn minnetdarl\u0131q bildirip: &#8220;Bizler i\u00e7\u00fcn bu pek quvan\u00e7l\u0131 bir k\u00fcn. Sabriye Erecepovan\u0131 bir \u00e7oqlar\u0131 \u00d6zbekistanda Q\u0131r\u0131mn\u0131\u00f1 anas\u0131, dey ediler. Ker\u00e7ekten de o, halq\u0131m\u0131znen ya\u015fad\u0131, on\u0131\u00f1 ay\u0131r\u0131lmaz bir par\u00e7as\u0131 old\u0131. \u015eimdiki ya\u015f sanat\u00e7\u0131lar\u0131m\u0131z ondan ibret almal\u0131lar, on\u0131\u00f1 kibi aqiqiy vatanperver olmal\u0131lar&#8221;, dedi.<\/p>\n\n\n\n<figure class=\"wp-block-image size-full\"><img loading=\"lazy\" decoding=\"async\" width=\"650\" height=\"400\" src=\"http:\/\/qtmm.org\/wp-content\/uploads\/2022\/01\/img_0803.jpeg\" alt=\"\" class=\"wp-image-32428\" srcset=\"https:\/\/qtmm.org\/wp-content\/uploads\/2022\/01\/img_0803.jpeg 650w, https:\/\/qtmm.org\/wp-content\/uploads\/2022\/01\/img_0803-300x185.jpeg 300w\" sizes=\"auto, (max-width: 650px) 100vw, 650px\" \/><\/figure>\n\n\n\n<p>\u00c7\u0131q\u0131\u015f\u0131n\u0131\u00f1 so\u00f1unda Safure Kacametova \u00f6z\u00fcni\u00f1 ve q\u0131r\u0131mtatar ziyal\u0131lar\u0131 ad\u0131ndan Mustafa Cemilevge b\u00fcy\u00fck y\u0131rc\u0131m\u0131zn\u0131\u00f1 hat\u0131ras\u0131n\u0131 ebediyle\u015ftir\u00fcv o\u011frunda yapqan i\u015fi i\u00e7\u00fcn te\u015fekk\u00fcr s\u00f6zlerini aytt\u0131.<\/p>\n\n\n\n<figure class=\"wp-block-image size-full\"><img loading=\"lazy\" decoding=\"async\" width=\"650\" height=\"400\" src=\"http:\/\/qtmm.org\/wp-content\/uploads\/2022\/01\/img_0813.jpeg\" alt=\"\" class=\"wp-image-32436\" srcset=\"https:\/\/qtmm.org\/wp-content\/uploads\/2022\/01\/img_0813.jpeg 650w, https:\/\/qtmm.org\/wp-content\/uploads\/2022\/01\/img_0813-300x185.jpeg 300w\" sizes=\"auto, (max-width: 650px) 100vw, 650px\" \/><\/figure>\n\n\n\n<p>&#8220;Sabriye Erecepova \u2013 \u00f6z halq\u0131n\u0131\u00f1 munasip q\u0131z\u0131. Q\u0131r\u0131m on\u0131\u00f1 ile \u011fururlanma\u011fa aql\u0131d\u0131r. Vatan sevgisi i\u00e7\u00fcn stalin lagerlerinde 10 y\u0131l tutuld\u0131. Sabriye Erecepova i\u00e7\u00fcn yapqan bug\u00fcnki i\u015flerimiz yapmaq borclu ol\u011fan i\u015fimizni\u00f1 ufaq bir q\u0131sm\u0131d\u0131r&#8221;, &#8211; dedi Q\u0131r\u0131mtatar qad\u0131n-q\u0131zlar birligini\u00f1 reisi Safinar Cemileva.<\/p>\n\n\n\n<p>S.Cemilevan\u0131\u00f1 aytqan\u0131na k\u00f6re sent\u00e2br ay\u0131nda Sabriye Erecepovan\u0131\u00f1 yubileyine ba\u011f\u0131\u015flan\u011fan bir s\u0131ra tedbirler, \u015fu c\u00fcmleden Q\u0131r\u0131mtatar akademik muz\u0131kal\u0131 drama teatrinde Hat\u0131ra aq\u015fam\u0131, ke\u00e7irilecek.<\/p>\n\n\n\n<figure class=\"wp-block-image size-full\"><img loading=\"lazy\" decoding=\"async\" width=\"650\" height=\"400\" src=\"http:\/\/qtmm.org\/wp-content\/uploads\/2022\/01\/img_0816.jpeg\" alt=\"\" class=\"wp-image-32442\" srcset=\"https:\/\/qtmm.org\/wp-content\/uploads\/2022\/01\/img_0816.jpeg 650w, https:\/\/qtmm.org\/wp-content\/uploads\/2022\/01\/img_0816-300x185.jpeg 300w\" sizes=\"auto, (max-width: 650px) 100vw, 650px\" \/><\/figure>\n\n\n\n<p>Sabriye Erecepovan\u0131\u00f1 \u015fegirtleri &#8211; Rustem Memetov, G\u00fclizar Bekirova, \u00dcriye Kermen\u00e7ikli, Zarema Almazova ve \u00e7oqlar\u0131 efsaneviy y\u0131rc\u0131n\u0131 hat\u0131rlarkenler, on\u0131\u00f1 \u00f6z halq\u0131na, halq y\u0131rlar\u0131na sevgisini qayd ettiler.<\/p>\n\n\n\n<p>Zarf taqdiminde mahsus \u015fu tedbir i\u00e7\u00fcn Amerikadan kelgen s\u00fcrg\u00fcnlikten evelki q\u0131r\u0131mtatar teatrini\u00f1 artisti Ay\u015fe Dittanova ve y\u0131rc\u0131 \u00dcriye Kermen\u00e7ikli de i\u015ftirak ettiler.<\/p>\n\n\n\n<figure class=\"wp-block-image size-full\"><img loading=\"lazy\" decoding=\"async\" width=\"650\" height=\"410\" src=\"http:\/\/qtmm.org\/wp-content\/uploads\/2022\/01\/bezymyannyy_kopiya_2.jpeg\" alt=\"\" class=\"wp-image-32446\" srcset=\"https:\/\/qtmm.org\/wp-content\/uploads\/2022\/01\/bezymyannyy_kopiya_2.jpeg 650w, https:\/\/qtmm.org\/wp-content\/uploads\/2022\/01\/bezymyannyy_kopiya_2-300x189.jpeg 300w\" sizes=\"auto, (max-width: 650px) 100vw, 650px\" \/><\/figure>\n","protected":false},"excerpt":{"rendered":"<p>\u0130. Gasprinskiy ad\u0131na cumhuriyet q\u0131r\u0131mtatar k\u00fct\u00fcphanesinde me\u015fur y\u0131rc\u0131, Q\u0131r\u0131mda ve \u00d6zbekistanda h\u0131zmet k\u00f6stergen artist Sabriye Erecepovan\u0131\u00f1 resimi ol\u011fan markalan\u011fan zarflarn\u0131\u00f1 taqdimnamesi ol\u0131p ke\u00e7ti. Tedbir Sabriye Erecepova do\u011f\u011fan\u0131n\u0131\u00f1 100 y\u0131ll\u0131\u011f\u0131 munasebetinen ke\u00e7irile. Zarflar taqdiminde Meclis reisini\u00f1 muavini, Q\u0131r\u0131m Yuqar\u0131 \u015euras\u0131 daimiy komissiyas\u0131n\u0131\u00f1 reisi Remzi \u0130lyasov, Q\u0131r\u0131m Yuqar\u0131 \u015euras\u0131n\u0131\u00f1 deputat\u0131, &#8220;Maarif\u00e7i&#8221; birle\u015fmesini\u00f1 reisi Safure Kacametova, Q\u0131r\u0131mtatar qad\u0131n-q\u0131zlar [&hellip;]<\/p>\n","protected":false},"author":1,"featured_media":32408,"comment_status":"open","ping_status":"open","sticky":false,"template":"","format":"standard","meta":{"inline_featured_image":false,"footnotes":""},"categories":[265],"tags":[],"class_list":["post-32403","post","type-post","status-publish","format-standard","has-post-thumbnail","hentry","category-haberler"],"acf":[],"yoast_head":"<!-- This site is optimized with the Yoast SEO plugin v27.4 - https:\/\/yoast.com\/product\/yoast-seo-wordpress\/ -->\n<title>Safure Kacametova: \u00abSabriye Erecepovan\u0131 \u00e7oqlar\u0131 Q\u0131r\u0131mn\u0131\u00f1 anas\u0131, dey ecdiler\u00bb - \u041c\u0435\u0434\u0436\u043b\u0456\u0441<\/title>\n<meta name=\"robots\" content=\"index, follow, max-snippet:-1, max-image-preview:large, max-video-preview:-1\" \/>\n<link rel=\"canonical\" href=\"https:\/\/qtmm.org\/qt\/safure-kacametova-sabriye-erecepovani-coqlari-qirimnin-anasi-dey-ecdiler\/\" \/>\n<meta property=\"og:locale\" content=\"en_US\" \/>\n<meta property=\"og:type\" content=\"article\" \/>\n<meta property=\"og:title\" content=\"Safure Kacametova: \u00abSabriye Erecepovan\u0131 \u00e7oqlar\u0131 Q\u0131r\u0131mn\u0131\u00f1 anas\u0131, dey ecdiler\u00bb - \u041c\u0435\u0434\u0436\u043b\u0456\u0441\" \/>\n<meta property=\"og:description\" content=\"\u0130. Gasprinskiy ad\u0131na cumhuriyet q\u0131r\u0131mtatar k\u00fct\u00fcphanesinde me\u015fur y\u0131rc\u0131, Q\u0131r\u0131mda ve \u00d6zbekistanda h\u0131zmet k\u00f6stergen artist Sabriye Erecepovan\u0131\u00f1 resimi ol\u011fan markalan\u011fan zarflarn\u0131\u00f1 taqdimnamesi ol\u0131p ke\u00e7ti. Tedbir Sabriye Erecepova do\u011f\u011fan\u0131n\u0131\u00f1 100 y\u0131ll\u0131\u011f\u0131 munasebetinen ke\u00e7irile. Zarflar taqdiminde Meclis reisini\u00f1 muavini, Q\u0131r\u0131m Yuqar\u0131 \u015euras\u0131 daimiy komissiyas\u0131n\u0131\u00f1 reisi Remzi \u0130lyasov, Q\u0131r\u0131m Yuqar\u0131 \u015euras\u0131n\u0131\u00f1 deputat\u0131, &#8220;Maarif\u00e7i&#8221; birle\u015fmesini\u00f1 reisi Safure Kacametova, Q\u0131r\u0131mtatar qad\u0131n-q\u0131zlar [&hellip;]\" \/>\n<meta property=\"og:url\" content=\"https:\/\/qtmm.org\/qt\/safure-kacametova-sabriye-erecepovani-coqlari-qirimnin-anasi-dey-ecdiler\/\" \/>\n<meta property=\"og:site_name\" content=\"\u041c\u0435\u0434\u0436\u043b\u0456\u0441\" \/>\n<meta property=\"article:publisher\" content=\"https:\/\/www.facebook.com\/qtmm.info\/\" \/>\n<meta property=\"article:published_time\" content=\"2012-07-10T19:03:00+00:00\" \/>\n<meta property=\"article:modified_time\" content=\"2022-01-21T19:05:39+00:00\" \/>\n<meta property=\"og:image\" content=\"https:\/\/qtmm.org\/wp-content\/uploads\/2022\/01\/img_0775.jpeg\" \/>\n\t<meta property=\"og:image:width\" content=\"650\" \/>\n\t<meta property=\"og:image:height\" content=\"400\" \/>\n\t<meta property=\"og:image:type\" content=\"image\/jpeg\" \/>\n<meta name=\"author\" content=\"Developer\" \/>\n<meta name=\"twitter:card\" content=\"summary_large_image\" \/>\n<meta name=\"twitter:label1\" content=\"Written by\" \/>\n\t<meta name=\"twitter:data1\" content=\"Developer\" \/>\n\t<meta name=\"twitter:label2\" content=\"Est. reading time\" \/>\n\t<meta name=\"twitter:data2\" content=\"3 minutes\" \/>\n<script type=\"application\/ld+json\" class=\"yoast-schema-graph\">{\"@context\":\"https:\\\/\\\/schema.org\",\"@graph\":[{\"@type\":\"Article\",\"@id\":\"https:\\\/\\\/qtmm.org\\\/qt\\\/safure-kacametova-sabriye-erecepovani-coqlari-qirimnin-anasi-dey-ecdiler\\\/#article\",\"isPartOf\":{\"@id\":\"https:\\\/\\\/qtmm.org\\\/qt\\\/safure-kacametova-sabriye-erecepovani-coqlari-qirimnin-anasi-dey-ecdiler\\\/\"},\"author\":{\"name\":\"Developer\",\"@id\":\"https:\\\/\\\/qtmm.org\\\/qt\\\/#\\\/schema\\\/person\\\/de562469f971dec226ac06e60bbf74a7\"},\"headline\":\"Safure Kacametova: \u00abSabriye Erecepovan\u0131 \u00e7oqlar\u0131 Q\u0131r\u0131mn\u0131\u00f1 anas\u0131, dey ecdiler\u00bb\",\"datePublished\":\"2012-07-10T19:03:00+00:00\",\"dateModified\":\"2022-01-21T19:05:39+00:00\",\"mainEntityOfPage\":{\"@id\":\"https:\\\/\\\/qtmm.org\\\/qt\\\/safure-kacametova-sabriye-erecepovani-coqlari-qirimnin-anasi-dey-ecdiler\\\/\"},\"wordCount\":552,\"commentCount\":0,\"publisher\":{\"@id\":\"https:\\\/\\\/qtmm.org\\\/qt\\\/#organization\"},\"image\":{\"@id\":\"https:\\\/\\\/qtmm.org\\\/qt\\\/safure-kacametova-sabriye-erecepovani-coqlari-qirimnin-anasi-dey-ecdiler\\\/#primaryimage\"},\"thumbnailUrl\":\"https:\\\/\\\/qtmm.org\\\/wp-content\\\/uploads\\\/2022\\\/01\\\/img_0775.jpeg\",\"articleSection\":[\"Haberler\"],\"inLanguage\":\"qt\",\"potentialAction\":[{\"@type\":\"CommentAction\",\"name\":\"Comment\",\"target\":[\"https:\\\/\\\/qtmm.org\\\/qt\\\/safure-kacametova-sabriye-erecepovani-coqlari-qirimnin-anasi-dey-ecdiler\\\/#respond\"]}]},{\"@type\":\"WebPage\",\"@id\":\"https:\\\/\\\/qtmm.org\\\/qt\\\/safure-kacametova-sabriye-erecepovani-coqlari-qirimnin-anasi-dey-ecdiler\\\/\",\"url\":\"https:\\\/\\\/qtmm.org\\\/qt\\\/safure-kacametova-sabriye-erecepovani-coqlari-qirimnin-anasi-dey-ecdiler\\\/\",\"name\":\"Safure Kacametova: \u00abSabriye Erecepovan\u0131 \u00e7oqlar\u0131 Q\u0131r\u0131mn\u0131\u00f1 anas\u0131, dey ecdiler\u00bb - \u041c\u0435\u0434\u0436\u043b\u0456\u0441\",\"isPartOf\":{\"@id\":\"https:\\\/\\\/qtmm.org\\\/qt\\\/#website\"},\"primaryImageOfPage\":{\"@id\":\"https:\\\/\\\/qtmm.org\\\/qt\\\/safure-kacametova-sabriye-erecepovani-coqlari-qirimnin-anasi-dey-ecdiler\\\/#primaryimage\"},\"image\":{\"@id\":\"https:\\\/\\\/qtmm.org\\\/qt\\\/safure-kacametova-sabriye-erecepovani-coqlari-qirimnin-anasi-dey-ecdiler\\\/#primaryimage\"},\"thumbnailUrl\":\"https:\\\/\\\/qtmm.org\\\/wp-content\\\/uploads\\\/2022\\\/01\\\/img_0775.jpeg\",\"datePublished\":\"2012-07-10T19:03:00+00:00\",\"dateModified\":\"2022-01-21T19:05:39+00:00\",\"breadcrumb\":{\"@id\":\"https:\\\/\\\/qtmm.org\\\/qt\\\/safure-kacametova-sabriye-erecepovani-coqlari-qirimnin-anasi-dey-ecdiler\\\/#breadcrumb\"},\"inLanguage\":\"qt\",\"potentialAction\":[{\"@type\":\"ReadAction\",\"target\":[\"https:\\\/\\\/qtmm.org\\\/qt\\\/safure-kacametova-sabriye-erecepovani-coqlari-qirimnin-anasi-dey-ecdiler\\\/\"]}]},{\"@type\":\"ImageObject\",\"inLanguage\":\"qt\",\"@id\":\"https:\\\/\\\/qtmm.org\\\/qt\\\/safure-kacametova-sabriye-erecepovani-coqlari-qirimnin-anasi-dey-ecdiler\\\/#primaryimage\",\"url\":\"https:\\\/\\\/qtmm.org\\\/wp-content\\\/uploads\\\/2022\\\/01\\\/img_0775.jpeg\",\"contentUrl\":\"https:\\\/\\\/qtmm.org\\\/wp-content\\\/uploads\\\/2022\\\/01\\\/img_0775.jpeg\",\"width\":650,\"height\":400},{\"@type\":\"BreadcrumbList\",\"@id\":\"https:\\\/\\\/qtmm.org\\\/qt\\\/safure-kacametova-sabriye-erecepovani-coqlari-qirimnin-anasi-dey-ecdiler\\\/#breadcrumb\",\"itemListElement\":[{\"@type\":\"ListItem\",\"position\":1,\"name\":\"\u0413\u043e\u043b\u043e\u0432\u043d\u0430\",\"item\":\"https:\\\/\\\/qtmm.org\\\/qt\\\/\"},{\"@type\":\"ListItem\",\"position\":2,\"name\":\"Safure Kacametova: \u00abSabriye Erecepovan\u0131 \u00e7oqlar\u0131 Q\u0131r\u0131mn\u0131\u00f1 anas\u0131, dey ecdiler\u00bb\"}]},{\"@type\":\"WebSite\",\"@id\":\"https:\\\/\\\/qtmm.org\\\/qt\\\/#website\",\"url\":\"https:\\\/\\\/qtmm.org\\\/qt\\\/\",\"name\":\"\u041c\u0435\u0434\u0436\u043b\u0456\u0441\",\"description\":\"\",\"publisher\":{\"@id\":\"https:\\\/\\\/qtmm.org\\\/qt\\\/#organization\"},\"potentialAction\":[{\"@type\":\"SearchAction\",\"target\":{\"@type\":\"EntryPoint\",\"urlTemplate\":\"https:\\\/\\\/qtmm.org\\\/qt\\\/?s={search_term_string}\"},\"query-input\":{\"@type\":\"PropertyValueSpecification\",\"valueRequired\":true,\"valueName\":\"search_term_string\"}}],\"inLanguage\":\"qt\"},{\"@type\":\"Organization\",\"@id\":\"https:\\\/\\\/qtmm.org\\\/qt\\\/#organization\",\"name\":\"\u041c\u0435\u0434\u0436\u043b\u0456\u0441\",\"url\":\"https:\\\/\\\/qtmm.org\\\/qt\\\/\",\"logo\":{\"@type\":\"ImageObject\",\"inLanguage\":\"qt\",\"@id\":\"https:\\\/\\\/qtmm.org\\\/qt\\\/#\\\/schema\\\/logo\\\/image\\\/\",\"url\":\"https:\\\/\\\/qtmm.org\\\/wp-content\\\/uploads\\\/2024\\\/12\\\/ua-mejlis-logo-rgb.svg\",\"contentUrl\":\"https:\\\/\\\/qtmm.org\\\/wp-content\\\/uploads\\\/2024\\\/12\\\/ua-mejlis-logo-rgb.svg\",\"caption\":\"\u041c\u0435\u0434\u0436\u043b\u0456\u0441\"},\"image\":{\"@id\":\"https:\\\/\\\/qtmm.org\\\/qt\\\/#\\\/schema\\\/logo\\\/image\\\/\"},\"sameAs\":[\"https:\\\/\\\/www.facebook.com\\\/qtmm.info\\\/\"]},{\"@type\":\"Person\",\"@id\":\"https:\\\/\\\/qtmm.org\\\/qt\\\/#\\\/schema\\\/person\\\/de562469f971dec226ac06e60bbf74a7\",\"name\":\"Developer\",\"image\":{\"@type\":\"ImageObject\",\"inLanguage\":\"qt\",\"@id\":\"https:\\\/\\\/secure.gravatar.com\\\/avatar\\\/392b4cc8fbfeb00b39dfeeab4ee6edded39ffd48e25858637e4765810300227e?s=96&d=mm&r=g\",\"url\":\"https:\\\/\\\/secure.gravatar.com\\\/avatar\\\/392b4cc8fbfeb00b39dfeeab4ee6edded39ffd48e25858637e4765810300227e?s=96&d=mm&r=g\",\"contentUrl\":\"https:\\\/\\\/secure.gravatar.com\\\/avatar\\\/392b4cc8fbfeb00b39dfeeab4ee6edded39ffd48e25858637e4765810300227e?s=96&d=mm&r=g\",\"caption\":\"Developer\"},\"url\":\"https:\\\/\\\/qtmm.org\\\/qt\\\/author\\\/Developer\\\/\"}]}<\/script>\n<!-- \/ Yoast SEO plugin. -->","yoast_head_json":{"title":"Safure Kacametova: \u00abSabriye Erecepovan\u0131 \u00e7oqlar\u0131 Q\u0131r\u0131mn\u0131\u00f1 anas\u0131, dey ecdiler\u00bb - \u041c\u0435\u0434\u0436\u043b\u0456\u0441","robots":{"index":"index","follow":"follow","max-snippet":"max-snippet:-1","max-image-preview":"max-image-preview:large","max-video-preview":"max-video-preview:-1"},"canonical":"https:\/\/qtmm.org\/qt\/safure-kacametova-sabriye-erecepovani-coqlari-qirimnin-anasi-dey-ecdiler\/","og_locale":"en_US","og_type":"article","og_title":"Safure Kacametova: \u00abSabriye Erecepovan\u0131 \u00e7oqlar\u0131 Q\u0131r\u0131mn\u0131\u00f1 anas\u0131, dey ecdiler\u00bb - \u041c\u0435\u0434\u0436\u043b\u0456\u0441","og_description":"\u0130. Gasprinskiy ad\u0131na cumhuriyet q\u0131r\u0131mtatar k\u00fct\u00fcphanesinde me\u015fur y\u0131rc\u0131, Q\u0131r\u0131mda ve \u00d6zbekistanda h\u0131zmet k\u00f6stergen artist Sabriye Erecepovan\u0131\u00f1 resimi ol\u011fan markalan\u011fan zarflarn\u0131\u00f1 taqdimnamesi ol\u0131p ke\u00e7ti. Tedbir Sabriye Erecepova do\u011f\u011fan\u0131n\u0131\u00f1 100 y\u0131ll\u0131\u011f\u0131 munasebetinen ke\u00e7irile. Zarflar taqdiminde Meclis reisini\u00f1 muavini, Q\u0131r\u0131m Yuqar\u0131 \u015euras\u0131 daimiy komissiyas\u0131n\u0131\u00f1 reisi Remzi \u0130lyasov, Q\u0131r\u0131m Yuqar\u0131 \u015euras\u0131n\u0131\u00f1 deputat\u0131, &#8220;Maarif\u00e7i&#8221; birle\u015fmesini\u00f1 reisi Safure Kacametova, Q\u0131r\u0131mtatar qad\u0131n-q\u0131zlar [&hellip;]","og_url":"https:\/\/qtmm.org\/qt\/safure-kacametova-sabriye-erecepovani-coqlari-qirimnin-anasi-dey-ecdiler\/","og_site_name":"\u041c\u0435\u0434\u0436\u043b\u0456\u0441","article_publisher":"https:\/\/www.facebook.com\/qtmm.info\/","article_published_time":"2012-07-10T19:03:00+00:00","article_modified_time":"2022-01-21T19:05:39+00:00","og_image":[{"width":650,"height":400,"url":"https:\/\/qtmm.org\/wp-content\/uploads\/2022\/01\/img_0775.jpeg","type":"image\/jpeg"}],"author":"Developer","twitter_card":"summary_large_image","twitter_misc":{"Written by":"Developer","Est. reading time":"3 minutes"},"schema":{"@context":"https:\/\/schema.org","@graph":[{"@type":"Article","@id":"https:\/\/qtmm.org\/qt\/safure-kacametova-sabriye-erecepovani-coqlari-qirimnin-anasi-dey-ecdiler\/#article","isPartOf":{"@id":"https:\/\/qtmm.org\/qt\/safure-kacametova-sabriye-erecepovani-coqlari-qirimnin-anasi-dey-ecdiler\/"},"author":{"name":"Developer","@id":"https:\/\/qtmm.org\/qt\/#\/schema\/person\/de562469f971dec226ac06e60bbf74a7"},"headline":"Safure Kacametova: \u00abSabriye Erecepovan\u0131 \u00e7oqlar\u0131 Q\u0131r\u0131mn\u0131\u00f1 anas\u0131, dey ecdiler\u00bb","datePublished":"2012-07-10T19:03:00+00:00","dateModified":"2022-01-21T19:05:39+00:00","mainEntityOfPage":{"@id":"https:\/\/qtmm.org\/qt\/safure-kacametova-sabriye-erecepovani-coqlari-qirimnin-anasi-dey-ecdiler\/"},"wordCount":552,"commentCount":0,"publisher":{"@id":"https:\/\/qtmm.org\/qt\/#organization"},"image":{"@id":"https:\/\/qtmm.org\/qt\/safure-kacametova-sabriye-erecepovani-coqlari-qirimnin-anasi-dey-ecdiler\/#primaryimage"},"thumbnailUrl":"https:\/\/qtmm.org\/wp-content\/uploads\/2022\/01\/img_0775.jpeg","articleSection":["Haberler"],"inLanguage":"qt","potentialAction":[{"@type":"CommentAction","name":"Comment","target":["https:\/\/qtmm.org\/qt\/safure-kacametova-sabriye-erecepovani-coqlari-qirimnin-anasi-dey-ecdiler\/#respond"]}]},{"@type":"WebPage","@id":"https:\/\/qtmm.org\/qt\/safure-kacametova-sabriye-erecepovani-coqlari-qirimnin-anasi-dey-ecdiler\/","url":"https:\/\/qtmm.org\/qt\/safure-kacametova-sabriye-erecepovani-coqlari-qirimnin-anasi-dey-ecdiler\/","name":"Safure Kacametova: \u00abSabriye Erecepovan\u0131 \u00e7oqlar\u0131 Q\u0131r\u0131mn\u0131\u00f1 anas\u0131, dey ecdiler\u00bb - \u041c\u0435\u0434\u0436\u043b\u0456\u0441","isPartOf":{"@id":"https:\/\/qtmm.org\/qt\/#website"},"primaryImageOfPage":{"@id":"https:\/\/qtmm.org\/qt\/safure-kacametova-sabriye-erecepovani-coqlari-qirimnin-anasi-dey-ecdiler\/#primaryimage"},"image":{"@id":"https:\/\/qtmm.org\/qt\/safure-kacametova-sabriye-erecepovani-coqlari-qirimnin-anasi-dey-ecdiler\/#primaryimage"},"thumbnailUrl":"https:\/\/qtmm.org\/wp-content\/uploads\/2022\/01\/img_0775.jpeg","datePublished":"2012-07-10T19:03:00+00:00","dateModified":"2022-01-21T19:05:39+00:00","breadcrumb":{"@id":"https:\/\/qtmm.org\/qt\/safure-kacametova-sabriye-erecepovani-coqlari-qirimnin-anasi-dey-ecdiler\/#breadcrumb"},"inLanguage":"qt","potentialAction":[{"@type":"ReadAction","target":["https:\/\/qtmm.org\/qt\/safure-kacametova-sabriye-erecepovani-coqlari-qirimnin-anasi-dey-ecdiler\/"]}]},{"@type":"ImageObject","inLanguage":"qt","@id":"https:\/\/qtmm.org\/qt\/safure-kacametova-sabriye-erecepovani-coqlari-qirimnin-anasi-dey-ecdiler\/#primaryimage","url":"https:\/\/qtmm.org\/wp-content\/uploads\/2022\/01\/img_0775.jpeg","contentUrl":"https:\/\/qtmm.org\/wp-content\/uploads\/2022\/01\/img_0775.jpeg","width":650,"height":400},{"@type":"BreadcrumbList","@id":"https:\/\/qtmm.org\/qt\/safure-kacametova-sabriye-erecepovani-coqlari-qirimnin-anasi-dey-ecdiler\/#breadcrumb","itemListElement":[{"@type":"ListItem","position":1,"name":"\u0413\u043e\u043b\u043e\u0432\u043d\u0430","item":"https:\/\/qtmm.org\/qt\/"},{"@type":"ListItem","position":2,"name":"Safure Kacametova: \u00abSabriye Erecepovan\u0131 \u00e7oqlar\u0131 Q\u0131r\u0131mn\u0131\u00f1 anas\u0131, dey ecdiler\u00bb"}]},{"@type":"WebSite","@id":"https:\/\/qtmm.org\/qt\/#website","url":"https:\/\/qtmm.org\/qt\/","name":"\u041c\u0435\u0434\u0436\u043b\u0456\u0441","description":"","publisher":{"@id":"https:\/\/qtmm.org\/qt\/#organization"},"potentialAction":[{"@type":"SearchAction","target":{"@type":"EntryPoint","urlTemplate":"https:\/\/qtmm.org\/qt\/?s={search_term_string}"},"query-input":{"@type":"PropertyValueSpecification","valueRequired":true,"valueName":"search_term_string"}}],"inLanguage":"qt"},{"@type":"Organization","@id":"https:\/\/qtmm.org\/qt\/#organization","name":"\u041c\u0435\u0434\u0436\u043b\u0456\u0441","url":"https:\/\/qtmm.org\/qt\/","logo":{"@type":"ImageObject","inLanguage":"qt","@id":"https:\/\/qtmm.org\/qt\/#\/schema\/logo\/image\/","url":"https:\/\/qtmm.org\/wp-content\/uploads\/2024\/12\/ua-mejlis-logo-rgb.svg","contentUrl":"https:\/\/qtmm.org\/wp-content\/uploads\/2024\/12\/ua-mejlis-logo-rgb.svg","caption":"\u041c\u0435\u0434\u0436\u043b\u0456\u0441"},"image":{"@id":"https:\/\/qtmm.org\/qt\/#\/schema\/logo\/image\/"},"sameAs":["https:\/\/www.facebook.com\/qtmm.info\/"]},{"@type":"Person","@id":"https:\/\/qtmm.org\/qt\/#\/schema\/person\/de562469f971dec226ac06e60bbf74a7","name":"Developer","image":{"@type":"ImageObject","inLanguage":"qt","@id":"https:\/\/secure.gravatar.com\/avatar\/392b4cc8fbfeb00b39dfeeab4ee6edded39ffd48e25858637e4765810300227e?s=96&d=mm&r=g","url":"https:\/\/secure.gravatar.com\/avatar\/392b4cc8fbfeb00b39dfeeab4ee6edded39ffd48e25858637e4765810300227e?s=96&d=mm&r=g","contentUrl":"https:\/\/secure.gravatar.com\/avatar\/392b4cc8fbfeb00b39dfeeab4ee6edded39ffd48e25858637e4765810300227e?s=96&d=mm&r=g","caption":"Developer"},"url":"https:\/\/qtmm.org\/qt\/author\/Developer\/"}]}},"_links":{"self":[{"href":"https:\/\/qtmm.org\/qt\/wp-json\/wp\/v2\/posts\/32403","targetHints":{"allow":["GET"]}}],"collection":[{"href":"https:\/\/qtmm.org\/qt\/wp-json\/wp\/v2\/posts"}],"about":[{"href":"https:\/\/qtmm.org\/qt\/wp-json\/wp\/v2\/types\/post"}],"author":[{"embeddable":true,"href":"https:\/\/qtmm.org\/qt\/wp-json\/wp\/v2\/users\/1"}],"replies":[{"embeddable":true,"href":"https:\/\/qtmm.org\/qt\/wp-json\/wp\/v2\/comments?post=32403"}],"version-history":[{"count":1,"href":"https:\/\/qtmm.org\/qt\/wp-json\/wp\/v2\/posts\/32403\/revisions"}],"predecessor-version":[{"id":32454,"href":"https:\/\/qtmm.org\/qt\/wp-json\/wp\/v2\/posts\/32403\/revisions\/32454"}],"wp:featuredmedia":[{"embeddable":true,"href":"https:\/\/qtmm.org\/qt\/wp-json\/wp\/v2\/media\/32408"}],"wp:attachment":[{"href":"https:\/\/qtmm.org\/qt\/wp-json\/wp\/v2\/media?parent=32403"}],"wp:term":[{"taxonomy":"category","embeddable":true,"href":"https:\/\/qtmm.org\/qt\/wp-json\/wp\/v2\/categories?post=32403"},{"taxonomy":"post_tag","embeddable":true,"href":"https:\/\/qtmm.org\/qt\/wp-json\/wp\/v2\/tags?post=32403"}],"curies":[{"name":"wp","href":"https:\/\/api.w.org\/{rel}","templated":true}]}}