




{"id":32400,"date":"2012-07-09T22:02:00","date_gmt":"2012-07-09T19:02:00","guid":{"rendered":"http:\/\/qtmm.org\/?p=32400"},"modified":"2022-01-21T22:03:02","modified_gmt":"2022-01-21T19:03:02","slug":"meclis-krimsk-ve-gelencik-seerlerinde-afattan-zararlangan-semetdeslernen-dogrudan-dogru-baglanmaq-icun-oz-vekillerini-yolladi","status":"publish","type":"post","link":"https:\/\/qtmm.org\/qt\/meclis-krimsk-ve-gelencik-seerlerinde-afattan-zararlangan-semetdeslernen-dogrudan-dogru-baglanmaq-icun-oz-vekillerini-yolladi\/","title":{"rendered":"Meclis Kr\u0131msk ve Gelencik \u015feerlerinde afattan zararlan\u011fan semetde\u015flernen do\u011frudan-do\u011fru ba\u011flanmaq i\u00e7\u00fcn \u00f6z vekillerini yollad\u0131"},"content":{"rendered":"\n<p>Krasnodar \u00fclkesinde tabiiy afat y\u00fcz bergen yerde el\u00e2k \u00f6lgan y\u00fczlernen insanlar aras\u0131nda q\u0131r\u0131mtatarlar da bar. Olarn\u0131\u00f1 \u00e7oqus\u0131 60-70-nci y\u0131llarda s\u00fcrg\u00fcnlikten qaytqan, l\u00e2kin Q\u0131r\u0131mda qalmaq imk\u00e2n\u0131n\u0131 tapalma\u011fanlar\u0131ndan Kr\u0131msk, Gelencik \u015feerlerinde yerle\u015fmege mecbur ol\u011fan ediler.<\/p>\n\n\n\n<p>Krasnodar \u00fclkesinde q\u0131r\u0131mtatarlarn\u0131\u00f1 te\u015febb\u00fcs\u00e7i gruppalar\u0131 ta o zamanda \u015fekillenip, Q\u0131r\u0131m\u011fa qaytuv ve aqlar\u0131m\u0131zn\u0131 tiklev o\u011frundaki umummilliy k\u00fcre\u015fte pek faal ve sebatl\u0131 ediler. Olarn\u0131\u00f1 pek \u00e7oqlar\u0131 90-nc\u0131 senelerni\u00f1 ba\u015f\u0131nda Q\u0131r\u0131m\u011fa qaytt\u0131lar, bir q\u0131sm\u0131 ise Krasnodar \u00fclkesinde ya\u015far ekenler, Q\u0131r\u0131mda yerle\u015fip ba\u015flad\u0131.<\/p>\n\n\n\n<p>Suv basuv\u0131nda zarar k\u00f6rgenler aras\u0131nda q\u0131r\u0131mtatarlar ol\u011fan\u0131 aqq\u0131ndaki haberler Q\u0131r\u0131mtatar halq\u0131 Meclisine turmadan kele.<\/p>\n\n\n\n<p>Kr\u0131msk ve Gelencik \u015feerlerinde afattan zararlan\u011fan semetde\u015flernen do\u011frudan-do\u011fru ba\u011flanmaq i\u00e7\u00fcn Meclis reisi Mustafa Cemilevni\u00f1 avalesi boyunca Q\u0131r\u0131mtatar halq\u0131 Meclisi reisini\u00f1 muavini Ahtem \u00c7iygoz reberligindeki bir gruppa anda yol ald\u0131.<\/p>\n\n\n\n<p>Ayn\u0131 zamanda Q\u0131r\u0131mtatar halq\u0131n\u0131\u00f1 Meclisi cemaat\u00e7\u0131l\u0131qqa muracaat etip, Kr\u0131msk, Gelencik ve Krasnodar \u00fclkesini\u00f1 diger yerlerinde y\u00fcz bergen afattan zarar k\u00f6rgen semetde\u015flerimizni\u00f1 vaziyeti aqq\u0131nda haber etmekni rica ete.\u00a0<br><br>Haber ve mesajlar\u0131\u00f1\u0131zn\u0131 Meclisni\u00f1 sayt\u0131na\u00a0www.qtmm.org\u00a0( &#8220;Ba\u011flanuv b\u00f6l\u00fcgine&#8221;), bun\u0131\u00f1 kibi de \u015fu tel.\u00a0<a rel=\"noreferrer noopener\" href=\"tel:%2B38066%20614%2020%2056\" target=\"_blank\"><strong>\u00a0+38066 614 20 56<\/strong><\/a>\u00a0boyunca bildirebilirsi\u00f1iz.<br><br>Allah epimizni qor\u00e7alas\u0131n!<\/p>\n","protected":false},"excerpt":{"rendered":"<p>Krasnodar \u00fclkesinde tabiiy afat y\u00fcz bergen yerde el\u00e2k \u00f6lgan y\u00fczlernen insanlar aras\u0131nda q\u0131r\u0131mtatarlar da bar. Olarn\u0131\u00f1 \u00e7oqus\u0131 60-70-nci y\u0131llarda s\u00fcrg\u00fcnlikten qaytqan, l\u00e2kin Q\u0131r\u0131mda qalmaq imk\u00e2n\u0131n\u0131 tapalma\u011fanlar\u0131ndan Kr\u0131msk, Gelencik \u015feerlerinde yerle\u015fmege mecbur ol\u011fan ediler. Krasnodar \u00fclkesinde q\u0131r\u0131mtatarlarn\u0131\u00f1 te\u015febb\u00fcs\u00e7i gruppalar\u0131 ta o zamanda \u015fekillenip, Q\u0131r\u0131m\u011fa qaytuv ve aqlar\u0131m\u0131zn\u0131 tiklev o\u011frundaki umummilliy k\u00fcre\u015fte pek faal ve sebatl\u0131 ediler. [&hellip;]<\/p>\n","protected":false},"author":1,"featured_media":0,"comment_status":"open","ping_status":"open","sticky":false,"template":"","format":"standard","meta":{"inline_featured_image":false,"footnotes":""},"categories":[265],"tags":[],"class_list":["post-32400","post","type-post","status-publish","format-standard","hentry","category-haberler"],"acf":[],"yoast_head":"<!-- This site is optimized with the Yoast SEO plugin v27.4 - https:\/\/yoast.com\/product\/yoast-seo-wordpress\/ -->\n<title>Meclis Kr\u0131msk ve Gelencik \u015feerlerinde afattan zararlan\u011fan semetde\u015flernen do\u011frudan-do\u011fru ba\u011flanmaq i\u00e7\u00fcn \u00f6z vekillerini yollad\u0131 - \u041c\u0435\u0434\u0436\u043b\u0456\u0441<\/title>\n<meta name=\"robots\" content=\"index, follow, max-snippet:-1, max-image-preview:large, max-video-preview:-1\" \/>\n<link rel=\"canonical\" href=\"https:\/\/qtmm.org\/qt\/meclis-krimsk-ve-gelencik-seerlerinde-afattan-zararlangan-semetdeslernen-dogrudan-dogru-baglanmaq-icun-oz-vekillerini-yolladi\/\" \/>\n<meta property=\"og:locale\" content=\"en_US\" \/>\n<meta property=\"og:type\" content=\"article\" \/>\n<meta property=\"og:title\" content=\"Meclis Kr\u0131msk ve Gelencik \u015feerlerinde afattan zararlan\u011fan semetde\u015flernen do\u011frudan-do\u011fru ba\u011flanmaq i\u00e7\u00fcn \u00f6z vekillerini yollad\u0131 - \u041c\u0435\u0434\u0436\u043b\u0456\u0441\" \/>\n<meta property=\"og:description\" content=\"Krasnodar \u00fclkesinde tabiiy afat y\u00fcz bergen yerde el\u00e2k \u00f6lgan y\u00fczlernen insanlar aras\u0131nda q\u0131r\u0131mtatarlar da bar. Olarn\u0131\u00f1 \u00e7oqus\u0131 60-70-nci y\u0131llarda s\u00fcrg\u00fcnlikten qaytqan, l\u00e2kin Q\u0131r\u0131mda qalmaq imk\u00e2n\u0131n\u0131 tapalma\u011fanlar\u0131ndan Kr\u0131msk, Gelencik \u015feerlerinde yerle\u015fmege mecbur ol\u011fan ediler. Krasnodar \u00fclkesinde q\u0131r\u0131mtatarlarn\u0131\u00f1 te\u015febb\u00fcs\u00e7i gruppalar\u0131 ta o zamanda \u015fekillenip, Q\u0131r\u0131m\u011fa qaytuv ve aqlar\u0131m\u0131zn\u0131 tiklev o\u011frundaki umummilliy k\u00fcre\u015fte pek faal ve sebatl\u0131 ediler. [&hellip;]\" \/>\n<meta property=\"og:url\" content=\"https:\/\/qtmm.org\/qt\/meclis-krimsk-ve-gelencik-seerlerinde-afattan-zararlangan-semetdeslernen-dogrudan-dogru-baglanmaq-icun-oz-vekillerini-yolladi\/\" \/>\n<meta property=\"og:site_name\" content=\"\u041c\u0435\u0434\u0436\u043b\u0456\u0441\" \/>\n<meta property=\"article:publisher\" content=\"https:\/\/www.facebook.com\/qtmm.info\/\" \/>\n<meta property=\"article:published_time\" content=\"2012-07-09T19:02:00+00:00\" \/>\n<meta property=\"article:modified_time\" content=\"2022-01-21T19:03:02+00:00\" \/>\n<meta name=\"author\" content=\"Developer\" \/>\n<meta name=\"twitter:card\" content=\"summary_large_image\" \/>\n<meta name=\"twitter:label1\" content=\"Written by\" \/>\n\t<meta name=\"twitter:data1\" content=\"Developer\" \/>\n\t<meta name=\"twitter:label2\" content=\"Est. reading time\" \/>\n\t<meta name=\"twitter:data2\" content=\"1 minute\" \/>\n<script type=\"application\/ld+json\" class=\"yoast-schema-graph\">{\"@context\":\"https:\\\/\\\/schema.org\",\"@graph\":[{\"@type\":\"Article\",\"@id\":\"https:\\\/\\\/qtmm.org\\\/qt\\\/meclis-krimsk-ve-gelencik-seerlerinde-afattan-zararlangan-semetdeslernen-dogrudan-dogru-baglanmaq-icun-oz-vekillerini-yolladi\\\/#article\",\"isPartOf\":{\"@id\":\"https:\\\/\\\/qtmm.org\\\/qt\\\/meclis-krimsk-ve-gelencik-seerlerinde-afattan-zararlangan-semetdeslernen-dogrudan-dogru-baglanmaq-icun-oz-vekillerini-yolladi\\\/\"},\"author\":{\"name\":\"Developer\",\"@id\":\"https:\\\/\\\/qtmm.org\\\/qt\\\/#\\\/schema\\\/person\\\/de562469f971dec226ac06e60bbf74a7\"},\"headline\":\"Meclis Kr\u0131msk ve Gelencik \u015feerlerinde afattan zararlan\u011fan semetde\u015flernen do\u011frudan-do\u011fru ba\u011flanmaq i\u00e7\u00fcn \u00f6z vekillerini yollad\u0131\",\"datePublished\":\"2012-07-09T19:02:00+00:00\",\"dateModified\":\"2022-01-21T19:03:02+00:00\",\"mainEntityOfPage\":{\"@id\":\"https:\\\/\\\/qtmm.org\\\/qt\\\/meclis-krimsk-ve-gelencik-seerlerinde-afattan-zararlangan-semetdeslernen-dogrudan-dogru-baglanmaq-icun-oz-vekillerini-yolladi\\\/\"},\"wordCount\":264,\"commentCount\":0,\"publisher\":{\"@id\":\"https:\\\/\\\/qtmm.org\\\/qt\\\/#organization\"},\"articleSection\":[\"Haberler\"],\"inLanguage\":\"qt\",\"potentialAction\":[{\"@type\":\"CommentAction\",\"name\":\"Comment\",\"target\":[\"https:\\\/\\\/qtmm.org\\\/qt\\\/meclis-krimsk-ve-gelencik-seerlerinde-afattan-zararlangan-semetdeslernen-dogrudan-dogru-baglanmaq-icun-oz-vekillerini-yolladi\\\/#respond\"]}]},{\"@type\":\"WebPage\",\"@id\":\"https:\\\/\\\/qtmm.org\\\/qt\\\/meclis-krimsk-ve-gelencik-seerlerinde-afattan-zararlangan-semetdeslernen-dogrudan-dogru-baglanmaq-icun-oz-vekillerini-yolladi\\\/\",\"url\":\"https:\\\/\\\/qtmm.org\\\/qt\\\/meclis-krimsk-ve-gelencik-seerlerinde-afattan-zararlangan-semetdeslernen-dogrudan-dogru-baglanmaq-icun-oz-vekillerini-yolladi\\\/\",\"name\":\"Meclis Kr\u0131msk ve Gelencik \u015feerlerinde afattan zararlan\u011fan semetde\u015flernen do\u011frudan-do\u011fru ba\u011flanmaq i\u00e7\u00fcn \u00f6z vekillerini yollad\u0131 - \u041c\u0435\u0434\u0436\u043b\u0456\u0441\",\"isPartOf\":{\"@id\":\"https:\\\/\\\/qtmm.org\\\/qt\\\/#website\"},\"datePublished\":\"2012-07-09T19:02:00+00:00\",\"dateModified\":\"2022-01-21T19:03:02+00:00\",\"breadcrumb\":{\"@id\":\"https:\\\/\\\/qtmm.org\\\/qt\\\/meclis-krimsk-ve-gelencik-seerlerinde-afattan-zararlangan-semetdeslernen-dogrudan-dogru-baglanmaq-icun-oz-vekillerini-yolladi\\\/#breadcrumb\"},\"inLanguage\":\"qt\",\"potentialAction\":[{\"@type\":\"ReadAction\",\"target\":[\"https:\\\/\\\/qtmm.org\\\/qt\\\/meclis-krimsk-ve-gelencik-seerlerinde-afattan-zararlangan-semetdeslernen-dogrudan-dogru-baglanmaq-icun-oz-vekillerini-yolladi\\\/\"]}]},{\"@type\":\"BreadcrumbList\",\"@id\":\"https:\\\/\\\/qtmm.org\\\/qt\\\/meclis-krimsk-ve-gelencik-seerlerinde-afattan-zararlangan-semetdeslernen-dogrudan-dogru-baglanmaq-icun-oz-vekillerini-yolladi\\\/#breadcrumb\",\"itemListElement\":[{\"@type\":\"ListItem\",\"position\":1,\"name\":\"\u0413\u043e\u043b\u043e\u0432\u043d\u0430\",\"item\":\"https:\\\/\\\/qtmm.org\\\/qt\\\/\"},{\"@type\":\"ListItem\",\"position\":2,\"name\":\"Meclis Kr\u0131msk ve Gelencik \u015feerlerinde afattan zararlan\u011fan semetde\u015flernen do\u011frudan-do\u011fru ba\u011flanmaq i\u00e7\u00fcn \u00f6z vekillerini yollad\u0131\"}]},{\"@type\":\"WebSite\",\"@id\":\"https:\\\/\\\/qtmm.org\\\/qt\\\/#website\",\"url\":\"https:\\\/\\\/qtmm.org\\\/qt\\\/\",\"name\":\"\u041c\u0435\u0434\u0436\u043b\u0456\u0441\",\"description\":\"\",\"publisher\":{\"@id\":\"https:\\\/\\\/qtmm.org\\\/qt\\\/#organization\"},\"potentialAction\":[{\"@type\":\"SearchAction\",\"target\":{\"@type\":\"EntryPoint\",\"urlTemplate\":\"https:\\\/\\\/qtmm.org\\\/qt\\\/?s={search_term_string}\"},\"query-input\":{\"@type\":\"PropertyValueSpecification\",\"valueRequired\":true,\"valueName\":\"search_term_string\"}}],\"inLanguage\":\"qt\"},{\"@type\":\"Organization\",\"@id\":\"https:\\\/\\\/qtmm.org\\\/qt\\\/#organization\",\"name\":\"\u041c\u0435\u0434\u0436\u043b\u0456\u0441\",\"url\":\"https:\\\/\\\/qtmm.org\\\/qt\\\/\",\"logo\":{\"@type\":\"ImageObject\",\"inLanguage\":\"qt\",\"@id\":\"https:\\\/\\\/qtmm.org\\\/qt\\\/#\\\/schema\\\/logo\\\/image\\\/\",\"url\":\"https:\\\/\\\/qtmm.org\\\/wp-content\\\/uploads\\\/2024\\\/12\\\/ua-mejlis-logo-rgb.svg\",\"contentUrl\":\"https:\\\/\\\/qtmm.org\\\/wp-content\\\/uploads\\\/2024\\\/12\\\/ua-mejlis-logo-rgb.svg\",\"caption\":\"\u041c\u0435\u0434\u0436\u043b\u0456\u0441\"},\"image\":{\"@id\":\"https:\\\/\\\/qtmm.org\\\/qt\\\/#\\\/schema\\\/logo\\\/image\\\/\"},\"sameAs\":[\"https:\\\/\\\/www.facebook.com\\\/qtmm.info\\\/\"]},{\"@type\":\"Person\",\"@id\":\"https:\\\/\\\/qtmm.org\\\/qt\\\/#\\\/schema\\\/person\\\/de562469f971dec226ac06e60bbf74a7\",\"name\":\"Developer\",\"image\":{\"@type\":\"ImageObject\",\"inLanguage\":\"qt\",\"@id\":\"https:\\\/\\\/secure.gravatar.com\\\/avatar\\\/392b4cc8fbfeb00b39dfeeab4ee6edded39ffd48e25858637e4765810300227e?s=96&d=mm&r=g\",\"url\":\"https:\\\/\\\/secure.gravatar.com\\\/avatar\\\/392b4cc8fbfeb00b39dfeeab4ee6edded39ffd48e25858637e4765810300227e?s=96&d=mm&r=g\",\"contentUrl\":\"https:\\\/\\\/secure.gravatar.com\\\/avatar\\\/392b4cc8fbfeb00b39dfeeab4ee6edded39ffd48e25858637e4765810300227e?s=96&d=mm&r=g\",\"caption\":\"Developer\"},\"url\":\"https:\\\/\\\/qtmm.org\\\/qt\\\/author\\\/Developer\\\/\"}]}<\/script>\n<!-- \/ Yoast SEO plugin. -->","yoast_head_json":{"title":"Meclis Kr\u0131msk ve Gelencik \u015feerlerinde afattan zararlan\u011fan semetde\u015flernen do\u011frudan-do\u011fru ba\u011flanmaq i\u00e7\u00fcn \u00f6z vekillerini yollad\u0131 - \u041c\u0435\u0434\u0436\u043b\u0456\u0441","robots":{"index":"index","follow":"follow","max-snippet":"max-snippet:-1","max-image-preview":"max-image-preview:large","max-video-preview":"max-video-preview:-1"},"canonical":"https:\/\/qtmm.org\/qt\/meclis-krimsk-ve-gelencik-seerlerinde-afattan-zararlangan-semetdeslernen-dogrudan-dogru-baglanmaq-icun-oz-vekillerini-yolladi\/","og_locale":"en_US","og_type":"article","og_title":"Meclis Kr\u0131msk ve Gelencik \u015feerlerinde afattan zararlan\u011fan semetde\u015flernen do\u011frudan-do\u011fru ba\u011flanmaq i\u00e7\u00fcn \u00f6z vekillerini yollad\u0131 - \u041c\u0435\u0434\u0436\u043b\u0456\u0441","og_description":"Krasnodar \u00fclkesinde tabiiy afat y\u00fcz bergen yerde el\u00e2k \u00f6lgan y\u00fczlernen insanlar aras\u0131nda q\u0131r\u0131mtatarlar da bar. Olarn\u0131\u00f1 \u00e7oqus\u0131 60-70-nci y\u0131llarda s\u00fcrg\u00fcnlikten qaytqan, l\u00e2kin Q\u0131r\u0131mda qalmaq imk\u00e2n\u0131n\u0131 tapalma\u011fanlar\u0131ndan Kr\u0131msk, Gelencik \u015feerlerinde yerle\u015fmege mecbur ol\u011fan ediler. Krasnodar \u00fclkesinde q\u0131r\u0131mtatarlarn\u0131\u00f1 te\u015febb\u00fcs\u00e7i gruppalar\u0131 ta o zamanda \u015fekillenip, Q\u0131r\u0131m\u011fa qaytuv ve aqlar\u0131m\u0131zn\u0131 tiklev o\u011frundaki umummilliy k\u00fcre\u015fte pek faal ve sebatl\u0131 ediler. [&hellip;]","og_url":"https:\/\/qtmm.org\/qt\/meclis-krimsk-ve-gelencik-seerlerinde-afattan-zararlangan-semetdeslernen-dogrudan-dogru-baglanmaq-icun-oz-vekillerini-yolladi\/","og_site_name":"\u041c\u0435\u0434\u0436\u043b\u0456\u0441","article_publisher":"https:\/\/www.facebook.com\/qtmm.info\/","article_published_time":"2012-07-09T19:02:00+00:00","article_modified_time":"2022-01-21T19:03:02+00:00","author":"Developer","twitter_card":"summary_large_image","twitter_misc":{"Written by":"Developer","Est. reading time":"1 minute"},"schema":{"@context":"https:\/\/schema.org","@graph":[{"@type":"Article","@id":"https:\/\/qtmm.org\/qt\/meclis-krimsk-ve-gelencik-seerlerinde-afattan-zararlangan-semetdeslernen-dogrudan-dogru-baglanmaq-icun-oz-vekillerini-yolladi\/#article","isPartOf":{"@id":"https:\/\/qtmm.org\/qt\/meclis-krimsk-ve-gelencik-seerlerinde-afattan-zararlangan-semetdeslernen-dogrudan-dogru-baglanmaq-icun-oz-vekillerini-yolladi\/"},"author":{"name":"Developer","@id":"https:\/\/qtmm.org\/qt\/#\/schema\/person\/de562469f971dec226ac06e60bbf74a7"},"headline":"Meclis Kr\u0131msk ve Gelencik \u015feerlerinde afattan zararlan\u011fan semetde\u015flernen do\u011frudan-do\u011fru ba\u011flanmaq i\u00e7\u00fcn \u00f6z vekillerini yollad\u0131","datePublished":"2012-07-09T19:02:00+00:00","dateModified":"2022-01-21T19:03:02+00:00","mainEntityOfPage":{"@id":"https:\/\/qtmm.org\/qt\/meclis-krimsk-ve-gelencik-seerlerinde-afattan-zararlangan-semetdeslernen-dogrudan-dogru-baglanmaq-icun-oz-vekillerini-yolladi\/"},"wordCount":264,"commentCount":0,"publisher":{"@id":"https:\/\/qtmm.org\/qt\/#organization"},"articleSection":["Haberler"],"inLanguage":"qt","potentialAction":[{"@type":"CommentAction","name":"Comment","target":["https:\/\/qtmm.org\/qt\/meclis-krimsk-ve-gelencik-seerlerinde-afattan-zararlangan-semetdeslernen-dogrudan-dogru-baglanmaq-icun-oz-vekillerini-yolladi\/#respond"]}]},{"@type":"WebPage","@id":"https:\/\/qtmm.org\/qt\/meclis-krimsk-ve-gelencik-seerlerinde-afattan-zararlangan-semetdeslernen-dogrudan-dogru-baglanmaq-icun-oz-vekillerini-yolladi\/","url":"https:\/\/qtmm.org\/qt\/meclis-krimsk-ve-gelencik-seerlerinde-afattan-zararlangan-semetdeslernen-dogrudan-dogru-baglanmaq-icun-oz-vekillerini-yolladi\/","name":"Meclis Kr\u0131msk ve Gelencik \u015feerlerinde afattan zararlan\u011fan semetde\u015flernen do\u011frudan-do\u011fru ba\u011flanmaq i\u00e7\u00fcn \u00f6z vekillerini yollad\u0131 - \u041c\u0435\u0434\u0436\u043b\u0456\u0441","isPartOf":{"@id":"https:\/\/qtmm.org\/qt\/#website"},"datePublished":"2012-07-09T19:02:00+00:00","dateModified":"2022-01-21T19:03:02+00:00","breadcrumb":{"@id":"https:\/\/qtmm.org\/qt\/meclis-krimsk-ve-gelencik-seerlerinde-afattan-zararlangan-semetdeslernen-dogrudan-dogru-baglanmaq-icun-oz-vekillerini-yolladi\/#breadcrumb"},"inLanguage":"qt","potentialAction":[{"@type":"ReadAction","target":["https:\/\/qtmm.org\/qt\/meclis-krimsk-ve-gelencik-seerlerinde-afattan-zararlangan-semetdeslernen-dogrudan-dogru-baglanmaq-icun-oz-vekillerini-yolladi\/"]}]},{"@type":"BreadcrumbList","@id":"https:\/\/qtmm.org\/qt\/meclis-krimsk-ve-gelencik-seerlerinde-afattan-zararlangan-semetdeslernen-dogrudan-dogru-baglanmaq-icun-oz-vekillerini-yolladi\/#breadcrumb","itemListElement":[{"@type":"ListItem","position":1,"name":"\u0413\u043e\u043b\u043e\u0432\u043d\u0430","item":"https:\/\/qtmm.org\/qt\/"},{"@type":"ListItem","position":2,"name":"Meclis Kr\u0131msk ve Gelencik \u015feerlerinde afattan zararlan\u011fan semetde\u015flernen do\u011frudan-do\u011fru ba\u011flanmaq i\u00e7\u00fcn \u00f6z vekillerini yollad\u0131"}]},{"@type":"WebSite","@id":"https:\/\/qtmm.org\/qt\/#website","url":"https:\/\/qtmm.org\/qt\/","name":"\u041c\u0435\u0434\u0436\u043b\u0456\u0441","description":"","publisher":{"@id":"https:\/\/qtmm.org\/qt\/#organization"},"potentialAction":[{"@type":"SearchAction","target":{"@type":"EntryPoint","urlTemplate":"https:\/\/qtmm.org\/qt\/?s={search_term_string}"},"query-input":{"@type":"PropertyValueSpecification","valueRequired":true,"valueName":"search_term_string"}}],"inLanguage":"qt"},{"@type":"Organization","@id":"https:\/\/qtmm.org\/qt\/#organization","name":"\u041c\u0435\u0434\u0436\u043b\u0456\u0441","url":"https:\/\/qtmm.org\/qt\/","logo":{"@type":"ImageObject","inLanguage":"qt","@id":"https:\/\/qtmm.org\/qt\/#\/schema\/logo\/image\/","url":"https:\/\/qtmm.org\/wp-content\/uploads\/2024\/12\/ua-mejlis-logo-rgb.svg","contentUrl":"https:\/\/qtmm.org\/wp-content\/uploads\/2024\/12\/ua-mejlis-logo-rgb.svg","caption":"\u041c\u0435\u0434\u0436\u043b\u0456\u0441"},"image":{"@id":"https:\/\/qtmm.org\/qt\/#\/schema\/logo\/image\/"},"sameAs":["https:\/\/www.facebook.com\/qtmm.info\/"]},{"@type":"Person","@id":"https:\/\/qtmm.org\/qt\/#\/schema\/person\/de562469f971dec226ac06e60bbf74a7","name":"Developer","image":{"@type":"ImageObject","inLanguage":"qt","@id":"https:\/\/secure.gravatar.com\/avatar\/392b4cc8fbfeb00b39dfeeab4ee6edded39ffd48e25858637e4765810300227e?s=96&d=mm&r=g","url":"https:\/\/secure.gravatar.com\/avatar\/392b4cc8fbfeb00b39dfeeab4ee6edded39ffd48e25858637e4765810300227e?s=96&d=mm&r=g","contentUrl":"https:\/\/secure.gravatar.com\/avatar\/392b4cc8fbfeb00b39dfeeab4ee6edded39ffd48e25858637e4765810300227e?s=96&d=mm&r=g","caption":"Developer"},"url":"https:\/\/qtmm.org\/qt\/author\/Developer\/"}]}},"_links":{"self":[{"href":"https:\/\/qtmm.org\/qt\/wp-json\/wp\/v2\/posts\/32400","targetHints":{"allow":["GET"]}}],"collection":[{"href":"https:\/\/qtmm.org\/qt\/wp-json\/wp\/v2\/posts"}],"about":[{"href":"https:\/\/qtmm.org\/qt\/wp-json\/wp\/v2\/types\/post"}],"author":[{"embeddable":true,"href":"https:\/\/qtmm.org\/qt\/wp-json\/wp\/v2\/users\/1"}],"replies":[{"embeddable":true,"href":"https:\/\/qtmm.org\/qt\/wp-json\/wp\/v2\/comments?post=32400"}],"version-history":[{"count":1,"href":"https:\/\/qtmm.org\/qt\/wp-json\/wp\/v2\/posts\/32400\/revisions"}],"predecessor-version":[{"id":32402,"href":"https:\/\/qtmm.org\/qt\/wp-json\/wp\/v2\/posts\/32400\/revisions\/32402"}],"wp:attachment":[{"href":"https:\/\/qtmm.org\/qt\/wp-json\/wp\/v2\/media?parent=32400"}],"wp:term":[{"taxonomy":"category","embeddable":true,"href":"https:\/\/qtmm.org\/qt\/wp-json\/wp\/v2\/categories?post=32400"},{"taxonomy":"post_tag","embeddable":true,"href":"https:\/\/qtmm.org\/qt\/wp-json\/wp\/v2\/tags?post=32400"}],"curies":[{"name":"wp","href":"https:\/\/api.w.org\/{rel}","templated":true}]}}