




{"id":32373,"date":"2012-07-07T22:00:00","date_gmt":"2012-07-07T19:00:00","guid":{"rendered":"http:\/\/qtmm.org\/?p=32373"},"modified":"2022-01-21T22:02:20","modified_gmt":"2022-01-21T19:02:20","slug":"usein-capuh-kene-yalta-regional-meclisinin-reisi-olaraq-saylandi","status":"publish","type":"post","link":"https:\/\/qtmm.org\/qt\/usein-capuh-kene-yalta-regional-meclisinin-reisi-olaraq-saylandi\/","title":{"rendered":"\u00dcsein \u00c7apuh kene Yalta regional meclisini\u00f1 reisi olaraq sayland\u0131"},"content":{"rendered":"\n<p>2012 senesi iy\u00fcl 7 kun. Yalta region\u0131 q\u0131r\u0131mtatarlar\u0131n\u0131\u00f1 konferentsiyas\u0131 ol\u0131p ke\u00e7ti. On\u0131\u00f1 i\u015finde saylan\u011fan ve 8 yerli meclisni temsil etken ve saylan\u011fan 32 azas\u0131ndan 29 neferi i\u015ftirak etti.<\/p>\n\n\n\n<p>&#8220;Q\u0131r\u0131mtatar halq\u0131n\u0131\u00f1 \u00f6z-\u00f6z\u00fcni idare et\u00fcv milliy organlar\u0131 aqq\u0131nda nizam&#8221;\u011fa binaen Yalta regional konferentsiyan\u0131 regional meclisni\u00f1 reisi saylanmas\u0131na qadar Yerli meclislerge saylavlarn\u0131 az\u0131rlav ve te\u015fkil et\u00fcv boyunca komissiyas\u0131n\u0131\u00f1 reisi Refat \u00c7ubarov ve komissiya k\u00e2tibi Zair Smedl\u00e2yev al\u0131p bard\u0131lar.<\/p>\n\n\n\n<p>Konferentsiyada Q\u0131r\u0131mtatar halq\u0131 Meclisini\u00f1 reisi Mustafa Cemilev, on\u0131\u00f1 muavini Ahtem \u00c7iygoz, Meclis azalar\u0131 Ali Hamzin ve Zaur Smirnov, bun\u0131\u00f1 kibi de Q\u0131r\u0131mtatar halq\u0131 5-nci \u00e7a\u011f\u0131r\u0131l\u0131\u015f Qurultay\u0131n\u0131\u00f1 delegatlar\u0131 i\u015ftirak ettiler.<\/p>\n\n\n\n<p>Konferentsiya k\u00fcn tertibi ve regional meclisni saylav tertibi tasdiqlan\u011fan so\u00f1 delegatlar Yalta regional meclis reisini saylav meselesini\u00f1 muzakeresine ke\u00e7tiler.<\/p>\n\n\n\n<p>Gizli rey ber\u00fcvni\u00f1 neticelerine k\u00f6re Yalta regional meclisini\u00f1 reisi olaraq kene \u00dcsein \u00c7apuh sayland\u0131.<\/p>\n\n\n\n<p>Delegatlar Yalta regional meclis erk\u00e2n\u0131n\u0131 tekmillev aqq\u0131nda qarar ald\u0131lar. \u00dcsein \u00c7apuh em yerli meclis reisleri ve ayn\u0131 zamanda Regional meclis azalar\u0131 ol\u011fan 8 insandan \u011fayr\u0131 Zaur Smirnov, Baraba\u015f Memet ve Qarayeva Zeynebni de regional meclis erk\u00e2n\u0131na kirsetmekni teklif etti. Teklifke er kes qoltutt\u0131.<\/p>\n\n\n\n<p>Milliy Meclis reisi Mustafa Cemilev Yalta regional meclisini\u00f1 reisi \u00dcsein \u00c7apuhn\u0131 hay\u0131rlap, o\u00f1a ve Yalta regional meclisini\u00f1 b\u00fct\u00fcn azalar\u0131na semereli \u00e7al\u0131\u015fmaqn\u0131 tiledi.<\/p>\n\n\n\n<hr class=\"wp-block-separator\"\/>\n\n\n\n<p>\u015eun\u0131 hat\u0131rlatmal\u0131 ki, Yalta region\u0131n\u0131\u00f1 yerli meclislerine saylavlar aprel 29 k\u00fcn\u00fc umumiy, musaviy ve do\u011frudan-do\u011fru gizli rey ber\u00fcv yolunen ke\u00e7irilgen edi.<br>Rey ber\u00fcv neticelerine k\u00f6re 8 yerli mecliske 32 aza sayland\u0131.<\/p>\n\n\n\n<p>Umumen Yalta region\u0131 boyunca saylavc\u0131larn\u0131\u00f1 aktivligi 52 fay\u0131zn\u0131 te\u015fkil etip, bulardan e\u00f1 y\u00fcksek k\u00f6stergi\u00e7ni Livadiya qasabas\u0131 (89 fay\u0131z), e\u00f1 a\u015fa\u011f\u0131 k\u00f6stergi\u00e7ni ise Yalta (39 fay\u0131z) elde ettiler.<\/p>\n\n\n\n<figure class=\"wp-block-gallery columns-3 is-cropped wp-block-gallery-1 is-layout-flex wp-block-gallery-is-layout-flex\"><ul class=\"blocks-gallery-grid\"><li class=\"blocks-gallery-item\"><figure><a href=\"http:\/\/qtmm.org\/wp-content\/uploads\/2022\/01\/4ff9cc50dabf3.jpeg\"><img loading=\"lazy\" decoding=\"async\" width=\"640\" height=\"480\" src=\"http:\/\/qtmm.org\/wp-content\/uploads\/2022\/01\/4ff9cc50dabf3.jpeg\" alt=\"\" data-id=\"32379\" data-full-url=\"http:\/\/qtmm.org\/wp-content\/uploads\/2022\/01\/4ff9cc50dabf3.jpeg\" data-link=\"http:\/\/qtmm.org\/?attachment_id=32379\" class=\"wp-image-32379\" srcset=\"https:\/\/qtmm.org\/wp-content\/uploads\/2022\/01\/4ff9cc50dabf3.jpeg 640w, https:\/\/qtmm.org\/wp-content\/uploads\/2022\/01\/4ff9cc50dabf3-300x225.jpeg 300w\" sizes=\"auto, (max-width: 640px) 100vw, 640px\" \/><\/a><\/figure><\/li><li class=\"blocks-gallery-item\"><figure><a href=\"http:\/\/qtmm.org\/wp-content\/uploads\/2022\/01\/4ff9cc51e3c93.jpeg\"><img loading=\"lazy\" decoding=\"async\" width=\"640\" height=\"480\" src=\"http:\/\/qtmm.org\/wp-content\/uploads\/2022\/01\/4ff9cc51e3c93.jpeg\" alt=\"\" data-id=\"32383\" data-full-url=\"http:\/\/qtmm.org\/wp-content\/uploads\/2022\/01\/4ff9cc51e3c93.jpeg\" data-link=\"http:\/\/qtmm.org\/?attachment_id=32383\" class=\"wp-image-32383\" srcset=\"https:\/\/qtmm.org\/wp-content\/uploads\/2022\/01\/4ff9cc51e3c93.jpeg 640w, https:\/\/qtmm.org\/wp-content\/uploads\/2022\/01\/4ff9cc51e3c93-300x225.jpeg 300w\" sizes=\"auto, (max-width: 640px) 100vw, 640px\" \/><\/a><\/figure><\/li><li class=\"blocks-gallery-item\"><figure><a href=\"http:\/\/qtmm.org\/wp-content\/uploads\/2022\/01\/4ff9cc508be2d.jpeg\"><img loading=\"lazy\" decoding=\"async\" width=\"640\" height=\"480\" src=\"http:\/\/qtmm.org\/wp-content\/uploads\/2022\/01\/4ff9cc508be2d.jpeg\" alt=\"\" data-id=\"32387\" data-full-url=\"http:\/\/qtmm.org\/wp-content\/uploads\/2022\/01\/4ff9cc508be2d.jpeg\" data-link=\"http:\/\/qtmm.org\/qt\/?attachment_id=32387\" class=\"wp-image-32387\" srcset=\"https:\/\/qtmm.org\/wp-content\/uploads\/2022\/01\/4ff9cc508be2d.jpeg 640w, https:\/\/qtmm.org\/wp-content\/uploads\/2022\/01\/4ff9cc508be2d-300x225.jpeg 300w\" sizes=\"auto, (max-width: 640px) 100vw, 640px\" \/><\/a><\/figure><\/li><li class=\"blocks-gallery-item\"><figure><a href=\"http:\/\/qtmm.org\/wp-content\/uploads\/2022\/01\/4ff9cc518c62a.jpeg\"><img loading=\"lazy\" decoding=\"async\" width=\"640\" height=\"480\" src=\"http:\/\/qtmm.org\/wp-content\/uploads\/2022\/01\/4ff9cc518c62a.jpeg\" alt=\"\" data-id=\"32391\" data-full-url=\"http:\/\/qtmm.org\/wp-content\/uploads\/2022\/01\/4ff9cc518c62a.jpeg\" data-link=\"http:\/\/qtmm.org\/qt\/?attachment_id=32391\" class=\"wp-image-32391\" srcset=\"https:\/\/qtmm.org\/wp-content\/uploads\/2022\/01\/4ff9cc518c62a.jpeg 640w, https:\/\/qtmm.org\/wp-content\/uploads\/2022\/01\/4ff9cc518c62a-300x225.jpeg 300w\" sizes=\"auto, (max-width: 640px) 100vw, 640px\" \/><\/a><\/figure><\/li><li class=\"blocks-gallery-item\"><figure><a href=\"http:\/\/qtmm.org\/wp-content\/uploads\/2022\/01\/4ff9cc5135790.jpeg\"><img loading=\"lazy\" decoding=\"async\" width=\"640\" height=\"480\" src=\"http:\/\/qtmm.org\/wp-content\/uploads\/2022\/01\/4ff9cc5135790.jpeg\" alt=\"\" data-id=\"32395\" data-full-url=\"http:\/\/qtmm.org\/wp-content\/uploads\/2022\/01\/4ff9cc5135790.jpeg\" data-link=\"http:\/\/qtmm.org\/qt\/?attachment_id=32395\" class=\"wp-image-32395\" srcset=\"https:\/\/qtmm.org\/wp-content\/uploads\/2022\/01\/4ff9cc5135790.jpeg 640w, https:\/\/qtmm.org\/wp-content\/uploads\/2022\/01\/4ff9cc5135790-300x225.jpeg 300w\" sizes=\"auto, (max-width: 640px) 100vw, 640px\" \/><\/a><\/figure><\/li><\/ul><\/figure>\n","protected":false},"excerpt":{"rendered":"<p>2012 senesi iy\u00fcl 7 kun. Yalta region\u0131 q\u0131r\u0131mtatarlar\u0131n\u0131\u00f1 konferentsiyas\u0131 ol\u0131p ke\u00e7ti. On\u0131\u00f1 i\u015finde saylan\u011fan ve 8 yerli meclisni temsil etken ve saylan\u011fan 32 azas\u0131ndan 29 neferi i\u015ftirak etti. &#8220;Q\u0131r\u0131mtatar halq\u0131n\u0131\u00f1 \u00f6z-\u00f6z\u00fcni idare et\u00fcv milliy organlar\u0131 aqq\u0131nda nizam&#8221;\u011fa binaen Yalta regional konferentsiyan\u0131 regional meclisni\u00f1 reisi saylanmas\u0131na qadar Yerli meclislerge saylavlarn\u0131 az\u0131rlav ve te\u015fkil et\u00fcv boyunca komissiyas\u0131n\u0131\u00f1 [&hellip;]<\/p>\n","protected":false},"author":1,"featured_media":0,"comment_status":"open","ping_status":"open","sticky":false,"template":"","format":"standard","meta":{"inline_featured_image":false,"footnotes":""},"categories":[265],"tags":[],"class_list":["post-32373","post","type-post","status-publish","format-standard","hentry","category-haberler"],"acf":[],"yoast_head":"<!-- This site is optimized with the Yoast SEO plugin v27.4 - https:\/\/yoast.com\/product\/yoast-seo-wordpress\/ -->\n<title>\u00dcsein \u00c7apuh kene Yalta regional meclisini\u00f1 reisi olaraq sayland\u0131 - \u041c\u0435\u0434\u0436\u043b\u0456\u0441<\/title>\n<meta name=\"robots\" content=\"index, follow, max-snippet:-1, max-image-preview:large, max-video-preview:-1\" \/>\n<link rel=\"canonical\" href=\"https:\/\/qtmm.org\/qt\/usein-capuh-kene-yalta-regional-meclisinin-reisi-olaraq-saylandi\/\" \/>\n<meta property=\"og:locale\" content=\"en_US\" \/>\n<meta property=\"og:type\" content=\"article\" \/>\n<meta property=\"og:title\" content=\"\u00dcsein \u00c7apuh kene Yalta regional meclisini\u00f1 reisi olaraq sayland\u0131 - \u041c\u0435\u0434\u0436\u043b\u0456\u0441\" \/>\n<meta property=\"og:description\" content=\"2012 senesi iy\u00fcl 7 kun. Yalta region\u0131 q\u0131r\u0131mtatarlar\u0131n\u0131\u00f1 konferentsiyas\u0131 ol\u0131p ke\u00e7ti. On\u0131\u00f1 i\u015finde saylan\u011fan ve 8 yerli meclisni temsil etken ve saylan\u011fan 32 azas\u0131ndan 29 neferi i\u015ftirak etti. &#8220;Q\u0131r\u0131mtatar halq\u0131n\u0131\u00f1 \u00f6z-\u00f6z\u00fcni idare et\u00fcv milliy organlar\u0131 aqq\u0131nda nizam&#8221;\u011fa binaen Yalta regional konferentsiyan\u0131 regional meclisni\u00f1 reisi saylanmas\u0131na qadar Yerli meclislerge saylavlarn\u0131 az\u0131rlav ve te\u015fkil et\u00fcv boyunca komissiyas\u0131n\u0131\u00f1 [&hellip;]\" \/>\n<meta property=\"og:url\" content=\"https:\/\/qtmm.org\/qt\/usein-capuh-kene-yalta-regional-meclisinin-reisi-olaraq-saylandi\/\" \/>\n<meta property=\"og:site_name\" content=\"\u041c\u0435\u0434\u0436\u043b\u0456\u0441\" \/>\n<meta property=\"article:publisher\" content=\"https:\/\/www.facebook.com\/qtmm.info\/\" \/>\n<meta property=\"article:published_time\" content=\"2012-07-07T19:00:00+00:00\" \/>\n<meta property=\"article:modified_time\" content=\"2022-01-21T19:02:20+00:00\" \/>\n<meta property=\"og:image\" content=\"https:\/\/qtmm.org\/wp-content\/uploads\/2022\/01\/4ff9cc50dabf3.jpeg\" \/>\n\t<meta property=\"og:image:width\" content=\"640\" \/>\n\t<meta property=\"og:image:height\" content=\"480\" \/>\n\t<meta property=\"og:image:type\" content=\"image\/jpeg\" \/>\n<meta name=\"author\" content=\"Developer\" \/>\n<meta name=\"twitter:card\" content=\"summary_large_image\" \/>\n<meta name=\"twitter:label1\" content=\"Written by\" \/>\n\t<meta name=\"twitter:data1\" content=\"Developer\" \/>\n\t<meta name=\"twitter:label2\" content=\"Est. reading time\" \/>\n\t<meta name=\"twitter:data2\" content=\"2 minutes\" \/>\n<script type=\"application\/ld+json\" class=\"yoast-schema-graph\">{\"@context\":\"https:\\\/\\\/schema.org\",\"@graph\":[{\"@type\":\"Article\",\"@id\":\"https:\\\/\\\/qtmm.org\\\/qt\\\/usein-capuh-kene-yalta-regional-meclisinin-reisi-olaraq-saylandi\\\/#article\",\"isPartOf\":{\"@id\":\"https:\\\/\\\/qtmm.org\\\/qt\\\/usein-capuh-kene-yalta-regional-meclisinin-reisi-olaraq-saylandi\\\/\"},\"author\":{\"name\":\"Developer\",\"@id\":\"https:\\\/\\\/qtmm.org\\\/qt\\\/#\\\/schema\\\/person\\\/de562469f971dec226ac06e60bbf74a7\"},\"headline\":\"\u00dcsein \u00c7apuh kene Yalta regional meclisini\u00f1 reisi olaraq sayland\u0131\",\"datePublished\":\"2012-07-07T19:00:00+00:00\",\"dateModified\":\"2022-01-21T19:02:20+00:00\",\"mainEntityOfPage\":{\"@id\":\"https:\\\/\\\/qtmm.org\\\/qt\\\/usein-capuh-kene-yalta-regional-meclisinin-reisi-olaraq-saylandi\\\/\"},\"wordCount\":321,\"commentCount\":0,\"publisher\":{\"@id\":\"https:\\\/\\\/qtmm.org\\\/qt\\\/#organization\"},\"image\":{\"@id\":\"https:\\\/\\\/qtmm.org\\\/qt\\\/usein-capuh-kene-yalta-regional-meclisinin-reisi-olaraq-saylandi\\\/#primaryimage\"},\"thumbnailUrl\":\"http:\\\/\\\/qtmm.org\\\/wp-content\\\/uploads\\\/2022\\\/01\\\/4ff9cc50dabf3.jpeg\",\"articleSection\":[\"Haberler\"],\"inLanguage\":\"qt\",\"potentialAction\":[{\"@type\":\"CommentAction\",\"name\":\"Comment\",\"target\":[\"https:\\\/\\\/qtmm.org\\\/qt\\\/usein-capuh-kene-yalta-regional-meclisinin-reisi-olaraq-saylandi\\\/#respond\"]}]},{\"@type\":\"WebPage\",\"@id\":\"https:\\\/\\\/qtmm.org\\\/qt\\\/usein-capuh-kene-yalta-regional-meclisinin-reisi-olaraq-saylandi\\\/\",\"url\":\"https:\\\/\\\/qtmm.org\\\/qt\\\/usein-capuh-kene-yalta-regional-meclisinin-reisi-olaraq-saylandi\\\/\",\"name\":\"\u00dcsein \u00c7apuh kene Yalta regional meclisini\u00f1 reisi olaraq sayland\u0131 - \u041c\u0435\u0434\u0436\u043b\u0456\u0441\",\"isPartOf\":{\"@id\":\"https:\\\/\\\/qtmm.org\\\/qt\\\/#website\"},\"primaryImageOfPage\":{\"@id\":\"https:\\\/\\\/qtmm.org\\\/qt\\\/usein-capuh-kene-yalta-regional-meclisinin-reisi-olaraq-saylandi\\\/#primaryimage\"},\"image\":{\"@id\":\"https:\\\/\\\/qtmm.org\\\/qt\\\/usein-capuh-kene-yalta-regional-meclisinin-reisi-olaraq-saylandi\\\/#primaryimage\"},\"thumbnailUrl\":\"http:\\\/\\\/qtmm.org\\\/wp-content\\\/uploads\\\/2022\\\/01\\\/4ff9cc50dabf3.jpeg\",\"datePublished\":\"2012-07-07T19:00:00+00:00\",\"dateModified\":\"2022-01-21T19:02:20+00:00\",\"breadcrumb\":{\"@id\":\"https:\\\/\\\/qtmm.org\\\/qt\\\/usein-capuh-kene-yalta-regional-meclisinin-reisi-olaraq-saylandi\\\/#breadcrumb\"},\"inLanguage\":\"qt\",\"potentialAction\":[{\"@type\":\"ReadAction\",\"target\":[\"https:\\\/\\\/qtmm.org\\\/qt\\\/usein-capuh-kene-yalta-regional-meclisinin-reisi-olaraq-saylandi\\\/\"]}]},{\"@type\":\"ImageObject\",\"inLanguage\":\"qt\",\"@id\":\"https:\\\/\\\/qtmm.org\\\/qt\\\/usein-capuh-kene-yalta-regional-meclisinin-reisi-olaraq-saylandi\\\/#primaryimage\",\"url\":\"http:\\\/\\\/qtmm.org\\\/wp-content\\\/uploads\\\/2022\\\/01\\\/4ff9cc50dabf3.jpeg\",\"contentUrl\":\"http:\\\/\\\/qtmm.org\\\/wp-content\\\/uploads\\\/2022\\\/01\\\/4ff9cc50dabf3.jpeg\"},{\"@type\":\"BreadcrumbList\",\"@id\":\"https:\\\/\\\/qtmm.org\\\/qt\\\/usein-capuh-kene-yalta-regional-meclisinin-reisi-olaraq-saylandi\\\/#breadcrumb\",\"itemListElement\":[{\"@type\":\"ListItem\",\"position\":1,\"name\":\"\u0413\u043e\u043b\u043e\u0432\u043d\u0430\",\"item\":\"https:\\\/\\\/qtmm.org\\\/qt\\\/\"},{\"@type\":\"ListItem\",\"position\":2,\"name\":\"\u00dcsein \u00c7apuh kene Yalta regional meclisini\u00f1 reisi olaraq sayland\u0131\"}]},{\"@type\":\"WebSite\",\"@id\":\"https:\\\/\\\/qtmm.org\\\/qt\\\/#website\",\"url\":\"https:\\\/\\\/qtmm.org\\\/qt\\\/\",\"name\":\"\u041c\u0435\u0434\u0436\u043b\u0456\u0441\",\"description\":\"\",\"publisher\":{\"@id\":\"https:\\\/\\\/qtmm.org\\\/qt\\\/#organization\"},\"potentialAction\":[{\"@type\":\"SearchAction\",\"target\":{\"@type\":\"EntryPoint\",\"urlTemplate\":\"https:\\\/\\\/qtmm.org\\\/qt\\\/?s={search_term_string}\"},\"query-input\":{\"@type\":\"PropertyValueSpecification\",\"valueRequired\":true,\"valueName\":\"search_term_string\"}}],\"inLanguage\":\"qt\"},{\"@type\":\"Organization\",\"@id\":\"https:\\\/\\\/qtmm.org\\\/qt\\\/#organization\",\"name\":\"\u041c\u0435\u0434\u0436\u043b\u0456\u0441\",\"url\":\"https:\\\/\\\/qtmm.org\\\/qt\\\/\",\"logo\":{\"@type\":\"ImageObject\",\"inLanguage\":\"qt\",\"@id\":\"https:\\\/\\\/qtmm.org\\\/qt\\\/#\\\/schema\\\/logo\\\/image\\\/\",\"url\":\"https:\\\/\\\/qtmm.org\\\/wp-content\\\/uploads\\\/2024\\\/12\\\/ua-mejlis-logo-rgb.svg\",\"contentUrl\":\"https:\\\/\\\/qtmm.org\\\/wp-content\\\/uploads\\\/2024\\\/12\\\/ua-mejlis-logo-rgb.svg\",\"caption\":\"\u041c\u0435\u0434\u0436\u043b\u0456\u0441\"},\"image\":{\"@id\":\"https:\\\/\\\/qtmm.org\\\/qt\\\/#\\\/schema\\\/logo\\\/image\\\/\"},\"sameAs\":[\"https:\\\/\\\/www.facebook.com\\\/qtmm.info\\\/\"]},{\"@type\":\"Person\",\"@id\":\"https:\\\/\\\/qtmm.org\\\/qt\\\/#\\\/schema\\\/person\\\/de562469f971dec226ac06e60bbf74a7\",\"name\":\"Developer\",\"image\":{\"@type\":\"ImageObject\",\"inLanguage\":\"qt\",\"@id\":\"https:\\\/\\\/secure.gravatar.com\\\/avatar\\\/392b4cc8fbfeb00b39dfeeab4ee6edded39ffd48e25858637e4765810300227e?s=96&d=mm&r=g\",\"url\":\"https:\\\/\\\/secure.gravatar.com\\\/avatar\\\/392b4cc8fbfeb00b39dfeeab4ee6edded39ffd48e25858637e4765810300227e?s=96&d=mm&r=g\",\"contentUrl\":\"https:\\\/\\\/secure.gravatar.com\\\/avatar\\\/392b4cc8fbfeb00b39dfeeab4ee6edded39ffd48e25858637e4765810300227e?s=96&d=mm&r=g\",\"caption\":\"Developer\"},\"url\":\"https:\\\/\\\/qtmm.org\\\/qt\\\/author\\\/Developer\\\/\"}]}<\/script>\n<!-- \/ Yoast SEO plugin. -->","yoast_head_json":{"title":"\u00dcsein \u00c7apuh kene Yalta regional meclisini\u00f1 reisi olaraq sayland\u0131 - \u041c\u0435\u0434\u0436\u043b\u0456\u0441","robots":{"index":"index","follow":"follow","max-snippet":"max-snippet:-1","max-image-preview":"max-image-preview:large","max-video-preview":"max-video-preview:-1"},"canonical":"https:\/\/qtmm.org\/qt\/usein-capuh-kene-yalta-regional-meclisinin-reisi-olaraq-saylandi\/","og_locale":"en_US","og_type":"article","og_title":"\u00dcsein \u00c7apuh kene Yalta regional meclisini\u00f1 reisi olaraq sayland\u0131 - \u041c\u0435\u0434\u0436\u043b\u0456\u0441","og_description":"2012 senesi iy\u00fcl 7 kun. Yalta region\u0131 q\u0131r\u0131mtatarlar\u0131n\u0131\u00f1 konferentsiyas\u0131 ol\u0131p ke\u00e7ti. On\u0131\u00f1 i\u015finde saylan\u011fan ve 8 yerli meclisni temsil etken ve saylan\u011fan 32 azas\u0131ndan 29 neferi i\u015ftirak etti. &#8220;Q\u0131r\u0131mtatar halq\u0131n\u0131\u00f1 \u00f6z-\u00f6z\u00fcni idare et\u00fcv milliy organlar\u0131 aqq\u0131nda nizam&#8221;\u011fa binaen Yalta regional konferentsiyan\u0131 regional meclisni\u00f1 reisi saylanmas\u0131na qadar Yerli meclislerge saylavlarn\u0131 az\u0131rlav ve te\u015fkil et\u00fcv boyunca komissiyas\u0131n\u0131\u00f1 [&hellip;]","og_url":"https:\/\/qtmm.org\/qt\/usein-capuh-kene-yalta-regional-meclisinin-reisi-olaraq-saylandi\/","og_site_name":"\u041c\u0435\u0434\u0436\u043b\u0456\u0441","article_publisher":"https:\/\/www.facebook.com\/qtmm.info\/","article_published_time":"2012-07-07T19:00:00+00:00","article_modified_time":"2022-01-21T19:02:20+00:00","og_image":[{"width":640,"height":480,"url":"https:\/\/qtmm.org\/wp-content\/uploads\/2022\/01\/4ff9cc50dabf3.jpeg","type":"image\/jpeg"}],"author":"Developer","twitter_card":"summary_large_image","twitter_misc":{"Written by":"Developer","Est. reading time":"2 minutes"},"schema":{"@context":"https:\/\/schema.org","@graph":[{"@type":"Article","@id":"https:\/\/qtmm.org\/qt\/usein-capuh-kene-yalta-regional-meclisinin-reisi-olaraq-saylandi\/#article","isPartOf":{"@id":"https:\/\/qtmm.org\/qt\/usein-capuh-kene-yalta-regional-meclisinin-reisi-olaraq-saylandi\/"},"author":{"name":"Developer","@id":"https:\/\/qtmm.org\/qt\/#\/schema\/person\/de562469f971dec226ac06e60bbf74a7"},"headline":"\u00dcsein \u00c7apuh kene Yalta regional meclisini\u00f1 reisi olaraq sayland\u0131","datePublished":"2012-07-07T19:00:00+00:00","dateModified":"2022-01-21T19:02:20+00:00","mainEntityOfPage":{"@id":"https:\/\/qtmm.org\/qt\/usein-capuh-kene-yalta-regional-meclisinin-reisi-olaraq-saylandi\/"},"wordCount":321,"commentCount":0,"publisher":{"@id":"https:\/\/qtmm.org\/qt\/#organization"},"image":{"@id":"https:\/\/qtmm.org\/qt\/usein-capuh-kene-yalta-regional-meclisinin-reisi-olaraq-saylandi\/#primaryimage"},"thumbnailUrl":"http:\/\/qtmm.org\/wp-content\/uploads\/2022\/01\/4ff9cc50dabf3.jpeg","articleSection":["Haberler"],"inLanguage":"qt","potentialAction":[{"@type":"CommentAction","name":"Comment","target":["https:\/\/qtmm.org\/qt\/usein-capuh-kene-yalta-regional-meclisinin-reisi-olaraq-saylandi\/#respond"]}]},{"@type":"WebPage","@id":"https:\/\/qtmm.org\/qt\/usein-capuh-kene-yalta-regional-meclisinin-reisi-olaraq-saylandi\/","url":"https:\/\/qtmm.org\/qt\/usein-capuh-kene-yalta-regional-meclisinin-reisi-olaraq-saylandi\/","name":"\u00dcsein \u00c7apuh kene Yalta regional meclisini\u00f1 reisi olaraq sayland\u0131 - \u041c\u0435\u0434\u0436\u043b\u0456\u0441","isPartOf":{"@id":"https:\/\/qtmm.org\/qt\/#website"},"primaryImageOfPage":{"@id":"https:\/\/qtmm.org\/qt\/usein-capuh-kene-yalta-regional-meclisinin-reisi-olaraq-saylandi\/#primaryimage"},"image":{"@id":"https:\/\/qtmm.org\/qt\/usein-capuh-kene-yalta-regional-meclisinin-reisi-olaraq-saylandi\/#primaryimage"},"thumbnailUrl":"http:\/\/qtmm.org\/wp-content\/uploads\/2022\/01\/4ff9cc50dabf3.jpeg","datePublished":"2012-07-07T19:00:00+00:00","dateModified":"2022-01-21T19:02:20+00:00","breadcrumb":{"@id":"https:\/\/qtmm.org\/qt\/usein-capuh-kene-yalta-regional-meclisinin-reisi-olaraq-saylandi\/#breadcrumb"},"inLanguage":"qt","potentialAction":[{"@type":"ReadAction","target":["https:\/\/qtmm.org\/qt\/usein-capuh-kene-yalta-regional-meclisinin-reisi-olaraq-saylandi\/"]}]},{"@type":"ImageObject","inLanguage":"qt","@id":"https:\/\/qtmm.org\/qt\/usein-capuh-kene-yalta-regional-meclisinin-reisi-olaraq-saylandi\/#primaryimage","url":"http:\/\/qtmm.org\/wp-content\/uploads\/2022\/01\/4ff9cc50dabf3.jpeg","contentUrl":"http:\/\/qtmm.org\/wp-content\/uploads\/2022\/01\/4ff9cc50dabf3.jpeg"},{"@type":"BreadcrumbList","@id":"https:\/\/qtmm.org\/qt\/usein-capuh-kene-yalta-regional-meclisinin-reisi-olaraq-saylandi\/#breadcrumb","itemListElement":[{"@type":"ListItem","position":1,"name":"\u0413\u043e\u043b\u043e\u0432\u043d\u0430","item":"https:\/\/qtmm.org\/qt\/"},{"@type":"ListItem","position":2,"name":"\u00dcsein \u00c7apuh kene Yalta regional meclisini\u00f1 reisi olaraq sayland\u0131"}]},{"@type":"WebSite","@id":"https:\/\/qtmm.org\/qt\/#website","url":"https:\/\/qtmm.org\/qt\/","name":"\u041c\u0435\u0434\u0436\u043b\u0456\u0441","description":"","publisher":{"@id":"https:\/\/qtmm.org\/qt\/#organization"},"potentialAction":[{"@type":"SearchAction","target":{"@type":"EntryPoint","urlTemplate":"https:\/\/qtmm.org\/qt\/?s={search_term_string}"},"query-input":{"@type":"PropertyValueSpecification","valueRequired":true,"valueName":"search_term_string"}}],"inLanguage":"qt"},{"@type":"Organization","@id":"https:\/\/qtmm.org\/qt\/#organization","name":"\u041c\u0435\u0434\u0436\u043b\u0456\u0441","url":"https:\/\/qtmm.org\/qt\/","logo":{"@type":"ImageObject","inLanguage":"qt","@id":"https:\/\/qtmm.org\/qt\/#\/schema\/logo\/image\/","url":"https:\/\/qtmm.org\/wp-content\/uploads\/2024\/12\/ua-mejlis-logo-rgb.svg","contentUrl":"https:\/\/qtmm.org\/wp-content\/uploads\/2024\/12\/ua-mejlis-logo-rgb.svg","caption":"\u041c\u0435\u0434\u0436\u043b\u0456\u0441"},"image":{"@id":"https:\/\/qtmm.org\/qt\/#\/schema\/logo\/image\/"},"sameAs":["https:\/\/www.facebook.com\/qtmm.info\/"]},{"@type":"Person","@id":"https:\/\/qtmm.org\/qt\/#\/schema\/person\/de562469f971dec226ac06e60bbf74a7","name":"Developer","image":{"@type":"ImageObject","inLanguage":"qt","@id":"https:\/\/secure.gravatar.com\/avatar\/392b4cc8fbfeb00b39dfeeab4ee6edded39ffd48e25858637e4765810300227e?s=96&d=mm&r=g","url":"https:\/\/secure.gravatar.com\/avatar\/392b4cc8fbfeb00b39dfeeab4ee6edded39ffd48e25858637e4765810300227e?s=96&d=mm&r=g","contentUrl":"https:\/\/secure.gravatar.com\/avatar\/392b4cc8fbfeb00b39dfeeab4ee6edded39ffd48e25858637e4765810300227e?s=96&d=mm&r=g","caption":"Developer"},"url":"https:\/\/qtmm.org\/qt\/author\/Developer\/"}]}},"_links":{"self":[{"href":"https:\/\/qtmm.org\/qt\/wp-json\/wp\/v2\/posts\/32373","targetHints":{"allow":["GET"]}}],"collection":[{"href":"https:\/\/qtmm.org\/qt\/wp-json\/wp\/v2\/posts"}],"about":[{"href":"https:\/\/qtmm.org\/qt\/wp-json\/wp\/v2\/types\/post"}],"author":[{"embeddable":true,"href":"https:\/\/qtmm.org\/qt\/wp-json\/wp\/v2\/users\/1"}],"replies":[{"embeddable":true,"href":"https:\/\/qtmm.org\/qt\/wp-json\/wp\/v2\/comments?post=32373"}],"version-history":[{"count":1,"href":"https:\/\/qtmm.org\/qt\/wp-json\/wp\/v2\/posts\/32373\/revisions"}],"predecessor-version":[{"id":32399,"href":"https:\/\/qtmm.org\/qt\/wp-json\/wp\/v2\/posts\/32373\/revisions\/32399"}],"wp:attachment":[{"href":"https:\/\/qtmm.org\/qt\/wp-json\/wp\/v2\/media?parent=32373"}],"wp:term":[{"taxonomy":"category","embeddable":true,"href":"https:\/\/qtmm.org\/qt\/wp-json\/wp\/v2\/categories?post=32373"},{"taxonomy":"post_tag","embeddable":true,"href":"https:\/\/qtmm.org\/qt\/wp-json\/wp\/v2\/tags?post=32373"}],"curies":[{"name":"wp","href":"https:\/\/api.w.org\/{rel}","templated":true}]}}