




{"id":32363,"date":"2012-07-06T22:00:00","date_gmt":"2012-07-06T19:00:00","guid":{"rendered":"http:\/\/qtmm.org\/?p=32363"},"modified":"2022-01-21T22:00:49","modified_gmt":"2022-01-21T19:00:49","slug":"qirimtatar-halqinin-meclisi-avropa-hatira-ve-vicdan-platformasi-nin-azasi-oldi","status":"publish","type":"post","link":"https:\/\/qtmm.org\/qt\/qirimtatar-halqinin-meclisi-avropa-hatira-ve-vicdan-platformasi-nin-azasi-oldi\/","title":{"rendered":"Q\u0131r\u0131mtatar halq\u0131n\u0131\u00f1 Meclisi \u00abAvropa Hat\u0131ra ve Vicdan platformas\u0131\u00bb n\u0131\u00f1 azas\u0131 old\u0131"},"content":{"rendered":"\n<p>Q\u0131r\u0131mtatar halq\u0131n\u0131\u00f1 Meclisi adresine ofisi \u00c7ehiyan\u0131\u00f1 Praga \u015feerinde yerle\u015fken &#8220;Avropa Hat\u0131ra ve Vicdan platformas\u0131&#8221;ndan kelgen mekt\u00fcpte resmiy s\u00fcrette te\u015fkil\u00e2t Nizamnamesini\u00f1 9-nc\u0131 maddesi 4 \u2013nci punkt\u0131 boyunca Q\u0131r\u0131mtatar halq\u0131n\u0131\u00f1 Meclisi &#8220;Avropa Hat\u0131ra ve Vicdan platformas\u0131&#8221;n\u0131\u00f1 azas\u0131 ol\u011fan\u0131 bildirile.<\/p>\n\n\n\n<p>Q\u0131r\u0131mtatar halq\u0131n\u0131\u00f1 Meclisinen beraber bu te\u015fkil\u00e2tqa Avropan\u0131\u00f1 daa 7 m\u00fcessise ve te\u015fkil\u00e2tlar\u0131 qabul etildi:<\/p>\n\n\n\n<p>Kommunizm qurbanlar\u0131 ol\u011fan sab\u0131q siyasiy mahb\u00fcslerni\u00f1 halqara birle\u015fmesi (Almaniya)<\/p>\n\n\n\n<p>\u2022 K\u00f6knese Fond\u0131 (Latviya)<\/p>\n\n\n\n<p>\u2022 &#8220;Hat\u0131ra&#8221; vatanda\u015f birle\u015fmesi (\u00c7ehiya)<\/p>\n\n\n\n<p>\u2022 &#8220;48&#8221; Praga Akademik klub\u0131 (\u00c7ehiya)<\/p>\n\n\n\n<p>\u2022 &#8220;Meeting Point Music Messiaen&#8221; medeniy merkezi (Almaniya)<\/p>\n\n\n\n<p>\u2022 Azatl\u0131q areketi tedqiqatlar\u0131n\u0131\u00f1 merkezi (Ukraina)<\/p>\n\n\n\n<p>\u2022 Kommunizm ve kommunimzge qar\u015f\u0131 areket qurbanlar\u0131 (Romaniya).<\/p>\n\n\n\n<p><br>Mekt\u00fcpte qayd etile ki, 2012 senesi iy\u00fcn 20-de Avropa parlamentini\u00f1 azalar\u0131 Vasiyler ke\u00f1e\u015fini\u00f1 birinci be\u015f azas\u0131 Sandra Kalniyete, Laslo Toke\u015f, Tunne Kelam, Milan Zver ve Vitautas Landsbergis Vasiyler ke\u00f1e\u015fini\u00f1 azalar\u0131 olaraq tayinlendiler. Endi &#8220;Avropa Hat\u0131ra ve Vicdan platformas\u0131&#8221;n\u0131\u00f1 Avropa Birligini\u00f1 13 devletinden, ve bun\u0131\u00f1 kibi de Ukrainadan, 29 azas\u0131 bar<\/p>\n\n\n\n<p>Mekt\u00fcpni\u00f1 so\u00f1unda &#8220;Avropa Hat\u0131ra ve Vicdan platformas\u0131&#8221;n\u0131\u00f1 icra direktor\u0131 D-r Nila Vinkelmann yaza: &#8221; Platforma icra komiteti ad\u0131ndan sizlerni &#8220;Avropa Hat\u0131ra ve Vicdan platformas\u0131&#8221; azalar\u0131 s\u0131fat\u0131nda hay\u0131rlamaq ve sel\u00e2mlamaq isteymiz. Sizler ile birlikte i\u015f al\u0131p baraca\u011f\u0131m\u0131zdan memn\u00fcnmiz&#8221;<\/p>\n\n\n\n<p><em><strong>MAL\u00dcMAT \u0130\u00c7\u00dcN:&nbsp;&nbsp;<\/strong><\/em>2011 senesi okt\u00e2br 4 k\u00fcn\u00fc Pragada V\u0131\u015fegrad gruppas\u0131 (V4 \u2013 Macaristan, Poloniya, Slovakiya, \u00c7ehiya) devletleri ba\u015f nazirlerini\u00f1 k\u00f6r\u00fc\u015f\u00fcvinde &#8220;Avropa Hat\u0131ra ve Vicdan platformas\u0131&#8221; meydan\u011fa ketirilgen edi. Totalitarizm tarih\u0131n\u0131 \u00f6gren\u00fcve ihtisasla\u015ft\u0131r\u0131l\u011fan19 m\u00fcessise ve te\u015fkil\u00e2tn\u0131\u00f1 yetek\u00e7ileri ve Avropa Birligindeki 13 devlet bu birle\u015fmeni\u00f1 meydan\u011fa ketirilmesi aqq\u0131nda qararn\u0131 imzalad\u0131lar.<\/p>\n\n\n\n<p>&#8220;Avropa Hat\u0131ra ve Vicdan platformas\u0131&#8221; boyunca daimiy i\u015f\u00e7i gruppa \u00c7ehiya cumhuriyeti ve Totalitar rejimlerni tedqiq et\u00fcv \u00c7ehiya \u0130nstitut\u0131n\u0131\u00f1 birlikteki te\u015febb\u00fcsine k\u00f6re te\u015fkil etildi. Bu institut mezk\u00fcr gruppan\u0131\u00f1 i\u015fini y\u00f6netmekte. &#8220;Platforma&#8221;n\u0131 quruv te\u015febb\u00fcsine Avropa parlamenti de qoltutt\u0131.<\/p>\n\n\n\n<p>On\u0131\u00f1 2009 senesi aprel 2-de al\u011fan qarar\u0131nda &#8220;Platforma&#8221; totalitarizm tarih\u0131n\u0131 \u00f6gren\u00fcvde ihtisasla\u015ft\u0131r\u0131l\u011fan milliy m\u00fcessiseler a\u011flar\u0131na qoltutuvn\u0131 teminlemeli.<\/p>\n\n\n\n<p>Avropa komissiyas\u0131n\u0131\u00f1 2010 senesi dekabr 22-de al\u011fan mahsus qarar\u0131nda &#8220;Platforma&#8221;n\u0131\u00f1 qurulmas\u0131 e\u00f1 m\u00fcim Avropa te\u015febb\u00fcsi olaraq tan\u0131ld\u0131.<\/p>\n\n\n\n<p>&#8220;Platforma&#8221; Avropan\u0131\u00f1 diger devletlerinde faaliyet k\u00f6stergen on\u0131\u00f1 kibi te\u015fkil\u00e2tlar i\u00e7\u00fcn a\u00e7\u0131qt\u0131r.<\/p>\n\n\n\n<p><strong><u>&#8220;Avropa Hat\u0131ra ve Vicdan platformas\u0131&#8221;n\u0131 \u015fu devletler tesis ettiler:<\/u><\/strong><br><br>Bul\u011faristan: Hanna Arendt merkezi, Sofiya;<\/p>\n\n\n\n<p>\u00c7ehiya cumhuriyeti: Totalitar rejimler tedqiqat\u0131 \u0130nstitut\u0131, tel\u00fckesizlik h\u0131zmetlerini\u00f1 arhivleri;<\/p>\n\n\n\n<p>Estoniya: Estoniya Tarihiy hat\u0131ra institut\u0131, \u00dcnitas Fond\u0131;<\/p>\n\n\n\n<p>Almaniya: Sab\u0131q Almaniya Demokratik Cumhuriyeti devlet Tel\u00fckesizlik h\u0131zmeti aktlar\u0131 boyunca mahsus vekil, Berlin Hohen\u015fonhauzen memorial\u0131,<\/p>\n\n\n\n<p>Hanna Arendt cemiyeti, K\u00f6ln;<\/p>\n\n\n\n<p>Macaristan: Merkeziy ve \u015earqiy Avropa tarih\u0131 ve cemiyetini tediqiq et\u00fcv cemaat fond\u0131, Terror evi m\u00fczeyi;<\/p>\n\n\n\n<p>Latviya: \u0130\u015f\u011fal m\u00fczeyini\u00f1 birligi;<\/p>\n\n\n\n<p>Litva: Litvadaki natsist ve sovet i\u015f\u011falci rejimlerini\u00f1 cinayetlerine q\u0131ymet kesmek i\u00e7\u00fcn halqara komissiya, Litva genotsid ve qar\u015f\u0131 k\u00fcre\u015f tedqiqat\u0131n\u0131\u00f1 merkezi,<\/p>\n\n\n\n<p>Niderland\u0131: Totalitar rejim ve qurbanlar\u0131 tarih\u0131n\u0131\u00f1 fond\u0131;<\/p>\n\n\n\n<p>Poloniya: Milliy hat\u0131ra m\u00fczeyi, Var\u015fava isyan\u0131 m\u00fczeyi;<\/p>\n\n\n\n<p>Romaniya: Kommunist cinayetleri ve Romaniya muacirligi hat\u0131ras\u0131n\u0131 \u00f6gren\u00fcv institut\u0131 ;<\/p>\n\n\n\n<p>Slovakiya: Yan Langos Fond\u0131;<\/p>\n\n\n\n<p>Sloveniya: Milliy bar\u0131\u015f\u0131ql\u0131q tedqiqat\u0131n\u0131\u00f1 merkezi;<\/p>\n\n\n\n<p>\u0130sve\u00e7re: Kommunizm cinayetleri boyunca \u0130nformatsiya institut\u0131<br>&nbsp;<\/p>\n","protected":false},"excerpt":{"rendered":"<p>Q\u0131r\u0131mtatar halq\u0131n\u0131\u00f1 Meclisi adresine ofisi \u00c7ehiyan\u0131\u00f1 Praga \u015feerinde yerle\u015fken &#8220;Avropa Hat\u0131ra ve Vicdan platformas\u0131&#8221;ndan kelgen mekt\u00fcpte resmiy s\u00fcrette te\u015fkil\u00e2t Nizamnamesini\u00f1 9-nc\u0131 maddesi 4 \u2013nci punkt\u0131 boyunca Q\u0131r\u0131mtatar halq\u0131n\u0131\u00f1 Meclisi &#8220;Avropa Hat\u0131ra ve Vicdan platformas\u0131&#8221;n\u0131\u00f1 azas\u0131 ol\u011fan\u0131 bildirile. Q\u0131r\u0131mtatar halq\u0131n\u0131\u00f1 Meclisinen beraber bu te\u015fkil\u00e2tqa Avropan\u0131\u00f1 daa 7 m\u00fcessise ve te\u015fkil\u00e2tlar\u0131 qabul etildi: Kommunizm qurbanlar\u0131 ol\u011fan sab\u0131q [&hellip;]<\/p>\n","protected":false},"author":1,"featured_media":0,"comment_status":"open","ping_status":"open","sticky":false,"template":"","format":"standard","meta":{"inline_featured_image":false,"footnotes":""},"categories":[265],"tags":[],"class_list":["post-32363","post","type-post","status-publish","format-standard","hentry","category-haberler"],"acf":[],"yoast_head":"<!-- This site is optimized with the Yoast SEO plugin v27.4 - https:\/\/yoast.com\/product\/yoast-seo-wordpress\/ -->\n<title>Q\u0131r\u0131mtatar halq\u0131n\u0131\u00f1 Meclisi \u00abAvropa Hat\u0131ra ve Vicdan platformas\u0131\u00bb n\u0131\u00f1 azas\u0131 old\u0131 - \u041c\u0435\u0434\u0436\u043b\u0456\u0441<\/title>\n<meta name=\"robots\" content=\"index, follow, max-snippet:-1, max-image-preview:large, max-video-preview:-1\" \/>\n<link rel=\"canonical\" href=\"https:\/\/qtmm.org\/qt\/qirimtatar-halqinin-meclisi-avropa-hatira-ve-vicdan-platformasi-nin-azasi-oldi\/\" \/>\n<meta property=\"og:locale\" content=\"en_US\" \/>\n<meta property=\"og:type\" content=\"article\" \/>\n<meta property=\"og:title\" content=\"Q\u0131r\u0131mtatar halq\u0131n\u0131\u00f1 Meclisi \u00abAvropa Hat\u0131ra ve Vicdan platformas\u0131\u00bb n\u0131\u00f1 azas\u0131 old\u0131 - \u041c\u0435\u0434\u0436\u043b\u0456\u0441\" \/>\n<meta property=\"og:description\" content=\"Q\u0131r\u0131mtatar halq\u0131n\u0131\u00f1 Meclisi adresine ofisi \u00c7ehiyan\u0131\u00f1 Praga \u015feerinde yerle\u015fken &#8220;Avropa Hat\u0131ra ve Vicdan platformas\u0131&#8221;ndan kelgen mekt\u00fcpte resmiy s\u00fcrette te\u015fkil\u00e2t Nizamnamesini\u00f1 9-nc\u0131 maddesi 4 \u2013nci punkt\u0131 boyunca Q\u0131r\u0131mtatar halq\u0131n\u0131\u00f1 Meclisi &#8220;Avropa Hat\u0131ra ve Vicdan platformas\u0131&#8221;n\u0131\u00f1 azas\u0131 ol\u011fan\u0131 bildirile. Q\u0131r\u0131mtatar halq\u0131n\u0131\u00f1 Meclisinen beraber bu te\u015fkil\u00e2tqa Avropan\u0131\u00f1 daa 7 m\u00fcessise ve te\u015fkil\u00e2tlar\u0131 qabul etildi: Kommunizm qurbanlar\u0131 ol\u011fan sab\u0131q [&hellip;]\" \/>\n<meta property=\"og:url\" content=\"https:\/\/qtmm.org\/qt\/qirimtatar-halqinin-meclisi-avropa-hatira-ve-vicdan-platformasi-nin-azasi-oldi\/\" \/>\n<meta property=\"og:site_name\" content=\"\u041c\u0435\u0434\u0436\u043b\u0456\u0441\" \/>\n<meta property=\"article:publisher\" content=\"https:\/\/www.facebook.com\/qtmm.info\/\" \/>\n<meta property=\"article:published_time\" content=\"2012-07-06T19:00:00+00:00\" \/>\n<meta property=\"article:modified_time\" content=\"2022-01-21T19:00:49+00:00\" \/>\n<meta name=\"author\" content=\"Developer\" \/>\n<meta name=\"twitter:card\" content=\"summary_large_image\" \/>\n<meta name=\"twitter:label1\" content=\"Written by\" \/>\n\t<meta name=\"twitter:data1\" content=\"Developer\" \/>\n\t<meta name=\"twitter:label2\" content=\"Est. reading time\" \/>\n\t<meta name=\"twitter:data2\" content=\"3 minutes\" \/>\n<script type=\"application\/ld+json\" class=\"yoast-schema-graph\">{\"@context\":\"https:\\\/\\\/schema.org\",\"@graph\":[{\"@type\":\"Article\",\"@id\":\"https:\\\/\\\/qtmm.org\\\/qt\\\/qirimtatar-halqinin-meclisi-avropa-hatira-ve-vicdan-platformasi-nin-azasi-oldi\\\/#article\",\"isPartOf\":{\"@id\":\"https:\\\/\\\/qtmm.org\\\/qt\\\/qirimtatar-halqinin-meclisi-avropa-hatira-ve-vicdan-platformasi-nin-azasi-oldi\\\/\"},\"author\":{\"name\":\"Developer\",\"@id\":\"https:\\\/\\\/qtmm.org\\\/qt\\\/#\\\/schema\\\/person\\\/de562469f971dec226ac06e60bbf74a7\"},\"headline\":\"Q\u0131r\u0131mtatar halq\u0131n\u0131\u00f1 Meclisi \u00abAvropa Hat\u0131ra ve Vicdan platformas\u0131\u00bb n\u0131\u00f1 azas\u0131 old\u0131\",\"datePublished\":\"2012-07-06T19:00:00+00:00\",\"dateModified\":\"2022-01-21T19:00:49+00:00\",\"mainEntityOfPage\":{\"@id\":\"https:\\\/\\\/qtmm.org\\\/qt\\\/qirimtatar-halqinin-meclisi-avropa-hatira-ve-vicdan-platformasi-nin-azasi-oldi\\\/\"},\"wordCount\":585,\"commentCount\":0,\"publisher\":{\"@id\":\"https:\\\/\\\/qtmm.org\\\/qt\\\/#organization\"},\"articleSection\":[\"Haberler\"],\"inLanguage\":\"qt\",\"potentialAction\":[{\"@type\":\"CommentAction\",\"name\":\"Comment\",\"target\":[\"https:\\\/\\\/qtmm.org\\\/qt\\\/qirimtatar-halqinin-meclisi-avropa-hatira-ve-vicdan-platformasi-nin-azasi-oldi\\\/#respond\"]}]},{\"@type\":\"WebPage\",\"@id\":\"https:\\\/\\\/qtmm.org\\\/qt\\\/qirimtatar-halqinin-meclisi-avropa-hatira-ve-vicdan-platformasi-nin-azasi-oldi\\\/\",\"url\":\"https:\\\/\\\/qtmm.org\\\/qt\\\/qirimtatar-halqinin-meclisi-avropa-hatira-ve-vicdan-platformasi-nin-azasi-oldi\\\/\",\"name\":\"Q\u0131r\u0131mtatar halq\u0131n\u0131\u00f1 Meclisi \u00abAvropa Hat\u0131ra ve Vicdan platformas\u0131\u00bb n\u0131\u00f1 azas\u0131 old\u0131 - \u041c\u0435\u0434\u0436\u043b\u0456\u0441\",\"isPartOf\":{\"@id\":\"https:\\\/\\\/qtmm.org\\\/qt\\\/#website\"},\"datePublished\":\"2012-07-06T19:00:00+00:00\",\"dateModified\":\"2022-01-21T19:00:49+00:00\",\"breadcrumb\":{\"@id\":\"https:\\\/\\\/qtmm.org\\\/qt\\\/qirimtatar-halqinin-meclisi-avropa-hatira-ve-vicdan-platformasi-nin-azasi-oldi\\\/#breadcrumb\"},\"inLanguage\":\"qt\",\"potentialAction\":[{\"@type\":\"ReadAction\",\"target\":[\"https:\\\/\\\/qtmm.org\\\/qt\\\/qirimtatar-halqinin-meclisi-avropa-hatira-ve-vicdan-platformasi-nin-azasi-oldi\\\/\"]}]},{\"@type\":\"BreadcrumbList\",\"@id\":\"https:\\\/\\\/qtmm.org\\\/qt\\\/qirimtatar-halqinin-meclisi-avropa-hatira-ve-vicdan-platformasi-nin-azasi-oldi\\\/#breadcrumb\",\"itemListElement\":[{\"@type\":\"ListItem\",\"position\":1,\"name\":\"\u0413\u043e\u043b\u043e\u0432\u043d\u0430\",\"item\":\"https:\\\/\\\/qtmm.org\\\/qt\\\/\"},{\"@type\":\"ListItem\",\"position\":2,\"name\":\"Q\u0131r\u0131mtatar halq\u0131n\u0131\u00f1 Meclisi \u00abAvropa Hat\u0131ra ve Vicdan platformas\u0131\u00bb n\u0131\u00f1 azas\u0131 old\u0131\"}]},{\"@type\":\"WebSite\",\"@id\":\"https:\\\/\\\/qtmm.org\\\/qt\\\/#website\",\"url\":\"https:\\\/\\\/qtmm.org\\\/qt\\\/\",\"name\":\"\u041c\u0435\u0434\u0436\u043b\u0456\u0441\",\"description\":\"\",\"publisher\":{\"@id\":\"https:\\\/\\\/qtmm.org\\\/qt\\\/#organization\"},\"potentialAction\":[{\"@type\":\"SearchAction\",\"target\":{\"@type\":\"EntryPoint\",\"urlTemplate\":\"https:\\\/\\\/qtmm.org\\\/qt\\\/?s={search_term_string}\"},\"query-input\":{\"@type\":\"PropertyValueSpecification\",\"valueRequired\":true,\"valueName\":\"search_term_string\"}}],\"inLanguage\":\"qt\"},{\"@type\":\"Organization\",\"@id\":\"https:\\\/\\\/qtmm.org\\\/qt\\\/#organization\",\"name\":\"\u041c\u0435\u0434\u0436\u043b\u0456\u0441\",\"url\":\"https:\\\/\\\/qtmm.org\\\/qt\\\/\",\"logo\":{\"@type\":\"ImageObject\",\"inLanguage\":\"qt\",\"@id\":\"https:\\\/\\\/qtmm.org\\\/qt\\\/#\\\/schema\\\/logo\\\/image\\\/\",\"url\":\"https:\\\/\\\/qtmm.org\\\/wp-content\\\/uploads\\\/2024\\\/12\\\/ua-mejlis-logo-rgb.svg\",\"contentUrl\":\"https:\\\/\\\/qtmm.org\\\/wp-content\\\/uploads\\\/2024\\\/12\\\/ua-mejlis-logo-rgb.svg\",\"caption\":\"\u041c\u0435\u0434\u0436\u043b\u0456\u0441\"},\"image\":{\"@id\":\"https:\\\/\\\/qtmm.org\\\/qt\\\/#\\\/schema\\\/logo\\\/image\\\/\"},\"sameAs\":[\"https:\\\/\\\/www.facebook.com\\\/qtmm.info\\\/\"]},{\"@type\":\"Person\",\"@id\":\"https:\\\/\\\/qtmm.org\\\/qt\\\/#\\\/schema\\\/person\\\/de562469f971dec226ac06e60bbf74a7\",\"name\":\"Developer\",\"image\":{\"@type\":\"ImageObject\",\"inLanguage\":\"qt\",\"@id\":\"https:\\\/\\\/secure.gravatar.com\\\/avatar\\\/392b4cc8fbfeb00b39dfeeab4ee6edded39ffd48e25858637e4765810300227e?s=96&d=mm&r=g\",\"url\":\"https:\\\/\\\/secure.gravatar.com\\\/avatar\\\/392b4cc8fbfeb00b39dfeeab4ee6edded39ffd48e25858637e4765810300227e?s=96&d=mm&r=g\",\"contentUrl\":\"https:\\\/\\\/secure.gravatar.com\\\/avatar\\\/392b4cc8fbfeb00b39dfeeab4ee6edded39ffd48e25858637e4765810300227e?s=96&d=mm&r=g\",\"caption\":\"Developer\"},\"url\":\"https:\\\/\\\/qtmm.org\\\/qt\\\/author\\\/Developer\\\/\"}]}<\/script>\n<!-- \/ Yoast SEO plugin. -->","yoast_head_json":{"title":"Q\u0131r\u0131mtatar halq\u0131n\u0131\u00f1 Meclisi \u00abAvropa Hat\u0131ra ve Vicdan platformas\u0131\u00bb n\u0131\u00f1 azas\u0131 old\u0131 - \u041c\u0435\u0434\u0436\u043b\u0456\u0441","robots":{"index":"index","follow":"follow","max-snippet":"max-snippet:-1","max-image-preview":"max-image-preview:large","max-video-preview":"max-video-preview:-1"},"canonical":"https:\/\/qtmm.org\/qt\/qirimtatar-halqinin-meclisi-avropa-hatira-ve-vicdan-platformasi-nin-azasi-oldi\/","og_locale":"en_US","og_type":"article","og_title":"Q\u0131r\u0131mtatar halq\u0131n\u0131\u00f1 Meclisi \u00abAvropa Hat\u0131ra ve Vicdan platformas\u0131\u00bb n\u0131\u00f1 azas\u0131 old\u0131 - \u041c\u0435\u0434\u0436\u043b\u0456\u0441","og_description":"Q\u0131r\u0131mtatar halq\u0131n\u0131\u00f1 Meclisi adresine ofisi \u00c7ehiyan\u0131\u00f1 Praga \u015feerinde yerle\u015fken &#8220;Avropa Hat\u0131ra ve Vicdan platformas\u0131&#8221;ndan kelgen mekt\u00fcpte resmiy s\u00fcrette te\u015fkil\u00e2t Nizamnamesini\u00f1 9-nc\u0131 maddesi 4 \u2013nci punkt\u0131 boyunca Q\u0131r\u0131mtatar halq\u0131n\u0131\u00f1 Meclisi &#8220;Avropa Hat\u0131ra ve Vicdan platformas\u0131&#8221;n\u0131\u00f1 azas\u0131 ol\u011fan\u0131 bildirile. Q\u0131r\u0131mtatar halq\u0131n\u0131\u00f1 Meclisinen beraber bu te\u015fkil\u00e2tqa Avropan\u0131\u00f1 daa 7 m\u00fcessise ve te\u015fkil\u00e2tlar\u0131 qabul etildi: Kommunizm qurbanlar\u0131 ol\u011fan sab\u0131q [&hellip;]","og_url":"https:\/\/qtmm.org\/qt\/qirimtatar-halqinin-meclisi-avropa-hatira-ve-vicdan-platformasi-nin-azasi-oldi\/","og_site_name":"\u041c\u0435\u0434\u0436\u043b\u0456\u0441","article_publisher":"https:\/\/www.facebook.com\/qtmm.info\/","article_published_time":"2012-07-06T19:00:00+00:00","article_modified_time":"2022-01-21T19:00:49+00:00","author":"Developer","twitter_card":"summary_large_image","twitter_misc":{"Written by":"Developer","Est. reading time":"3 minutes"},"schema":{"@context":"https:\/\/schema.org","@graph":[{"@type":"Article","@id":"https:\/\/qtmm.org\/qt\/qirimtatar-halqinin-meclisi-avropa-hatira-ve-vicdan-platformasi-nin-azasi-oldi\/#article","isPartOf":{"@id":"https:\/\/qtmm.org\/qt\/qirimtatar-halqinin-meclisi-avropa-hatira-ve-vicdan-platformasi-nin-azasi-oldi\/"},"author":{"name":"Developer","@id":"https:\/\/qtmm.org\/qt\/#\/schema\/person\/de562469f971dec226ac06e60bbf74a7"},"headline":"Q\u0131r\u0131mtatar halq\u0131n\u0131\u00f1 Meclisi \u00abAvropa Hat\u0131ra ve Vicdan platformas\u0131\u00bb n\u0131\u00f1 azas\u0131 old\u0131","datePublished":"2012-07-06T19:00:00+00:00","dateModified":"2022-01-21T19:00:49+00:00","mainEntityOfPage":{"@id":"https:\/\/qtmm.org\/qt\/qirimtatar-halqinin-meclisi-avropa-hatira-ve-vicdan-platformasi-nin-azasi-oldi\/"},"wordCount":585,"commentCount":0,"publisher":{"@id":"https:\/\/qtmm.org\/qt\/#organization"},"articleSection":["Haberler"],"inLanguage":"qt","potentialAction":[{"@type":"CommentAction","name":"Comment","target":["https:\/\/qtmm.org\/qt\/qirimtatar-halqinin-meclisi-avropa-hatira-ve-vicdan-platformasi-nin-azasi-oldi\/#respond"]}]},{"@type":"WebPage","@id":"https:\/\/qtmm.org\/qt\/qirimtatar-halqinin-meclisi-avropa-hatira-ve-vicdan-platformasi-nin-azasi-oldi\/","url":"https:\/\/qtmm.org\/qt\/qirimtatar-halqinin-meclisi-avropa-hatira-ve-vicdan-platformasi-nin-azasi-oldi\/","name":"Q\u0131r\u0131mtatar halq\u0131n\u0131\u00f1 Meclisi \u00abAvropa Hat\u0131ra ve Vicdan platformas\u0131\u00bb n\u0131\u00f1 azas\u0131 old\u0131 - \u041c\u0435\u0434\u0436\u043b\u0456\u0441","isPartOf":{"@id":"https:\/\/qtmm.org\/qt\/#website"},"datePublished":"2012-07-06T19:00:00+00:00","dateModified":"2022-01-21T19:00:49+00:00","breadcrumb":{"@id":"https:\/\/qtmm.org\/qt\/qirimtatar-halqinin-meclisi-avropa-hatira-ve-vicdan-platformasi-nin-azasi-oldi\/#breadcrumb"},"inLanguage":"qt","potentialAction":[{"@type":"ReadAction","target":["https:\/\/qtmm.org\/qt\/qirimtatar-halqinin-meclisi-avropa-hatira-ve-vicdan-platformasi-nin-azasi-oldi\/"]}]},{"@type":"BreadcrumbList","@id":"https:\/\/qtmm.org\/qt\/qirimtatar-halqinin-meclisi-avropa-hatira-ve-vicdan-platformasi-nin-azasi-oldi\/#breadcrumb","itemListElement":[{"@type":"ListItem","position":1,"name":"\u0413\u043e\u043b\u043e\u0432\u043d\u0430","item":"https:\/\/qtmm.org\/qt\/"},{"@type":"ListItem","position":2,"name":"Q\u0131r\u0131mtatar halq\u0131n\u0131\u00f1 Meclisi \u00abAvropa Hat\u0131ra ve Vicdan platformas\u0131\u00bb n\u0131\u00f1 azas\u0131 old\u0131"}]},{"@type":"WebSite","@id":"https:\/\/qtmm.org\/qt\/#website","url":"https:\/\/qtmm.org\/qt\/","name":"\u041c\u0435\u0434\u0436\u043b\u0456\u0441","description":"","publisher":{"@id":"https:\/\/qtmm.org\/qt\/#organization"},"potentialAction":[{"@type":"SearchAction","target":{"@type":"EntryPoint","urlTemplate":"https:\/\/qtmm.org\/qt\/?s={search_term_string}"},"query-input":{"@type":"PropertyValueSpecification","valueRequired":true,"valueName":"search_term_string"}}],"inLanguage":"qt"},{"@type":"Organization","@id":"https:\/\/qtmm.org\/qt\/#organization","name":"\u041c\u0435\u0434\u0436\u043b\u0456\u0441","url":"https:\/\/qtmm.org\/qt\/","logo":{"@type":"ImageObject","inLanguage":"qt","@id":"https:\/\/qtmm.org\/qt\/#\/schema\/logo\/image\/","url":"https:\/\/qtmm.org\/wp-content\/uploads\/2024\/12\/ua-mejlis-logo-rgb.svg","contentUrl":"https:\/\/qtmm.org\/wp-content\/uploads\/2024\/12\/ua-mejlis-logo-rgb.svg","caption":"\u041c\u0435\u0434\u0436\u043b\u0456\u0441"},"image":{"@id":"https:\/\/qtmm.org\/qt\/#\/schema\/logo\/image\/"},"sameAs":["https:\/\/www.facebook.com\/qtmm.info\/"]},{"@type":"Person","@id":"https:\/\/qtmm.org\/qt\/#\/schema\/person\/de562469f971dec226ac06e60bbf74a7","name":"Developer","image":{"@type":"ImageObject","inLanguage":"qt","@id":"https:\/\/secure.gravatar.com\/avatar\/392b4cc8fbfeb00b39dfeeab4ee6edded39ffd48e25858637e4765810300227e?s=96&d=mm&r=g","url":"https:\/\/secure.gravatar.com\/avatar\/392b4cc8fbfeb00b39dfeeab4ee6edded39ffd48e25858637e4765810300227e?s=96&d=mm&r=g","contentUrl":"https:\/\/secure.gravatar.com\/avatar\/392b4cc8fbfeb00b39dfeeab4ee6edded39ffd48e25858637e4765810300227e?s=96&d=mm&r=g","caption":"Developer"},"url":"https:\/\/qtmm.org\/qt\/author\/Developer\/"}]}},"_links":{"self":[{"href":"https:\/\/qtmm.org\/qt\/wp-json\/wp\/v2\/posts\/32363","targetHints":{"allow":["GET"]}}],"collection":[{"href":"https:\/\/qtmm.org\/qt\/wp-json\/wp\/v2\/posts"}],"about":[{"href":"https:\/\/qtmm.org\/qt\/wp-json\/wp\/v2\/types\/post"}],"author":[{"embeddable":true,"href":"https:\/\/qtmm.org\/qt\/wp-json\/wp\/v2\/users\/1"}],"replies":[{"embeddable":true,"href":"https:\/\/qtmm.org\/qt\/wp-json\/wp\/v2\/comments?post=32363"}],"version-history":[{"count":1,"href":"https:\/\/qtmm.org\/qt\/wp-json\/wp\/v2\/posts\/32363\/revisions"}],"predecessor-version":[{"id":32372,"href":"https:\/\/qtmm.org\/qt\/wp-json\/wp\/v2\/posts\/32363\/revisions\/32372"}],"wp:attachment":[{"href":"https:\/\/qtmm.org\/qt\/wp-json\/wp\/v2\/media?parent=32363"}],"wp:term":[{"taxonomy":"category","embeddable":true,"href":"https:\/\/qtmm.org\/qt\/wp-json\/wp\/v2\/categories?post=32363"},{"taxonomy":"post_tag","embeddable":true,"href":"https:\/\/qtmm.org\/qt\/wp-json\/wp\/v2\/tags?post=32363"}],"curies":[{"name":"wp","href":"https:\/\/api.w.org\/{rel}","templated":true}]}}