




{"id":32353,"date":"2012-07-05T21:59:00","date_gmt":"2012-07-05T18:59:00","guid":{"rendered":"http:\/\/qtmm.org\/?p=32353"},"modified":"2022-01-21T22:00:06","modified_gmt":"2022-01-21T19:00:06","slug":"ukumran-koalitsiya-ukraina-etnik-milliy-siyaseti-muvafaqiyetleri-ve-istiqballeri-mevzusinda-parlament-dinlevlerinin-tevsiyeleri-aqqinda-qararni-red-etti","status":"publish","type":"post","link":"https:\/\/qtmm.org\/qt\/ukumran-koalitsiya-ukraina-etnik-milliy-siyaseti-muvafaqiyetleri-ve-istiqballeri-mevzusinda-parlament-dinlevlerinin-tevsiyeleri-aqqinda-qararni-red-etti\/","title":{"rendered":"\u00dck\u00fcmran koalitsiya \u00abUkraina etnik milliy siyaseti: muvafaqiyetleri ve istiqballeri\u00bb mevzus\u0131nda parlament di\u00f1levlerini\u00f1 tevsiyeleri aqq\u0131nda Qararn\u0131 red etti"},"content":{"rendered":"\n<p>&#8220;Ukraina etnik milliy siyaseti: muvafaqiyetleri ve istiqballeri&#8221; mevzus\u0131nda parlament di\u00f1levlerini\u00f1 tevsiyeleri aqq\u0131nda Qararn\u0131 qabul et\u00fcv meselesi 2012 senesi may\u0131s 16-da parlament taraf\u0131ndan muzakere etilip, qo\u015fumca i\u015flemek i\u00e7\u00fcn ait komitetke yollan\u0131l\u011fan edi.<\/p>\n\n\n\n<p>2012 senesi iy\u00fcl 5 k\u00fcn\u00fc mezk\u00fcr Qarar reyge qoyuld\u0131, amma qabul etilmedi.<\/p>\n\n\n\n<p>&#8220;Ukraina etnik milliy siyaseti: muvafaqiyetleri ve istiqballeri&#8221; mevzus\u0131nda parlament di\u00f1levlerini\u00f1 tevsiyeleri aqq\u0131nda Qararn\u0131\u00f1 qabul etilmesi i\u00e7\u00fcn ol\u011fan\u0131-olaca\u011f\u0131 42 nefer Ukraina halq deputat\u0131 rey berdi. Muhalifet k\u00fc\u00e7ler, belli ki, rey ber\u00fcvde i\u015ftirak etmeyler.<\/p>\n\n\n\n<p>Q\u0131r\u0131mtatar halq\u0131 Meclisini\u00f1 reisi, Ukraina halq deputat\u0131 Mustafa Cemilev emin ki, bun\u0131\u00f1 sebebi Ukraina Kommunist partiyas\u0131 fraktsiyas\u0131, ilk-evel\u00e2 parlament reisini\u00f1 muavini Adam Mart\u0131n\u00fckni\u00f1 bu meselege menfiy munasebetinde.<\/p>\n\n\n\n<p>\u015eun\u0131 hat\u0131rlatmal\u0131 ki, yanvar 11 k\u00fcn\u00fc Ukraina Yuqar\u0131 \u015euras\u0131nda &#8220;Ukraina etnik milliy siyaseti: muvafaqiyetleri ve istiqballeri&#8221; mevzus\u0131nda parlament di\u00f1levleri ke\u00e7irilip, bu i\u015fni\u00f1 neticeleri boyunca Ukraina Yuqar\u0131 \u015euras\u0131n\u0131\u00f1 \u0130nsan aqlar\u0131, milliy azl\u0131qlar ve milletlerara komiteti \u00f6z\u00fcni\u00f1 mart 21-de ol\u011fan topla\u015fuv\u0131nda Ukraina Yuqar\u0131 \u015euras\u0131n\u0131\u00f1 &#8220;Ukraina etnik milliy siyaseti: muvafaqiyetleri ve istiqballeri&#8221; mevzus\u0131nda parlament di\u00f1levlerini\u00f1 tevsiyeleri aqq\u0131nda qarar leyhas\u0131n\u0131 tasdiqla\u011fan edi. Leyhada Ukraina Prezidenti, Yuqar\u0131 \u015eura, Nazirler \u015euras\u0131na ve diger devlet organlar\u0131na berilgen konkret tevsiyeler i\u00e7inde c\u00fcmleden<\/p>\n\n\n\n<p>&#8211; devletni\u00f1 etnik milliya siyasetini \u015fekillendir\u00fcv ve amelge ke\u00e7ir\u00fcv meseleleri boyunca icra akimiyetini\u00f1 merkeziy organ\u0131n\u0131 meydan\u011fa ketir\u00fcv,<\/p>\n\n\n\n<p>&#8211; etnik milliy siyaset saas\u0131nda qanunlarn\u0131 m\u00fckemmelle\u015ftir\u00fcv, hususan milletelara, \u0131rqlar ve diniy davalarn\u0131 qoz\u011famas\u0131 i\u00e7\u00fcn cevapk\u00e2rl\u0131qn\u0131 sertle\u015ftir\u00fcv,<\/p>\n\n\n\n<p>&#8211; &#8220;Milliy mens\u00fcpligi boyunca s\u00fcrg\u00fcn etilgen \u015fahs\u0131larn\u0131\u00f1 aqlar\u0131n\u0131 \u011fayr\u0131dan tiklev aqq\u0131nda&#8221; (No. 5515)&gt; qanun leyhas\u0131n\u0131\u00f1 acele qabul etil\u00fcvi,<\/p>\n\n\n\n<p>-milliy mens\u00fcpligine k\u00f6re s\u00fcrg\u00fcn etilgen ve Ukraina\u011fa qayt\u0131p kelgen q\u0131r\u0131mtatarlar ve diger millet vekillerini yerle\u015ftir\u00fcv, ukrain cemiyetine qat\u0131luv\u0131n\u0131 teminlev zarurl\u0131\u011f\u0131 k\u00f6stere.<\/p>\n\n\n\n<p>&#8220;Ukraina etnik milliy siyaseti: muvafaqiyetleri ve istiqballeri&#8221; mevzus\u0131nda parlament di\u00f1levleri tevsiyelerini\u00f1 tolu metininen bu yerde tan\u0131\u015f olmaq m\u00fcmk\u00fcn.<\/p>\n","protected":false},"excerpt":{"rendered":"<p>&#8220;Ukraina etnik milliy siyaseti: muvafaqiyetleri ve istiqballeri&#8221; mevzus\u0131nda parlament di\u00f1levlerini\u00f1 tevsiyeleri aqq\u0131nda Qararn\u0131 qabul et\u00fcv meselesi 2012 senesi may\u0131s 16-da parlament taraf\u0131ndan muzakere etilip, qo\u015fumca i\u015flemek i\u00e7\u00fcn ait komitetke yollan\u0131l\u011fan edi. 2012 senesi iy\u00fcl 5 k\u00fcn\u00fc mezk\u00fcr Qarar reyge qoyuld\u0131, amma qabul etilmedi. &#8220;Ukraina etnik milliy siyaseti: muvafaqiyetleri ve istiqballeri&#8221; mevzus\u0131nda parlament di\u00f1levlerini\u00f1 tevsiyeleri aqq\u0131nda [&hellip;]<\/p>\n","protected":false},"author":1,"featured_media":0,"comment_status":"open","ping_status":"open","sticky":false,"template":"","format":"standard","meta":{"inline_featured_image":false,"footnotes":""},"categories":[265],"tags":[],"class_list":["post-32353","post","type-post","status-publish","format-standard","hentry","category-haberler"],"acf":[],"yoast_head":"<!-- This site is optimized with the Yoast SEO plugin v27.4 - https:\/\/yoast.com\/product\/yoast-seo-wordpress\/ -->\n<title>\u00dck\u00fcmran koalitsiya \u00abUkraina etnik milliy siyaseti: muvafaqiyetleri ve istiqballeri\u00bb mevzus\u0131nda parlament di\u00f1levlerini\u00f1 tevsiyeleri aqq\u0131nda Qararn\u0131 red etti - \u041c\u0435\u0434\u0436\u043b\u0456\u0441<\/title>\n<meta name=\"robots\" content=\"index, follow, max-snippet:-1, max-image-preview:large, max-video-preview:-1\" \/>\n<link rel=\"canonical\" href=\"https:\/\/qtmm.org\/qt\/ukumran-koalitsiya-ukraina-etnik-milliy-siyaseti-muvafaqiyetleri-ve-istiqballeri-mevzusinda-parlament-dinlevlerinin-tevsiyeleri-aqqinda-qararni-red-etti\/\" \/>\n<meta property=\"og:locale\" content=\"en_US\" \/>\n<meta property=\"og:type\" content=\"article\" \/>\n<meta property=\"og:title\" content=\"\u00dck\u00fcmran koalitsiya \u00abUkraina etnik milliy siyaseti: muvafaqiyetleri ve istiqballeri\u00bb mevzus\u0131nda parlament di\u00f1levlerini\u00f1 tevsiyeleri aqq\u0131nda Qararn\u0131 red etti - \u041c\u0435\u0434\u0436\u043b\u0456\u0441\" \/>\n<meta property=\"og:description\" content=\"&#8220;Ukraina etnik milliy siyaseti: muvafaqiyetleri ve istiqballeri&#8221; mevzus\u0131nda parlament di\u00f1levlerini\u00f1 tevsiyeleri aqq\u0131nda Qararn\u0131 qabul et\u00fcv meselesi 2012 senesi may\u0131s 16-da parlament taraf\u0131ndan muzakere etilip, qo\u015fumca i\u015flemek i\u00e7\u00fcn ait komitetke yollan\u0131l\u011fan edi. 2012 senesi iy\u00fcl 5 k\u00fcn\u00fc mezk\u00fcr Qarar reyge qoyuld\u0131, amma qabul etilmedi. &#8220;Ukraina etnik milliy siyaseti: muvafaqiyetleri ve istiqballeri&#8221; mevzus\u0131nda parlament di\u00f1levlerini\u00f1 tevsiyeleri aqq\u0131nda [&hellip;]\" \/>\n<meta property=\"og:url\" content=\"https:\/\/qtmm.org\/qt\/ukumran-koalitsiya-ukraina-etnik-milliy-siyaseti-muvafaqiyetleri-ve-istiqballeri-mevzusinda-parlament-dinlevlerinin-tevsiyeleri-aqqinda-qararni-red-etti\/\" \/>\n<meta property=\"og:site_name\" content=\"\u041c\u0435\u0434\u0436\u043b\u0456\u0441\" \/>\n<meta property=\"article:publisher\" content=\"https:\/\/www.facebook.com\/qtmm.info\/\" \/>\n<meta property=\"article:published_time\" content=\"2012-07-05T18:59:00+00:00\" \/>\n<meta property=\"article:modified_time\" content=\"2022-01-21T19:00:06+00:00\" \/>\n<meta name=\"author\" content=\"Developer\" \/>\n<meta name=\"twitter:card\" content=\"summary_large_image\" \/>\n<meta name=\"twitter:label1\" content=\"Written by\" \/>\n\t<meta name=\"twitter:data1\" content=\"Developer\" \/>\n\t<meta name=\"twitter:label2\" content=\"Est. reading time\" \/>\n\t<meta name=\"twitter:data2\" content=\"2 minutes\" \/>\n<script type=\"application\/ld+json\" class=\"yoast-schema-graph\">{\"@context\":\"https:\\\/\\\/schema.org\",\"@graph\":[{\"@type\":\"Article\",\"@id\":\"https:\\\/\\\/qtmm.org\\\/qt\\\/ukumran-koalitsiya-ukraina-etnik-milliy-siyaseti-muvafaqiyetleri-ve-istiqballeri-mevzusinda-parlament-dinlevlerinin-tevsiyeleri-aqqinda-qararni-red-etti\\\/#article\",\"isPartOf\":{\"@id\":\"https:\\\/\\\/qtmm.org\\\/qt\\\/ukumran-koalitsiya-ukraina-etnik-milliy-siyaseti-muvafaqiyetleri-ve-istiqballeri-mevzusinda-parlament-dinlevlerinin-tevsiyeleri-aqqinda-qararni-red-etti\\\/\"},\"author\":{\"name\":\"Developer\",\"@id\":\"https:\\\/\\\/qtmm.org\\\/qt\\\/#\\\/schema\\\/person\\\/de562469f971dec226ac06e60bbf74a7\"},\"headline\":\"\u00dck\u00fcmran koalitsiya \u00abUkraina etnik milliy siyaseti: muvafaqiyetleri ve istiqballeri\u00bb mevzus\u0131nda parlament di\u00f1levlerini\u00f1 tevsiyeleri aqq\u0131nda Qararn\u0131 red etti\",\"datePublished\":\"2012-07-05T18:59:00+00:00\",\"dateModified\":\"2022-01-21T19:00:06+00:00\",\"mainEntityOfPage\":{\"@id\":\"https:\\\/\\\/qtmm.org\\\/qt\\\/ukumran-koalitsiya-ukraina-etnik-milliy-siyaseti-muvafaqiyetleri-ve-istiqballeri-mevzusinda-parlament-dinlevlerinin-tevsiyeleri-aqqinda-qararni-red-etti\\\/\"},\"wordCount\":375,\"commentCount\":0,\"publisher\":{\"@id\":\"https:\\\/\\\/qtmm.org\\\/qt\\\/#organization\"},\"articleSection\":[\"Haberler\"],\"inLanguage\":\"qt\",\"potentialAction\":[{\"@type\":\"CommentAction\",\"name\":\"Comment\",\"target\":[\"https:\\\/\\\/qtmm.org\\\/qt\\\/ukumran-koalitsiya-ukraina-etnik-milliy-siyaseti-muvafaqiyetleri-ve-istiqballeri-mevzusinda-parlament-dinlevlerinin-tevsiyeleri-aqqinda-qararni-red-etti\\\/#respond\"]}]},{\"@type\":\"WebPage\",\"@id\":\"https:\\\/\\\/qtmm.org\\\/qt\\\/ukumran-koalitsiya-ukraina-etnik-milliy-siyaseti-muvafaqiyetleri-ve-istiqballeri-mevzusinda-parlament-dinlevlerinin-tevsiyeleri-aqqinda-qararni-red-etti\\\/\",\"url\":\"https:\\\/\\\/qtmm.org\\\/qt\\\/ukumran-koalitsiya-ukraina-etnik-milliy-siyaseti-muvafaqiyetleri-ve-istiqballeri-mevzusinda-parlament-dinlevlerinin-tevsiyeleri-aqqinda-qararni-red-etti\\\/\",\"name\":\"\u00dck\u00fcmran koalitsiya \u00abUkraina etnik milliy siyaseti: muvafaqiyetleri ve istiqballeri\u00bb mevzus\u0131nda parlament di\u00f1levlerini\u00f1 tevsiyeleri aqq\u0131nda Qararn\u0131 red etti - \u041c\u0435\u0434\u0436\u043b\u0456\u0441\",\"isPartOf\":{\"@id\":\"https:\\\/\\\/qtmm.org\\\/qt\\\/#website\"},\"datePublished\":\"2012-07-05T18:59:00+00:00\",\"dateModified\":\"2022-01-21T19:00:06+00:00\",\"breadcrumb\":{\"@id\":\"https:\\\/\\\/qtmm.org\\\/qt\\\/ukumran-koalitsiya-ukraina-etnik-milliy-siyaseti-muvafaqiyetleri-ve-istiqballeri-mevzusinda-parlament-dinlevlerinin-tevsiyeleri-aqqinda-qararni-red-etti\\\/#breadcrumb\"},\"inLanguage\":\"qt\",\"potentialAction\":[{\"@type\":\"ReadAction\",\"target\":[\"https:\\\/\\\/qtmm.org\\\/qt\\\/ukumran-koalitsiya-ukraina-etnik-milliy-siyaseti-muvafaqiyetleri-ve-istiqballeri-mevzusinda-parlament-dinlevlerinin-tevsiyeleri-aqqinda-qararni-red-etti\\\/\"]}]},{\"@type\":\"BreadcrumbList\",\"@id\":\"https:\\\/\\\/qtmm.org\\\/qt\\\/ukumran-koalitsiya-ukraina-etnik-milliy-siyaseti-muvafaqiyetleri-ve-istiqballeri-mevzusinda-parlament-dinlevlerinin-tevsiyeleri-aqqinda-qararni-red-etti\\\/#breadcrumb\",\"itemListElement\":[{\"@type\":\"ListItem\",\"position\":1,\"name\":\"\u0413\u043e\u043b\u043e\u0432\u043d\u0430\",\"item\":\"https:\\\/\\\/qtmm.org\\\/qt\\\/\"},{\"@type\":\"ListItem\",\"position\":2,\"name\":\"\u00dck\u00fcmran koalitsiya \u00abUkraina etnik milliy siyaseti: muvafaqiyetleri ve istiqballeri\u00bb mevzus\u0131nda parlament di\u00f1levlerini\u00f1 tevsiyeleri aqq\u0131nda Qararn\u0131 red etti\"}]},{\"@type\":\"WebSite\",\"@id\":\"https:\\\/\\\/qtmm.org\\\/qt\\\/#website\",\"url\":\"https:\\\/\\\/qtmm.org\\\/qt\\\/\",\"name\":\"\u041c\u0435\u0434\u0436\u043b\u0456\u0441\",\"description\":\"\",\"publisher\":{\"@id\":\"https:\\\/\\\/qtmm.org\\\/qt\\\/#organization\"},\"potentialAction\":[{\"@type\":\"SearchAction\",\"target\":{\"@type\":\"EntryPoint\",\"urlTemplate\":\"https:\\\/\\\/qtmm.org\\\/qt\\\/?s={search_term_string}\"},\"query-input\":{\"@type\":\"PropertyValueSpecification\",\"valueRequired\":true,\"valueName\":\"search_term_string\"}}],\"inLanguage\":\"qt\"},{\"@type\":\"Organization\",\"@id\":\"https:\\\/\\\/qtmm.org\\\/qt\\\/#organization\",\"name\":\"\u041c\u0435\u0434\u0436\u043b\u0456\u0441\",\"url\":\"https:\\\/\\\/qtmm.org\\\/qt\\\/\",\"logo\":{\"@type\":\"ImageObject\",\"inLanguage\":\"qt\",\"@id\":\"https:\\\/\\\/qtmm.org\\\/qt\\\/#\\\/schema\\\/logo\\\/image\\\/\",\"url\":\"https:\\\/\\\/qtmm.org\\\/wp-content\\\/uploads\\\/2024\\\/12\\\/ua-mejlis-logo-rgb.svg\",\"contentUrl\":\"https:\\\/\\\/qtmm.org\\\/wp-content\\\/uploads\\\/2024\\\/12\\\/ua-mejlis-logo-rgb.svg\",\"caption\":\"\u041c\u0435\u0434\u0436\u043b\u0456\u0441\"},\"image\":{\"@id\":\"https:\\\/\\\/qtmm.org\\\/qt\\\/#\\\/schema\\\/logo\\\/image\\\/\"},\"sameAs\":[\"https:\\\/\\\/www.facebook.com\\\/qtmm.info\\\/\"]},{\"@type\":\"Person\",\"@id\":\"https:\\\/\\\/qtmm.org\\\/qt\\\/#\\\/schema\\\/person\\\/de562469f971dec226ac06e60bbf74a7\",\"name\":\"Developer\",\"image\":{\"@type\":\"ImageObject\",\"inLanguage\":\"qt\",\"@id\":\"https:\\\/\\\/secure.gravatar.com\\\/avatar\\\/392b4cc8fbfeb00b39dfeeab4ee6edded39ffd48e25858637e4765810300227e?s=96&d=mm&r=g\",\"url\":\"https:\\\/\\\/secure.gravatar.com\\\/avatar\\\/392b4cc8fbfeb00b39dfeeab4ee6edded39ffd48e25858637e4765810300227e?s=96&d=mm&r=g\",\"contentUrl\":\"https:\\\/\\\/secure.gravatar.com\\\/avatar\\\/392b4cc8fbfeb00b39dfeeab4ee6edded39ffd48e25858637e4765810300227e?s=96&d=mm&r=g\",\"caption\":\"Developer\"},\"url\":\"https:\\\/\\\/qtmm.org\\\/qt\\\/author\\\/Developer\\\/\"}]}<\/script>\n<!-- \/ Yoast SEO plugin. -->","yoast_head_json":{"title":"\u00dck\u00fcmran koalitsiya \u00abUkraina etnik milliy siyaseti: muvafaqiyetleri ve istiqballeri\u00bb mevzus\u0131nda parlament di\u00f1levlerini\u00f1 tevsiyeleri aqq\u0131nda Qararn\u0131 red etti - \u041c\u0435\u0434\u0436\u043b\u0456\u0441","robots":{"index":"index","follow":"follow","max-snippet":"max-snippet:-1","max-image-preview":"max-image-preview:large","max-video-preview":"max-video-preview:-1"},"canonical":"https:\/\/qtmm.org\/qt\/ukumran-koalitsiya-ukraina-etnik-milliy-siyaseti-muvafaqiyetleri-ve-istiqballeri-mevzusinda-parlament-dinlevlerinin-tevsiyeleri-aqqinda-qararni-red-etti\/","og_locale":"en_US","og_type":"article","og_title":"\u00dck\u00fcmran koalitsiya \u00abUkraina etnik milliy siyaseti: muvafaqiyetleri ve istiqballeri\u00bb mevzus\u0131nda parlament di\u00f1levlerini\u00f1 tevsiyeleri aqq\u0131nda Qararn\u0131 red etti - \u041c\u0435\u0434\u0436\u043b\u0456\u0441","og_description":"&#8220;Ukraina etnik milliy siyaseti: muvafaqiyetleri ve istiqballeri&#8221; mevzus\u0131nda parlament di\u00f1levlerini\u00f1 tevsiyeleri aqq\u0131nda Qararn\u0131 qabul et\u00fcv meselesi 2012 senesi may\u0131s 16-da parlament taraf\u0131ndan muzakere etilip, qo\u015fumca i\u015flemek i\u00e7\u00fcn ait komitetke yollan\u0131l\u011fan edi. 2012 senesi iy\u00fcl 5 k\u00fcn\u00fc mezk\u00fcr Qarar reyge qoyuld\u0131, amma qabul etilmedi. &#8220;Ukraina etnik milliy siyaseti: muvafaqiyetleri ve istiqballeri&#8221; mevzus\u0131nda parlament di\u00f1levlerini\u00f1 tevsiyeleri aqq\u0131nda [&hellip;]","og_url":"https:\/\/qtmm.org\/qt\/ukumran-koalitsiya-ukraina-etnik-milliy-siyaseti-muvafaqiyetleri-ve-istiqballeri-mevzusinda-parlament-dinlevlerinin-tevsiyeleri-aqqinda-qararni-red-etti\/","og_site_name":"\u041c\u0435\u0434\u0436\u043b\u0456\u0441","article_publisher":"https:\/\/www.facebook.com\/qtmm.info\/","article_published_time":"2012-07-05T18:59:00+00:00","article_modified_time":"2022-01-21T19:00:06+00:00","author":"Developer","twitter_card":"summary_large_image","twitter_misc":{"Written by":"Developer","Est. reading time":"2 minutes"},"schema":{"@context":"https:\/\/schema.org","@graph":[{"@type":"Article","@id":"https:\/\/qtmm.org\/qt\/ukumran-koalitsiya-ukraina-etnik-milliy-siyaseti-muvafaqiyetleri-ve-istiqballeri-mevzusinda-parlament-dinlevlerinin-tevsiyeleri-aqqinda-qararni-red-etti\/#article","isPartOf":{"@id":"https:\/\/qtmm.org\/qt\/ukumran-koalitsiya-ukraina-etnik-milliy-siyaseti-muvafaqiyetleri-ve-istiqballeri-mevzusinda-parlament-dinlevlerinin-tevsiyeleri-aqqinda-qararni-red-etti\/"},"author":{"name":"Developer","@id":"https:\/\/qtmm.org\/qt\/#\/schema\/person\/de562469f971dec226ac06e60bbf74a7"},"headline":"\u00dck\u00fcmran koalitsiya \u00abUkraina etnik milliy siyaseti: muvafaqiyetleri ve istiqballeri\u00bb mevzus\u0131nda parlament di\u00f1levlerini\u00f1 tevsiyeleri aqq\u0131nda Qararn\u0131 red etti","datePublished":"2012-07-05T18:59:00+00:00","dateModified":"2022-01-21T19:00:06+00:00","mainEntityOfPage":{"@id":"https:\/\/qtmm.org\/qt\/ukumran-koalitsiya-ukraina-etnik-milliy-siyaseti-muvafaqiyetleri-ve-istiqballeri-mevzusinda-parlament-dinlevlerinin-tevsiyeleri-aqqinda-qararni-red-etti\/"},"wordCount":375,"commentCount":0,"publisher":{"@id":"https:\/\/qtmm.org\/qt\/#organization"},"articleSection":["Haberler"],"inLanguage":"qt","potentialAction":[{"@type":"CommentAction","name":"Comment","target":["https:\/\/qtmm.org\/qt\/ukumran-koalitsiya-ukraina-etnik-milliy-siyaseti-muvafaqiyetleri-ve-istiqballeri-mevzusinda-parlament-dinlevlerinin-tevsiyeleri-aqqinda-qararni-red-etti\/#respond"]}]},{"@type":"WebPage","@id":"https:\/\/qtmm.org\/qt\/ukumran-koalitsiya-ukraina-etnik-milliy-siyaseti-muvafaqiyetleri-ve-istiqballeri-mevzusinda-parlament-dinlevlerinin-tevsiyeleri-aqqinda-qararni-red-etti\/","url":"https:\/\/qtmm.org\/qt\/ukumran-koalitsiya-ukraina-etnik-milliy-siyaseti-muvafaqiyetleri-ve-istiqballeri-mevzusinda-parlament-dinlevlerinin-tevsiyeleri-aqqinda-qararni-red-etti\/","name":"\u00dck\u00fcmran koalitsiya \u00abUkraina etnik milliy siyaseti: muvafaqiyetleri ve istiqballeri\u00bb mevzus\u0131nda parlament di\u00f1levlerini\u00f1 tevsiyeleri aqq\u0131nda Qararn\u0131 red etti - \u041c\u0435\u0434\u0436\u043b\u0456\u0441","isPartOf":{"@id":"https:\/\/qtmm.org\/qt\/#website"},"datePublished":"2012-07-05T18:59:00+00:00","dateModified":"2022-01-21T19:00:06+00:00","breadcrumb":{"@id":"https:\/\/qtmm.org\/qt\/ukumran-koalitsiya-ukraina-etnik-milliy-siyaseti-muvafaqiyetleri-ve-istiqballeri-mevzusinda-parlament-dinlevlerinin-tevsiyeleri-aqqinda-qararni-red-etti\/#breadcrumb"},"inLanguage":"qt","potentialAction":[{"@type":"ReadAction","target":["https:\/\/qtmm.org\/qt\/ukumran-koalitsiya-ukraina-etnik-milliy-siyaseti-muvafaqiyetleri-ve-istiqballeri-mevzusinda-parlament-dinlevlerinin-tevsiyeleri-aqqinda-qararni-red-etti\/"]}]},{"@type":"BreadcrumbList","@id":"https:\/\/qtmm.org\/qt\/ukumran-koalitsiya-ukraina-etnik-milliy-siyaseti-muvafaqiyetleri-ve-istiqballeri-mevzusinda-parlament-dinlevlerinin-tevsiyeleri-aqqinda-qararni-red-etti\/#breadcrumb","itemListElement":[{"@type":"ListItem","position":1,"name":"\u0413\u043e\u043b\u043e\u0432\u043d\u0430","item":"https:\/\/qtmm.org\/qt\/"},{"@type":"ListItem","position":2,"name":"\u00dck\u00fcmran koalitsiya \u00abUkraina etnik milliy siyaseti: muvafaqiyetleri ve istiqballeri\u00bb mevzus\u0131nda parlament di\u00f1levlerini\u00f1 tevsiyeleri aqq\u0131nda Qararn\u0131 red etti"}]},{"@type":"WebSite","@id":"https:\/\/qtmm.org\/qt\/#website","url":"https:\/\/qtmm.org\/qt\/","name":"\u041c\u0435\u0434\u0436\u043b\u0456\u0441","description":"","publisher":{"@id":"https:\/\/qtmm.org\/qt\/#organization"},"potentialAction":[{"@type":"SearchAction","target":{"@type":"EntryPoint","urlTemplate":"https:\/\/qtmm.org\/qt\/?s={search_term_string}"},"query-input":{"@type":"PropertyValueSpecification","valueRequired":true,"valueName":"search_term_string"}}],"inLanguage":"qt"},{"@type":"Organization","@id":"https:\/\/qtmm.org\/qt\/#organization","name":"\u041c\u0435\u0434\u0436\u043b\u0456\u0441","url":"https:\/\/qtmm.org\/qt\/","logo":{"@type":"ImageObject","inLanguage":"qt","@id":"https:\/\/qtmm.org\/qt\/#\/schema\/logo\/image\/","url":"https:\/\/qtmm.org\/wp-content\/uploads\/2024\/12\/ua-mejlis-logo-rgb.svg","contentUrl":"https:\/\/qtmm.org\/wp-content\/uploads\/2024\/12\/ua-mejlis-logo-rgb.svg","caption":"\u041c\u0435\u0434\u0436\u043b\u0456\u0441"},"image":{"@id":"https:\/\/qtmm.org\/qt\/#\/schema\/logo\/image\/"},"sameAs":["https:\/\/www.facebook.com\/qtmm.info\/"]},{"@type":"Person","@id":"https:\/\/qtmm.org\/qt\/#\/schema\/person\/de562469f971dec226ac06e60bbf74a7","name":"Developer","image":{"@type":"ImageObject","inLanguage":"qt","@id":"https:\/\/secure.gravatar.com\/avatar\/392b4cc8fbfeb00b39dfeeab4ee6edded39ffd48e25858637e4765810300227e?s=96&d=mm&r=g","url":"https:\/\/secure.gravatar.com\/avatar\/392b4cc8fbfeb00b39dfeeab4ee6edded39ffd48e25858637e4765810300227e?s=96&d=mm&r=g","contentUrl":"https:\/\/secure.gravatar.com\/avatar\/392b4cc8fbfeb00b39dfeeab4ee6edded39ffd48e25858637e4765810300227e?s=96&d=mm&r=g","caption":"Developer"},"url":"https:\/\/qtmm.org\/qt\/author\/Developer\/"}]}},"_links":{"self":[{"href":"https:\/\/qtmm.org\/qt\/wp-json\/wp\/v2\/posts\/32353","targetHints":{"allow":["GET"]}}],"collection":[{"href":"https:\/\/qtmm.org\/qt\/wp-json\/wp\/v2\/posts"}],"about":[{"href":"https:\/\/qtmm.org\/qt\/wp-json\/wp\/v2\/types\/post"}],"author":[{"embeddable":true,"href":"https:\/\/qtmm.org\/qt\/wp-json\/wp\/v2\/users\/1"}],"replies":[{"embeddable":true,"href":"https:\/\/qtmm.org\/qt\/wp-json\/wp\/v2\/comments?post=32353"}],"version-history":[{"count":1,"href":"https:\/\/qtmm.org\/qt\/wp-json\/wp\/v2\/posts\/32353\/revisions"}],"predecessor-version":[{"id":32358,"href":"https:\/\/qtmm.org\/qt\/wp-json\/wp\/v2\/posts\/32353\/revisions\/32358"}],"wp:attachment":[{"href":"https:\/\/qtmm.org\/qt\/wp-json\/wp\/v2\/media?parent=32353"}],"wp:term":[{"taxonomy":"category","embeddable":true,"href":"https:\/\/qtmm.org\/qt\/wp-json\/wp\/v2\/categories?post=32353"},{"taxonomy":"post_tag","embeddable":true,"href":"https:\/\/qtmm.org\/qt\/wp-json\/wp\/v2\/tags?post=32353"}],"curies":[{"name":"wp","href":"https:\/\/api.w.org\/{rel}","templated":true}]}}