




{"id":32351,"date":"2012-07-05T21:59:00","date_gmt":"2012-07-05T18:59:00","guid":{"rendered":"http:\/\/qtmm.org\/?p=32351"},"modified":"2022-01-21T21:59:29","modified_gmt":"2022-01-21T18:59:29","slug":"ukraina-yuqari-surasi-sabriye-erecepovanin-100-yilligini-qayd-etuv-aqqinda-qarar-qabul-etti","status":"publish","type":"post","link":"https:\/\/qtmm.org\/qt\/ukraina-yuqari-surasi-sabriye-erecepovanin-100-yilligini-qayd-etuv-aqqinda-qarar-qabul-etti\/","title":{"rendered":"Ukraina Yuqar\u0131 \u015euras\u0131 \u00abSabriye Erecepovan\u0131\u00f1 100 y\u0131ll\u0131\u011f\u0131n\u0131 qayd et\u00fcv aqq\u0131nda\u00bb Qarar qabul etti"},"content":{"rendered":"\n<p>Mezk\u00fcr qarar i\u00e7\u00fcn 2012 senesi iy\u00fcl 5 k\u00fcn\u00fc Ukraina halq deputatlar\u0131 rey berdiler.<\/p>\n\n\n\n<p>Leyhas\u0131n\u0131\u00f1 m\u00fcellifi Mustafa Cemilev ol\u011fan qararda 2012 senesi iy\u00fcl 12 k\u00fcn\u00fc me\u015fur q\u0131r\u0131mtatar y\u0131rc\u0131s\u0131, \u00d6zbekistan halq artisti Sabriye Erecepovan\u0131\u00f1 do\u011f\u011fan\u0131na 100 y\u0131l tol\u011fan\u0131 qayd etile.<\/p>\n\n\n\n<p>Qarar boyunca Ukraina \u00fck\u00fcmetine qarar qabul etilgen so\u00f1 eki afta i\u00e7inde Sabriye Erecepovan\u0131\u00f1 100 y\u0131ll\u0131\u011f\u0131na ba\u011f\u0131\u015flan\u011fan tedbirlerni az\u0131rlav ve ke\u00e7ir\u00fcv boyunca te\u015fkiliy komitetni meydan\u011fa ketirmege, bun\u0131\u00f1 kibi de tantanal\u0131 tedbirler plan\u0131n\u0131 tasdiqlamaq ve bayramn\u0131\u00f1 maliyeviy ve maddiy-tehnikiy ceetten teminlemek avale etildi.<\/p>\n\n\n\n<p>&#8220;Sabriye Erecepovan\u0131\u00f1 100 y\u0131ll\u0131\u011f\u0131n\u0131 qayd et\u00fcv aqq\u0131nda&#8221; Qararda daa bir s\u0131ra tevsiye ve teklifler ol\u0131p, c\u00fcmleden Sabriye Erecepovan\u0131\u00f1 naa\u015f\u0131n\u0131 Ta\u015fkentten ketirip, do\u011f\u011fan yeri Ba\u011f\u00e7asarayda defn etmek boyunca tedbirlerni amelge ke\u00e7irmek k\u00f6zde tutula. Ukraina Devlet radio ve televideniye komitetine q\u0131r\u0131mtatar halq\u0131n\u0131\u00f1 y\u0131rc\u0131s\u0131 Sabriye Erecepovan\u0131\u00f1 \u00f6m\u00fcri ve icad\u0131na ba\u011f\u0131\u015flan\u011fan tele ve radioyay\u0131nlarn\u0131 te\u015fkil etmek, k\u00fctleviy matbuat vastalar\u0131na ise y\u0131rc\u0131n\u0131\u00f1 100 y\u0131ll\u0131\u011f\u0131 munasebetinen ke\u00e7irilgen tedbir-merasimlerni ayd\u0131nlatmaq, &#8220;Ukrpo\u00e7ta&#8221; devlet i\u015fhanesine Sabriye Erecepovan\u0131\u00f1 resimleri ol\u011fan po\u00e7ta markalar\u0131n\u0131 basmaq, Sabriye Erecepovan\u0131\u00f1 y\u0131rlar\u0131ndan ibaret disk az\u0131rlamaq avale olund\u0131.<\/p>\n\n\n\n<p>Qararn\u0131\u00f1 eda etilmesini Ukraina Yuqar\u0131 \u015euras\u0131n\u0131\u00f1 \u0130nsan aqlar\u0131, milliy azl\u0131qlar ve milletlerara munasebetler boyunca komitet nezaret etecek. 10438 raqaml\u0131 &#8220;Sabriye Erecepovan\u0131\u00f1 100 y\u0131ll\u0131\u011f\u0131n\u0131 qayd et\u00fcv aqq\u0131nda&#8221; Qarar 2012 senesi iy\u00fcl 5-ten k\u00fc\u00e7ke kire.<\/p>\n\n\n\n<p>\u015eun\u0131 hat\u0131rlatmal\u0131 ki, Q\u0131r\u0131mtatar halq\u0131 Meclisini\u00f1 reisi, Ukraina halq deputat\u0131 Mustafa Cemilev 2012 senesi may\u0131s 7-de Ukraina Yuqar\u0131 \u015euras\u0131nda &#8220;Sabriye Erecepovan\u0131\u00f1 100 y\u0131ll\u0131\u011f\u0131n\u0131 qayd et\u00fcv aqq\u0131nda&#8221; 10438 raqaml\u0131 Qararn\u0131\u00f1 leyhas\u0131n\u0131 cedvelge ald\u0131rd\u0131.<\/p>\n\n\n\n<hr class=\"wp-block-separator\"\/>\n\n\n\n<p><strong><em>Mal\u00fcmat i\u00e7\u00fcn:<\/em><\/strong>&nbsp;Sabriye Erecepova (12.07. 1912 g. &#8211; 18.09.1977 g.) &#8211; q\u0131r\u0131mtatar halq\u0131n\u0131\u00f1 me\u015fur y\u0131rc\u0131s\u0131, \u00d6zbekistanda h\u0131zmet k\u00f6stergen artisttir.<br>On\u0131\u00f1 icras\u0131nda er angi y\u0131r halq y\u0131r\u0131na \u00e7evirildi. B\u00fct\u00fcn ayat\u0131 ve icad\u0131n\u0131 tuv\u011fan halq\u0131na ba\u011f\u0131\u015fla\u011fan Sabriye Erecepova \u00f6z\u00fcnden so\u00f1 miras olaraq halq y\u0131r\u0131na b\u00fcy\u00fck sevgini qald\u0131rd\u0131.<\/p>\n\n\n\n<p>Sabriye Erecepova \u2013 birinci ol\u0131p q\u0131r\u0131mtatar y\u0131r folklor\u0131n\u0131 sanada professional seviyede numay\u0131\u015f etti. O, faqat \u00f6z halq\u0131n\u0131\u00f1 y\u0131rlar\u0131n\u0131 y\u0131rlap, icra ustal\u0131\u011f\u0131n\u0131\u00f1 \u00f6rnegi old\u0131. Bug\u00fcnde-bug\u00fcn on\u0131\u00f1 ad\u0131n\u0131 bilmegen ve on\u0131\u00f1 ile \u011fururlanma\u011fan i\u00e7 bir q\u0131r\u0131mtatar\u0131 yoqt\u0131r.<\/p>\n","protected":false},"excerpt":{"rendered":"<p>Mezk\u00fcr qarar i\u00e7\u00fcn 2012 senesi iy\u00fcl 5 k\u00fcn\u00fc Ukraina halq deputatlar\u0131 rey berdiler. Leyhas\u0131n\u0131\u00f1 m\u00fcellifi Mustafa Cemilev ol\u011fan qararda 2012 senesi iy\u00fcl 12 k\u00fcn\u00fc me\u015fur q\u0131r\u0131mtatar y\u0131rc\u0131s\u0131, \u00d6zbekistan halq artisti Sabriye Erecepovan\u0131\u00f1 do\u011f\u011fan\u0131na 100 y\u0131l tol\u011fan\u0131 qayd etile. Qarar boyunca Ukraina \u00fck\u00fcmetine qarar qabul etilgen so\u00f1 eki afta i\u00e7inde Sabriye Erecepovan\u0131\u00f1 100 y\u0131ll\u0131\u011f\u0131na ba\u011f\u0131\u015flan\u011fan tedbirlerni [&hellip;]<\/p>\n","protected":false},"author":1,"featured_media":0,"comment_status":"open","ping_status":"open","sticky":false,"template":"","format":"standard","meta":{"inline_featured_image":false,"footnotes":""},"categories":[265],"tags":[],"class_list":["post-32351","post","type-post","status-publish","format-standard","hentry","category-haberler"],"acf":[],"yoast_head":"<!-- This site is optimized with the Yoast SEO plugin v27.4 - https:\/\/yoast.com\/product\/yoast-seo-wordpress\/ -->\n<title>Ukraina Yuqar\u0131 \u015euras\u0131 \u00abSabriye Erecepovan\u0131\u00f1 100 y\u0131ll\u0131\u011f\u0131n\u0131 qayd et\u00fcv aqq\u0131nda\u00bb Qarar qabul etti - \u041c\u0435\u0434\u0436\u043b\u0456\u0441<\/title>\n<meta name=\"robots\" content=\"index, follow, max-snippet:-1, max-image-preview:large, max-video-preview:-1\" \/>\n<link rel=\"canonical\" href=\"https:\/\/qtmm.org\/qt\/ukraina-yuqari-surasi-sabriye-erecepovanin-100-yilligini-qayd-etuv-aqqinda-qarar-qabul-etti\/\" \/>\n<meta property=\"og:locale\" content=\"en_US\" \/>\n<meta property=\"og:type\" content=\"article\" \/>\n<meta property=\"og:title\" content=\"Ukraina Yuqar\u0131 \u015euras\u0131 \u00abSabriye Erecepovan\u0131\u00f1 100 y\u0131ll\u0131\u011f\u0131n\u0131 qayd et\u00fcv aqq\u0131nda\u00bb Qarar qabul etti - \u041c\u0435\u0434\u0436\u043b\u0456\u0441\" \/>\n<meta property=\"og:description\" content=\"Mezk\u00fcr qarar i\u00e7\u00fcn 2012 senesi iy\u00fcl 5 k\u00fcn\u00fc Ukraina halq deputatlar\u0131 rey berdiler. Leyhas\u0131n\u0131\u00f1 m\u00fcellifi Mustafa Cemilev ol\u011fan qararda 2012 senesi iy\u00fcl 12 k\u00fcn\u00fc me\u015fur q\u0131r\u0131mtatar y\u0131rc\u0131s\u0131, \u00d6zbekistan halq artisti Sabriye Erecepovan\u0131\u00f1 do\u011f\u011fan\u0131na 100 y\u0131l tol\u011fan\u0131 qayd etile. Qarar boyunca Ukraina \u00fck\u00fcmetine qarar qabul etilgen so\u00f1 eki afta i\u00e7inde Sabriye Erecepovan\u0131\u00f1 100 y\u0131ll\u0131\u011f\u0131na ba\u011f\u0131\u015flan\u011fan tedbirlerni [&hellip;]\" \/>\n<meta property=\"og:url\" content=\"https:\/\/qtmm.org\/qt\/ukraina-yuqari-surasi-sabriye-erecepovanin-100-yilligini-qayd-etuv-aqqinda-qarar-qabul-etti\/\" \/>\n<meta property=\"og:site_name\" content=\"\u041c\u0435\u0434\u0436\u043b\u0456\u0441\" \/>\n<meta property=\"article:publisher\" content=\"https:\/\/www.facebook.com\/qtmm.info\/\" \/>\n<meta property=\"article:published_time\" content=\"2012-07-05T18:59:00+00:00\" \/>\n<meta property=\"article:modified_time\" content=\"2022-01-21T18:59:29+00:00\" \/>\n<meta name=\"author\" content=\"Developer\" \/>\n<meta name=\"twitter:card\" content=\"summary_large_image\" \/>\n<meta name=\"twitter:label1\" content=\"Written by\" \/>\n\t<meta name=\"twitter:data1\" content=\"Developer\" \/>\n\t<meta name=\"twitter:label2\" content=\"Est. reading time\" \/>\n\t<meta name=\"twitter:data2\" content=\"2 minutes\" \/>\n<script type=\"application\/ld+json\" class=\"yoast-schema-graph\">{\"@context\":\"https:\\\/\\\/schema.org\",\"@graph\":[{\"@type\":\"Article\",\"@id\":\"https:\\\/\\\/qtmm.org\\\/qt\\\/ukraina-yuqari-surasi-sabriye-erecepovanin-100-yilligini-qayd-etuv-aqqinda-qarar-qabul-etti\\\/#article\",\"isPartOf\":{\"@id\":\"https:\\\/\\\/qtmm.org\\\/qt\\\/ukraina-yuqari-surasi-sabriye-erecepovanin-100-yilligini-qayd-etuv-aqqinda-qarar-qabul-etti\\\/\"},\"author\":{\"name\":\"Developer\",\"@id\":\"https:\\\/\\\/qtmm.org\\\/qt\\\/#\\\/schema\\\/person\\\/de562469f971dec226ac06e60bbf74a7\"},\"headline\":\"Ukraina Yuqar\u0131 \u015euras\u0131 \u00abSabriye Erecepovan\u0131\u00f1 100 y\u0131ll\u0131\u011f\u0131n\u0131 qayd et\u00fcv aqq\u0131nda\u00bb Qarar qabul etti\",\"datePublished\":\"2012-07-05T18:59:00+00:00\",\"dateModified\":\"2022-01-21T18:59:29+00:00\",\"mainEntityOfPage\":{\"@id\":\"https:\\\/\\\/qtmm.org\\\/qt\\\/ukraina-yuqari-surasi-sabriye-erecepovanin-100-yilligini-qayd-etuv-aqqinda-qarar-qabul-etti\\\/\"},\"wordCount\":436,\"commentCount\":0,\"publisher\":{\"@id\":\"https:\\\/\\\/qtmm.org\\\/qt\\\/#organization\"},\"articleSection\":[\"Haberler\"],\"inLanguage\":\"qt\",\"potentialAction\":[{\"@type\":\"CommentAction\",\"name\":\"Comment\",\"target\":[\"https:\\\/\\\/qtmm.org\\\/qt\\\/ukraina-yuqari-surasi-sabriye-erecepovanin-100-yilligini-qayd-etuv-aqqinda-qarar-qabul-etti\\\/#respond\"]}]},{\"@type\":\"WebPage\",\"@id\":\"https:\\\/\\\/qtmm.org\\\/qt\\\/ukraina-yuqari-surasi-sabriye-erecepovanin-100-yilligini-qayd-etuv-aqqinda-qarar-qabul-etti\\\/\",\"url\":\"https:\\\/\\\/qtmm.org\\\/qt\\\/ukraina-yuqari-surasi-sabriye-erecepovanin-100-yilligini-qayd-etuv-aqqinda-qarar-qabul-etti\\\/\",\"name\":\"Ukraina Yuqar\u0131 \u015euras\u0131 \u00abSabriye Erecepovan\u0131\u00f1 100 y\u0131ll\u0131\u011f\u0131n\u0131 qayd et\u00fcv aqq\u0131nda\u00bb Qarar qabul etti - \u041c\u0435\u0434\u0436\u043b\u0456\u0441\",\"isPartOf\":{\"@id\":\"https:\\\/\\\/qtmm.org\\\/qt\\\/#website\"},\"datePublished\":\"2012-07-05T18:59:00+00:00\",\"dateModified\":\"2022-01-21T18:59:29+00:00\",\"breadcrumb\":{\"@id\":\"https:\\\/\\\/qtmm.org\\\/qt\\\/ukraina-yuqari-surasi-sabriye-erecepovanin-100-yilligini-qayd-etuv-aqqinda-qarar-qabul-etti\\\/#breadcrumb\"},\"inLanguage\":\"qt\",\"potentialAction\":[{\"@type\":\"ReadAction\",\"target\":[\"https:\\\/\\\/qtmm.org\\\/qt\\\/ukraina-yuqari-surasi-sabriye-erecepovanin-100-yilligini-qayd-etuv-aqqinda-qarar-qabul-etti\\\/\"]}]},{\"@type\":\"BreadcrumbList\",\"@id\":\"https:\\\/\\\/qtmm.org\\\/qt\\\/ukraina-yuqari-surasi-sabriye-erecepovanin-100-yilligini-qayd-etuv-aqqinda-qarar-qabul-etti\\\/#breadcrumb\",\"itemListElement\":[{\"@type\":\"ListItem\",\"position\":1,\"name\":\"\u0413\u043e\u043b\u043e\u0432\u043d\u0430\",\"item\":\"https:\\\/\\\/qtmm.org\\\/qt\\\/\"},{\"@type\":\"ListItem\",\"position\":2,\"name\":\"Ukraina Yuqar\u0131 \u015euras\u0131 \u00abSabriye Erecepovan\u0131\u00f1 100 y\u0131ll\u0131\u011f\u0131n\u0131 qayd et\u00fcv aqq\u0131nda\u00bb Qarar qabul etti\"}]},{\"@type\":\"WebSite\",\"@id\":\"https:\\\/\\\/qtmm.org\\\/qt\\\/#website\",\"url\":\"https:\\\/\\\/qtmm.org\\\/qt\\\/\",\"name\":\"\u041c\u0435\u0434\u0436\u043b\u0456\u0441\",\"description\":\"\",\"publisher\":{\"@id\":\"https:\\\/\\\/qtmm.org\\\/qt\\\/#organization\"},\"potentialAction\":[{\"@type\":\"SearchAction\",\"target\":{\"@type\":\"EntryPoint\",\"urlTemplate\":\"https:\\\/\\\/qtmm.org\\\/qt\\\/?s={search_term_string}\"},\"query-input\":{\"@type\":\"PropertyValueSpecification\",\"valueRequired\":true,\"valueName\":\"search_term_string\"}}],\"inLanguage\":\"qt\"},{\"@type\":\"Organization\",\"@id\":\"https:\\\/\\\/qtmm.org\\\/qt\\\/#organization\",\"name\":\"\u041c\u0435\u0434\u0436\u043b\u0456\u0441\",\"url\":\"https:\\\/\\\/qtmm.org\\\/qt\\\/\",\"logo\":{\"@type\":\"ImageObject\",\"inLanguage\":\"qt\",\"@id\":\"https:\\\/\\\/qtmm.org\\\/qt\\\/#\\\/schema\\\/logo\\\/image\\\/\",\"url\":\"https:\\\/\\\/qtmm.org\\\/wp-content\\\/uploads\\\/2024\\\/12\\\/ua-mejlis-logo-rgb.svg\",\"contentUrl\":\"https:\\\/\\\/qtmm.org\\\/wp-content\\\/uploads\\\/2024\\\/12\\\/ua-mejlis-logo-rgb.svg\",\"caption\":\"\u041c\u0435\u0434\u0436\u043b\u0456\u0441\"},\"image\":{\"@id\":\"https:\\\/\\\/qtmm.org\\\/qt\\\/#\\\/schema\\\/logo\\\/image\\\/\"},\"sameAs\":[\"https:\\\/\\\/www.facebook.com\\\/qtmm.info\\\/\"]},{\"@type\":\"Person\",\"@id\":\"https:\\\/\\\/qtmm.org\\\/qt\\\/#\\\/schema\\\/person\\\/de562469f971dec226ac06e60bbf74a7\",\"name\":\"Developer\",\"image\":{\"@type\":\"ImageObject\",\"inLanguage\":\"qt\",\"@id\":\"https:\\\/\\\/secure.gravatar.com\\\/avatar\\\/392b4cc8fbfeb00b39dfeeab4ee6edded39ffd48e25858637e4765810300227e?s=96&d=mm&r=g\",\"url\":\"https:\\\/\\\/secure.gravatar.com\\\/avatar\\\/392b4cc8fbfeb00b39dfeeab4ee6edded39ffd48e25858637e4765810300227e?s=96&d=mm&r=g\",\"contentUrl\":\"https:\\\/\\\/secure.gravatar.com\\\/avatar\\\/392b4cc8fbfeb00b39dfeeab4ee6edded39ffd48e25858637e4765810300227e?s=96&d=mm&r=g\",\"caption\":\"Developer\"},\"url\":\"https:\\\/\\\/qtmm.org\\\/qt\\\/author\\\/Developer\\\/\"}]}<\/script>\n<!-- \/ Yoast SEO plugin. -->","yoast_head_json":{"title":"Ukraina Yuqar\u0131 \u015euras\u0131 \u00abSabriye Erecepovan\u0131\u00f1 100 y\u0131ll\u0131\u011f\u0131n\u0131 qayd et\u00fcv aqq\u0131nda\u00bb Qarar qabul etti - \u041c\u0435\u0434\u0436\u043b\u0456\u0441","robots":{"index":"index","follow":"follow","max-snippet":"max-snippet:-1","max-image-preview":"max-image-preview:large","max-video-preview":"max-video-preview:-1"},"canonical":"https:\/\/qtmm.org\/qt\/ukraina-yuqari-surasi-sabriye-erecepovanin-100-yilligini-qayd-etuv-aqqinda-qarar-qabul-etti\/","og_locale":"en_US","og_type":"article","og_title":"Ukraina Yuqar\u0131 \u015euras\u0131 \u00abSabriye Erecepovan\u0131\u00f1 100 y\u0131ll\u0131\u011f\u0131n\u0131 qayd et\u00fcv aqq\u0131nda\u00bb Qarar qabul etti - \u041c\u0435\u0434\u0436\u043b\u0456\u0441","og_description":"Mezk\u00fcr qarar i\u00e7\u00fcn 2012 senesi iy\u00fcl 5 k\u00fcn\u00fc Ukraina halq deputatlar\u0131 rey berdiler. Leyhas\u0131n\u0131\u00f1 m\u00fcellifi Mustafa Cemilev ol\u011fan qararda 2012 senesi iy\u00fcl 12 k\u00fcn\u00fc me\u015fur q\u0131r\u0131mtatar y\u0131rc\u0131s\u0131, \u00d6zbekistan halq artisti Sabriye Erecepovan\u0131\u00f1 do\u011f\u011fan\u0131na 100 y\u0131l tol\u011fan\u0131 qayd etile. Qarar boyunca Ukraina \u00fck\u00fcmetine qarar qabul etilgen so\u00f1 eki afta i\u00e7inde Sabriye Erecepovan\u0131\u00f1 100 y\u0131ll\u0131\u011f\u0131na ba\u011f\u0131\u015flan\u011fan tedbirlerni [&hellip;]","og_url":"https:\/\/qtmm.org\/qt\/ukraina-yuqari-surasi-sabriye-erecepovanin-100-yilligini-qayd-etuv-aqqinda-qarar-qabul-etti\/","og_site_name":"\u041c\u0435\u0434\u0436\u043b\u0456\u0441","article_publisher":"https:\/\/www.facebook.com\/qtmm.info\/","article_published_time":"2012-07-05T18:59:00+00:00","article_modified_time":"2022-01-21T18:59:29+00:00","author":"Developer","twitter_card":"summary_large_image","twitter_misc":{"Written by":"Developer","Est. reading time":"2 minutes"},"schema":{"@context":"https:\/\/schema.org","@graph":[{"@type":"Article","@id":"https:\/\/qtmm.org\/qt\/ukraina-yuqari-surasi-sabriye-erecepovanin-100-yilligini-qayd-etuv-aqqinda-qarar-qabul-etti\/#article","isPartOf":{"@id":"https:\/\/qtmm.org\/qt\/ukraina-yuqari-surasi-sabriye-erecepovanin-100-yilligini-qayd-etuv-aqqinda-qarar-qabul-etti\/"},"author":{"name":"Developer","@id":"https:\/\/qtmm.org\/qt\/#\/schema\/person\/de562469f971dec226ac06e60bbf74a7"},"headline":"Ukraina Yuqar\u0131 \u015euras\u0131 \u00abSabriye Erecepovan\u0131\u00f1 100 y\u0131ll\u0131\u011f\u0131n\u0131 qayd et\u00fcv aqq\u0131nda\u00bb Qarar qabul etti","datePublished":"2012-07-05T18:59:00+00:00","dateModified":"2022-01-21T18:59:29+00:00","mainEntityOfPage":{"@id":"https:\/\/qtmm.org\/qt\/ukraina-yuqari-surasi-sabriye-erecepovanin-100-yilligini-qayd-etuv-aqqinda-qarar-qabul-etti\/"},"wordCount":436,"commentCount":0,"publisher":{"@id":"https:\/\/qtmm.org\/qt\/#organization"},"articleSection":["Haberler"],"inLanguage":"qt","potentialAction":[{"@type":"CommentAction","name":"Comment","target":["https:\/\/qtmm.org\/qt\/ukraina-yuqari-surasi-sabriye-erecepovanin-100-yilligini-qayd-etuv-aqqinda-qarar-qabul-etti\/#respond"]}]},{"@type":"WebPage","@id":"https:\/\/qtmm.org\/qt\/ukraina-yuqari-surasi-sabriye-erecepovanin-100-yilligini-qayd-etuv-aqqinda-qarar-qabul-etti\/","url":"https:\/\/qtmm.org\/qt\/ukraina-yuqari-surasi-sabriye-erecepovanin-100-yilligini-qayd-etuv-aqqinda-qarar-qabul-etti\/","name":"Ukraina Yuqar\u0131 \u015euras\u0131 \u00abSabriye Erecepovan\u0131\u00f1 100 y\u0131ll\u0131\u011f\u0131n\u0131 qayd et\u00fcv aqq\u0131nda\u00bb Qarar qabul etti - \u041c\u0435\u0434\u0436\u043b\u0456\u0441","isPartOf":{"@id":"https:\/\/qtmm.org\/qt\/#website"},"datePublished":"2012-07-05T18:59:00+00:00","dateModified":"2022-01-21T18:59:29+00:00","breadcrumb":{"@id":"https:\/\/qtmm.org\/qt\/ukraina-yuqari-surasi-sabriye-erecepovanin-100-yilligini-qayd-etuv-aqqinda-qarar-qabul-etti\/#breadcrumb"},"inLanguage":"qt","potentialAction":[{"@type":"ReadAction","target":["https:\/\/qtmm.org\/qt\/ukraina-yuqari-surasi-sabriye-erecepovanin-100-yilligini-qayd-etuv-aqqinda-qarar-qabul-etti\/"]}]},{"@type":"BreadcrumbList","@id":"https:\/\/qtmm.org\/qt\/ukraina-yuqari-surasi-sabriye-erecepovanin-100-yilligini-qayd-etuv-aqqinda-qarar-qabul-etti\/#breadcrumb","itemListElement":[{"@type":"ListItem","position":1,"name":"\u0413\u043e\u043b\u043e\u0432\u043d\u0430","item":"https:\/\/qtmm.org\/qt\/"},{"@type":"ListItem","position":2,"name":"Ukraina Yuqar\u0131 \u015euras\u0131 \u00abSabriye Erecepovan\u0131\u00f1 100 y\u0131ll\u0131\u011f\u0131n\u0131 qayd et\u00fcv aqq\u0131nda\u00bb Qarar qabul etti"}]},{"@type":"WebSite","@id":"https:\/\/qtmm.org\/qt\/#website","url":"https:\/\/qtmm.org\/qt\/","name":"\u041c\u0435\u0434\u0436\u043b\u0456\u0441","description":"","publisher":{"@id":"https:\/\/qtmm.org\/qt\/#organization"},"potentialAction":[{"@type":"SearchAction","target":{"@type":"EntryPoint","urlTemplate":"https:\/\/qtmm.org\/qt\/?s={search_term_string}"},"query-input":{"@type":"PropertyValueSpecification","valueRequired":true,"valueName":"search_term_string"}}],"inLanguage":"qt"},{"@type":"Organization","@id":"https:\/\/qtmm.org\/qt\/#organization","name":"\u041c\u0435\u0434\u0436\u043b\u0456\u0441","url":"https:\/\/qtmm.org\/qt\/","logo":{"@type":"ImageObject","inLanguage":"qt","@id":"https:\/\/qtmm.org\/qt\/#\/schema\/logo\/image\/","url":"https:\/\/qtmm.org\/wp-content\/uploads\/2024\/12\/ua-mejlis-logo-rgb.svg","contentUrl":"https:\/\/qtmm.org\/wp-content\/uploads\/2024\/12\/ua-mejlis-logo-rgb.svg","caption":"\u041c\u0435\u0434\u0436\u043b\u0456\u0441"},"image":{"@id":"https:\/\/qtmm.org\/qt\/#\/schema\/logo\/image\/"},"sameAs":["https:\/\/www.facebook.com\/qtmm.info\/"]},{"@type":"Person","@id":"https:\/\/qtmm.org\/qt\/#\/schema\/person\/de562469f971dec226ac06e60bbf74a7","name":"Developer","image":{"@type":"ImageObject","inLanguage":"qt","@id":"https:\/\/secure.gravatar.com\/avatar\/392b4cc8fbfeb00b39dfeeab4ee6edded39ffd48e25858637e4765810300227e?s=96&d=mm&r=g","url":"https:\/\/secure.gravatar.com\/avatar\/392b4cc8fbfeb00b39dfeeab4ee6edded39ffd48e25858637e4765810300227e?s=96&d=mm&r=g","contentUrl":"https:\/\/secure.gravatar.com\/avatar\/392b4cc8fbfeb00b39dfeeab4ee6edded39ffd48e25858637e4765810300227e?s=96&d=mm&r=g","caption":"Developer"},"url":"https:\/\/qtmm.org\/qt\/author\/Developer\/"}]}},"_links":{"self":[{"href":"https:\/\/qtmm.org\/qt\/wp-json\/wp\/v2\/posts\/32351","targetHints":{"allow":["GET"]}}],"collection":[{"href":"https:\/\/qtmm.org\/qt\/wp-json\/wp\/v2\/posts"}],"about":[{"href":"https:\/\/qtmm.org\/qt\/wp-json\/wp\/v2\/types\/post"}],"author":[{"embeddable":true,"href":"https:\/\/qtmm.org\/qt\/wp-json\/wp\/v2\/users\/1"}],"replies":[{"embeddable":true,"href":"https:\/\/qtmm.org\/qt\/wp-json\/wp\/v2\/comments?post=32351"}],"version-history":[{"count":1,"href":"https:\/\/qtmm.org\/qt\/wp-json\/wp\/v2\/posts\/32351\/revisions"}],"predecessor-version":[{"id":32352,"href":"https:\/\/qtmm.org\/qt\/wp-json\/wp\/v2\/posts\/32351\/revisions\/32352"}],"wp:attachment":[{"href":"https:\/\/qtmm.org\/qt\/wp-json\/wp\/v2\/media?parent=32351"}],"wp:term":[{"taxonomy":"category","embeddable":true,"href":"https:\/\/qtmm.org\/qt\/wp-json\/wp\/v2\/categories?post=32351"},{"taxonomy":"post_tag","embeddable":true,"href":"https:\/\/qtmm.org\/qt\/wp-json\/wp\/v2\/tags?post=32351"}],"curies":[{"name":"wp","href":"https:\/\/api.w.org\/{rel}","templated":true}]}}