




{"id":32339,"date":"2012-07-04T21:57:00","date_gmt":"2012-07-04T18:57:00","guid":{"rendered":"http:\/\/qtmm.org\/?p=32339"},"modified":"2022-01-21T21:57:40","modified_gmt":"2022-01-21T18:57:40","slug":"mustafa-cemilev-aqs-mustaqilligi-kunu-munasebetinen-kecirilgen-tantanali-qabulda-istirak-etti","status":"publish","type":"post","link":"https:\/\/qtmm.org\/qt\/mustafa-cemilev-aqs-mustaqilligi-kunu-munasebetinen-kecirilgen-tantanali-qabulda-istirak-etti\/","title":{"rendered":"Mustafa Cemilev AQ\u015e mustaqilligi k\u00fcn\u00fc munasebetinen ke\u00e7irilgen tantanal\u0131 qabulda i\u015ftirak etti"},"content":{"rendered":"\n<p>AQ\u015en\u0131\u00f1 Ukrainadaki Vefqulade ve Tolu vek\u00e2letli el\u00e7isi Con Tefftni\u00f1 daveti ile Q\u0131r\u0131mtatar halq\u0131 Meclisini\u00f1 reisi, Ukraina halq deputat\u0131 Mustafa Cemilev iy\u00fcl 4-te AQ\u015e mustaqilligi k\u00fcn\u00fc munasebetinen ke\u00e7irilgen resmiy qabulda i\u015ftirak etti.<\/p>\n\n\n\n<p>Tedbir AQ\u015en\u0131\u00f1 Ukrainadaki el\u00e7isini\u00f1 qona\u011f\u0131nda ke\u00e7irilip, fahriy musafirler aras\u0131nda Ukrainada akkreditatsiya etilgen diplomatik missiyalar ve halqara te\u015fkil\u00e2tlarn\u0131\u00f1 vekilleri, siyaset\u00e7iler ve Ukraina cemaat erbaplar\u0131 taqdim etildiler.<\/p>\n\n\n\n<hr class=\"wp-block-separator\"\/>\n\n\n\n<p>Mal\u00fcmat i\u00e7\u00fcn: Mustaqillik k\u00fcn\u00fc (Independence Day) Amerika Qo\u015fma \u015etatlar\u0131n\u0131\u00f1 serbest ve mustaqil devlet s\u0131fat\u0131nda do\u011f\u011fan k\u00fcn\u00fc say\u0131la. Bir \u00e7oq amerikal\u0131lar o\u00f1a sadece Fourth of July \u2013 iy\u00fcl 4, deyler. .<\/p>\n\n\n\n<p>1776 y\u0131l\u0131n\u0131\u00f1 iy\u00fcl 4-nde Kongress Mustaqillik deklaratsiyas\u0131n\u0131 maqulledi. 13 \u015ftat vekilleri Filadelfiya \u015feer memuriyetini\u00f1 binas\u0131nda Qo\u015fma \u015etatlarn\u0131 serbest ve Britaniya q\u0131rall\u0131\u011f\u0131na ba\u011fl\u0131 olma\u011fan mustaqil devlet, dep il\u00e2n<br>etken vesiqan\u0131 imzalad\u0131lar.<\/p>\n\n\n\n<p>Deklaratsiya ya\u00f1\u0131 devletleni\u00f1 sadece &#8220;Do\u011f\u011fan\u0131 aqq\u0131nda \u015feadetname&#8221; ol\u0131p qalmadan Amerika edebiyat\u0131n\u0131\u00f1 da abidesi old\u0131. Bayram a\u00e7\u0131q avada \u015fe\u00f1 tedbirler, kontsert ve vatanperverlik nutqlar\u0131 ile ke\u00e7irile.<\/p>\n","protected":false},"excerpt":{"rendered":"<p>AQ\u015en\u0131\u00f1 Ukrainadaki Vefqulade ve Tolu vek\u00e2letli el\u00e7isi Con Tefftni\u00f1 daveti ile Q\u0131r\u0131mtatar halq\u0131 Meclisini\u00f1 reisi, Ukraina halq deputat\u0131 Mustafa Cemilev iy\u00fcl 4-te AQ\u015e mustaqilligi k\u00fcn\u00fc munasebetinen ke\u00e7irilgen resmiy qabulda i\u015ftirak etti. Tedbir AQ\u015en\u0131\u00f1 Ukrainadaki el\u00e7isini\u00f1 qona\u011f\u0131nda ke\u00e7irilip, fahriy musafirler aras\u0131nda Ukrainada akkreditatsiya etilgen diplomatik missiyalar ve halqara te\u015fkil\u00e2tlarn\u0131\u00f1 vekilleri, siyaset\u00e7iler ve Ukraina cemaat erbaplar\u0131 taqdim [&hellip;]<\/p>\n","protected":false},"author":1,"featured_media":0,"comment_status":"open","ping_status":"open","sticky":false,"template":"","format":"standard","meta":{"inline_featured_image":false,"footnotes":""},"categories":[265],"tags":[],"class_list":["post-32339","post","type-post","status-publish","format-standard","hentry","category-haberler"],"acf":[],"yoast_head":"<!-- This site is optimized with the Yoast SEO plugin v27.4 - https:\/\/yoast.com\/product\/yoast-seo-wordpress\/ -->\n<title>Mustafa Cemilev AQ\u015e mustaqilligi k\u00fcn\u00fc munasebetinen ke\u00e7irilgen tantanal\u0131 qabulda i\u015ftirak etti - \u041c\u0435\u0434\u0436\u043b\u0456\u0441<\/title>\n<meta name=\"robots\" content=\"index, follow, max-snippet:-1, max-image-preview:large, max-video-preview:-1\" \/>\n<link rel=\"canonical\" href=\"https:\/\/qtmm.org\/qt\/mustafa-cemilev-aqs-mustaqilligi-kunu-munasebetinen-kecirilgen-tantanali-qabulda-istirak-etti\/\" \/>\n<meta property=\"og:locale\" content=\"en_US\" \/>\n<meta property=\"og:type\" content=\"article\" \/>\n<meta property=\"og:title\" content=\"Mustafa Cemilev AQ\u015e mustaqilligi k\u00fcn\u00fc munasebetinen ke\u00e7irilgen tantanal\u0131 qabulda i\u015ftirak etti - \u041c\u0435\u0434\u0436\u043b\u0456\u0441\" \/>\n<meta property=\"og:description\" content=\"AQ\u015en\u0131\u00f1 Ukrainadaki Vefqulade ve Tolu vek\u00e2letli el\u00e7isi Con Tefftni\u00f1 daveti ile Q\u0131r\u0131mtatar halq\u0131 Meclisini\u00f1 reisi, Ukraina halq deputat\u0131 Mustafa Cemilev iy\u00fcl 4-te AQ\u015e mustaqilligi k\u00fcn\u00fc munasebetinen ke\u00e7irilgen resmiy qabulda i\u015ftirak etti. Tedbir AQ\u015en\u0131\u00f1 Ukrainadaki el\u00e7isini\u00f1 qona\u011f\u0131nda ke\u00e7irilip, fahriy musafirler aras\u0131nda Ukrainada akkreditatsiya etilgen diplomatik missiyalar ve halqara te\u015fkil\u00e2tlarn\u0131\u00f1 vekilleri, siyaset\u00e7iler ve Ukraina cemaat erbaplar\u0131 taqdim [&hellip;]\" \/>\n<meta property=\"og:url\" content=\"https:\/\/qtmm.org\/qt\/mustafa-cemilev-aqs-mustaqilligi-kunu-munasebetinen-kecirilgen-tantanali-qabulda-istirak-etti\/\" \/>\n<meta property=\"og:site_name\" content=\"\u041c\u0435\u0434\u0436\u043b\u0456\u0441\" \/>\n<meta property=\"article:publisher\" content=\"https:\/\/www.facebook.com\/qtmm.info\/\" \/>\n<meta property=\"article:published_time\" content=\"2012-07-04T18:57:00+00:00\" \/>\n<meta property=\"article:modified_time\" content=\"2022-01-21T18:57:40+00:00\" \/>\n<meta name=\"author\" content=\"Developer\" \/>\n<meta name=\"twitter:card\" content=\"summary_large_image\" \/>\n<meta name=\"twitter:label1\" content=\"Written by\" \/>\n\t<meta name=\"twitter:data1\" content=\"Developer\" \/>\n\t<meta name=\"twitter:label2\" content=\"Est. reading time\" \/>\n\t<meta name=\"twitter:data2\" content=\"1 minute\" \/>\n<script type=\"application\/ld+json\" class=\"yoast-schema-graph\">{\"@context\":\"https:\\\/\\\/schema.org\",\"@graph\":[{\"@type\":\"Article\",\"@id\":\"https:\\\/\\\/qtmm.org\\\/qt\\\/mustafa-cemilev-aqs-mustaqilligi-kunu-munasebetinen-kecirilgen-tantanali-qabulda-istirak-etti\\\/#article\",\"isPartOf\":{\"@id\":\"https:\\\/\\\/qtmm.org\\\/qt\\\/mustafa-cemilev-aqs-mustaqilligi-kunu-munasebetinen-kecirilgen-tantanali-qabulda-istirak-etti\\\/\"},\"author\":{\"name\":\"Developer\",\"@id\":\"https:\\\/\\\/qtmm.org\\\/qt\\\/#\\\/schema\\\/person\\\/de562469f971dec226ac06e60bbf74a7\"},\"headline\":\"Mustafa Cemilev AQ\u015e mustaqilligi k\u00fcn\u00fc munasebetinen ke\u00e7irilgen tantanal\u0131 qabulda i\u015ftirak etti\",\"datePublished\":\"2012-07-04T18:57:00+00:00\",\"dateModified\":\"2022-01-21T18:57:40+00:00\",\"mainEntityOfPage\":{\"@id\":\"https:\\\/\\\/qtmm.org\\\/qt\\\/mustafa-cemilev-aqs-mustaqilligi-kunu-munasebetinen-kecirilgen-tantanali-qabulda-istirak-etti\\\/\"},\"wordCount\":197,\"commentCount\":0,\"publisher\":{\"@id\":\"https:\\\/\\\/qtmm.org\\\/qt\\\/#organization\"},\"articleSection\":[\"Haberler\"],\"inLanguage\":\"qt\",\"potentialAction\":[{\"@type\":\"CommentAction\",\"name\":\"Comment\",\"target\":[\"https:\\\/\\\/qtmm.org\\\/qt\\\/mustafa-cemilev-aqs-mustaqilligi-kunu-munasebetinen-kecirilgen-tantanali-qabulda-istirak-etti\\\/#respond\"]}]},{\"@type\":\"WebPage\",\"@id\":\"https:\\\/\\\/qtmm.org\\\/qt\\\/mustafa-cemilev-aqs-mustaqilligi-kunu-munasebetinen-kecirilgen-tantanali-qabulda-istirak-etti\\\/\",\"url\":\"https:\\\/\\\/qtmm.org\\\/qt\\\/mustafa-cemilev-aqs-mustaqilligi-kunu-munasebetinen-kecirilgen-tantanali-qabulda-istirak-etti\\\/\",\"name\":\"Mustafa Cemilev AQ\u015e mustaqilligi k\u00fcn\u00fc munasebetinen ke\u00e7irilgen tantanal\u0131 qabulda i\u015ftirak etti - \u041c\u0435\u0434\u0436\u043b\u0456\u0441\",\"isPartOf\":{\"@id\":\"https:\\\/\\\/qtmm.org\\\/qt\\\/#website\"},\"datePublished\":\"2012-07-04T18:57:00+00:00\",\"dateModified\":\"2022-01-21T18:57:40+00:00\",\"breadcrumb\":{\"@id\":\"https:\\\/\\\/qtmm.org\\\/qt\\\/mustafa-cemilev-aqs-mustaqilligi-kunu-munasebetinen-kecirilgen-tantanali-qabulda-istirak-etti\\\/#breadcrumb\"},\"inLanguage\":\"qt\",\"potentialAction\":[{\"@type\":\"ReadAction\",\"target\":[\"https:\\\/\\\/qtmm.org\\\/qt\\\/mustafa-cemilev-aqs-mustaqilligi-kunu-munasebetinen-kecirilgen-tantanali-qabulda-istirak-etti\\\/\"]}]},{\"@type\":\"BreadcrumbList\",\"@id\":\"https:\\\/\\\/qtmm.org\\\/qt\\\/mustafa-cemilev-aqs-mustaqilligi-kunu-munasebetinen-kecirilgen-tantanali-qabulda-istirak-etti\\\/#breadcrumb\",\"itemListElement\":[{\"@type\":\"ListItem\",\"position\":1,\"name\":\"\u0413\u043e\u043b\u043e\u0432\u043d\u0430\",\"item\":\"https:\\\/\\\/qtmm.org\\\/qt\\\/\"},{\"@type\":\"ListItem\",\"position\":2,\"name\":\"Mustafa Cemilev AQ\u015e mustaqilligi k\u00fcn\u00fc munasebetinen ke\u00e7irilgen tantanal\u0131 qabulda i\u015ftirak etti\"}]},{\"@type\":\"WebSite\",\"@id\":\"https:\\\/\\\/qtmm.org\\\/qt\\\/#website\",\"url\":\"https:\\\/\\\/qtmm.org\\\/qt\\\/\",\"name\":\"\u041c\u0435\u0434\u0436\u043b\u0456\u0441\",\"description\":\"\",\"publisher\":{\"@id\":\"https:\\\/\\\/qtmm.org\\\/qt\\\/#organization\"},\"potentialAction\":[{\"@type\":\"SearchAction\",\"target\":{\"@type\":\"EntryPoint\",\"urlTemplate\":\"https:\\\/\\\/qtmm.org\\\/qt\\\/?s={search_term_string}\"},\"query-input\":{\"@type\":\"PropertyValueSpecification\",\"valueRequired\":true,\"valueName\":\"search_term_string\"}}],\"inLanguage\":\"qt\"},{\"@type\":\"Organization\",\"@id\":\"https:\\\/\\\/qtmm.org\\\/qt\\\/#organization\",\"name\":\"\u041c\u0435\u0434\u0436\u043b\u0456\u0441\",\"url\":\"https:\\\/\\\/qtmm.org\\\/qt\\\/\",\"logo\":{\"@type\":\"ImageObject\",\"inLanguage\":\"qt\",\"@id\":\"https:\\\/\\\/qtmm.org\\\/qt\\\/#\\\/schema\\\/logo\\\/image\\\/\",\"url\":\"https:\\\/\\\/qtmm.org\\\/wp-content\\\/uploads\\\/2024\\\/12\\\/ua-mejlis-logo-rgb.svg\",\"contentUrl\":\"https:\\\/\\\/qtmm.org\\\/wp-content\\\/uploads\\\/2024\\\/12\\\/ua-mejlis-logo-rgb.svg\",\"caption\":\"\u041c\u0435\u0434\u0436\u043b\u0456\u0441\"},\"image\":{\"@id\":\"https:\\\/\\\/qtmm.org\\\/qt\\\/#\\\/schema\\\/logo\\\/image\\\/\"},\"sameAs\":[\"https:\\\/\\\/www.facebook.com\\\/qtmm.info\\\/\"]},{\"@type\":\"Person\",\"@id\":\"https:\\\/\\\/qtmm.org\\\/qt\\\/#\\\/schema\\\/person\\\/de562469f971dec226ac06e60bbf74a7\",\"name\":\"Developer\",\"image\":{\"@type\":\"ImageObject\",\"inLanguage\":\"qt\",\"@id\":\"https:\\\/\\\/secure.gravatar.com\\\/avatar\\\/392b4cc8fbfeb00b39dfeeab4ee6edded39ffd48e25858637e4765810300227e?s=96&d=mm&r=g\",\"url\":\"https:\\\/\\\/secure.gravatar.com\\\/avatar\\\/392b4cc8fbfeb00b39dfeeab4ee6edded39ffd48e25858637e4765810300227e?s=96&d=mm&r=g\",\"contentUrl\":\"https:\\\/\\\/secure.gravatar.com\\\/avatar\\\/392b4cc8fbfeb00b39dfeeab4ee6edded39ffd48e25858637e4765810300227e?s=96&d=mm&r=g\",\"caption\":\"Developer\"},\"url\":\"https:\\\/\\\/qtmm.org\\\/qt\\\/author\\\/Developer\\\/\"}]}<\/script>\n<!-- \/ Yoast SEO plugin. -->","yoast_head_json":{"title":"Mustafa Cemilev AQ\u015e mustaqilligi k\u00fcn\u00fc munasebetinen ke\u00e7irilgen tantanal\u0131 qabulda i\u015ftirak etti - \u041c\u0435\u0434\u0436\u043b\u0456\u0441","robots":{"index":"index","follow":"follow","max-snippet":"max-snippet:-1","max-image-preview":"max-image-preview:large","max-video-preview":"max-video-preview:-1"},"canonical":"https:\/\/qtmm.org\/qt\/mustafa-cemilev-aqs-mustaqilligi-kunu-munasebetinen-kecirilgen-tantanali-qabulda-istirak-etti\/","og_locale":"en_US","og_type":"article","og_title":"Mustafa Cemilev AQ\u015e mustaqilligi k\u00fcn\u00fc munasebetinen ke\u00e7irilgen tantanal\u0131 qabulda i\u015ftirak etti - \u041c\u0435\u0434\u0436\u043b\u0456\u0441","og_description":"AQ\u015en\u0131\u00f1 Ukrainadaki Vefqulade ve Tolu vek\u00e2letli el\u00e7isi Con Tefftni\u00f1 daveti ile Q\u0131r\u0131mtatar halq\u0131 Meclisini\u00f1 reisi, Ukraina halq deputat\u0131 Mustafa Cemilev iy\u00fcl 4-te AQ\u015e mustaqilligi k\u00fcn\u00fc munasebetinen ke\u00e7irilgen resmiy qabulda i\u015ftirak etti. Tedbir AQ\u015en\u0131\u00f1 Ukrainadaki el\u00e7isini\u00f1 qona\u011f\u0131nda ke\u00e7irilip, fahriy musafirler aras\u0131nda Ukrainada akkreditatsiya etilgen diplomatik missiyalar ve halqara te\u015fkil\u00e2tlarn\u0131\u00f1 vekilleri, siyaset\u00e7iler ve Ukraina cemaat erbaplar\u0131 taqdim [&hellip;]","og_url":"https:\/\/qtmm.org\/qt\/mustafa-cemilev-aqs-mustaqilligi-kunu-munasebetinen-kecirilgen-tantanali-qabulda-istirak-etti\/","og_site_name":"\u041c\u0435\u0434\u0436\u043b\u0456\u0441","article_publisher":"https:\/\/www.facebook.com\/qtmm.info\/","article_published_time":"2012-07-04T18:57:00+00:00","article_modified_time":"2022-01-21T18:57:40+00:00","author":"Developer","twitter_card":"summary_large_image","twitter_misc":{"Written by":"Developer","Est. reading time":"1 minute"},"schema":{"@context":"https:\/\/schema.org","@graph":[{"@type":"Article","@id":"https:\/\/qtmm.org\/qt\/mustafa-cemilev-aqs-mustaqilligi-kunu-munasebetinen-kecirilgen-tantanali-qabulda-istirak-etti\/#article","isPartOf":{"@id":"https:\/\/qtmm.org\/qt\/mustafa-cemilev-aqs-mustaqilligi-kunu-munasebetinen-kecirilgen-tantanali-qabulda-istirak-etti\/"},"author":{"name":"Developer","@id":"https:\/\/qtmm.org\/qt\/#\/schema\/person\/de562469f971dec226ac06e60bbf74a7"},"headline":"Mustafa Cemilev AQ\u015e mustaqilligi k\u00fcn\u00fc munasebetinen ke\u00e7irilgen tantanal\u0131 qabulda i\u015ftirak etti","datePublished":"2012-07-04T18:57:00+00:00","dateModified":"2022-01-21T18:57:40+00:00","mainEntityOfPage":{"@id":"https:\/\/qtmm.org\/qt\/mustafa-cemilev-aqs-mustaqilligi-kunu-munasebetinen-kecirilgen-tantanali-qabulda-istirak-etti\/"},"wordCount":197,"commentCount":0,"publisher":{"@id":"https:\/\/qtmm.org\/qt\/#organization"},"articleSection":["Haberler"],"inLanguage":"qt","potentialAction":[{"@type":"CommentAction","name":"Comment","target":["https:\/\/qtmm.org\/qt\/mustafa-cemilev-aqs-mustaqilligi-kunu-munasebetinen-kecirilgen-tantanali-qabulda-istirak-etti\/#respond"]}]},{"@type":"WebPage","@id":"https:\/\/qtmm.org\/qt\/mustafa-cemilev-aqs-mustaqilligi-kunu-munasebetinen-kecirilgen-tantanali-qabulda-istirak-etti\/","url":"https:\/\/qtmm.org\/qt\/mustafa-cemilev-aqs-mustaqilligi-kunu-munasebetinen-kecirilgen-tantanali-qabulda-istirak-etti\/","name":"Mustafa Cemilev AQ\u015e mustaqilligi k\u00fcn\u00fc munasebetinen ke\u00e7irilgen tantanal\u0131 qabulda i\u015ftirak etti - \u041c\u0435\u0434\u0436\u043b\u0456\u0441","isPartOf":{"@id":"https:\/\/qtmm.org\/qt\/#website"},"datePublished":"2012-07-04T18:57:00+00:00","dateModified":"2022-01-21T18:57:40+00:00","breadcrumb":{"@id":"https:\/\/qtmm.org\/qt\/mustafa-cemilev-aqs-mustaqilligi-kunu-munasebetinen-kecirilgen-tantanali-qabulda-istirak-etti\/#breadcrumb"},"inLanguage":"qt","potentialAction":[{"@type":"ReadAction","target":["https:\/\/qtmm.org\/qt\/mustafa-cemilev-aqs-mustaqilligi-kunu-munasebetinen-kecirilgen-tantanali-qabulda-istirak-etti\/"]}]},{"@type":"BreadcrumbList","@id":"https:\/\/qtmm.org\/qt\/mustafa-cemilev-aqs-mustaqilligi-kunu-munasebetinen-kecirilgen-tantanali-qabulda-istirak-etti\/#breadcrumb","itemListElement":[{"@type":"ListItem","position":1,"name":"\u0413\u043e\u043b\u043e\u0432\u043d\u0430","item":"https:\/\/qtmm.org\/qt\/"},{"@type":"ListItem","position":2,"name":"Mustafa Cemilev AQ\u015e mustaqilligi k\u00fcn\u00fc munasebetinen ke\u00e7irilgen tantanal\u0131 qabulda i\u015ftirak etti"}]},{"@type":"WebSite","@id":"https:\/\/qtmm.org\/qt\/#website","url":"https:\/\/qtmm.org\/qt\/","name":"\u041c\u0435\u0434\u0436\u043b\u0456\u0441","description":"","publisher":{"@id":"https:\/\/qtmm.org\/qt\/#organization"},"potentialAction":[{"@type":"SearchAction","target":{"@type":"EntryPoint","urlTemplate":"https:\/\/qtmm.org\/qt\/?s={search_term_string}"},"query-input":{"@type":"PropertyValueSpecification","valueRequired":true,"valueName":"search_term_string"}}],"inLanguage":"qt"},{"@type":"Organization","@id":"https:\/\/qtmm.org\/qt\/#organization","name":"\u041c\u0435\u0434\u0436\u043b\u0456\u0441","url":"https:\/\/qtmm.org\/qt\/","logo":{"@type":"ImageObject","inLanguage":"qt","@id":"https:\/\/qtmm.org\/qt\/#\/schema\/logo\/image\/","url":"https:\/\/qtmm.org\/wp-content\/uploads\/2024\/12\/ua-mejlis-logo-rgb.svg","contentUrl":"https:\/\/qtmm.org\/wp-content\/uploads\/2024\/12\/ua-mejlis-logo-rgb.svg","caption":"\u041c\u0435\u0434\u0436\u043b\u0456\u0441"},"image":{"@id":"https:\/\/qtmm.org\/qt\/#\/schema\/logo\/image\/"},"sameAs":["https:\/\/www.facebook.com\/qtmm.info\/"]},{"@type":"Person","@id":"https:\/\/qtmm.org\/qt\/#\/schema\/person\/de562469f971dec226ac06e60bbf74a7","name":"Developer","image":{"@type":"ImageObject","inLanguage":"qt","@id":"https:\/\/secure.gravatar.com\/avatar\/392b4cc8fbfeb00b39dfeeab4ee6edded39ffd48e25858637e4765810300227e?s=96&d=mm&r=g","url":"https:\/\/secure.gravatar.com\/avatar\/392b4cc8fbfeb00b39dfeeab4ee6edded39ffd48e25858637e4765810300227e?s=96&d=mm&r=g","contentUrl":"https:\/\/secure.gravatar.com\/avatar\/392b4cc8fbfeb00b39dfeeab4ee6edded39ffd48e25858637e4765810300227e?s=96&d=mm&r=g","caption":"Developer"},"url":"https:\/\/qtmm.org\/qt\/author\/Developer\/"}]}},"_links":{"self":[{"href":"https:\/\/qtmm.org\/qt\/wp-json\/wp\/v2\/posts\/32339","targetHints":{"allow":["GET"]}}],"collection":[{"href":"https:\/\/qtmm.org\/qt\/wp-json\/wp\/v2\/posts"}],"about":[{"href":"https:\/\/qtmm.org\/qt\/wp-json\/wp\/v2\/types\/post"}],"author":[{"embeddable":true,"href":"https:\/\/qtmm.org\/qt\/wp-json\/wp\/v2\/users\/1"}],"replies":[{"embeddable":true,"href":"https:\/\/qtmm.org\/qt\/wp-json\/wp\/v2\/comments?post=32339"}],"version-history":[{"count":1,"href":"https:\/\/qtmm.org\/qt\/wp-json\/wp\/v2\/posts\/32339\/revisions"}],"predecessor-version":[{"id":32340,"href":"https:\/\/qtmm.org\/qt\/wp-json\/wp\/v2\/posts\/32339\/revisions\/32340"}],"wp:attachment":[{"href":"https:\/\/qtmm.org\/qt\/wp-json\/wp\/v2\/media?parent=32339"}],"wp:term":[{"taxonomy":"category","embeddable":true,"href":"https:\/\/qtmm.org\/qt\/wp-json\/wp\/v2\/categories?post=32339"},{"taxonomy":"post_tag","embeddable":true,"href":"https:\/\/qtmm.org\/qt\/wp-json\/wp\/v2\/tags?post=32339"}],"curies":[{"name":"wp","href":"https:\/\/api.w.org\/{rel}","templated":true}]}}