




{"id":32325,"date":"2012-07-04T21:53:00","date_gmt":"2012-07-04T18:53:00","guid":{"rendered":"http:\/\/qtmm.org\/?p=32325"},"modified":"2022-01-21T21:54:12","modified_gmt":"2022-01-21T18:54:12","slug":"meclis-reisi-almaniyanin-ukrainadaki-elcisine-qirimtatar-halqina-yardimi-icun-samimiy-tesekkurini-bildirdi","status":"publish","type":"post","link":"https:\/\/qtmm.org\/qt\/meclis-reisi-almaniyanin-ukrainadaki-elcisine-qirimtatar-halqina-yardimi-icun-samimiy-tesekkurini-bildirdi\/","title":{"rendered":"Meclis reisi Almaniyan\u0131\u00f1 Ukrainadaki el\u00e7isine q\u0131r\u0131mtatar halq\u0131na yard\u0131m\u0131 i\u00e7\u00fcn samimiy te\u015fekk\u00fcrini bildirdi"},"content":{"rendered":"\n<p>Q\u0131r\u0131mtatar halq\u0131 Meclisini\u00f1 reisi Almaniyan\u0131\u00f1 Ukrainadaki el\u00e7isini\u00f1 \u015ferefine te\u015fkil etilgen qabulda i\u015ftirak etti.<\/p>\n\n\n\n<p>Qabul Yevro 2012 futbol \u00e7empionat\u0131 yek\u00fcnlengeni ve Almaniyan\u0131\u00f1 Ukrainadaki Tolu vek\u00e2letli ve Vefqulade El\u00e7isi Gans Yorgen Gaymzyotn\u0131\u00f1 el\u00e7ilik vazifesini\u00f1 m\u00fcddeti so\u00f1una kelgeni munasebetinen ke\u00e7irildi.<\/p>\n\n\n\n<p>Mustafa Cemilev Almaniyan\u0131\u00f1 Ukrainadaki el\u00e7isi Gaymzyotqa Ukrainan\u0131\u00f1 Avropa halqlar\u0131 ailesine kirsetilmesine qoltutqan\u0131, s\u00fcrg\u00fcnlikten yurtuna qaytqan ve yerle\u015fmekte ol\u011fan q\u0131r\u0131mtatar halq\u0131na aqlar\u0131n\u0131 tiklev i\u015finde yard\u0131m\u0131 i\u00e7\u00fcn samimiy te\u015fekk\u00fcrini bildirdi.<\/p>\n\n\n\n<p>Meclis reisi El\u00e7ige hatire olaraq q\u0131r\u0131mtatar \u00e7\u00f6lmek\u00e7i ustas\u0131 Rustem Skibin yapqan \u00e7iniy tabaqn\u0131 ediye etti.<\/p>\n","protected":false},"excerpt":{"rendered":"<p>Q\u0131r\u0131mtatar halq\u0131 Meclisini\u00f1 reisi Almaniyan\u0131\u00f1 Ukrainadaki el\u00e7isini\u00f1 \u015ferefine te\u015fkil etilgen qabulda i\u015ftirak etti. Qabul Yevro 2012 futbol \u00e7empionat\u0131 yek\u00fcnlengeni ve Almaniyan\u0131\u00f1 Ukrainadaki Tolu vek\u00e2letli ve Vefqulade El\u00e7isi Gans Yorgen Gaymzyotn\u0131\u00f1 el\u00e7ilik vazifesini\u00f1 m\u00fcddeti so\u00f1una kelgeni munasebetinen ke\u00e7irildi. Mustafa Cemilev Almaniyan\u0131\u00f1 Ukrainadaki el\u00e7isi Gaymzyotqa Ukrainan\u0131\u00f1 Avropa halqlar\u0131 ailesine kirsetilmesine qoltutqan\u0131, s\u00fcrg\u00fcnlikten yurtuna qaytqan ve yerle\u015fmekte ol\u011fan [&hellip;]<\/p>\n","protected":false},"author":1,"featured_media":32326,"comment_status":"open","ping_status":"open","sticky":false,"template":"","format":"standard","meta":{"inline_featured_image":false,"footnotes":""},"categories":[265],"tags":[],"class_list":["post-32325","post","type-post","status-publish","format-standard","has-post-thumbnail","hentry","category-haberler"],"acf":[],"yoast_head":"<!-- This site is optimized with the Yoast SEO plugin v27.4 - https:\/\/yoast.com\/product\/yoast-seo-wordpress\/ -->\n<title>Meclis reisi Almaniyan\u0131\u00f1 Ukrainadaki el\u00e7isine q\u0131r\u0131mtatar halq\u0131na yard\u0131m\u0131 i\u00e7\u00fcn samimiy te\u015fekk\u00fcrini bildirdi - \u041c\u0435\u0434\u0436\u043b\u0456\u0441<\/title>\n<meta name=\"robots\" content=\"index, follow, max-snippet:-1, max-image-preview:large, max-video-preview:-1\" \/>\n<link rel=\"canonical\" href=\"https:\/\/qtmm.org\/qt\/meclis-reisi-almaniyanin-ukrainadaki-elcisine-qirimtatar-halqina-yardimi-icun-samimiy-tesekkurini-bildirdi\/\" \/>\n<meta property=\"og:locale\" content=\"en_US\" \/>\n<meta property=\"og:type\" content=\"article\" \/>\n<meta property=\"og:title\" content=\"Meclis reisi Almaniyan\u0131\u00f1 Ukrainadaki el\u00e7isine q\u0131r\u0131mtatar halq\u0131na yard\u0131m\u0131 i\u00e7\u00fcn samimiy te\u015fekk\u00fcrini bildirdi - \u041c\u0435\u0434\u0436\u043b\u0456\u0441\" \/>\n<meta property=\"og:description\" content=\"Q\u0131r\u0131mtatar halq\u0131 Meclisini\u00f1 reisi Almaniyan\u0131\u00f1 Ukrainadaki el\u00e7isini\u00f1 \u015ferefine te\u015fkil etilgen qabulda i\u015ftirak etti. Qabul Yevro 2012 futbol \u00e7empionat\u0131 yek\u00fcnlengeni ve Almaniyan\u0131\u00f1 Ukrainadaki Tolu vek\u00e2letli ve Vefqulade El\u00e7isi Gans Yorgen Gaymzyotn\u0131\u00f1 el\u00e7ilik vazifesini\u00f1 m\u00fcddeti so\u00f1una kelgeni munasebetinen ke\u00e7irildi. Mustafa Cemilev Almaniyan\u0131\u00f1 Ukrainadaki el\u00e7isi Gaymzyotqa Ukrainan\u0131\u00f1 Avropa halqlar\u0131 ailesine kirsetilmesine qoltutqan\u0131, s\u00fcrg\u00fcnlikten yurtuna qaytqan ve yerle\u015fmekte ol\u011fan [&hellip;]\" \/>\n<meta property=\"og:url\" content=\"https:\/\/qtmm.org\/qt\/meclis-reisi-almaniyanin-ukrainadaki-elcisine-qirimtatar-halqina-yardimi-icun-samimiy-tesekkurini-bildirdi\/\" \/>\n<meta property=\"og:site_name\" content=\"\u041c\u0435\u0434\u0436\u043b\u0456\u0441\" \/>\n<meta property=\"article:publisher\" content=\"https:\/\/www.facebook.com\/qtmm.info\/\" \/>\n<meta property=\"article:published_time\" content=\"2012-07-04T18:53:00+00:00\" \/>\n<meta property=\"article:modified_time\" content=\"2022-01-21T18:54:12+00:00\" \/>\n<meta property=\"og:image\" content=\"https:\/\/qtmm.org\/wp-content\/uploads\/2022\/01\/che_2.jpeg\" \/>\n\t<meta property=\"og:image:width\" content=\"650\" \/>\n\t<meta property=\"og:image:height\" content=\"670\" \/>\n\t<meta property=\"og:image:type\" content=\"image\/jpeg\" \/>\n<meta name=\"author\" content=\"Developer\" \/>\n<meta name=\"twitter:card\" content=\"summary_large_image\" \/>\n<meta name=\"twitter:label1\" content=\"Written by\" \/>\n\t<meta name=\"twitter:data1\" content=\"Developer\" \/>\n\t<meta name=\"twitter:label2\" content=\"Est. reading time\" \/>\n\t<meta name=\"twitter:data2\" content=\"1 minute\" \/>\n<script type=\"application\/ld+json\" class=\"yoast-schema-graph\">{\"@context\":\"https:\\\/\\\/schema.org\",\"@graph\":[{\"@type\":\"Article\",\"@id\":\"https:\\\/\\\/qtmm.org\\\/qt\\\/meclis-reisi-almaniyanin-ukrainadaki-elcisine-qirimtatar-halqina-yardimi-icun-samimiy-tesekkurini-bildirdi\\\/#article\",\"isPartOf\":{\"@id\":\"https:\\\/\\\/qtmm.org\\\/qt\\\/meclis-reisi-almaniyanin-ukrainadaki-elcisine-qirimtatar-halqina-yardimi-icun-samimiy-tesekkurini-bildirdi\\\/\"},\"author\":{\"name\":\"Developer\",\"@id\":\"https:\\\/\\\/qtmm.org\\\/qt\\\/#\\\/schema\\\/person\\\/de562469f971dec226ac06e60bbf74a7\"},\"headline\":\"Meclis reisi Almaniyan\u0131\u00f1 Ukrainadaki el\u00e7isine q\u0131r\u0131mtatar halq\u0131na yard\u0131m\u0131 i\u00e7\u00fcn samimiy te\u015fekk\u00fcrini bildirdi\",\"datePublished\":\"2012-07-04T18:53:00+00:00\",\"dateModified\":\"2022-01-21T18:54:12+00:00\",\"mainEntityOfPage\":{\"@id\":\"https:\\\/\\\/qtmm.org\\\/qt\\\/meclis-reisi-almaniyanin-ukrainadaki-elcisine-qirimtatar-halqina-yardimi-icun-samimiy-tesekkurini-bildirdi\\\/\"},\"wordCount\":129,\"commentCount\":0,\"publisher\":{\"@id\":\"https:\\\/\\\/qtmm.org\\\/qt\\\/#organization\"},\"image\":{\"@id\":\"https:\\\/\\\/qtmm.org\\\/qt\\\/meclis-reisi-almaniyanin-ukrainadaki-elcisine-qirimtatar-halqina-yardimi-icun-samimiy-tesekkurini-bildirdi\\\/#primaryimage\"},\"thumbnailUrl\":\"https:\\\/\\\/qtmm.org\\\/wp-content\\\/uploads\\\/2022\\\/01\\\/che_2.jpeg\",\"articleSection\":[\"Haberler\"],\"inLanguage\":\"qt\",\"potentialAction\":[{\"@type\":\"CommentAction\",\"name\":\"Comment\",\"target\":[\"https:\\\/\\\/qtmm.org\\\/qt\\\/meclis-reisi-almaniyanin-ukrainadaki-elcisine-qirimtatar-halqina-yardimi-icun-samimiy-tesekkurini-bildirdi\\\/#respond\"]}]},{\"@type\":\"WebPage\",\"@id\":\"https:\\\/\\\/qtmm.org\\\/qt\\\/meclis-reisi-almaniyanin-ukrainadaki-elcisine-qirimtatar-halqina-yardimi-icun-samimiy-tesekkurini-bildirdi\\\/\",\"url\":\"https:\\\/\\\/qtmm.org\\\/qt\\\/meclis-reisi-almaniyanin-ukrainadaki-elcisine-qirimtatar-halqina-yardimi-icun-samimiy-tesekkurini-bildirdi\\\/\",\"name\":\"Meclis reisi Almaniyan\u0131\u00f1 Ukrainadaki el\u00e7isine q\u0131r\u0131mtatar halq\u0131na yard\u0131m\u0131 i\u00e7\u00fcn samimiy te\u015fekk\u00fcrini bildirdi - \u041c\u0435\u0434\u0436\u043b\u0456\u0441\",\"isPartOf\":{\"@id\":\"https:\\\/\\\/qtmm.org\\\/qt\\\/#website\"},\"primaryImageOfPage\":{\"@id\":\"https:\\\/\\\/qtmm.org\\\/qt\\\/meclis-reisi-almaniyanin-ukrainadaki-elcisine-qirimtatar-halqina-yardimi-icun-samimiy-tesekkurini-bildirdi\\\/#primaryimage\"},\"image\":{\"@id\":\"https:\\\/\\\/qtmm.org\\\/qt\\\/meclis-reisi-almaniyanin-ukrainadaki-elcisine-qirimtatar-halqina-yardimi-icun-samimiy-tesekkurini-bildirdi\\\/#primaryimage\"},\"thumbnailUrl\":\"https:\\\/\\\/qtmm.org\\\/wp-content\\\/uploads\\\/2022\\\/01\\\/che_2.jpeg\",\"datePublished\":\"2012-07-04T18:53:00+00:00\",\"dateModified\":\"2022-01-21T18:54:12+00:00\",\"breadcrumb\":{\"@id\":\"https:\\\/\\\/qtmm.org\\\/qt\\\/meclis-reisi-almaniyanin-ukrainadaki-elcisine-qirimtatar-halqina-yardimi-icun-samimiy-tesekkurini-bildirdi\\\/#breadcrumb\"},\"inLanguage\":\"qt\",\"potentialAction\":[{\"@type\":\"ReadAction\",\"target\":[\"https:\\\/\\\/qtmm.org\\\/qt\\\/meclis-reisi-almaniyanin-ukrainadaki-elcisine-qirimtatar-halqina-yardimi-icun-samimiy-tesekkurini-bildirdi\\\/\"]}]},{\"@type\":\"ImageObject\",\"inLanguage\":\"qt\",\"@id\":\"https:\\\/\\\/qtmm.org\\\/qt\\\/meclis-reisi-almaniyanin-ukrainadaki-elcisine-qirimtatar-halqina-yardimi-icun-samimiy-tesekkurini-bildirdi\\\/#primaryimage\",\"url\":\"https:\\\/\\\/qtmm.org\\\/wp-content\\\/uploads\\\/2022\\\/01\\\/che_2.jpeg\",\"contentUrl\":\"https:\\\/\\\/qtmm.org\\\/wp-content\\\/uploads\\\/2022\\\/01\\\/che_2.jpeg\",\"width\":650,\"height\":670},{\"@type\":\"BreadcrumbList\",\"@id\":\"https:\\\/\\\/qtmm.org\\\/qt\\\/meclis-reisi-almaniyanin-ukrainadaki-elcisine-qirimtatar-halqina-yardimi-icun-samimiy-tesekkurini-bildirdi\\\/#breadcrumb\",\"itemListElement\":[{\"@type\":\"ListItem\",\"position\":1,\"name\":\"\u0413\u043e\u043b\u043e\u0432\u043d\u0430\",\"item\":\"https:\\\/\\\/qtmm.org\\\/qt\\\/\"},{\"@type\":\"ListItem\",\"position\":2,\"name\":\"Meclis reisi Almaniyan\u0131\u00f1 Ukrainadaki el\u00e7isine q\u0131r\u0131mtatar halq\u0131na yard\u0131m\u0131 i\u00e7\u00fcn samimiy te\u015fekk\u00fcrini bildirdi\"}]},{\"@type\":\"WebSite\",\"@id\":\"https:\\\/\\\/qtmm.org\\\/qt\\\/#website\",\"url\":\"https:\\\/\\\/qtmm.org\\\/qt\\\/\",\"name\":\"\u041c\u0435\u0434\u0436\u043b\u0456\u0441\",\"description\":\"\",\"publisher\":{\"@id\":\"https:\\\/\\\/qtmm.org\\\/qt\\\/#organization\"},\"potentialAction\":[{\"@type\":\"SearchAction\",\"target\":{\"@type\":\"EntryPoint\",\"urlTemplate\":\"https:\\\/\\\/qtmm.org\\\/qt\\\/?s={search_term_string}\"},\"query-input\":{\"@type\":\"PropertyValueSpecification\",\"valueRequired\":true,\"valueName\":\"search_term_string\"}}],\"inLanguage\":\"qt\"},{\"@type\":\"Organization\",\"@id\":\"https:\\\/\\\/qtmm.org\\\/qt\\\/#organization\",\"name\":\"\u041c\u0435\u0434\u0436\u043b\u0456\u0441\",\"url\":\"https:\\\/\\\/qtmm.org\\\/qt\\\/\",\"logo\":{\"@type\":\"ImageObject\",\"inLanguage\":\"qt\",\"@id\":\"https:\\\/\\\/qtmm.org\\\/qt\\\/#\\\/schema\\\/logo\\\/image\\\/\",\"url\":\"https:\\\/\\\/qtmm.org\\\/wp-content\\\/uploads\\\/2024\\\/12\\\/ua-mejlis-logo-rgb.svg\",\"contentUrl\":\"https:\\\/\\\/qtmm.org\\\/wp-content\\\/uploads\\\/2024\\\/12\\\/ua-mejlis-logo-rgb.svg\",\"caption\":\"\u041c\u0435\u0434\u0436\u043b\u0456\u0441\"},\"image\":{\"@id\":\"https:\\\/\\\/qtmm.org\\\/qt\\\/#\\\/schema\\\/logo\\\/image\\\/\"},\"sameAs\":[\"https:\\\/\\\/www.facebook.com\\\/qtmm.info\\\/\"]},{\"@type\":\"Person\",\"@id\":\"https:\\\/\\\/qtmm.org\\\/qt\\\/#\\\/schema\\\/person\\\/de562469f971dec226ac06e60bbf74a7\",\"name\":\"Developer\",\"image\":{\"@type\":\"ImageObject\",\"inLanguage\":\"qt\",\"@id\":\"https:\\\/\\\/secure.gravatar.com\\\/avatar\\\/392b4cc8fbfeb00b39dfeeab4ee6edded39ffd48e25858637e4765810300227e?s=96&d=mm&r=g\",\"url\":\"https:\\\/\\\/secure.gravatar.com\\\/avatar\\\/392b4cc8fbfeb00b39dfeeab4ee6edded39ffd48e25858637e4765810300227e?s=96&d=mm&r=g\",\"contentUrl\":\"https:\\\/\\\/secure.gravatar.com\\\/avatar\\\/392b4cc8fbfeb00b39dfeeab4ee6edded39ffd48e25858637e4765810300227e?s=96&d=mm&r=g\",\"caption\":\"Developer\"},\"url\":\"https:\\\/\\\/qtmm.org\\\/qt\\\/author\\\/Developer\\\/\"}]}<\/script>\n<!-- \/ Yoast SEO plugin. -->","yoast_head_json":{"title":"Meclis reisi Almaniyan\u0131\u00f1 Ukrainadaki el\u00e7isine q\u0131r\u0131mtatar halq\u0131na yard\u0131m\u0131 i\u00e7\u00fcn samimiy te\u015fekk\u00fcrini bildirdi - \u041c\u0435\u0434\u0436\u043b\u0456\u0441","robots":{"index":"index","follow":"follow","max-snippet":"max-snippet:-1","max-image-preview":"max-image-preview:large","max-video-preview":"max-video-preview:-1"},"canonical":"https:\/\/qtmm.org\/qt\/meclis-reisi-almaniyanin-ukrainadaki-elcisine-qirimtatar-halqina-yardimi-icun-samimiy-tesekkurini-bildirdi\/","og_locale":"en_US","og_type":"article","og_title":"Meclis reisi Almaniyan\u0131\u00f1 Ukrainadaki el\u00e7isine q\u0131r\u0131mtatar halq\u0131na yard\u0131m\u0131 i\u00e7\u00fcn samimiy te\u015fekk\u00fcrini bildirdi - \u041c\u0435\u0434\u0436\u043b\u0456\u0441","og_description":"Q\u0131r\u0131mtatar halq\u0131 Meclisini\u00f1 reisi Almaniyan\u0131\u00f1 Ukrainadaki el\u00e7isini\u00f1 \u015ferefine te\u015fkil etilgen qabulda i\u015ftirak etti. Qabul Yevro 2012 futbol \u00e7empionat\u0131 yek\u00fcnlengeni ve Almaniyan\u0131\u00f1 Ukrainadaki Tolu vek\u00e2letli ve Vefqulade El\u00e7isi Gans Yorgen Gaymzyotn\u0131\u00f1 el\u00e7ilik vazifesini\u00f1 m\u00fcddeti so\u00f1una kelgeni munasebetinen ke\u00e7irildi. Mustafa Cemilev Almaniyan\u0131\u00f1 Ukrainadaki el\u00e7isi Gaymzyotqa Ukrainan\u0131\u00f1 Avropa halqlar\u0131 ailesine kirsetilmesine qoltutqan\u0131, s\u00fcrg\u00fcnlikten yurtuna qaytqan ve yerle\u015fmekte ol\u011fan [&hellip;]","og_url":"https:\/\/qtmm.org\/qt\/meclis-reisi-almaniyanin-ukrainadaki-elcisine-qirimtatar-halqina-yardimi-icun-samimiy-tesekkurini-bildirdi\/","og_site_name":"\u041c\u0435\u0434\u0436\u043b\u0456\u0441","article_publisher":"https:\/\/www.facebook.com\/qtmm.info\/","article_published_time":"2012-07-04T18:53:00+00:00","article_modified_time":"2022-01-21T18:54:12+00:00","og_image":[{"width":650,"height":670,"url":"https:\/\/qtmm.org\/wp-content\/uploads\/2022\/01\/che_2.jpeg","type":"image\/jpeg"}],"author":"Developer","twitter_card":"summary_large_image","twitter_misc":{"Written by":"Developer","Est. reading time":"1 minute"},"schema":{"@context":"https:\/\/schema.org","@graph":[{"@type":"Article","@id":"https:\/\/qtmm.org\/qt\/meclis-reisi-almaniyanin-ukrainadaki-elcisine-qirimtatar-halqina-yardimi-icun-samimiy-tesekkurini-bildirdi\/#article","isPartOf":{"@id":"https:\/\/qtmm.org\/qt\/meclis-reisi-almaniyanin-ukrainadaki-elcisine-qirimtatar-halqina-yardimi-icun-samimiy-tesekkurini-bildirdi\/"},"author":{"name":"Developer","@id":"https:\/\/qtmm.org\/qt\/#\/schema\/person\/de562469f971dec226ac06e60bbf74a7"},"headline":"Meclis reisi Almaniyan\u0131\u00f1 Ukrainadaki el\u00e7isine q\u0131r\u0131mtatar halq\u0131na yard\u0131m\u0131 i\u00e7\u00fcn samimiy te\u015fekk\u00fcrini bildirdi","datePublished":"2012-07-04T18:53:00+00:00","dateModified":"2022-01-21T18:54:12+00:00","mainEntityOfPage":{"@id":"https:\/\/qtmm.org\/qt\/meclis-reisi-almaniyanin-ukrainadaki-elcisine-qirimtatar-halqina-yardimi-icun-samimiy-tesekkurini-bildirdi\/"},"wordCount":129,"commentCount":0,"publisher":{"@id":"https:\/\/qtmm.org\/qt\/#organization"},"image":{"@id":"https:\/\/qtmm.org\/qt\/meclis-reisi-almaniyanin-ukrainadaki-elcisine-qirimtatar-halqina-yardimi-icun-samimiy-tesekkurini-bildirdi\/#primaryimage"},"thumbnailUrl":"https:\/\/qtmm.org\/wp-content\/uploads\/2022\/01\/che_2.jpeg","articleSection":["Haberler"],"inLanguage":"qt","potentialAction":[{"@type":"CommentAction","name":"Comment","target":["https:\/\/qtmm.org\/qt\/meclis-reisi-almaniyanin-ukrainadaki-elcisine-qirimtatar-halqina-yardimi-icun-samimiy-tesekkurini-bildirdi\/#respond"]}]},{"@type":"WebPage","@id":"https:\/\/qtmm.org\/qt\/meclis-reisi-almaniyanin-ukrainadaki-elcisine-qirimtatar-halqina-yardimi-icun-samimiy-tesekkurini-bildirdi\/","url":"https:\/\/qtmm.org\/qt\/meclis-reisi-almaniyanin-ukrainadaki-elcisine-qirimtatar-halqina-yardimi-icun-samimiy-tesekkurini-bildirdi\/","name":"Meclis reisi Almaniyan\u0131\u00f1 Ukrainadaki el\u00e7isine q\u0131r\u0131mtatar halq\u0131na yard\u0131m\u0131 i\u00e7\u00fcn samimiy te\u015fekk\u00fcrini bildirdi - \u041c\u0435\u0434\u0436\u043b\u0456\u0441","isPartOf":{"@id":"https:\/\/qtmm.org\/qt\/#website"},"primaryImageOfPage":{"@id":"https:\/\/qtmm.org\/qt\/meclis-reisi-almaniyanin-ukrainadaki-elcisine-qirimtatar-halqina-yardimi-icun-samimiy-tesekkurini-bildirdi\/#primaryimage"},"image":{"@id":"https:\/\/qtmm.org\/qt\/meclis-reisi-almaniyanin-ukrainadaki-elcisine-qirimtatar-halqina-yardimi-icun-samimiy-tesekkurini-bildirdi\/#primaryimage"},"thumbnailUrl":"https:\/\/qtmm.org\/wp-content\/uploads\/2022\/01\/che_2.jpeg","datePublished":"2012-07-04T18:53:00+00:00","dateModified":"2022-01-21T18:54:12+00:00","breadcrumb":{"@id":"https:\/\/qtmm.org\/qt\/meclis-reisi-almaniyanin-ukrainadaki-elcisine-qirimtatar-halqina-yardimi-icun-samimiy-tesekkurini-bildirdi\/#breadcrumb"},"inLanguage":"qt","potentialAction":[{"@type":"ReadAction","target":["https:\/\/qtmm.org\/qt\/meclis-reisi-almaniyanin-ukrainadaki-elcisine-qirimtatar-halqina-yardimi-icun-samimiy-tesekkurini-bildirdi\/"]}]},{"@type":"ImageObject","inLanguage":"qt","@id":"https:\/\/qtmm.org\/qt\/meclis-reisi-almaniyanin-ukrainadaki-elcisine-qirimtatar-halqina-yardimi-icun-samimiy-tesekkurini-bildirdi\/#primaryimage","url":"https:\/\/qtmm.org\/wp-content\/uploads\/2022\/01\/che_2.jpeg","contentUrl":"https:\/\/qtmm.org\/wp-content\/uploads\/2022\/01\/che_2.jpeg","width":650,"height":670},{"@type":"BreadcrumbList","@id":"https:\/\/qtmm.org\/qt\/meclis-reisi-almaniyanin-ukrainadaki-elcisine-qirimtatar-halqina-yardimi-icun-samimiy-tesekkurini-bildirdi\/#breadcrumb","itemListElement":[{"@type":"ListItem","position":1,"name":"\u0413\u043e\u043b\u043e\u0432\u043d\u0430","item":"https:\/\/qtmm.org\/qt\/"},{"@type":"ListItem","position":2,"name":"Meclis reisi Almaniyan\u0131\u00f1 Ukrainadaki el\u00e7isine q\u0131r\u0131mtatar halq\u0131na yard\u0131m\u0131 i\u00e7\u00fcn samimiy te\u015fekk\u00fcrini bildirdi"}]},{"@type":"WebSite","@id":"https:\/\/qtmm.org\/qt\/#website","url":"https:\/\/qtmm.org\/qt\/","name":"\u041c\u0435\u0434\u0436\u043b\u0456\u0441","description":"","publisher":{"@id":"https:\/\/qtmm.org\/qt\/#organization"},"potentialAction":[{"@type":"SearchAction","target":{"@type":"EntryPoint","urlTemplate":"https:\/\/qtmm.org\/qt\/?s={search_term_string}"},"query-input":{"@type":"PropertyValueSpecification","valueRequired":true,"valueName":"search_term_string"}}],"inLanguage":"qt"},{"@type":"Organization","@id":"https:\/\/qtmm.org\/qt\/#organization","name":"\u041c\u0435\u0434\u0436\u043b\u0456\u0441","url":"https:\/\/qtmm.org\/qt\/","logo":{"@type":"ImageObject","inLanguage":"qt","@id":"https:\/\/qtmm.org\/qt\/#\/schema\/logo\/image\/","url":"https:\/\/qtmm.org\/wp-content\/uploads\/2024\/12\/ua-mejlis-logo-rgb.svg","contentUrl":"https:\/\/qtmm.org\/wp-content\/uploads\/2024\/12\/ua-mejlis-logo-rgb.svg","caption":"\u041c\u0435\u0434\u0436\u043b\u0456\u0441"},"image":{"@id":"https:\/\/qtmm.org\/qt\/#\/schema\/logo\/image\/"},"sameAs":["https:\/\/www.facebook.com\/qtmm.info\/"]},{"@type":"Person","@id":"https:\/\/qtmm.org\/qt\/#\/schema\/person\/de562469f971dec226ac06e60bbf74a7","name":"Developer","image":{"@type":"ImageObject","inLanguage":"qt","@id":"https:\/\/secure.gravatar.com\/avatar\/392b4cc8fbfeb00b39dfeeab4ee6edded39ffd48e25858637e4765810300227e?s=96&d=mm&r=g","url":"https:\/\/secure.gravatar.com\/avatar\/392b4cc8fbfeb00b39dfeeab4ee6edded39ffd48e25858637e4765810300227e?s=96&d=mm&r=g","contentUrl":"https:\/\/secure.gravatar.com\/avatar\/392b4cc8fbfeb00b39dfeeab4ee6edded39ffd48e25858637e4765810300227e?s=96&d=mm&r=g","caption":"Developer"},"url":"https:\/\/qtmm.org\/qt\/author\/Developer\/"}]}},"_links":{"self":[{"href":"https:\/\/qtmm.org\/qt\/wp-json\/wp\/v2\/posts\/32325","targetHints":{"allow":["GET"]}}],"collection":[{"href":"https:\/\/qtmm.org\/qt\/wp-json\/wp\/v2\/posts"}],"about":[{"href":"https:\/\/qtmm.org\/qt\/wp-json\/wp\/v2\/types\/post"}],"author":[{"embeddable":true,"href":"https:\/\/qtmm.org\/qt\/wp-json\/wp\/v2\/users\/1"}],"replies":[{"embeddable":true,"href":"https:\/\/qtmm.org\/qt\/wp-json\/wp\/v2\/comments?post=32325"}],"version-history":[{"count":1,"href":"https:\/\/qtmm.org\/qt\/wp-json\/wp\/v2\/posts\/32325\/revisions"}],"predecessor-version":[{"id":32334,"href":"https:\/\/qtmm.org\/qt\/wp-json\/wp\/v2\/posts\/32325\/revisions\/32334"}],"wp:featuredmedia":[{"embeddable":true,"href":"https:\/\/qtmm.org\/qt\/wp-json\/wp\/v2\/media\/32326"}],"wp:attachment":[{"href":"https:\/\/qtmm.org\/qt\/wp-json\/wp\/v2\/media?parent=32325"}],"wp:term":[{"taxonomy":"category","embeddable":true,"href":"https:\/\/qtmm.org\/qt\/wp-json\/wp\/v2\/categories?post=32325"},{"taxonomy":"post_tag","embeddable":true,"href":"https:\/\/qtmm.org\/qt\/wp-json\/wp\/v2\/tags?post=32325"}],"curies":[{"name":"wp","href":"https:\/\/api.w.org\/{rel}","templated":true}]}}