




{"id":32323,"date":"2012-07-04T21:52:00","date_gmt":"2012-07-04T18:52:00","guid":{"rendered":"http:\/\/qtmm.org\/?p=32323"},"modified":"2022-01-21T21:53:22","modified_gmt":"2022-01-21T18:53:22","slug":"mustafa-cemilev-tiller-aqqinda-qanun-qirimtatarlarga-kelismey","status":"publish","type":"post","link":"https:\/\/qtmm.org\/qt\/mustafa-cemilev-tiller-aqqinda-qanun-qirimtatarlarga-kelismey\/","title":{"rendered":"Mustafa Cemilev: \u00abTiller aqq\u0131nda qanun q\u0131r\u0131mtatarlar\u011fa keli\u015fmey\u00bb"},"content":{"rendered":"\n<p><a href=\"http:\/\/www.unian.net\/\" target=\"_blank\" rel=\"noreferrer noopener\">\u00dcN\u0130AN&nbsp;<\/a>haber etkenine k\u00f6re .Q\u0131r\u0131mtatar halq\u0131 Meclisini\u00f1 reisi, Ukraina halq deputat\u0131 Mustafa Cemilev devlet parlamenti qabul etken Devlet til siyasetini\u00f1 esaslar\u0131 aqq\u0131nda qanunn\u0131 q\u0131r\u0131mtatarlar i\u00e7\u00fcn keli\u015fmey, dep saya.<\/p>\n\n\n\n<p>&#8220;Bizge bu qanun keli\u015fmey. Biz kendimizni Ukrainan\u0131\u00f1 tam\u0131r halq\u0131 dep bilemiz ve q\u0131r\u0131mtatar tilini\u00f1 vaziyeti bu tilde laf etken halqn\u0131\u00f1 say\u0131s\u0131na ba\u011fl\u0131 olmamal\u0131&#8221;, &#8211; dedi Cemilev. On\u0131\u00f1 s\u00f6zlerine k\u00f6re, eger rus tili Ukraina regionlar\u0131nda hususiy statusqa nail olsa, ukrainlerge ana tilini \u00f6grenmege siltem olmaz. Q\u0131r\u0131mtatarlar da t\u0131pq\u0131 b\u00f6yle, olar rus tilini ruslardan da ziyade yah\u015f\u0131 bileler&#8221;, &#8211; dedi Mustafa Cemilev.<\/p>\n\n\n\n<p>Mustafa Cemilev \u015fun\u0131 da qayd etti ki, Milliy azl\u0131qlarn\u0131\u00f1 tilleri aqq\u0131nda Avropa hartiyas\u0131na s\u0131ltav esass\u0131zd\u0131r, \u00e7\u00fcnki o tel\u00fcke alt\u0131nda bulun\u011fan tillerni qor\u00e7alav\u011fa do\u011frult\u0131l\u011fand\u0131r. &#8220;Rus tili ise b\u00f6yle alda degil&#8221;, &#8211; dedi Cemilev.<\/p>\n","protected":false},"excerpt":{"rendered":"<p>\u00dcN\u0130AN&nbsp;haber etkenine k\u00f6re .Q\u0131r\u0131mtatar halq\u0131 Meclisini\u00f1 reisi, Ukraina halq deputat\u0131 Mustafa Cemilev devlet parlamenti qabul etken Devlet til siyasetini\u00f1 esaslar\u0131 aqq\u0131nda qanunn\u0131 q\u0131r\u0131mtatarlar i\u00e7\u00fcn keli\u015fmey, dep saya. &#8220;Bizge bu qanun keli\u015fmey. Biz kendimizni Ukrainan\u0131\u00f1 tam\u0131r halq\u0131 dep bilemiz ve q\u0131r\u0131mtatar tilini\u00f1 vaziyeti bu tilde laf etken halqn\u0131\u00f1 say\u0131s\u0131na ba\u011fl\u0131 olmamal\u0131&#8221;, &#8211; dedi Cemilev. On\u0131\u00f1 s\u00f6zlerine [&hellip;]<\/p>\n","protected":false},"author":1,"featured_media":0,"comment_status":"open","ping_status":"open","sticky":false,"template":"","format":"standard","meta":{"inline_featured_image":false,"footnotes":""},"categories":[265],"tags":[],"class_list":["post-32323","post","type-post","status-publish","format-standard","hentry","category-haberler"],"acf":[],"yoast_head":"<!-- This site is optimized with the Yoast SEO plugin v27.4 - https:\/\/yoast.com\/product\/yoast-seo-wordpress\/ -->\n<title>Mustafa Cemilev: \u00abTiller aqq\u0131nda qanun q\u0131r\u0131mtatarlar\u011fa keli\u015fmey\u00bb - \u041c\u0435\u0434\u0436\u043b\u0456\u0441<\/title>\n<meta name=\"robots\" content=\"index, follow, max-snippet:-1, max-image-preview:large, max-video-preview:-1\" \/>\n<link rel=\"canonical\" href=\"https:\/\/qtmm.org\/qt\/mustafa-cemilev-tiller-aqqinda-qanun-qirimtatarlarga-kelismey\/\" \/>\n<meta property=\"og:locale\" content=\"en_US\" \/>\n<meta property=\"og:type\" content=\"article\" \/>\n<meta property=\"og:title\" content=\"Mustafa Cemilev: \u00abTiller aqq\u0131nda qanun q\u0131r\u0131mtatarlar\u011fa keli\u015fmey\u00bb - \u041c\u0435\u0434\u0436\u043b\u0456\u0441\" \/>\n<meta property=\"og:description\" content=\"\u00dcN\u0130AN&nbsp;haber etkenine k\u00f6re .Q\u0131r\u0131mtatar halq\u0131 Meclisini\u00f1 reisi, Ukraina halq deputat\u0131 Mustafa Cemilev devlet parlamenti qabul etken Devlet til siyasetini\u00f1 esaslar\u0131 aqq\u0131nda qanunn\u0131 q\u0131r\u0131mtatarlar i\u00e7\u00fcn keli\u015fmey, dep saya. &#8220;Bizge bu qanun keli\u015fmey. Biz kendimizni Ukrainan\u0131\u00f1 tam\u0131r halq\u0131 dep bilemiz ve q\u0131r\u0131mtatar tilini\u00f1 vaziyeti bu tilde laf etken halqn\u0131\u00f1 say\u0131s\u0131na ba\u011fl\u0131 olmamal\u0131&#8221;, &#8211; dedi Cemilev. On\u0131\u00f1 s\u00f6zlerine [&hellip;]\" \/>\n<meta property=\"og:url\" content=\"https:\/\/qtmm.org\/qt\/mustafa-cemilev-tiller-aqqinda-qanun-qirimtatarlarga-kelismey\/\" \/>\n<meta property=\"og:site_name\" content=\"\u041c\u0435\u0434\u0436\u043b\u0456\u0441\" \/>\n<meta property=\"article:publisher\" content=\"https:\/\/www.facebook.com\/qtmm.info\/\" \/>\n<meta property=\"article:published_time\" content=\"2012-07-04T18:52:00+00:00\" \/>\n<meta property=\"article:modified_time\" content=\"2022-01-21T18:53:22+00:00\" \/>\n<meta name=\"author\" content=\"Developer\" \/>\n<meta name=\"twitter:card\" content=\"summary_large_image\" \/>\n<meta name=\"twitter:label1\" content=\"Written by\" \/>\n\t<meta name=\"twitter:data1\" content=\"Developer\" \/>\n\t<meta name=\"twitter:label2\" content=\"Est. reading time\" \/>\n\t<meta name=\"twitter:data2\" content=\"1 minute\" \/>\n<script type=\"application\/ld+json\" class=\"yoast-schema-graph\">{\"@context\":\"https:\\\/\\\/schema.org\",\"@graph\":[{\"@type\":\"Article\",\"@id\":\"https:\\\/\\\/qtmm.org\\\/qt\\\/mustafa-cemilev-tiller-aqqinda-qanun-qirimtatarlarga-kelismey\\\/#article\",\"isPartOf\":{\"@id\":\"https:\\\/\\\/qtmm.org\\\/qt\\\/mustafa-cemilev-tiller-aqqinda-qanun-qirimtatarlarga-kelismey\\\/\"},\"author\":{\"name\":\"Developer\",\"@id\":\"https:\\\/\\\/qtmm.org\\\/qt\\\/#\\\/schema\\\/person\\\/de562469f971dec226ac06e60bbf74a7\"},\"headline\":\"Mustafa Cemilev: \u00abTiller aqq\u0131nda qanun q\u0131r\u0131mtatarlar\u011fa keli\u015fmey\u00bb\",\"datePublished\":\"2012-07-04T18:52:00+00:00\",\"dateModified\":\"2022-01-21T18:53:22+00:00\",\"mainEntityOfPage\":{\"@id\":\"https:\\\/\\\/qtmm.org\\\/qt\\\/mustafa-cemilev-tiller-aqqinda-qanun-qirimtatarlarga-kelismey\\\/\"},\"wordCount\":172,\"commentCount\":0,\"publisher\":{\"@id\":\"https:\\\/\\\/qtmm.org\\\/qt\\\/#organization\"},\"articleSection\":[\"Haberler\"],\"inLanguage\":\"qt\",\"potentialAction\":[{\"@type\":\"CommentAction\",\"name\":\"Comment\",\"target\":[\"https:\\\/\\\/qtmm.org\\\/qt\\\/mustafa-cemilev-tiller-aqqinda-qanun-qirimtatarlarga-kelismey\\\/#respond\"]}]},{\"@type\":\"WebPage\",\"@id\":\"https:\\\/\\\/qtmm.org\\\/qt\\\/mustafa-cemilev-tiller-aqqinda-qanun-qirimtatarlarga-kelismey\\\/\",\"url\":\"https:\\\/\\\/qtmm.org\\\/qt\\\/mustafa-cemilev-tiller-aqqinda-qanun-qirimtatarlarga-kelismey\\\/\",\"name\":\"Mustafa Cemilev: \u00abTiller aqq\u0131nda qanun q\u0131r\u0131mtatarlar\u011fa keli\u015fmey\u00bb - \u041c\u0435\u0434\u0436\u043b\u0456\u0441\",\"isPartOf\":{\"@id\":\"https:\\\/\\\/qtmm.org\\\/qt\\\/#website\"},\"datePublished\":\"2012-07-04T18:52:00+00:00\",\"dateModified\":\"2022-01-21T18:53:22+00:00\",\"breadcrumb\":{\"@id\":\"https:\\\/\\\/qtmm.org\\\/qt\\\/mustafa-cemilev-tiller-aqqinda-qanun-qirimtatarlarga-kelismey\\\/#breadcrumb\"},\"inLanguage\":\"qt\",\"potentialAction\":[{\"@type\":\"ReadAction\",\"target\":[\"https:\\\/\\\/qtmm.org\\\/qt\\\/mustafa-cemilev-tiller-aqqinda-qanun-qirimtatarlarga-kelismey\\\/\"]}]},{\"@type\":\"BreadcrumbList\",\"@id\":\"https:\\\/\\\/qtmm.org\\\/qt\\\/mustafa-cemilev-tiller-aqqinda-qanun-qirimtatarlarga-kelismey\\\/#breadcrumb\",\"itemListElement\":[{\"@type\":\"ListItem\",\"position\":1,\"name\":\"\u0413\u043e\u043b\u043e\u0432\u043d\u0430\",\"item\":\"https:\\\/\\\/qtmm.org\\\/qt\\\/\"},{\"@type\":\"ListItem\",\"position\":2,\"name\":\"Mustafa Cemilev: \u00abTiller aqq\u0131nda qanun q\u0131r\u0131mtatarlar\u011fa keli\u015fmey\u00bb\"}]},{\"@type\":\"WebSite\",\"@id\":\"https:\\\/\\\/qtmm.org\\\/qt\\\/#website\",\"url\":\"https:\\\/\\\/qtmm.org\\\/qt\\\/\",\"name\":\"\u041c\u0435\u0434\u0436\u043b\u0456\u0441\",\"description\":\"\",\"publisher\":{\"@id\":\"https:\\\/\\\/qtmm.org\\\/qt\\\/#organization\"},\"potentialAction\":[{\"@type\":\"SearchAction\",\"target\":{\"@type\":\"EntryPoint\",\"urlTemplate\":\"https:\\\/\\\/qtmm.org\\\/qt\\\/?s={search_term_string}\"},\"query-input\":{\"@type\":\"PropertyValueSpecification\",\"valueRequired\":true,\"valueName\":\"search_term_string\"}}],\"inLanguage\":\"qt\"},{\"@type\":\"Organization\",\"@id\":\"https:\\\/\\\/qtmm.org\\\/qt\\\/#organization\",\"name\":\"\u041c\u0435\u0434\u0436\u043b\u0456\u0441\",\"url\":\"https:\\\/\\\/qtmm.org\\\/qt\\\/\",\"logo\":{\"@type\":\"ImageObject\",\"inLanguage\":\"qt\",\"@id\":\"https:\\\/\\\/qtmm.org\\\/qt\\\/#\\\/schema\\\/logo\\\/image\\\/\",\"url\":\"https:\\\/\\\/qtmm.org\\\/wp-content\\\/uploads\\\/2024\\\/12\\\/ua-mejlis-logo-rgb.svg\",\"contentUrl\":\"https:\\\/\\\/qtmm.org\\\/wp-content\\\/uploads\\\/2024\\\/12\\\/ua-mejlis-logo-rgb.svg\",\"caption\":\"\u041c\u0435\u0434\u0436\u043b\u0456\u0441\"},\"image\":{\"@id\":\"https:\\\/\\\/qtmm.org\\\/qt\\\/#\\\/schema\\\/logo\\\/image\\\/\"},\"sameAs\":[\"https:\\\/\\\/www.facebook.com\\\/qtmm.info\\\/\"]},{\"@type\":\"Person\",\"@id\":\"https:\\\/\\\/qtmm.org\\\/qt\\\/#\\\/schema\\\/person\\\/de562469f971dec226ac06e60bbf74a7\",\"name\":\"Developer\",\"image\":{\"@type\":\"ImageObject\",\"inLanguage\":\"qt\",\"@id\":\"https:\\\/\\\/secure.gravatar.com\\\/avatar\\\/392b4cc8fbfeb00b39dfeeab4ee6edded39ffd48e25858637e4765810300227e?s=96&d=mm&r=g\",\"url\":\"https:\\\/\\\/secure.gravatar.com\\\/avatar\\\/392b4cc8fbfeb00b39dfeeab4ee6edded39ffd48e25858637e4765810300227e?s=96&d=mm&r=g\",\"contentUrl\":\"https:\\\/\\\/secure.gravatar.com\\\/avatar\\\/392b4cc8fbfeb00b39dfeeab4ee6edded39ffd48e25858637e4765810300227e?s=96&d=mm&r=g\",\"caption\":\"Developer\"},\"url\":\"https:\\\/\\\/qtmm.org\\\/qt\\\/author\\\/Developer\\\/\"}]}<\/script>\n<!-- \/ Yoast SEO plugin. -->","yoast_head_json":{"title":"Mustafa Cemilev: \u00abTiller aqq\u0131nda qanun q\u0131r\u0131mtatarlar\u011fa keli\u015fmey\u00bb - \u041c\u0435\u0434\u0436\u043b\u0456\u0441","robots":{"index":"index","follow":"follow","max-snippet":"max-snippet:-1","max-image-preview":"max-image-preview:large","max-video-preview":"max-video-preview:-1"},"canonical":"https:\/\/qtmm.org\/qt\/mustafa-cemilev-tiller-aqqinda-qanun-qirimtatarlarga-kelismey\/","og_locale":"en_US","og_type":"article","og_title":"Mustafa Cemilev: \u00abTiller aqq\u0131nda qanun q\u0131r\u0131mtatarlar\u011fa keli\u015fmey\u00bb - \u041c\u0435\u0434\u0436\u043b\u0456\u0441","og_description":"\u00dcN\u0130AN&nbsp;haber etkenine k\u00f6re .Q\u0131r\u0131mtatar halq\u0131 Meclisini\u00f1 reisi, Ukraina halq deputat\u0131 Mustafa Cemilev devlet parlamenti qabul etken Devlet til siyasetini\u00f1 esaslar\u0131 aqq\u0131nda qanunn\u0131 q\u0131r\u0131mtatarlar i\u00e7\u00fcn keli\u015fmey, dep saya. &#8220;Bizge bu qanun keli\u015fmey. Biz kendimizni Ukrainan\u0131\u00f1 tam\u0131r halq\u0131 dep bilemiz ve q\u0131r\u0131mtatar tilini\u00f1 vaziyeti bu tilde laf etken halqn\u0131\u00f1 say\u0131s\u0131na ba\u011fl\u0131 olmamal\u0131&#8221;, &#8211; dedi Cemilev. On\u0131\u00f1 s\u00f6zlerine [&hellip;]","og_url":"https:\/\/qtmm.org\/qt\/mustafa-cemilev-tiller-aqqinda-qanun-qirimtatarlarga-kelismey\/","og_site_name":"\u041c\u0435\u0434\u0436\u043b\u0456\u0441","article_publisher":"https:\/\/www.facebook.com\/qtmm.info\/","article_published_time":"2012-07-04T18:52:00+00:00","article_modified_time":"2022-01-21T18:53:22+00:00","author":"Developer","twitter_card":"summary_large_image","twitter_misc":{"Written by":"Developer","Est. reading time":"1 minute"},"schema":{"@context":"https:\/\/schema.org","@graph":[{"@type":"Article","@id":"https:\/\/qtmm.org\/qt\/mustafa-cemilev-tiller-aqqinda-qanun-qirimtatarlarga-kelismey\/#article","isPartOf":{"@id":"https:\/\/qtmm.org\/qt\/mustafa-cemilev-tiller-aqqinda-qanun-qirimtatarlarga-kelismey\/"},"author":{"name":"Developer","@id":"https:\/\/qtmm.org\/qt\/#\/schema\/person\/de562469f971dec226ac06e60bbf74a7"},"headline":"Mustafa Cemilev: \u00abTiller aqq\u0131nda qanun q\u0131r\u0131mtatarlar\u011fa keli\u015fmey\u00bb","datePublished":"2012-07-04T18:52:00+00:00","dateModified":"2022-01-21T18:53:22+00:00","mainEntityOfPage":{"@id":"https:\/\/qtmm.org\/qt\/mustafa-cemilev-tiller-aqqinda-qanun-qirimtatarlarga-kelismey\/"},"wordCount":172,"commentCount":0,"publisher":{"@id":"https:\/\/qtmm.org\/qt\/#organization"},"articleSection":["Haberler"],"inLanguage":"qt","potentialAction":[{"@type":"CommentAction","name":"Comment","target":["https:\/\/qtmm.org\/qt\/mustafa-cemilev-tiller-aqqinda-qanun-qirimtatarlarga-kelismey\/#respond"]}]},{"@type":"WebPage","@id":"https:\/\/qtmm.org\/qt\/mustafa-cemilev-tiller-aqqinda-qanun-qirimtatarlarga-kelismey\/","url":"https:\/\/qtmm.org\/qt\/mustafa-cemilev-tiller-aqqinda-qanun-qirimtatarlarga-kelismey\/","name":"Mustafa Cemilev: \u00abTiller aqq\u0131nda qanun q\u0131r\u0131mtatarlar\u011fa keli\u015fmey\u00bb - \u041c\u0435\u0434\u0436\u043b\u0456\u0441","isPartOf":{"@id":"https:\/\/qtmm.org\/qt\/#website"},"datePublished":"2012-07-04T18:52:00+00:00","dateModified":"2022-01-21T18:53:22+00:00","breadcrumb":{"@id":"https:\/\/qtmm.org\/qt\/mustafa-cemilev-tiller-aqqinda-qanun-qirimtatarlarga-kelismey\/#breadcrumb"},"inLanguage":"qt","potentialAction":[{"@type":"ReadAction","target":["https:\/\/qtmm.org\/qt\/mustafa-cemilev-tiller-aqqinda-qanun-qirimtatarlarga-kelismey\/"]}]},{"@type":"BreadcrumbList","@id":"https:\/\/qtmm.org\/qt\/mustafa-cemilev-tiller-aqqinda-qanun-qirimtatarlarga-kelismey\/#breadcrumb","itemListElement":[{"@type":"ListItem","position":1,"name":"\u0413\u043e\u043b\u043e\u0432\u043d\u0430","item":"https:\/\/qtmm.org\/qt\/"},{"@type":"ListItem","position":2,"name":"Mustafa Cemilev: \u00abTiller aqq\u0131nda qanun q\u0131r\u0131mtatarlar\u011fa keli\u015fmey\u00bb"}]},{"@type":"WebSite","@id":"https:\/\/qtmm.org\/qt\/#website","url":"https:\/\/qtmm.org\/qt\/","name":"\u041c\u0435\u0434\u0436\u043b\u0456\u0441","description":"","publisher":{"@id":"https:\/\/qtmm.org\/qt\/#organization"},"potentialAction":[{"@type":"SearchAction","target":{"@type":"EntryPoint","urlTemplate":"https:\/\/qtmm.org\/qt\/?s={search_term_string}"},"query-input":{"@type":"PropertyValueSpecification","valueRequired":true,"valueName":"search_term_string"}}],"inLanguage":"qt"},{"@type":"Organization","@id":"https:\/\/qtmm.org\/qt\/#organization","name":"\u041c\u0435\u0434\u0436\u043b\u0456\u0441","url":"https:\/\/qtmm.org\/qt\/","logo":{"@type":"ImageObject","inLanguage":"qt","@id":"https:\/\/qtmm.org\/qt\/#\/schema\/logo\/image\/","url":"https:\/\/qtmm.org\/wp-content\/uploads\/2024\/12\/ua-mejlis-logo-rgb.svg","contentUrl":"https:\/\/qtmm.org\/wp-content\/uploads\/2024\/12\/ua-mejlis-logo-rgb.svg","caption":"\u041c\u0435\u0434\u0436\u043b\u0456\u0441"},"image":{"@id":"https:\/\/qtmm.org\/qt\/#\/schema\/logo\/image\/"},"sameAs":["https:\/\/www.facebook.com\/qtmm.info\/"]},{"@type":"Person","@id":"https:\/\/qtmm.org\/qt\/#\/schema\/person\/de562469f971dec226ac06e60bbf74a7","name":"Developer","image":{"@type":"ImageObject","inLanguage":"qt","@id":"https:\/\/secure.gravatar.com\/avatar\/392b4cc8fbfeb00b39dfeeab4ee6edded39ffd48e25858637e4765810300227e?s=96&d=mm&r=g","url":"https:\/\/secure.gravatar.com\/avatar\/392b4cc8fbfeb00b39dfeeab4ee6edded39ffd48e25858637e4765810300227e?s=96&d=mm&r=g","contentUrl":"https:\/\/secure.gravatar.com\/avatar\/392b4cc8fbfeb00b39dfeeab4ee6edded39ffd48e25858637e4765810300227e?s=96&d=mm&r=g","caption":"Developer"},"url":"https:\/\/qtmm.org\/qt\/author\/Developer\/"}]}},"_links":{"self":[{"href":"https:\/\/qtmm.org\/qt\/wp-json\/wp\/v2\/posts\/32323","targetHints":{"allow":["GET"]}}],"collection":[{"href":"https:\/\/qtmm.org\/qt\/wp-json\/wp\/v2\/posts"}],"about":[{"href":"https:\/\/qtmm.org\/qt\/wp-json\/wp\/v2\/types\/post"}],"author":[{"embeddable":true,"href":"https:\/\/qtmm.org\/qt\/wp-json\/wp\/v2\/users\/1"}],"replies":[{"embeddable":true,"href":"https:\/\/qtmm.org\/qt\/wp-json\/wp\/v2\/comments?post=32323"}],"version-history":[{"count":1,"href":"https:\/\/qtmm.org\/qt\/wp-json\/wp\/v2\/posts\/32323\/revisions"}],"predecessor-version":[{"id":32324,"href":"https:\/\/qtmm.org\/qt\/wp-json\/wp\/v2\/posts\/32323\/revisions\/32324"}],"wp:attachment":[{"href":"https:\/\/qtmm.org\/qt\/wp-json\/wp\/v2\/media?parent=32323"}],"wp:term":[{"taxonomy":"category","embeddable":true,"href":"https:\/\/qtmm.org\/qt\/wp-json\/wp\/v2\/categories?post=32323"},{"taxonomy":"post_tag","embeddable":true,"href":"https:\/\/qtmm.org\/qt\/wp-json\/wp\/v2\/tags?post=32323"}],"curies":[{"name":"wp","href":"https:\/\/api.w.org\/{rel}","templated":true}]}}