




{"id":32309,"date":"2012-07-04T21:51:00","date_gmt":"2012-07-04T18:51:00","guid":{"rendered":"http:\/\/qtmm.org\/?p=32309"},"modified":"2022-01-21T21:52:45","modified_gmt":"2022-01-21T18:52:45","slug":"milletlerara-dava-qozgagani-icun-mesulietke-cekilsin","status":"publish","type":"post","link":"https:\/\/qtmm.org\/qt\/milletlerara-dava-qozgagani-icun-mesulietke-cekilsin\/","title":{"rendered":"Milletlerara dava qoz\u011fa\u011fan\u0131 i\u00e7\u00fcn mes\u00fclietke \u00e7ekilsin!"},"content":{"rendered":"\n<p>2012 senesi iy\u00fcl 4 k\u00fcn\u00fc Aqmescitte &#8220;Adliyeciler Aqyar ve Tavrida rus te\u015fkil\u00e2tlar\u0131 koordinatsion ke\u00f1e\u015fini\u00f1 yetek\u00e7isi V.L. T\u00fcninni Q\u0131r\u0131m telekanallar\u0131n\u0131\u00f1 birinde milletler aras\u0131nda dava qoz\u011fa\u011fan\u0131 i\u00e7\u00fcn cevapk\u00e2rl\u0131qqa \u00e7ekmekni talap eteler&#8221; mevzus\u0131nda matbuat konferentsiyas\u0131 ol\u0131p ke\u00e7ti.<\/p>\n\n\n\n<p>Matbuat konferentsiyas\u0131n\u0131 te\u015fkil etken adliyeciler Teyfuq \u011eafarov ve Rustem Osmanov jurnalistlerge ATR kanal\u0131nda 2012 senesi iy\u00fcn 29-da &#8220;Gravitatsiya&#8221; programmas\u0131nda ol\u011fan vaqian\u0131 tarif ettiler.<\/p>\n\n\n\n<p>&#8220;ATR kanal\u0131nda 2012 senesi iy\u00fcn 29-da\u00a0&#8220;Gravitatsiya&#8221; programmas\u0131 vaqt\u0131nda, &#8211; dedi Teyfuq \u011eafarov, &#8211; mezk\u00fcr telekanaln\u0131\u00f1 seyircileri esasen q\u0131r\u0131mtatarlardan ibaret ol\u011fan\u0131n\u0131 pek yah\u015f\u0131 bilgen Aqyar ve Tavrida rus te\u015fkil\u00e2tlar\u0131 koordinatsion ke\u00f1e\u015fini\u00f1 yetek\u00e7isi V.L. T\u00fcnin, bizim fikrimizce, milletler aras\u0131nda dava qoz\u011fa\u011fan s\u00f6zlerni aytt\u0131&#8221;.<\/p>\n\n\n\n<p>Matbuat konferentsiyas\u0131nda Teyfuq \u011eafarov Vladimir T\u00fcninni\u00f1 \u015fovinistik s\u00f6zleri boyunca prokuratura\u011fa muracaat etmek qarar\u0131n\u0131 il\u00e2n etti. 2012 senesi iy\u00fcl 3 k\u00fcn\u00fc adliyeciler Q\u0131r\u0131m Pokuraturas\u0131na muracaat etip, Ukraina Cinaiy Kodeksini\u00f1 1-nci q\u0131s\u0131m 161-nci maddesinde k\u00f6zde tutul\u011fan cinayet yap\u0131l\u011fan\u0131 yani &#8220;insanlarn\u0131\u00f1 \u0131rq\u0131y, milliy mens\u00fcpligi ve diniy itiqad\u0131na k\u00f6re aqlar\u0131 bozul\u011fan\u0131&#8221; aqq\u0131nda ariza berdiler.<\/p>\n\n\n\n<p>T. \u011eafarov qayd etti ki, Ukraina Cinaiy Kodeksini\u00f1 1-nci q\u0131s\u0131m 161-nci maddesi milletlera dava qoz\u011famas\u0131 i\u00e7\u00fcn cevapk\u00e2rl\u0131qn\u0131 k\u00f6zde tuta. Matbuat konferentsiyas\u0131nda Teyfuq \u011eafarovn\u0131\u00f1 bildirgenine k\u00f6re Ukrainada mezk\u00fcr madde boyunca 30-\u011fa yaq\u0131n cinaiy i\u015f a\u00e7\u0131l\u011fan. Eger Vladimir T\u00fcninni\u00f1 areketleri qanun\u011fa z\u0131t dep tan\u0131lsa, nas\u0131l cezalanaca\u011f\u0131 aqq\u0131ndaki sualge adliyeci: &#8220;Er \u015fey qabaatn\u0131\u00f1 derecesine ba\u011fl\u0131. Ceza c\u00f6reme ya da azatl\u0131qtan marum et\u00fcv kibi olabilir&#8221;, dep cevap berdi.<\/p>\n\n\n\n<p>Matbuat konferentsiyan\u0131\u00f1 so\u00f1unda Rustem Osmanov bildirdi ki, prokuratura ve uquqkoruy\u0131c\u0131 organlar ileride milletler aras\u0131nda dava qopmas\u0131na al\u0131p kelecek areketlerge yol bermemeleri i\u00e7\u00fcn adliyeciler taraf\u0131ndan b\u00fct\u00fcn \u00e7areler k\u00f6r\u00fclecek. Adliyecini\u00f1 aytqan\u0131na k\u00f6re Ukraina Cinaiy Kodeksini\u00f1 161-nci maddesi boyunca prokuratura\u011fa ariza yamaq aqq\u0131nda olar\u011fa muracaat etken er bir insan yard\u0131m alabilir.<\/p>\n\n\n\n<hr class=\"wp-block-separator\"\/>\n\n\n\n<p><em>\u015eun\u0131 hat\u0131rlatmal\u0131 ki, 2012 senesi iy\u00fcl 3 k\u00fcn\u00fc Cemaat gumanitar ke\u00f1e\u015fni\u00f1 topla\u015fuv\u0131nda devletni\u00f1 ba\u015f\u0131 V. Yanukovi\u00e7 uquqqoruy\u0131c\u0131lardan milletlerara davalarn\u0131\u00f1 sebep\u00e7ilerine nisbeten pek sert yana\u015fmaqn\u0131 talap etti.<\/em><\/p>\n\n\n\n<p><em>&#8220;Milliy duy\u011fularn\u0131 q\u0131t\u0131qlap qav\u011fa \u00e7\u0131qarmaq areketlerini\u00f1 \u00f6g\u00fcni kesen-kes almal\u0131&#8221;, &#8211; dedi o.<\/em><\/p>\n\n\n\n<p><em>&#8220;Devletni\u00f1 yolba\u015f\u00e7\u0131s\u0131 olaraq, \u015fun\u0131 s\u00f6ylemek isteyim ki, milliy azl\u0131qlar\u011fa mens\u00fcp insanlarn\u0131\u00f1 aqlar\u0131n\u0131 qor\u00e7alav i\u015fi daima qatt\u0131 nezaret alt\u0131nda olacaq&#8221;,- qayd etti Prezident,\u00a0dey on\u0131\u00f1 matbuat h\u0131zmeti.<\/em><\/p>\n","protected":false},"excerpt":{"rendered":"<p>2012 senesi iy\u00fcl 4 k\u00fcn\u00fc Aqmescitte &#8220;Adliyeciler Aqyar ve Tavrida rus te\u015fkil\u00e2tlar\u0131 koordinatsion ke\u00f1e\u015fini\u00f1 yetek\u00e7isi V.L. T\u00fcninni Q\u0131r\u0131m telekanallar\u0131n\u0131\u00f1 birinde milletler aras\u0131nda dava qoz\u011fa\u011fan\u0131 i\u00e7\u00fcn cevapk\u00e2rl\u0131qqa \u00e7ekmekni talap eteler&#8221; mevzus\u0131nda matbuat konferentsiyas\u0131 ol\u0131p ke\u00e7ti. Matbuat konferentsiyas\u0131n\u0131 te\u015fkil etken adliyeciler Teyfuq \u011eafarov ve Rustem Osmanov jurnalistlerge ATR kanal\u0131nda 2012 senesi iy\u00fcn 29-da &#8220;Gravitatsiya&#8221; programmas\u0131nda ol\u011fan vaqian\u0131 [&hellip;]<\/p>\n","protected":false},"author":1,"featured_media":32314,"comment_status":"open","ping_status":"open","sticky":false,"template":"","format":"standard","meta":{"inline_featured_image":false,"footnotes":""},"categories":[265],"tags":[],"class_list":["post-32309","post","type-post","status-publish","format-standard","has-post-thumbnail","hentry","category-haberler"],"acf":[],"yoast_head":"<!-- This site is optimized with the Yoast SEO plugin v27.4 - https:\/\/yoast.com\/product\/yoast-seo-wordpress\/ -->\n<title>Milletlerara dava qoz\u011fa\u011fan\u0131 i\u00e7\u00fcn mes\u00fclietke \u00e7ekilsin! - \u041c\u0435\u0434\u0436\u043b\u0456\u0441<\/title>\n<meta name=\"robots\" content=\"index, follow, max-snippet:-1, max-image-preview:large, max-video-preview:-1\" \/>\n<link rel=\"canonical\" href=\"https:\/\/qtmm.org\/qt\/milletlerara-dava-qozgagani-icun-mesulietke-cekilsin\/\" \/>\n<meta property=\"og:locale\" content=\"en_US\" \/>\n<meta property=\"og:type\" content=\"article\" \/>\n<meta property=\"og:title\" content=\"Milletlerara dava qoz\u011fa\u011fan\u0131 i\u00e7\u00fcn mes\u00fclietke \u00e7ekilsin! - \u041c\u0435\u0434\u0436\u043b\u0456\u0441\" \/>\n<meta property=\"og:description\" content=\"2012 senesi iy\u00fcl 4 k\u00fcn\u00fc Aqmescitte &#8220;Adliyeciler Aqyar ve Tavrida rus te\u015fkil\u00e2tlar\u0131 koordinatsion ke\u00f1e\u015fini\u00f1 yetek\u00e7isi V.L. T\u00fcninni Q\u0131r\u0131m telekanallar\u0131n\u0131\u00f1 birinde milletler aras\u0131nda dava qoz\u011fa\u011fan\u0131 i\u00e7\u00fcn cevapk\u00e2rl\u0131qqa \u00e7ekmekni talap eteler&#8221; mevzus\u0131nda matbuat konferentsiyas\u0131 ol\u0131p ke\u00e7ti. Matbuat konferentsiyas\u0131n\u0131 te\u015fkil etken adliyeciler Teyfuq \u011eafarov ve Rustem Osmanov jurnalistlerge ATR kanal\u0131nda 2012 senesi iy\u00fcn 29-da &#8220;Gravitatsiya&#8221; programmas\u0131nda ol\u011fan vaqian\u0131 [&hellip;]\" \/>\n<meta property=\"og:url\" content=\"https:\/\/qtmm.org\/qt\/milletlerara-dava-qozgagani-icun-mesulietke-cekilsin\/\" \/>\n<meta property=\"og:site_name\" content=\"\u041c\u0435\u0434\u0436\u043b\u0456\u0441\" \/>\n<meta property=\"article:publisher\" content=\"https:\/\/www.facebook.com\/qtmm.info\/\" \/>\n<meta property=\"article:published_time\" content=\"2012-07-04T18:51:00+00:00\" \/>\n<meta property=\"article:modified_time\" content=\"2022-01-21T18:52:45+00:00\" \/>\n<meta property=\"og:image\" content=\"https:\/\/qtmm.org\/wp-content\/uploads\/2022\/01\/img_0769_1.jpeg\" \/>\n\t<meta property=\"og:image:width\" content=\"800\" \/>\n\t<meta property=\"og:image:height\" content=\"600\" \/>\n\t<meta property=\"og:image:type\" content=\"image\/jpeg\" \/>\n<meta name=\"author\" content=\"Developer\" \/>\n<meta name=\"twitter:card\" content=\"summary_large_image\" \/>\n<meta name=\"twitter:label1\" content=\"Written by\" \/>\n\t<meta name=\"twitter:data1\" content=\"Developer\" \/>\n\t<meta name=\"twitter:label2\" content=\"Est. reading time\" \/>\n\t<meta name=\"twitter:data2\" content=\"2 minutes\" \/>\n<script type=\"application\/ld+json\" class=\"yoast-schema-graph\">{\"@context\":\"https:\\\/\\\/schema.org\",\"@graph\":[{\"@type\":\"Article\",\"@id\":\"https:\\\/\\\/qtmm.org\\\/qt\\\/milletlerara-dava-qozgagani-icun-mesulietke-cekilsin\\\/#article\",\"isPartOf\":{\"@id\":\"https:\\\/\\\/qtmm.org\\\/qt\\\/milletlerara-dava-qozgagani-icun-mesulietke-cekilsin\\\/\"},\"author\":{\"name\":\"Developer\",\"@id\":\"https:\\\/\\\/qtmm.org\\\/qt\\\/#\\\/schema\\\/person\\\/de562469f971dec226ac06e60bbf74a7\"},\"headline\":\"Milletlerara dava qoz\u011fa\u011fan\u0131 i\u00e7\u00fcn mes\u00fclietke \u00e7ekilsin!\",\"datePublished\":\"2012-07-04T18:51:00+00:00\",\"dateModified\":\"2022-01-21T18:52:45+00:00\",\"mainEntityOfPage\":{\"@id\":\"https:\\\/\\\/qtmm.org\\\/qt\\\/milletlerara-dava-qozgagani-icun-mesulietke-cekilsin\\\/\"},\"wordCount\":464,\"commentCount\":0,\"publisher\":{\"@id\":\"https:\\\/\\\/qtmm.org\\\/qt\\\/#organization\"},\"image\":{\"@id\":\"https:\\\/\\\/qtmm.org\\\/qt\\\/milletlerara-dava-qozgagani-icun-mesulietke-cekilsin\\\/#primaryimage\"},\"thumbnailUrl\":\"https:\\\/\\\/qtmm.org\\\/wp-content\\\/uploads\\\/2022\\\/01\\\/img_0769_1.jpeg\",\"articleSection\":[\"Haberler\"],\"inLanguage\":\"qt\",\"potentialAction\":[{\"@type\":\"CommentAction\",\"name\":\"Comment\",\"target\":[\"https:\\\/\\\/qtmm.org\\\/qt\\\/milletlerara-dava-qozgagani-icun-mesulietke-cekilsin\\\/#respond\"]}]},{\"@type\":\"WebPage\",\"@id\":\"https:\\\/\\\/qtmm.org\\\/qt\\\/milletlerara-dava-qozgagani-icun-mesulietke-cekilsin\\\/\",\"url\":\"https:\\\/\\\/qtmm.org\\\/qt\\\/milletlerara-dava-qozgagani-icun-mesulietke-cekilsin\\\/\",\"name\":\"Milletlerara dava qoz\u011fa\u011fan\u0131 i\u00e7\u00fcn mes\u00fclietke \u00e7ekilsin! - \u041c\u0435\u0434\u0436\u043b\u0456\u0441\",\"isPartOf\":{\"@id\":\"https:\\\/\\\/qtmm.org\\\/qt\\\/#website\"},\"primaryImageOfPage\":{\"@id\":\"https:\\\/\\\/qtmm.org\\\/qt\\\/milletlerara-dava-qozgagani-icun-mesulietke-cekilsin\\\/#primaryimage\"},\"image\":{\"@id\":\"https:\\\/\\\/qtmm.org\\\/qt\\\/milletlerara-dava-qozgagani-icun-mesulietke-cekilsin\\\/#primaryimage\"},\"thumbnailUrl\":\"https:\\\/\\\/qtmm.org\\\/wp-content\\\/uploads\\\/2022\\\/01\\\/img_0769_1.jpeg\",\"datePublished\":\"2012-07-04T18:51:00+00:00\",\"dateModified\":\"2022-01-21T18:52:45+00:00\",\"breadcrumb\":{\"@id\":\"https:\\\/\\\/qtmm.org\\\/qt\\\/milletlerara-dava-qozgagani-icun-mesulietke-cekilsin\\\/#breadcrumb\"},\"inLanguage\":\"qt\",\"potentialAction\":[{\"@type\":\"ReadAction\",\"target\":[\"https:\\\/\\\/qtmm.org\\\/qt\\\/milletlerara-dava-qozgagani-icun-mesulietke-cekilsin\\\/\"]}]},{\"@type\":\"ImageObject\",\"inLanguage\":\"qt\",\"@id\":\"https:\\\/\\\/qtmm.org\\\/qt\\\/milletlerara-dava-qozgagani-icun-mesulietke-cekilsin\\\/#primaryimage\",\"url\":\"https:\\\/\\\/qtmm.org\\\/wp-content\\\/uploads\\\/2022\\\/01\\\/img_0769_1.jpeg\",\"contentUrl\":\"https:\\\/\\\/qtmm.org\\\/wp-content\\\/uploads\\\/2022\\\/01\\\/img_0769_1.jpeg\",\"width\":800,\"height\":600},{\"@type\":\"BreadcrumbList\",\"@id\":\"https:\\\/\\\/qtmm.org\\\/qt\\\/milletlerara-dava-qozgagani-icun-mesulietke-cekilsin\\\/#breadcrumb\",\"itemListElement\":[{\"@type\":\"ListItem\",\"position\":1,\"name\":\"\u0413\u043e\u043b\u043e\u0432\u043d\u0430\",\"item\":\"https:\\\/\\\/qtmm.org\\\/qt\\\/\"},{\"@type\":\"ListItem\",\"position\":2,\"name\":\"Milletlerara dava qoz\u011fa\u011fan\u0131 i\u00e7\u00fcn mes\u00fclietke \u00e7ekilsin!\"}]},{\"@type\":\"WebSite\",\"@id\":\"https:\\\/\\\/qtmm.org\\\/qt\\\/#website\",\"url\":\"https:\\\/\\\/qtmm.org\\\/qt\\\/\",\"name\":\"\u041c\u0435\u0434\u0436\u043b\u0456\u0441\",\"description\":\"\",\"publisher\":{\"@id\":\"https:\\\/\\\/qtmm.org\\\/qt\\\/#organization\"},\"potentialAction\":[{\"@type\":\"SearchAction\",\"target\":{\"@type\":\"EntryPoint\",\"urlTemplate\":\"https:\\\/\\\/qtmm.org\\\/qt\\\/?s={search_term_string}\"},\"query-input\":{\"@type\":\"PropertyValueSpecification\",\"valueRequired\":true,\"valueName\":\"search_term_string\"}}],\"inLanguage\":\"qt\"},{\"@type\":\"Organization\",\"@id\":\"https:\\\/\\\/qtmm.org\\\/qt\\\/#organization\",\"name\":\"\u041c\u0435\u0434\u0436\u043b\u0456\u0441\",\"url\":\"https:\\\/\\\/qtmm.org\\\/qt\\\/\",\"logo\":{\"@type\":\"ImageObject\",\"inLanguage\":\"qt\",\"@id\":\"https:\\\/\\\/qtmm.org\\\/qt\\\/#\\\/schema\\\/logo\\\/image\\\/\",\"url\":\"https:\\\/\\\/qtmm.org\\\/wp-content\\\/uploads\\\/2024\\\/12\\\/ua-mejlis-logo-rgb.svg\",\"contentUrl\":\"https:\\\/\\\/qtmm.org\\\/wp-content\\\/uploads\\\/2024\\\/12\\\/ua-mejlis-logo-rgb.svg\",\"caption\":\"\u041c\u0435\u0434\u0436\u043b\u0456\u0441\"},\"image\":{\"@id\":\"https:\\\/\\\/qtmm.org\\\/qt\\\/#\\\/schema\\\/logo\\\/image\\\/\"},\"sameAs\":[\"https:\\\/\\\/www.facebook.com\\\/qtmm.info\\\/\"]},{\"@type\":\"Person\",\"@id\":\"https:\\\/\\\/qtmm.org\\\/qt\\\/#\\\/schema\\\/person\\\/de562469f971dec226ac06e60bbf74a7\",\"name\":\"Developer\",\"image\":{\"@type\":\"ImageObject\",\"inLanguage\":\"qt\",\"@id\":\"https:\\\/\\\/secure.gravatar.com\\\/avatar\\\/392b4cc8fbfeb00b39dfeeab4ee6edded39ffd48e25858637e4765810300227e?s=96&d=mm&r=g\",\"url\":\"https:\\\/\\\/secure.gravatar.com\\\/avatar\\\/392b4cc8fbfeb00b39dfeeab4ee6edded39ffd48e25858637e4765810300227e?s=96&d=mm&r=g\",\"contentUrl\":\"https:\\\/\\\/secure.gravatar.com\\\/avatar\\\/392b4cc8fbfeb00b39dfeeab4ee6edded39ffd48e25858637e4765810300227e?s=96&d=mm&r=g\",\"caption\":\"Developer\"},\"url\":\"https:\\\/\\\/qtmm.org\\\/qt\\\/author\\\/Developer\\\/\"}]}<\/script>\n<!-- \/ Yoast SEO plugin. -->","yoast_head_json":{"title":"Milletlerara dava qoz\u011fa\u011fan\u0131 i\u00e7\u00fcn mes\u00fclietke \u00e7ekilsin! - \u041c\u0435\u0434\u0436\u043b\u0456\u0441","robots":{"index":"index","follow":"follow","max-snippet":"max-snippet:-1","max-image-preview":"max-image-preview:large","max-video-preview":"max-video-preview:-1"},"canonical":"https:\/\/qtmm.org\/qt\/milletlerara-dava-qozgagani-icun-mesulietke-cekilsin\/","og_locale":"en_US","og_type":"article","og_title":"Milletlerara dava qoz\u011fa\u011fan\u0131 i\u00e7\u00fcn mes\u00fclietke \u00e7ekilsin! - \u041c\u0435\u0434\u0436\u043b\u0456\u0441","og_description":"2012 senesi iy\u00fcl 4 k\u00fcn\u00fc Aqmescitte &#8220;Adliyeciler Aqyar ve Tavrida rus te\u015fkil\u00e2tlar\u0131 koordinatsion ke\u00f1e\u015fini\u00f1 yetek\u00e7isi V.L. T\u00fcninni Q\u0131r\u0131m telekanallar\u0131n\u0131\u00f1 birinde milletler aras\u0131nda dava qoz\u011fa\u011fan\u0131 i\u00e7\u00fcn cevapk\u00e2rl\u0131qqa \u00e7ekmekni talap eteler&#8221; mevzus\u0131nda matbuat konferentsiyas\u0131 ol\u0131p ke\u00e7ti. Matbuat konferentsiyas\u0131n\u0131 te\u015fkil etken adliyeciler Teyfuq \u011eafarov ve Rustem Osmanov jurnalistlerge ATR kanal\u0131nda 2012 senesi iy\u00fcn 29-da &#8220;Gravitatsiya&#8221; programmas\u0131nda ol\u011fan vaqian\u0131 [&hellip;]","og_url":"https:\/\/qtmm.org\/qt\/milletlerara-dava-qozgagani-icun-mesulietke-cekilsin\/","og_site_name":"\u041c\u0435\u0434\u0436\u043b\u0456\u0441","article_publisher":"https:\/\/www.facebook.com\/qtmm.info\/","article_published_time":"2012-07-04T18:51:00+00:00","article_modified_time":"2022-01-21T18:52:45+00:00","og_image":[{"width":800,"height":600,"url":"https:\/\/qtmm.org\/wp-content\/uploads\/2022\/01\/img_0769_1.jpeg","type":"image\/jpeg"}],"author":"Developer","twitter_card":"summary_large_image","twitter_misc":{"Written by":"Developer","Est. reading time":"2 minutes"},"schema":{"@context":"https:\/\/schema.org","@graph":[{"@type":"Article","@id":"https:\/\/qtmm.org\/qt\/milletlerara-dava-qozgagani-icun-mesulietke-cekilsin\/#article","isPartOf":{"@id":"https:\/\/qtmm.org\/qt\/milletlerara-dava-qozgagani-icun-mesulietke-cekilsin\/"},"author":{"name":"Developer","@id":"https:\/\/qtmm.org\/qt\/#\/schema\/person\/de562469f971dec226ac06e60bbf74a7"},"headline":"Milletlerara dava qoz\u011fa\u011fan\u0131 i\u00e7\u00fcn mes\u00fclietke \u00e7ekilsin!","datePublished":"2012-07-04T18:51:00+00:00","dateModified":"2022-01-21T18:52:45+00:00","mainEntityOfPage":{"@id":"https:\/\/qtmm.org\/qt\/milletlerara-dava-qozgagani-icun-mesulietke-cekilsin\/"},"wordCount":464,"commentCount":0,"publisher":{"@id":"https:\/\/qtmm.org\/qt\/#organization"},"image":{"@id":"https:\/\/qtmm.org\/qt\/milletlerara-dava-qozgagani-icun-mesulietke-cekilsin\/#primaryimage"},"thumbnailUrl":"https:\/\/qtmm.org\/wp-content\/uploads\/2022\/01\/img_0769_1.jpeg","articleSection":["Haberler"],"inLanguage":"qt","potentialAction":[{"@type":"CommentAction","name":"Comment","target":["https:\/\/qtmm.org\/qt\/milletlerara-dava-qozgagani-icun-mesulietke-cekilsin\/#respond"]}]},{"@type":"WebPage","@id":"https:\/\/qtmm.org\/qt\/milletlerara-dava-qozgagani-icun-mesulietke-cekilsin\/","url":"https:\/\/qtmm.org\/qt\/milletlerara-dava-qozgagani-icun-mesulietke-cekilsin\/","name":"Milletlerara dava qoz\u011fa\u011fan\u0131 i\u00e7\u00fcn mes\u00fclietke \u00e7ekilsin! - \u041c\u0435\u0434\u0436\u043b\u0456\u0441","isPartOf":{"@id":"https:\/\/qtmm.org\/qt\/#website"},"primaryImageOfPage":{"@id":"https:\/\/qtmm.org\/qt\/milletlerara-dava-qozgagani-icun-mesulietke-cekilsin\/#primaryimage"},"image":{"@id":"https:\/\/qtmm.org\/qt\/milletlerara-dava-qozgagani-icun-mesulietke-cekilsin\/#primaryimage"},"thumbnailUrl":"https:\/\/qtmm.org\/wp-content\/uploads\/2022\/01\/img_0769_1.jpeg","datePublished":"2012-07-04T18:51:00+00:00","dateModified":"2022-01-21T18:52:45+00:00","breadcrumb":{"@id":"https:\/\/qtmm.org\/qt\/milletlerara-dava-qozgagani-icun-mesulietke-cekilsin\/#breadcrumb"},"inLanguage":"qt","potentialAction":[{"@type":"ReadAction","target":["https:\/\/qtmm.org\/qt\/milletlerara-dava-qozgagani-icun-mesulietke-cekilsin\/"]}]},{"@type":"ImageObject","inLanguage":"qt","@id":"https:\/\/qtmm.org\/qt\/milletlerara-dava-qozgagani-icun-mesulietke-cekilsin\/#primaryimage","url":"https:\/\/qtmm.org\/wp-content\/uploads\/2022\/01\/img_0769_1.jpeg","contentUrl":"https:\/\/qtmm.org\/wp-content\/uploads\/2022\/01\/img_0769_1.jpeg","width":800,"height":600},{"@type":"BreadcrumbList","@id":"https:\/\/qtmm.org\/qt\/milletlerara-dava-qozgagani-icun-mesulietke-cekilsin\/#breadcrumb","itemListElement":[{"@type":"ListItem","position":1,"name":"\u0413\u043e\u043b\u043e\u0432\u043d\u0430","item":"https:\/\/qtmm.org\/qt\/"},{"@type":"ListItem","position":2,"name":"Milletlerara dava qoz\u011fa\u011fan\u0131 i\u00e7\u00fcn mes\u00fclietke \u00e7ekilsin!"}]},{"@type":"WebSite","@id":"https:\/\/qtmm.org\/qt\/#website","url":"https:\/\/qtmm.org\/qt\/","name":"\u041c\u0435\u0434\u0436\u043b\u0456\u0441","description":"","publisher":{"@id":"https:\/\/qtmm.org\/qt\/#organization"},"potentialAction":[{"@type":"SearchAction","target":{"@type":"EntryPoint","urlTemplate":"https:\/\/qtmm.org\/qt\/?s={search_term_string}"},"query-input":{"@type":"PropertyValueSpecification","valueRequired":true,"valueName":"search_term_string"}}],"inLanguage":"qt"},{"@type":"Organization","@id":"https:\/\/qtmm.org\/qt\/#organization","name":"\u041c\u0435\u0434\u0436\u043b\u0456\u0441","url":"https:\/\/qtmm.org\/qt\/","logo":{"@type":"ImageObject","inLanguage":"qt","@id":"https:\/\/qtmm.org\/qt\/#\/schema\/logo\/image\/","url":"https:\/\/qtmm.org\/wp-content\/uploads\/2024\/12\/ua-mejlis-logo-rgb.svg","contentUrl":"https:\/\/qtmm.org\/wp-content\/uploads\/2024\/12\/ua-mejlis-logo-rgb.svg","caption":"\u041c\u0435\u0434\u0436\u043b\u0456\u0441"},"image":{"@id":"https:\/\/qtmm.org\/qt\/#\/schema\/logo\/image\/"},"sameAs":["https:\/\/www.facebook.com\/qtmm.info\/"]},{"@type":"Person","@id":"https:\/\/qtmm.org\/qt\/#\/schema\/person\/de562469f971dec226ac06e60bbf74a7","name":"Developer","image":{"@type":"ImageObject","inLanguage":"qt","@id":"https:\/\/secure.gravatar.com\/avatar\/392b4cc8fbfeb00b39dfeeab4ee6edded39ffd48e25858637e4765810300227e?s=96&d=mm&r=g","url":"https:\/\/secure.gravatar.com\/avatar\/392b4cc8fbfeb00b39dfeeab4ee6edded39ffd48e25858637e4765810300227e?s=96&d=mm&r=g","contentUrl":"https:\/\/secure.gravatar.com\/avatar\/392b4cc8fbfeb00b39dfeeab4ee6edded39ffd48e25858637e4765810300227e?s=96&d=mm&r=g","caption":"Developer"},"url":"https:\/\/qtmm.org\/qt\/author\/Developer\/"}]}},"_links":{"self":[{"href":"https:\/\/qtmm.org\/qt\/wp-json\/wp\/v2\/posts\/32309","targetHints":{"allow":["GET"]}}],"collection":[{"href":"https:\/\/qtmm.org\/qt\/wp-json\/wp\/v2\/posts"}],"about":[{"href":"https:\/\/qtmm.org\/qt\/wp-json\/wp\/v2\/types\/post"}],"author":[{"embeddable":true,"href":"https:\/\/qtmm.org\/qt\/wp-json\/wp\/v2\/users\/1"}],"replies":[{"embeddable":true,"href":"https:\/\/qtmm.org\/qt\/wp-json\/wp\/v2\/comments?post=32309"}],"version-history":[{"count":2,"href":"https:\/\/qtmm.org\/qt\/wp-json\/wp\/v2\/posts\/32309\/revisions"}],"predecessor-version":[{"id":32322,"href":"https:\/\/qtmm.org\/qt\/wp-json\/wp\/v2\/posts\/32309\/revisions\/32322"}],"wp:featuredmedia":[{"embeddable":true,"href":"https:\/\/qtmm.org\/qt\/wp-json\/wp\/v2\/media\/32314"}],"wp:attachment":[{"href":"https:\/\/qtmm.org\/qt\/wp-json\/wp\/v2\/media?parent=32309"}],"wp:term":[{"taxonomy":"category","embeddable":true,"href":"https:\/\/qtmm.org\/qt\/wp-json\/wp\/v2\/categories?post=32309"},{"taxonomy":"post_tag","embeddable":true,"href":"https:\/\/qtmm.org\/qt\/wp-json\/wp\/v2\/tags?post=32309"}],"curies":[{"name":"wp","href":"https:\/\/api.w.org\/{rel}","templated":true}]}}