




{"id":32289,"date":"2012-07-04T21:49:00","date_gmt":"2012-07-04T18:49:00","guid":{"rendered":"http:\/\/qtmm.org\/?p=32289"},"modified":"2022-01-21T21:50:49","modified_gmt":"2022-01-21T18:50:49","slug":"meclis-reisi-mustafa-cemilev-ukraina-prezidenti-yaninda-ictimaiy-sotsial-kenes-toplasuvinda-istirak-etti","status":"publish","type":"post","link":"https:\/\/qtmm.org\/qt\/meclis-reisi-mustafa-cemilev-ukraina-prezidenti-yaninda-ictimaiy-sotsial-kenes-toplasuvinda-istirak-etti\/","title":{"rendered":"Meclis reisi Mustafa Cemilev Ukraina Prezidenti yan\u0131nda \u0130\u00e7timaiy sotsial ke\u00f1e\u015f topla\u015fuv\u0131nda i\u015ftirak etti"},"content":{"rendered":"\n<p>2012 senesi iy\u00fcl 3 \u2013te Ukraina Prezidenti yan\u0131nda \u0130\u00e7timaiy sotsial ke\u00f1e\u015fni\u00f1 topla\u015fuv\u0131 Ukraina Prezidenti Viktor Yanukovi\u00e7ni\u00f1 reisliginde ke\u00e7irildi.<\/p>\n\n\n\n<p>Ke\u00f1e\u015fni\u00f1 i\u015finde i\u015ftirak etken Q\u0131r\u0131mtatar halq\u0131 Meclisini\u00f1 reisi, Ukraina halq deputat\u0131 Mustafa Cemilev \u00f6z \u00e7\u0131q\u0131\u015f\u0131nda milletlerara munasebetlerni uy\u011funla\u015ft\u0131rmaq yolunda ukrain devleti Devlet etnik milliy siyaset k\u00f6ntseptsiyas\u0131n\u0131 qabul et\u00fcv yolunen birinci ad\u0131mlarn\u0131 att\u0131, dep qayd etti. Meclis yolba\u015f\u00e7\u0131s\u0131 \u0130\u00e7timaiy sotsial ke\u00f1e\u015fke ve devlet yolba\u015f\u00e7\u0131s\u0131na mezk\u00fcr vesiqan\u0131\u00f1 qabul etilmesini tezle\u015ftirmek maqsad\u0131nen K\u00f6ntseptsiyan\u0131\u00f1 eki leyhas\u0131n\u0131 bir kereden qabul etmek teklifinde bulund\u0131.<br><br>Belli ki, K\u00f6ntseptsiya leyhalar\u0131 birisini\u00f1 m\u00fcellifi M. Cemilevdir, ekinci leyha ise Ukraina \u00fck\u00fcmeti taraf\u0131ndan berildi. &#8220;Eger \u00fck\u00fcmet leyhas\u0131na menim leyhamdan bir qa\u00e7 nizam kirsetilse, men m\u00fcelliflikten vazge\u00e7mege az\u0131r\u0131m. Bun\u0131\u00f1 i\u00e7\u00fcn ait avale berilip, eki aftal\u0131q tatil vaqt\u0131nda parlament-\u00fck\u00fcmet i\u015f\u00e7i gruppas\u0131n\u0131 meydan\u011fa ketirmek l\u00e2zim&#8221;, dep qayd etti M. Cemilev.<\/p>\n\n\n\n<p>Bundan da \u011fayr\u0131 M. Cemilev Ukraina Prezidentine ve topla\u015fuv i\u015ftirak\u00e7ilerine Ukrainada milletlerara m\u00fcitni stabille\u015ftir\u00fcvde m\u00fcim vesiqalardan biri olaraq &#8220;Ukraina devlet etnik milliy siyaseti: muvafaqiyetler ve istiqballer&#8221; mevzus\u0131nda parlament di\u00f1levler tevsiyeleri boyunca qararn\u0131 belgilenmek teklifinen \u00e7\u0131q\u0131\u015fta bulund\u0131. Mezk\u00fcr mesele boyunca iy\u00fcl 5 k\u00fcn\u00fc rey berilecek. M. Cemilevni\u00f1 s\u00f6ylegenine k\u00f6re Tevsiyelerde milliy siyaseti meseleleri boyunca mahsus vek\u00e2letli \u00fck\u00fcmet organ\u0131n\u0131 \u011fayr\u0131dan tiklemek teklifi ayr\u0131ca qayd etilmek kerek.<\/p>\n\n\n\n<p>\u00d6z \u00e7\u0131q\u0131\u015f\u0131nda Meclis reisi M.Cemilev \u015fun\u0131 da hat\u0131rlatt\u0131 ki, 2012 senesi iy\u00fcn 20-de Yuqar\u0131 \u015eura &#8220;Milliy mens\u00fcpligine k\u00f6re s\u00fcrg\u00fcn etilgen \u015fah\u0131slarn\u0131\u00f1 aqlar\u0131n\u0131 \u011fayr\u0131dan tiklev aqq\u0131nda&#8221; Qanun leyhas\u0131n\u0131 birinci oquvda qabul etti. &#8220;\u015eimdi o\u00f1a deputatlar t\u00fczet\u00fcv ve qo\u015fumcalar kirseteler. Qanun pek zarur, M\u00fcim ve adaletlidir. O m\u0131tlaqa qabul etilmesi kerek&#8221;, &#8211; dedi Cemilev. On\u0131\u00f1 aytqan\u0131na k\u00f6re, Devlet hadimlerinen k\u00f6r\u00fc\u015fip, qanunn\u0131 amelge ke\u00e7irmekni\u00f1 maliyeviy q\u0131sm\u0131 boyunca keli\u015fmege az\u0131r ol\u011fan\u0131n\u0131 bildirgen. Amma qanunn\u0131\u00f1 qabul etilmesi so\u00f1ki eki y\u0131lda ol\u011fan\u0131 kibi kimni\u00f1dir siyasiy iradesine ba\u011fl\u0131 olacaq olsa, er angi beraberlikteki i\u015f bo\u015funa \u00e7\u0131qar.<br><br>Ukraina Prezidentine h\u0131tap eterek, M.Cemilev Viktor Yanukovi\u00e7ke 2010 senesi imzalad\u0131\u011f\u0131 Fermann\u0131 hat\u0131rlatt\u0131. Onda 5515 raqaml\u0131 leyhan\u0131\u00f1 qabul etilmesi boyunca devlet yolba\u015f\u00e7\u0131s\u0131n\u0131\u00f1 fikiri a\u00e7\u0131q ifade etilgen.<\/p>\n\n\n\n<p>Meclis reisi Ukraina Prezidentini\u00f1 fikri de\u00f1i\u015fmeyip, akt qabul etilecegine ven imzalanaca\u011f\u0131na \u00fcm\u00fct bildirdi. \u00c7\u0131q\u0131\u015f\u0131n\u0131\u00f1 so\u00f1unda M. Cemilev devlet yolba\u015f\u00e7\u0131s\u0131n\u0131\u00f1 diqqat\u0131n\u0131 Ukrainada S\u00fcrg\u00fcn etilgenlerni\u00f1 aqlar\u0131n\u0131 teminlev boyunca halqara forum ke\u00e7ir\u00fcv meselesine celp etti. &#8220;Forum\u011fa az\u0131rl\u0131q ve muzakere ceryan\u0131 \u015fimdilik toqtat\u0131ld\u0131. Men bu meseleni \u015fahsen nezaret etme\u00f1izni ve \u0130\u00e7timaiy sotsial ke\u00f1e\u015fke Ukraina Prezidentini\u00f1 ait qarar\u0131 leyhas\u0131n\u0131 az\u0131rlamaqn\u0131 avale etme\u00f1izni rica etem&#8221;, dedi Cemilev.<\/p>\n\n\n\n<p>Resimler&nbsp;<a href=\"http:\/\/www.president.gov.ua\/\" target=\"_blank\" rel=\"noreferrer noopener\">www.president.gov.ua<\/a>&nbsp;saifesinden al\u0131nd\u0131<\/p>\n","protected":false},"excerpt":{"rendered":"<p>2012 senesi iy\u00fcl 3 \u2013te Ukraina Prezidenti yan\u0131nda \u0130\u00e7timaiy sotsial ke\u00f1e\u015fni\u00f1 topla\u015fuv\u0131 Ukraina Prezidenti Viktor Yanukovi\u00e7ni\u00f1 reisliginde ke\u00e7irildi. Ke\u00f1e\u015fni\u00f1 i\u015finde i\u015ftirak etken Q\u0131r\u0131mtatar halq\u0131 Meclisini\u00f1 reisi, Ukraina halq deputat\u0131 Mustafa Cemilev \u00f6z \u00e7\u0131q\u0131\u015f\u0131nda milletlerara munasebetlerni uy\u011funla\u015ft\u0131rmaq yolunda ukrain devleti Devlet etnik milliy siyaset k\u00f6ntseptsiyas\u0131n\u0131 qabul et\u00fcv yolunen birinci ad\u0131mlarn\u0131 att\u0131, dep qayd etti. Meclis yolba\u015f\u00e7\u0131s\u0131 [&hellip;]<\/p>\n","protected":false},"author":1,"featured_media":32290,"comment_status":"open","ping_status":"open","sticky":false,"template":"","format":"standard","meta":{"inline_featured_image":false,"footnotes":""},"categories":[265],"tags":[],"class_list":["post-32289","post","type-post","status-publish","format-standard","has-post-thumbnail","hentry","category-haberler"],"acf":[],"yoast_head":"<!-- This site is optimized with the Yoast SEO plugin v27.4 - https:\/\/yoast.com\/product\/yoast-seo-wordpress\/ -->\n<title>Meclis reisi Mustafa Cemilev Ukraina Prezidenti yan\u0131nda \u0130\u00e7timaiy sotsial ke\u00f1e\u015f topla\u015fuv\u0131nda i\u015ftirak etti - \u041c\u0435\u0434\u0436\u043b\u0456\u0441<\/title>\n<meta name=\"robots\" content=\"index, follow, max-snippet:-1, max-image-preview:large, max-video-preview:-1\" \/>\n<link rel=\"canonical\" href=\"https:\/\/qtmm.org\/qt\/meclis-reisi-mustafa-cemilev-ukraina-prezidenti-yaninda-ictimaiy-sotsial-kenes-toplasuvinda-istirak-etti\/\" \/>\n<meta property=\"og:locale\" content=\"en_US\" \/>\n<meta property=\"og:type\" content=\"article\" \/>\n<meta property=\"og:title\" content=\"Meclis reisi Mustafa Cemilev Ukraina Prezidenti yan\u0131nda \u0130\u00e7timaiy sotsial ke\u00f1e\u015f topla\u015fuv\u0131nda i\u015ftirak etti - \u041c\u0435\u0434\u0436\u043b\u0456\u0441\" \/>\n<meta property=\"og:description\" content=\"2012 senesi iy\u00fcl 3 \u2013te Ukraina Prezidenti yan\u0131nda \u0130\u00e7timaiy sotsial ke\u00f1e\u015fni\u00f1 topla\u015fuv\u0131 Ukraina Prezidenti Viktor Yanukovi\u00e7ni\u00f1 reisliginde ke\u00e7irildi. Ke\u00f1e\u015fni\u00f1 i\u015finde i\u015ftirak etken Q\u0131r\u0131mtatar halq\u0131 Meclisini\u00f1 reisi, Ukraina halq deputat\u0131 Mustafa Cemilev \u00f6z \u00e7\u0131q\u0131\u015f\u0131nda milletlerara munasebetlerni uy\u011funla\u015ft\u0131rmaq yolunda ukrain devleti Devlet etnik milliy siyaset k\u00f6ntseptsiyas\u0131n\u0131 qabul et\u00fcv yolunen birinci ad\u0131mlarn\u0131 att\u0131, dep qayd etti. Meclis yolba\u015f\u00e7\u0131s\u0131 [&hellip;]\" \/>\n<meta property=\"og:url\" content=\"https:\/\/qtmm.org\/qt\/meclis-reisi-mustafa-cemilev-ukraina-prezidenti-yaninda-ictimaiy-sotsial-kenes-toplasuvinda-istirak-etti\/\" \/>\n<meta property=\"og:site_name\" content=\"\u041c\u0435\u0434\u0436\u043b\u0456\u0441\" \/>\n<meta property=\"article:publisher\" content=\"https:\/\/www.facebook.com\/qtmm.info\/\" \/>\n<meta property=\"article:published_time\" content=\"2012-07-04T18:49:00+00:00\" \/>\n<meta property=\"article:modified_time\" content=\"2022-01-21T18:50:49+00:00\" \/>\n<meta property=\"og:image\" content=\"https:\/\/qtmm.org\/wp-content\/uploads\/2022\/01\/33945.jpeg\" \/>\n\t<meta property=\"og:image:width\" content=\"650\" \/>\n\t<meta property=\"og:image:height\" content=\"381\" \/>\n\t<meta property=\"og:image:type\" content=\"image\/jpeg\" \/>\n<meta name=\"author\" content=\"Developer\" \/>\n<meta name=\"twitter:card\" content=\"summary_large_image\" \/>\n<meta name=\"twitter:label1\" content=\"Written by\" \/>\n\t<meta name=\"twitter:data1\" content=\"Developer\" \/>\n\t<meta name=\"twitter:label2\" content=\"Est. reading time\" \/>\n\t<meta name=\"twitter:data2\" content=\"3 minutes\" \/>\n<script type=\"application\/ld+json\" class=\"yoast-schema-graph\">{\"@context\":\"https:\\\/\\\/schema.org\",\"@graph\":[{\"@type\":\"Article\",\"@id\":\"https:\\\/\\\/qtmm.org\\\/qt\\\/meclis-reisi-mustafa-cemilev-ukraina-prezidenti-yaninda-ictimaiy-sotsial-kenes-toplasuvinda-istirak-etti\\\/#article\",\"isPartOf\":{\"@id\":\"https:\\\/\\\/qtmm.org\\\/qt\\\/meclis-reisi-mustafa-cemilev-ukraina-prezidenti-yaninda-ictimaiy-sotsial-kenes-toplasuvinda-istirak-etti\\\/\"},\"author\":{\"name\":\"Developer\",\"@id\":\"https:\\\/\\\/qtmm.org\\\/qt\\\/#\\\/schema\\\/person\\\/de562469f971dec226ac06e60bbf74a7\"},\"headline\":\"Meclis reisi Mustafa Cemilev Ukraina Prezidenti yan\u0131nda \u0130\u00e7timaiy sotsial ke\u00f1e\u015f topla\u015fuv\u0131nda i\u015ftirak etti\",\"datePublished\":\"2012-07-04T18:49:00+00:00\",\"dateModified\":\"2022-01-21T18:50:49+00:00\",\"mainEntityOfPage\":{\"@id\":\"https:\\\/\\\/qtmm.org\\\/qt\\\/meclis-reisi-mustafa-cemilev-ukraina-prezidenti-yaninda-ictimaiy-sotsial-kenes-toplasuvinda-istirak-etti\\\/\"},\"wordCount\":521,\"commentCount\":0,\"publisher\":{\"@id\":\"https:\\\/\\\/qtmm.org\\\/qt\\\/#organization\"},\"image\":{\"@id\":\"https:\\\/\\\/qtmm.org\\\/qt\\\/meclis-reisi-mustafa-cemilev-ukraina-prezidenti-yaninda-ictimaiy-sotsial-kenes-toplasuvinda-istirak-etti\\\/#primaryimage\"},\"thumbnailUrl\":\"https:\\\/\\\/qtmm.org\\\/wp-content\\\/uploads\\\/2022\\\/01\\\/33945.jpeg\",\"articleSection\":[\"Haberler\"],\"inLanguage\":\"qt\",\"potentialAction\":[{\"@type\":\"CommentAction\",\"name\":\"Comment\",\"target\":[\"https:\\\/\\\/qtmm.org\\\/qt\\\/meclis-reisi-mustafa-cemilev-ukraina-prezidenti-yaninda-ictimaiy-sotsial-kenes-toplasuvinda-istirak-etti\\\/#respond\"]}]},{\"@type\":\"WebPage\",\"@id\":\"https:\\\/\\\/qtmm.org\\\/qt\\\/meclis-reisi-mustafa-cemilev-ukraina-prezidenti-yaninda-ictimaiy-sotsial-kenes-toplasuvinda-istirak-etti\\\/\",\"url\":\"https:\\\/\\\/qtmm.org\\\/qt\\\/meclis-reisi-mustafa-cemilev-ukraina-prezidenti-yaninda-ictimaiy-sotsial-kenes-toplasuvinda-istirak-etti\\\/\",\"name\":\"Meclis reisi Mustafa Cemilev Ukraina Prezidenti yan\u0131nda \u0130\u00e7timaiy sotsial ke\u00f1e\u015f topla\u015fuv\u0131nda i\u015ftirak etti - \u041c\u0435\u0434\u0436\u043b\u0456\u0441\",\"isPartOf\":{\"@id\":\"https:\\\/\\\/qtmm.org\\\/qt\\\/#website\"},\"primaryImageOfPage\":{\"@id\":\"https:\\\/\\\/qtmm.org\\\/qt\\\/meclis-reisi-mustafa-cemilev-ukraina-prezidenti-yaninda-ictimaiy-sotsial-kenes-toplasuvinda-istirak-etti\\\/#primaryimage\"},\"image\":{\"@id\":\"https:\\\/\\\/qtmm.org\\\/qt\\\/meclis-reisi-mustafa-cemilev-ukraina-prezidenti-yaninda-ictimaiy-sotsial-kenes-toplasuvinda-istirak-etti\\\/#primaryimage\"},\"thumbnailUrl\":\"https:\\\/\\\/qtmm.org\\\/wp-content\\\/uploads\\\/2022\\\/01\\\/33945.jpeg\",\"datePublished\":\"2012-07-04T18:49:00+00:00\",\"dateModified\":\"2022-01-21T18:50:49+00:00\",\"breadcrumb\":{\"@id\":\"https:\\\/\\\/qtmm.org\\\/qt\\\/meclis-reisi-mustafa-cemilev-ukraina-prezidenti-yaninda-ictimaiy-sotsial-kenes-toplasuvinda-istirak-etti\\\/#breadcrumb\"},\"inLanguage\":\"qt\",\"potentialAction\":[{\"@type\":\"ReadAction\",\"target\":[\"https:\\\/\\\/qtmm.org\\\/qt\\\/meclis-reisi-mustafa-cemilev-ukraina-prezidenti-yaninda-ictimaiy-sotsial-kenes-toplasuvinda-istirak-etti\\\/\"]}]},{\"@type\":\"ImageObject\",\"inLanguage\":\"qt\",\"@id\":\"https:\\\/\\\/qtmm.org\\\/qt\\\/meclis-reisi-mustafa-cemilev-ukraina-prezidenti-yaninda-ictimaiy-sotsial-kenes-toplasuvinda-istirak-etti\\\/#primaryimage\",\"url\":\"https:\\\/\\\/qtmm.org\\\/wp-content\\\/uploads\\\/2022\\\/01\\\/33945.jpeg\",\"contentUrl\":\"https:\\\/\\\/qtmm.org\\\/wp-content\\\/uploads\\\/2022\\\/01\\\/33945.jpeg\",\"width\":650,\"height\":381},{\"@type\":\"BreadcrumbList\",\"@id\":\"https:\\\/\\\/qtmm.org\\\/qt\\\/meclis-reisi-mustafa-cemilev-ukraina-prezidenti-yaninda-ictimaiy-sotsial-kenes-toplasuvinda-istirak-etti\\\/#breadcrumb\",\"itemListElement\":[{\"@type\":\"ListItem\",\"position\":1,\"name\":\"\u0413\u043e\u043b\u043e\u0432\u043d\u0430\",\"item\":\"https:\\\/\\\/qtmm.org\\\/qt\\\/\"},{\"@type\":\"ListItem\",\"position\":2,\"name\":\"Meclis reisi Mustafa Cemilev Ukraina Prezidenti yan\u0131nda \u0130\u00e7timaiy sotsial ke\u00f1e\u015f topla\u015fuv\u0131nda i\u015ftirak etti\"}]},{\"@type\":\"WebSite\",\"@id\":\"https:\\\/\\\/qtmm.org\\\/qt\\\/#website\",\"url\":\"https:\\\/\\\/qtmm.org\\\/qt\\\/\",\"name\":\"\u041c\u0435\u0434\u0436\u043b\u0456\u0441\",\"description\":\"\",\"publisher\":{\"@id\":\"https:\\\/\\\/qtmm.org\\\/qt\\\/#organization\"},\"potentialAction\":[{\"@type\":\"SearchAction\",\"target\":{\"@type\":\"EntryPoint\",\"urlTemplate\":\"https:\\\/\\\/qtmm.org\\\/qt\\\/?s={search_term_string}\"},\"query-input\":{\"@type\":\"PropertyValueSpecification\",\"valueRequired\":true,\"valueName\":\"search_term_string\"}}],\"inLanguage\":\"qt\"},{\"@type\":\"Organization\",\"@id\":\"https:\\\/\\\/qtmm.org\\\/qt\\\/#organization\",\"name\":\"\u041c\u0435\u0434\u0436\u043b\u0456\u0441\",\"url\":\"https:\\\/\\\/qtmm.org\\\/qt\\\/\",\"logo\":{\"@type\":\"ImageObject\",\"inLanguage\":\"qt\",\"@id\":\"https:\\\/\\\/qtmm.org\\\/qt\\\/#\\\/schema\\\/logo\\\/image\\\/\",\"url\":\"https:\\\/\\\/qtmm.org\\\/wp-content\\\/uploads\\\/2024\\\/12\\\/ua-mejlis-logo-rgb.svg\",\"contentUrl\":\"https:\\\/\\\/qtmm.org\\\/wp-content\\\/uploads\\\/2024\\\/12\\\/ua-mejlis-logo-rgb.svg\",\"caption\":\"\u041c\u0435\u0434\u0436\u043b\u0456\u0441\"},\"image\":{\"@id\":\"https:\\\/\\\/qtmm.org\\\/qt\\\/#\\\/schema\\\/logo\\\/image\\\/\"},\"sameAs\":[\"https:\\\/\\\/www.facebook.com\\\/qtmm.info\\\/\"]},{\"@type\":\"Person\",\"@id\":\"https:\\\/\\\/qtmm.org\\\/qt\\\/#\\\/schema\\\/person\\\/de562469f971dec226ac06e60bbf74a7\",\"name\":\"Developer\",\"image\":{\"@type\":\"ImageObject\",\"inLanguage\":\"qt\",\"@id\":\"https:\\\/\\\/secure.gravatar.com\\\/avatar\\\/392b4cc8fbfeb00b39dfeeab4ee6edded39ffd48e25858637e4765810300227e?s=96&d=mm&r=g\",\"url\":\"https:\\\/\\\/secure.gravatar.com\\\/avatar\\\/392b4cc8fbfeb00b39dfeeab4ee6edded39ffd48e25858637e4765810300227e?s=96&d=mm&r=g\",\"contentUrl\":\"https:\\\/\\\/secure.gravatar.com\\\/avatar\\\/392b4cc8fbfeb00b39dfeeab4ee6edded39ffd48e25858637e4765810300227e?s=96&d=mm&r=g\",\"caption\":\"Developer\"},\"url\":\"https:\\\/\\\/qtmm.org\\\/qt\\\/author\\\/Developer\\\/\"}]}<\/script>\n<!-- \/ Yoast SEO plugin. -->","yoast_head_json":{"title":"Meclis reisi Mustafa Cemilev Ukraina Prezidenti yan\u0131nda \u0130\u00e7timaiy sotsial ke\u00f1e\u015f topla\u015fuv\u0131nda i\u015ftirak etti - \u041c\u0435\u0434\u0436\u043b\u0456\u0441","robots":{"index":"index","follow":"follow","max-snippet":"max-snippet:-1","max-image-preview":"max-image-preview:large","max-video-preview":"max-video-preview:-1"},"canonical":"https:\/\/qtmm.org\/qt\/meclis-reisi-mustafa-cemilev-ukraina-prezidenti-yaninda-ictimaiy-sotsial-kenes-toplasuvinda-istirak-etti\/","og_locale":"en_US","og_type":"article","og_title":"Meclis reisi Mustafa Cemilev Ukraina Prezidenti yan\u0131nda \u0130\u00e7timaiy sotsial ke\u00f1e\u015f topla\u015fuv\u0131nda i\u015ftirak etti - \u041c\u0435\u0434\u0436\u043b\u0456\u0441","og_description":"2012 senesi iy\u00fcl 3 \u2013te Ukraina Prezidenti yan\u0131nda \u0130\u00e7timaiy sotsial ke\u00f1e\u015fni\u00f1 topla\u015fuv\u0131 Ukraina Prezidenti Viktor Yanukovi\u00e7ni\u00f1 reisliginde ke\u00e7irildi. Ke\u00f1e\u015fni\u00f1 i\u015finde i\u015ftirak etken Q\u0131r\u0131mtatar halq\u0131 Meclisini\u00f1 reisi, Ukraina halq deputat\u0131 Mustafa Cemilev \u00f6z \u00e7\u0131q\u0131\u015f\u0131nda milletlerara munasebetlerni uy\u011funla\u015ft\u0131rmaq yolunda ukrain devleti Devlet etnik milliy siyaset k\u00f6ntseptsiyas\u0131n\u0131 qabul et\u00fcv yolunen birinci ad\u0131mlarn\u0131 att\u0131, dep qayd etti. Meclis yolba\u015f\u00e7\u0131s\u0131 [&hellip;]","og_url":"https:\/\/qtmm.org\/qt\/meclis-reisi-mustafa-cemilev-ukraina-prezidenti-yaninda-ictimaiy-sotsial-kenes-toplasuvinda-istirak-etti\/","og_site_name":"\u041c\u0435\u0434\u0436\u043b\u0456\u0441","article_publisher":"https:\/\/www.facebook.com\/qtmm.info\/","article_published_time":"2012-07-04T18:49:00+00:00","article_modified_time":"2022-01-21T18:50:49+00:00","og_image":[{"width":650,"height":381,"url":"https:\/\/qtmm.org\/wp-content\/uploads\/2022\/01\/33945.jpeg","type":"image\/jpeg"}],"author":"Developer","twitter_card":"summary_large_image","twitter_misc":{"Written by":"Developer","Est. reading time":"3 minutes"},"schema":{"@context":"https:\/\/schema.org","@graph":[{"@type":"Article","@id":"https:\/\/qtmm.org\/qt\/meclis-reisi-mustafa-cemilev-ukraina-prezidenti-yaninda-ictimaiy-sotsial-kenes-toplasuvinda-istirak-etti\/#article","isPartOf":{"@id":"https:\/\/qtmm.org\/qt\/meclis-reisi-mustafa-cemilev-ukraina-prezidenti-yaninda-ictimaiy-sotsial-kenes-toplasuvinda-istirak-etti\/"},"author":{"name":"Developer","@id":"https:\/\/qtmm.org\/qt\/#\/schema\/person\/de562469f971dec226ac06e60bbf74a7"},"headline":"Meclis reisi Mustafa Cemilev Ukraina Prezidenti yan\u0131nda \u0130\u00e7timaiy sotsial ke\u00f1e\u015f topla\u015fuv\u0131nda i\u015ftirak etti","datePublished":"2012-07-04T18:49:00+00:00","dateModified":"2022-01-21T18:50:49+00:00","mainEntityOfPage":{"@id":"https:\/\/qtmm.org\/qt\/meclis-reisi-mustafa-cemilev-ukraina-prezidenti-yaninda-ictimaiy-sotsial-kenes-toplasuvinda-istirak-etti\/"},"wordCount":521,"commentCount":0,"publisher":{"@id":"https:\/\/qtmm.org\/qt\/#organization"},"image":{"@id":"https:\/\/qtmm.org\/qt\/meclis-reisi-mustafa-cemilev-ukraina-prezidenti-yaninda-ictimaiy-sotsial-kenes-toplasuvinda-istirak-etti\/#primaryimage"},"thumbnailUrl":"https:\/\/qtmm.org\/wp-content\/uploads\/2022\/01\/33945.jpeg","articleSection":["Haberler"],"inLanguage":"qt","potentialAction":[{"@type":"CommentAction","name":"Comment","target":["https:\/\/qtmm.org\/qt\/meclis-reisi-mustafa-cemilev-ukraina-prezidenti-yaninda-ictimaiy-sotsial-kenes-toplasuvinda-istirak-etti\/#respond"]}]},{"@type":"WebPage","@id":"https:\/\/qtmm.org\/qt\/meclis-reisi-mustafa-cemilev-ukraina-prezidenti-yaninda-ictimaiy-sotsial-kenes-toplasuvinda-istirak-etti\/","url":"https:\/\/qtmm.org\/qt\/meclis-reisi-mustafa-cemilev-ukraina-prezidenti-yaninda-ictimaiy-sotsial-kenes-toplasuvinda-istirak-etti\/","name":"Meclis reisi Mustafa Cemilev Ukraina Prezidenti yan\u0131nda \u0130\u00e7timaiy sotsial ke\u00f1e\u015f topla\u015fuv\u0131nda i\u015ftirak etti - \u041c\u0435\u0434\u0436\u043b\u0456\u0441","isPartOf":{"@id":"https:\/\/qtmm.org\/qt\/#website"},"primaryImageOfPage":{"@id":"https:\/\/qtmm.org\/qt\/meclis-reisi-mustafa-cemilev-ukraina-prezidenti-yaninda-ictimaiy-sotsial-kenes-toplasuvinda-istirak-etti\/#primaryimage"},"image":{"@id":"https:\/\/qtmm.org\/qt\/meclis-reisi-mustafa-cemilev-ukraina-prezidenti-yaninda-ictimaiy-sotsial-kenes-toplasuvinda-istirak-etti\/#primaryimage"},"thumbnailUrl":"https:\/\/qtmm.org\/wp-content\/uploads\/2022\/01\/33945.jpeg","datePublished":"2012-07-04T18:49:00+00:00","dateModified":"2022-01-21T18:50:49+00:00","breadcrumb":{"@id":"https:\/\/qtmm.org\/qt\/meclis-reisi-mustafa-cemilev-ukraina-prezidenti-yaninda-ictimaiy-sotsial-kenes-toplasuvinda-istirak-etti\/#breadcrumb"},"inLanguage":"qt","potentialAction":[{"@type":"ReadAction","target":["https:\/\/qtmm.org\/qt\/meclis-reisi-mustafa-cemilev-ukraina-prezidenti-yaninda-ictimaiy-sotsial-kenes-toplasuvinda-istirak-etti\/"]}]},{"@type":"ImageObject","inLanguage":"qt","@id":"https:\/\/qtmm.org\/qt\/meclis-reisi-mustafa-cemilev-ukraina-prezidenti-yaninda-ictimaiy-sotsial-kenes-toplasuvinda-istirak-etti\/#primaryimage","url":"https:\/\/qtmm.org\/wp-content\/uploads\/2022\/01\/33945.jpeg","contentUrl":"https:\/\/qtmm.org\/wp-content\/uploads\/2022\/01\/33945.jpeg","width":650,"height":381},{"@type":"BreadcrumbList","@id":"https:\/\/qtmm.org\/qt\/meclis-reisi-mustafa-cemilev-ukraina-prezidenti-yaninda-ictimaiy-sotsial-kenes-toplasuvinda-istirak-etti\/#breadcrumb","itemListElement":[{"@type":"ListItem","position":1,"name":"\u0413\u043e\u043b\u043e\u0432\u043d\u0430","item":"https:\/\/qtmm.org\/qt\/"},{"@type":"ListItem","position":2,"name":"Meclis reisi Mustafa Cemilev Ukraina Prezidenti yan\u0131nda \u0130\u00e7timaiy sotsial ke\u00f1e\u015f topla\u015fuv\u0131nda i\u015ftirak etti"}]},{"@type":"WebSite","@id":"https:\/\/qtmm.org\/qt\/#website","url":"https:\/\/qtmm.org\/qt\/","name":"\u041c\u0435\u0434\u0436\u043b\u0456\u0441","description":"","publisher":{"@id":"https:\/\/qtmm.org\/qt\/#organization"},"potentialAction":[{"@type":"SearchAction","target":{"@type":"EntryPoint","urlTemplate":"https:\/\/qtmm.org\/qt\/?s={search_term_string}"},"query-input":{"@type":"PropertyValueSpecification","valueRequired":true,"valueName":"search_term_string"}}],"inLanguage":"qt"},{"@type":"Organization","@id":"https:\/\/qtmm.org\/qt\/#organization","name":"\u041c\u0435\u0434\u0436\u043b\u0456\u0441","url":"https:\/\/qtmm.org\/qt\/","logo":{"@type":"ImageObject","inLanguage":"qt","@id":"https:\/\/qtmm.org\/qt\/#\/schema\/logo\/image\/","url":"https:\/\/qtmm.org\/wp-content\/uploads\/2024\/12\/ua-mejlis-logo-rgb.svg","contentUrl":"https:\/\/qtmm.org\/wp-content\/uploads\/2024\/12\/ua-mejlis-logo-rgb.svg","caption":"\u041c\u0435\u0434\u0436\u043b\u0456\u0441"},"image":{"@id":"https:\/\/qtmm.org\/qt\/#\/schema\/logo\/image\/"},"sameAs":["https:\/\/www.facebook.com\/qtmm.info\/"]},{"@type":"Person","@id":"https:\/\/qtmm.org\/qt\/#\/schema\/person\/de562469f971dec226ac06e60bbf74a7","name":"Developer","image":{"@type":"ImageObject","inLanguage":"qt","@id":"https:\/\/secure.gravatar.com\/avatar\/392b4cc8fbfeb00b39dfeeab4ee6edded39ffd48e25858637e4765810300227e?s=96&d=mm&r=g","url":"https:\/\/secure.gravatar.com\/avatar\/392b4cc8fbfeb00b39dfeeab4ee6edded39ffd48e25858637e4765810300227e?s=96&d=mm&r=g","contentUrl":"https:\/\/secure.gravatar.com\/avatar\/392b4cc8fbfeb00b39dfeeab4ee6edded39ffd48e25858637e4765810300227e?s=96&d=mm&r=g","caption":"Developer"},"url":"https:\/\/qtmm.org\/qt\/author\/Developer\/"}]}},"_links":{"self":[{"href":"https:\/\/qtmm.org\/qt\/wp-json\/wp\/v2\/posts\/32289","targetHints":{"allow":["GET"]}}],"collection":[{"href":"https:\/\/qtmm.org\/qt\/wp-json\/wp\/v2\/posts"}],"about":[{"href":"https:\/\/qtmm.org\/qt\/wp-json\/wp\/v2\/types\/post"}],"author":[{"embeddable":true,"href":"https:\/\/qtmm.org\/qt\/wp-json\/wp\/v2\/users\/1"}],"replies":[{"embeddable":true,"href":"https:\/\/qtmm.org\/qt\/wp-json\/wp\/v2\/comments?post=32289"}],"version-history":[{"count":1,"href":"https:\/\/qtmm.org\/qt\/wp-json\/wp\/v2\/posts\/32289\/revisions"}],"predecessor-version":[{"id":32294,"href":"https:\/\/qtmm.org\/qt\/wp-json\/wp\/v2\/posts\/32289\/revisions\/32294"}],"wp:featuredmedia":[{"embeddable":true,"href":"https:\/\/qtmm.org\/qt\/wp-json\/wp\/v2\/media\/32290"}],"wp:attachment":[{"href":"https:\/\/qtmm.org\/qt\/wp-json\/wp\/v2\/media?parent=32289"}],"wp:term":[{"taxonomy":"category","embeddable":true,"href":"https:\/\/qtmm.org\/qt\/wp-json\/wp\/v2\/categories?post=32289"},{"taxonomy":"post_tag","embeddable":true,"href":"https:\/\/qtmm.org\/qt\/wp-json\/wp\/v2\/tags?post=32289"}],"curies":[{"name":"wp","href":"https:\/\/api.w.org\/{rel}","templated":true}]}}