




{"id":32181,"date":"2012-06-30T21:45:00","date_gmt":"2012-06-30T18:45:00","guid":{"rendered":"http:\/\/qtmm.org\/?p=32181"},"modified":"2022-01-21T21:46:56","modified_gmt":"2022-01-21T18:46:56","slug":"alusta-regional-meclisinin-reisi-saylandi","status":"publish","type":"post","link":"https:\/\/qtmm.org\/qt\/alusta-regional-meclisinin-reisi-saylandi\/","title":{"rendered":"Alu\u015fta regional meclisini\u00f1 reisi sayland\u0131"},"content":{"rendered":"\n<p>2012 senesi iy\u00fcn 30-da Alu\u015fta rayon\u0131 q\u0131r\u0131mtatarlar\u0131n\u0131\u00f1 regional konferentsiyalar\u0131 \u00f6tkerildi. Onda delegat olaraq 7 yerli meclislerge saylan\u011fan 45 insan i\u015ftirak etti.<\/p>\n\n\n\n<p>&#8220;Q\u0131r\u0131mtatar halq\u0131n\u0131\u00f1 \u00f6z-\u00f6z\u00fcni idare et\u00fcv milliy organlar\u0131 aqq\u0131nda nizamname&#8221; boyunca Alu\u015fta rayon\u0131 q\u0131r\u0131mtatarlar\u0131n\u0131\u00f1 regional konferentsiyas\u0131n\u0131 aluv baruv ta regional meclis reisi saylanmas\u0131na qadar Yerli meclislerge saylavlarn\u0131 az\u0131rlav ve te\u015fkil et\u00fcv komissiyas\u0131n\u0131\u00f1 reisi Refat \u00c7ubarov ve komissiyan\u0131\u00f1 k\u00e2tibi Zair Smedl\u00e2yevge avale etildi.<\/p>\n\n\n\n<p>Konferentsiyada musafir olaraq Q\u0131r\u0131mtatar halq\u0131 Meclisini\u00f1 reisi Mustafa Cemilev, on\u0131\u00f1 muavinleri Remzi \u0130lyasov ve Ahtem \u00c7iygoz, Meclis azas\u0131 Fevzi K\u00fcbedinov, bun\u0131\u00f1 kibi de Qurultay delegatlar\u0131 i\u015ftirak ettiler.<\/p>\n\n\n\n<p>Konferentsiyan\u0131\u00f1 k\u00fcn tertibi ve regional meclisni saylav tertibi tasdiqlan\u011fan so\u00f1 delegatlar Alu\u015fta regional meclisni\u00f1 reisini saylav meselesine ke\u00e7ildi. Gizli rey ber\u00fcv b\u00fclletenlerine regional meclis reisligine namzetler\u00a0Enver Arpatl\u0131 ve Ernest Seydametovn\u0131\u00f1 adlar\u0131 yaz\u0131ld\u0131.<\/p>\n\n\n\n<figure class=\"wp-block-image size-full\"><img loading=\"lazy\" decoding=\"async\" width=\"649\" height=\"281\" src=\"http:\/\/qtmm.org\/wp-content\/uploads\/2022\/01\/p6290120.jpeg\" alt=\"\" class=\"wp-image-32186\" srcset=\"https:\/\/qtmm.org\/wp-content\/uploads\/2022\/01\/p6290120.jpeg 649w, https:\/\/qtmm.org\/wp-content\/uploads\/2022\/01\/p6290120-300x130.jpeg 300w\" sizes=\"auto, (max-width: 649px) 100vw, 649px\" \/><\/figure>\n\n\n\n<p>Gizli rey ber\u00fcv neticelerine k\u00f6re Alu\u015fta regional meclisini\u00f1 reisi olaraq&nbsp;Konferentsiya delegatlar\u0131n\u0131\u00f1 \u00e7oq reylerini qazan\u011fan Enver Arpatl\u0131 sayland\u0131.<\/p>\n\n\n\n<p>So\u00f1ra delegatlar Alu\u015fta regional meclis erk\u00e2n\u0131n\u0131 \u015fekillendirmek qarar\u0131n\u0131 ald\u0131lar. Mecliske 7 yerli meclis reisleri, ve Enver Arpatl\u0131n\u0131\u00f1 teklifi boyunca qo\u015fumca olaraq Rustem \u011eafarov ve Ziya Seytmemetov de kirsetildiler.<\/p>\n\n\n\n<p>Konferentsiyan\u0131\u00f1 so\u00f1unda delegatlar regional meclisni\u00f1 i\u015f plan\u0131n\u0131 muzakere etip, reisni\u00f1 er bir yerli meclis \u00f6z i\u015f plan\u0131n\u0131 ve vatanda\u015flarn\u0131 qabul et\u00fcv dejdvelini tizmek teklifine qoltutt\u0131lar.<\/p>\n\n\n\n<p>Meclis reisi Mustafa Cemilev Alu\u015fta regional meclisni\u00f1 ya\u00f1\u0131 saylan\u011fan reisini hay\u0131rlap, konferentsiya i\u015ftirak\u00e7ilerine konferentsiyan\u0131 &#8220;Q\u0131r\u0131mtatar halq\u0131n\u0131\u00f1 \u00f6z-\u00f6z\u00fcni idare et\u00fcv milliy organlar\u0131 aqq\u0131nda nizamname&#8221;ge muvaf\u0131q ke\u00e7irgenleri i\u00e7\u00fcn te\u015fekk\u00fcr bildirdi.<\/p>\n\n\n\n<figure class=\"wp-block-image size-full\"><img loading=\"lazy\" decoding=\"async\" width=\"649\" height=\"378\" src=\"http:\/\/qtmm.org\/wp-content\/uploads\/2022\/01\/p6290127.jpeg\" alt=\"\" class=\"wp-image-32190\" srcset=\"https:\/\/qtmm.org\/wp-content\/uploads\/2022\/01\/p6290127.jpeg 649w, https:\/\/qtmm.org\/wp-content\/uploads\/2022\/01\/p6290127-300x175.jpeg 300w\" sizes=\"auto, (max-width: 649px) 100vw, 649px\" \/><\/figure>\n\n\n\n<p>Meclis reisi uzun bir vaq\u0131t Alu\u015fta region\u0131nda yerli meclis asla \u00e7al\u0131\u015fma\u011fan\u0131n\u0131 hat\u0131rlat\u0131p, ya\u00f1\u0131 saylan\u011fan reis meclis i\u015fini tertipke ketirecegi ve aktivle\u015ftermesine \u00fcm\u00fct etkenini s\u00f6yledi. Bun\u0131\u00f1 kibi regional meclis azalar\u0131na Q\u0131r\u0131mtatar halq\u0131 Meclisi ve Qurultay\u0131n\u0131\u00f1 qararlar\u0131na esaslanaraq semetde\u015flernen s\u0131q\u0131 i\u015fbirlikte bulunmaqn\u0131 tevsiye etti.<\/p>\n\n\n\n<hr class=\"wp-block-separator\"\/>\n\n\n\n<p><em>\u015eun\u0131 hat\u0131rlatmal\u0131 ki, nevbetten t\u0131\u015f saylavlar Alu\u015fta, B\u00fcy\u00fck-Lambat, K\u00f6rbekkul ve Ku\u00e7uk-\u00dczen meclislerinde 2012 senesi aprel 28-de ke\u00e7irilgen edi. Do\u011frudan-do\u011fru gizli rey ber\u00fcv neticeleri boyunca d\u00f6rt saylav okruglar\u0131nda a\u00e7\u0131l\u011fan yedi saylav u\u00e7astkalar\u0131nda yerli meclislerge k\u00f6sterilgen 45 namzetten 32 aza sayland\u0131. Mezk\u00fcr yerlerde saylavlar Q\u0131r\u0131mtatar halq\u0131 Meclisini\u00f1 yerli meclislerni\u00f1 vek\u00e2letligini m\u00fcddetinden evel toqtatuv qarar\u0131na binaen ke\u00e7irildi<\/em><\/p>\n\n\n\n<p><em>B\u00f6yleliknen Alu\u015fta rayon\u0131ndaki b\u00fct\u00fcn qasabalarda yerli meclisler sayland\u0131. Alu\u015fta regional konferentsiyas\u0131na qadar olar endi \u00f6zlerini\u00f1 birinci topla\u015fuvlar\u0131n\u0131 ke\u00e7irip, reis ve yerli meclis k\u00e2tiplerini saylad\u0131lar.<\/em><\/p>\n","protected":false},"excerpt":{"rendered":"<p>2012 senesi iy\u00fcn 30-da Alu\u015fta rayon\u0131 q\u0131r\u0131mtatarlar\u0131n\u0131\u00f1 regional konferentsiyalar\u0131 \u00f6tkerildi. Onda delegat olaraq 7 yerli meclislerge saylan\u011fan 45 insan i\u015ftirak etti. &#8220;Q\u0131r\u0131mtatar halq\u0131n\u0131\u00f1 \u00f6z-\u00f6z\u00fcni idare et\u00fcv milliy organlar\u0131 aqq\u0131nda nizamname&#8221; boyunca Alu\u015fta rayon\u0131 q\u0131r\u0131mtatarlar\u0131n\u0131\u00f1 regional konferentsiyas\u0131n\u0131 aluv baruv ta regional meclis reisi saylanmas\u0131na qadar Yerli meclislerge saylavlarn\u0131 az\u0131rlav ve te\u015fkil et\u00fcv komissiyas\u0131n\u0131\u00f1 reisi Refat \u00c7ubarov [&hellip;]<\/p>\n","protected":false},"author":1,"featured_media":32182,"comment_status":"open","ping_status":"open","sticky":false,"template":"","format":"standard","meta":{"inline_featured_image":false,"footnotes":""},"categories":[265],"tags":[],"class_list":["post-32181","post","type-post","status-publish","format-standard","has-post-thumbnail","hentry","category-haberler"],"acf":[],"yoast_head":"<!-- This site is optimized with the Yoast SEO plugin v27.4 - https:\/\/yoast.com\/product\/yoast-seo-wordpress\/ -->\n<title>Alu\u015fta regional meclisini\u00f1 reisi sayland\u0131 - \u041c\u0435\u0434\u0436\u043b\u0456\u0441<\/title>\n<meta name=\"robots\" content=\"index, follow, max-snippet:-1, max-image-preview:large, max-video-preview:-1\" \/>\n<link rel=\"canonical\" href=\"https:\/\/qtmm.org\/qt\/alusta-regional-meclisinin-reisi-saylandi\/\" \/>\n<meta property=\"og:locale\" content=\"en_US\" \/>\n<meta property=\"og:type\" content=\"article\" \/>\n<meta property=\"og:title\" content=\"Alu\u015fta regional meclisini\u00f1 reisi sayland\u0131 - \u041c\u0435\u0434\u0436\u043b\u0456\u0441\" \/>\n<meta property=\"og:description\" content=\"2012 senesi iy\u00fcn 30-da Alu\u015fta rayon\u0131 q\u0131r\u0131mtatarlar\u0131n\u0131\u00f1 regional konferentsiyalar\u0131 \u00f6tkerildi. Onda delegat olaraq 7 yerli meclislerge saylan\u011fan 45 insan i\u015ftirak etti. &#8220;Q\u0131r\u0131mtatar halq\u0131n\u0131\u00f1 \u00f6z-\u00f6z\u00fcni idare et\u00fcv milliy organlar\u0131 aqq\u0131nda nizamname&#8221; boyunca Alu\u015fta rayon\u0131 q\u0131r\u0131mtatarlar\u0131n\u0131\u00f1 regional konferentsiyas\u0131n\u0131 aluv baruv ta regional meclis reisi saylanmas\u0131na qadar Yerli meclislerge saylavlarn\u0131 az\u0131rlav ve te\u015fkil et\u00fcv komissiyas\u0131n\u0131\u00f1 reisi Refat \u00c7ubarov [&hellip;]\" \/>\n<meta property=\"og:url\" content=\"https:\/\/qtmm.org\/qt\/alusta-regional-meclisinin-reisi-saylandi\/\" \/>\n<meta property=\"og:site_name\" content=\"\u041c\u0435\u0434\u0436\u043b\u0456\u0441\" \/>\n<meta property=\"article:publisher\" content=\"https:\/\/www.facebook.com\/qtmm.info\/\" \/>\n<meta property=\"article:published_time\" content=\"2012-06-30T18:45:00+00:00\" \/>\n<meta property=\"article:modified_time\" content=\"2022-01-21T18:46:56+00:00\" \/>\n<meta property=\"og:image\" content=\"https:\/\/qtmm.org\/wp-content\/uploads\/2022\/01\/p6290104.jpeg\" \/>\n\t<meta property=\"og:image:width\" content=\"649\" \/>\n\t<meta property=\"og:image:height\" content=\"298\" \/>\n\t<meta property=\"og:image:type\" content=\"image\/jpeg\" \/>\n<meta name=\"author\" content=\"Developer\" \/>\n<meta name=\"twitter:card\" content=\"summary_large_image\" \/>\n<meta name=\"twitter:label1\" content=\"Written by\" \/>\n\t<meta name=\"twitter:data1\" content=\"Developer\" \/>\n\t<meta name=\"twitter:label2\" content=\"Est. reading time\" \/>\n\t<meta name=\"twitter:data2\" content=\"2 minutes\" \/>\n<script type=\"application\/ld+json\" class=\"yoast-schema-graph\">{\"@context\":\"https:\\\/\\\/schema.org\",\"@graph\":[{\"@type\":\"Article\",\"@id\":\"https:\\\/\\\/qtmm.org\\\/qt\\\/alusta-regional-meclisinin-reisi-saylandi\\\/#article\",\"isPartOf\":{\"@id\":\"https:\\\/\\\/qtmm.org\\\/qt\\\/alusta-regional-meclisinin-reisi-saylandi\\\/\"},\"author\":{\"name\":\"Developer\",\"@id\":\"https:\\\/\\\/qtmm.org\\\/qt\\\/#\\\/schema\\\/person\\\/de562469f971dec226ac06e60bbf74a7\"},\"headline\":\"Alu\u015fta regional meclisini\u00f1 reisi sayland\u0131\",\"datePublished\":\"2012-06-30T18:45:00+00:00\",\"dateModified\":\"2022-01-21T18:46:56+00:00\",\"mainEntityOfPage\":{\"@id\":\"https:\\\/\\\/qtmm.org\\\/qt\\\/alusta-regional-meclisinin-reisi-saylandi\\\/\"},\"wordCount\":473,\"commentCount\":0,\"publisher\":{\"@id\":\"https:\\\/\\\/qtmm.org\\\/qt\\\/#organization\"},\"image\":{\"@id\":\"https:\\\/\\\/qtmm.org\\\/qt\\\/alusta-regional-meclisinin-reisi-saylandi\\\/#primaryimage\"},\"thumbnailUrl\":\"https:\\\/\\\/qtmm.org\\\/wp-content\\\/uploads\\\/2022\\\/01\\\/p6290104.jpeg\",\"articleSection\":[\"Haberler\"],\"inLanguage\":\"qt\",\"potentialAction\":[{\"@type\":\"CommentAction\",\"name\":\"Comment\",\"target\":[\"https:\\\/\\\/qtmm.org\\\/qt\\\/alusta-regional-meclisinin-reisi-saylandi\\\/#respond\"]}]},{\"@type\":\"WebPage\",\"@id\":\"https:\\\/\\\/qtmm.org\\\/qt\\\/alusta-regional-meclisinin-reisi-saylandi\\\/\",\"url\":\"https:\\\/\\\/qtmm.org\\\/qt\\\/alusta-regional-meclisinin-reisi-saylandi\\\/\",\"name\":\"Alu\u015fta regional meclisini\u00f1 reisi sayland\u0131 - \u041c\u0435\u0434\u0436\u043b\u0456\u0441\",\"isPartOf\":{\"@id\":\"https:\\\/\\\/qtmm.org\\\/qt\\\/#website\"},\"primaryImageOfPage\":{\"@id\":\"https:\\\/\\\/qtmm.org\\\/qt\\\/alusta-regional-meclisinin-reisi-saylandi\\\/#primaryimage\"},\"image\":{\"@id\":\"https:\\\/\\\/qtmm.org\\\/qt\\\/alusta-regional-meclisinin-reisi-saylandi\\\/#primaryimage\"},\"thumbnailUrl\":\"https:\\\/\\\/qtmm.org\\\/wp-content\\\/uploads\\\/2022\\\/01\\\/p6290104.jpeg\",\"datePublished\":\"2012-06-30T18:45:00+00:00\",\"dateModified\":\"2022-01-21T18:46:56+00:00\",\"breadcrumb\":{\"@id\":\"https:\\\/\\\/qtmm.org\\\/qt\\\/alusta-regional-meclisinin-reisi-saylandi\\\/#breadcrumb\"},\"inLanguage\":\"qt\",\"potentialAction\":[{\"@type\":\"ReadAction\",\"target\":[\"https:\\\/\\\/qtmm.org\\\/qt\\\/alusta-regional-meclisinin-reisi-saylandi\\\/\"]}]},{\"@type\":\"ImageObject\",\"inLanguage\":\"qt\",\"@id\":\"https:\\\/\\\/qtmm.org\\\/qt\\\/alusta-regional-meclisinin-reisi-saylandi\\\/#primaryimage\",\"url\":\"https:\\\/\\\/qtmm.org\\\/wp-content\\\/uploads\\\/2022\\\/01\\\/p6290104.jpeg\",\"contentUrl\":\"https:\\\/\\\/qtmm.org\\\/wp-content\\\/uploads\\\/2022\\\/01\\\/p6290104.jpeg\",\"width\":649,\"height\":298},{\"@type\":\"BreadcrumbList\",\"@id\":\"https:\\\/\\\/qtmm.org\\\/qt\\\/alusta-regional-meclisinin-reisi-saylandi\\\/#breadcrumb\",\"itemListElement\":[{\"@type\":\"ListItem\",\"position\":1,\"name\":\"\u0413\u043e\u043b\u043e\u0432\u043d\u0430\",\"item\":\"https:\\\/\\\/qtmm.org\\\/qt\\\/\"},{\"@type\":\"ListItem\",\"position\":2,\"name\":\"Alu\u015fta regional meclisini\u00f1 reisi sayland\u0131\"}]},{\"@type\":\"WebSite\",\"@id\":\"https:\\\/\\\/qtmm.org\\\/qt\\\/#website\",\"url\":\"https:\\\/\\\/qtmm.org\\\/qt\\\/\",\"name\":\"\u041c\u0435\u0434\u0436\u043b\u0456\u0441\",\"description\":\"\",\"publisher\":{\"@id\":\"https:\\\/\\\/qtmm.org\\\/qt\\\/#organization\"},\"potentialAction\":[{\"@type\":\"SearchAction\",\"target\":{\"@type\":\"EntryPoint\",\"urlTemplate\":\"https:\\\/\\\/qtmm.org\\\/qt\\\/?s={search_term_string}\"},\"query-input\":{\"@type\":\"PropertyValueSpecification\",\"valueRequired\":true,\"valueName\":\"search_term_string\"}}],\"inLanguage\":\"qt\"},{\"@type\":\"Organization\",\"@id\":\"https:\\\/\\\/qtmm.org\\\/qt\\\/#organization\",\"name\":\"\u041c\u0435\u0434\u0436\u043b\u0456\u0441\",\"url\":\"https:\\\/\\\/qtmm.org\\\/qt\\\/\",\"logo\":{\"@type\":\"ImageObject\",\"inLanguage\":\"qt\",\"@id\":\"https:\\\/\\\/qtmm.org\\\/qt\\\/#\\\/schema\\\/logo\\\/image\\\/\",\"url\":\"https:\\\/\\\/qtmm.org\\\/wp-content\\\/uploads\\\/2024\\\/12\\\/ua-mejlis-logo-rgb.svg\",\"contentUrl\":\"https:\\\/\\\/qtmm.org\\\/wp-content\\\/uploads\\\/2024\\\/12\\\/ua-mejlis-logo-rgb.svg\",\"caption\":\"\u041c\u0435\u0434\u0436\u043b\u0456\u0441\"},\"image\":{\"@id\":\"https:\\\/\\\/qtmm.org\\\/qt\\\/#\\\/schema\\\/logo\\\/image\\\/\"},\"sameAs\":[\"https:\\\/\\\/www.facebook.com\\\/qtmm.info\\\/\"]},{\"@type\":\"Person\",\"@id\":\"https:\\\/\\\/qtmm.org\\\/qt\\\/#\\\/schema\\\/person\\\/de562469f971dec226ac06e60bbf74a7\",\"name\":\"Developer\",\"image\":{\"@type\":\"ImageObject\",\"inLanguage\":\"qt\",\"@id\":\"https:\\\/\\\/secure.gravatar.com\\\/avatar\\\/392b4cc8fbfeb00b39dfeeab4ee6edded39ffd48e25858637e4765810300227e?s=96&d=mm&r=g\",\"url\":\"https:\\\/\\\/secure.gravatar.com\\\/avatar\\\/392b4cc8fbfeb00b39dfeeab4ee6edded39ffd48e25858637e4765810300227e?s=96&d=mm&r=g\",\"contentUrl\":\"https:\\\/\\\/secure.gravatar.com\\\/avatar\\\/392b4cc8fbfeb00b39dfeeab4ee6edded39ffd48e25858637e4765810300227e?s=96&d=mm&r=g\",\"caption\":\"Developer\"},\"url\":\"https:\\\/\\\/qtmm.org\\\/qt\\\/author\\\/Developer\\\/\"}]}<\/script>\n<!-- \/ Yoast SEO plugin. -->","yoast_head_json":{"title":"Alu\u015fta regional meclisini\u00f1 reisi sayland\u0131 - \u041c\u0435\u0434\u0436\u043b\u0456\u0441","robots":{"index":"index","follow":"follow","max-snippet":"max-snippet:-1","max-image-preview":"max-image-preview:large","max-video-preview":"max-video-preview:-1"},"canonical":"https:\/\/qtmm.org\/qt\/alusta-regional-meclisinin-reisi-saylandi\/","og_locale":"en_US","og_type":"article","og_title":"Alu\u015fta regional meclisini\u00f1 reisi sayland\u0131 - \u041c\u0435\u0434\u0436\u043b\u0456\u0441","og_description":"2012 senesi iy\u00fcn 30-da Alu\u015fta rayon\u0131 q\u0131r\u0131mtatarlar\u0131n\u0131\u00f1 regional konferentsiyalar\u0131 \u00f6tkerildi. Onda delegat olaraq 7 yerli meclislerge saylan\u011fan 45 insan i\u015ftirak etti. &#8220;Q\u0131r\u0131mtatar halq\u0131n\u0131\u00f1 \u00f6z-\u00f6z\u00fcni idare et\u00fcv milliy organlar\u0131 aqq\u0131nda nizamname&#8221; boyunca Alu\u015fta rayon\u0131 q\u0131r\u0131mtatarlar\u0131n\u0131\u00f1 regional konferentsiyas\u0131n\u0131 aluv baruv ta regional meclis reisi saylanmas\u0131na qadar Yerli meclislerge saylavlarn\u0131 az\u0131rlav ve te\u015fkil et\u00fcv komissiyas\u0131n\u0131\u00f1 reisi Refat \u00c7ubarov [&hellip;]","og_url":"https:\/\/qtmm.org\/qt\/alusta-regional-meclisinin-reisi-saylandi\/","og_site_name":"\u041c\u0435\u0434\u0436\u043b\u0456\u0441","article_publisher":"https:\/\/www.facebook.com\/qtmm.info\/","article_published_time":"2012-06-30T18:45:00+00:00","article_modified_time":"2022-01-21T18:46:56+00:00","og_image":[{"width":649,"height":298,"url":"https:\/\/qtmm.org\/wp-content\/uploads\/2022\/01\/p6290104.jpeg","type":"image\/jpeg"}],"author":"Developer","twitter_card":"summary_large_image","twitter_misc":{"Written by":"Developer","Est. reading time":"2 minutes"},"schema":{"@context":"https:\/\/schema.org","@graph":[{"@type":"Article","@id":"https:\/\/qtmm.org\/qt\/alusta-regional-meclisinin-reisi-saylandi\/#article","isPartOf":{"@id":"https:\/\/qtmm.org\/qt\/alusta-regional-meclisinin-reisi-saylandi\/"},"author":{"name":"Developer","@id":"https:\/\/qtmm.org\/qt\/#\/schema\/person\/de562469f971dec226ac06e60bbf74a7"},"headline":"Alu\u015fta regional meclisini\u00f1 reisi sayland\u0131","datePublished":"2012-06-30T18:45:00+00:00","dateModified":"2022-01-21T18:46:56+00:00","mainEntityOfPage":{"@id":"https:\/\/qtmm.org\/qt\/alusta-regional-meclisinin-reisi-saylandi\/"},"wordCount":473,"commentCount":0,"publisher":{"@id":"https:\/\/qtmm.org\/qt\/#organization"},"image":{"@id":"https:\/\/qtmm.org\/qt\/alusta-regional-meclisinin-reisi-saylandi\/#primaryimage"},"thumbnailUrl":"https:\/\/qtmm.org\/wp-content\/uploads\/2022\/01\/p6290104.jpeg","articleSection":["Haberler"],"inLanguage":"qt","potentialAction":[{"@type":"CommentAction","name":"Comment","target":["https:\/\/qtmm.org\/qt\/alusta-regional-meclisinin-reisi-saylandi\/#respond"]}]},{"@type":"WebPage","@id":"https:\/\/qtmm.org\/qt\/alusta-regional-meclisinin-reisi-saylandi\/","url":"https:\/\/qtmm.org\/qt\/alusta-regional-meclisinin-reisi-saylandi\/","name":"Alu\u015fta regional meclisini\u00f1 reisi sayland\u0131 - \u041c\u0435\u0434\u0436\u043b\u0456\u0441","isPartOf":{"@id":"https:\/\/qtmm.org\/qt\/#website"},"primaryImageOfPage":{"@id":"https:\/\/qtmm.org\/qt\/alusta-regional-meclisinin-reisi-saylandi\/#primaryimage"},"image":{"@id":"https:\/\/qtmm.org\/qt\/alusta-regional-meclisinin-reisi-saylandi\/#primaryimage"},"thumbnailUrl":"https:\/\/qtmm.org\/wp-content\/uploads\/2022\/01\/p6290104.jpeg","datePublished":"2012-06-30T18:45:00+00:00","dateModified":"2022-01-21T18:46:56+00:00","breadcrumb":{"@id":"https:\/\/qtmm.org\/qt\/alusta-regional-meclisinin-reisi-saylandi\/#breadcrumb"},"inLanguage":"qt","potentialAction":[{"@type":"ReadAction","target":["https:\/\/qtmm.org\/qt\/alusta-regional-meclisinin-reisi-saylandi\/"]}]},{"@type":"ImageObject","inLanguage":"qt","@id":"https:\/\/qtmm.org\/qt\/alusta-regional-meclisinin-reisi-saylandi\/#primaryimage","url":"https:\/\/qtmm.org\/wp-content\/uploads\/2022\/01\/p6290104.jpeg","contentUrl":"https:\/\/qtmm.org\/wp-content\/uploads\/2022\/01\/p6290104.jpeg","width":649,"height":298},{"@type":"BreadcrumbList","@id":"https:\/\/qtmm.org\/qt\/alusta-regional-meclisinin-reisi-saylandi\/#breadcrumb","itemListElement":[{"@type":"ListItem","position":1,"name":"\u0413\u043e\u043b\u043e\u0432\u043d\u0430","item":"https:\/\/qtmm.org\/qt\/"},{"@type":"ListItem","position":2,"name":"Alu\u015fta regional meclisini\u00f1 reisi sayland\u0131"}]},{"@type":"WebSite","@id":"https:\/\/qtmm.org\/qt\/#website","url":"https:\/\/qtmm.org\/qt\/","name":"\u041c\u0435\u0434\u0436\u043b\u0456\u0441","description":"","publisher":{"@id":"https:\/\/qtmm.org\/qt\/#organization"},"potentialAction":[{"@type":"SearchAction","target":{"@type":"EntryPoint","urlTemplate":"https:\/\/qtmm.org\/qt\/?s={search_term_string}"},"query-input":{"@type":"PropertyValueSpecification","valueRequired":true,"valueName":"search_term_string"}}],"inLanguage":"qt"},{"@type":"Organization","@id":"https:\/\/qtmm.org\/qt\/#organization","name":"\u041c\u0435\u0434\u0436\u043b\u0456\u0441","url":"https:\/\/qtmm.org\/qt\/","logo":{"@type":"ImageObject","inLanguage":"qt","@id":"https:\/\/qtmm.org\/qt\/#\/schema\/logo\/image\/","url":"https:\/\/qtmm.org\/wp-content\/uploads\/2024\/12\/ua-mejlis-logo-rgb.svg","contentUrl":"https:\/\/qtmm.org\/wp-content\/uploads\/2024\/12\/ua-mejlis-logo-rgb.svg","caption":"\u041c\u0435\u0434\u0436\u043b\u0456\u0441"},"image":{"@id":"https:\/\/qtmm.org\/qt\/#\/schema\/logo\/image\/"},"sameAs":["https:\/\/www.facebook.com\/qtmm.info\/"]},{"@type":"Person","@id":"https:\/\/qtmm.org\/qt\/#\/schema\/person\/de562469f971dec226ac06e60bbf74a7","name":"Developer","image":{"@type":"ImageObject","inLanguage":"qt","@id":"https:\/\/secure.gravatar.com\/avatar\/392b4cc8fbfeb00b39dfeeab4ee6edded39ffd48e25858637e4765810300227e?s=96&d=mm&r=g","url":"https:\/\/secure.gravatar.com\/avatar\/392b4cc8fbfeb00b39dfeeab4ee6edded39ffd48e25858637e4765810300227e?s=96&d=mm&r=g","contentUrl":"https:\/\/secure.gravatar.com\/avatar\/392b4cc8fbfeb00b39dfeeab4ee6edded39ffd48e25858637e4765810300227e?s=96&d=mm&r=g","caption":"Developer"},"url":"https:\/\/qtmm.org\/qt\/author\/Developer\/"}]}},"_links":{"self":[{"href":"https:\/\/qtmm.org\/qt\/wp-json\/wp\/v2\/posts\/32181","targetHints":{"allow":["GET"]}}],"collection":[{"href":"https:\/\/qtmm.org\/qt\/wp-json\/wp\/v2\/posts"}],"about":[{"href":"https:\/\/qtmm.org\/qt\/wp-json\/wp\/v2\/types\/post"}],"author":[{"embeddable":true,"href":"https:\/\/qtmm.org\/qt\/wp-json\/wp\/v2\/users\/1"}],"replies":[{"embeddable":true,"href":"https:\/\/qtmm.org\/qt\/wp-json\/wp\/v2\/comments?post=32181"}],"version-history":[{"count":1,"href":"https:\/\/qtmm.org\/qt\/wp-json\/wp\/v2\/posts\/32181\/revisions"}],"predecessor-version":[{"id":32194,"href":"https:\/\/qtmm.org\/qt\/wp-json\/wp\/v2\/posts\/32181\/revisions\/32194"}],"wp:featuredmedia":[{"embeddable":true,"href":"https:\/\/qtmm.org\/qt\/wp-json\/wp\/v2\/media\/32182"}],"wp:attachment":[{"href":"https:\/\/qtmm.org\/qt\/wp-json\/wp\/v2\/media?parent=32181"}],"wp:term":[{"taxonomy":"category","embeddable":true,"href":"https:\/\/qtmm.org\/qt\/wp-json\/wp\/v2\/categories?post=32181"},{"taxonomy":"post_tag","embeddable":true,"href":"https:\/\/qtmm.org\/qt\/wp-json\/wp\/v2\/tags?post=32181"}],"curies":[{"name":"wp","href":"https:\/\/api.w.org\/{rel}","templated":true}]}}