




{"id":32179,"date":"2012-06-29T21:44:00","date_gmt":"2012-06-29T18:44:00","guid":{"rendered":"http:\/\/qtmm.org\/?p=32179"},"modified":"2022-01-21T21:45:23","modified_gmt":"2022-01-21T18:45:23","slug":"bmt-aliy-komissari-idaresinin-veb-saytinda-evel-surgun-etilgen-insanlar-ve-ailelerinin-azalari-icun-degen-yani-boluk-acildi","status":"publish","type":"post","link":"https:\/\/qtmm.org\/qt\/bmt-aliy-komissari-idaresinin-veb-saytinda-evel-surgun-etilgen-insanlar-ve-ailelerinin-azalari-icun-degen-yani-boluk-acildi\/","title":{"rendered":"BMT Aliy Komissar\u0131 idaresini\u00f1 veb-sayt\u0131nda \u00abEvel s\u00fcrg\u00fcn etilgen insanlar ve ailelerini\u00f1 azalar\u0131 i\u00e7\u00fcn\u00bb degen ya\u00f1\u0131 b\u00f6l\u00fck a\u00e7\u0131ld\u0131"},"content":{"rendered":"\n<p>2012 senesi may\u0131s ay\u0131nda Birle\u015fken Milletler Te\u015fkil\u00e2t\u0131n\u0131\u00f1 Belarus, Moldova ve Ukrainadaki qa\u00e7aqlarn\u0131\u00f1 i\u015fleri boyunca Aliy komissar\u0131 idaresini\u00f1 veb-sayt\u0131nda &#8220;Evel s\u00fcrg\u00fcn etilgen insanlar ve ailelerini\u00f1 azalar\u0131 i\u00e7\u00fcn&#8221; degen ya\u00f1\u0131 b\u00f6l\u00fck a\u00e7\u0131ld\u0131. B\u00f6l\u00fck BMT Aliy Komissar\u0131n\u0131\u00f1 Ukrainada idaresini\u00f1 ve \u0130nsan aqlar\u0131 boyunca &#8220;Sodeystviye&#8221; (Yard\u0131m) fond\u0131 hadimleri taraf\u0131ndan az\u0131rlan\u0131p, semetde\u015flerimizni tarihiy vatan\u011fa qaytqanda uquqiy status\u0131n\u0131 belgilev esnas\u0131nda haberdar etmekni k\u00f6zde tuta.<\/p>\n\n\n\n<p>Ya\u00f1\u0131 b\u00f6l\u00fck 2012 senesi may\u0131s 18-de BMT Aliy komissar idaresini\u00f1 vekili Oldrih Andr\u0131sek q\u0131r\u0131mtatarlar halq\u0131 matem k\u00fcn\u00fc tedbirlerinde i\u015ftirak etmek i\u00e7\u00fcn Q\u0131r\u0131mda bulun\u011fan vaqt\u0131nda taqdim olun\u011fan edi. Ya\u00f1\u0131 b\u00f6l\u00fck ve \u0130nsan aqlar\u0131 boyunca &#8220;Sodeystviye&#8221; (Yard\u0131m) fond\u0131n\u0131\u00f1 faaliyeti aqq\u0131nda icra direktor\u0131 Ahtem Zeytullayev ik\u00e2ye ete.<\/p>\n\n\n\n<p><strong>&#8211; Ahtem-bey, b\u00f6yle mal\u00fcmatn\u0131 ille \u015fimdi bermege ne mecbur etti?<\/strong><\/p>\n\n\n\n<p>&#8211; Ebet, b\u00f6yle mal\u00fcmatn\u0131 ertece bermek kerek edi. Amma bu, ayn\u0131 bug\u00fcn l\u00e2zim old\u0131. Taqdim etilgen mal\u00fcmat insanlarn\u0131\u00f1 \u00f6g\u00fcnde tur\u011fan b\u00fct\u00fcn suallerge cevap berip olamaz, amma onda Fond\u0131m\u0131znen ba\u011flanmaq i\u00e7\u00fcn informatsiya berile. Biznen ba\u011flan\u011fan insanlar\u011fa qanunn\u0131\u00f1 inceliklerini a\u00f1lama\u011fa yard\u0131mc\u0131 olurm\u0131z.<\/p>\n\n\n\n<p>S\u00fcrg\u00fcnlikten qaytqanlar\u011fa Ukraina vatanda\u015f\u0131 olmaq, olarn\u0131\u00f1 balalar\u0131na ise k\u00f6\u00e7ip kelmege izin almaq tertibini az\u0131rlamaq kerek. \u00c7\u00fcnki so\u00f1ki y\u0131l i\u00e7inde Ukrainada yabanc\u0131lar ve vatanda\u015f olma\u011fan \u015fah\u0131slarn\u0131\u00f1 bulunmas\u0131na ait tertip baya\u011f\u0131 de\u00f1i\u015fti. \u00d6z vesiqalar\u0131n\u0131 vaqt\u0131nda tertipke ketirmegen insanlar &#8220;qolays\u0131z vaziyetke&#8221; t\u00fc\u015fip, devletni terk etmek, c\u00f6reme t\u00f6lemek zoruna qald\u0131lar.<\/p>\n\n\n\n<p>Q\u0131r\u0131mda bulun\u011fan ve yard\u0131m\u011fa muhtac insanlar bizim ofisimizge muracaat etebilirler. L\u00e2kin bizim informatsiyam\u0131z \u00e7oq\u00e7a yurt t\u0131\u015f\u0131nda ya\u015fa\u011fan insanlar i\u00e7\u00fcn zarur. \u0130nternet vastas\u0131nen insanlarn\u0131\u00f1 vesiqalar\u0131n\u0131\u00f1 k\u00f6\u00e7\u00fcrmesini baqmaq ve elektron mekt\u00fcpler \u015fekilinde cevap bermek imk\u00e2n\u0131 peyda olacaq.<\/p>\n\n\n\n<p>&#8211;&nbsp;<strong>Qanun\u011fa kirsetilgen de\u00f1i\u015fmeler aqq\u0131nda tafsil\u00e2tl\u0131ca bilmek m\u00fcmk\u00fcnmi?<\/strong><\/p>\n\n\n\n<p>&#8211; Eger q\u0131sqadan aytacaq olsaq, yah\u015f\u0131 taraf\u0131 &#8211; bu pasportta Ukrainada 90 k\u00fcn bulunma\u011fa izin bergen m\u00fc\u00fcr s\u0131\u00f1\u0131rdan ke\u00e7ilgeninen bas\u0131lmas\u0131d\u0131r. Ukrainada resmiy s\u00fcrette 90 k\u00fcn bulunmaq m\u00fcmk\u00fcn. Menfiy taraf\u0131 ise &#8211; resmiy qayd oluvn\u0131\u00f1 m\u00fcddeti ancaq 90 k\u00fcnnen s\u0131\u00f1\u0131rlanmas\u0131d\u0131r.<br>Eger ariza bergen insanlar vatanda\u015f olmaq, immigratsiya\u011fa izin almaq i\u00e7\u00fcn vesiqalar\u0131n\u0131 bergen olsa ya da hastalan\u0131p qaytma\u011fa \u00e7aresi olmasa Q\u0131r\u0131mda bulunuv m\u00fcddetini devam ettirmek m\u00fcmk\u00fcn.<\/p>\n\n\n\n<p>&#8211;&nbsp;<strong>Fond\u011fa \u00e7oq adam muracaat etemi?<\/strong><\/p>\n\n\n\n<p>&#8211; Bi\u00f1ge yaq\u0131n insan\u011fa yard\u0131m etmege t\u0131r\u0131\u015ft\u0131q. Bularn\u0131\u00f1 \u00e7oqus\u0131 Fond\u011fa bir qa\u00e7 kere muracaat ettiler.<\/p>\n\n\n\n<p>&#8211;&nbsp;<strong>S\u00fcrg\u00fcn etilgenlerge Fond nas\u0131l yard\u0131m ete?<\/strong><\/p>\n\n\n\n<p>&#8211; Te\u015fkil\u00e2t\u0131m\u0131zn\u0131\u00f1 ba\u015f maqsad\u0131 \u2013 qa\u00e7aqlarn\u0131\u00f1, s\u0131\u011f\u0131naq q\u0131d\u0131r\u011fan ve s\u00fcrg\u00fcn olun\u011fanlarn\u0131\u00f1 ve aile azalar\u0131n\u0131\u00f1 uquqiy meselelerini \u00e7ez\u00fcvde yard\u0131m etmektir. Yani insanlar\u011fa s\u0131\u00f1\u0131rn\u0131 ke\u00e7ip Ukraina vatanda\u015f\u0131 ol\u011fan\u011fa qadar qanuniy mesleatlar beremiz, Baz\u0131 allarda vatanda\u015f ol\u011fan arizac\u0131lar endi \u00d6zbekistan vatanda\u015fl\u0131\u011f\u0131ndan \u00e7\u0131qmaq, nefaqa almaq, devlet organlar\u0131na muracaat etmek kibi i\u015flerde de yard\u0131m soraylar.<br>L\u00e2zim ol\u011fanda Fondn\u0131\u00f1 k\u00f6\u00e7ebe ofisi konsultatsiya bermek i\u00e7\u00fcn Q\u0131r\u0131mn\u0131\u00f1 er angi k\u00f6\u015fesine barabilir.<\/p>\n\n\n\n<hr class=\"wp-block-separator\"\/>\n\n\n\n<p>Ya\u00f1\u0131 sayttaki infoormatsiyan\u0131 bu yerde baqmaq m\u00fcmk\u00fcn &#8211;&nbsp;<a href=\"http:\/\/www.unhcr.org.ua\/index.php?option=com_content&amp;view=article&amp;layout=edit&amp;id=693&amp;lang=uk\" target=\"_blank\" rel=\"noreferrer noopener\">www.unhcr.org.ua<\/a><\/p>\n\n\n\n<p><strong>Fondnen ba\u011flanmaq i\u00e7\u00fcn:<\/strong><\/p>\n\n\n\n<p><strong>Adres: 95034, Q\u0131r\u0131m, Aqmescit \u015f., Kiyevskaya soqa\u011f\u0131, 77\/4, kab. 215<\/strong><\/p>\n\n\n\n<p><strong>Telefonlar. (0652) 27-64-36; (066) 063-05-63 (cep)<\/strong><\/p>\n\n\n\n<p><strong>e-mail:&nbsp;assistfoundation@mail.ru<\/strong><\/p>\n","protected":false},"excerpt":{"rendered":"<p>2012 senesi may\u0131s ay\u0131nda Birle\u015fken Milletler Te\u015fkil\u00e2t\u0131n\u0131\u00f1 Belarus, Moldova ve Ukrainadaki qa\u00e7aqlarn\u0131\u00f1 i\u015fleri boyunca Aliy komissar\u0131 idaresini\u00f1 veb-sayt\u0131nda &#8220;Evel s\u00fcrg\u00fcn etilgen insanlar ve ailelerini\u00f1 azalar\u0131 i\u00e7\u00fcn&#8221; degen ya\u00f1\u0131 b\u00f6l\u00fck a\u00e7\u0131ld\u0131. B\u00f6l\u00fck BMT Aliy Komissar\u0131n\u0131\u00f1 Ukrainada idaresini\u00f1 ve \u0130nsan aqlar\u0131 boyunca &#8220;Sodeystviye&#8221; (Yard\u0131m) fond\u0131 hadimleri taraf\u0131ndan az\u0131rlan\u0131p, semetde\u015flerimizni tarihiy vatan\u011fa qaytqanda uquqiy status\u0131n\u0131 belgilev esnas\u0131nda haberdar [&hellip;]<\/p>\n","protected":false},"author":1,"featured_media":0,"comment_status":"open","ping_status":"open","sticky":false,"template":"","format":"standard","meta":{"inline_featured_image":false,"footnotes":""},"categories":[265],"tags":[],"class_list":["post-32179","post","type-post","status-publish","format-standard","hentry","category-haberler"],"acf":[],"yoast_head":"<!-- This site is optimized with the Yoast SEO plugin v27.4 - https:\/\/yoast.com\/product\/yoast-seo-wordpress\/ -->\n<title>BMT Aliy Komissar\u0131 idaresini\u00f1 veb-sayt\u0131nda \u00abEvel s\u00fcrg\u00fcn etilgen insanlar ve ailelerini\u00f1 azalar\u0131 i\u00e7\u00fcn\u00bb degen ya\u00f1\u0131 b\u00f6l\u00fck a\u00e7\u0131ld\u0131 - \u041c\u0435\u0434\u0436\u043b\u0456\u0441<\/title>\n<meta name=\"robots\" content=\"index, follow, max-snippet:-1, max-image-preview:large, max-video-preview:-1\" \/>\n<link rel=\"canonical\" href=\"https:\/\/qtmm.org\/qt\/bmt-aliy-komissari-idaresinin-veb-saytinda-evel-surgun-etilgen-insanlar-ve-ailelerinin-azalari-icun-degen-yani-boluk-acildi\/\" \/>\n<meta property=\"og:locale\" content=\"en_US\" \/>\n<meta property=\"og:type\" content=\"article\" \/>\n<meta property=\"og:title\" content=\"BMT Aliy Komissar\u0131 idaresini\u00f1 veb-sayt\u0131nda \u00abEvel s\u00fcrg\u00fcn etilgen insanlar ve ailelerini\u00f1 azalar\u0131 i\u00e7\u00fcn\u00bb degen ya\u00f1\u0131 b\u00f6l\u00fck a\u00e7\u0131ld\u0131 - \u041c\u0435\u0434\u0436\u043b\u0456\u0441\" \/>\n<meta property=\"og:description\" content=\"2012 senesi may\u0131s ay\u0131nda Birle\u015fken Milletler Te\u015fkil\u00e2t\u0131n\u0131\u00f1 Belarus, Moldova ve Ukrainadaki qa\u00e7aqlarn\u0131\u00f1 i\u015fleri boyunca Aliy komissar\u0131 idaresini\u00f1 veb-sayt\u0131nda &#8220;Evel s\u00fcrg\u00fcn etilgen insanlar ve ailelerini\u00f1 azalar\u0131 i\u00e7\u00fcn&#8221; degen ya\u00f1\u0131 b\u00f6l\u00fck a\u00e7\u0131ld\u0131. B\u00f6l\u00fck BMT Aliy Komissar\u0131n\u0131\u00f1 Ukrainada idaresini\u00f1 ve \u0130nsan aqlar\u0131 boyunca &#8220;Sodeystviye&#8221; (Yard\u0131m) fond\u0131 hadimleri taraf\u0131ndan az\u0131rlan\u0131p, semetde\u015flerimizni tarihiy vatan\u011fa qaytqanda uquqiy status\u0131n\u0131 belgilev esnas\u0131nda haberdar [&hellip;]\" \/>\n<meta property=\"og:url\" content=\"https:\/\/qtmm.org\/qt\/bmt-aliy-komissari-idaresinin-veb-saytinda-evel-surgun-etilgen-insanlar-ve-ailelerinin-azalari-icun-degen-yani-boluk-acildi\/\" \/>\n<meta property=\"og:site_name\" content=\"\u041c\u0435\u0434\u0436\u043b\u0456\u0441\" \/>\n<meta property=\"article:publisher\" content=\"https:\/\/www.facebook.com\/qtmm.info\/\" \/>\n<meta property=\"article:published_time\" content=\"2012-06-29T18:44:00+00:00\" \/>\n<meta property=\"article:modified_time\" content=\"2022-01-21T18:45:23+00:00\" \/>\n<meta name=\"author\" content=\"Developer\" \/>\n<meta name=\"twitter:card\" content=\"summary_large_image\" \/>\n<meta name=\"twitter:label1\" content=\"Written by\" \/>\n\t<meta name=\"twitter:data1\" content=\"Developer\" \/>\n\t<meta name=\"twitter:label2\" content=\"Est. reading time\" \/>\n\t<meta name=\"twitter:data2\" content=\"3 minutes\" \/>\n<script type=\"application\/ld+json\" class=\"yoast-schema-graph\">{\"@context\":\"https:\\\/\\\/schema.org\",\"@graph\":[{\"@type\":\"Article\",\"@id\":\"https:\\\/\\\/qtmm.org\\\/qt\\\/bmt-aliy-komissari-idaresinin-veb-saytinda-evel-surgun-etilgen-insanlar-ve-ailelerinin-azalari-icun-degen-yani-boluk-acildi\\\/#article\",\"isPartOf\":{\"@id\":\"https:\\\/\\\/qtmm.org\\\/qt\\\/bmt-aliy-komissari-idaresinin-veb-saytinda-evel-surgun-etilgen-insanlar-ve-ailelerinin-azalari-icun-degen-yani-boluk-acildi\\\/\"},\"author\":{\"name\":\"Developer\",\"@id\":\"https:\\\/\\\/qtmm.org\\\/qt\\\/#\\\/schema\\\/person\\\/de562469f971dec226ac06e60bbf74a7\"},\"headline\":\"BMT Aliy Komissar\u0131 idaresini\u00f1 veb-sayt\u0131nda \u00abEvel s\u00fcrg\u00fcn etilgen insanlar ve ailelerini\u00f1 azalar\u0131 i\u00e7\u00fcn\u00bb degen ya\u00f1\u0131 b\u00f6l\u00fck a\u00e7\u0131ld\u0131\",\"datePublished\":\"2012-06-29T18:44:00+00:00\",\"dateModified\":\"2022-01-21T18:45:23+00:00\",\"mainEntityOfPage\":{\"@id\":\"https:\\\/\\\/qtmm.org\\\/qt\\\/bmt-aliy-komissari-idaresinin-veb-saytinda-evel-surgun-etilgen-insanlar-ve-ailelerinin-azalari-icun-degen-yani-boluk-acildi\\\/\"},\"wordCount\":647,\"commentCount\":0,\"publisher\":{\"@id\":\"https:\\\/\\\/qtmm.org\\\/qt\\\/#organization\"},\"articleSection\":[\"Haberler\"],\"inLanguage\":\"qt\",\"potentialAction\":[{\"@type\":\"CommentAction\",\"name\":\"Comment\",\"target\":[\"https:\\\/\\\/qtmm.org\\\/qt\\\/bmt-aliy-komissari-idaresinin-veb-saytinda-evel-surgun-etilgen-insanlar-ve-ailelerinin-azalari-icun-degen-yani-boluk-acildi\\\/#respond\"]}]},{\"@type\":\"WebPage\",\"@id\":\"https:\\\/\\\/qtmm.org\\\/qt\\\/bmt-aliy-komissari-idaresinin-veb-saytinda-evel-surgun-etilgen-insanlar-ve-ailelerinin-azalari-icun-degen-yani-boluk-acildi\\\/\",\"url\":\"https:\\\/\\\/qtmm.org\\\/qt\\\/bmt-aliy-komissari-idaresinin-veb-saytinda-evel-surgun-etilgen-insanlar-ve-ailelerinin-azalari-icun-degen-yani-boluk-acildi\\\/\",\"name\":\"BMT Aliy Komissar\u0131 idaresini\u00f1 veb-sayt\u0131nda \u00abEvel s\u00fcrg\u00fcn etilgen insanlar ve ailelerini\u00f1 azalar\u0131 i\u00e7\u00fcn\u00bb degen ya\u00f1\u0131 b\u00f6l\u00fck a\u00e7\u0131ld\u0131 - \u041c\u0435\u0434\u0436\u043b\u0456\u0441\",\"isPartOf\":{\"@id\":\"https:\\\/\\\/qtmm.org\\\/qt\\\/#website\"},\"datePublished\":\"2012-06-29T18:44:00+00:00\",\"dateModified\":\"2022-01-21T18:45:23+00:00\",\"breadcrumb\":{\"@id\":\"https:\\\/\\\/qtmm.org\\\/qt\\\/bmt-aliy-komissari-idaresinin-veb-saytinda-evel-surgun-etilgen-insanlar-ve-ailelerinin-azalari-icun-degen-yani-boluk-acildi\\\/#breadcrumb\"},\"inLanguage\":\"qt\",\"potentialAction\":[{\"@type\":\"ReadAction\",\"target\":[\"https:\\\/\\\/qtmm.org\\\/qt\\\/bmt-aliy-komissari-idaresinin-veb-saytinda-evel-surgun-etilgen-insanlar-ve-ailelerinin-azalari-icun-degen-yani-boluk-acildi\\\/\"]}]},{\"@type\":\"BreadcrumbList\",\"@id\":\"https:\\\/\\\/qtmm.org\\\/qt\\\/bmt-aliy-komissari-idaresinin-veb-saytinda-evel-surgun-etilgen-insanlar-ve-ailelerinin-azalari-icun-degen-yani-boluk-acildi\\\/#breadcrumb\",\"itemListElement\":[{\"@type\":\"ListItem\",\"position\":1,\"name\":\"\u0413\u043e\u043b\u043e\u0432\u043d\u0430\",\"item\":\"https:\\\/\\\/qtmm.org\\\/qt\\\/\"},{\"@type\":\"ListItem\",\"position\":2,\"name\":\"BMT Aliy Komissar\u0131 idaresini\u00f1 veb-sayt\u0131nda \u00abEvel s\u00fcrg\u00fcn etilgen insanlar ve ailelerini\u00f1 azalar\u0131 i\u00e7\u00fcn\u00bb degen ya\u00f1\u0131 b\u00f6l\u00fck a\u00e7\u0131ld\u0131\"}]},{\"@type\":\"WebSite\",\"@id\":\"https:\\\/\\\/qtmm.org\\\/qt\\\/#website\",\"url\":\"https:\\\/\\\/qtmm.org\\\/qt\\\/\",\"name\":\"\u041c\u0435\u0434\u0436\u043b\u0456\u0441\",\"description\":\"\",\"publisher\":{\"@id\":\"https:\\\/\\\/qtmm.org\\\/qt\\\/#organization\"},\"potentialAction\":[{\"@type\":\"SearchAction\",\"target\":{\"@type\":\"EntryPoint\",\"urlTemplate\":\"https:\\\/\\\/qtmm.org\\\/qt\\\/?s={search_term_string}\"},\"query-input\":{\"@type\":\"PropertyValueSpecification\",\"valueRequired\":true,\"valueName\":\"search_term_string\"}}],\"inLanguage\":\"qt\"},{\"@type\":\"Organization\",\"@id\":\"https:\\\/\\\/qtmm.org\\\/qt\\\/#organization\",\"name\":\"\u041c\u0435\u0434\u0436\u043b\u0456\u0441\",\"url\":\"https:\\\/\\\/qtmm.org\\\/qt\\\/\",\"logo\":{\"@type\":\"ImageObject\",\"inLanguage\":\"qt\",\"@id\":\"https:\\\/\\\/qtmm.org\\\/qt\\\/#\\\/schema\\\/logo\\\/image\\\/\",\"url\":\"https:\\\/\\\/qtmm.org\\\/wp-content\\\/uploads\\\/2024\\\/12\\\/ua-mejlis-logo-rgb.svg\",\"contentUrl\":\"https:\\\/\\\/qtmm.org\\\/wp-content\\\/uploads\\\/2024\\\/12\\\/ua-mejlis-logo-rgb.svg\",\"caption\":\"\u041c\u0435\u0434\u0436\u043b\u0456\u0441\"},\"image\":{\"@id\":\"https:\\\/\\\/qtmm.org\\\/qt\\\/#\\\/schema\\\/logo\\\/image\\\/\"},\"sameAs\":[\"https:\\\/\\\/www.facebook.com\\\/qtmm.info\\\/\"]},{\"@type\":\"Person\",\"@id\":\"https:\\\/\\\/qtmm.org\\\/qt\\\/#\\\/schema\\\/person\\\/de562469f971dec226ac06e60bbf74a7\",\"name\":\"Developer\",\"image\":{\"@type\":\"ImageObject\",\"inLanguage\":\"qt\",\"@id\":\"https:\\\/\\\/secure.gravatar.com\\\/avatar\\\/392b4cc8fbfeb00b39dfeeab4ee6edded39ffd48e25858637e4765810300227e?s=96&d=mm&r=g\",\"url\":\"https:\\\/\\\/secure.gravatar.com\\\/avatar\\\/392b4cc8fbfeb00b39dfeeab4ee6edded39ffd48e25858637e4765810300227e?s=96&d=mm&r=g\",\"contentUrl\":\"https:\\\/\\\/secure.gravatar.com\\\/avatar\\\/392b4cc8fbfeb00b39dfeeab4ee6edded39ffd48e25858637e4765810300227e?s=96&d=mm&r=g\",\"caption\":\"Developer\"},\"url\":\"https:\\\/\\\/qtmm.org\\\/qt\\\/author\\\/Developer\\\/\"}]}<\/script>\n<!-- \/ Yoast SEO plugin. -->","yoast_head_json":{"title":"BMT Aliy Komissar\u0131 idaresini\u00f1 veb-sayt\u0131nda \u00abEvel s\u00fcrg\u00fcn etilgen insanlar ve ailelerini\u00f1 azalar\u0131 i\u00e7\u00fcn\u00bb degen ya\u00f1\u0131 b\u00f6l\u00fck a\u00e7\u0131ld\u0131 - \u041c\u0435\u0434\u0436\u043b\u0456\u0441","robots":{"index":"index","follow":"follow","max-snippet":"max-snippet:-1","max-image-preview":"max-image-preview:large","max-video-preview":"max-video-preview:-1"},"canonical":"https:\/\/qtmm.org\/qt\/bmt-aliy-komissari-idaresinin-veb-saytinda-evel-surgun-etilgen-insanlar-ve-ailelerinin-azalari-icun-degen-yani-boluk-acildi\/","og_locale":"en_US","og_type":"article","og_title":"BMT Aliy Komissar\u0131 idaresini\u00f1 veb-sayt\u0131nda \u00abEvel s\u00fcrg\u00fcn etilgen insanlar ve ailelerini\u00f1 azalar\u0131 i\u00e7\u00fcn\u00bb degen ya\u00f1\u0131 b\u00f6l\u00fck a\u00e7\u0131ld\u0131 - \u041c\u0435\u0434\u0436\u043b\u0456\u0441","og_description":"2012 senesi may\u0131s ay\u0131nda Birle\u015fken Milletler Te\u015fkil\u00e2t\u0131n\u0131\u00f1 Belarus, Moldova ve Ukrainadaki qa\u00e7aqlarn\u0131\u00f1 i\u015fleri boyunca Aliy komissar\u0131 idaresini\u00f1 veb-sayt\u0131nda &#8220;Evel s\u00fcrg\u00fcn etilgen insanlar ve ailelerini\u00f1 azalar\u0131 i\u00e7\u00fcn&#8221; degen ya\u00f1\u0131 b\u00f6l\u00fck a\u00e7\u0131ld\u0131. B\u00f6l\u00fck BMT Aliy Komissar\u0131n\u0131\u00f1 Ukrainada idaresini\u00f1 ve \u0130nsan aqlar\u0131 boyunca &#8220;Sodeystviye&#8221; (Yard\u0131m) fond\u0131 hadimleri taraf\u0131ndan az\u0131rlan\u0131p, semetde\u015flerimizni tarihiy vatan\u011fa qaytqanda uquqiy status\u0131n\u0131 belgilev esnas\u0131nda haberdar [&hellip;]","og_url":"https:\/\/qtmm.org\/qt\/bmt-aliy-komissari-idaresinin-veb-saytinda-evel-surgun-etilgen-insanlar-ve-ailelerinin-azalari-icun-degen-yani-boluk-acildi\/","og_site_name":"\u041c\u0435\u0434\u0436\u043b\u0456\u0441","article_publisher":"https:\/\/www.facebook.com\/qtmm.info\/","article_published_time":"2012-06-29T18:44:00+00:00","article_modified_time":"2022-01-21T18:45:23+00:00","author":"Developer","twitter_card":"summary_large_image","twitter_misc":{"Written by":"Developer","Est. reading time":"3 minutes"},"schema":{"@context":"https:\/\/schema.org","@graph":[{"@type":"Article","@id":"https:\/\/qtmm.org\/qt\/bmt-aliy-komissari-idaresinin-veb-saytinda-evel-surgun-etilgen-insanlar-ve-ailelerinin-azalari-icun-degen-yani-boluk-acildi\/#article","isPartOf":{"@id":"https:\/\/qtmm.org\/qt\/bmt-aliy-komissari-idaresinin-veb-saytinda-evel-surgun-etilgen-insanlar-ve-ailelerinin-azalari-icun-degen-yani-boluk-acildi\/"},"author":{"name":"Developer","@id":"https:\/\/qtmm.org\/qt\/#\/schema\/person\/de562469f971dec226ac06e60bbf74a7"},"headline":"BMT Aliy Komissar\u0131 idaresini\u00f1 veb-sayt\u0131nda \u00abEvel s\u00fcrg\u00fcn etilgen insanlar ve ailelerini\u00f1 azalar\u0131 i\u00e7\u00fcn\u00bb degen ya\u00f1\u0131 b\u00f6l\u00fck a\u00e7\u0131ld\u0131","datePublished":"2012-06-29T18:44:00+00:00","dateModified":"2022-01-21T18:45:23+00:00","mainEntityOfPage":{"@id":"https:\/\/qtmm.org\/qt\/bmt-aliy-komissari-idaresinin-veb-saytinda-evel-surgun-etilgen-insanlar-ve-ailelerinin-azalari-icun-degen-yani-boluk-acildi\/"},"wordCount":647,"commentCount":0,"publisher":{"@id":"https:\/\/qtmm.org\/qt\/#organization"},"articleSection":["Haberler"],"inLanguage":"qt","potentialAction":[{"@type":"CommentAction","name":"Comment","target":["https:\/\/qtmm.org\/qt\/bmt-aliy-komissari-idaresinin-veb-saytinda-evel-surgun-etilgen-insanlar-ve-ailelerinin-azalari-icun-degen-yani-boluk-acildi\/#respond"]}]},{"@type":"WebPage","@id":"https:\/\/qtmm.org\/qt\/bmt-aliy-komissari-idaresinin-veb-saytinda-evel-surgun-etilgen-insanlar-ve-ailelerinin-azalari-icun-degen-yani-boluk-acildi\/","url":"https:\/\/qtmm.org\/qt\/bmt-aliy-komissari-idaresinin-veb-saytinda-evel-surgun-etilgen-insanlar-ve-ailelerinin-azalari-icun-degen-yani-boluk-acildi\/","name":"BMT Aliy Komissar\u0131 idaresini\u00f1 veb-sayt\u0131nda \u00abEvel s\u00fcrg\u00fcn etilgen insanlar ve ailelerini\u00f1 azalar\u0131 i\u00e7\u00fcn\u00bb degen ya\u00f1\u0131 b\u00f6l\u00fck a\u00e7\u0131ld\u0131 - \u041c\u0435\u0434\u0436\u043b\u0456\u0441","isPartOf":{"@id":"https:\/\/qtmm.org\/qt\/#website"},"datePublished":"2012-06-29T18:44:00+00:00","dateModified":"2022-01-21T18:45:23+00:00","breadcrumb":{"@id":"https:\/\/qtmm.org\/qt\/bmt-aliy-komissari-idaresinin-veb-saytinda-evel-surgun-etilgen-insanlar-ve-ailelerinin-azalari-icun-degen-yani-boluk-acildi\/#breadcrumb"},"inLanguage":"qt","potentialAction":[{"@type":"ReadAction","target":["https:\/\/qtmm.org\/qt\/bmt-aliy-komissari-idaresinin-veb-saytinda-evel-surgun-etilgen-insanlar-ve-ailelerinin-azalari-icun-degen-yani-boluk-acildi\/"]}]},{"@type":"BreadcrumbList","@id":"https:\/\/qtmm.org\/qt\/bmt-aliy-komissari-idaresinin-veb-saytinda-evel-surgun-etilgen-insanlar-ve-ailelerinin-azalari-icun-degen-yani-boluk-acildi\/#breadcrumb","itemListElement":[{"@type":"ListItem","position":1,"name":"\u0413\u043e\u043b\u043e\u0432\u043d\u0430","item":"https:\/\/qtmm.org\/qt\/"},{"@type":"ListItem","position":2,"name":"BMT Aliy Komissar\u0131 idaresini\u00f1 veb-sayt\u0131nda \u00abEvel s\u00fcrg\u00fcn etilgen insanlar ve ailelerini\u00f1 azalar\u0131 i\u00e7\u00fcn\u00bb degen ya\u00f1\u0131 b\u00f6l\u00fck a\u00e7\u0131ld\u0131"}]},{"@type":"WebSite","@id":"https:\/\/qtmm.org\/qt\/#website","url":"https:\/\/qtmm.org\/qt\/","name":"\u041c\u0435\u0434\u0436\u043b\u0456\u0441","description":"","publisher":{"@id":"https:\/\/qtmm.org\/qt\/#organization"},"potentialAction":[{"@type":"SearchAction","target":{"@type":"EntryPoint","urlTemplate":"https:\/\/qtmm.org\/qt\/?s={search_term_string}"},"query-input":{"@type":"PropertyValueSpecification","valueRequired":true,"valueName":"search_term_string"}}],"inLanguage":"qt"},{"@type":"Organization","@id":"https:\/\/qtmm.org\/qt\/#organization","name":"\u041c\u0435\u0434\u0436\u043b\u0456\u0441","url":"https:\/\/qtmm.org\/qt\/","logo":{"@type":"ImageObject","inLanguage":"qt","@id":"https:\/\/qtmm.org\/qt\/#\/schema\/logo\/image\/","url":"https:\/\/qtmm.org\/wp-content\/uploads\/2024\/12\/ua-mejlis-logo-rgb.svg","contentUrl":"https:\/\/qtmm.org\/wp-content\/uploads\/2024\/12\/ua-mejlis-logo-rgb.svg","caption":"\u041c\u0435\u0434\u0436\u043b\u0456\u0441"},"image":{"@id":"https:\/\/qtmm.org\/qt\/#\/schema\/logo\/image\/"},"sameAs":["https:\/\/www.facebook.com\/qtmm.info\/"]},{"@type":"Person","@id":"https:\/\/qtmm.org\/qt\/#\/schema\/person\/de562469f971dec226ac06e60bbf74a7","name":"Developer","image":{"@type":"ImageObject","inLanguage":"qt","@id":"https:\/\/secure.gravatar.com\/avatar\/392b4cc8fbfeb00b39dfeeab4ee6edded39ffd48e25858637e4765810300227e?s=96&d=mm&r=g","url":"https:\/\/secure.gravatar.com\/avatar\/392b4cc8fbfeb00b39dfeeab4ee6edded39ffd48e25858637e4765810300227e?s=96&d=mm&r=g","contentUrl":"https:\/\/secure.gravatar.com\/avatar\/392b4cc8fbfeb00b39dfeeab4ee6edded39ffd48e25858637e4765810300227e?s=96&d=mm&r=g","caption":"Developer"},"url":"https:\/\/qtmm.org\/qt\/author\/Developer\/"}]}},"_links":{"self":[{"href":"https:\/\/qtmm.org\/qt\/wp-json\/wp\/v2\/posts\/32179","targetHints":{"allow":["GET"]}}],"collection":[{"href":"https:\/\/qtmm.org\/qt\/wp-json\/wp\/v2\/posts"}],"about":[{"href":"https:\/\/qtmm.org\/qt\/wp-json\/wp\/v2\/types\/post"}],"author":[{"embeddable":true,"href":"https:\/\/qtmm.org\/qt\/wp-json\/wp\/v2\/users\/1"}],"replies":[{"embeddable":true,"href":"https:\/\/qtmm.org\/qt\/wp-json\/wp\/v2\/comments?post=32179"}],"version-history":[{"count":1,"href":"https:\/\/qtmm.org\/qt\/wp-json\/wp\/v2\/posts\/32179\/revisions"}],"predecessor-version":[{"id":32180,"href":"https:\/\/qtmm.org\/qt\/wp-json\/wp\/v2\/posts\/32179\/revisions\/32180"}],"wp:attachment":[{"href":"https:\/\/qtmm.org\/qt\/wp-json\/wp\/v2\/media?parent=32179"}],"wp:term":[{"taxonomy":"category","embeddable":true,"href":"https:\/\/qtmm.org\/qt\/wp-json\/wp\/v2\/categories?post=32179"},{"taxonomy":"post_tag","embeddable":true,"href":"https:\/\/qtmm.org\/qt\/wp-json\/wp\/v2\/tags?post=32179"}],"curies":[{"name":"wp","href":"https:\/\/api.w.org\/{rel}","templated":true}]}}