




{"id":32177,"date":"2012-06-29T21:43:04","date_gmt":"2012-06-29T18:43:04","guid":{"rendered":"http:\/\/qtmm.org\/?p=32177"},"modified":"2022-01-21T21:44:38","modified_gmt":"2022-01-21T18:44:38","slug":"refat-cubarov-qirim-milliy-territorial-cumhuriyet-olmasi-kerek","status":"publish","type":"post","link":"https:\/\/qtmm.org\/qt\/refat-cubarov-qirim-milliy-territorial-cumhuriyet-olmasi-kerek\/","title":{"rendered":"Refat \u00c7ubarov: Q\u0131r\u0131m &#8211; milliy-territorial cumhuriyet olmas\u0131 kerek"},"content":{"rendered":"\n<p>Bu aqta Meclis reisini\u00f1 birinci muavini, B\u00fct\u00fcnd\u00fcnya q\u0131r\u0131mtatarlar kongressini\u00f1 prezidenti, Q\u0131r\u0131m Yuqar\u0131 \u015euras\u0131n\u0131\u00f1 deputat\u0131 Refat \u00c7ubarov iy\u00fcn 28 k\u00fcn\u00fc &#8220;Kr\u0131m&#8221; DTRK efirinde &#8220;A\u00e7\u0131q siyaset&#8221; adl\u0131 tok-\u015fou vaqt\u0131nda aytt\u0131, dep haber ete\u00a0Krimskotatarske pitann\u00e2 online\u00a0internet saifesi.<\/p>\n\n\n\n<p>Refat \u00c7ubarov Q\u0131r\u0131m\u011fa ayr\u0131ca bir status berilmek kerekligini, bug\u00fcnki status\u0131 cemaat\u00e7\u0131l\u0131qn\u0131\u00f1 menfaatlar\u0131na cevap bermegenini qayd etti. \u00c7ubarov er bir halqn\u0131\u00f1 \u00f6z-\u00f6z\u00fcni belgilev uquq\u0131na aqq\u0131 ol\u011fan\u0131n\u0131 hat\u0131rlatt\u0131. &#8220;Q\u0131r\u0131mtatarlarn\u0131\u00f1 \u00f6z-\u00f6zlerini belgilemek aqlar\u0131 bar!, &#8211; dedi B\u00fct\u00fcnd\u00fcnya q\u0131r\u0131mtatarlar kongressini\u00f1 prezidenti.<\/p>\n\n\n\n<p>Misal i\u00e7\u00fcn siyaset\u00e7i Rusiyeni\u00f1 territorial qurum\u0131n\u0131 ketirdi, anda &#8220;onlarnen b\u00f6yle muhtariyatlar mevcut ki, angilerinde tam\u0131r halq yerli ealini\u00f1 az q\u0131sm\u0131n\u0131 te\u015fkil ete&#8221;. &#8220;Em bu yerde muhtariyatn\u0131\u00f1 ad\u0131 m\u00fcim degil, m\u00fcimi \u2013 onda insanlarn\u0131\u00f1 aqlar\u0131 nas\u0131l qor\u00e7alan\u011fan\u0131d\u0131r&#8221;, dedi \u00c7ubarov.<\/p>\n\n\n\n<p>On\u0131\u00f1 fikrince muhtariyatn\u0131\u00f1 vek\u00e2letligini, mesel\u00e2 tarihiy abidelerni qor\u00e7alav saas\u0131nda, imk\u00e2nlar\u0131n\u0131 keni\u015fletmek l\u00e2zim. Bir s\u0131ra m\u00fcim meselelerni\u00f1 \u00e7ezilmesi i\u00e7\u00fcn de bu imk\u00e2nlarn\u0131\u00f1 artmas\u0131 zarur. Aqmescit ava liman\u0131na Amethan Sultann\u0131\u00f1 ad\u0131n\u0131 bermek meselesi de ayn\u0131 \u015fu Q\u0131r\u0131m akimlerinde b\u00f6yle vek\u00e2letlik yeti\u015fmegeni sebebinden \u00e7ezilmeyip qald\u0131. Bundan da \u011fayr\u0131 q\u0131r\u0131ml\u0131 siyaset\u00e7i Nataliya Kisel\u00f6va yay\u0131nda Q\u0131r\u0131mtatar halq\u0131n\u0131\u00f1 Meclisini &#8220;cinaiy te\u015fkil\u00e2t&#8221; degeni \u00c7ubarovn\u0131 a\u00e7uvland\u0131rd\u0131. &#8220;Bu aqta Ukraina Tel\u00fckesizlik H\u0131zmetine \u00e7aqabilirsi\u00f1iz&#8221;, &#8211; dep cevap berdi Meclis reisini\u00f1 birinci muavini.<\/p>\n\n\n\n<p>&#8220;Muhtariyatn\u0131\u00f1 ba\u015f bel\u00e2s\u0131 alimler yeti\u015fmegeninde, \u00e7\u00fcnki azl\u0131qlarn\u0131\u00f1 aqlar\u0131 devletni\u00f1 ba\u015f qanun\u0131nda keregi kibi ayd\u0131nlat\u0131lma\u011fan. \u015eun\u0131\u00f1 i\u00e7\u00fcn, &#8211; dedi siyaset\u00e7i, &#8211; milliy azl\u0131qlar\u011fa birle\u015fmek kerek&#8221;.<\/p>\n\n\n\n<p>\u00c7ubarov siyaset\u00e7ige Q\u0131r\u0131mtatar halq\u0131n\u0131\u00f1 Meclisi uquq meydan\u0131na kirsetilmegenini on\u0131 qanuns\u0131z demege esas bermegenini a\u00f1latma\u011fa t\u0131r\u0131\u015ft\u0131. &#8220;Meclis daima olacaq&#8221;, &#8211; kestirdi \u00c7ubarov.<\/p>\n\n\n\n<p>Tok-\u015foun\u0131\u00f1 ba\u015f mevzus\u0131 ol\u011fan Ukraina Anayasas\u0131 husus\u0131nda siyaset\u00e7i &#8220;yaramay Anayasalar olmay, olarn\u0131\u00f1 amelge ke\u00e7irilmegeni yaramay&#8221;, dep qayd etti. &#8220;Anayasan\u0131 \u00fcrmet etemmi, degen sualge cevap bermege istegen adam ba\u015fta \u00f6z\u00fcni \u00fcrmet etkeni aqq\u0131nda aytmal\u0131&#8221;, &#8211; dedi Refat \u00c7ubarov.<\/p>\n\n\n\n<p><em><strong>Mal\u00fcmat i\u00e7\u00fcn:<\/strong><\/em>&nbsp;&nbsp;&nbsp;<em>1996 senesi 28 iy\u00fcn k\u00fcn\u00fc Ukraina Yuqar\u0131 \u015euras\u0131 Ukraina devletini\u00f1 ilki Anayasas\u0131n\u0131 tasdiqlad\u0131. Deputatlar leyha \u00fczerinde sessiyalar salon\u0131nda qal\u0131p iy\u00fcn 27-sinden 28-ge ke\u00e7er gecesi de \u00e7al\u0131\u015ft\u0131lar. Anayasada mustaqil Ukrainan\u0131\u00f1 uquqiy esaslar\u0131, on\u0131\u00f1 serbestligi ve territorial b\u00fct\u00fcnligi pekitildi.Ukraina Anayasas\u0131 tasdiqlan\u011fan k\u00fcn\u00fc devlet bayram\u0131 \u2013 Ukraina Anayasas\u0131 K\u00fcn\u00fcdir.<\/em><br>&nbsp;<\/p>\n","protected":false},"excerpt":{"rendered":"<p>Bu aqta Meclis reisini\u00f1 birinci muavini, B\u00fct\u00fcnd\u00fcnya q\u0131r\u0131mtatarlar kongressini\u00f1 prezidenti, Q\u0131r\u0131m Yuqar\u0131 \u015euras\u0131n\u0131\u00f1 deputat\u0131 Refat \u00c7ubarov iy\u00fcn 28 k\u00fcn\u00fc &#8220;Kr\u0131m&#8221; DTRK efirinde &#8220;A\u00e7\u0131q siyaset&#8221; adl\u0131 tok-\u015fou vaqt\u0131nda aytt\u0131, dep haber ete\u00a0Krimskotatarske pitann\u00e2 online\u00a0internet saifesi. Refat \u00c7ubarov Q\u0131r\u0131m\u011fa ayr\u0131ca bir status berilmek kerekligini, bug\u00fcnki status\u0131 cemaat\u00e7\u0131l\u0131qn\u0131\u00f1 menfaatlar\u0131na cevap bermegenini qayd etti. \u00c7ubarov er bir halqn\u0131\u00f1 \u00f6z-\u00f6z\u00fcni [&hellip;]<\/p>\n","protected":false},"author":1,"featured_media":0,"comment_status":"open","ping_status":"open","sticky":false,"template":"","format":"standard","meta":{"inline_featured_image":false,"footnotes":""},"categories":[265],"tags":[],"class_list":["post-32177","post","type-post","status-publish","format-standard","hentry","category-haberler"],"acf":[],"yoast_head":"<!-- This site is optimized with the Yoast SEO plugin v27.4 - https:\/\/yoast.com\/product\/yoast-seo-wordpress\/ -->\n<title>Refat \u00c7ubarov: Q\u0131r\u0131m - milliy-territorial cumhuriyet olmas\u0131 kerek - \u041c\u0435\u0434\u0436\u043b\u0456\u0441<\/title>\n<meta name=\"robots\" content=\"index, follow, max-snippet:-1, max-image-preview:large, max-video-preview:-1\" \/>\n<link rel=\"canonical\" href=\"https:\/\/qtmm.org\/qt\/refat-cubarov-qirim-milliy-territorial-cumhuriyet-olmasi-kerek\/\" \/>\n<meta property=\"og:locale\" content=\"en_US\" \/>\n<meta property=\"og:type\" content=\"article\" \/>\n<meta property=\"og:title\" content=\"Refat \u00c7ubarov: Q\u0131r\u0131m - milliy-territorial cumhuriyet olmas\u0131 kerek - \u041c\u0435\u0434\u0436\u043b\u0456\u0441\" \/>\n<meta property=\"og:description\" content=\"Bu aqta Meclis reisini\u00f1 birinci muavini, B\u00fct\u00fcnd\u00fcnya q\u0131r\u0131mtatarlar kongressini\u00f1 prezidenti, Q\u0131r\u0131m Yuqar\u0131 \u015euras\u0131n\u0131\u00f1 deputat\u0131 Refat \u00c7ubarov iy\u00fcn 28 k\u00fcn\u00fc &#8220;Kr\u0131m&#8221; DTRK efirinde &#8220;A\u00e7\u0131q siyaset&#8221; adl\u0131 tok-\u015fou vaqt\u0131nda aytt\u0131, dep haber ete\u00a0Krimskotatarske pitann\u00e2 online\u00a0internet saifesi. Refat \u00c7ubarov Q\u0131r\u0131m\u011fa ayr\u0131ca bir status berilmek kerekligini, bug\u00fcnki status\u0131 cemaat\u00e7\u0131l\u0131qn\u0131\u00f1 menfaatlar\u0131na cevap bermegenini qayd etti. \u00c7ubarov er bir halqn\u0131\u00f1 \u00f6z-\u00f6z\u00fcni [&hellip;]\" \/>\n<meta property=\"og:url\" content=\"https:\/\/qtmm.org\/qt\/refat-cubarov-qirim-milliy-territorial-cumhuriyet-olmasi-kerek\/\" \/>\n<meta property=\"og:site_name\" content=\"\u041c\u0435\u0434\u0436\u043b\u0456\u0441\" \/>\n<meta property=\"article:publisher\" content=\"https:\/\/www.facebook.com\/qtmm.info\/\" \/>\n<meta property=\"article:published_time\" content=\"2012-06-29T18:43:04+00:00\" \/>\n<meta property=\"article:modified_time\" content=\"2022-01-21T18:44:38+00:00\" \/>\n<meta name=\"author\" content=\"Developer\" \/>\n<meta name=\"twitter:card\" content=\"summary_large_image\" \/>\n<meta name=\"twitter:label1\" content=\"Written by\" \/>\n\t<meta name=\"twitter:data1\" content=\"Developer\" \/>\n\t<meta name=\"twitter:label2\" content=\"Est. reading time\" \/>\n\t<meta name=\"twitter:data2\" content=\"2 minutes\" \/>\n<script type=\"application\/ld+json\" class=\"yoast-schema-graph\">{\"@context\":\"https:\\\/\\\/schema.org\",\"@graph\":[{\"@type\":\"Article\",\"@id\":\"https:\\\/\\\/qtmm.org\\\/qt\\\/refat-cubarov-qirim-milliy-territorial-cumhuriyet-olmasi-kerek\\\/#article\",\"isPartOf\":{\"@id\":\"https:\\\/\\\/qtmm.org\\\/qt\\\/refat-cubarov-qirim-milliy-territorial-cumhuriyet-olmasi-kerek\\\/\"},\"author\":{\"name\":\"Developer\",\"@id\":\"https:\\\/\\\/qtmm.org\\\/qt\\\/#\\\/schema\\\/person\\\/de562469f971dec226ac06e60bbf74a7\"},\"headline\":\"Refat \u00c7ubarov: Q\u0131r\u0131m &#8211; milliy-territorial cumhuriyet olmas\u0131 kerek\",\"datePublished\":\"2012-06-29T18:43:04+00:00\",\"dateModified\":\"2022-01-21T18:44:38+00:00\",\"mainEntityOfPage\":{\"@id\":\"https:\\\/\\\/qtmm.org\\\/qt\\\/refat-cubarov-qirim-milliy-territorial-cumhuriyet-olmasi-kerek\\\/\"},\"wordCount\":454,\"commentCount\":0,\"publisher\":{\"@id\":\"https:\\\/\\\/qtmm.org\\\/qt\\\/#organization\"},\"articleSection\":[\"Haberler\"],\"inLanguage\":\"qt\",\"potentialAction\":[{\"@type\":\"CommentAction\",\"name\":\"Comment\",\"target\":[\"https:\\\/\\\/qtmm.org\\\/qt\\\/refat-cubarov-qirim-milliy-territorial-cumhuriyet-olmasi-kerek\\\/#respond\"]}]},{\"@type\":\"WebPage\",\"@id\":\"https:\\\/\\\/qtmm.org\\\/qt\\\/refat-cubarov-qirim-milliy-territorial-cumhuriyet-olmasi-kerek\\\/\",\"url\":\"https:\\\/\\\/qtmm.org\\\/qt\\\/refat-cubarov-qirim-milliy-territorial-cumhuriyet-olmasi-kerek\\\/\",\"name\":\"Refat \u00c7ubarov: Q\u0131r\u0131m - milliy-territorial cumhuriyet olmas\u0131 kerek - \u041c\u0435\u0434\u0436\u043b\u0456\u0441\",\"isPartOf\":{\"@id\":\"https:\\\/\\\/qtmm.org\\\/qt\\\/#website\"},\"datePublished\":\"2012-06-29T18:43:04+00:00\",\"dateModified\":\"2022-01-21T18:44:38+00:00\",\"breadcrumb\":{\"@id\":\"https:\\\/\\\/qtmm.org\\\/qt\\\/refat-cubarov-qirim-milliy-territorial-cumhuriyet-olmasi-kerek\\\/#breadcrumb\"},\"inLanguage\":\"qt\",\"potentialAction\":[{\"@type\":\"ReadAction\",\"target\":[\"https:\\\/\\\/qtmm.org\\\/qt\\\/refat-cubarov-qirim-milliy-territorial-cumhuriyet-olmasi-kerek\\\/\"]}]},{\"@type\":\"BreadcrumbList\",\"@id\":\"https:\\\/\\\/qtmm.org\\\/qt\\\/refat-cubarov-qirim-milliy-territorial-cumhuriyet-olmasi-kerek\\\/#breadcrumb\",\"itemListElement\":[{\"@type\":\"ListItem\",\"position\":1,\"name\":\"\u0413\u043e\u043b\u043e\u0432\u043d\u0430\",\"item\":\"https:\\\/\\\/qtmm.org\\\/qt\\\/\"},{\"@type\":\"ListItem\",\"position\":2,\"name\":\"Refat \u00c7ubarov: Q\u0131r\u0131m &#8211; milliy-territorial cumhuriyet olmas\u0131 kerek\"}]},{\"@type\":\"WebSite\",\"@id\":\"https:\\\/\\\/qtmm.org\\\/qt\\\/#website\",\"url\":\"https:\\\/\\\/qtmm.org\\\/qt\\\/\",\"name\":\"\u041c\u0435\u0434\u0436\u043b\u0456\u0441\",\"description\":\"\",\"publisher\":{\"@id\":\"https:\\\/\\\/qtmm.org\\\/qt\\\/#organization\"},\"potentialAction\":[{\"@type\":\"SearchAction\",\"target\":{\"@type\":\"EntryPoint\",\"urlTemplate\":\"https:\\\/\\\/qtmm.org\\\/qt\\\/?s={search_term_string}\"},\"query-input\":{\"@type\":\"PropertyValueSpecification\",\"valueRequired\":true,\"valueName\":\"search_term_string\"}}],\"inLanguage\":\"qt\"},{\"@type\":\"Organization\",\"@id\":\"https:\\\/\\\/qtmm.org\\\/qt\\\/#organization\",\"name\":\"\u041c\u0435\u0434\u0436\u043b\u0456\u0441\",\"url\":\"https:\\\/\\\/qtmm.org\\\/qt\\\/\",\"logo\":{\"@type\":\"ImageObject\",\"inLanguage\":\"qt\",\"@id\":\"https:\\\/\\\/qtmm.org\\\/qt\\\/#\\\/schema\\\/logo\\\/image\\\/\",\"url\":\"https:\\\/\\\/qtmm.org\\\/wp-content\\\/uploads\\\/2024\\\/12\\\/ua-mejlis-logo-rgb.svg\",\"contentUrl\":\"https:\\\/\\\/qtmm.org\\\/wp-content\\\/uploads\\\/2024\\\/12\\\/ua-mejlis-logo-rgb.svg\",\"caption\":\"\u041c\u0435\u0434\u0436\u043b\u0456\u0441\"},\"image\":{\"@id\":\"https:\\\/\\\/qtmm.org\\\/qt\\\/#\\\/schema\\\/logo\\\/image\\\/\"},\"sameAs\":[\"https:\\\/\\\/www.facebook.com\\\/qtmm.info\\\/\"]},{\"@type\":\"Person\",\"@id\":\"https:\\\/\\\/qtmm.org\\\/qt\\\/#\\\/schema\\\/person\\\/de562469f971dec226ac06e60bbf74a7\",\"name\":\"Developer\",\"image\":{\"@type\":\"ImageObject\",\"inLanguage\":\"qt\",\"@id\":\"https:\\\/\\\/secure.gravatar.com\\\/avatar\\\/392b4cc8fbfeb00b39dfeeab4ee6edded39ffd48e25858637e4765810300227e?s=96&d=mm&r=g\",\"url\":\"https:\\\/\\\/secure.gravatar.com\\\/avatar\\\/392b4cc8fbfeb00b39dfeeab4ee6edded39ffd48e25858637e4765810300227e?s=96&d=mm&r=g\",\"contentUrl\":\"https:\\\/\\\/secure.gravatar.com\\\/avatar\\\/392b4cc8fbfeb00b39dfeeab4ee6edded39ffd48e25858637e4765810300227e?s=96&d=mm&r=g\",\"caption\":\"Developer\"},\"url\":\"https:\\\/\\\/qtmm.org\\\/qt\\\/author\\\/Developer\\\/\"}]}<\/script>\n<!-- \/ Yoast SEO plugin. -->","yoast_head_json":{"title":"Refat \u00c7ubarov: Q\u0131r\u0131m - milliy-territorial cumhuriyet olmas\u0131 kerek - \u041c\u0435\u0434\u0436\u043b\u0456\u0441","robots":{"index":"index","follow":"follow","max-snippet":"max-snippet:-1","max-image-preview":"max-image-preview:large","max-video-preview":"max-video-preview:-1"},"canonical":"https:\/\/qtmm.org\/qt\/refat-cubarov-qirim-milliy-territorial-cumhuriyet-olmasi-kerek\/","og_locale":"en_US","og_type":"article","og_title":"Refat \u00c7ubarov: Q\u0131r\u0131m - milliy-territorial cumhuriyet olmas\u0131 kerek - \u041c\u0435\u0434\u0436\u043b\u0456\u0441","og_description":"Bu aqta Meclis reisini\u00f1 birinci muavini, B\u00fct\u00fcnd\u00fcnya q\u0131r\u0131mtatarlar kongressini\u00f1 prezidenti, Q\u0131r\u0131m Yuqar\u0131 \u015euras\u0131n\u0131\u00f1 deputat\u0131 Refat \u00c7ubarov iy\u00fcn 28 k\u00fcn\u00fc &#8220;Kr\u0131m&#8221; DTRK efirinde &#8220;A\u00e7\u0131q siyaset&#8221; adl\u0131 tok-\u015fou vaqt\u0131nda aytt\u0131, dep haber ete\u00a0Krimskotatarske pitann\u00e2 online\u00a0internet saifesi. Refat \u00c7ubarov Q\u0131r\u0131m\u011fa ayr\u0131ca bir status berilmek kerekligini, bug\u00fcnki status\u0131 cemaat\u00e7\u0131l\u0131qn\u0131\u00f1 menfaatlar\u0131na cevap bermegenini qayd etti. \u00c7ubarov er bir halqn\u0131\u00f1 \u00f6z-\u00f6z\u00fcni [&hellip;]","og_url":"https:\/\/qtmm.org\/qt\/refat-cubarov-qirim-milliy-territorial-cumhuriyet-olmasi-kerek\/","og_site_name":"\u041c\u0435\u0434\u0436\u043b\u0456\u0441","article_publisher":"https:\/\/www.facebook.com\/qtmm.info\/","article_published_time":"2012-06-29T18:43:04+00:00","article_modified_time":"2022-01-21T18:44:38+00:00","author":"Developer","twitter_card":"summary_large_image","twitter_misc":{"Written by":"Developer","Est. reading time":"2 minutes"},"schema":{"@context":"https:\/\/schema.org","@graph":[{"@type":"Article","@id":"https:\/\/qtmm.org\/qt\/refat-cubarov-qirim-milliy-territorial-cumhuriyet-olmasi-kerek\/#article","isPartOf":{"@id":"https:\/\/qtmm.org\/qt\/refat-cubarov-qirim-milliy-territorial-cumhuriyet-olmasi-kerek\/"},"author":{"name":"Developer","@id":"https:\/\/qtmm.org\/qt\/#\/schema\/person\/de562469f971dec226ac06e60bbf74a7"},"headline":"Refat \u00c7ubarov: Q\u0131r\u0131m &#8211; milliy-territorial cumhuriyet olmas\u0131 kerek","datePublished":"2012-06-29T18:43:04+00:00","dateModified":"2022-01-21T18:44:38+00:00","mainEntityOfPage":{"@id":"https:\/\/qtmm.org\/qt\/refat-cubarov-qirim-milliy-territorial-cumhuriyet-olmasi-kerek\/"},"wordCount":454,"commentCount":0,"publisher":{"@id":"https:\/\/qtmm.org\/qt\/#organization"},"articleSection":["Haberler"],"inLanguage":"qt","potentialAction":[{"@type":"CommentAction","name":"Comment","target":["https:\/\/qtmm.org\/qt\/refat-cubarov-qirim-milliy-territorial-cumhuriyet-olmasi-kerek\/#respond"]}]},{"@type":"WebPage","@id":"https:\/\/qtmm.org\/qt\/refat-cubarov-qirim-milliy-territorial-cumhuriyet-olmasi-kerek\/","url":"https:\/\/qtmm.org\/qt\/refat-cubarov-qirim-milliy-territorial-cumhuriyet-olmasi-kerek\/","name":"Refat \u00c7ubarov: Q\u0131r\u0131m - milliy-territorial cumhuriyet olmas\u0131 kerek - \u041c\u0435\u0434\u0436\u043b\u0456\u0441","isPartOf":{"@id":"https:\/\/qtmm.org\/qt\/#website"},"datePublished":"2012-06-29T18:43:04+00:00","dateModified":"2022-01-21T18:44:38+00:00","breadcrumb":{"@id":"https:\/\/qtmm.org\/qt\/refat-cubarov-qirim-milliy-territorial-cumhuriyet-olmasi-kerek\/#breadcrumb"},"inLanguage":"qt","potentialAction":[{"@type":"ReadAction","target":["https:\/\/qtmm.org\/qt\/refat-cubarov-qirim-milliy-territorial-cumhuriyet-olmasi-kerek\/"]}]},{"@type":"BreadcrumbList","@id":"https:\/\/qtmm.org\/qt\/refat-cubarov-qirim-milliy-territorial-cumhuriyet-olmasi-kerek\/#breadcrumb","itemListElement":[{"@type":"ListItem","position":1,"name":"\u0413\u043e\u043b\u043e\u0432\u043d\u0430","item":"https:\/\/qtmm.org\/qt\/"},{"@type":"ListItem","position":2,"name":"Refat \u00c7ubarov: Q\u0131r\u0131m &#8211; milliy-territorial cumhuriyet olmas\u0131 kerek"}]},{"@type":"WebSite","@id":"https:\/\/qtmm.org\/qt\/#website","url":"https:\/\/qtmm.org\/qt\/","name":"\u041c\u0435\u0434\u0436\u043b\u0456\u0441","description":"","publisher":{"@id":"https:\/\/qtmm.org\/qt\/#organization"},"potentialAction":[{"@type":"SearchAction","target":{"@type":"EntryPoint","urlTemplate":"https:\/\/qtmm.org\/qt\/?s={search_term_string}"},"query-input":{"@type":"PropertyValueSpecification","valueRequired":true,"valueName":"search_term_string"}}],"inLanguage":"qt"},{"@type":"Organization","@id":"https:\/\/qtmm.org\/qt\/#organization","name":"\u041c\u0435\u0434\u0436\u043b\u0456\u0441","url":"https:\/\/qtmm.org\/qt\/","logo":{"@type":"ImageObject","inLanguage":"qt","@id":"https:\/\/qtmm.org\/qt\/#\/schema\/logo\/image\/","url":"https:\/\/qtmm.org\/wp-content\/uploads\/2024\/12\/ua-mejlis-logo-rgb.svg","contentUrl":"https:\/\/qtmm.org\/wp-content\/uploads\/2024\/12\/ua-mejlis-logo-rgb.svg","caption":"\u041c\u0435\u0434\u0436\u043b\u0456\u0441"},"image":{"@id":"https:\/\/qtmm.org\/qt\/#\/schema\/logo\/image\/"},"sameAs":["https:\/\/www.facebook.com\/qtmm.info\/"]},{"@type":"Person","@id":"https:\/\/qtmm.org\/qt\/#\/schema\/person\/de562469f971dec226ac06e60bbf74a7","name":"Developer","image":{"@type":"ImageObject","inLanguage":"qt","@id":"https:\/\/secure.gravatar.com\/avatar\/392b4cc8fbfeb00b39dfeeab4ee6edded39ffd48e25858637e4765810300227e?s=96&d=mm&r=g","url":"https:\/\/secure.gravatar.com\/avatar\/392b4cc8fbfeb00b39dfeeab4ee6edded39ffd48e25858637e4765810300227e?s=96&d=mm&r=g","contentUrl":"https:\/\/secure.gravatar.com\/avatar\/392b4cc8fbfeb00b39dfeeab4ee6edded39ffd48e25858637e4765810300227e?s=96&d=mm&r=g","caption":"Developer"},"url":"https:\/\/qtmm.org\/qt\/author\/Developer\/"}]}},"_links":{"self":[{"href":"https:\/\/qtmm.org\/qt\/wp-json\/wp\/v2\/posts\/32177","targetHints":{"allow":["GET"]}}],"collection":[{"href":"https:\/\/qtmm.org\/qt\/wp-json\/wp\/v2\/posts"}],"about":[{"href":"https:\/\/qtmm.org\/qt\/wp-json\/wp\/v2\/types\/post"}],"author":[{"embeddable":true,"href":"https:\/\/qtmm.org\/qt\/wp-json\/wp\/v2\/users\/1"}],"replies":[{"embeddable":true,"href":"https:\/\/qtmm.org\/qt\/wp-json\/wp\/v2\/comments?post=32177"}],"version-history":[{"count":1,"href":"https:\/\/qtmm.org\/qt\/wp-json\/wp\/v2\/posts\/32177\/revisions"}],"predecessor-version":[{"id":32178,"href":"https:\/\/qtmm.org\/qt\/wp-json\/wp\/v2\/posts\/32177\/revisions\/32178"}],"wp:attachment":[{"href":"https:\/\/qtmm.org\/qt\/wp-json\/wp\/v2\/media?parent=32177"}],"wp:term":[{"taxonomy":"category","embeddable":true,"href":"https:\/\/qtmm.org\/qt\/wp-json\/wp\/v2\/categories?post=32177"},{"taxonomy":"post_tag","embeddable":true,"href":"https:\/\/qtmm.org\/qt\/wp-json\/wp\/v2\/tags?post=32177"}],"curies":[{"name":"wp","href":"https:\/\/api.w.org\/{rel}","templated":true}]}}