




{"id":32091,"date":"2012-06-27T21:41:00","date_gmt":"2012-06-27T18:41:00","guid":{"rendered":"http:\/\/qtmm.org\/?p=32091"},"modified":"2022-01-21T21:43:49","modified_gmt":"2022-01-21T18:43:49","slug":"qirimda-milliy-bayraq-kunu-qayd-etildi","status":"publish","type":"post","link":"https:\/\/qtmm.org\/qt\/qirimda-milliy-bayraq-kunu-qayd-etildi\/","title":{"rendered":"Q\u0131r\u0131mda Milliy bayraq k\u00fcn\u00fc qayd etildi"},"content":{"rendered":"\n<p>26 iy\u00fcn k\u00fcn\u00fc Aqmescitni\u00f1 merkeziy meydan\u0131nda Q\u0131r\u0131mtatar milliy bayraq k\u00fcn\u00fc qayd etildi .<\/p>\n\n\n\n<p>&#8220;Ya\u015flar \u015furas\u0131&#8221;, &#8220;Qarda\u015fl\u0131q&#8221;, &#8220;Ya\u015flar sedas\u0131&#8221; gen\u00e7ler te\u015fkil\u00e2tlar\u0131n\u0131\u00f1 te\u015febb\u00fcsi ve te\u015fkil\u00e2t\u00e7\u0131l\u0131\u011f\u0131nda er y\u0131l\u0131 \u00f6tkerilgen bayram Meclis ve B\u00fct\u00fcnd\u00fcnya q\u0131r\u0131mtatarlar kongressini\u00f1 qoltutuv\u0131nda ke\u00e7irile.<\/p>\n\n\n\n<p>Bayram tedbirleri \u00e7er\u00e7ivesinde iy\u00fcn 26 k\u00fcn\u00fc saba &#8220;Aqmescit \u2013 Ba\u011f\u00e7asaray &#8211; Aqyar&#8221;, &#8220;Aqmescit \u2013 Saq \u2013 Kezlev&#8221;, &#8220;Aqmescit \u2013 B\u00fcy\u00fck Onlar \u2013Qurman &#8211; Cank\u00f6y&#8221;, &#8220;Aqmescit \u2013 Qarasuvbazar \u2013 Sudaq \u2013 Eski Q\u0131r\u0131m \u2013 Kefe&#8221; i &#8220;Aqmescit \u2013 Mamut Sultan \u2013 Alu\u015fta &#8211; Yalta&#8221; y\u00f6neli\u015fleri boyunca B\u00fct\u00fcnq\u0131r\u0131m avtoy\u00fcr\u00fc\u015f\u00fci yap\u0131ld\u0131. Y\u00fcr\u00fc\u015f i\u015ftirak\u00e7ileri kene Aqmescitte toplan\u0131p, Ho\u015fkeldi qasabas\u0131nda bir kolonna\u011fa birle\u015fip s\u0131ranen meydan\u011fa keldiler. \u015eu k\u00fcnni\u00f1 ekinci yar\u0131s\u0131nda ise balalar yerde resim s\u0131zuv yar\u0131\u015f\u0131nda, gen\u00e7 k\u00fcre\u015f\u00e7iler ise milliy k\u00fcre\u015f tutu\u015fuvlar\u0131nda k\u00fc\u00e7lerini s\u0131nad\u0131lar. Bun\u0131\u00f1 kibi de meydanda milliy yemekler yar\u0131\u015f\u0131 ve fotoresimler sergisi de a\u00e7\u0131ld\u0131.<\/p>\n\n\n\n<p>Bayramn\u0131\u00f1 ba\u015f simvol\u0131 ise 252 kavdrat metr b\u00fcy\u00fcklikte qocaman bayraq old\u0131.<\/p>\n\n\n\n<p>Bayram i\u015ftirak\u00e7ilerini &#8220;Tatl\u0131 ses&#8221; yar\u0131\u015f\u0131n\u0131\u00f1 \u011falipleri oyun ve y\u0131rlar\u0131nen eglendirdiler.<\/p>\n\n\n\n<p>Tedbirni\u00f1 birinci q\u0131sm\u0131ndan so\u00f1 Q\u0131r\u0131mtatar halq\u0131 Meclisi reisini\u00f1 birinci muavini, B\u00fct\u00fcnd\u00fcnya q\u0131r\u0131mtatarlar kongressini\u00f1 prezidenti Refat \u00c7ubarov, Q\u0131r\u0131m musulmanlar\u0131n\u0131\u00f1 m\u00fcftisi ac\u0131 Emirali Ablayev ve bayram te\u015fkil\u00e2t\u00e7\u0131lar\u0131ndan biri Ayder Acimambetov sana\u011fa k\u00f6terildiler.<\/p>\n\n\n\n<p>&#8220;Bug\u00fcn bu meydanda b\u00fcy\u00fck bayram \u2013 Q\u0131r\u0131mtatar milliy bayraq k\u00fcn\u00fc. Bu \u2013 dedelerimizni\u00f1 \u00e7oqy\u0131ll\u0131q arzus\u0131 edi. Olar canlar\u0131n\u0131 orta\u011fa qoy\u0131p k\u00fcre\u015ftiler ki, bayra\u011f\u0131m\u0131z kene Vatan\u011fa qayts\u0131n, &#8211; dedi m\u00fcfti efendi. Q\u0131r\u0131mtatarlarn\u0131\u00f1 er bir nesili halq\u0131m\u0131z \u00e7ekken o k\u00fcnlerini unutmamal\u0131. Teess\u00fcf ki, k\u00fcre\u015fni ba\u015fla\u011fan insanlarn\u0131\u00f1 say\u0131s\u0131 k\u00fcnden-k\u00fcnge eksile. Olarn\u0131\u00f1 unutmamaq \u2013 bizim borcum\u0131zdar&#8221;.<\/p>\n\n\n\n<p>Q\u0131r\u0131m musulmanlar\u0131n\u0131\u00f1 m\u00fcftisi ac\u0131 Emirali Ablayev \u00fcyken nesil q\u0131r\u0131mtatar gen\u00e7lerini\u00f1 milliy ruhu ve terbiyesinen \u011fururlan\u011fan\u0131n\u0131 s\u00f6ylep, ya\u015flar\u011fa Allahtan \u011fayr\u0131 ba\u015fqa i\u00e7 bir kimseni\u00f1 \u00f6g\u00fcnde tiz \u00e7\u00f6kmemekni tenbiyeledi. &#8220;B\u00f6yle qocaman bayram ke\u00e7irmekni halq\u0131m\u0131z \u00e7oq y\u0131llar tasavur bile etalmad\u0131, &#8211; dep ba\u015flad\u0131 M\u00fcftiden so\u00f1 s\u00f6z al\u011fan Refat \u00c7ubarov. \u2013 Eminim ki, bug\u00fcn m\u0131nda yelpiregen bayraqlar m\u0131tlaqa \u00fck\u00fcmet binalar\u0131nda da tiklenecek.<\/p>\n\n\n\n<p>Eger biz bayra\u011f\u0131m\u0131zn\u0131 elimizde qaviy tutsaq, o binalarn\u0131\u00f1 t\u00f6pesinde de bayra\u011f\u0131m\u0131zn\u0131 tiklermiz. Eger bir birlikli ol\u0131p, biri-birimizni sevsek o \u00f6z ana topra\u011f\u0131m\u0131z\u011fa saip olurm\u0131z&#8221;. Refat \u00c7ubarov bun\u0131\u00f1 kibi de bayram te\u015fkil\u00e2t\u00e7\u0131lar\u0131n\u0131\u00f1 i\u015fine y\u00fcksek q\u0131ymet kesip, Romaniyadan bayramda i\u015ftirak etmek i\u00e7\u00fcn kelgen balalar\u011fa da te\u015fekk\u00fcrler bildirdi. &#8220;Q\u0131r\u0131mtatar bayra\u011f\u0131 er kes bu meydan\u011fa toplad\u0131&#8221;, &#8211; dedi Q\u0131r\u0131mtatar halq\u0131 Meclisi reisini\u00f1 birinci muavini, B\u00fct\u00fcnd\u00fcnya q\u0131r\u0131mtatarlar kongressini\u00f1 prezidenti.<\/p>\n\n\n\n<p>Hay\u0131rlav s\u00f6zlerinden so\u00f1 bayram arfesinde il\u00e2n etilgen bir s\u0131ra yar\u0131\u015flarn\u0131\u00f1 \u011faliplerini muk\u00e2fatlav merasimi ke\u00e7irildi.<br>Bayramn\u0131 q\u0131r\u0131mtatar estradas\u0131n\u0131\u00f1 y\u0131ld\u0131zlar\u0131 yara\u015ft\u0131rd\u0131lar.<\/p>\n\n\n\n<figure class=\"wp-block-gallery columns-3 is-cropped wp-block-gallery-1 is-layout-flex wp-block-gallery-is-layout-flex\"><ul class=\"blocks-gallery-grid\"><li class=\"blocks-gallery-item\"><figure><a href=\"http:\/\/qtmm.org\/wp-content\/uploads\/2022\/01\/4fec1f4a08fed.jpeg\"><img loading=\"lazy\" decoding=\"async\" width=\"640\" height=\"480\" src=\"http:\/\/qtmm.org\/wp-content\/uploads\/2022\/01\/4fec1f4a08fed.jpeg\" alt=\"\" data-id=\"32092\" data-full-url=\"http:\/\/qtmm.org\/wp-content\/uploads\/2022\/01\/4fec1f4a08fed.jpeg\" data-link=\"http:\/\/qtmm.org\/qt\/?attachment_id=32092\" class=\"wp-image-32092\" srcset=\"https:\/\/qtmm.org\/wp-content\/uploads\/2022\/01\/4fec1f4a08fed.jpeg 640w, https:\/\/qtmm.org\/wp-content\/uploads\/2022\/01\/4fec1f4a08fed-300x225.jpeg 300w\" sizes=\"auto, (max-width: 640px) 100vw, 640px\" \/><\/a><\/figure><\/li><li class=\"blocks-gallery-item\"><figure><a href=\"http:\/\/qtmm.org\/wp-content\/uploads\/2022\/01\/4fec1f4a5856f.jpeg\"><img loading=\"lazy\" decoding=\"async\" width=\"640\" height=\"480\" src=\"http:\/\/qtmm.org\/wp-content\/uploads\/2022\/01\/4fec1f4a5856f.jpeg\" alt=\"\" data-id=\"32096\" data-full-url=\"http:\/\/qtmm.org\/wp-content\/uploads\/2022\/01\/4fec1f4a5856f.jpeg\" data-link=\"http:\/\/qtmm.org\/qt\/?attachment_id=32096\" class=\"wp-image-32096\" srcset=\"https:\/\/qtmm.org\/wp-content\/uploads\/2022\/01\/4fec1f4a5856f.jpeg 640w, https:\/\/qtmm.org\/wp-content\/uploads\/2022\/01\/4fec1f4a5856f-300x225.jpeg 300w\" sizes=\"auto, (max-width: 640px) 100vw, 640px\" \/><\/a><\/figure><\/li><li class=\"blocks-gallery-item\"><figure><a href=\"http:\/\/qtmm.org\/wp-content\/uploads\/2022\/01\/4fec1f4aa9a31.jpeg\"><img loading=\"lazy\" decoding=\"async\" width=\"640\" height=\"480\" src=\"http:\/\/qtmm.org\/wp-content\/uploads\/2022\/01\/4fec1f4aa9a31.jpeg\" alt=\"\" data-id=\"32100\" data-full-url=\"http:\/\/qtmm.org\/wp-content\/uploads\/2022\/01\/4fec1f4aa9a31.jpeg\" data-link=\"http:\/\/qtmm.org\/qt\/?attachment_id=32100\" class=\"wp-image-32100\" srcset=\"https:\/\/qtmm.org\/wp-content\/uploads\/2022\/01\/4fec1f4aa9a31.jpeg 640w, https:\/\/qtmm.org\/wp-content\/uploads\/2022\/01\/4fec1f4aa9a31-300x225.jpeg 300w\" sizes=\"auto, (max-width: 640px) 100vw, 640px\" \/><\/a><\/figure><\/li><li class=\"blocks-gallery-item\"><figure><a href=\"http:\/\/qtmm.org\/wp-content\/uploads\/2022\/01\/4fec1f4b041be.jpeg\"><img loading=\"lazy\" decoding=\"async\" width=\"640\" height=\"480\" src=\"http:\/\/qtmm.org\/wp-content\/uploads\/2022\/01\/4fec1f4b041be.jpeg\" alt=\"\" data-id=\"32104\" data-full-url=\"http:\/\/qtmm.org\/wp-content\/uploads\/2022\/01\/4fec1f4b041be.jpeg\" data-link=\"http:\/\/qtmm.org\/qt\/?attachment_id=32104\" class=\"wp-image-32104\" srcset=\"https:\/\/qtmm.org\/wp-content\/uploads\/2022\/01\/4fec1f4b041be.jpeg 640w, https:\/\/qtmm.org\/wp-content\/uploads\/2022\/01\/4fec1f4b041be-300x225.jpeg 300w\" sizes=\"auto, (max-width: 640px) 100vw, 640px\" \/><\/a><\/figure><\/li><li class=\"blocks-gallery-item\"><figure><a href=\"http:\/\/qtmm.org\/wp-content\/uploads\/2022\/01\/4fec1f4b55298.jpeg\"><img loading=\"lazy\" decoding=\"async\" width=\"640\" height=\"480\" src=\"http:\/\/qtmm.org\/wp-content\/uploads\/2022\/01\/4fec1f4b55298.jpeg\" alt=\"\" data-id=\"32108\" data-full-url=\"http:\/\/qtmm.org\/wp-content\/uploads\/2022\/01\/4fec1f4b55298.jpeg\" data-link=\"http:\/\/qtmm.org\/qt\/?attachment_id=32108\" class=\"wp-image-32108\" srcset=\"https:\/\/qtmm.org\/wp-content\/uploads\/2022\/01\/4fec1f4b55298.jpeg 640w, https:\/\/qtmm.org\/wp-content\/uploads\/2022\/01\/4fec1f4b55298-300x225.jpeg 300w\" sizes=\"auto, (max-width: 640px) 100vw, 640px\" \/><\/a><\/figure><\/li><li class=\"blocks-gallery-item\"><figure><a href=\"http:\/\/qtmm.org\/wp-content\/uploads\/2022\/01\/4fec1f4ba53d4.jpeg\"><img loading=\"lazy\" decoding=\"async\" width=\"640\" height=\"480\" src=\"http:\/\/qtmm.org\/wp-content\/uploads\/2022\/01\/4fec1f4ba53d4.jpeg\" alt=\"\" data-id=\"32112\" data-full-url=\"http:\/\/qtmm.org\/wp-content\/uploads\/2022\/01\/4fec1f4ba53d4.jpeg\" data-link=\"http:\/\/qtmm.org\/qt\/?attachment_id=32112\" class=\"wp-image-32112\" srcset=\"https:\/\/qtmm.org\/wp-content\/uploads\/2022\/01\/4fec1f4ba53d4.jpeg 640w, https:\/\/qtmm.org\/wp-content\/uploads\/2022\/01\/4fec1f4ba53d4-300x225.jpeg 300w\" sizes=\"auto, (max-width: 640px) 100vw, 640px\" \/><\/a><\/figure><\/li><li class=\"blocks-gallery-item\"><figure><a href=\"http:\/\/qtmm.org\/wp-content\/uploads\/2022\/01\/4fec1f4c01a9f.jpeg\"><img loading=\"lazy\" decoding=\"async\" width=\"640\" height=\"480\" src=\"http:\/\/qtmm.org\/wp-content\/uploads\/2022\/01\/4fec1f4c01a9f.jpeg\" alt=\"\" data-id=\"32116\" data-full-url=\"http:\/\/qtmm.org\/wp-content\/uploads\/2022\/01\/4fec1f4c01a9f.jpeg\" data-link=\"http:\/\/qtmm.org\/qt\/?attachment_id=32116\" class=\"wp-image-32116\" srcset=\"https:\/\/qtmm.org\/wp-content\/uploads\/2022\/01\/4fec1f4c01a9f.jpeg 640w, https:\/\/qtmm.org\/wp-content\/uploads\/2022\/01\/4fec1f4c01a9f-300x225.jpeg 300w\" sizes=\"auto, (max-width: 640px) 100vw, 640px\" \/><\/a><\/figure><\/li><li class=\"blocks-gallery-item\"><figure><a href=\"http:\/\/qtmm.org\/wp-content\/uploads\/2022\/01\/4fec1f45a966e.jpeg\"><img loading=\"lazy\" decoding=\"async\" width=\"640\" height=\"480\" src=\"http:\/\/qtmm.org\/wp-content\/uploads\/2022\/01\/4fec1f45a966e.jpeg\" alt=\"\" data-id=\"32120\" data-full-url=\"http:\/\/qtmm.org\/wp-content\/uploads\/2022\/01\/4fec1f45a966e.jpeg\" data-link=\"http:\/\/qtmm.org\/qt\/?attachment_id=32120\" class=\"wp-image-32120\" srcset=\"https:\/\/qtmm.org\/wp-content\/uploads\/2022\/01\/4fec1f45a966e.jpeg 640w, https:\/\/qtmm.org\/wp-content\/uploads\/2022\/01\/4fec1f45a966e-300x225.jpeg 300w\" sizes=\"auto, (max-width: 640px) 100vw, 640px\" \/><\/a><\/figure><\/li><li class=\"blocks-gallery-item\"><figure><a href=\"http:\/\/qtmm.org\/wp-content\/uploads\/2022\/01\/4fec1f46abd9b.jpeg\"><img loading=\"lazy\" decoding=\"async\" width=\"640\" height=\"480\" src=\"http:\/\/qtmm.org\/wp-content\/uploads\/2022\/01\/4fec1f46abd9b.jpeg\" alt=\"\" data-id=\"32124\" data-full-url=\"http:\/\/qtmm.org\/wp-content\/uploads\/2022\/01\/4fec1f46abd9b.jpeg\" data-link=\"http:\/\/qtmm.org\/qt\/?attachment_id=32124\" class=\"wp-image-32124\" srcset=\"https:\/\/qtmm.org\/wp-content\/uploads\/2022\/01\/4fec1f46abd9b.jpeg 640w, https:\/\/qtmm.org\/wp-content\/uploads\/2022\/01\/4fec1f46abd9b-300x225.jpeg 300w\" sizes=\"auto, (max-width: 640px) 100vw, 640px\" \/><\/a><\/figure><\/li><li class=\"blocks-gallery-item\"><figure><a href=\"http:\/\/qtmm.org\/wp-content\/uploads\/2022\/01\/4fec1f47ae49b.jpeg\"><img loading=\"lazy\" decoding=\"async\" width=\"640\" height=\"480\" src=\"http:\/\/qtmm.org\/wp-content\/uploads\/2022\/01\/4fec1f47ae49b.jpeg\" alt=\"\" data-id=\"32128\" data-full-url=\"http:\/\/qtmm.org\/wp-content\/uploads\/2022\/01\/4fec1f47ae49b.jpeg\" data-link=\"http:\/\/qtmm.org\/qt\/?attachment_id=32128\" class=\"wp-image-32128\" srcset=\"https:\/\/qtmm.org\/wp-content\/uploads\/2022\/01\/4fec1f47ae49b.jpeg 640w, https:\/\/qtmm.org\/wp-content\/uploads\/2022\/01\/4fec1f47ae49b-300x225.jpeg 300w\" sizes=\"auto, (max-width: 640px) 100vw, 640px\" \/><\/a><\/figure><\/li><li class=\"blocks-gallery-item\"><figure><a href=\"http:\/\/qtmm.org\/wp-content\/uploads\/2022\/01\/4fec1f48abd8c.jpeg\"><img loading=\"lazy\" decoding=\"async\" width=\"640\" height=\"480\" src=\"http:\/\/qtmm.org\/wp-content\/uploads\/2022\/01\/4fec1f48abd8c.jpeg\" alt=\"\" data-id=\"32132\" data-full-url=\"http:\/\/qtmm.org\/wp-content\/uploads\/2022\/01\/4fec1f48abd8c.jpeg\" data-link=\"http:\/\/qtmm.org\/qt\/?attachment_id=32132\" class=\"wp-image-32132\" srcset=\"https:\/\/qtmm.org\/wp-content\/uploads\/2022\/01\/4fec1f48abd8c.jpeg 640w, https:\/\/qtmm.org\/wp-content\/uploads\/2022\/01\/4fec1f48abd8c-300x225.jpeg 300w\" sizes=\"auto, (max-width: 640px) 100vw, 640px\" \/><\/a><\/figure><\/li><li class=\"blocks-gallery-item\"><figure><a href=\"http:\/\/qtmm.org\/wp-content\/uploads\/2022\/01\/4fec1f49aadde.jpeg\"><img loading=\"lazy\" decoding=\"async\" width=\"640\" height=\"480\" src=\"http:\/\/qtmm.org\/wp-content\/uploads\/2022\/01\/4fec1f49aadde.jpeg\" alt=\"\" data-id=\"32136\" data-full-url=\"http:\/\/qtmm.org\/wp-content\/uploads\/2022\/01\/4fec1f49aadde.jpeg\" data-link=\"http:\/\/qtmm.org\/qt\/?attachment_id=32136\" class=\"wp-image-32136\" srcset=\"https:\/\/qtmm.org\/wp-content\/uploads\/2022\/01\/4fec1f49aadde.jpeg 640w, https:\/\/qtmm.org\/wp-content\/uploads\/2022\/01\/4fec1f49aadde-300x225.jpeg 300w\" sizes=\"auto, (max-width: 640px) 100vw, 640px\" \/><\/a><\/figure><\/li><li class=\"blocks-gallery-item\"><figure><a href=\"http:\/\/qtmm.org\/wp-content\/uploads\/2022\/01\/4fec1f470bb16.jpeg\"><img loading=\"lazy\" decoding=\"async\" width=\"640\" height=\"480\" src=\"http:\/\/qtmm.org\/wp-content\/uploads\/2022\/01\/4fec1f470bb16.jpeg\" alt=\"\" data-id=\"32140\" data-full-url=\"http:\/\/qtmm.org\/wp-content\/uploads\/2022\/01\/4fec1f470bb16.jpeg\" data-link=\"http:\/\/qtmm.org\/qt\/?attachment_id=32140\" class=\"wp-image-32140\" srcset=\"https:\/\/qtmm.org\/wp-content\/uploads\/2022\/01\/4fec1f470bb16.jpeg 640w, https:\/\/qtmm.org\/wp-content\/uploads\/2022\/01\/4fec1f470bb16-300x225.jpeg 300w\" sizes=\"auto, (max-width: 640px) 100vw, 640px\" \/><\/a><\/figure><\/li><li class=\"blocks-gallery-item\"><figure><a href=\"http:\/\/qtmm.org\/wp-content\/uploads\/2022\/01\/4fec1f475d7a8.jpeg\"><img loading=\"lazy\" decoding=\"async\" width=\"640\" height=\"480\" src=\"http:\/\/qtmm.org\/wp-content\/uploads\/2022\/01\/4fec1f475d7a8.jpeg\" alt=\"\" data-id=\"32144\" data-full-url=\"http:\/\/qtmm.org\/wp-content\/uploads\/2022\/01\/4fec1f475d7a8.jpeg\" data-link=\"http:\/\/qtmm.org\/qt\/?attachment_id=32144\" class=\"wp-image-32144\" srcset=\"https:\/\/qtmm.org\/wp-content\/uploads\/2022\/01\/4fec1f475d7a8.jpeg 640w, https:\/\/qtmm.org\/wp-content\/uploads\/2022\/01\/4fec1f475d7a8-300x225.jpeg 300w\" sizes=\"auto, (max-width: 640px) 100vw, 640px\" \/><\/a><\/figure><\/li><li class=\"blocks-gallery-item\"><figure><a href=\"http:\/\/qtmm.org\/wp-content\/uploads\/2022\/01\/4fec1f485b483.jpeg\"><img loading=\"lazy\" decoding=\"async\" width=\"640\" height=\"480\" src=\"http:\/\/qtmm.org\/wp-content\/uploads\/2022\/01\/4fec1f485b483.jpeg\" alt=\"\" data-id=\"32148\" data-full-url=\"http:\/\/qtmm.org\/wp-content\/uploads\/2022\/01\/4fec1f485b483.jpeg\" data-link=\"http:\/\/qtmm.org\/qt\/?attachment_id=32148\" class=\"wp-image-32148\" srcset=\"https:\/\/qtmm.org\/wp-content\/uploads\/2022\/01\/4fec1f485b483.jpeg 640w, https:\/\/qtmm.org\/wp-content\/uploads\/2022\/01\/4fec1f485b483-300x225.jpeg 300w\" sizes=\"auto, (max-width: 640px) 100vw, 640px\" \/><\/a><\/figure><\/li><li class=\"blocks-gallery-item\"><figure><a href=\"http:\/\/qtmm.org\/wp-content\/uploads\/2022\/01\/4fec1f495b472.jpeg\"><img loading=\"lazy\" decoding=\"async\" width=\"640\" height=\"480\" src=\"http:\/\/qtmm.org\/wp-content\/uploads\/2022\/01\/4fec1f495b472.jpeg\" alt=\"\" data-id=\"32152\" data-full-url=\"http:\/\/qtmm.org\/wp-content\/uploads\/2022\/01\/4fec1f495b472.jpeg\" data-link=\"http:\/\/qtmm.org\/qt\/?attachment_id=32152\" class=\"wp-image-32152\" srcset=\"https:\/\/qtmm.org\/wp-content\/uploads\/2022\/01\/4fec1f495b472.jpeg 640w, https:\/\/qtmm.org\/wp-content\/uploads\/2022\/01\/4fec1f495b472-300x225.jpeg 300w\" sizes=\"auto, (max-width: 640px) 100vw, 640px\" \/><\/a><\/figure><\/li><li class=\"blocks-gallery-item\"><figure><a href=\"http:\/\/qtmm.org\/wp-content\/uploads\/2022\/01\/4fec1f4557dc4.jpeg\"><img loading=\"lazy\" decoding=\"async\" width=\"640\" height=\"480\" src=\"http:\/\/qtmm.org\/wp-content\/uploads\/2022\/01\/4fec1f4557dc4.jpeg\" alt=\"\" data-id=\"32156\" data-full-url=\"http:\/\/qtmm.org\/wp-content\/uploads\/2022\/01\/4fec1f4557dc4.jpeg\" data-link=\"http:\/\/qtmm.org\/qt\/?attachment_id=32156\" class=\"wp-image-32156\" srcset=\"https:\/\/qtmm.org\/wp-content\/uploads\/2022\/01\/4fec1f4557dc4.jpeg 640w, https:\/\/qtmm.org\/wp-content\/uploads\/2022\/01\/4fec1f4557dc4-300x225.jpeg 300w\" sizes=\"auto, (max-width: 640px) 100vw, 640px\" \/><\/a><\/figure><\/li><li class=\"blocks-gallery-item\"><figure><a href=\"http:\/\/qtmm.org\/wp-content\/uploads\/2022\/01\/4fec1f4809fad.jpeg\"><img loading=\"lazy\" decoding=\"async\" width=\"640\" height=\"480\" src=\"http:\/\/qtmm.org\/wp-content\/uploads\/2022\/01\/4fec1f4809fad.jpeg\" alt=\"\" data-id=\"32160\" data-full-url=\"http:\/\/qtmm.org\/wp-content\/uploads\/2022\/01\/4fec1f4809fad.jpeg\" data-link=\"http:\/\/qtmm.org\/qt\/?attachment_id=32160\" class=\"wp-image-32160\" srcset=\"https:\/\/qtmm.org\/wp-content\/uploads\/2022\/01\/4fec1f4809fad.jpeg 640w, https:\/\/qtmm.org\/wp-content\/uploads\/2022\/01\/4fec1f4809fad-300x225.jpeg 300w\" sizes=\"auto, (max-width: 640px) 100vw, 640px\" \/><\/a><\/figure><\/li><li class=\"blocks-gallery-item\"><figure><a href=\"http:\/\/qtmm.org\/wp-content\/uploads\/2022\/01\/4fec1f4909faf.jpeg\"><img loading=\"lazy\" decoding=\"async\" width=\"640\" height=\"480\" src=\"http:\/\/qtmm.org\/wp-content\/uploads\/2022\/01\/4fec1f4909faf.jpeg\" alt=\"\" data-id=\"32164\" data-full-url=\"http:\/\/qtmm.org\/wp-content\/uploads\/2022\/01\/4fec1f4909faf.jpeg\" data-link=\"http:\/\/qtmm.org\/qt\/?attachment_id=32164\" class=\"wp-image-32164\" srcset=\"https:\/\/qtmm.org\/wp-content\/uploads\/2022\/01\/4fec1f4909faf.jpeg 640w, https:\/\/qtmm.org\/wp-content\/uploads\/2022\/01\/4fec1f4909faf-300x225.jpeg 300w\" sizes=\"auto, (max-width: 640px) 100vw, 640px\" \/><\/a><\/figure><\/li><li class=\"blocks-gallery-item\"><figure><a href=\"http:\/\/qtmm.org\/wp-content\/uploads\/2022\/01\/4fec1f4608475.jpeg\"><img loading=\"lazy\" decoding=\"async\" width=\"640\" height=\"480\" src=\"http:\/\/qtmm.org\/wp-content\/uploads\/2022\/01\/4fec1f4608475.jpeg\" alt=\"\" data-id=\"32168\" data-full-url=\"http:\/\/qtmm.org\/wp-content\/uploads\/2022\/01\/4fec1f4608475.jpeg\" data-link=\"http:\/\/qtmm.org\/qt\/?attachment_id=32168\" class=\"wp-image-32168\" srcset=\"https:\/\/qtmm.org\/wp-content\/uploads\/2022\/01\/4fec1f4608475.jpeg 640w, https:\/\/qtmm.org\/wp-content\/uploads\/2022\/01\/4fec1f4608475-300x225.jpeg 300w\" sizes=\"auto, (max-width: 640px) 100vw, 640px\" \/><\/a><\/figure><\/li><li class=\"blocks-gallery-item\"><figure><a href=\"http:\/\/qtmm.org\/wp-content\/uploads\/2022\/01\/4fec1f4658998.jpeg\"><img loading=\"lazy\" decoding=\"async\" width=\"640\" height=\"480\" src=\"http:\/\/qtmm.org\/wp-content\/uploads\/2022\/01\/4fec1f4658998.jpeg\" alt=\"\" data-id=\"32172\" data-full-url=\"http:\/\/qtmm.org\/wp-content\/uploads\/2022\/01\/4fec1f4658998.jpeg\" data-link=\"http:\/\/qtmm.org\/qt\/?attachment_id=32172\" class=\"wp-image-32172\" srcset=\"https:\/\/qtmm.org\/wp-content\/uploads\/2022\/01\/4fec1f4658998.jpeg 640w, https:\/\/qtmm.org\/wp-content\/uploads\/2022\/01\/4fec1f4658998-300x225.jpeg 300w\" sizes=\"auto, (max-width: 640px) 100vw, 640px\" \/><\/a><\/figure><\/li><\/ul><\/figure>\n","protected":false},"excerpt":{"rendered":"<p>26 iy\u00fcn k\u00fcn\u00fc Aqmescitni\u00f1 merkeziy meydan\u0131nda Q\u0131r\u0131mtatar milliy bayraq k\u00fcn\u00fc qayd etildi . &#8220;Ya\u015flar \u015furas\u0131&#8221;, &#8220;Qarda\u015fl\u0131q&#8221;, &#8220;Ya\u015flar sedas\u0131&#8221; gen\u00e7ler te\u015fkil\u00e2tlar\u0131n\u0131\u00f1 te\u015febb\u00fcsi ve te\u015fkil\u00e2t\u00e7\u0131l\u0131\u011f\u0131nda er y\u0131l\u0131 \u00f6tkerilgen bayram Meclis ve B\u00fct\u00fcnd\u00fcnya q\u0131r\u0131mtatarlar kongressini\u00f1 qoltutuv\u0131nda ke\u00e7irile. Bayram tedbirleri \u00e7er\u00e7ivesinde iy\u00fcn 26 k\u00fcn\u00fc saba &#8220;Aqmescit \u2013 Ba\u011f\u00e7asaray &#8211; Aqyar&#8221;, &#8220;Aqmescit \u2013 Saq \u2013 Kezlev&#8221;, &#8220;Aqmescit \u2013 B\u00fcy\u00fck Onlar [&hellip;]<\/p>\n","protected":false},"author":1,"featured_media":32092,"comment_status":"open","ping_status":"open","sticky":false,"template":"","format":"standard","meta":{"inline_featured_image":false,"footnotes":""},"categories":[265],"tags":[],"class_list":["post-32091","post","type-post","status-publish","format-standard","has-post-thumbnail","hentry","category-haberler"],"acf":[],"yoast_head":"<!-- This site is optimized with the Yoast SEO plugin v27.4 - https:\/\/yoast.com\/product\/yoast-seo-wordpress\/ -->\n<title>Q\u0131r\u0131mda Milliy bayraq k\u00fcn\u00fc qayd etildi - \u041c\u0435\u0434\u0436\u043b\u0456\u0441<\/title>\n<meta name=\"robots\" content=\"index, follow, max-snippet:-1, max-image-preview:large, max-video-preview:-1\" \/>\n<link rel=\"canonical\" href=\"https:\/\/qtmm.org\/qt\/qirimda-milliy-bayraq-kunu-qayd-etildi\/\" \/>\n<meta property=\"og:locale\" content=\"en_US\" \/>\n<meta property=\"og:type\" content=\"article\" \/>\n<meta property=\"og:title\" content=\"Q\u0131r\u0131mda Milliy bayraq k\u00fcn\u00fc qayd etildi - \u041c\u0435\u0434\u0436\u043b\u0456\u0441\" \/>\n<meta property=\"og:description\" content=\"26 iy\u00fcn k\u00fcn\u00fc Aqmescitni\u00f1 merkeziy meydan\u0131nda Q\u0131r\u0131mtatar milliy bayraq k\u00fcn\u00fc qayd etildi . &#8220;Ya\u015flar \u015furas\u0131&#8221;, &#8220;Qarda\u015fl\u0131q&#8221;, &#8220;Ya\u015flar sedas\u0131&#8221; gen\u00e7ler te\u015fkil\u00e2tlar\u0131n\u0131\u00f1 te\u015febb\u00fcsi ve te\u015fkil\u00e2t\u00e7\u0131l\u0131\u011f\u0131nda er y\u0131l\u0131 \u00f6tkerilgen bayram Meclis ve B\u00fct\u00fcnd\u00fcnya q\u0131r\u0131mtatarlar kongressini\u00f1 qoltutuv\u0131nda ke\u00e7irile. Bayram tedbirleri \u00e7er\u00e7ivesinde iy\u00fcn 26 k\u00fcn\u00fc saba &#8220;Aqmescit \u2013 Ba\u011f\u00e7asaray &#8211; Aqyar&#8221;, &#8220;Aqmescit \u2013 Saq \u2013 Kezlev&#8221;, &#8220;Aqmescit \u2013 B\u00fcy\u00fck Onlar [&hellip;]\" \/>\n<meta property=\"og:url\" content=\"https:\/\/qtmm.org\/qt\/qirimda-milliy-bayraq-kunu-qayd-etildi\/\" \/>\n<meta property=\"og:site_name\" content=\"\u041c\u0435\u0434\u0436\u043b\u0456\u0441\" \/>\n<meta property=\"article:publisher\" content=\"https:\/\/www.facebook.com\/qtmm.info\/\" \/>\n<meta property=\"article:published_time\" content=\"2012-06-27T18:41:00+00:00\" \/>\n<meta property=\"article:modified_time\" content=\"2022-01-21T18:43:49+00:00\" \/>\n<meta property=\"og:image\" content=\"https:\/\/qtmm.org\/wp-content\/uploads\/2022\/01\/4fec1f4a08fed.jpeg\" \/>\n\t<meta property=\"og:image:width\" content=\"640\" \/>\n\t<meta property=\"og:image:height\" content=\"480\" \/>\n\t<meta property=\"og:image:type\" content=\"image\/jpeg\" \/>\n<meta name=\"author\" content=\"Developer\" \/>\n<meta name=\"twitter:card\" content=\"summary_large_image\" \/>\n<meta name=\"twitter:label1\" content=\"Written by\" \/>\n\t<meta name=\"twitter:data1\" content=\"Developer\" \/>\n\t<meta name=\"twitter:label2\" content=\"Est. reading time\" \/>\n\t<meta name=\"twitter:data2\" content=\"3 minutes\" \/>\n<script type=\"application\/ld+json\" class=\"yoast-schema-graph\">{\"@context\":\"https:\\\/\\\/schema.org\",\"@graph\":[{\"@type\":\"Article\",\"@id\":\"https:\\\/\\\/qtmm.org\\\/qt\\\/qirimda-milliy-bayraq-kunu-qayd-etildi\\\/#article\",\"isPartOf\":{\"@id\":\"https:\\\/\\\/qtmm.org\\\/qt\\\/qirimda-milliy-bayraq-kunu-qayd-etildi\\\/\"},\"author\":{\"name\":\"Developer\",\"@id\":\"https:\\\/\\\/qtmm.org\\\/qt\\\/#\\\/schema\\\/person\\\/de562469f971dec226ac06e60bbf74a7\"},\"headline\":\"Q\u0131r\u0131mda Milliy bayraq k\u00fcn\u00fc qayd etildi\",\"datePublished\":\"2012-06-27T18:41:00+00:00\",\"dateModified\":\"2022-01-21T18:43:49+00:00\",\"mainEntityOfPage\":{\"@id\":\"https:\\\/\\\/qtmm.org\\\/qt\\\/qirimda-milliy-bayraq-kunu-qayd-etildi\\\/\"},\"wordCount\":564,\"commentCount\":0,\"publisher\":{\"@id\":\"https:\\\/\\\/qtmm.org\\\/qt\\\/#organization\"},\"image\":{\"@id\":\"https:\\\/\\\/qtmm.org\\\/qt\\\/qirimda-milliy-bayraq-kunu-qayd-etildi\\\/#primaryimage\"},\"thumbnailUrl\":\"https:\\\/\\\/qtmm.org\\\/wp-content\\\/uploads\\\/2022\\\/01\\\/4fec1f4a08fed.jpeg\",\"articleSection\":[\"Haberler\"],\"inLanguage\":\"qt\",\"potentialAction\":[{\"@type\":\"CommentAction\",\"name\":\"Comment\",\"target\":[\"https:\\\/\\\/qtmm.org\\\/qt\\\/qirimda-milliy-bayraq-kunu-qayd-etildi\\\/#respond\"]}]},{\"@type\":\"WebPage\",\"@id\":\"https:\\\/\\\/qtmm.org\\\/qt\\\/qirimda-milliy-bayraq-kunu-qayd-etildi\\\/\",\"url\":\"https:\\\/\\\/qtmm.org\\\/qt\\\/qirimda-milliy-bayraq-kunu-qayd-etildi\\\/\",\"name\":\"Q\u0131r\u0131mda Milliy bayraq k\u00fcn\u00fc qayd etildi - \u041c\u0435\u0434\u0436\u043b\u0456\u0441\",\"isPartOf\":{\"@id\":\"https:\\\/\\\/qtmm.org\\\/qt\\\/#website\"},\"primaryImageOfPage\":{\"@id\":\"https:\\\/\\\/qtmm.org\\\/qt\\\/qirimda-milliy-bayraq-kunu-qayd-etildi\\\/#primaryimage\"},\"image\":{\"@id\":\"https:\\\/\\\/qtmm.org\\\/qt\\\/qirimda-milliy-bayraq-kunu-qayd-etildi\\\/#primaryimage\"},\"thumbnailUrl\":\"https:\\\/\\\/qtmm.org\\\/wp-content\\\/uploads\\\/2022\\\/01\\\/4fec1f4a08fed.jpeg\",\"datePublished\":\"2012-06-27T18:41:00+00:00\",\"dateModified\":\"2022-01-21T18:43:49+00:00\",\"breadcrumb\":{\"@id\":\"https:\\\/\\\/qtmm.org\\\/qt\\\/qirimda-milliy-bayraq-kunu-qayd-etildi\\\/#breadcrumb\"},\"inLanguage\":\"qt\",\"potentialAction\":[{\"@type\":\"ReadAction\",\"target\":[\"https:\\\/\\\/qtmm.org\\\/qt\\\/qirimda-milliy-bayraq-kunu-qayd-etildi\\\/\"]}]},{\"@type\":\"ImageObject\",\"inLanguage\":\"qt\",\"@id\":\"https:\\\/\\\/qtmm.org\\\/qt\\\/qirimda-milliy-bayraq-kunu-qayd-etildi\\\/#primaryimage\",\"url\":\"https:\\\/\\\/qtmm.org\\\/wp-content\\\/uploads\\\/2022\\\/01\\\/4fec1f4a08fed.jpeg\",\"contentUrl\":\"https:\\\/\\\/qtmm.org\\\/wp-content\\\/uploads\\\/2022\\\/01\\\/4fec1f4a08fed.jpeg\",\"width\":640,\"height\":480},{\"@type\":\"BreadcrumbList\",\"@id\":\"https:\\\/\\\/qtmm.org\\\/qt\\\/qirimda-milliy-bayraq-kunu-qayd-etildi\\\/#breadcrumb\",\"itemListElement\":[{\"@type\":\"ListItem\",\"position\":1,\"name\":\"\u0413\u043e\u043b\u043e\u0432\u043d\u0430\",\"item\":\"https:\\\/\\\/qtmm.org\\\/qt\\\/\"},{\"@type\":\"ListItem\",\"position\":2,\"name\":\"Q\u0131r\u0131mda Milliy bayraq k\u00fcn\u00fc qayd etildi\"}]},{\"@type\":\"WebSite\",\"@id\":\"https:\\\/\\\/qtmm.org\\\/qt\\\/#website\",\"url\":\"https:\\\/\\\/qtmm.org\\\/qt\\\/\",\"name\":\"\u041c\u0435\u0434\u0436\u043b\u0456\u0441\",\"description\":\"\",\"publisher\":{\"@id\":\"https:\\\/\\\/qtmm.org\\\/qt\\\/#organization\"},\"potentialAction\":[{\"@type\":\"SearchAction\",\"target\":{\"@type\":\"EntryPoint\",\"urlTemplate\":\"https:\\\/\\\/qtmm.org\\\/qt\\\/?s={search_term_string}\"},\"query-input\":{\"@type\":\"PropertyValueSpecification\",\"valueRequired\":true,\"valueName\":\"search_term_string\"}}],\"inLanguage\":\"qt\"},{\"@type\":\"Organization\",\"@id\":\"https:\\\/\\\/qtmm.org\\\/qt\\\/#organization\",\"name\":\"\u041c\u0435\u0434\u0436\u043b\u0456\u0441\",\"url\":\"https:\\\/\\\/qtmm.org\\\/qt\\\/\",\"logo\":{\"@type\":\"ImageObject\",\"inLanguage\":\"qt\",\"@id\":\"https:\\\/\\\/qtmm.org\\\/qt\\\/#\\\/schema\\\/logo\\\/image\\\/\",\"url\":\"https:\\\/\\\/qtmm.org\\\/wp-content\\\/uploads\\\/2024\\\/12\\\/ua-mejlis-logo-rgb.svg\",\"contentUrl\":\"https:\\\/\\\/qtmm.org\\\/wp-content\\\/uploads\\\/2024\\\/12\\\/ua-mejlis-logo-rgb.svg\",\"caption\":\"\u041c\u0435\u0434\u0436\u043b\u0456\u0441\"},\"image\":{\"@id\":\"https:\\\/\\\/qtmm.org\\\/qt\\\/#\\\/schema\\\/logo\\\/image\\\/\"},\"sameAs\":[\"https:\\\/\\\/www.facebook.com\\\/qtmm.info\\\/\"]},{\"@type\":\"Person\",\"@id\":\"https:\\\/\\\/qtmm.org\\\/qt\\\/#\\\/schema\\\/person\\\/de562469f971dec226ac06e60bbf74a7\",\"name\":\"Developer\",\"image\":{\"@type\":\"ImageObject\",\"inLanguage\":\"qt\",\"@id\":\"https:\\\/\\\/secure.gravatar.com\\\/avatar\\\/392b4cc8fbfeb00b39dfeeab4ee6edded39ffd48e25858637e4765810300227e?s=96&d=mm&r=g\",\"url\":\"https:\\\/\\\/secure.gravatar.com\\\/avatar\\\/392b4cc8fbfeb00b39dfeeab4ee6edded39ffd48e25858637e4765810300227e?s=96&d=mm&r=g\",\"contentUrl\":\"https:\\\/\\\/secure.gravatar.com\\\/avatar\\\/392b4cc8fbfeb00b39dfeeab4ee6edded39ffd48e25858637e4765810300227e?s=96&d=mm&r=g\",\"caption\":\"Developer\"},\"url\":\"https:\\\/\\\/qtmm.org\\\/qt\\\/author\\\/Developer\\\/\"}]}<\/script>\n<!-- \/ Yoast SEO plugin. -->","yoast_head_json":{"title":"Q\u0131r\u0131mda Milliy bayraq k\u00fcn\u00fc qayd etildi - \u041c\u0435\u0434\u0436\u043b\u0456\u0441","robots":{"index":"index","follow":"follow","max-snippet":"max-snippet:-1","max-image-preview":"max-image-preview:large","max-video-preview":"max-video-preview:-1"},"canonical":"https:\/\/qtmm.org\/qt\/qirimda-milliy-bayraq-kunu-qayd-etildi\/","og_locale":"en_US","og_type":"article","og_title":"Q\u0131r\u0131mda Milliy bayraq k\u00fcn\u00fc qayd etildi - \u041c\u0435\u0434\u0436\u043b\u0456\u0441","og_description":"26 iy\u00fcn k\u00fcn\u00fc Aqmescitni\u00f1 merkeziy meydan\u0131nda Q\u0131r\u0131mtatar milliy bayraq k\u00fcn\u00fc qayd etildi . &#8220;Ya\u015flar \u015furas\u0131&#8221;, &#8220;Qarda\u015fl\u0131q&#8221;, &#8220;Ya\u015flar sedas\u0131&#8221; gen\u00e7ler te\u015fkil\u00e2tlar\u0131n\u0131\u00f1 te\u015febb\u00fcsi ve te\u015fkil\u00e2t\u00e7\u0131l\u0131\u011f\u0131nda er y\u0131l\u0131 \u00f6tkerilgen bayram Meclis ve B\u00fct\u00fcnd\u00fcnya q\u0131r\u0131mtatarlar kongressini\u00f1 qoltutuv\u0131nda ke\u00e7irile. Bayram tedbirleri \u00e7er\u00e7ivesinde iy\u00fcn 26 k\u00fcn\u00fc saba &#8220;Aqmescit \u2013 Ba\u011f\u00e7asaray &#8211; Aqyar&#8221;, &#8220;Aqmescit \u2013 Saq \u2013 Kezlev&#8221;, &#8220;Aqmescit \u2013 B\u00fcy\u00fck Onlar [&hellip;]","og_url":"https:\/\/qtmm.org\/qt\/qirimda-milliy-bayraq-kunu-qayd-etildi\/","og_site_name":"\u041c\u0435\u0434\u0436\u043b\u0456\u0441","article_publisher":"https:\/\/www.facebook.com\/qtmm.info\/","article_published_time":"2012-06-27T18:41:00+00:00","article_modified_time":"2022-01-21T18:43:49+00:00","og_image":[{"width":640,"height":480,"url":"https:\/\/qtmm.org\/wp-content\/uploads\/2022\/01\/4fec1f4a08fed.jpeg","type":"image\/jpeg"}],"author":"Developer","twitter_card":"summary_large_image","twitter_misc":{"Written by":"Developer","Est. reading time":"3 minutes"},"schema":{"@context":"https:\/\/schema.org","@graph":[{"@type":"Article","@id":"https:\/\/qtmm.org\/qt\/qirimda-milliy-bayraq-kunu-qayd-etildi\/#article","isPartOf":{"@id":"https:\/\/qtmm.org\/qt\/qirimda-milliy-bayraq-kunu-qayd-etildi\/"},"author":{"name":"Developer","@id":"https:\/\/qtmm.org\/qt\/#\/schema\/person\/de562469f971dec226ac06e60bbf74a7"},"headline":"Q\u0131r\u0131mda Milliy bayraq k\u00fcn\u00fc qayd etildi","datePublished":"2012-06-27T18:41:00+00:00","dateModified":"2022-01-21T18:43:49+00:00","mainEntityOfPage":{"@id":"https:\/\/qtmm.org\/qt\/qirimda-milliy-bayraq-kunu-qayd-etildi\/"},"wordCount":564,"commentCount":0,"publisher":{"@id":"https:\/\/qtmm.org\/qt\/#organization"},"image":{"@id":"https:\/\/qtmm.org\/qt\/qirimda-milliy-bayraq-kunu-qayd-etildi\/#primaryimage"},"thumbnailUrl":"https:\/\/qtmm.org\/wp-content\/uploads\/2022\/01\/4fec1f4a08fed.jpeg","articleSection":["Haberler"],"inLanguage":"qt","potentialAction":[{"@type":"CommentAction","name":"Comment","target":["https:\/\/qtmm.org\/qt\/qirimda-milliy-bayraq-kunu-qayd-etildi\/#respond"]}]},{"@type":"WebPage","@id":"https:\/\/qtmm.org\/qt\/qirimda-milliy-bayraq-kunu-qayd-etildi\/","url":"https:\/\/qtmm.org\/qt\/qirimda-milliy-bayraq-kunu-qayd-etildi\/","name":"Q\u0131r\u0131mda Milliy bayraq k\u00fcn\u00fc qayd etildi - \u041c\u0435\u0434\u0436\u043b\u0456\u0441","isPartOf":{"@id":"https:\/\/qtmm.org\/qt\/#website"},"primaryImageOfPage":{"@id":"https:\/\/qtmm.org\/qt\/qirimda-milliy-bayraq-kunu-qayd-etildi\/#primaryimage"},"image":{"@id":"https:\/\/qtmm.org\/qt\/qirimda-milliy-bayraq-kunu-qayd-etildi\/#primaryimage"},"thumbnailUrl":"https:\/\/qtmm.org\/wp-content\/uploads\/2022\/01\/4fec1f4a08fed.jpeg","datePublished":"2012-06-27T18:41:00+00:00","dateModified":"2022-01-21T18:43:49+00:00","breadcrumb":{"@id":"https:\/\/qtmm.org\/qt\/qirimda-milliy-bayraq-kunu-qayd-etildi\/#breadcrumb"},"inLanguage":"qt","potentialAction":[{"@type":"ReadAction","target":["https:\/\/qtmm.org\/qt\/qirimda-milliy-bayraq-kunu-qayd-etildi\/"]}]},{"@type":"ImageObject","inLanguage":"qt","@id":"https:\/\/qtmm.org\/qt\/qirimda-milliy-bayraq-kunu-qayd-etildi\/#primaryimage","url":"https:\/\/qtmm.org\/wp-content\/uploads\/2022\/01\/4fec1f4a08fed.jpeg","contentUrl":"https:\/\/qtmm.org\/wp-content\/uploads\/2022\/01\/4fec1f4a08fed.jpeg","width":640,"height":480},{"@type":"BreadcrumbList","@id":"https:\/\/qtmm.org\/qt\/qirimda-milliy-bayraq-kunu-qayd-etildi\/#breadcrumb","itemListElement":[{"@type":"ListItem","position":1,"name":"\u0413\u043e\u043b\u043e\u0432\u043d\u0430","item":"https:\/\/qtmm.org\/qt\/"},{"@type":"ListItem","position":2,"name":"Q\u0131r\u0131mda Milliy bayraq k\u00fcn\u00fc qayd etildi"}]},{"@type":"WebSite","@id":"https:\/\/qtmm.org\/qt\/#website","url":"https:\/\/qtmm.org\/qt\/","name":"\u041c\u0435\u0434\u0436\u043b\u0456\u0441","description":"","publisher":{"@id":"https:\/\/qtmm.org\/qt\/#organization"},"potentialAction":[{"@type":"SearchAction","target":{"@type":"EntryPoint","urlTemplate":"https:\/\/qtmm.org\/qt\/?s={search_term_string}"},"query-input":{"@type":"PropertyValueSpecification","valueRequired":true,"valueName":"search_term_string"}}],"inLanguage":"qt"},{"@type":"Organization","@id":"https:\/\/qtmm.org\/qt\/#organization","name":"\u041c\u0435\u0434\u0436\u043b\u0456\u0441","url":"https:\/\/qtmm.org\/qt\/","logo":{"@type":"ImageObject","inLanguage":"qt","@id":"https:\/\/qtmm.org\/qt\/#\/schema\/logo\/image\/","url":"https:\/\/qtmm.org\/wp-content\/uploads\/2024\/12\/ua-mejlis-logo-rgb.svg","contentUrl":"https:\/\/qtmm.org\/wp-content\/uploads\/2024\/12\/ua-mejlis-logo-rgb.svg","caption":"\u041c\u0435\u0434\u0436\u043b\u0456\u0441"},"image":{"@id":"https:\/\/qtmm.org\/qt\/#\/schema\/logo\/image\/"},"sameAs":["https:\/\/www.facebook.com\/qtmm.info\/"]},{"@type":"Person","@id":"https:\/\/qtmm.org\/qt\/#\/schema\/person\/de562469f971dec226ac06e60bbf74a7","name":"Developer","image":{"@type":"ImageObject","inLanguage":"qt","@id":"https:\/\/secure.gravatar.com\/avatar\/392b4cc8fbfeb00b39dfeeab4ee6edded39ffd48e25858637e4765810300227e?s=96&d=mm&r=g","url":"https:\/\/secure.gravatar.com\/avatar\/392b4cc8fbfeb00b39dfeeab4ee6edded39ffd48e25858637e4765810300227e?s=96&d=mm&r=g","contentUrl":"https:\/\/secure.gravatar.com\/avatar\/392b4cc8fbfeb00b39dfeeab4ee6edded39ffd48e25858637e4765810300227e?s=96&d=mm&r=g","caption":"Developer"},"url":"https:\/\/qtmm.org\/qt\/author\/Developer\/"}]}},"_links":{"self":[{"href":"https:\/\/qtmm.org\/qt\/wp-json\/wp\/v2\/posts\/32091","targetHints":{"allow":["GET"]}}],"collection":[{"href":"https:\/\/qtmm.org\/qt\/wp-json\/wp\/v2\/posts"}],"about":[{"href":"https:\/\/qtmm.org\/qt\/wp-json\/wp\/v2\/types\/post"}],"author":[{"embeddable":true,"href":"https:\/\/qtmm.org\/qt\/wp-json\/wp\/v2\/users\/1"}],"replies":[{"embeddable":true,"href":"https:\/\/qtmm.org\/qt\/wp-json\/wp\/v2\/comments?post=32091"}],"version-history":[{"count":1,"href":"https:\/\/qtmm.org\/qt\/wp-json\/wp\/v2\/posts\/32091\/revisions"}],"predecessor-version":[{"id":32176,"href":"https:\/\/qtmm.org\/qt\/wp-json\/wp\/v2\/posts\/32091\/revisions\/32176"}],"wp:featuredmedia":[{"embeddable":true,"href":"https:\/\/qtmm.org\/qt\/wp-json\/wp\/v2\/media\/32092"}],"wp:attachment":[{"href":"https:\/\/qtmm.org\/qt\/wp-json\/wp\/v2\/media?parent=32091"}],"wp:term":[{"taxonomy":"category","embeddable":true,"href":"https:\/\/qtmm.org\/qt\/wp-json\/wp\/v2\/categories?post=32091"},{"taxonomy":"post_tag","embeddable":true,"href":"https:\/\/qtmm.org\/qt\/wp-json\/wp\/v2\/tags?post=32091"}],"curies":[{"name":"wp","href":"https:\/\/api.w.org\/{rel}","templated":true}]}}