




{"id":32088,"date":"2012-06-25T21:41:00","date_gmt":"2012-06-25T18:41:00","guid":{"rendered":"http:\/\/qtmm.org\/?p=32088"},"modified":"2022-01-21T21:41:24","modified_gmt":"2022-01-21T18:41:24","slug":"romaniyadaki-qirimtatar-diasporasi-qirimdan-romaniyaga-icret-etken-qirimtatarlarnin-taqdiri-aqqinda-kitap-ciqaracaq","status":"publish","type":"post","link":"https:\/\/qtmm.org\/qt\/romaniyadaki-qirimtatar-diasporasi-qirimdan-romaniyaga-icret-etken-qirimtatarlarnin-taqdiri-aqqinda-kitap-ciqaracaq\/","title":{"rendered":"Romaniyadaki q\u0131r\u0131mtatar diasporas\u0131 Q\u0131r\u0131mdan Romaniya\u011fa icret etken q\u0131r\u0131mtatarlarn\u0131\u00f1 taqdiri aqq\u0131nda kitap \u00e7\u0131qaracaq"},"content":{"rendered":"\n<p>Romaniyada i\u015f ziyaretinen bulun\u011fan Q\u0131r\u0131mtatar halq\u0131 Meclisini\u00f1 delegatsiyas\u0131 iy\u00fcn 24 k\u00fcn\u00fc do\u011fma Alu\u015ftal\u0131 semetde\u015fimizni ailesini ziyaret etti.<\/p>\n\n\n\n<p>O, 13 ya\u015f\u0131nda sovet qo\u015funlar\u0131 Romaniyan\u0131 i\u015f\u011fal etkende Dobruca\u011fa t\u00fc\u015fe. Yerli q\u0131r\u0131mtatarlar on\u0131 NKVD organlar\u0131ndan qurtarmaq i\u00e7\u00fcn ad\u0131 ve soyad\u0131n\u0131 de\u00f1i\u015ftirmege yard\u0131m eteler.<\/p>\n\n\n\n<p>O zaman Q\u0131r\u0131mdan Romaniya\u011fa qa\u00e7qan q\u0131r\u0131mtatarlarn\u0131 yaqalap halq s\u00fcrg\u00fcn etilgen Orta Asiya ve Ural\u011fa yolla\u011fanlar.<\/p>\n\n\n\n<p>\u0130\u015fte Romaniya\u011fa t\u00fc\u015fken bu, do\u011fma Alu\u015ftal\u0131 insann\u0131\u00f1, taqdiri Q\u0131r\u0131mdan Romaniya\u011fa icret etmek, kommunmist rejimini\u00f1 zulum\u0131ndan qurtulmaq i\u00e7\u00fcn ad\u0131n\u0131 bile de\u00f1i\u015ftirmek zoruna qal\u011fan q\u0131r\u0131mtatarlar aqq\u0131nda kitap leyhas\u0131n\u0131\u00f1 esas\u0131 old\u0131.<br>&nbsp;<\/p>\n","protected":false},"excerpt":{"rendered":"<p>Romaniyada i\u015f ziyaretinen bulun\u011fan Q\u0131r\u0131mtatar halq\u0131 Meclisini\u00f1 delegatsiyas\u0131 iy\u00fcn 24 k\u00fcn\u00fc do\u011fma Alu\u015ftal\u0131 semetde\u015fimizni ailesini ziyaret etti. O, 13 ya\u015f\u0131nda sovet qo\u015funlar\u0131 Romaniyan\u0131 i\u015f\u011fal etkende Dobruca\u011fa t\u00fc\u015fe. Yerli q\u0131r\u0131mtatarlar on\u0131 NKVD organlar\u0131ndan qurtarmaq i\u00e7\u00fcn ad\u0131 ve soyad\u0131n\u0131 de\u00f1i\u015ftirmege yard\u0131m eteler. O zaman Q\u0131r\u0131mdan Romaniya\u011fa qa\u00e7qan q\u0131r\u0131mtatarlarn\u0131 yaqalap halq s\u00fcrg\u00fcn etilgen Orta Asiya ve Ural\u011fa yolla\u011fanlar. [&hellip;]<\/p>\n","protected":false},"author":1,"featured_media":0,"comment_status":"open","ping_status":"open","sticky":false,"template":"","format":"standard","meta":{"inline_featured_image":false,"footnotes":""},"categories":[265],"tags":[],"class_list":["post-32088","post","type-post","status-publish","format-standard","hentry","category-haberler"],"acf":[],"yoast_head":"<!-- This site is optimized with the Yoast SEO plugin v27.4 - https:\/\/yoast.com\/product\/yoast-seo-wordpress\/ -->\n<title>Romaniyadaki q\u0131r\u0131mtatar diasporas\u0131 Q\u0131r\u0131mdan Romaniya\u011fa icret etken q\u0131r\u0131mtatarlarn\u0131\u00f1 taqdiri aqq\u0131nda kitap \u00e7\u0131qaracaq - \u041c\u0435\u0434\u0436\u043b\u0456\u0441<\/title>\n<meta name=\"robots\" content=\"index, follow, max-snippet:-1, max-image-preview:large, max-video-preview:-1\" \/>\n<link rel=\"canonical\" href=\"https:\/\/qtmm.org\/qt\/romaniyadaki-qirimtatar-diasporasi-qirimdan-romaniyaga-icret-etken-qirimtatarlarnin-taqdiri-aqqinda-kitap-ciqaracaq\/\" \/>\n<meta property=\"og:locale\" content=\"en_US\" \/>\n<meta property=\"og:type\" content=\"article\" \/>\n<meta property=\"og:title\" content=\"Romaniyadaki q\u0131r\u0131mtatar diasporas\u0131 Q\u0131r\u0131mdan Romaniya\u011fa icret etken q\u0131r\u0131mtatarlarn\u0131\u00f1 taqdiri aqq\u0131nda kitap \u00e7\u0131qaracaq - \u041c\u0435\u0434\u0436\u043b\u0456\u0441\" \/>\n<meta property=\"og:description\" content=\"Romaniyada i\u015f ziyaretinen bulun\u011fan Q\u0131r\u0131mtatar halq\u0131 Meclisini\u00f1 delegatsiyas\u0131 iy\u00fcn 24 k\u00fcn\u00fc do\u011fma Alu\u015ftal\u0131 semetde\u015fimizni ailesini ziyaret etti. O, 13 ya\u015f\u0131nda sovet qo\u015funlar\u0131 Romaniyan\u0131 i\u015f\u011fal etkende Dobruca\u011fa t\u00fc\u015fe. Yerli q\u0131r\u0131mtatarlar on\u0131 NKVD organlar\u0131ndan qurtarmaq i\u00e7\u00fcn ad\u0131 ve soyad\u0131n\u0131 de\u00f1i\u015ftirmege yard\u0131m eteler. O zaman Q\u0131r\u0131mdan Romaniya\u011fa qa\u00e7qan q\u0131r\u0131mtatarlarn\u0131 yaqalap halq s\u00fcrg\u00fcn etilgen Orta Asiya ve Ural\u011fa yolla\u011fanlar. [&hellip;]\" \/>\n<meta property=\"og:url\" content=\"https:\/\/qtmm.org\/qt\/romaniyadaki-qirimtatar-diasporasi-qirimdan-romaniyaga-icret-etken-qirimtatarlarnin-taqdiri-aqqinda-kitap-ciqaracaq\/\" \/>\n<meta property=\"og:site_name\" content=\"\u041c\u0435\u0434\u0436\u043b\u0456\u0441\" \/>\n<meta property=\"article:publisher\" content=\"https:\/\/www.facebook.com\/qtmm.info\/\" \/>\n<meta property=\"article:published_time\" content=\"2012-06-25T18:41:00+00:00\" \/>\n<meta property=\"article:modified_time\" content=\"2022-01-21T18:41:24+00:00\" \/>\n<meta name=\"author\" content=\"Developer\" \/>\n<meta name=\"twitter:card\" content=\"summary_large_image\" \/>\n<meta name=\"twitter:label1\" content=\"Written by\" \/>\n\t<meta name=\"twitter:data1\" content=\"Developer\" \/>\n\t<meta name=\"twitter:label2\" content=\"Est. reading time\" \/>\n\t<meta name=\"twitter:data2\" content=\"1 minute\" \/>\n<script type=\"application\/ld+json\" class=\"yoast-schema-graph\">{\"@context\":\"https:\\\/\\\/schema.org\",\"@graph\":[{\"@type\":\"Article\",\"@id\":\"https:\\\/\\\/qtmm.org\\\/qt\\\/romaniyadaki-qirimtatar-diasporasi-qirimdan-romaniyaga-icret-etken-qirimtatarlarnin-taqdiri-aqqinda-kitap-ciqaracaq\\\/#article\",\"isPartOf\":{\"@id\":\"https:\\\/\\\/qtmm.org\\\/qt\\\/romaniyadaki-qirimtatar-diasporasi-qirimdan-romaniyaga-icret-etken-qirimtatarlarnin-taqdiri-aqqinda-kitap-ciqaracaq\\\/\"},\"author\":{\"name\":\"Developer\",\"@id\":\"https:\\\/\\\/qtmm.org\\\/qt\\\/#\\\/schema\\\/person\\\/de562469f971dec226ac06e60bbf74a7\"},\"headline\":\"Romaniyadaki q\u0131r\u0131mtatar diasporas\u0131 Q\u0131r\u0131mdan Romaniya\u011fa icret etken q\u0131r\u0131mtatarlarn\u0131\u00f1 taqdiri aqq\u0131nda kitap \u00e7\u0131qaracaq\",\"datePublished\":\"2012-06-25T18:41:00+00:00\",\"dateModified\":\"2022-01-21T18:41:24+00:00\",\"mainEntityOfPage\":{\"@id\":\"https:\\\/\\\/qtmm.org\\\/qt\\\/romaniyadaki-qirimtatar-diasporasi-qirimdan-romaniyaga-icret-etken-qirimtatarlarnin-taqdiri-aqqinda-kitap-ciqaracaq\\\/\"},\"wordCount\":150,\"commentCount\":0,\"publisher\":{\"@id\":\"https:\\\/\\\/qtmm.org\\\/qt\\\/#organization\"},\"articleSection\":[\"Haberler\"],\"inLanguage\":\"qt\",\"potentialAction\":[{\"@type\":\"CommentAction\",\"name\":\"Comment\",\"target\":[\"https:\\\/\\\/qtmm.org\\\/qt\\\/romaniyadaki-qirimtatar-diasporasi-qirimdan-romaniyaga-icret-etken-qirimtatarlarnin-taqdiri-aqqinda-kitap-ciqaracaq\\\/#respond\"]}]},{\"@type\":\"WebPage\",\"@id\":\"https:\\\/\\\/qtmm.org\\\/qt\\\/romaniyadaki-qirimtatar-diasporasi-qirimdan-romaniyaga-icret-etken-qirimtatarlarnin-taqdiri-aqqinda-kitap-ciqaracaq\\\/\",\"url\":\"https:\\\/\\\/qtmm.org\\\/qt\\\/romaniyadaki-qirimtatar-diasporasi-qirimdan-romaniyaga-icret-etken-qirimtatarlarnin-taqdiri-aqqinda-kitap-ciqaracaq\\\/\",\"name\":\"Romaniyadaki q\u0131r\u0131mtatar diasporas\u0131 Q\u0131r\u0131mdan Romaniya\u011fa icret etken q\u0131r\u0131mtatarlarn\u0131\u00f1 taqdiri aqq\u0131nda kitap \u00e7\u0131qaracaq - \u041c\u0435\u0434\u0436\u043b\u0456\u0441\",\"isPartOf\":{\"@id\":\"https:\\\/\\\/qtmm.org\\\/qt\\\/#website\"},\"datePublished\":\"2012-06-25T18:41:00+00:00\",\"dateModified\":\"2022-01-21T18:41:24+00:00\",\"breadcrumb\":{\"@id\":\"https:\\\/\\\/qtmm.org\\\/qt\\\/romaniyadaki-qirimtatar-diasporasi-qirimdan-romaniyaga-icret-etken-qirimtatarlarnin-taqdiri-aqqinda-kitap-ciqaracaq\\\/#breadcrumb\"},\"inLanguage\":\"qt\",\"potentialAction\":[{\"@type\":\"ReadAction\",\"target\":[\"https:\\\/\\\/qtmm.org\\\/qt\\\/romaniyadaki-qirimtatar-diasporasi-qirimdan-romaniyaga-icret-etken-qirimtatarlarnin-taqdiri-aqqinda-kitap-ciqaracaq\\\/\"]}]},{\"@type\":\"BreadcrumbList\",\"@id\":\"https:\\\/\\\/qtmm.org\\\/qt\\\/romaniyadaki-qirimtatar-diasporasi-qirimdan-romaniyaga-icret-etken-qirimtatarlarnin-taqdiri-aqqinda-kitap-ciqaracaq\\\/#breadcrumb\",\"itemListElement\":[{\"@type\":\"ListItem\",\"position\":1,\"name\":\"\u0413\u043e\u043b\u043e\u0432\u043d\u0430\",\"item\":\"https:\\\/\\\/qtmm.org\\\/qt\\\/\"},{\"@type\":\"ListItem\",\"position\":2,\"name\":\"Romaniyadaki q\u0131r\u0131mtatar diasporas\u0131 Q\u0131r\u0131mdan Romaniya\u011fa icret etken q\u0131r\u0131mtatarlarn\u0131\u00f1 taqdiri aqq\u0131nda kitap \u00e7\u0131qaracaq\"}]},{\"@type\":\"WebSite\",\"@id\":\"https:\\\/\\\/qtmm.org\\\/qt\\\/#website\",\"url\":\"https:\\\/\\\/qtmm.org\\\/qt\\\/\",\"name\":\"\u041c\u0435\u0434\u0436\u043b\u0456\u0441\",\"description\":\"\",\"publisher\":{\"@id\":\"https:\\\/\\\/qtmm.org\\\/qt\\\/#organization\"},\"potentialAction\":[{\"@type\":\"SearchAction\",\"target\":{\"@type\":\"EntryPoint\",\"urlTemplate\":\"https:\\\/\\\/qtmm.org\\\/qt\\\/?s={search_term_string}\"},\"query-input\":{\"@type\":\"PropertyValueSpecification\",\"valueRequired\":true,\"valueName\":\"search_term_string\"}}],\"inLanguage\":\"qt\"},{\"@type\":\"Organization\",\"@id\":\"https:\\\/\\\/qtmm.org\\\/qt\\\/#organization\",\"name\":\"\u041c\u0435\u0434\u0436\u043b\u0456\u0441\",\"url\":\"https:\\\/\\\/qtmm.org\\\/qt\\\/\",\"logo\":{\"@type\":\"ImageObject\",\"inLanguage\":\"qt\",\"@id\":\"https:\\\/\\\/qtmm.org\\\/qt\\\/#\\\/schema\\\/logo\\\/image\\\/\",\"url\":\"https:\\\/\\\/qtmm.org\\\/wp-content\\\/uploads\\\/2024\\\/12\\\/ua-mejlis-logo-rgb.svg\",\"contentUrl\":\"https:\\\/\\\/qtmm.org\\\/wp-content\\\/uploads\\\/2024\\\/12\\\/ua-mejlis-logo-rgb.svg\",\"caption\":\"\u041c\u0435\u0434\u0436\u043b\u0456\u0441\"},\"image\":{\"@id\":\"https:\\\/\\\/qtmm.org\\\/qt\\\/#\\\/schema\\\/logo\\\/image\\\/\"},\"sameAs\":[\"https:\\\/\\\/www.facebook.com\\\/qtmm.info\\\/\"]},{\"@type\":\"Person\",\"@id\":\"https:\\\/\\\/qtmm.org\\\/qt\\\/#\\\/schema\\\/person\\\/de562469f971dec226ac06e60bbf74a7\",\"name\":\"Developer\",\"image\":{\"@type\":\"ImageObject\",\"inLanguage\":\"qt\",\"@id\":\"https:\\\/\\\/secure.gravatar.com\\\/avatar\\\/392b4cc8fbfeb00b39dfeeab4ee6edded39ffd48e25858637e4765810300227e?s=96&d=mm&r=g\",\"url\":\"https:\\\/\\\/secure.gravatar.com\\\/avatar\\\/392b4cc8fbfeb00b39dfeeab4ee6edded39ffd48e25858637e4765810300227e?s=96&d=mm&r=g\",\"contentUrl\":\"https:\\\/\\\/secure.gravatar.com\\\/avatar\\\/392b4cc8fbfeb00b39dfeeab4ee6edded39ffd48e25858637e4765810300227e?s=96&d=mm&r=g\",\"caption\":\"Developer\"},\"url\":\"https:\\\/\\\/qtmm.org\\\/qt\\\/author\\\/Developer\\\/\"}]}<\/script>\n<!-- \/ Yoast SEO plugin. -->","yoast_head_json":{"title":"Romaniyadaki q\u0131r\u0131mtatar diasporas\u0131 Q\u0131r\u0131mdan Romaniya\u011fa icret etken q\u0131r\u0131mtatarlarn\u0131\u00f1 taqdiri aqq\u0131nda kitap \u00e7\u0131qaracaq - \u041c\u0435\u0434\u0436\u043b\u0456\u0441","robots":{"index":"index","follow":"follow","max-snippet":"max-snippet:-1","max-image-preview":"max-image-preview:large","max-video-preview":"max-video-preview:-1"},"canonical":"https:\/\/qtmm.org\/qt\/romaniyadaki-qirimtatar-diasporasi-qirimdan-romaniyaga-icret-etken-qirimtatarlarnin-taqdiri-aqqinda-kitap-ciqaracaq\/","og_locale":"en_US","og_type":"article","og_title":"Romaniyadaki q\u0131r\u0131mtatar diasporas\u0131 Q\u0131r\u0131mdan Romaniya\u011fa icret etken q\u0131r\u0131mtatarlarn\u0131\u00f1 taqdiri aqq\u0131nda kitap \u00e7\u0131qaracaq - \u041c\u0435\u0434\u0436\u043b\u0456\u0441","og_description":"Romaniyada i\u015f ziyaretinen bulun\u011fan Q\u0131r\u0131mtatar halq\u0131 Meclisini\u00f1 delegatsiyas\u0131 iy\u00fcn 24 k\u00fcn\u00fc do\u011fma Alu\u015ftal\u0131 semetde\u015fimizni ailesini ziyaret etti. O, 13 ya\u015f\u0131nda sovet qo\u015funlar\u0131 Romaniyan\u0131 i\u015f\u011fal etkende Dobruca\u011fa t\u00fc\u015fe. Yerli q\u0131r\u0131mtatarlar on\u0131 NKVD organlar\u0131ndan qurtarmaq i\u00e7\u00fcn ad\u0131 ve soyad\u0131n\u0131 de\u00f1i\u015ftirmege yard\u0131m eteler. O zaman Q\u0131r\u0131mdan Romaniya\u011fa qa\u00e7qan q\u0131r\u0131mtatarlarn\u0131 yaqalap halq s\u00fcrg\u00fcn etilgen Orta Asiya ve Ural\u011fa yolla\u011fanlar. [&hellip;]","og_url":"https:\/\/qtmm.org\/qt\/romaniyadaki-qirimtatar-diasporasi-qirimdan-romaniyaga-icret-etken-qirimtatarlarnin-taqdiri-aqqinda-kitap-ciqaracaq\/","og_site_name":"\u041c\u0435\u0434\u0436\u043b\u0456\u0441","article_publisher":"https:\/\/www.facebook.com\/qtmm.info\/","article_published_time":"2012-06-25T18:41:00+00:00","article_modified_time":"2022-01-21T18:41:24+00:00","author":"Developer","twitter_card":"summary_large_image","twitter_misc":{"Written by":"Developer","Est. reading time":"1 minute"},"schema":{"@context":"https:\/\/schema.org","@graph":[{"@type":"Article","@id":"https:\/\/qtmm.org\/qt\/romaniyadaki-qirimtatar-diasporasi-qirimdan-romaniyaga-icret-etken-qirimtatarlarnin-taqdiri-aqqinda-kitap-ciqaracaq\/#article","isPartOf":{"@id":"https:\/\/qtmm.org\/qt\/romaniyadaki-qirimtatar-diasporasi-qirimdan-romaniyaga-icret-etken-qirimtatarlarnin-taqdiri-aqqinda-kitap-ciqaracaq\/"},"author":{"name":"Developer","@id":"https:\/\/qtmm.org\/qt\/#\/schema\/person\/de562469f971dec226ac06e60bbf74a7"},"headline":"Romaniyadaki q\u0131r\u0131mtatar diasporas\u0131 Q\u0131r\u0131mdan Romaniya\u011fa icret etken q\u0131r\u0131mtatarlarn\u0131\u00f1 taqdiri aqq\u0131nda kitap \u00e7\u0131qaracaq","datePublished":"2012-06-25T18:41:00+00:00","dateModified":"2022-01-21T18:41:24+00:00","mainEntityOfPage":{"@id":"https:\/\/qtmm.org\/qt\/romaniyadaki-qirimtatar-diasporasi-qirimdan-romaniyaga-icret-etken-qirimtatarlarnin-taqdiri-aqqinda-kitap-ciqaracaq\/"},"wordCount":150,"commentCount":0,"publisher":{"@id":"https:\/\/qtmm.org\/qt\/#organization"},"articleSection":["Haberler"],"inLanguage":"qt","potentialAction":[{"@type":"CommentAction","name":"Comment","target":["https:\/\/qtmm.org\/qt\/romaniyadaki-qirimtatar-diasporasi-qirimdan-romaniyaga-icret-etken-qirimtatarlarnin-taqdiri-aqqinda-kitap-ciqaracaq\/#respond"]}]},{"@type":"WebPage","@id":"https:\/\/qtmm.org\/qt\/romaniyadaki-qirimtatar-diasporasi-qirimdan-romaniyaga-icret-etken-qirimtatarlarnin-taqdiri-aqqinda-kitap-ciqaracaq\/","url":"https:\/\/qtmm.org\/qt\/romaniyadaki-qirimtatar-diasporasi-qirimdan-romaniyaga-icret-etken-qirimtatarlarnin-taqdiri-aqqinda-kitap-ciqaracaq\/","name":"Romaniyadaki q\u0131r\u0131mtatar diasporas\u0131 Q\u0131r\u0131mdan Romaniya\u011fa icret etken q\u0131r\u0131mtatarlarn\u0131\u00f1 taqdiri aqq\u0131nda kitap \u00e7\u0131qaracaq - \u041c\u0435\u0434\u0436\u043b\u0456\u0441","isPartOf":{"@id":"https:\/\/qtmm.org\/qt\/#website"},"datePublished":"2012-06-25T18:41:00+00:00","dateModified":"2022-01-21T18:41:24+00:00","breadcrumb":{"@id":"https:\/\/qtmm.org\/qt\/romaniyadaki-qirimtatar-diasporasi-qirimdan-romaniyaga-icret-etken-qirimtatarlarnin-taqdiri-aqqinda-kitap-ciqaracaq\/#breadcrumb"},"inLanguage":"qt","potentialAction":[{"@type":"ReadAction","target":["https:\/\/qtmm.org\/qt\/romaniyadaki-qirimtatar-diasporasi-qirimdan-romaniyaga-icret-etken-qirimtatarlarnin-taqdiri-aqqinda-kitap-ciqaracaq\/"]}]},{"@type":"BreadcrumbList","@id":"https:\/\/qtmm.org\/qt\/romaniyadaki-qirimtatar-diasporasi-qirimdan-romaniyaga-icret-etken-qirimtatarlarnin-taqdiri-aqqinda-kitap-ciqaracaq\/#breadcrumb","itemListElement":[{"@type":"ListItem","position":1,"name":"\u0413\u043e\u043b\u043e\u0432\u043d\u0430","item":"https:\/\/qtmm.org\/qt\/"},{"@type":"ListItem","position":2,"name":"Romaniyadaki q\u0131r\u0131mtatar diasporas\u0131 Q\u0131r\u0131mdan Romaniya\u011fa icret etken q\u0131r\u0131mtatarlarn\u0131\u00f1 taqdiri aqq\u0131nda kitap \u00e7\u0131qaracaq"}]},{"@type":"WebSite","@id":"https:\/\/qtmm.org\/qt\/#website","url":"https:\/\/qtmm.org\/qt\/","name":"\u041c\u0435\u0434\u0436\u043b\u0456\u0441","description":"","publisher":{"@id":"https:\/\/qtmm.org\/qt\/#organization"},"potentialAction":[{"@type":"SearchAction","target":{"@type":"EntryPoint","urlTemplate":"https:\/\/qtmm.org\/qt\/?s={search_term_string}"},"query-input":{"@type":"PropertyValueSpecification","valueRequired":true,"valueName":"search_term_string"}}],"inLanguage":"qt"},{"@type":"Organization","@id":"https:\/\/qtmm.org\/qt\/#organization","name":"\u041c\u0435\u0434\u0436\u043b\u0456\u0441","url":"https:\/\/qtmm.org\/qt\/","logo":{"@type":"ImageObject","inLanguage":"qt","@id":"https:\/\/qtmm.org\/qt\/#\/schema\/logo\/image\/","url":"https:\/\/qtmm.org\/wp-content\/uploads\/2024\/12\/ua-mejlis-logo-rgb.svg","contentUrl":"https:\/\/qtmm.org\/wp-content\/uploads\/2024\/12\/ua-mejlis-logo-rgb.svg","caption":"\u041c\u0435\u0434\u0436\u043b\u0456\u0441"},"image":{"@id":"https:\/\/qtmm.org\/qt\/#\/schema\/logo\/image\/"},"sameAs":["https:\/\/www.facebook.com\/qtmm.info\/"]},{"@type":"Person","@id":"https:\/\/qtmm.org\/qt\/#\/schema\/person\/de562469f971dec226ac06e60bbf74a7","name":"Developer","image":{"@type":"ImageObject","inLanguage":"qt","@id":"https:\/\/secure.gravatar.com\/avatar\/392b4cc8fbfeb00b39dfeeab4ee6edded39ffd48e25858637e4765810300227e?s=96&d=mm&r=g","url":"https:\/\/secure.gravatar.com\/avatar\/392b4cc8fbfeb00b39dfeeab4ee6edded39ffd48e25858637e4765810300227e?s=96&d=mm&r=g","contentUrl":"https:\/\/secure.gravatar.com\/avatar\/392b4cc8fbfeb00b39dfeeab4ee6edded39ffd48e25858637e4765810300227e?s=96&d=mm&r=g","caption":"Developer"},"url":"https:\/\/qtmm.org\/qt\/author\/Developer\/"}]}},"_links":{"self":[{"href":"https:\/\/qtmm.org\/qt\/wp-json\/wp\/v2\/posts\/32088","targetHints":{"allow":["GET"]}}],"collection":[{"href":"https:\/\/qtmm.org\/qt\/wp-json\/wp\/v2\/posts"}],"about":[{"href":"https:\/\/qtmm.org\/qt\/wp-json\/wp\/v2\/types\/post"}],"author":[{"embeddable":true,"href":"https:\/\/qtmm.org\/qt\/wp-json\/wp\/v2\/users\/1"}],"replies":[{"embeddable":true,"href":"https:\/\/qtmm.org\/qt\/wp-json\/wp\/v2\/comments?post=32088"}],"version-history":[{"count":1,"href":"https:\/\/qtmm.org\/qt\/wp-json\/wp\/v2\/posts\/32088\/revisions"}],"predecessor-version":[{"id":32090,"href":"https:\/\/qtmm.org\/qt\/wp-json\/wp\/v2\/posts\/32088\/revisions\/32090"}],"wp:attachment":[{"href":"https:\/\/qtmm.org\/qt\/wp-json\/wp\/v2\/media?parent=32088"}],"wp:term":[{"taxonomy":"category","embeddable":true,"href":"https:\/\/qtmm.org\/qt\/wp-json\/wp\/v2\/categories?post=32088"},{"taxonomy":"post_tag","embeddable":true,"href":"https:\/\/qtmm.org\/qt\/wp-json\/wp\/v2\/tags?post=32088"}],"curies":[{"name":"wp","href":"https:\/\/api.w.org\/{rel}","templated":true}]}}