




{"id":32054,"date":"2012-06-25T21:38:00","date_gmt":"2012-06-25T18:38:00","guid":{"rendered":"http:\/\/qtmm.org\/?p=32054"},"modified":"2022-01-21T21:39:48","modified_gmt":"2022-01-21T18:39:48","slug":"ali-osman-bekmambet-qirim-uzerinde-evelkisi-kibi-tamgali-kok-bayragimiz-kene-tiklenecek-zaman-kelecegine-eminim","status":"publish","type":"post","link":"https:\/\/qtmm.org\/qt\/ali-osman-bekmambet-qirim-uzerinde-evelkisi-kibi-tamgali-kok-bayragimiz-kene-tiklenecek-zaman-kelecegine-eminim\/","title":{"rendered":"Ali Osman Bekmambet: Q\u0131r\u0131m \u00fczerinde evelkisi kibi tam\u011fal\u0131 k\u00f6k bayra\u011f\u0131m\u0131z kene tiklenecek zaman kelecegine eminim"},"content":{"rendered":"\n<p>\u0130y\u00fcn 24 k\u00fcn\u00fc Q\u0131r\u0131mtatar halq\u0131 Meclisini\u00f1 Ali Hamzin, Zaur Smirnov, Bekir \u011eaniyevden ibaret delegatsiyas\u0131 ve Romaniya T\u00fcrk-tatar demokratik birlikni\u00f1 vekili Ablez Ayd\u0131n K\u00f6stencede bu y\u0131ln\u0131\u00f1 may\u0131s ay\u0131nda 100 ya\u015f\u0131n\u0131 toldur\u011fan q\u0131r\u0131mtatar halq\u0131 milliy areketini\u00f1 i\u015ftirak\u00e7isi Ali Osman Bekmambetni yoqlad\u0131lar.\u00a0<\/p>\n\n\n\n<p>Q\u0131r\u0131mdan kelgen musafirler Meclis ve on\u0131\u00f1 reisi ad\u0131ndan hay\u0131rlav ve e\u00f1 eyi tileklerni bildirip, Q\u0131r\u0131mtatar halq\u0131 Ali a\u011fa Bekmambetni\u00f1 milliy areketteki h\u0131zmetine pek y\u00fcksek q\u0131ymet keskenini aytt\u0131lar. Ali Osman Bekmambet \u2013Cafer Seydamet, M\u00fcstecip \u00dclkusal kibi milliy areket i\u015ftirak\u00e7ilerinen \u015fahsen k\u00f6r\u00fc\u015fken-\u00e7al\u0131\u015fqan k\u00fcre\u015f\u00e7ilerden birisidir.<\/p>\n\n\n\n<p>Ekinci cian cenki ve q\u0131r\u0131mtatarlarn\u0131\u00f1 s\u00fcrg\u00fcnliginden so\u00f1 Dobrucada qa\u00e7aqlar s\u0131fat\u0131nda ya\u015fa\u011fan q\u0131r\u0131mtatarlarn\u0131\u00f1 qurtar\u0131lmas\u0131 o\u011frundaki areketleri i\u00e7\u00fcn Ali a\u011fa 1951 senesi Romaniya kommunist rejimi taraf\u0131ndan 20 y\u0131l\u011fa mahk\u00fcm etildi. 13 y\u0131ldan apste otur\u0131p \u00e7\u0131qqan Ali a\u011fa 1964 senesi azatl\u0131qqa \u00e7\u0131qar\u0131ld\u0131. Ces\u00fcrligi ve metaneti i\u00e7\u00fcn halq aras\u0131nda b\u00fcy\u00fck itibar qazand\u0131. etildi.\u00a0<\/p>\n\n\n\n<figure class=\"wp-block-image size-full\"><img loading=\"lazy\" decoding=\"async\" width=\"644\" height=\"311\" src=\"http:\/\/qtmm.org\/wp-content\/uploads\/2022\/01\/img_6480.jpeg\" alt=\"\" class=\"wp-image-32060\" srcset=\"https:\/\/qtmm.org\/wp-content\/uploads\/2022\/01\/img_6480.jpeg 644w, https:\/\/qtmm.org\/wp-content\/uploads\/2022\/01\/img_6480-300x145.jpeg 300w\" sizes=\"auto, (max-width: 644px) 100vw, 644px\" \/><\/figure>\n\n\n\n<p>Delegatsiya azalar\u0131 Ali Osman Bekmambetke Mustafa Cemilevni\u00f1 hay\u0131rlav mekt\u00fcbini ve Meclisni\u00f1 Fahriy yarl\u0131\u011f\u0131n\u0131 taqdim ettiler.&nbsp;<\/p>\n\n\n\n<p>B\u00f6yle diqqat ve say\u011f\u0131\u011fa \u011fayet sevingen qart millet\u00e7i b\u00f6yle dedi: &#8220;Men q\u0131r\u0131mtatar halq\u0131n\u0131\u00f1 ba\u015f\u0131na t\u00fc\u015fken pek \u00e7oq azap-uqubetlerni\u00f1 \u015faat\u0131m. \u015eulardan e\u00f1 de\u015fetlisi \u2013 s\u00fcrg\u00fcnliktir. Bug\u00fcnde-bug\u00fcn 1917 senesini Qurultay\u0131n\u0131\u00f1 i\u015fini devam etken Qurultay ve Meclis faaliyet k\u00f6sterir eken, halq kene ayaqqa qalq\u0131p \u00f6z aqlar\u0131n\u0131 tikleycegine, Q\u0131r\u0131m \u00fczerinde evelkisi kibi tam\u011fal\u0131 k\u00f6k bayra\u011f\u0131m\u0131z kene tiklenecek zaman kelecegine eminim!&#8221;<\/p>\n\n\n\n<figure class=\"wp-block-image size-full\"><img loading=\"lazy\" decoding=\"async\" width=\"650\" height=\"400\" src=\"http:\/\/qtmm.org\/wp-content\/uploads\/2022\/01\/img_6490.jpeg\" alt=\"\" class=\"wp-image-32066\" srcset=\"https:\/\/qtmm.org\/wp-content\/uploads\/2022\/01\/img_6490.jpeg 650w, https:\/\/qtmm.org\/wp-content\/uploads\/2022\/01\/img_6490-300x185.jpeg 300w\" sizes=\"auto, (max-width: 650px) 100vw, 650px\" \/><\/figure>\n","protected":false},"excerpt":{"rendered":"<p>\u0130y\u00fcn 24 k\u00fcn\u00fc Q\u0131r\u0131mtatar halq\u0131 Meclisini\u00f1 Ali Hamzin, Zaur Smirnov, Bekir \u011eaniyevden ibaret delegatsiyas\u0131 ve Romaniya T\u00fcrk-tatar demokratik birlikni\u00f1 vekili Ablez Ayd\u0131n K\u00f6stencede bu y\u0131ln\u0131\u00f1 may\u0131s ay\u0131nda 100 ya\u015f\u0131n\u0131 toldur\u011fan q\u0131r\u0131mtatar halq\u0131 milliy areketini\u00f1 i\u015ftirak\u00e7isi Ali Osman Bekmambetni yoqlad\u0131lar.\u00a0 Q\u0131r\u0131mdan kelgen musafirler Meclis ve on\u0131\u00f1 reisi ad\u0131ndan hay\u0131rlav ve e\u00f1 eyi tileklerni bildirip, Q\u0131r\u0131mtatar halq\u0131 [&hellip;]<\/p>\n","protected":false},"author":1,"featured_media":32056,"comment_status":"open","ping_status":"open","sticky":false,"template":"","format":"standard","meta":{"inline_featured_image":false,"footnotes":""},"categories":[265],"tags":[],"class_list":["post-32054","post","type-post","status-publish","format-standard","has-post-thumbnail","hentry","category-haberler"],"acf":[],"yoast_head":"<!-- This site is optimized with the Yoast SEO plugin v27.4 - https:\/\/yoast.com\/product\/yoast-seo-wordpress\/ -->\n<title>Ali Osman Bekmambet: Q\u0131r\u0131m \u00fczerinde evelkisi kibi tam\u011fal\u0131 k\u00f6k bayra\u011f\u0131m\u0131z kene tiklenecek zaman kelecegine eminim - \u041c\u0435\u0434\u0436\u043b\u0456\u0441<\/title>\n<meta name=\"robots\" content=\"index, follow, max-snippet:-1, max-image-preview:large, max-video-preview:-1\" \/>\n<link rel=\"canonical\" href=\"https:\/\/qtmm.org\/qt\/ali-osman-bekmambet-qirim-uzerinde-evelkisi-kibi-tamgali-kok-bayragimiz-kene-tiklenecek-zaman-kelecegine-eminim\/\" \/>\n<meta property=\"og:locale\" content=\"en_US\" \/>\n<meta property=\"og:type\" content=\"article\" \/>\n<meta property=\"og:title\" content=\"Ali Osman Bekmambet: Q\u0131r\u0131m \u00fczerinde evelkisi kibi tam\u011fal\u0131 k\u00f6k bayra\u011f\u0131m\u0131z kene tiklenecek zaman kelecegine eminim - \u041c\u0435\u0434\u0436\u043b\u0456\u0441\" \/>\n<meta property=\"og:description\" content=\"\u0130y\u00fcn 24 k\u00fcn\u00fc Q\u0131r\u0131mtatar halq\u0131 Meclisini\u00f1 Ali Hamzin, Zaur Smirnov, Bekir \u011eaniyevden ibaret delegatsiyas\u0131 ve Romaniya T\u00fcrk-tatar demokratik birlikni\u00f1 vekili Ablez Ayd\u0131n K\u00f6stencede bu y\u0131ln\u0131\u00f1 may\u0131s ay\u0131nda 100 ya\u015f\u0131n\u0131 toldur\u011fan q\u0131r\u0131mtatar halq\u0131 milliy areketini\u00f1 i\u015ftirak\u00e7isi Ali Osman Bekmambetni yoqlad\u0131lar.\u00a0 Q\u0131r\u0131mdan kelgen musafirler Meclis ve on\u0131\u00f1 reisi ad\u0131ndan hay\u0131rlav ve e\u00f1 eyi tileklerni bildirip, Q\u0131r\u0131mtatar halq\u0131 [&hellip;]\" \/>\n<meta property=\"og:url\" content=\"https:\/\/qtmm.org\/qt\/ali-osman-bekmambet-qirim-uzerinde-evelkisi-kibi-tamgali-kok-bayragimiz-kene-tiklenecek-zaman-kelecegine-eminim\/\" \/>\n<meta property=\"og:site_name\" content=\"\u041c\u0435\u0434\u0436\u043b\u0456\u0441\" \/>\n<meta property=\"article:publisher\" content=\"https:\/\/www.facebook.com\/qtmm.info\/\" \/>\n<meta property=\"article:published_time\" content=\"2012-06-25T18:38:00+00:00\" \/>\n<meta property=\"article:modified_time\" content=\"2022-01-21T18:39:48+00:00\" \/>\n<meta property=\"og:image\" content=\"https:\/\/qtmm.org\/wp-content\/uploads\/2022\/01\/img_6477.jpeg\" \/>\n\t<meta property=\"og:image:width\" content=\"650\" \/>\n\t<meta property=\"og:image:height\" content=\"400\" \/>\n\t<meta property=\"og:image:type\" content=\"image\/jpeg\" \/>\n<meta name=\"author\" content=\"Developer\" \/>\n<meta name=\"twitter:card\" content=\"summary_large_image\" \/>\n<meta name=\"twitter:label1\" content=\"Written by\" \/>\n\t<meta name=\"twitter:data1\" content=\"Developer\" \/>\n\t<meta name=\"twitter:label2\" content=\"Est. reading time\" \/>\n\t<meta name=\"twitter:data2\" content=\"1 minute\" \/>\n<script type=\"application\/ld+json\" class=\"yoast-schema-graph\">{\"@context\":\"https:\\\/\\\/schema.org\",\"@graph\":[{\"@type\":\"Article\",\"@id\":\"https:\\\/\\\/qtmm.org\\\/qt\\\/ali-osman-bekmambet-qirim-uzerinde-evelkisi-kibi-tamgali-kok-bayragimiz-kene-tiklenecek-zaman-kelecegine-eminim\\\/#article\",\"isPartOf\":{\"@id\":\"https:\\\/\\\/qtmm.org\\\/qt\\\/ali-osman-bekmambet-qirim-uzerinde-evelkisi-kibi-tamgali-kok-bayragimiz-kene-tiklenecek-zaman-kelecegine-eminim\\\/\"},\"author\":{\"name\":\"Developer\",\"@id\":\"https:\\\/\\\/qtmm.org\\\/qt\\\/#\\\/schema\\\/person\\\/de562469f971dec226ac06e60bbf74a7\"},\"headline\":\"Ali Osman Bekmambet: Q\u0131r\u0131m \u00fczerinde evelkisi kibi tam\u011fal\u0131 k\u00f6k bayra\u011f\u0131m\u0131z kene tiklenecek zaman kelecegine eminim\",\"datePublished\":\"2012-06-25T18:38:00+00:00\",\"dateModified\":\"2022-01-21T18:39:48+00:00\",\"mainEntityOfPage\":{\"@id\":\"https:\\\/\\\/qtmm.org\\\/qt\\\/ali-osman-bekmambet-qirim-uzerinde-evelkisi-kibi-tamgali-kok-bayragimiz-kene-tiklenecek-zaman-kelecegine-eminim\\\/\"},\"wordCount\":310,\"commentCount\":0,\"publisher\":{\"@id\":\"https:\\\/\\\/qtmm.org\\\/qt\\\/#organization\"},\"image\":{\"@id\":\"https:\\\/\\\/qtmm.org\\\/qt\\\/ali-osman-bekmambet-qirim-uzerinde-evelkisi-kibi-tamgali-kok-bayragimiz-kene-tiklenecek-zaman-kelecegine-eminim\\\/#primaryimage\"},\"thumbnailUrl\":\"https:\\\/\\\/qtmm.org\\\/wp-content\\\/uploads\\\/2022\\\/01\\\/img_6477.jpeg\",\"articleSection\":[\"Haberler\"],\"inLanguage\":\"qt\",\"potentialAction\":[{\"@type\":\"CommentAction\",\"name\":\"Comment\",\"target\":[\"https:\\\/\\\/qtmm.org\\\/qt\\\/ali-osman-bekmambet-qirim-uzerinde-evelkisi-kibi-tamgali-kok-bayragimiz-kene-tiklenecek-zaman-kelecegine-eminim\\\/#respond\"]}]},{\"@type\":\"WebPage\",\"@id\":\"https:\\\/\\\/qtmm.org\\\/qt\\\/ali-osman-bekmambet-qirim-uzerinde-evelkisi-kibi-tamgali-kok-bayragimiz-kene-tiklenecek-zaman-kelecegine-eminim\\\/\",\"url\":\"https:\\\/\\\/qtmm.org\\\/qt\\\/ali-osman-bekmambet-qirim-uzerinde-evelkisi-kibi-tamgali-kok-bayragimiz-kene-tiklenecek-zaman-kelecegine-eminim\\\/\",\"name\":\"Ali Osman Bekmambet: Q\u0131r\u0131m \u00fczerinde evelkisi kibi tam\u011fal\u0131 k\u00f6k bayra\u011f\u0131m\u0131z kene tiklenecek zaman kelecegine eminim - \u041c\u0435\u0434\u0436\u043b\u0456\u0441\",\"isPartOf\":{\"@id\":\"https:\\\/\\\/qtmm.org\\\/qt\\\/#website\"},\"primaryImageOfPage\":{\"@id\":\"https:\\\/\\\/qtmm.org\\\/qt\\\/ali-osman-bekmambet-qirim-uzerinde-evelkisi-kibi-tamgali-kok-bayragimiz-kene-tiklenecek-zaman-kelecegine-eminim\\\/#primaryimage\"},\"image\":{\"@id\":\"https:\\\/\\\/qtmm.org\\\/qt\\\/ali-osman-bekmambet-qirim-uzerinde-evelkisi-kibi-tamgali-kok-bayragimiz-kene-tiklenecek-zaman-kelecegine-eminim\\\/#primaryimage\"},\"thumbnailUrl\":\"https:\\\/\\\/qtmm.org\\\/wp-content\\\/uploads\\\/2022\\\/01\\\/img_6477.jpeg\",\"datePublished\":\"2012-06-25T18:38:00+00:00\",\"dateModified\":\"2022-01-21T18:39:48+00:00\",\"breadcrumb\":{\"@id\":\"https:\\\/\\\/qtmm.org\\\/qt\\\/ali-osman-bekmambet-qirim-uzerinde-evelkisi-kibi-tamgali-kok-bayragimiz-kene-tiklenecek-zaman-kelecegine-eminim\\\/#breadcrumb\"},\"inLanguage\":\"qt\",\"potentialAction\":[{\"@type\":\"ReadAction\",\"target\":[\"https:\\\/\\\/qtmm.org\\\/qt\\\/ali-osman-bekmambet-qirim-uzerinde-evelkisi-kibi-tamgali-kok-bayragimiz-kene-tiklenecek-zaman-kelecegine-eminim\\\/\"]}]},{\"@type\":\"ImageObject\",\"inLanguage\":\"qt\",\"@id\":\"https:\\\/\\\/qtmm.org\\\/qt\\\/ali-osman-bekmambet-qirim-uzerinde-evelkisi-kibi-tamgali-kok-bayragimiz-kene-tiklenecek-zaman-kelecegine-eminim\\\/#primaryimage\",\"url\":\"https:\\\/\\\/qtmm.org\\\/wp-content\\\/uploads\\\/2022\\\/01\\\/img_6477.jpeg\",\"contentUrl\":\"https:\\\/\\\/qtmm.org\\\/wp-content\\\/uploads\\\/2022\\\/01\\\/img_6477.jpeg\",\"width\":650,\"height\":400},{\"@type\":\"BreadcrumbList\",\"@id\":\"https:\\\/\\\/qtmm.org\\\/qt\\\/ali-osman-bekmambet-qirim-uzerinde-evelkisi-kibi-tamgali-kok-bayragimiz-kene-tiklenecek-zaman-kelecegine-eminim\\\/#breadcrumb\",\"itemListElement\":[{\"@type\":\"ListItem\",\"position\":1,\"name\":\"\u0413\u043e\u043b\u043e\u0432\u043d\u0430\",\"item\":\"https:\\\/\\\/qtmm.org\\\/qt\\\/\"},{\"@type\":\"ListItem\",\"position\":2,\"name\":\"Ali Osman Bekmambet: Q\u0131r\u0131m \u00fczerinde evelkisi kibi tam\u011fal\u0131 k\u00f6k bayra\u011f\u0131m\u0131z kene tiklenecek zaman kelecegine eminim\"}]},{\"@type\":\"WebSite\",\"@id\":\"https:\\\/\\\/qtmm.org\\\/qt\\\/#website\",\"url\":\"https:\\\/\\\/qtmm.org\\\/qt\\\/\",\"name\":\"\u041c\u0435\u0434\u0436\u043b\u0456\u0441\",\"description\":\"\",\"publisher\":{\"@id\":\"https:\\\/\\\/qtmm.org\\\/qt\\\/#organization\"},\"potentialAction\":[{\"@type\":\"SearchAction\",\"target\":{\"@type\":\"EntryPoint\",\"urlTemplate\":\"https:\\\/\\\/qtmm.org\\\/qt\\\/?s={search_term_string}\"},\"query-input\":{\"@type\":\"PropertyValueSpecification\",\"valueRequired\":true,\"valueName\":\"search_term_string\"}}],\"inLanguage\":\"qt\"},{\"@type\":\"Organization\",\"@id\":\"https:\\\/\\\/qtmm.org\\\/qt\\\/#organization\",\"name\":\"\u041c\u0435\u0434\u0436\u043b\u0456\u0441\",\"url\":\"https:\\\/\\\/qtmm.org\\\/qt\\\/\",\"logo\":{\"@type\":\"ImageObject\",\"inLanguage\":\"qt\",\"@id\":\"https:\\\/\\\/qtmm.org\\\/qt\\\/#\\\/schema\\\/logo\\\/image\\\/\",\"url\":\"https:\\\/\\\/qtmm.org\\\/wp-content\\\/uploads\\\/2024\\\/12\\\/ua-mejlis-logo-rgb.svg\",\"contentUrl\":\"https:\\\/\\\/qtmm.org\\\/wp-content\\\/uploads\\\/2024\\\/12\\\/ua-mejlis-logo-rgb.svg\",\"caption\":\"\u041c\u0435\u0434\u0436\u043b\u0456\u0441\"},\"image\":{\"@id\":\"https:\\\/\\\/qtmm.org\\\/qt\\\/#\\\/schema\\\/logo\\\/image\\\/\"},\"sameAs\":[\"https:\\\/\\\/www.facebook.com\\\/qtmm.info\\\/\"]},{\"@type\":\"Person\",\"@id\":\"https:\\\/\\\/qtmm.org\\\/qt\\\/#\\\/schema\\\/person\\\/de562469f971dec226ac06e60bbf74a7\",\"name\":\"Developer\",\"image\":{\"@type\":\"ImageObject\",\"inLanguage\":\"qt\",\"@id\":\"https:\\\/\\\/secure.gravatar.com\\\/avatar\\\/392b4cc8fbfeb00b39dfeeab4ee6edded39ffd48e25858637e4765810300227e?s=96&d=mm&r=g\",\"url\":\"https:\\\/\\\/secure.gravatar.com\\\/avatar\\\/392b4cc8fbfeb00b39dfeeab4ee6edded39ffd48e25858637e4765810300227e?s=96&d=mm&r=g\",\"contentUrl\":\"https:\\\/\\\/secure.gravatar.com\\\/avatar\\\/392b4cc8fbfeb00b39dfeeab4ee6edded39ffd48e25858637e4765810300227e?s=96&d=mm&r=g\",\"caption\":\"Developer\"},\"url\":\"https:\\\/\\\/qtmm.org\\\/qt\\\/author\\\/Developer\\\/\"}]}<\/script>\n<!-- \/ Yoast SEO plugin. -->","yoast_head_json":{"title":"Ali Osman Bekmambet: Q\u0131r\u0131m \u00fczerinde evelkisi kibi tam\u011fal\u0131 k\u00f6k bayra\u011f\u0131m\u0131z kene tiklenecek zaman kelecegine eminim - \u041c\u0435\u0434\u0436\u043b\u0456\u0441","robots":{"index":"index","follow":"follow","max-snippet":"max-snippet:-1","max-image-preview":"max-image-preview:large","max-video-preview":"max-video-preview:-1"},"canonical":"https:\/\/qtmm.org\/qt\/ali-osman-bekmambet-qirim-uzerinde-evelkisi-kibi-tamgali-kok-bayragimiz-kene-tiklenecek-zaman-kelecegine-eminim\/","og_locale":"en_US","og_type":"article","og_title":"Ali Osman Bekmambet: Q\u0131r\u0131m \u00fczerinde evelkisi kibi tam\u011fal\u0131 k\u00f6k bayra\u011f\u0131m\u0131z kene tiklenecek zaman kelecegine eminim - \u041c\u0435\u0434\u0436\u043b\u0456\u0441","og_description":"\u0130y\u00fcn 24 k\u00fcn\u00fc Q\u0131r\u0131mtatar halq\u0131 Meclisini\u00f1 Ali Hamzin, Zaur Smirnov, Bekir \u011eaniyevden ibaret delegatsiyas\u0131 ve Romaniya T\u00fcrk-tatar demokratik birlikni\u00f1 vekili Ablez Ayd\u0131n K\u00f6stencede bu y\u0131ln\u0131\u00f1 may\u0131s ay\u0131nda 100 ya\u015f\u0131n\u0131 toldur\u011fan q\u0131r\u0131mtatar halq\u0131 milliy areketini\u00f1 i\u015ftirak\u00e7isi Ali Osman Bekmambetni yoqlad\u0131lar.\u00a0 Q\u0131r\u0131mdan kelgen musafirler Meclis ve on\u0131\u00f1 reisi ad\u0131ndan hay\u0131rlav ve e\u00f1 eyi tileklerni bildirip, Q\u0131r\u0131mtatar halq\u0131 [&hellip;]","og_url":"https:\/\/qtmm.org\/qt\/ali-osman-bekmambet-qirim-uzerinde-evelkisi-kibi-tamgali-kok-bayragimiz-kene-tiklenecek-zaman-kelecegine-eminim\/","og_site_name":"\u041c\u0435\u0434\u0436\u043b\u0456\u0441","article_publisher":"https:\/\/www.facebook.com\/qtmm.info\/","article_published_time":"2012-06-25T18:38:00+00:00","article_modified_time":"2022-01-21T18:39:48+00:00","og_image":[{"width":650,"height":400,"url":"https:\/\/qtmm.org\/wp-content\/uploads\/2022\/01\/img_6477.jpeg","type":"image\/jpeg"}],"author":"Developer","twitter_card":"summary_large_image","twitter_misc":{"Written by":"Developer","Est. reading time":"1 minute"},"schema":{"@context":"https:\/\/schema.org","@graph":[{"@type":"Article","@id":"https:\/\/qtmm.org\/qt\/ali-osman-bekmambet-qirim-uzerinde-evelkisi-kibi-tamgali-kok-bayragimiz-kene-tiklenecek-zaman-kelecegine-eminim\/#article","isPartOf":{"@id":"https:\/\/qtmm.org\/qt\/ali-osman-bekmambet-qirim-uzerinde-evelkisi-kibi-tamgali-kok-bayragimiz-kene-tiklenecek-zaman-kelecegine-eminim\/"},"author":{"name":"Developer","@id":"https:\/\/qtmm.org\/qt\/#\/schema\/person\/de562469f971dec226ac06e60bbf74a7"},"headline":"Ali Osman Bekmambet: Q\u0131r\u0131m \u00fczerinde evelkisi kibi tam\u011fal\u0131 k\u00f6k bayra\u011f\u0131m\u0131z kene tiklenecek zaman kelecegine eminim","datePublished":"2012-06-25T18:38:00+00:00","dateModified":"2022-01-21T18:39:48+00:00","mainEntityOfPage":{"@id":"https:\/\/qtmm.org\/qt\/ali-osman-bekmambet-qirim-uzerinde-evelkisi-kibi-tamgali-kok-bayragimiz-kene-tiklenecek-zaman-kelecegine-eminim\/"},"wordCount":310,"commentCount":0,"publisher":{"@id":"https:\/\/qtmm.org\/qt\/#organization"},"image":{"@id":"https:\/\/qtmm.org\/qt\/ali-osman-bekmambet-qirim-uzerinde-evelkisi-kibi-tamgali-kok-bayragimiz-kene-tiklenecek-zaman-kelecegine-eminim\/#primaryimage"},"thumbnailUrl":"https:\/\/qtmm.org\/wp-content\/uploads\/2022\/01\/img_6477.jpeg","articleSection":["Haberler"],"inLanguage":"qt","potentialAction":[{"@type":"CommentAction","name":"Comment","target":["https:\/\/qtmm.org\/qt\/ali-osman-bekmambet-qirim-uzerinde-evelkisi-kibi-tamgali-kok-bayragimiz-kene-tiklenecek-zaman-kelecegine-eminim\/#respond"]}]},{"@type":"WebPage","@id":"https:\/\/qtmm.org\/qt\/ali-osman-bekmambet-qirim-uzerinde-evelkisi-kibi-tamgali-kok-bayragimiz-kene-tiklenecek-zaman-kelecegine-eminim\/","url":"https:\/\/qtmm.org\/qt\/ali-osman-bekmambet-qirim-uzerinde-evelkisi-kibi-tamgali-kok-bayragimiz-kene-tiklenecek-zaman-kelecegine-eminim\/","name":"Ali Osman Bekmambet: Q\u0131r\u0131m \u00fczerinde evelkisi kibi tam\u011fal\u0131 k\u00f6k bayra\u011f\u0131m\u0131z kene tiklenecek zaman kelecegine eminim - \u041c\u0435\u0434\u0436\u043b\u0456\u0441","isPartOf":{"@id":"https:\/\/qtmm.org\/qt\/#website"},"primaryImageOfPage":{"@id":"https:\/\/qtmm.org\/qt\/ali-osman-bekmambet-qirim-uzerinde-evelkisi-kibi-tamgali-kok-bayragimiz-kene-tiklenecek-zaman-kelecegine-eminim\/#primaryimage"},"image":{"@id":"https:\/\/qtmm.org\/qt\/ali-osman-bekmambet-qirim-uzerinde-evelkisi-kibi-tamgali-kok-bayragimiz-kene-tiklenecek-zaman-kelecegine-eminim\/#primaryimage"},"thumbnailUrl":"https:\/\/qtmm.org\/wp-content\/uploads\/2022\/01\/img_6477.jpeg","datePublished":"2012-06-25T18:38:00+00:00","dateModified":"2022-01-21T18:39:48+00:00","breadcrumb":{"@id":"https:\/\/qtmm.org\/qt\/ali-osman-bekmambet-qirim-uzerinde-evelkisi-kibi-tamgali-kok-bayragimiz-kene-tiklenecek-zaman-kelecegine-eminim\/#breadcrumb"},"inLanguage":"qt","potentialAction":[{"@type":"ReadAction","target":["https:\/\/qtmm.org\/qt\/ali-osman-bekmambet-qirim-uzerinde-evelkisi-kibi-tamgali-kok-bayragimiz-kene-tiklenecek-zaman-kelecegine-eminim\/"]}]},{"@type":"ImageObject","inLanguage":"qt","@id":"https:\/\/qtmm.org\/qt\/ali-osman-bekmambet-qirim-uzerinde-evelkisi-kibi-tamgali-kok-bayragimiz-kene-tiklenecek-zaman-kelecegine-eminim\/#primaryimage","url":"https:\/\/qtmm.org\/wp-content\/uploads\/2022\/01\/img_6477.jpeg","contentUrl":"https:\/\/qtmm.org\/wp-content\/uploads\/2022\/01\/img_6477.jpeg","width":650,"height":400},{"@type":"BreadcrumbList","@id":"https:\/\/qtmm.org\/qt\/ali-osman-bekmambet-qirim-uzerinde-evelkisi-kibi-tamgali-kok-bayragimiz-kene-tiklenecek-zaman-kelecegine-eminim\/#breadcrumb","itemListElement":[{"@type":"ListItem","position":1,"name":"\u0413\u043e\u043b\u043e\u0432\u043d\u0430","item":"https:\/\/qtmm.org\/qt\/"},{"@type":"ListItem","position":2,"name":"Ali Osman Bekmambet: Q\u0131r\u0131m \u00fczerinde evelkisi kibi tam\u011fal\u0131 k\u00f6k bayra\u011f\u0131m\u0131z kene tiklenecek zaman kelecegine eminim"}]},{"@type":"WebSite","@id":"https:\/\/qtmm.org\/qt\/#website","url":"https:\/\/qtmm.org\/qt\/","name":"\u041c\u0435\u0434\u0436\u043b\u0456\u0441","description":"","publisher":{"@id":"https:\/\/qtmm.org\/qt\/#organization"},"potentialAction":[{"@type":"SearchAction","target":{"@type":"EntryPoint","urlTemplate":"https:\/\/qtmm.org\/qt\/?s={search_term_string}"},"query-input":{"@type":"PropertyValueSpecification","valueRequired":true,"valueName":"search_term_string"}}],"inLanguage":"qt"},{"@type":"Organization","@id":"https:\/\/qtmm.org\/qt\/#organization","name":"\u041c\u0435\u0434\u0436\u043b\u0456\u0441","url":"https:\/\/qtmm.org\/qt\/","logo":{"@type":"ImageObject","inLanguage":"qt","@id":"https:\/\/qtmm.org\/qt\/#\/schema\/logo\/image\/","url":"https:\/\/qtmm.org\/wp-content\/uploads\/2024\/12\/ua-mejlis-logo-rgb.svg","contentUrl":"https:\/\/qtmm.org\/wp-content\/uploads\/2024\/12\/ua-mejlis-logo-rgb.svg","caption":"\u041c\u0435\u0434\u0436\u043b\u0456\u0441"},"image":{"@id":"https:\/\/qtmm.org\/qt\/#\/schema\/logo\/image\/"},"sameAs":["https:\/\/www.facebook.com\/qtmm.info\/"]},{"@type":"Person","@id":"https:\/\/qtmm.org\/qt\/#\/schema\/person\/de562469f971dec226ac06e60bbf74a7","name":"Developer","image":{"@type":"ImageObject","inLanguage":"qt","@id":"https:\/\/secure.gravatar.com\/avatar\/392b4cc8fbfeb00b39dfeeab4ee6edded39ffd48e25858637e4765810300227e?s=96&d=mm&r=g","url":"https:\/\/secure.gravatar.com\/avatar\/392b4cc8fbfeb00b39dfeeab4ee6edded39ffd48e25858637e4765810300227e?s=96&d=mm&r=g","contentUrl":"https:\/\/secure.gravatar.com\/avatar\/392b4cc8fbfeb00b39dfeeab4ee6edded39ffd48e25858637e4765810300227e?s=96&d=mm&r=g","caption":"Developer"},"url":"https:\/\/qtmm.org\/qt\/author\/Developer\/"}]}},"_links":{"self":[{"href":"https:\/\/qtmm.org\/qt\/wp-json\/wp\/v2\/posts\/32054","targetHints":{"allow":["GET"]}}],"collection":[{"href":"https:\/\/qtmm.org\/qt\/wp-json\/wp\/v2\/posts"}],"about":[{"href":"https:\/\/qtmm.org\/qt\/wp-json\/wp\/v2\/types\/post"}],"author":[{"embeddable":true,"href":"https:\/\/qtmm.org\/qt\/wp-json\/wp\/v2\/users\/1"}],"replies":[{"embeddable":true,"href":"https:\/\/qtmm.org\/qt\/wp-json\/wp\/v2\/comments?post=32054"}],"version-history":[{"count":1,"href":"https:\/\/qtmm.org\/qt\/wp-json\/wp\/v2\/posts\/32054\/revisions"}],"predecessor-version":[{"id":32070,"href":"https:\/\/qtmm.org\/qt\/wp-json\/wp\/v2\/posts\/32054\/revisions\/32070"}],"wp:featuredmedia":[{"embeddable":true,"href":"https:\/\/qtmm.org\/qt\/wp-json\/wp\/v2\/media\/32056"}],"wp:attachment":[{"href":"https:\/\/qtmm.org\/qt\/wp-json\/wp\/v2\/media?parent=32054"}],"wp:term":[{"taxonomy":"category","embeddable":true,"href":"https:\/\/qtmm.org\/qt\/wp-json\/wp\/v2\/categories?post=32054"},{"taxonomy":"post_tag","embeddable":true,"href":"https:\/\/qtmm.org\/qt\/wp-json\/wp\/v2\/tags?post=32054"}],"curies":[{"name":"wp","href":"https:\/\/api.w.org\/{rel}","templated":true}]}}