




{"id":32013,"date":"2012-06-25T21:36:00","date_gmt":"2012-06-25T18:36:00","guid":{"rendered":"http:\/\/qtmm.org\/?p=32013"},"modified":"2022-01-21T21:38:22","modified_gmt":"2022-01-21T18:38:22","slug":"romaniya-qirimtatar-diasporasi-turk-tatar-demokratik-birliginin-yani-reisini-sayladi-ve-romaniya-parlamentine-namzet-kosterdi","status":"publish","type":"post","link":"https:\/\/qtmm.org\/qt\/romaniya-qirimtatar-diasporasi-turk-tatar-demokratik-birliginin-yani-reisini-sayladi-ve-romaniya-parlamentine-namzet-kosterdi\/","title":{"rendered":"Romaniya q\u0131r\u0131mtatar diasporas\u0131 T\u00fcrk-tatar demokratik birligini\u00f1 ya\u00f1\u0131 reisini saylad\u0131 ve Romaniya Parlamentine namzet k\u00f6sterdi"},"content":{"rendered":"\n<p>2012 senesi iy\u00fcn 23 k\u00fcn\u00fc Romaniyan\u0131\u00f1 K\u00f6stence \u015feerinde ya\u00f1\u0131 reis ve demokratik birlikni\u00f1 idare eyyetini saylamaq i\u00e7\u00fcn te\u015fkil etilgen kongress ol\u0131p ke\u00e7ti. Kongress delegatlar\u0131 \u015fu sene noyabr ay\u0131nda Romaniyada parlament se\u00e7imleri olaca\u011f\u0131 munasebetinen parlamentke q\u0131r\u0131mtatar diasporas\u0131ndan namzet k\u00f6stermek ve tasdiqlamaq kerek ediler.<\/p>\n\n\n\n<p>Namzet devlet taraf\u0131ndan milliy azl\u0131qlarn\u0131\u00f1 vekillerine kvota sistemas\u0131 boyunca berile.<br>Kongresste T\u00fcrkiyeni\u00f1 K\u00f6stencede ba\u015f konsul\u0131 F\u00fcsun Aramaz, bun\u0131\u00f1 kibi de Q\u0131r\u0131mtatar halq\u0131 Meclisini\u00f1 azalar\u0131 Ali Hamzin, Zaur Smirnov ve Qurultay delegat\u0131 Bekir \u011eaniyev de bulund\u0131lar.<\/p>\n\n\n\n<p>Kongress Romaniya, T\u00fcrkiye ve q\u0131r\u0131mtatar milliy gimnlerni\u00f1 icras\u0131ndan ba\u015flan\u0131p, so\u00f1ra Romaniya musulmanlar\u0131n\u0131\u00f1 m\u00fcftisi Murat Yusuf dua oqup, Kongressni\u00f1 i\u015fine muvafaqiyet tiledi. &#8220;Romaniya tatarlar\u0131n\u0131\u00f1 faaliyeti Q\u0131r\u0131m ve q\u0131r\u0131mtatar halq\u0131m\u0131znen birligimizni daa da qaviyle\u015ftir\u00fcvge do\u011frult\u0131lmaq kerek&#8221;, &#8211; dedi Murat Yusuf.<\/p>\n\n\n\n<p>Kongress i\u015ftirak\u00e7ilerini bun\u0131\u00f1 kibi de Romaniya T\u00fcrk-tatar demokratik birligini\u00f1 reisi Varol Amet, T\u00fcrkiyeni\u00f1 K\u00f6stencede ba\u015f konsul\u0131 F\u00fcsun Aramaz, bun\u0131\u00f1 kibi de Q\u0131r\u0131mtatar halq\u0131 Meclisini\u00f1 t\u0131\u015fq\u0131 al\u00e2qalar b\u00f6l\u00fcgini\u00f1 ba\u015f\u0131 Ali Hamzin ve Meclis azas\u0131, Yalta \u015feer \u015furas\u0131 milletlerara munasebetler ve migratsiya idaresini\u00f1 ba\u015f\u0131 Zaur Smirnov samimiy sel\u00e2mlad\u0131lar.<\/p>\n\n\n\n<p>Ali Hamzin, Kongress delegatlar\u0131na Q\u0131r\u0131mtatar halq\u0131 Meclisini\u00f1 reisi Mustafa Cemilevni\u00f1, bun\u0131\u00f1 kibi de Q\u0131r\u0131mdaki semetde\u015flerni\u00f1 sel\u00e2mlar\u0131n\u0131 s\u00f6ylep, Meclis reisi Q\u0131r\u0131mda q\u0131r\u0131mtatar halq\u0131n\u0131\u00f1 \u011fayr\u0131dan tiklen\u00fcv ve pekin\u00fcvde Romaniya diasporas\u0131n\u0131\u00f1 b\u00fcy\u00fck h\u0131zmetini ayr\u0131ca qayd etkenini bildirdi.<\/p>\n\n\n\n<p>So\u00f1ra Q\u0131r\u0131mtatar halq\u0131 Meclisi ad\u0131ndan &#8220;Q\u0131r\u0131mtatar halq\u0131n\u0131 birle\u015ftir\u00fcvge, q\u0131r\u0131mtatar halq\u0131n\u0131\u00f1 \u00f6z tarihiy Vatan\u0131nda \u011fayr\u0131dan tiklenmesine do\u011frult\u0131l\u011fan faaliyeti, Q\u0131r\u0131m ve Romaniya q\u0131r\u0131mtatar cemiyeti aras\u0131nda al\u00e2qalarn\u0131 \u011fayr\u0131dan tiklev i\u015fine qo\u015fqan \u015fahsiy issesi i\u00e7\u00fcn Romaniya T\u00fcrk-tatar demokratik birlikni\u00f1 reisi Varol Ametke, Romaniya T\u00fcrk-tatar demokratik birliginden Romaniya parlamentini\u00f1 deputat\u0131 Aledin Amet, T\u00fcrkiyeni\u00f1 ba\u015f konsul\u0131 F\u00fcsun Aramaz, Romaniya musulmanlar\u0131 m\u00fcftisini\u00f1 yard\u0131mc\u0131s\u0131 Murat Yusuf, K\u00f6stence valisini\u00f1 yard\u0131mc\u0131s\u0131 Aydun Qurt-Molla, Romaniya \u00dck\u00fcmeti Milletlerni\u00f1 i\u015fleri boyunca mes\u00fcl k\u00e2tip yard\u0131mc\u0131s\u0131 Necat Sali, qad\u0131nlar te\u015fkil\u00e2t\u0131n\u0131\u00f1 reisi Sevim Mustafa, \u0130smail Gaspral\u0131 ya\u015flar te\u015fkil\u00e2t\u0131n\u0131\u00f1 reisi Din\u00e7er Caferge beridi.<\/p>\n\n\n\n<p>Kongresste Nicat Sali ve Aledin Ametni\u00f1 olma\u011fan\u0131 sebebinden olarn\u0131\u00f1 yarl\u0131qlar\u0131 k\u00e2tibiyetke qald\u0131r\u0131ld\u0131.<\/p>\n\n\n\n<p>Kongress programmas\u0131na muvaf\u0131q Romaniya T\u00fcrk-tatar demokratik birlik reisi Varol Ametni\u00f1 esabat\u0131 di\u00f1leninldi. Romaniya Parlamenti deputat\u0131 Amet Aledinni\u00f1 maruzas\u0131n\u0131 on\u0131\u00f1 yard\u0131mc\u0131s\u0131 Ekrem \u011eafar oqud\u0131.<\/p>\n\n\n\n<p>&#8220;Romaniya T\u00fcrk-tatar demokratik birligini\u00f1 maliyeviy faaliyeti aqq\u0131nda&#8221; maruzas\u0131nen nezaret-maliye komissiyas\u0131n\u0131\u00f1 reisi Turan Cel\u00e2l \u00e7\u0131q\u0131\u015fta bulund\u0131.<br>\u00c7\u0131q\u0131\u015flar neticeleri boyunca muzakerelerde maruzac\u0131lar delegatlarn\u0131\u00f1 suallerine cevap berdiler. So\u00f1ra Faruq Memet reisliginde saylav komissiyas\u0131 Romaniya T\u00fcrk-tatar demokratik birligini\u00f1 reisi ve Romaniya parlamentine namzet k\u00f6ster\u00fcv i\u015fini ba\u015flad\u0131.<\/p>\n\n\n\n<p>Romaniya T\u00fcrk-tatar demokratik birligini\u00f1 saylavlar boyunca nizamnamesine binaen saylavlar a\u00e7\u0131q ve demokratik \u015fekilde \u00f6tkerildi. Saylavlar neticelerine k\u00f6re Romaniya T\u00fcrk-tatar demokratik birligini\u00f1 reisi olaraq Celil Erecep ve Romaniya T\u00fcrk-tatar demokratik birligini\u00f1 ad\u0131ndan Romaniya parlamentine Varol Ametni\u00f1 namzeti k\u00f6sterildi.<\/p>\n\n\n\n<p>Bun\u0131\u00f1 kibi de Kongresste Romaniya T\u00fcrk-tatar demokratik birligini\u00f1 reisi Celil Erecepni\u00f1 teklifinen birinci muavin olaraq Samir Minan, ba\u015f k\u00e2tip Aydun Qurt-Molla, muavinler olaraq Demirel Qayali, Naci Cel\u00e2l ve Birol \u0130badula delegatlar taraf\u0131ndan tasdiqland\u0131lar.<\/p>\n\n\n\n<p><strong><em>Mal\u00fcmat i\u00e7\u00fcn:<\/em><\/strong>\u00a0 Celil Esercep 2000-den 2008 senesine qadar Romaniya Parlamentini\u00f1 &#8220;Ulu Romaniya&#8221; firqas\u0131 ad\u0131ndan Romaniya parlamentini\u00f1 deputat\u0131 edi.<\/p>\n\n\n\n<figure class=\"wp-block-gallery columns-3 is-cropped wp-block-gallery-1 is-layout-flex wp-block-gallery-is-layout-flex\"><ul class=\"blocks-gallery-grid\"><li class=\"blocks-gallery-item\"><figure><a href=\"http:\/\/qtmm.org\/wp-content\/uploads\/2022\/01\/4fec1da3e6907.jpeg\"><img loading=\"lazy\" decoding=\"async\" width=\"640\" height=\"480\" src=\"http:\/\/qtmm.org\/wp-content\/uploads\/2022\/01\/4fec1da3e6907.jpeg\" alt=\"\" data-id=\"32019\" data-full-url=\"http:\/\/qtmm.org\/wp-content\/uploads\/2022\/01\/4fec1da3e6907.jpeg\" data-link=\"http:\/\/qtmm.org\/?attachment_id=32019\" class=\"wp-image-32019\" srcset=\"https:\/\/qtmm.org\/wp-content\/uploads\/2022\/01\/4fec1da3e6907.jpeg 640w, https:\/\/qtmm.org\/wp-content\/uploads\/2022\/01\/4fec1da3e6907-300x225.jpeg 300w\" sizes=\"auto, (max-width: 640px) 100vw, 640px\" \/><\/a><\/figure><\/li><li class=\"blocks-gallery-item\"><figure><a href=\"http:\/\/qtmm.org\/wp-content\/uploads\/2022\/01\/4fec1da4db518.jpeg\"><img loading=\"lazy\" decoding=\"async\" width=\"640\" height=\"480\" src=\"http:\/\/qtmm.org\/wp-content\/uploads\/2022\/01\/4fec1da4db518.jpeg\" alt=\"\" data-id=\"32023\" data-full-url=\"http:\/\/qtmm.org\/wp-content\/uploads\/2022\/01\/4fec1da4db518.jpeg\" data-link=\"http:\/\/qtmm.org\/qt\/?attachment_id=32023\" class=\"wp-image-32023\" srcset=\"https:\/\/qtmm.org\/wp-content\/uploads\/2022\/01\/4fec1da4db518.jpeg 640w, https:\/\/qtmm.org\/wp-content\/uploads\/2022\/01\/4fec1da4db518-300x225.jpeg 300w\" sizes=\"auto, (max-width: 640px) 100vw, 640px\" \/><\/a><\/figure><\/li><li class=\"blocks-gallery-item\"><figure><a href=\"http:\/\/qtmm.org\/wp-content\/uploads\/2022\/01\/4fec1da34ae14.jpeg\"><img loading=\"lazy\" decoding=\"async\" width=\"640\" height=\"480\" src=\"http:\/\/qtmm.org\/wp-content\/uploads\/2022\/01\/4fec1da34ae14.jpeg\" alt=\"\" data-id=\"32027\" data-full-url=\"http:\/\/qtmm.org\/wp-content\/uploads\/2022\/01\/4fec1da34ae14.jpeg\" data-link=\"http:\/\/qtmm.org\/qt\/?attachment_id=32027\" class=\"wp-image-32027\" srcset=\"https:\/\/qtmm.org\/wp-content\/uploads\/2022\/01\/4fec1da34ae14.jpeg 640w, https:\/\/qtmm.org\/wp-content\/uploads\/2022\/01\/4fec1da34ae14-300x225.jpeg 300w\" sizes=\"auto, (max-width: 640px) 100vw, 640px\" \/><\/a><\/figure><\/li><li class=\"blocks-gallery-item\"><figure><a href=\"http:\/\/qtmm.org\/wp-content\/uploads\/2022\/01\/4fec1da39a8f9.jpeg\"><img loading=\"lazy\" decoding=\"async\" width=\"640\" height=\"480\" src=\"http:\/\/qtmm.org\/wp-content\/uploads\/2022\/01\/4fec1da39a8f9.jpeg\" alt=\"\" data-id=\"32031\" data-full-url=\"http:\/\/qtmm.org\/wp-content\/uploads\/2022\/01\/4fec1da39a8f9.jpeg\" data-link=\"http:\/\/qtmm.org\/qt\/?attachment_id=32031\" class=\"wp-image-32031\" srcset=\"https:\/\/qtmm.org\/wp-content\/uploads\/2022\/01\/4fec1da39a8f9.jpeg 640w, https:\/\/qtmm.org\/wp-content\/uploads\/2022\/01\/4fec1da39a8f9-300x225.jpeg 300w\" sizes=\"auto, (max-width: 640px) 100vw, 640px\" \/><\/a><\/figure><\/li><li class=\"blocks-gallery-item\"><figure><a href=\"http:\/\/qtmm.org\/wp-content\/uploads\/2022\/01\/4fec1da43f28c.jpeg\"><img loading=\"lazy\" decoding=\"async\" width=\"640\" height=\"480\" src=\"http:\/\/qtmm.org\/wp-content\/uploads\/2022\/01\/4fec1da43f28c.jpeg\" alt=\"\" data-id=\"32035\" data-full-url=\"http:\/\/qtmm.org\/wp-content\/uploads\/2022\/01\/4fec1da43f28c.jpeg\" data-link=\"http:\/\/qtmm.org\/qt\/?attachment_id=32035\" class=\"wp-image-32035\" srcset=\"https:\/\/qtmm.org\/wp-content\/uploads\/2022\/01\/4fec1da43f28c.jpeg 640w, https:\/\/qtmm.org\/wp-content\/uploads\/2022\/01\/4fec1da43f28c-300x225.jpeg 300w\" sizes=\"auto, (max-width: 640px) 100vw, 640px\" \/><\/a><\/figure><\/li><li class=\"blocks-gallery-item\"><figure><a href=\"http:\/\/qtmm.org\/wp-content\/uploads\/2022\/01\/4fec1da48c622.jpeg\"><img loading=\"lazy\" decoding=\"async\" width=\"640\" height=\"480\" src=\"http:\/\/qtmm.org\/wp-content\/uploads\/2022\/01\/4fec1da48c622.jpeg\" alt=\"\" data-id=\"32039\" data-full-url=\"http:\/\/qtmm.org\/wp-content\/uploads\/2022\/01\/4fec1da48c622.jpeg\" data-link=\"http:\/\/qtmm.org\/qt\/?attachment_id=32039\" class=\"wp-image-32039\" srcset=\"https:\/\/qtmm.org\/wp-content\/uploads\/2022\/01\/4fec1da48c622.jpeg 640w, https:\/\/qtmm.org\/wp-content\/uploads\/2022\/01\/4fec1da48c622-300x225.jpeg 300w\" sizes=\"auto, (max-width: 640px) 100vw, 640px\" \/><\/a><\/figure><\/li><li class=\"blocks-gallery-item\"><figure><a href=\"http:\/\/qtmm.org\/wp-content\/uploads\/2022\/01\/4fec1da536d88.jpeg\"><img loading=\"lazy\" decoding=\"async\" width=\"640\" height=\"480\" src=\"http:\/\/qtmm.org\/wp-content\/uploads\/2022\/01\/4fec1da536d88.jpeg\" alt=\"\" data-id=\"32043\" data-full-url=\"http:\/\/qtmm.org\/wp-content\/uploads\/2022\/01\/4fec1da536d88.jpeg\" data-link=\"http:\/\/qtmm.org\/qt\/?attachment_id=32043\" class=\"wp-image-32043\" srcset=\"https:\/\/qtmm.org\/wp-content\/uploads\/2022\/01\/4fec1da536d88.jpeg 640w, https:\/\/qtmm.org\/wp-content\/uploads\/2022\/01\/4fec1da536d88-300x225.jpeg 300w\" sizes=\"auto, (max-width: 640px) 100vw, 640px\" \/><\/a><\/figure><\/li><li class=\"blocks-gallery-item\"><figure><a href=\"http:\/\/qtmm.org\/wp-content\/uploads\/2022\/01\/4fec1da581a06.jpeg\"><img loading=\"lazy\" decoding=\"async\" width=\"640\" height=\"480\" src=\"http:\/\/qtmm.org\/wp-content\/uploads\/2022\/01\/4fec1da581a06.jpeg\" alt=\"\" data-id=\"32047\" data-full-url=\"http:\/\/qtmm.org\/wp-content\/uploads\/2022\/01\/4fec1da581a06.jpeg\" data-link=\"http:\/\/qtmm.org\/qt\/?attachment_id=32047\" class=\"wp-image-32047\" srcset=\"https:\/\/qtmm.org\/wp-content\/uploads\/2022\/01\/4fec1da581a06.jpeg 640w, https:\/\/qtmm.org\/wp-content\/uploads\/2022\/01\/4fec1da581a06-300x225.jpeg 300w\" sizes=\"auto, (max-width: 640px) 100vw, 640px\" \/><\/a><\/figure><\/li><\/ul><\/figure>\n","protected":false},"excerpt":{"rendered":"<p>2012 senesi iy\u00fcn 23 k\u00fcn\u00fc Romaniyan\u0131\u00f1 K\u00f6stence \u015feerinde ya\u00f1\u0131 reis ve demokratik birlikni\u00f1 idare eyyetini saylamaq i\u00e7\u00fcn te\u015fkil etilgen kongress ol\u0131p ke\u00e7ti. Kongress delegatlar\u0131 \u015fu sene noyabr ay\u0131nda Romaniyada parlament se\u00e7imleri olaca\u011f\u0131 munasebetinen parlamentke q\u0131r\u0131mtatar diasporas\u0131ndan namzet k\u00f6stermek ve tasdiqlamaq kerek ediler. Namzet devlet taraf\u0131ndan milliy azl\u0131qlarn\u0131\u00f1 vekillerine kvota sistemas\u0131 boyunca berile.Kongresste T\u00fcrkiyeni\u00f1 K\u00f6stencede ba\u015f [&hellip;]<\/p>\n","protected":false},"author":1,"featured_media":32019,"comment_status":"open","ping_status":"open","sticky":false,"template":"","format":"standard","meta":{"inline_featured_image":false,"footnotes":""},"categories":[265],"tags":[],"class_list":["post-32013","post","type-post","status-publish","format-standard","has-post-thumbnail","hentry","category-haberler"],"acf":[],"yoast_head":"<!-- This site is optimized with the Yoast SEO plugin v27.4 - https:\/\/yoast.com\/product\/yoast-seo-wordpress\/ -->\n<title>Romaniya q\u0131r\u0131mtatar diasporas\u0131 T\u00fcrk-tatar demokratik birligini\u00f1 ya\u00f1\u0131 reisini saylad\u0131 ve Romaniya Parlamentine namzet k\u00f6sterdi - \u041c\u0435\u0434\u0436\u043b\u0456\u0441<\/title>\n<meta name=\"robots\" content=\"index, follow, max-snippet:-1, max-image-preview:large, max-video-preview:-1\" \/>\n<link rel=\"canonical\" href=\"https:\/\/qtmm.org\/qt\/romaniya-qirimtatar-diasporasi-turk-tatar-demokratik-birliginin-yani-reisini-sayladi-ve-romaniya-parlamentine-namzet-kosterdi\/\" \/>\n<meta property=\"og:locale\" content=\"en_US\" \/>\n<meta property=\"og:type\" content=\"article\" \/>\n<meta property=\"og:title\" content=\"Romaniya q\u0131r\u0131mtatar diasporas\u0131 T\u00fcrk-tatar demokratik birligini\u00f1 ya\u00f1\u0131 reisini saylad\u0131 ve Romaniya Parlamentine namzet k\u00f6sterdi - \u041c\u0435\u0434\u0436\u043b\u0456\u0441\" \/>\n<meta property=\"og:description\" content=\"2012 senesi iy\u00fcn 23 k\u00fcn\u00fc Romaniyan\u0131\u00f1 K\u00f6stence \u015feerinde ya\u00f1\u0131 reis ve demokratik birlikni\u00f1 idare eyyetini saylamaq i\u00e7\u00fcn te\u015fkil etilgen kongress ol\u0131p ke\u00e7ti. Kongress delegatlar\u0131 \u015fu sene noyabr ay\u0131nda Romaniyada parlament se\u00e7imleri olaca\u011f\u0131 munasebetinen parlamentke q\u0131r\u0131mtatar diasporas\u0131ndan namzet k\u00f6stermek ve tasdiqlamaq kerek ediler. Namzet devlet taraf\u0131ndan milliy azl\u0131qlarn\u0131\u00f1 vekillerine kvota sistemas\u0131 boyunca berile.Kongresste T\u00fcrkiyeni\u00f1 K\u00f6stencede ba\u015f [&hellip;]\" \/>\n<meta property=\"og:url\" content=\"https:\/\/qtmm.org\/qt\/romaniya-qirimtatar-diasporasi-turk-tatar-demokratik-birliginin-yani-reisini-sayladi-ve-romaniya-parlamentine-namzet-kosterdi\/\" \/>\n<meta property=\"og:site_name\" content=\"\u041c\u0435\u0434\u0436\u043b\u0456\u0441\" \/>\n<meta property=\"article:publisher\" content=\"https:\/\/www.facebook.com\/qtmm.info\/\" \/>\n<meta property=\"article:published_time\" content=\"2012-06-25T18:36:00+00:00\" \/>\n<meta property=\"article:modified_time\" content=\"2022-01-21T18:38:22+00:00\" \/>\n<meta property=\"og:image\" content=\"https:\/\/qtmm.org\/wp-content\/uploads\/2022\/01\/4fec1da3e6907.jpeg\" \/>\n\t<meta property=\"og:image:width\" content=\"640\" \/>\n\t<meta property=\"og:image:height\" content=\"480\" \/>\n\t<meta property=\"og:image:type\" content=\"image\/jpeg\" \/>\n<meta name=\"author\" content=\"Developer\" \/>\n<meta name=\"twitter:card\" content=\"summary_large_image\" \/>\n<meta name=\"twitter:label1\" content=\"Written by\" \/>\n\t<meta name=\"twitter:data1\" content=\"Developer\" \/>\n\t<meta name=\"twitter:label2\" content=\"Est. reading time\" \/>\n\t<meta name=\"twitter:data2\" content=\"3 minutes\" \/>\n<script type=\"application\/ld+json\" class=\"yoast-schema-graph\">{\"@context\":\"https:\\\/\\\/schema.org\",\"@graph\":[{\"@type\":\"Article\",\"@id\":\"https:\\\/\\\/qtmm.org\\\/qt\\\/romaniya-qirimtatar-diasporasi-turk-tatar-demokratik-birliginin-yani-reisini-sayladi-ve-romaniya-parlamentine-namzet-kosterdi\\\/#article\",\"isPartOf\":{\"@id\":\"https:\\\/\\\/qtmm.org\\\/qt\\\/romaniya-qirimtatar-diasporasi-turk-tatar-demokratik-birliginin-yani-reisini-sayladi-ve-romaniya-parlamentine-namzet-kosterdi\\\/\"},\"author\":{\"name\":\"Developer\",\"@id\":\"https:\\\/\\\/qtmm.org\\\/qt\\\/#\\\/schema\\\/person\\\/de562469f971dec226ac06e60bbf74a7\"},\"headline\":\"Romaniya q\u0131r\u0131mtatar diasporas\u0131 T\u00fcrk-tatar demokratik birligini\u00f1 ya\u00f1\u0131 reisini saylad\u0131 ve Romaniya Parlamentine namzet k\u00f6sterdi\",\"datePublished\":\"2012-06-25T18:36:00+00:00\",\"dateModified\":\"2022-01-21T18:38:22+00:00\",\"mainEntityOfPage\":{\"@id\":\"https:\\\/\\\/qtmm.org\\\/qt\\\/romaniya-qirimtatar-diasporasi-turk-tatar-demokratik-birliginin-yani-reisini-sayladi-ve-romaniya-parlamentine-namzet-kosterdi\\\/\"},\"wordCount\":632,\"commentCount\":0,\"publisher\":{\"@id\":\"https:\\\/\\\/qtmm.org\\\/qt\\\/#organization\"},\"image\":{\"@id\":\"https:\\\/\\\/qtmm.org\\\/qt\\\/romaniya-qirimtatar-diasporasi-turk-tatar-demokratik-birliginin-yani-reisini-sayladi-ve-romaniya-parlamentine-namzet-kosterdi\\\/#primaryimage\"},\"thumbnailUrl\":\"https:\\\/\\\/qtmm.org\\\/wp-content\\\/uploads\\\/2022\\\/01\\\/4fec1da3e6907.jpeg\",\"articleSection\":[\"Haberler\"],\"inLanguage\":\"qt\",\"potentialAction\":[{\"@type\":\"CommentAction\",\"name\":\"Comment\",\"target\":[\"https:\\\/\\\/qtmm.org\\\/qt\\\/romaniya-qirimtatar-diasporasi-turk-tatar-demokratik-birliginin-yani-reisini-sayladi-ve-romaniya-parlamentine-namzet-kosterdi\\\/#respond\"]}]},{\"@type\":\"WebPage\",\"@id\":\"https:\\\/\\\/qtmm.org\\\/qt\\\/romaniya-qirimtatar-diasporasi-turk-tatar-demokratik-birliginin-yani-reisini-sayladi-ve-romaniya-parlamentine-namzet-kosterdi\\\/\",\"url\":\"https:\\\/\\\/qtmm.org\\\/qt\\\/romaniya-qirimtatar-diasporasi-turk-tatar-demokratik-birliginin-yani-reisini-sayladi-ve-romaniya-parlamentine-namzet-kosterdi\\\/\",\"name\":\"Romaniya q\u0131r\u0131mtatar diasporas\u0131 T\u00fcrk-tatar demokratik birligini\u00f1 ya\u00f1\u0131 reisini saylad\u0131 ve Romaniya Parlamentine namzet k\u00f6sterdi - \u041c\u0435\u0434\u0436\u043b\u0456\u0441\",\"isPartOf\":{\"@id\":\"https:\\\/\\\/qtmm.org\\\/qt\\\/#website\"},\"primaryImageOfPage\":{\"@id\":\"https:\\\/\\\/qtmm.org\\\/qt\\\/romaniya-qirimtatar-diasporasi-turk-tatar-demokratik-birliginin-yani-reisini-sayladi-ve-romaniya-parlamentine-namzet-kosterdi\\\/#primaryimage\"},\"image\":{\"@id\":\"https:\\\/\\\/qtmm.org\\\/qt\\\/romaniya-qirimtatar-diasporasi-turk-tatar-demokratik-birliginin-yani-reisini-sayladi-ve-romaniya-parlamentine-namzet-kosterdi\\\/#primaryimage\"},\"thumbnailUrl\":\"https:\\\/\\\/qtmm.org\\\/wp-content\\\/uploads\\\/2022\\\/01\\\/4fec1da3e6907.jpeg\",\"datePublished\":\"2012-06-25T18:36:00+00:00\",\"dateModified\":\"2022-01-21T18:38:22+00:00\",\"breadcrumb\":{\"@id\":\"https:\\\/\\\/qtmm.org\\\/qt\\\/romaniya-qirimtatar-diasporasi-turk-tatar-demokratik-birliginin-yani-reisini-sayladi-ve-romaniya-parlamentine-namzet-kosterdi\\\/#breadcrumb\"},\"inLanguage\":\"qt\",\"potentialAction\":[{\"@type\":\"ReadAction\",\"target\":[\"https:\\\/\\\/qtmm.org\\\/qt\\\/romaniya-qirimtatar-diasporasi-turk-tatar-demokratik-birliginin-yani-reisini-sayladi-ve-romaniya-parlamentine-namzet-kosterdi\\\/\"]}]},{\"@type\":\"ImageObject\",\"inLanguage\":\"qt\",\"@id\":\"https:\\\/\\\/qtmm.org\\\/qt\\\/romaniya-qirimtatar-diasporasi-turk-tatar-demokratik-birliginin-yani-reisini-sayladi-ve-romaniya-parlamentine-namzet-kosterdi\\\/#primaryimage\",\"url\":\"https:\\\/\\\/qtmm.org\\\/wp-content\\\/uploads\\\/2022\\\/01\\\/4fec1da3e6907.jpeg\",\"contentUrl\":\"https:\\\/\\\/qtmm.org\\\/wp-content\\\/uploads\\\/2022\\\/01\\\/4fec1da3e6907.jpeg\",\"width\":640,\"height\":480},{\"@type\":\"BreadcrumbList\",\"@id\":\"https:\\\/\\\/qtmm.org\\\/qt\\\/romaniya-qirimtatar-diasporasi-turk-tatar-demokratik-birliginin-yani-reisini-sayladi-ve-romaniya-parlamentine-namzet-kosterdi\\\/#breadcrumb\",\"itemListElement\":[{\"@type\":\"ListItem\",\"position\":1,\"name\":\"\u0413\u043e\u043b\u043e\u0432\u043d\u0430\",\"item\":\"https:\\\/\\\/qtmm.org\\\/qt\\\/\"},{\"@type\":\"ListItem\",\"position\":2,\"name\":\"Romaniya q\u0131r\u0131mtatar diasporas\u0131 T\u00fcrk-tatar demokratik birligini\u00f1 ya\u00f1\u0131 reisini saylad\u0131 ve Romaniya Parlamentine namzet k\u00f6sterdi\"}]},{\"@type\":\"WebSite\",\"@id\":\"https:\\\/\\\/qtmm.org\\\/qt\\\/#website\",\"url\":\"https:\\\/\\\/qtmm.org\\\/qt\\\/\",\"name\":\"\u041c\u0435\u0434\u0436\u043b\u0456\u0441\",\"description\":\"\",\"publisher\":{\"@id\":\"https:\\\/\\\/qtmm.org\\\/qt\\\/#organization\"},\"potentialAction\":[{\"@type\":\"SearchAction\",\"target\":{\"@type\":\"EntryPoint\",\"urlTemplate\":\"https:\\\/\\\/qtmm.org\\\/qt\\\/?s={search_term_string}\"},\"query-input\":{\"@type\":\"PropertyValueSpecification\",\"valueRequired\":true,\"valueName\":\"search_term_string\"}}],\"inLanguage\":\"qt\"},{\"@type\":\"Organization\",\"@id\":\"https:\\\/\\\/qtmm.org\\\/qt\\\/#organization\",\"name\":\"\u041c\u0435\u0434\u0436\u043b\u0456\u0441\",\"url\":\"https:\\\/\\\/qtmm.org\\\/qt\\\/\",\"logo\":{\"@type\":\"ImageObject\",\"inLanguage\":\"qt\",\"@id\":\"https:\\\/\\\/qtmm.org\\\/qt\\\/#\\\/schema\\\/logo\\\/image\\\/\",\"url\":\"https:\\\/\\\/qtmm.org\\\/wp-content\\\/uploads\\\/2024\\\/12\\\/ua-mejlis-logo-rgb.svg\",\"contentUrl\":\"https:\\\/\\\/qtmm.org\\\/wp-content\\\/uploads\\\/2024\\\/12\\\/ua-mejlis-logo-rgb.svg\",\"caption\":\"\u041c\u0435\u0434\u0436\u043b\u0456\u0441\"},\"image\":{\"@id\":\"https:\\\/\\\/qtmm.org\\\/qt\\\/#\\\/schema\\\/logo\\\/image\\\/\"},\"sameAs\":[\"https:\\\/\\\/www.facebook.com\\\/qtmm.info\\\/\"]},{\"@type\":\"Person\",\"@id\":\"https:\\\/\\\/qtmm.org\\\/qt\\\/#\\\/schema\\\/person\\\/de562469f971dec226ac06e60bbf74a7\",\"name\":\"Developer\",\"image\":{\"@type\":\"ImageObject\",\"inLanguage\":\"qt\",\"@id\":\"https:\\\/\\\/secure.gravatar.com\\\/avatar\\\/392b4cc8fbfeb00b39dfeeab4ee6edded39ffd48e25858637e4765810300227e?s=96&d=mm&r=g\",\"url\":\"https:\\\/\\\/secure.gravatar.com\\\/avatar\\\/392b4cc8fbfeb00b39dfeeab4ee6edded39ffd48e25858637e4765810300227e?s=96&d=mm&r=g\",\"contentUrl\":\"https:\\\/\\\/secure.gravatar.com\\\/avatar\\\/392b4cc8fbfeb00b39dfeeab4ee6edded39ffd48e25858637e4765810300227e?s=96&d=mm&r=g\",\"caption\":\"Developer\"},\"url\":\"https:\\\/\\\/qtmm.org\\\/qt\\\/author\\\/Developer\\\/\"}]}<\/script>\n<!-- \/ Yoast SEO plugin. -->","yoast_head_json":{"title":"Romaniya q\u0131r\u0131mtatar diasporas\u0131 T\u00fcrk-tatar demokratik birligini\u00f1 ya\u00f1\u0131 reisini saylad\u0131 ve Romaniya Parlamentine namzet k\u00f6sterdi - \u041c\u0435\u0434\u0436\u043b\u0456\u0441","robots":{"index":"index","follow":"follow","max-snippet":"max-snippet:-1","max-image-preview":"max-image-preview:large","max-video-preview":"max-video-preview:-1"},"canonical":"https:\/\/qtmm.org\/qt\/romaniya-qirimtatar-diasporasi-turk-tatar-demokratik-birliginin-yani-reisini-sayladi-ve-romaniya-parlamentine-namzet-kosterdi\/","og_locale":"en_US","og_type":"article","og_title":"Romaniya q\u0131r\u0131mtatar diasporas\u0131 T\u00fcrk-tatar demokratik birligini\u00f1 ya\u00f1\u0131 reisini saylad\u0131 ve Romaniya Parlamentine namzet k\u00f6sterdi - \u041c\u0435\u0434\u0436\u043b\u0456\u0441","og_description":"2012 senesi iy\u00fcn 23 k\u00fcn\u00fc Romaniyan\u0131\u00f1 K\u00f6stence \u015feerinde ya\u00f1\u0131 reis ve demokratik birlikni\u00f1 idare eyyetini saylamaq i\u00e7\u00fcn te\u015fkil etilgen kongress ol\u0131p ke\u00e7ti. Kongress delegatlar\u0131 \u015fu sene noyabr ay\u0131nda Romaniyada parlament se\u00e7imleri olaca\u011f\u0131 munasebetinen parlamentke q\u0131r\u0131mtatar diasporas\u0131ndan namzet k\u00f6stermek ve tasdiqlamaq kerek ediler. Namzet devlet taraf\u0131ndan milliy azl\u0131qlarn\u0131\u00f1 vekillerine kvota sistemas\u0131 boyunca berile.Kongresste T\u00fcrkiyeni\u00f1 K\u00f6stencede ba\u015f [&hellip;]","og_url":"https:\/\/qtmm.org\/qt\/romaniya-qirimtatar-diasporasi-turk-tatar-demokratik-birliginin-yani-reisini-sayladi-ve-romaniya-parlamentine-namzet-kosterdi\/","og_site_name":"\u041c\u0435\u0434\u0436\u043b\u0456\u0441","article_publisher":"https:\/\/www.facebook.com\/qtmm.info\/","article_published_time":"2012-06-25T18:36:00+00:00","article_modified_time":"2022-01-21T18:38:22+00:00","og_image":[{"width":640,"height":480,"url":"https:\/\/qtmm.org\/wp-content\/uploads\/2022\/01\/4fec1da3e6907.jpeg","type":"image\/jpeg"}],"author":"Developer","twitter_card":"summary_large_image","twitter_misc":{"Written by":"Developer","Est. reading time":"3 minutes"},"schema":{"@context":"https:\/\/schema.org","@graph":[{"@type":"Article","@id":"https:\/\/qtmm.org\/qt\/romaniya-qirimtatar-diasporasi-turk-tatar-demokratik-birliginin-yani-reisini-sayladi-ve-romaniya-parlamentine-namzet-kosterdi\/#article","isPartOf":{"@id":"https:\/\/qtmm.org\/qt\/romaniya-qirimtatar-diasporasi-turk-tatar-demokratik-birliginin-yani-reisini-sayladi-ve-romaniya-parlamentine-namzet-kosterdi\/"},"author":{"name":"Developer","@id":"https:\/\/qtmm.org\/qt\/#\/schema\/person\/de562469f971dec226ac06e60bbf74a7"},"headline":"Romaniya q\u0131r\u0131mtatar diasporas\u0131 T\u00fcrk-tatar demokratik birligini\u00f1 ya\u00f1\u0131 reisini saylad\u0131 ve Romaniya Parlamentine namzet k\u00f6sterdi","datePublished":"2012-06-25T18:36:00+00:00","dateModified":"2022-01-21T18:38:22+00:00","mainEntityOfPage":{"@id":"https:\/\/qtmm.org\/qt\/romaniya-qirimtatar-diasporasi-turk-tatar-demokratik-birliginin-yani-reisini-sayladi-ve-romaniya-parlamentine-namzet-kosterdi\/"},"wordCount":632,"commentCount":0,"publisher":{"@id":"https:\/\/qtmm.org\/qt\/#organization"},"image":{"@id":"https:\/\/qtmm.org\/qt\/romaniya-qirimtatar-diasporasi-turk-tatar-demokratik-birliginin-yani-reisini-sayladi-ve-romaniya-parlamentine-namzet-kosterdi\/#primaryimage"},"thumbnailUrl":"https:\/\/qtmm.org\/wp-content\/uploads\/2022\/01\/4fec1da3e6907.jpeg","articleSection":["Haberler"],"inLanguage":"qt","potentialAction":[{"@type":"CommentAction","name":"Comment","target":["https:\/\/qtmm.org\/qt\/romaniya-qirimtatar-diasporasi-turk-tatar-demokratik-birliginin-yani-reisini-sayladi-ve-romaniya-parlamentine-namzet-kosterdi\/#respond"]}]},{"@type":"WebPage","@id":"https:\/\/qtmm.org\/qt\/romaniya-qirimtatar-diasporasi-turk-tatar-demokratik-birliginin-yani-reisini-sayladi-ve-romaniya-parlamentine-namzet-kosterdi\/","url":"https:\/\/qtmm.org\/qt\/romaniya-qirimtatar-diasporasi-turk-tatar-demokratik-birliginin-yani-reisini-sayladi-ve-romaniya-parlamentine-namzet-kosterdi\/","name":"Romaniya q\u0131r\u0131mtatar diasporas\u0131 T\u00fcrk-tatar demokratik birligini\u00f1 ya\u00f1\u0131 reisini saylad\u0131 ve Romaniya Parlamentine namzet k\u00f6sterdi - \u041c\u0435\u0434\u0436\u043b\u0456\u0441","isPartOf":{"@id":"https:\/\/qtmm.org\/qt\/#website"},"primaryImageOfPage":{"@id":"https:\/\/qtmm.org\/qt\/romaniya-qirimtatar-diasporasi-turk-tatar-demokratik-birliginin-yani-reisini-sayladi-ve-romaniya-parlamentine-namzet-kosterdi\/#primaryimage"},"image":{"@id":"https:\/\/qtmm.org\/qt\/romaniya-qirimtatar-diasporasi-turk-tatar-demokratik-birliginin-yani-reisini-sayladi-ve-romaniya-parlamentine-namzet-kosterdi\/#primaryimage"},"thumbnailUrl":"https:\/\/qtmm.org\/wp-content\/uploads\/2022\/01\/4fec1da3e6907.jpeg","datePublished":"2012-06-25T18:36:00+00:00","dateModified":"2022-01-21T18:38:22+00:00","breadcrumb":{"@id":"https:\/\/qtmm.org\/qt\/romaniya-qirimtatar-diasporasi-turk-tatar-demokratik-birliginin-yani-reisini-sayladi-ve-romaniya-parlamentine-namzet-kosterdi\/#breadcrumb"},"inLanguage":"qt","potentialAction":[{"@type":"ReadAction","target":["https:\/\/qtmm.org\/qt\/romaniya-qirimtatar-diasporasi-turk-tatar-demokratik-birliginin-yani-reisini-sayladi-ve-romaniya-parlamentine-namzet-kosterdi\/"]}]},{"@type":"ImageObject","inLanguage":"qt","@id":"https:\/\/qtmm.org\/qt\/romaniya-qirimtatar-diasporasi-turk-tatar-demokratik-birliginin-yani-reisini-sayladi-ve-romaniya-parlamentine-namzet-kosterdi\/#primaryimage","url":"https:\/\/qtmm.org\/wp-content\/uploads\/2022\/01\/4fec1da3e6907.jpeg","contentUrl":"https:\/\/qtmm.org\/wp-content\/uploads\/2022\/01\/4fec1da3e6907.jpeg","width":640,"height":480},{"@type":"BreadcrumbList","@id":"https:\/\/qtmm.org\/qt\/romaniya-qirimtatar-diasporasi-turk-tatar-demokratik-birliginin-yani-reisini-sayladi-ve-romaniya-parlamentine-namzet-kosterdi\/#breadcrumb","itemListElement":[{"@type":"ListItem","position":1,"name":"\u0413\u043e\u043b\u043e\u0432\u043d\u0430","item":"https:\/\/qtmm.org\/qt\/"},{"@type":"ListItem","position":2,"name":"Romaniya q\u0131r\u0131mtatar diasporas\u0131 T\u00fcrk-tatar demokratik birligini\u00f1 ya\u00f1\u0131 reisini saylad\u0131 ve Romaniya Parlamentine namzet k\u00f6sterdi"}]},{"@type":"WebSite","@id":"https:\/\/qtmm.org\/qt\/#website","url":"https:\/\/qtmm.org\/qt\/","name":"\u041c\u0435\u0434\u0436\u043b\u0456\u0441","description":"","publisher":{"@id":"https:\/\/qtmm.org\/qt\/#organization"},"potentialAction":[{"@type":"SearchAction","target":{"@type":"EntryPoint","urlTemplate":"https:\/\/qtmm.org\/qt\/?s={search_term_string}"},"query-input":{"@type":"PropertyValueSpecification","valueRequired":true,"valueName":"search_term_string"}}],"inLanguage":"qt"},{"@type":"Organization","@id":"https:\/\/qtmm.org\/qt\/#organization","name":"\u041c\u0435\u0434\u0436\u043b\u0456\u0441","url":"https:\/\/qtmm.org\/qt\/","logo":{"@type":"ImageObject","inLanguage":"qt","@id":"https:\/\/qtmm.org\/qt\/#\/schema\/logo\/image\/","url":"https:\/\/qtmm.org\/wp-content\/uploads\/2024\/12\/ua-mejlis-logo-rgb.svg","contentUrl":"https:\/\/qtmm.org\/wp-content\/uploads\/2024\/12\/ua-mejlis-logo-rgb.svg","caption":"\u041c\u0435\u0434\u0436\u043b\u0456\u0441"},"image":{"@id":"https:\/\/qtmm.org\/qt\/#\/schema\/logo\/image\/"},"sameAs":["https:\/\/www.facebook.com\/qtmm.info\/"]},{"@type":"Person","@id":"https:\/\/qtmm.org\/qt\/#\/schema\/person\/de562469f971dec226ac06e60bbf74a7","name":"Developer","image":{"@type":"ImageObject","inLanguage":"qt","@id":"https:\/\/secure.gravatar.com\/avatar\/392b4cc8fbfeb00b39dfeeab4ee6edded39ffd48e25858637e4765810300227e?s=96&d=mm&r=g","url":"https:\/\/secure.gravatar.com\/avatar\/392b4cc8fbfeb00b39dfeeab4ee6edded39ffd48e25858637e4765810300227e?s=96&d=mm&r=g","contentUrl":"https:\/\/secure.gravatar.com\/avatar\/392b4cc8fbfeb00b39dfeeab4ee6edded39ffd48e25858637e4765810300227e?s=96&d=mm&r=g","caption":"Developer"},"url":"https:\/\/qtmm.org\/qt\/author\/Developer\/"}]}},"_links":{"self":[{"href":"https:\/\/qtmm.org\/qt\/wp-json\/wp\/v2\/posts\/32013","targetHints":{"allow":["GET"]}}],"collection":[{"href":"https:\/\/qtmm.org\/qt\/wp-json\/wp\/v2\/posts"}],"about":[{"href":"https:\/\/qtmm.org\/qt\/wp-json\/wp\/v2\/types\/post"}],"author":[{"embeddable":true,"href":"https:\/\/qtmm.org\/qt\/wp-json\/wp\/v2\/users\/1"}],"replies":[{"embeddable":true,"href":"https:\/\/qtmm.org\/qt\/wp-json\/wp\/v2\/comments?post=32013"}],"version-history":[{"count":2,"href":"https:\/\/qtmm.org\/qt\/wp-json\/wp\/v2\/posts\/32013\/revisions"}],"predecessor-version":[{"id":32052,"href":"https:\/\/qtmm.org\/qt\/wp-json\/wp\/v2\/posts\/32013\/revisions\/32052"}],"wp:featuredmedia":[{"embeddable":true,"href":"https:\/\/qtmm.org\/qt\/wp-json\/wp\/v2\/media\/32019"}],"wp:attachment":[{"href":"https:\/\/qtmm.org\/qt\/wp-json\/wp\/v2\/media?parent=32013"}],"wp:term":[{"taxonomy":"category","embeddable":true,"href":"https:\/\/qtmm.org\/qt\/wp-json\/wp\/v2\/categories?post=32013"},{"taxonomy":"post_tag","embeddable":true,"href":"https:\/\/qtmm.org\/qt\/wp-json\/wp\/v2\/tags?post=32013"}],"curies":[{"name":"wp","href":"https:\/\/api.w.org\/{rel}","templated":true}]}}