




{"id":32007,"date":"2012-06-25T21:36:00","date_gmt":"2012-06-25T18:36:00","guid":{"rendered":"http:\/\/qtmm.org\/?p=32007"},"modified":"2022-01-21T21:36:29","modified_gmt":"2022-01-21T18:36:29","slug":"meclis-reisi-mustafa-cemilev-ukraina-bas-nazirinin-muavini-sergey-tigipko-ile-korusti","status":"publish","type":"post","link":"https:\/\/qtmm.org\/qt\/meclis-reisi-mustafa-cemilev-ukraina-bas-nazirinin-muavini-sergey-tigipko-ile-korusti\/","title":{"rendered":"Meclis reisi Mustafa Cemilev Ukraina Ba\u015f nazirini\u00f1 muavini Sergey Tigipko ile k\u00f6r\u00fc\u015fti"},"content":{"rendered":"\n<p>&#8220;Milliy mens\u00fcpligi boyunca s\u00fcrg\u00fcn etilgen \u015fah\u0131slarn\u0131\u00f1 aqlar\u0131n\u0131 \u011fayr\u0131dan tiklev aqq\u0131nda&#8221; Ukraina Qanun\u0131n\u0131\u00f1 leyhas\u0131n\u0131 qabul et\u00fcv meselesini muzakere et\u00fcv \u00e7er\u00e7ivesinde Q\u0131r\u0131mtatar halq\u0131 Meclisini\u00f1 reisi, Ukraina halq deputat\u0131 Mustafa Cemilev Ukraina Ba\u015f nazirini\u00f1 muavini \u0130\u00e7timaiy siyaset naziri Sergey Tigipko ve on\u0131\u00f1 birinci muavini Vasiliy Nadraganen k\u00f6r\u00fc\u015fti.<\/p>\n\n\n\n<p>K\u00f6r\u00fc\u015f\u00fcv devam\u0131nda Mustafa Cemilev Qanun leyhas\u0131n\u0131 Ukraina \u00fck\u00fcmetinen birlikte muzakere etip, on\u0131\u00f1 tezce k\u00fc\u00e7ke kirmesini\u00f1 zarurl\u0131\u011f\u0131n\u0131 qayd etti.<\/p>\n\n\n\n<p>Subetlerni\u00f1 neticesine k\u00f6re mezk\u00fcr meselede i\u015fbirlik modeli qabul etildi yani Ukraina \u0130\u00e7timaiy siyaset naziri Sergey Tigipko yolba\u015f\u00e7\u0131l\u0131\u011f\u0131nda i\u015f\u00e7i gruppas\u0131 tizilip, o\u00f1a menfaatdar nazirlik ve idarelerni\u00f1 celp etilmesi a\u00f1la\u015f\u0131ld\u0131.<\/p>\n\n\n\n<p>Belli ki,\u00a02012 senesi iy\u00fcn 20-de Ukraina Yuqar\u0131 \u015euras\u0131 &#8220;Milliy mens\u00fcpligi boyunca s\u00fcrg\u00fcn etilgen \u015fah\u0131slarn\u0131\u00f1 aqlar\u0131n\u0131 \u011fayr\u0131dan tiklev aqq\u0131nda&#8221; Ukraina Qanun\u0131n\u0131\u00f1 leyhas\u0131n\u0131 birinci oquvda qabul etip, ekinci oquvda baqmaq i\u00e7\u00fcn yollad\u0131. Qanun leyhas\u0131 2010 senesi 5515 nomeri alt\u0131nda cedvelge al\u0131n\u011fan edi.<\/p>\n\n\n\n<p>Evel b\u00f6yle Qanun leyhas\u0131 parlament taraf\u0131ndan qabul etilgen, l\u00e2kin 2004 senesi Ukraina Prezidenti veto aqq\u0131n\u0131 qullan\u011fan edi.<\/p>\n","protected":false},"excerpt":{"rendered":"<p>&#8220;Milliy mens\u00fcpligi boyunca s\u00fcrg\u00fcn etilgen \u015fah\u0131slarn\u0131\u00f1 aqlar\u0131n\u0131 \u011fayr\u0131dan tiklev aqq\u0131nda&#8221; Ukraina Qanun\u0131n\u0131\u00f1 leyhas\u0131n\u0131 qabul et\u00fcv meselesini muzakere et\u00fcv \u00e7er\u00e7ivesinde Q\u0131r\u0131mtatar halq\u0131 Meclisini\u00f1 reisi, Ukraina halq deputat\u0131 Mustafa Cemilev Ukraina Ba\u015f nazirini\u00f1 muavini \u0130\u00e7timaiy siyaset naziri Sergey Tigipko ve on\u0131\u00f1 birinci muavini Vasiliy Nadraganen k\u00f6r\u00fc\u015fti. K\u00f6r\u00fc\u015f\u00fcv devam\u0131nda Mustafa Cemilev Qanun leyhas\u0131n\u0131 Ukraina \u00fck\u00fcmetinen birlikte muzakere etip, [&hellip;]<\/p>\n","protected":false},"author":1,"featured_media":0,"comment_status":"open","ping_status":"open","sticky":false,"template":"","format":"standard","meta":{"inline_featured_image":false,"footnotes":""},"categories":[265],"tags":[],"class_list":["post-32007","post","type-post","status-publish","format-standard","hentry","category-haberler"],"acf":[],"yoast_head":"<!-- This site is optimized with the Yoast SEO plugin v27.4 - https:\/\/yoast.com\/product\/yoast-seo-wordpress\/ -->\n<title>Meclis reisi Mustafa Cemilev Ukraina Ba\u015f nazirini\u00f1 muavini Sergey Tigipko ile k\u00f6r\u00fc\u015fti - \u041c\u0435\u0434\u0436\u043b\u0456\u0441<\/title>\n<meta name=\"robots\" content=\"index, follow, max-snippet:-1, max-image-preview:large, max-video-preview:-1\" \/>\n<link rel=\"canonical\" href=\"https:\/\/qtmm.org\/qt\/meclis-reisi-mustafa-cemilev-ukraina-bas-nazirinin-muavini-sergey-tigipko-ile-korusti\/\" \/>\n<meta property=\"og:locale\" content=\"en_US\" \/>\n<meta property=\"og:type\" content=\"article\" \/>\n<meta property=\"og:title\" content=\"Meclis reisi Mustafa Cemilev Ukraina Ba\u015f nazirini\u00f1 muavini Sergey Tigipko ile k\u00f6r\u00fc\u015fti - \u041c\u0435\u0434\u0436\u043b\u0456\u0441\" \/>\n<meta property=\"og:description\" content=\"&#8220;Milliy mens\u00fcpligi boyunca s\u00fcrg\u00fcn etilgen \u015fah\u0131slarn\u0131\u00f1 aqlar\u0131n\u0131 \u011fayr\u0131dan tiklev aqq\u0131nda&#8221; Ukraina Qanun\u0131n\u0131\u00f1 leyhas\u0131n\u0131 qabul et\u00fcv meselesini muzakere et\u00fcv \u00e7er\u00e7ivesinde Q\u0131r\u0131mtatar halq\u0131 Meclisini\u00f1 reisi, Ukraina halq deputat\u0131 Mustafa Cemilev Ukraina Ba\u015f nazirini\u00f1 muavini \u0130\u00e7timaiy siyaset naziri Sergey Tigipko ve on\u0131\u00f1 birinci muavini Vasiliy Nadraganen k\u00f6r\u00fc\u015fti. K\u00f6r\u00fc\u015f\u00fcv devam\u0131nda Mustafa Cemilev Qanun leyhas\u0131n\u0131 Ukraina \u00fck\u00fcmetinen birlikte muzakere etip, [&hellip;]\" \/>\n<meta property=\"og:url\" content=\"https:\/\/qtmm.org\/qt\/meclis-reisi-mustafa-cemilev-ukraina-bas-nazirinin-muavini-sergey-tigipko-ile-korusti\/\" \/>\n<meta property=\"og:site_name\" content=\"\u041c\u0435\u0434\u0436\u043b\u0456\u0441\" \/>\n<meta property=\"article:publisher\" content=\"https:\/\/www.facebook.com\/qtmm.info\/\" \/>\n<meta property=\"article:published_time\" content=\"2012-06-25T18:36:00+00:00\" \/>\n<meta property=\"article:modified_time\" content=\"2022-01-21T18:36:29+00:00\" \/>\n<meta name=\"author\" content=\"Developer\" \/>\n<meta name=\"twitter:card\" content=\"summary_large_image\" \/>\n<meta name=\"twitter:label1\" content=\"Written by\" \/>\n\t<meta name=\"twitter:data1\" content=\"Developer\" \/>\n\t<meta name=\"twitter:label2\" content=\"Est. reading time\" \/>\n\t<meta name=\"twitter:data2\" content=\"1 minute\" \/>\n<script type=\"application\/ld+json\" class=\"yoast-schema-graph\">{\"@context\":\"https:\\\/\\\/schema.org\",\"@graph\":[{\"@type\":\"Article\",\"@id\":\"https:\\\/\\\/qtmm.org\\\/qt\\\/meclis-reisi-mustafa-cemilev-ukraina-bas-nazirinin-muavini-sergey-tigipko-ile-korusti\\\/#article\",\"isPartOf\":{\"@id\":\"https:\\\/\\\/qtmm.org\\\/qt\\\/meclis-reisi-mustafa-cemilev-ukraina-bas-nazirinin-muavini-sergey-tigipko-ile-korusti\\\/\"},\"author\":{\"name\":\"Developer\",\"@id\":\"https:\\\/\\\/qtmm.org\\\/qt\\\/#\\\/schema\\\/person\\\/de562469f971dec226ac06e60bbf74a7\"},\"headline\":\"Meclis reisi Mustafa Cemilev Ukraina Ba\u015f nazirini\u00f1 muavini Sergey Tigipko ile k\u00f6r\u00fc\u015fti\",\"datePublished\":\"2012-06-25T18:36:00+00:00\",\"dateModified\":\"2022-01-21T18:36:29+00:00\",\"mainEntityOfPage\":{\"@id\":\"https:\\\/\\\/qtmm.org\\\/qt\\\/meclis-reisi-mustafa-cemilev-ukraina-bas-nazirinin-muavini-sergey-tigipko-ile-korusti\\\/\"},\"wordCount\":209,\"commentCount\":0,\"publisher\":{\"@id\":\"https:\\\/\\\/qtmm.org\\\/qt\\\/#organization\"},\"articleSection\":[\"Haberler\"],\"inLanguage\":\"qt\",\"potentialAction\":[{\"@type\":\"CommentAction\",\"name\":\"Comment\",\"target\":[\"https:\\\/\\\/qtmm.org\\\/qt\\\/meclis-reisi-mustafa-cemilev-ukraina-bas-nazirinin-muavini-sergey-tigipko-ile-korusti\\\/#respond\"]}]},{\"@type\":\"WebPage\",\"@id\":\"https:\\\/\\\/qtmm.org\\\/qt\\\/meclis-reisi-mustafa-cemilev-ukraina-bas-nazirinin-muavini-sergey-tigipko-ile-korusti\\\/\",\"url\":\"https:\\\/\\\/qtmm.org\\\/qt\\\/meclis-reisi-mustafa-cemilev-ukraina-bas-nazirinin-muavini-sergey-tigipko-ile-korusti\\\/\",\"name\":\"Meclis reisi Mustafa Cemilev Ukraina Ba\u015f nazirini\u00f1 muavini Sergey Tigipko ile k\u00f6r\u00fc\u015fti - \u041c\u0435\u0434\u0436\u043b\u0456\u0441\",\"isPartOf\":{\"@id\":\"https:\\\/\\\/qtmm.org\\\/qt\\\/#website\"},\"datePublished\":\"2012-06-25T18:36:00+00:00\",\"dateModified\":\"2022-01-21T18:36:29+00:00\",\"breadcrumb\":{\"@id\":\"https:\\\/\\\/qtmm.org\\\/qt\\\/meclis-reisi-mustafa-cemilev-ukraina-bas-nazirinin-muavini-sergey-tigipko-ile-korusti\\\/#breadcrumb\"},\"inLanguage\":\"qt\",\"potentialAction\":[{\"@type\":\"ReadAction\",\"target\":[\"https:\\\/\\\/qtmm.org\\\/qt\\\/meclis-reisi-mustafa-cemilev-ukraina-bas-nazirinin-muavini-sergey-tigipko-ile-korusti\\\/\"]}]},{\"@type\":\"BreadcrumbList\",\"@id\":\"https:\\\/\\\/qtmm.org\\\/qt\\\/meclis-reisi-mustafa-cemilev-ukraina-bas-nazirinin-muavini-sergey-tigipko-ile-korusti\\\/#breadcrumb\",\"itemListElement\":[{\"@type\":\"ListItem\",\"position\":1,\"name\":\"\u0413\u043e\u043b\u043e\u0432\u043d\u0430\",\"item\":\"https:\\\/\\\/qtmm.org\\\/qt\\\/\"},{\"@type\":\"ListItem\",\"position\":2,\"name\":\"Meclis reisi Mustafa Cemilev Ukraina Ba\u015f nazirini\u00f1 muavini Sergey Tigipko ile k\u00f6r\u00fc\u015fti\"}]},{\"@type\":\"WebSite\",\"@id\":\"https:\\\/\\\/qtmm.org\\\/qt\\\/#website\",\"url\":\"https:\\\/\\\/qtmm.org\\\/qt\\\/\",\"name\":\"\u041c\u0435\u0434\u0436\u043b\u0456\u0441\",\"description\":\"\",\"publisher\":{\"@id\":\"https:\\\/\\\/qtmm.org\\\/qt\\\/#organization\"},\"potentialAction\":[{\"@type\":\"SearchAction\",\"target\":{\"@type\":\"EntryPoint\",\"urlTemplate\":\"https:\\\/\\\/qtmm.org\\\/qt\\\/?s={search_term_string}\"},\"query-input\":{\"@type\":\"PropertyValueSpecification\",\"valueRequired\":true,\"valueName\":\"search_term_string\"}}],\"inLanguage\":\"qt\"},{\"@type\":\"Organization\",\"@id\":\"https:\\\/\\\/qtmm.org\\\/qt\\\/#organization\",\"name\":\"\u041c\u0435\u0434\u0436\u043b\u0456\u0441\",\"url\":\"https:\\\/\\\/qtmm.org\\\/qt\\\/\",\"logo\":{\"@type\":\"ImageObject\",\"inLanguage\":\"qt\",\"@id\":\"https:\\\/\\\/qtmm.org\\\/qt\\\/#\\\/schema\\\/logo\\\/image\\\/\",\"url\":\"https:\\\/\\\/qtmm.org\\\/wp-content\\\/uploads\\\/2024\\\/12\\\/ua-mejlis-logo-rgb.svg\",\"contentUrl\":\"https:\\\/\\\/qtmm.org\\\/wp-content\\\/uploads\\\/2024\\\/12\\\/ua-mejlis-logo-rgb.svg\",\"caption\":\"\u041c\u0435\u0434\u0436\u043b\u0456\u0441\"},\"image\":{\"@id\":\"https:\\\/\\\/qtmm.org\\\/qt\\\/#\\\/schema\\\/logo\\\/image\\\/\"},\"sameAs\":[\"https:\\\/\\\/www.facebook.com\\\/qtmm.info\\\/\"]},{\"@type\":\"Person\",\"@id\":\"https:\\\/\\\/qtmm.org\\\/qt\\\/#\\\/schema\\\/person\\\/de562469f971dec226ac06e60bbf74a7\",\"name\":\"Developer\",\"image\":{\"@type\":\"ImageObject\",\"inLanguage\":\"qt\",\"@id\":\"https:\\\/\\\/secure.gravatar.com\\\/avatar\\\/392b4cc8fbfeb00b39dfeeab4ee6edded39ffd48e25858637e4765810300227e?s=96&d=mm&r=g\",\"url\":\"https:\\\/\\\/secure.gravatar.com\\\/avatar\\\/392b4cc8fbfeb00b39dfeeab4ee6edded39ffd48e25858637e4765810300227e?s=96&d=mm&r=g\",\"contentUrl\":\"https:\\\/\\\/secure.gravatar.com\\\/avatar\\\/392b4cc8fbfeb00b39dfeeab4ee6edded39ffd48e25858637e4765810300227e?s=96&d=mm&r=g\",\"caption\":\"Developer\"},\"url\":\"https:\\\/\\\/qtmm.org\\\/qt\\\/author\\\/Developer\\\/\"}]}<\/script>\n<!-- \/ Yoast SEO plugin. -->","yoast_head_json":{"title":"Meclis reisi Mustafa Cemilev Ukraina Ba\u015f nazirini\u00f1 muavini Sergey Tigipko ile k\u00f6r\u00fc\u015fti - \u041c\u0435\u0434\u0436\u043b\u0456\u0441","robots":{"index":"index","follow":"follow","max-snippet":"max-snippet:-1","max-image-preview":"max-image-preview:large","max-video-preview":"max-video-preview:-1"},"canonical":"https:\/\/qtmm.org\/qt\/meclis-reisi-mustafa-cemilev-ukraina-bas-nazirinin-muavini-sergey-tigipko-ile-korusti\/","og_locale":"en_US","og_type":"article","og_title":"Meclis reisi Mustafa Cemilev Ukraina Ba\u015f nazirini\u00f1 muavini Sergey Tigipko ile k\u00f6r\u00fc\u015fti - \u041c\u0435\u0434\u0436\u043b\u0456\u0441","og_description":"&#8220;Milliy mens\u00fcpligi boyunca s\u00fcrg\u00fcn etilgen \u015fah\u0131slarn\u0131\u00f1 aqlar\u0131n\u0131 \u011fayr\u0131dan tiklev aqq\u0131nda&#8221; Ukraina Qanun\u0131n\u0131\u00f1 leyhas\u0131n\u0131 qabul et\u00fcv meselesini muzakere et\u00fcv \u00e7er\u00e7ivesinde Q\u0131r\u0131mtatar halq\u0131 Meclisini\u00f1 reisi, Ukraina halq deputat\u0131 Mustafa Cemilev Ukraina Ba\u015f nazirini\u00f1 muavini \u0130\u00e7timaiy siyaset naziri Sergey Tigipko ve on\u0131\u00f1 birinci muavini Vasiliy Nadraganen k\u00f6r\u00fc\u015fti. K\u00f6r\u00fc\u015f\u00fcv devam\u0131nda Mustafa Cemilev Qanun leyhas\u0131n\u0131 Ukraina \u00fck\u00fcmetinen birlikte muzakere etip, [&hellip;]","og_url":"https:\/\/qtmm.org\/qt\/meclis-reisi-mustafa-cemilev-ukraina-bas-nazirinin-muavini-sergey-tigipko-ile-korusti\/","og_site_name":"\u041c\u0435\u0434\u0436\u043b\u0456\u0441","article_publisher":"https:\/\/www.facebook.com\/qtmm.info\/","article_published_time":"2012-06-25T18:36:00+00:00","article_modified_time":"2022-01-21T18:36:29+00:00","author":"Developer","twitter_card":"summary_large_image","twitter_misc":{"Written by":"Developer","Est. reading time":"1 minute"},"schema":{"@context":"https:\/\/schema.org","@graph":[{"@type":"Article","@id":"https:\/\/qtmm.org\/qt\/meclis-reisi-mustafa-cemilev-ukraina-bas-nazirinin-muavini-sergey-tigipko-ile-korusti\/#article","isPartOf":{"@id":"https:\/\/qtmm.org\/qt\/meclis-reisi-mustafa-cemilev-ukraina-bas-nazirinin-muavini-sergey-tigipko-ile-korusti\/"},"author":{"name":"Developer","@id":"https:\/\/qtmm.org\/qt\/#\/schema\/person\/de562469f971dec226ac06e60bbf74a7"},"headline":"Meclis reisi Mustafa Cemilev Ukraina Ba\u015f nazirini\u00f1 muavini Sergey Tigipko ile k\u00f6r\u00fc\u015fti","datePublished":"2012-06-25T18:36:00+00:00","dateModified":"2022-01-21T18:36:29+00:00","mainEntityOfPage":{"@id":"https:\/\/qtmm.org\/qt\/meclis-reisi-mustafa-cemilev-ukraina-bas-nazirinin-muavini-sergey-tigipko-ile-korusti\/"},"wordCount":209,"commentCount":0,"publisher":{"@id":"https:\/\/qtmm.org\/qt\/#organization"},"articleSection":["Haberler"],"inLanguage":"qt","potentialAction":[{"@type":"CommentAction","name":"Comment","target":["https:\/\/qtmm.org\/qt\/meclis-reisi-mustafa-cemilev-ukraina-bas-nazirinin-muavini-sergey-tigipko-ile-korusti\/#respond"]}]},{"@type":"WebPage","@id":"https:\/\/qtmm.org\/qt\/meclis-reisi-mustafa-cemilev-ukraina-bas-nazirinin-muavini-sergey-tigipko-ile-korusti\/","url":"https:\/\/qtmm.org\/qt\/meclis-reisi-mustafa-cemilev-ukraina-bas-nazirinin-muavini-sergey-tigipko-ile-korusti\/","name":"Meclis reisi Mustafa Cemilev Ukraina Ba\u015f nazirini\u00f1 muavini Sergey Tigipko ile k\u00f6r\u00fc\u015fti - \u041c\u0435\u0434\u0436\u043b\u0456\u0441","isPartOf":{"@id":"https:\/\/qtmm.org\/qt\/#website"},"datePublished":"2012-06-25T18:36:00+00:00","dateModified":"2022-01-21T18:36:29+00:00","breadcrumb":{"@id":"https:\/\/qtmm.org\/qt\/meclis-reisi-mustafa-cemilev-ukraina-bas-nazirinin-muavini-sergey-tigipko-ile-korusti\/#breadcrumb"},"inLanguage":"qt","potentialAction":[{"@type":"ReadAction","target":["https:\/\/qtmm.org\/qt\/meclis-reisi-mustafa-cemilev-ukraina-bas-nazirinin-muavini-sergey-tigipko-ile-korusti\/"]}]},{"@type":"BreadcrumbList","@id":"https:\/\/qtmm.org\/qt\/meclis-reisi-mustafa-cemilev-ukraina-bas-nazirinin-muavini-sergey-tigipko-ile-korusti\/#breadcrumb","itemListElement":[{"@type":"ListItem","position":1,"name":"\u0413\u043e\u043b\u043e\u0432\u043d\u0430","item":"https:\/\/qtmm.org\/qt\/"},{"@type":"ListItem","position":2,"name":"Meclis reisi Mustafa Cemilev Ukraina Ba\u015f nazirini\u00f1 muavini Sergey Tigipko ile k\u00f6r\u00fc\u015fti"}]},{"@type":"WebSite","@id":"https:\/\/qtmm.org\/qt\/#website","url":"https:\/\/qtmm.org\/qt\/","name":"\u041c\u0435\u0434\u0436\u043b\u0456\u0441","description":"","publisher":{"@id":"https:\/\/qtmm.org\/qt\/#organization"},"potentialAction":[{"@type":"SearchAction","target":{"@type":"EntryPoint","urlTemplate":"https:\/\/qtmm.org\/qt\/?s={search_term_string}"},"query-input":{"@type":"PropertyValueSpecification","valueRequired":true,"valueName":"search_term_string"}}],"inLanguage":"qt"},{"@type":"Organization","@id":"https:\/\/qtmm.org\/qt\/#organization","name":"\u041c\u0435\u0434\u0436\u043b\u0456\u0441","url":"https:\/\/qtmm.org\/qt\/","logo":{"@type":"ImageObject","inLanguage":"qt","@id":"https:\/\/qtmm.org\/qt\/#\/schema\/logo\/image\/","url":"https:\/\/qtmm.org\/wp-content\/uploads\/2024\/12\/ua-mejlis-logo-rgb.svg","contentUrl":"https:\/\/qtmm.org\/wp-content\/uploads\/2024\/12\/ua-mejlis-logo-rgb.svg","caption":"\u041c\u0435\u0434\u0436\u043b\u0456\u0441"},"image":{"@id":"https:\/\/qtmm.org\/qt\/#\/schema\/logo\/image\/"},"sameAs":["https:\/\/www.facebook.com\/qtmm.info\/"]},{"@type":"Person","@id":"https:\/\/qtmm.org\/qt\/#\/schema\/person\/de562469f971dec226ac06e60bbf74a7","name":"Developer","image":{"@type":"ImageObject","inLanguage":"qt","@id":"https:\/\/secure.gravatar.com\/avatar\/392b4cc8fbfeb00b39dfeeab4ee6edded39ffd48e25858637e4765810300227e?s=96&d=mm&r=g","url":"https:\/\/secure.gravatar.com\/avatar\/392b4cc8fbfeb00b39dfeeab4ee6edded39ffd48e25858637e4765810300227e?s=96&d=mm&r=g","contentUrl":"https:\/\/secure.gravatar.com\/avatar\/392b4cc8fbfeb00b39dfeeab4ee6edded39ffd48e25858637e4765810300227e?s=96&d=mm&r=g","caption":"Developer"},"url":"https:\/\/qtmm.org\/qt\/author\/Developer\/"}]}},"_links":{"self":[{"href":"https:\/\/qtmm.org\/qt\/wp-json\/wp\/v2\/posts\/32007","targetHints":{"allow":["GET"]}}],"collection":[{"href":"https:\/\/qtmm.org\/qt\/wp-json\/wp\/v2\/posts"}],"about":[{"href":"https:\/\/qtmm.org\/qt\/wp-json\/wp\/v2\/types\/post"}],"author":[{"embeddable":true,"href":"https:\/\/qtmm.org\/qt\/wp-json\/wp\/v2\/users\/1"}],"replies":[{"embeddable":true,"href":"https:\/\/qtmm.org\/qt\/wp-json\/wp\/v2\/comments?post=32007"}],"version-history":[{"count":1,"href":"https:\/\/qtmm.org\/qt\/wp-json\/wp\/v2\/posts\/32007\/revisions"}],"predecessor-version":[{"id":32012,"href":"https:\/\/qtmm.org\/qt\/wp-json\/wp\/v2\/posts\/32007\/revisions\/32012"}],"wp:attachment":[{"href":"https:\/\/qtmm.org\/qt\/wp-json\/wp\/v2\/media?parent=32007"}],"wp:term":[{"taxonomy":"category","embeddable":true,"href":"https:\/\/qtmm.org\/qt\/wp-json\/wp\/v2\/categories?post=32007"},{"taxonomy":"post_tag","embeddable":true,"href":"https:\/\/qtmm.org\/qt\/wp-json\/wp\/v2\/tags?post=32007"}],"curies":[{"name":"wp","href":"https:\/\/api.w.org\/{rel}","templated":true}]}}