




{"id":31959,"date":"2012-06-25T21:33:00","date_gmt":"2012-06-25T18:33:00","guid":{"rendered":"http:\/\/qtmm.org\/?p=31959"},"modified":"2022-01-21T21:35:36","modified_gmt":"2022-01-21T18:35:36","slug":"tarhankutlilar-korustiler","status":"publish","type":"post","link":"https:\/\/qtmm.org\/qt\/tarhankutlilar-korustiler\/","title":{"rendered":"Tarhankutl\u0131lar k\u00f6r\u00fc\u015ftiler"},"content":{"rendered":"\n<p>2012 senesi iy\u00fcn 24-te do\u011fma Aqme\u00e7it rayon\u0131 Bay-Q\u0131yat, Q\u0131r\u011f\u0131z-Qazaq, Camal, Otuz, Toq-Col, Tuvaqa k\u00f6ylerini\u00f1 sakinleri \u00c7ernomorskoye qasabas\u0131 Medeniyet evinde k\u00f6r\u00fc\u015ftiler.<\/p>\n\n\n\n<p>Tedbirni\u00f1 te\u015fkil\u00e2t\u00e7\u0131lar\u0131 musafirlerni ananeviy qave ile qar\u015f\u0131lad\u0131lar. Tarhankut yar\u0131madas\u0131n\u0131\u00f1 k\u00f6ylerinden \u00e7\u0131qqan adamlar k\u00f6r\u00fc\u015f\u00fcvge Q\u0131r\u0131mn\u0131\u00f1 Aqmescit, Qarasuvbazar, Kefe, Qurman, Or qap\u0131, Pervomay, Aq\u015feyh rayonlar\u0131, Ermeni bazar, Saq, Melitopol \u015feerlerinden keldiler.<\/p>\n\n\n\n<p>Ya\u011f\u011fan k\u00fc\u00e7l\u00fc ya\u011fmur ve \u015fiddetli ruzg\u00e2r bile k\u00f6r\u00fc\u015f\u00fcv quvan\u00e7\u0131n\u0131 eksiltip olamad\u0131. K\u00f6yde\u015fler tedbirni\u00f1 resmiy q\u0131sm\u0131 ba\u015flmazdan baya\u011f\u0131 evel bir-birlerinen toya-toya laf ettiler, hat\u0131rla\u015ft\u0131lar. Yor\u011fun bilmez Kevser han\u0131m ketirgen ya\u00f1\u0131 kitaplarn\u0131 sat\u0131n ald\u0131lar. Q\u0131r\u0131mtatar sanat m\u00fczeyi sergilegen i\u015flemelerni seyir ettiler. \u00c7\u00fcnki Q\u0131r\u0131mn\u0131\u00f1 \u00e7\u00f6l taraflar\u0131nda b\u00f6yle k\u00f6r\u00fc\u015f\u00fcvler siyrek ola.<\/p>\n\n\n\n<figure class=\"wp-block-image size-full\"><img loading=\"lazy\" decoding=\"async\" width=\"650\" height=\"230\" src=\"http:\/\/qtmm.org\/wp-content\/uploads\/2022\/01\/2_56.jpeg\" alt=\"\" class=\"wp-image-31976\" srcset=\"https:\/\/qtmm.org\/wp-content\/uploads\/2022\/01\/2_56.jpeg 650w, https:\/\/qtmm.org\/wp-content\/uploads\/2022\/01\/2_56-300x106.jpeg 300w\" sizes=\"auto, (max-width: 650px) 100vw, 650px\" \/><\/figure>\n\n\n\n<p>Tedbirni\u00f1 te\u015fkil\u00e2t\u00e7\u0131lar\u0131 salonda yar\u0131q berilmesini beklemeden k\u00f6r\u00fc\u015f\u00fcvni mum \u00e7\u0131raqlar \u0131\u015f\u0131\u011f\u0131nda ba\u015flad\u0131lar. Adeti \u00fczre dua oquld\u0131, on\u0131 Aqme\u00e7it rayon musulmanlar\u0131n\u0131\u00f1 imam\u0131 L\u00f6man Abduramanov al\u0131p bard\u0131, tedbirni\u00f1 tantanal\u0131 q\u0131sm\u0131n\u0131 ise belli q\u0131r\u0131mtatar \u015fairi, Ukraina yaz\u0131c\u0131lar birligini\u00f1 azas\u0131 \u015eeryan Ali al\u0131p bard\u0131.<\/p>\n\n\n\n<p>K\u00f6yde\u015flerni Aqme\u00e7it rayon devlet memuriyeti reisini\u00f1 birinci muavini S Damir \u0130badullayev, regional meclis reisi \u015eevket Smailov ve Milliy Meclis Prezidium\u0131n\u0131\u00f1 azas\u0131, &#8220;Maarif\u00e7i&#8221; birle\u015fmesini\u00f1 reisi Safure Kacametova sel\u00e2mlad\u0131lar. Bundan so\u00f1 Tarhankut k\u00f6ylerini\u00f1 qart sakinlerine bah\u015f\u0131\u015flar berilip, Hayruddinov M.A., Abduramanov A., Hayruddinova E.M. &#8220;Derevni Tarhankuta&#8221; kitab\u0131n\u0131\u00f1 taqdimi old\u0131.<\/p>\n\n\n\n<figure class=\"wp-block-image size-full\"><img loading=\"lazy\" decoding=\"async\" width=\"650\" height=\"345\" src=\"http:\/\/qtmm.org\/wp-content\/uploads\/2022\/01\/3_35.jpeg\" alt=\"\" class=\"wp-image-31980\" srcset=\"https:\/\/qtmm.org\/wp-content\/uploads\/2022\/01\/3_35.jpeg 650w, https:\/\/qtmm.org\/wp-content\/uploads\/2022\/01\/3_35-300x159.jpeg 300w\" sizes=\"auto, (max-width: 650px) 100vw, 650px\" \/><\/figure>\n\n\n\n<p>Taqdimnameni kitapn\u0131\u00f1 m\u00fcellifi, pedagogika ilimleri doktor\u0131 Muyedin Hayruddinov al\u0131p bard\u0131. &#8220;Ke\u00e7mi\u015fni unutqann\u0131\u00f1 kelecegi yoqt\u0131r&#8221; degen atalar s\u00f6zlerini aq\u0131l\u0131m\u0131zda tutaraq, biz ba\u015fta be\u015f k\u00f6yni\u00f1 tarih\u0131n\u0131 yazmaq qarar\u0131na keldik. Bu \u015fimdilik bir tam\u00e7\u0131. Qudretli Q\u0131r\u0131m \u00e7\u00f6l\u00fcni\u00f1 er bir k\u00f6\u015fesinde camilerni\u00f1 beyaz minareleri k\u00f6kke y\u00fckselip, ezann\u0131\u00f1 tatl\u0131 sesi ve baldan tatl\u0131 q\u0131r\u0131mtatar tili ya\u00f1\u011f\u0131ray edi, &#8211; dedi kitap m\u00fcellifi Muyedin Hayruddinov.<\/p>\n\n\n\n<figure class=\"wp-block-image size-full\"><img loading=\"lazy\" decoding=\"async\" width=\"650\" height=\"246\" src=\"http:\/\/qtmm.org\/wp-content\/uploads\/2022\/01\/4_34.jpeg\" alt=\"\" class=\"wp-image-31985\" srcset=\"https:\/\/qtmm.org\/wp-content\/uploads\/2022\/01\/4_34.jpeg 650w, https:\/\/qtmm.org\/wp-content\/uploads\/2022\/01\/4_34-300x114.jpeg 300w\" sizes=\"auto, (max-width: 650px) 100vw, 650px\" \/><\/figure>\n\n\n\n<p>Muyedin Hayruddinov ik\u00e2ye etkenine k\u00f6re, Q\u0131r\u0131m hanl\u0131\u011f\u0131 devrinde Tarhankut k\u00f6ylerinde dindarlarn\u0131\u00f1 vaquf topraqlar\u0131 m\u00fccessemle\u015fken. Topraq saipleri ol\u011fan din h\u0131zmet\u00e7ilerine olarn\u0131 vergiden azat etken tarhan (imtiyazl\u0131) yarl\u0131qlar\u0131 berilgen. \u0130\u015fte, \u015fun\u0131\u00f1 i\u00e7\u00fcn de Q\u0131r\u0131mn\u0131\u00f1 bu qad\u0131l\u0131\u011f\u0131na Tarhan degenler.<\/p>\n\n\n\n<figure class=\"wp-block-image size-full\"><img loading=\"lazy\" decoding=\"async\" width=\"650\" height=\"267\" src=\"http:\/\/qtmm.org\/wp-content\/uploads\/2022\/01\/5_13.jpeg\" alt=\"\" class=\"wp-image-31990\" srcset=\"https:\/\/qtmm.org\/wp-content\/uploads\/2022\/01\/5_13.jpeg 650w, https:\/\/qtmm.org\/wp-content\/uploads\/2022\/01\/5_13-300x123.jpeg 300w\" sizes=\"auto, (max-width: 650px) 100vw, 650px\" \/><\/figure>\n\n\n\n<p>Bay-Q\u0131yat, Q\u0131r\u011f\u0131z-Qazaq, Camal, Otuz, Toq-Col, Tuvaqa k\u00f6ylerinden k\u00fcn\u00fcmizde belli cemaat ve ilim erbaplar\u0131, \u00e7e\u015fit saalarda itibar qazan\u011fan m\u00fctehass\u0131slar \u00e7\u0131qt\u0131. Olarn\u0131\u00f1 aras\u0131nda milliy areket i\u015ftirak\u00e7isi, uquqqoruy\u0131c\u0131 Zampira Asanova, Meclis Maarif ve medeniyet idaresini\u00f1 ba\u015f\u0131, &#8220;Q\u0131r\u0131mda h\u0131zmet k\u00f6stergen maarif hadimi&#8221; Safure Kacametova, Qurultay delegat\u0131, Aqme\u00e7it rayon devlet memuriyeti reisini\u00f1 birinci muavini Damir \u0130badullayev, belli yaz\u0131c\u0131 ve \u015fair \u015eeryan Aliyev,ekinci Qurultay delegat\u0131, biologiya ilimleri namzeti, Qazahstan \u0130limler Akademiyas\u0131 Eksperimental biologiya \u0130nstitut\u0131n\u0131\u00f1 ilmiy hadimi Arif Abdurahmanov, Q\u0131r\u0131mda h\u0131zmet k\u00f6stergen maarif hadimi, KR\u0130PPO kafedra m\u00fcdiri, pedagogika ilimleri doktor\u0131 Muyedin Hayruddinov ve daa \u00e7oqlar\u0131.<\/p>\n\n\n\n<p>300-den ziyade k\u00f6yde\u015f toplan\u011fan k\u00f6r\u00fc\u015f\u00fcv &#8220;\u00c7ernomorneftegaz&#8221; raatl\u0131q bazas\u0131nda pi\u015firilgen lezetli pil\u00e2v ve &#8220;A\u011f\u0131r ava ve Qaytarma&#8221; oyun\u0131nen yek\u00fcnlendi. Bayram\u011fa \u00e7evrilgen tedbirni &#8220;Aqme\u00e7it&#8221; rayon folklor \u00e7al\u011f\u0131 taq\u0131m\u0131 yara\u015ft\u0131rd\u0131.<\/p>\n\n\n\n<figure class=\"wp-block-image size-full\"><img loading=\"lazy\" decoding=\"async\" width=\"650\" height=\"300\" src=\"http:\/\/qtmm.org\/wp-content\/uploads\/2022\/01\/6_13.jpeg\" alt=\"\" class=\"wp-image-31994\" srcset=\"https:\/\/qtmm.org\/wp-content\/uploads\/2022\/01\/6_13.jpeg 650w, https:\/\/qtmm.org\/wp-content\/uploads\/2022\/01\/6_13-300x138.jpeg 300w\" sizes=\"auto, (max-width: 650px) 100vw, 650px\" \/><figcaption>OLYMPUS DIGITAL CAMERA<\/figcaption><\/figure>\n","protected":false},"excerpt":{"rendered":"<p>2012 senesi iy\u00fcn 24-te do\u011fma Aqme\u00e7it rayon\u0131 Bay-Q\u0131yat, Q\u0131r\u011f\u0131z-Qazaq, Camal, Otuz, Toq-Col, Tuvaqa k\u00f6ylerini\u00f1 sakinleri \u00c7ernomorskoye qasabas\u0131 Medeniyet evinde k\u00f6r\u00fc\u015ftiler. Tedbirni\u00f1 te\u015fkil\u00e2t\u00e7\u0131lar\u0131 musafirlerni ananeviy qave ile qar\u015f\u0131lad\u0131lar. Tarhankut yar\u0131madas\u0131n\u0131\u00f1 k\u00f6ylerinden \u00e7\u0131qqan adamlar k\u00f6r\u00fc\u015f\u00fcvge Q\u0131r\u0131mn\u0131\u00f1 Aqmescit, Qarasuvbazar, Kefe, Qurman, Or qap\u0131, Pervomay, Aq\u015feyh rayonlar\u0131, Ermeni bazar, Saq, Melitopol \u015feerlerinden keldiler. Ya\u011f\u011fan k\u00fc\u00e7l\u00fc ya\u011fmur ve \u015fiddetli ruzg\u00e2r [&hellip;]<\/p>\n","protected":false},"author":1,"featured_media":31960,"comment_status":"open","ping_status":"open","sticky":false,"template":"","format":"standard","meta":{"inline_featured_image":false,"footnotes":""},"categories":[265],"tags":[],"class_list":["post-31959","post","type-post","status-publish","format-standard","has-post-thumbnail","hentry","category-haberler"],"acf":[],"yoast_head":"<!-- This site is optimized with the Yoast SEO plugin v27.4 - https:\/\/yoast.com\/product\/yoast-seo-wordpress\/ -->\n<title>Tarhankutl\u0131lar k\u00f6r\u00fc\u015ftiler - \u041c\u0435\u0434\u0436\u043b\u0456\u0441<\/title>\n<meta name=\"robots\" content=\"index, follow, max-snippet:-1, max-image-preview:large, max-video-preview:-1\" \/>\n<link rel=\"canonical\" href=\"https:\/\/qtmm.org\/qt\/tarhankutlilar-korustiler\/\" \/>\n<meta property=\"og:locale\" content=\"en_US\" \/>\n<meta property=\"og:type\" content=\"article\" \/>\n<meta property=\"og:title\" content=\"Tarhankutl\u0131lar k\u00f6r\u00fc\u015ftiler - \u041c\u0435\u0434\u0436\u043b\u0456\u0441\" \/>\n<meta property=\"og:description\" content=\"2012 senesi iy\u00fcn 24-te do\u011fma Aqme\u00e7it rayon\u0131 Bay-Q\u0131yat, Q\u0131r\u011f\u0131z-Qazaq, Camal, Otuz, Toq-Col, Tuvaqa k\u00f6ylerini\u00f1 sakinleri \u00c7ernomorskoye qasabas\u0131 Medeniyet evinde k\u00f6r\u00fc\u015ftiler. Tedbirni\u00f1 te\u015fkil\u00e2t\u00e7\u0131lar\u0131 musafirlerni ananeviy qave ile qar\u015f\u0131lad\u0131lar. Tarhankut yar\u0131madas\u0131n\u0131\u00f1 k\u00f6ylerinden \u00e7\u0131qqan adamlar k\u00f6r\u00fc\u015f\u00fcvge Q\u0131r\u0131mn\u0131\u00f1 Aqmescit, Qarasuvbazar, Kefe, Qurman, Or qap\u0131, Pervomay, Aq\u015feyh rayonlar\u0131, Ermeni bazar, Saq, Melitopol \u015feerlerinden keldiler. Ya\u011f\u011fan k\u00fc\u00e7l\u00fc ya\u011fmur ve \u015fiddetli ruzg\u00e2r [&hellip;]\" \/>\n<meta property=\"og:url\" content=\"https:\/\/qtmm.org\/qt\/tarhankutlilar-korustiler\/\" \/>\n<meta property=\"og:site_name\" content=\"\u041c\u0435\u0434\u0436\u043b\u0456\u0441\" \/>\n<meta property=\"article:publisher\" content=\"https:\/\/www.facebook.com\/qtmm.info\/\" \/>\n<meta property=\"article:published_time\" content=\"2012-06-25T18:33:00+00:00\" \/>\n<meta property=\"article:modified_time\" content=\"2022-01-21T18:35:36+00:00\" \/>\n<meta property=\"og:image\" content=\"https:\/\/qtmm.org\/wp-content\/uploads\/2022\/01\/1_54.jpeg\" \/>\n\t<meta property=\"og:image:width\" content=\"650\" \/>\n\t<meta property=\"og:image:height\" content=\"330\" \/>\n\t<meta property=\"og:image:type\" content=\"image\/jpeg\" \/>\n<meta name=\"author\" content=\"Developer\" \/>\n<meta name=\"twitter:card\" content=\"summary_large_image\" \/>\n<meta name=\"twitter:label1\" content=\"Written by\" \/>\n\t<meta name=\"twitter:data1\" content=\"Developer\" \/>\n\t<meta name=\"twitter:label2\" content=\"Est. reading time\" \/>\n\t<meta name=\"twitter:data2\" content=\"3 minutes\" \/>\n<script type=\"application\/ld+json\" class=\"yoast-schema-graph\">{\"@context\":\"https:\\\/\\\/schema.org\",\"@graph\":[{\"@type\":\"Article\",\"@id\":\"https:\\\/\\\/qtmm.org\\\/qt\\\/tarhankutlilar-korustiler\\\/#article\",\"isPartOf\":{\"@id\":\"https:\\\/\\\/qtmm.org\\\/qt\\\/tarhankutlilar-korustiler\\\/\"},\"author\":{\"name\":\"Developer\",\"@id\":\"https:\\\/\\\/qtmm.org\\\/qt\\\/#\\\/schema\\\/person\\\/de562469f971dec226ac06e60bbf74a7\"},\"headline\":\"Tarhankutl\u0131lar k\u00f6r\u00fc\u015ftiler\",\"datePublished\":\"2012-06-25T18:33:00+00:00\",\"dateModified\":\"2022-01-21T18:35:36+00:00\",\"mainEntityOfPage\":{\"@id\":\"https:\\\/\\\/qtmm.org\\\/qt\\\/tarhankutlilar-korustiler\\\/\"},\"wordCount\":562,\"commentCount\":0,\"publisher\":{\"@id\":\"https:\\\/\\\/qtmm.org\\\/qt\\\/#organization\"},\"image\":{\"@id\":\"https:\\\/\\\/qtmm.org\\\/qt\\\/tarhankutlilar-korustiler\\\/#primaryimage\"},\"thumbnailUrl\":\"https:\\\/\\\/qtmm.org\\\/wp-content\\\/uploads\\\/2022\\\/01\\\/1_54.jpeg\",\"articleSection\":[\"Haberler\"],\"inLanguage\":\"qt\",\"potentialAction\":[{\"@type\":\"CommentAction\",\"name\":\"Comment\",\"target\":[\"https:\\\/\\\/qtmm.org\\\/qt\\\/tarhankutlilar-korustiler\\\/#respond\"]}]},{\"@type\":\"WebPage\",\"@id\":\"https:\\\/\\\/qtmm.org\\\/qt\\\/tarhankutlilar-korustiler\\\/\",\"url\":\"https:\\\/\\\/qtmm.org\\\/qt\\\/tarhankutlilar-korustiler\\\/\",\"name\":\"Tarhankutl\u0131lar k\u00f6r\u00fc\u015ftiler - \u041c\u0435\u0434\u0436\u043b\u0456\u0441\",\"isPartOf\":{\"@id\":\"https:\\\/\\\/qtmm.org\\\/qt\\\/#website\"},\"primaryImageOfPage\":{\"@id\":\"https:\\\/\\\/qtmm.org\\\/qt\\\/tarhankutlilar-korustiler\\\/#primaryimage\"},\"image\":{\"@id\":\"https:\\\/\\\/qtmm.org\\\/qt\\\/tarhankutlilar-korustiler\\\/#primaryimage\"},\"thumbnailUrl\":\"https:\\\/\\\/qtmm.org\\\/wp-content\\\/uploads\\\/2022\\\/01\\\/1_54.jpeg\",\"datePublished\":\"2012-06-25T18:33:00+00:00\",\"dateModified\":\"2022-01-21T18:35:36+00:00\",\"breadcrumb\":{\"@id\":\"https:\\\/\\\/qtmm.org\\\/qt\\\/tarhankutlilar-korustiler\\\/#breadcrumb\"},\"inLanguage\":\"qt\",\"potentialAction\":[{\"@type\":\"ReadAction\",\"target\":[\"https:\\\/\\\/qtmm.org\\\/qt\\\/tarhankutlilar-korustiler\\\/\"]}]},{\"@type\":\"ImageObject\",\"inLanguage\":\"qt\",\"@id\":\"https:\\\/\\\/qtmm.org\\\/qt\\\/tarhankutlilar-korustiler\\\/#primaryimage\",\"url\":\"https:\\\/\\\/qtmm.org\\\/wp-content\\\/uploads\\\/2022\\\/01\\\/1_54.jpeg\",\"contentUrl\":\"https:\\\/\\\/qtmm.org\\\/wp-content\\\/uploads\\\/2022\\\/01\\\/1_54.jpeg\",\"width\":650,\"height\":330},{\"@type\":\"BreadcrumbList\",\"@id\":\"https:\\\/\\\/qtmm.org\\\/qt\\\/tarhankutlilar-korustiler\\\/#breadcrumb\",\"itemListElement\":[{\"@type\":\"ListItem\",\"position\":1,\"name\":\"\u0413\u043e\u043b\u043e\u0432\u043d\u0430\",\"item\":\"https:\\\/\\\/qtmm.org\\\/qt\\\/\"},{\"@type\":\"ListItem\",\"position\":2,\"name\":\"Tarhankutl\u0131lar k\u00f6r\u00fc\u015ftiler\"}]},{\"@type\":\"WebSite\",\"@id\":\"https:\\\/\\\/qtmm.org\\\/qt\\\/#website\",\"url\":\"https:\\\/\\\/qtmm.org\\\/qt\\\/\",\"name\":\"\u041c\u0435\u0434\u0436\u043b\u0456\u0441\",\"description\":\"\",\"publisher\":{\"@id\":\"https:\\\/\\\/qtmm.org\\\/qt\\\/#organization\"},\"potentialAction\":[{\"@type\":\"SearchAction\",\"target\":{\"@type\":\"EntryPoint\",\"urlTemplate\":\"https:\\\/\\\/qtmm.org\\\/qt\\\/?s={search_term_string}\"},\"query-input\":{\"@type\":\"PropertyValueSpecification\",\"valueRequired\":true,\"valueName\":\"search_term_string\"}}],\"inLanguage\":\"qt\"},{\"@type\":\"Organization\",\"@id\":\"https:\\\/\\\/qtmm.org\\\/qt\\\/#organization\",\"name\":\"\u041c\u0435\u0434\u0436\u043b\u0456\u0441\",\"url\":\"https:\\\/\\\/qtmm.org\\\/qt\\\/\",\"logo\":{\"@type\":\"ImageObject\",\"inLanguage\":\"qt\",\"@id\":\"https:\\\/\\\/qtmm.org\\\/qt\\\/#\\\/schema\\\/logo\\\/image\\\/\",\"url\":\"https:\\\/\\\/qtmm.org\\\/wp-content\\\/uploads\\\/2024\\\/12\\\/ua-mejlis-logo-rgb.svg\",\"contentUrl\":\"https:\\\/\\\/qtmm.org\\\/wp-content\\\/uploads\\\/2024\\\/12\\\/ua-mejlis-logo-rgb.svg\",\"caption\":\"\u041c\u0435\u0434\u0436\u043b\u0456\u0441\"},\"image\":{\"@id\":\"https:\\\/\\\/qtmm.org\\\/qt\\\/#\\\/schema\\\/logo\\\/image\\\/\"},\"sameAs\":[\"https:\\\/\\\/www.facebook.com\\\/qtmm.info\\\/\"]},{\"@type\":\"Person\",\"@id\":\"https:\\\/\\\/qtmm.org\\\/qt\\\/#\\\/schema\\\/person\\\/de562469f971dec226ac06e60bbf74a7\",\"name\":\"Developer\",\"image\":{\"@type\":\"ImageObject\",\"inLanguage\":\"qt\",\"@id\":\"https:\\\/\\\/secure.gravatar.com\\\/avatar\\\/392b4cc8fbfeb00b39dfeeab4ee6edded39ffd48e25858637e4765810300227e?s=96&d=mm&r=g\",\"url\":\"https:\\\/\\\/secure.gravatar.com\\\/avatar\\\/392b4cc8fbfeb00b39dfeeab4ee6edded39ffd48e25858637e4765810300227e?s=96&d=mm&r=g\",\"contentUrl\":\"https:\\\/\\\/secure.gravatar.com\\\/avatar\\\/392b4cc8fbfeb00b39dfeeab4ee6edded39ffd48e25858637e4765810300227e?s=96&d=mm&r=g\",\"caption\":\"Developer\"},\"url\":\"https:\\\/\\\/qtmm.org\\\/qt\\\/author\\\/Developer\\\/\"}]}<\/script>\n<!-- \/ Yoast SEO plugin. -->","yoast_head_json":{"title":"Tarhankutl\u0131lar k\u00f6r\u00fc\u015ftiler - \u041c\u0435\u0434\u0436\u043b\u0456\u0441","robots":{"index":"index","follow":"follow","max-snippet":"max-snippet:-1","max-image-preview":"max-image-preview:large","max-video-preview":"max-video-preview:-1"},"canonical":"https:\/\/qtmm.org\/qt\/tarhankutlilar-korustiler\/","og_locale":"en_US","og_type":"article","og_title":"Tarhankutl\u0131lar k\u00f6r\u00fc\u015ftiler - \u041c\u0435\u0434\u0436\u043b\u0456\u0441","og_description":"2012 senesi iy\u00fcn 24-te do\u011fma Aqme\u00e7it rayon\u0131 Bay-Q\u0131yat, Q\u0131r\u011f\u0131z-Qazaq, Camal, Otuz, Toq-Col, Tuvaqa k\u00f6ylerini\u00f1 sakinleri \u00c7ernomorskoye qasabas\u0131 Medeniyet evinde k\u00f6r\u00fc\u015ftiler. Tedbirni\u00f1 te\u015fkil\u00e2t\u00e7\u0131lar\u0131 musafirlerni ananeviy qave ile qar\u015f\u0131lad\u0131lar. Tarhankut yar\u0131madas\u0131n\u0131\u00f1 k\u00f6ylerinden \u00e7\u0131qqan adamlar k\u00f6r\u00fc\u015f\u00fcvge Q\u0131r\u0131mn\u0131\u00f1 Aqmescit, Qarasuvbazar, Kefe, Qurman, Or qap\u0131, Pervomay, Aq\u015feyh rayonlar\u0131, Ermeni bazar, Saq, Melitopol \u015feerlerinden keldiler. Ya\u011f\u011fan k\u00fc\u00e7l\u00fc ya\u011fmur ve \u015fiddetli ruzg\u00e2r [&hellip;]","og_url":"https:\/\/qtmm.org\/qt\/tarhankutlilar-korustiler\/","og_site_name":"\u041c\u0435\u0434\u0436\u043b\u0456\u0441","article_publisher":"https:\/\/www.facebook.com\/qtmm.info\/","article_published_time":"2012-06-25T18:33:00+00:00","article_modified_time":"2022-01-21T18:35:36+00:00","og_image":[{"width":650,"height":330,"url":"https:\/\/qtmm.org\/wp-content\/uploads\/2022\/01\/1_54.jpeg","type":"image\/jpeg"}],"author":"Developer","twitter_card":"summary_large_image","twitter_misc":{"Written by":"Developer","Est. reading time":"3 minutes"},"schema":{"@context":"https:\/\/schema.org","@graph":[{"@type":"Article","@id":"https:\/\/qtmm.org\/qt\/tarhankutlilar-korustiler\/#article","isPartOf":{"@id":"https:\/\/qtmm.org\/qt\/tarhankutlilar-korustiler\/"},"author":{"name":"Developer","@id":"https:\/\/qtmm.org\/qt\/#\/schema\/person\/de562469f971dec226ac06e60bbf74a7"},"headline":"Tarhankutl\u0131lar k\u00f6r\u00fc\u015ftiler","datePublished":"2012-06-25T18:33:00+00:00","dateModified":"2022-01-21T18:35:36+00:00","mainEntityOfPage":{"@id":"https:\/\/qtmm.org\/qt\/tarhankutlilar-korustiler\/"},"wordCount":562,"commentCount":0,"publisher":{"@id":"https:\/\/qtmm.org\/qt\/#organization"},"image":{"@id":"https:\/\/qtmm.org\/qt\/tarhankutlilar-korustiler\/#primaryimage"},"thumbnailUrl":"https:\/\/qtmm.org\/wp-content\/uploads\/2022\/01\/1_54.jpeg","articleSection":["Haberler"],"inLanguage":"qt","potentialAction":[{"@type":"CommentAction","name":"Comment","target":["https:\/\/qtmm.org\/qt\/tarhankutlilar-korustiler\/#respond"]}]},{"@type":"WebPage","@id":"https:\/\/qtmm.org\/qt\/tarhankutlilar-korustiler\/","url":"https:\/\/qtmm.org\/qt\/tarhankutlilar-korustiler\/","name":"Tarhankutl\u0131lar k\u00f6r\u00fc\u015ftiler - \u041c\u0435\u0434\u0436\u043b\u0456\u0441","isPartOf":{"@id":"https:\/\/qtmm.org\/qt\/#website"},"primaryImageOfPage":{"@id":"https:\/\/qtmm.org\/qt\/tarhankutlilar-korustiler\/#primaryimage"},"image":{"@id":"https:\/\/qtmm.org\/qt\/tarhankutlilar-korustiler\/#primaryimage"},"thumbnailUrl":"https:\/\/qtmm.org\/wp-content\/uploads\/2022\/01\/1_54.jpeg","datePublished":"2012-06-25T18:33:00+00:00","dateModified":"2022-01-21T18:35:36+00:00","breadcrumb":{"@id":"https:\/\/qtmm.org\/qt\/tarhankutlilar-korustiler\/#breadcrumb"},"inLanguage":"qt","potentialAction":[{"@type":"ReadAction","target":["https:\/\/qtmm.org\/qt\/tarhankutlilar-korustiler\/"]}]},{"@type":"ImageObject","inLanguage":"qt","@id":"https:\/\/qtmm.org\/qt\/tarhankutlilar-korustiler\/#primaryimage","url":"https:\/\/qtmm.org\/wp-content\/uploads\/2022\/01\/1_54.jpeg","contentUrl":"https:\/\/qtmm.org\/wp-content\/uploads\/2022\/01\/1_54.jpeg","width":650,"height":330},{"@type":"BreadcrumbList","@id":"https:\/\/qtmm.org\/qt\/tarhankutlilar-korustiler\/#breadcrumb","itemListElement":[{"@type":"ListItem","position":1,"name":"\u0413\u043e\u043b\u043e\u0432\u043d\u0430","item":"https:\/\/qtmm.org\/qt\/"},{"@type":"ListItem","position":2,"name":"Tarhankutl\u0131lar k\u00f6r\u00fc\u015ftiler"}]},{"@type":"WebSite","@id":"https:\/\/qtmm.org\/qt\/#website","url":"https:\/\/qtmm.org\/qt\/","name":"\u041c\u0435\u0434\u0436\u043b\u0456\u0441","description":"","publisher":{"@id":"https:\/\/qtmm.org\/qt\/#organization"},"potentialAction":[{"@type":"SearchAction","target":{"@type":"EntryPoint","urlTemplate":"https:\/\/qtmm.org\/qt\/?s={search_term_string}"},"query-input":{"@type":"PropertyValueSpecification","valueRequired":true,"valueName":"search_term_string"}}],"inLanguage":"qt"},{"@type":"Organization","@id":"https:\/\/qtmm.org\/qt\/#organization","name":"\u041c\u0435\u0434\u0436\u043b\u0456\u0441","url":"https:\/\/qtmm.org\/qt\/","logo":{"@type":"ImageObject","inLanguage":"qt","@id":"https:\/\/qtmm.org\/qt\/#\/schema\/logo\/image\/","url":"https:\/\/qtmm.org\/wp-content\/uploads\/2024\/12\/ua-mejlis-logo-rgb.svg","contentUrl":"https:\/\/qtmm.org\/wp-content\/uploads\/2024\/12\/ua-mejlis-logo-rgb.svg","caption":"\u041c\u0435\u0434\u0436\u043b\u0456\u0441"},"image":{"@id":"https:\/\/qtmm.org\/qt\/#\/schema\/logo\/image\/"},"sameAs":["https:\/\/www.facebook.com\/qtmm.info\/"]},{"@type":"Person","@id":"https:\/\/qtmm.org\/qt\/#\/schema\/person\/de562469f971dec226ac06e60bbf74a7","name":"Developer","image":{"@type":"ImageObject","inLanguage":"qt","@id":"https:\/\/secure.gravatar.com\/avatar\/392b4cc8fbfeb00b39dfeeab4ee6edded39ffd48e25858637e4765810300227e?s=96&d=mm&r=g","url":"https:\/\/secure.gravatar.com\/avatar\/392b4cc8fbfeb00b39dfeeab4ee6edded39ffd48e25858637e4765810300227e?s=96&d=mm&r=g","contentUrl":"https:\/\/secure.gravatar.com\/avatar\/392b4cc8fbfeb00b39dfeeab4ee6edded39ffd48e25858637e4765810300227e?s=96&d=mm&r=g","caption":"Developer"},"url":"https:\/\/qtmm.org\/qt\/author\/Developer\/"}]}},"_links":{"self":[{"href":"https:\/\/qtmm.org\/qt\/wp-json\/wp\/v2\/posts\/31959","targetHints":{"allow":["GET"]}}],"collection":[{"href":"https:\/\/qtmm.org\/qt\/wp-json\/wp\/v2\/posts"}],"about":[{"href":"https:\/\/qtmm.org\/qt\/wp-json\/wp\/v2\/types\/post"}],"author":[{"embeddable":true,"href":"https:\/\/qtmm.org\/qt\/wp-json\/wp\/v2\/users\/1"}],"replies":[{"embeddable":true,"href":"https:\/\/qtmm.org\/qt\/wp-json\/wp\/v2\/comments?post=31959"}],"version-history":[{"count":1,"href":"https:\/\/qtmm.org\/qt\/wp-json\/wp\/v2\/posts\/31959\/revisions"}],"predecessor-version":[{"id":31998,"href":"https:\/\/qtmm.org\/qt\/wp-json\/wp\/v2\/posts\/31959\/revisions\/31998"}],"wp:featuredmedia":[{"embeddable":true,"href":"https:\/\/qtmm.org\/qt\/wp-json\/wp\/v2\/media\/31960"}],"wp:attachment":[{"href":"https:\/\/qtmm.org\/qt\/wp-json\/wp\/v2\/media?parent=31959"}],"wp:term":[{"taxonomy":"category","embeddable":true,"href":"https:\/\/qtmm.org\/qt\/wp-json\/wp\/v2\/categories?post=31959"},{"taxonomy":"post_tag","embeddable":true,"href":"https:\/\/qtmm.org\/qt\/wp-json\/wp\/v2\/tags?post=31959"}],"curies":[{"name":"wp","href":"https:\/\/api.w.org\/{rel}","templated":true}]}}