




{"id":31956,"date":"2012-06-22T21:32:00","date_gmt":"2012-06-22T18:32:00","guid":{"rendered":"http:\/\/qtmm.org\/?p=31956"},"modified":"2022-01-21T21:33:04","modified_gmt":"2022-01-21T18:33:04","slug":"aqmescit-regional-meclis-vekilleri-aqmescit-rayon-yolbascilarinen-korustiler","status":"publish","type":"post","link":"https:\/\/qtmm.org\/qt\/aqmescit-regional-meclis-vekilleri-aqmescit-rayon-yolbascilarinen-korustiler\/","title":{"rendered":"Aqmescit regional meclis vekilleri Aqmescit rayon yolba\u015f\u00e7\u0131lar\u0131nen k\u00f6r\u00fc\u015ftiler"},"content":{"rendered":"\n<p>2012 senesi iy\u00fcn 22 k\u00fcn\u00fc Aqmescit rayon devlet memuriyetini\u00f1 binas\u0131nda Aqmescit regional meclis azalar\u0131nen \u00f6tkerilgen k\u00f6r\u00fc\u015f\u00fcvde Aqmescit rayon yolb\u015fa\u00e7\u0131lar\u0131 taraf\u0131ndan Aqmescit rayon \u015furas\u0131n\u0131\u00f1 reisi Sergey Kruts\u00fck, Aqmescit rayon devlet memuriyetini\u00f1 ba\u015f\u0131 Vladimir Jivitsa, rayon uquqqoruv organlar\u0131n\u0131\u00f1 ve maarif b\u00f6l\u00fcgini\u00f1 hadimleri i\u015ftirak ettiler.<\/p>\n\n\n\n<p>K\u00f6r\u00fc\u015f\u00fcvni\u00f1 te\u015febb\u00fcs\u00e7isi Lemmar Yunusov baq\u0131lacaq meseleler aqq\u0131nda q\u0131sqadan ayt\u0131p, b\u00f6yle dialog ke\u00e7ken yigirmi y\u0131l i\u00e7inde birinci kere ke\u00e7irilgeni ve bundan so\u00f1 er \u00fc\u00e7 ayda bir kere olaca\u011f\u0131n\u0131 bildirdi.<\/p>\n\n\n\n<p>&#8220;K\u00f6r\u00fc\u015f\u00fcvde semetde\u015flerimizni\u00f1 bug\u00fcnki vaziyetine dair e\u00f1 aktaul meseleleri muzakere olund\u0131, &#8211; dedi Aqmescit regional meclisini\u00f1 reisi, &#8211; Esas problemler \u2013 bu topraq, q\u0131r\u0131mtatar tilinde oqutuv, akimiyet organlar\u0131nen munasebet ve Aqmescit rayon memuriyetinen daimiy dialoglarn\u0131 al\u0131p baruv meseleleridir.<\/p>\n\n\n\n<p>Bun\u0131\u00f1 kibi de biz region\u0131m\u0131zdaki yerli meclisler reislerini\u00f1 Aqmescit qasaba \u015furalar\u0131ndaki temsilciligi meselesini de k\u00f6terdik. \u00dcm\u00fct etemiz ki, qoyul\u011fan meseleler m\u00fcsbet \u00e7ezilir&#8221;.<\/p>\n\n\n\n<p>Lemmar Yunusov \u015fun\u0131 da qayd etti ki, k\u00f6r\u00fc\u015f\u00fcv ilk defa \u00f6tkerilgeni sebebinden \u00e7oq\u00e7a informatsion-tan\u0131\u015fuv t\u00fcs\u00fcni ta\u015f\u0131d\u0131. Aqmescit regional meclis vekilleri rayon\u0131\u00f1 eali noqtalar\u0131nda mevcut problemler ve olarn\u0131 \u00e7ez\u00fcv yollar\u0131 aqq\u0131nda aytt\u0131lar, akimiyet vekilleri ise \u00f6z nevbetinde bu meselelerni\u00f1 \u00e7ezilmesi i\u00e7\u00fcn areket eteceklerini i\u015fand\u0131rd\u0131lar.<\/p>\n\n\n\n<p>&#8220;Daa bir m\u00fcim mesele, &#8211; dedi Yunusov, &#8211; &#8220;Selskiy trujenik&#8221; rayon gazetas\u0131na q\u0131r\u0131mtatar tilinde il\u00e2ve \u00e7\u0131qarmaq meselesi de baq\u0131ld\u0131. Yaq\u0131n vaq\u0131tta b\u00f6yle il\u00e2ve ne\u015fir etilip, on\u0131\u00f1 i\u00e7\u00fcn mes\u00fclietlik Gvardeyskoye qasaba \u015furas\u0131 reisini\u00f1 muavini, yerli meclis reisi Dil\u00e2ver Ablayevge avale etildi.<\/p>\n\n\n\n<p>Aqmescit regional meclis reisi Lemmar Yunusov b\u00fct\u00fcn k\u00f6terilgen meseleler, elbette ki, \u00e7abuq \u00e7ezilebilmez, amma eki taraf bir-birini a\u00f1la\u011fan\u0131 ve \u00e7al\u0131\u015fma\u011fa istek bildirgeni endi quvan\u00e7l\u0131 bir ald\u0131r, dedi.<br>&nbsp;<\/p>\n","protected":false},"excerpt":{"rendered":"<p>2012 senesi iy\u00fcn 22 k\u00fcn\u00fc Aqmescit rayon devlet memuriyetini\u00f1 binas\u0131nda Aqmescit regional meclis azalar\u0131nen \u00f6tkerilgen k\u00f6r\u00fc\u015f\u00fcvde Aqmescit rayon yolb\u015fa\u00e7\u0131lar\u0131 taraf\u0131ndan Aqmescit rayon \u015furas\u0131n\u0131\u00f1 reisi Sergey Kruts\u00fck, Aqmescit rayon devlet memuriyetini\u00f1 ba\u015f\u0131 Vladimir Jivitsa, rayon uquqqoruv organlar\u0131n\u0131\u00f1 ve maarif b\u00f6l\u00fcgini\u00f1 hadimleri i\u015ftirak ettiler. K\u00f6r\u00fc\u015f\u00fcvni\u00f1 te\u015febb\u00fcs\u00e7isi Lemmar Yunusov baq\u0131lacaq meseleler aqq\u0131nda q\u0131sqadan ayt\u0131p, b\u00f6yle dialog ke\u00e7ken yigirmi [&hellip;]<\/p>\n","protected":false},"author":1,"featured_media":0,"comment_status":"open","ping_status":"open","sticky":false,"template":"","format":"standard","meta":{"inline_featured_image":false,"footnotes":""},"categories":[265],"tags":[],"class_list":["post-31956","post","type-post","status-publish","format-standard","hentry","category-haberler"],"acf":[],"yoast_head":"<!-- This site is optimized with the Yoast SEO plugin v27.4 - https:\/\/yoast.com\/product\/yoast-seo-wordpress\/ -->\n<title>Aqmescit regional meclis vekilleri Aqmescit rayon yolba\u015f\u00e7\u0131lar\u0131nen k\u00f6r\u00fc\u015ftiler - \u041c\u0435\u0434\u0436\u043b\u0456\u0441<\/title>\n<meta name=\"robots\" content=\"index, follow, max-snippet:-1, max-image-preview:large, max-video-preview:-1\" \/>\n<link rel=\"canonical\" href=\"https:\/\/qtmm.org\/qt\/aqmescit-regional-meclis-vekilleri-aqmescit-rayon-yolbascilarinen-korustiler\/\" \/>\n<meta property=\"og:locale\" content=\"en_US\" \/>\n<meta property=\"og:type\" content=\"article\" \/>\n<meta property=\"og:title\" content=\"Aqmescit regional meclis vekilleri Aqmescit rayon yolba\u015f\u00e7\u0131lar\u0131nen k\u00f6r\u00fc\u015ftiler - \u041c\u0435\u0434\u0436\u043b\u0456\u0441\" \/>\n<meta property=\"og:description\" content=\"2012 senesi iy\u00fcn 22 k\u00fcn\u00fc Aqmescit rayon devlet memuriyetini\u00f1 binas\u0131nda Aqmescit regional meclis azalar\u0131nen \u00f6tkerilgen k\u00f6r\u00fc\u015f\u00fcvde Aqmescit rayon yolb\u015fa\u00e7\u0131lar\u0131 taraf\u0131ndan Aqmescit rayon \u015furas\u0131n\u0131\u00f1 reisi Sergey Kruts\u00fck, Aqmescit rayon devlet memuriyetini\u00f1 ba\u015f\u0131 Vladimir Jivitsa, rayon uquqqoruv organlar\u0131n\u0131\u00f1 ve maarif b\u00f6l\u00fcgini\u00f1 hadimleri i\u015ftirak ettiler. K\u00f6r\u00fc\u015f\u00fcvni\u00f1 te\u015febb\u00fcs\u00e7isi Lemmar Yunusov baq\u0131lacaq meseleler aqq\u0131nda q\u0131sqadan ayt\u0131p, b\u00f6yle dialog ke\u00e7ken yigirmi [&hellip;]\" \/>\n<meta property=\"og:url\" content=\"https:\/\/qtmm.org\/qt\/aqmescit-regional-meclis-vekilleri-aqmescit-rayon-yolbascilarinen-korustiler\/\" \/>\n<meta property=\"og:site_name\" content=\"\u041c\u0435\u0434\u0436\u043b\u0456\u0441\" \/>\n<meta property=\"article:publisher\" content=\"https:\/\/www.facebook.com\/qtmm.info\/\" \/>\n<meta property=\"article:published_time\" content=\"2012-06-22T18:32:00+00:00\" \/>\n<meta property=\"article:modified_time\" content=\"2022-01-21T18:33:04+00:00\" \/>\n<meta name=\"author\" content=\"Developer\" \/>\n<meta name=\"twitter:card\" content=\"summary_large_image\" \/>\n<meta name=\"twitter:label1\" content=\"Written by\" \/>\n\t<meta name=\"twitter:data1\" content=\"Developer\" \/>\n\t<meta name=\"twitter:label2\" content=\"Est. reading time\" \/>\n\t<meta name=\"twitter:data2\" content=\"2 minutes\" \/>\n<script type=\"application\/ld+json\" class=\"yoast-schema-graph\">{\"@context\":\"https:\\\/\\\/schema.org\",\"@graph\":[{\"@type\":\"Article\",\"@id\":\"https:\\\/\\\/qtmm.org\\\/qt\\\/aqmescit-regional-meclis-vekilleri-aqmescit-rayon-yolbascilarinen-korustiler\\\/#article\",\"isPartOf\":{\"@id\":\"https:\\\/\\\/qtmm.org\\\/qt\\\/aqmescit-regional-meclis-vekilleri-aqmescit-rayon-yolbascilarinen-korustiler\\\/\"},\"author\":{\"name\":\"Developer\",\"@id\":\"https:\\\/\\\/qtmm.org\\\/qt\\\/#\\\/schema\\\/person\\\/de562469f971dec226ac06e60bbf74a7\"},\"headline\":\"Aqmescit regional meclis vekilleri Aqmescit rayon yolba\u015f\u00e7\u0131lar\u0131nen k\u00f6r\u00fc\u015ftiler\",\"datePublished\":\"2012-06-22T18:32:00+00:00\",\"dateModified\":\"2022-01-21T18:33:04+00:00\",\"mainEntityOfPage\":{\"@id\":\"https:\\\/\\\/qtmm.org\\\/qt\\\/aqmescit-regional-meclis-vekilleri-aqmescit-rayon-yolbascilarinen-korustiler\\\/\"},\"wordCount\":331,\"commentCount\":0,\"publisher\":{\"@id\":\"https:\\\/\\\/qtmm.org\\\/qt\\\/#organization\"},\"articleSection\":[\"Haberler\"],\"inLanguage\":\"qt\",\"potentialAction\":[{\"@type\":\"CommentAction\",\"name\":\"Comment\",\"target\":[\"https:\\\/\\\/qtmm.org\\\/qt\\\/aqmescit-regional-meclis-vekilleri-aqmescit-rayon-yolbascilarinen-korustiler\\\/#respond\"]}]},{\"@type\":\"WebPage\",\"@id\":\"https:\\\/\\\/qtmm.org\\\/qt\\\/aqmescit-regional-meclis-vekilleri-aqmescit-rayon-yolbascilarinen-korustiler\\\/\",\"url\":\"https:\\\/\\\/qtmm.org\\\/qt\\\/aqmescit-regional-meclis-vekilleri-aqmescit-rayon-yolbascilarinen-korustiler\\\/\",\"name\":\"Aqmescit regional meclis vekilleri Aqmescit rayon yolba\u015f\u00e7\u0131lar\u0131nen k\u00f6r\u00fc\u015ftiler - \u041c\u0435\u0434\u0436\u043b\u0456\u0441\",\"isPartOf\":{\"@id\":\"https:\\\/\\\/qtmm.org\\\/qt\\\/#website\"},\"datePublished\":\"2012-06-22T18:32:00+00:00\",\"dateModified\":\"2022-01-21T18:33:04+00:00\",\"breadcrumb\":{\"@id\":\"https:\\\/\\\/qtmm.org\\\/qt\\\/aqmescit-regional-meclis-vekilleri-aqmescit-rayon-yolbascilarinen-korustiler\\\/#breadcrumb\"},\"inLanguage\":\"qt\",\"potentialAction\":[{\"@type\":\"ReadAction\",\"target\":[\"https:\\\/\\\/qtmm.org\\\/qt\\\/aqmescit-regional-meclis-vekilleri-aqmescit-rayon-yolbascilarinen-korustiler\\\/\"]}]},{\"@type\":\"BreadcrumbList\",\"@id\":\"https:\\\/\\\/qtmm.org\\\/qt\\\/aqmescit-regional-meclis-vekilleri-aqmescit-rayon-yolbascilarinen-korustiler\\\/#breadcrumb\",\"itemListElement\":[{\"@type\":\"ListItem\",\"position\":1,\"name\":\"\u0413\u043e\u043b\u043e\u0432\u043d\u0430\",\"item\":\"https:\\\/\\\/qtmm.org\\\/qt\\\/\"},{\"@type\":\"ListItem\",\"position\":2,\"name\":\"Aqmescit regional meclis vekilleri Aqmescit rayon yolba\u015f\u00e7\u0131lar\u0131nen k\u00f6r\u00fc\u015ftiler\"}]},{\"@type\":\"WebSite\",\"@id\":\"https:\\\/\\\/qtmm.org\\\/qt\\\/#website\",\"url\":\"https:\\\/\\\/qtmm.org\\\/qt\\\/\",\"name\":\"\u041c\u0435\u0434\u0436\u043b\u0456\u0441\",\"description\":\"\",\"publisher\":{\"@id\":\"https:\\\/\\\/qtmm.org\\\/qt\\\/#organization\"},\"potentialAction\":[{\"@type\":\"SearchAction\",\"target\":{\"@type\":\"EntryPoint\",\"urlTemplate\":\"https:\\\/\\\/qtmm.org\\\/qt\\\/?s={search_term_string}\"},\"query-input\":{\"@type\":\"PropertyValueSpecification\",\"valueRequired\":true,\"valueName\":\"search_term_string\"}}],\"inLanguage\":\"qt\"},{\"@type\":\"Organization\",\"@id\":\"https:\\\/\\\/qtmm.org\\\/qt\\\/#organization\",\"name\":\"\u041c\u0435\u0434\u0436\u043b\u0456\u0441\",\"url\":\"https:\\\/\\\/qtmm.org\\\/qt\\\/\",\"logo\":{\"@type\":\"ImageObject\",\"inLanguage\":\"qt\",\"@id\":\"https:\\\/\\\/qtmm.org\\\/qt\\\/#\\\/schema\\\/logo\\\/image\\\/\",\"url\":\"https:\\\/\\\/qtmm.org\\\/wp-content\\\/uploads\\\/2024\\\/12\\\/ua-mejlis-logo-rgb.svg\",\"contentUrl\":\"https:\\\/\\\/qtmm.org\\\/wp-content\\\/uploads\\\/2024\\\/12\\\/ua-mejlis-logo-rgb.svg\",\"caption\":\"\u041c\u0435\u0434\u0436\u043b\u0456\u0441\"},\"image\":{\"@id\":\"https:\\\/\\\/qtmm.org\\\/qt\\\/#\\\/schema\\\/logo\\\/image\\\/\"},\"sameAs\":[\"https:\\\/\\\/www.facebook.com\\\/qtmm.info\\\/\"]},{\"@type\":\"Person\",\"@id\":\"https:\\\/\\\/qtmm.org\\\/qt\\\/#\\\/schema\\\/person\\\/de562469f971dec226ac06e60bbf74a7\",\"name\":\"Developer\",\"image\":{\"@type\":\"ImageObject\",\"inLanguage\":\"qt\",\"@id\":\"https:\\\/\\\/secure.gravatar.com\\\/avatar\\\/392b4cc8fbfeb00b39dfeeab4ee6edded39ffd48e25858637e4765810300227e?s=96&d=mm&r=g\",\"url\":\"https:\\\/\\\/secure.gravatar.com\\\/avatar\\\/392b4cc8fbfeb00b39dfeeab4ee6edded39ffd48e25858637e4765810300227e?s=96&d=mm&r=g\",\"contentUrl\":\"https:\\\/\\\/secure.gravatar.com\\\/avatar\\\/392b4cc8fbfeb00b39dfeeab4ee6edded39ffd48e25858637e4765810300227e?s=96&d=mm&r=g\",\"caption\":\"Developer\"},\"url\":\"https:\\\/\\\/qtmm.org\\\/qt\\\/author\\\/Developer\\\/\"}]}<\/script>\n<!-- \/ Yoast SEO plugin. -->","yoast_head_json":{"title":"Aqmescit regional meclis vekilleri Aqmescit rayon yolba\u015f\u00e7\u0131lar\u0131nen k\u00f6r\u00fc\u015ftiler - \u041c\u0435\u0434\u0436\u043b\u0456\u0441","robots":{"index":"index","follow":"follow","max-snippet":"max-snippet:-1","max-image-preview":"max-image-preview:large","max-video-preview":"max-video-preview:-1"},"canonical":"https:\/\/qtmm.org\/qt\/aqmescit-regional-meclis-vekilleri-aqmescit-rayon-yolbascilarinen-korustiler\/","og_locale":"en_US","og_type":"article","og_title":"Aqmescit regional meclis vekilleri Aqmescit rayon yolba\u015f\u00e7\u0131lar\u0131nen k\u00f6r\u00fc\u015ftiler - \u041c\u0435\u0434\u0436\u043b\u0456\u0441","og_description":"2012 senesi iy\u00fcn 22 k\u00fcn\u00fc Aqmescit rayon devlet memuriyetini\u00f1 binas\u0131nda Aqmescit regional meclis azalar\u0131nen \u00f6tkerilgen k\u00f6r\u00fc\u015f\u00fcvde Aqmescit rayon yolb\u015fa\u00e7\u0131lar\u0131 taraf\u0131ndan Aqmescit rayon \u015furas\u0131n\u0131\u00f1 reisi Sergey Kruts\u00fck, Aqmescit rayon devlet memuriyetini\u00f1 ba\u015f\u0131 Vladimir Jivitsa, rayon uquqqoruv organlar\u0131n\u0131\u00f1 ve maarif b\u00f6l\u00fcgini\u00f1 hadimleri i\u015ftirak ettiler. K\u00f6r\u00fc\u015f\u00fcvni\u00f1 te\u015febb\u00fcs\u00e7isi Lemmar Yunusov baq\u0131lacaq meseleler aqq\u0131nda q\u0131sqadan ayt\u0131p, b\u00f6yle dialog ke\u00e7ken yigirmi [&hellip;]","og_url":"https:\/\/qtmm.org\/qt\/aqmescit-regional-meclis-vekilleri-aqmescit-rayon-yolbascilarinen-korustiler\/","og_site_name":"\u041c\u0435\u0434\u0436\u043b\u0456\u0441","article_publisher":"https:\/\/www.facebook.com\/qtmm.info\/","article_published_time":"2012-06-22T18:32:00+00:00","article_modified_time":"2022-01-21T18:33:04+00:00","author":"Developer","twitter_card":"summary_large_image","twitter_misc":{"Written by":"Developer","Est. reading time":"2 minutes"},"schema":{"@context":"https:\/\/schema.org","@graph":[{"@type":"Article","@id":"https:\/\/qtmm.org\/qt\/aqmescit-regional-meclis-vekilleri-aqmescit-rayon-yolbascilarinen-korustiler\/#article","isPartOf":{"@id":"https:\/\/qtmm.org\/qt\/aqmescit-regional-meclis-vekilleri-aqmescit-rayon-yolbascilarinen-korustiler\/"},"author":{"name":"Developer","@id":"https:\/\/qtmm.org\/qt\/#\/schema\/person\/de562469f971dec226ac06e60bbf74a7"},"headline":"Aqmescit regional meclis vekilleri Aqmescit rayon yolba\u015f\u00e7\u0131lar\u0131nen k\u00f6r\u00fc\u015ftiler","datePublished":"2012-06-22T18:32:00+00:00","dateModified":"2022-01-21T18:33:04+00:00","mainEntityOfPage":{"@id":"https:\/\/qtmm.org\/qt\/aqmescit-regional-meclis-vekilleri-aqmescit-rayon-yolbascilarinen-korustiler\/"},"wordCount":331,"commentCount":0,"publisher":{"@id":"https:\/\/qtmm.org\/qt\/#organization"},"articleSection":["Haberler"],"inLanguage":"qt","potentialAction":[{"@type":"CommentAction","name":"Comment","target":["https:\/\/qtmm.org\/qt\/aqmescit-regional-meclis-vekilleri-aqmescit-rayon-yolbascilarinen-korustiler\/#respond"]}]},{"@type":"WebPage","@id":"https:\/\/qtmm.org\/qt\/aqmescit-regional-meclis-vekilleri-aqmescit-rayon-yolbascilarinen-korustiler\/","url":"https:\/\/qtmm.org\/qt\/aqmescit-regional-meclis-vekilleri-aqmescit-rayon-yolbascilarinen-korustiler\/","name":"Aqmescit regional meclis vekilleri Aqmescit rayon yolba\u015f\u00e7\u0131lar\u0131nen k\u00f6r\u00fc\u015ftiler - \u041c\u0435\u0434\u0436\u043b\u0456\u0441","isPartOf":{"@id":"https:\/\/qtmm.org\/qt\/#website"},"datePublished":"2012-06-22T18:32:00+00:00","dateModified":"2022-01-21T18:33:04+00:00","breadcrumb":{"@id":"https:\/\/qtmm.org\/qt\/aqmescit-regional-meclis-vekilleri-aqmescit-rayon-yolbascilarinen-korustiler\/#breadcrumb"},"inLanguage":"qt","potentialAction":[{"@type":"ReadAction","target":["https:\/\/qtmm.org\/qt\/aqmescit-regional-meclis-vekilleri-aqmescit-rayon-yolbascilarinen-korustiler\/"]}]},{"@type":"BreadcrumbList","@id":"https:\/\/qtmm.org\/qt\/aqmescit-regional-meclis-vekilleri-aqmescit-rayon-yolbascilarinen-korustiler\/#breadcrumb","itemListElement":[{"@type":"ListItem","position":1,"name":"\u0413\u043e\u043b\u043e\u0432\u043d\u0430","item":"https:\/\/qtmm.org\/qt\/"},{"@type":"ListItem","position":2,"name":"Aqmescit regional meclis vekilleri Aqmescit rayon yolba\u015f\u00e7\u0131lar\u0131nen k\u00f6r\u00fc\u015ftiler"}]},{"@type":"WebSite","@id":"https:\/\/qtmm.org\/qt\/#website","url":"https:\/\/qtmm.org\/qt\/","name":"\u041c\u0435\u0434\u0436\u043b\u0456\u0441","description":"","publisher":{"@id":"https:\/\/qtmm.org\/qt\/#organization"},"potentialAction":[{"@type":"SearchAction","target":{"@type":"EntryPoint","urlTemplate":"https:\/\/qtmm.org\/qt\/?s={search_term_string}"},"query-input":{"@type":"PropertyValueSpecification","valueRequired":true,"valueName":"search_term_string"}}],"inLanguage":"qt"},{"@type":"Organization","@id":"https:\/\/qtmm.org\/qt\/#organization","name":"\u041c\u0435\u0434\u0436\u043b\u0456\u0441","url":"https:\/\/qtmm.org\/qt\/","logo":{"@type":"ImageObject","inLanguage":"qt","@id":"https:\/\/qtmm.org\/qt\/#\/schema\/logo\/image\/","url":"https:\/\/qtmm.org\/wp-content\/uploads\/2024\/12\/ua-mejlis-logo-rgb.svg","contentUrl":"https:\/\/qtmm.org\/wp-content\/uploads\/2024\/12\/ua-mejlis-logo-rgb.svg","caption":"\u041c\u0435\u0434\u0436\u043b\u0456\u0441"},"image":{"@id":"https:\/\/qtmm.org\/qt\/#\/schema\/logo\/image\/"},"sameAs":["https:\/\/www.facebook.com\/qtmm.info\/"]},{"@type":"Person","@id":"https:\/\/qtmm.org\/qt\/#\/schema\/person\/de562469f971dec226ac06e60bbf74a7","name":"Developer","image":{"@type":"ImageObject","inLanguage":"qt","@id":"https:\/\/secure.gravatar.com\/avatar\/392b4cc8fbfeb00b39dfeeab4ee6edded39ffd48e25858637e4765810300227e?s=96&d=mm&r=g","url":"https:\/\/secure.gravatar.com\/avatar\/392b4cc8fbfeb00b39dfeeab4ee6edded39ffd48e25858637e4765810300227e?s=96&d=mm&r=g","contentUrl":"https:\/\/secure.gravatar.com\/avatar\/392b4cc8fbfeb00b39dfeeab4ee6edded39ffd48e25858637e4765810300227e?s=96&d=mm&r=g","caption":"Developer"},"url":"https:\/\/qtmm.org\/qt\/author\/Developer\/"}]}},"_links":{"self":[{"href":"https:\/\/qtmm.org\/qt\/wp-json\/wp\/v2\/posts\/31956","targetHints":{"allow":["GET"]}}],"collection":[{"href":"https:\/\/qtmm.org\/qt\/wp-json\/wp\/v2\/posts"}],"about":[{"href":"https:\/\/qtmm.org\/qt\/wp-json\/wp\/v2\/types\/post"}],"author":[{"embeddable":true,"href":"https:\/\/qtmm.org\/qt\/wp-json\/wp\/v2\/users\/1"}],"replies":[{"embeddable":true,"href":"https:\/\/qtmm.org\/qt\/wp-json\/wp\/v2\/comments?post=31956"}],"version-history":[{"count":1,"href":"https:\/\/qtmm.org\/qt\/wp-json\/wp\/v2\/posts\/31956\/revisions"}],"predecessor-version":[{"id":31958,"href":"https:\/\/qtmm.org\/qt\/wp-json\/wp\/v2\/posts\/31956\/revisions\/31958"}],"wp:attachment":[{"href":"https:\/\/qtmm.org\/qt\/wp-json\/wp\/v2\/media?parent=31956"}],"wp:term":[{"taxonomy":"category","embeddable":true,"href":"https:\/\/qtmm.org\/qt\/wp-json\/wp\/v2\/categories?post=31956"},{"taxonomy":"post_tag","embeddable":true,"href":"https:\/\/qtmm.org\/qt\/wp-json\/wp\/v2\/tags?post=31956"}],"curies":[{"name":"wp","href":"https:\/\/api.w.org\/{rel}","templated":true}]}}