




{"id":31954,"date":"2012-06-20T21:32:00","date_gmt":"2012-06-20T18:32:00","guid":{"rendered":"http:\/\/qtmm.org\/?p=31954"},"modified":"2022-01-21T21:32:34","modified_gmt":"2022-01-21T18:32:34","slug":"ukraina-yuqari-surasi-milliy-mensupligi-boyunca-surgun-etilgen-sahislarnin-aqlarini-gayridan-tiklev-aqqinda-ukraina-qanuninin-leyhasini-birinci-oqulista-qabul-etti","status":"publish","type":"post","link":"https:\/\/qtmm.org\/qt\/ukraina-yuqari-surasi-milliy-mensupligi-boyunca-surgun-etilgen-sahislarnin-aqlarini-gayridan-tiklev-aqqinda-ukraina-qanuninin-leyhasini-birinci-oqulista-qabul-etti\/","title":{"rendered":"Ukraina Yuqar\u0131 \u015euras\u0131 \u00abMilliy mens\u00fcpligi boyunca s\u00fcrg\u00fcn etilgen \u015fah\u0131slarn\u0131\u00f1 aqlar\u0131n\u0131 \u011fayr\u0131dan tiklev aqq\u0131nda\u00bb Ukraina qanun\u0131n\u0131\u00f1 leyhas\u0131n\u0131 birinci oqul\u0131\u015fta qabul etti"},"content":{"rendered":"\n<p>2012 senesi iy\u00fcn 20-de Ukraina Yuqar\u0131 \u015euras\u0131 \u201cMilliy mens\u00fcpligi boyunca s\u00fcrg\u00fcn etilgen \u015fah\u0131slarn\u0131\u00f1 aqlar\u0131n\u0131 \u011fayr\u0131dan tiklev aqq\u0131nda&#8221; Ukraina qanun\u0131n\u0131\u00f1 leyhas\u0131 i\u00e7\u00fcn rey berilgende m\u00fcsbet qarar alma\u011fa c\u00fcrat etti. Parlamentni\u00f1 sessiyalar salon\u0131nda cedvelge al\u0131n\u011fan 420 nefer Ukraina halq deputat\u0131ndan 356-s\u0131 Q\u0131r\u0131mtatar halq\u0131 Meclisini\u00f1 reisi, Ukraina halq deputat\u0131 Mustafa Cemilev m\u00fcellifi ol\u011fan \u2116 5515 Qanun leyhas\u0131na qoltutt\u0131&nbsp;<\/p>\n\n\n\n<p>\u201cMilliy mens\u00fcpligi boyunca s\u00fcrg\u00fcn etilgen \u015fah\u0131slarn\u0131\u00f1 aqlar\u0131n\u0131 \u011fayr\u0131dan tiklev aqq\u0131nda&#8221; Ukraina qanun\u0131 leyhas\u0131n\u0131\u00f1 qabul etilmesi boyunca devaml\u0131 ve m\u00fcrekkep i\u015f \u015fun\u0131 k\u00f6stere ki, 1944 senesi may\u0131sta s\u00fcrg\u00fcn etilgen q\u0131r\u0131mtatar halq\u0131n\u0131\u00f1 qanuniy aqlar\u0131 ve adaletni tiklev aqq\u0131nda qanunn\u0131\u00f1 resmiy qabul olunmas\u0131 yolunda birinci ad\u0131m at\u0131ld\u0131&#8221;, &#8211; dedi Meclis reisi M. Cemilev.&nbsp;<\/p>\n\n\n\n<p>Ayn\u0131 zamanda leyha m\u00fcellifi birinci oqul\u0131\u015fta qoltut\u0131l\u011fan qanun leyhas\u0131n\u0131\u00f1 kelecegi husus\u0131nda tahmin ete ki, qanun tek parlament se\u00e7imleri ke\u00e7ip, Ukraina akimiyetini\u00f1 qanun\u00e2rat\u0131c\u0131 organ\u0131 \u015fekillengen so\u00f1 kesen-kes qabul etilir.&nbsp;<\/p>\n","protected":false},"excerpt":{"rendered":"<p>2012 senesi iy\u00fcn 20-de Ukraina Yuqar\u0131 \u015euras\u0131 \u201cMilliy mens\u00fcpligi boyunca s\u00fcrg\u00fcn etilgen \u015fah\u0131slarn\u0131\u00f1 aqlar\u0131n\u0131 \u011fayr\u0131dan tiklev aqq\u0131nda&#8221; Ukraina qanun\u0131n\u0131\u00f1 leyhas\u0131 i\u00e7\u00fcn rey berilgende m\u00fcsbet qarar alma\u011fa c\u00fcrat etti. Parlamentni\u00f1 sessiyalar salon\u0131nda cedvelge al\u0131n\u011fan 420 nefer Ukraina halq deputat\u0131ndan 356-s\u0131 Q\u0131r\u0131mtatar halq\u0131 Meclisini\u00f1 reisi, Ukraina halq deputat\u0131 Mustafa Cemilev m\u00fcellifi ol\u011fan \u2116 5515 Qanun leyhas\u0131na qoltutt\u0131&nbsp; [&hellip;]<\/p>\n","protected":false},"author":1,"featured_media":0,"comment_status":"open","ping_status":"open","sticky":false,"template":"","format":"standard","meta":{"inline_featured_image":false,"footnotes":""},"categories":[265],"tags":[],"class_list":["post-31954","post","type-post","status-publish","format-standard","hentry","category-haberler"],"acf":[],"yoast_head":"<!-- This site is optimized with the Yoast SEO plugin v27.4 - https:\/\/yoast.com\/product\/yoast-seo-wordpress\/ -->\n<title>Ukraina Yuqar\u0131 \u015euras\u0131 \u00abMilliy mens\u00fcpligi boyunca s\u00fcrg\u00fcn etilgen \u015fah\u0131slarn\u0131\u00f1 aqlar\u0131n\u0131 \u011fayr\u0131dan tiklev aqq\u0131nda\u00bb Ukraina qanun\u0131n\u0131\u00f1 leyhas\u0131n\u0131 birinci oqul\u0131\u015fta qabul etti - \u041c\u0435\u0434\u0436\u043b\u0456\u0441<\/title>\n<meta name=\"robots\" content=\"index, follow, max-snippet:-1, max-image-preview:large, max-video-preview:-1\" \/>\n<link rel=\"canonical\" href=\"https:\/\/qtmm.org\/qt\/ukraina-yuqari-surasi-milliy-mensupligi-boyunca-surgun-etilgen-sahislarnin-aqlarini-gayridan-tiklev-aqqinda-ukraina-qanuninin-leyhasini-birinci-oqulista-qabul-etti\/\" \/>\n<meta property=\"og:locale\" content=\"en_US\" \/>\n<meta property=\"og:type\" content=\"article\" \/>\n<meta property=\"og:title\" content=\"Ukraina Yuqar\u0131 \u015euras\u0131 \u00abMilliy mens\u00fcpligi boyunca s\u00fcrg\u00fcn etilgen \u015fah\u0131slarn\u0131\u00f1 aqlar\u0131n\u0131 \u011fayr\u0131dan tiklev aqq\u0131nda\u00bb Ukraina qanun\u0131n\u0131\u00f1 leyhas\u0131n\u0131 birinci oqul\u0131\u015fta qabul etti - \u041c\u0435\u0434\u0436\u043b\u0456\u0441\" \/>\n<meta property=\"og:description\" content=\"2012 senesi iy\u00fcn 20-de Ukraina Yuqar\u0131 \u015euras\u0131 \u201cMilliy mens\u00fcpligi boyunca s\u00fcrg\u00fcn etilgen \u015fah\u0131slarn\u0131\u00f1 aqlar\u0131n\u0131 \u011fayr\u0131dan tiklev aqq\u0131nda&#8221; Ukraina qanun\u0131n\u0131\u00f1 leyhas\u0131 i\u00e7\u00fcn rey berilgende m\u00fcsbet qarar alma\u011fa c\u00fcrat etti. Parlamentni\u00f1 sessiyalar salon\u0131nda cedvelge al\u0131n\u011fan 420 nefer Ukraina halq deputat\u0131ndan 356-s\u0131 Q\u0131r\u0131mtatar halq\u0131 Meclisini\u00f1 reisi, Ukraina halq deputat\u0131 Mustafa Cemilev m\u00fcellifi ol\u011fan \u2116 5515 Qanun leyhas\u0131na qoltutt\u0131&nbsp; [&hellip;]\" \/>\n<meta property=\"og:url\" content=\"https:\/\/qtmm.org\/qt\/ukraina-yuqari-surasi-milliy-mensupligi-boyunca-surgun-etilgen-sahislarnin-aqlarini-gayridan-tiklev-aqqinda-ukraina-qanuninin-leyhasini-birinci-oqulista-qabul-etti\/\" \/>\n<meta property=\"og:site_name\" content=\"\u041c\u0435\u0434\u0436\u043b\u0456\u0441\" \/>\n<meta property=\"article:publisher\" content=\"https:\/\/www.facebook.com\/qtmm.info\/\" \/>\n<meta property=\"article:published_time\" content=\"2012-06-20T18:32:00+00:00\" \/>\n<meta property=\"article:modified_time\" content=\"2022-01-21T18:32:34+00:00\" \/>\n<meta name=\"author\" content=\"Developer\" \/>\n<meta name=\"twitter:card\" content=\"summary_large_image\" \/>\n<meta name=\"twitter:label1\" content=\"Written by\" \/>\n\t<meta name=\"twitter:data1\" content=\"Developer\" \/>\n\t<meta name=\"twitter:label2\" content=\"Est. reading time\" \/>\n\t<meta name=\"twitter:data2\" content=\"1 minute\" \/>\n<script type=\"application\/ld+json\" class=\"yoast-schema-graph\">{\"@context\":\"https:\\\/\\\/schema.org\",\"@graph\":[{\"@type\":\"Article\",\"@id\":\"https:\\\/\\\/qtmm.org\\\/qt\\\/ukraina-yuqari-surasi-milliy-mensupligi-boyunca-surgun-etilgen-sahislarnin-aqlarini-gayridan-tiklev-aqqinda-ukraina-qanuninin-leyhasini-birinci-oqulista-qabul-etti\\\/#article\",\"isPartOf\":{\"@id\":\"https:\\\/\\\/qtmm.org\\\/qt\\\/ukraina-yuqari-surasi-milliy-mensupligi-boyunca-surgun-etilgen-sahislarnin-aqlarini-gayridan-tiklev-aqqinda-ukraina-qanuninin-leyhasini-birinci-oqulista-qabul-etti\\\/\"},\"author\":{\"name\":\"Developer\",\"@id\":\"https:\\\/\\\/qtmm.org\\\/qt\\\/#\\\/schema\\\/person\\\/de562469f971dec226ac06e60bbf74a7\"},\"headline\":\"Ukraina Yuqar\u0131 \u015euras\u0131 \u00abMilliy mens\u00fcpligi boyunca s\u00fcrg\u00fcn etilgen \u015fah\u0131slarn\u0131\u00f1 aqlar\u0131n\u0131 \u011fayr\u0131dan tiklev aqq\u0131nda\u00bb Ukraina qanun\u0131n\u0131\u00f1 leyhas\u0131n\u0131 birinci oqul\u0131\u015fta qabul etti\",\"datePublished\":\"2012-06-20T18:32:00+00:00\",\"dateModified\":\"2022-01-21T18:32:34+00:00\",\"mainEntityOfPage\":{\"@id\":\"https:\\\/\\\/qtmm.org\\\/qt\\\/ukraina-yuqari-surasi-milliy-mensupligi-boyunca-surgun-etilgen-sahislarnin-aqlarini-gayridan-tiklev-aqqinda-ukraina-qanuninin-leyhasini-birinci-oqulista-qabul-etti\\\/\"},\"wordCount\":212,\"commentCount\":0,\"publisher\":{\"@id\":\"https:\\\/\\\/qtmm.org\\\/qt\\\/#organization\"},\"articleSection\":[\"Haberler\"],\"inLanguage\":\"qt\",\"potentialAction\":[{\"@type\":\"CommentAction\",\"name\":\"Comment\",\"target\":[\"https:\\\/\\\/qtmm.org\\\/qt\\\/ukraina-yuqari-surasi-milliy-mensupligi-boyunca-surgun-etilgen-sahislarnin-aqlarini-gayridan-tiklev-aqqinda-ukraina-qanuninin-leyhasini-birinci-oqulista-qabul-etti\\\/#respond\"]}]},{\"@type\":\"WebPage\",\"@id\":\"https:\\\/\\\/qtmm.org\\\/qt\\\/ukraina-yuqari-surasi-milliy-mensupligi-boyunca-surgun-etilgen-sahislarnin-aqlarini-gayridan-tiklev-aqqinda-ukraina-qanuninin-leyhasini-birinci-oqulista-qabul-etti\\\/\",\"url\":\"https:\\\/\\\/qtmm.org\\\/qt\\\/ukraina-yuqari-surasi-milliy-mensupligi-boyunca-surgun-etilgen-sahislarnin-aqlarini-gayridan-tiklev-aqqinda-ukraina-qanuninin-leyhasini-birinci-oqulista-qabul-etti\\\/\",\"name\":\"Ukraina Yuqar\u0131 \u015euras\u0131 \u00abMilliy mens\u00fcpligi boyunca s\u00fcrg\u00fcn etilgen \u015fah\u0131slarn\u0131\u00f1 aqlar\u0131n\u0131 \u011fayr\u0131dan tiklev aqq\u0131nda\u00bb Ukraina qanun\u0131n\u0131\u00f1 leyhas\u0131n\u0131 birinci oqul\u0131\u015fta qabul etti - \u041c\u0435\u0434\u0436\u043b\u0456\u0441\",\"isPartOf\":{\"@id\":\"https:\\\/\\\/qtmm.org\\\/qt\\\/#website\"},\"datePublished\":\"2012-06-20T18:32:00+00:00\",\"dateModified\":\"2022-01-21T18:32:34+00:00\",\"breadcrumb\":{\"@id\":\"https:\\\/\\\/qtmm.org\\\/qt\\\/ukraina-yuqari-surasi-milliy-mensupligi-boyunca-surgun-etilgen-sahislarnin-aqlarini-gayridan-tiklev-aqqinda-ukraina-qanuninin-leyhasini-birinci-oqulista-qabul-etti\\\/#breadcrumb\"},\"inLanguage\":\"qt\",\"potentialAction\":[{\"@type\":\"ReadAction\",\"target\":[\"https:\\\/\\\/qtmm.org\\\/qt\\\/ukraina-yuqari-surasi-milliy-mensupligi-boyunca-surgun-etilgen-sahislarnin-aqlarini-gayridan-tiklev-aqqinda-ukraina-qanuninin-leyhasini-birinci-oqulista-qabul-etti\\\/\"]}]},{\"@type\":\"BreadcrumbList\",\"@id\":\"https:\\\/\\\/qtmm.org\\\/qt\\\/ukraina-yuqari-surasi-milliy-mensupligi-boyunca-surgun-etilgen-sahislarnin-aqlarini-gayridan-tiklev-aqqinda-ukraina-qanuninin-leyhasini-birinci-oqulista-qabul-etti\\\/#breadcrumb\",\"itemListElement\":[{\"@type\":\"ListItem\",\"position\":1,\"name\":\"\u0413\u043e\u043b\u043e\u0432\u043d\u0430\",\"item\":\"https:\\\/\\\/qtmm.org\\\/qt\\\/\"},{\"@type\":\"ListItem\",\"position\":2,\"name\":\"Ukraina Yuqar\u0131 \u015euras\u0131 \u00abMilliy mens\u00fcpligi boyunca s\u00fcrg\u00fcn etilgen \u015fah\u0131slarn\u0131\u00f1 aqlar\u0131n\u0131 \u011fayr\u0131dan tiklev aqq\u0131nda\u00bb Ukraina qanun\u0131n\u0131\u00f1 leyhas\u0131n\u0131 birinci oqul\u0131\u015fta qabul etti\"}]},{\"@type\":\"WebSite\",\"@id\":\"https:\\\/\\\/qtmm.org\\\/qt\\\/#website\",\"url\":\"https:\\\/\\\/qtmm.org\\\/qt\\\/\",\"name\":\"\u041c\u0435\u0434\u0436\u043b\u0456\u0441\",\"description\":\"\",\"publisher\":{\"@id\":\"https:\\\/\\\/qtmm.org\\\/qt\\\/#organization\"},\"potentialAction\":[{\"@type\":\"SearchAction\",\"target\":{\"@type\":\"EntryPoint\",\"urlTemplate\":\"https:\\\/\\\/qtmm.org\\\/qt\\\/?s={search_term_string}\"},\"query-input\":{\"@type\":\"PropertyValueSpecification\",\"valueRequired\":true,\"valueName\":\"search_term_string\"}}],\"inLanguage\":\"qt\"},{\"@type\":\"Organization\",\"@id\":\"https:\\\/\\\/qtmm.org\\\/qt\\\/#organization\",\"name\":\"\u041c\u0435\u0434\u0436\u043b\u0456\u0441\",\"url\":\"https:\\\/\\\/qtmm.org\\\/qt\\\/\",\"logo\":{\"@type\":\"ImageObject\",\"inLanguage\":\"qt\",\"@id\":\"https:\\\/\\\/qtmm.org\\\/qt\\\/#\\\/schema\\\/logo\\\/image\\\/\",\"url\":\"https:\\\/\\\/qtmm.org\\\/wp-content\\\/uploads\\\/2024\\\/12\\\/ua-mejlis-logo-rgb.svg\",\"contentUrl\":\"https:\\\/\\\/qtmm.org\\\/wp-content\\\/uploads\\\/2024\\\/12\\\/ua-mejlis-logo-rgb.svg\",\"caption\":\"\u041c\u0435\u0434\u0436\u043b\u0456\u0441\"},\"image\":{\"@id\":\"https:\\\/\\\/qtmm.org\\\/qt\\\/#\\\/schema\\\/logo\\\/image\\\/\"},\"sameAs\":[\"https:\\\/\\\/www.facebook.com\\\/qtmm.info\\\/\"]},{\"@type\":\"Person\",\"@id\":\"https:\\\/\\\/qtmm.org\\\/qt\\\/#\\\/schema\\\/person\\\/de562469f971dec226ac06e60bbf74a7\",\"name\":\"Developer\",\"image\":{\"@type\":\"ImageObject\",\"inLanguage\":\"qt\",\"@id\":\"https:\\\/\\\/secure.gravatar.com\\\/avatar\\\/392b4cc8fbfeb00b39dfeeab4ee6edded39ffd48e25858637e4765810300227e?s=96&d=mm&r=g\",\"url\":\"https:\\\/\\\/secure.gravatar.com\\\/avatar\\\/392b4cc8fbfeb00b39dfeeab4ee6edded39ffd48e25858637e4765810300227e?s=96&d=mm&r=g\",\"contentUrl\":\"https:\\\/\\\/secure.gravatar.com\\\/avatar\\\/392b4cc8fbfeb00b39dfeeab4ee6edded39ffd48e25858637e4765810300227e?s=96&d=mm&r=g\",\"caption\":\"Developer\"},\"url\":\"https:\\\/\\\/qtmm.org\\\/qt\\\/author\\\/Developer\\\/\"}]}<\/script>\n<!-- \/ Yoast SEO plugin. -->","yoast_head_json":{"title":"Ukraina Yuqar\u0131 \u015euras\u0131 \u00abMilliy mens\u00fcpligi boyunca s\u00fcrg\u00fcn etilgen \u015fah\u0131slarn\u0131\u00f1 aqlar\u0131n\u0131 \u011fayr\u0131dan tiklev aqq\u0131nda\u00bb Ukraina qanun\u0131n\u0131\u00f1 leyhas\u0131n\u0131 birinci oqul\u0131\u015fta qabul etti - \u041c\u0435\u0434\u0436\u043b\u0456\u0441","robots":{"index":"index","follow":"follow","max-snippet":"max-snippet:-1","max-image-preview":"max-image-preview:large","max-video-preview":"max-video-preview:-1"},"canonical":"https:\/\/qtmm.org\/qt\/ukraina-yuqari-surasi-milliy-mensupligi-boyunca-surgun-etilgen-sahislarnin-aqlarini-gayridan-tiklev-aqqinda-ukraina-qanuninin-leyhasini-birinci-oqulista-qabul-etti\/","og_locale":"en_US","og_type":"article","og_title":"Ukraina Yuqar\u0131 \u015euras\u0131 \u00abMilliy mens\u00fcpligi boyunca s\u00fcrg\u00fcn etilgen \u015fah\u0131slarn\u0131\u00f1 aqlar\u0131n\u0131 \u011fayr\u0131dan tiklev aqq\u0131nda\u00bb Ukraina qanun\u0131n\u0131\u00f1 leyhas\u0131n\u0131 birinci oqul\u0131\u015fta qabul etti - \u041c\u0435\u0434\u0436\u043b\u0456\u0441","og_description":"2012 senesi iy\u00fcn 20-de Ukraina Yuqar\u0131 \u015euras\u0131 \u201cMilliy mens\u00fcpligi boyunca s\u00fcrg\u00fcn etilgen \u015fah\u0131slarn\u0131\u00f1 aqlar\u0131n\u0131 \u011fayr\u0131dan tiklev aqq\u0131nda&#8221; Ukraina qanun\u0131n\u0131\u00f1 leyhas\u0131 i\u00e7\u00fcn rey berilgende m\u00fcsbet qarar alma\u011fa c\u00fcrat etti. Parlamentni\u00f1 sessiyalar salon\u0131nda cedvelge al\u0131n\u011fan 420 nefer Ukraina halq deputat\u0131ndan 356-s\u0131 Q\u0131r\u0131mtatar halq\u0131 Meclisini\u00f1 reisi, Ukraina halq deputat\u0131 Mustafa Cemilev m\u00fcellifi ol\u011fan \u2116 5515 Qanun leyhas\u0131na qoltutt\u0131&nbsp; [&hellip;]","og_url":"https:\/\/qtmm.org\/qt\/ukraina-yuqari-surasi-milliy-mensupligi-boyunca-surgun-etilgen-sahislarnin-aqlarini-gayridan-tiklev-aqqinda-ukraina-qanuninin-leyhasini-birinci-oqulista-qabul-etti\/","og_site_name":"\u041c\u0435\u0434\u0436\u043b\u0456\u0441","article_publisher":"https:\/\/www.facebook.com\/qtmm.info\/","article_published_time":"2012-06-20T18:32:00+00:00","article_modified_time":"2022-01-21T18:32:34+00:00","author":"Developer","twitter_card":"summary_large_image","twitter_misc":{"Written by":"Developer","Est. reading time":"1 minute"},"schema":{"@context":"https:\/\/schema.org","@graph":[{"@type":"Article","@id":"https:\/\/qtmm.org\/qt\/ukraina-yuqari-surasi-milliy-mensupligi-boyunca-surgun-etilgen-sahislarnin-aqlarini-gayridan-tiklev-aqqinda-ukraina-qanuninin-leyhasini-birinci-oqulista-qabul-etti\/#article","isPartOf":{"@id":"https:\/\/qtmm.org\/qt\/ukraina-yuqari-surasi-milliy-mensupligi-boyunca-surgun-etilgen-sahislarnin-aqlarini-gayridan-tiklev-aqqinda-ukraina-qanuninin-leyhasini-birinci-oqulista-qabul-etti\/"},"author":{"name":"Developer","@id":"https:\/\/qtmm.org\/qt\/#\/schema\/person\/de562469f971dec226ac06e60bbf74a7"},"headline":"Ukraina Yuqar\u0131 \u015euras\u0131 \u00abMilliy mens\u00fcpligi boyunca s\u00fcrg\u00fcn etilgen \u015fah\u0131slarn\u0131\u00f1 aqlar\u0131n\u0131 \u011fayr\u0131dan tiklev aqq\u0131nda\u00bb Ukraina qanun\u0131n\u0131\u00f1 leyhas\u0131n\u0131 birinci oqul\u0131\u015fta qabul etti","datePublished":"2012-06-20T18:32:00+00:00","dateModified":"2022-01-21T18:32:34+00:00","mainEntityOfPage":{"@id":"https:\/\/qtmm.org\/qt\/ukraina-yuqari-surasi-milliy-mensupligi-boyunca-surgun-etilgen-sahislarnin-aqlarini-gayridan-tiklev-aqqinda-ukraina-qanuninin-leyhasini-birinci-oqulista-qabul-etti\/"},"wordCount":212,"commentCount":0,"publisher":{"@id":"https:\/\/qtmm.org\/qt\/#organization"},"articleSection":["Haberler"],"inLanguage":"qt","potentialAction":[{"@type":"CommentAction","name":"Comment","target":["https:\/\/qtmm.org\/qt\/ukraina-yuqari-surasi-milliy-mensupligi-boyunca-surgun-etilgen-sahislarnin-aqlarini-gayridan-tiklev-aqqinda-ukraina-qanuninin-leyhasini-birinci-oqulista-qabul-etti\/#respond"]}]},{"@type":"WebPage","@id":"https:\/\/qtmm.org\/qt\/ukraina-yuqari-surasi-milliy-mensupligi-boyunca-surgun-etilgen-sahislarnin-aqlarini-gayridan-tiklev-aqqinda-ukraina-qanuninin-leyhasini-birinci-oqulista-qabul-etti\/","url":"https:\/\/qtmm.org\/qt\/ukraina-yuqari-surasi-milliy-mensupligi-boyunca-surgun-etilgen-sahislarnin-aqlarini-gayridan-tiklev-aqqinda-ukraina-qanuninin-leyhasini-birinci-oqulista-qabul-etti\/","name":"Ukraina Yuqar\u0131 \u015euras\u0131 \u00abMilliy mens\u00fcpligi boyunca s\u00fcrg\u00fcn etilgen \u015fah\u0131slarn\u0131\u00f1 aqlar\u0131n\u0131 \u011fayr\u0131dan tiklev aqq\u0131nda\u00bb Ukraina qanun\u0131n\u0131\u00f1 leyhas\u0131n\u0131 birinci oqul\u0131\u015fta qabul etti - \u041c\u0435\u0434\u0436\u043b\u0456\u0441","isPartOf":{"@id":"https:\/\/qtmm.org\/qt\/#website"},"datePublished":"2012-06-20T18:32:00+00:00","dateModified":"2022-01-21T18:32:34+00:00","breadcrumb":{"@id":"https:\/\/qtmm.org\/qt\/ukraina-yuqari-surasi-milliy-mensupligi-boyunca-surgun-etilgen-sahislarnin-aqlarini-gayridan-tiklev-aqqinda-ukraina-qanuninin-leyhasini-birinci-oqulista-qabul-etti\/#breadcrumb"},"inLanguage":"qt","potentialAction":[{"@type":"ReadAction","target":["https:\/\/qtmm.org\/qt\/ukraina-yuqari-surasi-milliy-mensupligi-boyunca-surgun-etilgen-sahislarnin-aqlarini-gayridan-tiklev-aqqinda-ukraina-qanuninin-leyhasini-birinci-oqulista-qabul-etti\/"]}]},{"@type":"BreadcrumbList","@id":"https:\/\/qtmm.org\/qt\/ukraina-yuqari-surasi-milliy-mensupligi-boyunca-surgun-etilgen-sahislarnin-aqlarini-gayridan-tiklev-aqqinda-ukraina-qanuninin-leyhasini-birinci-oqulista-qabul-etti\/#breadcrumb","itemListElement":[{"@type":"ListItem","position":1,"name":"\u0413\u043e\u043b\u043e\u0432\u043d\u0430","item":"https:\/\/qtmm.org\/qt\/"},{"@type":"ListItem","position":2,"name":"Ukraina Yuqar\u0131 \u015euras\u0131 \u00abMilliy mens\u00fcpligi boyunca s\u00fcrg\u00fcn etilgen \u015fah\u0131slarn\u0131\u00f1 aqlar\u0131n\u0131 \u011fayr\u0131dan tiklev aqq\u0131nda\u00bb Ukraina qanun\u0131n\u0131\u00f1 leyhas\u0131n\u0131 birinci oqul\u0131\u015fta qabul etti"}]},{"@type":"WebSite","@id":"https:\/\/qtmm.org\/qt\/#website","url":"https:\/\/qtmm.org\/qt\/","name":"\u041c\u0435\u0434\u0436\u043b\u0456\u0441","description":"","publisher":{"@id":"https:\/\/qtmm.org\/qt\/#organization"},"potentialAction":[{"@type":"SearchAction","target":{"@type":"EntryPoint","urlTemplate":"https:\/\/qtmm.org\/qt\/?s={search_term_string}"},"query-input":{"@type":"PropertyValueSpecification","valueRequired":true,"valueName":"search_term_string"}}],"inLanguage":"qt"},{"@type":"Organization","@id":"https:\/\/qtmm.org\/qt\/#organization","name":"\u041c\u0435\u0434\u0436\u043b\u0456\u0441","url":"https:\/\/qtmm.org\/qt\/","logo":{"@type":"ImageObject","inLanguage":"qt","@id":"https:\/\/qtmm.org\/qt\/#\/schema\/logo\/image\/","url":"https:\/\/qtmm.org\/wp-content\/uploads\/2024\/12\/ua-mejlis-logo-rgb.svg","contentUrl":"https:\/\/qtmm.org\/wp-content\/uploads\/2024\/12\/ua-mejlis-logo-rgb.svg","caption":"\u041c\u0435\u0434\u0436\u043b\u0456\u0441"},"image":{"@id":"https:\/\/qtmm.org\/qt\/#\/schema\/logo\/image\/"},"sameAs":["https:\/\/www.facebook.com\/qtmm.info\/"]},{"@type":"Person","@id":"https:\/\/qtmm.org\/qt\/#\/schema\/person\/de562469f971dec226ac06e60bbf74a7","name":"Developer","image":{"@type":"ImageObject","inLanguage":"qt","@id":"https:\/\/secure.gravatar.com\/avatar\/392b4cc8fbfeb00b39dfeeab4ee6edded39ffd48e25858637e4765810300227e?s=96&d=mm&r=g","url":"https:\/\/secure.gravatar.com\/avatar\/392b4cc8fbfeb00b39dfeeab4ee6edded39ffd48e25858637e4765810300227e?s=96&d=mm&r=g","contentUrl":"https:\/\/secure.gravatar.com\/avatar\/392b4cc8fbfeb00b39dfeeab4ee6edded39ffd48e25858637e4765810300227e?s=96&d=mm&r=g","caption":"Developer"},"url":"https:\/\/qtmm.org\/qt\/author\/Developer\/"}]}},"_links":{"self":[{"href":"https:\/\/qtmm.org\/qt\/wp-json\/wp\/v2\/posts\/31954","targetHints":{"allow":["GET"]}}],"collection":[{"href":"https:\/\/qtmm.org\/qt\/wp-json\/wp\/v2\/posts"}],"about":[{"href":"https:\/\/qtmm.org\/qt\/wp-json\/wp\/v2\/types\/post"}],"author":[{"embeddable":true,"href":"https:\/\/qtmm.org\/qt\/wp-json\/wp\/v2\/users\/1"}],"replies":[{"embeddable":true,"href":"https:\/\/qtmm.org\/qt\/wp-json\/wp\/v2\/comments?post=31954"}],"version-history":[{"count":1,"href":"https:\/\/qtmm.org\/qt\/wp-json\/wp\/v2\/posts\/31954\/revisions"}],"predecessor-version":[{"id":31955,"href":"https:\/\/qtmm.org\/qt\/wp-json\/wp\/v2\/posts\/31954\/revisions\/31955"}],"wp:attachment":[{"href":"https:\/\/qtmm.org\/qt\/wp-json\/wp\/v2\/media?parent=31954"}],"wp:term":[{"taxonomy":"category","embeddable":true,"href":"https:\/\/qtmm.org\/qt\/wp-json\/wp\/v2\/categories?post=31954"},{"taxonomy":"post_tag","embeddable":true,"href":"https:\/\/qtmm.org\/qt\/wp-json\/wp\/v2\/tags?post=31954"}],"curies":[{"name":"wp","href":"https:\/\/api.w.org\/{rel}","templated":true}]}}