




{"id":31935,"date":"2012-06-20T21:30:00","date_gmt":"2012-06-20T18:30:00","guid":{"rendered":"http:\/\/qtmm.org\/?p=31935"},"modified":"2022-01-21T21:32:02","modified_gmt":"2022-01-21T18:32:02","slug":"qirimda-halqara-pen-klub-ural-altay-pen-merkezleri-aglarinin-halqara-konferentsiyasi-olip-kecti","status":"publish","type":"post","link":"https:\/\/qtmm.org\/qt\/qirimda-halqara-pen-klub-ural-altay-pen-merkezleri-aglarinin-halqara-konferentsiyasi-olip-kecti\/","title":{"rendered":"Q\u0131r\u0131mda Halqara PEN klub Ural-Altay PEN merkezleri a\u011flar\u0131n\u0131\u00f1 halqara konferentsiyas\u0131 ol\u0131p ke\u00e7ti"},"content":{"rendered":"\n<p>18 &#8211; 19 iy\u00fcn k\u00fcnleri Q\u0131r\u0131mda Uy\u011fur PEN klub\u0131 te\u015fkil etken Halqara PEN klub Ural-Altay PEN merkezleri a\u011flar\u0131n\u0131\u00f1 &#8220;Edebiy tercime ve milliy cemiyetler \u2013 insann\u0131\u00f1 regionda til uquq\u0131&#8221; mevzus\u0131nda IV halqara konferentsiyas\u0131 \u00f6tkerildi.<\/p>\n\n\n\n<p>On\u0131\u00f1 i\u015finde Halqara PEN klub reisi cenap Con Ralston Soul, Halqara PEN klub k\u00e2tibi G\u00f6ri Takeaki ve Halqara PEN klub Ural-Altay PEN merkezleri a\u011flar\u0131n\u0131\u00f1 terkibindeki 11 milliy PEN merkezlerni\u00f1 vekilleri i\u015ftirak ettiler.<\/p>\n\n\n\n<p>Halqara konferentsiyan\u0131 Uy\u011fun PEN merkezini\u00f1 prezidenti Hayser Abdurasul Ozgun ve Yapon PEN merkezi ofisini\u00f1 direktor\u0131 \u0130de Tsutomu al\u0131p bard\u0131lar.<\/p>\n\n\n\n<p>Q\u0131r\u0131mtatar yaz\u0131c\u0131lar birligini\u00f1 azalar\u0131 Halqara konferentsiyada musafir s\u0131fat\u0131nda i\u015ftirak ettiler.<\/p>\n\n\n\n<p>Halqara PEN klub Ural-Altay PEN merkezleri a\u011flar\u0131n\u0131\u00f1 IV Halqara konferentsiyas\u0131n\u0131\u00f1 Q\u0131r\u0131mda ke\u00e7irilmesine yard\u0131m etken Q\u0131r\u0131mtatar halq\u0131n\u0131\u00f1 Meclisini konferentsiyada Meclisni\u00f1 informatsion siyaset ve cemaat te\u015fkil\u00e2tlar\u0131nen ayaqalalar idaresini\u00f1 ba\u015f\u0131 \u015eevket Qaybullayev, Meclis K\u00e2tibiyetini\u00f1 ba\u015f\u0131 Zair Smedl\u00e2yev ve t\u0131\u015fq\u0131 al\u00e2qalar b\u00f6l\u00fcgini\u00f1 m\u00fcdiri Ali Hamzin temsil ettiler.<\/p>\n\n\n\n<p>Halqara konferentsiyan\u0131\u00f1 tantanal\u0131 a\u00e7\u0131l\u0131\u015f\u0131 ve birinci i\u015f k\u00fcn\u00fc Devlet Saray tarih-mimarl\u0131q komplesini\u00f1 i\u00e7inde yerle\u015fken &#8220;Lari\u015fes&#8221; Q\u0131r\u0131m tarih\u0131 m\u00fczeyini\u00f1 binas\u0131nda ke\u00e7ti.<\/p>\n\n\n\n<figure class=\"wp-block-image size-full\"><img loading=\"lazy\" decoding=\"async\" width=\"650\" height=\"500\" src=\"http:\/\/qtmm.org\/wp-content\/uploads\/2022\/01\/1_53.jpeg\" alt=\"\" class=\"wp-image-31940\" srcset=\"https:\/\/qtmm.org\/wp-content\/uploads\/2022\/01\/1_53.jpeg 650w, https:\/\/qtmm.org\/wp-content\/uploads\/2022\/01\/1_53-300x231.jpeg 300w\" sizes=\"auto, (max-width: 650px) 100vw, 650px\" \/><\/figure>\n\n\n\n<p>Halqara konferentsiyan\u0131\u00f1 i\u015ftirak\u00e7ilerini Halqara PEN klub prezidenti Con Ralston Soul, Q\u0131r\u0131mtatar halq\u0131 Meclisini\u00f1 reisi , Ukraina halq deputat\u0131 Mustafa Cemilev ve B\u00fct\u00fcnd\u00fcnya q\u0131r\u0131mtatarlar kongressini\u00f1 Prezidenti, Q\u0131r\u0131m Yuqar\u0131 \u015euras\u0131n\u0131\u00f1 deputat\u0131 Refat \u00c7ubarov sel\u00e2mlad\u0131lar.<\/p>\n\n\n\n<p>\u015eu k\u00fcnni\u00f1 \u00f6z\u00fcnde maruzalarnen Halqara PEN klub Prezidenti Con Ralston Soul (Kanada), Halqara PEN klub k\u00e2tibi G\u00f6ri Takeaki (Yaponiya), Merkeziy Asiya PEN klub Prezidenti, stsenariyci ve kinorejiss\u00f6r Dalmira Tilepbergenova (Q\u0131r\u011f\u0131zstan), Koreya PEN klub Prezidenti, belli k\u00f6reys \u015fairi LEYE Gil-Von (Koreya), Tatar Pen klub k\u00e2tibi Ahat M\u00fc\u015finski (Rusiye), Uy\u011fur PEN merkezini\u00f1 direktor\u0131 Hayser Abdurasul Ozgun (\u0130sve\u00e7re), Finl\u00e2ndiya PEN merkez Prezidenti Jarko Tonti (Finl\u00e2ndiya), Va\u015fingtonda Radio Free Asia (RFA) uy\u011fur muarririyetini\u00f1 m\u00fcdiri Dulkun Kamberi (AQ\u015e) ve digerleri \u00e7\u0131q\u0131\u015fta bulund\u0131lar.<\/p>\n\n\n\n<p>Konferentsiyan\u0131\u00f1 resmiy q\u0131sm\u0131ndan so\u00f1 delegatlar Devlet Saray kompleksinen tan\u0131\u015f ol\u0131p, t\u00fcrk d\u00fcnyas\u0131n\u0131\u00f1 b\u00fcy\u00fck m\u00fctefekkiri \u0130smail Gaspral\u0131 qabirini ziyaret ettiler. Tenef\u00fcs vaqt\u0131nda ise konferentsiya i\u015ftirak\u00e7ileri \u00f6g\u00fcnde &#8220;Q\u0131r\u0131m&#8221; folklor ansamblini\u00f1 artistleri milliy y\u0131r ve oyunlarn\u0131 icra ettiler.<\/p>\n\n\n\n<p>19 iy\u00fcn k\u00fcn\u00fc Halqara konferentsiya \u00f6z i\u015fini Aqmescitte &#8220;Moskva&#8221; mu\u015favereler salon\u0131nda devam etti. O k\u00fcn\u00fc tillerara m\u00fcitte ana tilleri inki\u015faf\u0131n\u0131\u00f1 vaziyeti ve istiqballerine, eyedbiy tercime vastas\u0131nen halqlarn\u0131\u00f1 biri-birilerini a\u00f1lamalar\u0131 zaruriyetine dair meseleler boyunca maruzalar di\u00f1lendi ve muzakere etildi.<\/p>\n\n\n\n<p>\u00c7\u0131q\u0131\u015fta bulun\u011fanlarn\u0131\u00f1 \u00e7oqus\u0131 \u015fun\u0131 qayd ettiler ki, tam\u0131r halqlarn\u0131\u00f1 \u00f6z tillerinden qullanmalar\u0131 i\u00e7\u00fcn imk\u00e2n yoq, devlet de tam\u0131r halqlarn\u0131\u00f1 tillerine nisbeten musaviy siyasette bulunmay, milliy matbuat vastalar\u0131n\u0131\u00f1 inki\u015faf\u0131na, milliy tasil mekteplerine destek bermey.<\/p>\n\n\n\n<figure class=\"wp-block-image size-full\"><img loading=\"lazy\" decoding=\"async\" width=\"650\" height=\"310\" src=\"http:\/\/qtmm.org\/wp-content\/uploads\/2022\/01\/3_34.jpeg\" alt=\"\" class=\"wp-image-31945\" srcset=\"https:\/\/qtmm.org\/wp-content\/uploads\/2022\/01\/3_34.jpeg 650w, https:\/\/qtmm.org\/wp-content\/uploads\/2022\/01\/3_34-300x143.jpeg 300w\" sizes=\"auto, (max-width: 650px) 100vw, 650px\" \/><\/figure>\n\n\n\n<p>Temsil ettigi halqlar\u0131n\u0131\u00f1 vaziyetini talil eterken, \u00e7\u0131q\u0131\u015fta bulun\u011fanlar devletler tam\u0131r halqlar ve milliy azl\u0131qlarn\u0131\u00f1 til uquqlar\u0131 saas\u0131nda halqara uquq normalar\u0131na riayet etmek kerekligini ur\u011fulad\u0131lar.<\/p>\n\n\n\n<p>Tavriya Milliy Universiteti Q\u0131r\u0131mtatar ve \u015farq filologiyas\u0131 fakulteti q\u0131r\u0131mtatar edebiyat\u0131 kafedras\u0131n\u0131\u00f1 m\u00fcdiri \u015eevket Yunusov konferentsiyada taqdim etken &#8220;Q\u0131r\u0131mtatar halq\u0131 tasilini\u00f1 problemleri aqq\u0131nda&#8221; maruzas\u0131nda q\u0131r\u0131mtatar tilini\u00f1 vaziyeti esapqa al\u0131nma\u011fan ve on\u0131\u00f1 \u011fayr\u0131dan tiklev boyunca acele \u00e7areler k\u00f6r\u00fclmegen Ukraina tasil sistemas\u0131n\u0131\u00f1 isl\u00e2at\u0131 \u015faraitinde q\u0131r\u0131mtatarlarn\u0131\u00f1 tili assimil\u00e2tsiya tel\u00fckesi alt\u0131nda qalacaq, dep qayd etti.<\/p>\n\n\n\n<p>\u015eevket Yunusovn\u0131\u00f1 bildirgenine k\u00f6re Q\u0131r\u0131mda ancaq 15 milliy mektep a\u00e7\u0131lmas\u0131 bu ciddiy meseleni \u00e7ezip olamaz, \u00e7\u00fcnki q\u0131r\u0131mtatar talebelerini\u00f1 episini qavramay.<\/p>\n\n\n\n<p>\u00d6z maruzas\u0131nda \u015eevket Yunusov &#8220;Maarif\u00e7i&#8221; q\u0131r\u0131mtatar tasil hadimleri birle\u015fmesini\u00f1 q\u0131r\u0131mtatar tilinde tasilni \u011fayr\u0131dan tiklev o\u011frunda \u00e7e\u015f\u00e7it halqara vaquf ve te\u015fkil\u00e2tlarnen i\u015fbirlikte k\u00f6stergen faaliyeti aqq\u0131nda da aytt\u0131.<\/p>\n\n\n\n<p>&#8220;Q\u0131r\u0131m&#8221; gazetas\u0131n\u0131\u00f1 ba\u015f muarriri Bekir Mamutov q\u0131r\u0131mtatar tilinde ne\u015firlerni\u00f1 vaziyetinde toqtald\u0131. On\u0131\u00f1 aytqan\u0131na k\u00f6re, bu vaziyetke \u011fayet ac\u0131n\u0131ql\u0131 dep q\u0131ymet kesmeli, \u00e7\u00fcnki bug\u00fcnde-bug\u00fcn eki q\u0131r\u0131mtatar gazetlerini\u00f1 birisi &#8220;Ya\u00f1\u0131 d\u00fcnya&#8221; aftada 1 kere, &#8220;Q\u0131r\u0131m&#8221; ise \u2013 2 kere \u00e7\u0131q\u0131p, 1883 senesinden 1918 y\u0131l\u0131na qadar \u00e7\u0131qqan \u0130. Gasprinskiyni\u00f1 &#8220;Terciman&#8221;\u0131nen i\u00e7 te\u00f1e\u015fip olamaylar.<\/p>\n\n\n\n<figure class=\"wp-block-image size-full\"><img loading=\"lazy\" decoding=\"async\" width=\"654\" height=\"429\" src=\"http:\/\/qtmm.org\/wp-content\/uploads\/2022\/01\/4_33.jpeg\" alt=\"\" class=\"wp-image-31949\" srcset=\"https:\/\/qtmm.org\/wp-content\/uploads\/2022\/01\/4_33.jpeg 654w, https:\/\/qtmm.org\/wp-content\/uploads\/2022\/01\/4_33-300x197.jpeg 300w\" sizes=\"auto, (max-width: 654px) 100vw, 654px\" \/><\/figure>\n\n\n\n<p>Q\u0131r\u0131mtatar yaz\u0131c\u0131lar birligini\u00f1 k\u00e2tibi, &#8220;Y\u0131ld\u0131z&#8221; mecmuas\u0131n\u0131\u00f1 ba\u015f muarriri Dil\u00e2ver Osmanov konferentsiya i\u015ftirak\u00e7ilerine q\u0131r\u0131mtatar edebiyat\u0131n\u0131\u00f1 bug\u00fcnki vaziyeti aqq\u0131nda ayt\u0131rken, q\u0131r\u0131mtatar edebiyat\u0131na gen\u00e7 edipler ana tilini zay\u0131f bilmeleri sebebinden qo\u015fulmas\u0131 m\u00fcrekkep olsa, q\u0131r\u0131mtatar yaz\u0131c\u0131lar birligi ya\u015f \u015fair ve yaz\u0131c\u0131larn\u0131 celp etmek i\u00e7\u00fcn imk\u00e2n\u0131 olduq\u00e7a areket etkenini qayd etti.<\/p>\n\n\n\n<p>Halqara PEN klub Ural-Altay PEN merkezleri a\u011flar\u0131n\u0131\u00f1 halqara konferentsiyas\u0131n\u0131\u00f1 neticelerine yek\u00fcn \u00e7ekilgende i\u015ftirak\u00e7ilerge k\u00fcn evel teklif olun\u011fan vesiqalarn\u0131\u00f1 leyhalar\u0131 boyunca fikir payla\u015f\u0131l\u0131p, muzakereden so\u00f1 konferentsiyan\u0131\u00f1 resmiy vesiqalar\u0131 olaraq qabul etildiler.<\/p>\n\n\n\n<p>Halqara konferentsiya i\u015ftirak\u00e7ileri maqullegen eki qararn\u0131\u00f1 birisi q\u0131r\u0131mtatar tilini\u00f1 vaziyetine dair 9 maddeden ibaret mahsus qarard\u0131r.<\/p>\n\n\n\n<p>Halqara PEN klub Prezidenti cenap Con Ralston Soul qayd etkeni kibi, q\u0131r\u0131mtatar tili boyunca qabul etilgen qarar cemi milliy PEN merkezlerine yollan\u0131lacaq ki, 2012 senesi okt\u00e2br ay\u0131nda Seulda \u00f6tkerilecek PEN merkezler halqara kongressinde ayr\u0131ca qarur \u015feklinde qabul etilsin.<\/p>\n","protected":false},"excerpt":{"rendered":"<p>18 &#8211; 19 iy\u00fcn k\u00fcnleri Q\u0131r\u0131mda Uy\u011fur PEN klub\u0131 te\u015fkil etken Halqara PEN klub Ural-Altay PEN merkezleri a\u011flar\u0131n\u0131\u00f1 &#8220;Edebiy tercime ve milliy cemiyetler \u2013 insann\u0131\u00f1 regionda til uquq\u0131&#8221; mevzus\u0131nda IV halqara konferentsiyas\u0131 \u00f6tkerildi. On\u0131\u00f1 i\u015finde Halqara PEN klub reisi cenap Con Ralston Soul, Halqara PEN klub k\u00e2tibi G\u00f6ri Takeaki ve Halqara PEN klub Ural-Altay PEN [&hellip;]<\/p>\n","protected":false},"author":1,"featured_media":31936,"comment_status":"open","ping_status":"open","sticky":false,"template":"","format":"standard","meta":{"inline_featured_image":false,"footnotes":""},"categories":[265],"tags":[],"class_list":["post-31935","post","type-post","status-publish","format-standard","has-post-thumbnail","hentry","category-haberler"],"acf":[],"yoast_head":"<!-- This site is optimized with the Yoast SEO plugin v27.4 - https:\/\/yoast.com\/product\/yoast-seo-wordpress\/ -->\n<title>Q\u0131r\u0131mda Halqara PEN klub Ural-Altay PEN merkezleri a\u011flar\u0131n\u0131\u00f1 halqara konferentsiyas\u0131 ol\u0131p ke\u00e7ti - \u041c\u0435\u0434\u0436\u043b\u0456\u0441<\/title>\n<meta name=\"robots\" content=\"index, follow, max-snippet:-1, max-image-preview:large, max-video-preview:-1\" \/>\n<link rel=\"canonical\" href=\"https:\/\/qtmm.org\/qt\/qirimda-halqara-pen-klub-ural-altay-pen-merkezleri-aglarinin-halqara-konferentsiyasi-olip-kecti\/\" \/>\n<meta property=\"og:locale\" content=\"en_US\" \/>\n<meta property=\"og:type\" content=\"article\" \/>\n<meta property=\"og:title\" content=\"Q\u0131r\u0131mda Halqara PEN klub Ural-Altay PEN merkezleri a\u011flar\u0131n\u0131\u00f1 halqara konferentsiyas\u0131 ol\u0131p ke\u00e7ti - \u041c\u0435\u0434\u0436\u043b\u0456\u0441\" \/>\n<meta property=\"og:description\" content=\"18 &#8211; 19 iy\u00fcn k\u00fcnleri Q\u0131r\u0131mda Uy\u011fur PEN klub\u0131 te\u015fkil etken Halqara PEN klub Ural-Altay PEN merkezleri a\u011flar\u0131n\u0131\u00f1 &#8220;Edebiy tercime ve milliy cemiyetler \u2013 insann\u0131\u00f1 regionda til uquq\u0131&#8221; mevzus\u0131nda IV halqara konferentsiyas\u0131 \u00f6tkerildi. On\u0131\u00f1 i\u015finde Halqara PEN klub reisi cenap Con Ralston Soul, Halqara PEN klub k\u00e2tibi G\u00f6ri Takeaki ve Halqara PEN klub Ural-Altay PEN [&hellip;]\" \/>\n<meta property=\"og:url\" content=\"https:\/\/qtmm.org\/qt\/qirimda-halqara-pen-klub-ural-altay-pen-merkezleri-aglarinin-halqara-konferentsiyasi-olip-kecti\/\" \/>\n<meta property=\"og:site_name\" content=\"\u041c\u0435\u0434\u0436\u043b\u0456\u0441\" \/>\n<meta property=\"article:publisher\" content=\"https:\/\/www.facebook.com\/qtmm.info\/\" \/>\n<meta property=\"article:published_time\" content=\"2012-06-20T18:30:00+00:00\" \/>\n<meta property=\"article:modified_time\" content=\"2022-01-21T18:32:02+00:00\" \/>\n<meta property=\"og:image\" content=\"https:\/\/qtmm.org\/wp-content\/uploads\/2022\/01\/2_55.jpeg\" \/>\n\t<meta property=\"og:image:width\" content=\"650\" \/>\n\t<meta property=\"og:image:height\" content=\"322\" \/>\n\t<meta property=\"og:image:type\" content=\"image\/jpeg\" \/>\n<meta name=\"author\" content=\"Developer\" \/>\n<meta name=\"twitter:card\" content=\"summary_large_image\" \/>\n<meta name=\"twitter:label1\" content=\"Written by\" \/>\n\t<meta name=\"twitter:data1\" content=\"Developer\" \/>\n\t<meta name=\"twitter:label2\" content=\"Est. reading time\" \/>\n\t<meta name=\"twitter:data2\" content=\"5 minutes\" \/>\n<script type=\"application\/ld+json\" class=\"yoast-schema-graph\">{\"@context\":\"https:\\\/\\\/schema.org\",\"@graph\":[{\"@type\":\"Article\",\"@id\":\"https:\\\/\\\/qtmm.org\\\/qt\\\/qirimda-halqara-pen-klub-ural-altay-pen-merkezleri-aglarinin-halqara-konferentsiyasi-olip-kecti\\\/#article\",\"isPartOf\":{\"@id\":\"https:\\\/\\\/qtmm.org\\\/qt\\\/qirimda-halqara-pen-klub-ural-altay-pen-merkezleri-aglarinin-halqara-konferentsiyasi-olip-kecti\\\/\"},\"author\":{\"name\":\"Developer\",\"@id\":\"https:\\\/\\\/qtmm.org\\\/qt\\\/#\\\/schema\\\/person\\\/de562469f971dec226ac06e60bbf74a7\"},\"headline\":\"Q\u0131r\u0131mda Halqara PEN klub Ural-Altay PEN merkezleri a\u011flar\u0131n\u0131\u00f1 halqara konferentsiyas\u0131 ol\u0131p ke\u00e7ti\",\"datePublished\":\"2012-06-20T18:30:00+00:00\",\"dateModified\":\"2022-01-21T18:32:02+00:00\",\"mainEntityOfPage\":{\"@id\":\"https:\\\/\\\/qtmm.org\\\/qt\\\/qirimda-halqara-pen-klub-ural-altay-pen-merkezleri-aglarinin-halqara-konferentsiyasi-olip-kecti\\\/\"},\"wordCount\":933,\"commentCount\":0,\"publisher\":{\"@id\":\"https:\\\/\\\/qtmm.org\\\/qt\\\/#organization\"},\"image\":{\"@id\":\"https:\\\/\\\/qtmm.org\\\/qt\\\/qirimda-halqara-pen-klub-ural-altay-pen-merkezleri-aglarinin-halqara-konferentsiyasi-olip-kecti\\\/#primaryimage\"},\"thumbnailUrl\":\"https:\\\/\\\/qtmm.org\\\/wp-content\\\/uploads\\\/2022\\\/01\\\/2_55.jpeg\",\"articleSection\":[\"Haberler\"],\"inLanguage\":\"qt\",\"potentialAction\":[{\"@type\":\"CommentAction\",\"name\":\"Comment\",\"target\":[\"https:\\\/\\\/qtmm.org\\\/qt\\\/qirimda-halqara-pen-klub-ural-altay-pen-merkezleri-aglarinin-halqara-konferentsiyasi-olip-kecti\\\/#respond\"]}]},{\"@type\":\"WebPage\",\"@id\":\"https:\\\/\\\/qtmm.org\\\/qt\\\/qirimda-halqara-pen-klub-ural-altay-pen-merkezleri-aglarinin-halqara-konferentsiyasi-olip-kecti\\\/\",\"url\":\"https:\\\/\\\/qtmm.org\\\/qt\\\/qirimda-halqara-pen-klub-ural-altay-pen-merkezleri-aglarinin-halqara-konferentsiyasi-olip-kecti\\\/\",\"name\":\"Q\u0131r\u0131mda Halqara PEN klub Ural-Altay PEN merkezleri a\u011flar\u0131n\u0131\u00f1 halqara konferentsiyas\u0131 ol\u0131p ke\u00e7ti - \u041c\u0435\u0434\u0436\u043b\u0456\u0441\",\"isPartOf\":{\"@id\":\"https:\\\/\\\/qtmm.org\\\/qt\\\/#website\"},\"primaryImageOfPage\":{\"@id\":\"https:\\\/\\\/qtmm.org\\\/qt\\\/qirimda-halqara-pen-klub-ural-altay-pen-merkezleri-aglarinin-halqara-konferentsiyasi-olip-kecti\\\/#primaryimage\"},\"image\":{\"@id\":\"https:\\\/\\\/qtmm.org\\\/qt\\\/qirimda-halqara-pen-klub-ural-altay-pen-merkezleri-aglarinin-halqara-konferentsiyasi-olip-kecti\\\/#primaryimage\"},\"thumbnailUrl\":\"https:\\\/\\\/qtmm.org\\\/wp-content\\\/uploads\\\/2022\\\/01\\\/2_55.jpeg\",\"datePublished\":\"2012-06-20T18:30:00+00:00\",\"dateModified\":\"2022-01-21T18:32:02+00:00\",\"breadcrumb\":{\"@id\":\"https:\\\/\\\/qtmm.org\\\/qt\\\/qirimda-halqara-pen-klub-ural-altay-pen-merkezleri-aglarinin-halqara-konferentsiyasi-olip-kecti\\\/#breadcrumb\"},\"inLanguage\":\"qt\",\"potentialAction\":[{\"@type\":\"ReadAction\",\"target\":[\"https:\\\/\\\/qtmm.org\\\/qt\\\/qirimda-halqara-pen-klub-ural-altay-pen-merkezleri-aglarinin-halqara-konferentsiyasi-olip-kecti\\\/\"]}]},{\"@type\":\"ImageObject\",\"inLanguage\":\"qt\",\"@id\":\"https:\\\/\\\/qtmm.org\\\/qt\\\/qirimda-halqara-pen-klub-ural-altay-pen-merkezleri-aglarinin-halqara-konferentsiyasi-olip-kecti\\\/#primaryimage\",\"url\":\"https:\\\/\\\/qtmm.org\\\/wp-content\\\/uploads\\\/2022\\\/01\\\/2_55.jpeg\",\"contentUrl\":\"https:\\\/\\\/qtmm.org\\\/wp-content\\\/uploads\\\/2022\\\/01\\\/2_55.jpeg\",\"width\":650,\"height\":322},{\"@type\":\"BreadcrumbList\",\"@id\":\"https:\\\/\\\/qtmm.org\\\/qt\\\/qirimda-halqara-pen-klub-ural-altay-pen-merkezleri-aglarinin-halqara-konferentsiyasi-olip-kecti\\\/#breadcrumb\",\"itemListElement\":[{\"@type\":\"ListItem\",\"position\":1,\"name\":\"\u0413\u043e\u043b\u043e\u0432\u043d\u0430\",\"item\":\"https:\\\/\\\/qtmm.org\\\/qt\\\/\"},{\"@type\":\"ListItem\",\"position\":2,\"name\":\"Q\u0131r\u0131mda Halqara PEN klub Ural-Altay PEN merkezleri a\u011flar\u0131n\u0131\u00f1 halqara konferentsiyas\u0131 ol\u0131p ke\u00e7ti\"}]},{\"@type\":\"WebSite\",\"@id\":\"https:\\\/\\\/qtmm.org\\\/qt\\\/#website\",\"url\":\"https:\\\/\\\/qtmm.org\\\/qt\\\/\",\"name\":\"\u041c\u0435\u0434\u0436\u043b\u0456\u0441\",\"description\":\"\",\"publisher\":{\"@id\":\"https:\\\/\\\/qtmm.org\\\/qt\\\/#organization\"},\"potentialAction\":[{\"@type\":\"SearchAction\",\"target\":{\"@type\":\"EntryPoint\",\"urlTemplate\":\"https:\\\/\\\/qtmm.org\\\/qt\\\/?s={search_term_string}\"},\"query-input\":{\"@type\":\"PropertyValueSpecification\",\"valueRequired\":true,\"valueName\":\"search_term_string\"}}],\"inLanguage\":\"qt\"},{\"@type\":\"Organization\",\"@id\":\"https:\\\/\\\/qtmm.org\\\/qt\\\/#organization\",\"name\":\"\u041c\u0435\u0434\u0436\u043b\u0456\u0441\",\"url\":\"https:\\\/\\\/qtmm.org\\\/qt\\\/\",\"logo\":{\"@type\":\"ImageObject\",\"inLanguage\":\"qt\",\"@id\":\"https:\\\/\\\/qtmm.org\\\/qt\\\/#\\\/schema\\\/logo\\\/image\\\/\",\"url\":\"https:\\\/\\\/qtmm.org\\\/wp-content\\\/uploads\\\/2024\\\/12\\\/ua-mejlis-logo-rgb.svg\",\"contentUrl\":\"https:\\\/\\\/qtmm.org\\\/wp-content\\\/uploads\\\/2024\\\/12\\\/ua-mejlis-logo-rgb.svg\",\"caption\":\"\u041c\u0435\u0434\u0436\u043b\u0456\u0441\"},\"image\":{\"@id\":\"https:\\\/\\\/qtmm.org\\\/qt\\\/#\\\/schema\\\/logo\\\/image\\\/\"},\"sameAs\":[\"https:\\\/\\\/www.facebook.com\\\/qtmm.info\\\/\"]},{\"@type\":\"Person\",\"@id\":\"https:\\\/\\\/qtmm.org\\\/qt\\\/#\\\/schema\\\/person\\\/de562469f971dec226ac06e60bbf74a7\",\"name\":\"Developer\",\"image\":{\"@type\":\"ImageObject\",\"inLanguage\":\"qt\",\"@id\":\"https:\\\/\\\/secure.gravatar.com\\\/avatar\\\/392b4cc8fbfeb00b39dfeeab4ee6edded39ffd48e25858637e4765810300227e?s=96&d=mm&r=g\",\"url\":\"https:\\\/\\\/secure.gravatar.com\\\/avatar\\\/392b4cc8fbfeb00b39dfeeab4ee6edded39ffd48e25858637e4765810300227e?s=96&d=mm&r=g\",\"contentUrl\":\"https:\\\/\\\/secure.gravatar.com\\\/avatar\\\/392b4cc8fbfeb00b39dfeeab4ee6edded39ffd48e25858637e4765810300227e?s=96&d=mm&r=g\",\"caption\":\"Developer\"},\"url\":\"https:\\\/\\\/qtmm.org\\\/qt\\\/author\\\/Developer\\\/\"}]}<\/script>\n<!-- \/ Yoast SEO plugin. -->","yoast_head_json":{"title":"Q\u0131r\u0131mda Halqara PEN klub Ural-Altay PEN merkezleri a\u011flar\u0131n\u0131\u00f1 halqara konferentsiyas\u0131 ol\u0131p ke\u00e7ti - \u041c\u0435\u0434\u0436\u043b\u0456\u0441","robots":{"index":"index","follow":"follow","max-snippet":"max-snippet:-1","max-image-preview":"max-image-preview:large","max-video-preview":"max-video-preview:-1"},"canonical":"https:\/\/qtmm.org\/qt\/qirimda-halqara-pen-klub-ural-altay-pen-merkezleri-aglarinin-halqara-konferentsiyasi-olip-kecti\/","og_locale":"en_US","og_type":"article","og_title":"Q\u0131r\u0131mda Halqara PEN klub Ural-Altay PEN merkezleri a\u011flar\u0131n\u0131\u00f1 halqara konferentsiyas\u0131 ol\u0131p ke\u00e7ti - \u041c\u0435\u0434\u0436\u043b\u0456\u0441","og_description":"18 &#8211; 19 iy\u00fcn k\u00fcnleri Q\u0131r\u0131mda Uy\u011fur PEN klub\u0131 te\u015fkil etken Halqara PEN klub Ural-Altay PEN merkezleri a\u011flar\u0131n\u0131\u00f1 &#8220;Edebiy tercime ve milliy cemiyetler \u2013 insann\u0131\u00f1 regionda til uquq\u0131&#8221; mevzus\u0131nda IV halqara konferentsiyas\u0131 \u00f6tkerildi. On\u0131\u00f1 i\u015finde Halqara PEN klub reisi cenap Con Ralston Soul, Halqara PEN klub k\u00e2tibi G\u00f6ri Takeaki ve Halqara PEN klub Ural-Altay PEN [&hellip;]","og_url":"https:\/\/qtmm.org\/qt\/qirimda-halqara-pen-klub-ural-altay-pen-merkezleri-aglarinin-halqara-konferentsiyasi-olip-kecti\/","og_site_name":"\u041c\u0435\u0434\u0436\u043b\u0456\u0441","article_publisher":"https:\/\/www.facebook.com\/qtmm.info\/","article_published_time":"2012-06-20T18:30:00+00:00","article_modified_time":"2022-01-21T18:32:02+00:00","og_image":[{"width":650,"height":322,"url":"https:\/\/qtmm.org\/wp-content\/uploads\/2022\/01\/2_55.jpeg","type":"image\/jpeg"}],"author":"Developer","twitter_card":"summary_large_image","twitter_misc":{"Written by":"Developer","Est. reading time":"5 minutes"},"schema":{"@context":"https:\/\/schema.org","@graph":[{"@type":"Article","@id":"https:\/\/qtmm.org\/qt\/qirimda-halqara-pen-klub-ural-altay-pen-merkezleri-aglarinin-halqara-konferentsiyasi-olip-kecti\/#article","isPartOf":{"@id":"https:\/\/qtmm.org\/qt\/qirimda-halqara-pen-klub-ural-altay-pen-merkezleri-aglarinin-halqara-konferentsiyasi-olip-kecti\/"},"author":{"name":"Developer","@id":"https:\/\/qtmm.org\/qt\/#\/schema\/person\/de562469f971dec226ac06e60bbf74a7"},"headline":"Q\u0131r\u0131mda Halqara PEN klub Ural-Altay PEN merkezleri a\u011flar\u0131n\u0131\u00f1 halqara konferentsiyas\u0131 ol\u0131p ke\u00e7ti","datePublished":"2012-06-20T18:30:00+00:00","dateModified":"2022-01-21T18:32:02+00:00","mainEntityOfPage":{"@id":"https:\/\/qtmm.org\/qt\/qirimda-halqara-pen-klub-ural-altay-pen-merkezleri-aglarinin-halqara-konferentsiyasi-olip-kecti\/"},"wordCount":933,"commentCount":0,"publisher":{"@id":"https:\/\/qtmm.org\/qt\/#organization"},"image":{"@id":"https:\/\/qtmm.org\/qt\/qirimda-halqara-pen-klub-ural-altay-pen-merkezleri-aglarinin-halqara-konferentsiyasi-olip-kecti\/#primaryimage"},"thumbnailUrl":"https:\/\/qtmm.org\/wp-content\/uploads\/2022\/01\/2_55.jpeg","articleSection":["Haberler"],"inLanguage":"qt","potentialAction":[{"@type":"CommentAction","name":"Comment","target":["https:\/\/qtmm.org\/qt\/qirimda-halqara-pen-klub-ural-altay-pen-merkezleri-aglarinin-halqara-konferentsiyasi-olip-kecti\/#respond"]}]},{"@type":"WebPage","@id":"https:\/\/qtmm.org\/qt\/qirimda-halqara-pen-klub-ural-altay-pen-merkezleri-aglarinin-halqara-konferentsiyasi-olip-kecti\/","url":"https:\/\/qtmm.org\/qt\/qirimda-halqara-pen-klub-ural-altay-pen-merkezleri-aglarinin-halqara-konferentsiyasi-olip-kecti\/","name":"Q\u0131r\u0131mda Halqara PEN klub Ural-Altay PEN merkezleri a\u011flar\u0131n\u0131\u00f1 halqara konferentsiyas\u0131 ol\u0131p ke\u00e7ti - \u041c\u0435\u0434\u0436\u043b\u0456\u0441","isPartOf":{"@id":"https:\/\/qtmm.org\/qt\/#website"},"primaryImageOfPage":{"@id":"https:\/\/qtmm.org\/qt\/qirimda-halqara-pen-klub-ural-altay-pen-merkezleri-aglarinin-halqara-konferentsiyasi-olip-kecti\/#primaryimage"},"image":{"@id":"https:\/\/qtmm.org\/qt\/qirimda-halqara-pen-klub-ural-altay-pen-merkezleri-aglarinin-halqara-konferentsiyasi-olip-kecti\/#primaryimage"},"thumbnailUrl":"https:\/\/qtmm.org\/wp-content\/uploads\/2022\/01\/2_55.jpeg","datePublished":"2012-06-20T18:30:00+00:00","dateModified":"2022-01-21T18:32:02+00:00","breadcrumb":{"@id":"https:\/\/qtmm.org\/qt\/qirimda-halqara-pen-klub-ural-altay-pen-merkezleri-aglarinin-halqara-konferentsiyasi-olip-kecti\/#breadcrumb"},"inLanguage":"qt","potentialAction":[{"@type":"ReadAction","target":["https:\/\/qtmm.org\/qt\/qirimda-halqara-pen-klub-ural-altay-pen-merkezleri-aglarinin-halqara-konferentsiyasi-olip-kecti\/"]}]},{"@type":"ImageObject","inLanguage":"qt","@id":"https:\/\/qtmm.org\/qt\/qirimda-halqara-pen-klub-ural-altay-pen-merkezleri-aglarinin-halqara-konferentsiyasi-olip-kecti\/#primaryimage","url":"https:\/\/qtmm.org\/wp-content\/uploads\/2022\/01\/2_55.jpeg","contentUrl":"https:\/\/qtmm.org\/wp-content\/uploads\/2022\/01\/2_55.jpeg","width":650,"height":322},{"@type":"BreadcrumbList","@id":"https:\/\/qtmm.org\/qt\/qirimda-halqara-pen-klub-ural-altay-pen-merkezleri-aglarinin-halqara-konferentsiyasi-olip-kecti\/#breadcrumb","itemListElement":[{"@type":"ListItem","position":1,"name":"\u0413\u043e\u043b\u043e\u0432\u043d\u0430","item":"https:\/\/qtmm.org\/qt\/"},{"@type":"ListItem","position":2,"name":"Q\u0131r\u0131mda Halqara PEN klub Ural-Altay PEN merkezleri a\u011flar\u0131n\u0131\u00f1 halqara konferentsiyas\u0131 ol\u0131p ke\u00e7ti"}]},{"@type":"WebSite","@id":"https:\/\/qtmm.org\/qt\/#website","url":"https:\/\/qtmm.org\/qt\/","name":"\u041c\u0435\u0434\u0436\u043b\u0456\u0441","description":"","publisher":{"@id":"https:\/\/qtmm.org\/qt\/#organization"},"potentialAction":[{"@type":"SearchAction","target":{"@type":"EntryPoint","urlTemplate":"https:\/\/qtmm.org\/qt\/?s={search_term_string}"},"query-input":{"@type":"PropertyValueSpecification","valueRequired":true,"valueName":"search_term_string"}}],"inLanguage":"qt"},{"@type":"Organization","@id":"https:\/\/qtmm.org\/qt\/#organization","name":"\u041c\u0435\u0434\u0436\u043b\u0456\u0441","url":"https:\/\/qtmm.org\/qt\/","logo":{"@type":"ImageObject","inLanguage":"qt","@id":"https:\/\/qtmm.org\/qt\/#\/schema\/logo\/image\/","url":"https:\/\/qtmm.org\/wp-content\/uploads\/2024\/12\/ua-mejlis-logo-rgb.svg","contentUrl":"https:\/\/qtmm.org\/wp-content\/uploads\/2024\/12\/ua-mejlis-logo-rgb.svg","caption":"\u041c\u0435\u0434\u0436\u043b\u0456\u0441"},"image":{"@id":"https:\/\/qtmm.org\/qt\/#\/schema\/logo\/image\/"},"sameAs":["https:\/\/www.facebook.com\/qtmm.info\/"]},{"@type":"Person","@id":"https:\/\/qtmm.org\/qt\/#\/schema\/person\/de562469f971dec226ac06e60bbf74a7","name":"Developer","image":{"@type":"ImageObject","inLanguage":"qt","@id":"https:\/\/secure.gravatar.com\/avatar\/392b4cc8fbfeb00b39dfeeab4ee6edded39ffd48e25858637e4765810300227e?s=96&d=mm&r=g","url":"https:\/\/secure.gravatar.com\/avatar\/392b4cc8fbfeb00b39dfeeab4ee6edded39ffd48e25858637e4765810300227e?s=96&d=mm&r=g","contentUrl":"https:\/\/secure.gravatar.com\/avatar\/392b4cc8fbfeb00b39dfeeab4ee6edded39ffd48e25858637e4765810300227e?s=96&d=mm&r=g","caption":"Developer"},"url":"https:\/\/qtmm.org\/qt\/author\/Developer\/"}]}},"_links":{"self":[{"href":"https:\/\/qtmm.org\/qt\/wp-json\/wp\/v2\/posts\/31935","targetHints":{"allow":["GET"]}}],"collection":[{"href":"https:\/\/qtmm.org\/qt\/wp-json\/wp\/v2\/posts"}],"about":[{"href":"https:\/\/qtmm.org\/qt\/wp-json\/wp\/v2\/types\/post"}],"author":[{"embeddable":true,"href":"https:\/\/qtmm.org\/qt\/wp-json\/wp\/v2\/users\/1"}],"replies":[{"embeddable":true,"href":"https:\/\/qtmm.org\/qt\/wp-json\/wp\/v2\/comments?post=31935"}],"version-history":[{"count":1,"href":"https:\/\/qtmm.org\/qt\/wp-json\/wp\/v2\/posts\/31935\/revisions"}],"predecessor-version":[{"id":31953,"href":"https:\/\/qtmm.org\/qt\/wp-json\/wp\/v2\/posts\/31935\/revisions\/31953"}],"wp:featuredmedia":[{"embeddable":true,"href":"https:\/\/qtmm.org\/qt\/wp-json\/wp\/v2\/media\/31936"}],"wp:attachment":[{"href":"https:\/\/qtmm.org\/qt\/wp-json\/wp\/v2\/media?parent=31935"}],"wp:term":[{"taxonomy":"category","embeddable":true,"href":"https:\/\/qtmm.org\/qt\/wp-json\/wp\/v2\/categories?post=31935"},{"taxonomy":"post_tag","embeddable":true,"href":"https:\/\/qtmm.org\/qt\/wp-json\/wp\/v2\/tags?post=31935"}],"curies":[{"name":"wp","href":"https:\/\/api.w.org\/{rel}","templated":true}]}}