




{"id":31928,"date":"2012-06-19T21:29:00","date_gmt":"2012-06-19T18:29:00","guid":{"rendered":"http:\/\/qtmm.org\/?p=31928"},"modified":"2022-01-21T21:30:16","modified_gmt":"2022-01-21T18:30:16","slug":"mustafa-cemilevqirimtatarlarga-kolesnicenkonin-qanuni-kerek-degil","status":"publish","type":"post","link":"https:\/\/qtmm.org\/qt\/mustafa-cemilevqirimtatarlarga-kolesnicenkonin-qanuni-kerek-degil\/","title":{"rendered":"Mustafa Cemilev:\u00abQ\u0131r\u0131mtatarlar\u011fa K\u00f6lesni\u00e7enkon\u0131\u00f1 qanun\u0131 kerek degil\u00bb"},"content":{"rendered":"\n<p>&#8220;Biz ukrain cemiyetini\u00f1 \u00e7e\u015fit q\u0131s\u0131mlar\u0131n\u0131 biri-birinen daa ziyade \u00e7at\u0131\u015ft\u0131racaq, memleketni b\u00f6lecek qanun\u011fa qatiyen qar\u015f\u0131m\u0131z. Q\u0131r\u0131mtatarlar \u00f6zlerini\u00f1 inki\u015faf\u0131n\u0131 tek Ukraina devleti \u00e7er\u00e7ivesinde k\u00f6reler ve, demek, on\u0131\u00f1 par\u00e7alanmas\u0131na do\u011frult\u0131l\u011fan qanunlar asla da bizim menfaatlar\u0131m\u0131z\u011fa uymay&#8221;, &#8211; dedi M. Cemilev.<\/p>\n\n\n\n<p>Ke\u00e7ken afta Yuqar\u0131 \u015eura &#8220;Devlet til siyasetini\u00f1 printsipleri aqq\u0131nda&#8221; qanun leyhas\u0131n\u0131 birinci oqul\u0131\u015fta qabul etken edi. Qanun leyhas\u0131 regional tiller \u2013 yani Ukrainan\u0131\u00f1 az say\u0131l\u0131 milletlerini\u00f1 tilleri qullan\u0131lmas\u0131n\u0131\u00f1 imk\u00e2nlar\u0131n\u0131 artt\u0131raca\u011f\u0131 beklenilmekte. Er bir vatanda\u015f bu tillerni devlet i\u015fhanelerinde, devlet akimiyet organlar\u0131 ile resmiy qonu\u015fuvlarda serbest qullanuv uquq\u0131na malik olacaq. Bu te\u015febb\u00fcske \u015fu qayd etilgen az say\u0131l\u0131 halqlarn\u0131\u00f1 vekilleri nas\u0131l fikirde ol\u011fan\u0131n\u0131 m\u00fchbirimiz Q\u0131r\u0131mtatar halq\u0131 Meclisini\u00f1 reisi, Ukraina halq deputat\u0131 Mustafa Cemilevden sorap bildi.<\/p>\n\n\n\n<p>&#8211;&nbsp;<em><strong>M\u00fcelliflerni\u00f1 \u011fayesine k\u00f6re, &#8220;Til siyasetini\u00f1 esaslar\u0131 aqq\u0131nda&#8221; qanun leyhas\u0131 Ukrainan\u0131\u00f1 &#8220;k\u00fc\u00e7\u00fck&#8221; tillerini \u2013 c\u00fcmleden, q\u0131r\u0131mtatar tilini, qor\u00e7alamas\u0131 kerek. Sizi\u00f1 fikri\u00f1izce, o q\u0131r\u0131mtatarlar i\u00e7\u00fcn aqiqaten faydal\u0131 olurm\u0131?<\/strong><\/em><\/p>\n\n\n\n<p>Mustafa Cemilev: \u2013 Yoq. Biz, ukrain cemiyetini\u00f1 \u00e7e\u015fit q\u0131s\u0131mlar\u0131n\u0131 biri-birinen daa ziyade \u00e7at\u0131\u015ft\u0131racaq, devletimizni\u00f1 par\u00e7alanmas\u0131na do\u011frult\u0131l\u011fan qanun\u011fa qar\u015f\u0131m\u0131z. Q\u0131r\u0131mtatarlar \u00f6zlerini\u00f1 inki\u015faf\u0131n\u0131 tek Ukraina devleti \u00e7er\u00e7ivesinde k\u00f6reler ve, demek, on\u0131\u00f1 par\u00e7alanmas\u0131na do\u011frult\u0131l\u011fan qanunlar asla da bizim menfaatlar\u0131m\u0131z\u011fa uymay. Til aqlar\u0131m\u0131zn\u0131\u00f1 qor\u00e7alanmas\u0131na kelsek, bizge Anayasada ve diger qanunlarda mevcut uquqlar da yeterlidir. Olarn\u0131 tolus\u0131nen amelde qullanmaq i\u00e7\u00fcn ise q\u0131r\u0131mtatarlarn\u0131 Ukrainada tam\u0131r halq olaraq tan\u0131maq kerek.<\/p>\n\n\n\n<p>&#8211;&nbsp;<em><strong>Bu qanun leyhas\u0131 qabul etilse, q\u0131r\u0131mtatarlar akimiyet organlar\u0131na \u00f6z ana tilinde muracaat etip, cevap alabilirler. Yaparlarm\u0131 \u2013 ya da i\u00e7 kimse bu norman\u0131\u00f1 ker\u00e7ekle\u015fmesine \u00fcm\u00fct etmeymi?<\/strong><\/em><\/p>\n\n\n\n<p>&#8211; Bundan evel yap\u0131p baqqan ediler. Amelde bun\u0131\u00f1 m\u00fcmk\u00fcnat\u0131 yoqt\u0131r. Terciman tap\u0131p, i\u015fni\u00f1 as\u0131l\u0131n\u0131 a\u00f1latqance vaq\u0131t ke\u00e7er ve er angi muracaatn\u0131\u00f1 baq\u0131lmas\u0131 uzun s\u00fcrer. Yani b\u00f6yle yapmaq m\u00fcmk\u00fcn, amma amelde elveri\u015fli degil.<\/p>\n\n\n\n<p>Leyhan\u0131\u00f1 daa bir kederli taraf\u0131 bar: q\u0131r\u0131mtatarlarn\u0131\u00f1 oquv\u0131n\u0131 m\u00fcrekkeple\u015ftire. Q\u0131r\u0131mda b\u00f6yle vaziyet: gen\u00e7 q\u0131r\u0131mtatarlar rus tilini andaki ruslardan daa ziyade g\u00fczel bileler. Biz, \u00f6z nevbetinde, gen\u00e7lerimiz tek tuv\u011fan q\u0131r\u0131mtatar tilini degil de, ukrain tilini de menimsemelerini isteymiz.<\/p>\n\n\n\n<p>\u00c7\u00fcnki kelecekte olar ukrain aliy oquv yurtlar\u0131na kirecekler. Biz olarn\u0131\u00f1 istiqbalini m\u0131nda, Ukrainada, ana yurtta k\u00f6remiz ve \u015fun\u0131\u00f1 i\u00e7\u00fcn de balalar\u0131m\u0131zn\u0131 Q\u0131r\u0131mdaki ruslar kibi Moskva ya da Peterburg\u011fa yollamaym\u0131z. Amma i\u015fbu qanun leyhas\u0131nda k\u00f6zde tutul\u011fan\u0131 kibi, ukrain tilli m\u00fcitni\u00f1 tarla\u015fqan\u0131 sebebinden balalar\u0131m\u0131zn\u0131 ukrain tilinen meraqland\u0131rmam\u0131z, oquv\u011fa az\u0131rlamam\u0131z zor olacaq.<\/p>\n\n\n\n<p>&#8211;&nbsp;<em><strong>Ya q\u0131r\u0131mtatar tilinde tasil vaziyeti nas\u0131l?<\/strong><\/em><\/p>\n\n\n\n<p>&#8211; Taba\u00e7nikni\u00f1 ke\u00e7enlerde aytqan\u0131na k\u00f6re q\u0131r\u0131mtatarlarn\u0131\u00f1 ana tilinde tasil almalar\u0131 i\u00e7\u00fcn b\u00fcy\u00fck istiqballer ve imk\u00e2nlar mevcut eken. Do\u011frus\u0131n\u0131 aytsam, quru sa\u00e7malav. B\u00fct\u00fcn Q\u0131r\u0131m boylap q\u0131r\u0131mtatar tilinde oqutqan faqat on be\u015f mektep bar. Yani, amelde on baladan tek birisi ana tilinde oquyabile.<\/p>\n\n\n\n<p>\u015eun\u0131 hat\u0131rlatmal\u0131 ki, qanun leyhas\u0131n\u0131 maqullegen Regionlar partiyas\u0131ndan deputat Vasiliy Hara qanun leyhas\u0131 Ukrainada rum medeniyetini\u00f1 inki\u015faf\u0131na yard\u0131m etip olamaz, dep saya. \u00c7\u00fcnki leyha devletimiz i\u00e7indeki rum milliy toplul\u0131qlar\u0131 i\u00e7\u00fcn ananeviy olma\u011fan ya\u00f1\u0131 rum tiline qoltutmaqn\u0131 teklif ete.<\/p>\n\n\n\n<p class=\"has-text-align-right\"><em><strong>Viktor Tregubov,<br><a href=\"http:\/\/nbnews.com.ua\/tema\/43743\/\" target=\"_blank\" rel=\"noreferrer noopener\">Mustaqil haberler b\u00fcros\u0131<\/a><\/strong><\/em><\/p>\n","protected":false},"excerpt":{"rendered":"<p>&#8220;Biz ukrain cemiyetini\u00f1 \u00e7e\u015fit q\u0131s\u0131mlar\u0131n\u0131 biri-birinen daa ziyade \u00e7at\u0131\u015ft\u0131racaq, memleketni b\u00f6lecek qanun\u011fa qatiyen qar\u015f\u0131m\u0131z. Q\u0131r\u0131mtatarlar \u00f6zlerini\u00f1 inki\u015faf\u0131n\u0131 tek Ukraina devleti \u00e7er\u00e7ivesinde k\u00f6reler ve, demek, on\u0131\u00f1 par\u00e7alanmas\u0131na do\u011frult\u0131l\u011fan qanunlar asla da bizim menfaatlar\u0131m\u0131z\u011fa uymay&#8221;, &#8211; dedi M. Cemilev. Ke\u00e7ken afta Yuqar\u0131 \u015eura &#8220;Devlet til siyasetini\u00f1 printsipleri aqq\u0131nda&#8221; qanun leyhas\u0131n\u0131 birinci oqul\u0131\u015fta qabul etken edi. Qanun leyhas\u0131 [&hellip;]<\/p>\n","protected":false},"author":1,"featured_media":0,"comment_status":"open","ping_status":"open","sticky":false,"template":"","format":"standard","meta":{"inline_featured_image":false,"footnotes":""},"categories":[265],"tags":[],"class_list":["post-31928","post","type-post","status-publish","format-standard","hentry","category-haberler"],"acf":[],"yoast_head":"<!-- This site is optimized with the Yoast SEO plugin v27.4 - https:\/\/yoast.com\/product\/yoast-seo-wordpress\/ -->\n<title>Mustafa Cemilev:\u00abQ\u0131r\u0131mtatarlar\u011fa K\u00f6lesni\u00e7enkon\u0131\u00f1 qanun\u0131 kerek degil\u00bb - \u041c\u0435\u0434\u0436\u043b\u0456\u0441<\/title>\n<meta name=\"robots\" content=\"index, follow, max-snippet:-1, max-image-preview:large, max-video-preview:-1\" \/>\n<link rel=\"canonical\" href=\"https:\/\/qtmm.org\/qt\/mustafa-cemilevqirimtatarlarga-kolesnicenkonin-qanuni-kerek-degil\/\" \/>\n<meta property=\"og:locale\" content=\"en_US\" \/>\n<meta property=\"og:type\" content=\"article\" \/>\n<meta property=\"og:title\" content=\"Mustafa Cemilev:\u00abQ\u0131r\u0131mtatarlar\u011fa K\u00f6lesni\u00e7enkon\u0131\u00f1 qanun\u0131 kerek degil\u00bb - \u041c\u0435\u0434\u0436\u043b\u0456\u0441\" \/>\n<meta property=\"og:description\" content=\"&#8220;Biz ukrain cemiyetini\u00f1 \u00e7e\u015fit q\u0131s\u0131mlar\u0131n\u0131 biri-birinen daa ziyade \u00e7at\u0131\u015ft\u0131racaq, memleketni b\u00f6lecek qanun\u011fa qatiyen qar\u015f\u0131m\u0131z. Q\u0131r\u0131mtatarlar \u00f6zlerini\u00f1 inki\u015faf\u0131n\u0131 tek Ukraina devleti \u00e7er\u00e7ivesinde k\u00f6reler ve, demek, on\u0131\u00f1 par\u00e7alanmas\u0131na do\u011frult\u0131l\u011fan qanunlar asla da bizim menfaatlar\u0131m\u0131z\u011fa uymay&#8221;, &#8211; dedi M. Cemilev. Ke\u00e7ken afta Yuqar\u0131 \u015eura &#8220;Devlet til siyasetini\u00f1 printsipleri aqq\u0131nda&#8221; qanun leyhas\u0131n\u0131 birinci oqul\u0131\u015fta qabul etken edi. Qanun leyhas\u0131 [&hellip;]\" \/>\n<meta property=\"og:url\" content=\"https:\/\/qtmm.org\/qt\/mustafa-cemilevqirimtatarlarga-kolesnicenkonin-qanuni-kerek-degil\/\" \/>\n<meta property=\"og:site_name\" content=\"\u041c\u0435\u0434\u0436\u043b\u0456\u0441\" \/>\n<meta property=\"article:publisher\" content=\"https:\/\/www.facebook.com\/qtmm.info\/\" \/>\n<meta property=\"article:published_time\" content=\"2012-06-19T18:29:00+00:00\" \/>\n<meta property=\"article:modified_time\" content=\"2022-01-21T18:30:16+00:00\" \/>\n<meta name=\"author\" content=\"Developer\" \/>\n<meta name=\"twitter:card\" content=\"summary_large_image\" \/>\n<meta name=\"twitter:label1\" content=\"Written by\" \/>\n\t<meta name=\"twitter:data1\" content=\"Developer\" \/>\n\t<meta name=\"twitter:label2\" content=\"Est. reading time\" \/>\n\t<meta name=\"twitter:data2\" content=\"3 minutes\" \/>\n<script type=\"application\/ld+json\" class=\"yoast-schema-graph\">{\"@context\":\"https:\\\/\\\/schema.org\",\"@graph\":[{\"@type\":\"Article\",\"@id\":\"https:\\\/\\\/qtmm.org\\\/qt\\\/mustafa-cemilevqirimtatarlarga-kolesnicenkonin-qanuni-kerek-degil\\\/#article\",\"isPartOf\":{\"@id\":\"https:\\\/\\\/qtmm.org\\\/qt\\\/mustafa-cemilevqirimtatarlarga-kolesnicenkonin-qanuni-kerek-degil\\\/\"},\"author\":{\"name\":\"Developer\",\"@id\":\"https:\\\/\\\/qtmm.org\\\/qt\\\/#\\\/schema\\\/person\\\/de562469f971dec226ac06e60bbf74a7\"},\"headline\":\"Mustafa Cemilev:\u00abQ\u0131r\u0131mtatarlar\u011fa K\u00f6lesni\u00e7enkon\u0131\u00f1 qanun\u0131 kerek degil\u00bb\",\"datePublished\":\"2012-06-19T18:29:00+00:00\",\"dateModified\":\"2022-01-21T18:30:16+00:00\",\"mainEntityOfPage\":{\"@id\":\"https:\\\/\\\/qtmm.org\\\/qt\\\/mustafa-cemilevqirimtatarlarga-kolesnicenkonin-qanuni-kerek-degil\\\/\"},\"wordCount\":637,\"commentCount\":0,\"publisher\":{\"@id\":\"https:\\\/\\\/qtmm.org\\\/qt\\\/#organization\"},\"articleSection\":[\"Haberler\"],\"inLanguage\":\"qt\",\"potentialAction\":[{\"@type\":\"CommentAction\",\"name\":\"Comment\",\"target\":[\"https:\\\/\\\/qtmm.org\\\/qt\\\/mustafa-cemilevqirimtatarlarga-kolesnicenkonin-qanuni-kerek-degil\\\/#respond\"]}]},{\"@type\":\"WebPage\",\"@id\":\"https:\\\/\\\/qtmm.org\\\/qt\\\/mustafa-cemilevqirimtatarlarga-kolesnicenkonin-qanuni-kerek-degil\\\/\",\"url\":\"https:\\\/\\\/qtmm.org\\\/qt\\\/mustafa-cemilevqirimtatarlarga-kolesnicenkonin-qanuni-kerek-degil\\\/\",\"name\":\"Mustafa Cemilev:\u00abQ\u0131r\u0131mtatarlar\u011fa K\u00f6lesni\u00e7enkon\u0131\u00f1 qanun\u0131 kerek degil\u00bb - \u041c\u0435\u0434\u0436\u043b\u0456\u0441\",\"isPartOf\":{\"@id\":\"https:\\\/\\\/qtmm.org\\\/qt\\\/#website\"},\"datePublished\":\"2012-06-19T18:29:00+00:00\",\"dateModified\":\"2022-01-21T18:30:16+00:00\",\"breadcrumb\":{\"@id\":\"https:\\\/\\\/qtmm.org\\\/qt\\\/mustafa-cemilevqirimtatarlarga-kolesnicenkonin-qanuni-kerek-degil\\\/#breadcrumb\"},\"inLanguage\":\"qt\",\"potentialAction\":[{\"@type\":\"ReadAction\",\"target\":[\"https:\\\/\\\/qtmm.org\\\/qt\\\/mustafa-cemilevqirimtatarlarga-kolesnicenkonin-qanuni-kerek-degil\\\/\"]}]},{\"@type\":\"BreadcrumbList\",\"@id\":\"https:\\\/\\\/qtmm.org\\\/qt\\\/mustafa-cemilevqirimtatarlarga-kolesnicenkonin-qanuni-kerek-degil\\\/#breadcrumb\",\"itemListElement\":[{\"@type\":\"ListItem\",\"position\":1,\"name\":\"\u0413\u043e\u043b\u043e\u0432\u043d\u0430\",\"item\":\"https:\\\/\\\/qtmm.org\\\/qt\\\/\"},{\"@type\":\"ListItem\",\"position\":2,\"name\":\"Mustafa Cemilev:\u00abQ\u0131r\u0131mtatarlar\u011fa K\u00f6lesni\u00e7enkon\u0131\u00f1 qanun\u0131 kerek degil\u00bb\"}]},{\"@type\":\"WebSite\",\"@id\":\"https:\\\/\\\/qtmm.org\\\/qt\\\/#website\",\"url\":\"https:\\\/\\\/qtmm.org\\\/qt\\\/\",\"name\":\"\u041c\u0435\u0434\u0436\u043b\u0456\u0441\",\"description\":\"\",\"publisher\":{\"@id\":\"https:\\\/\\\/qtmm.org\\\/qt\\\/#organization\"},\"potentialAction\":[{\"@type\":\"SearchAction\",\"target\":{\"@type\":\"EntryPoint\",\"urlTemplate\":\"https:\\\/\\\/qtmm.org\\\/qt\\\/?s={search_term_string}\"},\"query-input\":{\"@type\":\"PropertyValueSpecification\",\"valueRequired\":true,\"valueName\":\"search_term_string\"}}],\"inLanguage\":\"qt\"},{\"@type\":\"Organization\",\"@id\":\"https:\\\/\\\/qtmm.org\\\/qt\\\/#organization\",\"name\":\"\u041c\u0435\u0434\u0436\u043b\u0456\u0441\",\"url\":\"https:\\\/\\\/qtmm.org\\\/qt\\\/\",\"logo\":{\"@type\":\"ImageObject\",\"inLanguage\":\"qt\",\"@id\":\"https:\\\/\\\/qtmm.org\\\/qt\\\/#\\\/schema\\\/logo\\\/image\\\/\",\"url\":\"https:\\\/\\\/qtmm.org\\\/wp-content\\\/uploads\\\/2024\\\/12\\\/ua-mejlis-logo-rgb.svg\",\"contentUrl\":\"https:\\\/\\\/qtmm.org\\\/wp-content\\\/uploads\\\/2024\\\/12\\\/ua-mejlis-logo-rgb.svg\",\"caption\":\"\u041c\u0435\u0434\u0436\u043b\u0456\u0441\"},\"image\":{\"@id\":\"https:\\\/\\\/qtmm.org\\\/qt\\\/#\\\/schema\\\/logo\\\/image\\\/\"},\"sameAs\":[\"https:\\\/\\\/www.facebook.com\\\/qtmm.info\\\/\"]},{\"@type\":\"Person\",\"@id\":\"https:\\\/\\\/qtmm.org\\\/qt\\\/#\\\/schema\\\/person\\\/de562469f971dec226ac06e60bbf74a7\",\"name\":\"Developer\",\"image\":{\"@type\":\"ImageObject\",\"inLanguage\":\"qt\",\"@id\":\"https:\\\/\\\/secure.gravatar.com\\\/avatar\\\/392b4cc8fbfeb00b39dfeeab4ee6edded39ffd48e25858637e4765810300227e?s=96&d=mm&r=g\",\"url\":\"https:\\\/\\\/secure.gravatar.com\\\/avatar\\\/392b4cc8fbfeb00b39dfeeab4ee6edded39ffd48e25858637e4765810300227e?s=96&d=mm&r=g\",\"contentUrl\":\"https:\\\/\\\/secure.gravatar.com\\\/avatar\\\/392b4cc8fbfeb00b39dfeeab4ee6edded39ffd48e25858637e4765810300227e?s=96&d=mm&r=g\",\"caption\":\"Developer\"},\"url\":\"https:\\\/\\\/qtmm.org\\\/qt\\\/author\\\/Developer\\\/\"}]}<\/script>\n<!-- \/ Yoast SEO plugin. -->","yoast_head_json":{"title":"Mustafa Cemilev:\u00abQ\u0131r\u0131mtatarlar\u011fa K\u00f6lesni\u00e7enkon\u0131\u00f1 qanun\u0131 kerek degil\u00bb - \u041c\u0435\u0434\u0436\u043b\u0456\u0441","robots":{"index":"index","follow":"follow","max-snippet":"max-snippet:-1","max-image-preview":"max-image-preview:large","max-video-preview":"max-video-preview:-1"},"canonical":"https:\/\/qtmm.org\/qt\/mustafa-cemilevqirimtatarlarga-kolesnicenkonin-qanuni-kerek-degil\/","og_locale":"en_US","og_type":"article","og_title":"Mustafa Cemilev:\u00abQ\u0131r\u0131mtatarlar\u011fa K\u00f6lesni\u00e7enkon\u0131\u00f1 qanun\u0131 kerek degil\u00bb - \u041c\u0435\u0434\u0436\u043b\u0456\u0441","og_description":"&#8220;Biz ukrain cemiyetini\u00f1 \u00e7e\u015fit q\u0131s\u0131mlar\u0131n\u0131 biri-birinen daa ziyade \u00e7at\u0131\u015ft\u0131racaq, memleketni b\u00f6lecek qanun\u011fa qatiyen qar\u015f\u0131m\u0131z. Q\u0131r\u0131mtatarlar \u00f6zlerini\u00f1 inki\u015faf\u0131n\u0131 tek Ukraina devleti \u00e7er\u00e7ivesinde k\u00f6reler ve, demek, on\u0131\u00f1 par\u00e7alanmas\u0131na do\u011frult\u0131l\u011fan qanunlar asla da bizim menfaatlar\u0131m\u0131z\u011fa uymay&#8221;, &#8211; dedi M. Cemilev. Ke\u00e7ken afta Yuqar\u0131 \u015eura &#8220;Devlet til siyasetini\u00f1 printsipleri aqq\u0131nda&#8221; qanun leyhas\u0131n\u0131 birinci oqul\u0131\u015fta qabul etken edi. Qanun leyhas\u0131 [&hellip;]","og_url":"https:\/\/qtmm.org\/qt\/mustafa-cemilevqirimtatarlarga-kolesnicenkonin-qanuni-kerek-degil\/","og_site_name":"\u041c\u0435\u0434\u0436\u043b\u0456\u0441","article_publisher":"https:\/\/www.facebook.com\/qtmm.info\/","article_published_time":"2012-06-19T18:29:00+00:00","article_modified_time":"2022-01-21T18:30:16+00:00","author":"Developer","twitter_card":"summary_large_image","twitter_misc":{"Written by":"Developer","Est. reading time":"3 minutes"},"schema":{"@context":"https:\/\/schema.org","@graph":[{"@type":"Article","@id":"https:\/\/qtmm.org\/qt\/mustafa-cemilevqirimtatarlarga-kolesnicenkonin-qanuni-kerek-degil\/#article","isPartOf":{"@id":"https:\/\/qtmm.org\/qt\/mustafa-cemilevqirimtatarlarga-kolesnicenkonin-qanuni-kerek-degil\/"},"author":{"name":"Developer","@id":"https:\/\/qtmm.org\/qt\/#\/schema\/person\/de562469f971dec226ac06e60bbf74a7"},"headline":"Mustafa Cemilev:\u00abQ\u0131r\u0131mtatarlar\u011fa K\u00f6lesni\u00e7enkon\u0131\u00f1 qanun\u0131 kerek degil\u00bb","datePublished":"2012-06-19T18:29:00+00:00","dateModified":"2022-01-21T18:30:16+00:00","mainEntityOfPage":{"@id":"https:\/\/qtmm.org\/qt\/mustafa-cemilevqirimtatarlarga-kolesnicenkonin-qanuni-kerek-degil\/"},"wordCount":637,"commentCount":0,"publisher":{"@id":"https:\/\/qtmm.org\/qt\/#organization"},"articleSection":["Haberler"],"inLanguage":"qt","potentialAction":[{"@type":"CommentAction","name":"Comment","target":["https:\/\/qtmm.org\/qt\/mustafa-cemilevqirimtatarlarga-kolesnicenkonin-qanuni-kerek-degil\/#respond"]}]},{"@type":"WebPage","@id":"https:\/\/qtmm.org\/qt\/mustafa-cemilevqirimtatarlarga-kolesnicenkonin-qanuni-kerek-degil\/","url":"https:\/\/qtmm.org\/qt\/mustafa-cemilevqirimtatarlarga-kolesnicenkonin-qanuni-kerek-degil\/","name":"Mustafa Cemilev:\u00abQ\u0131r\u0131mtatarlar\u011fa K\u00f6lesni\u00e7enkon\u0131\u00f1 qanun\u0131 kerek degil\u00bb - \u041c\u0435\u0434\u0436\u043b\u0456\u0441","isPartOf":{"@id":"https:\/\/qtmm.org\/qt\/#website"},"datePublished":"2012-06-19T18:29:00+00:00","dateModified":"2022-01-21T18:30:16+00:00","breadcrumb":{"@id":"https:\/\/qtmm.org\/qt\/mustafa-cemilevqirimtatarlarga-kolesnicenkonin-qanuni-kerek-degil\/#breadcrumb"},"inLanguage":"qt","potentialAction":[{"@type":"ReadAction","target":["https:\/\/qtmm.org\/qt\/mustafa-cemilevqirimtatarlarga-kolesnicenkonin-qanuni-kerek-degil\/"]}]},{"@type":"BreadcrumbList","@id":"https:\/\/qtmm.org\/qt\/mustafa-cemilevqirimtatarlarga-kolesnicenkonin-qanuni-kerek-degil\/#breadcrumb","itemListElement":[{"@type":"ListItem","position":1,"name":"\u0413\u043e\u043b\u043e\u0432\u043d\u0430","item":"https:\/\/qtmm.org\/qt\/"},{"@type":"ListItem","position":2,"name":"Mustafa Cemilev:\u00abQ\u0131r\u0131mtatarlar\u011fa K\u00f6lesni\u00e7enkon\u0131\u00f1 qanun\u0131 kerek degil\u00bb"}]},{"@type":"WebSite","@id":"https:\/\/qtmm.org\/qt\/#website","url":"https:\/\/qtmm.org\/qt\/","name":"\u041c\u0435\u0434\u0436\u043b\u0456\u0441","description":"","publisher":{"@id":"https:\/\/qtmm.org\/qt\/#organization"},"potentialAction":[{"@type":"SearchAction","target":{"@type":"EntryPoint","urlTemplate":"https:\/\/qtmm.org\/qt\/?s={search_term_string}"},"query-input":{"@type":"PropertyValueSpecification","valueRequired":true,"valueName":"search_term_string"}}],"inLanguage":"qt"},{"@type":"Organization","@id":"https:\/\/qtmm.org\/qt\/#organization","name":"\u041c\u0435\u0434\u0436\u043b\u0456\u0441","url":"https:\/\/qtmm.org\/qt\/","logo":{"@type":"ImageObject","inLanguage":"qt","@id":"https:\/\/qtmm.org\/qt\/#\/schema\/logo\/image\/","url":"https:\/\/qtmm.org\/wp-content\/uploads\/2024\/12\/ua-mejlis-logo-rgb.svg","contentUrl":"https:\/\/qtmm.org\/wp-content\/uploads\/2024\/12\/ua-mejlis-logo-rgb.svg","caption":"\u041c\u0435\u0434\u0436\u043b\u0456\u0441"},"image":{"@id":"https:\/\/qtmm.org\/qt\/#\/schema\/logo\/image\/"},"sameAs":["https:\/\/www.facebook.com\/qtmm.info\/"]},{"@type":"Person","@id":"https:\/\/qtmm.org\/qt\/#\/schema\/person\/de562469f971dec226ac06e60bbf74a7","name":"Developer","image":{"@type":"ImageObject","inLanguage":"qt","@id":"https:\/\/secure.gravatar.com\/avatar\/392b4cc8fbfeb00b39dfeeab4ee6edded39ffd48e25858637e4765810300227e?s=96&d=mm&r=g","url":"https:\/\/secure.gravatar.com\/avatar\/392b4cc8fbfeb00b39dfeeab4ee6edded39ffd48e25858637e4765810300227e?s=96&d=mm&r=g","contentUrl":"https:\/\/secure.gravatar.com\/avatar\/392b4cc8fbfeb00b39dfeeab4ee6edded39ffd48e25858637e4765810300227e?s=96&d=mm&r=g","caption":"Developer"},"url":"https:\/\/qtmm.org\/qt\/author\/Developer\/"}]}},"_links":{"self":[{"href":"https:\/\/qtmm.org\/qt\/wp-json\/wp\/v2\/posts\/31928","targetHints":{"allow":["GET"]}}],"collection":[{"href":"https:\/\/qtmm.org\/qt\/wp-json\/wp\/v2\/posts"}],"about":[{"href":"https:\/\/qtmm.org\/qt\/wp-json\/wp\/v2\/types\/post"}],"author":[{"embeddable":true,"href":"https:\/\/qtmm.org\/qt\/wp-json\/wp\/v2\/users\/1"}],"replies":[{"embeddable":true,"href":"https:\/\/qtmm.org\/qt\/wp-json\/wp\/v2\/comments?post=31928"}],"version-history":[{"count":1,"href":"https:\/\/qtmm.org\/qt\/wp-json\/wp\/v2\/posts\/31928\/revisions"}],"predecessor-version":[{"id":31930,"href":"https:\/\/qtmm.org\/qt\/wp-json\/wp\/v2\/posts\/31928\/revisions\/31930"}],"wp:attachment":[{"href":"https:\/\/qtmm.org\/qt\/wp-json\/wp\/v2\/media?parent=31928"}],"wp:term":[{"taxonomy":"category","embeddable":true,"href":"https:\/\/qtmm.org\/qt\/wp-json\/wp\/v2\/categories?post=31928"},{"taxonomy":"post_tag","embeddable":true,"href":"https:\/\/qtmm.org\/qt\/wp-json\/wp\/v2\/tags?post=31928"}],"curies":[{"name":"wp","href":"https:\/\/api.w.org\/{rel}","templated":true}]}}