




{"id":31901,"date":"2012-06-18T21:28:00","date_gmt":"2012-06-18T18:28:00","guid":{"rendered":"http:\/\/qtmm.org\/?p=31901"},"modified":"2022-01-21T21:29:26","modified_gmt":"2022-01-21T18:29:26","slug":"qirimtatar-halqi-meclisini-halqara-pen-klub-prezidenti-con-ralston-soul-ziyaret-etti","status":"publish","type":"post","link":"https:\/\/qtmm.org\/qt\/qirimtatar-halqi-meclisini-halqara-pen-klub-prezidenti-con-ralston-soul-ziyaret-etti\/","title":{"rendered":"Q\u0131r\u0131mtatar halq\u0131 Meclisini Halqara PEN klub prezidenti Con Ralston Soul ziyaret etti"},"content":{"rendered":"\n<p>2012 senesi iy\u00fcn 17 k\u00fcn\u00fc Q\u0131r\u0131mtatar halq\u0131 Meclisini\u00f1 reisi Mustafa Cemilev ve B\u00fct\u00fcnd\u00fcnya q\u0131r\u0131mtatarlar kongressini\u00f1 prezidenti Refat \u00c7ubarov Halqara PEN klub prezidenti Con Ralston Soul ile k\u00f6r\u00fc\u015ftiler.&nbsp;<\/p>\n\n\n\n<p>K\u00f6r\u00fc\u015f\u00fcvde bun\u0131\u00f1 kibi de Halqara PEN klub idaresini\u00f1 azas\u0131, K\u00f6reys PEN klub prezidenti, belli k\u00f6reys \u015fairi Li Gil Von ve Uy\u011fur PEN merkezini\u00f1 prezidenti, Q\u0131r\u0131mda VI Ural-AltayPEN-birli\u011fi Konferans\u0131n\u0131\u00f1 te\u015fkil\u00e2t\u00e7\u0131s\u0131 Hayser Abdurasul Ozgun i\u015ftirak ettiler.<\/p>\n\n\n\n<p>Meclis taraf\u0131ndan ise \u0130nformatsion siyaset ve cemaat te\u015fkil\u00e2tlar\u0131nen al\u00e2qa idaresini\u00f1 ba\u015f\u0131 \u015eevket Kaybullayev, Meclis K\u00e2tibiyetini\u00f1 ba\u015f\u0131 Zair Smedl\u00e2yev ve Meclisni\u00f1 t\u0131\u015fq\u0131 al\u00e2qalar b\u00f6l\u00fcgini\u00f1 m\u00fcdiri Ali Hamzin bulund\u0131lar.<\/p>\n\n\n\n<p>Q\u0131r\u0131mtatar halq\u0131 Meclisini\u00f1 reisi Mustafa Cemilev musafirlerge h\u0131tap eterken, Halqara PEN klub prezidenti Cona Ralston Soul y\u00fcz\u00fcnde etraf\u0131nda 101 devletni temsil etken 140 milliy PEN merkezlerni birle\u015ftirgen ve VI Ural-Altay PEN-birli\u011fi Konferans\u0131n\u0131 ke\u00e7ir\u00fcv yeri olaraq Q\u0131r\u0131mn\u0131 se\u00e7ken Halqara PEN klub\u0131na b\u00fcy\u00fck te\u015fekk\u00fcrini bildirdi. Subet devam\u0131nda Mustafa Cemilev ve Refat \u00c7ubarov musafirlerni\u00f1 bir \u00e7oq suallerine cevap berdiler ve ik\u00e2ye ettiler. Y\u00dcNESKO taraf\u0131ndan \u011fay\u0131p oluv tel\u00fckesi alt\u0131nda bulun\u011fan tiller ceveline kirsetilgen q\u0131r\u0131mtatar tilini\u00f1 ac\u0131n\u0131ql\u0131 vaziyeti ayr\u0131ca qayd etildi.<\/p>\n\n\n\n<figure class=\"wp-block-image size-full\"><img loading=\"lazy\" decoding=\"async\" width=\"600\" height=\"800\" src=\"http:\/\/qtmm.org\/wp-content\/uploads\/2022\/01\/img_6089_1.jpeg\" alt=\"\" class=\"wp-image-31914\" srcset=\"https:\/\/qtmm.org\/wp-content\/uploads\/2022\/01\/img_6089_1.jpeg 600w, https:\/\/qtmm.org\/wp-content\/uploads\/2022\/01\/img_6089_1-225x300.jpeg 225w\" sizes=\"auto, (max-width: 600px) 100vw, 600px\" \/><\/figure>\n\n\n\n<p>Ukrainada q\u0131r\u0131mtatarlar milliy tasilini\u00f1 inki\u015faf etmesine imk\u00e2nlar yarat\u0131lma\u011fan\u0131, resmiy organlar taraf\u0131ndan manialar \u00e7ekilgeni, ana tilinde tasil aluv\u011fa aq bergen qanunlarn\u0131\u00f1 qaba s\u00fcrette bozul\u011fan\u0131 aqq\u0131nda da ayt\u0131ld\u0131. \u015eu da ayr\u0131ca qayd etildi ki, ana tili ve milliy tasil yal\u0131\u00f1\u0131z q\u0131r\u0131mtatarlarn\u0131\u00f1 cemaat te\u015febb\u00fcsi ve \u011fayreti sayesinde inki\u015faf etmekte.&nbsp;<\/p>\n\n\n\n<p>Cenap Con Ralston Soul til printsipi boyunca \u015fekillengen 140 milliy merkezlerni birle\u015ftirgen halqara PEN klub aqq\u0131nda tafsil\u00e2tl\u0131 ik\u00e2ye etti. On\u0131\u00f1 aytqan\u0131na k\u00f6re PEN klub\u011fa milleti, tili, \u0131rq\u0131 ve dininden qatiy nazar b\u00fct\u00fcn professional yaz\u0131c\u0131lar aza olabileler. &#8220;Klub faaliyetini\u00f1 ba\u015f y\u00f6neli\u015fi yaz\u0131c\u0131larn\u0131\u00f1 aqlar\u0131n\u0131 qor\u00e7alav, s\u00f6z ve \u015fahs serbestligi, tsenzura\u011fa qar\u015f\u0131 k\u00fcre\u015ftir&#8221;, dedi Soul.\u00a0<\/p>\n\n\n\n<figure class=\"wp-block-image size-full\"><img loading=\"lazy\" decoding=\"async\" width=\"800\" height=\"600\" src=\"http:\/\/qtmm.org\/wp-content\/uploads\/2022\/01\/img_6084_1.jpeg\" alt=\"\" class=\"wp-image-31922\" srcset=\"https:\/\/qtmm.org\/wp-content\/uploads\/2022\/01\/img_6084_1.jpeg 800w, https:\/\/qtmm.org\/wp-content\/uploads\/2022\/01\/img_6084_1-300x225.jpeg 300w, https:\/\/qtmm.org\/wp-content\/uploads\/2022\/01\/img_6084_1-768x576.jpeg 768w\" sizes=\"auto, (max-width: 800px) 100vw, 800px\" \/><\/figure>\n","protected":false},"excerpt":{"rendered":"<p>2012 senesi iy\u00fcn 17 k\u00fcn\u00fc Q\u0131r\u0131mtatar halq\u0131 Meclisini\u00f1 reisi Mustafa Cemilev ve B\u00fct\u00fcnd\u00fcnya q\u0131r\u0131mtatarlar kongressini\u00f1 prezidenti Refat \u00c7ubarov Halqara PEN klub prezidenti Con Ralston Soul ile k\u00f6r\u00fc\u015ftiler.&nbsp; K\u00f6r\u00fc\u015f\u00fcvde bun\u0131\u00f1 kibi de Halqara PEN klub idaresini\u00f1 azas\u0131, K\u00f6reys PEN klub prezidenti, belli k\u00f6reys \u015fairi Li Gil Von ve Uy\u011fur PEN merkezini\u00f1 prezidenti, Q\u0131r\u0131mda VI Ural-AltayPEN-birli\u011fi Konferans\u0131n\u0131\u00f1 [&hellip;]<\/p>\n","protected":false},"author":1,"featured_media":31906,"comment_status":"open","ping_status":"open","sticky":false,"template":"","format":"standard","meta":{"inline_featured_image":false,"footnotes":""},"categories":[265],"tags":[],"class_list":["post-31901","post","type-post","status-publish","format-standard","has-post-thumbnail","hentry","category-haberler"],"acf":[],"yoast_head":"<!-- This site is optimized with the Yoast SEO plugin v27.4 - https:\/\/yoast.com\/product\/yoast-seo-wordpress\/ -->\n<title>Q\u0131r\u0131mtatar halq\u0131 Meclisini Halqara PEN klub prezidenti Con Ralston Soul ziyaret etti - \u041c\u0435\u0434\u0436\u043b\u0456\u0441<\/title>\n<meta name=\"robots\" content=\"index, follow, max-snippet:-1, max-image-preview:large, max-video-preview:-1\" \/>\n<link rel=\"canonical\" href=\"https:\/\/qtmm.org\/qt\/qirimtatar-halqi-meclisini-halqara-pen-klub-prezidenti-con-ralston-soul-ziyaret-etti\/\" \/>\n<meta property=\"og:locale\" content=\"en_US\" \/>\n<meta property=\"og:type\" content=\"article\" \/>\n<meta property=\"og:title\" content=\"Q\u0131r\u0131mtatar halq\u0131 Meclisini Halqara PEN klub prezidenti Con Ralston Soul ziyaret etti - \u041c\u0435\u0434\u0436\u043b\u0456\u0441\" \/>\n<meta property=\"og:description\" content=\"2012 senesi iy\u00fcn 17 k\u00fcn\u00fc Q\u0131r\u0131mtatar halq\u0131 Meclisini\u00f1 reisi Mustafa Cemilev ve B\u00fct\u00fcnd\u00fcnya q\u0131r\u0131mtatarlar kongressini\u00f1 prezidenti Refat \u00c7ubarov Halqara PEN klub prezidenti Con Ralston Soul ile k\u00f6r\u00fc\u015ftiler.&nbsp; K\u00f6r\u00fc\u015f\u00fcvde bun\u0131\u00f1 kibi de Halqara PEN klub idaresini\u00f1 azas\u0131, K\u00f6reys PEN klub prezidenti, belli k\u00f6reys \u015fairi Li Gil Von ve Uy\u011fur PEN merkezini\u00f1 prezidenti, Q\u0131r\u0131mda VI Ural-AltayPEN-birli\u011fi Konferans\u0131n\u0131\u00f1 [&hellip;]\" \/>\n<meta property=\"og:url\" content=\"https:\/\/qtmm.org\/qt\/qirimtatar-halqi-meclisini-halqara-pen-klub-prezidenti-con-ralston-soul-ziyaret-etti\/\" \/>\n<meta property=\"og:site_name\" content=\"\u041c\u0435\u0434\u0436\u043b\u0456\u0441\" \/>\n<meta property=\"article:publisher\" content=\"https:\/\/www.facebook.com\/qtmm.info\/\" \/>\n<meta property=\"article:published_time\" content=\"2012-06-18T18:28:00+00:00\" \/>\n<meta property=\"article:modified_time\" content=\"2022-01-21T18:29:26+00:00\" \/>\n<meta property=\"og:image\" content=\"https:\/\/qtmm.org\/wp-content\/uploads\/2022\/01\/img_6075.jpeg\" \/>\n\t<meta property=\"og:image:width\" content=\"800\" \/>\n\t<meta property=\"og:image:height\" content=\"600\" \/>\n\t<meta property=\"og:image:type\" content=\"image\/jpeg\" \/>\n<meta name=\"author\" content=\"Developer\" \/>\n<meta name=\"twitter:card\" content=\"summary_large_image\" \/>\n<meta name=\"twitter:label1\" content=\"Written by\" \/>\n\t<meta name=\"twitter:data1\" content=\"Developer\" \/>\n\t<meta name=\"twitter:label2\" content=\"Est. reading time\" \/>\n\t<meta name=\"twitter:data2\" content=\"2 minutes\" \/>\n<script type=\"application\/ld+json\" class=\"yoast-schema-graph\">{\"@context\":\"https:\\\/\\\/schema.org\",\"@graph\":[{\"@type\":\"Article\",\"@id\":\"https:\\\/\\\/qtmm.org\\\/qt\\\/qirimtatar-halqi-meclisini-halqara-pen-klub-prezidenti-con-ralston-soul-ziyaret-etti\\\/#article\",\"isPartOf\":{\"@id\":\"https:\\\/\\\/qtmm.org\\\/qt\\\/qirimtatar-halqi-meclisini-halqara-pen-klub-prezidenti-con-ralston-soul-ziyaret-etti\\\/\"},\"author\":{\"name\":\"Developer\",\"@id\":\"https:\\\/\\\/qtmm.org\\\/qt\\\/#\\\/schema\\\/person\\\/de562469f971dec226ac06e60bbf74a7\"},\"headline\":\"Q\u0131r\u0131mtatar halq\u0131 Meclisini Halqara PEN klub prezidenti Con Ralston Soul ziyaret etti\",\"datePublished\":\"2012-06-18T18:28:00+00:00\",\"dateModified\":\"2022-01-21T18:29:26+00:00\",\"mainEntityOfPage\":{\"@id\":\"https:\\\/\\\/qtmm.org\\\/qt\\\/qirimtatar-halqi-meclisini-halqara-pen-klub-prezidenti-con-ralston-soul-ziyaret-etti\\\/\"},\"wordCount\":382,\"commentCount\":0,\"publisher\":{\"@id\":\"https:\\\/\\\/qtmm.org\\\/qt\\\/#organization\"},\"image\":{\"@id\":\"https:\\\/\\\/qtmm.org\\\/qt\\\/qirimtatar-halqi-meclisini-halqara-pen-klub-prezidenti-con-ralston-soul-ziyaret-etti\\\/#primaryimage\"},\"thumbnailUrl\":\"https:\\\/\\\/qtmm.org\\\/wp-content\\\/uploads\\\/2022\\\/01\\\/img_6075.jpeg\",\"articleSection\":[\"Haberler\"],\"inLanguage\":\"qt\",\"potentialAction\":[{\"@type\":\"CommentAction\",\"name\":\"Comment\",\"target\":[\"https:\\\/\\\/qtmm.org\\\/qt\\\/qirimtatar-halqi-meclisini-halqara-pen-klub-prezidenti-con-ralston-soul-ziyaret-etti\\\/#respond\"]}]},{\"@type\":\"WebPage\",\"@id\":\"https:\\\/\\\/qtmm.org\\\/qt\\\/qirimtatar-halqi-meclisini-halqara-pen-klub-prezidenti-con-ralston-soul-ziyaret-etti\\\/\",\"url\":\"https:\\\/\\\/qtmm.org\\\/qt\\\/qirimtatar-halqi-meclisini-halqara-pen-klub-prezidenti-con-ralston-soul-ziyaret-etti\\\/\",\"name\":\"Q\u0131r\u0131mtatar halq\u0131 Meclisini Halqara PEN klub prezidenti Con Ralston Soul ziyaret etti - \u041c\u0435\u0434\u0436\u043b\u0456\u0441\",\"isPartOf\":{\"@id\":\"https:\\\/\\\/qtmm.org\\\/qt\\\/#website\"},\"primaryImageOfPage\":{\"@id\":\"https:\\\/\\\/qtmm.org\\\/qt\\\/qirimtatar-halqi-meclisini-halqara-pen-klub-prezidenti-con-ralston-soul-ziyaret-etti\\\/#primaryimage\"},\"image\":{\"@id\":\"https:\\\/\\\/qtmm.org\\\/qt\\\/qirimtatar-halqi-meclisini-halqara-pen-klub-prezidenti-con-ralston-soul-ziyaret-etti\\\/#primaryimage\"},\"thumbnailUrl\":\"https:\\\/\\\/qtmm.org\\\/wp-content\\\/uploads\\\/2022\\\/01\\\/img_6075.jpeg\",\"datePublished\":\"2012-06-18T18:28:00+00:00\",\"dateModified\":\"2022-01-21T18:29:26+00:00\",\"breadcrumb\":{\"@id\":\"https:\\\/\\\/qtmm.org\\\/qt\\\/qirimtatar-halqi-meclisini-halqara-pen-klub-prezidenti-con-ralston-soul-ziyaret-etti\\\/#breadcrumb\"},\"inLanguage\":\"qt\",\"potentialAction\":[{\"@type\":\"ReadAction\",\"target\":[\"https:\\\/\\\/qtmm.org\\\/qt\\\/qirimtatar-halqi-meclisini-halqara-pen-klub-prezidenti-con-ralston-soul-ziyaret-etti\\\/\"]}]},{\"@type\":\"ImageObject\",\"inLanguage\":\"qt\",\"@id\":\"https:\\\/\\\/qtmm.org\\\/qt\\\/qirimtatar-halqi-meclisini-halqara-pen-klub-prezidenti-con-ralston-soul-ziyaret-etti\\\/#primaryimage\",\"url\":\"https:\\\/\\\/qtmm.org\\\/wp-content\\\/uploads\\\/2022\\\/01\\\/img_6075.jpeg\",\"contentUrl\":\"https:\\\/\\\/qtmm.org\\\/wp-content\\\/uploads\\\/2022\\\/01\\\/img_6075.jpeg\",\"width\":800,\"height\":600},{\"@type\":\"BreadcrumbList\",\"@id\":\"https:\\\/\\\/qtmm.org\\\/qt\\\/qirimtatar-halqi-meclisini-halqara-pen-klub-prezidenti-con-ralston-soul-ziyaret-etti\\\/#breadcrumb\",\"itemListElement\":[{\"@type\":\"ListItem\",\"position\":1,\"name\":\"\u0413\u043e\u043b\u043e\u0432\u043d\u0430\",\"item\":\"https:\\\/\\\/qtmm.org\\\/qt\\\/\"},{\"@type\":\"ListItem\",\"position\":2,\"name\":\"Q\u0131r\u0131mtatar halq\u0131 Meclisini Halqara PEN klub prezidenti Con Ralston Soul ziyaret etti\"}]},{\"@type\":\"WebSite\",\"@id\":\"https:\\\/\\\/qtmm.org\\\/qt\\\/#website\",\"url\":\"https:\\\/\\\/qtmm.org\\\/qt\\\/\",\"name\":\"\u041c\u0435\u0434\u0436\u043b\u0456\u0441\",\"description\":\"\",\"publisher\":{\"@id\":\"https:\\\/\\\/qtmm.org\\\/qt\\\/#organization\"},\"potentialAction\":[{\"@type\":\"SearchAction\",\"target\":{\"@type\":\"EntryPoint\",\"urlTemplate\":\"https:\\\/\\\/qtmm.org\\\/qt\\\/?s={search_term_string}\"},\"query-input\":{\"@type\":\"PropertyValueSpecification\",\"valueRequired\":true,\"valueName\":\"search_term_string\"}}],\"inLanguage\":\"qt\"},{\"@type\":\"Organization\",\"@id\":\"https:\\\/\\\/qtmm.org\\\/qt\\\/#organization\",\"name\":\"\u041c\u0435\u0434\u0436\u043b\u0456\u0441\",\"url\":\"https:\\\/\\\/qtmm.org\\\/qt\\\/\",\"logo\":{\"@type\":\"ImageObject\",\"inLanguage\":\"qt\",\"@id\":\"https:\\\/\\\/qtmm.org\\\/qt\\\/#\\\/schema\\\/logo\\\/image\\\/\",\"url\":\"https:\\\/\\\/qtmm.org\\\/wp-content\\\/uploads\\\/2024\\\/12\\\/ua-mejlis-logo-rgb.svg\",\"contentUrl\":\"https:\\\/\\\/qtmm.org\\\/wp-content\\\/uploads\\\/2024\\\/12\\\/ua-mejlis-logo-rgb.svg\",\"caption\":\"\u041c\u0435\u0434\u0436\u043b\u0456\u0441\"},\"image\":{\"@id\":\"https:\\\/\\\/qtmm.org\\\/qt\\\/#\\\/schema\\\/logo\\\/image\\\/\"},\"sameAs\":[\"https:\\\/\\\/www.facebook.com\\\/qtmm.info\\\/\"]},{\"@type\":\"Person\",\"@id\":\"https:\\\/\\\/qtmm.org\\\/qt\\\/#\\\/schema\\\/person\\\/de562469f971dec226ac06e60bbf74a7\",\"name\":\"Developer\",\"image\":{\"@type\":\"ImageObject\",\"inLanguage\":\"qt\",\"@id\":\"https:\\\/\\\/secure.gravatar.com\\\/avatar\\\/392b4cc8fbfeb00b39dfeeab4ee6edded39ffd48e25858637e4765810300227e?s=96&d=mm&r=g\",\"url\":\"https:\\\/\\\/secure.gravatar.com\\\/avatar\\\/392b4cc8fbfeb00b39dfeeab4ee6edded39ffd48e25858637e4765810300227e?s=96&d=mm&r=g\",\"contentUrl\":\"https:\\\/\\\/secure.gravatar.com\\\/avatar\\\/392b4cc8fbfeb00b39dfeeab4ee6edded39ffd48e25858637e4765810300227e?s=96&d=mm&r=g\",\"caption\":\"Developer\"},\"url\":\"https:\\\/\\\/qtmm.org\\\/qt\\\/author\\\/Developer\\\/\"}]}<\/script>\n<!-- \/ Yoast SEO plugin. -->","yoast_head_json":{"title":"Q\u0131r\u0131mtatar halq\u0131 Meclisini Halqara PEN klub prezidenti Con Ralston Soul ziyaret etti - \u041c\u0435\u0434\u0436\u043b\u0456\u0441","robots":{"index":"index","follow":"follow","max-snippet":"max-snippet:-1","max-image-preview":"max-image-preview:large","max-video-preview":"max-video-preview:-1"},"canonical":"https:\/\/qtmm.org\/qt\/qirimtatar-halqi-meclisini-halqara-pen-klub-prezidenti-con-ralston-soul-ziyaret-etti\/","og_locale":"en_US","og_type":"article","og_title":"Q\u0131r\u0131mtatar halq\u0131 Meclisini Halqara PEN klub prezidenti Con Ralston Soul ziyaret etti - \u041c\u0435\u0434\u0436\u043b\u0456\u0441","og_description":"2012 senesi iy\u00fcn 17 k\u00fcn\u00fc Q\u0131r\u0131mtatar halq\u0131 Meclisini\u00f1 reisi Mustafa Cemilev ve B\u00fct\u00fcnd\u00fcnya q\u0131r\u0131mtatarlar kongressini\u00f1 prezidenti Refat \u00c7ubarov Halqara PEN klub prezidenti Con Ralston Soul ile k\u00f6r\u00fc\u015ftiler.&nbsp; K\u00f6r\u00fc\u015f\u00fcvde bun\u0131\u00f1 kibi de Halqara PEN klub idaresini\u00f1 azas\u0131, K\u00f6reys PEN klub prezidenti, belli k\u00f6reys \u015fairi Li Gil Von ve Uy\u011fur PEN merkezini\u00f1 prezidenti, Q\u0131r\u0131mda VI Ural-AltayPEN-birli\u011fi Konferans\u0131n\u0131\u00f1 [&hellip;]","og_url":"https:\/\/qtmm.org\/qt\/qirimtatar-halqi-meclisini-halqara-pen-klub-prezidenti-con-ralston-soul-ziyaret-etti\/","og_site_name":"\u041c\u0435\u0434\u0436\u043b\u0456\u0441","article_publisher":"https:\/\/www.facebook.com\/qtmm.info\/","article_published_time":"2012-06-18T18:28:00+00:00","article_modified_time":"2022-01-21T18:29:26+00:00","og_image":[{"width":800,"height":600,"url":"https:\/\/qtmm.org\/wp-content\/uploads\/2022\/01\/img_6075.jpeg","type":"image\/jpeg"}],"author":"Developer","twitter_card":"summary_large_image","twitter_misc":{"Written by":"Developer","Est. reading time":"2 minutes"},"schema":{"@context":"https:\/\/schema.org","@graph":[{"@type":"Article","@id":"https:\/\/qtmm.org\/qt\/qirimtatar-halqi-meclisini-halqara-pen-klub-prezidenti-con-ralston-soul-ziyaret-etti\/#article","isPartOf":{"@id":"https:\/\/qtmm.org\/qt\/qirimtatar-halqi-meclisini-halqara-pen-klub-prezidenti-con-ralston-soul-ziyaret-etti\/"},"author":{"name":"Developer","@id":"https:\/\/qtmm.org\/qt\/#\/schema\/person\/de562469f971dec226ac06e60bbf74a7"},"headline":"Q\u0131r\u0131mtatar halq\u0131 Meclisini Halqara PEN klub prezidenti Con Ralston Soul ziyaret etti","datePublished":"2012-06-18T18:28:00+00:00","dateModified":"2022-01-21T18:29:26+00:00","mainEntityOfPage":{"@id":"https:\/\/qtmm.org\/qt\/qirimtatar-halqi-meclisini-halqara-pen-klub-prezidenti-con-ralston-soul-ziyaret-etti\/"},"wordCount":382,"commentCount":0,"publisher":{"@id":"https:\/\/qtmm.org\/qt\/#organization"},"image":{"@id":"https:\/\/qtmm.org\/qt\/qirimtatar-halqi-meclisini-halqara-pen-klub-prezidenti-con-ralston-soul-ziyaret-etti\/#primaryimage"},"thumbnailUrl":"https:\/\/qtmm.org\/wp-content\/uploads\/2022\/01\/img_6075.jpeg","articleSection":["Haberler"],"inLanguage":"qt","potentialAction":[{"@type":"CommentAction","name":"Comment","target":["https:\/\/qtmm.org\/qt\/qirimtatar-halqi-meclisini-halqara-pen-klub-prezidenti-con-ralston-soul-ziyaret-etti\/#respond"]}]},{"@type":"WebPage","@id":"https:\/\/qtmm.org\/qt\/qirimtatar-halqi-meclisini-halqara-pen-klub-prezidenti-con-ralston-soul-ziyaret-etti\/","url":"https:\/\/qtmm.org\/qt\/qirimtatar-halqi-meclisini-halqara-pen-klub-prezidenti-con-ralston-soul-ziyaret-etti\/","name":"Q\u0131r\u0131mtatar halq\u0131 Meclisini Halqara PEN klub prezidenti Con Ralston Soul ziyaret etti - \u041c\u0435\u0434\u0436\u043b\u0456\u0441","isPartOf":{"@id":"https:\/\/qtmm.org\/qt\/#website"},"primaryImageOfPage":{"@id":"https:\/\/qtmm.org\/qt\/qirimtatar-halqi-meclisini-halqara-pen-klub-prezidenti-con-ralston-soul-ziyaret-etti\/#primaryimage"},"image":{"@id":"https:\/\/qtmm.org\/qt\/qirimtatar-halqi-meclisini-halqara-pen-klub-prezidenti-con-ralston-soul-ziyaret-etti\/#primaryimage"},"thumbnailUrl":"https:\/\/qtmm.org\/wp-content\/uploads\/2022\/01\/img_6075.jpeg","datePublished":"2012-06-18T18:28:00+00:00","dateModified":"2022-01-21T18:29:26+00:00","breadcrumb":{"@id":"https:\/\/qtmm.org\/qt\/qirimtatar-halqi-meclisini-halqara-pen-klub-prezidenti-con-ralston-soul-ziyaret-etti\/#breadcrumb"},"inLanguage":"qt","potentialAction":[{"@type":"ReadAction","target":["https:\/\/qtmm.org\/qt\/qirimtatar-halqi-meclisini-halqara-pen-klub-prezidenti-con-ralston-soul-ziyaret-etti\/"]}]},{"@type":"ImageObject","inLanguage":"qt","@id":"https:\/\/qtmm.org\/qt\/qirimtatar-halqi-meclisini-halqara-pen-klub-prezidenti-con-ralston-soul-ziyaret-etti\/#primaryimage","url":"https:\/\/qtmm.org\/wp-content\/uploads\/2022\/01\/img_6075.jpeg","contentUrl":"https:\/\/qtmm.org\/wp-content\/uploads\/2022\/01\/img_6075.jpeg","width":800,"height":600},{"@type":"BreadcrumbList","@id":"https:\/\/qtmm.org\/qt\/qirimtatar-halqi-meclisini-halqara-pen-klub-prezidenti-con-ralston-soul-ziyaret-etti\/#breadcrumb","itemListElement":[{"@type":"ListItem","position":1,"name":"\u0413\u043e\u043b\u043e\u0432\u043d\u0430","item":"https:\/\/qtmm.org\/qt\/"},{"@type":"ListItem","position":2,"name":"Q\u0131r\u0131mtatar halq\u0131 Meclisini Halqara PEN klub prezidenti Con Ralston Soul ziyaret etti"}]},{"@type":"WebSite","@id":"https:\/\/qtmm.org\/qt\/#website","url":"https:\/\/qtmm.org\/qt\/","name":"\u041c\u0435\u0434\u0436\u043b\u0456\u0441","description":"","publisher":{"@id":"https:\/\/qtmm.org\/qt\/#organization"},"potentialAction":[{"@type":"SearchAction","target":{"@type":"EntryPoint","urlTemplate":"https:\/\/qtmm.org\/qt\/?s={search_term_string}"},"query-input":{"@type":"PropertyValueSpecification","valueRequired":true,"valueName":"search_term_string"}}],"inLanguage":"qt"},{"@type":"Organization","@id":"https:\/\/qtmm.org\/qt\/#organization","name":"\u041c\u0435\u0434\u0436\u043b\u0456\u0441","url":"https:\/\/qtmm.org\/qt\/","logo":{"@type":"ImageObject","inLanguage":"qt","@id":"https:\/\/qtmm.org\/qt\/#\/schema\/logo\/image\/","url":"https:\/\/qtmm.org\/wp-content\/uploads\/2024\/12\/ua-mejlis-logo-rgb.svg","contentUrl":"https:\/\/qtmm.org\/wp-content\/uploads\/2024\/12\/ua-mejlis-logo-rgb.svg","caption":"\u041c\u0435\u0434\u0436\u043b\u0456\u0441"},"image":{"@id":"https:\/\/qtmm.org\/qt\/#\/schema\/logo\/image\/"},"sameAs":["https:\/\/www.facebook.com\/qtmm.info\/"]},{"@type":"Person","@id":"https:\/\/qtmm.org\/qt\/#\/schema\/person\/de562469f971dec226ac06e60bbf74a7","name":"Developer","image":{"@type":"ImageObject","inLanguage":"qt","@id":"https:\/\/secure.gravatar.com\/avatar\/392b4cc8fbfeb00b39dfeeab4ee6edded39ffd48e25858637e4765810300227e?s=96&d=mm&r=g","url":"https:\/\/secure.gravatar.com\/avatar\/392b4cc8fbfeb00b39dfeeab4ee6edded39ffd48e25858637e4765810300227e?s=96&d=mm&r=g","contentUrl":"https:\/\/secure.gravatar.com\/avatar\/392b4cc8fbfeb00b39dfeeab4ee6edded39ffd48e25858637e4765810300227e?s=96&d=mm&r=g","caption":"Developer"},"url":"https:\/\/qtmm.org\/qt\/author\/Developer\/"}]}},"_links":{"self":[{"href":"https:\/\/qtmm.org\/qt\/wp-json\/wp\/v2\/posts\/31901","targetHints":{"allow":["GET"]}}],"collection":[{"href":"https:\/\/qtmm.org\/qt\/wp-json\/wp\/v2\/posts"}],"about":[{"href":"https:\/\/qtmm.org\/qt\/wp-json\/wp\/v2\/types\/post"}],"author":[{"embeddable":true,"href":"https:\/\/qtmm.org\/qt\/wp-json\/wp\/v2\/users\/1"}],"replies":[{"embeddable":true,"href":"https:\/\/qtmm.org\/qt\/wp-json\/wp\/v2\/comments?post=31901"}],"version-history":[{"count":1,"href":"https:\/\/qtmm.org\/qt\/wp-json\/wp\/v2\/posts\/31901\/revisions"}],"predecessor-version":[{"id":31927,"href":"https:\/\/qtmm.org\/qt\/wp-json\/wp\/v2\/posts\/31901\/revisions\/31927"}],"wp:featuredmedia":[{"embeddable":true,"href":"https:\/\/qtmm.org\/qt\/wp-json\/wp\/v2\/media\/31906"}],"wp:attachment":[{"href":"https:\/\/qtmm.org\/qt\/wp-json\/wp\/v2\/media?parent=31901"}],"wp:term":[{"taxonomy":"category","embeddable":true,"href":"https:\/\/qtmm.org\/qt\/wp-json\/wp\/v2\/categories?post=31901"},{"taxonomy":"post_tag","embeddable":true,"href":"https:\/\/qtmm.org\/qt\/wp-json\/wp\/v2\/tags?post=31901"}],"curies":[{"name":"wp","href":"https:\/\/api.w.org\/{rel}","templated":true}]}}