




{"id":31891,"date":"2012-06-15T21:27:00","date_gmt":"2012-06-15T18:27:00","guid":{"rendered":"http:\/\/qtmm.org\/?p=31891"},"modified":"2022-01-21T21:28:04","modified_gmt":"2022-01-21T18:28:04","slug":"qirimda-ural-altay-pen-klubinin-konferentsiyasi-otkerilecek","status":"publish","type":"post","link":"https:\/\/qtmm.org\/qt\/qirimda-ural-altay-pen-klubinin-konferentsiyasi-otkerilecek\/","title":{"rendered":"Q\u0131r\u0131mda Ural-Altay Pen-klub\u0131n\u0131\u00f1 konferentsiyas\u0131 \u00f6tkerilecek"},"content":{"rendered":"\n<p>2012 senesi iy\u00fcn 18-den 21 \u2013ine qadar Aqmescitte Ural-Altay Pen-klub\u0131n\u0131\u00f1 IV-nci Halqara konferentsiyas\u0131 \u00f6tkerilecek.<\/p>\n\n\n\n<p>Konferentsiyan\u0131 Halqara PEN-klub yan\u0131nda Hayser Abdurasul Ozgun prezidentligindeki Uy\u011fur PEN-merkezi te\u015fkil\u00e2tland\u0131ra.<\/p>\n\n\n\n<p>Konferentsiya iy\u00fcn 18 k\u00fcn\u00fc saat 9. 30-da Ba\u011f\u00e7asarayda &#8220;Lari\u015fes&#8221; Q\u0131r\u0131m tarihiy m\u00fczeyinde a\u00e7\u0131lacaq.<\/p>\n\n\n\n<p>2012 senesi iy\u00fcn 19-da Aqmescitteki &#8220;Moskva&#8221; musafirhanesini\u00f1 k\u00fc\u00e7\u00fck mu\u015favereler zal\u0131nda Ural-Altay Pen-klub\u0131n\u0131\u00f1 IV-nc\u0131 Halqara konferentsiyas\u0131n\u0131\u00f1 yek\u00fcniy qarar\u0131 qabul etilecek.<\/p>\n\n\n\n<p>Konferentsiyan\u0131\u00f1 a\u00e7\u0131l\u0131\u015f\u0131nda sel\u00e2mlav ve maruzanen Halqara PEN-klub Prezidenti Con Ralston Soul \u00e7\u0131q\u0131\u015fta bulunacaq. Bun\u0131\u00f1 kibi de konferentsiyada Finl\u00e2ndiya, Q\u0131r\u011f\u0131zstan, Qazahistan, Tatarstan, Estoniya, Macaristan ve diger devlet Pen-klublar\u0131 reislerini\u00f1 i\u015ftirak etmesi beklenile.<\/p>\n\n\n\n<p>\u015eun\u0131 da hat\u0131rlatmal\u0131 ki, 2012 senesi mart 24 k\u00fcn\u00fc Uy\u011fur PEN-merkez prezidenti Hayser Abdurasul Ozgunnen k\u00f6r\u00fc\u015fken Meclis reisi Mustafa Cemilev Q\u0131r\u0131mda Ural-Altay tilleri ailesine kirgen halqlarn\u0131\u00f1 icatk\u00e2rlar\u0131n\u0131 birle\u015ftirecek Ural-Altay Pen-klub\u0131n\u0131\u00f1 IV-nc\u0131 Halqara konferentsiyas\u0131n\u0131 ke\u00e7ir\u00fcv te\u015febb\u00fcsine qoltutqan edi.<\/p>\n\n\n\n<p><em><strong>Mal\u00fcmat i\u00e7\u00fcn:<\/strong><\/em>&nbsp; PEN-klub \u2014 \u00e7e\u015fit edebiyat janrlar\u0131nda \u00e7al\u0131\u015fqan yaz\u0131c\u0131 ve jurnalistlerni birle\u015ftirgen \u00fck\u00fcmetten t\u0131\u015f halqara te\u015fkil\u00e2tt\u0131r. On\u0131\u00f1 maqsad\u0131 b\u00fct\u00fcn d\u00fcnya yaz\u0131c\u0131lar\u0131n\u0131\u00f1 icat etmesine qoltutuv ol\u0131p, te\u015fkil\u00e2t apste tutul\u011fan, siyasiy rejim taraf\u0131ndan basq\u0131 alt\u0131nda bulun\u011fan yaz\u0131c\u0131lar\u011fa yard\u0131m bermek, bediiy tercime ustal\u0131\u011f\u0131n\u0131 inki\u015faf ettirmektir.<\/p>\n","protected":false},"excerpt":{"rendered":"<p>2012 senesi iy\u00fcn 18-den 21 \u2013ine qadar Aqmescitte Ural-Altay Pen-klub\u0131n\u0131\u00f1 IV-nci Halqara konferentsiyas\u0131 \u00f6tkerilecek. Konferentsiyan\u0131 Halqara PEN-klub yan\u0131nda Hayser Abdurasul Ozgun prezidentligindeki Uy\u011fur PEN-merkezi te\u015fkil\u00e2tland\u0131ra. Konferentsiya iy\u00fcn 18 k\u00fcn\u00fc saat 9. 30-da Ba\u011f\u00e7asarayda &#8220;Lari\u015fes&#8221; Q\u0131r\u0131m tarihiy m\u00fczeyinde a\u00e7\u0131lacaq. 2012 senesi iy\u00fcn 19-da Aqmescitteki &#8220;Moskva&#8221; musafirhanesini\u00f1 k\u00fc\u00e7\u00fck mu\u015favereler zal\u0131nda Ural-Altay Pen-klub\u0131n\u0131\u00f1 IV-nc\u0131 Halqara konferentsiyas\u0131n\u0131\u00f1 yek\u00fcniy qarar\u0131 [&hellip;]<\/p>\n","protected":false},"author":1,"featured_media":0,"comment_status":"open","ping_status":"open","sticky":false,"template":"","format":"standard","meta":{"inline_featured_image":false,"footnotes":""},"categories":[265],"tags":[],"class_list":["post-31891","post","type-post","status-publish","format-standard","hentry","category-haberler"],"acf":[],"yoast_head":"<!-- This site is optimized with the Yoast SEO plugin v27.4 - https:\/\/yoast.com\/product\/yoast-seo-wordpress\/ -->\n<title>Q\u0131r\u0131mda Ural-Altay Pen-klub\u0131n\u0131\u00f1 konferentsiyas\u0131 \u00f6tkerilecek - \u041c\u0435\u0434\u0436\u043b\u0456\u0441<\/title>\n<meta name=\"robots\" content=\"index, follow, max-snippet:-1, max-image-preview:large, max-video-preview:-1\" \/>\n<link rel=\"canonical\" href=\"https:\/\/qtmm.org\/qt\/qirimda-ural-altay-pen-klubinin-konferentsiyasi-otkerilecek\/\" \/>\n<meta property=\"og:locale\" content=\"en_US\" \/>\n<meta property=\"og:type\" content=\"article\" \/>\n<meta property=\"og:title\" content=\"Q\u0131r\u0131mda Ural-Altay Pen-klub\u0131n\u0131\u00f1 konferentsiyas\u0131 \u00f6tkerilecek - \u041c\u0435\u0434\u0436\u043b\u0456\u0441\" \/>\n<meta property=\"og:description\" content=\"2012 senesi iy\u00fcn 18-den 21 \u2013ine qadar Aqmescitte Ural-Altay Pen-klub\u0131n\u0131\u00f1 IV-nci Halqara konferentsiyas\u0131 \u00f6tkerilecek. Konferentsiyan\u0131 Halqara PEN-klub yan\u0131nda Hayser Abdurasul Ozgun prezidentligindeki Uy\u011fur PEN-merkezi te\u015fkil\u00e2tland\u0131ra. Konferentsiya iy\u00fcn 18 k\u00fcn\u00fc saat 9. 30-da Ba\u011f\u00e7asarayda &#8220;Lari\u015fes&#8221; Q\u0131r\u0131m tarihiy m\u00fczeyinde a\u00e7\u0131lacaq. 2012 senesi iy\u00fcn 19-da Aqmescitteki &#8220;Moskva&#8221; musafirhanesini\u00f1 k\u00fc\u00e7\u00fck mu\u015favereler zal\u0131nda Ural-Altay Pen-klub\u0131n\u0131\u00f1 IV-nc\u0131 Halqara konferentsiyas\u0131n\u0131\u00f1 yek\u00fcniy qarar\u0131 [&hellip;]\" \/>\n<meta property=\"og:url\" content=\"https:\/\/qtmm.org\/qt\/qirimda-ural-altay-pen-klubinin-konferentsiyasi-otkerilecek\/\" \/>\n<meta property=\"og:site_name\" content=\"\u041c\u0435\u0434\u0436\u043b\u0456\u0441\" \/>\n<meta property=\"article:publisher\" content=\"https:\/\/www.facebook.com\/qtmm.info\/\" \/>\n<meta property=\"article:published_time\" content=\"2012-06-15T18:27:00+00:00\" \/>\n<meta property=\"article:modified_time\" content=\"2022-01-21T18:28:04+00:00\" \/>\n<meta name=\"author\" content=\"Developer\" \/>\n<meta name=\"twitter:card\" content=\"summary_large_image\" \/>\n<meta name=\"twitter:label1\" content=\"Written by\" \/>\n\t<meta name=\"twitter:data1\" content=\"Developer\" \/>\n\t<meta name=\"twitter:label2\" content=\"Est. reading time\" \/>\n\t<meta name=\"twitter:data2\" content=\"1 minute\" \/>\n<script type=\"application\/ld+json\" class=\"yoast-schema-graph\">{\"@context\":\"https:\\\/\\\/schema.org\",\"@graph\":[{\"@type\":\"Article\",\"@id\":\"https:\\\/\\\/qtmm.org\\\/qt\\\/qirimda-ural-altay-pen-klubinin-konferentsiyasi-otkerilecek\\\/#article\",\"isPartOf\":{\"@id\":\"https:\\\/\\\/qtmm.org\\\/qt\\\/qirimda-ural-altay-pen-klubinin-konferentsiyasi-otkerilecek\\\/\"},\"author\":{\"name\":\"Developer\",\"@id\":\"https:\\\/\\\/qtmm.org\\\/qt\\\/#\\\/schema\\\/person\\\/de562469f971dec226ac06e60bbf74a7\"},\"headline\":\"Q\u0131r\u0131mda Ural-Altay Pen-klub\u0131n\u0131\u00f1 konferentsiyas\u0131 \u00f6tkerilecek\",\"datePublished\":\"2012-06-15T18:27:00+00:00\",\"dateModified\":\"2022-01-21T18:28:04+00:00\",\"mainEntityOfPage\":{\"@id\":\"https:\\\/\\\/qtmm.org\\\/qt\\\/qirimda-ural-altay-pen-klubinin-konferentsiyasi-otkerilecek\\\/\"},\"wordCount\":244,\"commentCount\":0,\"publisher\":{\"@id\":\"https:\\\/\\\/qtmm.org\\\/qt\\\/#organization\"},\"articleSection\":[\"Haberler\"],\"inLanguage\":\"qt\",\"potentialAction\":[{\"@type\":\"CommentAction\",\"name\":\"Comment\",\"target\":[\"https:\\\/\\\/qtmm.org\\\/qt\\\/qirimda-ural-altay-pen-klubinin-konferentsiyasi-otkerilecek\\\/#respond\"]}]},{\"@type\":\"WebPage\",\"@id\":\"https:\\\/\\\/qtmm.org\\\/qt\\\/qirimda-ural-altay-pen-klubinin-konferentsiyasi-otkerilecek\\\/\",\"url\":\"https:\\\/\\\/qtmm.org\\\/qt\\\/qirimda-ural-altay-pen-klubinin-konferentsiyasi-otkerilecek\\\/\",\"name\":\"Q\u0131r\u0131mda Ural-Altay Pen-klub\u0131n\u0131\u00f1 konferentsiyas\u0131 \u00f6tkerilecek - \u041c\u0435\u0434\u0436\u043b\u0456\u0441\",\"isPartOf\":{\"@id\":\"https:\\\/\\\/qtmm.org\\\/qt\\\/#website\"},\"datePublished\":\"2012-06-15T18:27:00+00:00\",\"dateModified\":\"2022-01-21T18:28:04+00:00\",\"breadcrumb\":{\"@id\":\"https:\\\/\\\/qtmm.org\\\/qt\\\/qirimda-ural-altay-pen-klubinin-konferentsiyasi-otkerilecek\\\/#breadcrumb\"},\"inLanguage\":\"qt\",\"potentialAction\":[{\"@type\":\"ReadAction\",\"target\":[\"https:\\\/\\\/qtmm.org\\\/qt\\\/qirimda-ural-altay-pen-klubinin-konferentsiyasi-otkerilecek\\\/\"]}]},{\"@type\":\"BreadcrumbList\",\"@id\":\"https:\\\/\\\/qtmm.org\\\/qt\\\/qirimda-ural-altay-pen-klubinin-konferentsiyasi-otkerilecek\\\/#breadcrumb\",\"itemListElement\":[{\"@type\":\"ListItem\",\"position\":1,\"name\":\"\u0413\u043e\u043b\u043e\u0432\u043d\u0430\",\"item\":\"https:\\\/\\\/qtmm.org\\\/qt\\\/\"},{\"@type\":\"ListItem\",\"position\":2,\"name\":\"Q\u0131r\u0131mda Ural-Altay Pen-klub\u0131n\u0131\u00f1 konferentsiyas\u0131 \u00f6tkerilecek\"}]},{\"@type\":\"WebSite\",\"@id\":\"https:\\\/\\\/qtmm.org\\\/qt\\\/#website\",\"url\":\"https:\\\/\\\/qtmm.org\\\/qt\\\/\",\"name\":\"\u041c\u0435\u0434\u0436\u043b\u0456\u0441\",\"description\":\"\",\"publisher\":{\"@id\":\"https:\\\/\\\/qtmm.org\\\/qt\\\/#organization\"},\"potentialAction\":[{\"@type\":\"SearchAction\",\"target\":{\"@type\":\"EntryPoint\",\"urlTemplate\":\"https:\\\/\\\/qtmm.org\\\/qt\\\/?s={search_term_string}\"},\"query-input\":{\"@type\":\"PropertyValueSpecification\",\"valueRequired\":true,\"valueName\":\"search_term_string\"}}],\"inLanguage\":\"qt\"},{\"@type\":\"Organization\",\"@id\":\"https:\\\/\\\/qtmm.org\\\/qt\\\/#organization\",\"name\":\"\u041c\u0435\u0434\u0436\u043b\u0456\u0441\",\"url\":\"https:\\\/\\\/qtmm.org\\\/qt\\\/\",\"logo\":{\"@type\":\"ImageObject\",\"inLanguage\":\"qt\",\"@id\":\"https:\\\/\\\/qtmm.org\\\/qt\\\/#\\\/schema\\\/logo\\\/image\\\/\",\"url\":\"https:\\\/\\\/qtmm.org\\\/wp-content\\\/uploads\\\/2024\\\/12\\\/ua-mejlis-logo-rgb.svg\",\"contentUrl\":\"https:\\\/\\\/qtmm.org\\\/wp-content\\\/uploads\\\/2024\\\/12\\\/ua-mejlis-logo-rgb.svg\",\"caption\":\"\u041c\u0435\u0434\u0436\u043b\u0456\u0441\"},\"image\":{\"@id\":\"https:\\\/\\\/qtmm.org\\\/qt\\\/#\\\/schema\\\/logo\\\/image\\\/\"},\"sameAs\":[\"https:\\\/\\\/www.facebook.com\\\/qtmm.info\\\/\"]},{\"@type\":\"Person\",\"@id\":\"https:\\\/\\\/qtmm.org\\\/qt\\\/#\\\/schema\\\/person\\\/de562469f971dec226ac06e60bbf74a7\",\"name\":\"Developer\",\"image\":{\"@type\":\"ImageObject\",\"inLanguage\":\"qt\",\"@id\":\"https:\\\/\\\/secure.gravatar.com\\\/avatar\\\/392b4cc8fbfeb00b39dfeeab4ee6edded39ffd48e25858637e4765810300227e?s=96&d=mm&r=g\",\"url\":\"https:\\\/\\\/secure.gravatar.com\\\/avatar\\\/392b4cc8fbfeb00b39dfeeab4ee6edded39ffd48e25858637e4765810300227e?s=96&d=mm&r=g\",\"contentUrl\":\"https:\\\/\\\/secure.gravatar.com\\\/avatar\\\/392b4cc8fbfeb00b39dfeeab4ee6edded39ffd48e25858637e4765810300227e?s=96&d=mm&r=g\",\"caption\":\"Developer\"},\"url\":\"https:\\\/\\\/qtmm.org\\\/qt\\\/author\\\/Developer\\\/\"}]}<\/script>\n<!-- \/ Yoast SEO plugin. -->","yoast_head_json":{"title":"Q\u0131r\u0131mda Ural-Altay Pen-klub\u0131n\u0131\u00f1 konferentsiyas\u0131 \u00f6tkerilecek - \u041c\u0435\u0434\u0436\u043b\u0456\u0441","robots":{"index":"index","follow":"follow","max-snippet":"max-snippet:-1","max-image-preview":"max-image-preview:large","max-video-preview":"max-video-preview:-1"},"canonical":"https:\/\/qtmm.org\/qt\/qirimda-ural-altay-pen-klubinin-konferentsiyasi-otkerilecek\/","og_locale":"en_US","og_type":"article","og_title":"Q\u0131r\u0131mda Ural-Altay Pen-klub\u0131n\u0131\u00f1 konferentsiyas\u0131 \u00f6tkerilecek - \u041c\u0435\u0434\u0436\u043b\u0456\u0441","og_description":"2012 senesi iy\u00fcn 18-den 21 \u2013ine qadar Aqmescitte Ural-Altay Pen-klub\u0131n\u0131\u00f1 IV-nci Halqara konferentsiyas\u0131 \u00f6tkerilecek. Konferentsiyan\u0131 Halqara PEN-klub yan\u0131nda Hayser Abdurasul Ozgun prezidentligindeki Uy\u011fur PEN-merkezi te\u015fkil\u00e2tland\u0131ra. Konferentsiya iy\u00fcn 18 k\u00fcn\u00fc saat 9. 30-da Ba\u011f\u00e7asarayda &#8220;Lari\u015fes&#8221; Q\u0131r\u0131m tarihiy m\u00fczeyinde a\u00e7\u0131lacaq. 2012 senesi iy\u00fcn 19-da Aqmescitteki &#8220;Moskva&#8221; musafirhanesini\u00f1 k\u00fc\u00e7\u00fck mu\u015favereler zal\u0131nda Ural-Altay Pen-klub\u0131n\u0131\u00f1 IV-nc\u0131 Halqara konferentsiyas\u0131n\u0131\u00f1 yek\u00fcniy qarar\u0131 [&hellip;]","og_url":"https:\/\/qtmm.org\/qt\/qirimda-ural-altay-pen-klubinin-konferentsiyasi-otkerilecek\/","og_site_name":"\u041c\u0435\u0434\u0436\u043b\u0456\u0441","article_publisher":"https:\/\/www.facebook.com\/qtmm.info\/","article_published_time":"2012-06-15T18:27:00+00:00","article_modified_time":"2022-01-21T18:28:04+00:00","author":"Developer","twitter_card":"summary_large_image","twitter_misc":{"Written by":"Developer","Est. reading time":"1 minute"},"schema":{"@context":"https:\/\/schema.org","@graph":[{"@type":"Article","@id":"https:\/\/qtmm.org\/qt\/qirimda-ural-altay-pen-klubinin-konferentsiyasi-otkerilecek\/#article","isPartOf":{"@id":"https:\/\/qtmm.org\/qt\/qirimda-ural-altay-pen-klubinin-konferentsiyasi-otkerilecek\/"},"author":{"name":"Developer","@id":"https:\/\/qtmm.org\/qt\/#\/schema\/person\/de562469f971dec226ac06e60bbf74a7"},"headline":"Q\u0131r\u0131mda Ural-Altay Pen-klub\u0131n\u0131\u00f1 konferentsiyas\u0131 \u00f6tkerilecek","datePublished":"2012-06-15T18:27:00+00:00","dateModified":"2022-01-21T18:28:04+00:00","mainEntityOfPage":{"@id":"https:\/\/qtmm.org\/qt\/qirimda-ural-altay-pen-klubinin-konferentsiyasi-otkerilecek\/"},"wordCount":244,"commentCount":0,"publisher":{"@id":"https:\/\/qtmm.org\/qt\/#organization"},"articleSection":["Haberler"],"inLanguage":"qt","potentialAction":[{"@type":"CommentAction","name":"Comment","target":["https:\/\/qtmm.org\/qt\/qirimda-ural-altay-pen-klubinin-konferentsiyasi-otkerilecek\/#respond"]}]},{"@type":"WebPage","@id":"https:\/\/qtmm.org\/qt\/qirimda-ural-altay-pen-klubinin-konferentsiyasi-otkerilecek\/","url":"https:\/\/qtmm.org\/qt\/qirimda-ural-altay-pen-klubinin-konferentsiyasi-otkerilecek\/","name":"Q\u0131r\u0131mda Ural-Altay Pen-klub\u0131n\u0131\u00f1 konferentsiyas\u0131 \u00f6tkerilecek - \u041c\u0435\u0434\u0436\u043b\u0456\u0441","isPartOf":{"@id":"https:\/\/qtmm.org\/qt\/#website"},"datePublished":"2012-06-15T18:27:00+00:00","dateModified":"2022-01-21T18:28:04+00:00","breadcrumb":{"@id":"https:\/\/qtmm.org\/qt\/qirimda-ural-altay-pen-klubinin-konferentsiyasi-otkerilecek\/#breadcrumb"},"inLanguage":"qt","potentialAction":[{"@type":"ReadAction","target":["https:\/\/qtmm.org\/qt\/qirimda-ural-altay-pen-klubinin-konferentsiyasi-otkerilecek\/"]}]},{"@type":"BreadcrumbList","@id":"https:\/\/qtmm.org\/qt\/qirimda-ural-altay-pen-klubinin-konferentsiyasi-otkerilecek\/#breadcrumb","itemListElement":[{"@type":"ListItem","position":1,"name":"\u0413\u043e\u043b\u043e\u0432\u043d\u0430","item":"https:\/\/qtmm.org\/qt\/"},{"@type":"ListItem","position":2,"name":"Q\u0131r\u0131mda Ural-Altay Pen-klub\u0131n\u0131\u00f1 konferentsiyas\u0131 \u00f6tkerilecek"}]},{"@type":"WebSite","@id":"https:\/\/qtmm.org\/qt\/#website","url":"https:\/\/qtmm.org\/qt\/","name":"\u041c\u0435\u0434\u0436\u043b\u0456\u0441","description":"","publisher":{"@id":"https:\/\/qtmm.org\/qt\/#organization"},"potentialAction":[{"@type":"SearchAction","target":{"@type":"EntryPoint","urlTemplate":"https:\/\/qtmm.org\/qt\/?s={search_term_string}"},"query-input":{"@type":"PropertyValueSpecification","valueRequired":true,"valueName":"search_term_string"}}],"inLanguage":"qt"},{"@type":"Organization","@id":"https:\/\/qtmm.org\/qt\/#organization","name":"\u041c\u0435\u0434\u0436\u043b\u0456\u0441","url":"https:\/\/qtmm.org\/qt\/","logo":{"@type":"ImageObject","inLanguage":"qt","@id":"https:\/\/qtmm.org\/qt\/#\/schema\/logo\/image\/","url":"https:\/\/qtmm.org\/wp-content\/uploads\/2024\/12\/ua-mejlis-logo-rgb.svg","contentUrl":"https:\/\/qtmm.org\/wp-content\/uploads\/2024\/12\/ua-mejlis-logo-rgb.svg","caption":"\u041c\u0435\u0434\u0436\u043b\u0456\u0441"},"image":{"@id":"https:\/\/qtmm.org\/qt\/#\/schema\/logo\/image\/"},"sameAs":["https:\/\/www.facebook.com\/qtmm.info\/"]},{"@type":"Person","@id":"https:\/\/qtmm.org\/qt\/#\/schema\/person\/de562469f971dec226ac06e60bbf74a7","name":"Developer","image":{"@type":"ImageObject","inLanguage":"qt","@id":"https:\/\/secure.gravatar.com\/avatar\/392b4cc8fbfeb00b39dfeeab4ee6edded39ffd48e25858637e4765810300227e?s=96&d=mm&r=g","url":"https:\/\/secure.gravatar.com\/avatar\/392b4cc8fbfeb00b39dfeeab4ee6edded39ffd48e25858637e4765810300227e?s=96&d=mm&r=g","contentUrl":"https:\/\/secure.gravatar.com\/avatar\/392b4cc8fbfeb00b39dfeeab4ee6edded39ffd48e25858637e4765810300227e?s=96&d=mm&r=g","caption":"Developer"},"url":"https:\/\/qtmm.org\/qt\/author\/Developer\/"}]}},"_links":{"self":[{"href":"https:\/\/qtmm.org\/qt\/wp-json\/wp\/v2\/posts\/31891","targetHints":{"allow":["GET"]}}],"collection":[{"href":"https:\/\/qtmm.org\/qt\/wp-json\/wp\/v2\/posts"}],"about":[{"href":"https:\/\/qtmm.org\/qt\/wp-json\/wp\/v2\/types\/post"}],"author":[{"embeddable":true,"href":"https:\/\/qtmm.org\/qt\/wp-json\/wp\/v2\/users\/1"}],"replies":[{"embeddable":true,"href":"https:\/\/qtmm.org\/qt\/wp-json\/wp\/v2\/comments?post=31891"}],"version-history":[{"count":1,"href":"https:\/\/qtmm.org\/qt\/wp-json\/wp\/v2\/posts\/31891\/revisions"}],"predecessor-version":[{"id":31896,"href":"https:\/\/qtmm.org\/qt\/wp-json\/wp\/v2\/posts\/31891\/revisions\/31896"}],"wp:attachment":[{"href":"https:\/\/qtmm.org\/qt\/wp-json\/wp\/v2\/media?parent=31891"}],"wp:term":[{"taxonomy":"category","embeddable":true,"href":"https:\/\/qtmm.org\/qt\/wp-json\/wp\/v2\/categories?post=31891"},{"taxonomy":"post_tag","embeddable":true,"href":"https:\/\/qtmm.org\/qt\/wp-json\/wp\/v2\/tags?post=31891"}],"curies":[{"name":"wp","href":"https:\/\/api.w.org\/{rel}","templated":true}]}}