




{"id":31876,"date":"2012-06-14T21:25:00","date_gmt":"2012-06-14T18:25:00","guid":{"rendered":"http:\/\/qtmm.org\/?p=31876"},"modified":"2022-01-21T21:26:43","modified_gmt":"2022-01-21T18:26:43","slug":"meclis-5-nci-cagirilis-qirimtatar-halqi-qurultayi-dortunci-sessiyasini-keciruv-muddetini-belgiledi","status":"publish","type":"post","link":"https:\/\/qtmm.org\/qt\/meclis-5-nci-cagirilis-qirimtatar-halqi-qurultayi-dortunci-sessiyasini-keciruv-muddetini-belgiledi\/","title":{"rendered":"Meclis 5-nci \u00e7a\u011f\u0131r\u0131l\u0131\u015f Q\u0131r\u0131mtatar halq\u0131 qurultay\u0131 d\u00f6rt\u00fcnci sessiyas\u0131n\u0131 ke\u00e7ir\u00fcv m\u00fcddetini belgiledi"},"content":{"rendered":"\n<p>2012 senesi iy\u00fcn 13 k\u00fcn\u00fc ol\u0131p ke\u00e7ken Q\u0131r\u0131mtatar halq\u0131 Meclisini\u00f1 topla\u015fuv\u0131nda 5-nci \u00e7a\u011f\u0131r\u0131l\u0131\u015f Q\u0131r\u0131mtatar halq\u0131 qurultay\u0131 d\u00f6rt\u00fcnci sessiyas\u0131n\u0131 ke\u00e7ir\u00fcv m\u00fcddetini ve yerini belgiledi.<\/p>\n\n\n\n<p>Qurultayn\u0131\u00f1 4-nci sessiyas\u0131n\u0131 \u00f6tker\u00fcv m\u00fcddeti boyunca muzakereden so\u00f1 Meclis azalar\u0131 Qurultay reglamentine k\u00f6re sessiyan\u0131 2012 senesi iy\u00fcl 21-22 k\u00fcnleri ke\u00e7irmek qarar\u0131n\u0131 al\u0131p, Qurultay\u011fa az\u0131rl\u0131q boyunca Te\u015fkiliy h\u0131zmet erk\u00e2n\u0131n\u0131 da tasdiqlad\u0131lar.<\/p>\n\n\n\n<p>Bun\u0131\u00f1 kibi de Meclis azalar\u0131 Qurultay reglamentinen belgilengen m\u00fcddette delegatlar\u011fa k\u00fcn tertibine kirsetmek teklif etilgen bir s\u0131ra meseleler boyunca da fikir payla\u015ft\u0131lar. Qurultayda baq\u0131lmas\u0131 i\u00e7\u00fcn a\u015fa\u011f\u0131daki esas meseleler teklif etile:<br><br>&#8211; Q\u0131r\u0131mtatar halq\u0131 qurultay\u0131 5-nc\u0131 \u00e7a\u011f\u0131r\u0131l\u0131\u015f delegatlar\u0131n\u0131 saylav aqq\u0131nda nizamn\u0131 tasdiqlav;<br><br>&#8211; 2012 senesi okt\u00e2br ay\u0131nda Ukraina halq deputatlar\u0131n\u0131 saylav aqq\u0131nda<br><br>&#8211; q\u0131r\u0131mtatar halq\u0131n\u0131\u00f1 milliy gimni aqq\u0131nda<\/p>\n\n\n\n<figure class=\"wp-block-image size-full\"><img loading=\"lazy\" decoding=\"async\" width=\"650\" height=\"294\" src=\"http:\/\/qtmm.org\/wp-content\/uploads\/2022\/01\/2_54.jpeg\" alt=\"\" class=\"wp-image-31882\" srcset=\"https:\/\/qtmm.org\/wp-content\/uploads\/2022\/01\/2_54.jpeg 650w, https:\/\/qtmm.org\/wp-content\/uploads\/2022\/01\/2_54-300x136.jpeg 300w\" sizes=\"auto, (max-width: 650px) 100vw, 650px\" \/><\/figure>\n\n\n\n<p>Q\u0131r\u0131mtatar halq\u0131 Meclisini\u00f1 azalar\u0131 Qurultay\u011fa az\u0131rl\u0131q boyunca Te\u015fkiliy h\u0131zmetke yaq\u0131n on k\u00fcn i\u00e7inde Meclisni\u00f1 muzakeresine Q\u0131r\u0131mtatar halq\u0131 qurultay\u0131 U1-nc\u0131 \u00e7a\u011f\u0131r\u0131l\u0131\u015f delegatlar\u0131n\u0131 majoritar-proportsional sistema esas\u0131nda gizli rey ber\u00fcv yolunen do\u011frudan-do\u011fru umumiy, musaviy saylavn\u0131 k\u00f6zde tutqan saylav aqq\u0131nda nizamn\u0131 tasdiqlav\u011fa bermesi avale etildi.<\/p>\n\n\n\n<p>Qar\u0131\u015f\u0131q majoritar ve proportsional saylav sistemas\u0131 boyunca se\u00e7ilgen delegatlarn\u0131\u00f1 say\u0131s\u0131 aqq\u0131nda \u00e7e\u015fit t\u00fcrl\u00fc fikirler ya\u00f1\u011f\u0131rad\u0131. Qurultay delegatlar\u0131n\u0131 saylav Nizam leyhas\u0131nda bir qa\u00e7 variant teklif olun\u0131p, olardan tek biri Qurultay delegatlar\u0131 taraf\u0131ndan tasdiqlanacaq.<\/p>\n\n\n\n<p>Qurultay reglamentine k\u00f6re Q\u0131r\u0131mtatar halq\u0131 qurultay\u0131 4-nci sessiyas\u0131n\u0131\u00f1 k\u00fcn tertibi kesinliknen delegatlar taraf\u0131ndan toplant\u0131n\u0131\u00f1 ba\u015f\u0131nda tasdiqlana<\/p>\n\n\n\n<figure class=\"wp-block-image size-full\"><img loading=\"lazy\" decoding=\"async\" width=\"650\" height=\"382\" src=\"http:\/\/qtmm.org\/wp-content\/uploads\/2022\/01\/3_33.jpeg\" alt=\"\" class=\"wp-image-31886\" srcset=\"https:\/\/qtmm.org\/wp-content\/uploads\/2022\/01\/3_33.jpeg 650w, https:\/\/qtmm.org\/wp-content\/uploads\/2022\/01\/3_33-300x176.jpeg 300w\" sizes=\"auto, (max-width: 650px) 100vw, 650px\" \/><figcaption>OLYMPUS DIGITAL CAMERA<\/figcaption><\/figure>\n","protected":false},"excerpt":{"rendered":"<p>2012 senesi iy\u00fcn 13 k\u00fcn\u00fc ol\u0131p ke\u00e7ken Q\u0131r\u0131mtatar halq\u0131 Meclisini\u00f1 topla\u015fuv\u0131nda 5-nci \u00e7a\u011f\u0131r\u0131l\u0131\u015f Q\u0131r\u0131mtatar halq\u0131 qurultay\u0131 d\u00f6rt\u00fcnci sessiyas\u0131n\u0131 ke\u00e7ir\u00fcv m\u00fcddetini ve yerini belgiledi. Qurultayn\u0131\u00f1 4-nci sessiyas\u0131n\u0131 \u00f6tker\u00fcv m\u00fcddeti boyunca muzakereden so\u00f1 Meclis azalar\u0131 Qurultay reglamentine k\u00f6re sessiyan\u0131 2012 senesi iy\u00fcl 21-22 k\u00fcnleri ke\u00e7irmek qarar\u0131n\u0131 al\u0131p, Qurultay\u011fa az\u0131rl\u0131q boyunca Te\u015fkiliy h\u0131zmet erk\u00e2n\u0131n\u0131 da tasdiqlad\u0131lar. Bun\u0131\u00f1 kibi [&hellip;]<\/p>\n","protected":false},"author":1,"featured_media":31878,"comment_status":"open","ping_status":"open","sticky":false,"template":"","format":"standard","meta":{"inline_featured_image":false,"footnotes":""},"categories":[265],"tags":[],"class_list":["post-31876","post","type-post","status-publish","format-standard","has-post-thumbnail","hentry","category-haberler"],"acf":[],"yoast_head":"<!-- This site is optimized with the Yoast SEO plugin v27.4 - https:\/\/yoast.com\/product\/yoast-seo-wordpress\/ -->\n<title>Meclis 5-nci \u00e7a\u011f\u0131r\u0131l\u0131\u015f Q\u0131r\u0131mtatar halq\u0131 qurultay\u0131 d\u00f6rt\u00fcnci sessiyas\u0131n\u0131 ke\u00e7ir\u00fcv m\u00fcddetini belgiledi - \u041c\u0435\u0434\u0436\u043b\u0456\u0441<\/title>\n<meta name=\"robots\" content=\"index, follow, max-snippet:-1, max-image-preview:large, max-video-preview:-1\" \/>\n<link rel=\"canonical\" href=\"https:\/\/qtmm.org\/qt\/meclis-5-nci-cagirilis-qirimtatar-halqi-qurultayi-dortunci-sessiyasini-keciruv-muddetini-belgiledi\/\" \/>\n<meta property=\"og:locale\" content=\"en_US\" \/>\n<meta property=\"og:type\" content=\"article\" \/>\n<meta property=\"og:title\" content=\"Meclis 5-nci \u00e7a\u011f\u0131r\u0131l\u0131\u015f Q\u0131r\u0131mtatar halq\u0131 qurultay\u0131 d\u00f6rt\u00fcnci sessiyas\u0131n\u0131 ke\u00e7ir\u00fcv m\u00fcddetini belgiledi - \u041c\u0435\u0434\u0436\u043b\u0456\u0441\" \/>\n<meta property=\"og:description\" content=\"2012 senesi iy\u00fcn 13 k\u00fcn\u00fc ol\u0131p ke\u00e7ken Q\u0131r\u0131mtatar halq\u0131 Meclisini\u00f1 topla\u015fuv\u0131nda 5-nci \u00e7a\u011f\u0131r\u0131l\u0131\u015f Q\u0131r\u0131mtatar halq\u0131 qurultay\u0131 d\u00f6rt\u00fcnci sessiyas\u0131n\u0131 ke\u00e7ir\u00fcv m\u00fcddetini ve yerini belgiledi. Qurultayn\u0131\u00f1 4-nci sessiyas\u0131n\u0131 \u00f6tker\u00fcv m\u00fcddeti boyunca muzakereden so\u00f1 Meclis azalar\u0131 Qurultay reglamentine k\u00f6re sessiyan\u0131 2012 senesi iy\u00fcl 21-22 k\u00fcnleri ke\u00e7irmek qarar\u0131n\u0131 al\u0131p, Qurultay\u011fa az\u0131rl\u0131q boyunca Te\u015fkiliy h\u0131zmet erk\u00e2n\u0131n\u0131 da tasdiqlad\u0131lar. Bun\u0131\u00f1 kibi [&hellip;]\" \/>\n<meta property=\"og:url\" content=\"https:\/\/qtmm.org\/qt\/meclis-5-nci-cagirilis-qirimtatar-halqi-qurultayi-dortunci-sessiyasini-keciruv-muddetini-belgiledi\/\" \/>\n<meta property=\"og:site_name\" content=\"\u041c\u0435\u0434\u0436\u043b\u0456\u0441\" \/>\n<meta property=\"article:publisher\" content=\"https:\/\/www.facebook.com\/qtmm.info\/\" \/>\n<meta property=\"article:published_time\" content=\"2012-06-14T18:25:00+00:00\" \/>\n<meta property=\"article:modified_time\" content=\"2022-01-21T18:26:43+00:00\" \/>\n<meta property=\"og:image\" content=\"https:\/\/qtmm.org\/wp-content\/uploads\/2022\/01\/1_52.jpeg\" \/>\n\t<meta property=\"og:image:width\" content=\"650\" \/>\n\t<meta property=\"og:image:height\" content=\"385\" \/>\n\t<meta property=\"og:image:type\" content=\"image\/jpeg\" \/>\n<meta name=\"author\" content=\"Developer\" \/>\n<meta name=\"twitter:card\" content=\"summary_large_image\" \/>\n<meta name=\"twitter:label1\" content=\"Written by\" \/>\n\t<meta name=\"twitter:data1\" content=\"Developer\" \/>\n\t<meta name=\"twitter:label2\" content=\"Est. reading time\" \/>\n\t<meta name=\"twitter:data2\" content=\"1 minute\" \/>\n<script type=\"application\/ld+json\" class=\"yoast-schema-graph\">{\"@context\":\"https:\\\/\\\/schema.org\",\"@graph\":[{\"@type\":\"Article\",\"@id\":\"https:\\\/\\\/qtmm.org\\\/qt\\\/meclis-5-nci-cagirilis-qirimtatar-halqi-qurultayi-dortunci-sessiyasini-keciruv-muddetini-belgiledi\\\/#article\",\"isPartOf\":{\"@id\":\"https:\\\/\\\/qtmm.org\\\/qt\\\/meclis-5-nci-cagirilis-qirimtatar-halqi-qurultayi-dortunci-sessiyasini-keciruv-muddetini-belgiledi\\\/\"},\"author\":{\"name\":\"Developer\",\"@id\":\"https:\\\/\\\/qtmm.org\\\/qt\\\/#\\\/schema\\\/person\\\/de562469f971dec226ac06e60bbf74a7\"},\"headline\":\"Meclis 5-nci \u00e7a\u011f\u0131r\u0131l\u0131\u015f Q\u0131r\u0131mtatar halq\u0131 qurultay\u0131 d\u00f6rt\u00fcnci sessiyas\u0131n\u0131 ke\u00e7ir\u00fcv m\u00fcddetini belgiledi\",\"datePublished\":\"2012-06-14T18:25:00+00:00\",\"dateModified\":\"2022-01-21T18:26:43+00:00\",\"mainEntityOfPage\":{\"@id\":\"https:\\\/\\\/qtmm.org\\\/qt\\\/meclis-5-nci-cagirilis-qirimtatar-halqi-qurultayi-dortunci-sessiyasini-keciruv-muddetini-belgiledi\\\/\"},\"wordCount\":320,\"commentCount\":0,\"publisher\":{\"@id\":\"https:\\\/\\\/qtmm.org\\\/qt\\\/#organization\"},\"image\":{\"@id\":\"https:\\\/\\\/qtmm.org\\\/qt\\\/meclis-5-nci-cagirilis-qirimtatar-halqi-qurultayi-dortunci-sessiyasini-keciruv-muddetini-belgiledi\\\/#primaryimage\"},\"thumbnailUrl\":\"https:\\\/\\\/qtmm.org\\\/wp-content\\\/uploads\\\/2022\\\/01\\\/1_52.jpeg\",\"articleSection\":[\"Haberler\"],\"inLanguage\":\"qt\",\"potentialAction\":[{\"@type\":\"CommentAction\",\"name\":\"Comment\",\"target\":[\"https:\\\/\\\/qtmm.org\\\/qt\\\/meclis-5-nci-cagirilis-qirimtatar-halqi-qurultayi-dortunci-sessiyasini-keciruv-muddetini-belgiledi\\\/#respond\"]}]},{\"@type\":\"WebPage\",\"@id\":\"https:\\\/\\\/qtmm.org\\\/qt\\\/meclis-5-nci-cagirilis-qirimtatar-halqi-qurultayi-dortunci-sessiyasini-keciruv-muddetini-belgiledi\\\/\",\"url\":\"https:\\\/\\\/qtmm.org\\\/qt\\\/meclis-5-nci-cagirilis-qirimtatar-halqi-qurultayi-dortunci-sessiyasini-keciruv-muddetini-belgiledi\\\/\",\"name\":\"Meclis 5-nci \u00e7a\u011f\u0131r\u0131l\u0131\u015f Q\u0131r\u0131mtatar halq\u0131 qurultay\u0131 d\u00f6rt\u00fcnci sessiyas\u0131n\u0131 ke\u00e7ir\u00fcv m\u00fcddetini belgiledi - \u041c\u0435\u0434\u0436\u043b\u0456\u0441\",\"isPartOf\":{\"@id\":\"https:\\\/\\\/qtmm.org\\\/qt\\\/#website\"},\"primaryImageOfPage\":{\"@id\":\"https:\\\/\\\/qtmm.org\\\/qt\\\/meclis-5-nci-cagirilis-qirimtatar-halqi-qurultayi-dortunci-sessiyasini-keciruv-muddetini-belgiledi\\\/#primaryimage\"},\"image\":{\"@id\":\"https:\\\/\\\/qtmm.org\\\/qt\\\/meclis-5-nci-cagirilis-qirimtatar-halqi-qurultayi-dortunci-sessiyasini-keciruv-muddetini-belgiledi\\\/#primaryimage\"},\"thumbnailUrl\":\"https:\\\/\\\/qtmm.org\\\/wp-content\\\/uploads\\\/2022\\\/01\\\/1_52.jpeg\",\"datePublished\":\"2012-06-14T18:25:00+00:00\",\"dateModified\":\"2022-01-21T18:26:43+00:00\",\"breadcrumb\":{\"@id\":\"https:\\\/\\\/qtmm.org\\\/qt\\\/meclis-5-nci-cagirilis-qirimtatar-halqi-qurultayi-dortunci-sessiyasini-keciruv-muddetini-belgiledi\\\/#breadcrumb\"},\"inLanguage\":\"qt\",\"potentialAction\":[{\"@type\":\"ReadAction\",\"target\":[\"https:\\\/\\\/qtmm.org\\\/qt\\\/meclis-5-nci-cagirilis-qirimtatar-halqi-qurultayi-dortunci-sessiyasini-keciruv-muddetini-belgiledi\\\/\"]}]},{\"@type\":\"ImageObject\",\"inLanguage\":\"qt\",\"@id\":\"https:\\\/\\\/qtmm.org\\\/qt\\\/meclis-5-nci-cagirilis-qirimtatar-halqi-qurultayi-dortunci-sessiyasini-keciruv-muddetini-belgiledi\\\/#primaryimage\",\"url\":\"https:\\\/\\\/qtmm.org\\\/wp-content\\\/uploads\\\/2022\\\/01\\\/1_52.jpeg\",\"contentUrl\":\"https:\\\/\\\/qtmm.org\\\/wp-content\\\/uploads\\\/2022\\\/01\\\/1_52.jpeg\",\"width\":650,\"height\":385},{\"@type\":\"BreadcrumbList\",\"@id\":\"https:\\\/\\\/qtmm.org\\\/qt\\\/meclis-5-nci-cagirilis-qirimtatar-halqi-qurultayi-dortunci-sessiyasini-keciruv-muddetini-belgiledi\\\/#breadcrumb\",\"itemListElement\":[{\"@type\":\"ListItem\",\"position\":1,\"name\":\"\u0413\u043e\u043b\u043e\u0432\u043d\u0430\",\"item\":\"https:\\\/\\\/qtmm.org\\\/qt\\\/\"},{\"@type\":\"ListItem\",\"position\":2,\"name\":\"Meclis 5-nci \u00e7a\u011f\u0131r\u0131l\u0131\u015f Q\u0131r\u0131mtatar halq\u0131 qurultay\u0131 d\u00f6rt\u00fcnci sessiyas\u0131n\u0131 ke\u00e7ir\u00fcv m\u00fcddetini belgiledi\"}]},{\"@type\":\"WebSite\",\"@id\":\"https:\\\/\\\/qtmm.org\\\/qt\\\/#website\",\"url\":\"https:\\\/\\\/qtmm.org\\\/qt\\\/\",\"name\":\"\u041c\u0435\u0434\u0436\u043b\u0456\u0441\",\"description\":\"\",\"publisher\":{\"@id\":\"https:\\\/\\\/qtmm.org\\\/qt\\\/#organization\"},\"potentialAction\":[{\"@type\":\"SearchAction\",\"target\":{\"@type\":\"EntryPoint\",\"urlTemplate\":\"https:\\\/\\\/qtmm.org\\\/qt\\\/?s={search_term_string}\"},\"query-input\":{\"@type\":\"PropertyValueSpecification\",\"valueRequired\":true,\"valueName\":\"search_term_string\"}}],\"inLanguage\":\"qt\"},{\"@type\":\"Organization\",\"@id\":\"https:\\\/\\\/qtmm.org\\\/qt\\\/#organization\",\"name\":\"\u041c\u0435\u0434\u0436\u043b\u0456\u0441\",\"url\":\"https:\\\/\\\/qtmm.org\\\/qt\\\/\",\"logo\":{\"@type\":\"ImageObject\",\"inLanguage\":\"qt\",\"@id\":\"https:\\\/\\\/qtmm.org\\\/qt\\\/#\\\/schema\\\/logo\\\/image\\\/\",\"url\":\"https:\\\/\\\/qtmm.org\\\/wp-content\\\/uploads\\\/2024\\\/12\\\/ua-mejlis-logo-rgb.svg\",\"contentUrl\":\"https:\\\/\\\/qtmm.org\\\/wp-content\\\/uploads\\\/2024\\\/12\\\/ua-mejlis-logo-rgb.svg\",\"caption\":\"\u041c\u0435\u0434\u0436\u043b\u0456\u0441\"},\"image\":{\"@id\":\"https:\\\/\\\/qtmm.org\\\/qt\\\/#\\\/schema\\\/logo\\\/image\\\/\"},\"sameAs\":[\"https:\\\/\\\/www.facebook.com\\\/qtmm.info\\\/\"]},{\"@type\":\"Person\",\"@id\":\"https:\\\/\\\/qtmm.org\\\/qt\\\/#\\\/schema\\\/person\\\/de562469f971dec226ac06e60bbf74a7\",\"name\":\"Developer\",\"image\":{\"@type\":\"ImageObject\",\"inLanguage\":\"qt\",\"@id\":\"https:\\\/\\\/secure.gravatar.com\\\/avatar\\\/392b4cc8fbfeb00b39dfeeab4ee6edded39ffd48e25858637e4765810300227e?s=96&d=mm&r=g\",\"url\":\"https:\\\/\\\/secure.gravatar.com\\\/avatar\\\/392b4cc8fbfeb00b39dfeeab4ee6edded39ffd48e25858637e4765810300227e?s=96&d=mm&r=g\",\"contentUrl\":\"https:\\\/\\\/secure.gravatar.com\\\/avatar\\\/392b4cc8fbfeb00b39dfeeab4ee6edded39ffd48e25858637e4765810300227e?s=96&d=mm&r=g\",\"caption\":\"Developer\"},\"url\":\"https:\\\/\\\/qtmm.org\\\/qt\\\/author\\\/Developer\\\/\"}]}<\/script>\n<!-- \/ Yoast SEO plugin. -->","yoast_head_json":{"title":"Meclis 5-nci \u00e7a\u011f\u0131r\u0131l\u0131\u015f Q\u0131r\u0131mtatar halq\u0131 qurultay\u0131 d\u00f6rt\u00fcnci sessiyas\u0131n\u0131 ke\u00e7ir\u00fcv m\u00fcddetini belgiledi - \u041c\u0435\u0434\u0436\u043b\u0456\u0441","robots":{"index":"index","follow":"follow","max-snippet":"max-snippet:-1","max-image-preview":"max-image-preview:large","max-video-preview":"max-video-preview:-1"},"canonical":"https:\/\/qtmm.org\/qt\/meclis-5-nci-cagirilis-qirimtatar-halqi-qurultayi-dortunci-sessiyasini-keciruv-muddetini-belgiledi\/","og_locale":"en_US","og_type":"article","og_title":"Meclis 5-nci \u00e7a\u011f\u0131r\u0131l\u0131\u015f Q\u0131r\u0131mtatar halq\u0131 qurultay\u0131 d\u00f6rt\u00fcnci sessiyas\u0131n\u0131 ke\u00e7ir\u00fcv m\u00fcddetini belgiledi - \u041c\u0435\u0434\u0436\u043b\u0456\u0441","og_description":"2012 senesi iy\u00fcn 13 k\u00fcn\u00fc ol\u0131p ke\u00e7ken Q\u0131r\u0131mtatar halq\u0131 Meclisini\u00f1 topla\u015fuv\u0131nda 5-nci \u00e7a\u011f\u0131r\u0131l\u0131\u015f Q\u0131r\u0131mtatar halq\u0131 qurultay\u0131 d\u00f6rt\u00fcnci sessiyas\u0131n\u0131 ke\u00e7ir\u00fcv m\u00fcddetini ve yerini belgiledi. Qurultayn\u0131\u00f1 4-nci sessiyas\u0131n\u0131 \u00f6tker\u00fcv m\u00fcddeti boyunca muzakereden so\u00f1 Meclis azalar\u0131 Qurultay reglamentine k\u00f6re sessiyan\u0131 2012 senesi iy\u00fcl 21-22 k\u00fcnleri ke\u00e7irmek qarar\u0131n\u0131 al\u0131p, Qurultay\u011fa az\u0131rl\u0131q boyunca Te\u015fkiliy h\u0131zmet erk\u00e2n\u0131n\u0131 da tasdiqlad\u0131lar. Bun\u0131\u00f1 kibi [&hellip;]","og_url":"https:\/\/qtmm.org\/qt\/meclis-5-nci-cagirilis-qirimtatar-halqi-qurultayi-dortunci-sessiyasini-keciruv-muddetini-belgiledi\/","og_site_name":"\u041c\u0435\u0434\u0436\u043b\u0456\u0441","article_publisher":"https:\/\/www.facebook.com\/qtmm.info\/","article_published_time":"2012-06-14T18:25:00+00:00","article_modified_time":"2022-01-21T18:26:43+00:00","og_image":[{"width":650,"height":385,"url":"https:\/\/qtmm.org\/wp-content\/uploads\/2022\/01\/1_52.jpeg","type":"image\/jpeg"}],"author":"Developer","twitter_card":"summary_large_image","twitter_misc":{"Written by":"Developer","Est. reading time":"1 minute"},"schema":{"@context":"https:\/\/schema.org","@graph":[{"@type":"Article","@id":"https:\/\/qtmm.org\/qt\/meclis-5-nci-cagirilis-qirimtatar-halqi-qurultayi-dortunci-sessiyasini-keciruv-muddetini-belgiledi\/#article","isPartOf":{"@id":"https:\/\/qtmm.org\/qt\/meclis-5-nci-cagirilis-qirimtatar-halqi-qurultayi-dortunci-sessiyasini-keciruv-muddetini-belgiledi\/"},"author":{"name":"Developer","@id":"https:\/\/qtmm.org\/qt\/#\/schema\/person\/de562469f971dec226ac06e60bbf74a7"},"headline":"Meclis 5-nci \u00e7a\u011f\u0131r\u0131l\u0131\u015f Q\u0131r\u0131mtatar halq\u0131 qurultay\u0131 d\u00f6rt\u00fcnci sessiyas\u0131n\u0131 ke\u00e7ir\u00fcv m\u00fcddetini belgiledi","datePublished":"2012-06-14T18:25:00+00:00","dateModified":"2022-01-21T18:26:43+00:00","mainEntityOfPage":{"@id":"https:\/\/qtmm.org\/qt\/meclis-5-nci-cagirilis-qirimtatar-halqi-qurultayi-dortunci-sessiyasini-keciruv-muddetini-belgiledi\/"},"wordCount":320,"commentCount":0,"publisher":{"@id":"https:\/\/qtmm.org\/qt\/#organization"},"image":{"@id":"https:\/\/qtmm.org\/qt\/meclis-5-nci-cagirilis-qirimtatar-halqi-qurultayi-dortunci-sessiyasini-keciruv-muddetini-belgiledi\/#primaryimage"},"thumbnailUrl":"https:\/\/qtmm.org\/wp-content\/uploads\/2022\/01\/1_52.jpeg","articleSection":["Haberler"],"inLanguage":"qt","potentialAction":[{"@type":"CommentAction","name":"Comment","target":["https:\/\/qtmm.org\/qt\/meclis-5-nci-cagirilis-qirimtatar-halqi-qurultayi-dortunci-sessiyasini-keciruv-muddetini-belgiledi\/#respond"]}]},{"@type":"WebPage","@id":"https:\/\/qtmm.org\/qt\/meclis-5-nci-cagirilis-qirimtatar-halqi-qurultayi-dortunci-sessiyasini-keciruv-muddetini-belgiledi\/","url":"https:\/\/qtmm.org\/qt\/meclis-5-nci-cagirilis-qirimtatar-halqi-qurultayi-dortunci-sessiyasini-keciruv-muddetini-belgiledi\/","name":"Meclis 5-nci \u00e7a\u011f\u0131r\u0131l\u0131\u015f Q\u0131r\u0131mtatar halq\u0131 qurultay\u0131 d\u00f6rt\u00fcnci sessiyas\u0131n\u0131 ke\u00e7ir\u00fcv m\u00fcddetini belgiledi - \u041c\u0435\u0434\u0436\u043b\u0456\u0441","isPartOf":{"@id":"https:\/\/qtmm.org\/qt\/#website"},"primaryImageOfPage":{"@id":"https:\/\/qtmm.org\/qt\/meclis-5-nci-cagirilis-qirimtatar-halqi-qurultayi-dortunci-sessiyasini-keciruv-muddetini-belgiledi\/#primaryimage"},"image":{"@id":"https:\/\/qtmm.org\/qt\/meclis-5-nci-cagirilis-qirimtatar-halqi-qurultayi-dortunci-sessiyasini-keciruv-muddetini-belgiledi\/#primaryimage"},"thumbnailUrl":"https:\/\/qtmm.org\/wp-content\/uploads\/2022\/01\/1_52.jpeg","datePublished":"2012-06-14T18:25:00+00:00","dateModified":"2022-01-21T18:26:43+00:00","breadcrumb":{"@id":"https:\/\/qtmm.org\/qt\/meclis-5-nci-cagirilis-qirimtatar-halqi-qurultayi-dortunci-sessiyasini-keciruv-muddetini-belgiledi\/#breadcrumb"},"inLanguage":"qt","potentialAction":[{"@type":"ReadAction","target":["https:\/\/qtmm.org\/qt\/meclis-5-nci-cagirilis-qirimtatar-halqi-qurultayi-dortunci-sessiyasini-keciruv-muddetini-belgiledi\/"]}]},{"@type":"ImageObject","inLanguage":"qt","@id":"https:\/\/qtmm.org\/qt\/meclis-5-nci-cagirilis-qirimtatar-halqi-qurultayi-dortunci-sessiyasini-keciruv-muddetini-belgiledi\/#primaryimage","url":"https:\/\/qtmm.org\/wp-content\/uploads\/2022\/01\/1_52.jpeg","contentUrl":"https:\/\/qtmm.org\/wp-content\/uploads\/2022\/01\/1_52.jpeg","width":650,"height":385},{"@type":"BreadcrumbList","@id":"https:\/\/qtmm.org\/qt\/meclis-5-nci-cagirilis-qirimtatar-halqi-qurultayi-dortunci-sessiyasini-keciruv-muddetini-belgiledi\/#breadcrumb","itemListElement":[{"@type":"ListItem","position":1,"name":"\u0413\u043e\u043b\u043e\u0432\u043d\u0430","item":"https:\/\/qtmm.org\/qt\/"},{"@type":"ListItem","position":2,"name":"Meclis 5-nci \u00e7a\u011f\u0131r\u0131l\u0131\u015f Q\u0131r\u0131mtatar halq\u0131 qurultay\u0131 d\u00f6rt\u00fcnci sessiyas\u0131n\u0131 ke\u00e7ir\u00fcv m\u00fcddetini belgiledi"}]},{"@type":"WebSite","@id":"https:\/\/qtmm.org\/qt\/#website","url":"https:\/\/qtmm.org\/qt\/","name":"\u041c\u0435\u0434\u0436\u043b\u0456\u0441","description":"","publisher":{"@id":"https:\/\/qtmm.org\/qt\/#organization"},"potentialAction":[{"@type":"SearchAction","target":{"@type":"EntryPoint","urlTemplate":"https:\/\/qtmm.org\/qt\/?s={search_term_string}"},"query-input":{"@type":"PropertyValueSpecification","valueRequired":true,"valueName":"search_term_string"}}],"inLanguage":"qt"},{"@type":"Organization","@id":"https:\/\/qtmm.org\/qt\/#organization","name":"\u041c\u0435\u0434\u0436\u043b\u0456\u0441","url":"https:\/\/qtmm.org\/qt\/","logo":{"@type":"ImageObject","inLanguage":"qt","@id":"https:\/\/qtmm.org\/qt\/#\/schema\/logo\/image\/","url":"https:\/\/qtmm.org\/wp-content\/uploads\/2024\/12\/ua-mejlis-logo-rgb.svg","contentUrl":"https:\/\/qtmm.org\/wp-content\/uploads\/2024\/12\/ua-mejlis-logo-rgb.svg","caption":"\u041c\u0435\u0434\u0436\u043b\u0456\u0441"},"image":{"@id":"https:\/\/qtmm.org\/qt\/#\/schema\/logo\/image\/"},"sameAs":["https:\/\/www.facebook.com\/qtmm.info\/"]},{"@type":"Person","@id":"https:\/\/qtmm.org\/qt\/#\/schema\/person\/de562469f971dec226ac06e60bbf74a7","name":"Developer","image":{"@type":"ImageObject","inLanguage":"qt","@id":"https:\/\/secure.gravatar.com\/avatar\/392b4cc8fbfeb00b39dfeeab4ee6edded39ffd48e25858637e4765810300227e?s=96&d=mm&r=g","url":"https:\/\/secure.gravatar.com\/avatar\/392b4cc8fbfeb00b39dfeeab4ee6edded39ffd48e25858637e4765810300227e?s=96&d=mm&r=g","contentUrl":"https:\/\/secure.gravatar.com\/avatar\/392b4cc8fbfeb00b39dfeeab4ee6edded39ffd48e25858637e4765810300227e?s=96&d=mm&r=g","caption":"Developer"},"url":"https:\/\/qtmm.org\/qt\/author\/Developer\/"}]}},"_links":{"self":[{"href":"https:\/\/qtmm.org\/qt\/wp-json\/wp\/v2\/posts\/31876","targetHints":{"allow":["GET"]}}],"collection":[{"href":"https:\/\/qtmm.org\/qt\/wp-json\/wp\/v2\/posts"}],"about":[{"href":"https:\/\/qtmm.org\/qt\/wp-json\/wp\/v2\/types\/post"}],"author":[{"embeddable":true,"href":"https:\/\/qtmm.org\/qt\/wp-json\/wp\/v2\/users\/1"}],"replies":[{"embeddable":true,"href":"https:\/\/qtmm.org\/qt\/wp-json\/wp\/v2\/comments?post=31876"}],"version-history":[{"count":1,"href":"https:\/\/qtmm.org\/qt\/wp-json\/wp\/v2\/posts\/31876\/revisions"}],"predecessor-version":[{"id":31890,"href":"https:\/\/qtmm.org\/qt\/wp-json\/wp\/v2\/posts\/31876\/revisions\/31890"}],"wp:featuredmedia":[{"embeddable":true,"href":"https:\/\/qtmm.org\/qt\/wp-json\/wp\/v2\/media\/31878"}],"wp:attachment":[{"href":"https:\/\/qtmm.org\/qt\/wp-json\/wp\/v2\/media?parent=31876"}],"wp:term":[{"taxonomy":"category","embeddable":true,"href":"https:\/\/qtmm.org\/qt\/wp-json\/wp\/v2\/categories?post=31876"},{"taxonomy":"post_tag","embeddable":true,"href":"https:\/\/qtmm.org\/qt\/wp-json\/wp\/v2\/tags?post=31876"}],"curies":[{"name":"wp","href":"https:\/\/api.w.org\/{rel}","templated":true}]}}