




{"id":31857,"date":"2012-06-13T21:24:00","date_gmt":"2012-06-13T18:24:00","guid":{"rendered":"http:\/\/qtmm.org\/?p=31857"},"modified":"2022-01-21T21:25:10","modified_gmt":"2022-01-21T18:25:10","slug":"sabri-ulker-vefat-etti","status":"publish","type":"post","link":"https:\/\/qtmm.org\/qt\/sabri-ulker-vefat-etti\/","title":{"rendered":"Sabri \u00dclker vefat etti"},"content":{"rendered":"\n<p><strong>Say\u0131n Murat \u00dcLKER<\/strong><\/p>\n\n\n\n<p>T\u00fcm K\u0131r\u0131m Tatarlar\u0131n\u0131n her zaman gururla ismini zikretti\u011fi, de\u011ferli b\u00fcy\u00fcm\u00fcz, T\u00fcrkiye\u2019nin kalk\u0131nmas\u0131nda b\u00fcy\u00fck pay\u0131 olan baban\u0131z Sabri \u00dcLKER beyefendinin vefat\u0131n\u0131 derin bir \u00fcz\u00fcnt\u00fc ile \u00f6\u011frenmi\u015f bulunuyorum.<\/p>\n\n\n\n<p>Yapt\u0131\u011f\u0131 hay\u0131rlarla t\u00fcm insanl\u0131\u011fa \u00f6rnek olan merhum Sabri \u00dcLKER\u2019e t\u00fcm K\u0131r\u0131m Tatar halk\u0131 ad\u0131ndan, Allah\u2019tan rahmet,&nbsp; size,&nbsp; ailenize ve t\u00fcm sevenlerine sab\u0131r ve ba\u015fsa\u011fl\u0131\u011f\u0131 diliyorum.&nbsp;&nbsp;<\/p>\n\n\n\n<p><strong>K\u0131r\u0131m Tatar Milli Meclisi Ba\u015fkan\u0131\u00a0\u00a0\u00a0\u00a0\u00a0\u00a0\u00a0\u00a0\u00a0\u00a0 Mustafa A. KIRIMO\u011eLU<\/strong><\/p>\n\n\n\n<figure class=\"wp-block-image size-full\"><img loading=\"lazy\" decoding=\"async\" width=\"650\" height=\"663\" src=\"http:\/\/qtmm.org\/wp-content\/uploads\/2022\/01\/bezymyannyy.png\" alt=\"\" class=\"wp-image-31866\" srcset=\"https:\/\/qtmm.org\/wp-content\/uploads\/2022\/01\/bezymyannyy.png 650w, https:\/\/qtmm.org\/wp-content\/uploads\/2022\/01\/bezymyannyy-294x300.png 294w\" sizes=\"auto, (max-width: 650px) 100vw, 650px\" \/><\/figure>\n","protected":false},"excerpt":{"rendered":"<p>Say\u0131n Murat \u00dcLKER T\u00fcm K\u0131r\u0131m Tatarlar\u0131n\u0131n her zaman gururla ismini zikretti\u011fi, de\u011ferli b\u00fcy\u00fcm\u00fcz, T\u00fcrkiye\u2019nin kalk\u0131nmas\u0131nda b\u00fcy\u00fck pay\u0131 olan baban\u0131z Sabri \u00dcLKER beyefendinin vefat\u0131n\u0131 derin bir \u00fcz\u00fcnt\u00fc ile \u00f6\u011frenmi\u015f bulunuyorum. Yapt\u0131\u011f\u0131 hay\u0131rlarla t\u00fcm insanl\u0131\u011fa \u00f6rnek olan merhum Sabri \u00dcLKER\u2019e t\u00fcm K\u0131r\u0131m Tatar halk\u0131 ad\u0131ndan, Allah\u2019tan rahmet,&nbsp; size,&nbsp; ailenize ve t\u00fcm sevenlerine sab\u0131r ve ba\u015fsa\u011fl\u0131\u011f\u0131 diliyorum.&nbsp;&nbsp; K\u0131r\u0131m [&hellip;]<\/p>\n","protected":false},"author":1,"featured_media":31862,"comment_status":"open","ping_status":"open","sticky":false,"template":"","format":"standard","meta":{"inline_featured_image":false,"footnotes":""},"categories":[265],"tags":[],"class_list":["post-31857","post","type-post","status-publish","format-standard","has-post-thumbnail","hentry","category-haberler"],"acf":[],"yoast_head":"<!-- This site is optimized with the Yoast SEO plugin v27.4 - https:\/\/yoast.com\/product\/yoast-seo-wordpress\/ -->\n<title>Sabri \u00dclker vefat etti - \u041c\u0435\u0434\u0436\u043b\u0456\u0441<\/title>\n<meta name=\"robots\" content=\"index, follow, max-snippet:-1, max-image-preview:large, max-video-preview:-1\" \/>\n<link rel=\"canonical\" href=\"https:\/\/qtmm.org\/qt\/sabri-ulker-vefat-etti\/\" \/>\n<meta property=\"og:locale\" content=\"en_US\" \/>\n<meta property=\"og:type\" content=\"article\" \/>\n<meta property=\"og:title\" content=\"Sabri \u00dclker vefat etti - \u041c\u0435\u0434\u0436\u043b\u0456\u0441\" \/>\n<meta property=\"og:description\" content=\"Say\u0131n Murat \u00dcLKER T\u00fcm K\u0131r\u0131m Tatarlar\u0131n\u0131n her zaman gururla ismini zikretti\u011fi, de\u011ferli b\u00fcy\u00fcm\u00fcz, T\u00fcrkiye\u2019nin kalk\u0131nmas\u0131nda b\u00fcy\u00fck pay\u0131 olan baban\u0131z Sabri \u00dcLKER beyefendinin vefat\u0131n\u0131 derin bir \u00fcz\u00fcnt\u00fc ile \u00f6\u011frenmi\u015f bulunuyorum. Yapt\u0131\u011f\u0131 hay\u0131rlarla t\u00fcm insanl\u0131\u011fa \u00f6rnek olan merhum Sabri \u00dcLKER\u2019e t\u00fcm K\u0131r\u0131m Tatar halk\u0131 ad\u0131ndan, Allah\u2019tan rahmet,&nbsp; size,&nbsp; ailenize ve t\u00fcm sevenlerine sab\u0131r ve ba\u015fsa\u011fl\u0131\u011f\u0131 diliyorum.&nbsp;&nbsp; K\u0131r\u0131m [&hellip;]\" \/>\n<meta property=\"og:url\" content=\"https:\/\/qtmm.org\/qt\/sabri-ulker-vefat-etti\/\" \/>\n<meta property=\"og:site_name\" content=\"\u041c\u0435\u0434\u0436\u043b\u0456\u0441\" \/>\n<meta property=\"article:publisher\" content=\"https:\/\/www.facebook.com\/qtmm.info\/\" \/>\n<meta property=\"article:published_time\" content=\"2012-06-13T18:24:00+00:00\" \/>\n<meta property=\"article:modified_time\" content=\"2022-01-21T18:25:10+00:00\" \/>\n<meta property=\"og:image\" content=\"https:\/\/qtmm.org\/wp-content\/uploads\/2022\/01\/sabri_ulker_v_tekst.jpeg\" \/>\n\t<meta property=\"og:image:width\" content=\"650\" \/>\n\t<meta property=\"og:image:height\" content=\"450\" \/>\n\t<meta property=\"og:image:type\" content=\"image\/jpeg\" \/>\n<meta name=\"author\" content=\"Developer\" \/>\n<meta name=\"twitter:card\" content=\"summary_large_image\" \/>\n<meta name=\"twitter:label1\" content=\"Written by\" \/>\n\t<meta name=\"twitter:data1\" content=\"Developer\" \/>\n\t<meta name=\"twitter:label2\" content=\"Est. reading time\" \/>\n\t<meta name=\"twitter:data2\" content=\"1 minute\" \/>\n<script type=\"application\/ld+json\" class=\"yoast-schema-graph\">{\"@context\":\"https:\\\/\\\/schema.org\",\"@graph\":[{\"@type\":\"Article\",\"@id\":\"https:\\\/\\\/qtmm.org\\\/qt\\\/sabri-ulker-vefat-etti\\\/#article\",\"isPartOf\":{\"@id\":\"https:\\\/\\\/qtmm.org\\\/qt\\\/sabri-ulker-vefat-etti\\\/\"},\"author\":{\"name\":\"Developer\",\"@id\":\"https:\\\/\\\/qtmm.org\\\/qt\\\/#\\\/schema\\\/person\\\/de562469f971dec226ac06e60bbf74a7\"},\"headline\":\"Sabri \u00dclker vefat etti\",\"datePublished\":\"2012-06-13T18:24:00+00:00\",\"dateModified\":\"2022-01-21T18:25:10+00:00\",\"mainEntityOfPage\":{\"@id\":\"https:\\\/\\\/qtmm.org\\\/qt\\\/sabri-ulker-vefat-etti\\\/\"},\"wordCount\":107,\"commentCount\":0,\"publisher\":{\"@id\":\"https:\\\/\\\/qtmm.org\\\/qt\\\/#organization\"},\"image\":{\"@id\":\"https:\\\/\\\/qtmm.org\\\/qt\\\/sabri-ulker-vefat-etti\\\/#primaryimage\"},\"thumbnailUrl\":\"https:\\\/\\\/qtmm.org\\\/wp-content\\\/uploads\\\/2022\\\/01\\\/sabri_ulker_v_tekst.jpeg\",\"articleSection\":[\"Haberler\"],\"inLanguage\":\"qt\",\"potentialAction\":[{\"@type\":\"CommentAction\",\"name\":\"Comment\",\"target\":[\"https:\\\/\\\/qtmm.org\\\/qt\\\/sabri-ulker-vefat-etti\\\/#respond\"]}]},{\"@type\":\"WebPage\",\"@id\":\"https:\\\/\\\/qtmm.org\\\/qt\\\/sabri-ulker-vefat-etti\\\/\",\"url\":\"https:\\\/\\\/qtmm.org\\\/qt\\\/sabri-ulker-vefat-etti\\\/\",\"name\":\"Sabri \u00dclker vefat etti - \u041c\u0435\u0434\u0436\u043b\u0456\u0441\",\"isPartOf\":{\"@id\":\"https:\\\/\\\/qtmm.org\\\/qt\\\/#website\"},\"primaryImageOfPage\":{\"@id\":\"https:\\\/\\\/qtmm.org\\\/qt\\\/sabri-ulker-vefat-etti\\\/#primaryimage\"},\"image\":{\"@id\":\"https:\\\/\\\/qtmm.org\\\/qt\\\/sabri-ulker-vefat-etti\\\/#primaryimage\"},\"thumbnailUrl\":\"https:\\\/\\\/qtmm.org\\\/wp-content\\\/uploads\\\/2022\\\/01\\\/sabri_ulker_v_tekst.jpeg\",\"datePublished\":\"2012-06-13T18:24:00+00:00\",\"dateModified\":\"2022-01-21T18:25:10+00:00\",\"breadcrumb\":{\"@id\":\"https:\\\/\\\/qtmm.org\\\/qt\\\/sabri-ulker-vefat-etti\\\/#breadcrumb\"},\"inLanguage\":\"qt\",\"potentialAction\":[{\"@type\":\"ReadAction\",\"target\":[\"https:\\\/\\\/qtmm.org\\\/qt\\\/sabri-ulker-vefat-etti\\\/\"]}]},{\"@type\":\"ImageObject\",\"inLanguage\":\"qt\",\"@id\":\"https:\\\/\\\/qtmm.org\\\/qt\\\/sabri-ulker-vefat-etti\\\/#primaryimage\",\"url\":\"https:\\\/\\\/qtmm.org\\\/wp-content\\\/uploads\\\/2022\\\/01\\\/sabri_ulker_v_tekst.jpeg\",\"contentUrl\":\"https:\\\/\\\/qtmm.org\\\/wp-content\\\/uploads\\\/2022\\\/01\\\/sabri_ulker_v_tekst.jpeg\",\"width\":650,\"height\":450},{\"@type\":\"BreadcrumbList\",\"@id\":\"https:\\\/\\\/qtmm.org\\\/qt\\\/sabri-ulker-vefat-etti\\\/#breadcrumb\",\"itemListElement\":[{\"@type\":\"ListItem\",\"position\":1,\"name\":\"\u0413\u043e\u043b\u043e\u0432\u043d\u0430\",\"item\":\"https:\\\/\\\/qtmm.org\\\/qt\\\/\"},{\"@type\":\"ListItem\",\"position\":2,\"name\":\"Sabri \u00dclker vefat etti\"}]},{\"@type\":\"WebSite\",\"@id\":\"https:\\\/\\\/qtmm.org\\\/qt\\\/#website\",\"url\":\"https:\\\/\\\/qtmm.org\\\/qt\\\/\",\"name\":\"\u041c\u0435\u0434\u0436\u043b\u0456\u0441\",\"description\":\"\",\"publisher\":{\"@id\":\"https:\\\/\\\/qtmm.org\\\/qt\\\/#organization\"},\"potentialAction\":[{\"@type\":\"SearchAction\",\"target\":{\"@type\":\"EntryPoint\",\"urlTemplate\":\"https:\\\/\\\/qtmm.org\\\/qt\\\/?s={search_term_string}\"},\"query-input\":{\"@type\":\"PropertyValueSpecification\",\"valueRequired\":true,\"valueName\":\"search_term_string\"}}],\"inLanguage\":\"qt\"},{\"@type\":\"Organization\",\"@id\":\"https:\\\/\\\/qtmm.org\\\/qt\\\/#organization\",\"name\":\"\u041c\u0435\u0434\u0436\u043b\u0456\u0441\",\"url\":\"https:\\\/\\\/qtmm.org\\\/qt\\\/\",\"logo\":{\"@type\":\"ImageObject\",\"inLanguage\":\"qt\",\"@id\":\"https:\\\/\\\/qtmm.org\\\/qt\\\/#\\\/schema\\\/logo\\\/image\\\/\",\"url\":\"https:\\\/\\\/qtmm.org\\\/wp-content\\\/uploads\\\/2024\\\/12\\\/ua-mejlis-logo-rgb.svg\",\"contentUrl\":\"https:\\\/\\\/qtmm.org\\\/wp-content\\\/uploads\\\/2024\\\/12\\\/ua-mejlis-logo-rgb.svg\",\"caption\":\"\u041c\u0435\u0434\u0436\u043b\u0456\u0441\"},\"image\":{\"@id\":\"https:\\\/\\\/qtmm.org\\\/qt\\\/#\\\/schema\\\/logo\\\/image\\\/\"},\"sameAs\":[\"https:\\\/\\\/www.facebook.com\\\/qtmm.info\\\/\"]},{\"@type\":\"Person\",\"@id\":\"https:\\\/\\\/qtmm.org\\\/qt\\\/#\\\/schema\\\/person\\\/de562469f971dec226ac06e60bbf74a7\",\"name\":\"Developer\",\"image\":{\"@type\":\"ImageObject\",\"inLanguage\":\"qt\",\"@id\":\"https:\\\/\\\/secure.gravatar.com\\\/avatar\\\/392b4cc8fbfeb00b39dfeeab4ee6edded39ffd48e25858637e4765810300227e?s=96&d=mm&r=g\",\"url\":\"https:\\\/\\\/secure.gravatar.com\\\/avatar\\\/392b4cc8fbfeb00b39dfeeab4ee6edded39ffd48e25858637e4765810300227e?s=96&d=mm&r=g\",\"contentUrl\":\"https:\\\/\\\/secure.gravatar.com\\\/avatar\\\/392b4cc8fbfeb00b39dfeeab4ee6edded39ffd48e25858637e4765810300227e?s=96&d=mm&r=g\",\"caption\":\"Developer\"},\"url\":\"https:\\\/\\\/qtmm.org\\\/qt\\\/author\\\/Developer\\\/\"}]}<\/script>\n<!-- \/ Yoast SEO plugin. -->","yoast_head_json":{"title":"Sabri \u00dclker vefat etti - \u041c\u0435\u0434\u0436\u043b\u0456\u0441","robots":{"index":"index","follow":"follow","max-snippet":"max-snippet:-1","max-image-preview":"max-image-preview:large","max-video-preview":"max-video-preview:-1"},"canonical":"https:\/\/qtmm.org\/qt\/sabri-ulker-vefat-etti\/","og_locale":"en_US","og_type":"article","og_title":"Sabri \u00dclker vefat etti - \u041c\u0435\u0434\u0436\u043b\u0456\u0441","og_description":"Say\u0131n Murat \u00dcLKER T\u00fcm K\u0131r\u0131m Tatarlar\u0131n\u0131n her zaman gururla ismini zikretti\u011fi, de\u011ferli b\u00fcy\u00fcm\u00fcz, T\u00fcrkiye\u2019nin kalk\u0131nmas\u0131nda b\u00fcy\u00fck pay\u0131 olan baban\u0131z Sabri \u00dcLKER beyefendinin vefat\u0131n\u0131 derin bir \u00fcz\u00fcnt\u00fc ile \u00f6\u011frenmi\u015f bulunuyorum. Yapt\u0131\u011f\u0131 hay\u0131rlarla t\u00fcm insanl\u0131\u011fa \u00f6rnek olan merhum Sabri \u00dcLKER\u2019e t\u00fcm K\u0131r\u0131m Tatar halk\u0131 ad\u0131ndan, Allah\u2019tan rahmet,&nbsp; size,&nbsp; ailenize ve t\u00fcm sevenlerine sab\u0131r ve ba\u015fsa\u011fl\u0131\u011f\u0131 diliyorum.&nbsp;&nbsp; K\u0131r\u0131m [&hellip;]","og_url":"https:\/\/qtmm.org\/qt\/sabri-ulker-vefat-etti\/","og_site_name":"\u041c\u0435\u0434\u0436\u043b\u0456\u0441","article_publisher":"https:\/\/www.facebook.com\/qtmm.info\/","article_published_time":"2012-06-13T18:24:00+00:00","article_modified_time":"2022-01-21T18:25:10+00:00","og_image":[{"width":650,"height":450,"url":"https:\/\/qtmm.org\/wp-content\/uploads\/2022\/01\/sabri_ulker_v_tekst.jpeg","type":"image\/jpeg"}],"author":"Developer","twitter_card":"summary_large_image","twitter_misc":{"Written by":"Developer","Est. reading time":"1 minute"},"schema":{"@context":"https:\/\/schema.org","@graph":[{"@type":"Article","@id":"https:\/\/qtmm.org\/qt\/sabri-ulker-vefat-etti\/#article","isPartOf":{"@id":"https:\/\/qtmm.org\/qt\/sabri-ulker-vefat-etti\/"},"author":{"name":"Developer","@id":"https:\/\/qtmm.org\/qt\/#\/schema\/person\/de562469f971dec226ac06e60bbf74a7"},"headline":"Sabri \u00dclker vefat etti","datePublished":"2012-06-13T18:24:00+00:00","dateModified":"2022-01-21T18:25:10+00:00","mainEntityOfPage":{"@id":"https:\/\/qtmm.org\/qt\/sabri-ulker-vefat-etti\/"},"wordCount":107,"commentCount":0,"publisher":{"@id":"https:\/\/qtmm.org\/qt\/#organization"},"image":{"@id":"https:\/\/qtmm.org\/qt\/sabri-ulker-vefat-etti\/#primaryimage"},"thumbnailUrl":"https:\/\/qtmm.org\/wp-content\/uploads\/2022\/01\/sabri_ulker_v_tekst.jpeg","articleSection":["Haberler"],"inLanguage":"qt","potentialAction":[{"@type":"CommentAction","name":"Comment","target":["https:\/\/qtmm.org\/qt\/sabri-ulker-vefat-etti\/#respond"]}]},{"@type":"WebPage","@id":"https:\/\/qtmm.org\/qt\/sabri-ulker-vefat-etti\/","url":"https:\/\/qtmm.org\/qt\/sabri-ulker-vefat-etti\/","name":"Sabri \u00dclker vefat etti - \u041c\u0435\u0434\u0436\u043b\u0456\u0441","isPartOf":{"@id":"https:\/\/qtmm.org\/qt\/#website"},"primaryImageOfPage":{"@id":"https:\/\/qtmm.org\/qt\/sabri-ulker-vefat-etti\/#primaryimage"},"image":{"@id":"https:\/\/qtmm.org\/qt\/sabri-ulker-vefat-etti\/#primaryimage"},"thumbnailUrl":"https:\/\/qtmm.org\/wp-content\/uploads\/2022\/01\/sabri_ulker_v_tekst.jpeg","datePublished":"2012-06-13T18:24:00+00:00","dateModified":"2022-01-21T18:25:10+00:00","breadcrumb":{"@id":"https:\/\/qtmm.org\/qt\/sabri-ulker-vefat-etti\/#breadcrumb"},"inLanguage":"qt","potentialAction":[{"@type":"ReadAction","target":["https:\/\/qtmm.org\/qt\/sabri-ulker-vefat-etti\/"]}]},{"@type":"ImageObject","inLanguage":"qt","@id":"https:\/\/qtmm.org\/qt\/sabri-ulker-vefat-etti\/#primaryimage","url":"https:\/\/qtmm.org\/wp-content\/uploads\/2022\/01\/sabri_ulker_v_tekst.jpeg","contentUrl":"https:\/\/qtmm.org\/wp-content\/uploads\/2022\/01\/sabri_ulker_v_tekst.jpeg","width":650,"height":450},{"@type":"BreadcrumbList","@id":"https:\/\/qtmm.org\/qt\/sabri-ulker-vefat-etti\/#breadcrumb","itemListElement":[{"@type":"ListItem","position":1,"name":"\u0413\u043e\u043b\u043e\u0432\u043d\u0430","item":"https:\/\/qtmm.org\/qt\/"},{"@type":"ListItem","position":2,"name":"Sabri \u00dclker vefat etti"}]},{"@type":"WebSite","@id":"https:\/\/qtmm.org\/qt\/#website","url":"https:\/\/qtmm.org\/qt\/","name":"\u041c\u0435\u0434\u0436\u043b\u0456\u0441","description":"","publisher":{"@id":"https:\/\/qtmm.org\/qt\/#organization"},"potentialAction":[{"@type":"SearchAction","target":{"@type":"EntryPoint","urlTemplate":"https:\/\/qtmm.org\/qt\/?s={search_term_string}"},"query-input":{"@type":"PropertyValueSpecification","valueRequired":true,"valueName":"search_term_string"}}],"inLanguage":"qt"},{"@type":"Organization","@id":"https:\/\/qtmm.org\/qt\/#organization","name":"\u041c\u0435\u0434\u0436\u043b\u0456\u0441","url":"https:\/\/qtmm.org\/qt\/","logo":{"@type":"ImageObject","inLanguage":"qt","@id":"https:\/\/qtmm.org\/qt\/#\/schema\/logo\/image\/","url":"https:\/\/qtmm.org\/wp-content\/uploads\/2024\/12\/ua-mejlis-logo-rgb.svg","contentUrl":"https:\/\/qtmm.org\/wp-content\/uploads\/2024\/12\/ua-mejlis-logo-rgb.svg","caption":"\u041c\u0435\u0434\u0436\u043b\u0456\u0441"},"image":{"@id":"https:\/\/qtmm.org\/qt\/#\/schema\/logo\/image\/"},"sameAs":["https:\/\/www.facebook.com\/qtmm.info\/"]},{"@type":"Person","@id":"https:\/\/qtmm.org\/qt\/#\/schema\/person\/de562469f971dec226ac06e60bbf74a7","name":"Developer","image":{"@type":"ImageObject","inLanguage":"qt","@id":"https:\/\/secure.gravatar.com\/avatar\/392b4cc8fbfeb00b39dfeeab4ee6edded39ffd48e25858637e4765810300227e?s=96&d=mm&r=g","url":"https:\/\/secure.gravatar.com\/avatar\/392b4cc8fbfeb00b39dfeeab4ee6edded39ffd48e25858637e4765810300227e?s=96&d=mm&r=g","contentUrl":"https:\/\/secure.gravatar.com\/avatar\/392b4cc8fbfeb00b39dfeeab4ee6edded39ffd48e25858637e4765810300227e?s=96&d=mm&r=g","caption":"Developer"},"url":"https:\/\/qtmm.org\/qt\/author\/Developer\/"}]}},"_links":{"self":[{"href":"https:\/\/qtmm.org\/qt\/wp-json\/wp\/v2\/posts\/31857","targetHints":{"allow":["GET"]}}],"collection":[{"href":"https:\/\/qtmm.org\/qt\/wp-json\/wp\/v2\/posts"}],"about":[{"href":"https:\/\/qtmm.org\/qt\/wp-json\/wp\/v2\/types\/post"}],"author":[{"embeddable":true,"href":"https:\/\/qtmm.org\/qt\/wp-json\/wp\/v2\/users\/1"}],"replies":[{"embeddable":true,"href":"https:\/\/qtmm.org\/qt\/wp-json\/wp\/v2\/comments?post=31857"}],"version-history":[{"count":1,"href":"https:\/\/qtmm.org\/qt\/wp-json\/wp\/v2\/posts\/31857\/revisions"}],"predecessor-version":[{"id":31874,"href":"https:\/\/qtmm.org\/qt\/wp-json\/wp\/v2\/posts\/31857\/revisions\/31874"}],"wp:featuredmedia":[{"embeddable":true,"href":"https:\/\/qtmm.org\/qt\/wp-json\/wp\/v2\/media\/31862"}],"wp:attachment":[{"href":"https:\/\/qtmm.org\/qt\/wp-json\/wp\/v2\/media?parent=31857"}],"wp:term":[{"taxonomy":"category","embeddable":true,"href":"https:\/\/qtmm.org\/qt\/wp-json\/wp\/v2\/categories?post=31857"},{"taxonomy":"post_tag","embeddable":true,"href":"https:\/\/qtmm.org\/qt\/wp-json\/wp\/v2\/tags?post=31857"}],"curies":[{"name":"wp","href":"https:\/\/api.w.org\/{rel}","templated":true}]}}