




{"id":31741,"date":"2012-06-12T21:21:00","date_gmt":"2012-06-12T18:21:00","guid":{"rendered":"http:\/\/qtmm.org\/?p=31741"},"modified":"2022-01-21T21:24:11","modified_gmt":"2022-01-21T18:24:11","slug":"meclis-reisi-mustafa-cemilev-qirimtatarlarnin-derekoy-medeniy-etnografik-merkeznin-bas-maqsadi-qirimtatar-halqinin-medeniy-asabaligini-saqlap-qalmaqtir","status":"publish","type":"post","link":"https:\/\/qtmm.org\/qt\/meclis-reisi-mustafa-cemilev-qirimtatarlarnin-derekoy-medeniy-etnografik-merkeznin-bas-maqsadi-qirimtatar-halqinin-medeniy-asabaligini-saqlap-qalmaqtir\/","title":{"rendered":"Meclis reisi Mustafa Cemilev: q\u0131r\u0131mtatarlarn\u0131\u00f1 \u00abDerek\u00f6y\u00bb medeniy-etnografik merkezni\u00f1 ba\u015f maqsad\u0131 q\u0131r\u0131mtatar halq\u0131n\u0131\u00f1 medeniy asabal\u0131\u011f\u0131n\u0131 saqlap qalmaqt\u0131r"},"content":{"rendered":"\n<p>2012 senesi iy\u00fcn 12 k\u00fcn\u00fc &#8220;KRIM&#8221; FOND&#8221; hayriye te\u015fkil\u00e2t\u0131 Yaltada q\u0131r\u0131mtatarlarn\u0131\u00f1 birinci &#8220;Derek\u00f6y&#8221; medeniy-etnografik merkezini a\u00e7t\u0131.<\/p>\n\n\n\n<p>Tantanal\u0131 merasimde Q\u0131r\u0131mtatar halq\u0131 Meclisini\u00f1 reisi Mustafa Cemilev ve Yalta \u015feer ba\u015f\u0131n\u0131\u00f1 muavini Yelena Y\u00fcr\u00e7enko i\u015ftirak ettiler.<\/p>\n\n\n\n<p>&#8220;Derek\u00f6y&#8221; medeniy-etnografik merkezini\u00f1 azbar\u0131nda Yalta sakinleri ve \u00e7oqtan-\u00e7oq musafirler toplan\u0131p, olarn\u0131\u00f1 i\u00e7inde &#8220;FOND &#8220;KRIM&#8221; hayriye te\u015fkil\u00e2t\u0131n\u0131\u00f1 reisi Riza \u015eevqiyev, Yalta \u015feer \u015furas\u0131 milletlerara munasebetler ve migratsiya idaresini\u00f1 ba\u015f\u0131 Zaur Smirnov, T\u0130KA programmas\u0131n\u0131\u00f1 Q\u0131r\u0131mdaki koordinator\u0131 Ahmed \u00c7inar, Meclis tasil ve medeniyet idaresini\u00f1 ba\u015f\u0131 Safure Kacametova, Q\u0131r\u0131mtatar qad\u0131nlar birligini\u00f1 reisi Safinar Cemileva, \u00e7e\u015fit q\u0131r\u0131mtatar cemaat te\u015fkil\u00e2tlar\u0131n\u0131\u00f1 vekilleri, ameliy sanat ustalar\u0131 bar edi.<\/p>\n\n\n\n<p>Bayramn\u0131\u00f1 tantanal\u0131 q\u0131sm\u0131n\u0131 &#8220;Cemile&#8221; ansamblini\u00f1 oyunc\u0131lar\u0131 yara\u015ft\u0131rd\u0131lar.<\/p>\n\n\n\n<p>&#8220;FOND &#8220;KRIM&#8221; hayriye te\u015fkil\u00e2t\u0131n\u0131\u00f1 reisi Riza \u015eevqiyevni\u00f1 bildirgenine k\u00f6re, Q\u0131r\u0131mtatar medeniy etnografik merkezini meydan\u011fa ketir\u00fcv te\u015febb\u00fcsinen yaltal\u0131 faaller \u00e7\u0131q\u0131p, bu\u00f1a Milliy Meclis reisi qoltutt\u0131. Merkez a\u00e7\u0131l\u0131\u015f\u0131na Zarema Menseitova da pek b\u00fcy\u00fck isse qo\u015ft\u0131.<\/p>\n\n\n\n<p>Q\u0131r\u0131mtatar medeniy-etnografik merkezni\u00f1 t\u0131\u015f\u0131 q\u0131r\u0131mtatar \u00fcsl\u00fcbinde s\u00fcslenip, merkezni\u00f1 er bir odas\u0131 q\u0131r\u0131mtatar halq\u0131n\u0131\u00f1 d\u00fcnyas\u0131n\u0131 aks ettirerek, Q\u0131r\u0131mn\u0131\u00f1 as\u0131l halq\u0131 ol\u011fan q\u0131r\u0131mtatarlarn\u0131\u00f1 nas\u0131l ya\u015fa\u011fan\u0131 ve \u00e7al\u0131\u015fqan\u0131n\u0131 numay\u0131\u015f etecek. Er bir k\u00f6\u015fesi ise seyircilerni Q\u0131r\u0131mn\u0131\u00f1 Tarihiy ke\u00e7mi\u015fine dald\u0131r\u0131p, on\u0131\u00f1 sakinlerini\u00f1 ustal\u0131\u011f\u0131n\u0131 k\u00f6sterecek. &#8220;Fond\u0131m\u0131zn\u0131\u00f1 milliy medeniyetke mera\u011f\u0131 ve diqqat\u0131 tesaduf degil, bu \u2013 bizim nizamnamemizde belgilengen maqsad ve vazifelerimizden biridir&#8221;, &#8211; dep qayd etti Riza \u015eevqiye ve Meclis reisi Mustafa Cemilev em de Yalta \u015feer ba\u015f\u0131n\u0131\u00f1 muavini Yelena Y\u00fcr\u00e7enko\u011fa b\u00f6yle alicenap i\u015fni\u00f1 amelge ke\u00e7irilmesine yard\u0131mlar\u0131 i\u00e7\u00fcn te\u015fekk\u00fcr bildirdi.<\/p>\n\n\n\n<p>Meclis reisi Mustafa Cemilev Q\u0131r\u0131mda nevbetteki, Yaltada ise birinci medeniy-etnografik merkezni\u00f1 a\u00e7\u0131lmas\u0131n\u0131 sel\u00e2mlarken, on\u0131\u00f1 a\u00e7\u0131lmas\u0131na emegi ke\u00e7ken er keske minnetdarl\u0131\u011f\u0131n\u0131 bildirdi.<\/p>\n\n\n\n<p>Meclis reisi qayd etti ki, b\u00f6yle merkezlerni\u00f1 ba\u015f maqsad\u0131 q\u0131r\u0131mtatar halq\u0131n\u0131\u00f1 medeniy variyetini saqlap qalmaq, \u00f6seyatqan nesilnen \u00e7al\u0131\u015fmaq, halq esnaflar\u0131n\u0131 ileriletmek ve milliy sanatqa b\u00fct\u00fcn isteklilerni celp etmektir. Mustafa Cemilev &#8220;Derek\u00f6y&#8221; merkezini\u00f1 te\u015fbb\u00fcs\u00e7ileri ve te\u015fkil\u00e2t\u00e7\u0131lar\u0131na i\u015flerinde bitmez-t\u00fckenmez \u011fayret tiledi.<\/p>\n\n\n\n<p>Yalta \u015feer ba\u015f\u0131n\u0131\u00f1 muavini Yelena Y\u00fcr\u00e7enko \u00f6z hay\u0131rlav s\u00f6z\u00fcnde merkezni\u00f1 a\u00e7\u0131luv\u0131 Yalta ve umumen b\u00fct\u00fcn Q\u0131r\u0131m sakinleri i\u00e7\u00fcn b\u00fcy\u00fck bayram ol\u011fan\u0131n\u0131 qayd etti. &#8220;Biz bu k\u00fcnni aman-aman 10 y\u0131l bekledik. Endi ise beraber yapqanlar\u0131m\u0131zn\u0131\u00f1 neticesini k\u00f6remiz. Q\u0131r\u0131mtatar medeniyeti ve milletini Yaltada pekitmek \u011fayesini\u00f1 te\u015febb\u00fcs\u00e7ilerine te\u015fekk\u00fcrlerim so\u00f1suzd\u0131r&#8221;, &#8211; dedi YE. Y\u00fcr\u00e7enko.<\/p>\n\n\n\n<p>Duadan so\u00f1 Mustafa Cemilev ve Yelena Y\u00fcr\u00e7enko merkezge resmiy kiri\u015f temsili ol\u011fan q\u0131rm\u0131z\u0131 \u015feritni kestiler.<\/p>\n\n\n\n<p>Tedbir i\u015ftirak\u00e7ileri merkezni\u00f1 endi donat\u0131l\u011fan odalar\u0131n\u0131 birinci ol\u0131p seyir ettiler. Eksponatlar sergisini Zarema Menseitova a\u00e7t\u0131. On\u0131\u00f1 bildirgenine k\u00f6re, &#8220;Derek\u00f6y&#8221; komandas\u0131 q\u0131r\u0131mtatar halq\u0131 tarih\u0131n\u0131\u00f1 ta 18-nci as\u0131r\u011fa ait medeniyetini aks ettirgen sergini te\u015fkil etmek maqsad\u0131nda. &#8220;\u00c7e\u015fit bloklarda q\u0131r\u0131mtatar halq\u0131n\u0131\u00f1 bayramlar\u0131 ve k\u00fcndelik \u00f6m\u00fcr tarz\u0131n\u0131 k\u00f6stergen ekspozitsiyalar yerle\u015fecek. Merkezni\u00f1 maqsad\u0131 \u2013 bir evni\u00f1 misalinde q\u0131r\u0131mtatar halq\u0131n\u0131\u00f1 ya\u015fay\u0131\u015f\u0131n\u0131 k\u00f6stermektir, &#8211; dey Zarema han\u0131m.<\/p>\n\n\n\n<p>\u015eun\u0131 da qayd etmeli ki, &#8220;Derek\u00f6y&#8221; merkezindeki nesnelerni s\u00fcrg\u00fcnlikten evel Yalatada ya\u015fa\u011fan q\u0131r\u0131mtatar aileleri bah\u015f\u0131\u015f etken. Episi ol\u0131p m\u0131nda 100-den ziyade eksponat ol\u0131p, olarn\u0131\u00f1 i\u00e7inde eski resimler, \u00e7e\u015fit savut-sabalar bar.<\/p>\n\n\n\n<p>&#8220;Derek\u00f6y&#8221; medeniy-etnografik merkezi Yalta \u015feeri Kiyevskaya soqa\u011f\u0131ndaki cami yan\u0131nda \u2116 54 A,B evde yerle\u015fti.<\/p>\n\n\n\n<figure class=\"wp-block-gallery columns-3 is-cropped wp-block-gallery-1 is-layout-flex wp-block-gallery-is-layout-flex\"><ul class=\"blocks-gallery-grid\"><li class=\"blocks-gallery-item\"><figure><a href=\"http:\/\/qtmm.org\/wp-content\/uploads\/2022\/01\/4fd858bc8dc98.jpeg\"><img loading=\"lazy\" decoding=\"async\" width=\"640\" height=\"480\" src=\"http:\/\/qtmm.org\/wp-content\/uploads\/2022\/01\/4fd858bc8dc98.jpeg\" alt=\"\" data-id=\"31755\" data-full-url=\"http:\/\/qtmm.org\/wp-content\/uploads\/2022\/01\/4fd858bc8dc98.jpeg\" data-link=\"http:\/\/qtmm.org\/qt\/?attachment_id=31755\" class=\"wp-image-31755\" srcset=\"https:\/\/qtmm.org\/wp-content\/uploads\/2022\/01\/4fd858bc8dc98.jpeg 640w, https:\/\/qtmm.org\/wp-content\/uploads\/2022\/01\/4fd858bc8dc98-300x225.jpeg 300w\" sizes=\"auto, (max-width: 640px) 100vw, 640px\" \/><\/a><\/figure><\/li><li class=\"blocks-gallery-item\"><figure><a href=\"http:\/\/qtmm.org\/wp-content\/uploads\/2022\/01\/4fd858bc34e66.jpeg\"><img loading=\"lazy\" decoding=\"async\" width=\"640\" height=\"480\" src=\"http:\/\/qtmm.org\/wp-content\/uploads\/2022\/01\/4fd858bc34e66.jpeg\" alt=\"\" data-id=\"31759\" data-full-url=\"http:\/\/qtmm.org\/wp-content\/uploads\/2022\/01\/4fd858bc34e66.jpeg\" data-link=\"http:\/\/qtmm.org\/qt\/?attachment_id=31759\" class=\"wp-image-31759\" srcset=\"https:\/\/qtmm.org\/wp-content\/uploads\/2022\/01\/4fd858bc34e66.jpeg 640w, https:\/\/qtmm.org\/wp-content\/uploads\/2022\/01\/4fd858bc34e66-300x225.jpeg 300w\" sizes=\"auto, (max-width: 640px) 100vw, 640px\" \/><\/a><\/figure><\/li><li class=\"blocks-gallery-item\"><figure><a href=\"http:\/\/qtmm.org\/wp-content\/uploads\/2022\/01\/4fd858bcdd613.jpeg\"><img loading=\"lazy\" decoding=\"async\" width=\"640\" height=\"480\" src=\"http:\/\/qtmm.org\/wp-content\/uploads\/2022\/01\/4fd858bcdd613.jpeg\" alt=\"\" data-id=\"31763\" data-full-url=\"http:\/\/qtmm.org\/wp-content\/uploads\/2022\/01\/4fd858bcdd613.jpeg\" data-link=\"http:\/\/qtmm.org\/qt\/?attachment_id=31763\" class=\"wp-image-31763\" srcset=\"https:\/\/qtmm.org\/wp-content\/uploads\/2022\/01\/4fd858bcdd613.jpeg 640w, https:\/\/qtmm.org\/wp-content\/uploads\/2022\/01\/4fd858bcdd613-300x225.jpeg 300w\" sizes=\"auto, (max-width: 640px) 100vw, 640px\" \/><\/a><\/figure><\/li><li class=\"blocks-gallery-item\"><figure><a href=\"http:\/\/qtmm.org\/wp-content\/uploads\/2022\/01\/4fd858bd3db6d.jpeg\"><img loading=\"lazy\" decoding=\"async\" width=\"640\" height=\"480\" src=\"http:\/\/qtmm.org\/wp-content\/uploads\/2022\/01\/4fd858bd3db6d.jpeg\" alt=\"\" data-id=\"31767\" data-full-url=\"http:\/\/qtmm.org\/wp-content\/uploads\/2022\/01\/4fd858bd3db6d.jpeg\" data-link=\"http:\/\/qtmm.org\/qt\/?attachment_id=31767\" class=\"wp-image-31767\" srcset=\"https:\/\/qtmm.org\/wp-content\/uploads\/2022\/01\/4fd858bd3db6d.jpeg 640w, https:\/\/qtmm.org\/wp-content\/uploads\/2022\/01\/4fd858bd3db6d-300x225.jpeg 300w\" sizes=\"auto, (max-width: 640px) 100vw, 640px\" \/><\/a><\/figure><\/li><li class=\"blocks-gallery-item\"><figure><a href=\"http:\/\/qtmm.org\/wp-content\/uploads\/2022\/01\/4fd858bd90b8a.jpeg\"><img loading=\"lazy\" decoding=\"async\" width=\"640\" height=\"480\" src=\"http:\/\/qtmm.org\/wp-content\/uploads\/2022\/01\/4fd858bd90b8a.jpeg\" alt=\"\" data-id=\"31772\" data-full-url=\"http:\/\/qtmm.org\/wp-content\/uploads\/2022\/01\/4fd858bd90b8a.jpeg\" data-link=\"http:\/\/qtmm.org\/qt\/?attachment_id=31772\" class=\"wp-image-31772\" srcset=\"https:\/\/qtmm.org\/wp-content\/uploads\/2022\/01\/4fd858bd90b8a.jpeg 640w, https:\/\/qtmm.org\/wp-content\/uploads\/2022\/01\/4fd858bd90b8a-300x225.jpeg 300w\" sizes=\"auto, (max-width: 640px) 100vw, 640px\" \/><\/a><\/figure><\/li><li class=\"blocks-gallery-item\"><figure><a href=\"http:\/\/qtmm.org\/wp-content\/uploads\/2022\/01\/4fd858bde2445.jpeg\"><img loading=\"lazy\" decoding=\"async\" width=\"640\" height=\"480\" src=\"http:\/\/qtmm.org\/wp-content\/uploads\/2022\/01\/4fd858bde2445.jpeg\" alt=\"\" data-id=\"31776\" data-full-url=\"http:\/\/qtmm.org\/wp-content\/uploads\/2022\/01\/4fd858bde2445.jpeg\" data-link=\"http:\/\/qtmm.org\/qt\/?attachment_id=31776\" class=\"wp-image-31776\" srcset=\"https:\/\/qtmm.org\/wp-content\/uploads\/2022\/01\/4fd858bde2445.jpeg 640w, https:\/\/qtmm.org\/wp-content\/uploads\/2022\/01\/4fd858bde2445-300x225.jpeg 300w\" sizes=\"auto, (max-width: 640px) 100vw, 640px\" \/><\/a><\/figure><\/li><li class=\"blocks-gallery-item\"><figure><a href=\"http:\/\/qtmm.org\/wp-content\/uploads\/2022\/01\/4fd858be41de7.jpeg\"><img loading=\"lazy\" decoding=\"async\" width=\"640\" height=\"480\" src=\"http:\/\/qtmm.org\/wp-content\/uploads\/2022\/01\/4fd858be41de7.jpeg\" alt=\"\" data-id=\"31780\" data-full-url=\"http:\/\/qtmm.org\/wp-content\/uploads\/2022\/01\/4fd858be41de7.jpeg\" data-link=\"http:\/\/qtmm.org\/qt\/?attachment_id=31780\" class=\"wp-image-31780\" srcset=\"https:\/\/qtmm.org\/wp-content\/uploads\/2022\/01\/4fd858be41de7.jpeg 640w, https:\/\/qtmm.org\/wp-content\/uploads\/2022\/01\/4fd858be41de7-300x225.jpeg 300w\" sizes=\"auto, (max-width: 640px) 100vw, 640px\" \/><\/a><\/figure><\/li><li class=\"blocks-gallery-item\"><figure><a href=\"http:\/\/qtmm.org\/wp-content\/uploads\/2022\/01\/4fd858be94a29.jpeg\"><img loading=\"lazy\" decoding=\"async\" width=\"640\" height=\"480\" src=\"http:\/\/qtmm.org\/wp-content\/uploads\/2022\/01\/4fd858be94a29.jpeg\" alt=\"\" data-id=\"31784\" data-full-url=\"http:\/\/qtmm.org\/wp-content\/uploads\/2022\/01\/4fd858be94a29.jpeg\" data-link=\"http:\/\/qtmm.org\/qt\/?attachment_id=31784\" class=\"wp-image-31784\" srcset=\"https:\/\/qtmm.org\/wp-content\/uploads\/2022\/01\/4fd858be94a29.jpeg 640w, https:\/\/qtmm.org\/wp-content\/uploads\/2022\/01\/4fd858be94a29-300x225.jpeg 300w\" sizes=\"auto, (max-width: 640px) 100vw, 640px\" \/><\/a><\/figure><\/li><li class=\"blocks-gallery-item\"><figure><a href=\"http:\/\/qtmm.org\/wp-content\/uploads\/2022\/01\/4fd858bee6ab7.jpeg\"><img loading=\"lazy\" decoding=\"async\" width=\"640\" height=\"480\" src=\"http:\/\/qtmm.org\/wp-content\/uploads\/2022\/01\/4fd858bee6ab7.jpeg\" alt=\"\" data-id=\"31788\" data-full-url=\"http:\/\/qtmm.org\/wp-content\/uploads\/2022\/01\/4fd858bee6ab7.jpeg\" data-link=\"http:\/\/qtmm.org\/qt\/?attachment_id=31788\" class=\"wp-image-31788\" srcset=\"https:\/\/qtmm.org\/wp-content\/uploads\/2022\/01\/4fd858bee6ab7.jpeg 640w, https:\/\/qtmm.org\/wp-content\/uploads\/2022\/01\/4fd858bee6ab7-300x225.jpeg 300w\" sizes=\"auto, (max-width: 640px) 100vw, 640px\" \/><\/a><\/figure><\/li><li class=\"blocks-gallery-item\"><figure><a href=\"http:\/\/qtmm.org\/wp-content\/uploads\/2022\/01\/4fd858bf980fd.jpeg\"><img loading=\"lazy\" decoding=\"async\" width=\"640\" height=\"480\" src=\"http:\/\/qtmm.org\/wp-content\/uploads\/2022\/01\/4fd858bf980fd.jpeg\" alt=\"\" data-id=\"31792\" data-full-url=\"http:\/\/qtmm.org\/wp-content\/uploads\/2022\/01\/4fd858bf980fd.jpeg\" data-link=\"http:\/\/qtmm.org\/qt\/?attachment_id=31792\" class=\"wp-image-31792\" srcset=\"https:\/\/qtmm.org\/wp-content\/uploads\/2022\/01\/4fd858bf980fd.jpeg 640w, https:\/\/qtmm.org\/wp-content\/uploads\/2022\/01\/4fd858bf980fd-300x225.jpeg 300w\" sizes=\"auto, (max-width: 640px) 100vw, 640px\" \/><\/a><\/figure><\/li><li class=\"blocks-gallery-item\"><figure><a href=\"http:\/\/qtmm.org\/wp-content\/uploads\/2022\/01\/4fd858bf46073.jpeg\"><img loading=\"lazy\" decoding=\"async\" width=\"640\" height=\"480\" src=\"http:\/\/qtmm.org\/wp-content\/uploads\/2022\/01\/4fd858bf46073.jpeg\" alt=\"\" data-id=\"31796\" data-full-url=\"http:\/\/qtmm.org\/wp-content\/uploads\/2022\/01\/4fd858bf46073.jpeg\" data-link=\"http:\/\/qtmm.org\/qt\/?attachment_id=31796\" class=\"wp-image-31796\" srcset=\"https:\/\/qtmm.org\/wp-content\/uploads\/2022\/01\/4fd858bf46073.jpeg 640w, https:\/\/qtmm.org\/wp-content\/uploads\/2022\/01\/4fd858bf46073-300x225.jpeg 300w\" sizes=\"auto, (max-width: 640px) 100vw, 640px\" \/><\/a><\/figure><\/li><li class=\"blocks-gallery-item\"><figure><a href=\"http:\/\/qtmm.org\/wp-content\/uploads\/2022\/01\/4fd858bfec4b0.jpeg\"><img loading=\"lazy\" decoding=\"async\" width=\"640\" height=\"480\" src=\"http:\/\/qtmm.org\/wp-content\/uploads\/2022\/01\/4fd858bfec4b0.jpeg\" alt=\"\" data-id=\"31800\" data-full-url=\"http:\/\/qtmm.org\/wp-content\/uploads\/2022\/01\/4fd858bfec4b0.jpeg\" data-link=\"http:\/\/qtmm.org\/qt\/?attachment_id=31800\" class=\"wp-image-31800\" srcset=\"https:\/\/qtmm.org\/wp-content\/uploads\/2022\/01\/4fd858bfec4b0.jpeg 640w, https:\/\/qtmm.org\/wp-content\/uploads\/2022\/01\/4fd858bfec4b0-300x225.jpeg 300w\" sizes=\"auto, (max-width: 640px) 100vw, 640px\" \/><\/a><\/figure><\/li><li class=\"blocks-gallery-item\"><figure><a href=\"http:\/\/qtmm.org\/wp-content\/uploads\/2022\/01\/4fd858c0ed470.jpeg\"><img loading=\"lazy\" decoding=\"async\" width=\"640\" height=\"480\" src=\"http:\/\/qtmm.org\/wp-content\/uploads\/2022\/01\/4fd858c0ed470.jpeg\" alt=\"\" data-id=\"31804\" data-full-url=\"http:\/\/qtmm.org\/wp-content\/uploads\/2022\/01\/4fd858c0ed470.jpeg\" data-link=\"http:\/\/qtmm.org\/qt\/?attachment_id=31804\" class=\"wp-image-31804\" srcset=\"https:\/\/qtmm.org\/wp-content\/uploads\/2022\/01\/4fd858c0ed470.jpeg 640w, https:\/\/qtmm.org\/wp-content\/uploads\/2022\/01\/4fd858c0ed470-300x225.jpeg 300w\" sizes=\"auto, (max-width: 640px) 100vw, 640px\" \/><\/a><\/figure><\/li><li class=\"blocks-gallery-item\"><figure><a href=\"http:\/\/qtmm.org\/wp-content\/uploads\/2022\/01\/4fd858c1e7e9f.jpeg\"><img loading=\"lazy\" decoding=\"async\" width=\"640\" height=\"480\" src=\"http:\/\/qtmm.org\/wp-content\/uploads\/2022\/01\/4fd858c1e7e9f.jpeg\" alt=\"\" data-id=\"31808\" data-full-url=\"http:\/\/qtmm.org\/wp-content\/uploads\/2022\/01\/4fd858c1e7e9f.jpeg\" data-link=\"http:\/\/qtmm.org\/qt\/?attachment_id=31808\" class=\"wp-image-31808\" srcset=\"https:\/\/qtmm.org\/wp-content\/uploads\/2022\/01\/4fd858c1e7e9f.jpeg 640w, https:\/\/qtmm.org\/wp-content\/uploads\/2022\/01\/4fd858c1e7e9f-300x225.jpeg 300w\" sizes=\"auto, (max-width: 640px) 100vw, 640px\" \/><\/a><\/figure><\/li><li class=\"blocks-gallery-item\"><figure><a href=\"http:\/\/qtmm.org\/wp-content\/uploads\/2022\/01\/4fd858c2ec8f8.jpeg\"><img loading=\"lazy\" decoding=\"async\" width=\"640\" height=\"480\" src=\"http:\/\/qtmm.org\/wp-content\/uploads\/2022\/01\/4fd858c2ec8f8.jpeg\" alt=\"\" data-id=\"31812\" data-full-url=\"http:\/\/qtmm.org\/wp-content\/uploads\/2022\/01\/4fd858c2ec8f8.jpeg\" data-link=\"http:\/\/qtmm.org\/qt\/?attachment_id=31812\" class=\"wp-image-31812\" srcset=\"https:\/\/qtmm.org\/wp-content\/uploads\/2022\/01\/4fd858c2ec8f8.jpeg 640w, https:\/\/qtmm.org\/wp-content\/uploads\/2022\/01\/4fd858c2ec8f8-300x225.jpeg 300w\" sizes=\"auto, (max-width: 640px) 100vw, 640px\" \/><\/a><\/figure><\/li><li class=\"blocks-gallery-item\"><figure><a href=\"http:\/\/qtmm.org\/wp-content\/uploads\/2022\/01\/4fd858c3e117e.jpeg\"><img loading=\"lazy\" decoding=\"async\" width=\"640\" height=\"480\" src=\"http:\/\/qtmm.org\/wp-content\/uploads\/2022\/01\/4fd858c3e117e.jpeg\" alt=\"\" data-id=\"31816\" data-full-url=\"http:\/\/qtmm.org\/wp-content\/uploads\/2022\/01\/4fd858c3e117e.jpeg\" data-link=\"http:\/\/qtmm.org\/qt\/?attachment_id=31816\" class=\"wp-image-31816\" srcset=\"https:\/\/qtmm.org\/wp-content\/uploads\/2022\/01\/4fd858c3e117e.jpeg 640w, https:\/\/qtmm.org\/wp-content\/uploads\/2022\/01\/4fd858c3e117e-300x225.jpeg 300w\" sizes=\"auto, (max-width: 640px) 100vw, 640px\" \/><\/a><\/figure><\/li><li class=\"blocks-gallery-item\"><figure><a href=\"http:\/\/qtmm.org\/wp-content\/uploads\/2022\/01\/4fd858c04c23b.jpeg\"><img loading=\"lazy\" decoding=\"async\" width=\"640\" height=\"480\" src=\"http:\/\/qtmm.org\/wp-content\/uploads\/2022\/01\/4fd858c04c23b.jpeg\" alt=\"\" data-id=\"31820\" data-full-url=\"http:\/\/qtmm.org\/wp-content\/uploads\/2022\/01\/4fd858c04c23b.jpeg\" data-link=\"http:\/\/qtmm.org\/qt\/?attachment_id=31820\" class=\"wp-image-31820\" srcset=\"https:\/\/qtmm.org\/wp-content\/uploads\/2022\/01\/4fd858c04c23b.jpeg 640w, https:\/\/qtmm.org\/wp-content\/uploads\/2022\/01\/4fd858c04c23b-300x225.jpeg 300w\" sizes=\"auto, (max-width: 640px) 100vw, 640px\" \/><\/a><\/figure><\/li><li class=\"blocks-gallery-item\"><figure><a href=\"http:\/\/qtmm.org\/wp-content\/uploads\/2022\/01\/4fd858c09d326.jpeg\"><img loading=\"lazy\" decoding=\"async\" width=\"640\" height=\"480\" src=\"http:\/\/qtmm.org\/wp-content\/uploads\/2022\/01\/4fd858c09d326.jpeg\" alt=\"\" data-id=\"31824\" data-full-url=\"http:\/\/qtmm.org\/wp-content\/uploads\/2022\/01\/4fd858c09d326.jpeg\" data-link=\"http:\/\/qtmm.org\/qt\/?attachment_id=31824\" class=\"wp-image-31824\" srcset=\"https:\/\/qtmm.org\/wp-content\/uploads\/2022\/01\/4fd858c09d326.jpeg 640w, https:\/\/qtmm.org\/wp-content\/uploads\/2022\/01\/4fd858c09d326-300x225.jpeg 300w\" sizes=\"auto, (max-width: 640px) 100vw, 640px\" \/><\/a><\/figure><\/li><li class=\"blocks-gallery-item\"><figure><a href=\"http:\/\/qtmm.org\/wp-content\/uploads\/2022\/01\/4fd858c43a1a8.jpeg\"><img loading=\"lazy\" decoding=\"async\" width=\"640\" height=\"480\" src=\"http:\/\/qtmm.org\/wp-content\/uploads\/2022\/01\/4fd858c43a1a8.jpeg\" alt=\"\" data-id=\"31828\" data-full-url=\"http:\/\/qtmm.org\/wp-content\/uploads\/2022\/01\/4fd858c43a1a8.jpeg\" data-link=\"http:\/\/qtmm.org\/qt\/?attachment_id=31828\" class=\"wp-image-31828\" srcset=\"https:\/\/qtmm.org\/wp-content\/uploads\/2022\/01\/4fd858c43a1a8.jpeg 640w, https:\/\/qtmm.org\/wp-content\/uploads\/2022\/01\/4fd858c43a1a8-300x225.jpeg 300w\" sizes=\"auto, (max-width: 640px) 100vw, 640px\" \/><\/a><\/figure><\/li><li class=\"blocks-gallery-item\"><figure><a href=\"http:\/\/qtmm.org\/wp-content\/uploads\/2022\/01\/4fd858c147ff2.jpeg\"><img loading=\"lazy\" decoding=\"async\" width=\"640\" height=\"480\" src=\"http:\/\/qtmm.org\/wp-content\/uploads\/2022\/01\/4fd858c147ff2.jpeg\" alt=\"\" data-id=\"31832\" data-full-url=\"http:\/\/qtmm.org\/wp-content\/uploads\/2022\/01\/4fd858c147ff2.jpeg\" data-link=\"http:\/\/qtmm.org\/qt\/?attachment_id=31832\" class=\"wp-image-31832\" srcset=\"https:\/\/qtmm.org\/wp-content\/uploads\/2022\/01\/4fd858c147ff2.jpeg 640w, https:\/\/qtmm.org\/wp-content\/uploads\/2022\/01\/4fd858c147ff2-300x225.jpeg 300w\" sizes=\"auto, (max-width: 640px) 100vw, 640px\" \/><\/a><\/figure><\/li><li class=\"blocks-gallery-item\"><figure><a href=\"http:\/\/qtmm.org\/wp-content\/uploads\/2022\/01\/4fd858c247c2b.jpeg\"><img loading=\"lazy\" decoding=\"async\" width=\"640\" height=\"480\" src=\"http:\/\/qtmm.org\/wp-content\/uploads\/2022\/01\/4fd858c247c2b.jpeg\" alt=\"\" data-id=\"31836\" data-full-url=\"http:\/\/qtmm.org\/wp-content\/uploads\/2022\/01\/4fd858c247c2b.jpeg\" data-link=\"http:\/\/qtmm.org\/qt\/?attachment_id=31836\" class=\"wp-image-31836\" srcset=\"https:\/\/qtmm.org\/wp-content\/uploads\/2022\/01\/4fd858c247c2b.jpeg 640w, https:\/\/qtmm.org\/wp-content\/uploads\/2022\/01\/4fd858c247c2b-300x225.jpeg 300w\" sizes=\"auto, (max-width: 640px) 100vw, 640px\" \/><\/a><\/figure><\/li><li class=\"blocks-gallery-item\"><figure><a href=\"http:\/\/qtmm.org\/wp-content\/uploads\/2022\/01\/4fd858c1994c4.jpeg\"><img loading=\"lazy\" decoding=\"async\" width=\"640\" height=\"480\" src=\"http:\/\/qtmm.org\/wp-content\/uploads\/2022\/01\/4fd858c1994c4.jpeg\" alt=\"\" data-id=\"31840\" data-full-url=\"http:\/\/qtmm.org\/wp-content\/uploads\/2022\/01\/4fd858c1994c4.jpeg\" data-link=\"http:\/\/qtmm.org\/qt\/?attachment_id=31840\" class=\"wp-image-31840\" srcset=\"https:\/\/qtmm.org\/wp-content\/uploads\/2022\/01\/4fd858c1994c4.jpeg 640w, https:\/\/qtmm.org\/wp-content\/uploads\/2022\/01\/4fd858c1994c4-300x225.jpeg 300w\" sizes=\"auto, (max-width: 640px) 100vw, 640px\" \/><\/a><\/figure><\/li><li class=\"blocks-gallery-item\"><figure><a href=\"http:\/\/qtmm.org\/wp-content\/uploads\/2022\/01\/4fd858c2994e4.jpeg\"><img loading=\"lazy\" decoding=\"async\" width=\"640\" height=\"480\" src=\"http:\/\/qtmm.org\/wp-content\/uploads\/2022\/01\/4fd858c2994e4.jpeg\" alt=\"\" data-id=\"31844\" data-full-url=\"http:\/\/qtmm.org\/wp-content\/uploads\/2022\/01\/4fd858c2994e4.jpeg\" data-link=\"http:\/\/qtmm.org\/qt\/?attachment_id=31844\" class=\"wp-image-31844\" srcset=\"https:\/\/qtmm.org\/wp-content\/uploads\/2022\/01\/4fd858c2994e4.jpeg 640w, https:\/\/qtmm.org\/wp-content\/uploads\/2022\/01\/4fd858c2994e4-300x225.jpeg 300w\" sizes=\"auto, (max-width: 640px) 100vw, 640px\" \/><\/a><\/figure><\/li><li class=\"blocks-gallery-item\"><figure><a href=\"http:\/\/qtmm.org\/wp-content\/uploads\/2022\/01\/4fd858c39335c.jpeg\"><img loading=\"lazy\" decoding=\"async\" width=\"640\" height=\"480\" src=\"http:\/\/qtmm.org\/wp-content\/uploads\/2022\/01\/4fd858c39335c.jpeg\" alt=\"\" data-id=\"31848\" data-full-url=\"http:\/\/qtmm.org\/wp-content\/uploads\/2022\/01\/4fd858c39335c.jpeg\" data-link=\"http:\/\/qtmm.org\/qt\/?attachment_id=31848\" class=\"wp-image-31848\" srcset=\"https:\/\/qtmm.org\/wp-content\/uploads\/2022\/01\/4fd858c39335c.jpeg 640w, https:\/\/qtmm.org\/wp-content\/uploads\/2022\/01\/4fd858c39335c-300x225.jpeg 300w\" sizes=\"auto, (max-width: 640px) 100vw, 640px\" \/><\/a><\/figure><\/li><li class=\"blocks-gallery-item\"><figure><a href=\"http:\/\/qtmm.org\/wp-content\/uploads\/2022\/01\/4fd858c345151.jpeg\"><img loading=\"lazy\" decoding=\"async\" width=\"640\" height=\"480\" src=\"http:\/\/qtmm.org\/wp-content\/uploads\/2022\/01\/4fd858c345151.jpeg\" alt=\"\" data-id=\"31852\" data-full-url=\"http:\/\/qtmm.org\/wp-content\/uploads\/2022\/01\/4fd858c345151.jpeg\" data-link=\"http:\/\/qtmm.org\/qt\/?attachment_id=31852\" class=\"wp-image-31852\" srcset=\"https:\/\/qtmm.org\/wp-content\/uploads\/2022\/01\/4fd858c345151.jpeg 640w, https:\/\/qtmm.org\/wp-content\/uploads\/2022\/01\/4fd858c345151-300x225.jpeg 300w\" sizes=\"auto, (max-width: 640px) 100vw, 640px\" \/><\/a><\/figure><\/li><\/ul><\/figure>\n","protected":false},"excerpt":{"rendered":"<p>2012 senesi iy\u00fcn 12 k\u00fcn\u00fc &#8220;KRIM&#8221; FOND&#8221; hayriye te\u015fkil\u00e2t\u0131 Yaltada q\u0131r\u0131mtatarlarn\u0131\u00f1 birinci &#8220;Derek\u00f6y&#8221; medeniy-etnografik merkezini a\u00e7t\u0131. Tantanal\u0131 merasimde Q\u0131r\u0131mtatar halq\u0131 Meclisini\u00f1 reisi Mustafa Cemilev ve Yalta \u015feer ba\u015f\u0131n\u0131\u00f1 muavini Yelena Y\u00fcr\u00e7enko i\u015ftirak ettiler. &#8220;Derek\u00f6y&#8221; medeniy-etnografik merkezini\u00f1 azbar\u0131nda Yalta sakinleri ve \u00e7oqtan-\u00e7oq musafirler toplan\u0131p, olarn\u0131\u00f1 i\u00e7inde &#8220;FOND &#8220;KRIM&#8221; hayriye te\u015fkil\u00e2t\u0131n\u0131\u00f1 reisi Riza \u015eevqiyev, Yalta \u015feer \u015furas\u0131 [&hellip;]<\/p>\n","protected":false},"author":1,"featured_media":31759,"comment_status":"open","ping_status":"open","sticky":false,"template":"","format":"standard","meta":{"inline_featured_image":false,"footnotes":""},"categories":[265],"tags":[],"class_list":["post-31741","post","type-post","status-publish","format-standard","has-post-thumbnail","hentry","category-haberler"],"acf":[],"yoast_head":"<!-- This site is optimized with the Yoast SEO plugin v27.4 - https:\/\/yoast.com\/product\/yoast-seo-wordpress\/ -->\n<title>Meclis reisi Mustafa Cemilev: q\u0131r\u0131mtatarlarn\u0131\u00f1 \u00abDerek\u00f6y\u00bb medeniy-etnografik merkezni\u00f1 ba\u015f maqsad\u0131 q\u0131r\u0131mtatar halq\u0131n\u0131\u00f1 medeniy asabal\u0131\u011f\u0131n\u0131 saqlap qalmaqt\u0131r - \u041c\u0435\u0434\u0436\u043b\u0456\u0441<\/title>\n<meta name=\"robots\" content=\"index, follow, max-snippet:-1, max-image-preview:large, max-video-preview:-1\" \/>\n<link rel=\"canonical\" href=\"https:\/\/qtmm.org\/qt\/meclis-reisi-mustafa-cemilev-qirimtatarlarnin-derekoy-medeniy-etnografik-merkeznin-bas-maqsadi-qirimtatar-halqinin-medeniy-asabaligini-saqlap-qalmaqtir\/\" \/>\n<meta property=\"og:locale\" content=\"en_US\" \/>\n<meta property=\"og:type\" content=\"article\" \/>\n<meta property=\"og:title\" content=\"Meclis reisi Mustafa Cemilev: q\u0131r\u0131mtatarlarn\u0131\u00f1 \u00abDerek\u00f6y\u00bb medeniy-etnografik merkezni\u00f1 ba\u015f maqsad\u0131 q\u0131r\u0131mtatar halq\u0131n\u0131\u00f1 medeniy asabal\u0131\u011f\u0131n\u0131 saqlap qalmaqt\u0131r - \u041c\u0435\u0434\u0436\u043b\u0456\u0441\" \/>\n<meta property=\"og:description\" content=\"2012 senesi iy\u00fcn 12 k\u00fcn\u00fc &#8220;KRIM&#8221; FOND&#8221; hayriye te\u015fkil\u00e2t\u0131 Yaltada q\u0131r\u0131mtatarlarn\u0131\u00f1 birinci &#8220;Derek\u00f6y&#8221; medeniy-etnografik merkezini a\u00e7t\u0131. Tantanal\u0131 merasimde Q\u0131r\u0131mtatar halq\u0131 Meclisini\u00f1 reisi Mustafa Cemilev ve Yalta \u015feer ba\u015f\u0131n\u0131\u00f1 muavini Yelena Y\u00fcr\u00e7enko i\u015ftirak ettiler. &#8220;Derek\u00f6y&#8221; medeniy-etnografik merkezini\u00f1 azbar\u0131nda Yalta sakinleri ve \u00e7oqtan-\u00e7oq musafirler toplan\u0131p, olarn\u0131\u00f1 i\u00e7inde &#8220;FOND &#8220;KRIM&#8221; hayriye te\u015fkil\u00e2t\u0131n\u0131\u00f1 reisi Riza \u015eevqiyev, Yalta \u015feer \u015furas\u0131 [&hellip;]\" \/>\n<meta property=\"og:url\" content=\"https:\/\/qtmm.org\/qt\/meclis-reisi-mustafa-cemilev-qirimtatarlarnin-derekoy-medeniy-etnografik-merkeznin-bas-maqsadi-qirimtatar-halqinin-medeniy-asabaligini-saqlap-qalmaqtir\/\" \/>\n<meta property=\"og:site_name\" content=\"\u041c\u0435\u0434\u0436\u043b\u0456\u0441\" \/>\n<meta property=\"article:publisher\" content=\"https:\/\/www.facebook.com\/qtmm.info\/\" \/>\n<meta property=\"article:published_time\" content=\"2012-06-12T18:21:00+00:00\" \/>\n<meta property=\"article:modified_time\" content=\"2022-01-21T18:24:11+00:00\" \/>\n<meta property=\"og:image\" content=\"https:\/\/qtmm.org\/wp-content\/uploads\/2022\/01\/4fd858bc34e66.jpeg\" \/>\n\t<meta property=\"og:image:width\" content=\"640\" \/>\n\t<meta property=\"og:image:height\" content=\"480\" \/>\n\t<meta property=\"og:image:type\" content=\"image\/jpeg\" \/>\n<meta name=\"author\" content=\"Developer\" \/>\n<meta name=\"twitter:card\" content=\"summary_large_image\" \/>\n<meta name=\"twitter:label1\" content=\"Written by\" \/>\n\t<meta name=\"twitter:data1\" content=\"Developer\" \/>\n\t<meta name=\"twitter:label2\" content=\"Est. reading time\" \/>\n\t<meta name=\"twitter:data2\" content=\"3 minutes\" \/>\n<script type=\"application\/ld+json\" class=\"yoast-schema-graph\">{\"@context\":\"https:\\\/\\\/schema.org\",\"@graph\":[{\"@type\":\"Article\",\"@id\":\"https:\\\/\\\/qtmm.org\\\/qt\\\/meclis-reisi-mustafa-cemilev-qirimtatarlarnin-derekoy-medeniy-etnografik-merkeznin-bas-maqsadi-qirimtatar-halqinin-medeniy-asabaligini-saqlap-qalmaqtir\\\/#article\",\"isPartOf\":{\"@id\":\"https:\\\/\\\/qtmm.org\\\/qt\\\/meclis-reisi-mustafa-cemilev-qirimtatarlarnin-derekoy-medeniy-etnografik-merkeznin-bas-maqsadi-qirimtatar-halqinin-medeniy-asabaligini-saqlap-qalmaqtir\\\/\"},\"author\":{\"name\":\"Developer\",\"@id\":\"https:\\\/\\\/qtmm.org\\\/qt\\\/#\\\/schema\\\/person\\\/de562469f971dec226ac06e60bbf74a7\"},\"headline\":\"Meclis reisi Mustafa Cemilev: q\u0131r\u0131mtatarlarn\u0131\u00f1 \u00abDerek\u00f6y\u00bb medeniy-etnografik merkezni\u00f1 ba\u015f maqsad\u0131 q\u0131r\u0131mtatar halq\u0131n\u0131\u00f1 medeniy asabal\u0131\u011f\u0131n\u0131 saqlap qalmaqt\u0131r\",\"datePublished\":\"2012-06-12T18:21:00+00:00\",\"dateModified\":\"2022-01-21T18:24:11+00:00\",\"mainEntityOfPage\":{\"@id\":\"https:\\\/\\\/qtmm.org\\\/qt\\\/meclis-reisi-mustafa-cemilev-qirimtatarlarnin-derekoy-medeniy-etnografik-merkeznin-bas-maqsadi-qirimtatar-halqinin-medeniy-asabaligini-saqlap-qalmaqtir\\\/\"},\"wordCount\":679,\"commentCount\":0,\"publisher\":{\"@id\":\"https:\\\/\\\/qtmm.org\\\/qt\\\/#organization\"},\"image\":{\"@id\":\"https:\\\/\\\/qtmm.org\\\/qt\\\/meclis-reisi-mustafa-cemilev-qirimtatarlarnin-derekoy-medeniy-etnografik-merkeznin-bas-maqsadi-qirimtatar-halqinin-medeniy-asabaligini-saqlap-qalmaqtir\\\/#primaryimage\"},\"thumbnailUrl\":\"https:\\\/\\\/qtmm.org\\\/wp-content\\\/uploads\\\/2022\\\/01\\\/4fd858bc34e66.jpeg\",\"articleSection\":[\"Haberler\"],\"inLanguage\":\"qt\",\"potentialAction\":[{\"@type\":\"CommentAction\",\"name\":\"Comment\",\"target\":[\"https:\\\/\\\/qtmm.org\\\/qt\\\/meclis-reisi-mustafa-cemilev-qirimtatarlarnin-derekoy-medeniy-etnografik-merkeznin-bas-maqsadi-qirimtatar-halqinin-medeniy-asabaligini-saqlap-qalmaqtir\\\/#respond\"]}]},{\"@type\":\"WebPage\",\"@id\":\"https:\\\/\\\/qtmm.org\\\/qt\\\/meclis-reisi-mustafa-cemilev-qirimtatarlarnin-derekoy-medeniy-etnografik-merkeznin-bas-maqsadi-qirimtatar-halqinin-medeniy-asabaligini-saqlap-qalmaqtir\\\/\",\"url\":\"https:\\\/\\\/qtmm.org\\\/qt\\\/meclis-reisi-mustafa-cemilev-qirimtatarlarnin-derekoy-medeniy-etnografik-merkeznin-bas-maqsadi-qirimtatar-halqinin-medeniy-asabaligini-saqlap-qalmaqtir\\\/\",\"name\":\"Meclis reisi Mustafa Cemilev: q\u0131r\u0131mtatarlarn\u0131\u00f1 \u00abDerek\u00f6y\u00bb medeniy-etnografik merkezni\u00f1 ba\u015f maqsad\u0131 q\u0131r\u0131mtatar halq\u0131n\u0131\u00f1 medeniy asabal\u0131\u011f\u0131n\u0131 saqlap qalmaqt\u0131r - \u041c\u0435\u0434\u0436\u043b\u0456\u0441\",\"isPartOf\":{\"@id\":\"https:\\\/\\\/qtmm.org\\\/qt\\\/#website\"},\"primaryImageOfPage\":{\"@id\":\"https:\\\/\\\/qtmm.org\\\/qt\\\/meclis-reisi-mustafa-cemilev-qirimtatarlarnin-derekoy-medeniy-etnografik-merkeznin-bas-maqsadi-qirimtatar-halqinin-medeniy-asabaligini-saqlap-qalmaqtir\\\/#primaryimage\"},\"image\":{\"@id\":\"https:\\\/\\\/qtmm.org\\\/qt\\\/meclis-reisi-mustafa-cemilev-qirimtatarlarnin-derekoy-medeniy-etnografik-merkeznin-bas-maqsadi-qirimtatar-halqinin-medeniy-asabaligini-saqlap-qalmaqtir\\\/#primaryimage\"},\"thumbnailUrl\":\"https:\\\/\\\/qtmm.org\\\/wp-content\\\/uploads\\\/2022\\\/01\\\/4fd858bc34e66.jpeg\",\"datePublished\":\"2012-06-12T18:21:00+00:00\",\"dateModified\":\"2022-01-21T18:24:11+00:00\",\"breadcrumb\":{\"@id\":\"https:\\\/\\\/qtmm.org\\\/qt\\\/meclis-reisi-mustafa-cemilev-qirimtatarlarnin-derekoy-medeniy-etnografik-merkeznin-bas-maqsadi-qirimtatar-halqinin-medeniy-asabaligini-saqlap-qalmaqtir\\\/#breadcrumb\"},\"inLanguage\":\"qt\",\"potentialAction\":[{\"@type\":\"ReadAction\",\"target\":[\"https:\\\/\\\/qtmm.org\\\/qt\\\/meclis-reisi-mustafa-cemilev-qirimtatarlarnin-derekoy-medeniy-etnografik-merkeznin-bas-maqsadi-qirimtatar-halqinin-medeniy-asabaligini-saqlap-qalmaqtir\\\/\"]}]},{\"@type\":\"ImageObject\",\"inLanguage\":\"qt\",\"@id\":\"https:\\\/\\\/qtmm.org\\\/qt\\\/meclis-reisi-mustafa-cemilev-qirimtatarlarnin-derekoy-medeniy-etnografik-merkeznin-bas-maqsadi-qirimtatar-halqinin-medeniy-asabaligini-saqlap-qalmaqtir\\\/#primaryimage\",\"url\":\"https:\\\/\\\/qtmm.org\\\/wp-content\\\/uploads\\\/2022\\\/01\\\/4fd858bc34e66.jpeg\",\"contentUrl\":\"https:\\\/\\\/qtmm.org\\\/wp-content\\\/uploads\\\/2022\\\/01\\\/4fd858bc34e66.jpeg\",\"width\":640,\"height\":480},{\"@type\":\"BreadcrumbList\",\"@id\":\"https:\\\/\\\/qtmm.org\\\/qt\\\/meclis-reisi-mustafa-cemilev-qirimtatarlarnin-derekoy-medeniy-etnografik-merkeznin-bas-maqsadi-qirimtatar-halqinin-medeniy-asabaligini-saqlap-qalmaqtir\\\/#breadcrumb\",\"itemListElement\":[{\"@type\":\"ListItem\",\"position\":1,\"name\":\"\u0413\u043e\u043b\u043e\u0432\u043d\u0430\",\"item\":\"https:\\\/\\\/qtmm.org\\\/qt\\\/\"},{\"@type\":\"ListItem\",\"position\":2,\"name\":\"Meclis reisi Mustafa Cemilev: q\u0131r\u0131mtatarlarn\u0131\u00f1 \u00abDerek\u00f6y\u00bb medeniy-etnografik merkezni\u00f1 ba\u015f maqsad\u0131 q\u0131r\u0131mtatar halq\u0131n\u0131\u00f1 medeniy asabal\u0131\u011f\u0131n\u0131 saqlap qalmaqt\u0131r\"}]},{\"@type\":\"WebSite\",\"@id\":\"https:\\\/\\\/qtmm.org\\\/qt\\\/#website\",\"url\":\"https:\\\/\\\/qtmm.org\\\/qt\\\/\",\"name\":\"\u041c\u0435\u0434\u0436\u043b\u0456\u0441\",\"description\":\"\",\"publisher\":{\"@id\":\"https:\\\/\\\/qtmm.org\\\/qt\\\/#organization\"},\"potentialAction\":[{\"@type\":\"SearchAction\",\"target\":{\"@type\":\"EntryPoint\",\"urlTemplate\":\"https:\\\/\\\/qtmm.org\\\/qt\\\/?s={search_term_string}\"},\"query-input\":{\"@type\":\"PropertyValueSpecification\",\"valueRequired\":true,\"valueName\":\"search_term_string\"}}],\"inLanguage\":\"qt\"},{\"@type\":\"Organization\",\"@id\":\"https:\\\/\\\/qtmm.org\\\/qt\\\/#organization\",\"name\":\"\u041c\u0435\u0434\u0436\u043b\u0456\u0441\",\"url\":\"https:\\\/\\\/qtmm.org\\\/qt\\\/\",\"logo\":{\"@type\":\"ImageObject\",\"inLanguage\":\"qt\",\"@id\":\"https:\\\/\\\/qtmm.org\\\/qt\\\/#\\\/schema\\\/logo\\\/image\\\/\",\"url\":\"https:\\\/\\\/qtmm.org\\\/wp-content\\\/uploads\\\/2024\\\/12\\\/ua-mejlis-logo-rgb.svg\",\"contentUrl\":\"https:\\\/\\\/qtmm.org\\\/wp-content\\\/uploads\\\/2024\\\/12\\\/ua-mejlis-logo-rgb.svg\",\"caption\":\"\u041c\u0435\u0434\u0436\u043b\u0456\u0441\"},\"image\":{\"@id\":\"https:\\\/\\\/qtmm.org\\\/qt\\\/#\\\/schema\\\/logo\\\/image\\\/\"},\"sameAs\":[\"https:\\\/\\\/www.facebook.com\\\/qtmm.info\\\/\"]},{\"@type\":\"Person\",\"@id\":\"https:\\\/\\\/qtmm.org\\\/qt\\\/#\\\/schema\\\/person\\\/de562469f971dec226ac06e60bbf74a7\",\"name\":\"Developer\",\"image\":{\"@type\":\"ImageObject\",\"inLanguage\":\"qt\",\"@id\":\"https:\\\/\\\/secure.gravatar.com\\\/avatar\\\/392b4cc8fbfeb00b39dfeeab4ee6edded39ffd48e25858637e4765810300227e?s=96&d=mm&r=g\",\"url\":\"https:\\\/\\\/secure.gravatar.com\\\/avatar\\\/392b4cc8fbfeb00b39dfeeab4ee6edded39ffd48e25858637e4765810300227e?s=96&d=mm&r=g\",\"contentUrl\":\"https:\\\/\\\/secure.gravatar.com\\\/avatar\\\/392b4cc8fbfeb00b39dfeeab4ee6edded39ffd48e25858637e4765810300227e?s=96&d=mm&r=g\",\"caption\":\"Developer\"},\"url\":\"https:\\\/\\\/qtmm.org\\\/qt\\\/author\\\/Developer\\\/\"}]}<\/script>\n<!-- \/ Yoast SEO plugin. -->","yoast_head_json":{"title":"Meclis reisi Mustafa Cemilev: q\u0131r\u0131mtatarlarn\u0131\u00f1 \u00abDerek\u00f6y\u00bb medeniy-etnografik merkezni\u00f1 ba\u015f maqsad\u0131 q\u0131r\u0131mtatar halq\u0131n\u0131\u00f1 medeniy asabal\u0131\u011f\u0131n\u0131 saqlap qalmaqt\u0131r - \u041c\u0435\u0434\u0436\u043b\u0456\u0441","robots":{"index":"index","follow":"follow","max-snippet":"max-snippet:-1","max-image-preview":"max-image-preview:large","max-video-preview":"max-video-preview:-1"},"canonical":"https:\/\/qtmm.org\/qt\/meclis-reisi-mustafa-cemilev-qirimtatarlarnin-derekoy-medeniy-etnografik-merkeznin-bas-maqsadi-qirimtatar-halqinin-medeniy-asabaligini-saqlap-qalmaqtir\/","og_locale":"en_US","og_type":"article","og_title":"Meclis reisi Mustafa Cemilev: q\u0131r\u0131mtatarlarn\u0131\u00f1 \u00abDerek\u00f6y\u00bb medeniy-etnografik merkezni\u00f1 ba\u015f maqsad\u0131 q\u0131r\u0131mtatar halq\u0131n\u0131\u00f1 medeniy asabal\u0131\u011f\u0131n\u0131 saqlap qalmaqt\u0131r - \u041c\u0435\u0434\u0436\u043b\u0456\u0441","og_description":"2012 senesi iy\u00fcn 12 k\u00fcn\u00fc &#8220;KRIM&#8221; FOND&#8221; hayriye te\u015fkil\u00e2t\u0131 Yaltada q\u0131r\u0131mtatarlarn\u0131\u00f1 birinci &#8220;Derek\u00f6y&#8221; medeniy-etnografik merkezini a\u00e7t\u0131. Tantanal\u0131 merasimde Q\u0131r\u0131mtatar halq\u0131 Meclisini\u00f1 reisi Mustafa Cemilev ve Yalta \u015feer ba\u015f\u0131n\u0131\u00f1 muavini Yelena Y\u00fcr\u00e7enko i\u015ftirak ettiler. &#8220;Derek\u00f6y&#8221; medeniy-etnografik merkezini\u00f1 azbar\u0131nda Yalta sakinleri ve \u00e7oqtan-\u00e7oq musafirler toplan\u0131p, olarn\u0131\u00f1 i\u00e7inde &#8220;FOND &#8220;KRIM&#8221; hayriye te\u015fkil\u00e2t\u0131n\u0131\u00f1 reisi Riza \u015eevqiyev, Yalta \u015feer \u015furas\u0131 [&hellip;]","og_url":"https:\/\/qtmm.org\/qt\/meclis-reisi-mustafa-cemilev-qirimtatarlarnin-derekoy-medeniy-etnografik-merkeznin-bas-maqsadi-qirimtatar-halqinin-medeniy-asabaligini-saqlap-qalmaqtir\/","og_site_name":"\u041c\u0435\u0434\u0436\u043b\u0456\u0441","article_publisher":"https:\/\/www.facebook.com\/qtmm.info\/","article_published_time":"2012-06-12T18:21:00+00:00","article_modified_time":"2022-01-21T18:24:11+00:00","og_image":[{"width":640,"height":480,"url":"https:\/\/qtmm.org\/wp-content\/uploads\/2022\/01\/4fd858bc34e66.jpeg","type":"image\/jpeg"}],"author":"Developer","twitter_card":"summary_large_image","twitter_misc":{"Written by":"Developer","Est. reading time":"3 minutes"},"schema":{"@context":"https:\/\/schema.org","@graph":[{"@type":"Article","@id":"https:\/\/qtmm.org\/qt\/meclis-reisi-mustafa-cemilev-qirimtatarlarnin-derekoy-medeniy-etnografik-merkeznin-bas-maqsadi-qirimtatar-halqinin-medeniy-asabaligini-saqlap-qalmaqtir\/#article","isPartOf":{"@id":"https:\/\/qtmm.org\/qt\/meclis-reisi-mustafa-cemilev-qirimtatarlarnin-derekoy-medeniy-etnografik-merkeznin-bas-maqsadi-qirimtatar-halqinin-medeniy-asabaligini-saqlap-qalmaqtir\/"},"author":{"name":"Developer","@id":"https:\/\/qtmm.org\/qt\/#\/schema\/person\/de562469f971dec226ac06e60bbf74a7"},"headline":"Meclis reisi Mustafa Cemilev: q\u0131r\u0131mtatarlarn\u0131\u00f1 \u00abDerek\u00f6y\u00bb medeniy-etnografik merkezni\u00f1 ba\u015f maqsad\u0131 q\u0131r\u0131mtatar halq\u0131n\u0131\u00f1 medeniy asabal\u0131\u011f\u0131n\u0131 saqlap qalmaqt\u0131r","datePublished":"2012-06-12T18:21:00+00:00","dateModified":"2022-01-21T18:24:11+00:00","mainEntityOfPage":{"@id":"https:\/\/qtmm.org\/qt\/meclis-reisi-mustafa-cemilev-qirimtatarlarnin-derekoy-medeniy-etnografik-merkeznin-bas-maqsadi-qirimtatar-halqinin-medeniy-asabaligini-saqlap-qalmaqtir\/"},"wordCount":679,"commentCount":0,"publisher":{"@id":"https:\/\/qtmm.org\/qt\/#organization"},"image":{"@id":"https:\/\/qtmm.org\/qt\/meclis-reisi-mustafa-cemilev-qirimtatarlarnin-derekoy-medeniy-etnografik-merkeznin-bas-maqsadi-qirimtatar-halqinin-medeniy-asabaligini-saqlap-qalmaqtir\/#primaryimage"},"thumbnailUrl":"https:\/\/qtmm.org\/wp-content\/uploads\/2022\/01\/4fd858bc34e66.jpeg","articleSection":["Haberler"],"inLanguage":"qt","potentialAction":[{"@type":"CommentAction","name":"Comment","target":["https:\/\/qtmm.org\/qt\/meclis-reisi-mustafa-cemilev-qirimtatarlarnin-derekoy-medeniy-etnografik-merkeznin-bas-maqsadi-qirimtatar-halqinin-medeniy-asabaligini-saqlap-qalmaqtir\/#respond"]}]},{"@type":"WebPage","@id":"https:\/\/qtmm.org\/qt\/meclis-reisi-mustafa-cemilev-qirimtatarlarnin-derekoy-medeniy-etnografik-merkeznin-bas-maqsadi-qirimtatar-halqinin-medeniy-asabaligini-saqlap-qalmaqtir\/","url":"https:\/\/qtmm.org\/qt\/meclis-reisi-mustafa-cemilev-qirimtatarlarnin-derekoy-medeniy-etnografik-merkeznin-bas-maqsadi-qirimtatar-halqinin-medeniy-asabaligini-saqlap-qalmaqtir\/","name":"Meclis reisi Mustafa Cemilev: q\u0131r\u0131mtatarlarn\u0131\u00f1 \u00abDerek\u00f6y\u00bb medeniy-etnografik merkezni\u00f1 ba\u015f maqsad\u0131 q\u0131r\u0131mtatar halq\u0131n\u0131\u00f1 medeniy asabal\u0131\u011f\u0131n\u0131 saqlap qalmaqt\u0131r - \u041c\u0435\u0434\u0436\u043b\u0456\u0441","isPartOf":{"@id":"https:\/\/qtmm.org\/qt\/#website"},"primaryImageOfPage":{"@id":"https:\/\/qtmm.org\/qt\/meclis-reisi-mustafa-cemilev-qirimtatarlarnin-derekoy-medeniy-etnografik-merkeznin-bas-maqsadi-qirimtatar-halqinin-medeniy-asabaligini-saqlap-qalmaqtir\/#primaryimage"},"image":{"@id":"https:\/\/qtmm.org\/qt\/meclis-reisi-mustafa-cemilev-qirimtatarlarnin-derekoy-medeniy-etnografik-merkeznin-bas-maqsadi-qirimtatar-halqinin-medeniy-asabaligini-saqlap-qalmaqtir\/#primaryimage"},"thumbnailUrl":"https:\/\/qtmm.org\/wp-content\/uploads\/2022\/01\/4fd858bc34e66.jpeg","datePublished":"2012-06-12T18:21:00+00:00","dateModified":"2022-01-21T18:24:11+00:00","breadcrumb":{"@id":"https:\/\/qtmm.org\/qt\/meclis-reisi-mustafa-cemilev-qirimtatarlarnin-derekoy-medeniy-etnografik-merkeznin-bas-maqsadi-qirimtatar-halqinin-medeniy-asabaligini-saqlap-qalmaqtir\/#breadcrumb"},"inLanguage":"qt","potentialAction":[{"@type":"ReadAction","target":["https:\/\/qtmm.org\/qt\/meclis-reisi-mustafa-cemilev-qirimtatarlarnin-derekoy-medeniy-etnografik-merkeznin-bas-maqsadi-qirimtatar-halqinin-medeniy-asabaligini-saqlap-qalmaqtir\/"]}]},{"@type":"ImageObject","inLanguage":"qt","@id":"https:\/\/qtmm.org\/qt\/meclis-reisi-mustafa-cemilev-qirimtatarlarnin-derekoy-medeniy-etnografik-merkeznin-bas-maqsadi-qirimtatar-halqinin-medeniy-asabaligini-saqlap-qalmaqtir\/#primaryimage","url":"https:\/\/qtmm.org\/wp-content\/uploads\/2022\/01\/4fd858bc34e66.jpeg","contentUrl":"https:\/\/qtmm.org\/wp-content\/uploads\/2022\/01\/4fd858bc34e66.jpeg","width":640,"height":480},{"@type":"BreadcrumbList","@id":"https:\/\/qtmm.org\/qt\/meclis-reisi-mustafa-cemilev-qirimtatarlarnin-derekoy-medeniy-etnografik-merkeznin-bas-maqsadi-qirimtatar-halqinin-medeniy-asabaligini-saqlap-qalmaqtir\/#breadcrumb","itemListElement":[{"@type":"ListItem","position":1,"name":"\u0413\u043e\u043b\u043e\u0432\u043d\u0430","item":"https:\/\/qtmm.org\/qt\/"},{"@type":"ListItem","position":2,"name":"Meclis reisi Mustafa Cemilev: q\u0131r\u0131mtatarlarn\u0131\u00f1 \u00abDerek\u00f6y\u00bb medeniy-etnografik merkezni\u00f1 ba\u015f maqsad\u0131 q\u0131r\u0131mtatar halq\u0131n\u0131\u00f1 medeniy asabal\u0131\u011f\u0131n\u0131 saqlap qalmaqt\u0131r"}]},{"@type":"WebSite","@id":"https:\/\/qtmm.org\/qt\/#website","url":"https:\/\/qtmm.org\/qt\/","name":"\u041c\u0435\u0434\u0436\u043b\u0456\u0441","description":"","publisher":{"@id":"https:\/\/qtmm.org\/qt\/#organization"},"potentialAction":[{"@type":"SearchAction","target":{"@type":"EntryPoint","urlTemplate":"https:\/\/qtmm.org\/qt\/?s={search_term_string}"},"query-input":{"@type":"PropertyValueSpecification","valueRequired":true,"valueName":"search_term_string"}}],"inLanguage":"qt"},{"@type":"Organization","@id":"https:\/\/qtmm.org\/qt\/#organization","name":"\u041c\u0435\u0434\u0436\u043b\u0456\u0441","url":"https:\/\/qtmm.org\/qt\/","logo":{"@type":"ImageObject","inLanguage":"qt","@id":"https:\/\/qtmm.org\/qt\/#\/schema\/logo\/image\/","url":"https:\/\/qtmm.org\/wp-content\/uploads\/2024\/12\/ua-mejlis-logo-rgb.svg","contentUrl":"https:\/\/qtmm.org\/wp-content\/uploads\/2024\/12\/ua-mejlis-logo-rgb.svg","caption":"\u041c\u0435\u0434\u0436\u043b\u0456\u0441"},"image":{"@id":"https:\/\/qtmm.org\/qt\/#\/schema\/logo\/image\/"},"sameAs":["https:\/\/www.facebook.com\/qtmm.info\/"]},{"@type":"Person","@id":"https:\/\/qtmm.org\/qt\/#\/schema\/person\/de562469f971dec226ac06e60bbf74a7","name":"Developer","image":{"@type":"ImageObject","inLanguage":"qt","@id":"https:\/\/secure.gravatar.com\/avatar\/392b4cc8fbfeb00b39dfeeab4ee6edded39ffd48e25858637e4765810300227e?s=96&d=mm&r=g","url":"https:\/\/secure.gravatar.com\/avatar\/392b4cc8fbfeb00b39dfeeab4ee6edded39ffd48e25858637e4765810300227e?s=96&d=mm&r=g","contentUrl":"https:\/\/secure.gravatar.com\/avatar\/392b4cc8fbfeb00b39dfeeab4ee6edded39ffd48e25858637e4765810300227e?s=96&d=mm&r=g","caption":"Developer"},"url":"https:\/\/qtmm.org\/qt\/author\/Developer\/"}]}},"_links":{"self":[{"href":"https:\/\/qtmm.org\/qt\/wp-json\/wp\/v2\/posts\/31741","targetHints":{"allow":["GET"]}}],"collection":[{"href":"https:\/\/qtmm.org\/qt\/wp-json\/wp\/v2\/posts"}],"about":[{"href":"https:\/\/qtmm.org\/qt\/wp-json\/wp\/v2\/types\/post"}],"author":[{"embeddable":true,"href":"https:\/\/qtmm.org\/qt\/wp-json\/wp\/v2\/users\/1"}],"replies":[{"embeddable":true,"href":"https:\/\/qtmm.org\/qt\/wp-json\/wp\/v2\/comments?post=31741"}],"version-history":[{"count":1,"href":"https:\/\/qtmm.org\/qt\/wp-json\/wp\/v2\/posts\/31741\/revisions"}],"predecessor-version":[{"id":31856,"href":"https:\/\/qtmm.org\/qt\/wp-json\/wp\/v2\/posts\/31741\/revisions\/31856"}],"wp:featuredmedia":[{"embeddable":true,"href":"https:\/\/qtmm.org\/qt\/wp-json\/wp\/v2\/media\/31759"}],"wp:attachment":[{"href":"https:\/\/qtmm.org\/qt\/wp-json\/wp\/v2\/media?parent=31741"}],"wp:term":[{"taxonomy":"category","embeddable":true,"href":"https:\/\/qtmm.org\/qt\/wp-json\/wp\/v2\/categories?post=31741"},{"taxonomy":"post_tag","embeddable":true,"href":"https:\/\/qtmm.org\/qt\/wp-json\/wp\/v2\/tags?post=31741"}],"curies":[{"name":"wp","href":"https:\/\/api.w.org\/{rel}","templated":true}]}}