




{"id":31721,"date":"2012-06-12T21:19:00","date_gmt":"2012-06-12T18:19:00","guid":{"rendered":"http:\/\/qtmm.org\/?p=31721"},"modified":"2022-01-21T21:21:09","modified_gmt":"2022-01-21T18:21:09","slug":"krim-dtrk-qirimtatar-yayinlari-icadiy-birlesmesinin-inkisafi-meseleleri-boyunca-toplasuv-oldi","status":"publish","type":"post","link":"https:\/\/qtmm.org\/qt\/krim-dtrk-qirimtatar-yayinlari-icadiy-birlesmesinin-inkisafi-meseleleri-boyunca-toplasuv-oldi\/","title":{"rendered":"\u00abKr\u0131m\u00bb DTRK q\u0131r\u0131mtatar yay\u0131nlar\u0131 icadiy birle\u015fmesini\u00f1 inki\u015faf\u0131 meseleleri boyunca topla\u015fuv old\u0131"},"content":{"rendered":"\n<p>2012 senesi iy\u00fcn 11 k\u00fcn\u00fc Q\u0131r\u0131mtatar halq\u0131 Meclisini\u00f1 reisi, Ukraina halq deputat\u0131 Mustafa Cemilev, on\u0131\u00f1 birinci muavini, Q\u0131r\u0131m Yuqar\u0131 \u015euras\u0131n\u0131\u00f1 deputat\u0131 Refat \u00c7ubarov Q\u0131r\u0131m \u0130nformatsiya boyunca cumhuriyet komitetini\u00f1 reisi Vadim Vol\u00e7enko ve &#8220;Kr\u0131m&#8221; DTRK ba\u015f direktor\u0131n\u0131\u00f1 birinci muavini Stepan G\u00fclevat\u0131y ile k\u00f6r\u00fc\u015ftiler. &#8220;Kr\u0131m&#8221; DTRK binas\u0131nda ke\u00e7ken topla\u015fuvda &#8220;Kr\u0131m&#8221; DTRK ba\u015f direktor\u0131n\u0131\u00f1 televideniye boyunca muavini \u0130rina M\u00fcld, &#8220;Kr\u0131m&#8221; DTRK q\u0131r\u0131mtatar yay\u0131nlar\u0131 icadiy birle\u015fmesini\u00f1 direktor\u0131 Seytisl\u00e2m Ki\u015fveyev, Meclisni\u00f1 informatsion siyaset ve cemaat te\u015fkil\u00e2tlarnen al\u00e2qa idaresini\u00f1 ba\u015f\u0131 \u015eevket Qaybullayev ve Meclis K\u00e2tibiyetini\u00f1 ba\u015f\u0131 Zair Smedl\u00e2yev i\u015ftirak ettiler.<\/p>\n\n\n\n<p>Belli ki, ke\u00e7enlerde &#8220;Kr\u0131m&#8221; DTRK yolba\u015f\u00e7\u0131lar\u0131 q\u0131r\u0131mtatar muarririyet hadimlerinden 13 daqqal\u0131q &#8220;Haberler&#8221; programmas\u0131na er k\u00fcn Ukraina Prezidenti ve Ukraina Nazirler Kabineti faaliyetini aks ettirgen levhalarn\u0131 kirsetmekni talap ettiler. Neticede, &#8220;Haberler&#8221;de q\u0131r\u0131mtatar halq\u0131 ve Q\u0131r\u0131mn\u0131\u00f1 siyasiy, sotsial ve medeniy \u00f6m\u00fcrini k\u00f6stermek i\u00e7\u00fcn asl\u0131 da vaq\u0131t qalmaycaq.<\/p>\n\n\n\n<p>\u0130\u015fte, ol\u0131p ke\u00e7ken \u015fu vaqia k\u00f6r\u00fc\u015f\u00fcv i\u015ftirak\u00e7ilerini\u00f1 muzakere mevzus\u0131 old\u0131. Bun\u0131\u00f1 kibi de olar muarririyet maddiy-tehnikiy bazas\u0131n\u0131\u00f1 zay\u0131fl\u0131\u011f\u0131, q\u0131r\u0131mtatar tilinde yay\u0131nlar vaqt\u0131 ol\u011fan\u0131-olaca\u011f\u0131 26 daqqa ol\u0131p, bazar k\u00fcnleri ise umumen berilmegenini qayd ettiler.<\/p>\n\n\n\n<p>Seitisl\u00e2m Ki\u015fveyevni\u00f1 aytqan\u0131na k\u00f6re q\u0131r\u0131mtatar tilinde informatsion programmalar muarririyeti Ukraina Devlet teleradios\u0131 ve DTRK yolba\u015f\u00e7\u0131lar\u0131n\u0131\u00f1 talaplar\u0131n\u0131 qanaatlendirmege az\u0131r, amma 13 daqqal\u0131q programma i\u00e7inde bun\u0131 yapmaqn\u0131\u00f1 i\u00e7 imk\u00e2n\u0131 yoqt\u0131r. &#8220;\u015eun\u0131\u00f1 i\u00e7\u00fcn biz &#8220;Haberler&#8221; programmas\u0131na daa 10 daqqa qo\u015fulmas\u0131n\u0131 isteymiz, o zaman bizim k\u00fcnde em regional ve devlet vaqialar\u0131n\u0131, c\u00fcmleden devlet reberlerini\u00f1 te\u015febb\u00fcslerini de a\u00e7\u0131qlamaq imk\u00e2n\u0131m\u0131z olur&#8221;, &#8211; dedi Ki\u015fveyev.<\/p>\n\n\n\n<figure class=\"wp-block-image size-full\"><img loading=\"lazy\" decoding=\"async\" width=\"650\" height=\"343\" src=\"http:\/\/qtmm.org\/wp-content\/uploads\/2022\/01\/p6100007.jpeg\" alt=\"\" class=\"wp-image-31728\" srcset=\"https:\/\/qtmm.org\/wp-content\/uploads\/2022\/01\/p6100007.jpeg 650w, https:\/\/qtmm.org\/wp-content\/uploads\/2022\/01\/p6100007-300x158.jpeg 300w\" sizes=\"auto, (max-width: 650px) 100vw, 650px\" \/><\/figure>\n\n\n\n<p>\u00d6z nevbetinde Q\u0131r\u0131m \u0130nformatsiya boyunca cumhuriyet komitetini\u00f1 reisi Vadim Vol\u00e7enko q\u0131r\u0131mtatar tilinde haberler vaqt\u0131n\u0131 de\u00f1i\u015ftirmekni, yani 18.15-te degil de evelkisi kibi saat 18-de ba\u015flamaqn\u0131 teklif etip, haberler hronometraj\u0131n\u0131 26 daqqa\u011fa qadar artt\u0131rmaq aqq\u0131nda yuqar\u0131daki reberlerge muracaat etmege s\u00f6z berdi. &#8220;Kr\u0131m&#8221; DTRK ba\u015f direktor\u0131n\u0131\u00f1 birinci muavini Stepan G\u00fclevat\u0131y ise q\u0131r\u0131mtatar icadiy birle\u015f\u00e7meni\u00f1 maddiy-tehnikiy bazas\u0131 ker\u00e7ekten de zay\u0131f ol\u011fan\u0131n\u0131 tan\u0131yaraq, kanaln\u0131\u00f1 tender vaziyetini de\u00f1i\u015ftir\u00fcv boyunca teklifnen \u00e7\u0131qaca\u011f\u0131n\u0131 i\u015fand\u0131rd\u0131.<\/p>\n\n\n\n<p>Meclis reisi Mustafa Cemilev ve on\u0131\u00f1 birinci muavini Refat \u00c7ubarov q\u0131r\u0131mtatar tilinde yay\u0131nlar alt\u0131ndaki yaz\u0131lar\u0131 tek devlet tilinde, yani ukrain tilinde olmaq kerek, dep sayalar.<\/p>\n\n\n\n<figure class=\"wp-block-image size-full\"><img loading=\"lazy\" decoding=\"async\" width=\"650\" height=\"343\" src=\"http:\/\/qtmm.org\/wp-content\/uploads\/2022\/01\/p6100008.jpeg\" alt=\"\" class=\"wp-image-31732\" srcset=\"https:\/\/qtmm.org\/wp-content\/uploads\/2022\/01\/p6100008.jpeg 650w, https:\/\/qtmm.org\/wp-content\/uploads\/2022\/01\/p6100008-300x158.jpeg 300w\" sizes=\"auto, (max-width: 650px) 100vw, 650px\" \/><\/figure>\n\n\n\n<p>Bundan da \u011fayr\u0131, Meclis yolba\u015f\u00e7\u0131lar\u0131 Ukraina Televideniye ve radio meseleleri boyunca milliy \u015fura\u011fa DTRK &#8220;Kr\u0131m&#8221; litsenziyas\u0131na q\u0131r\u0131mtatarlarn\u0131\u00f1 yar\u0131mada ealisine nisbeten fay\u0131z\u0131n\u0131 ve bu\u00f1a k\u00f6re DTRK &#8220;Kr\u0131m&#8221; \u00f6z yay\u0131nlar\u0131 til strukturas\u0131na de\u00f1i\u015fmeler kirsetilmesi teklifinen muracaat etmek zarurl\u0131\u011f\u0131n\u0131 qayd ettiler.<\/p>\n\n\n\n<p>K\u00f6r\u00fc\u015f\u00fcv devam\u0131nda Meclis reisini\u00f1 birinci muavini, Q\u0131r\u0131m Yuqar\u0131 \u015euras\u0131n\u0131\u00f1 deputat\u0131 Refat \u00c7ubarov Q\u0131r\u0131m \u0130nformatsiya boyunca cumhuriyet komitetini\u00f1 reisi Vadim Vol\u00e7enko\u011fa h\u0131tap eterken, ileride kollektivni idare et\u00fcvde edepsiz areketlerden qa\u00e7\u0131nmaqn\u0131 tevsiye etti.<\/p>\n\n\n\n<p>K\u00f6r\u00fc\u015f\u00fcv so\u00f1unda i\u015ftirak\u00e7ileri &#8220;Kr\u0131m&#8221; DTRK q\u0131r\u0131mtatar yay\u0131nlar\u0131 icadiy birle\u015fmesini\u00f1 inki\u015faf\u0131 meselelerini \u00e7ez\u00fcvde areketlerni birle\u015ftirmek l\u00e2zimligini qayd ettiler.<\/p>\n","protected":false},"excerpt":{"rendered":"<p>2012 senesi iy\u00fcn 11 k\u00fcn\u00fc Q\u0131r\u0131mtatar halq\u0131 Meclisini\u00f1 reisi, Ukraina halq deputat\u0131 Mustafa Cemilev, on\u0131\u00f1 birinci muavini, Q\u0131r\u0131m Yuqar\u0131 \u015euras\u0131n\u0131\u00f1 deputat\u0131 Refat \u00c7ubarov Q\u0131r\u0131m \u0130nformatsiya boyunca cumhuriyet komitetini\u00f1 reisi Vadim Vol\u00e7enko ve &#8220;Kr\u0131m&#8221; DTRK ba\u015f direktor\u0131n\u0131\u00f1 birinci muavini Stepan G\u00fclevat\u0131y ile k\u00f6r\u00fc\u015ftiler. &#8220;Kr\u0131m&#8221; DTRK binas\u0131nda ke\u00e7ken topla\u015fuvda &#8220;Kr\u0131m&#8221; DTRK ba\u015f direktor\u0131n\u0131\u00f1 televideniye boyunca muavini \u0130rina [&hellip;]<\/p>\n","protected":false},"author":1,"featured_media":31724,"comment_status":"open","ping_status":"open","sticky":false,"template":"","format":"standard","meta":{"inline_featured_image":false,"footnotes":""},"categories":[265],"tags":[],"class_list":["post-31721","post","type-post","status-publish","format-standard","has-post-thumbnail","hentry","category-haberler"],"acf":[],"yoast_head":"<!-- This site is optimized with the Yoast SEO plugin v27.4 - https:\/\/yoast.com\/product\/yoast-seo-wordpress\/ -->\n<title>\u00abKr\u0131m\u00bb DTRK q\u0131r\u0131mtatar yay\u0131nlar\u0131 icadiy birle\u015fmesini\u00f1 inki\u015faf\u0131 meseleleri boyunca topla\u015fuv old\u0131 - \u041c\u0435\u0434\u0436\u043b\u0456\u0441<\/title>\n<meta name=\"robots\" content=\"index, follow, max-snippet:-1, max-image-preview:large, max-video-preview:-1\" \/>\n<link rel=\"canonical\" href=\"https:\/\/qtmm.org\/qt\/krim-dtrk-qirimtatar-yayinlari-icadiy-birlesmesinin-inkisafi-meseleleri-boyunca-toplasuv-oldi\/\" \/>\n<meta property=\"og:locale\" content=\"en_US\" \/>\n<meta property=\"og:type\" content=\"article\" \/>\n<meta property=\"og:title\" content=\"\u00abKr\u0131m\u00bb DTRK q\u0131r\u0131mtatar yay\u0131nlar\u0131 icadiy birle\u015fmesini\u00f1 inki\u015faf\u0131 meseleleri boyunca topla\u015fuv old\u0131 - \u041c\u0435\u0434\u0436\u043b\u0456\u0441\" \/>\n<meta property=\"og:description\" content=\"2012 senesi iy\u00fcn 11 k\u00fcn\u00fc Q\u0131r\u0131mtatar halq\u0131 Meclisini\u00f1 reisi, Ukraina halq deputat\u0131 Mustafa Cemilev, on\u0131\u00f1 birinci muavini, Q\u0131r\u0131m Yuqar\u0131 \u015euras\u0131n\u0131\u00f1 deputat\u0131 Refat \u00c7ubarov Q\u0131r\u0131m \u0130nformatsiya boyunca cumhuriyet komitetini\u00f1 reisi Vadim Vol\u00e7enko ve &#8220;Kr\u0131m&#8221; DTRK ba\u015f direktor\u0131n\u0131\u00f1 birinci muavini Stepan G\u00fclevat\u0131y ile k\u00f6r\u00fc\u015ftiler. &#8220;Kr\u0131m&#8221; DTRK binas\u0131nda ke\u00e7ken topla\u015fuvda &#8220;Kr\u0131m&#8221; DTRK ba\u015f direktor\u0131n\u0131\u00f1 televideniye boyunca muavini \u0130rina [&hellip;]\" \/>\n<meta property=\"og:url\" content=\"https:\/\/qtmm.org\/qt\/krim-dtrk-qirimtatar-yayinlari-icadiy-birlesmesinin-inkisafi-meseleleri-boyunca-toplasuv-oldi\/\" \/>\n<meta property=\"og:site_name\" content=\"\u041c\u0435\u0434\u0436\u043b\u0456\u0441\" \/>\n<meta property=\"article:publisher\" content=\"https:\/\/www.facebook.com\/qtmm.info\/\" \/>\n<meta property=\"article:published_time\" content=\"2012-06-12T18:19:00+00:00\" \/>\n<meta property=\"article:modified_time\" content=\"2022-01-21T18:21:09+00:00\" \/>\n<meta property=\"og:image\" content=\"https:\/\/qtmm.org\/wp-content\/uploads\/2022\/01\/p6100005.jpeg\" \/>\n\t<meta property=\"og:image:width\" content=\"650\" \/>\n\t<meta property=\"og:image:height\" content=\"343\" \/>\n\t<meta property=\"og:image:type\" content=\"image\/jpeg\" \/>\n<meta name=\"author\" content=\"Developer\" \/>\n<meta name=\"twitter:card\" content=\"summary_large_image\" \/>\n<meta name=\"twitter:label1\" content=\"Written by\" \/>\n\t<meta name=\"twitter:data1\" content=\"Developer\" \/>\n\t<meta name=\"twitter:label2\" content=\"Est. reading time\" \/>\n\t<meta name=\"twitter:data2\" content=\"3 minutes\" \/>\n<script type=\"application\/ld+json\" class=\"yoast-schema-graph\">{\"@context\":\"https:\\\/\\\/schema.org\",\"@graph\":[{\"@type\":\"Article\",\"@id\":\"https:\\\/\\\/qtmm.org\\\/qt\\\/krim-dtrk-qirimtatar-yayinlari-icadiy-birlesmesinin-inkisafi-meseleleri-boyunca-toplasuv-oldi\\\/#article\",\"isPartOf\":{\"@id\":\"https:\\\/\\\/qtmm.org\\\/qt\\\/krim-dtrk-qirimtatar-yayinlari-icadiy-birlesmesinin-inkisafi-meseleleri-boyunca-toplasuv-oldi\\\/\"},\"author\":{\"name\":\"Developer\",\"@id\":\"https:\\\/\\\/qtmm.org\\\/qt\\\/#\\\/schema\\\/person\\\/de562469f971dec226ac06e60bbf74a7\"},\"headline\":\"\u00abKr\u0131m\u00bb DTRK q\u0131r\u0131mtatar yay\u0131nlar\u0131 icadiy birle\u015fmesini\u00f1 inki\u015faf\u0131 meseleleri boyunca topla\u015fuv old\u0131\",\"datePublished\":\"2012-06-12T18:19:00+00:00\",\"dateModified\":\"2022-01-21T18:21:09+00:00\",\"mainEntityOfPage\":{\"@id\":\"https:\\\/\\\/qtmm.org\\\/qt\\\/krim-dtrk-qirimtatar-yayinlari-icadiy-birlesmesinin-inkisafi-meseleleri-boyunca-toplasuv-oldi\\\/\"},\"wordCount\":586,\"commentCount\":0,\"publisher\":{\"@id\":\"https:\\\/\\\/qtmm.org\\\/qt\\\/#organization\"},\"image\":{\"@id\":\"https:\\\/\\\/qtmm.org\\\/qt\\\/krim-dtrk-qirimtatar-yayinlari-icadiy-birlesmesinin-inkisafi-meseleleri-boyunca-toplasuv-oldi\\\/#primaryimage\"},\"thumbnailUrl\":\"https:\\\/\\\/qtmm.org\\\/wp-content\\\/uploads\\\/2022\\\/01\\\/p6100005.jpeg\",\"articleSection\":[\"Haberler\"],\"inLanguage\":\"qt\",\"potentialAction\":[{\"@type\":\"CommentAction\",\"name\":\"Comment\",\"target\":[\"https:\\\/\\\/qtmm.org\\\/qt\\\/krim-dtrk-qirimtatar-yayinlari-icadiy-birlesmesinin-inkisafi-meseleleri-boyunca-toplasuv-oldi\\\/#respond\"]}]},{\"@type\":\"WebPage\",\"@id\":\"https:\\\/\\\/qtmm.org\\\/qt\\\/krim-dtrk-qirimtatar-yayinlari-icadiy-birlesmesinin-inkisafi-meseleleri-boyunca-toplasuv-oldi\\\/\",\"url\":\"https:\\\/\\\/qtmm.org\\\/qt\\\/krim-dtrk-qirimtatar-yayinlari-icadiy-birlesmesinin-inkisafi-meseleleri-boyunca-toplasuv-oldi\\\/\",\"name\":\"\u00abKr\u0131m\u00bb DTRK q\u0131r\u0131mtatar yay\u0131nlar\u0131 icadiy birle\u015fmesini\u00f1 inki\u015faf\u0131 meseleleri boyunca topla\u015fuv old\u0131 - \u041c\u0435\u0434\u0436\u043b\u0456\u0441\",\"isPartOf\":{\"@id\":\"https:\\\/\\\/qtmm.org\\\/qt\\\/#website\"},\"primaryImageOfPage\":{\"@id\":\"https:\\\/\\\/qtmm.org\\\/qt\\\/krim-dtrk-qirimtatar-yayinlari-icadiy-birlesmesinin-inkisafi-meseleleri-boyunca-toplasuv-oldi\\\/#primaryimage\"},\"image\":{\"@id\":\"https:\\\/\\\/qtmm.org\\\/qt\\\/krim-dtrk-qirimtatar-yayinlari-icadiy-birlesmesinin-inkisafi-meseleleri-boyunca-toplasuv-oldi\\\/#primaryimage\"},\"thumbnailUrl\":\"https:\\\/\\\/qtmm.org\\\/wp-content\\\/uploads\\\/2022\\\/01\\\/p6100005.jpeg\",\"datePublished\":\"2012-06-12T18:19:00+00:00\",\"dateModified\":\"2022-01-21T18:21:09+00:00\",\"breadcrumb\":{\"@id\":\"https:\\\/\\\/qtmm.org\\\/qt\\\/krim-dtrk-qirimtatar-yayinlari-icadiy-birlesmesinin-inkisafi-meseleleri-boyunca-toplasuv-oldi\\\/#breadcrumb\"},\"inLanguage\":\"qt\",\"potentialAction\":[{\"@type\":\"ReadAction\",\"target\":[\"https:\\\/\\\/qtmm.org\\\/qt\\\/krim-dtrk-qirimtatar-yayinlari-icadiy-birlesmesinin-inkisafi-meseleleri-boyunca-toplasuv-oldi\\\/\"]}]},{\"@type\":\"ImageObject\",\"inLanguage\":\"qt\",\"@id\":\"https:\\\/\\\/qtmm.org\\\/qt\\\/krim-dtrk-qirimtatar-yayinlari-icadiy-birlesmesinin-inkisafi-meseleleri-boyunca-toplasuv-oldi\\\/#primaryimage\",\"url\":\"https:\\\/\\\/qtmm.org\\\/wp-content\\\/uploads\\\/2022\\\/01\\\/p6100005.jpeg\",\"contentUrl\":\"https:\\\/\\\/qtmm.org\\\/wp-content\\\/uploads\\\/2022\\\/01\\\/p6100005.jpeg\",\"width\":650,\"height\":343},{\"@type\":\"BreadcrumbList\",\"@id\":\"https:\\\/\\\/qtmm.org\\\/qt\\\/krim-dtrk-qirimtatar-yayinlari-icadiy-birlesmesinin-inkisafi-meseleleri-boyunca-toplasuv-oldi\\\/#breadcrumb\",\"itemListElement\":[{\"@type\":\"ListItem\",\"position\":1,\"name\":\"\u0413\u043e\u043b\u043e\u0432\u043d\u0430\",\"item\":\"https:\\\/\\\/qtmm.org\\\/qt\\\/\"},{\"@type\":\"ListItem\",\"position\":2,\"name\":\"\u00abKr\u0131m\u00bb DTRK q\u0131r\u0131mtatar yay\u0131nlar\u0131 icadiy birle\u015fmesini\u00f1 inki\u015faf\u0131 meseleleri boyunca topla\u015fuv old\u0131\"}]},{\"@type\":\"WebSite\",\"@id\":\"https:\\\/\\\/qtmm.org\\\/qt\\\/#website\",\"url\":\"https:\\\/\\\/qtmm.org\\\/qt\\\/\",\"name\":\"\u041c\u0435\u0434\u0436\u043b\u0456\u0441\",\"description\":\"\",\"publisher\":{\"@id\":\"https:\\\/\\\/qtmm.org\\\/qt\\\/#organization\"},\"potentialAction\":[{\"@type\":\"SearchAction\",\"target\":{\"@type\":\"EntryPoint\",\"urlTemplate\":\"https:\\\/\\\/qtmm.org\\\/qt\\\/?s={search_term_string}\"},\"query-input\":{\"@type\":\"PropertyValueSpecification\",\"valueRequired\":true,\"valueName\":\"search_term_string\"}}],\"inLanguage\":\"qt\"},{\"@type\":\"Organization\",\"@id\":\"https:\\\/\\\/qtmm.org\\\/qt\\\/#organization\",\"name\":\"\u041c\u0435\u0434\u0436\u043b\u0456\u0441\",\"url\":\"https:\\\/\\\/qtmm.org\\\/qt\\\/\",\"logo\":{\"@type\":\"ImageObject\",\"inLanguage\":\"qt\",\"@id\":\"https:\\\/\\\/qtmm.org\\\/qt\\\/#\\\/schema\\\/logo\\\/image\\\/\",\"url\":\"https:\\\/\\\/qtmm.org\\\/wp-content\\\/uploads\\\/2024\\\/12\\\/ua-mejlis-logo-rgb.svg\",\"contentUrl\":\"https:\\\/\\\/qtmm.org\\\/wp-content\\\/uploads\\\/2024\\\/12\\\/ua-mejlis-logo-rgb.svg\",\"caption\":\"\u041c\u0435\u0434\u0436\u043b\u0456\u0441\"},\"image\":{\"@id\":\"https:\\\/\\\/qtmm.org\\\/qt\\\/#\\\/schema\\\/logo\\\/image\\\/\"},\"sameAs\":[\"https:\\\/\\\/www.facebook.com\\\/qtmm.info\\\/\"]},{\"@type\":\"Person\",\"@id\":\"https:\\\/\\\/qtmm.org\\\/qt\\\/#\\\/schema\\\/person\\\/de562469f971dec226ac06e60bbf74a7\",\"name\":\"Developer\",\"image\":{\"@type\":\"ImageObject\",\"inLanguage\":\"qt\",\"@id\":\"https:\\\/\\\/secure.gravatar.com\\\/avatar\\\/392b4cc8fbfeb00b39dfeeab4ee6edded39ffd48e25858637e4765810300227e?s=96&d=mm&r=g\",\"url\":\"https:\\\/\\\/secure.gravatar.com\\\/avatar\\\/392b4cc8fbfeb00b39dfeeab4ee6edded39ffd48e25858637e4765810300227e?s=96&d=mm&r=g\",\"contentUrl\":\"https:\\\/\\\/secure.gravatar.com\\\/avatar\\\/392b4cc8fbfeb00b39dfeeab4ee6edded39ffd48e25858637e4765810300227e?s=96&d=mm&r=g\",\"caption\":\"Developer\"},\"url\":\"https:\\\/\\\/qtmm.org\\\/qt\\\/author\\\/Developer\\\/\"}]}<\/script>\n<!-- \/ Yoast SEO plugin. -->","yoast_head_json":{"title":"\u00abKr\u0131m\u00bb DTRK q\u0131r\u0131mtatar yay\u0131nlar\u0131 icadiy birle\u015fmesini\u00f1 inki\u015faf\u0131 meseleleri boyunca topla\u015fuv old\u0131 - \u041c\u0435\u0434\u0436\u043b\u0456\u0441","robots":{"index":"index","follow":"follow","max-snippet":"max-snippet:-1","max-image-preview":"max-image-preview:large","max-video-preview":"max-video-preview:-1"},"canonical":"https:\/\/qtmm.org\/qt\/krim-dtrk-qirimtatar-yayinlari-icadiy-birlesmesinin-inkisafi-meseleleri-boyunca-toplasuv-oldi\/","og_locale":"en_US","og_type":"article","og_title":"\u00abKr\u0131m\u00bb DTRK q\u0131r\u0131mtatar yay\u0131nlar\u0131 icadiy birle\u015fmesini\u00f1 inki\u015faf\u0131 meseleleri boyunca topla\u015fuv old\u0131 - \u041c\u0435\u0434\u0436\u043b\u0456\u0441","og_description":"2012 senesi iy\u00fcn 11 k\u00fcn\u00fc Q\u0131r\u0131mtatar halq\u0131 Meclisini\u00f1 reisi, Ukraina halq deputat\u0131 Mustafa Cemilev, on\u0131\u00f1 birinci muavini, Q\u0131r\u0131m Yuqar\u0131 \u015euras\u0131n\u0131\u00f1 deputat\u0131 Refat \u00c7ubarov Q\u0131r\u0131m \u0130nformatsiya boyunca cumhuriyet komitetini\u00f1 reisi Vadim Vol\u00e7enko ve &#8220;Kr\u0131m&#8221; DTRK ba\u015f direktor\u0131n\u0131\u00f1 birinci muavini Stepan G\u00fclevat\u0131y ile k\u00f6r\u00fc\u015ftiler. &#8220;Kr\u0131m&#8221; DTRK binas\u0131nda ke\u00e7ken topla\u015fuvda &#8220;Kr\u0131m&#8221; DTRK ba\u015f direktor\u0131n\u0131\u00f1 televideniye boyunca muavini \u0130rina [&hellip;]","og_url":"https:\/\/qtmm.org\/qt\/krim-dtrk-qirimtatar-yayinlari-icadiy-birlesmesinin-inkisafi-meseleleri-boyunca-toplasuv-oldi\/","og_site_name":"\u041c\u0435\u0434\u0436\u043b\u0456\u0441","article_publisher":"https:\/\/www.facebook.com\/qtmm.info\/","article_published_time":"2012-06-12T18:19:00+00:00","article_modified_time":"2022-01-21T18:21:09+00:00","og_image":[{"width":650,"height":343,"url":"https:\/\/qtmm.org\/wp-content\/uploads\/2022\/01\/p6100005.jpeg","type":"image\/jpeg"}],"author":"Developer","twitter_card":"summary_large_image","twitter_misc":{"Written by":"Developer","Est. reading time":"3 minutes"},"schema":{"@context":"https:\/\/schema.org","@graph":[{"@type":"Article","@id":"https:\/\/qtmm.org\/qt\/krim-dtrk-qirimtatar-yayinlari-icadiy-birlesmesinin-inkisafi-meseleleri-boyunca-toplasuv-oldi\/#article","isPartOf":{"@id":"https:\/\/qtmm.org\/qt\/krim-dtrk-qirimtatar-yayinlari-icadiy-birlesmesinin-inkisafi-meseleleri-boyunca-toplasuv-oldi\/"},"author":{"name":"Developer","@id":"https:\/\/qtmm.org\/qt\/#\/schema\/person\/de562469f971dec226ac06e60bbf74a7"},"headline":"\u00abKr\u0131m\u00bb DTRK q\u0131r\u0131mtatar yay\u0131nlar\u0131 icadiy birle\u015fmesini\u00f1 inki\u015faf\u0131 meseleleri boyunca topla\u015fuv old\u0131","datePublished":"2012-06-12T18:19:00+00:00","dateModified":"2022-01-21T18:21:09+00:00","mainEntityOfPage":{"@id":"https:\/\/qtmm.org\/qt\/krim-dtrk-qirimtatar-yayinlari-icadiy-birlesmesinin-inkisafi-meseleleri-boyunca-toplasuv-oldi\/"},"wordCount":586,"commentCount":0,"publisher":{"@id":"https:\/\/qtmm.org\/qt\/#organization"},"image":{"@id":"https:\/\/qtmm.org\/qt\/krim-dtrk-qirimtatar-yayinlari-icadiy-birlesmesinin-inkisafi-meseleleri-boyunca-toplasuv-oldi\/#primaryimage"},"thumbnailUrl":"https:\/\/qtmm.org\/wp-content\/uploads\/2022\/01\/p6100005.jpeg","articleSection":["Haberler"],"inLanguage":"qt","potentialAction":[{"@type":"CommentAction","name":"Comment","target":["https:\/\/qtmm.org\/qt\/krim-dtrk-qirimtatar-yayinlari-icadiy-birlesmesinin-inkisafi-meseleleri-boyunca-toplasuv-oldi\/#respond"]}]},{"@type":"WebPage","@id":"https:\/\/qtmm.org\/qt\/krim-dtrk-qirimtatar-yayinlari-icadiy-birlesmesinin-inkisafi-meseleleri-boyunca-toplasuv-oldi\/","url":"https:\/\/qtmm.org\/qt\/krim-dtrk-qirimtatar-yayinlari-icadiy-birlesmesinin-inkisafi-meseleleri-boyunca-toplasuv-oldi\/","name":"\u00abKr\u0131m\u00bb DTRK q\u0131r\u0131mtatar yay\u0131nlar\u0131 icadiy birle\u015fmesini\u00f1 inki\u015faf\u0131 meseleleri boyunca topla\u015fuv old\u0131 - \u041c\u0435\u0434\u0436\u043b\u0456\u0441","isPartOf":{"@id":"https:\/\/qtmm.org\/qt\/#website"},"primaryImageOfPage":{"@id":"https:\/\/qtmm.org\/qt\/krim-dtrk-qirimtatar-yayinlari-icadiy-birlesmesinin-inkisafi-meseleleri-boyunca-toplasuv-oldi\/#primaryimage"},"image":{"@id":"https:\/\/qtmm.org\/qt\/krim-dtrk-qirimtatar-yayinlari-icadiy-birlesmesinin-inkisafi-meseleleri-boyunca-toplasuv-oldi\/#primaryimage"},"thumbnailUrl":"https:\/\/qtmm.org\/wp-content\/uploads\/2022\/01\/p6100005.jpeg","datePublished":"2012-06-12T18:19:00+00:00","dateModified":"2022-01-21T18:21:09+00:00","breadcrumb":{"@id":"https:\/\/qtmm.org\/qt\/krim-dtrk-qirimtatar-yayinlari-icadiy-birlesmesinin-inkisafi-meseleleri-boyunca-toplasuv-oldi\/#breadcrumb"},"inLanguage":"qt","potentialAction":[{"@type":"ReadAction","target":["https:\/\/qtmm.org\/qt\/krim-dtrk-qirimtatar-yayinlari-icadiy-birlesmesinin-inkisafi-meseleleri-boyunca-toplasuv-oldi\/"]}]},{"@type":"ImageObject","inLanguage":"qt","@id":"https:\/\/qtmm.org\/qt\/krim-dtrk-qirimtatar-yayinlari-icadiy-birlesmesinin-inkisafi-meseleleri-boyunca-toplasuv-oldi\/#primaryimage","url":"https:\/\/qtmm.org\/wp-content\/uploads\/2022\/01\/p6100005.jpeg","contentUrl":"https:\/\/qtmm.org\/wp-content\/uploads\/2022\/01\/p6100005.jpeg","width":650,"height":343},{"@type":"BreadcrumbList","@id":"https:\/\/qtmm.org\/qt\/krim-dtrk-qirimtatar-yayinlari-icadiy-birlesmesinin-inkisafi-meseleleri-boyunca-toplasuv-oldi\/#breadcrumb","itemListElement":[{"@type":"ListItem","position":1,"name":"\u0413\u043e\u043b\u043e\u0432\u043d\u0430","item":"https:\/\/qtmm.org\/qt\/"},{"@type":"ListItem","position":2,"name":"\u00abKr\u0131m\u00bb DTRK q\u0131r\u0131mtatar yay\u0131nlar\u0131 icadiy birle\u015fmesini\u00f1 inki\u015faf\u0131 meseleleri boyunca topla\u015fuv old\u0131"}]},{"@type":"WebSite","@id":"https:\/\/qtmm.org\/qt\/#website","url":"https:\/\/qtmm.org\/qt\/","name":"\u041c\u0435\u0434\u0436\u043b\u0456\u0441","description":"","publisher":{"@id":"https:\/\/qtmm.org\/qt\/#organization"},"potentialAction":[{"@type":"SearchAction","target":{"@type":"EntryPoint","urlTemplate":"https:\/\/qtmm.org\/qt\/?s={search_term_string}"},"query-input":{"@type":"PropertyValueSpecification","valueRequired":true,"valueName":"search_term_string"}}],"inLanguage":"qt"},{"@type":"Organization","@id":"https:\/\/qtmm.org\/qt\/#organization","name":"\u041c\u0435\u0434\u0436\u043b\u0456\u0441","url":"https:\/\/qtmm.org\/qt\/","logo":{"@type":"ImageObject","inLanguage":"qt","@id":"https:\/\/qtmm.org\/qt\/#\/schema\/logo\/image\/","url":"https:\/\/qtmm.org\/wp-content\/uploads\/2024\/12\/ua-mejlis-logo-rgb.svg","contentUrl":"https:\/\/qtmm.org\/wp-content\/uploads\/2024\/12\/ua-mejlis-logo-rgb.svg","caption":"\u041c\u0435\u0434\u0436\u043b\u0456\u0441"},"image":{"@id":"https:\/\/qtmm.org\/qt\/#\/schema\/logo\/image\/"},"sameAs":["https:\/\/www.facebook.com\/qtmm.info\/"]},{"@type":"Person","@id":"https:\/\/qtmm.org\/qt\/#\/schema\/person\/de562469f971dec226ac06e60bbf74a7","name":"Developer","image":{"@type":"ImageObject","inLanguage":"qt","@id":"https:\/\/secure.gravatar.com\/avatar\/392b4cc8fbfeb00b39dfeeab4ee6edded39ffd48e25858637e4765810300227e?s=96&d=mm&r=g","url":"https:\/\/secure.gravatar.com\/avatar\/392b4cc8fbfeb00b39dfeeab4ee6edded39ffd48e25858637e4765810300227e?s=96&d=mm&r=g","contentUrl":"https:\/\/secure.gravatar.com\/avatar\/392b4cc8fbfeb00b39dfeeab4ee6edded39ffd48e25858637e4765810300227e?s=96&d=mm&r=g","caption":"Developer"},"url":"https:\/\/qtmm.org\/qt\/author\/Developer\/"}]}},"_links":{"self":[{"href":"https:\/\/qtmm.org\/qt\/wp-json\/wp\/v2\/posts\/31721","targetHints":{"allow":["GET"]}}],"collection":[{"href":"https:\/\/qtmm.org\/qt\/wp-json\/wp\/v2\/posts"}],"about":[{"href":"https:\/\/qtmm.org\/qt\/wp-json\/wp\/v2\/types\/post"}],"author":[{"embeddable":true,"href":"https:\/\/qtmm.org\/qt\/wp-json\/wp\/v2\/users\/1"}],"replies":[{"embeddable":true,"href":"https:\/\/qtmm.org\/qt\/wp-json\/wp\/v2\/comments?post=31721"}],"version-history":[{"count":1,"href":"https:\/\/qtmm.org\/qt\/wp-json\/wp\/v2\/posts\/31721\/revisions"}],"predecessor-version":[{"id":31740,"href":"https:\/\/qtmm.org\/qt\/wp-json\/wp\/v2\/posts\/31721\/revisions\/31740"}],"wp:featuredmedia":[{"embeddable":true,"href":"https:\/\/qtmm.org\/qt\/wp-json\/wp\/v2\/media\/31724"}],"wp:attachment":[{"href":"https:\/\/qtmm.org\/qt\/wp-json\/wp\/v2\/media?parent=31721"}],"wp:term":[{"taxonomy":"category","embeddable":true,"href":"https:\/\/qtmm.org\/qt\/wp-json\/wp\/v2\/categories?post=31721"},{"taxonomy":"post_tag","embeddable":true,"href":"https:\/\/qtmm.org\/qt\/wp-json\/wp\/v2\/tags?post=31721"}],"curies":[{"name":"wp","href":"https:\/\/api.w.org\/{rel}","templated":true}]}}