




{"id":31665,"date":"2012-06-11T21:16:00","date_gmt":"2012-06-11T18:16:00","guid":{"rendered":"http:\/\/qtmm.org\/?p=31665"},"modified":"2022-01-21T21:19:33","modified_gmt":"2022-01-21T18:19:33","slug":"qirimtatar-halqi-meclisinin-nevbetteki-toplasuvi","status":"publish","type":"post","link":"https:\/\/qtmm.org\/qt\/qirimtatar-halqi-meclisinin-nevbetteki-toplasuvi\/","title":{"rendered":"Q\u0131r\u0131mtatar halq\u0131 Meclisini\u00f1 nevbetteki topla\u015fuv\u0131"},"content":{"rendered":"\n<p>2012 senesi iy\u00fcn 10-da Q\u0131r\u0131mtatar halq\u0131 Meclisini\u00f1 keni\u015fletilgen topla\u015fuv\u0131 \u00f6tkerilip, onda regional meclisler, Q\u0131r\u0131m Yuqar\u0131 \u015euras\u0131 &#8220;Qurultay-Ruh&#8221; fraktsiyas\u0131 deputatlar\u0131, devlet icra akimiyeti organlar\u0131nda \u00e7al\u0131\u015fqan q\u0131r\u0131mtatarlar, cemaat te\u015fkil\u00e2tlar\u0131n\u0131\u00f1 vekilleri ve Qurultay delegatlar\u0131 i\u015ftirak ettiler.<\/p>\n\n\n\n<p>Topla\u015fuvn\u0131\u00f1 k\u00fcn tertibine a\u015fa\u011f\u0131daki meseleler qoyuld\u0131:<\/p>\n\n\n\n<p><em>Q\u0131r\u0131mtatar milliy bayraq k\u00fcn\u00fcni qayd et\u00fcv aqq\u0131nda;<\/em><\/p>\n\n\n\n<p><em>&#8220;Kr\u0131m&#8221;DTRK q\u0131r\u0131mtatar muarririyetini\u00f1 vaziyeti aqq\u0131nda;<\/em><\/p>\n\n\n\n<p><em>Alu\u015fta ve Yalta regionlar\u0131 q\u0131r\u0131mtatarlar\u0131n\u0131\u00f1 konferentsiyalar\u0131n\u0131 ke\u00e7ir\u00fcv aqq\u0131nda;<\/em><\/p>\n\n\n\n<p><em>Ukraina halq deputatlar\u0131n\u0131 saylav aqq\u0131nda.<\/em><\/p>\n\n\n\n<p>Birinci mesele boyunca q\u0131r\u0131mtatar ya\u015flar te\u015fkil\u00e2tlar\u0131n\u0131\u00f1 vekilleri \u00e7\u0131q\u0131\u015fta bulund\u0131lar. Ayder Acimambetov iy\u00fcn 26 \u2013 Q\u0131r\u0131mtatar milliy bayraq bayram\u0131nda ke\u00e7irilecek esas tedbirler &#8211; Q\u0131r\u0131mn\u0131\u00f1 5 noqtas\u0131nda ba\u015flan\u0131p, Aqmescitte yek\u00fcnlenecek avtoy\u00fcr\u00fc\u015f, Aqmescit meydan\u0131ndaki kontsert programmas\u0131 aqq\u0131nda Meclis azalar\u0131na tafsil\u00e2tl\u0131 mal\u00fcmat berdi. Avtoy\u00fcr\u00fc\u015fke qo\u015fulma\u011fa istegenler ise mal\u00fcmatlarn\u0131\u00a0<a rel=\"noreferrer noopener\" href=\"http:\/\/avtoyurush.info\/\" target=\"_blank\">http:\/\/avtoyurush.info\/<\/a>\u00a0saifesinden ala bilirler.<\/p>\n\n\n\n<figure class=\"wp-block-image size-full\"><img loading=\"lazy\" decoding=\"async\" width=\"650\" height=\"250\" src=\"http:\/\/qtmm.org\/wp-content\/uploads\/2022\/01\/2_51.jpeg\" alt=\"\" class=\"wp-image-31678\" srcset=\"https:\/\/qtmm.org\/wp-content\/uploads\/2022\/01\/2_51.jpeg 650w, https:\/\/qtmm.org\/wp-content\/uploads\/2022\/01\/2_51-300x115.jpeg 300w\" sizes=\"auto, (max-width: 650px) 100vw, 650px\" \/><\/figure>\n\n\n\n<p>Q\u0131r\u0131mtatar milliy bayraq k\u00fcn\u00fcne az\u0131rl\u0131q meselesini muzakere etken so\u00f1 Meclis azalar\u0131 gen\u00e7lerni\u00f1 te\u015febb\u00fcsini maqullep, k\u00f6zde tutul\u011fan tedbirler boyunca bir s\u0131ra tevsiyeler de berdiler.<\/p>\n\n\n\n<p>So\u00f1ra Meclis azalar\u0131 &#8220;Kr\u0131m&#8221;DTRK q\u0131r\u0131mtatar muarririyetini\u00f1 vaziyetini talil ettiler. Topla\u015fuv\u011fa davet etilgen &#8220;Kr\u0131m&#8221;DTRK q\u0131r\u0131mtatar muarririyetini\u00f1 direktor\u0131 Seitisl\u00e2m Ki\u015fveyev reberligindeki birle\u015fmeni\u00f1 maddiy-tehnikiy ceetten \u011fayet zay\u0131f teminlengeni, q\u0131r\u0131mtatar tilinde yay\u0131nlar i\u00e7\u00fcn pek az vaq\u0131t \u2013 er k\u00fcn 30 daqqa ya da aftada 3 saat ay\u0131r\u0131l\u011fan\u0131, bazar k\u00fcnleri q\u0131r\u0131mtatar tilinde umumen yay\u0131n olma\u011fan\u0131 aqq\u0131nda aytt\u0131. Mal\u00fcm ol\u011fan\u0131na k\u00f6re, Kr\u0131m&#8221;DTRK yolba\u015f\u00e7\u0131lar\u0131 13 daqqa devam etken &#8220;Haberler&#8221; yay\u0131n\u0131na k\u00fcnde merkeziy akimiyet organlar\u0131, c\u00fcmleden Ukraina Prezidenti ve Ukraina Nazirler \u015euras\u0131n\u0131\u00f1 faaliyetini aks ettirgen levhalarn\u0131 kirsetmekni talap ete.<\/p>\n\n\n\n<figure class=\"wp-block-image size-full\"><img loading=\"lazy\" decoding=\"async\" width=\"650\" height=\"300\" src=\"http:\/\/qtmm.org\/wp-content\/uploads\/2022\/01\/3_31.jpeg\" alt=\"\" class=\"wp-image-31683\" srcset=\"https:\/\/qtmm.org\/wp-content\/uploads\/2022\/01\/3_31.jpeg 650w, https:\/\/qtmm.org\/wp-content\/uploads\/2022\/01\/3_31-300x138.jpeg 300w\" sizes=\"auto, (max-width: 650px) 100vw, 650px\" \/><\/figure>\n\n\n\n<p>Tabiiy ki, bu alda Q\u0131r\u0131m ve q\u0131r\u0131mtatar halq\u0131n\u0131\u00f1 siyasiy, sotsial ve medeniy \u00f6m\u00fcrini ayd\u0131nlatmaq i\u00e7\u00fcn i\u00e7 te vaq\u0131t qalmaz. Bundan da \u011fayr\u0131 q\u0131r\u0131mtatar tilinde \u00e7\u0131qqan b\u00fct\u00fcn yay\u0131nlar efirge \u00e7\u0131qqanda rus tilinde alt yaz\u0131lar\u0131 olmas\u0131n\u0131 talap etkenleri alda bu i\u015fni maddiy-tehnikiy ceetten i\u00e7 pekitmeyler.<\/p>\n\n\n\n<p>Seitisl\u00e2mi Ki\u015fveyev qayd etkenine k\u00f6re q\u0131r\u0131mtatar muarririyetini\u00f1 hadimleri q\u0131r\u0131mtatar tilinde yay\u0131nlarn\u0131 artt\u0131rmaq, \u015fu c\u00fcmleden Ukraina merkeziy akimiyetini\u00f1 faaliyetini aks ettirmege icadiy ceetten iqtidarl\u0131d\u0131r, amma bun\u0131\u00f1 i\u00e7\u00fcn efir vaqt\u0131n\u0131 \u00e7oqla\u015ft\u0131rmaq ve muarririyetni\u00f1 maddiy-tehnikiy bazas\u0131n\u0131 pekitmek l\u00e2zim.<\/p>\n\n\n\n<figure class=\"wp-block-image size-full\"><img loading=\"lazy\" decoding=\"async\" width=\"650\" height=\"235\" src=\"http:\/\/qtmm.org\/wp-content\/uploads\/2022\/01\/4_31.jpeg\" alt=\"\" class=\"wp-image-31688\" srcset=\"https:\/\/qtmm.org\/wp-content\/uploads\/2022\/01\/4_31.jpeg 650w, https:\/\/qtmm.org\/wp-content\/uploads\/2022\/01\/4_31-300x108.jpeg 300w\" sizes=\"auto, (max-width: 650px) 100vw, 650px\" \/><\/figure>\n\n\n\n<p>Mesele muzakeresi devam\u0131nda Meclis azalar\u0131 Q\u0131r\u0131mtatar halq\u0131 Meclisini\u00f1 reisi, Ukraina halq deputat\u0131 Mustafa Cemilev, Q\u0131r\u0131m Yuqar\u0131 \u015euras\u0131n\u0131\u00f1 deputatlar\u0131 DTRK &#8220;Kr\u0131m&#8221; q\u0131r\u0131mtatar yay\u0131nlar icadiy birle\u015fmesi hadimlerinen k\u00f6r\u00fc\u015fmesini\u00f1 zarurl\u0131\u011f\u0131n\u0131 qayd eterek, ait qarar ald\u0131lar.<\/p>\n\n\n\n<figure class=\"wp-block-image size-full\"><img loading=\"lazy\" decoding=\"async\" width=\"650\" height=\"385\" src=\"http:\/\/qtmm.org\/wp-content\/uploads\/2022\/01\/5_11.jpeg\" alt=\"\" class=\"wp-image-31692\" srcset=\"https:\/\/qtmm.org\/wp-content\/uploads\/2022\/01\/5_11.jpeg 650w, https:\/\/qtmm.org\/wp-content\/uploads\/2022\/01\/5_11-300x178.jpeg 300w\" sizes=\"auto, (max-width: 650px) 100vw, 650px\" \/><\/figure>\n\n\n\n<p>Meclis topla\u015fuv\u0131nda Alu\u015fta ve Yalta regionlar\u0131 yerli meclislerine ke\u00e7ken saylavlarn\u0131\u00f1 neticelerine yek\u00fcn \u00e7ekilip, konferentsiyalarn\u0131 ke\u00e7ir\u00fcv m\u00fcddeti belgilendi: Alu\u015fta region\u0131nda \u2013 iy\u00fcn 30, Alu\u015fta region\u0131 iy\u00fcl 7.<\/p>\n\n\n\n<figure class=\"wp-block-image size-full\"><img loading=\"lazy\" decoding=\"async\" width=\"650\" height=\"400\" src=\"http:\/\/qtmm.org\/wp-content\/uploads\/2022\/01\/6_11.jpeg\" alt=\"\" class=\"wp-image-31696\" srcset=\"https:\/\/qtmm.org\/wp-content\/uploads\/2022\/01\/6_11.jpeg 650w, https:\/\/qtmm.org\/wp-content\/uploads\/2022\/01\/6_11-300x185.jpeg 300w\" sizes=\"auto, (max-width: 650px) 100vw, 650px\" \/><\/figure>\n\n\n\n<p>Meclis azalar\u0131 Meclis reisi Mustafa Cemilevni\u00f1 Ukraina halq deputatlar\u0131n\u0131 saylav boyunca Ukraina milliy-demokratik k\u00fc\u00e7lernen s\u00f6yle\u015f\u00fcv ve konsultatsiyalar aqq\u0131nda mal\u00fcmat\u0131n\u0131 di\u00f1lep, muzakere ettiler.<\/p>\n\n\n\n<figure class=\"wp-block-image size-full\"><img loading=\"lazy\" decoding=\"async\" width=\"650\" height=\"300\" src=\"http:\/\/qtmm.org\/wp-content\/uploads\/2022\/01\/7_6.jpeg\" alt=\"\" class=\"wp-image-31704\" srcset=\"https:\/\/qtmm.org\/wp-content\/uploads\/2022\/01\/7_6.jpeg 650w, https:\/\/qtmm.org\/wp-content\/uploads\/2022\/01\/7_6-300x138.jpeg 300w\" sizes=\"auto, (max-width: 650px) 100vw, 650px\" \/><\/figure>\n\n\n\n<p>Mezk\u00fcr mesele muzakere etilgende Meclis azalar\u0131 yek\u00e2ne printsiplerni i\u015flep \u00e7\u0131q\u0131p, olarn\u0131\u00f1 esas\u0131nda Meclis reberlerine siyasiy ortaqlarnen s\u00f6yle\u015f\u00fcvlerni al\u0131p barmaqn\u0131 avale ettiler. S\u00f6yle\u015f\u00fcvlerni\u00f1 neticeleri so\u00f1undan Qurultay delegatlar\u0131n\u0131\u00f1 diqqat\u0131na taqdim etilecek. Belli ki Q\u0131r\u0131mtatar halq\u0131n\u0131\u00f1 Qurultay\u0131n\u0131 2012 senesi iy\u00fcl ay\u0131nda ke\u00e7irmek planla\u015ft\u0131r\u0131la. Regional meclislerni\u00f1 reislerine yaq\u0131n k\u00fcnlerde er angi seviyedeki saylav komissiyalar\u0131na kirsetilecek namzetler cedvelini az\u0131rlamaq vazifesi berildi.<\/p>\n\n\n\n<figure class=\"wp-block-image size-full\"><img loading=\"lazy\" decoding=\"async\" width=\"650\" height=\"250\" src=\"http:\/\/qtmm.org\/wp-content\/uploads\/2022\/01\/8_6.jpeg\" alt=\"\" class=\"wp-image-31708\" srcset=\"https:\/\/qtmm.org\/wp-content\/uploads\/2022\/01\/8_6.jpeg 650w, https:\/\/qtmm.org\/wp-content\/uploads\/2022\/01\/8_6-300x115.jpeg 300w\" sizes=\"auto, (max-width: 650px) 100vw, 650px\" \/><\/figure>\n","protected":false},"excerpt":{"rendered":"<p>2012 senesi iy\u00fcn 10-da Q\u0131r\u0131mtatar halq\u0131 Meclisini\u00f1 keni\u015fletilgen topla\u015fuv\u0131 \u00f6tkerilip, onda regional meclisler, Q\u0131r\u0131m Yuqar\u0131 \u015euras\u0131 &#8220;Qurultay-Ruh&#8221; fraktsiyas\u0131 deputatlar\u0131, devlet icra akimiyeti organlar\u0131nda \u00e7al\u0131\u015fqan q\u0131r\u0131mtatarlar, cemaat te\u015fkil\u00e2tlar\u0131n\u0131\u00f1 vekilleri ve Qurultay delegatlar\u0131 i\u015ftirak ettiler. Topla\u015fuvn\u0131\u00f1 k\u00fcn tertibine a\u015fa\u011f\u0131daki meseleler qoyuld\u0131: Q\u0131r\u0131mtatar milliy bayraq k\u00fcn\u00fcni qayd et\u00fcv aqq\u0131nda; &#8220;Kr\u0131m&#8221;DTRK q\u0131r\u0131mtatar muarririyetini\u00f1 vaziyeti aqq\u0131nda; Alu\u015fta ve Yalta regionlar\u0131 [&hellip;]<\/p>\n","protected":false},"author":1,"featured_media":31670,"comment_status":"open","ping_status":"open","sticky":false,"template":"","format":"standard","meta":{"inline_featured_image":false,"footnotes":""},"categories":[265],"tags":[],"class_list":["post-31665","post","type-post","status-publish","format-standard","has-post-thumbnail","hentry","category-haberler"],"acf":[],"yoast_head":"<!-- This site is optimized with the Yoast SEO plugin v27.4 - https:\/\/yoast.com\/product\/yoast-seo-wordpress\/ -->\n<title>Q\u0131r\u0131mtatar halq\u0131 Meclisini\u00f1 nevbetteki topla\u015fuv\u0131 - \u041c\u0435\u0434\u0436\u043b\u0456\u0441<\/title>\n<meta name=\"robots\" content=\"index, follow, max-snippet:-1, max-image-preview:large, max-video-preview:-1\" \/>\n<link rel=\"canonical\" href=\"https:\/\/qtmm.org\/qt\/qirimtatar-halqi-meclisinin-nevbetteki-toplasuvi\/\" \/>\n<meta property=\"og:locale\" content=\"en_US\" \/>\n<meta property=\"og:type\" content=\"article\" \/>\n<meta property=\"og:title\" content=\"Q\u0131r\u0131mtatar halq\u0131 Meclisini\u00f1 nevbetteki topla\u015fuv\u0131 - \u041c\u0435\u0434\u0436\u043b\u0456\u0441\" \/>\n<meta property=\"og:description\" content=\"2012 senesi iy\u00fcn 10-da Q\u0131r\u0131mtatar halq\u0131 Meclisini\u00f1 keni\u015fletilgen topla\u015fuv\u0131 \u00f6tkerilip, onda regional meclisler, Q\u0131r\u0131m Yuqar\u0131 \u015euras\u0131 &#8220;Qurultay-Ruh&#8221; fraktsiyas\u0131 deputatlar\u0131, devlet icra akimiyeti organlar\u0131nda \u00e7al\u0131\u015fqan q\u0131r\u0131mtatarlar, cemaat te\u015fkil\u00e2tlar\u0131n\u0131\u00f1 vekilleri ve Qurultay delegatlar\u0131 i\u015ftirak ettiler. Topla\u015fuvn\u0131\u00f1 k\u00fcn tertibine a\u015fa\u011f\u0131daki meseleler qoyuld\u0131: Q\u0131r\u0131mtatar milliy bayraq k\u00fcn\u00fcni qayd et\u00fcv aqq\u0131nda; &#8220;Kr\u0131m&#8221;DTRK q\u0131r\u0131mtatar muarririyetini\u00f1 vaziyeti aqq\u0131nda; Alu\u015fta ve Yalta regionlar\u0131 [&hellip;]\" \/>\n<meta property=\"og:url\" content=\"https:\/\/qtmm.org\/qt\/qirimtatar-halqi-meclisinin-nevbetteki-toplasuvi\/\" \/>\n<meta property=\"og:site_name\" content=\"\u041c\u0435\u0434\u0436\u043b\u0456\u0441\" \/>\n<meta property=\"article:publisher\" content=\"https:\/\/www.facebook.com\/qtmm.info\/\" \/>\n<meta property=\"article:published_time\" content=\"2012-06-11T18:16:00+00:00\" \/>\n<meta property=\"article:modified_time\" content=\"2022-01-21T18:19:33+00:00\" \/>\n<meta property=\"og:image\" content=\"https:\/\/qtmm.org\/wp-content\/uploads\/2022\/01\/1_49.jpeg\" \/>\n\t<meta property=\"og:image:width\" content=\"650\" \/>\n\t<meta property=\"og:image:height\" content=\"238\" \/>\n\t<meta property=\"og:image:type\" content=\"image\/jpeg\" \/>\n<meta name=\"author\" content=\"Developer\" \/>\n<meta name=\"twitter:card\" content=\"summary_large_image\" \/>\n<meta name=\"twitter:label1\" content=\"Written by\" \/>\n\t<meta name=\"twitter:data1\" content=\"Developer\" \/>\n\t<meta name=\"twitter:label2\" content=\"Est. reading time\" \/>\n\t<meta name=\"twitter:data2\" content=\"3 minutes\" \/>\n<script type=\"application\/ld+json\" class=\"yoast-schema-graph\">{\"@context\":\"https:\\\/\\\/schema.org\",\"@graph\":[{\"@type\":\"Article\",\"@id\":\"https:\\\/\\\/qtmm.org\\\/qt\\\/qirimtatar-halqi-meclisinin-nevbetteki-toplasuvi\\\/#article\",\"isPartOf\":{\"@id\":\"https:\\\/\\\/qtmm.org\\\/qt\\\/qirimtatar-halqi-meclisinin-nevbetteki-toplasuvi\\\/\"},\"author\":{\"name\":\"Developer\",\"@id\":\"https:\\\/\\\/qtmm.org\\\/qt\\\/#\\\/schema\\\/person\\\/de562469f971dec226ac06e60bbf74a7\"},\"headline\":\"Q\u0131r\u0131mtatar halq\u0131 Meclisini\u00f1 nevbetteki topla\u015fuv\u0131\",\"datePublished\":\"2012-06-11T18:16:00+00:00\",\"dateModified\":\"2022-01-21T18:19:33+00:00\",\"mainEntityOfPage\":{\"@id\":\"https:\\\/\\\/qtmm.org\\\/qt\\\/qirimtatar-halqi-meclisinin-nevbetteki-toplasuvi\\\/\"},\"wordCount\":650,\"commentCount\":0,\"publisher\":{\"@id\":\"https:\\\/\\\/qtmm.org\\\/qt\\\/#organization\"},\"image\":{\"@id\":\"https:\\\/\\\/qtmm.org\\\/qt\\\/qirimtatar-halqi-meclisinin-nevbetteki-toplasuvi\\\/#primaryimage\"},\"thumbnailUrl\":\"https:\\\/\\\/qtmm.org\\\/wp-content\\\/uploads\\\/2022\\\/01\\\/1_49.jpeg\",\"articleSection\":[\"Haberler\"],\"inLanguage\":\"qt\",\"potentialAction\":[{\"@type\":\"CommentAction\",\"name\":\"Comment\",\"target\":[\"https:\\\/\\\/qtmm.org\\\/qt\\\/qirimtatar-halqi-meclisinin-nevbetteki-toplasuvi\\\/#respond\"]}]},{\"@type\":\"WebPage\",\"@id\":\"https:\\\/\\\/qtmm.org\\\/qt\\\/qirimtatar-halqi-meclisinin-nevbetteki-toplasuvi\\\/\",\"url\":\"https:\\\/\\\/qtmm.org\\\/qt\\\/qirimtatar-halqi-meclisinin-nevbetteki-toplasuvi\\\/\",\"name\":\"Q\u0131r\u0131mtatar halq\u0131 Meclisini\u00f1 nevbetteki topla\u015fuv\u0131 - \u041c\u0435\u0434\u0436\u043b\u0456\u0441\",\"isPartOf\":{\"@id\":\"https:\\\/\\\/qtmm.org\\\/qt\\\/#website\"},\"primaryImageOfPage\":{\"@id\":\"https:\\\/\\\/qtmm.org\\\/qt\\\/qirimtatar-halqi-meclisinin-nevbetteki-toplasuvi\\\/#primaryimage\"},\"image\":{\"@id\":\"https:\\\/\\\/qtmm.org\\\/qt\\\/qirimtatar-halqi-meclisinin-nevbetteki-toplasuvi\\\/#primaryimage\"},\"thumbnailUrl\":\"https:\\\/\\\/qtmm.org\\\/wp-content\\\/uploads\\\/2022\\\/01\\\/1_49.jpeg\",\"datePublished\":\"2012-06-11T18:16:00+00:00\",\"dateModified\":\"2022-01-21T18:19:33+00:00\",\"breadcrumb\":{\"@id\":\"https:\\\/\\\/qtmm.org\\\/qt\\\/qirimtatar-halqi-meclisinin-nevbetteki-toplasuvi\\\/#breadcrumb\"},\"inLanguage\":\"qt\",\"potentialAction\":[{\"@type\":\"ReadAction\",\"target\":[\"https:\\\/\\\/qtmm.org\\\/qt\\\/qirimtatar-halqi-meclisinin-nevbetteki-toplasuvi\\\/\"]}]},{\"@type\":\"ImageObject\",\"inLanguage\":\"qt\",\"@id\":\"https:\\\/\\\/qtmm.org\\\/qt\\\/qirimtatar-halqi-meclisinin-nevbetteki-toplasuvi\\\/#primaryimage\",\"url\":\"https:\\\/\\\/qtmm.org\\\/wp-content\\\/uploads\\\/2022\\\/01\\\/1_49.jpeg\",\"contentUrl\":\"https:\\\/\\\/qtmm.org\\\/wp-content\\\/uploads\\\/2022\\\/01\\\/1_49.jpeg\",\"width\":650,\"height\":238},{\"@type\":\"BreadcrumbList\",\"@id\":\"https:\\\/\\\/qtmm.org\\\/qt\\\/qirimtatar-halqi-meclisinin-nevbetteki-toplasuvi\\\/#breadcrumb\",\"itemListElement\":[{\"@type\":\"ListItem\",\"position\":1,\"name\":\"\u0413\u043e\u043b\u043e\u0432\u043d\u0430\",\"item\":\"https:\\\/\\\/qtmm.org\\\/qt\\\/\"},{\"@type\":\"ListItem\",\"position\":2,\"name\":\"Q\u0131r\u0131mtatar halq\u0131 Meclisini\u00f1 nevbetteki topla\u015fuv\u0131\"}]},{\"@type\":\"WebSite\",\"@id\":\"https:\\\/\\\/qtmm.org\\\/qt\\\/#website\",\"url\":\"https:\\\/\\\/qtmm.org\\\/qt\\\/\",\"name\":\"\u041c\u0435\u0434\u0436\u043b\u0456\u0441\",\"description\":\"\",\"publisher\":{\"@id\":\"https:\\\/\\\/qtmm.org\\\/qt\\\/#organization\"},\"potentialAction\":[{\"@type\":\"SearchAction\",\"target\":{\"@type\":\"EntryPoint\",\"urlTemplate\":\"https:\\\/\\\/qtmm.org\\\/qt\\\/?s={search_term_string}\"},\"query-input\":{\"@type\":\"PropertyValueSpecification\",\"valueRequired\":true,\"valueName\":\"search_term_string\"}}],\"inLanguage\":\"qt\"},{\"@type\":\"Organization\",\"@id\":\"https:\\\/\\\/qtmm.org\\\/qt\\\/#organization\",\"name\":\"\u041c\u0435\u0434\u0436\u043b\u0456\u0441\",\"url\":\"https:\\\/\\\/qtmm.org\\\/qt\\\/\",\"logo\":{\"@type\":\"ImageObject\",\"inLanguage\":\"qt\",\"@id\":\"https:\\\/\\\/qtmm.org\\\/qt\\\/#\\\/schema\\\/logo\\\/image\\\/\",\"url\":\"https:\\\/\\\/qtmm.org\\\/wp-content\\\/uploads\\\/2024\\\/12\\\/ua-mejlis-logo-rgb.svg\",\"contentUrl\":\"https:\\\/\\\/qtmm.org\\\/wp-content\\\/uploads\\\/2024\\\/12\\\/ua-mejlis-logo-rgb.svg\",\"caption\":\"\u041c\u0435\u0434\u0436\u043b\u0456\u0441\"},\"image\":{\"@id\":\"https:\\\/\\\/qtmm.org\\\/qt\\\/#\\\/schema\\\/logo\\\/image\\\/\"},\"sameAs\":[\"https:\\\/\\\/www.facebook.com\\\/qtmm.info\\\/\"]},{\"@type\":\"Person\",\"@id\":\"https:\\\/\\\/qtmm.org\\\/qt\\\/#\\\/schema\\\/person\\\/de562469f971dec226ac06e60bbf74a7\",\"name\":\"Developer\",\"image\":{\"@type\":\"ImageObject\",\"inLanguage\":\"qt\",\"@id\":\"https:\\\/\\\/secure.gravatar.com\\\/avatar\\\/392b4cc8fbfeb00b39dfeeab4ee6edded39ffd48e25858637e4765810300227e?s=96&d=mm&r=g\",\"url\":\"https:\\\/\\\/secure.gravatar.com\\\/avatar\\\/392b4cc8fbfeb00b39dfeeab4ee6edded39ffd48e25858637e4765810300227e?s=96&d=mm&r=g\",\"contentUrl\":\"https:\\\/\\\/secure.gravatar.com\\\/avatar\\\/392b4cc8fbfeb00b39dfeeab4ee6edded39ffd48e25858637e4765810300227e?s=96&d=mm&r=g\",\"caption\":\"Developer\"},\"url\":\"https:\\\/\\\/qtmm.org\\\/qt\\\/author\\\/Developer\\\/\"}]}<\/script>\n<!-- \/ Yoast SEO plugin. -->","yoast_head_json":{"title":"Q\u0131r\u0131mtatar halq\u0131 Meclisini\u00f1 nevbetteki topla\u015fuv\u0131 - \u041c\u0435\u0434\u0436\u043b\u0456\u0441","robots":{"index":"index","follow":"follow","max-snippet":"max-snippet:-1","max-image-preview":"max-image-preview:large","max-video-preview":"max-video-preview:-1"},"canonical":"https:\/\/qtmm.org\/qt\/qirimtatar-halqi-meclisinin-nevbetteki-toplasuvi\/","og_locale":"en_US","og_type":"article","og_title":"Q\u0131r\u0131mtatar halq\u0131 Meclisini\u00f1 nevbetteki topla\u015fuv\u0131 - \u041c\u0435\u0434\u0436\u043b\u0456\u0441","og_description":"2012 senesi iy\u00fcn 10-da Q\u0131r\u0131mtatar halq\u0131 Meclisini\u00f1 keni\u015fletilgen topla\u015fuv\u0131 \u00f6tkerilip, onda regional meclisler, Q\u0131r\u0131m Yuqar\u0131 \u015euras\u0131 &#8220;Qurultay-Ruh&#8221; fraktsiyas\u0131 deputatlar\u0131, devlet icra akimiyeti organlar\u0131nda \u00e7al\u0131\u015fqan q\u0131r\u0131mtatarlar, cemaat te\u015fkil\u00e2tlar\u0131n\u0131\u00f1 vekilleri ve Qurultay delegatlar\u0131 i\u015ftirak ettiler. Topla\u015fuvn\u0131\u00f1 k\u00fcn tertibine a\u015fa\u011f\u0131daki meseleler qoyuld\u0131: Q\u0131r\u0131mtatar milliy bayraq k\u00fcn\u00fcni qayd et\u00fcv aqq\u0131nda; &#8220;Kr\u0131m&#8221;DTRK q\u0131r\u0131mtatar muarririyetini\u00f1 vaziyeti aqq\u0131nda; Alu\u015fta ve Yalta regionlar\u0131 [&hellip;]","og_url":"https:\/\/qtmm.org\/qt\/qirimtatar-halqi-meclisinin-nevbetteki-toplasuvi\/","og_site_name":"\u041c\u0435\u0434\u0436\u043b\u0456\u0441","article_publisher":"https:\/\/www.facebook.com\/qtmm.info\/","article_published_time":"2012-06-11T18:16:00+00:00","article_modified_time":"2022-01-21T18:19:33+00:00","og_image":[{"width":650,"height":238,"url":"https:\/\/qtmm.org\/wp-content\/uploads\/2022\/01\/1_49.jpeg","type":"image\/jpeg"}],"author":"Developer","twitter_card":"summary_large_image","twitter_misc":{"Written by":"Developer","Est. reading time":"3 minutes"},"schema":{"@context":"https:\/\/schema.org","@graph":[{"@type":"Article","@id":"https:\/\/qtmm.org\/qt\/qirimtatar-halqi-meclisinin-nevbetteki-toplasuvi\/#article","isPartOf":{"@id":"https:\/\/qtmm.org\/qt\/qirimtatar-halqi-meclisinin-nevbetteki-toplasuvi\/"},"author":{"name":"Developer","@id":"https:\/\/qtmm.org\/qt\/#\/schema\/person\/de562469f971dec226ac06e60bbf74a7"},"headline":"Q\u0131r\u0131mtatar halq\u0131 Meclisini\u00f1 nevbetteki topla\u015fuv\u0131","datePublished":"2012-06-11T18:16:00+00:00","dateModified":"2022-01-21T18:19:33+00:00","mainEntityOfPage":{"@id":"https:\/\/qtmm.org\/qt\/qirimtatar-halqi-meclisinin-nevbetteki-toplasuvi\/"},"wordCount":650,"commentCount":0,"publisher":{"@id":"https:\/\/qtmm.org\/qt\/#organization"},"image":{"@id":"https:\/\/qtmm.org\/qt\/qirimtatar-halqi-meclisinin-nevbetteki-toplasuvi\/#primaryimage"},"thumbnailUrl":"https:\/\/qtmm.org\/wp-content\/uploads\/2022\/01\/1_49.jpeg","articleSection":["Haberler"],"inLanguage":"qt","potentialAction":[{"@type":"CommentAction","name":"Comment","target":["https:\/\/qtmm.org\/qt\/qirimtatar-halqi-meclisinin-nevbetteki-toplasuvi\/#respond"]}]},{"@type":"WebPage","@id":"https:\/\/qtmm.org\/qt\/qirimtatar-halqi-meclisinin-nevbetteki-toplasuvi\/","url":"https:\/\/qtmm.org\/qt\/qirimtatar-halqi-meclisinin-nevbetteki-toplasuvi\/","name":"Q\u0131r\u0131mtatar halq\u0131 Meclisini\u00f1 nevbetteki topla\u015fuv\u0131 - \u041c\u0435\u0434\u0436\u043b\u0456\u0441","isPartOf":{"@id":"https:\/\/qtmm.org\/qt\/#website"},"primaryImageOfPage":{"@id":"https:\/\/qtmm.org\/qt\/qirimtatar-halqi-meclisinin-nevbetteki-toplasuvi\/#primaryimage"},"image":{"@id":"https:\/\/qtmm.org\/qt\/qirimtatar-halqi-meclisinin-nevbetteki-toplasuvi\/#primaryimage"},"thumbnailUrl":"https:\/\/qtmm.org\/wp-content\/uploads\/2022\/01\/1_49.jpeg","datePublished":"2012-06-11T18:16:00+00:00","dateModified":"2022-01-21T18:19:33+00:00","breadcrumb":{"@id":"https:\/\/qtmm.org\/qt\/qirimtatar-halqi-meclisinin-nevbetteki-toplasuvi\/#breadcrumb"},"inLanguage":"qt","potentialAction":[{"@type":"ReadAction","target":["https:\/\/qtmm.org\/qt\/qirimtatar-halqi-meclisinin-nevbetteki-toplasuvi\/"]}]},{"@type":"ImageObject","inLanguage":"qt","@id":"https:\/\/qtmm.org\/qt\/qirimtatar-halqi-meclisinin-nevbetteki-toplasuvi\/#primaryimage","url":"https:\/\/qtmm.org\/wp-content\/uploads\/2022\/01\/1_49.jpeg","contentUrl":"https:\/\/qtmm.org\/wp-content\/uploads\/2022\/01\/1_49.jpeg","width":650,"height":238},{"@type":"BreadcrumbList","@id":"https:\/\/qtmm.org\/qt\/qirimtatar-halqi-meclisinin-nevbetteki-toplasuvi\/#breadcrumb","itemListElement":[{"@type":"ListItem","position":1,"name":"\u0413\u043e\u043b\u043e\u0432\u043d\u0430","item":"https:\/\/qtmm.org\/qt\/"},{"@type":"ListItem","position":2,"name":"Q\u0131r\u0131mtatar halq\u0131 Meclisini\u00f1 nevbetteki topla\u015fuv\u0131"}]},{"@type":"WebSite","@id":"https:\/\/qtmm.org\/qt\/#website","url":"https:\/\/qtmm.org\/qt\/","name":"\u041c\u0435\u0434\u0436\u043b\u0456\u0441","description":"","publisher":{"@id":"https:\/\/qtmm.org\/qt\/#organization"},"potentialAction":[{"@type":"SearchAction","target":{"@type":"EntryPoint","urlTemplate":"https:\/\/qtmm.org\/qt\/?s={search_term_string}"},"query-input":{"@type":"PropertyValueSpecification","valueRequired":true,"valueName":"search_term_string"}}],"inLanguage":"qt"},{"@type":"Organization","@id":"https:\/\/qtmm.org\/qt\/#organization","name":"\u041c\u0435\u0434\u0436\u043b\u0456\u0441","url":"https:\/\/qtmm.org\/qt\/","logo":{"@type":"ImageObject","inLanguage":"qt","@id":"https:\/\/qtmm.org\/qt\/#\/schema\/logo\/image\/","url":"https:\/\/qtmm.org\/wp-content\/uploads\/2024\/12\/ua-mejlis-logo-rgb.svg","contentUrl":"https:\/\/qtmm.org\/wp-content\/uploads\/2024\/12\/ua-mejlis-logo-rgb.svg","caption":"\u041c\u0435\u0434\u0436\u043b\u0456\u0441"},"image":{"@id":"https:\/\/qtmm.org\/qt\/#\/schema\/logo\/image\/"},"sameAs":["https:\/\/www.facebook.com\/qtmm.info\/"]},{"@type":"Person","@id":"https:\/\/qtmm.org\/qt\/#\/schema\/person\/de562469f971dec226ac06e60bbf74a7","name":"Developer","image":{"@type":"ImageObject","inLanguage":"qt","@id":"https:\/\/secure.gravatar.com\/avatar\/392b4cc8fbfeb00b39dfeeab4ee6edded39ffd48e25858637e4765810300227e?s=96&d=mm&r=g","url":"https:\/\/secure.gravatar.com\/avatar\/392b4cc8fbfeb00b39dfeeab4ee6edded39ffd48e25858637e4765810300227e?s=96&d=mm&r=g","contentUrl":"https:\/\/secure.gravatar.com\/avatar\/392b4cc8fbfeb00b39dfeeab4ee6edded39ffd48e25858637e4765810300227e?s=96&d=mm&r=g","caption":"Developer"},"url":"https:\/\/qtmm.org\/qt\/author\/Developer\/"}]}},"_links":{"self":[{"href":"https:\/\/qtmm.org\/qt\/wp-json\/wp\/v2\/posts\/31665","targetHints":{"allow":["GET"]}}],"collection":[{"href":"https:\/\/qtmm.org\/qt\/wp-json\/wp\/v2\/posts"}],"about":[{"href":"https:\/\/qtmm.org\/qt\/wp-json\/wp\/v2\/types\/post"}],"author":[{"embeddable":true,"href":"https:\/\/qtmm.org\/qt\/wp-json\/wp\/v2\/users\/1"}],"replies":[{"embeddable":true,"href":"https:\/\/qtmm.org\/qt\/wp-json\/wp\/v2\/comments?post=31665"}],"version-history":[{"count":1,"href":"https:\/\/qtmm.org\/qt\/wp-json\/wp\/v2\/posts\/31665\/revisions"}],"predecessor-version":[{"id":31716,"href":"https:\/\/qtmm.org\/qt\/wp-json\/wp\/v2\/posts\/31665\/revisions\/31716"}],"wp:featuredmedia":[{"embeddable":true,"href":"https:\/\/qtmm.org\/qt\/wp-json\/wp\/v2\/media\/31670"}],"wp:attachment":[{"href":"https:\/\/qtmm.org\/qt\/wp-json\/wp\/v2\/media?parent=31665"}],"wp:term":[{"taxonomy":"category","embeddable":true,"href":"https:\/\/qtmm.org\/qt\/wp-json\/wp\/v2\/categories?post=31665"},{"taxonomy":"post_tag","embeddable":true,"href":"https:\/\/qtmm.org\/qt\/wp-json\/wp\/v2\/tags?post=31665"}],"curies":[{"name":"wp","href":"https:\/\/api.w.org\/{rel}","templated":true}]}}