




{"id":31663,"date":"2012-06-09T21:16:00","date_gmt":"2012-06-09T18:16:00","guid":{"rendered":"http:\/\/qtmm.org\/?p=31663"},"modified":"2022-01-21T21:16:41","modified_gmt":"2022-01-21T18:16:41","slug":"yaltada-qirimtatar-medeniy-etnografiya-merkezi-acilacaq","status":"publish","type":"post","link":"https:\/\/qtmm.org\/qt\/yaltada-qirimtatar-medeniy-etnografiya-merkezi-acilacaq\/","title":{"rendered":"Yaltada Q\u0131r\u0131mtatar medeniy etnografiya merkezi a\u00e7\u0131lacaq"},"content":{"rendered":"\n<p>\u0130y\u00fcn 12 k\u00fcn\u00fc Yaltada Q\u0131r\u0131mtatar medeniy etnografiya merkezi tantanal\u0131 s\u00fcrette a\u00e7\u0131lacaq.<\/p>\n\n\n\n<p>Yalta faallerini\u00f1 Q\u0131r\u0131mtatar medeniy etnografiya merkezini a\u00e7maq te\u015febb\u00fcsine Q\u0131r\u0131mtatar halq\u0131 Meclisini\u00f1 reisi Mustafa Cemilev, &#8220;Fond KRIM&#8221; Hayriye te\u015fkil\u00e2t\u0131 ve Yalta \u015feer \u015furas\u0131 milletlerni\u00f1 i\u015fleri ve migratsiya boyunca idare yolba\u015f\u00e7\u0131s\u0131 Zaur Smirnov qoltutt\u0131lar. Zarema Menseitova ise eksponatlarn\u0131 toplav ve az\u0131rlavda faal i\u015ftirak etti.<\/p>\n\n\n\n<p>&#8220;Fond KRIM&#8221; Hayriye te\u015fkil\u00e2t\u0131n\u0131\u00f1 ba\u015f direktor\u0131 Riza \u015eevqiyev bildirgenine k\u00f6re Q\u0131r\u0131mtatar medeniy etnografiya merkezini\u00f1 t\u0131\u015f\u0131 q\u0131r\u0131mtatar \u00fcsl\u00fcbinde s\u00fcslendirilip, merkezni\u00f1 er bir odas\u0131 q\u0131r\u0131mtatar halq\u0131n\u0131\u00f1 alemini yani ecdatlar\u0131m\u0131zn\u0131\u00f1 \u00f6m\u00fcr tarz\u0131n\u0131 k\u00f6sterecek.<br>&#8220;Mustafa a\u011fa Cemilevni\u00f1 qoltutuv\u0131n\u0131 ayr\u0131ca qayd etmek isterdim, &#8211; dey &#8220;Fond KRIM&#8221; Hayriye te\u015fkil\u00e2t\u0131n\u0131\u00f1 ba\u015f direktor\u0131 Riza \u015eevqiyev . \u2013 \u0130lle on\u0131\u00f1 i\u015ftiraki ve Yalta \u015feer \u015furas\u0131n\u0131\u00f1 vekillerinen k\u00f6r\u00fc\u015f\u00fcvleri sayesinde bizge insanlar ya\u015fama\u011fan bir binan\u0131 berdiler. Sa\u011f olsun! On\u0131\u00f1 bu i\u015fte issesi \u011fayet q\u0131ymetlidir!&#8221;<\/p>\n\n\n\n<p>Riza \u015eevqiyev merkezde Yalta\u011fa kelgen musafirler ve \u015feer sakinlerine savut-saba, \u00e7al\u011f\u0131 aletleri, soba ve daa bir \u00e7oq \u015feylernen yara\u015ft\u0131r\u0131l\u011fan odalar taqdim etilecegini aytt\u0131.<\/p>\n\n\n\n<p>Q\u0131r\u0131mtatar medeniy etnografiya merkezini\u00f1 te\u015fkil\u00e2t\u00e7\u0131lar\u0131 on\u0131\u00f1 ba\u015f maqsad\u0131 medeniy asabal\u0131qn\u0131 saqlav, \u00f6seyatqan nesilnen \u00e7al\u0131\u015fuv, halq esnaflar\u0131n\u0131 canland\u0131ruv ve \u015fegirtlerni az\u0131rlav olacaq, deyler.<\/p>\n\n\n\n<p>Tantanal\u0131 a\u00e7\u0131l\u0131\u015f iy\u00fcn 12 k\u00fcn\u00fc saat 13.00-de Yalta \u015feeri, Kiyevskaya soqa\u011f\u0131, 54 lit. A,B adresi boyunca olacaq<\/p>\n","protected":false},"excerpt":{"rendered":"<p>\u0130y\u00fcn 12 k\u00fcn\u00fc Yaltada Q\u0131r\u0131mtatar medeniy etnografiya merkezi tantanal\u0131 s\u00fcrette a\u00e7\u0131lacaq. Yalta faallerini\u00f1 Q\u0131r\u0131mtatar medeniy etnografiya merkezini a\u00e7maq te\u015febb\u00fcsine Q\u0131r\u0131mtatar halq\u0131 Meclisini\u00f1 reisi Mustafa Cemilev, &#8220;Fond KRIM&#8221; Hayriye te\u015fkil\u00e2t\u0131 ve Yalta \u015feer \u015furas\u0131 milletlerni\u00f1 i\u015fleri ve migratsiya boyunca idare yolba\u015f\u00e7\u0131s\u0131 Zaur Smirnov qoltutt\u0131lar. Zarema Menseitova ise eksponatlarn\u0131 toplav ve az\u0131rlavda faal i\u015ftirak etti. &#8220;Fond KRIM&#8221; [&hellip;]<\/p>\n","protected":false},"author":1,"featured_media":0,"comment_status":"open","ping_status":"open","sticky":false,"template":"","format":"standard","meta":{"inline_featured_image":false,"footnotes":""},"categories":[265],"tags":[],"class_list":["post-31663","post","type-post","status-publish","format-standard","hentry","category-haberler"],"acf":[],"yoast_head":"<!-- This site is optimized with the Yoast SEO plugin v27.4 - https:\/\/yoast.com\/product\/yoast-seo-wordpress\/ -->\n<title>Yaltada Q\u0131r\u0131mtatar medeniy etnografiya merkezi a\u00e7\u0131lacaq - \u041c\u0435\u0434\u0436\u043b\u0456\u0441<\/title>\n<meta name=\"robots\" content=\"index, follow, max-snippet:-1, max-image-preview:large, max-video-preview:-1\" \/>\n<link rel=\"canonical\" href=\"https:\/\/qtmm.org\/qt\/yaltada-qirimtatar-medeniy-etnografiya-merkezi-acilacaq\/\" \/>\n<meta property=\"og:locale\" content=\"en_US\" \/>\n<meta property=\"og:type\" content=\"article\" \/>\n<meta property=\"og:title\" content=\"Yaltada Q\u0131r\u0131mtatar medeniy etnografiya merkezi a\u00e7\u0131lacaq - \u041c\u0435\u0434\u0436\u043b\u0456\u0441\" \/>\n<meta property=\"og:description\" content=\"\u0130y\u00fcn 12 k\u00fcn\u00fc Yaltada Q\u0131r\u0131mtatar medeniy etnografiya merkezi tantanal\u0131 s\u00fcrette a\u00e7\u0131lacaq. Yalta faallerini\u00f1 Q\u0131r\u0131mtatar medeniy etnografiya merkezini a\u00e7maq te\u015febb\u00fcsine Q\u0131r\u0131mtatar halq\u0131 Meclisini\u00f1 reisi Mustafa Cemilev, &#8220;Fond KRIM&#8221; Hayriye te\u015fkil\u00e2t\u0131 ve Yalta \u015feer \u015furas\u0131 milletlerni\u00f1 i\u015fleri ve migratsiya boyunca idare yolba\u015f\u00e7\u0131s\u0131 Zaur Smirnov qoltutt\u0131lar. Zarema Menseitova ise eksponatlarn\u0131 toplav ve az\u0131rlavda faal i\u015ftirak etti. &#8220;Fond KRIM&#8221; [&hellip;]\" \/>\n<meta property=\"og:url\" content=\"https:\/\/qtmm.org\/qt\/yaltada-qirimtatar-medeniy-etnografiya-merkezi-acilacaq\/\" \/>\n<meta property=\"og:site_name\" content=\"\u041c\u0435\u0434\u0436\u043b\u0456\u0441\" \/>\n<meta property=\"article:publisher\" content=\"https:\/\/www.facebook.com\/qtmm.info\/\" \/>\n<meta property=\"article:published_time\" content=\"2012-06-09T18:16:00+00:00\" \/>\n<meta property=\"article:modified_time\" content=\"2022-01-21T18:16:41+00:00\" \/>\n<meta name=\"author\" content=\"Developer\" \/>\n<meta name=\"twitter:card\" content=\"summary_large_image\" \/>\n<meta name=\"twitter:label1\" content=\"Written by\" \/>\n\t<meta name=\"twitter:data1\" content=\"Developer\" \/>\n\t<meta name=\"twitter:label2\" content=\"Est. reading time\" \/>\n\t<meta name=\"twitter:data2\" content=\"1 minute\" \/>\n<script type=\"application\/ld+json\" class=\"yoast-schema-graph\">{\"@context\":\"https:\\\/\\\/schema.org\",\"@graph\":[{\"@type\":\"Article\",\"@id\":\"https:\\\/\\\/qtmm.org\\\/qt\\\/yaltada-qirimtatar-medeniy-etnografiya-merkezi-acilacaq\\\/#article\",\"isPartOf\":{\"@id\":\"https:\\\/\\\/qtmm.org\\\/qt\\\/yaltada-qirimtatar-medeniy-etnografiya-merkezi-acilacaq\\\/\"},\"author\":{\"name\":\"Developer\",\"@id\":\"https:\\\/\\\/qtmm.org\\\/qt\\\/#\\\/schema\\\/person\\\/de562469f971dec226ac06e60bbf74a7\"},\"headline\":\"Yaltada Q\u0131r\u0131mtatar medeniy etnografiya merkezi a\u00e7\u0131lacaq\",\"datePublished\":\"2012-06-09T18:16:00+00:00\",\"dateModified\":\"2022-01-21T18:16:41+00:00\",\"mainEntityOfPage\":{\"@id\":\"https:\\\/\\\/qtmm.org\\\/qt\\\/yaltada-qirimtatar-medeniy-etnografiya-merkezi-acilacaq\\\/\"},\"wordCount\":264,\"commentCount\":0,\"publisher\":{\"@id\":\"https:\\\/\\\/qtmm.org\\\/qt\\\/#organization\"},\"articleSection\":[\"Haberler\"],\"inLanguage\":\"qt\",\"potentialAction\":[{\"@type\":\"CommentAction\",\"name\":\"Comment\",\"target\":[\"https:\\\/\\\/qtmm.org\\\/qt\\\/yaltada-qirimtatar-medeniy-etnografiya-merkezi-acilacaq\\\/#respond\"]}]},{\"@type\":\"WebPage\",\"@id\":\"https:\\\/\\\/qtmm.org\\\/qt\\\/yaltada-qirimtatar-medeniy-etnografiya-merkezi-acilacaq\\\/\",\"url\":\"https:\\\/\\\/qtmm.org\\\/qt\\\/yaltada-qirimtatar-medeniy-etnografiya-merkezi-acilacaq\\\/\",\"name\":\"Yaltada Q\u0131r\u0131mtatar medeniy etnografiya merkezi a\u00e7\u0131lacaq - \u041c\u0435\u0434\u0436\u043b\u0456\u0441\",\"isPartOf\":{\"@id\":\"https:\\\/\\\/qtmm.org\\\/qt\\\/#website\"},\"datePublished\":\"2012-06-09T18:16:00+00:00\",\"dateModified\":\"2022-01-21T18:16:41+00:00\",\"breadcrumb\":{\"@id\":\"https:\\\/\\\/qtmm.org\\\/qt\\\/yaltada-qirimtatar-medeniy-etnografiya-merkezi-acilacaq\\\/#breadcrumb\"},\"inLanguage\":\"qt\",\"potentialAction\":[{\"@type\":\"ReadAction\",\"target\":[\"https:\\\/\\\/qtmm.org\\\/qt\\\/yaltada-qirimtatar-medeniy-etnografiya-merkezi-acilacaq\\\/\"]}]},{\"@type\":\"BreadcrumbList\",\"@id\":\"https:\\\/\\\/qtmm.org\\\/qt\\\/yaltada-qirimtatar-medeniy-etnografiya-merkezi-acilacaq\\\/#breadcrumb\",\"itemListElement\":[{\"@type\":\"ListItem\",\"position\":1,\"name\":\"\u0413\u043e\u043b\u043e\u0432\u043d\u0430\",\"item\":\"https:\\\/\\\/qtmm.org\\\/qt\\\/\"},{\"@type\":\"ListItem\",\"position\":2,\"name\":\"Yaltada Q\u0131r\u0131mtatar medeniy etnografiya merkezi a\u00e7\u0131lacaq\"}]},{\"@type\":\"WebSite\",\"@id\":\"https:\\\/\\\/qtmm.org\\\/qt\\\/#website\",\"url\":\"https:\\\/\\\/qtmm.org\\\/qt\\\/\",\"name\":\"\u041c\u0435\u0434\u0436\u043b\u0456\u0441\",\"description\":\"\",\"publisher\":{\"@id\":\"https:\\\/\\\/qtmm.org\\\/qt\\\/#organization\"},\"potentialAction\":[{\"@type\":\"SearchAction\",\"target\":{\"@type\":\"EntryPoint\",\"urlTemplate\":\"https:\\\/\\\/qtmm.org\\\/qt\\\/?s={search_term_string}\"},\"query-input\":{\"@type\":\"PropertyValueSpecification\",\"valueRequired\":true,\"valueName\":\"search_term_string\"}}],\"inLanguage\":\"qt\"},{\"@type\":\"Organization\",\"@id\":\"https:\\\/\\\/qtmm.org\\\/qt\\\/#organization\",\"name\":\"\u041c\u0435\u0434\u0436\u043b\u0456\u0441\",\"url\":\"https:\\\/\\\/qtmm.org\\\/qt\\\/\",\"logo\":{\"@type\":\"ImageObject\",\"inLanguage\":\"qt\",\"@id\":\"https:\\\/\\\/qtmm.org\\\/qt\\\/#\\\/schema\\\/logo\\\/image\\\/\",\"url\":\"https:\\\/\\\/qtmm.org\\\/wp-content\\\/uploads\\\/2024\\\/12\\\/ua-mejlis-logo-rgb.svg\",\"contentUrl\":\"https:\\\/\\\/qtmm.org\\\/wp-content\\\/uploads\\\/2024\\\/12\\\/ua-mejlis-logo-rgb.svg\",\"caption\":\"\u041c\u0435\u0434\u0436\u043b\u0456\u0441\"},\"image\":{\"@id\":\"https:\\\/\\\/qtmm.org\\\/qt\\\/#\\\/schema\\\/logo\\\/image\\\/\"},\"sameAs\":[\"https:\\\/\\\/www.facebook.com\\\/qtmm.info\\\/\"]},{\"@type\":\"Person\",\"@id\":\"https:\\\/\\\/qtmm.org\\\/qt\\\/#\\\/schema\\\/person\\\/de562469f971dec226ac06e60bbf74a7\",\"name\":\"Developer\",\"image\":{\"@type\":\"ImageObject\",\"inLanguage\":\"qt\",\"@id\":\"https:\\\/\\\/secure.gravatar.com\\\/avatar\\\/392b4cc8fbfeb00b39dfeeab4ee6edded39ffd48e25858637e4765810300227e?s=96&d=mm&r=g\",\"url\":\"https:\\\/\\\/secure.gravatar.com\\\/avatar\\\/392b4cc8fbfeb00b39dfeeab4ee6edded39ffd48e25858637e4765810300227e?s=96&d=mm&r=g\",\"contentUrl\":\"https:\\\/\\\/secure.gravatar.com\\\/avatar\\\/392b4cc8fbfeb00b39dfeeab4ee6edded39ffd48e25858637e4765810300227e?s=96&d=mm&r=g\",\"caption\":\"Developer\"},\"url\":\"https:\\\/\\\/qtmm.org\\\/qt\\\/author\\\/Developer\\\/\"}]}<\/script>\n<!-- \/ Yoast SEO plugin. -->","yoast_head_json":{"title":"Yaltada Q\u0131r\u0131mtatar medeniy etnografiya merkezi a\u00e7\u0131lacaq - \u041c\u0435\u0434\u0436\u043b\u0456\u0441","robots":{"index":"index","follow":"follow","max-snippet":"max-snippet:-1","max-image-preview":"max-image-preview:large","max-video-preview":"max-video-preview:-1"},"canonical":"https:\/\/qtmm.org\/qt\/yaltada-qirimtatar-medeniy-etnografiya-merkezi-acilacaq\/","og_locale":"en_US","og_type":"article","og_title":"Yaltada Q\u0131r\u0131mtatar medeniy etnografiya merkezi a\u00e7\u0131lacaq - \u041c\u0435\u0434\u0436\u043b\u0456\u0441","og_description":"\u0130y\u00fcn 12 k\u00fcn\u00fc Yaltada Q\u0131r\u0131mtatar medeniy etnografiya merkezi tantanal\u0131 s\u00fcrette a\u00e7\u0131lacaq. Yalta faallerini\u00f1 Q\u0131r\u0131mtatar medeniy etnografiya merkezini a\u00e7maq te\u015febb\u00fcsine Q\u0131r\u0131mtatar halq\u0131 Meclisini\u00f1 reisi Mustafa Cemilev, &#8220;Fond KRIM&#8221; Hayriye te\u015fkil\u00e2t\u0131 ve Yalta \u015feer \u015furas\u0131 milletlerni\u00f1 i\u015fleri ve migratsiya boyunca idare yolba\u015f\u00e7\u0131s\u0131 Zaur Smirnov qoltutt\u0131lar. Zarema Menseitova ise eksponatlarn\u0131 toplav ve az\u0131rlavda faal i\u015ftirak etti. &#8220;Fond KRIM&#8221; [&hellip;]","og_url":"https:\/\/qtmm.org\/qt\/yaltada-qirimtatar-medeniy-etnografiya-merkezi-acilacaq\/","og_site_name":"\u041c\u0435\u0434\u0436\u043b\u0456\u0441","article_publisher":"https:\/\/www.facebook.com\/qtmm.info\/","article_published_time":"2012-06-09T18:16:00+00:00","article_modified_time":"2022-01-21T18:16:41+00:00","author":"Developer","twitter_card":"summary_large_image","twitter_misc":{"Written by":"Developer","Est. reading time":"1 minute"},"schema":{"@context":"https:\/\/schema.org","@graph":[{"@type":"Article","@id":"https:\/\/qtmm.org\/qt\/yaltada-qirimtatar-medeniy-etnografiya-merkezi-acilacaq\/#article","isPartOf":{"@id":"https:\/\/qtmm.org\/qt\/yaltada-qirimtatar-medeniy-etnografiya-merkezi-acilacaq\/"},"author":{"name":"Developer","@id":"https:\/\/qtmm.org\/qt\/#\/schema\/person\/de562469f971dec226ac06e60bbf74a7"},"headline":"Yaltada Q\u0131r\u0131mtatar medeniy etnografiya merkezi a\u00e7\u0131lacaq","datePublished":"2012-06-09T18:16:00+00:00","dateModified":"2022-01-21T18:16:41+00:00","mainEntityOfPage":{"@id":"https:\/\/qtmm.org\/qt\/yaltada-qirimtatar-medeniy-etnografiya-merkezi-acilacaq\/"},"wordCount":264,"commentCount":0,"publisher":{"@id":"https:\/\/qtmm.org\/qt\/#organization"},"articleSection":["Haberler"],"inLanguage":"qt","potentialAction":[{"@type":"CommentAction","name":"Comment","target":["https:\/\/qtmm.org\/qt\/yaltada-qirimtatar-medeniy-etnografiya-merkezi-acilacaq\/#respond"]}]},{"@type":"WebPage","@id":"https:\/\/qtmm.org\/qt\/yaltada-qirimtatar-medeniy-etnografiya-merkezi-acilacaq\/","url":"https:\/\/qtmm.org\/qt\/yaltada-qirimtatar-medeniy-etnografiya-merkezi-acilacaq\/","name":"Yaltada Q\u0131r\u0131mtatar medeniy etnografiya merkezi a\u00e7\u0131lacaq - \u041c\u0435\u0434\u0436\u043b\u0456\u0441","isPartOf":{"@id":"https:\/\/qtmm.org\/qt\/#website"},"datePublished":"2012-06-09T18:16:00+00:00","dateModified":"2022-01-21T18:16:41+00:00","breadcrumb":{"@id":"https:\/\/qtmm.org\/qt\/yaltada-qirimtatar-medeniy-etnografiya-merkezi-acilacaq\/#breadcrumb"},"inLanguage":"qt","potentialAction":[{"@type":"ReadAction","target":["https:\/\/qtmm.org\/qt\/yaltada-qirimtatar-medeniy-etnografiya-merkezi-acilacaq\/"]}]},{"@type":"BreadcrumbList","@id":"https:\/\/qtmm.org\/qt\/yaltada-qirimtatar-medeniy-etnografiya-merkezi-acilacaq\/#breadcrumb","itemListElement":[{"@type":"ListItem","position":1,"name":"\u0413\u043e\u043b\u043e\u0432\u043d\u0430","item":"https:\/\/qtmm.org\/qt\/"},{"@type":"ListItem","position":2,"name":"Yaltada Q\u0131r\u0131mtatar medeniy etnografiya merkezi a\u00e7\u0131lacaq"}]},{"@type":"WebSite","@id":"https:\/\/qtmm.org\/qt\/#website","url":"https:\/\/qtmm.org\/qt\/","name":"\u041c\u0435\u0434\u0436\u043b\u0456\u0441","description":"","publisher":{"@id":"https:\/\/qtmm.org\/qt\/#organization"},"potentialAction":[{"@type":"SearchAction","target":{"@type":"EntryPoint","urlTemplate":"https:\/\/qtmm.org\/qt\/?s={search_term_string}"},"query-input":{"@type":"PropertyValueSpecification","valueRequired":true,"valueName":"search_term_string"}}],"inLanguage":"qt"},{"@type":"Organization","@id":"https:\/\/qtmm.org\/qt\/#organization","name":"\u041c\u0435\u0434\u0436\u043b\u0456\u0441","url":"https:\/\/qtmm.org\/qt\/","logo":{"@type":"ImageObject","inLanguage":"qt","@id":"https:\/\/qtmm.org\/qt\/#\/schema\/logo\/image\/","url":"https:\/\/qtmm.org\/wp-content\/uploads\/2024\/12\/ua-mejlis-logo-rgb.svg","contentUrl":"https:\/\/qtmm.org\/wp-content\/uploads\/2024\/12\/ua-mejlis-logo-rgb.svg","caption":"\u041c\u0435\u0434\u0436\u043b\u0456\u0441"},"image":{"@id":"https:\/\/qtmm.org\/qt\/#\/schema\/logo\/image\/"},"sameAs":["https:\/\/www.facebook.com\/qtmm.info\/"]},{"@type":"Person","@id":"https:\/\/qtmm.org\/qt\/#\/schema\/person\/de562469f971dec226ac06e60bbf74a7","name":"Developer","image":{"@type":"ImageObject","inLanguage":"qt","@id":"https:\/\/secure.gravatar.com\/avatar\/392b4cc8fbfeb00b39dfeeab4ee6edded39ffd48e25858637e4765810300227e?s=96&d=mm&r=g","url":"https:\/\/secure.gravatar.com\/avatar\/392b4cc8fbfeb00b39dfeeab4ee6edded39ffd48e25858637e4765810300227e?s=96&d=mm&r=g","contentUrl":"https:\/\/secure.gravatar.com\/avatar\/392b4cc8fbfeb00b39dfeeab4ee6edded39ffd48e25858637e4765810300227e?s=96&d=mm&r=g","caption":"Developer"},"url":"https:\/\/qtmm.org\/qt\/author\/Developer\/"}]}},"_links":{"self":[{"href":"https:\/\/qtmm.org\/qt\/wp-json\/wp\/v2\/posts\/31663","targetHints":{"allow":["GET"]}}],"collection":[{"href":"https:\/\/qtmm.org\/qt\/wp-json\/wp\/v2\/posts"}],"about":[{"href":"https:\/\/qtmm.org\/qt\/wp-json\/wp\/v2\/types\/post"}],"author":[{"embeddable":true,"href":"https:\/\/qtmm.org\/qt\/wp-json\/wp\/v2\/users\/1"}],"replies":[{"embeddable":true,"href":"https:\/\/qtmm.org\/qt\/wp-json\/wp\/v2\/comments?post=31663"}],"version-history":[{"count":1,"href":"https:\/\/qtmm.org\/qt\/wp-json\/wp\/v2\/posts\/31663\/revisions"}],"predecessor-version":[{"id":31664,"href":"https:\/\/qtmm.org\/qt\/wp-json\/wp\/v2\/posts\/31663\/revisions\/31664"}],"wp:attachment":[{"href":"https:\/\/qtmm.org\/qt\/wp-json\/wp\/v2\/media?parent=31663"}],"wp:term":[{"taxonomy":"category","embeddable":true,"href":"https:\/\/qtmm.org\/qt\/wp-json\/wp\/v2\/categories?post=31663"},{"taxonomy":"post_tag","embeddable":true,"href":"https:\/\/qtmm.org\/qt\/wp-json\/wp\/v2\/tags?post=31663"}],"curies":[{"name":"wp","href":"https:\/\/api.w.org\/{rel}","templated":true}]}}