




{"id":31643,"date":"2012-06-08T21:14:00","date_gmt":"2012-06-08T18:14:00","guid":{"rendered":"http:\/\/qtmm.org\/?p=31643"},"modified":"2022-01-21T21:16:07","modified_gmt":"2022-01-21T18:16:07","slug":"meclis-reisi-mustafa-cemilev-kanadanin-ukrainada-vefqulade-ve-toluvekaletli-elcisi-troy-lulasnik-ile-korusti","status":"publish","type":"post","link":"https:\/\/qtmm.org\/qt\/meclis-reisi-mustafa-cemilev-kanadanin-ukrainada-vefqulade-ve-toluvekaletli-elcisi-troy-lulasnik-ile-korusti\/","title":{"rendered":"Meclis reisi Mustafa Cemilev Kanadan\u0131\u00f1 Ukrainada Vefqulade ve Toluvek\u00e2letli El\u00e7isi Troy Lula\u015fnik ile k\u00f6r\u00fc\u015fti"},"content":{"rendered":"\n<p>Q\u0131r\u0131mtatar halq\u0131 Meclisini\u00f1 reisi Mustafa Cemilev Kanadan\u0131\u00f1 Ukrainada Vefqulade ve Toluvek\u00e2letli El\u00e7isi Troy Lula\u015fnik ile on\u0131\u00f1 Kiyevdeki qonut\u0131nda k\u00f6r\u00fc\u015fti.<\/p>\n\n\n\n<p>Kanada El\u00e7isi Troy Lula\u015fnik \u00f6z devletini\u00f1 Ukrainadaki vaqialar\u011fa b\u00fcy\u00fck mera\u011f\u0131n\u0131 qayd eterken, bu s\u0131rada q\u0131r\u0131mtatar halq\u0131n\u0131\u00f1 qaytuv\u0131 ve aqlar\u0131n\u0131\u00f1 tiklenilmesinen ba\u011fl\u0131 meselege ayr\u0131ca diqqat etkenlerini bildirdi. &#8220;\u00c7\u00fcnki Kanada \u00f6z memleketinde \u00e7oqmilletli bar\u0131\u015f\u0131ql\u0131 cemiyet ve b\u00fcy\u00fck ukrain diasporas\u0131n\u0131 \u015fekillendir\u00fcvde zengin tecribege maliktir&#8221;, &#8211; dedi El\u00e7i.<\/p>\n\n\n\n<p>\u00d6z nevbetinde Meclis reisi Kanada \u00fck\u00fcmeti ve halq\u0131na Ukrainada demokratik de\u00f1i\u015fmelerge ve q\u0131r\u0131mtatar halq\u0131n\u0131\u00f1 s\u00fcrg\u00fcnlik yerlerinden qaytmas\u0131na qoltutuv\u0131 i\u00e7\u00fcn te\u015fekk\u00fcr bildirdi. Taraflar memleketteki vaziyetni ve q\u0131r\u0131mtatarlarn\u0131\u00f1 esas meselelerini talil ettiler<\/p>\n\n\n\n<figure class=\"wp-block-image size-full\"><img loading=\"lazy\" decoding=\"async\" width=\"650\" height=\"449\" src=\"http:\/\/qtmm.org\/wp-content\/uploads\/2022\/01\/3_29.jpeg\" alt=\"\" class=\"wp-image-31652\" srcset=\"https:\/\/qtmm.org\/wp-content\/uploads\/2022\/01\/3_29.jpeg 650w, https:\/\/qtmm.org\/wp-content\/uploads\/2022\/01\/3_29-300x207.jpeg 300w\" sizes=\"auto, (max-width: 650px) 100vw, 650px\" \/><\/figure>\n\n\n\n<p>Mustafa Cemilev Kanada el\u00e7isine Ukraina parlamentinde &#8220;Milliy mens\u00fcpligine k\u00f6re s\u00fcrg\u00fcn etilgen \u015fah\u0131slarn\u0131\u00f1 aqlar\u0131n\u0131 \u011fayr\u0131dan tiklev aqq\u0131nda&#8221;ki Qanun leyhas\u0131 muzakeresi ve OSCE imayesinde S\u00fcrg\u00fcn etilgenlerni\u00f1 problemleri boyunca halqara forum\u011fa az\u0131rl\u0131qn\u0131\u00f1 keti\u015fat\u0131 aqq\u0131nda mal\u00fcmat berdi.<br>K\u00f6r\u00fc\u015f\u00fcv so\u00f1unda Kanada el\u00e7isi Troy Lula\u015fnik dialogn\u0131 devam ettirmek teklifinde bulund\u0131, Meclis reisi Mustafa Cemilev ise El\u00e7ini Q\u0131r\u0131mn\u0131 ziyaret etmege davet etti.<\/p>\n\n\n\n<p>K\u00f6r\u00fc\u015f\u00fcvde Kanada el\u00e7isini\u00f1 yard\u0131mc\u0131lar\u0131 Gregori Lemermayer ve \u0130rina Lavriv, bun\u0131\u00f1 kibi de Meclis reisi, Ukraina halq deputat\u0131n\u0131\u00f1 yard\u0131mc\u0131s\u0131 Aleksey Skorik i\u015ftirak ettiler.<\/p>\n\n\n\n<figure class=\"wp-block-image size-full\"><img loading=\"lazy\" decoding=\"async\" width=\"650\" height=\"730\" src=\"http:\/\/qtmm.org\/wp-content\/uploads\/2022\/01\/2_49.jpeg\" alt=\"\" class=\"wp-image-31657\" srcset=\"https:\/\/qtmm.org\/wp-content\/uploads\/2022\/01\/2_49.jpeg 650w, https:\/\/qtmm.org\/wp-content\/uploads\/2022\/01\/2_49-267x300.jpeg 267w\" sizes=\"auto, (max-width: 650px) 100vw, 650px\" \/><\/figure>\n","protected":false},"excerpt":{"rendered":"<p>Q\u0131r\u0131mtatar halq\u0131 Meclisini\u00f1 reisi Mustafa Cemilev Kanadan\u0131\u00f1 Ukrainada Vefqulade ve Toluvek\u00e2letli El\u00e7isi Troy Lula\u015fnik ile on\u0131\u00f1 Kiyevdeki qonut\u0131nda k\u00f6r\u00fc\u015fti. Kanada El\u00e7isi Troy Lula\u015fnik \u00f6z devletini\u00f1 Ukrainadaki vaqialar\u011fa b\u00fcy\u00fck mera\u011f\u0131n\u0131 qayd eterken, bu s\u0131rada q\u0131r\u0131mtatar halq\u0131n\u0131\u00f1 qaytuv\u0131 ve aqlar\u0131n\u0131\u00f1 tiklenilmesinen ba\u011fl\u0131 meselege ayr\u0131ca diqqat etkenlerini bildirdi. &#8220;\u00c7\u00fcnki Kanada \u00f6z memleketinde \u00e7oqmilletli bar\u0131\u015f\u0131ql\u0131 cemiyet ve b\u00fcy\u00fck ukrain [&hellip;]<\/p>\n","protected":false},"author":1,"featured_media":31648,"comment_status":"open","ping_status":"open","sticky":false,"template":"","format":"standard","meta":{"inline_featured_image":false,"footnotes":""},"categories":[265],"tags":[],"class_list":["post-31643","post","type-post","status-publish","format-standard","has-post-thumbnail","hentry","category-haberler"],"acf":[],"yoast_head":"<!-- This site is optimized with the Yoast SEO plugin v27.4 - https:\/\/yoast.com\/product\/yoast-seo-wordpress\/ -->\n<title>Meclis reisi Mustafa Cemilev Kanadan\u0131\u00f1 Ukrainada Vefqulade ve Toluvek\u00e2letli El\u00e7isi Troy Lula\u015fnik ile k\u00f6r\u00fc\u015fti - \u041c\u0435\u0434\u0436\u043b\u0456\u0441<\/title>\n<meta name=\"robots\" content=\"index, follow, max-snippet:-1, max-image-preview:large, max-video-preview:-1\" \/>\n<link rel=\"canonical\" href=\"https:\/\/qtmm.org\/qt\/meclis-reisi-mustafa-cemilev-kanadanin-ukrainada-vefqulade-ve-toluvekaletli-elcisi-troy-lulasnik-ile-korusti\/\" \/>\n<meta property=\"og:locale\" content=\"en_US\" \/>\n<meta property=\"og:type\" content=\"article\" \/>\n<meta property=\"og:title\" content=\"Meclis reisi Mustafa Cemilev Kanadan\u0131\u00f1 Ukrainada Vefqulade ve Toluvek\u00e2letli El\u00e7isi Troy Lula\u015fnik ile k\u00f6r\u00fc\u015fti - \u041c\u0435\u0434\u0436\u043b\u0456\u0441\" \/>\n<meta property=\"og:description\" content=\"Q\u0131r\u0131mtatar halq\u0131 Meclisini\u00f1 reisi Mustafa Cemilev Kanadan\u0131\u00f1 Ukrainada Vefqulade ve Toluvek\u00e2letli El\u00e7isi Troy Lula\u015fnik ile on\u0131\u00f1 Kiyevdeki qonut\u0131nda k\u00f6r\u00fc\u015fti. Kanada El\u00e7isi Troy Lula\u015fnik \u00f6z devletini\u00f1 Ukrainadaki vaqialar\u011fa b\u00fcy\u00fck mera\u011f\u0131n\u0131 qayd eterken, bu s\u0131rada q\u0131r\u0131mtatar halq\u0131n\u0131\u00f1 qaytuv\u0131 ve aqlar\u0131n\u0131\u00f1 tiklenilmesinen ba\u011fl\u0131 meselege ayr\u0131ca diqqat etkenlerini bildirdi. &#8220;\u00c7\u00fcnki Kanada \u00f6z memleketinde \u00e7oqmilletli bar\u0131\u015f\u0131ql\u0131 cemiyet ve b\u00fcy\u00fck ukrain [&hellip;]\" \/>\n<meta property=\"og:url\" content=\"https:\/\/qtmm.org\/qt\/meclis-reisi-mustafa-cemilev-kanadanin-ukrainada-vefqulade-ve-toluvekaletli-elcisi-troy-lulasnik-ile-korusti\/\" \/>\n<meta property=\"og:site_name\" content=\"\u041c\u0435\u0434\u0436\u043b\u0456\u0441\" \/>\n<meta property=\"article:publisher\" content=\"https:\/\/www.facebook.com\/qtmm.info\/\" \/>\n<meta property=\"article:published_time\" content=\"2012-06-08T18:14:00+00:00\" \/>\n<meta property=\"article:modified_time\" content=\"2022-01-21T18:16:07+00:00\" \/>\n<meta property=\"og:image\" content=\"https:\/\/qtmm.org\/wp-content\/uploads\/2022\/01\/1_47.jpeg\" \/>\n\t<meta property=\"og:image:width\" content=\"650\" \/>\n\t<meta property=\"og:image:height\" content=\"450\" \/>\n\t<meta property=\"og:image:type\" content=\"image\/jpeg\" \/>\n<meta name=\"author\" content=\"Developer\" \/>\n<meta name=\"twitter:card\" content=\"summary_large_image\" \/>\n<meta name=\"twitter:label1\" content=\"Written by\" \/>\n\t<meta name=\"twitter:data1\" content=\"Developer\" \/>\n\t<meta name=\"twitter:label2\" content=\"Est. reading time\" \/>\n\t<meta name=\"twitter:data2\" content=\"1 minute\" \/>\n<script type=\"application\/ld+json\" class=\"yoast-schema-graph\">{\"@context\":\"https:\\\/\\\/schema.org\",\"@graph\":[{\"@type\":\"Article\",\"@id\":\"https:\\\/\\\/qtmm.org\\\/qt\\\/meclis-reisi-mustafa-cemilev-kanadanin-ukrainada-vefqulade-ve-toluvekaletli-elcisi-troy-lulasnik-ile-korusti\\\/#article\",\"isPartOf\":{\"@id\":\"https:\\\/\\\/qtmm.org\\\/qt\\\/meclis-reisi-mustafa-cemilev-kanadanin-ukrainada-vefqulade-ve-toluvekaletli-elcisi-troy-lulasnik-ile-korusti\\\/\"},\"author\":{\"name\":\"Developer\",\"@id\":\"https:\\\/\\\/qtmm.org\\\/qt\\\/#\\\/schema\\\/person\\\/de562469f971dec226ac06e60bbf74a7\"},\"headline\":\"Meclis reisi Mustafa Cemilev Kanadan\u0131\u00f1 Ukrainada Vefqulade ve Toluvek\u00e2letli El\u00e7isi Troy Lula\u015fnik ile k\u00f6r\u00fc\u015fti\",\"datePublished\":\"2012-06-08T18:14:00+00:00\",\"dateModified\":\"2022-01-21T18:16:07+00:00\",\"mainEntityOfPage\":{\"@id\":\"https:\\\/\\\/qtmm.org\\\/qt\\\/meclis-reisi-mustafa-cemilev-kanadanin-ukrainada-vefqulade-ve-toluvekaletli-elcisi-troy-lulasnik-ile-korusti\\\/\"},\"wordCount\":266,\"commentCount\":0,\"publisher\":{\"@id\":\"https:\\\/\\\/qtmm.org\\\/qt\\\/#organization\"},\"image\":{\"@id\":\"https:\\\/\\\/qtmm.org\\\/qt\\\/meclis-reisi-mustafa-cemilev-kanadanin-ukrainada-vefqulade-ve-toluvekaletli-elcisi-troy-lulasnik-ile-korusti\\\/#primaryimage\"},\"thumbnailUrl\":\"https:\\\/\\\/qtmm.org\\\/wp-content\\\/uploads\\\/2022\\\/01\\\/1_47.jpeg\",\"articleSection\":[\"Haberler\"],\"inLanguage\":\"qt\",\"potentialAction\":[{\"@type\":\"CommentAction\",\"name\":\"Comment\",\"target\":[\"https:\\\/\\\/qtmm.org\\\/qt\\\/meclis-reisi-mustafa-cemilev-kanadanin-ukrainada-vefqulade-ve-toluvekaletli-elcisi-troy-lulasnik-ile-korusti\\\/#respond\"]}]},{\"@type\":\"WebPage\",\"@id\":\"https:\\\/\\\/qtmm.org\\\/qt\\\/meclis-reisi-mustafa-cemilev-kanadanin-ukrainada-vefqulade-ve-toluvekaletli-elcisi-troy-lulasnik-ile-korusti\\\/\",\"url\":\"https:\\\/\\\/qtmm.org\\\/qt\\\/meclis-reisi-mustafa-cemilev-kanadanin-ukrainada-vefqulade-ve-toluvekaletli-elcisi-troy-lulasnik-ile-korusti\\\/\",\"name\":\"Meclis reisi Mustafa Cemilev Kanadan\u0131\u00f1 Ukrainada Vefqulade ve Toluvek\u00e2letli El\u00e7isi Troy Lula\u015fnik ile k\u00f6r\u00fc\u015fti - \u041c\u0435\u0434\u0436\u043b\u0456\u0441\",\"isPartOf\":{\"@id\":\"https:\\\/\\\/qtmm.org\\\/qt\\\/#website\"},\"primaryImageOfPage\":{\"@id\":\"https:\\\/\\\/qtmm.org\\\/qt\\\/meclis-reisi-mustafa-cemilev-kanadanin-ukrainada-vefqulade-ve-toluvekaletli-elcisi-troy-lulasnik-ile-korusti\\\/#primaryimage\"},\"image\":{\"@id\":\"https:\\\/\\\/qtmm.org\\\/qt\\\/meclis-reisi-mustafa-cemilev-kanadanin-ukrainada-vefqulade-ve-toluvekaletli-elcisi-troy-lulasnik-ile-korusti\\\/#primaryimage\"},\"thumbnailUrl\":\"https:\\\/\\\/qtmm.org\\\/wp-content\\\/uploads\\\/2022\\\/01\\\/1_47.jpeg\",\"datePublished\":\"2012-06-08T18:14:00+00:00\",\"dateModified\":\"2022-01-21T18:16:07+00:00\",\"breadcrumb\":{\"@id\":\"https:\\\/\\\/qtmm.org\\\/qt\\\/meclis-reisi-mustafa-cemilev-kanadanin-ukrainada-vefqulade-ve-toluvekaletli-elcisi-troy-lulasnik-ile-korusti\\\/#breadcrumb\"},\"inLanguage\":\"qt\",\"potentialAction\":[{\"@type\":\"ReadAction\",\"target\":[\"https:\\\/\\\/qtmm.org\\\/qt\\\/meclis-reisi-mustafa-cemilev-kanadanin-ukrainada-vefqulade-ve-toluvekaletli-elcisi-troy-lulasnik-ile-korusti\\\/\"]}]},{\"@type\":\"ImageObject\",\"inLanguage\":\"qt\",\"@id\":\"https:\\\/\\\/qtmm.org\\\/qt\\\/meclis-reisi-mustafa-cemilev-kanadanin-ukrainada-vefqulade-ve-toluvekaletli-elcisi-troy-lulasnik-ile-korusti\\\/#primaryimage\",\"url\":\"https:\\\/\\\/qtmm.org\\\/wp-content\\\/uploads\\\/2022\\\/01\\\/1_47.jpeg\",\"contentUrl\":\"https:\\\/\\\/qtmm.org\\\/wp-content\\\/uploads\\\/2022\\\/01\\\/1_47.jpeg\",\"width\":650,\"height\":450},{\"@type\":\"BreadcrumbList\",\"@id\":\"https:\\\/\\\/qtmm.org\\\/qt\\\/meclis-reisi-mustafa-cemilev-kanadanin-ukrainada-vefqulade-ve-toluvekaletli-elcisi-troy-lulasnik-ile-korusti\\\/#breadcrumb\",\"itemListElement\":[{\"@type\":\"ListItem\",\"position\":1,\"name\":\"\u0413\u043e\u043b\u043e\u0432\u043d\u0430\",\"item\":\"https:\\\/\\\/qtmm.org\\\/qt\\\/\"},{\"@type\":\"ListItem\",\"position\":2,\"name\":\"Meclis reisi Mustafa Cemilev Kanadan\u0131\u00f1 Ukrainada Vefqulade ve Toluvek\u00e2letli El\u00e7isi Troy Lula\u015fnik ile k\u00f6r\u00fc\u015fti\"}]},{\"@type\":\"WebSite\",\"@id\":\"https:\\\/\\\/qtmm.org\\\/qt\\\/#website\",\"url\":\"https:\\\/\\\/qtmm.org\\\/qt\\\/\",\"name\":\"\u041c\u0435\u0434\u0436\u043b\u0456\u0441\",\"description\":\"\",\"publisher\":{\"@id\":\"https:\\\/\\\/qtmm.org\\\/qt\\\/#organization\"},\"potentialAction\":[{\"@type\":\"SearchAction\",\"target\":{\"@type\":\"EntryPoint\",\"urlTemplate\":\"https:\\\/\\\/qtmm.org\\\/qt\\\/?s={search_term_string}\"},\"query-input\":{\"@type\":\"PropertyValueSpecification\",\"valueRequired\":true,\"valueName\":\"search_term_string\"}}],\"inLanguage\":\"qt\"},{\"@type\":\"Organization\",\"@id\":\"https:\\\/\\\/qtmm.org\\\/qt\\\/#organization\",\"name\":\"\u041c\u0435\u0434\u0436\u043b\u0456\u0441\",\"url\":\"https:\\\/\\\/qtmm.org\\\/qt\\\/\",\"logo\":{\"@type\":\"ImageObject\",\"inLanguage\":\"qt\",\"@id\":\"https:\\\/\\\/qtmm.org\\\/qt\\\/#\\\/schema\\\/logo\\\/image\\\/\",\"url\":\"https:\\\/\\\/qtmm.org\\\/wp-content\\\/uploads\\\/2024\\\/12\\\/ua-mejlis-logo-rgb.svg\",\"contentUrl\":\"https:\\\/\\\/qtmm.org\\\/wp-content\\\/uploads\\\/2024\\\/12\\\/ua-mejlis-logo-rgb.svg\",\"caption\":\"\u041c\u0435\u0434\u0436\u043b\u0456\u0441\"},\"image\":{\"@id\":\"https:\\\/\\\/qtmm.org\\\/qt\\\/#\\\/schema\\\/logo\\\/image\\\/\"},\"sameAs\":[\"https:\\\/\\\/www.facebook.com\\\/qtmm.info\\\/\"]},{\"@type\":\"Person\",\"@id\":\"https:\\\/\\\/qtmm.org\\\/qt\\\/#\\\/schema\\\/person\\\/de562469f971dec226ac06e60bbf74a7\",\"name\":\"Developer\",\"image\":{\"@type\":\"ImageObject\",\"inLanguage\":\"qt\",\"@id\":\"https:\\\/\\\/secure.gravatar.com\\\/avatar\\\/392b4cc8fbfeb00b39dfeeab4ee6edded39ffd48e25858637e4765810300227e?s=96&d=mm&r=g\",\"url\":\"https:\\\/\\\/secure.gravatar.com\\\/avatar\\\/392b4cc8fbfeb00b39dfeeab4ee6edded39ffd48e25858637e4765810300227e?s=96&d=mm&r=g\",\"contentUrl\":\"https:\\\/\\\/secure.gravatar.com\\\/avatar\\\/392b4cc8fbfeb00b39dfeeab4ee6edded39ffd48e25858637e4765810300227e?s=96&d=mm&r=g\",\"caption\":\"Developer\"},\"url\":\"https:\\\/\\\/qtmm.org\\\/qt\\\/author\\\/Developer\\\/\"}]}<\/script>\n<!-- \/ Yoast SEO plugin. -->","yoast_head_json":{"title":"Meclis reisi Mustafa Cemilev Kanadan\u0131\u00f1 Ukrainada Vefqulade ve Toluvek\u00e2letli El\u00e7isi Troy Lula\u015fnik ile k\u00f6r\u00fc\u015fti - \u041c\u0435\u0434\u0436\u043b\u0456\u0441","robots":{"index":"index","follow":"follow","max-snippet":"max-snippet:-1","max-image-preview":"max-image-preview:large","max-video-preview":"max-video-preview:-1"},"canonical":"https:\/\/qtmm.org\/qt\/meclis-reisi-mustafa-cemilev-kanadanin-ukrainada-vefqulade-ve-toluvekaletli-elcisi-troy-lulasnik-ile-korusti\/","og_locale":"en_US","og_type":"article","og_title":"Meclis reisi Mustafa Cemilev Kanadan\u0131\u00f1 Ukrainada Vefqulade ve Toluvek\u00e2letli El\u00e7isi Troy Lula\u015fnik ile k\u00f6r\u00fc\u015fti - \u041c\u0435\u0434\u0436\u043b\u0456\u0441","og_description":"Q\u0131r\u0131mtatar halq\u0131 Meclisini\u00f1 reisi Mustafa Cemilev Kanadan\u0131\u00f1 Ukrainada Vefqulade ve Toluvek\u00e2letli El\u00e7isi Troy Lula\u015fnik ile on\u0131\u00f1 Kiyevdeki qonut\u0131nda k\u00f6r\u00fc\u015fti. Kanada El\u00e7isi Troy Lula\u015fnik \u00f6z devletini\u00f1 Ukrainadaki vaqialar\u011fa b\u00fcy\u00fck mera\u011f\u0131n\u0131 qayd eterken, bu s\u0131rada q\u0131r\u0131mtatar halq\u0131n\u0131\u00f1 qaytuv\u0131 ve aqlar\u0131n\u0131\u00f1 tiklenilmesinen ba\u011fl\u0131 meselege ayr\u0131ca diqqat etkenlerini bildirdi. &#8220;\u00c7\u00fcnki Kanada \u00f6z memleketinde \u00e7oqmilletli bar\u0131\u015f\u0131ql\u0131 cemiyet ve b\u00fcy\u00fck ukrain [&hellip;]","og_url":"https:\/\/qtmm.org\/qt\/meclis-reisi-mustafa-cemilev-kanadanin-ukrainada-vefqulade-ve-toluvekaletli-elcisi-troy-lulasnik-ile-korusti\/","og_site_name":"\u041c\u0435\u0434\u0436\u043b\u0456\u0441","article_publisher":"https:\/\/www.facebook.com\/qtmm.info\/","article_published_time":"2012-06-08T18:14:00+00:00","article_modified_time":"2022-01-21T18:16:07+00:00","og_image":[{"width":650,"height":450,"url":"https:\/\/qtmm.org\/wp-content\/uploads\/2022\/01\/1_47.jpeg","type":"image\/jpeg"}],"author":"Developer","twitter_card":"summary_large_image","twitter_misc":{"Written by":"Developer","Est. reading time":"1 minute"},"schema":{"@context":"https:\/\/schema.org","@graph":[{"@type":"Article","@id":"https:\/\/qtmm.org\/qt\/meclis-reisi-mustafa-cemilev-kanadanin-ukrainada-vefqulade-ve-toluvekaletli-elcisi-troy-lulasnik-ile-korusti\/#article","isPartOf":{"@id":"https:\/\/qtmm.org\/qt\/meclis-reisi-mustafa-cemilev-kanadanin-ukrainada-vefqulade-ve-toluvekaletli-elcisi-troy-lulasnik-ile-korusti\/"},"author":{"name":"Developer","@id":"https:\/\/qtmm.org\/qt\/#\/schema\/person\/de562469f971dec226ac06e60bbf74a7"},"headline":"Meclis reisi Mustafa Cemilev Kanadan\u0131\u00f1 Ukrainada Vefqulade ve Toluvek\u00e2letli El\u00e7isi Troy Lula\u015fnik ile k\u00f6r\u00fc\u015fti","datePublished":"2012-06-08T18:14:00+00:00","dateModified":"2022-01-21T18:16:07+00:00","mainEntityOfPage":{"@id":"https:\/\/qtmm.org\/qt\/meclis-reisi-mustafa-cemilev-kanadanin-ukrainada-vefqulade-ve-toluvekaletli-elcisi-troy-lulasnik-ile-korusti\/"},"wordCount":266,"commentCount":0,"publisher":{"@id":"https:\/\/qtmm.org\/qt\/#organization"},"image":{"@id":"https:\/\/qtmm.org\/qt\/meclis-reisi-mustafa-cemilev-kanadanin-ukrainada-vefqulade-ve-toluvekaletli-elcisi-troy-lulasnik-ile-korusti\/#primaryimage"},"thumbnailUrl":"https:\/\/qtmm.org\/wp-content\/uploads\/2022\/01\/1_47.jpeg","articleSection":["Haberler"],"inLanguage":"qt","potentialAction":[{"@type":"CommentAction","name":"Comment","target":["https:\/\/qtmm.org\/qt\/meclis-reisi-mustafa-cemilev-kanadanin-ukrainada-vefqulade-ve-toluvekaletli-elcisi-troy-lulasnik-ile-korusti\/#respond"]}]},{"@type":"WebPage","@id":"https:\/\/qtmm.org\/qt\/meclis-reisi-mustafa-cemilev-kanadanin-ukrainada-vefqulade-ve-toluvekaletli-elcisi-troy-lulasnik-ile-korusti\/","url":"https:\/\/qtmm.org\/qt\/meclis-reisi-mustafa-cemilev-kanadanin-ukrainada-vefqulade-ve-toluvekaletli-elcisi-troy-lulasnik-ile-korusti\/","name":"Meclis reisi Mustafa Cemilev Kanadan\u0131\u00f1 Ukrainada Vefqulade ve Toluvek\u00e2letli El\u00e7isi Troy Lula\u015fnik ile k\u00f6r\u00fc\u015fti - \u041c\u0435\u0434\u0436\u043b\u0456\u0441","isPartOf":{"@id":"https:\/\/qtmm.org\/qt\/#website"},"primaryImageOfPage":{"@id":"https:\/\/qtmm.org\/qt\/meclis-reisi-mustafa-cemilev-kanadanin-ukrainada-vefqulade-ve-toluvekaletli-elcisi-troy-lulasnik-ile-korusti\/#primaryimage"},"image":{"@id":"https:\/\/qtmm.org\/qt\/meclis-reisi-mustafa-cemilev-kanadanin-ukrainada-vefqulade-ve-toluvekaletli-elcisi-troy-lulasnik-ile-korusti\/#primaryimage"},"thumbnailUrl":"https:\/\/qtmm.org\/wp-content\/uploads\/2022\/01\/1_47.jpeg","datePublished":"2012-06-08T18:14:00+00:00","dateModified":"2022-01-21T18:16:07+00:00","breadcrumb":{"@id":"https:\/\/qtmm.org\/qt\/meclis-reisi-mustafa-cemilev-kanadanin-ukrainada-vefqulade-ve-toluvekaletli-elcisi-troy-lulasnik-ile-korusti\/#breadcrumb"},"inLanguage":"qt","potentialAction":[{"@type":"ReadAction","target":["https:\/\/qtmm.org\/qt\/meclis-reisi-mustafa-cemilev-kanadanin-ukrainada-vefqulade-ve-toluvekaletli-elcisi-troy-lulasnik-ile-korusti\/"]}]},{"@type":"ImageObject","inLanguage":"qt","@id":"https:\/\/qtmm.org\/qt\/meclis-reisi-mustafa-cemilev-kanadanin-ukrainada-vefqulade-ve-toluvekaletli-elcisi-troy-lulasnik-ile-korusti\/#primaryimage","url":"https:\/\/qtmm.org\/wp-content\/uploads\/2022\/01\/1_47.jpeg","contentUrl":"https:\/\/qtmm.org\/wp-content\/uploads\/2022\/01\/1_47.jpeg","width":650,"height":450},{"@type":"BreadcrumbList","@id":"https:\/\/qtmm.org\/qt\/meclis-reisi-mustafa-cemilev-kanadanin-ukrainada-vefqulade-ve-toluvekaletli-elcisi-troy-lulasnik-ile-korusti\/#breadcrumb","itemListElement":[{"@type":"ListItem","position":1,"name":"\u0413\u043e\u043b\u043e\u0432\u043d\u0430","item":"https:\/\/qtmm.org\/qt\/"},{"@type":"ListItem","position":2,"name":"Meclis reisi Mustafa Cemilev Kanadan\u0131\u00f1 Ukrainada Vefqulade ve Toluvek\u00e2letli El\u00e7isi Troy Lula\u015fnik ile k\u00f6r\u00fc\u015fti"}]},{"@type":"WebSite","@id":"https:\/\/qtmm.org\/qt\/#website","url":"https:\/\/qtmm.org\/qt\/","name":"\u041c\u0435\u0434\u0436\u043b\u0456\u0441","description":"","publisher":{"@id":"https:\/\/qtmm.org\/qt\/#organization"},"potentialAction":[{"@type":"SearchAction","target":{"@type":"EntryPoint","urlTemplate":"https:\/\/qtmm.org\/qt\/?s={search_term_string}"},"query-input":{"@type":"PropertyValueSpecification","valueRequired":true,"valueName":"search_term_string"}}],"inLanguage":"qt"},{"@type":"Organization","@id":"https:\/\/qtmm.org\/qt\/#organization","name":"\u041c\u0435\u0434\u0436\u043b\u0456\u0441","url":"https:\/\/qtmm.org\/qt\/","logo":{"@type":"ImageObject","inLanguage":"qt","@id":"https:\/\/qtmm.org\/qt\/#\/schema\/logo\/image\/","url":"https:\/\/qtmm.org\/wp-content\/uploads\/2024\/12\/ua-mejlis-logo-rgb.svg","contentUrl":"https:\/\/qtmm.org\/wp-content\/uploads\/2024\/12\/ua-mejlis-logo-rgb.svg","caption":"\u041c\u0435\u0434\u0436\u043b\u0456\u0441"},"image":{"@id":"https:\/\/qtmm.org\/qt\/#\/schema\/logo\/image\/"},"sameAs":["https:\/\/www.facebook.com\/qtmm.info\/"]},{"@type":"Person","@id":"https:\/\/qtmm.org\/qt\/#\/schema\/person\/de562469f971dec226ac06e60bbf74a7","name":"Developer","image":{"@type":"ImageObject","inLanguage":"qt","@id":"https:\/\/secure.gravatar.com\/avatar\/392b4cc8fbfeb00b39dfeeab4ee6edded39ffd48e25858637e4765810300227e?s=96&d=mm&r=g","url":"https:\/\/secure.gravatar.com\/avatar\/392b4cc8fbfeb00b39dfeeab4ee6edded39ffd48e25858637e4765810300227e?s=96&d=mm&r=g","contentUrl":"https:\/\/secure.gravatar.com\/avatar\/392b4cc8fbfeb00b39dfeeab4ee6edded39ffd48e25858637e4765810300227e?s=96&d=mm&r=g","caption":"Developer"},"url":"https:\/\/qtmm.org\/qt\/author\/Developer\/"}]}},"_links":{"self":[{"href":"https:\/\/qtmm.org\/qt\/wp-json\/wp\/v2\/posts\/31643","targetHints":{"allow":["GET"]}}],"collection":[{"href":"https:\/\/qtmm.org\/qt\/wp-json\/wp\/v2\/posts"}],"about":[{"href":"https:\/\/qtmm.org\/qt\/wp-json\/wp\/v2\/types\/post"}],"author":[{"embeddable":true,"href":"https:\/\/qtmm.org\/qt\/wp-json\/wp\/v2\/users\/1"}],"replies":[{"embeddable":true,"href":"https:\/\/qtmm.org\/qt\/wp-json\/wp\/v2\/comments?post=31643"}],"version-history":[{"count":1,"href":"https:\/\/qtmm.org\/qt\/wp-json\/wp\/v2\/posts\/31643\/revisions"}],"predecessor-version":[{"id":31662,"href":"https:\/\/qtmm.org\/qt\/wp-json\/wp\/v2\/posts\/31643\/revisions\/31662"}],"wp:featuredmedia":[{"embeddable":true,"href":"https:\/\/qtmm.org\/qt\/wp-json\/wp\/v2\/media\/31648"}],"wp:attachment":[{"href":"https:\/\/qtmm.org\/qt\/wp-json\/wp\/v2\/media?parent=31643"}],"wp:term":[{"taxonomy":"category","embeddable":true,"href":"https:\/\/qtmm.org\/qt\/wp-json\/wp\/v2\/categories?post=31643"},{"taxonomy":"post_tag","embeddable":true,"href":"https:\/\/qtmm.org\/qt\/wp-json\/wp\/v2\/tags?post=31643"}],"curies":[{"name":"wp","href":"https:\/\/api.w.org\/{rel}","templated":true}]}}