




{"id":31637,"date":"2012-06-07T21:14:00","date_gmt":"2012-06-07T18:14:00","guid":{"rendered":"http:\/\/qtmm.org\/?p=31637"},"modified":"2022-01-21T21:14:43","modified_gmt":"2022-01-21T18:14:43","slug":"meclis-reisi-mustafa-cemilevnin-kommunizm-cinayetlerinin-aqibeti-yoq-etilmeli-halqara-konferentsiya-istirakcilerini-selamlavi","status":"publish","type":"post","link":"https:\/\/qtmm.org\/qt\/meclis-reisi-mustafa-cemilevnin-kommunizm-cinayetlerinin-aqibeti-yoq-etilmeli-halqara-konferentsiya-istirakcilerini-selamlavi\/","title":{"rendered":"Meclis reisi Mustafa Cemilevni\u00f1 \u00abKommunizm cinayetlerini\u00f1 aqibeti yoq etilmeli\u00bb Halqara konferentsiya i\u015ftirak\u00e7ilerini sel\u00e2mlav\u0131"},"content":{"rendered":"\n<p class=\"has-text-align-center\"><strong>&#8220;Kommunizm cinayetlerini\u00f1 aqibetleri yoq etilmeli&#8221;<br>Halqara konferentsiyas\u0131n\u0131\u00f1 i\u015ftirak\u00e7ilerine!<\/strong><\/p>\n\n\n\n<p class=\"has-text-align-center\"><em><strong>Say\u011f\u0131l\u0131 han\u0131mlar ve cenaplar!<\/strong><\/em><\/p>\n\n\n\n<p>Bug\u00fcn Ukraina parlamentinde bulunma\u011fa mecbur ol\u011fan\u0131m sebebinden &#8220;Kommunizm cinayetlerini\u00f1 aqibetleri yoq etilmeli&#8221; halqara konferentsiyada i\u015ftirak etip olamay\u0131m.<\/p>\n\n\n\n<p>Belli ki, 68 y\u0131l evelsi 1944 senesi may\u0131s 18-de Q\u0131r\u0131m topra\u011f\u0131nda insanl\u0131qqa qar\u015f\u0131 cinayet yap\u0131ld\u0131. On\u0131\u00f1 maqsad\u0131 Q\u0131r\u0131mn\u0131\u00f1 tam\u0131r halq\u0131 ve insaniyetni\u00f1 \u00f6zg\u00fcn halqlar\u0131ndan biri ol\u011fan q\u0131r\u0131mtatar halq\u0131n\u0131 yoq etmek edi. Q\u0131r\u0131mtatar halq\u0131n\u0131\u00f1 \u00f6z topra\u011f\u0131ndan s\u00fcrg\u00fcn etilmesini\u00f1 ve HH as\u0131rn\u0131\u00f1 80-nci y\u0131llar\u0131n\u0131\u00f1 so\u00f1unace \u011furbet illerde zorluqnen tutul\u011fan\u0131n\u0131\u00f1 facial\u0131 aqibetleri al\u00e2 bug\u00fcnge qadar yoq etilmedi.<\/p>\n\n\n\n<p>Halq daa tolus\u0131nen qaytmad\u0131, on bi\u00f1lernen q\u0131r\u0131mtatarlar s\u00fcrg\u00fcnlik yerlerinde ya\u015famaq zorundalar. Nice me\u015faqtlar ve \u011fay\u0131plar esab\u0131na \u00f6z yurtuna qaytqan 260 bi\u00f1 q\u0131r\u0131mtatarlarn\u0131\u00f1 \u00e7oqus\u0131 ise aileleri i\u00e7\u00fcn i\u00e7 bir t\u00fcrl\u00fc \u015farait yarat\u0131p olamaylar. Mustaqilligini\u00f1 il\u00e2n etilgeninden yigirmi y\u0131ldan ziyade vaq\u0131t ke\u00e7tigi Ukraina q\u0131r\u0131mtatar halq\u0131n\u0131\u00f1 aqlar\u0131n\u0131 \u011fayr\u0131dan tiklenmesi, \u00f6z do\u011f\u011fan topra\u011f\u0131nda pekinmesi ve inki\u015faf etmesini teminlegen i\u00e7 bir qanunn\u0131 qabul etmedi. L\u00e2kin q\u0131r\u0131mtatar halq\u0131 zorbal\u0131qs\u0131z k\u00fcre\u015f printsiplerine sad\u0131q ol\u011fan\u0131 alda ukrain cemiyetini\u00f1 demokratik k\u00fc\u00e7lerine bazanaraq, Q\u0131r\u0131mn\u0131\u00f1 tam\u0131r halq\u0131n\u0131\u00f1 aqlar\u0131 da temin etilgen mustaqil Ukrainan\u0131\u00f1 demokratik inki\u015faf\u0131 ve adalet tiklenmesi i\u00e7\u00fcn k\u00fcre\u015flerini devam etmege az\u0131rlar.<\/p>\n\n\n\n<p>Q\u0131r\u0131mtatar halq\u0131n\u0131ye\u00f1 Meclisi \u00c7ehiya Cumhuriyeti \u00fck\u00fcmet k\u00e2tipligi Totalitar rejimleri ara\u015ft\u0131rma institut\u0131nen birlikteki te\u015febb\u00fcsi boyunca 2011 senesi k\u00fczde meydan\u011fa ketirilgen ve Avropa parlamenti taraf\u0131ndan maqullengen &#8220;Avropa hat\u0131ra ve vicdan platformas\u0131&#8221;na qoltuta. Bu, Avropa halqlar\u0131 HH as\u0131rda yap\u0131l\u011fan totalitar rejim aqibetlerini ye\u00f1mege ve olarn\u0131\u00f1 kelecekte tekrarlanmas\u0131na yol qoymayca\u011f\u0131na az\u0131rl\u0131\u011f\u0131ndan del\u00e2let bere. Halqara konferentsiyas\u0131n\u0131\u00f1 k\u00fcn tertibine qoyul\u011fan meselelerden biri &#8211; &#8220;Kommunizm cinayetleri. Neden Avropa er kesten \u00e7oq yapmaq borclu?&#8221; meselesini ziyade taqdirleyim.<\/p>\n\n\n\n<p>Ukrainadaki vaziyetke ve q\u0131r\u0131mtatar halq\u0131n\u0131\u00f1 bug\u00fcnki al\u0131na dair \u015fun\u0131 aytmaq isteyim ki, faqat halqara cemiyet, ilk evel\u00e2 yigirminci as\u0131rda halqlarn\u0131\u00f1 s\u00fcrg\u00fcnligi ve soyq\u0131r\u0131m\u0131n\u0131 ketirgen natsizm ve stalin rejimlerini ya\u015fa\u011fan, cenk cinayetleri ve insanl\u0131qqa qar\u015f\u0131 cinayetlerden zarar k\u00f6rgen Avropa devletleri birle\u015fip, Ukraina\u011fa \u015fu cinayetlerni\u00f1 aqibetlerini ye\u00f1mege yani q\u0131r\u0131mtatar halq\u0131n\u0131\u00f1 \u00f6z topra\u011f\u0131nda aqlar\u0131n\u0131 \u011fayr\u0131dan tiklemege ve serbest inki\u015faf etmesinde yard\u0131m etecek konkret \u00e7are-tedbirlerni almaq imk\u00e2n\u0131n\u0131 berir.<\/p>\n\n\n\n<p>Faaliyeti\u00f1izge teren say\u011f\u0131-\u00fcrmetimni ifade etkenim alda, mahsuldar \u00e7al\u0131\u015fma\u00f1\u0131zda ba\u015far\u0131lar tileyim.<\/p>\n\n\n\n<p class=\"has-text-align-right\"><strong>Mustafa Cemilev, Q\u0131r\u0131mtatar halq\u0131 Meclisini\u00f1<br>Reisi, Ukraina halq deputat\u0131.<\/strong><br>&nbsp;<\/p>\n","protected":false},"excerpt":{"rendered":"<p>&#8220;Kommunizm cinayetlerini\u00f1 aqibetleri yoq etilmeli&#8221;Halqara konferentsiyas\u0131n\u0131\u00f1 i\u015ftirak\u00e7ilerine! Say\u011f\u0131l\u0131 han\u0131mlar ve cenaplar! Bug\u00fcn Ukraina parlamentinde bulunma\u011fa mecbur ol\u011fan\u0131m sebebinden &#8220;Kommunizm cinayetlerini\u00f1 aqibetleri yoq etilmeli&#8221; halqara konferentsiyada i\u015ftirak etip olamay\u0131m. Belli ki, 68 y\u0131l evelsi 1944 senesi may\u0131s 18-de Q\u0131r\u0131m topra\u011f\u0131nda insanl\u0131qqa qar\u015f\u0131 cinayet yap\u0131ld\u0131. On\u0131\u00f1 maqsad\u0131 Q\u0131r\u0131mn\u0131\u00f1 tam\u0131r halq\u0131 ve insaniyetni\u00f1 \u00f6zg\u00fcn halqlar\u0131ndan biri ol\u011fan q\u0131r\u0131mtatar [&hellip;]<\/p>\n","protected":false},"author":1,"featured_media":0,"comment_status":"open","ping_status":"open","sticky":false,"template":"","format":"standard","meta":{"inline_featured_image":false,"footnotes":""},"categories":[265],"tags":[],"class_list":["post-31637","post","type-post","status-publish","format-standard","hentry","category-haberler"],"acf":[],"yoast_head":"<!-- This site is optimized with the Yoast SEO plugin v27.4 - https:\/\/yoast.com\/product\/yoast-seo-wordpress\/ -->\n<title>Meclis reisi Mustafa Cemilevni\u00f1 \u00abKommunizm cinayetlerini\u00f1 aqibeti yoq etilmeli\u00bb Halqara konferentsiya i\u015ftirak\u00e7ilerini sel\u00e2mlav\u0131 - \u041c\u0435\u0434\u0436\u043b\u0456\u0441<\/title>\n<meta name=\"robots\" content=\"index, follow, max-snippet:-1, max-image-preview:large, max-video-preview:-1\" \/>\n<link rel=\"canonical\" href=\"https:\/\/qtmm.org\/qt\/meclis-reisi-mustafa-cemilevnin-kommunizm-cinayetlerinin-aqibeti-yoq-etilmeli-halqara-konferentsiya-istirakcilerini-selamlavi\/\" \/>\n<meta property=\"og:locale\" content=\"en_US\" \/>\n<meta property=\"og:type\" content=\"article\" \/>\n<meta property=\"og:title\" content=\"Meclis reisi Mustafa Cemilevni\u00f1 \u00abKommunizm cinayetlerini\u00f1 aqibeti yoq etilmeli\u00bb Halqara konferentsiya i\u015ftirak\u00e7ilerini sel\u00e2mlav\u0131 - \u041c\u0435\u0434\u0436\u043b\u0456\u0441\" \/>\n<meta property=\"og:description\" content=\"&#8220;Kommunizm cinayetlerini\u00f1 aqibetleri yoq etilmeli&#8221;Halqara konferentsiyas\u0131n\u0131\u00f1 i\u015ftirak\u00e7ilerine! Say\u011f\u0131l\u0131 han\u0131mlar ve cenaplar! Bug\u00fcn Ukraina parlamentinde bulunma\u011fa mecbur ol\u011fan\u0131m sebebinden &#8220;Kommunizm cinayetlerini\u00f1 aqibetleri yoq etilmeli&#8221; halqara konferentsiyada i\u015ftirak etip olamay\u0131m. Belli ki, 68 y\u0131l evelsi 1944 senesi may\u0131s 18-de Q\u0131r\u0131m topra\u011f\u0131nda insanl\u0131qqa qar\u015f\u0131 cinayet yap\u0131ld\u0131. On\u0131\u00f1 maqsad\u0131 Q\u0131r\u0131mn\u0131\u00f1 tam\u0131r halq\u0131 ve insaniyetni\u00f1 \u00f6zg\u00fcn halqlar\u0131ndan biri ol\u011fan q\u0131r\u0131mtatar [&hellip;]\" \/>\n<meta property=\"og:url\" content=\"https:\/\/qtmm.org\/qt\/meclis-reisi-mustafa-cemilevnin-kommunizm-cinayetlerinin-aqibeti-yoq-etilmeli-halqara-konferentsiya-istirakcilerini-selamlavi\/\" \/>\n<meta property=\"og:site_name\" content=\"\u041c\u0435\u0434\u0436\u043b\u0456\u0441\" \/>\n<meta property=\"article:publisher\" content=\"https:\/\/www.facebook.com\/qtmm.info\/\" \/>\n<meta property=\"article:published_time\" content=\"2012-06-07T18:14:00+00:00\" \/>\n<meta property=\"article:modified_time\" content=\"2022-01-21T18:14:43+00:00\" \/>\n<meta name=\"author\" content=\"Developer\" \/>\n<meta name=\"twitter:card\" content=\"summary_large_image\" \/>\n<meta name=\"twitter:label1\" content=\"Written by\" \/>\n\t<meta name=\"twitter:data1\" content=\"Developer\" \/>\n\t<meta name=\"twitter:label2\" content=\"Est. reading time\" \/>\n\t<meta name=\"twitter:data2\" content=\"2 minutes\" \/>\n<script type=\"application\/ld+json\" class=\"yoast-schema-graph\">{\"@context\":\"https:\\\/\\\/schema.org\",\"@graph\":[{\"@type\":\"Article\",\"@id\":\"https:\\\/\\\/qtmm.org\\\/qt\\\/meclis-reisi-mustafa-cemilevnin-kommunizm-cinayetlerinin-aqibeti-yoq-etilmeli-halqara-konferentsiya-istirakcilerini-selamlavi\\\/#article\",\"isPartOf\":{\"@id\":\"https:\\\/\\\/qtmm.org\\\/qt\\\/meclis-reisi-mustafa-cemilevnin-kommunizm-cinayetlerinin-aqibeti-yoq-etilmeli-halqara-konferentsiya-istirakcilerini-selamlavi\\\/\"},\"author\":{\"name\":\"Developer\",\"@id\":\"https:\\\/\\\/qtmm.org\\\/qt\\\/#\\\/schema\\\/person\\\/de562469f971dec226ac06e60bbf74a7\"},\"headline\":\"Meclis reisi Mustafa Cemilevni\u00f1 \u00abKommunizm cinayetlerini\u00f1 aqibeti yoq etilmeli\u00bb Halqara konferentsiya i\u015ftirak\u00e7ilerini sel\u00e2mlav\u0131\",\"datePublished\":\"2012-06-07T18:14:00+00:00\",\"dateModified\":\"2022-01-21T18:14:43+00:00\",\"mainEntityOfPage\":{\"@id\":\"https:\\\/\\\/qtmm.org\\\/qt\\\/meclis-reisi-mustafa-cemilevnin-kommunizm-cinayetlerinin-aqibeti-yoq-etilmeli-halqara-konferentsiya-istirakcilerini-selamlavi\\\/\"},\"wordCount\":490,\"commentCount\":0,\"publisher\":{\"@id\":\"https:\\\/\\\/qtmm.org\\\/qt\\\/#organization\"},\"articleSection\":[\"Haberler\"],\"inLanguage\":\"qt\",\"potentialAction\":[{\"@type\":\"CommentAction\",\"name\":\"Comment\",\"target\":[\"https:\\\/\\\/qtmm.org\\\/qt\\\/meclis-reisi-mustafa-cemilevnin-kommunizm-cinayetlerinin-aqibeti-yoq-etilmeli-halqara-konferentsiya-istirakcilerini-selamlavi\\\/#respond\"]}]},{\"@type\":\"WebPage\",\"@id\":\"https:\\\/\\\/qtmm.org\\\/qt\\\/meclis-reisi-mustafa-cemilevnin-kommunizm-cinayetlerinin-aqibeti-yoq-etilmeli-halqara-konferentsiya-istirakcilerini-selamlavi\\\/\",\"url\":\"https:\\\/\\\/qtmm.org\\\/qt\\\/meclis-reisi-mustafa-cemilevnin-kommunizm-cinayetlerinin-aqibeti-yoq-etilmeli-halqara-konferentsiya-istirakcilerini-selamlavi\\\/\",\"name\":\"Meclis reisi Mustafa Cemilevni\u00f1 \u00abKommunizm cinayetlerini\u00f1 aqibeti yoq etilmeli\u00bb Halqara konferentsiya i\u015ftirak\u00e7ilerini sel\u00e2mlav\u0131 - \u041c\u0435\u0434\u0436\u043b\u0456\u0441\",\"isPartOf\":{\"@id\":\"https:\\\/\\\/qtmm.org\\\/qt\\\/#website\"},\"datePublished\":\"2012-06-07T18:14:00+00:00\",\"dateModified\":\"2022-01-21T18:14:43+00:00\",\"breadcrumb\":{\"@id\":\"https:\\\/\\\/qtmm.org\\\/qt\\\/meclis-reisi-mustafa-cemilevnin-kommunizm-cinayetlerinin-aqibeti-yoq-etilmeli-halqara-konferentsiya-istirakcilerini-selamlavi\\\/#breadcrumb\"},\"inLanguage\":\"qt\",\"potentialAction\":[{\"@type\":\"ReadAction\",\"target\":[\"https:\\\/\\\/qtmm.org\\\/qt\\\/meclis-reisi-mustafa-cemilevnin-kommunizm-cinayetlerinin-aqibeti-yoq-etilmeli-halqara-konferentsiya-istirakcilerini-selamlavi\\\/\"]}]},{\"@type\":\"BreadcrumbList\",\"@id\":\"https:\\\/\\\/qtmm.org\\\/qt\\\/meclis-reisi-mustafa-cemilevnin-kommunizm-cinayetlerinin-aqibeti-yoq-etilmeli-halqara-konferentsiya-istirakcilerini-selamlavi\\\/#breadcrumb\",\"itemListElement\":[{\"@type\":\"ListItem\",\"position\":1,\"name\":\"\u0413\u043e\u043b\u043e\u0432\u043d\u0430\",\"item\":\"https:\\\/\\\/qtmm.org\\\/qt\\\/\"},{\"@type\":\"ListItem\",\"position\":2,\"name\":\"Meclis reisi Mustafa Cemilevni\u00f1 \u00abKommunizm cinayetlerini\u00f1 aqibeti yoq etilmeli\u00bb Halqara konferentsiya i\u015ftirak\u00e7ilerini sel\u00e2mlav\u0131\"}]},{\"@type\":\"WebSite\",\"@id\":\"https:\\\/\\\/qtmm.org\\\/qt\\\/#website\",\"url\":\"https:\\\/\\\/qtmm.org\\\/qt\\\/\",\"name\":\"\u041c\u0435\u0434\u0436\u043b\u0456\u0441\",\"description\":\"\",\"publisher\":{\"@id\":\"https:\\\/\\\/qtmm.org\\\/qt\\\/#organization\"},\"potentialAction\":[{\"@type\":\"SearchAction\",\"target\":{\"@type\":\"EntryPoint\",\"urlTemplate\":\"https:\\\/\\\/qtmm.org\\\/qt\\\/?s={search_term_string}\"},\"query-input\":{\"@type\":\"PropertyValueSpecification\",\"valueRequired\":true,\"valueName\":\"search_term_string\"}}],\"inLanguage\":\"qt\"},{\"@type\":\"Organization\",\"@id\":\"https:\\\/\\\/qtmm.org\\\/qt\\\/#organization\",\"name\":\"\u041c\u0435\u0434\u0436\u043b\u0456\u0441\",\"url\":\"https:\\\/\\\/qtmm.org\\\/qt\\\/\",\"logo\":{\"@type\":\"ImageObject\",\"inLanguage\":\"qt\",\"@id\":\"https:\\\/\\\/qtmm.org\\\/qt\\\/#\\\/schema\\\/logo\\\/image\\\/\",\"url\":\"https:\\\/\\\/qtmm.org\\\/wp-content\\\/uploads\\\/2024\\\/12\\\/ua-mejlis-logo-rgb.svg\",\"contentUrl\":\"https:\\\/\\\/qtmm.org\\\/wp-content\\\/uploads\\\/2024\\\/12\\\/ua-mejlis-logo-rgb.svg\",\"caption\":\"\u041c\u0435\u0434\u0436\u043b\u0456\u0441\"},\"image\":{\"@id\":\"https:\\\/\\\/qtmm.org\\\/qt\\\/#\\\/schema\\\/logo\\\/image\\\/\"},\"sameAs\":[\"https:\\\/\\\/www.facebook.com\\\/qtmm.info\\\/\"]},{\"@type\":\"Person\",\"@id\":\"https:\\\/\\\/qtmm.org\\\/qt\\\/#\\\/schema\\\/person\\\/de562469f971dec226ac06e60bbf74a7\",\"name\":\"Developer\",\"image\":{\"@type\":\"ImageObject\",\"inLanguage\":\"qt\",\"@id\":\"https:\\\/\\\/secure.gravatar.com\\\/avatar\\\/392b4cc8fbfeb00b39dfeeab4ee6edded39ffd48e25858637e4765810300227e?s=96&d=mm&r=g\",\"url\":\"https:\\\/\\\/secure.gravatar.com\\\/avatar\\\/392b4cc8fbfeb00b39dfeeab4ee6edded39ffd48e25858637e4765810300227e?s=96&d=mm&r=g\",\"contentUrl\":\"https:\\\/\\\/secure.gravatar.com\\\/avatar\\\/392b4cc8fbfeb00b39dfeeab4ee6edded39ffd48e25858637e4765810300227e?s=96&d=mm&r=g\",\"caption\":\"Developer\"},\"url\":\"https:\\\/\\\/qtmm.org\\\/qt\\\/author\\\/Developer\\\/\"}]}<\/script>\n<!-- \/ Yoast SEO plugin. -->","yoast_head_json":{"title":"Meclis reisi Mustafa Cemilevni\u00f1 \u00abKommunizm cinayetlerini\u00f1 aqibeti yoq etilmeli\u00bb Halqara konferentsiya i\u015ftirak\u00e7ilerini sel\u00e2mlav\u0131 - \u041c\u0435\u0434\u0436\u043b\u0456\u0441","robots":{"index":"index","follow":"follow","max-snippet":"max-snippet:-1","max-image-preview":"max-image-preview:large","max-video-preview":"max-video-preview:-1"},"canonical":"https:\/\/qtmm.org\/qt\/meclis-reisi-mustafa-cemilevnin-kommunizm-cinayetlerinin-aqibeti-yoq-etilmeli-halqara-konferentsiya-istirakcilerini-selamlavi\/","og_locale":"en_US","og_type":"article","og_title":"Meclis reisi Mustafa Cemilevni\u00f1 \u00abKommunizm cinayetlerini\u00f1 aqibeti yoq etilmeli\u00bb Halqara konferentsiya i\u015ftirak\u00e7ilerini sel\u00e2mlav\u0131 - \u041c\u0435\u0434\u0436\u043b\u0456\u0441","og_description":"&#8220;Kommunizm cinayetlerini\u00f1 aqibetleri yoq etilmeli&#8221;Halqara konferentsiyas\u0131n\u0131\u00f1 i\u015ftirak\u00e7ilerine! Say\u011f\u0131l\u0131 han\u0131mlar ve cenaplar! Bug\u00fcn Ukraina parlamentinde bulunma\u011fa mecbur ol\u011fan\u0131m sebebinden &#8220;Kommunizm cinayetlerini\u00f1 aqibetleri yoq etilmeli&#8221; halqara konferentsiyada i\u015ftirak etip olamay\u0131m. Belli ki, 68 y\u0131l evelsi 1944 senesi may\u0131s 18-de Q\u0131r\u0131m topra\u011f\u0131nda insanl\u0131qqa qar\u015f\u0131 cinayet yap\u0131ld\u0131. On\u0131\u00f1 maqsad\u0131 Q\u0131r\u0131mn\u0131\u00f1 tam\u0131r halq\u0131 ve insaniyetni\u00f1 \u00f6zg\u00fcn halqlar\u0131ndan biri ol\u011fan q\u0131r\u0131mtatar [&hellip;]","og_url":"https:\/\/qtmm.org\/qt\/meclis-reisi-mustafa-cemilevnin-kommunizm-cinayetlerinin-aqibeti-yoq-etilmeli-halqara-konferentsiya-istirakcilerini-selamlavi\/","og_site_name":"\u041c\u0435\u0434\u0436\u043b\u0456\u0441","article_publisher":"https:\/\/www.facebook.com\/qtmm.info\/","article_published_time":"2012-06-07T18:14:00+00:00","article_modified_time":"2022-01-21T18:14:43+00:00","author":"Developer","twitter_card":"summary_large_image","twitter_misc":{"Written by":"Developer","Est. reading time":"2 minutes"},"schema":{"@context":"https:\/\/schema.org","@graph":[{"@type":"Article","@id":"https:\/\/qtmm.org\/qt\/meclis-reisi-mustafa-cemilevnin-kommunizm-cinayetlerinin-aqibeti-yoq-etilmeli-halqara-konferentsiya-istirakcilerini-selamlavi\/#article","isPartOf":{"@id":"https:\/\/qtmm.org\/qt\/meclis-reisi-mustafa-cemilevnin-kommunizm-cinayetlerinin-aqibeti-yoq-etilmeli-halqara-konferentsiya-istirakcilerini-selamlavi\/"},"author":{"name":"Developer","@id":"https:\/\/qtmm.org\/qt\/#\/schema\/person\/de562469f971dec226ac06e60bbf74a7"},"headline":"Meclis reisi Mustafa Cemilevni\u00f1 \u00abKommunizm cinayetlerini\u00f1 aqibeti yoq etilmeli\u00bb Halqara konferentsiya i\u015ftirak\u00e7ilerini sel\u00e2mlav\u0131","datePublished":"2012-06-07T18:14:00+00:00","dateModified":"2022-01-21T18:14:43+00:00","mainEntityOfPage":{"@id":"https:\/\/qtmm.org\/qt\/meclis-reisi-mustafa-cemilevnin-kommunizm-cinayetlerinin-aqibeti-yoq-etilmeli-halqara-konferentsiya-istirakcilerini-selamlavi\/"},"wordCount":490,"commentCount":0,"publisher":{"@id":"https:\/\/qtmm.org\/qt\/#organization"},"articleSection":["Haberler"],"inLanguage":"qt","potentialAction":[{"@type":"CommentAction","name":"Comment","target":["https:\/\/qtmm.org\/qt\/meclis-reisi-mustafa-cemilevnin-kommunizm-cinayetlerinin-aqibeti-yoq-etilmeli-halqara-konferentsiya-istirakcilerini-selamlavi\/#respond"]}]},{"@type":"WebPage","@id":"https:\/\/qtmm.org\/qt\/meclis-reisi-mustafa-cemilevnin-kommunizm-cinayetlerinin-aqibeti-yoq-etilmeli-halqara-konferentsiya-istirakcilerini-selamlavi\/","url":"https:\/\/qtmm.org\/qt\/meclis-reisi-mustafa-cemilevnin-kommunizm-cinayetlerinin-aqibeti-yoq-etilmeli-halqara-konferentsiya-istirakcilerini-selamlavi\/","name":"Meclis reisi Mustafa Cemilevni\u00f1 \u00abKommunizm cinayetlerini\u00f1 aqibeti yoq etilmeli\u00bb Halqara konferentsiya i\u015ftirak\u00e7ilerini sel\u00e2mlav\u0131 - \u041c\u0435\u0434\u0436\u043b\u0456\u0441","isPartOf":{"@id":"https:\/\/qtmm.org\/qt\/#website"},"datePublished":"2012-06-07T18:14:00+00:00","dateModified":"2022-01-21T18:14:43+00:00","breadcrumb":{"@id":"https:\/\/qtmm.org\/qt\/meclis-reisi-mustafa-cemilevnin-kommunizm-cinayetlerinin-aqibeti-yoq-etilmeli-halqara-konferentsiya-istirakcilerini-selamlavi\/#breadcrumb"},"inLanguage":"qt","potentialAction":[{"@type":"ReadAction","target":["https:\/\/qtmm.org\/qt\/meclis-reisi-mustafa-cemilevnin-kommunizm-cinayetlerinin-aqibeti-yoq-etilmeli-halqara-konferentsiya-istirakcilerini-selamlavi\/"]}]},{"@type":"BreadcrumbList","@id":"https:\/\/qtmm.org\/qt\/meclis-reisi-mustafa-cemilevnin-kommunizm-cinayetlerinin-aqibeti-yoq-etilmeli-halqara-konferentsiya-istirakcilerini-selamlavi\/#breadcrumb","itemListElement":[{"@type":"ListItem","position":1,"name":"\u0413\u043e\u043b\u043e\u0432\u043d\u0430","item":"https:\/\/qtmm.org\/qt\/"},{"@type":"ListItem","position":2,"name":"Meclis reisi Mustafa Cemilevni\u00f1 \u00abKommunizm cinayetlerini\u00f1 aqibeti yoq etilmeli\u00bb Halqara konferentsiya i\u015ftirak\u00e7ilerini sel\u00e2mlav\u0131"}]},{"@type":"WebSite","@id":"https:\/\/qtmm.org\/qt\/#website","url":"https:\/\/qtmm.org\/qt\/","name":"\u041c\u0435\u0434\u0436\u043b\u0456\u0441","description":"","publisher":{"@id":"https:\/\/qtmm.org\/qt\/#organization"},"potentialAction":[{"@type":"SearchAction","target":{"@type":"EntryPoint","urlTemplate":"https:\/\/qtmm.org\/qt\/?s={search_term_string}"},"query-input":{"@type":"PropertyValueSpecification","valueRequired":true,"valueName":"search_term_string"}}],"inLanguage":"qt"},{"@type":"Organization","@id":"https:\/\/qtmm.org\/qt\/#organization","name":"\u041c\u0435\u0434\u0436\u043b\u0456\u0441","url":"https:\/\/qtmm.org\/qt\/","logo":{"@type":"ImageObject","inLanguage":"qt","@id":"https:\/\/qtmm.org\/qt\/#\/schema\/logo\/image\/","url":"https:\/\/qtmm.org\/wp-content\/uploads\/2024\/12\/ua-mejlis-logo-rgb.svg","contentUrl":"https:\/\/qtmm.org\/wp-content\/uploads\/2024\/12\/ua-mejlis-logo-rgb.svg","caption":"\u041c\u0435\u0434\u0436\u043b\u0456\u0441"},"image":{"@id":"https:\/\/qtmm.org\/qt\/#\/schema\/logo\/image\/"},"sameAs":["https:\/\/www.facebook.com\/qtmm.info\/"]},{"@type":"Person","@id":"https:\/\/qtmm.org\/qt\/#\/schema\/person\/de562469f971dec226ac06e60bbf74a7","name":"Developer","image":{"@type":"ImageObject","inLanguage":"qt","@id":"https:\/\/secure.gravatar.com\/avatar\/392b4cc8fbfeb00b39dfeeab4ee6edded39ffd48e25858637e4765810300227e?s=96&d=mm&r=g","url":"https:\/\/secure.gravatar.com\/avatar\/392b4cc8fbfeb00b39dfeeab4ee6edded39ffd48e25858637e4765810300227e?s=96&d=mm&r=g","contentUrl":"https:\/\/secure.gravatar.com\/avatar\/392b4cc8fbfeb00b39dfeeab4ee6edded39ffd48e25858637e4765810300227e?s=96&d=mm&r=g","caption":"Developer"},"url":"https:\/\/qtmm.org\/qt\/author\/Developer\/"}]}},"_links":{"self":[{"href":"https:\/\/qtmm.org\/qt\/wp-json\/wp\/v2\/posts\/31637","targetHints":{"allow":["GET"]}}],"collection":[{"href":"https:\/\/qtmm.org\/qt\/wp-json\/wp\/v2\/posts"}],"about":[{"href":"https:\/\/qtmm.org\/qt\/wp-json\/wp\/v2\/types\/post"}],"author":[{"embeddable":true,"href":"https:\/\/qtmm.org\/qt\/wp-json\/wp\/v2\/users\/1"}],"replies":[{"embeddable":true,"href":"https:\/\/qtmm.org\/qt\/wp-json\/wp\/v2\/comments?post=31637"}],"version-history":[{"count":1,"href":"https:\/\/qtmm.org\/qt\/wp-json\/wp\/v2\/posts\/31637\/revisions"}],"predecessor-version":[{"id":31642,"href":"https:\/\/qtmm.org\/qt\/wp-json\/wp\/v2\/posts\/31637\/revisions\/31642"}],"wp:attachment":[{"href":"https:\/\/qtmm.org\/qt\/wp-json\/wp\/v2\/media?parent=31637"}],"wp:term":[{"taxonomy":"category","embeddable":true,"href":"https:\/\/qtmm.org\/qt\/wp-json\/wp\/v2\/categories?post=31637"},{"taxonomy":"post_tag","embeddable":true,"href":"https:\/\/qtmm.org\/qt\/wp-json\/wp\/v2\/tags?post=31637"}],"curies":[{"name":"wp","href":"https:\/\/api.w.org\/{rel}","templated":true}]}}