




{"id":31625,"date":"2012-06-07T21:12:00","date_gmt":"2012-06-07T18:12:00","guid":{"rendered":"http:\/\/qtmm.org\/?p=31625"},"modified":"2022-01-21T21:13:17","modified_gmt":"2022-01-21T18:13:17","slug":"birlesken-avropa-kommunist-rejimleri-qurbanlarina-nisbeten-adaletni-tiklev-yolunda","status":"publish","type":"post","link":"https:\/\/qtmm.org\/qt\/birlesken-avropa-kommunist-rejimleri-qurbanlarina-nisbeten-adaletni-tiklev-yolunda\/","title":{"rendered":"Birle\u015fken Avropa kommunist rejimleri qurbanlar\u0131na nisbeten adaletni tiklev yolunda"},"content":{"rendered":"\n<p>2012 senesi iy\u00fcn 5-te Avropa parlamentinde &#8220;Kommunizm cinayetlerine uquq cevab\u0131&#8221; Halqara konferentsiyas\u0131 ol\u0131p ke\u00e7ti<\/p>\n\n\n\n<p>Konferentsiyan\u0131 Avropa hat\u0131ra ve vicdan platformas\u0131, Avropa g\u00f6\u00f1\u00fclde\u015flik merkezi, Hat\u0131ra ve G\u00f6n\u00fclde\u015flik Avropa A\u011flar\u0131 Avropa parlamentini\u00f1 belli deputatlar\u0131 Sandra Kalniyete (Latviya), Giorgi \u00c7opflin (Macaristan), Tunne Kelam (Estoniya), Pavel Robert Koval (Poloniya), Avropa parlamentini\u00f1 sab\u0131q prezidentleri Gans-Gert Pottering ve Yeji Buzakn\u0131\u00f1 qoltutuv\u0131nda te\u015fkil ettiler. Konferentsiya kommunist rejimlerini\u00f1 cinayetlerini taqiq etken me\u015fur adliyeci ve halqara uquq ekspertleri, Avropa parlamenti azalar\u0131 ve 16 devletni temsil etken milliy te\u015fkil\u00e2t vekillerini Avropa parlamentinde bir ara\u011fa ketirdi.<\/p>\n\n\n\n<p>Konferentsiya te\u015fkil\u00e2t\u00e7\u0131lar\u0131n\u0131\u00f1 qayd etkeni kibi, Merkeziy ve \u015earqiy Avropa devletlerinde kommunist rejimi taraf\u0131ndan yapt\u0131qlar\u0131 igren\u00e7 cinayetleri i\u00e7\u00fcn mahk\u00fcm etmek problemini\u00f1 m\u00fcimligi Avropa \u015euras\u0131 azalar\u0131 ol\u011fan devletlerni\u00f1 insanl\u0131qqa qar\u015f\u0131 cinayet sebepleri ve aqibetlerini \u00f6gren\u00fcvnen o\u011fra\u015fqan milliy qurumlar\u0131n\u0131 \u00f6z faaliyetlerini &#8220;Avropa hat\u0131ra ve vicdan platformas\u0131&#8221;n\u0131\u00f1 temelinde al\u0131p barma\u011fa mecbur ete. Konferentsiyan\u0131\u00f1 ba\u015f maqsad\u0131 halqara adalet modelini ara\u015ft\u0131rmaq , angisi ki Avropa \u015euras\u0131na kommunist rejiminden zarar k\u00f6rgen halq ve insanlarn\u0131\u00f1 \u00f6g\u00fcnde maneviy borcun\u0131 \u00f6demek, bun\u0131\u00f1 kiyui de yap\u0131l\u011fan zulumn\u0131\u00f1 te\u015fkil\u00e2t\u00e7\u0131lar\u0131 ve icrac\u0131lar\u0131n\u0131 mes\u00fclietke \u00e7ekmek imk\u00e2n\u0131n\u0131 berir.<\/p>\n\n\n\n<p>Konferentsiya i\u015ftirak\u00e7ileri &#8220;Kommunizm cinayetleri. Neden e\u00f1 \u00e7oq i\u015f Avropa\u011fa t\u00fc\u015fe?&#8221; , &#8220;Umumavropa emiyetine malik ayr\u0131 adiseler&#8221;, &#8221; Kommunist cinayetlerine nisbeten halqara adalet&#8221; kibi meseleler muzakere etilip, olarn\u0131\u00f1 \u00e7er\u00e7ivesinde adliyeci ve ekpertler ait \u00e7\u0131q\u0131\u015flar yapt\u0131lar.<\/p>\n\n\n\n<p>Konferentsiyan\u0131 a\u00e7qan Avropa parlamentini\u00f1 evelki prezidenti Yeji B\u00fczek: &#8220;Epimizni\u00f1 bir ol\u011fan tarih\u0131m\u0131zda, ke\u00e7mi\u015fimizde biz bug\u00fcn nas\u0131l ad\u0131mlarn\u0131 atmaq ve nelerden qa\u00e7\u0131nmaq kerek, degen sualge cevap tapam\u0131z. Eger biz kommunist cinayetleri biz ve kelecek nesiller i\u00e7\u00fcn ders ol\u011fan\u0131n\u0131 istesek, olar aqq\u0131nda a\u00e7\u0131q s\u00f6ylemelimiz. Kommunist devrini\u00f1 m\u00fcrekkep realliklerine q\u0131ymet keserkenmiz eyilikni zulumdan ay\u0131rma\u011fa c\u00fcrat etmelimiz&#8221;, dedi.<\/p>\n\n\n\n<p>Esas maruzalar\u011fa ke\u00e7ilmeden evel Avropa parlamentinde Latviyan\u0131\u00f1 temsilcisi ol\u011fan deputat Sandra Kalniyete i\u015ftirak\u00e7ilerni\u00f1 diqqat\u0131n\u0131 &#8220;yap\u0131l\u011fan cinayetni muzakere etmek ve qaralamaqnen s\u0131\u00f1\u0131rlanmay\u0131p, adaletni tiklemek ve Avropan\u0131 birle\u015ftirmek i\u00e7\u00fcn konkret ad\u0131mlar\u011fa ke\u00e7mek kerek&#8221;ligine celp etti. \u0130nsanl\u0131qqa qar\u015f\u0131 cinayet yapqanlar al\u00e2 daa soqaqlarda serbest y\u00fcreler, olar\u011fa nisbeten adaletli ceza k\u00f6r\u00fclmedi, baz\u0131lar\u0131 atta kommunist rejimine h\u0131zmeti i\u00e7\u00fcn berilgen imtiyazlardan faydalanalar. \u015eu cinayet qurbanlar\u0131na nisbeten adaletsizlikni yoq etmek maqsad\u0131nda Avropa sadece cinayetlerni qaralamadan, natsizm qurbanlar\u0131na nisbeten adalet tiklenilgeni kibi, kommunist rejimlerini\u00f1 qurbanlar\u0131na nisbeten de t\u0131pq\u0131 b\u00f6yle yap\u0131lmal\u0131, dedi Sandra Kalniyete<\/p>\n\n\n\n<p>Avropa Birliginde \u00e7e\u015fit devletlerni temsil etken maruzac\u0131lar kommunist rejimini\u00f1 zulum\u0131n\u0131 taqiq etken milliy institutlarn\u0131\u00f1 faaliyeti aqq\u0131nda keni\u015f mal\u00fcmat berip, konkret cinayetlerni yapuvda, c\u00fcmleden Romaniyan\u0131 cevapk\u00e2rl\u0131qqa \u00e7ekmek, \u00c7ehoslovakiya-Avstriya s\u0131\u00f1\u0131r\u0131nda qatillikni, Bul\u011faristanda t\u00fcrkiy azl\u0131qlarn\u0131 zorluqnen assimil\u00e2tsiya, Poloniya-Almaniya s\u0131\u00f1\u0131r\u0131nda ya\u015fa\u011fan insanlarn\u0131 s\u00fcrg\u00fcn et\u00fcvde qabaatl\u0131 insanlarn\u0131 belgilev hususiyetinde ayr\u0131ca toqtald\u0131lar.<\/p>\n\n\n\n<p>Mu\u015favere devam\u0131nda i\u015ftirak\u00e7iler tarihiy adaletni tiklev ve kommunist rejimi taraf\u0131ndan yap\u0131l\u011fan cinayetlerde qabaatl\u0131larn\u0131 cezalamaq kibi umumiy meselelernen bir s\u0131rada kommunist rejimleri yapqanlar\u011fa nisbeten cinaiy i\u015flerni baqqan mahsus Avropa mahkemesini tesis et\u00fcv kibi praktik meseleler boyunca da fikir payla\u015ft\u0131lar.<\/p>\n\n\n\n<p>Halqara konferentsiyada Q\u0131r\u0131mtatar halq\u0131 Meclisini Refat \u00c7ubarov temsil etti, \u00e7\u00fcnki &#8220;Milliy mens\u00fcpligi boyunca s\u00fcrg\u00fcn etilgen \u015fah\u0131slarn\u0131\u00f1 aqlar\u0131n\u0131 \u011fayr\u0131dan tiklev aqq\u0131nda&#8221; Qanun leyhas\u0131 iy\u00fcn 6 k\u00fcn\u00fc Ukraina Yuqar\u0131 \u015euras\u0131nda di\u00f1lenmesi planla\u015ft\u0131r\u0131l\u011fan\u0131 sebebinden Q\u0131r\u0131mtatar halq\u0131 Meclisini\u00f1 reisi, Ukraina halq deputat\u0131 Mustafa Cemilev anda bulunmas\u0131 kerek edi. &#8220;Kommunizm cinayetleri. Neden e\u00f1 \u00e7oq i\u015f Avropa\u011fa t\u00fc\u015fe?&#8221;meselesi boyunca munaqa\u015fa ba\u015flan\u011fanda s\u00f6z al\u011fan Refat \u00c7ubarov b\u00f6yle dedi: &#8220;\u00c7\u0131q\u0131\u015f vaqt\u0131 s\u0131\u00f1\u0131rl\u0131 ol\u011fan\u0131ndan dolay\u0131 eki q\u0131sqa qayd\u0131m bar.<\/p>\n\n\n\n<p>Birincisi. Halqara konferentsiya k\u00e2tibiyetine kommunist rejimini\u00f1 \u00e7oqy\u0131ll\u0131q siyasiy mahb\u00fcs\u0131, \u015fimdi ise\u00a0Q\u0131r\u0131mtatar halq\u0131 Meclisini\u00f1 reisi, Ukraina halq deputat\u0131 Mustafa Cemilevni\u00f1 hay\u0131rlav\u0131n\u0131 taqdim etem.<\/p>\n\n\n\n<p>Ekincisi. S\u00fcrg\u00fcnlikten \u00f6z tarihiy Vatan\u0131na qaytmaqta ol\u011fan q\u0131r\u0131mtatar halq\u0131na yard\u0131m etmekni sab\u0131q sovet cumhuriyetleri i\u00e7inden yal\u0131\u00f1\u0131z Ukraina boynuna alsa da, o da mustaqalligini\u00f1 20 y\u0131l\u0131 i\u00e7ersinde q\u0131r\u0131mtatar halq\u0131 aqlar\u0131n\u0131\u00f1 \u011fayr\u0131dan tiklenmesi yolunda i\u00e7 bir qanun qabul etmedi. &#8220;Neden Avropa er kesten ziyade i\u015f yapmal\u0131?&#8221; sualine cevap olaraq, \u015fun\u0131 aytmaq isteyim \u2013 halqara cemaat\u00e7\u0131l\u0131qn\u0131\u00f1 bivasta i\u015ftiraki ve yard\u0131m\u0131 olmadan q\u0131r\u0131mtatar halq\u0131n\u0131\u00f1 aqlar\u0131n\u0131 tiklevde adaletke iri\u015fmek zor olur. Demek, Ukraina ve q\u0131r\u0131mtatarlar halqara cemaat\u00e7\u0131l\u0131qn\u0131\u00f1 yard\u0131m\u0131na muhtaclar. Avropa Birligi azalar\u0131 ol\u011fan devletlerni celp et\u00fcvni\u00f1 usullar\u0131ndan biri q\u0131r\u0131mtatarlar teklif etken Halqara forum olabilir. Ve biz eminmiz ki, Avropa Birligi devletlerini\u00f1 q\u0131r\u0131mtatar halq\u0131 aqlar\u0131n\u0131\u00f1 \u011fayr\u0131dan tiklenilmesine qoltutuv\u0131 Ukrainan\u0131\u00f1 Avropa\u011fa qat\u0131luv maqsad\u0131na uy\u011fun olur&#8221;.<\/p>\n\n\n\n<p>Bun\u0131\u00f1 kibi de Refat \u00c7ubarov konferentsiya i\u015ftirak\u00e7ilerinen Q\u0131r\u0131mtatar halq\u0131 Meclis i ve Avropa \u015euras\u0131 azalar\u0131 ol\u011fan devletlerni\u00f1 insanl\u0131qqa qar\u015f\u0131 cinayet sebepleri ve aqibetlerini \u00f6gren\u00fcvnen o\u011fra\u015fqan milliy qurumlar\u0131 aras\u0131nda do\u011frudan-do\u011fru i\u015fbirlik qurmaq aqq\u0131nda a\u00f1la\u015ft\u0131.<br>&nbsp;<\/p>\n","protected":false},"excerpt":{"rendered":"<p>2012 senesi iy\u00fcn 5-te Avropa parlamentinde &#8220;Kommunizm cinayetlerine uquq cevab\u0131&#8221; Halqara konferentsiyas\u0131 ol\u0131p ke\u00e7ti Konferentsiyan\u0131 Avropa hat\u0131ra ve vicdan platformas\u0131, Avropa g\u00f6\u00f1\u00fclde\u015flik merkezi, Hat\u0131ra ve G\u00f6n\u00fclde\u015flik Avropa A\u011flar\u0131 Avropa parlamentini\u00f1 belli deputatlar\u0131 Sandra Kalniyete (Latviya), Giorgi \u00c7opflin (Macaristan), Tunne Kelam (Estoniya), Pavel Robert Koval (Poloniya), Avropa parlamentini\u00f1 sab\u0131q prezidentleri Gans-Gert Pottering ve Yeji Buzakn\u0131\u00f1 qoltutuv\u0131nda [&hellip;]<\/p>\n","protected":false},"author":1,"featured_media":0,"comment_status":"open","ping_status":"open","sticky":false,"template":"","format":"standard","meta":{"inline_featured_image":false,"footnotes":""},"categories":[265],"tags":[],"class_list":["post-31625","post","type-post","status-publish","format-standard","hentry","category-haberler"],"acf":[],"yoast_head":"<!-- This site is optimized with the Yoast SEO plugin v27.4 - https:\/\/yoast.com\/product\/yoast-seo-wordpress\/ -->\n<title>Birle\u015fken Avropa kommunist rejimleri qurbanlar\u0131na nisbeten adaletni tiklev yolunda - \u041c\u0435\u0434\u0436\u043b\u0456\u0441<\/title>\n<meta name=\"robots\" content=\"index, follow, max-snippet:-1, max-image-preview:large, max-video-preview:-1\" \/>\n<link rel=\"canonical\" href=\"https:\/\/qtmm.org\/qt\/birlesken-avropa-kommunist-rejimleri-qurbanlarina-nisbeten-adaletni-tiklev-yolunda\/\" \/>\n<meta property=\"og:locale\" content=\"en_US\" \/>\n<meta property=\"og:type\" content=\"article\" \/>\n<meta property=\"og:title\" content=\"Birle\u015fken Avropa kommunist rejimleri qurbanlar\u0131na nisbeten adaletni tiklev yolunda - \u041c\u0435\u0434\u0436\u043b\u0456\u0441\" \/>\n<meta property=\"og:description\" content=\"2012 senesi iy\u00fcn 5-te Avropa parlamentinde &#8220;Kommunizm cinayetlerine uquq cevab\u0131&#8221; Halqara konferentsiyas\u0131 ol\u0131p ke\u00e7ti Konferentsiyan\u0131 Avropa hat\u0131ra ve vicdan platformas\u0131, Avropa g\u00f6\u00f1\u00fclde\u015flik merkezi, Hat\u0131ra ve G\u00f6n\u00fclde\u015flik Avropa A\u011flar\u0131 Avropa parlamentini\u00f1 belli deputatlar\u0131 Sandra Kalniyete (Latviya), Giorgi \u00c7opflin (Macaristan), Tunne Kelam (Estoniya), Pavel Robert Koval (Poloniya), Avropa parlamentini\u00f1 sab\u0131q prezidentleri Gans-Gert Pottering ve Yeji Buzakn\u0131\u00f1 qoltutuv\u0131nda [&hellip;]\" \/>\n<meta property=\"og:url\" content=\"https:\/\/qtmm.org\/qt\/birlesken-avropa-kommunist-rejimleri-qurbanlarina-nisbeten-adaletni-tiklev-yolunda\/\" \/>\n<meta property=\"og:site_name\" content=\"\u041c\u0435\u0434\u0436\u043b\u0456\u0441\" \/>\n<meta property=\"article:publisher\" content=\"https:\/\/www.facebook.com\/qtmm.info\/\" \/>\n<meta property=\"article:published_time\" content=\"2012-06-07T18:12:00+00:00\" \/>\n<meta property=\"article:modified_time\" content=\"2022-01-21T18:13:17+00:00\" \/>\n<meta name=\"author\" content=\"Developer\" \/>\n<meta name=\"twitter:card\" content=\"summary_large_image\" \/>\n<meta name=\"twitter:label1\" content=\"Written by\" \/>\n\t<meta name=\"twitter:data1\" content=\"Developer\" \/>\n\t<meta name=\"twitter:label2\" content=\"Est. reading time\" \/>\n\t<meta name=\"twitter:data2\" content=\"5 minutes\" \/>\n<script type=\"application\/ld+json\" class=\"yoast-schema-graph\">{\"@context\":\"https:\\\/\\\/schema.org\",\"@graph\":[{\"@type\":\"Article\",\"@id\":\"https:\\\/\\\/qtmm.org\\\/qt\\\/birlesken-avropa-kommunist-rejimleri-qurbanlarina-nisbeten-adaletni-tiklev-yolunda\\\/#article\",\"isPartOf\":{\"@id\":\"https:\\\/\\\/qtmm.org\\\/qt\\\/birlesken-avropa-kommunist-rejimleri-qurbanlarina-nisbeten-adaletni-tiklev-yolunda\\\/\"},\"author\":{\"name\":\"Developer\",\"@id\":\"https:\\\/\\\/qtmm.org\\\/qt\\\/#\\\/schema\\\/person\\\/de562469f971dec226ac06e60bbf74a7\"},\"headline\":\"Birle\u015fken Avropa kommunist rejimleri qurbanlar\u0131na nisbeten adaletni tiklev yolunda\",\"datePublished\":\"2012-06-07T18:12:00+00:00\",\"dateModified\":\"2022-01-21T18:13:17+00:00\",\"mainEntityOfPage\":{\"@id\":\"https:\\\/\\\/qtmm.org\\\/qt\\\/birlesken-avropa-kommunist-rejimleri-qurbanlarina-nisbeten-adaletni-tiklev-yolunda\\\/\"},\"wordCount\":915,\"commentCount\":0,\"publisher\":{\"@id\":\"https:\\\/\\\/qtmm.org\\\/qt\\\/#organization\"},\"articleSection\":[\"Haberler\"],\"inLanguage\":\"qt\",\"potentialAction\":[{\"@type\":\"CommentAction\",\"name\":\"Comment\",\"target\":[\"https:\\\/\\\/qtmm.org\\\/qt\\\/birlesken-avropa-kommunist-rejimleri-qurbanlarina-nisbeten-adaletni-tiklev-yolunda\\\/#respond\"]}]},{\"@type\":\"WebPage\",\"@id\":\"https:\\\/\\\/qtmm.org\\\/qt\\\/birlesken-avropa-kommunist-rejimleri-qurbanlarina-nisbeten-adaletni-tiklev-yolunda\\\/\",\"url\":\"https:\\\/\\\/qtmm.org\\\/qt\\\/birlesken-avropa-kommunist-rejimleri-qurbanlarina-nisbeten-adaletni-tiklev-yolunda\\\/\",\"name\":\"Birle\u015fken Avropa kommunist rejimleri qurbanlar\u0131na nisbeten adaletni tiklev yolunda - \u041c\u0435\u0434\u0436\u043b\u0456\u0441\",\"isPartOf\":{\"@id\":\"https:\\\/\\\/qtmm.org\\\/qt\\\/#website\"},\"datePublished\":\"2012-06-07T18:12:00+00:00\",\"dateModified\":\"2022-01-21T18:13:17+00:00\",\"breadcrumb\":{\"@id\":\"https:\\\/\\\/qtmm.org\\\/qt\\\/birlesken-avropa-kommunist-rejimleri-qurbanlarina-nisbeten-adaletni-tiklev-yolunda\\\/#breadcrumb\"},\"inLanguage\":\"qt\",\"potentialAction\":[{\"@type\":\"ReadAction\",\"target\":[\"https:\\\/\\\/qtmm.org\\\/qt\\\/birlesken-avropa-kommunist-rejimleri-qurbanlarina-nisbeten-adaletni-tiklev-yolunda\\\/\"]}]},{\"@type\":\"BreadcrumbList\",\"@id\":\"https:\\\/\\\/qtmm.org\\\/qt\\\/birlesken-avropa-kommunist-rejimleri-qurbanlarina-nisbeten-adaletni-tiklev-yolunda\\\/#breadcrumb\",\"itemListElement\":[{\"@type\":\"ListItem\",\"position\":1,\"name\":\"\u0413\u043e\u043b\u043e\u0432\u043d\u0430\",\"item\":\"https:\\\/\\\/qtmm.org\\\/qt\\\/\"},{\"@type\":\"ListItem\",\"position\":2,\"name\":\"Birle\u015fken Avropa kommunist rejimleri qurbanlar\u0131na nisbeten adaletni tiklev yolunda\"}]},{\"@type\":\"WebSite\",\"@id\":\"https:\\\/\\\/qtmm.org\\\/qt\\\/#website\",\"url\":\"https:\\\/\\\/qtmm.org\\\/qt\\\/\",\"name\":\"\u041c\u0435\u0434\u0436\u043b\u0456\u0441\",\"description\":\"\",\"publisher\":{\"@id\":\"https:\\\/\\\/qtmm.org\\\/qt\\\/#organization\"},\"potentialAction\":[{\"@type\":\"SearchAction\",\"target\":{\"@type\":\"EntryPoint\",\"urlTemplate\":\"https:\\\/\\\/qtmm.org\\\/qt\\\/?s={search_term_string}\"},\"query-input\":{\"@type\":\"PropertyValueSpecification\",\"valueRequired\":true,\"valueName\":\"search_term_string\"}}],\"inLanguage\":\"qt\"},{\"@type\":\"Organization\",\"@id\":\"https:\\\/\\\/qtmm.org\\\/qt\\\/#organization\",\"name\":\"\u041c\u0435\u0434\u0436\u043b\u0456\u0441\",\"url\":\"https:\\\/\\\/qtmm.org\\\/qt\\\/\",\"logo\":{\"@type\":\"ImageObject\",\"inLanguage\":\"qt\",\"@id\":\"https:\\\/\\\/qtmm.org\\\/qt\\\/#\\\/schema\\\/logo\\\/image\\\/\",\"url\":\"https:\\\/\\\/qtmm.org\\\/wp-content\\\/uploads\\\/2024\\\/12\\\/ua-mejlis-logo-rgb.svg\",\"contentUrl\":\"https:\\\/\\\/qtmm.org\\\/wp-content\\\/uploads\\\/2024\\\/12\\\/ua-mejlis-logo-rgb.svg\",\"caption\":\"\u041c\u0435\u0434\u0436\u043b\u0456\u0441\"},\"image\":{\"@id\":\"https:\\\/\\\/qtmm.org\\\/qt\\\/#\\\/schema\\\/logo\\\/image\\\/\"},\"sameAs\":[\"https:\\\/\\\/www.facebook.com\\\/qtmm.info\\\/\"]},{\"@type\":\"Person\",\"@id\":\"https:\\\/\\\/qtmm.org\\\/qt\\\/#\\\/schema\\\/person\\\/de562469f971dec226ac06e60bbf74a7\",\"name\":\"Developer\",\"image\":{\"@type\":\"ImageObject\",\"inLanguage\":\"qt\",\"@id\":\"https:\\\/\\\/secure.gravatar.com\\\/avatar\\\/392b4cc8fbfeb00b39dfeeab4ee6edded39ffd48e25858637e4765810300227e?s=96&d=mm&r=g\",\"url\":\"https:\\\/\\\/secure.gravatar.com\\\/avatar\\\/392b4cc8fbfeb00b39dfeeab4ee6edded39ffd48e25858637e4765810300227e?s=96&d=mm&r=g\",\"contentUrl\":\"https:\\\/\\\/secure.gravatar.com\\\/avatar\\\/392b4cc8fbfeb00b39dfeeab4ee6edded39ffd48e25858637e4765810300227e?s=96&d=mm&r=g\",\"caption\":\"Developer\"},\"url\":\"https:\\\/\\\/qtmm.org\\\/qt\\\/author\\\/Developer\\\/\"}]}<\/script>\n<!-- \/ Yoast SEO plugin. -->","yoast_head_json":{"title":"Birle\u015fken Avropa kommunist rejimleri qurbanlar\u0131na nisbeten adaletni tiklev yolunda - \u041c\u0435\u0434\u0436\u043b\u0456\u0441","robots":{"index":"index","follow":"follow","max-snippet":"max-snippet:-1","max-image-preview":"max-image-preview:large","max-video-preview":"max-video-preview:-1"},"canonical":"https:\/\/qtmm.org\/qt\/birlesken-avropa-kommunist-rejimleri-qurbanlarina-nisbeten-adaletni-tiklev-yolunda\/","og_locale":"en_US","og_type":"article","og_title":"Birle\u015fken Avropa kommunist rejimleri qurbanlar\u0131na nisbeten adaletni tiklev yolunda - \u041c\u0435\u0434\u0436\u043b\u0456\u0441","og_description":"2012 senesi iy\u00fcn 5-te Avropa parlamentinde &#8220;Kommunizm cinayetlerine uquq cevab\u0131&#8221; Halqara konferentsiyas\u0131 ol\u0131p ke\u00e7ti Konferentsiyan\u0131 Avropa hat\u0131ra ve vicdan platformas\u0131, Avropa g\u00f6\u00f1\u00fclde\u015flik merkezi, Hat\u0131ra ve G\u00f6n\u00fclde\u015flik Avropa A\u011flar\u0131 Avropa parlamentini\u00f1 belli deputatlar\u0131 Sandra Kalniyete (Latviya), Giorgi \u00c7opflin (Macaristan), Tunne Kelam (Estoniya), Pavel Robert Koval (Poloniya), Avropa parlamentini\u00f1 sab\u0131q prezidentleri Gans-Gert Pottering ve Yeji Buzakn\u0131\u00f1 qoltutuv\u0131nda [&hellip;]","og_url":"https:\/\/qtmm.org\/qt\/birlesken-avropa-kommunist-rejimleri-qurbanlarina-nisbeten-adaletni-tiklev-yolunda\/","og_site_name":"\u041c\u0435\u0434\u0436\u043b\u0456\u0441","article_publisher":"https:\/\/www.facebook.com\/qtmm.info\/","article_published_time":"2012-06-07T18:12:00+00:00","article_modified_time":"2022-01-21T18:13:17+00:00","author":"Developer","twitter_card":"summary_large_image","twitter_misc":{"Written by":"Developer","Est. reading time":"5 minutes"},"schema":{"@context":"https:\/\/schema.org","@graph":[{"@type":"Article","@id":"https:\/\/qtmm.org\/qt\/birlesken-avropa-kommunist-rejimleri-qurbanlarina-nisbeten-adaletni-tiklev-yolunda\/#article","isPartOf":{"@id":"https:\/\/qtmm.org\/qt\/birlesken-avropa-kommunist-rejimleri-qurbanlarina-nisbeten-adaletni-tiklev-yolunda\/"},"author":{"name":"Developer","@id":"https:\/\/qtmm.org\/qt\/#\/schema\/person\/de562469f971dec226ac06e60bbf74a7"},"headline":"Birle\u015fken Avropa kommunist rejimleri qurbanlar\u0131na nisbeten adaletni tiklev yolunda","datePublished":"2012-06-07T18:12:00+00:00","dateModified":"2022-01-21T18:13:17+00:00","mainEntityOfPage":{"@id":"https:\/\/qtmm.org\/qt\/birlesken-avropa-kommunist-rejimleri-qurbanlarina-nisbeten-adaletni-tiklev-yolunda\/"},"wordCount":915,"commentCount":0,"publisher":{"@id":"https:\/\/qtmm.org\/qt\/#organization"},"articleSection":["Haberler"],"inLanguage":"qt","potentialAction":[{"@type":"CommentAction","name":"Comment","target":["https:\/\/qtmm.org\/qt\/birlesken-avropa-kommunist-rejimleri-qurbanlarina-nisbeten-adaletni-tiklev-yolunda\/#respond"]}]},{"@type":"WebPage","@id":"https:\/\/qtmm.org\/qt\/birlesken-avropa-kommunist-rejimleri-qurbanlarina-nisbeten-adaletni-tiklev-yolunda\/","url":"https:\/\/qtmm.org\/qt\/birlesken-avropa-kommunist-rejimleri-qurbanlarina-nisbeten-adaletni-tiklev-yolunda\/","name":"Birle\u015fken Avropa kommunist rejimleri qurbanlar\u0131na nisbeten adaletni tiklev yolunda - \u041c\u0435\u0434\u0436\u043b\u0456\u0441","isPartOf":{"@id":"https:\/\/qtmm.org\/qt\/#website"},"datePublished":"2012-06-07T18:12:00+00:00","dateModified":"2022-01-21T18:13:17+00:00","breadcrumb":{"@id":"https:\/\/qtmm.org\/qt\/birlesken-avropa-kommunist-rejimleri-qurbanlarina-nisbeten-adaletni-tiklev-yolunda\/#breadcrumb"},"inLanguage":"qt","potentialAction":[{"@type":"ReadAction","target":["https:\/\/qtmm.org\/qt\/birlesken-avropa-kommunist-rejimleri-qurbanlarina-nisbeten-adaletni-tiklev-yolunda\/"]}]},{"@type":"BreadcrumbList","@id":"https:\/\/qtmm.org\/qt\/birlesken-avropa-kommunist-rejimleri-qurbanlarina-nisbeten-adaletni-tiklev-yolunda\/#breadcrumb","itemListElement":[{"@type":"ListItem","position":1,"name":"\u0413\u043e\u043b\u043e\u0432\u043d\u0430","item":"https:\/\/qtmm.org\/qt\/"},{"@type":"ListItem","position":2,"name":"Birle\u015fken Avropa kommunist rejimleri qurbanlar\u0131na nisbeten adaletni tiklev yolunda"}]},{"@type":"WebSite","@id":"https:\/\/qtmm.org\/qt\/#website","url":"https:\/\/qtmm.org\/qt\/","name":"\u041c\u0435\u0434\u0436\u043b\u0456\u0441","description":"","publisher":{"@id":"https:\/\/qtmm.org\/qt\/#organization"},"potentialAction":[{"@type":"SearchAction","target":{"@type":"EntryPoint","urlTemplate":"https:\/\/qtmm.org\/qt\/?s={search_term_string}"},"query-input":{"@type":"PropertyValueSpecification","valueRequired":true,"valueName":"search_term_string"}}],"inLanguage":"qt"},{"@type":"Organization","@id":"https:\/\/qtmm.org\/qt\/#organization","name":"\u041c\u0435\u0434\u0436\u043b\u0456\u0441","url":"https:\/\/qtmm.org\/qt\/","logo":{"@type":"ImageObject","inLanguage":"qt","@id":"https:\/\/qtmm.org\/qt\/#\/schema\/logo\/image\/","url":"https:\/\/qtmm.org\/wp-content\/uploads\/2024\/12\/ua-mejlis-logo-rgb.svg","contentUrl":"https:\/\/qtmm.org\/wp-content\/uploads\/2024\/12\/ua-mejlis-logo-rgb.svg","caption":"\u041c\u0435\u0434\u0436\u043b\u0456\u0441"},"image":{"@id":"https:\/\/qtmm.org\/qt\/#\/schema\/logo\/image\/"},"sameAs":["https:\/\/www.facebook.com\/qtmm.info\/"]},{"@type":"Person","@id":"https:\/\/qtmm.org\/qt\/#\/schema\/person\/de562469f971dec226ac06e60bbf74a7","name":"Developer","image":{"@type":"ImageObject","inLanguage":"qt","@id":"https:\/\/secure.gravatar.com\/avatar\/392b4cc8fbfeb00b39dfeeab4ee6edded39ffd48e25858637e4765810300227e?s=96&d=mm&r=g","url":"https:\/\/secure.gravatar.com\/avatar\/392b4cc8fbfeb00b39dfeeab4ee6edded39ffd48e25858637e4765810300227e?s=96&d=mm&r=g","contentUrl":"https:\/\/secure.gravatar.com\/avatar\/392b4cc8fbfeb00b39dfeeab4ee6edded39ffd48e25858637e4765810300227e?s=96&d=mm&r=g","caption":"Developer"},"url":"https:\/\/qtmm.org\/qt\/author\/Developer\/"}]}},"_links":{"self":[{"href":"https:\/\/qtmm.org\/qt\/wp-json\/wp\/v2\/posts\/31625","targetHints":{"allow":["GET"]}}],"collection":[{"href":"https:\/\/qtmm.org\/qt\/wp-json\/wp\/v2\/posts"}],"about":[{"href":"https:\/\/qtmm.org\/qt\/wp-json\/wp\/v2\/types\/post"}],"author":[{"embeddable":true,"href":"https:\/\/qtmm.org\/qt\/wp-json\/wp\/v2\/users\/1"}],"replies":[{"embeddable":true,"href":"https:\/\/qtmm.org\/qt\/wp-json\/wp\/v2\/comments?post=31625"}],"version-history":[{"count":1,"href":"https:\/\/qtmm.org\/qt\/wp-json\/wp\/v2\/posts\/31625\/revisions"}],"predecessor-version":[{"id":31630,"href":"https:\/\/qtmm.org\/qt\/wp-json\/wp\/v2\/posts\/31625\/revisions\/31630"}],"wp:attachment":[{"href":"https:\/\/qtmm.org\/qt\/wp-json\/wp\/v2\/media?parent=31625"}],"wp:term":[{"taxonomy":"category","embeddable":true,"href":"https:\/\/qtmm.org\/qt\/wp-json\/wp\/v2\/categories?post=31625"},{"taxonomy":"post_tag","embeddable":true,"href":"https:\/\/qtmm.org\/qt\/wp-json\/wp\/v2\/tags?post=31625"}],"curies":[{"name":"wp","href":"https:\/\/api.w.org\/{rel}","templated":true}]}}