




{"id":31622,"date":"2012-05-31T21:12:00","date_gmt":"2012-05-31T18:12:00","guid":{"rendered":"http:\/\/qtmm.org\/?p=31622"},"modified":"2022-01-21T21:12:28","modified_gmt":"2022-01-21T18:12:28","slug":"meclis-reisi-mustafa-cemilev-tisqi-faaliyet-avropa-hizmeti-insan-aqlari-boyunca-departament-direktori-riini-kionki-ile-korusti","status":"publish","type":"post","link":"https:\/\/qtmm.org\/qt\/meclis-reisi-mustafa-cemilev-tisqi-faaliyet-avropa-hizmeti-insan-aqlari-boyunca-departament-direktori-riini-kionki-ile-korusti\/","title":{"rendered":"Meclis reisi Mustafa Cemilev T\u0131\u015fq\u0131 faaliyet Avropa h\u0131zmeti \u0130nsan aqlar\u0131 boyunca departament direktor\u0131 Riini Kionki ile k\u00f6r\u00fc\u015fti"},"content":{"rendered":"\n<p>2012 may\u0131s 31 k\u00fcn\u00fc Avropa Birligini\u00f1 Ukrainadaki vek\u00e2letliginde Avropa Birligini\u00f1 Ukrainadaki el\u00e7isi, Delegatsiyan\u0131\u00f1 ba\u015f\u0131 Joze Manuyel Pintu Tey\u015feran\u0131\u00f1 daveti boyunca Q\u0131r\u0131mtatar halq\u0131 Meclisini\u00f1 reisi, Ukraina halq deputat\u0131 Mustafa Cemilev T\u0131\u015fq\u0131 faaliyet Avropa h\u0131zmeti \u0130nsan aqlar\u0131 boyunca departament direktor\u0131 Riini Kionki ile.<\/p>\n\n\n\n<p>El\u00e7i Tey\u015feyra da i\u015ftirak etken bu, bir saat devam etken m\u00fcndericeli k\u00f6r\u00fc\u015f\u00fcvde R. Kionki han\u0131mn\u0131\u00f1 ricas\u0131na k\u00f6re Meclis reisi q\u0131r\u0131mtatar halq\u0131n\u0131\u00f1 qaytuv\u0131nen ba\u011fl\u0131 mesele etraf\u0131ndaki bug\u00fcnki vaziyetni tafsil\u00e2tl\u0131 tarif etti.&nbsp;<\/p>\n\n\n\n<p>Mustafa Cemilev q\u0131r\u0131mtatarlarn\u0131\u00f1 milliy \u00f6zg\u00fcnligini saqlap qaluv probleminde ayr\u0131ca toqtal\u0131p, bu munasebetnen milliy tasilge qoltutuvn\u0131\u00f1 zarurl\u0131\u011f\u0131n\u0131 qayd etti.&nbsp;<\/p>\n\n\n\n<p>\u0130nsan aqlar\u0131 boyunca Departament Direktor\u0131 R. Kionki han\u0131mn\u0131 \u00d6BSE qoltutuv\u0131nda ke\u00e7irirlmesi planla\u015ft\u0131r\u0131l\u011fan halqara Forumn\u0131 te\u015fkil\u00e2tland\u0131ruv keti\u015fat\u0131 ve bun\u0131\u00f1 kibi de Ukrainan\u0131\u00f1 &#8220;Milliy mens\u00fcpligi boyunca s\u00fcrg\u00fcn etilgen \u015fahslarn\u0131\u00f1 aqlar\u0131n\u0131 \u011fayr\u0131dan tiklev aqq\u0131nda&#8221; qanun leyhas\u0131n\u0131\u00f1 Ukraina parlamentinde baq\u0131lmas\u0131 ziyade meraqland\u0131rd\u0131.&nbsp;<\/p>\n\n\n\n<p>K\u00f6r\u00fc\u015f\u00fcv neticeleri boyunca Riini Kionki han\u0131m q\u0131r\u0131mtatar meselesini\u00f1 b\u00f6yle tafsil\u00e2tl\u0131 ve keni\u015f a\u00e7\u0131qlan\u011fan\u0131nen memn\u00fcnligini bildirip, Ukraina ve Avropa yetek\u00e7ilerini bu saada haberdar etmek zarurl\u0131\u011f\u0131n\u0131 qayd etti ve bu i\u015fte faal i\u015ftirak etmege az\u0131r ol\u011fan\u0131n\u0131 da aytt\u0131.&nbsp;<\/p>\n","protected":false},"excerpt":{"rendered":"<p>2012 may\u0131s 31 k\u00fcn\u00fc Avropa Birligini\u00f1 Ukrainadaki vek\u00e2letliginde Avropa Birligini\u00f1 Ukrainadaki el\u00e7isi, Delegatsiyan\u0131\u00f1 ba\u015f\u0131 Joze Manuyel Pintu Tey\u015feran\u0131\u00f1 daveti boyunca Q\u0131r\u0131mtatar halq\u0131 Meclisini\u00f1 reisi, Ukraina halq deputat\u0131 Mustafa Cemilev T\u0131\u015fq\u0131 faaliyet Avropa h\u0131zmeti \u0130nsan aqlar\u0131 boyunca departament direktor\u0131 Riini Kionki ile. El\u00e7i Tey\u015feyra da i\u015ftirak etken bu, bir saat devam etken m\u00fcndericeli k\u00f6r\u00fc\u015f\u00fcvde R. Kionki [&hellip;]<\/p>\n","protected":false},"author":1,"featured_media":0,"comment_status":"open","ping_status":"open","sticky":false,"template":"","format":"standard","meta":{"inline_featured_image":false,"footnotes":""},"categories":[265],"tags":[],"class_list":["post-31622","post","type-post","status-publish","format-standard","hentry","category-haberler"],"acf":[],"yoast_head":"<!-- This site is optimized with the Yoast SEO plugin v27.4 - https:\/\/yoast.com\/product\/yoast-seo-wordpress\/ -->\n<title>Meclis reisi Mustafa Cemilev T\u0131\u015fq\u0131 faaliyet Avropa h\u0131zmeti \u0130nsan aqlar\u0131 boyunca departament direktor\u0131 Riini Kionki ile k\u00f6r\u00fc\u015fti - \u041c\u0435\u0434\u0436\u043b\u0456\u0441<\/title>\n<meta name=\"robots\" content=\"index, follow, max-snippet:-1, max-image-preview:large, max-video-preview:-1\" \/>\n<link rel=\"canonical\" href=\"https:\/\/qtmm.org\/qt\/meclis-reisi-mustafa-cemilev-tisqi-faaliyet-avropa-hizmeti-insan-aqlari-boyunca-departament-direktori-riini-kionki-ile-korusti\/\" \/>\n<meta property=\"og:locale\" content=\"en_US\" \/>\n<meta property=\"og:type\" content=\"article\" \/>\n<meta property=\"og:title\" content=\"Meclis reisi Mustafa Cemilev T\u0131\u015fq\u0131 faaliyet Avropa h\u0131zmeti \u0130nsan aqlar\u0131 boyunca departament direktor\u0131 Riini Kionki ile k\u00f6r\u00fc\u015fti - \u041c\u0435\u0434\u0436\u043b\u0456\u0441\" \/>\n<meta property=\"og:description\" content=\"2012 may\u0131s 31 k\u00fcn\u00fc Avropa Birligini\u00f1 Ukrainadaki vek\u00e2letliginde Avropa Birligini\u00f1 Ukrainadaki el\u00e7isi, Delegatsiyan\u0131\u00f1 ba\u015f\u0131 Joze Manuyel Pintu Tey\u015feran\u0131\u00f1 daveti boyunca Q\u0131r\u0131mtatar halq\u0131 Meclisini\u00f1 reisi, Ukraina halq deputat\u0131 Mustafa Cemilev T\u0131\u015fq\u0131 faaliyet Avropa h\u0131zmeti \u0130nsan aqlar\u0131 boyunca departament direktor\u0131 Riini Kionki ile. El\u00e7i Tey\u015feyra da i\u015ftirak etken bu, bir saat devam etken m\u00fcndericeli k\u00f6r\u00fc\u015f\u00fcvde R. Kionki [&hellip;]\" \/>\n<meta property=\"og:url\" content=\"https:\/\/qtmm.org\/qt\/meclis-reisi-mustafa-cemilev-tisqi-faaliyet-avropa-hizmeti-insan-aqlari-boyunca-departament-direktori-riini-kionki-ile-korusti\/\" \/>\n<meta property=\"og:site_name\" content=\"\u041c\u0435\u0434\u0436\u043b\u0456\u0441\" \/>\n<meta property=\"article:publisher\" content=\"https:\/\/www.facebook.com\/qtmm.info\/\" \/>\n<meta property=\"article:published_time\" content=\"2012-05-31T18:12:00+00:00\" \/>\n<meta property=\"article:modified_time\" content=\"2022-01-21T18:12:28+00:00\" \/>\n<meta name=\"author\" content=\"Developer\" \/>\n<meta name=\"twitter:card\" content=\"summary_large_image\" \/>\n<meta name=\"twitter:label1\" content=\"Written by\" \/>\n\t<meta name=\"twitter:data1\" content=\"Developer\" \/>\n\t<meta name=\"twitter:label2\" content=\"Est. reading time\" \/>\n\t<meta name=\"twitter:data2\" content=\"1 minute\" \/>\n<script type=\"application\/ld+json\" class=\"yoast-schema-graph\">{\"@context\":\"https:\\\/\\\/schema.org\",\"@graph\":[{\"@type\":\"Article\",\"@id\":\"https:\\\/\\\/qtmm.org\\\/qt\\\/meclis-reisi-mustafa-cemilev-tisqi-faaliyet-avropa-hizmeti-insan-aqlari-boyunca-departament-direktori-riini-kionki-ile-korusti\\\/#article\",\"isPartOf\":{\"@id\":\"https:\\\/\\\/qtmm.org\\\/qt\\\/meclis-reisi-mustafa-cemilev-tisqi-faaliyet-avropa-hizmeti-insan-aqlari-boyunca-departament-direktori-riini-kionki-ile-korusti\\\/\"},\"author\":{\"name\":\"Developer\",\"@id\":\"https:\\\/\\\/qtmm.org\\\/qt\\\/#\\\/schema\\\/person\\\/de562469f971dec226ac06e60bbf74a7\"},\"headline\":\"Meclis reisi Mustafa Cemilev T\u0131\u015fq\u0131 faaliyet Avropa h\u0131zmeti \u0130nsan aqlar\u0131 boyunca departament direktor\u0131 Riini Kionki ile k\u00f6r\u00fc\u015fti\",\"datePublished\":\"2012-05-31T18:12:00+00:00\",\"dateModified\":\"2022-01-21T18:12:28+00:00\",\"mainEntityOfPage\":{\"@id\":\"https:\\\/\\\/qtmm.org\\\/qt\\\/meclis-reisi-mustafa-cemilev-tisqi-faaliyet-avropa-hizmeti-insan-aqlari-boyunca-departament-direktori-riini-kionki-ile-korusti\\\/\"},\"wordCount\":256,\"commentCount\":0,\"publisher\":{\"@id\":\"https:\\\/\\\/qtmm.org\\\/qt\\\/#organization\"},\"articleSection\":[\"Haberler\"],\"inLanguage\":\"qt\",\"potentialAction\":[{\"@type\":\"CommentAction\",\"name\":\"Comment\",\"target\":[\"https:\\\/\\\/qtmm.org\\\/qt\\\/meclis-reisi-mustafa-cemilev-tisqi-faaliyet-avropa-hizmeti-insan-aqlari-boyunca-departament-direktori-riini-kionki-ile-korusti\\\/#respond\"]}]},{\"@type\":\"WebPage\",\"@id\":\"https:\\\/\\\/qtmm.org\\\/qt\\\/meclis-reisi-mustafa-cemilev-tisqi-faaliyet-avropa-hizmeti-insan-aqlari-boyunca-departament-direktori-riini-kionki-ile-korusti\\\/\",\"url\":\"https:\\\/\\\/qtmm.org\\\/qt\\\/meclis-reisi-mustafa-cemilev-tisqi-faaliyet-avropa-hizmeti-insan-aqlari-boyunca-departament-direktori-riini-kionki-ile-korusti\\\/\",\"name\":\"Meclis reisi Mustafa Cemilev T\u0131\u015fq\u0131 faaliyet Avropa h\u0131zmeti \u0130nsan aqlar\u0131 boyunca departament direktor\u0131 Riini Kionki ile k\u00f6r\u00fc\u015fti - \u041c\u0435\u0434\u0436\u043b\u0456\u0441\",\"isPartOf\":{\"@id\":\"https:\\\/\\\/qtmm.org\\\/qt\\\/#website\"},\"datePublished\":\"2012-05-31T18:12:00+00:00\",\"dateModified\":\"2022-01-21T18:12:28+00:00\",\"breadcrumb\":{\"@id\":\"https:\\\/\\\/qtmm.org\\\/qt\\\/meclis-reisi-mustafa-cemilev-tisqi-faaliyet-avropa-hizmeti-insan-aqlari-boyunca-departament-direktori-riini-kionki-ile-korusti\\\/#breadcrumb\"},\"inLanguage\":\"qt\",\"potentialAction\":[{\"@type\":\"ReadAction\",\"target\":[\"https:\\\/\\\/qtmm.org\\\/qt\\\/meclis-reisi-mustafa-cemilev-tisqi-faaliyet-avropa-hizmeti-insan-aqlari-boyunca-departament-direktori-riini-kionki-ile-korusti\\\/\"]}]},{\"@type\":\"BreadcrumbList\",\"@id\":\"https:\\\/\\\/qtmm.org\\\/qt\\\/meclis-reisi-mustafa-cemilev-tisqi-faaliyet-avropa-hizmeti-insan-aqlari-boyunca-departament-direktori-riini-kionki-ile-korusti\\\/#breadcrumb\",\"itemListElement\":[{\"@type\":\"ListItem\",\"position\":1,\"name\":\"\u0413\u043e\u043b\u043e\u0432\u043d\u0430\",\"item\":\"https:\\\/\\\/qtmm.org\\\/qt\\\/\"},{\"@type\":\"ListItem\",\"position\":2,\"name\":\"Meclis reisi Mustafa Cemilev T\u0131\u015fq\u0131 faaliyet Avropa h\u0131zmeti \u0130nsan aqlar\u0131 boyunca departament direktor\u0131 Riini Kionki ile k\u00f6r\u00fc\u015fti\"}]},{\"@type\":\"WebSite\",\"@id\":\"https:\\\/\\\/qtmm.org\\\/qt\\\/#website\",\"url\":\"https:\\\/\\\/qtmm.org\\\/qt\\\/\",\"name\":\"\u041c\u0435\u0434\u0436\u043b\u0456\u0441\",\"description\":\"\",\"publisher\":{\"@id\":\"https:\\\/\\\/qtmm.org\\\/qt\\\/#organization\"},\"potentialAction\":[{\"@type\":\"SearchAction\",\"target\":{\"@type\":\"EntryPoint\",\"urlTemplate\":\"https:\\\/\\\/qtmm.org\\\/qt\\\/?s={search_term_string}\"},\"query-input\":{\"@type\":\"PropertyValueSpecification\",\"valueRequired\":true,\"valueName\":\"search_term_string\"}}],\"inLanguage\":\"qt\"},{\"@type\":\"Organization\",\"@id\":\"https:\\\/\\\/qtmm.org\\\/qt\\\/#organization\",\"name\":\"\u041c\u0435\u0434\u0436\u043b\u0456\u0441\",\"url\":\"https:\\\/\\\/qtmm.org\\\/qt\\\/\",\"logo\":{\"@type\":\"ImageObject\",\"inLanguage\":\"qt\",\"@id\":\"https:\\\/\\\/qtmm.org\\\/qt\\\/#\\\/schema\\\/logo\\\/image\\\/\",\"url\":\"https:\\\/\\\/qtmm.org\\\/wp-content\\\/uploads\\\/2024\\\/12\\\/ua-mejlis-logo-rgb.svg\",\"contentUrl\":\"https:\\\/\\\/qtmm.org\\\/wp-content\\\/uploads\\\/2024\\\/12\\\/ua-mejlis-logo-rgb.svg\",\"caption\":\"\u041c\u0435\u0434\u0436\u043b\u0456\u0441\"},\"image\":{\"@id\":\"https:\\\/\\\/qtmm.org\\\/qt\\\/#\\\/schema\\\/logo\\\/image\\\/\"},\"sameAs\":[\"https:\\\/\\\/www.facebook.com\\\/qtmm.info\\\/\"]},{\"@type\":\"Person\",\"@id\":\"https:\\\/\\\/qtmm.org\\\/qt\\\/#\\\/schema\\\/person\\\/de562469f971dec226ac06e60bbf74a7\",\"name\":\"Developer\",\"image\":{\"@type\":\"ImageObject\",\"inLanguage\":\"qt\",\"@id\":\"https:\\\/\\\/secure.gravatar.com\\\/avatar\\\/392b4cc8fbfeb00b39dfeeab4ee6edded39ffd48e25858637e4765810300227e?s=96&d=mm&r=g\",\"url\":\"https:\\\/\\\/secure.gravatar.com\\\/avatar\\\/392b4cc8fbfeb00b39dfeeab4ee6edded39ffd48e25858637e4765810300227e?s=96&d=mm&r=g\",\"contentUrl\":\"https:\\\/\\\/secure.gravatar.com\\\/avatar\\\/392b4cc8fbfeb00b39dfeeab4ee6edded39ffd48e25858637e4765810300227e?s=96&d=mm&r=g\",\"caption\":\"Developer\"},\"url\":\"https:\\\/\\\/qtmm.org\\\/qt\\\/author\\\/Developer\\\/\"}]}<\/script>\n<!-- \/ Yoast SEO plugin. -->","yoast_head_json":{"title":"Meclis reisi Mustafa Cemilev T\u0131\u015fq\u0131 faaliyet Avropa h\u0131zmeti \u0130nsan aqlar\u0131 boyunca departament direktor\u0131 Riini Kionki ile k\u00f6r\u00fc\u015fti - \u041c\u0435\u0434\u0436\u043b\u0456\u0441","robots":{"index":"index","follow":"follow","max-snippet":"max-snippet:-1","max-image-preview":"max-image-preview:large","max-video-preview":"max-video-preview:-1"},"canonical":"https:\/\/qtmm.org\/qt\/meclis-reisi-mustafa-cemilev-tisqi-faaliyet-avropa-hizmeti-insan-aqlari-boyunca-departament-direktori-riini-kionki-ile-korusti\/","og_locale":"en_US","og_type":"article","og_title":"Meclis reisi Mustafa Cemilev T\u0131\u015fq\u0131 faaliyet Avropa h\u0131zmeti \u0130nsan aqlar\u0131 boyunca departament direktor\u0131 Riini Kionki ile k\u00f6r\u00fc\u015fti - \u041c\u0435\u0434\u0436\u043b\u0456\u0441","og_description":"2012 may\u0131s 31 k\u00fcn\u00fc Avropa Birligini\u00f1 Ukrainadaki vek\u00e2letliginde Avropa Birligini\u00f1 Ukrainadaki el\u00e7isi, Delegatsiyan\u0131\u00f1 ba\u015f\u0131 Joze Manuyel Pintu Tey\u015feran\u0131\u00f1 daveti boyunca Q\u0131r\u0131mtatar halq\u0131 Meclisini\u00f1 reisi, Ukraina halq deputat\u0131 Mustafa Cemilev T\u0131\u015fq\u0131 faaliyet Avropa h\u0131zmeti \u0130nsan aqlar\u0131 boyunca departament direktor\u0131 Riini Kionki ile. El\u00e7i Tey\u015feyra da i\u015ftirak etken bu, bir saat devam etken m\u00fcndericeli k\u00f6r\u00fc\u015f\u00fcvde R. Kionki [&hellip;]","og_url":"https:\/\/qtmm.org\/qt\/meclis-reisi-mustafa-cemilev-tisqi-faaliyet-avropa-hizmeti-insan-aqlari-boyunca-departament-direktori-riini-kionki-ile-korusti\/","og_site_name":"\u041c\u0435\u0434\u0436\u043b\u0456\u0441","article_publisher":"https:\/\/www.facebook.com\/qtmm.info\/","article_published_time":"2012-05-31T18:12:00+00:00","article_modified_time":"2022-01-21T18:12:28+00:00","author":"Developer","twitter_card":"summary_large_image","twitter_misc":{"Written by":"Developer","Est. reading time":"1 minute"},"schema":{"@context":"https:\/\/schema.org","@graph":[{"@type":"Article","@id":"https:\/\/qtmm.org\/qt\/meclis-reisi-mustafa-cemilev-tisqi-faaliyet-avropa-hizmeti-insan-aqlari-boyunca-departament-direktori-riini-kionki-ile-korusti\/#article","isPartOf":{"@id":"https:\/\/qtmm.org\/qt\/meclis-reisi-mustafa-cemilev-tisqi-faaliyet-avropa-hizmeti-insan-aqlari-boyunca-departament-direktori-riini-kionki-ile-korusti\/"},"author":{"name":"Developer","@id":"https:\/\/qtmm.org\/qt\/#\/schema\/person\/de562469f971dec226ac06e60bbf74a7"},"headline":"Meclis reisi Mustafa Cemilev T\u0131\u015fq\u0131 faaliyet Avropa h\u0131zmeti \u0130nsan aqlar\u0131 boyunca departament direktor\u0131 Riini Kionki ile k\u00f6r\u00fc\u015fti","datePublished":"2012-05-31T18:12:00+00:00","dateModified":"2022-01-21T18:12:28+00:00","mainEntityOfPage":{"@id":"https:\/\/qtmm.org\/qt\/meclis-reisi-mustafa-cemilev-tisqi-faaliyet-avropa-hizmeti-insan-aqlari-boyunca-departament-direktori-riini-kionki-ile-korusti\/"},"wordCount":256,"commentCount":0,"publisher":{"@id":"https:\/\/qtmm.org\/qt\/#organization"},"articleSection":["Haberler"],"inLanguage":"qt","potentialAction":[{"@type":"CommentAction","name":"Comment","target":["https:\/\/qtmm.org\/qt\/meclis-reisi-mustafa-cemilev-tisqi-faaliyet-avropa-hizmeti-insan-aqlari-boyunca-departament-direktori-riini-kionki-ile-korusti\/#respond"]}]},{"@type":"WebPage","@id":"https:\/\/qtmm.org\/qt\/meclis-reisi-mustafa-cemilev-tisqi-faaliyet-avropa-hizmeti-insan-aqlari-boyunca-departament-direktori-riini-kionki-ile-korusti\/","url":"https:\/\/qtmm.org\/qt\/meclis-reisi-mustafa-cemilev-tisqi-faaliyet-avropa-hizmeti-insan-aqlari-boyunca-departament-direktori-riini-kionki-ile-korusti\/","name":"Meclis reisi Mustafa Cemilev T\u0131\u015fq\u0131 faaliyet Avropa h\u0131zmeti \u0130nsan aqlar\u0131 boyunca departament direktor\u0131 Riini Kionki ile k\u00f6r\u00fc\u015fti - \u041c\u0435\u0434\u0436\u043b\u0456\u0441","isPartOf":{"@id":"https:\/\/qtmm.org\/qt\/#website"},"datePublished":"2012-05-31T18:12:00+00:00","dateModified":"2022-01-21T18:12:28+00:00","breadcrumb":{"@id":"https:\/\/qtmm.org\/qt\/meclis-reisi-mustafa-cemilev-tisqi-faaliyet-avropa-hizmeti-insan-aqlari-boyunca-departament-direktori-riini-kionki-ile-korusti\/#breadcrumb"},"inLanguage":"qt","potentialAction":[{"@type":"ReadAction","target":["https:\/\/qtmm.org\/qt\/meclis-reisi-mustafa-cemilev-tisqi-faaliyet-avropa-hizmeti-insan-aqlari-boyunca-departament-direktori-riini-kionki-ile-korusti\/"]}]},{"@type":"BreadcrumbList","@id":"https:\/\/qtmm.org\/qt\/meclis-reisi-mustafa-cemilev-tisqi-faaliyet-avropa-hizmeti-insan-aqlari-boyunca-departament-direktori-riini-kionki-ile-korusti\/#breadcrumb","itemListElement":[{"@type":"ListItem","position":1,"name":"\u0413\u043e\u043b\u043e\u0432\u043d\u0430","item":"https:\/\/qtmm.org\/qt\/"},{"@type":"ListItem","position":2,"name":"Meclis reisi Mustafa Cemilev T\u0131\u015fq\u0131 faaliyet Avropa h\u0131zmeti \u0130nsan aqlar\u0131 boyunca departament direktor\u0131 Riini Kionki ile k\u00f6r\u00fc\u015fti"}]},{"@type":"WebSite","@id":"https:\/\/qtmm.org\/qt\/#website","url":"https:\/\/qtmm.org\/qt\/","name":"\u041c\u0435\u0434\u0436\u043b\u0456\u0441","description":"","publisher":{"@id":"https:\/\/qtmm.org\/qt\/#organization"},"potentialAction":[{"@type":"SearchAction","target":{"@type":"EntryPoint","urlTemplate":"https:\/\/qtmm.org\/qt\/?s={search_term_string}"},"query-input":{"@type":"PropertyValueSpecification","valueRequired":true,"valueName":"search_term_string"}}],"inLanguage":"qt"},{"@type":"Organization","@id":"https:\/\/qtmm.org\/qt\/#organization","name":"\u041c\u0435\u0434\u0436\u043b\u0456\u0441","url":"https:\/\/qtmm.org\/qt\/","logo":{"@type":"ImageObject","inLanguage":"qt","@id":"https:\/\/qtmm.org\/qt\/#\/schema\/logo\/image\/","url":"https:\/\/qtmm.org\/wp-content\/uploads\/2024\/12\/ua-mejlis-logo-rgb.svg","contentUrl":"https:\/\/qtmm.org\/wp-content\/uploads\/2024\/12\/ua-mejlis-logo-rgb.svg","caption":"\u041c\u0435\u0434\u0436\u043b\u0456\u0441"},"image":{"@id":"https:\/\/qtmm.org\/qt\/#\/schema\/logo\/image\/"},"sameAs":["https:\/\/www.facebook.com\/qtmm.info\/"]},{"@type":"Person","@id":"https:\/\/qtmm.org\/qt\/#\/schema\/person\/de562469f971dec226ac06e60bbf74a7","name":"Developer","image":{"@type":"ImageObject","inLanguage":"qt","@id":"https:\/\/secure.gravatar.com\/avatar\/392b4cc8fbfeb00b39dfeeab4ee6edded39ffd48e25858637e4765810300227e?s=96&d=mm&r=g","url":"https:\/\/secure.gravatar.com\/avatar\/392b4cc8fbfeb00b39dfeeab4ee6edded39ffd48e25858637e4765810300227e?s=96&d=mm&r=g","contentUrl":"https:\/\/secure.gravatar.com\/avatar\/392b4cc8fbfeb00b39dfeeab4ee6edded39ffd48e25858637e4765810300227e?s=96&d=mm&r=g","caption":"Developer"},"url":"https:\/\/qtmm.org\/qt\/author\/Developer\/"}]}},"_links":{"self":[{"href":"https:\/\/qtmm.org\/qt\/wp-json\/wp\/v2\/posts\/31622","targetHints":{"allow":["GET"]}}],"collection":[{"href":"https:\/\/qtmm.org\/qt\/wp-json\/wp\/v2\/posts"}],"about":[{"href":"https:\/\/qtmm.org\/qt\/wp-json\/wp\/v2\/types\/post"}],"author":[{"embeddable":true,"href":"https:\/\/qtmm.org\/qt\/wp-json\/wp\/v2\/users\/1"}],"replies":[{"embeddable":true,"href":"https:\/\/qtmm.org\/qt\/wp-json\/wp\/v2\/comments?post=31622"}],"version-history":[{"count":1,"href":"https:\/\/qtmm.org\/qt\/wp-json\/wp\/v2\/posts\/31622\/revisions"}],"predecessor-version":[{"id":31624,"href":"https:\/\/qtmm.org\/qt\/wp-json\/wp\/v2\/posts\/31622\/revisions\/31624"}],"wp:attachment":[{"href":"https:\/\/qtmm.org\/qt\/wp-json\/wp\/v2\/media?parent=31622"}],"wp:term":[{"taxonomy":"category","embeddable":true,"href":"https:\/\/qtmm.org\/qt\/wp-json\/wp\/v2\/categories?post=31622"},{"taxonomy":"post_tag","embeddable":true,"href":"https:\/\/qtmm.org\/qt\/wp-json\/wp\/v2\/tags?post=31622"}],"curies":[{"name":"wp","href":"https:\/\/api.w.org\/{rel}","templated":true}]}}