




{"id":31615,"date":"2012-05-31T21:11:00","date_gmt":"2012-05-31T18:11:00","guid":{"rendered":"http:\/\/qtmm.org\/?p=31615"},"modified":"2022-01-21T21:11:53","modified_gmt":"2022-01-21T18:11:53","slug":"milliy-siniflarnin-aciluvi-qanun-boyunca-garntiya-etile","status":"publish","type":"post","link":"https:\/\/qtmm.org\/qt\/milliy-siniflarnin-aciluvi-qanun-boyunca-garntiya-etile\/","title":{"rendered":"Milliy s\u0131n\u0131flarn\u0131\u00f1 a\u00e7\u0131luv\u0131 qanun boyunca garntiya etile"},"content":{"rendered":"\n<p>Saq rayon\u0131n\u0131\u00f1 Juravli k\u00f6y\u00fcndeki umutasil mektepte oqutuv q\u0131r\u0131mtatar tilinde al\u0131p bar\u0131l\u011fan 1-nci s\u0131n\u0131f 1993 senesi a\u00e7\u0131l\u011fan edi. Al az\u0131rda mektepte 4 q\u0131r\u0131mtatar milliy s\u0131n\u0131f\u0131 mevcut.&nbsp; Amma so\u00f1ki eki sene&nbsp; devam\u0131nda evl\u00e2d\u0131n\u0131 ana tilinde oqutma\u011fa istegen q\u0131r\u0131mtatarlar mektep m\u00fcdirine milliy s\u0131n\u0131f a\u00e7t\u0131r\u0131p olamaylar.<\/p>\n\n\n\n<p>&nbsp;&nbsp;&nbsp;&nbsp; Saq rayon\u0131n\u0131 Juravli k\u00f6y\u00fcndeki orta umutasil mektepke&nbsp; Dolinka,&nbsp; Listovoye ve mektep yerle\u015fken Juravli k\u00f6y\u00fcnde ya\u015fa\u011fan balalar qatnaylar. Mektepte&nbsp; 263 talebe&nbsp; tasil&nbsp; ala, olarn\u0131\u00f1 127 halq\u0131m\u0131zn\u0131\u00f1 evl\u00e2tlar\u0131. Mektep m\u00fcdiri Ay\u015fe Bil\u00e2lovan\u0131\u00f1 bildirgenine k\u00f6re, mektepte&nbsp; rus tilinde oqutqan s\u0131n\u0131flardan \u011fayr\u0131,&nbsp; oqutuv q\u0131r\u0131mtatar tilinde al\u0131p bar\u0131l\u011fan 4 s\u0131n\u0131f ve&nbsp; oqutuv ukrain tilinde&nbsp; al\u0131p bar\u0131l\u011fan 2 s\u0131n\u0131f bar. Ke\u00e7ken sene kibi bu y\u0131l\u0131 da&nbsp; milliy&nbsp; s\u0131n\u0131f a\u00e7ma\u011fa \u00e7are yoq dep meseleni a\u00e7\u0131qlay.<\/p>\n\n\n\n<p>&nbsp; Ay\u015fe Bil\u00e2lovan\u0131\u00f1 aytqan\u0131na k\u00f6re,&nbsp; evel&nbsp; rayon memuriyeti yard\u0131m ete edi. So\u00f1ki vaq\u0131tta olar taraf\u0131ndan al\u0131p bar\u0131l\u011fan te\u015fker\u00fcv k\u00f6sterdi ki \u2013 mektepte \u00e7al\u0131\u015fqan yedi rus ocas\u0131 \u00f6z fenini q\u0131r\u0131mtatar s\u0131n\u0131flar\u0131nda al\u0131p bar\u0131p olamay emi\u015f ve olar fen bergende qullan\u0131lacaq terminologik lu\u011fat yoqlu\u011f\u0131n\u0131&nbsp; k\u00f6stergenler.<\/p>\n\n\n\n<p>&nbsp; Mektepte bulun\u011fan\u0131m\u0131zda &#8220;Ya\u00f1\u0131&nbsp; oquv&nbsp; y\u0131l\u0131nda&nbsp; a\u00e7\u0131lacaq&nbsp; s\u0131n\u0131flarda oqutuv 3 q\u0131r\u0131mtatar, ukrain ve rus tilinde al\u0131p bar\u0131l\u011fan&nbsp; s\u0131n\u0131flar a\u00e7\u0131lacaq&#8221; il\u00e2n\u0131n\u0131 k\u00f6rmedik.<\/p>\n\n\n\n<p>&nbsp;Mektepte ana-babalar te\u015febb\u00fcsi ile ke\u00e7irilgen k\u00f6r\u00fc\u015f\u00fcvde Saq regional meclisini\u00f1 reisi Zevcet Kurtumerov, Mit\u00e2yevo k\u00f6y \u015furas\u0131 meclisini\u00f1&nbsp; reisi&nbsp; Eldar&nbsp; Aliyev,&nbsp; QYU\u015e deputat\u0131, Milliy Meclis medeniyet ve tasil idaresini\u00f1 m\u00fcdiri, &#8220;Maarif\u00e7i&#8221;&nbsp; birle\u015fmesini\u00f1&nbsp; reisi&nbsp; Safure Kacametova ve&nbsp; &#8220;Maarif\u00e7i&#8221;&nbsp; birle\u015fmesi&nbsp; Tefti\u015f komissiyas\u0131n\u0131\u00f1 reisi Beyye \u0130lyasova bulund\u0131lar.<\/p>\n\n\n\n<p>&nbsp;Safure&nbsp; Kacametova&nbsp;&nbsp;&nbsp; ana-babalarn\u0131\u00f1, m\u00fcdire ariza almay, degen&nbsp; ricalar\u0131n\u0131 diqqatqa al\u0131p,&nbsp; balan\u0131\u00f1 Anayasada ve Ukraina&nbsp;&nbsp; devletini\u00f1 tasilnen ba\u011fl\u0131&nbsp; qanunlar\u0131n\u0131&nbsp;&nbsp; a\u00f1latt\u0131&nbsp; ve&nbsp;&nbsp;&nbsp;&nbsp; bu&nbsp; qanun maddeleri bas\u0131l\u011fan &#8220;Maarif i\u015fleri&#8221; gazetas\u0131n\u0131&nbsp; mektep m\u00fcdiri ve ana-babalar\u011fa darqatt\u0131.<\/p>\n\n\n\n<p>&nbsp; Milliy ve regional&nbsp; meclis azalar\u0131,&nbsp;&nbsp;&nbsp; ocalar&nbsp; ve Qaraqurt (Dolinka) k\u00f6y\u00fcni\u00f1 sakinleride \u00f6z talaplar\u0131n\u0131&nbsp; ayatiy tecribelerine&nbsp; esaslan\u0131p qoy\u011fanlar\u0131n\u0131 aytt\u0131lar.<\/p>\n\n\n\n<p>&nbsp;&nbsp;&nbsp;&nbsp;&nbsp;&nbsp;&nbsp; Olarn\u0131\u00f1 s\u0131ras\u0131nda:&nbsp;Nuri Feratov \u2013 \u00fcyken o\u011flu rus tilli s\u0131n\u0131fta oqup ana tilini asla bilmegenini,&nbsp; ortanc\u0131s\u0131 ise milliy s\u0131n\u0131fta oqup em til bilgenini, em terbiyeli&nbsp; ol\u011fan\u0131n\u0131 qayd etti.&nbsp;Zarema Feratova&nbsp; ise Bul\u011fanaq milliy mektepni bitirip, tek faydas\u0131n\u0131 k\u00f6rgenini ve \u015fu sebepten balalar\u0131n\u0131&nbsp; milliy s\u0131n\u0131fta oqutma\u011fa istegenini aytt\u0131 .<\/p>\n\n\n\n<p>&nbsp; \u0130\u015f bu maqale&nbsp; az\u0131rlan\u011fan vaq\u0131tta&nbsp; Mit\u00e2yevo k\u00f6y \u015furas\u0131 meclisini\u00f1&nbsp; reisi&nbsp; Eldar&nbsp; Aliyev telefon vastas\u0131nen, topla\u015fuvdan so\u00f1 ekinci k\u00fcn\u00fc 16 semetde\u015fmizni\u00f1&nbsp; \u2013 &#8220;balamn\u0131 oqutuv q\u0131r\u0131mtatar tilinde al\u0131p bar\u0131l\u011fan s\u0131n\u0131fqa bermege isteyim&#8221;,&nbsp; degen arizas\u0131 Juravli k\u00f6y mektebini\u00f1 m\u00fcdiresine&nbsp; teslim etilgenini bildirdi.<\/p>\n","protected":false},"excerpt":{"rendered":"<p>Saq rayon\u0131n\u0131\u00f1 Juravli k\u00f6y\u00fcndeki umutasil mektepte oqutuv q\u0131r\u0131mtatar tilinde al\u0131p bar\u0131l\u011fan 1-nci s\u0131n\u0131f 1993 senesi a\u00e7\u0131l\u011fan edi. Al az\u0131rda mektepte 4 q\u0131r\u0131mtatar milliy s\u0131n\u0131f\u0131 mevcut.&nbsp; Amma so\u00f1ki eki sene&nbsp; devam\u0131nda evl\u00e2d\u0131n\u0131 ana tilinde oqutma\u011fa istegen q\u0131r\u0131mtatarlar mektep m\u00fcdirine milliy s\u0131n\u0131f a\u00e7t\u0131r\u0131p olamaylar. &nbsp;&nbsp;&nbsp;&nbsp; Saq rayon\u0131n\u0131 Juravli k\u00f6y\u00fcndeki orta umutasil mektepke&nbsp; Dolinka,&nbsp; Listovoye ve mektep yerle\u015fken [&hellip;]<\/p>\n","protected":false},"author":1,"featured_media":0,"comment_status":"open","ping_status":"open","sticky":false,"template":"","format":"standard","meta":{"inline_featured_image":false,"footnotes":""},"categories":[265],"tags":[],"class_list":["post-31615","post","type-post","status-publish","format-standard","hentry","category-haberler"],"acf":[],"yoast_head":"<!-- This site is optimized with the Yoast SEO plugin v27.4 - https:\/\/yoast.com\/product\/yoast-seo-wordpress\/ -->\n<title>Milliy s\u0131n\u0131flarn\u0131\u00f1 a\u00e7\u0131luv\u0131 qanun boyunca garntiya etile - \u041c\u0435\u0434\u0436\u043b\u0456\u0441<\/title>\n<meta name=\"robots\" content=\"index, follow, max-snippet:-1, max-image-preview:large, max-video-preview:-1\" \/>\n<link rel=\"canonical\" href=\"https:\/\/qtmm.org\/qt\/milliy-siniflarnin-aciluvi-qanun-boyunca-garntiya-etile\/\" \/>\n<meta property=\"og:locale\" content=\"en_US\" \/>\n<meta property=\"og:type\" content=\"article\" \/>\n<meta property=\"og:title\" content=\"Milliy s\u0131n\u0131flarn\u0131\u00f1 a\u00e7\u0131luv\u0131 qanun boyunca garntiya etile - \u041c\u0435\u0434\u0436\u043b\u0456\u0441\" \/>\n<meta property=\"og:description\" content=\"Saq rayon\u0131n\u0131\u00f1 Juravli k\u00f6y\u00fcndeki umutasil mektepte oqutuv q\u0131r\u0131mtatar tilinde al\u0131p bar\u0131l\u011fan 1-nci s\u0131n\u0131f 1993 senesi a\u00e7\u0131l\u011fan edi. Al az\u0131rda mektepte 4 q\u0131r\u0131mtatar milliy s\u0131n\u0131f\u0131 mevcut.&nbsp; Amma so\u00f1ki eki sene&nbsp; devam\u0131nda evl\u00e2d\u0131n\u0131 ana tilinde oqutma\u011fa istegen q\u0131r\u0131mtatarlar mektep m\u00fcdirine milliy s\u0131n\u0131f a\u00e7t\u0131r\u0131p olamaylar. &nbsp;&nbsp;&nbsp;&nbsp; Saq rayon\u0131n\u0131 Juravli k\u00f6y\u00fcndeki orta umutasil mektepke&nbsp; Dolinka,&nbsp; Listovoye ve mektep yerle\u015fken [&hellip;]\" \/>\n<meta property=\"og:url\" content=\"https:\/\/qtmm.org\/qt\/milliy-siniflarnin-aciluvi-qanun-boyunca-garntiya-etile\/\" \/>\n<meta property=\"og:site_name\" content=\"\u041c\u0435\u0434\u0436\u043b\u0456\u0441\" \/>\n<meta property=\"article:publisher\" content=\"https:\/\/www.facebook.com\/qtmm.info\/\" \/>\n<meta property=\"article:published_time\" content=\"2012-05-31T18:11:00+00:00\" \/>\n<meta property=\"article:modified_time\" content=\"2022-01-21T18:11:53+00:00\" \/>\n<meta name=\"author\" content=\"Developer\" \/>\n<meta name=\"twitter:card\" content=\"summary_large_image\" \/>\n<meta name=\"twitter:label1\" content=\"Written by\" \/>\n\t<meta name=\"twitter:data1\" content=\"Developer\" \/>\n\t<meta name=\"twitter:label2\" content=\"Est. reading time\" \/>\n\t<meta name=\"twitter:data2\" content=\"3 minutes\" \/>\n<script type=\"application\/ld+json\" class=\"yoast-schema-graph\">{\"@context\":\"https:\\\/\\\/schema.org\",\"@graph\":[{\"@type\":\"Article\",\"@id\":\"https:\\\/\\\/qtmm.org\\\/qt\\\/milliy-siniflarnin-aciluvi-qanun-boyunca-garntiya-etile\\\/#article\",\"isPartOf\":{\"@id\":\"https:\\\/\\\/qtmm.org\\\/qt\\\/milliy-siniflarnin-aciluvi-qanun-boyunca-garntiya-etile\\\/\"},\"author\":{\"name\":\"Developer\",\"@id\":\"https:\\\/\\\/qtmm.org\\\/qt\\\/#\\\/schema\\\/person\\\/de562469f971dec226ac06e60bbf74a7\"},\"headline\":\"Milliy s\u0131n\u0131flarn\u0131\u00f1 a\u00e7\u0131luv\u0131 qanun boyunca garntiya etile\",\"datePublished\":\"2012-05-31T18:11:00+00:00\",\"dateModified\":\"2022-01-21T18:11:53+00:00\",\"mainEntityOfPage\":{\"@id\":\"https:\\\/\\\/qtmm.org\\\/qt\\\/milliy-siniflarnin-aciluvi-qanun-boyunca-garntiya-etile\\\/\"},\"wordCount\":614,\"commentCount\":0,\"publisher\":{\"@id\":\"https:\\\/\\\/qtmm.org\\\/qt\\\/#organization\"},\"articleSection\":[\"Haberler\"],\"inLanguage\":\"qt\",\"potentialAction\":[{\"@type\":\"CommentAction\",\"name\":\"Comment\",\"target\":[\"https:\\\/\\\/qtmm.org\\\/qt\\\/milliy-siniflarnin-aciluvi-qanun-boyunca-garntiya-etile\\\/#respond\"]}]},{\"@type\":\"WebPage\",\"@id\":\"https:\\\/\\\/qtmm.org\\\/qt\\\/milliy-siniflarnin-aciluvi-qanun-boyunca-garntiya-etile\\\/\",\"url\":\"https:\\\/\\\/qtmm.org\\\/qt\\\/milliy-siniflarnin-aciluvi-qanun-boyunca-garntiya-etile\\\/\",\"name\":\"Milliy s\u0131n\u0131flarn\u0131\u00f1 a\u00e7\u0131luv\u0131 qanun boyunca garntiya etile - \u041c\u0435\u0434\u0436\u043b\u0456\u0441\",\"isPartOf\":{\"@id\":\"https:\\\/\\\/qtmm.org\\\/qt\\\/#website\"},\"datePublished\":\"2012-05-31T18:11:00+00:00\",\"dateModified\":\"2022-01-21T18:11:53+00:00\",\"breadcrumb\":{\"@id\":\"https:\\\/\\\/qtmm.org\\\/qt\\\/milliy-siniflarnin-aciluvi-qanun-boyunca-garntiya-etile\\\/#breadcrumb\"},\"inLanguage\":\"qt\",\"potentialAction\":[{\"@type\":\"ReadAction\",\"target\":[\"https:\\\/\\\/qtmm.org\\\/qt\\\/milliy-siniflarnin-aciluvi-qanun-boyunca-garntiya-etile\\\/\"]}]},{\"@type\":\"BreadcrumbList\",\"@id\":\"https:\\\/\\\/qtmm.org\\\/qt\\\/milliy-siniflarnin-aciluvi-qanun-boyunca-garntiya-etile\\\/#breadcrumb\",\"itemListElement\":[{\"@type\":\"ListItem\",\"position\":1,\"name\":\"\u0413\u043e\u043b\u043e\u0432\u043d\u0430\",\"item\":\"https:\\\/\\\/qtmm.org\\\/qt\\\/\"},{\"@type\":\"ListItem\",\"position\":2,\"name\":\"Milliy s\u0131n\u0131flarn\u0131\u00f1 a\u00e7\u0131luv\u0131 qanun boyunca garntiya etile\"}]},{\"@type\":\"WebSite\",\"@id\":\"https:\\\/\\\/qtmm.org\\\/qt\\\/#website\",\"url\":\"https:\\\/\\\/qtmm.org\\\/qt\\\/\",\"name\":\"\u041c\u0435\u0434\u0436\u043b\u0456\u0441\",\"description\":\"\",\"publisher\":{\"@id\":\"https:\\\/\\\/qtmm.org\\\/qt\\\/#organization\"},\"potentialAction\":[{\"@type\":\"SearchAction\",\"target\":{\"@type\":\"EntryPoint\",\"urlTemplate\":\"https:\\\/\\\/qtmm.org\\\/qt\\\/?s={search_term_string}\"},\"query-input\":{\"@type\":\"PropertyValueSpecification\",\"valueRequired\":true,\"valueName\":\"search_term_string\"}}],\"inLanguage\":\"qt\"},{\"@type\":\"Organization\",\"@id\":\"https:\\\/\\\/qtmm.org\\\/qt\\\/#organization\",\"name\":\"\u041c\u0435\u0434\u0436\u043b\u0456\u0441\",\"url\":\"https:\\\/\\\/qtmm.org\\\/qt\\\/\",\"logo\":{\"@type\":\"ImageObject\",\"inLanguage\":\"qt\",\"@id\":\"https:\\\/\\\/qtmm.org\\\/qt\\\/#\\\/schema\\\/logo\\\/image\\\/\",\"url\":\"https:\\\/\\\/qtmm.org\\\/wp-content\\\/uploads\\\/2024\\\/12\\\/ua-mejlis-logo-rgb.svg\",\"contentUrl\":\"https:\\\/\\\/qtmm.org\\\/wp-content\\\/uploads\\\/2024\\\/12\\\/ua-mejlis-logo-rgb.svg\",\"caption\":\"\u041c\u0435\u0434\u0436\u043b\u0456\u0441\"},\"image\":{\"@id\":\"https:\\\/\\\/qtmm.org\\\/qt\\\/#\\\/schema\\\/logo\\\/image\\\/\"},\"sameAs\":[\"https:\\\/\\\/www.facebook.com\\\/qtmm.info\\\/\"]},{\"@type\":\"Person\",\"@id\":\"https:\\\/\\\/qtmm.org\\\/qt\\\/#\\\/schema\\\/person\\\/de562469f971dec226ac06e60bbf74a7\",\"name\":\"Developer\",\"image\":{\"@type\":\"ImageObject\",\"inLanguage\":\"qt\",\"@id\":\"https:\\\/\\\/secure.gravatar.com\\\/avatar\\\/392b4cc8fbfeb00b39dfeeab4ee6edded39ffd48e25858637e4765810300227e?s=96&d=mm&r=g\",\"url\":\"https:\\\/\\\/secure.gravatar.com\\\/avatar\\\/392b4cc8fbfeb00b39dfeeab4ee6edded39ffd48e25858637e4765810300227e?s=96&d=mm&r=g\",\"contentUrl\":\"https:\\\/\\\/secure.gravatar.com\\\/avatar\\\/392b4cc8fbfeb00b39dfeeab4ee6edded39ffd48e25858637e4765810300227e?s=96&d=mm&r=g\",\"caption\":\"Developer\"},\"url\":\"https:\\\/\\\/qtmm.org\\\/qt\\\/author\\\/Developer\\\/\"}]}<\/script>\n<!-- \/ Yoast SEO plugin. -->","yoast_head_json":{"title":"Milliy s\u0131n\u0131flarn\u0131\u00f1 a\u00e7\u0131luv\u0131 qanun boyunca garntiya etile - \u041c\u0435\u0434\u0436\u043b\u0456\u0441","robots":{"index":"index","follow":"follow","max-snippet":"max-snippet:-1","max-image-preview":"max-image-preview:large","max-video-preview":"max-video-preview:-1"},"canonical":"https:\/\/qtmm.org\/qt\/milliy-siniflarnin-aciluvi-qanun-boyunca-garntiya-etile\/","og_locale":"en_US","og_type":"article","og_title":"Milliy s\u0131n\u0131flarn\u0131\u00f1 a\u00e7\u0131luv\u0131 qanun boyunca garntiya etile - \u041c\u0435\u0434\u0436\u043b\u0456\u0441","og_description":"Saq rayon\u0131n\u0131\u00f1 Juravli k\u00f6y\u00fcndeki umutasil mektepte oqutuv q\u0131r\u0131mtatar tilinde al\u0131p bar\u0131l\u011fan 1-nci s\u0131n\u0131f 1993 senesi a\u00e7\u0131l\u011fan edi. Al az\u0131rda mektepte 4 q\u0131r\u0131mtatar milliy s\u0131n\u0131f\u0131 mevcut.&nbsp; Amma so\u00f1ki eki sene&nbsp; devam\u0131nda evl\u00e2d\u0131n\u0131 ana tilinde oqutma\u011fa istegen q\u0131r\u0131mtatarlar mektep m\u00fcdirine milliy s\u0131n\u0131f a\u00e7t\u0131r\u0131p olamaylar. &nbsp;&nbsp;&nbsp;&nbsp; Saq rayon\u0131n\u0131 Juravli k\u00f6y\u00fcndeki orta umutasil mektepke&nbsp; Dolinka,&nbsp; Listovoye ve mektep yerle\u015fken [&hellip;]","og_url":"https:\/\/qtmm.org\/qt\/milliy-siniflarnin-aciluvi-qanun-boyunca-garntiya-etile\/","og_site_name":"\u041c\u0435\u0434\u0436\u043b\u0456\u0441","article_publisher":"https:\/\/www.facebook.com\/qtmm.info\/","article_published_time":"2012-05-31T18:11:00+00:00","article_modified_time":"2022-01-21T18:11:53+00:00","author":"Developer","twitter_card":"summary_large_image","twitter_misc":{"Written by":"Developer","Est. reading time":"3 minutes"},"schema":{"@context":"https:\/\/schema.org","@graph":[{"@type":"Article","@id":"https:\/\/qtmm.org\/qt\/milliy-siniflarnin-aciluvi-qanun-boyunca-garntiya-etile\/#article","isPartOf":{"@id":"https:\/\/qtmm.org\/qt\/milliy-siniflarnin-aciluvi-qanun-boyunca-garntiya-etile\/"},"author":{"name":"Developer","@id":"https:\/\/qtmm.org\/qt\/#\/schema\/person\/de562469f971dec226ac06e60bbf74a7"},"headline":"Milliy s\u0131n\u0131flarn\u0131\u00f1 a\u00e7\u0131luv\u0131 qanun boyunca garntiya etile","datePublished":"2012-05-31T18:11:00+00:00","dateModified":"2022-01-21T18:11:53+00:00","mainEntityOfPage":{"@id":"https:\/\/qtmm.org\/qt\/milliy-siniflarnin-aciluvi-qanun-boyunca-garntiya-etile\/"},"wordCount":614,"commentCount":0,"publisher":{"@id":"https:\/\/qtmm.org\/qt\/#organization"},"articleSection":["Haberler"],"inLanguage":"qt","potentialAction":[{"@type":"CommentAction","name":"Comment","target":["https:\/\/qtmm.org\/qt\/milliy-siniflarnin-aciluvi-qanun-boyunca-garntiya-etile\/#respond"]}]},{"@type":"WebPage","@id":"https:\/\/qtmm.org\/qt\/milliy-siniflarnin-aciluvi-qanun-boyunca-garntiya-etile\/","url":"https:\/\/qtmm.org\/qt\/milliy-siniflarnin-aciluvi-qanun-boyunca-garntiya-etile\/","name":"Milliy s\u0131n\u0131flarn\u0131\u00f1 a\u00e7\u0131luv\u0131 qanun boyunca garntiya etile - \u041c\u0435\u0434\u0436\u043b\u0456\u0441","isPartOf":{"@id":"https:\/\/qtmm.org\/qt\/#website"},"datePublished":"2012-05-31T18:11:00+00:00","dateModified":"2022-01-21T18:11:53+00:00","breadcrumb":{"@id":"https:\/\/qtmm.org\/qt\/milliy-siniflarnin-aciluvi-qanun-boyunca-garntiya-etile\/#breadcrumb"},"inLanguage":"qt","potentialAction":[{"@type":"ReadAction","target":["https:\/\/qtmm.org\/qt\/milliy-siniflarnin-aciluvi-qanun-boyunca-garntiya-etile\/"]}]},{"@type":"BreadcrumbList","@id":"https:\/\/qtmm.org\/qt\/milliy-siniflarnin-aciluvi-qanun-boyunca-garntiya-etile\/#breadcrumb","itemListElement":[{"@type":"ListItem","position":1,"name":"\u0413\u043e\u043b\u043e\u0432\u043d\u0430","item":"https:\/\/qtmm.org\/qt\/"},{"@type":"ListItem","position":2,"name":"Milliy s\u0131n\u0131flarn\u0131\u00f1 a\u00e7\u0131luv\u0131 qanun boyunca garntiya etile"}]},{"@type":"WebSite","@id":"https:\/\/qtmm.org\/qt\/#website","url":"https:\/\/qtmm.org\/qt\/","name":"\u041c\u0435\u0434\u0436\u043b\u0456\u0441","description":"","publisher":{"@id":"https:\/\/qtmm.org\/qt\/#organization"},"potentialAction":[{"@type":"SearchAction","target":{"@type":"EntryPoint","urlTemplate":"https:\/\/qtmm.org\/qt\/?s={search_term_string}"},"query-input":{"@type":"PropertyValueSpecification","valueRequired":true,"valueName":"search_term_string"}}],"inLanguage":"qt"},{"@type":"Organization","@id":"https:\/\/qtmm.org\/qt\/#organization","name":"\u041c\u0435\u0434\u0436\u043b\u0456\u0441","url":"https:\/\/qtmm.org\/qt\/","logo":{"@type":"ImageObject","inLanguage":"qt","@id":"https:\/\/qtmm.org\/qt\/#\/schema\/logo\/image\/","url":"https:\/\/qtmm.org\/wp-content\/uploads\/2024\/12\/ua-mejlis-logo-rgb.svg","contentUrl":"https:\/\/qtmm.org\/wp-content\/uploads\/2024\/12\/ua-mejlis-logo-rgb.svg","caption":"\u041c\u0435\u0434\u0436\u043b\u0456\u0441"},"image":{"@id":"https:\/\/qtmm.org\/qt\/#\/schema\/logo\/image\/"},"sameAs":["https:\/\/www.facebook.com\/qtmm.info\/"]},{"@type":"Person","@id":"https:\/\/qtmm.org\/qt\/#\/schema\/person\/de562469f971dec226ac06e60bbf74a7","name":"Developer","image":{"@type":"ImageObject","inLanguage":"qt","@id":"https:\/\/secure.gravatar.com\/avatar\/392b4cc8fbfeb00b39dfeeab4ee6edded39ffd48e25858637e4765810300227e?s=96&d=mm&r=g","url":"https:\/\/secure.gravatar.com\/avatar\/392b4cc8fbfeb00b39dfeeab4ee6edded39ffd48e25858637e4765810300227e?s=96&d=mm&r=g","contentUrl":"https:\/\/secure.gravatar.com\/avatar\/392b4cc8fbfeb00b39dfeeab4ee6edded39ffd48e25858637e4765810300227e?s=96&d=mm&r=g","caption":"Developer"},"url":"https:\/\/qtmm.org\/qt\/author\/Developer\/"}]}},"_links":{"self":[{"href":"https:\/\/qtmm.org\/qt\/wp-json\/wp\/v2\/posts\/31615","targetHints":{"allow":["GET"]}}],"collection":[{"href":"https:\/\/qtmm.org\/qt\/wp-json\/wp\/v2\/posts"}],"about":[{"href":"https:\/\/qtmm.org\/qt\/wp-json\/wp\/v2\/types\/post"}],"author":[{"embeddable":true,"href":"https:\/\/qtmm.org\/qt\/wp-json\/wp\/v2\/users\/1"}],"replies":[{"embeddable":true,"href":"https:\/\/qtmm.org\/qt\/wp-json\/wp\/v2\/comments?post=31615"}],"version-history":[{"count":1,"href":"https:\/\/qtmm.org\/qt\/wp-json\/wp\/v2\/posts\/31615\/revisions"}],"predecessor-version":[{"id":31620,"href":"https:\/\/qtmm.org\/qt\/wp-json\/wp\/v2\/posts\/31615\/revisions\/31620"}],"wp:attachment":[{"href":"https:\/\/qtmm.org\/qt\/wp-json\/wp\/v2\/media?parent=31615"}],"wp:term":[{"taxonomy":"category","embeddable":true,"href":"https:\/\/qtmm.org\/qt\/wp-json\/wp\/v2\/categories?post=31615"},{"taxonomy":"post_tag","embeddable":true,"href":"https:\/\/qtmm.org\/qt\/wp-json\/wp\/v2\/tags?post=31615"}],"curies":[{"name":"wp","href":"https:\/\/api.w.org\/{rel}","templated":true}]}}