




{"id":31575,"date":"2012-05-29T21:09:00","date_gmt":"2012-05-29T18:09:00","guid":{"rendered":"http:\/\/qtmm.org\/?p=31575"},"modified":"2022-01-21T21:11:15","modified_gmt":"2022-01-21T18:11:15","slug":"qirim-yuqari-surasinda-ukrainanin-devlet-etnik-milliy-siyaseti-mevhumi-aqqinda-qanuninin-eki-leyhasi-muzakere-etildi","status":"publish","type":"post","link":"https:\/\/qtmm.org\/qt\/qirim-yuqari-surasinda-ukrainanin-devlet-etnik-milliy-siyaseti-mevhumi-aqqinda-qanuninin-eki-leyhasi-muzakere-etildi\/","title":{"rendered":"Q\u0131r\u0131m Yuqar\u0131 \u015euras\u0131nda \u00abUkrainan\u0131\u00f1 devlet etnik milliy siyaseti mevhum\u0131 aqq\u0131nda\u00bb qanun\u0131n\u0131\u00f1 eki leyhas\u0131 muzakere etildi"},"content":{"rendered":"\n<p>2012 senesi may\u0131s 29-da ol\u0131p ke\u00e7ken Q\u0131r\u0131m Yuqar\u0131 \u015euras\u0131nda Q\u0131r\u0131m Yuqar\u0131 \u015euras\u0131 reisini\u00f1 uzur\u0131ndaki \u0130nsan tel\u00fckesizligi ve inki\u015faf\u0131 boyunca ke\u00f1e\u015fni\u00f1 topla\u015fuv\u0131n\u0131 Q\u0131r\u0131m parlamentini\u00f1 ba\u015f\u0131 Vladimir Konstantinov al\u0131p bard\u0131.<\/p>\n\n\n\n<p>Onda &#8220;Ukrainan\u0131\u00f1 devlet etnik milliy siyaseti mevhum\u0131 aqq\u0131nda&#8221; qanun\u0131n\u0131\u00f1 eki leyhas\u0131 muzakere etildi.<\/p>\n\n\n\n<p>Birinci leyhan\u0131\u00f1 m\u00fcellifi Ukraina halq deputat\u0131, Q\u0131r\u0131mtatar halq\u0131 Meclisini\u00f1 reisi Mustafa Cemilev \u00f6z leyhas\u0131n\u0131 cemaat aras\u0131nda muzakere etilgen so\u00f1 2012 senesi mart 7-de Ukraina parlamentine avale etti. Ekinci leyha ise Ukraina Nazirler kabineti taraf\u0131ndan az\u0131rlan\u0131p, Yuqar\u0131 Rada muzakeresine mart 12 k\u00fcn\u00fc taqdim etilgen.<\/p>\n\n\n\n<p>Ke\u00f1e\u015f topla\u015fuv\u0131nda bulun\u011fan Meclis reisi, Ukraina halq deputat\u0131 Mustafa Cemilev on\u0131\u00f1 i\u015ftirak\u00e7ilerine \u015fun\u0131 hat\u0131rlatt\u0131 ki, yanvar 11 k\u00fcn\u00fc Ukraina Yuqar\u0131 \u015euras\u0131nda &#8220;Ukrainan\u0131\u00f1 etnik milliy siyaseti: yutuq ve istiqballer&#8221; mevzus\u0131nda parlament di\u00f1levleri \u00f6tkerilip, olarn\u0131\u00f1 neticeleri boyunca Ukrainada etnik siyaseti k\u00f6ntseptsiyas\u0131n\u0131 qabul etmek zarurl\u0131\u011f\u0131na ait tevsiyeler qabul etilgen edi. Mustafa Cemilev bun\u0131\u00f1 kibi de &#8220;Ukrainan\u0131\u00f1 devlet etnik milliy siyaseti mevhum\u0131 aqq\u0131nda&#8221; qanun\u0131n\u0131\u00f1 leyhas\u0131 ta 2005 senesi o zaman Ukraina halq deputat\u0131 Refat \u00c7ubarov taraf\u0131ndan Ukrainan\u0131\u00f1 yetek\u00e7i m\u00fctehass\u0131slar\u0131nen birlikte az\u0131rlan\u011fan\u0131n\u0131 qayd etti.<\/p>\n\n\n\n<p>&#8220;Biz eki leyhan\u0131 te\u00f1e\u015ftirip, \u015fun\u0131 qayd etmege ister edik ki, mezk\u00fcr leyhalarn\u0131\u00f1 ekisinde de emiyetli bir qarama-qar\u015f\u0131l\u0131q yoqt\u0131r. Menim leyham etnik milliy siyaset meselesini konkretle\u015ftire ve keni\u015flete, &#8211; devam etti M. Cemilev. \u2013 Bu munasebetnen Ukraina Prezidentini\u00f1 Memuriyeti i\u015f\u00e7i gruppan\u0131 tizip, eki leyha esas\u0131nda Ukraina parlamenti k\u00fcn tertibine kirsetilecek bir leyha i\u015flemekni teklif etti&#8221;.<\/p>\n\n\n\n<p>Leyha m\u00fcelliflerden biri ol\u011fan, Meclis reisini\u00f1 birinci muavini, Q\u0131r\u0131m Yuqar\u0131 \u015euras\u0131n\u0131\u00f1 deputat\u0131 Refat \u00c7ubarov &#8220;devletni\u00f1 etnik milliy siyasetini m\u00fckemmelle\u015ftirmeden cemiyette insan ve halqlarn\u0131\u00f1 aqlar\u0131n\u0131 qor\u00e7alamaq m\u00fcrekkeptir&#8221;, dedi. Etnik milliy siyaset meselesi so\u00f1una yetkizilmegenini\u00f1 a\u00e7\u0131q misali ke\u00e7enlerde &#8220;Devletni\u00f1 til siyaseti esaslar\u0131 aqq\u0131nda&#8221; qanunn\u0131\u00f1 muzakere ve qabul etilmesi old\u0131. \u00c7\u00fcnki onda til meselesini\u00f1 \u00e7ezimine farql\u0131 yollar teklif etile.<\/p>\n\n\n\n<p>\u00c7ubarovn\u0131\u00f1 aytqan\u0131na k\u00f6re, Ukraina devlet etnik milliy siyasetni\u00f1 mevhum\u0131 &#8211; bu etnik siyasiy saada devletni\u00f1 y\u00f6neli\u015fidir. Mevhumn\u0131\u00f1 vazifesi esas printsipler \u2013 uquqiy, te\u015fkiliy ve finans printsiplerni belgilevdir.<\/p>\n\n\n\n<p>Refat \u00c7ubarov topla\u015fuv i\u015ftirak\u00e7ilerini\u00f1 diqqat\u0131n\u0131 M. Cemilevni\u00f1 leyhas\u0131nda \u0131st\u0131lalarn\u0131\u00f1 manas\u0131 a\u00e7\u0131qlana. Mesel\u00e2 Ukraina Anayasas\u0131nda da rastkelgen &#8220;devlet etnik milliy siyaset&#8221;, &#8220;devlet etnik milliy siyasetni\u00f1 obyektleri&#8221;, &#8220;etnik cemiyet&#8221;, &#8220;milliy azl\u0131q&#8221;, &#8220;tam\u0131r halq&#8221;, &#8220;etnik gruppa&#8221;, &#8220;repatriantlar&#8221;, &#8220;milliy-medeniy muhtariyet&#8221; kibi \u0131st\u0131lalar a\u00f1lat\u0131la.<\/p>\n\n\n\n<p>&#8220;Bu munasebetnen M. Cemilev taraf\u0131ndan muzakerege berilgen leyhada uquq \u0131st\u0131lalarn\u0131\u00f1 manas\u0131 a\u00e7\u0131p k\u00f6sterile \u015eun\u0131 da qayd etmek l\u00e2zim ki, er eki leyhada da Ukraina qanun\u015f\u0131nasl\u0131\u011f\u0131nda birinci kere &#8220;tam\u0131r halqlar&#8221; \u0131st\u0131las\u0131n\u0131\u00f1 a\u00e7\u0131qlamas\u0131 berile. Refat \u00c7ubarov qanun leyhas\u0131n\u0131\u00f1 b\u00fct\u00fcn b\u00f6l\u00fcklerini ve amelge ke\u00e7ir\u00fcv printsiplerini tezis \u015fekilinde talil eterek, \u015fulardan biri Ukrainan\u0131\u00f1 &#8220;Milliy mens\u00fcpligi boyunca s\u00fcrg\u00fcn etilgen \u015fah\u0131slarn\u0131\u00f1 aqlar\u0131n\u0131 \u011fayr\u0131dan tiklev aqq\u0131nda&#8221;, &#8220;Ukrainan\u0131\u00f1 tam\u0131r halqlar\u0131 aqq\u0131nda&#8221;, &#8220;Q\u0131r\u0131mtatar halq\u0131n\u0131\u00f1 status\u0131 aqq\u0131nda&#8221; qanunlar\u0131n\u0131\u00f1 qabul etilmesidir, deti.<\/p>\n\n\n\n<p>Ke\u00f1e\u015f topla\u015fuv\u0131n\u0131\u00f1 neticelerine k\u00f6re Refat \u00c7ubarov eki leyhan\u0131 da Qanun\u015f\u0131nasl\u0131q te\u015febb\u00fcsler merkezine taqdim etip, uquq ve qanun saalar\u0131nda \u00e7al\u0131\u015fqan m\u00fctehass\u0131slarn\u0131\u00f1 i\u015ftirakinde munaqa\u015fan\u0131 devam etmek teklifinde bulund\u0131.<\/p>\n\n\n\n<p>Refat \u00c7ubarovn\u0131\u00f1 \u00e7\u0131q\u0131\u015f\u0131ndan so\u00f1 devam etken muzakere ekpertlerni\u00f1 topla\u015fuv k\u00fcn tertibine farql\u0131 munasebetlerini numay\u0131\u015f etti. C\u00fcmleden, bulun\u011fanlarn\u0131\u00f1 bir s\u0131ras\u0131 eki leyhan\u0131\u00f1 da qabul etilmesine kesen-kes qar\u015f\u0131 \u00e7\u0131q\u0131p, sebep olaraq ukrain cemiyetine menfiy tesir etecegi ve naraz\u0131l\u0131q dal\u011fas\u0131n\u0131\u00f1 k\u00f6terilmesini k\u00f6sterdiler. Ayn\u0131 zamanda q\u0131r\u0131ml\u0131 tarih\u00e7\u0131lar ve siyaset\u015f\u0131naslar bu\u00f1a qar\u015f\u0131 esasl\u0131 deliller ketirip, &#8220;Ukrainan\u0131\u00f1 devlet etnik milliy siyasetini\u00f1 mevhum\u0131&#8221; qanun\u0131 Ukraina kibi \u00e7oqmilletli devlet i\u00e7inde endi \u00e7oqtan qabul etilmesi zarurl\u0131\u011f\u0131n\u0131 aytt\u0131lar.<\/p>\n\n\n\n<p>Topla\u015fuv neticelerine yek\u00fcn \u00e7ekken parlament reisi V. Konstantinov Ke\u00f1e\u015f azalar\u0131n\u0131\u00f1 eki leyha boyunca tevsiye ve muzakere neticelerini az\u0131rlavnen o\u011fra\u015facaq \u0130\u015f\u00e7i gruppan\u0131 meydan\u011fa ketirmek ve i\u015f neticelerini so\u00f1ra Ukraina halq deputat\u0131 B\u00f6ris Dey\u00e7 reisligindeki Q\u0131r\u0131m Muhtar Cumhuriyeti meseleleri boyunca Muvakqat mahsus komissiya\u011fa yollamaq teklifine qoltutt\u0131<\/p>\n\n\n\n<figure class=\"wp-block-gallery columns-3 is-cropped wp-block-gallery-1 is-layout-flex wp-block-gallery-is-layout-flex\"><ul class=\"blocks-gallery-grid\"><li class=\"blocks-gallery-item\"><figure><a href=\"http:\/\/qtmm.org\/wp-content\/uploads\/2022\/01\/4fca0d3c85f55.jpeg\"><img loading=\"lazy\" decoding=\"async\" width=\"640\" height=\"480\" src=\"http:\/\/qtmm.org\/wp-content\/uploads\/2022\/01\/4fca0d3c85f55.jpeg\" alt=\"\" data-id=\"31578\" data-full-url=\"http:\/\/qtmm.org\/wp-content\/uploads\/2022\/01\/4fca0d3c85f55.jpeg\" data-link=\"http:\/\/qtmm.org\/?attachment_id=31578\" class=\"wp-image-31578\" srcset=\"https:\/\/qtmm.org\/wp-content\/uploads\/2022\/01\/4fca0d3c85f55.jpeg 640w, https:\/\/qtmm.org\/wp-content\/uploads\/2022\/01\/4fca0d3c85f55-300x225.jpeg 300w\" sizes=\"auto, (max-width: 640px) 100vw, 640px\" \/><\/a><\/figure><\/li><li class=\"blocks-gallery-item\"><figure><a href=\"http:\/\/qtmm.org\/wp-content\/uploads\/2022\/01\/4fca0d3cb3db0.jpeg\"><img loading=\"lazy\" decoding=\"async\" width=\"640\" height=\"480\" src=\"http:\/\/qtmm.org\/wp-content\/uploads\/2022\/01\/4fca0d3cb3db0.jpeg\" alt=\"\" data-id=\"31582\" data-full-url=\"http:\/\/qtmm.org\/wp-content\/uploads\/2022\/01\/4fca0d3cb3db0.jpeg\" data-link=\"http:\/\/qtmm.org\/?attachment_id=31582\" class=\"wp-image-31582\" srcset=\"https:\/\/qtmm.org\/wp-content\/uploads\/2022\/01\/4fca0d3cb3db0.jpeg 640w, https:\/\/qtmm.org\/wp-content\/uploads\/2022\/01\/4fca0d3cb3db0-300x225.jpeg 300w\" sizes=\"auto, (max-width: 640px) 100vw, 640px\" \/><\/a><\/figure><\/li><li class=\"blocks-gallery-item\"><figure><a href=\"http:\/\/qtmm.org\/wp-content\/uploads\/2022\/01\/4fca0d3cd7431.jpeg\"><img loading=\"lazy\" decoding=\"async\" width=\"640\" height=\"480\" src=\"http:\/\/qtmm.org\/wp-content\/uploads\/2022\/01\/4fca0d3cd7431.jpeg\" alt=\"\" data-id=\"31586\" data-full-url=\"http:\/\/qtmm.org\/wp-content\/uploads\/2022\/01\/4fca0d3cd7431.jpeg\" data-link=\"http:\/\/qtmm.org\/qt\/?attachment_id=31586\" class=\"wp-image-31586\" srcset=\"https:\/\/qtmm.org\/wp-content\/uploads\/2022\/01\/4fca0d3cd7431.jpeg 640w, https:\/\/qtmm.org\/wp-content\/uploads\/2022\/01\/4fca0d3cd7431-300x225.jpeg 300w\" sizes=\"auto, (max-width: 640px) 100vw, 640px\" \/><\/a><\/figure><\/li><li class=\"blocks-gallery-item\"><figure><a href=\"http:\/\/qtmm.org\/wp-content\/uploads\/2022\/01\/4fca0d3d2d199.jpeg\"><img loading=\"lazy\" decoding=\"async\" width=\"640\" height=\"480\" src=\"http:\/\/qtmm.org\/wp-content\/uploads\/2022\/01\/4fca0d3d2d199.jpeg\" alt=\"\" data-id=\"31590\" data-full-url=\"http:\/\/qtmm.org\/wp-content\/uploads\/2022\/01\/4fca0d3d2d199.jpeg\" data-link=\"http:\/\/qtmm.org\/qt\/?attachment_id=31590\" class=\"wp-image-31590\" srcset=\"https:\/\/qtmm.org\/wp-content\/uploads\/2022\/01\/4fca0d3d2d199.jpeg 640w, https:\/\/qtmm.org\/wp-content\/uploads\/2022\/01\/4fca0d3d2d199-300x225.jpeg 300w\" sizes=\"auto, (max-width: 640px) 100vw, 640px\" \/><\/a><\/figure><\/li><li class=\"blocks-gallery-item\"><figure><a href=\"http:\/\/qtmm.org\/wp-content\/uploads\/2022\/01\/4fca0d3d7cc2b.jpeg\"><img loading=\"lazy\" decoding=\"async\" width=\"640\" height=\"480\" src=\"http:\/\/qtmm.org\/wp-content\/uploads\/2022\/01\/4fca0d3d7cc2b.jpeg\" alt=\"\" data-id=\"31594\" data-full-url=\"http:\/\/qtmm.org\/wp-content\/uploads\/2022\/01\/4fca0d3d7cc2b.jpeg\" data-link=\"http:\/\/qtmm.org\/qt\/?attachment_id=31594\" class=\"wp-image-31594\" srcset=\"https:\/\/qtmm.org\/wp-content\/uploads\/2022\/01\/4fca0d3d7cc2b.jpeg 640w, https:\/\/qtmm.org\/wp-content\/uploads\/2022\/01\/4fca0d3d7cc2b-300x225.jpeg 300w\" sizes=\"auto, (max-width: 640px) 100vw, 640px\" \/><\/a><\/figure><\/li><li class=\"blocks-gallery-item\"><figure><a href=\"http:\/\/qtmm.org\/wp-content\/uploads\/2022\/01\/4fca0d3d51bb0.jpeg\"><img loading=\"lazy\" decoding=\"async\" width=\"640\" height=\"480\" src=\"http:\/\/qtmm.org\/wp-content\/uploads\/2022\/01\/4fca0d3d51bb0.jpeg\" alt=\"\" data-id=\"31598\" data-full-url=\"http:\/\/qtmm.org\/wp-content\/uploads\/2022\/01\/4fca0d3d51bb0.jpeg\" data-link=\"http:\/\/qtmm.org\/qt\/?attachment_id=31598\" class=\"wp-image-31598\" srcset=\"https:\/\/qtmm.org\/wp-content\/uploads\/2022\/01\/4fca0d3d51bb0.jpeg 640w, https:\/\/qtmm.org\/wp-content\/uploads\/2022\/01\/4fca0d3d51bb0-300x225.jpeg 300w\" sizes=\"auto, (max-width: 640px) 100vw, 640px\" \/><\/a><\/figure><\/li><li class=\"blocks-gallery-item\"><figure><a href=\"http:\/\/qtmm.org\/wp-content\/uploads\/2022\/01\/4fca0d3d06861.jpeg\"><img loading=\"lazy\" decoding=\"async\" width=\"640\" height=\"480\" src=\"http:\/\/qtmm.org\/wp-content\/uploads\/2022\/01\/4fca0d3d06861.jpeg\" alt=\"\" data-id=\"31602\" data-full-url=\"http:\/\/qtmm.org\/wp-content\/uploads\/2022\/01\/4fca0d3d06861.jpeg\" data-link=\"http:\/\/qtmm.org\/qt\/?attachment_id=31602\" class=\"wp-image-31602\" srcset=\"https:\/\/qtmm.org\/wp-content\/uploads\/2022\/01\/4fca0d3d06861.jpeg 640w, https:\/\/qtmm.org\/wp-content\/uploads\/2022\/01\/4fca0d3d06861-300x225.jpeg 300w\" sizes=\"auto, (max-width: 640px) 100vw, 640px\" \/><\/a><\/figure><\/li><li class=\"blocks-gallery-item\"><figure><a href=\"http:\/\/qtmm.org\/wp-content\/uploads\/2022\/01\/4fca0d3da30eb.jpeg\"><img loading=\"lazy\" decoding=\"async\" width=\"640\" height=\"480\" src=\"http:\/\/qtmm.org\/wp-content\/uploads\/2022\/01\/4fca0d3da30eb.jpeg\" alt=\"\" data-id=\"31606\" data-full-url=\"http:\/\/qtmm.org\/wp-content\/uploads\/2022\/01\/4fca0d3da30eb.jpeg\" data-link=\"http:\/\/qtmm.org\/qt\/?attachment_id=31606\" class=\"wp-image-31606\" srcset=\"https:\/\/qtmm.org\/wp-content\/uploads\/2022\/01\/4fca0d3da30eb.jpeg 640w, https:\/\/qtmm.org\/wp-content\/uploads\/2022\/01\/4fca0d3da30eb-300x225.jpeg 300w\" sizes=\"auto, (max-width: 640px) 100vw, 640px\" \/><\/a><\/figure><\/li><\/ul><\/figure>\n","protected":false},"excerpt":{"rendered":"<p>2012 senesi may\u0131s 29-da ol\u0131p ke\u00e7ken Q\u0131r\u0131m Yuqar\u0131 \u015euras\u0131nda Q\u0131r\u0131m Yuqar\u0131 \u015euras\u0131 reisini\u00f1 uzur\u0131ndaki \u0130nsan tel\u00fckesizligi ve inki\u015faf\u0131 boyunca ke\u00f1e\u015fni\u00f1 topla\u015fuv\u0131n\u0131 Q\u0131r\u0131m parlamentini\u00f1 ba\u015f\u0131 Vladimir Konstantinov al\u0131p bard\u0131. Onda &#8220;Ukrainan\u0131\u00f1 devlet etnik milliy siyaseti mevhum\u0131 aqq\u0131nda&#8221; qanun\u0131n\u0131\u00f1 eki leyhas\u0131 muzakere etildi. Birinci leyhan\u0131\u00f1 m\u00fcellifi Ukraina halq deputat\u0131, Q\u0131r\u0131mtatar halq\u0131 Meclisini\u00f1 reisi Mustafa Cemilev \u00f6z leyhas\u0131n\u0131 [&hellip;]<\/p>\n","protected":false},"author":1,"featured_media":31582,"comment_status":"open","ping_status":"open","sticky":false,"template":"","format":"standard","meta":{"inline_featured_image":false,"footnotes":""},"categories":[265],"tags":[],"class_list":["post-31575","post","type-post","status-publish","format-standard","has-post-thumbnail","hentry","category-haberler"],"acf":[],"yoast_head":"<!-- This site is optimized with the Yoast SEO plugin v27.4 - https:\/\/yoast.com\/product\/yoast-seo-wordpress\/ -->\n<title>Q\u0131r\u0131m Yuqar\u0131 \u015euras\u0131nda \u00abUkrainan\u0131\u00f1 devlet etnik milliy siyaseti mevhum\u0131 aqq\u0131nda\u00bb qanun\u0131n\u0131\u00f1 eki leyhas\u0131 muzakere etildi - \u041c\u0435\u0434\u0436\u043b\u0456\u0441<\/title>\n<meta name=\"robots\" content=\"index, follow, max-snippet:-1, max-image-preview:large, max-video-preview:-1\" \/>\n<link rel=\"canonical\" href=\"https:\/\/qtmm.org\/qt\/qirim-yuqari-surasinda-ukrainanin-devlet-etnik-milliy-siyaseti-mevhumi-aqqinda-qanuninin-eki-leyhasi-muzakere-etildi\/\" \/>\n<meta property=\"og:locale\" content=\"en_US\" \/>\n<meta property=\"og:type\" content=\"article\" \/>\n<meta property=\"og:title\" content=\"Q\u0131r\u0131m Yuqar\u0131 \u015euras\u0131nda \u00abUkrainan\u0131\u00f1 devlet etnik milliy siyaseti mevhum\u0131 aqq\u0131nda\u00bb qanun\u0131n\u0131\u00f1 eki leyhas\u0131 muzakere etildi - \u041c\u0435\u0434\u0436\u043b\u0456\u0441\" \/>\n<meta property=\"og:description\" content=\"2012 senesi may\u0131s 29-da ol\u0131p ke\u00e7ken Q\u0131r\u0131m Yuqar\u0131 \u015euras\u0131nda Q\u0131r\u0131m Yuqar\u0131 \u015euras\u0131 reisini\u00f1 uzur\u0131ndaki \u0130nsan tel\u00fckesizligi ve inki\u015faf\u0131 boyunca ke\u00f1e\u015fni\u00f1 topla\u015fuv\u0131n\u0131 Q\u0131r\u0131m parlamentini\u00f1 ba\u015f\u0131 Vladimir Konstantinov al\u0131p bard\u0131. Onda &#8220;Ukrainan\u0131\u00f1 devlet etnik milliy siyaseti mevhum\u0131 aqq\u0131nda&#8221; qanun\u0131n\u0131\u00f1 eki leyhas\u0131 muzakere etildi. Birinci leyhan\u0131\u00f1 m\u00fcellifi Ukraina halq deputat\u0131, Q\u0131r\u0131mtatar halq\u0131 Meclisini\u00f1 reisi Mustafa Cemilev \u00f6z leyhas\u0131n\u0131 [&hellip;]\" \/>\n<meta property=\"og:url\" content=\"https:\/\/qtmm.org\/qt\/qirim-yuqari-surasinda-ukrainanin-devlet-etnik-milliy-siyaseti-mevhumi-aqqinda-qanuninin-eki-leyhasi-muzakere-etildi\/\" \/>\n<meta property=\"og:site_name\" content=\"\u041c\u0435\u0434\u0436\u043b\u0456\u0441\" \/>\n<meta property=\"article:publisher\" content=\"https:\/\/www.facebook.com\/qtmm.info\/\" \/>\n<meta property=\"article:published_time\" content=\"2012-05-29T18:09:00+00:00\" \/>\n<meta property=\"article:modified_time\" content=\"2022-01-21T18:11:15+00:00\" \/>\n<meta property=\"og:image\" content=\"https:\/\/qtmm.org\/wp-content\/uploads\/2022\/01\/4fca0d3cb3db0.jpeg\" \/>\n\t<meta property=\"og:image:width\" content=\"640\" \/>\n\t<meta property=\"og:image:height\" content=\"480\" \/>\n\t<meta property=\"og:image:type\" content=\"image\/jpeg\" \/>\n<meta name=\"author\" content=\"Developer\" \/>\n<meta name=\"twitter:card\" content=\"summary_large_image\" \/>\n<meta name=\"twitter:label1\" content=\"Written by\" \/>\n\t<meta name=\"twitter:data1\" content=\"Developer\" \/>\n\t<meta name=\"twitter:label2\" content=\"Est. reading time\" \/>\n\t<meta name=\"twitter:data2\" content=\"4 minutes\" \/>\n<script type=\"application\/ld+json\" class=\"yoast-schema-graph\">{\"@context\":\"https:\\\/\\\/schema.org\",\"@graph\":[{\"@type\":\"Article\",\"@id\":\"https:\\\/\\\/qtmm.org\\\/qt\\\/qirim-yuqari-surasinda-ukrainanin-devlet-etnik-milliy-siyaseti-mevhumi-aqqinda-qanuninin-eki-leyhasi-muzakere-etildi\\\/#article\",\"isPartOf\":{\"@id\":\"https:\\\/\\\/qtmm.org\\\/qt\\\/qirim-yuqari-surasinda-ukrainanin-devlet-etnik-milliy-siyaseti-mevhumi-aqqinda-qanuninin-eki-leyhasi-muzakere-etildi\\\/\"},\"author\":{\"name\":\"Developer\",\"@id\":\"https:\\\/\\\/qtmm.org\\\/qt\\\/#\\\/schema\\\/person\\\/de562469f971dec226ac06e60bbf74a7\"},\"headline\":\"Q\u0131r\u0131m Yuqar\u0131 \u015euras\u0131nda \u00abUkrainan\u0131\u00f1 devlet etnik milliy siyaseti mevhum\u0131 aqq\u0131nda\u00bb qanun\u0131n\u0131\u00f1 eki leyhas\u0131 muzakere etildi\",\"datePublished\":\"2012-05-29T18:09:00+00:00\",\"dateModified\":\"2022-01-21T18:11:15+00:00\",\"mainEntityOfPage\":{\"@id\":\"https:\\\/\\\/qtmm.org\\\/qt\\\/qirim-yuqari-surasinda-ukrainanin-devlet-etnik-milliy-siyaseti-mevhumi-aqqinda-qanuninin-eki-leyhasi-muzakere-etildi\\\/\"},\"wordCount\":738,\"commentCount\":0,\"publisher\":{\"@id\":\"https:\\\/\\\/qtmm.org\\\/qt\\\/#organization\"},\"image\":{\"@id\":\"https:\\\/\\\/qtmm.org\\\/qt\\\/qirim-yuqari-surasinda-ukrainanin-devlet-etnik-milliy-siyaseti-mevhumi-aqqinda-qanuninin-eki-leyhasi-muzakere-etildi\\\/#primaryimage\"},\"thumbnailUrl\":\"https:\\\/\\\/qtmm.org\\\/wp-content\\\/uploads\\\/2022\\\/01\\\/4fca0d3cb3db0.jpeg\",\"articleSection\":[\"Haberler\"],\"inLanguage\":\"qt\",\"potentialAction\":[{\"@type\":\"CommentAction\",\"name\":\"Comment\",\"target\":[\"https:\\\/\\\/qtmm.org\\\/qt\\\/qirim-yuqari-surasinda-ukrainanin-devlet-etnik-milliy-siyaseti-mevhumi-aqqinda-qanuninin-eki-leyhasi-muzakere-etildi\\\/#respond\"]}]},{\"@type\":\"WebPage\",\"@id\":\"https:\\\/\\\/qtmm.org\\\/qt\\\/qirim-yuqari-surasinda-ukrainanin-devlet-etnik-milliy-siyaseti-mevhumi-aqqinda-qanuninin-eki-leyhasi-muzakere-etildi\\\/\",\"url\":\"https:\\\/\\\/qtmm.org\\\/qt\\\/qirim-yuqari-surasinda-ukrainanin-devlet-etnik-milliy-siyaseti-mevhumi-aqqinda-qanuninin-eki-leyhasi-muzakere-etildi\\\/\",\"name\":\"Q\u0131r\u0131m Yuqar\u0131 \u015euras\u0131nda \u00abUkrainan\u0131\u00f1 devlet etnik milliy siyaseti mevhum\u0131 aqq\u0131nda\u00bb qanun\u0131n\u0131\u00f1 eki leyhas\u0131 muzakere etildi - \u041c\u0435\u0434\u0436\u043b\u0456\u0441\",\"isPartOf\":{\"@id\":\"https:\\\/\\\/qtmm.org\\\/qt\\\/#website\"},\"primaryImageOfPage\":{\"@id\":\"https:\\\/\\\/qtmm.org\\\/qt\\\/qirim-yuqari-surasinda-ukrainanin-devlet-etnik-milliy-siyaseti-mevhumi-aqqinda-qanuninin-eki-leyhasi-muzakere-etildi\\\/#primaryimage\"},\"image\":{\"@id\":\"https:\\\/\\\/qtmm.org\\\/qt\\\/qirim-yuqari-surasinda-ukrainanin-devlet-etnik-milliy-siyaseti-mevhumi-aqqinda-qanuninin-eki-leyhasi-muzakere-etildi\\\/#primaryimage\"},\"thumbnailUrl\":\"https:\\\/\\\/qtmm.org\\\/wp-content\\\/uploads\\\/2022\\\/01\\\/4fca0d3cb3db0.jpeg\",\"datePublished\":\"2012-05-29T18:09:00+00:00\",\"dateModified\":\"2022-01-21T18:11:15+00:00\",\"breadcrumb\":{\"@id\":\"https:\\\/\\\/qtmm.org\\\/qt\\\/qirim-yuqari-surasinda-ukrainanin-devlet-etnik-milliy-siyaseti-mevhumi-aqqinda-qanuninin-eki-leyhasi-muzakere-etildi\\\/#breadcrumb\"},\"inLanguage\":\"qt\",\"potentialAction\":[{\"@type\":\"ReadAction\",\"target\":[\"https:\\\/\\\/qtmm.org\\\/qt\\\/qirim-yuqari-surasinda-ukrainanin-devlet-etnik-milliy-siyaseti-mevhumi-aqqinda-qanuninin-eki-leyhasi-muzakere-etildi\\\/\"]}]},{\"@type\":\"ImageObject\",\"inLanguage\":\"qt\",\"@id\":\"https:\\\/\\\/qtmm.org\\\/qt\\\/qirim-yuqari-surasinda-ukrainanin-devlet-etnik-milliy-siyaseti-mevhumi-aqqinda-qanuninin-eki-leyhasi-muzakere-etildi\\\/#primaryimage\",\"url\":\"https:\\\/\\\/qtmm.org\\\/wp-content\\\/uploads\\\/2022\\\/01\\\/4fca0d3cb3db0.jpeg\",\"contentUrl\":\"https:\\\/\\\/qtmm.org\\\/wp-content\\\/uploads\\\/2022\\\/01\\\/4fca0d3cb3db0.jpeg\",\"width\":640,\"height\":480},{\"@type\":\"BreadcrumbList\",\"@id\":\"https:\\\/\\\/qtmm.org\\\/qt\\\/qirim-yuqari-surasinda-ukrainanin-devlet-etnik-milliy-siyaseti-mevhumi-aqqinda-qanuninin-eki-leyhasi-muzakere-etildi\\\/#breadcrumb\",\"itemListElement\":[{\"@type\":\"ListItem\",\"position\":1,\"name\":\"\u0413\u043e\u043b\u043e\u0432\u043d\u0430\",\"item\":\"https:\\\/\\\/qtmm.org\\\/qt\\\/\"},{\"@type\":\"ListItem\",\"position\":2,\"name\":\"Q\u0131r\u0131m Yuqar\u0131 \u015euras\u0131nda \u00abUkrainan\u0131\u00f1 devlet etnik milliy siyaseti mevhum\u0131 aqq\u0131nda\u00bb qanun\u0131n\u0131\u00f1 eki leyhas\u0131 muzakere etildi\"}]},{\"@type\":\"WebSite\",\"@id\":\"https:\\\/\\\/qtmm.org\\\/qt\\\/#website\",\"url\":\"https:\\\/\\\/qtmm.org\\\/qt\\\/\",\"name\":\"\u041c\u0435\u0434\u0436\u043b\u0456\u0441\",\"description\":\"\",\"publisher\":{\"@id\":\"https:\\\/\\\/qtmm.org\\\/qt\\\/#organization\"},\"potentialAction\":[{\"@type\":\"SearchAction\",\"target\":{\"@type\":\"EntryPoint\",\"urlTemplate\":\"https:\\\/\\\/qtmm.org\\\/qt\\\/?s={search_term_string}\"},\"query-input\":{\"@type\":\"PropertyValueSpecification\",\"valueRequired\":true,\"valueName\":\"search_term_string\"}}],\"inLanguage\":\"qt\"},{\"@type\":\"Organization\",\"@id\":\"https:\\\/\\\/qtmm.org\\\/qt\\\/#organization\",\"name\":\"\u041c\u0435\u0434\u0436\u043b\u0456\u0441\",\"url\":\"https:\\\/\\\/qtmm.org\\\/qt\\\/\",\"logo\":{\"@type\":\"ImageObject\",\"inLanguage\":\"qt\",\"@id\":\"https:\\\/\\\/qtmm.org\\\/qt\\\/#\\\/schema\\\/logo\\\/image\\\/\",\"url\":\"https:\\\/\\\/qtmm.org\\\/wp-content\\\/uploads\\\/2024\\\/12\\\/ua-mejlis-logo-rgb.svg\",\"contentUrl\":\"https:\\\/\\\/qtmm.org\\\/wp-content\\\/uploads\\\/2024\\\/12\\\/ua-mejlis-logo-rgb.svg\",\"caption\":\"\u041c\u0435\u0434\u0436\u043b\u0456\u0441\"},\"image\":{\"@id\":\"https:\\\/\\\/qtmm.org\\\/qt\\\/#\\\/schema\\\/logo\\\/image\\\/\"},\"sameAs\":[\"https:\\\/\\\/www.facebook.com\\\/qtmm.info\\\/\"]},{\"@type\":\"Person\",\"@id\":\"https:\\\/\\\/qtmm.org\\\/qt\\\/#\\\/schema\\\/person\\\/de562469f971dec226ac06e60bbf74a7\",\"name\":\"Developer\",\"image\":{\"@type\":\"ImageObject\",\"inLanguage\":\"qt\",\"@id\":\"https:\\\/\\\/secure.gravatar.com\\\/avatar\\\/392b4cc8fbfeb00b39dfeeab4ee6edded39ffd48e25858637e4765810300227e?s=96&d=mm&r=g\",\"url\":\"https:\\\/\\\/secure.gravatar.com\\\/avatar\\\/392b4cc8fbfeb00b39dfeeab4ee6edded39ffd48e25858637e4765810300227e?s=96&d=mm&r=g\",\"contentUrl\":\"https:\\\/\\\/secure.gravatar.com\\\/avatar\\\/392b4cc8fbfeb00b39dfeeab4ee6edded39ffd48e25858637e4765810300227e?s=96&d=mm&r=g\",\"caption\":\"Developer\"},\"url\":\"https:\\\/\\\/qtmm.org\\\/qt\\\/author\\\/Developer\\\/\"}]}<\/script>\n<!-- \/ Yoast SEO plugin. -->","yoast_head_json":{"title":"Q\u0131r\u0131m Yuqar\u0131 \u015euras\u0131nda \u00abUkrainan\u0131\u00f1 devlet etnik milliy siyaseti mevhum\u0131 aqq\u0131nda\u00bb qanun\u0131n\u0131\u00f1 eki leyhas\u0131 muzakere etildi - \u041c\u0435\u0434\u0436\u043b\u0456\u0441","robots":{"index":"index","follow":"follow","max-snippet":"max-snippet:-1","max-image-preview":"max-image-preview:large","max-video-preview":"max-video-preview:-1"},"canonical":"https:\/\/qtmm.org\/qt\/qirim-yuqari-surasinda-ukrainanin-devlet-etnik-milliy-siyaseti-mevhumi-aqqinda-qanuninin-eki-leyhasi-muzakere-etildi\/","og_locale":"en_US","og_type":"article","og_title":"Q\u0131r\u0131m Yuqar\u0131 \u015euras\u0131nda \u00abUkrainan\u0131\u00f1 devlet etnik milliy siyaseti mevhum\u0131 aqq\u0131nda\u00bb qanun\u0131n\u0131\u00f1 eki leyhas\u0131 muzakere etildi - \u041c\u0435\u0434\u0436\u043b\u0456\u0441","og_description":"2012 senesi may\u0131s 29-da ol\u0131p ke\u00e7ken Q\u0131r\u0131m Yuqar\u0131 \u015euras\u0131nda Q\u0131r\u0131m Yuqar\u0131 \u015euras\u0131 reisini\u00f1 uzur\u0131ndaki \u0130nsan tel\u00fckesizligi ve inki\u015faf\u0131 boyunca ke\u00f1e\u015fni\u00f1 topla\u015fuv\u0131n\u0131 Q\u0131r\u0131m parlamentini\u00f1 ba\u015f\u0131 Vladimir Konstantinov al\u0131p bard\u0131. Onda &#8220;Ukrainan\u0131\u00f1 devlet etnik milliy siyaseti mevhum\u0131 aqq\u0131nda&#8221; qanun\u0131n\u0131\u00f1 eki leyhas\u0131 muzakere etildi. Birinci leyhan\u0131\u00f1 m\u00fcellifi Ukraina halq deputat\u0131, Q\u0131r\u0131mtatar halq\u0131 Meclisini\u00f1 reisi Mustafa Cemilev \u00f6z leyhas\u0131n\u0131 [&hellip;]","og_url":"https:\/\/qtmm.org\/qt\/qirim-yuqari-surasinda-ukrainanin-devlet-etnik-milliy-siyaseti-mevhumi-aqqinda-qanuninin-eki-leyhasi-muzakere-etildi\/","og_site_name":"\u041c\u0435\u0434\u0436\u043b\u0456\u0441","article_publisher":"https:\/\/www.facebook.com\/qtmm.info\/","article_published_time":"2012-05-29T18:09:00+00:00","article_modified_time":"2022-01-21T18:11:15+00:00","og_image":[{"width":640,"height":480,"url":"https:\/\/qtmm.org\/wp-content\/uploads\/2022\/01\/4fca0d3cb3db0.jpeg","type":"image\/jpeg"}],"author":"Developer","twitter_card":"summary_large_image","twitter_misc":{"Written by":"Developer","Est. reading time":"4 minutes"},"schema":{"@context":"https:\/\/schema.org","@graph":[{"@type":"Article","@id":"https:\/\/qtmm.org\/qt\/qirim-yuqari-surasinda-ukrainanin-devlet-etnik-milliy-siyaseti-mevhumi-aqqinda-qanuninin-eki-leyhasi-muzakere-etildi\/#article","isPartOf":{"@id":"https:\/\/qtmm.org\/qt\/qirim-yuqari-surasinda-ukrainanin-devlet-etnik-milliy-siyaseti-mevhumi-aqqinda-qanuninin-eki-leyhasi-muzakere-etildi\/"},"author":{"name":"Developer","@id":"https:\/\/qtmm.org\/qt\/#\/schema\/person\/de562469f971dec226ac06e60bbf74a7"},"headline":"Q\u0131r\u0131m Yuqar\u0131 \u015euras\u0131nda \u00abUkrainan\u0131\u00f1 devlet etnik milliy siyaseti mevhum\u0131 aqq\u0131nda\u00bb qanun\u0131n\u0131\u00f1 eki leyhas\u0131 muzakere etildi","datePublished":"2012-05-29T18:09:00+00:00","dateModified":"2022-01-21T18:11:15+00:00","mainEntityOfPage":{"@id":"https:\/\/qtmm.org\/qt\/qirim-yuqari-surasinda-ukrainanin-devlet-etnik-milliy-siyaseti-mevhumi-aqqinda-qanuninin-eki-leyhasi-muzakere-etildi\/"},"wordCount":738,"commentCount":0,"publisher":{"@id":"https:\/\/qtmm.org\/qt\/#organization"},"image":{"@id":"https:\/\/qtmm.org\/qt\/qirim-yuqari-surasinda-ukrainanin-devlet-etnik-milliy-siyaseti-mevhumi-aqqinda-qanuninin-eki-leyhasi-muzakere-etildi\/#primaryimage"},"thumbnailUrl":"https:\/\/qtmm.org\/wp-content\/uploads\/2022\/01\/4fca0d3cb3db0.jpeg","articleSection":["Haberler"],"inLanguage":"qt","potentialAction":[{"@type":"CommentAction","name":"Comment","target":["https:\/\/qtmm.org\/qt\/qirim-yuqari-surasinda-ukrainanin-devlet-etnik-milliy-siyaseti-mevhumi-aqqinda-qanuninin-eki-leyhasi-muzakere-etildi\/#respond"]}]},{"@type":"WebPage","@id":"https:\/\/qtmm.org\/qt\/qirim-yuqari-surasinda-ukrainanin-devlet-etnik-milliy-siyaseti-mevhumi-aqqinda-qanuninin-eki-leyhasi-muzakere-etildi\/","url":"https:\/\/qtmm.org\/qt\/qirim-yuqari-surasinda-ukrainanin-devlet-etnik-milliy-siyaseti-mevhumi-aqqinda-qanuninin-eki-leyhasi-muzakere-etildi\/","name":"Q\u0131r\u0131m Yuqar\u0131 \u015euras\u0131nda \u00abUkrainan\u0131\u00f1 devlet etnik milliy siyaseti mevhum\u0131 aqq\u0131nda\u00bb qanun\u0131n\u0131\u00f1 eki leyhas\u0131 muzakere etildi - \u041c\u0435\u0434\u0436\u043b\u0456\u0441","isPartOf":{"@id":"https:\/\/qtmm.org\/qt\/#website"},"primaryImageOfPage":{"@id":"https:\/\/qtmm.org\/qt\/qirim-yuqari-surasinda-ukrainanin-devlet-etnik-milliy-siyaseti-mevhumi-aqqinda-qanuninin-eki-leyhasi-muzakere-etildi\/#primaryimage"},"image":{"@id":"https:\/\/qtmm.org\/qt\/qirim-yuqari-surasinda-ukrainanin-devlet-etnik-milliy-siyaseti-mevhumi-aqqinda-qanuninin-eki-leyhasi-muzakere-etildi\/#primaryimage"},"thumbnailUrl":"https:\/\/qtmm.org\/wp-content\/uploads\/2022\/01\/4fca0d3cb3db0.jpeg","datePublished":"2012-05-29T18:09:00+00:00","dateModified":"2022-01-21T18:11:15+00:00","breadcrumb":{"@id":"https:\/\/qtmm.org\/qt\/qirim-yuqari-surasinda-ukrainanin-devlet-etnik-milliy-siyaseti-mevhumi-aqqinda-qanuninin-eki-leyhasi-muzakere-etildi\/#breadcrumb"},"inLanguage":"qt","potentialAction":[{"@type":"ReadAction","target":["https:\/\/qtmm.org\/qt\/qirim-yuqari-surasinda-ukrainanin-devlet-etnik-milliy-siyaseti-mevhumi-aqqinda-qanuninin-eki-leyhasi-muzakere-etildi\/"]}]},{"@type":"ImageObject","inLanguage":"qt","@id":"https:\/\/qtmm.org\/qt\/qirim-yuqari-surasinda-ukrainanin-devlet-etnik-milliy-siyaseti-mevhumi-aqqinda-qanuninin-eki-leyhasi-muzakere-etildi\/#primaryimage","url":"https:\/\/qtmm.org\/wp-content\/uploads\/2022\/01\/4fca0d3cb3db0.jpeg","contentUrl":"https:\/\/qtmm.org\/wp-content\/uploads\/2022\/01\/4fca0d3cb3db0.jpeg","width":640,"height":480},{"@type":"BreadcrumbList","@id":"https:\/\/qtmm.org\/qt\/qirim-yuqari-surasinda-ukrainanin-devlet-etnik-milliy-siyaseti-mevhumi-aqqinda-qanuninin-eki-leyhasi-muzakere-etildi\/#breadcrumb","itemListElement":[{"@type":"ListItem","position":1,"name":"\u0413\u043e\u043b\u043e\u0432\u043d\u0430","item":"https:\/\/qtmm.org\/qt\/"},{"@type":"ListItem","position":2,"name":"Q\u0131r\u0131m Yuqar\u0131 \u015euras\u0131nda \u00abUkrainan\u0131\u00f1 devlet etnik milliy siyaseti mevhum\u0131 aqq\u0131nda\u00bb qanun\u0131n\u0131\u00f1 eki leyhas\u0131 muzakere etildi"}]},{"@type":"WebSite","@id":"https:\/\/qtmm.org\/qt\/#website","url":"https:\/\/qtmm.org\/qt\/","name":"\u041c\u0435\u0434\u0436\u043b\u0456\u0441","description":"","publisher":{"@id":"https:\/\/qtmm.org\/qt\/#organization"},"potentialAction":[{"@type":"SearchAction","target":{"@type":"EntryPoint","urlTemplate":"https:\/\/qtmm.org\/qt\/?s={search_term_string}"},"query-input":{"@type":"PropertyValueSpecification","valueRequired":true,"valueName":"search_term_string"}}],"inLanguage":"qt"},{"@type":"Organization","@id":"https:\/\/qtmm.org\/qt\/#organization","name":"\u041c\u0435\u0434\u0436\u043b\u0456\u0441","url":"https:\/\/qtmm.org\/qt\/","logo":{"@type":"ImageObject","inLanguage":"qt","@id":"https:\/\/qtmm.org\/qt\/#\/schema\/logo\/image\/","url":"https:\/\/qtmm.org\/wp-content\/uploads\/2024\/12\/ua-mejlis-logo-rgb.svg","contentUrl":"https:\/\/qtmm.org\/wp-content\/uploads\/2024\/12\/ua-mejlis-logo-rgb.svg","caption":"\u041c\u0435\u0434\u0436\u043b\u0456\u0441"},"image":{"@id":"https:\/\/qtmm.org\/qt\/#\/schema\/logo\/image\/"},"sameAs":["https:\/\/www.facebook.com\/qtmm.info\/"]},{"@type":"Person","@id":"https:\/\/qtmm.org\/qt\/#\/schema\/person\/de562469f971dec226ac06e60bbf74a7","name":"Developer","image":{"@type":"ImageObject","inLanguage":"qt","@id":"https:\/\/secure.gravatar.com\/avatar\/392b4cc8fbfeb00b39dfeeab4ee6edded39ffd48e25858637e4765810300227e?s=96&d=mm&r=g","url":"https:\/\/secure.gravatar.com\/avatar\/392b4cc8fbfeb00b39dfeeab4ee6edded39ffd48e25858637e4765810300227e?s=96&d=mm&r=g","contentUrl":"https:\/\/secure.gravatar.com\/avatar\/392b4cc8fbfeb00b39dfeeab4ee6edded39ffd48e25858637e4765810300227e?s=96&d=mm&r=g","caption":"Developer"},"url":"https:\/\/qtmm.org\/qt\/author\/Developer\/"}]}},"_links":{"self":[{"href":"https:\/\/qtmm.org\/qt\/wp-json\/wp\/v2\/posts\/31575","targetHints":{"allow":["GET"]}}],"collection":[{"href":"https:\/\/qtmm.org\/qt\/wp-json\/wp\/v2\/posts"}],"about":[{"href":"https:\/\/qtmm.org\/qt\/wp-json\/wp\/v2\/types\/post"}],"author":[{"embeddable":true,"href":"https:\/\/qtmm.org\/qt\/wp-json\/wp\/v2\/users\/1"}],"replies":[{"embeddable":true,"href":"https:\/\/qtmm.org\/qt\/wp-json\/wp\/v2\/comments?post=31575"}],"version-history":[{"count":1,"href":"https:\/\/qtmm.org\/qt\/wp-json\/wp\/v2\/posts\/31575\/revisions"}],"predecessor-version":[{"id":31614,"href":"https:\/\/qtmm.org\/qt\/wp-json\/wp\/v2\/posts\/31575\/revisions\/31614"}],"wp:featuredmedia":[{"embeddable":true,"href":"https:\/\/qtmm.org\/qt\/wp-json\/wp\/v2\/media\/31582"}],"wp:attachment":[{"href":"https:\/\/qtmm.org\/qt\/wp-json\/wp\/v2\/media?parent=31575"}],"wp:term":[{"taxonomy":"category","embeddable":true,"href":"https:\/\/qtmm.org\/qt\/wp-json\/wp\/v2\/categories?post=31575"},{"taxonomy":"post_tag","embeddable":true,"href":"https:\/\/qtmm.org\/qt\/wp-json\/wp\/v2\/tags?post=31575"}],"curies":[{"name":"wp","href":"https:\/\/api.w.org\/{rel}","templated":true}]}}