




{"id":31570,"date":"2012-05-29T21:08:00","date_gmt":"2012-05-29T18:08:00","guid":{"rendered":"http:\/\/qtmm.org\/?p=31570"},"modified":"2022-01-21T21:09:33","modified_gmt":"2022-01-21T18:09:33","slug":"elifbelerinen-sagliqlasuv-tedbiri-aqmescit-rayoninin-aci-qal-cistenkoye-koynde-kecireldi","status":"publish","type":"post","link":"https:\/\/qtmm.org\/qt\/elifbelerinen-sagliqlasuv-tedbiri-aqmescit-rayoninin-aci-qal-cistenkoye-koynde-kecireldi\/","title":{"rendered":"Elifbelerinen sa\u011fl\u0131qla\u015fuv tedbiri Aqmescit rayon\u0131n\u0131\u00f1 Ac\u0131 Qal (\u00c7istenkoye) k\u00f6ynde kecireldi"},"content":{"rendered":"\n<p>Ke\u00e7ken sene \u00a0 Aqmescit rayon\u0131n\u0131\u00f1 Ac\u0131 Qal (\u00c7istenkoye) k\u00f6y mektebinde \u00a01-nci \u00a0oqutuv q\u0131r\u0131mtatar tilinde al\u0131p bar\u0131l\u011fan milliy s\u0131n\u0131f a\u00e7\u0131l\u011fan edi. \u00a0Sent\u00e2brni\u00f1 1-de ana tilinde laf etmege bilmegen kencetaylar \u00a0doquz aydan so\u00f1 \u00a0&#8220;Elifbe bayram\u0131&#8221;nda tek tuv\u011fan tilinde laf ettiler.\u00a0\u00a0 \u00a0 \u00a0 \u00a0 \u00a0 <\/p>\n\n\n\n<p>1-nci s\u0131n\u0131fn\u0131 bitirgen bala\u00e7\u0131qlarn\u0131 ana-babalar,\u00a0Q\u0131r\u0131m Yuqar\u0131 \u015euras\u0131n\u0131\u00f1\u00a0deputatlar\u0131, yerli meclis azalar\u0131 hay\u0131rlap ediyeler ba\u011f\u0131\u015flad\u0131lar.\u00a0\u00a0 \u00a0 \u00a0 \u00a0 \u00a0 \u00a0 \u00a0 \u00a0<\/p>\n\n\n\n<p>Aqmescit rayon\u0131n\u0131 \u00a0Ac\u0131 Qal \u00a0k\u00f6y mektebinde 746 talebe oquy. Olarn\u0131\u00f1 50% ziyadesi q\u0131r\u0131mtatarlar. \u00c7al\u0131\u015fqan oca ve h\u0131zmet\u00e7ilerni\u00f1 ekseriyeti de q\u0131r\u0131mtatarlar. L\u00e2kin bu\u00f1a baqmadan oqutuv q\u0131r\u0131mtatar tilinde al\u0131p bar\u0131l\u011fan 1-nci \u00a0milliy s\u0131n\u0131f tek ke\u00e7ken sene a\u00e7\u0131ld\u0131. Bu s\u0131n\u0131fta tasil al\u011fan Abdaraman Mecitov, Bekir Mustafayev, Feride \u0130braimova, Emir Abduramanov ve \u015eevket Bakiyevni\u00f1 ana \u2013 babas\u0131 \u00f6z evl\u00e2tlar\u0131n\u0131\u00f1 \u00a0kelecegini \u00a0tuv\u011fan m\u00fcitinde k\u00f6rip milliy s\u0131n\u0131fqa ariza yaz\u011fan ediler. \u00a0Kencetaylar\u011fa ana tilini a\u015fla\u011fan Elzara oca Nimetullayeva ilk derslerni \u00a0rus\u00e7adan \u00a0ba\u015flap, yava\u015f-yava\u015f \u00a0 q\u0131r\u0131mtatarca\u011fa \u00a0ke\u00e7kenini eyecannan \u00a0 hat\u0131rlay.\u00a0 \u00a0 \u00a0 \u00a0 \u00a0 \u00a0 \u00a0 \u00a0 \u00a0<\/p>\n\n\n\n<p>Elifbelerinen sa\u011fl\u0131qla\u015fuv tedbiri masal \u015fekilinde ke\u00e7ip ep qaramanlar q\u0131r\u0131mtatar tilinde laf ettiler. Talebelerni\u00f1 icras\u0131nda y\u0131r ve \u015fiirler er kezge quvan\u00e7 ba\u011f\u0131\u015flad\u0131.\u00a0 \u00a0 \u00a0 \u00a0 \u00a0 \u00a0 \u00a0 \u00a0 \u00a0 \u00a0<\/p>\n\n\n\n<p>Bu milliy s\u0131n\u0131fn\u0131\u00f1 a\u00e7\u0131l\u0131\u015f\u0131na b\u00fcy\u00fck isse qo\u015fqan QYU\u015e\u00f1 deputat\u0131, Milliy Meclisni\u00f1 \u00a0medeniyet \u00a0ve tasil idaresini\u00f1 reberi, \u00a0&#8220;Maarif\u00e7i&#8221; birle\u015fmesini\u00f1 reisi Safure Kacametova, Ac\u0131 Qal \u00a0k\u00f6y meclisini\u00f1 reisi Elmira Asanova \u00a0 ve olarnen daima beraber \u00e7al\u0131\u015fqan Q\u0131r\u0131m Yuqar\u0131 \u015euras\u0131n\u0131\u00f1\u00a0milletlerara ve s\u00fcrg\u00fcnlikke \u00a0o\u011frat\u0131l\u011fan \u00a0grajdanlarn\u0131\u00f1 problemleri \u00a0boyunca Daimiy Komissiyan\u0131\u00f1 \u00a0reisi, Milliy Meclis reisini\u00f1 \u00a0muavini \u00a0 \u00a0Remzi \u0130lyasov kencetaylar, ocalar\u0131 ve mektep memuriyetine ediyeler \u00a0 ve \u00a0 m\u00fcltimedia \u00a0printerini \u00a0taqdim tip, \u00a0bu saada \u00e7al\u0131\u015fmalar devam etilecegine i\u015fan\u00e7 ba\u011flad\u0131lar.\u00a0 \u00a0 \u00a0 \u00a0 \u00a0 \u00a0 \u00a0 \u00a0 \u00a0 \u00a0<\/p>\n\n\n\n<p>Ana-babalar, Qad\u0131n q\u0131zlar birligini\u00f1 vekilleri, yerli cemaat\u00e7\u0131l\u0131qn\u0131\u00f1 mera\u011f\u0131n\u0131 \u00a0ve diqqat\u0131n\u0131 k\u00f6rgen mektep m\u00fcdiri L\u00fcbima Kotolupova Ukraina ana yasas\u0131 kaidelerini yerine ketirmege raz\u0131l\u0131q bildirdi. \u00a0 \u00a0 Ya\u00f1\u0131 oquv y\u0131l\u0131nda bu mektepni\u00f1 1-nci \u00a0s\u0131n\u0131f\u0131na kelecek 50 q\u0131r\u0131mtatar balalar\u0131n\u0131\u00f1 ana tili m\u00fcitinde oqup, \u00f6smege imk\u00e2n olaca\u011f\u0131 \u00a0endi \u00a0olarn\u0131\u00f1 ana &#8211; babalar\u0131na ba\u011fl\u0131.<\/p>\n","protected":false},"excerpt":{"rendered":"<p>Ke\u00e7ken sene \u00a0 Aqmescit rayon\u0131n\u0131\u00f1 Ac\u0131 Qal (\u00c7istenkoye) k\u00f6y mektebinde \u00a01-nci \u00a0oqutuv q\u0131r\u0131mtatar tilinde al\u0131p bar\u0131l\u011fan milliy s\u0131n\u0131f a\u00e7\u0131l\u011fan edi. \u00a0Sent\u00e2brni\u00f1 1-de ana tilinde laf etmege bilmegen kencetaylar \u00a0doquz aydan so\u00f1 \u00a0&#8220;Elifbe bayram\u0131&#8221;nda tek tuv\u011fan tilinde laf ettiler.\u00a0\u00a0 \u00a0 \u00a0 \u00a0 \u00a0 1-nci s\u0131n\u0131fn\u0131 bitirgen bala\u00e7\u0131qlarn\u0131 ana-babalar,\u00a0Q\u0131r\u0131m Yuqar\u0131 \u015euras\u0131n\u0131\u00f1\u00a0deputatlar\u0131, yerli meclis azalar\u0131 hay\u0131rlap ediyeler ba\u011f\u0131\u015flad\u0131lar.\u00a0\u00a0 [&hellip;]<\/p>\n","protected":false},"author":1,"featured_media":0,"comment_status":"open","ping_status":"open","sticky":false,"template":"","format":"standard","meta":{"inline_featured_image":false,"footnotes":""},"categories":[265],"tags":[],"class_list":["post-31570","post","type-post","status-publish","format-standard","hentry","category-haberler"],"acf":[],"yoast_head":"<!-- This site is optimized with the Yoast SEO plugin v27.4 - https:\/\/yoast.com\/product\/yoast-seo-wordpress\/ -->\n<title>Elifbelerinen sa\u011fl\u0131qla\u015fuv tedbiri Aqmescit rayon\u0131n\u0131\u00f1 Ac\u0131 Qal (\u00c7istenkoye) k\u00f6ynde kecireldi - \u041c\u0435\u0434\u0436\u043b\u0456\u0441<\/title>\n<meta name=\"robots\" content=\"index, follow, max-snippet:-1, max-image-preview:large, max-video-preview:-1\" \/>\n<link rel=\"canonical\" href=\"https:\/\/qtmm.org\/qt\/elifbelerinen-sagliqlasuv-tedbiri-aqmescit-rayoninin-aci-qal-cistenkoye-koynde-kecireldi\/\" \/>\n<meta property=\"og:locale\" content=\"en_US\" \/>\n<meta property=\"og:type\" content=\"article\" \/>\n<meta property=\"og:title\" content=\"Elifbelerinen sa\u011fl\u0131qla\u015fuv tedbiri Aqmescit rayon\u0131n\u0131\u00f1 Ac\u0131 Qal (\u00c7istenkoye) k\u00f6ynde kecireldi - \u041c\u0435\u0434\u0436\u043b\u0456\u0441\" \/>\n<meta property=\"og:description\" content=\"Ke\u00e7ken sene \u00a0 Aqmescit rayon\u0131n\u0131\u00f1 Ac\u0131 Qal (\u00c7istenkoye) k\u00f6y mektebinde \u00a01-nci \u00a0oqutuv q\u0131r\u0131mtatar tilinde al\u0131p bar\u0131l\u011fan milliy s\u0131n\u0131f a\u00e7\u0131l\u011fan edi. \u00a0Sent\u00e2brni\u00f1 1-de ana tilinde laf etmege bilmegen kencetaylar \u00a0doquz aydan so\u00f1 \u00a0&#8220;Elifbe bayram\u0131&#8221;nda tek tuv\u011fan tilinde laf ettiler.\u00a0\u00a0 \u00a0 \u00a0 \u00a0 \u00a0 1-nci s\u0131n\u0131fn\u0131 bitirgen bala\u00e7\u0131qlarn\u0131 ana-babalar,\u00a0Q\u0131r\u0131m Yuqar\u0131 \u015euras\u0131n\u0131\u00f1\u00a0deputatlar\u0131, yerli meclis azalar\u0131 hay\u0131rlap ediyeler ba\u011f\u0131\u015flad\u0131lar.\u00a0\u00a0 [&hellip;]\" \/>\n<meta property=\"og:url\" content=\"https:\/\/qtmm.org\/qt\/elifbelerinen-sagliqlasuv-tedbiri-aqmescit-rayoninin-aci-qal-cistenkoye-koynde-kecireldi\/\" \/>\n<meta property=\"og:site_name\" content=\"\u041c\u0435\u0434\u0436\u043b\u0456\u0441\" \/>\n<meta property=\"article:publisher\" content=\"https:\/\/www.facebook.com\/qtmm.info\/\" \/>\n<meta property=\"article:published_time\" content=\"2012-05-29T18:08:00+00:00\" \/>\n<meta property=\"article:modified_time\" content=\"2022-01-21T18:09:33+00:00\" \/>\n<meta name=\"author\" content=\"Developer\" \/>\n<meta name=\"twitter:card\" content=\"summary_large_image\" \/>\n<meta name=\"twitter:label1\" content=\"Written by\" \/>\n\t<meta name=\"twitter:data1\" content=\"Developer\" \/>\n\t<meta name=\"twitter:label2\" content=\"Est. reading time\" \/>\n\t<meta name=\"twitter:data2\" content=\"2 minutes\" \/>\n<script type=\"application\/ld+json\" class=\"yoast-schema-graph\">{\"@context\":\"https:\\\/\\\/schema.org\",\"@graph\":[{\"@type\":\"Article\",\"@id\":\"https:\\\/\\\/qtmm.org\\\/qt\\\/elifbelerinen-sagliqlasuv-tedbiri-aqmescit-rayoninin-aci-qal-cistenkoye-koynde-kecireldi\\\/#article\",\"isPartOf\":{\"@id\":\"https:\\\/\\\/qtmm.org\\\/qt\\\/elifbelerinen-sagliqlasuv-tedbiri-aqmescit-rayoninin-aci-qal-cistenkoye-koynde-kecireldi\\\/\"},\"author\":{\"name\":\"Developer\",\"@id\":\"https:\\\/\\\/qtmm.org\\\/qt\\\/#\\\/schema\\\/person\\\/de562469f971dec226ac06e60bbf74a7\"},\"headline\":\"Elifbelerinen sa\u011fl\u0131qla\u015fuv tedbiri Aqmescit rayon\u0131n\u0131\u00f1 Ac\u0131 Qal (\u00c7istenkoye) k\u00f6ynde kecireldi\",\"datePublished\":\"2012-05-29T18:08:00+00:00\",\"dateModified\":\"2022-01-21T18:09:33+00:00\",\"mainEntityOfPage\":{\"@id\":\"https:\\\/\\\/qtmm.org\\\/qt\\\/elifbelerinen-sagliqlasuv-tedbiri-aqmescit-rayoninin-aci-qal-cistenkoye-koynde-kecireldi\\\/\"},\"wordCount\":403,\"commentCount\":0,\"publisher\":{\"@id\":\"https:\\\/\\\/qtmm.org\\\/qt\\\/#organization\"},\"articleSection\":[\"Haberler\"],\"inLanguage\":\"qt\",\"potentialAction\":[{\"@type\":\"CommentAction\",\"name\":\"Comment\",\"target\":[\"https:\\\/\\\/qtmm.org\\\/qt\\\/elifbelerinen-sagliqlasuv-tedbiri-aqmescit-rayoninin-aci-qal-cistenkoye-koynde-kecireldi\\\/#respond\"]}]},{\"@type\":\"WebPage\",\"@id\":\"https:\\\/\\\/qtmm.org\\\/qt\\\/elifbelerinen-sagliqlasuv-tedbiri-aqmescit-rayoninin-aci-qal-cistenkoye-koynde-kecireldi\\\/\",\"url\":\"https:\\\/\\\/qtmm.org\\\/qt\\\/elifbelerinen-sagliqlasuv-tedbiri-aqmescit-rayoninin-aci-qal-cistenkoye-koynde-kecireldi\\\/\",\"name\":\"Elifbelerinen sa\u011fl\u0131qla\u015fuv tedbiri Aqmescit rayon\u0131n\u0131\u00f1 Ac\u0131 Qal (\u00c7istenkoye) k\u00f6ynde kecireldi - \u041c\u0435\u0434\u0436\u043b\u0456\u0441\",\"isPartOf\":{\"@id\":\"https:\\\/\\\/qtmm.org\\\/qt\\\/#website\"},\"datePublished\":\"2012-05-29T18:08:00+00:00\",\"dateModified\":\"2022-01-21T18:09:33+00:00\",\"breadcrumb\":{\"@id\":\"https:\\\/\\\/qtmm.org\\\/qt\\\/elifbelerinen-sagliqlasuv-tedbiri-aqmescit-rayoninin-aci-qal-cistenkoye-koynde-kecireldi\\\/#breadcrumb\"},\"inLanguage\":\"qt\",\"potentialAction\":[{\"@type\":\"ReadAction\",\"target\":[\"https:\\\/\\\/qtmm.org\\\/qt\\\/elifbelerinen-sagliqlasuv-tedbiri-aqmescit-rayoninin-aci-qal-cistenkoye-koynde-kecireldi\\\/\"]}]},{\"@type\":\"BreadcrumbList\",\"@id\":\"https:\\\/\\\/qtmm.org\\\/qt\\\/elifbelerinen-sagliqlasuv-tedbiri-aqmescit-rayoninin-aci-qal-cistenkoye-koynde-kecireldi\\\/#breadcrumb\",\"itemListElement\":[{\"@type\":\"ListItem\",\"position\":1,\"name\":\"\u0413\u043e\u043b\u043e\u0432\u043d\u0430\",\"item\":\"https:\\\/\\\/qtmm.org\\\/qt\\\/\"},{\"@type\":\"ListItem\",\"position\":2,\"name\":\"Elifbelerinen sa\u011fl\u0131qla\u015fuv tedbiri Aqmescit rayon\u0131n\u0131\u00f1 Ac\u0131 Qal (\u00c7istenkoye) k\u00f6ynde kecireldi\"}]},{\"@type\":\"WebSite\",\"@id\":\"https:\\\/\\\/qtmm.org\\\/qt\\\/#website\",\"url\":\"https:\\\/\\\/qtmm.org\\\/qt\\\/\",\"name\":\"\u041c\u0435\u0434\u0436\u043b\u0456\u0441\",\"description\":\"\",\"publisher\":{\"@id\":\"https:\\\/\\\/qtmm.org\\\/qt\\\/#organization\"},\"potentialAction\":[{\"@type\":\"SearchAction\",\"target\":{\"@type\":\"EntryPoint\",\"urlTemplate\":\"https:\\\/\\\/qtmm.org\\\/qt\\\/?s={search_term_string}\"},\"query-input\":{\"@type\":\"PropertyValueSpecification\",\"valueRequired\":true,\"valueName\":\"search_term_string\"}}],\"inLanguage\":\"qt\"},{\"@type\":\"Organization\",\"@id\":\"https:\\\/\\\/qtmm.org\\\/qt\\\/#organization\",\"name\":\"\u041c\u0435\u0434\u0436\u043b\u0456\u0441\",\"url\":\"https:\\\/\\\/qtmm.org\\\/qt\\\/\",\"logo\":{\"@type\":\"ImageObject\",\"inLanguage\":\"qt\",\"@id\":\"https:\\\/\\\/qtmm.org\\\/qt\\\/#\\\/schema\\\/logo\\\/image\\\/\",\"url\":\"https:\\\/\\\/qtmm.org\\\/wp-content\\\/uploads\\\/2024\\\/12\\\/ua-mejlis-logo-rgb.svg\",\"contentUrl\":\"https:\\\/\\\/qtmm.org\\\/wp-content\\\/uploads\\\/2024\\\/12\\\/ua-mejlis-logo-rgb.svg\",\"caption\":\"\u041c\u0435\u0434\u0436\u043b\u0456\u0441\"},\"image\":{\"@id\":\"https:\\\/\\\/qtmm.org\\\/qt\\\/#\\\/schema\\\/logo\\\/image\\\/\"},\"sameAs\":[\"https:\\\/\\\/www.facebook.com\\\/qtmm.info\\\/\"]},{\"@type\":\"Person\",\"@id\":\"https:\\\/\\\/qtmm.org\\\/qt\\\/#\\\/schema\\\/person\\\/de562469f971dec226ac06e60bbf74a7\",\"name\":\"Developer\",\"image\":{\"@type\":\"ImageObject\",\"inLanguage\":\"qt\",\"@id\":\"https:\\\/\\\/secure.gravatar.com\\\/avatar\\\/392b4cc8fbfeb00b39dfeeab4ee6edded39ffd48e25858637e4765810300227e?s=96&d=mm&r=g\",\"url\":\"https:\\\/\\\/secure.gravatar.com\\\/avatar\\\/392b4cc8fbfeb00b39dfeeab4ee6edded39ffd48e25858637e4765810300227e?s=96&d=mm&r=g\",\"contentUrl\":\"https:\\\/\\\/secure.gravatar.com\\\/avatar\\\/392b4cc8fbfeb00b39dfeeab4ee6edded39ffd48e25858637e4765810300227e?s=96&d=mm&r=g\",\"caption\":\"Developer\"},\"url\":\"https:\\\/\\\/qtmm.org\\\/qt\\\/author\\\/Developer\\\/\"}]}<\/script>\n<!-- \/ Yoast SEO plugin. -->","yoast_head_json":{"title":"Elifbelerinen sa\u011fl\u0131qla\u015fuv tedbiri Aqmescit rayon\u0131n\u0131\u00f1 Ac\u0131 Qal (\u00c7istenkoye) k\u00f6ynde kecireldi - \u041c\u0435\u0434\u0436\u043b\u0456\u0441","robots":{"index":"index","follow":"follow","max-snippet":"max-snippet:-1","max-image-preview":"max-image-preview:large","max-video-preview":"max-video-preview:-1"},"canonical":"https:\/\/qtmm.org\/qt\/elifbelerinen-sagliqlasuv-tedbiri-aqmescit-rayoninin-aci-qal-cistenkoye-koynde-kecireldi\/","og_locale":"en_US","og_type":"article","og_title":"Elifbelerinen sa\u011fl\u0131qla\u015fuv tedbiri Aqmescit rayon\u0131n\u0131\u00f1 Ac\u0131 Qal (\u00c7istenkoye) k\u00f6ynde kecireldi - \u041c\u0435\u0434\u0436\u043b\u0456\u0441","og_description":"Ke\u00e7ken sene \u00a0 Aqmescit rayon\u0131n\u0131\u00f1 Ac\u0131 Qal (\u00c7istenkoye) k\u00f6y mektebinde \u00a01-nci \u00a0oqutuv q\u0131r\u0131mtatar tilinde al\u0131p bar\u0131l\u011fan milliy s\u0131n\u0131f a\u00e7\u0131l\u011fan edi. \u00a0Sent\u00e2brni\u00f1 1-de ana tilinde laf etmege bilmegen kencetaylar \u00a0doquz aydan so\u00f1 \u00a0&#8220;Elifbe bayram\u0131&#8221;nda tek tuv\u011fan tilinde laf ettiler.\u00a0\u00a0 \u00a0 \u00a0 \u00a0 \u00a0 1-nci s\u0131n\u0131fn\u0131 bitirgen bala\u00e7\u0131qlarn\u0131 ana-babalar,\u00a0Q\u0131r\u0131m Yuqar\u0131 \u015euras\u0131n\u0131\u00f1\u00a0deputatlar\u0131, yerli meclis azalar\u0131 hay\u0131rlap ediyeler ba\u011f\u0131\u015flad\u0131lar.\u00a0\u00a0 [&hellip;]","og_url":"https:\/\/qtmm.org\/qt\/elifbelerinen-sagliqlasuv-tedbiri-aqmescit-rayoninin-aci-qal-cistenkoye-koynde-kecireldi\/","og_site_name":"\u041c\u0435\u0434\u0436\u043b\u0456\u0441","article_publisher":"https:\/\/www.facebook.com\/qtmm.info\/","article_published_time":"2012-05-29T18:08:00+00:00","article_modified_time":"2022-01-21T18:09:33+00:00","author":"Developer","twitter_card":"summary_large_image","twitter_misc":{"Written by":"Developer","Est. reading time":"2 minutes"},"schema":{"@context":"https:\/\/schema.org","@graph":[{"@type":"Article","@id":"https:\/\/qtmm.org\/qt\/elifbelerinen-sagliqlasuv-tedbiri-aqmescit-rayoninin-aci-qal-cistenkoye-koynde-kecireldi\/#article","isPartOf":{"@id":"https:\/\/qtmm.org\/qt\/elifbelerinen-sagliqlasuv-tedbiri-aqmescit-rayoninin-aci-qal-cistenkoye-koynde-kecireldi\/"},"author":{"name":"Developer","@id":"https:\/\/qtmm.org\/qt\/#\/schema\/person\/de562469f971dec226ac06e60bbf74a7"},"headline":"Elifbelerinen sa\u011fl\u0131qla\u015fuv tedbiri Aqmescit rayon\u0131n\u0131\u00f1 Ac\u0131 Qal (\u00c7istenkoye) k\u00f6ynde kecireldi","datePublished":"2012-05-29T18:08:00+00:00","dateModified":"2022-01-21T18:09:33+00:00","mainEntityOfPage":{"@id":"https:\/\/qtmm.org\/qt\/elifbelerinen-sagliqlasuv-tedbiri-aqmescit-rayoninin-aci-qal-cistenkoye-koynde-kecireldi\/"},"wordCount":403,"commentCount":0,"publisher":{"@id":"https:\/\/qtmm.org\/qt\/#organization"},"articleSection":["Haberler"],"inLanguage":"qt","potentialAction":[{"@type":"CommentAction","name":"Comment","target":["https:\/\/qtmm.org\/qt\/elifbelerinen-sagliqlasuv-tedbiri-aqmescit-rayoninin-aci-qal-cistenkoye-koynde-kecireldi\/#respond"]}]},{"@type":"WebPage","@id":"https:\/\/qtmm.org\/qt\/elifbelerinen-sagliqlasuv-tedbiri-aqmescit-rayoninin-aci-qal-cistenkoye-koynde-kecireldi\/","url":"https:\/\/qtmm.org\/qt\/elifbelerinen-sagliqlasuv-tedbiri-aqmescit-rayoninin-aci-qal-cistenkoye-koynde-kecireldi\/","name":"Elifbelerinen sa\u011fl\u0131qla\u015fuv tedbiri Aqmescit rayon\u0131n\u0131\u00f1 Ac\u0131 Qal (\u00c7istenkoye) k\u00f6ynde kecireldi - \u041c\u0435\u0434\u0436\u043b\u0456\u0441","isPartOf":{"@id":"https:\/\/qtmm.org\/qt\/#website"},"datePublished":"2012-05-29T18:08:00+00:00","dateModified":"2022-01-21T18:09:33+00:00","breadcrumb":{"@id":"https:\/\/qtmm.org\/qt\/elifbelerinen-sagliqlasuv-tedbiri-aqmescit-rayoninin-aci-qal-cistenkoye-koynde-kecireldi\/#breadcrumb"},"inLanguage":"qt","potentialAction":[{"@type":"ReadAction","target":["https:\/\/qtmm.org\/qt\/elifbelerinen-sagliqlasuv-tedbiri-aqmescit-rayoninin-aci-qal-cistenkoye-koynde-kecireldi\/"]}]},{"@type":"BreadcrumbList","@id":"https:\/\/qtmm.org\/qt\/elifbelerinen-sagliqlasuv-tedbiri-aqmescit-rayoninin-aci-qal-cistenkoye-koynde-kecireldi\/#breadcrumb","itemListElement":[{"@type":"ListItem","position":1,"name":"\u0413\u043e\u043b\u043e\u0432\u043d\u0430","item":"https:\/\/qtmm.org\/qt\/"},{"@type":"ListItem","position":2,"name":"Elifbelerinen sa\u011fl\u0131qla\u015fuv tedbiri Aqmescit rayon\u0131n\u0131\u00f1 Ac\u0131 Qal (\u00c7istenkoye) k\u00f6ynde kecireldi"}]},{"@type":"WebSite","@id":"https:\/\/qtmm.org\/qt\/#website","url":"https:\/\/qtmm.org\/qt\/","name":"\u041c\u0435\u0434\u0436\u043b\u0456\u0441","description":"","publisher":{"@id":"https:\/\/qtmm.org\/qt\/#organization"},"potentialAction":[{"@type":"SearchAction","target":{"@type":"EntryPoint","urlTemplate":"https:\/\/qtmm.org\/qt\/?s={search_term_string}"},"query-input":{"@type":"PropertyValueSpecification","valueRequired":true,"valueName":"search_term_string"}}],"inLanguage":"qt"},{"@type":"Organization","@id":"https:\/\/qtmm.org\/qt\/#organization","name":"\u041c\u0435\u0434\u0436\u043b\u0456\u0441","url":"https:\/\/qtmm.org\/qt\/","logo":{"@type":"ImageObject","inLanguage":"qt","@id":"https:\/\/qtmm.org\/qt\/#\/schema\/logo\/image\/","url":"https:\/\/qtmm.org\/wp-content\/uploads\/2024\/12\/ua-mejlis-logo-rgb.svg","contentUrl":"https:\/\/qtmm.org\/wp-content\/uploads\/2024\/12\/ua-mejlis-logo-rgb.svg","caption":"\u041c\u0435\u0434\u0436\u043b\u0456\u0441"},"image":{"@id":"https:\/\/qtmm.org\/qt\/#\/schema\/logo\/image\/"},"sameAs":["https:\/\/www.facebook.com\/qtmm.info\/"]},{"@type":"Person","@id":"https:\/\/qtmm.org\/qt\/#\/schema\/person\/de562469f971dec226ac06e60bbf74a7","name":"Developer","image":{"@type":"ImageObject","inLanguage":"qt","@id":"https:\/\/secure.gravatar.com\/avatar\/392b4cc8fbfeb00b39dfeeab4ee6edded39ffd48e25858637e4765810300227e?s=96&d=mm&r=g","url":"https:\/\/secure.gravatar.com\/avatar\/392b4cc8fbfeb00b39dfeeab4ee6edded39ffd48e25858637e4765810300227e?s=96&d=mm&r=g","contentUrl":"https:\/\/secure.gravatar.com\/avatar\/392b4cc8fbfeb00b39dfeeab4ee6edded39ffd48e25858637e4765810300227e?s=96&d=mm&r=g","caption":"Developer"},"url":"https:\/\/qtmm.org\/qt\/author\/Developer\/"}]}},"_links":{"self":[{"href":"https:\/\/qtmm.org\/qt\/wp-json\/wp\/v2\/posts\/31570","targetHints":{"allow":["GET"]}}],"collection":[{"href":"https:\/\/qtmm.org\/qt\/wp-json\/wp\/v2\/posts"}],"about":[{"href":"https:\/\/qtmm.org\/qt\/wp-json\/wp\/v2\/types\/post"}],"author":[{"embeddable":true,"href":"https:\/\/qtmm.org\/qt\/wp-json\/wp\/v2\/users\/1"}],"replies":[{"embeddable":true,"href":"https:\/\/qtmm.org\/qt\/wp-json\/wp\/v2\/comments?post=31570"}],"version-history":[{"count":2,"href":"https:\/\/qtmm.org\/qt\/wp-json\/wp\/v2\/posts\/31570\/revisions"}],"predecessor-version":[{"id":31574,"href":"https:\/\/qtmm.org\/qt\/wp-json\/wp\/v2\/posts\/31570\/revisions\/31574"}],"wp:attachment":[{"href":"https:\/\/qtmm.org\/qt\/wp-json\/wp\/v2\/media?parent=31570"}],"wp:term":[{"taxonomy":"category","embeddable":true,"href":"https:\/\/qtmm.org\/qt\/wp-json\/wp\/v2\/categories?post=31570"},{"taxonomy":"post_tag","embeddable":true,"href":"https:\/\/qtmm.org\/qt\/wp-json\/wp\/v2\/tags?post=31570"}],"curies":[{"name":"wp","href":"https:\/\/api.w.org\/{rel}","templated":true}]}}