




{"id":31564,"date":"2012-05-20T21:07:00","date_gmt":"2012-05-20T18:07:00","guid":{"rendered":"http:\/\/qtmm.org\/?p=31564"},"modified":"2022-01-21T21:08:10","modified_gmt":"2022-01-21T18:08:10","slug":"qirim-forumi-kommunist-rejiminin-siyasiy-mahbusleri-ve-uquqqoruyicilarnin-er-sene-kecirilecek-musavereni-tesis-etuv-aqqinda-beyanat","status":"publish","type":"post","link":"https:\/\/qtmm.org\/qt\/qirim-forumi-kommunist-rejiminin-siyasiy-mahbusleri-ve-uquqqoruyicilarnin-er-sene-kecirilecek-musavereni-tesis-etuv-aqqinda-beyanat\/","title":{"rendered":"Q\u0131r\u0131m Forum\u0131 \u2013 kommunist rejimini\u00f1 siyasiy mahb\u00fcsleri ve uquqqoruy\u0131c\u0131larn\u0131\u00f1 er sene ke\u00e7irilecek mu\u015favereni tesis et\u00fcv aqq\u0131nda Beyanat"},"content":{"rendered":"\n<p>D\u00fcnya kommunist sistemas\u0131 darma-da\u011f\u0131n ol\u011fandan 20 y\u0131l ke\u00e7ken so\u00f1 sab\u0131q kommunist alan\u0131nda qurul\u011fan mustaqil devletlerni\u00f1 siyasiy ve iqtisadiy \u00f6m\u00fcrinde kardinal de\u00f1i\u015fmeler ol\u0131p ke\u00e7ti<\/p>\n\n\n\n<p>L\u00e2kin, bu de\u00f1i\u015fmeler biri-birinden farql\u0131 ol\u011fanlar\u0131na baqmadan, sab\u0131q kommunist devletlerde insan aqlar\u0131 ve serbestligini\u00f1 vaziyetine diqqat, baz\u0131da ise halqara institut ve te\u015fkil\u00e2tlarn\u0131\u00f1 kiri\u015fmesini talap ete. Merkeziy Asiya, Ermenistan, Beyaz Rusiye, Ukraina ve Rusiye cumhuriyetlerinde demokratik ceryanlar toqtat\u0131l\u0131p, siyasiy muhalifet taqip etilmekte.<\/p>\n\n\n\n<p>Biz sovet rejimi taraf\u0131ndan \u00f6zlerini\u00f1 tarihiy yerlerinden quvul\u011fan halqlarn\u0131\u00f1 aqlar\u0131n\u0131 \u011fayr\u0131dan tiklevnen ba\u011fl\u0131 ceryanlar\u011fa halqara cemaat\u00e7\u0131l\u0131qn\u0131 da acele s\u00fcrette kirmestilmesini \u011fayet m\u00fcim, dep tan\u0131ym\u0131z. Biz Q\u0131r\u0131mtatar halq\u0131 Meclisini\u00f1 2012 senesini\u00f1 k\u00fczinde Q\u0131r\u0131mtatar halq\u0131n\u0131 \u00f6z tarihiy vatan\u0131nda aqlar\u0131n\u0131 \u011fayr\u0131dan tiklev, Ukrainada on\u0131\u00f1 tel\u00fckesizligi ve kefilligini teminlev meselesi boyunca halqara Forum ke\u00e7irmek te\u015febb\u00fcsine qoltutam\u0131z.<\/p>\n\n\n\n<p>Ayn\u0131 zamanda sab\u0131q SSSRni\u00f1 uquqqoruv areketini\u00f1 sab\u0131q sovet cumhuriyetlerinde grajdan cemiyeti institutlar\u0131 faaliyetini\u00f1 devamiyligini teminlemek maqsad\u0131nda biz Q\u0131r\u0131m Forum\u0131 \u2013 kommunist rejimini\u00f1 siyasiy mahb\u00fcsleri ve uquqqoruy\u0131c\u0131larn\u0131\u00f1 er sene ke\u00e7irilecek mu\u015favereni tesis et\u00fcv aqq\u0131nda il\u00e2n etemiz.<\/p>\n\n\n\n<p>Bizim taraftan meydan\u011fa ketirilgen \u0130\u015f\u00e7i gruppa\u011fa Q\u0131r\u0131m Forum\u0131n\u0131 tesis et\u00fcv \u011fayesine qo\u015ful\u011fan . kommunist rejimini\u00f1 b\u00fct\u00fcn siyasiy mahb\u00fcsleri ve uquqqoruy\u0131c\u0131lar\u0131nen birlikte 2012 senesi sent\u00e2br 1-ge qadar i\u015ftirak\u00e7ilerini\u00f1 erk\u00e2n\u0131n\u0131, k\u00fcn tertibi ve \u00e7a\u011f\u0131r\u0131luv k\u00fcn\u00fc, k\u00fcn tertibi ve qararlarn\u0131 qabul et\u00fcv tertibini belgilegen te\u015fkiliy vesiqalarn\u0131 i\u015flemek avale etemiz.<\/p>\n\n\n\n<p><strong>Aqmescit \u015f. 2012 senesi may\u0131s 19<\/strong><\/p>\n\n\n\n<figure class=\"wp-block-table\"><table><tbody><tr><td><strong>L\u00fcdmila ALEKSEYEVA<\/strong><\/td><td><strong>Vardan ARUT\u00dcN\u00c2N<\/strong><\/td><\/tr><tr><td><strong>Vladimir BUKOVSK\u0130Y<\/strong><\/td><td><strong>Natalya GORBANEVSKAYA<\/strong><\/td><\/tr><tr><td><strong>Andrey GR\u0130GORENKO<\/strong><\/td><td><strong>Mustafa CEM\u0130LEV<\/strong><\/td><\/tr><tr><td><strong>\u0130osif Z\u0130SELS<\/strong><\/td><td><strong>Valeriy KALABUG\u0130N<\/strong><\/td><\/tr><tr><td><strong>Sergey KOVALEV<\/strong><\/td><td><strong>Aleksandr LAVUT<\/strong><\/td><\/tr><tr><td><strong>Miroslav MAR\u0130NOV\u0130\u00c7<\/strong><\/td><td><strong>Vasiliy \u00d6VS\u0130YENKO<\/strong><\/td><\/tr><tr><td><strong>Aleksandr PODRAB\u0130NEK<\/strong><\/td><td><strong>Peter REDDAVEY<\/strong><\/td><\/tr><tr><td><strong>Yevgen SVERST\u00dcK<\/strong><\/td><td><strong>Ay\u015fe SEYTMURATOVA<\/strong><\/td><\/tr><tr><td><strong>Aleksey SM\u0130RNOV<\/strong><\/td><td><strong>\u0130zet HA\u0130ROV<\/strong><\/td><\/tr><tr><td><strong>Petr HLEBOV\u0130\u00c7<\/strong><\/td><td><strong>\u00d6les \u015eEV\u00c7ENKO<\/strong><\/td><\/tr><tr><td><strong>Tatyana YANKELEV\u0130\u00c7<\/strong><\/td><td>&nbsp;<\/td><\/tr><\/tbody><\/table><\/figure>\n","protected":false},"excerpt":{"rendered":"<p>D\u00fcnya kommunist sistemas\u0131 darma-da\u011f\u0131n ol\u011fandan 20 y\u0131l ke\u00e7ken so\u00f1 sab\u0131q kommunist alan\u0131nda qurul\u011fan mustaqil devletlerni\u00f1 siyasiy ve iqtisadiy \u00f6m\u00fcrinde kardinal de\u00f1i\u015fmeler ol\u0131p ke\u00e7ti L\u00e2kin, bu de\u00f1i\u015fmeler biri-birinden farql\u0131 ol\u011fanlar\u0131na baqmadan, sab\u0131q kommunist devletlerde insan aqlar\u0131 ve serbestligini\u00f1 vaziyetine diqqat, baz\u0131da ise halqara institut ve te\u015fkil\u00e2tlarn\u0131\u00f1 kiri\u015fmesini talap ete. Merkeziy Asiya, Ermenistan, Beyaz Rusiye, Ukraina ve [&hellip;]<\/p>\n","protected":false},"author":1,"featured_media":0,"comment_status":"open","ping_status":"open","sticky":false,"template":"","format":"standard","meta":{"inline_featured_image":false,"footnotes":""},"categories":[265],"tags":[],"class_list":["post-31564","post","type-post","status-publish","format-standard","hentry","category-haberler"],"acf":[],"yoast_head":"<!-- This site is optimized with the Yoast SEO plugin v27.4 - https:\/\/yoast.com\/product\/yoast-seo-wordpress\/ -->\n<title>Q\u0131r\u0131m Forum\u0131 \u2013 kommunist rejimini\u00f1 siyasiy mahb\u00fcsleri ve uquqqoruy\u0131c\u0131larn\u0131\u00f1 er sene ke\u00e7irilecek mu\u015favereni tesis et\u00fcv aqq\u0131nda Beyanat - \u041c\u0435\u0434\u0436\u043b\u0456\u0441<\/title>\n<meta name=\"robots\" content=\"index, follow, max-snippet:-1, max-image-preview:large, max-video-preview:-1\" \/>\n<link rel=\"canonical\" href=\"https:\/\/qtmm.org\/qt\/qirim-forumi-kommunist-rejiminin-siyasiy-mahbusleri-ve-uquqqoruyicilarnin-er-sene-kecirilecek-musavereni-tesis-etuv-aqqinda-beyanat\/\" \/>\n<meta property=\"og:locale\" content=\"en_US\" \/>\n<meta property=\"og:type\" content=\"article\" \/>\n<meta property=\"og:title\" content=\"Q\u0131r\u0131m Forum\u0131 \u2013 kommunist rejimini\u00f1 siyasiy mahb\u00fcsleri ve uquqqoruy\u0131c\u0131larn\u0131\u00f1 er sene ke\u00e7irilecek mu\u015favereni tesis et\u00fcv aqq\u0131nda Beyanat - \u041c\u0435\u0434\u0436\u043b\u0456\u0441\" \/>\n<meta property=\"og:description\" content=\"D\u00fcnya kommunist sistemas\u0131 darma-da\u011f\u0131n ol\u011fandan 20 y\u0131l ke\u00e7ken so\u00f1 sab\u0131q kommunist alan\u0131nda qurul\u011fan mustaqil devletlerni\u00f1 siyasiy ve iqtisadiy \u00f6m\u00fcrinde kardinal de\u00f1i\u015fmeler ol\u0131p ke\u00e7ti L\u00e2kin, bu de\u00f1i\u015fmeler biri-birinden farql\u0131 ol\u011fanlar\u0131na baqmadan, sab\u0131q kommunist devletlerde insan aqlar\u0131 ve serbestligini\u00f1 vaziyetine diqqat, baz\u0131da ise halqara institut ve te\u015fkil\u00e2tlarn\u0131\u00f1 kiri\u015fmesini talap ete. Merkeziy Asiya, Ermenistan, Beyaz Rusiye, Ukraina ve [&hellip;]\" \/>\n<meta property=\"og:url\" content=\"https:\/\/qtmm.org\/qt\/qirim-forumi-kommunist-rejiminin-siyasiy-mahbusleri-ve-uquqqoruyicilarnin-er-sene-kecirilecek-musavereni-tesis-etuv-aqqinda-beyanat\/\" \/>\n<meta property=\"og:site_name\" content=\"\u041c\u0435\u0434\u0436\u043b\u0456\u0441\" \/>\n<meta property=\"article:publisher\" content=\"https:\/\/www.facebook.com\/qtmm.info\/\" \/>\n<meta property=\"article:published_time\" content=\"2012-05-20T18:07:00+00:00\" \/>\n<meta property=\"article:modified_time\" content=\"2022-01-21T18:08:10+00:00\" \/>\n<meta name=\"author\" content=\"Developer\" \/>\n<meta name=\"twitter:card\" content=\"summary_large_image\" \/>\n<meta name=\"twitter:label1\" content=\"Written by\" \/>\n\t<meta name=\"twitter:data1\" content=\"Developer\" \/>\n\t<meta name=\"twitter:label2\" content=\"Est. reading time\" \/>\n\t<meta name=\"twitter:data2\" content=\"2 minutes\" \/>\n<script type=\"application\/ld+json\" class=\"yoast-schema-graph\">{\"@context\":\"https:\\\/\\\/schema.org\",\"@graph\":[{\"@type\":\"Article\",\"@id\":\"https:\\\/\\\/qtmm.org\\\/qt\\\/qirim-forumi-kommunist-rejiminin-siyasiy-mahbusleri-ve-uquqqoruyicilarnin-er-sene-kecirilecek-musavereni-tesis-etuv-aqqinda-beyanat\\\/#article\",\"isPartOf\":{\"@id\":\"https:\\\/\\\/qtmm.org\\\/qt\\\/qirim-forumi-kommunist-rejiminin-siyasiy-mahbusleri-ve-uquqqoruyicilarnin-er-sene-kecirilecek-musavereni-tesis-etuv-aqqinda-beyanat\\\/\"},\"author\":{\"name\":\"Developer\",\"@id\":\"https:\\\/\\\/qtmm.org\\\/qt\\\/#\\\/schema\\\/person\\\/de562469f971dec226ac06e60bbf74a7\"},\"headline\":\"Q\u0131r\u0131m Forum\u0131 \u2013 kommunist rejimini\u00f1 siyasiy mahb\u00fcsleri ve uquqqoruy\u0131c\u0131larn\u0131\u00f1 er sene ke\u00e7irilecek mu\u015favereni tesis et\u00fcv aqq\u0131nda Beyanat\",\"datePublished\":\"2012-05-20T18:07:00+00:00\",\"dateModified\":\"2022-01-21T18:08:10+00:00\",\"mainEntityOfPage\":{\"@id\":\"https:\\\/\\\/qtmm.org\\\/qt\\\/qirim-forumi-kommunist-rejiminin-siyasiy-mahbusleri-ve-uquqqoruyicilarnin-er-sene-kecirilecek-musavereni-tesis-etuv-aqqinda-beyanat\\\/\"},\"wordCount\":371,\"commentCount\":0,\"publisher\":{\"@id\":\"https:\\\/\\\/qtmm.org\\\/qt\\\/#organization\"},\"articleSection\":[\"Haberler\"],\"inLanguage\":\"qt\",\"potentialAction\":[{\"@type\":\"CommentAction\",\"name\":\"Comment\",\"target\":[\"https:\\\/\\\/qtmm.org\\\/qt\\\/qirim-forumi-kommunist-rejiminin-siyasiy-mahbusleri-ve-uquqqoruyicilarnin-er-sene-kecirilecek-musavereni-tesis-etuv-aqqinda-beyanat\\\/#respond\"]}]},{\"@type\":\"WebPage\",\"@id\":\"https:\\\/\\\/qtmm.org\\\/qt\\\/qirim-forumi-kommunist-rejiminin-siyasiy-mahbusleri-ve-uquqqoruyicilarnin-er-sene-kecirilecek-musavereni-tesis-etuv-aqqinda-beyanat\\\/\",\"url\":\"https:\\\/\\\/qtmm.org\\\/qt\\\/qirim-forumi-kommunist-rejiminin-siyasiy-mahbusleri-ve-uquqqoruyicilarnin-er-sene-kecirilecek-musavereni-tesis-etuv-aqqinda-beyanat\\\/\",\"name\":\"Q\u0131r\u0131m Forum\u0131 \u2013 kommunist rejimini\u00f1 siyasiy mahb\u00fcsleri ve uquqqoruy\u0131c\u0131larn\u0131\u00f1 er sene ke\u00e7irilecek mu\u015favereni tesis et\u00fcv aqq\u0131nda Beyanat - \u041c\u0435\u0434\u0436\u043b\u0456\u0441\",\"isPartOf\":{\"@id\":\"https:\\\/\\\/qtmm.org\\\/qt\\\/#website\"},\"datePublished\":\"2012-05-20T18:07:00+00:00\",\"dateModified\":\"2022-01-21T18:08:10+00:00\",\"breadcrumb\":{\"@id\":\"https:\\\/\\\/qtmm.org\\\/qt\\\/qirim-forumi-kommunist-rejiminin-siyasiy-mahbusleri-ve-uquqqoruyicilarnin-er-sene-kecirilecek-musavereni-tesis-etuv-aqqinda-beyanat\\\/#breadcrumb\"},\"inLanguage\":\"qt\",\"potentialAction\":[{\"@type\":\"ReadAction\",\"target\":[\"https:\\\/\\\/qtmm.org\\\/qt\\\/qirim-forumi-kommunist-rejiminin-siyasiy-mahbusleri-ve-uquqqoruyicilarnin-er-sene-kecirilecek-musavereni-tesis-etuv-aqqinda-beyanat\\\/\"]}]},{\"@type\":\"BreadcrumbList\",\"@id\":\"https:\\\/\\\/qtmm.org\\\/qt\\\/qirim-forumi-kommunist-rejiminin-siyasiy-mahbusleri-ve-uquqqoruyicilarnin-er-sene-kecirilecek-musavereni-tesis-etuv-aqqinda-beyanat\\\/#breadcrumb\",\"itemListElement\":[{\"@type\":\"ListItem\",\"position\":1,\"name\":\"\u0413\u043e\u043b\u043e\u0432\u043d\u0430\",\"item\":\"https:\\\/\\\/qtmm.org\\\/qt\\\/\"},{\"@type\":\"ListItem\",\"position\":2,\"name\":\"Q\u0131r\u0131m Forum\u0131 \u2013 kommunist rejimini\u00f1 siyasiy mahb\u00fcsleri ve uquqqoruy\u0131c\u0131larn\u0131\u00f1 er sene ke\u00e7irilecek mu\u015favereni tesis et\u00fcv aqq\u0131nda Beyanat\"}]},{\"@type\":\"WebSite\",\"@id\":\"https:\\\/\\\/qtmm.org\\\/qt\\\/#website\",\"url\":\"https:\\\/\\\/qtmm.org\\\/qt\\\/\",\"name\":\"\u041c\u0435\u0434\u0436\u043b\u0456\u0441\",\"description\":\"\",\"publisher\":{\"@id\":\"https:\\\/\\\/qtmm.org\\\/qt\\\/#organization\"},\"potentialAction\":[{\"@type\":\"SearchAction\",\"target\":{\"@type\":\"EntryPoint\",\"urlTemplate\":\"https:\\\/\\\/qtmm.org\\\/qt\\\/?s={search_term_string}\"},\"query-input\":{\"@type\":\"PropertyValueSpecification\",\"valueRequired\":true,\"valueName\":\"search_term_string\"}}],\"inLanguage\":\"qt\"},{\"@type\":\"Organization\",\"@id\":\"https:\\\/\\\/qtmm.org\\\/qt\\\/#organization\",\"name\":\"\u041c\u0435\u0434\u0436\u043b\u0456\u0441\",\"url\":\"https:\\\/\\\/qtmm.org\\\/qt\\\/\",\"logo\":{\"@type\":\"ImageObject\",\"inLanguage\":\"qt\",\"@id\":\"https:\\\/\\\/qtmm.org\\\/qt\\\/#\\\/schema\\\/logo\\\/image\\\/\",\"url\":\"https:\\\/\\\/qtmm.org\\\/wp-content\\\/uploads\\\/2024\\\/12\\\/ua-mejlis-logo-rgb.svg\",\"contentUrl\":\"https:\\\/\\\/qtmm.org\\\/wp-content\\\/uploads\\\/2024\\\/12\\\/ua-mejlis-logo-rgb.svg\",\"caption\":\"\u041c\u0435\u0434\u0436\u043b\u0456\u0441\"},\"image\":{\"@id\":\"https:\\\/\\\/qtmm.org\\\/qt\\\/#\\\/schema\\\/logo\\\/image\\\/\"},\"sameAs\":[\"https:\\\/\\\/www.facebook.com\\\/qtmm.info\\\/\"]},{\"@type\":\"Person\",\"@id\":\"https:\\\/\\\/qtmm.org\\\/qt\\\/#\\\/schema\\\/person\\\/de562469f971dec226ac06e60bbf74a7\",\"name\":\"Developer\",\"image\":{\"@type\":\"ImageObject\",\"inLanguage\":\"qt\",\"@id\":\"https:\\\/\\\/secure.gravatar.com\\\/avatar\\\/392b4cc8fbfeb00b39dfeeab4ee6edded39ffd48e25858637e4765810300227e?s=96&d=mm&r=g\",\"url\":\"https:\\\/\\\/secure.gravatar.com\\\/avatar\\\/392b4cc8fbfeb00b39dfeeab4ee6edded39ffd48e25858637e4765810300227e?s=96&d=mm&r=g\",\"contentUrl\":\"https:\\\/\\\/secure.gravatar.com\\\/avatar\\\/392b4cc8fbfeb00b39dfeeab4ee6edded39ffd48e25858637e4765810300227e?s=96&d=mm&r=g\",\"caption\":\"Developer\"},\"url\":\"https:\\\/\\\/qtmm.org\\\/qt\\\/author\\\/Developer\\\/\"}]}<\/script>\n<!-- \/ Yoast SEO plugin. -->","yoast_head_json":{"title":"Q\u0131r\u0131m Forum\u0131 \u2013 kommunist rejimini\u00f1 siyasiy mahb\u00fcsleri ve uquqqoruy\u0131c\u0131larn\u0131\u00f1 er sene ke\u00e7irilecek mu\u015favereni tesis et\u00fcv aqq\u0131nda Beyanat - \u041c\u0435\u0434\u0436\u043b\u0456\u0441","robots":{"index":"index","follow":"follow","max-snippet":"max-snippet:-1","max-image-preview":"max-image-preview:large","max-video-preview":"max-video-preview:-1"},"canonical":"https:\/\/qtmm.org\/qt\/qirim-forumi-kommunist-rejiminin-siyasiy-mahbusleri-ve-uquqqoruyicilarnin-er-sene-kecirilecek-musavereni-tesis-etuv-aqqinda-beyanat\/","og_locale":"en_US","og_type":"article","og_title":"Q\u0131r\u0131m Forum\u0131 \u2013 kommunist rejimini\u00f1 siyasiy mahb\u00fcsleri ve uquqqoruy\u0131c\u0131larn\u0131\u00f1 er sene ke\u00e7irilecek mu\u015favereni tesis et\u00fcv aqq\u0131nda Beyanat - \u041c\u0435\u0434\u0436\u043b\u0456\u0441","og_description":"D\u00fcnya kommunist sistemas\u0131 darma-da\u011f\u0131n ol\u011fandan 20 y\u0131l ke\u00e7ken so\u00f1 sab\u0131q kommunist alan\u0131nda qurul\u011fan mustaqil devletlerni\u00f1 siyasiy ve iqtisadiy \u00f6m\u00fcrinde kardinal de\u00f1i\u015fmeler ol\u0131p ke\u00e7ti L\u00e2kin, bu de\u00f1i\u015fmeler biri-birinden farql\u0131 ol\u011fanlar\u0131na baqmadan, sab\u0131q kommunist devletlerde insan aqlar\u0131 ve serbestligini\u00f1 vaziyetine diqqat, baz\u0131da ise halqara institut ve te\u015fkil\u00e2tlarn\u0131\u00f1 kiri\u015fmesini talap ete. Merkeziy Asiya, Ermenistan, Beyaz Rusiye, Ukraina ve [&hellip;]","og_url":"https:\/\/qtmm.org\/qt\/qirim-forumi-kommunist-rejiminin-siyasiy-mahbusleri-ve-uquqqoruyicilarnin-er-sene-kecirilecek-musavereni-tesis-etuv-aqqinda-beyanat\/","og_site_name":"\u041c\u0435\u0434\u0436\u043b\u0456\u0441","article_publisher":"https:\/\/www.facebook.com\/qtmm.info\/","article_published_time":"2012-05-20T18:07:00+00:00","article_modified_time":"2022-01-21T18:08:10+00:00","author":"Developer","twitter_card":"summary_large_image","twitter_misc":{"Written by":"Developer","Est. reading time":"2 minutes"},"schema":{"@context":"https:\/\/schema.org","@graph":[{"@type":"Article","@id":"https:\/\/qtmm.org\/qt\/qirim-forumi-kommunist-rejiminin-siyasiy-mahbusleri-ve-uquqqoruyicilarnin-er-sene-kecirilecek-musavereni-tesis-etuv-aqqinda-beyanat\/#article","isPartOf":{"@id":"https:\/\/qtmm.org\/qt\/qirim-forumi-kommunist-rejiminin-siyasiy-mahbusleri-ve-uquqqoruyicilarnin-er-sene-kecirilecek-musavereni-tesis-etuv-aqqinda-beyanat\/"},"author":{"name":"Developer","@id":"https:\/\/qtmm.org\/qt\/#\/schema\/person\/de562469f971dec226ac06e60bbf74a7"},"headline":"Q\u0131r\u0131m Forum\u0131 \u2013 kommunist rejimini\u00f1 siyasiy mahb\u00fcsleri ve uquqqoruy\u0131c\u0131larn\u0131\u00f1 er sene ke\u00e7irilecek mu\u015favereni tesis et\u00fcv aqq\u0131nda Beyanat","datePublished":"2012-05-20T18:07:00+00:00","dateModified":"2022-01-21T18:08:10+00:00","mainEntityOfPage":{"@id":"https:\/\/qtmm.org\/qt\/qirim-forumi-kommunist-rejiminin-siyasiy-mahbusleri-ve-uquqqoruyicilarnin-er-sene-kecirilecek-musavereni-tesis-etuv-aqqinda-beyanat\/"},"wordCount":371,"commentCount":0,"publisher":{"@id":"https:\/\/qtmm.org\/qt\/#organization"},"articleSection":["Haberler"],"inLanguage":"qt","potentialAction":[{"@type":"CommentAction","name":"Comment","target":["https:\/\/qtmm.org\/qt\/qirim-forumi-kommunist-rejiminin-siyasiy-mahbusleri-ve-uquqqoruyicilarnin-er-sene-kecirilecek-musavereni-tesis-etuv-aqqinda-beyanat\/#respond"]}]},{"@type":"WebPage","@id":"https:\/\/qtmm.org\/qt\/qirim-forumi-kommunist-rejiminin-siyasiy-mahbusleri-ve-uquqqoruyicilarnin-er-sene-kecirilecek-musavereni-tesis-etuv-aqqinda-beyanat\/","url":"https:\/\/qtmm.org\/qt\/qirim-forumi-kommunist-rejiminin-siyasiy-mahbusleri-ve-uquqqoruyicilarnin-er-sene-kecirilecek-musavereni-tesis-etuv-aqqinda-beyanat\/","name":"Q\u0131r\u0131m Forum\u0131 \u2013 kommunist rejimini\u00f1 siyasiy mahb\u00fcsleri ve uquqqoruy\u0131c\u0131larn\u0131\u00f1 er sene ke\u00e7irilecek mu\u015favereni tesis et\u00fcv aqq\u0131nda Beyanat - \u041c\u0435\u0434\u0436\u043b\u0456\u0441","isPartOf":{"@id":"https:\/\/qtmm.org\/qt\/#website"},"datePublished":"2012-05-20T18:07:00+00:00","dateModified":"2022-01-21T18:08:10+00:00","breadcrumb":{"@id":"https:\/\/qtmm.org\/qt\/qirim-forumi-kommunist-rejiminin-siyasiy-mahbusleri-ve-uquqqoruyicilarnin-er-sene-kecirilecek-musavereni-tesis-etuv-aqqinda-beyanat\/#breadcrumb"},"inLanguage":"qt","potentialAction":[{"@type":"ReadAction","target":["https:\/\/qtmm.org\/qt\/qirim-forumi-kommunist-rejiminin-siyasiy-mahbusleri-ve-uquqqoruyicilarnin-er-sene-kecirilecek-musavereni-tesis-etuv-aqqinda-beyanat\/"]}]},{"@type":"BreadcrumbList","@id":"https:\/\/qtmm.org\/qt\/qirim-forumi-kommunist-rejiminin-siyasiy-mahbusleri-ve-uquqqoruyicilarnin-er-sene-kecirilecek-musavereni-tesis-etuv-aqqinda-beyanat\/#breadcrumb","itemListElement":[{"@type":"ListItem","position":1,"name":"\u0413\u043e\u043b\u043e\u0432\u043d\u0430","item":"https:\/\/qtmm.org\/qt\/"},{"@type":"ListItem","position":2,"name":"Q\u0131r\u0131m Forum\u0131 \u2013 kommunist rejimini\u00f1 siyasiy mahb\u00fcsleri ve uquqqoruy\u0131c\u0131larn\u0131\u00f1 er sene ke\u00e7irilecek mu\u015favereni tesis et\u00fcv aqq\u0131nda Beyanat"}]},{"@type":"WebSite","@id":"https:\/\/qtmm.org\/qt\/#website","url":"https:\/\/qtmm.org\/qt\/","name":"\u041c\u0435\u0434\u0436\u043b\u0456\u0441","description":"","publisher":{"@id":"https:\/\/qtmm.org\/qt\/#organization"},"potentialAction":[{"@type":"SearchAction","target":{"@type":"EntryPoint","urlTemplate":"https:\/\/qtmm.org\/qt\/?s={search_term_string}"},"query-input":{"@type":"PropertyValueSpecification","valueRequired":true,"valueName":"search_term_string"}}],"inLanguage":"qt"},{"@type":"Organization","@id":"https:\/\/qtmm.org\/qt\/#organization","name":"\u041c\u0435\u0434\u0436\u043b\u0456\u0441","url":"https:\/\/qtmm.org\/qt\/","logo":{"@type":"ImageObject","inLanguage":"qt","@id":"https:\/\/qtmm.org\/qt\/#\/schema\/logo\/image\/","url":"https:\/\/qtmm.org\/wp-content\/uploads\/2024\/12\/ua-mejlis-logo-rgb.svg","contentUrl":"https:\/\/qtmm.org\/wp-content\/uploads\/2024\/12\/ua-mejlis-logo-rgb.svg","caption":"\u041c\u0435\u0434\u0436\u043b\u0456\u0441"},"image":{"@id":"https:\/\/qtmm.org\/qt\/#\/schema\/logo\/image\/"},"sameAs":["https:\/\/www.facebook.com\/qtmm.info\/"]},{"@type":"Person","@id":"https:\/\/qtmm.org\/qt\/#\/schema\/person\/de562469f971dec226ac06e60bbf74a7","name":"Developer","image":{"@type":"ImageObject","inLanguage":"qt","@id":"https:\/\/secure.gravatar.com\/avatar\/392b4cc8fbfeb00b39dfeeab4ee6edded39ffd48e25858637e4765810300227e?s=96&d=mm&r=g","url":"https:\/\/secure.gravatar.com\/avatar\/392b4cc8fbfeb00b39dfeeab4ee6edded39ffd48e25858637e4765810300227e?s=96&d=mm&r=g","contentUrl":"https:\/\/secure.gravatar.com\/avatar\/392b4cc8fbfeb00b39dfeeab4ee6edded39ffd48e25858637e4765810300227e?s=96&d=mm&r=g","caption":"Developer"},"url":"https:\/\/qtmm.org\/qt\/author\/Developer\/"}]}},"_links":{"self":[{"href":"https:\/\/qtmm.org\/qt\/wp-json\/wp\/v2\/posts\/31564","targetHints":{"allow":["GET"]}}],"collection":[{"href":"https:\/\/qtmm.org\/qt\/wp-json\/wp\/v2\/posts"}],"about":[{"href":"https:\/\/qtmm.org\/qt\/wp-json\/wp\/v2\/types\/post"}],"author":[{"embeddable":true,"href":"https:\/\/qtmm.org\/qt\/wp-json\/wp\/v2\/users\/1"}],"replies":[{"embeddable":true,"href":"https:\/\/qtmm.org\/qt\/wp-json\/wp\/v2\/comments?post=31564"}],"version-history":[{"count":1,"href":"https:\/\/qtmm.org\/qt\/wp-json\/wp\/v2\/posts\/31564\/revisions"}],"predecessor-version":[{"id":31569,"href":"https:\/\/qtmm.org\/qt\/wp-json\/wp\/v2\/posts\/31564\/revisions\/31569"}],"wp:attachment":[{"href":"https:\/\/qtmm.org\/qt\/wp-json\/wp\/v2\/media?parent=31564"}],"wp:term":[{"taxonomy":"category","embeddable":true,"href":"https:\/\/qtmm.org\/qt\/wp-json\/wp\/v2\/categories?post=31564"},{"taxonomy":"post_tag","embeddable":true,"href":"https:\/\/qtmm.org\/qt\/wp-json\/wp\/v2\/tags?post=31564"}],"curies":[{"name":"wp","href":"https:\/\/api.w.org\/{rel}","templated":true}]}}