




{"id":31298,"date":"2012-05-20T20:06:00","date_gmt":"2012-05-20T17:06:00","guid":{"rendered":"http:\/\/qtmm.org\/?p=31298"},"modified":"2022-01-21T20:07:24","modified_gmt":"2022-01-21T17:07:24","slug":"sabiq-siyasiy-mahbusler-ve-sssr-em-de-poloniyada-demokratik-areket-istirakcilerinin-beyanati","status":"publish","type":"post","link":"https:\/\/qtmm.org\/qt\/sabiq-siyasiy-mahbusler-ve-sssr-em-de-poloniyada-demokratik-areket-istirakcilerinin-beyanati\/","title":{"rendered":"Sab\u0131q siyasiy mahb\u00fcsler ve SSSR em de Poloniyada demokratik areket i\u015ftirak\u00e7ilerini\u00f1 beyanat\u0131"},"content":{"rendered":"\n<p><strong>Rusiyeni\u00f1 kelecegine on\u0131\u00f1 ke\u00e7mi\u015fi keder ete<\/strong><\/p>\n\n\n\n<p>2012 senesi may\u0131s 19<\/p>\n\n\n\n<p>Aqmescit \u015f. Q\u0131r\u0131m<\/p>\n\n\n\n<p><br>Biz, sab\u0131q siyasiy mahb\u00fcsler ve SSSR em de Poloniyada demokratik areketni\u00f1 i\u015ftirak\u00e7ileri, Rusiyedeki bug\u00fcnki vaziyetni talil eterkenmiz, cemaat\u00e7\u0131l\u0131qn\u0131\u00f1 diqqat\u0131n\u0131 a\u015fa\u011f\u0131dakilerge celp etmekni zarur, dep sayam\u0131z. Rusiyede v\u0131zl\u0131 s\u00fcrette ta Sovetler Birliginde \u00fck\u00fcm s\u00fcrgen avtoritar devlet idaresini\u00f1 usullar\u0131 qayta do\u011fmaqta. 1993 senesi Anayasada tesis etilgen ve qurul\u011fan demokratik institutlarn\u0131\u00f1 maiyeti ayaq ast\u0131 etilip, aqibette demokratiya degil de SSSR devrindeki &#8220;sotsialist demokratiyas\u0131&#8221;na has taqlid ye\u00f1ip \u00e7\u0131qt\u0131.<\/p>\n\n\n\n<p>Matbuat serbestligi ise a\u00e7\u0131q ve ya da gizli tsenzura taraf\u0131ndan s\u0131\u00f1\u0131rlana, miting ke\u00e7ir\u00fcv istegi ise polislerni\u00f1 zorbal\u0131\u011f\u0131na o\u011fray, siyasiy reqabetlik k\u00fc\u00e7 i\u015fletilip bas\u0131la, mahkemeler icra akimiyetni\u00f1 qolu ast\u0131nda, parlament ve prezident saylavlar\u0131nda k\u00f6zetilgen sahtek\u00e2rl\u0131q ise sovet seviyesine yaq\u0131nla\u015fmaqta.<\/p>\n\n\n\n<p>Vicdan mahb\u00fcslerini\u00f1 peyda oluv\u0131 ise daa bir ve belki de Rusiyede siyasiy vaziyetni\u00f1 fenala\u015fqan\u0131n\u0131 k\u00f6stergen e\u00f1 tel\u00fckeli belgidir. \u0130nsan aqlar\u0131n\u0131\u00f1 devaml\u0131 \u015fekilde bast\u0131r\u0131lmas\u0131 totalitar devletni\u00f1 meydan\u011fa ketirileyatqan\u0131n\u0131 k\u00f6stere. Biz yah\u015f\u0131 bilemiz ki, bu, k\u00fctleviy siyasiy basq\u0131lar\u011fa al\u0131p kelir.<\/p>\n\n\n\n<p>Biz Rusiye cemaat\u00e7\u0131l\u0131\u011f\u0131n\u0131 b\u00f6yle siyasiy stsenariyden qor\u00e7alamaq isterdik. Totalitarizmge qaytmaq i\u00e7 bir \u015fey degil ki, bu i\u015f HH1 as\u0131rda nas\u0131l vah\u015fiy bir i\u015f ol\u0131p k\u00f6r\u00fcnmesin. Serbestlikni daima qor\u00e7alamaq, \u015fahsiy menfaatlar ve \u00fck\u00fcmranl\u0131q hastal\u0131\u011f\u0131na o\u011fra\u011fan siyaset\u00e7ilerni\u00f1 toqunmas\u0131ndan imaye etmek zarur.<\/p>\n\n\n\n<p>Bun munasebetnen biz Rusiye demokratik muhalifetni naraz\u0131l\u0131q bayraqlar\u0131 alt\u0131nda sovet ve \u015fovinistik k\u00fc\u00e7lerni\u00f1 \u011fayr\u0131dan do\u011fuv tel\u00fckesine pek diqqatl\u0131 olma\u011fa \u00e7a\u011f\u0131ram\u0131z. Serbestlikke esaslan\u011fan devlet ve aqlarn\u0131\u00f1 musaviyligine esaslan\u011fan demokratiyan\u0131\u00f1 bu areketler mevkuresinden i\u00e7 al\u00e2qas\u0131 olmaz. Olarnen i\u015fbirlikte bulunmaq yaq\u0131n vaq\u0131tta a\u011f\u0131r aqibetlerini k\u00f6sterir.<\/p>\n\n\n\n<p>Biz Rusiyede grajdan cemiyetini\u00f1 memleketni demokratik inki\u015faf yoluna qaytaruv o\u011frundaki areketlerine qoltutqan\u0131m\u0131z aqq\u0131nda il\u00e2n etemiz. Er birimiz imk\u00e2nlar\u0131m\u0131z ol\u011fan\u0131 qadar bu areketlerge elimizdeki vastalarnen qoltutmaq niyetindemiz.<\/p>\n\n\n\n<figure class=\"wp-block-table\"><table><tbody><tr><td><strong>L\u00fcdmila ALEKSEYEVA<\/strong><\/td><td><strong>Vardan ARUT\u00dcN\u00c2N<\/strong><\/td><\/tr><tr><td><strong>Natalya GORBANEVSKAYA<\/strong><\/td><td><strong>Andrey GR\u0130GORENKO<\/strong><\/td><\/tr><tr><td><br><strong>Mustafa CEM\u0130LEV<\/strong><\/td><td><strong>\u0130osif Z\u0130SELS<\/strong><\/td><\/tr><tr><td><br><strong>Valeriy KALABUG\u0130N<\/strong><\/td><td><strong>Sergey KOVALEV<\/strong><\/td><\/tr><tr><td><br><strong>Aleksandr LAVUT<\/strong><\/td><td><strong>Miroslav MAR\u0130NOV\u0130\u00c7<\/strong><\/td><\/tr><tr><td><strong>Vasiliy \u00d6VS\u0130YENKO<\/strong><\/td><td><strong>Aleksandr PODRAB\u0130NEK<\/strong><\/td><\/tr><tr><td><strong>Peter REDDAVEY<\/strong><\/td><td><strong>Yevgen SVERST\u00dcK<\/strong><\/td><\/tr><tr><td><br><strong>Ay\u015fe SEYTMURATOVA<\/strong><\/td><td><strong>Aleksey SM\u0130RNOV<\/strong><\/td><\/tr><tr><td><strong>\u0130zet HA\u0130ROV<\/strong><\/td><td><strong>Petr HLEBOV\u0130\u00c7<\/strong><\/td><\/tr><tr><td><strong>\u00d6les \u015eEV\u00c7ENKO<\/strong><\/td><td><strong>Tatyana YANKELEV\u0130\u00c7<\/strong><\/td><\/tr><\/tbody><\/table><\/figure>\n","protected":false},"excerpt":{"rendered":"<p>Rusiyeni\u00f1 kelecegine on\u0131\u00f1 ke\u00e7mi\u015fi keder ete 2012 senesi may\u0131s 19 Aqmescit \u015f. Q\u0131r\u0131m Biz, sab\u0131q siyasiy mahb\u00fcsler ve SSSR em de Poloniyada demokratik areketni\u00f1 i\u015ftirak\u00e7ileri, Rusiyedeki bug\u00fcnki vaziyetni talil eterkenmiz, cemaat\u00e7\u0131l\u0131qn\u0131\u00f1 diqqat\u0131n\u0131 a\u015fa\u011f\u0131dakilerge celp etmekni zarur, dep sayam\u0131z. Rusiyede v\u0131zl\u0131 s\u00fcrette ta Sovetler Birliginde \u00fck\u00fcm s\u00fcrgen avtoritar devlet idaresini\u00f1 usullar\u0131 qayta do\u011fmaqta. 1993 senesi Anayasada [&hellip;]<\/p>\n","protected":false},"author":1,"featured_media":0,"comment_status":"open","ping_status":"open","sticky":false,"template":"","format":"standard","meta":{"inline_featured_image":false,"footnotes":""},"categories":[265],"tags":[],"class_list":["post-31298","post","type-post","status-publish","format-standard","hentry","category-haberler"],"acf":[],"yoast_head":"<!-- This site is optimized with the Yoast SEO plugin v27.4 - https:\/\/yoast.com\/product\/yoast-seo-wordpress\/ -->\n<title>Sab\u0131q siyasiy mahb\u00fcsler ve SSSR em de Poloniyada demokratik areket i\u015ftirak\u00e7ilerini\u00f1 beyanat\u0131 - \u041c\u0435\u0434\u0436\u043b\u0456\u0441<\/title>\n<meta name=\"robots\" content=\"index, follow, max-snippet:-1, max-image-preview:large, max-video-preview:-1\" \/>\n<link rel=\"canonical\" href=\"https:\/\/qtmm.org\/qt\/sabiq-siyasiy-mahbusler-ve-sssr-em-de-poloniyada-demokratik-areket-istirakcilerinin-beyanati\/\" \/>\n<meta property=\"og:locale\" content=\"en_US\" \/>\n<meta property=\"og:type\" content=\"article\" \/>\n<meta property=\"og:title\" content=\"Sab\u0131q siyasiy mahb\u00fcsler ve SSSR em de Poloniyada demokratik areket i\u015ftirak\u00e7ilerini\u00f1 beyanat\u0131 - \u041c\u0435\u0434\u0436\u043b\u0456\u0441\" \/>\n<meta property=\"og:description\" content=\"Rusiyeni\u00f1 kelecegine on\u0131\u00f1 ke\u00e7mi\u015fi keder ete 2012 senesi may\u0131s 19 Aqmescit \u015f. Q\u0131r\u0131m Biz, sab\u0131q siyasiy mahb\u00fcsler ve SSSR em de Poloniyada demokratik areketni\u00f1 i\u015ftirak\u00e7ileri, Rusiyedeki bug\u00fcnki vaziyetni talil eterkenmiz, cemaat\u00e7\u0131l\u0131qn\u0131\u00f1 diqqat\u0131n\u0131 a\u015fa\u011f\u0131dakilerge celp etmekni zarur, dep sayam\u0131z. Rusiyede v\u0131zl\u0131 s\u00fcrette ta Sovetler Birliginde \u00fck\u00fcm s\u00fcrgen avtoritar devlet idaresini\u00f1 usullar\u0131 qayta do\u011fmaqta. 1993 senesi Anayasada [&hellip;]\" \/>\n<meta property=\"og:url\" content=\"https:\/\/qtmm.org\/qt\/sabiq-siyasiy-mahbusler-ve-sssr-em-de-poloniyada-demokratik-areket-istirakcilerinin-beyanati\/\" \/>\n<meta property=\"og:site_name\" content=\"\u041c\u0435\u0434\u0436\u043b\u0456\u0441\" \/>\n<meta property=\"article:publisher\" content=\"https:\/\/www.facebook.com\/qtmm.info\/\" \/>\n<meta property=\"article:published_time\" content=\"2012-05-20T17:06:00+00:00\" \/>\n<meta property=\"article:modified_time\" content=\"2022-01-21T17:07:24+00:00\" \/>\n<meta name=\"author\" content=\"Developer\" \/>\n<meta name=\"twitter:card\" content=\"summary_large_image\" \/>\n<meta name=\"twitter:label1\" content=\"Written by\" \/>\n\t<meta name=\"twitter:data1\" content=\"Developer\" \/>\n\t<meta name=\"twitter:label2\" content=\"Est. reading time\" \/>\n\t<meta name=\"twitter:data2\" content=\"2 minutes\" \/>\n<script type=\"application\/ld+json\" class=\"yoast-schema-graph\">{\"@context\":\"https:\\\/\\\/schema.org\",\"@graph\":[{\"@type\":\"Article\",\"@id\":\"https:\\\/\\\/qtmm.org\\\/qt\\\/sabiq-siyasiy-mahbusler-ve-sssr-em-de-poloniyada-demokratik-areket-istirakcilerinin-beyanati\\\/#article\",\"isPartOf\":{\"@id\":\"https:\\\/\\\/qtmm.org\\\/qt\\\/sabiq-siyasiy-mahbusler-ve-sssr-em-de-poloniyada-demokratik-areket-istirakcilerinin-beyanati\\\/\"},\"author\":{\"name\":\"Developer\",\"@id\":\"https:\\\/\\\/qtmm.org\\\/qt\\\/#\\\/schema\\\/person\\\/de562469f971dec226ac06e60bbf74a7\"},\"headline\":\"Sab\u0131q siyasiy mahb\u00fcsler ve SSSR em de Poloniyada demokratik areket i\u015ftirak\u00e7ilerini\u00f1 beyanat\u0131\",\"datePublished\":\"2012-05-20T17:06:00+00:00\",\"dateModified\":\"2022-01-21T17:07:24+00:00\",\"mainEntityOfPage\":{\"@id\":\"https:\\\/\\\/qtmm.org\\\/qt\\\/sabiq-siyasiy-mahbusler-ve-sssr-em-de-poloniyada-demokratik-areket-istirakcilerinin-beyanati\\\/\"},\"wordCount\":428,\"commentCount\":0,\"publisher\":{\"@id\":\"https:\\\/\\\/qtmm.org\\\/qt\\\/#organization\"},\"articleSection\":[\"Haberler\"],\"inLanguage\":\"qt\",\"potentialAction\":[{\"@type\":\"CommentAction\",\"name\":\"Comment\",\"target\":[\"https:\\\/\\\/qtmm.org\\\/qt\\\/sabiq-siyasiy-mahbusler-ve-sssr-em-de-poloniyada-demokratik-areket-istirakcilerinin-beyanati\\\/#respond\"]}]},{\"@type\":\"WebPage\",\"@id\":\"https:\\\/\\\/qtmm.org\\\/qt\\\/sabiq-siyasiy-mahbusler-ve-sssr-em-de-poloniyada-demokratik-areket-istirakcilerinin-beyanati\\\/\",\"url\":\"https:\\\/\\\/qtmm.org\\\/qt\\\/sabiq-siyasiy-mahbusler-ve-sssr-em-de-poloniyada-demokratik-areket-istirakcilerinin-beyanati\\\/\",\"name\":\"Sab\u0131q siyasiy mahb\u00fcsler ve SSSR em de Poloniyada demokratik areket i\u015ftirak\u00e7ilerini\u00f1 beyanat\u0131 - \u041c\u0435\u0434\u0436\u043b\u0456\u0441\",\"isPartOf\":{\"@id\":\"https:\\\/\\\/qtmm.org\\\/qt\\\/#website\"},\"datePublished\":\"2012-05-20T17:06:00+00:00\",\"dateModified\":\"2022-01-21T17:07:24+00:00\",\"breadcrumb\":{\"@id\":\"https:\\\/\\\/qtmm.org\\\/qt\\\/sabiq-siyasiy-mahbusler-ve-sssr-em-de-poloniyada-demokratik-areket-istirakcilerinin-beyanati\\\/#breadcrumb\"},\"inLanguage\":\"qt\",\"potentialAction\":[{\"@type\":\"ReadAction\",\"target\":[\"https:\\\/\\\/qtmm.org\\\/qt\\\/sabiq-siyasiy-mahbusler-ve-sssr-em-de-poloniyada-demokratik-areket-istirakcilerinin-beyanati\\\/\"]}]},{\"@type\":\"BreadcrumbList\",\"@id\":\"https:\\\/\\\/qtmm.org\\\/qt\\\/sabiq-siyasiy-mahbusler-ve-sssr-em-de-poloniyada-demokratik-areket-istirakcilerinin-beyanati\\\/#breadcrumb\",\"itemListElement\":[{\"@type\":\"ListItem\",\"position\":1,\"name\":\"\u0413\u043e\u043b\u043e\u0432\u043d\u0430\",\"item\":\"https:\\\/\\\/qtmm.org\\\/qt\\\/\"},{\"@type\":\"ListItem\",\"position\":2,\"name\":\"Sab\u0131q siyasiy mahb\u00fcsler ve SSSR em de Poloniyada demokratik areket i\u015ftirak\u00e7ilerini\u00f1 beyanat\u0131\"}]},{\"@type\":\"WebSite\",\"@id\":\"https:\\\/\\\/qtmm.org\\\/qt\\\/#website\",\"url\":\"https:\\\/\\\/qtmm.org\\\/qt\\\/\",\"name\":\"\u041c\u0435\u0434\u0436\u043b\u0456\u0441\",\"description\":\"\",\"publisher\":{\"@id\":\"https:\\\/\\\/qtmm.org\\\/qt\\\/#organization\"},\"potentialAction\":[{\"@type\":\"SearchAction\",\"target\":{\"@type\":\"EntryPoint\",\"urlTemplate\":\"https:\\\/\\\/qtmm.org\\\/qt\\\/?s={search_term_string}\"},\"query-input\":{\"@type\":\"PropertyValueSpecification\",\"valueRequired\":true,\"valueName\":\"search_term_string\"}}],\"inLanguage\":\"qt\"},{\"@type\":\"Organization\",\"@id\":\"https:\\\/\\\/qtmm.org\\\/qt\\\/#organization\",\"name\":\"\u041c\u0435\u0434\u0436\u043b\u0456\u0441\",\"url\":\"https:\\\/\\\/qtmm.org\\\/qt\\\/\",\"logo\":{\"@type\":\"ImageObject\",\"inLanguage\":\"qt\",\"@id\":\"https:\\\/\\\/qtmm.org\\\/qt\\\/#\\\/schema\\\/logo\\\/image\\\/\",\"url\":\"https:\\\/\\\/qtmm.org\\\/wp-content\\\/uploads\\\/2024\\\/12\\\/ua-mejlis-logo-rgb.svg\",\"contentUrl\":\"https:\\\/\\\/qtmm.org\\\/wp-content\\\/uploads\\\/2024\\\/12\\\/ua-mejlis-logo-rgb.svg\",\"caption\":\"\u041c\u0435\u0434\u0436\u043b\u0456\u0441\"},\"image\":{\"@id\":\"https:\\\/\\\/qtmm.org\\\/qt\\\/#\\\/schema\\\/logo\\\/image\\\/\"},\"sameAs\":[\"https:\\\/\\\/www.facebook.com\\\/qtmm.info\\\/\"]},{\"@type\":\"Person\",\"@id\":\"https:\\\/\\\/qtmm.org\\\/qt\\\/#\\\/schema\\\/person\\\/de562469f971dec226ac06e60bbf74a7\",\"name\":\"Developer\",\"image\":{\"@type\":\"ImageObject\",\"inLanguage\":\"qt\",\"@id\":\"https:\\\/\\\/secure.gravatar.com\\\/avatar\\\/392b4cc8fbfeb00b39dfeeab4ee6edded39ffd48e25858637e4765810300227e?s=96&d=mm&r=g\",\"url\":\"https:\\\/\\\/secure.gravatar.com\\\/avatar\\\/392b4cc8fbfeb00b39dfeeab4ee6edded39ffd48e25858637e4765810300227e?s=96&d=mm&r=g\",\"contentUrl\":\"https:\\\/\\\/secure.gravatar.com\\\/avatar\\\/392b4cc8fbfeb00b39dfeeab4ee6edded39ffd48e25858637e4765810300227e?s=96&d=mm&r=g\",\"caption\":\"Developer\"},\"url\":\"https:\\\/\\\/qtmm.org\\\/qt\\\/author\\\/Developer\\\/\"}]}<\/script>\n<!-- \/ Yoast SEO plugin. -->","yoast_head_json":{"title":"Sab\u0131q siyasiy mahb\u00fcsler ve SSSR em de Poloniyada demokratik areket i\u015ftirak\u00e7ilerini\u00f1 beyanat\u0131 - \u041c\u0435\u0434\u0436\u043b\u0456\u0441","robots":{"index":"index","follow":"follow","max-snippet":"max-snippet:-1","max-image-preview":"max-image-preview:large","max-video-preview":"max-video-preview:-1"},"canonical":"https:\/\/qtmm.org\/qt\/sabiq-siyasiy-mahbusler-ve-sssr-em-de-poloniyada-demokratik-areket-istirakcilerinin-beyanati\/","og_locale":"en_US","og_type":"article","og_title":"Sab\u0131q siyasiy mahb\u00fcsler ve SSSR em de Poloniyada demokratik areket i\u015ftirak\u00e7ilerini\u00f1 beyanat\u0131 - \u041c\u0435\u0434\u0436\u043b\u0456\u0441","og_description":"Rusiyeni\u00f1 kelecegine on\u0131\u00f1 ke\u00e7mi\u015fi keder ete 2012 senesi may\u0131s 19 Aqmescit \u015f. Q\u0131r\u0131m Biz, sab\u0131q siyasiy mahb\u00fcsler ve SSSR em de Poloniyada demokratik areketni\u00f1 i\u015ftirak\u00e7ileri, Rusiyedeki bug\u00fcnki vaziyetni talil eterkenmiz, cemaat\u00e7\u0131l\u0131qn\u0131\u00f1 diqqat\u0131n\u0131 a\u015fa\u011f\u0131dakilerge celp etmekni zarur, dep sayam\u0131z. Rusiyede v\u0131zl\u0131 s\u00fcrette ta Sovetler Birliginde \u00fck\u00fcm s\u00fcrgen avtoritar devlet idaresini\u00f1 usullar\u0131 qayta do\u011fmaqta. 1993 senesi Anayasada [&hellip;]","og_url":"https:\/\/qtmm.org\/qt\/sabiq-siyasiy-mahbusler-ve-sssr-em-de-poloniyada-demokratik-areket-istirakcilerinin-beyanati\/","og_site_name":"\u041c\u0435\u0434\u0436\u043b\u0456\u0441","article_publisher":"https:\/\/www.facebook.com\/qtmm.info\/","article_published_time":"2012-05-20T17:06:00+00:00","article_modified_time":"2022-01-21T17:07:24+00:00","author":"Developer","twitter_card":"summary_large_image","twitter_misc":{"Written by":"Developer","Est. reading time":"2 minutes"},"schema":{"@context":"https:\/\/schema.org","@graph":[{"@type":"Article","@id":"https:\/\/qtmm.org\/qt\/sabiq-siyasiy-mahbusler-ve-sssr-em-de-poloniyada-demokratik-areket-istirakcilerinin-beyanati\/#article","isPartOf":{"@id":"https:\/\/qtmm.org\/qt\/sabiq-siyasiy-mahbusler-ve-sssr-em-de-poloniyada-demokratik-areket-istirakcilerinin-beyanati\/"},"author":{"name":"Developer","@id":"https:\/\/qtmm.org\/qt\/#\/schema\/person\/de562469f971dec226ac06e60bbf74a7"},"headline":"Sab\u0131q siyasiy mahb\u00fcsler ve SSSR em de Poloniyada demokratik areket i\u015ftirak\u00e7ilerini\u00f1 beyanat\u0131","datePublished":"2012-05-20T17:06:00+00:00","dateModified":"2022-01-21T17:07:24+00:00","mainEntityOfPage":{"@id":"https:\/\/qtmm.org\/qt\/sabiq-siyasiy-mahbusler-ve-sssr-em-de-poloniyada-demokratik-areket-istirakcilerinin-beyanati\/"},"wordCount":428,"commentCount":0,"publisher":{"@id":"https:\/\/qtmm.org\/qt\/#organization"},"articleSection":["Haberler"],"inLanguage":"qt","potentialAction":[{"@type":"CommentAction","name":"Comment","target":["https:\/\/qtmm.org\/qt\/sabiq-siyasiy-mahbusler-ve-sssr-em-de-poloniyada-demokratik-areket-istirakcilerinin-beyanati\/#respond"]}]},{"@type":"WebPage","@id":"https:\/\/qtmm.org\/qt\/sabiq-siyasiy-mahbusler-ve-sssr-em-de-poloniyada-demokratik-areket-istirakcilerinin-beyanati\/","url":"https:\/\/qtmm.org\/qt\/sabiq-siyasiy-mahbusler-ve-sssr-em-de-poloniyada-demokratik-areket-istirakcilerinin-beyanati\/","name":"Sab\u0131q siyasiy mahb\u00fcsler ve SSSR em de Poloniyada demokratik areket i\u015ftirak\u00e7ilerini\u00f1 beyanat\u0131 - \u041c\u0435\u0434\u0436\u043b\u0456\u0441","isPartOf":{"@id":"https:\/\/qtmm.org\/qt\/#website"},"datePublished":"2012-05-20T17:06:00+00:00","dateModified":"2022-01-21T17:07:24+00:00","breadcrumb":{"@id":"https:\/\/qtmm.org\/qt\/sabiq-siyasiy-mahbusler-ve-sssr-em-de-poloniyada-demokratik-areket-istirakcilerinin-beyanati\/#breadcrumb"},"inLanguage":"qt","potentialAction":[{"@type":"ReadAction","target":["https:\/\/qtmm.org\/qt\/sabiq-siyasiy-mahbusler-ve-sssr-em-de-poloniyada-demokratik-areket-istirakcilerinin-beyanati\/"]}]},{"@type":"BreadcrumbList","@id":"https:\/\/qtmm.org\/qt\/sabiq-siyasiy-mahbusler-ve-sssr-em-de-poloniyada-demokratik-areket-istirakcilerinin-beyanati\/#breadcrumb","itemListElement":[{"@type":"ListItem","position":1,"name":"\u0413\u043e\u043b\u043e\u0432\u043d\u0430","item":"https:\/\/qtmm.org\/qt\/"},{"@type":"ListItem","position":2,"name":"Sab\u0131q siyasiy mahb\u00fcsler ve SSSR em de Poloniyada demokratik areket i\u015ftirak\u00e7ilerini\u00f1 beyanat\u0131"}]},{"@type":"WebSite","@id":"https:\/\/qtmm.org\/qt\/#website","url":"https:\/\/qtmm.org\/qt\/","name":"\u041c\u0435\u0434\u0436\u043b\u0456\u0441","description":"","publisher":{"@id":"https:\/\/qtmm.org\/qt\/#organization"},"potentialAction":[{"@type":"SearchAction","target":{"@type":"EntryPoint","urlTemplate":"https:\/\/qtmm.org\/qt\/?s={search_term_string}"},"query-input":{"@type":"PropertyValueSpecification","valueRequired":true,"valueName":"search_term_string"}}],"inLanguage":"qt"},{"@type":"Organization","@id":"https:\/\/qtmm.org\/qt\/#organization","name":"\u041c\u0435\u0434\u0436\u043b\u0456\u0441","url":"https:\/\/qtmm.org\/qt\/","logo":{"@type":"ImageObject","inLanguage":"qt","@id":"https:\/\/qtmm.org\/qt\/#\/schema\/logo\/image\/","url":"https:\/\/qtmm.org\/wp-content\/uploads\/2024\/12\/ua-mejlis-logo-rgb.svg","contentUrl":"https:\/\/qtmm.org\/wp-content\/uploads\/2024\/12\/ua-mejlis-logo-rgb.svg","caption":"\u041c\u0435\u0434\u0436\u043b\u0456\u0441"},"image":{"@id":"https:\/\/qtmm.org\/qt\/#\/schema\/logo\/image\/"},"sameAs":["https:\/\/www.facebook.com\/qtmm.info\/"]},{"@type":"Person","@id":"https:\/\/qtmm.org\/qt\/#\/schema\/person\/de562469f971dec226ac06e60bbf74a7","name":"Developer","image":{"@type":"ImageObject","inLanguage":"qt","@id":"https:\/\/secure.gravatar.com\/avatar\/392b4cc8fbfeb00b39dfeeab4ee6edded39ffd48e25858637e4765810300227e?s=96&d=mm&r=g","url":"https:\/\/secure.gravatar.com\/avatar\/392b4cc8fbfeb00b39dfeeab4ee6edded39ffd48e25858637e4765810300227e?s=96&d=mm&r=g","contentUrl":"https:\/\/secure.gravatar.com\/avatar\/392b4cc8fbfeb00b39dfeeab4ee6edded39ffd48e25858637e4765810300227e?s=96&d=mm&r=g","caption":"Developer"},"url":"https:\/\/qtmm.org\/qt\/author\/Developer\/"}]}},"_links":{"self":[{"href":"https:\/\/qtmm.org\/qt\/wp-json\/wp\/v2\/posts\/31298","targetHints":{"allow":["GET"]}}],"collection":[{"href":"https:\/\/qtmm.org\/qt\/wp-json\/wp\/v2\/posts"}],"about":[{"href":"https:\/\/qtmm.org\/qt\/wp-json\/wp\/v2\/types\/post"}],"author":[{"embeddable":true,"href":"https:\/\/qtmm.org\/qt\/wp-json\/wp\/v2\/users\/1"}],"replies":[{"embeddable":true,"href":"https:\/\/qtmm.org\/qt\/wp-json\/wp\/v2\/comments?post=31298"}],"version-history":[{"count":1,"href":"https:\/\/qtmm.org\/qt\/wp-json\/wp\/v2\/posts\/31298\/revisions"}],"predecessor-version":[{"id":31299,"href":"https:\/\/qtmm.org\/qt\/wp-json\/wp\/v2\/posts\/31298\/revisions\/31299"}],"wp:attachment":[{"href":"https:\/\/qtmm.org\/qt\/wp-json\/wp\/v2\/media?parent=31298"}],"wp:term":[{"taxonomy":"category","embeddable":true,"href":"https:\/\/qtmm.org\/qt\/wp-json\/wp\/v2\/categories?post=31298"},{"taxonomy":"post_tag","embeddable":true,"href":"https:\/\/qtmm.org\/qt\/wp-json\/wp\/v2\/tags?post=31298"}],"curies":[{"name":"wp","href":"https:\/\/api.w.org\/{rel}","templated":true}]}}