




{"id":31296,"date":"2012-05-19T20:06:00","date_gmt":"2012-05-19T17:06:00","guid":{"rendered":"http:\/\/qtmm.org\/?p=31296"},"modified":"2022-01-21T20:06:44","modified_gmt":"2022-01-21T17:06:44","slug":"butunqirim-matem-mitinginin-istirakcilerine-qirimtatarlarnin-aqlari-icun-kuresci-general-potr-grigorenkonin-oglu-babasinin-isini-devam-etken-andrey-grigorenko-hitap-etti","status":"publish","type":"post","link":"https:\/\/qtmm.org\/qt\/butunqirim-matem-mitinginin-istirakcilerine-qirimtatarlarnin-aqlari-icun-kuresci-general-potr-grigorenkonin-oglu-babasinin-isini-devam-etken-andrey-grigorenko-hitap-etti\/","title":{"rendered":"B\u00fct\u00fcnq\u0131r\u0131m matem mitingini\u00f1 i\u015ftirak\u00e7ilerine q\u0131r\u0131mtatarlarn\u0131\u00f1 aqlar\u0131 i\u00e7\u00fcn k\u00fcre\u015f\u00e7i, general P\u00f6tr Grigorenkon\u0131\u00f1 o\u011flu, babas\u0131n\u0131\u00f1 i\u015fini devam etken Andrey Grigorenko h\u0131tap etti"},"content":{"rendered":"\n<p>&#8220;Bug\u00fcn meni eki t\u00fcrl\u00fc duy\u011fu sard\u0131, &#8211; dedi Andrey Grigorenko B\u00fct\u00fcnq\u0131r\u0131m matem mitinginde. \u2013 Bir taraftan q\u0131r\u0131mtatar halq\u0131n\u0131\u00f1 Vatan\u011fa qaytmaq aqq\u0131 i\u00e7\u00fcn k\u00fcre\u015fken y\u0131llar\u0131m\u0131zda \u00e7ekken acc\u0131lar\u0131m\u0131z aq\u0131l\u0131ma t\u00fc\u015fti. O zaman baz\u0131da biz tiri ekenimizde bun\u0131 k\u00f6recegimizge inanmay edik. Diger taraftan ise halq bug\u00fcn art\u0131q Vatan\u011fa qaytqan\u0131 ve yerle\u015fkenini k\u00f6rip y\u00fcrekten sevinem. Ebet men a\u00f1lay\u0131m, problemler daa \u00e7oq, eskileri \u00e7ezilmegende, ep ya\u00f1\u0131lar\u0131 peyda olmaqta.<\/p>\n\n\n\n<p>L\u00e2kin men q\u0131r\u0131mtatarlarn\u0131\u00f1 ve olarn\u0131\u00f1 dostlar\u0131n\u0131\u00f1 zorbal\u0131qs\u0131z, demokratik al\u0131n\u0131p bar\u0131l\u011fan b\u00fcy\u00fck areketini k\u00f6rem. Ve bizim areketimiz zorluq ve cinayet yolun\u0131 tutqanlarn\u0131\u00f1 areketinden farql\u0131 ve \u00e7astl\u0131d\u0131r&#8221;<\/p>\n","protected":false},"excerpt":{"rendered":"<p>&#8220;Bug\u00fcn meni eki t\u00fcrl\u00fc duy\u011fu sard\u0131, &#8211; dedi Andrey Grigorenko B\u00fct\u00fcnq\u0131r\u0131m matem mitinginde. \u2013 Bir taraftan q\u0131r\u0131mtatar halq\u0131n\u0131\u00f1 Vatan\u011fa qaytmaq aqq\u0131 i\u00e7\u00fcn k\u00fcre\u015fken y\u0131llar\u0131m\u0131zda \u00e7ekken acc\u0131lar\u0131m\u0131z aq\u0131l\u0131ma t\u00fc\u015fti. O zaman baz\u0131da biz tiri ekenimizde bun\u0131 k\u00f6recegimizge inanmay edik. Diger taraftan ise halq bug\u00fcn art\u0131q Vatan\u011fa qaytqan\u0131 ve yerle\u015fkenini k\u00f6rip y\u00fcrekten sevinem. Ebet men a\u00f1lay\u0131m, problemler [&hellip;]<\/p>\n","protected":false},"author":1,"featured_media":31267,"comment_status":"open","ping_status":"open","sticky":false,"template":"","format":"standard","meta":{"inline_featured_image":false,"footnotes":""},"categories":[265],"tags":[],"class_list":["post-31296","post","type-post","status-publish","format-standard","has-post-thumbnail","hentry","category-haberler"],"acf":[],"yoast_head":"<!-- This site is optimized with the Yoast SEO plugin v27.4 - https:\/\/yoast.com\/product\/yoast-seo-wordpress\/ -->\n<title>B\u00fct\u00fcnq\u0131r\u0131m matem mitingini\u00f1 i\u015ftirak\u00e7ilerine q\u0131r\u0131mtatarlarn\u0131\u00f1 aqlar\u0131 i\u00e7\u00fcn k\u00fcre\u015f\u00e7i, general P\u00f6tr Grigorenkon\u0131\u00f1 o\u011flu, babas\u0131n\u0131\u00f1 i\u015fini devam etken Andrey Grigorenko h\u0131tap etti - \u041c\u0435\u0434\u0436\u043b\u0456\u0441<\/title>\n<meta name=\"robots\" content=\"index, follow, max-snippet:-1, max-image-preview:large, max-video-preview:-1\" \/>\n<link rel=\"canonical\" href=\"https:\/\/qtmm.org\/qt\/butunqirim-matem-mitinginin-istirakcilerine-qirimtatarlarnin-aqlari-icun-kuresci-general-potr-grigorenkonin-oglu-babasinin-isini-devam-etken-andrey-grigorenko-hitap-etti\/\" \/>\n<meta property=\"og:locale\" content=\"en_US\" \/>\n<meta property=\"og:type\" content=\"article\" \/>\n<meta property=\"og:title\" content=\"B\u00fct\u00fcnq\u0131r\u0131m matem mitingini\u00f1 i\u015ftirak\u00e7ilerine q\u0131r\u0131mtatarlarn\u0131\u00f1 aqlar\u0131 i\u00e7\u00fcn k\u00fcre\u015f\u00e7i, general P\u00f6tr Grigorenkon\u0131\u00f1 o\u011flu, babas\u0131n\u0131\u00f1 i\u015fini devam etken Andrey Grigorenko h\u0131tap etti - \u041c\u0435\u0434\u0436\u043b\u0456\u0441\" \/>\n<meta property=\"og:description\" content=\"&#8220;Bug\u00fcn meni eki t\u00fcrl\u00fc duy\u011fu sard\u0131, &#8211; dedi Andrey Grigorenko B\u00fct\u00fcnq\u0131r\u0131m matem mitinginde. \u2013 Bir taraftan q\u0131r\u0131mtatar halq\u0131n\u0131\u00f1 Vatan\u011fa qaytmaq aqq\u0131 i\u00e7\u00fcn k\u00fcre\u015fken y\u0131llar\u0131m\u0131zda \u00e7ekken acc\u0131lar\u0131m\u0131z aq\u0131l\u0131ma t\u00fc\u015fti. O zaman baz\u0131da biz tiri ekenimizde bun\u0131 k\u00f6recegimizge inanmay edik. Diger taraftan ise halq bug\u00fcn art\u0131q Vatan\u011fa qaytqan\u0131 ve yerle\u015fkenini k\u00f6rip y\u00fcrekten sevinem. Ebet men a\u00f1lay\u0131m, problemler [&hellip;]\" \/>\n<meta property=\"og:url\" content=\"https:\/\/qtmm.org\/qt\/butunqirim-matem-mitinginin-istirakcilerine-qirimtatarlarnin-aqlari-icun-kuresci-general-potr-grigorenkonin-oglu-babasinin-isini-devam-etken-andrey-grigorenko-hitap-etti\/\" \/>\n<meta property=\"og:site_name\" content=\"\u041c\u0435\u0434\u0436\u043b\u0456\u0441\" \/>\n<meta property=\"article:publisher\" content=\"https:\/\/www.facebook.com\/qtmm.info\/\" \/>\n<meta property=\"article:published_time\" content=\"2012-05-19T17:06:00+00:00\" \/>\n<meta property=\"article:modified_time\" content=\"2022-01-21T17:06:44+00:00\" \/>\n<meta property=\"og:image\" content=\"https:\/\/qtmm.org\/wp-content\/uploads\/2022\/01\/37.jpeg\" \/>\n\t<meta property=\"og:image:width\" content=\"650\" \/>\n\t<meta property=\"og:image:height\" content=\"400\" \/>\n\t<meta property=\"og:image:type\" content=\"image\/jpeg\" \/>\n<meta name=\"author\" content=\"Developer\" \/>\n<meta name=\"twitter:card\" content=\"summary_large_image\" \/>\n<meta name=\"twitter:label1\" content=\"Written by\" \/>\n\t<meta name=\"twitter:data1\" content=\"Developer\" \/>\n\t<meta name=\"twitter:label2\" content=\"Est. reading time\" \/>\n\t<meta name=\"twitter:data2\" content=\"1 minute\" \/>\n<script type=\"application\/ld+json\" class=\"yoast-schema-graph\">{\"@context\":\"https:\\\/\\\/schema.org\",\"@graph\":[{\"@type\":\"Article\",\"@id\":\"https:\\\/\\\/qtmm.org\\\/qt\\\/butunqirim-matem-mitinginin-istirakcilerine-qirimtatarlarnin-aqlari-icun-kuresci-general-potr-grigorenkonin-oglu-babasinin-isini-devam-etken-andrey-grigorenko-hitap-etti\\\/#article\",\"isPartOf\":{\"@id\":\"https:\\\/\\\/qtmm.org\\\/qt\\\/butunqirim-matem-mitinginin-istirakcilerine-qirimtatarlarnin-aqlari-icun-kuresci-general-potr-grigorenkonin-oglu-babasinin-isini-devam-etken-andrey-grigorenko-hitap-etti\\\/\"},\"author\":{\"name\":\"Developer\",\"@id\":\"https:\\\/\\\/qtmm.org\\\/qt\\\/#\\\/schema\\\/person\\\/de562469f971dec226ac06e60bbf74a7\"},\"headline\":\"B\u00fct\u00fcnq\u0131r\u0131m matem mitingini\u00f1 i\u015ftirak\u00e7ilerine q\u0131r\u0131mtatarlarn\u0131\u00f1 aqlar\u0131 i\u00e7\u00fcn k\u00fcre\u015f\u00e7i, general P\u00f6tr Grigorenkon\u0131\u00f1 o\u011flu, babas\u0131n\u0131\u00f1 i\u015fini devam etken Andrey Grigorenko h\u0131tap etti\",\"datePublished\":\"2012-05-19T17:06:00+00:00\",\"dateModified\":\"2022-01-21T17:06:44+00:00\",\"mainEntityOfPage\":{\"@id\":\"https:\\\/\\\/qtmm.org\\\/qt\\\/butunqirim-matem-mitinginin-istirakcilerine-qirimtatarlarnin-aqlari-icun-kuresci-general-potr-grigorenkonin-oglu-babasinin-isini-devam-etken-andrey-grigorenko-hitap-etti\\\/\"},\"wordCount\":172,\"commentCount\":0,\"publisher\":{\"@id\":\"https:\\\/\\\/qtmm.org\\\/qt\\\/#organization\"},\"image\":{\"@id\":\"https:\\\/\\\/qtmm.org\\\/qt\\\/butunqirim-matem-mitinginin-istirakcilerine-qirimtatarlarnin-aqlari-icun-kuresci-general-potr-grigorenkonin-oglu-babasinin-isini-devam-etken-andrey-grigorenko-hitap-etti\\\/#primaryimage\"},\"thumbnailUrl\":\"https:\\\/\\\/qtmm.org\\\/wp-content\\\/uploads\\\/2022\\\/01\\\/37.jpeg\",\"articleSection\":[\"Haberler\"],\"inLanguage\":\"qt\",\"potentialAction\":[{\"@type\":\"CommentAction\",\"name\":\"Comment\",\"target\":[\"https:\\\/\\\/qtmm.org\\\/qt\\\/butunqirim-matem-mitinginin-istirakcilerine-qirimtatarlarnin-aqlari-icun-kuresci-general-potr-grigorenkonin-oglu-babasinin-isini-devam-etken-andrey-grigorenko-hitap-etti\\\/#respond\"]}]},{\"@type\":\"WebPage\",\"@id\":\"https:\\\/\\\/qtmm.org\\\/qt\\\/butunqirim-matem-mitinginin-istirakcilerine-qirimtatarlarnin-aqlari-icun-kuresci-general-potr-grigorenkonin-oglu-babasinin-isini-devam-etken-andrey-grigorenko-hitap-etti\\\/\",\"url\":\"https:\\\/\\\/qtmm.org\\\/qt\\\/butunqirim-matem-mitinginin-istirakcilerine-qirimtatarlarnin-aqlari-icun-kuresci-general-potr-grigorenkonin-oglu-babasinin-isini-devam-etken-andrey-grigorenko-hitap-etti\\\/\",\"name\":\"B\u00fct\u00fcnq\u0131r\u0131m matem mitingini\u00f1 i\u015ftirak\u00e7ilerine q\u0131r\u0131mtatarlarn\u0131\u00f1 aqlar\u0131 i\u00e7\u00fcn k\u00fcre\u015f\u00e7i, general P\u00f6tr Grigorenkon\u0131\u00f1 o\u011flu, babas\u0131n\u0131\u00f1 i\u015fini devam etken Andrey Grigorenko h\u0131tap etti - \u041c\u0435\u0434\u0436\u043b\u0456\u0441\",\"isPartOf\":{\"@id\":\"https:\\\/\\\/qtmm.org\\\/qt\\\/#website\"},\"primaryImageOfPage\":{\"@id\":\"https:\\\/\\\/qtmm.org\\\/qt\\\/butunqirim-matem-mitinginin-istirakcilerine-qirimtatarlarnin-aqlari-icun-kuresci-general-potr-grigorenkonin-oglu-babasinin-isini-devam-etken-andrey-grigorenko-hitap-etti\\\/#primaryimage\"},\"image\":{\"@id\":\"https:\\\/\\\/qtmm.org\\\/qt\\\/butunqirim-matem-mitinginin-istirakcilerine-qirimtatarlarnin-aqlari-icun-kuresci-general-potr-grigorenkonin-oglu-babasinin-isini-devam-etken-andrey-grigorenko-hitap-etti\\\/#primaryimage\"},\"thumbnailUrl\":\"https:\\\/\\\/qtmm.org\\\/wp-content\\\/uploads\\\/2022\\\/01\\\/37.jpeg\",\"datePublished\":\"2012-05-19T17:06:00+00:00\",\"dateModified\":\"2022-01-21T17:06:44+00:00\",\"breadcrumb\":{\"@id\":\"https:\\\/\\\/qtmm.org\\\/qt\\\/butunqirim-matem-mitinginin-istirakcilerine-qirimtatarlarnin-aqlari-icun-kuresci-general-potr-grigorenkonin-oglu-babasinin-isini-devam-etken-andrey-grigorenko-hitap-etti\\\/#breadcrumb\"},\"inLanguage\":\"qt\",\"potentialAction\":[{\"@type\":\"ReadAction\",\"target\":[\"https:\\\/\\\/qtmm.org\\\/qt\\\/butunqirim-matem-mitinginin-istirakcilerine-qirimtatarlarnin-aqlari-icun-kuresci-general-potr-grigorenkonin-oglu-babasinin-isini-devam-etken-andrey-grigorenko-hitap-etti\\\/\"]}]},{\"@type\":\"ImageObject\",\"inLanguage\":\"qt\",\"@id\":\"https:\\\/\\\/qtmm.org\\\/qt\\\/butunqirim-matem-mitinginin-istirakcilerine-qirimtatarlarnin-aqlari-icun-kuresci-general-potr-grigorenkonin-oglu-babasinin-isini-devam-etken-andrey-grigorenko-hitap-etti\\\/#primaryimage\",\"url\":\"https:\\\/\\\/qtmm.org\\\/wp-content\\\/uploads\\\/2022\\\/01\\\/37.jpeg\",\"contentUrl\":\"https:\\\/\\\/qtmm.org\\\/wp-content\\\/uploads\\\/2022\\\/01\\\/37.jpeg\",\"width\":650,\"height\":400},{\"@type\":\"BreadcrumbList\",\"@id\":\"https:\\\/\\\/qtmm.org\\\/qt\\\/butunqirim-matem-mitinginin-istirakcilerine-qirimtatarlarnin-aqlari-icun-kuresci-general-potr-grigorenkonin-oglu-babasinin-isini-devam-etken-andrey-grigorenko-hitap-etti\\\/#breadcrumb\",\"itemListElement\":[{\"@type\":\"ListItem\",\"position\":1,\"name\":\"\u0413\u043e\u043b\u043e\u0432\u043d\u0430\",\"item\":\"https:\\\/\\\/qtmm.org\\\/qt\\\/\"},{\"@type\":\"ListItem\",\"position\":2,\"name\":\"B\u00fct\u00fcnq\u0131r\u0131m matem mitingini\u00f1 i\u015ftirak\u00e7ilerine q\u0131r\u0131mtatarlarn\u0131\u00f1 aqlar\u0131 i\u00e7\u00fcn k\u00fcre\u015f\u00e7i, general P\u00f6tr Grigorenkon\u0131\u00f1 o\u011flu, babas\u0131n\u0131\u00f1 i\u015fini devam etken Andrey Grigorenko h\u0131tap etti\"}]},{\"@type\":\"WebSite\",\"@id\":\"https:\\\/\\\/qtmm.org\\\/qt\\\/#website\",\"url\":\"https:\\\/\\\/qtmm.org\\\/qt\\\/\",\"name\":\"\u041c\u0435\u0434\u0436\u043b\u0456\u0441\",\"description\":\"\",\"publisher\":{\"@id\":\"https:\\\/\\\/qtmm.org\\\/qt\\\/#organization\"},\"potentialAction\":[{\"@type\":\"SearchAction\",\"target\":{\"@type\":\"EntryPoint\",\"urlTemplate\":\"https:\\\/\\\/qtmm.org\\\/qt\\\/?s={search_term_string}\"},\"query-input\":{\"@type\":\"PropertyValueSpecification\",\"valueRequired\":true,\"valueName\":\"search_term_string\"}}],\"inLanguage\":\"qt\"},{\"@type\":\"Organization\",\"@id\":\"https:\\\/\\\/qtmm.org\\\/qt\\\/#organization\",\"name\":\"\u041c\u0435\u0434\u0436\u043b\u0456\u0441\",\"url\":\"https:\\\/\\\/qtmm.org\\\/qt\\\/\",\"logo\":{\"@type\":\"ImageObject\",\"inLanguage\":\"qt\",\"@id\":\"https:\\\/\\\/qtmm.org\\\/qt\\\/#\\\/schema\\\/logo\\\/image\\\/\",\"url\":\"https:\\\/\\\/qtmm.org\\\/wp-content\\\/uploads\\\/2024\\\/12\\\/ua-mejlis-logo-rgb.svg\",\"contentUrl\":\"https:\\\/\\\/qtmm.org\\\/wp-content\\\/uploads\\\/2024\\\/12\\\/ua-mejlis-logo-rgb.svg\",\"caption\":\"\u041c\u0435\u0434\u0436\u043b\u0456\u0441\"},\"image\":{\"@id\":\"https:\\\/\\\/qtmm.org\\\/qt\\\/#\\\/schema\\\/logo\\\/image\\\/\"},\"sameAs\":[\"https:\\\/\\\/www.facebook.com\\\/qtmm.info\\\/\"]},{\"@type\":\"Person\",\"@id\":\"https:\\\/\\\/qtmm.org\\\/qt\\\/#\\\/schema\\\/person\\\/de562469f971dec226ac06e60bbf74a7\",\"name\":\"Developer\",\"image\":{\"@type\":\"ImageObject\",\"inLanguage\":\"qt\",\"@id\":\"https:\\\/\\\/secure.gravatar.com\\\/avatar\\\/392b4cc8fbfeb00b39dfeeab4ee6edded39ffd48e25858637e4765810300227e?s=96&d=mm&r=g\",\"url\":\"https:\\\/\\\/secure.gravatar.com\\\/avatar\\\/392b4cc8fbfeb00b39dfeeab4ee6edded39ffd48e25858637e4765810300227e?s=96&d=mm&r=g\",\"contentUrl\":\"https:\\\/\\\/secure.gravatar.com\\\/avatar\\\/392b4cc8fbfeb00b39dfeeab4ee6edded39ffd48e25858637e4765810300227e?s=96&d=mm&r=g\",\"caption\":\"Developer\"},\"url\":\"https:\\\/\\\/qtmm.org\\\/qt\\\/author\\\/Developer\\\/\"}]}<\/script>\n<!-- \/ Yoast SEO plugin. -->","yoast_head_json":{"title":"B\u00fct\u00fcnq\u0131r\u0131m matem mitingini\u00f1 i\u015ftirak\u00e7ilerine q\u0131r\u0131mtatarlarn\u0131\u00f1 aqlar\u0131 i\u00e7\u00fcn k\u00fcre\u015f\u00e7i, general P\u00f6tr Grigorenkon\u0131\u00f1 o\u011flu, babas\u0131n\u0131\u00f1 i\u015fini devam etken Andrey Grigorenko h\u0131tap etti - \u041c\u0435\u0434\u0436\u043b\u0456\u0441","robots":{"index":"index","follow":"follow","max-snippet":"max-snippet:-1","max-image-preview":"max-image-preview:large","max-video-preview":"max-video-preview:-1"},"canonical":"https:\/\/qtmm.org\/qt\/butunqirim-matem-mitinginin-istirakcilerine-qirimtatarlarnin-aqlari-icun-kuresci-general-potr-grigorenkonin-oglu-babasinin-isini-devam-etken-andrey-grigorenko-hitap-etti\/","og_locale":"en_US","og_type":"article","og_title":"B\u00fct\u00fcnq\u0131r\u0131m matem mitingini\u00f1 i\u015ftirak\u00e7ilerine q\u0131r\u0131mtatarlarn\u0131\u00f1 aqlar\u0131 i\u00e7\u00fcn k\u00fcre\u015f\u00e7i, general P\u00f6tr Grigorenkon\u0131\u00f1 o\u011flu, babas\u0131n\u0131\u00f1 i\u015fini devam etken Andrey Grigorenko h\u0131tap etti - \u041c\u0435\u0434\u0436\u043b\u0456\u0441","og_description":"&#8220;Bug\u00fcn meni eki t\u00fcrl\u00fc duy\u011fu sard\u0131, &#8211; dedi Andrey Grigorenko B\u00fct\u00fcnq\u0131r\u0131m matem mitinginde. \u2013 Bir taraftan q\u0131r\u0131mtatar halq\u0131n\u0131\u00f1 Vatan\u011fa qaytmaq aqq\u0131 i\u00e7\u00fcn k\u00fcre\u015fken y\u0131llar\u0131m\u0131zda \u00e7ekken acc\u0131lar\u0131m\u0131z aq\u0131l\u0131ma t\u00fc\u015fti. O zaman baz\u0131da biz tiri ekenimizde bun\u0131 k\u00f6recegimizge inanmay edik. Diger taraftan ise halq bug\u00fcn art\u0131q Vatan\u011fa qaytqan\u0131 ve yerle\u015fkenini k\u00f6rip y\u00fcrekten sevinem. Ebet men a\u00f1lay\u0131m, problemler [&hellip;]","og_url":"https:\/\/qtmm.org\/qt\/butunqirim-matem-mitinginin-istirakcilerine-qirimtatarlarnin-aqlari-icun-kuresci-general-potr-grigorenkonin-oglu-babasinin-isini-devam-etken-andrey-grigorenko-hitap-etti\/","og_site_name":"\u041c\u0435\u0434\u0436\u043b\u0456\u0441","article_publisher":"https:\/\/www.facebook.com\/qtmm.info\/","article_published_time":"2012-05-19T17:06:00+00:00","article_modified_time":"2022-01-21T17:06:44+00:00","og_image":[{"width":650,"height":400,"url":"https:\/\/qtmm.org\/wp-content\/uploads\/2022\/01\/37.jpeg","type":"image\/jpeg"}],"author":"Developer","twitter_card":"summary_large_image","twitter_misc":{"Written by":"Developer","Est. reading time":"1 minute"},"schema":{"@context":"https:\/\/schema.org","@graph":[{"@type":"Article","@id":"https:\/\/qtmm.org\/qt\/butunqirim-matem-mitinginin-istirakcilerine-qirimtatarlarnin-aqlari-icun-kuresci-general-potr-grigorenkonin-oglu-babasinin-isini-devam-etken-andrey-grigorenko-hitap-etti\/#article","isPartOf":{"@id":"https:\/\/qtmm.org\/qt\/butunqirim-matem-mitinginin-istirakcilerine-qirimtatarlarnin-aqlari-icun-kuresci-general-potr-grigorenkonin-oglu-babasinin-isini-devam-etken-andrey-grigorenko-hitap-etti\/"},"author":{"name":"Developer","@id":"https:\/\/qtmm.org\/qt\/#\/schema\/person\/de562469f971dec226ac06e60bbf74a7"},"headline":"B\u00fct\u00fcnq\u0131r\u0131m matem mitingini\u00f1 i\u015ftirak\u00e7ilerine q\u0131r\u0131mtatarlarn\u0131\u00f1 aqlar\u0131 i\u00e7\u00fcn k\u00fcre\u015f\u00e7i, general P\u00f6tr Grigorenkon\u0131\u00f1 o\u011flu, babas\u0131n\u0131\u00f1 i\u015fini devam etken Andrey Grigorenko h\u0131tap etti","datePublished":"2012-05-19T17:06:00+00:00","dateModified":"2022-01-21T17:06:44+00:00","mainEntityOfPage":{"@id":"https:\/\/qtmm.org\/qt\/butunqirim-matem-mitinginin-istirakcilerine-qirimtatarlarnin-aqlari-icun-kuresci-general-potr-grigorenkonin-oglu-babasinin-isini-devam-etken-andrey-grigorenko-hitap-etti\/"},"wordCount":172,"commentCount":0,"publisher":{"@id":"https:\/\/qtmm.org\/qt\/#organization"},"image":{"@id":"https:\/\/qtmm.org\/qt\/butunqirim-matem-mitinginin-istirakcilerine-qirimtatarlarnin-aqlari-icun-kuresci-general-potr-grigorenkonin-oglu-babasinin-isini-devam-etken-andrey-grigorenko-hitap-etti\/#primaryimage"},"thumbnailUrl":"https:\/\/qtmm.org\/wp-content\/uploads\/2022\/01\/37.jpeg","articleSection":["Haberler"],"inLanguage":"qt","potentialAction":[{"@type":"CommentAction","name":"Comment","target":["https:\/\/qtmm.org\/qt\/butunqirim-matem-mitinginin-istirakcilerine-qirimtatarlarnin-aqlari-icun-kuresci-general-potr-grigorenkonin-oglu-babasinin-isini-devam-etken-andrey-grigorenko-hitap-etti\/#respond"]}]},{"@type":"WebPage","@id":"https:\/\/qtmm.org\/qt\/butunqirim-matem-mitinginin-istirakcilerine-qirimtatarlarnin-aqlari-icun-kuresci-general-potr-grigorenkonin-oglu-babasinin-isini-devam-etken-andrey-grigorenko-hitap-etti\/","url":"https:\/\/qtmm.org\/qt\/butunqirim-matem-mitinginin-istirakcilerine-qirimtatarlarnin-aqlari-icun-kuresci-general-potr-grigorenkonin-oglu-babasinin-isini-devam-etken-andrey-grigorenko-hitap-etti\/","name":"B\u00fct\u00fcnq\u0131r\u0131m matem mitingini\u00f1 i\u015ftirak\u00e7ilerine q\u0131r\u0131mtatarlarn\u0131\u00f1 aqlar\u0131 i\u00e7\u00fcn k\u00fcre\u015f\u00e7i, general P\u00f6tr Grigorenkon\u0131\u00f1 o\u011flu, babas\u0131n\u0131\u00f1 i\u015fini devam etken Andrey Grigorenko h\u0131tap etti - \u041c\u0435\u0434\u0436\u043b\u0456\u0441","isPartOf":{"@id":"https:\/\/qtmm.org\/qt\/#website"},"primaryImageOfPage":{"@id":"https:\/\/qtmm.org\/qt\/butunqirim-matem-mitinginin-istirakcilerine-qirimtatarlarnin-aqlari-icun-kuresci-general-potr-grigorenkonin-oglu-babasinin-isini-devam-etken-andrey-grigorenko-hitap-etti\/#primaryimage"},"image":{"@id":"https:\/\/qtmm.org\/qt\/butunqirim-matem-mitinginin-istirakcilerine-qirimtatarlarnin-aqlari-icun-kuresci-general-potr-grigorenkonin-oglu-babasinin-isini-devam-etken-andrey-grigorenko-hitap-etti\/#primaryimage"},"thumbnailUrl":"https:\/\/qtmm.org\/wp-content\/uploads\/2022\/01\/37.jpeg","datePublished":"2012-05-19T17:06:00+00:00","dateModified":"2022-01-21T17:06:44+00:00","breadcrumb":{"@id":"https:\/\/qtmm.org\/qt\/butunqirim-matem-mitinginin-istirakcilerine-qirimtatarlarnin-aqlari-icun-kuresci-general-potr-grigorenkonin-oglu-babasinin-isini-devam-etken-andrey-grigorenko-hitap-etti\/#breadcrumb"},"inLanguage":"qt","potentialAction":[{"@type":"ReadAction","target":["https:\/\/qtmm.org\/qt\/butunqirim-matem-mitinginin-istirakcilerine-qirimtatarlarnin-aqlari-icun-kuresci-general-potr-grigorenkonin-oglu-babasinin-isini-devam-etken-andrey-grigorenko-hitap-etti\/"]}]},{"@type":"ImageObject","inLanguage":"qt","@id":"https:\/\/qtmm.org\/qt\/butunqirim-matem-mitinginin-istirakcilerine-qirimtatarlarnin-aqlari-icun-kuresci-general-potr-grigorenkonin-oglu-babasinin-isini-devam-etken-andrey-grigorenko-hitap-etti\/#primaryimage","url":"https:\/\/qtmm.org\/wp-content\/uploads\/2022\/01\/37.jpeg","contentUrl":"https:\/\/qtmm.org\/wp-content\/uploads\/2022\/01\/37.jpeg","width":650,"height":400},{"@type":"BreadcrumbList","@id":"https:\/\/qtmm.org\/qt\/butunqirim-matem-mitinginin-istirakcilerine-qirimtatarlarnin-aqlari-icun-kuresci-general-potr-grigorenkonin-oglu-babasinin-isini-devam-etken-andrey-grigorenko-hitap-etti\/#breadcrumb","itemListElement":[{"@type":"ListItem","position":1,"name":"\u0413\u043e\u043b\u043e\u0432\u043d\u0430","item":"https:\/\/qtmm.org\/qt\/"},{"@type":"ListItem","position":2,"name":"B\u00fct\u00fcnq\u0131r\u0131m matem mitingini\u00f1 i\u015ftirak\u00e7ilerine q\u0131r\u0131mtatarlarn\u0131\u00f1 aqlar\u0131 i\u00e7\u00fcn k\u00fcre\u015f\u00e7i, general P\u00f6tr Grigorenkon\u0131\u00f1 o\u011flu, babas\u0131n\u0131\u00f1 i\u015fini devam etken Andrey Grigorenko h\u0131tap etti"}]},{"@type":"WebSite","@id":"https:\/\/qtmm.org\/qt\/#website","url":"https:\/\/qtmm.org\/qt\/","name":"\u041c\u0435\u0434\u0436\u043b\u0456\u0441","description":"","publisher":{"@id":"https:\/\/qtmm.org\/qt\/#organization"},"potentialAction":[{"@type":"SearchAction","target":{"@type":"EntryPoint","urlTemplate":"https:\/\/qtmm.org\/qt\/?s={search_term_string}"},"query-input":{"@type":"PropertyValueSpecification","valueRequired":true,"valueName":"search_term_string"}}],"inLanguage":"qt"},{"@type":"Organization","@id":"https:\/\/qtmm.org\/qt\/#organization","name":"\u041c\u0435\u0434\u0436\u043b\u0456\u0441","url":"https:\/\/qtmm.org\/qt\/","logo":{"@type":"ImageObject","inLanguage":"qt","@id":"https:\/\/qtmm.org\/qt\/#\/schema\/logo\/image\/","url":"https:\/\/qtmm.org\/wp-content\/uploads\/2024\/12\/ua-mejlis-logo-rgb.svg","contentUrl":"https:\/\/qtmm.org\/wp-content\/uploads\/2024\/12\/ua-mejlis-logo-rgb.svg","caption":"\u041c\u0435\u0434\u0436\u043b\u0456\u0441"},"image":{"@id":"https:\/\/qtmm.org\/qt\/#\/schema\/logo\/image\/"},"sameAs":["https:\/\/www.facebook.com\/qtmm.info\/"]},{"@type":"Person","@id":"https:\/\/qtmm.org\/qt\/#\/schema\/person\/de562469f971dec226ac06e60bbf74a7","name":"Developer","image":{"@type":"ImageObject","inLanguage":"qt","@id":"https:\/\/secure.gravatar.com\/avatar\/392b4cc8fbfeb00b39dfeeab4ee6edded39ffd48e25858637e4765810300227e?s=96&d=mm&r=g","url":"https:\/\/secure.gravatar.com\/avatar\/392b4cc8fbfeb00b39dfeeab4ee6edded39ffd48e25858637e4765810300227e?s=96&d=mm&r=g","contentUrl":"https:\/\/secure.gravatar.com\/avatar\/392b4cc8fbfeb00b39dfeeab4ee6edded39ffd48e25858637e4765810300227e?s=96&d=mm&r=g","caption":"Developer"},"url":"https:\/\/qtmm.org\/qt\/author\/Developer\/"}]}},"_links":{"self":[{"href":"https:\/\/qtmm.org\/qt\/wp-json\/wp\/v2\/posts\/31296","targetHints":{"allow":["GET"]}}],"collection":[{"href":"https:\/\/qtmm.org\/qt\/wp-json\/wp\/v2\/posts"}],"about":[{"href":"https:\/\/qtmm.org\/qt\/wp-json\/wp\/v2\/types\/post"}],"author":[{"embeddable":true,"href":"https:\/\/qtmm.org\/qt\/wp-json\/wp\/v2\/users\/1"}],"replies":[{"embeddable":true,"href":"https:\/\/qtmm.org\/qt\/wp-json\/wp\/v2\/comments?post=31296"}],"version-history":[{"count":1,"href":"https:\/\/qtmm.org\/qt\/wp-json\/wp\/v2\/posts\/31296\/revisions"}],"predecessor-version":[{"id":31297,"href":"https:\/\/qtmm.org\/qt\/wp-json\/wp\/v2\/posts\/31296\/revisions\/31297"}],"wp:featuredmedia":[{"embeddable":true,"href":"https:\/\/qtmm.org\/qt\/wp-json\/wp\/v2\/media\/31267"}],"wp:attachment":[{"href":"https:\/\/qtmm.org\/qt\/wp-json\/wp\/v2\/media?parent=31296"}],"wp:term":[{"taxonomy":"category","embeddable":true,"href":"https:\/\/qtmm.org\/qt\/wp-json\/wp\/v2\/categories?post=31296"},{"taxonomy":"post_tag","embeddable":true,"href":"https:\/\/qtmm.org\/qt\/wp-json\/wp\/v2\/tags?post=31296"}],"curies":[{"name":"wp","href":"https:\/\/api.w.org\/{rel}","templated":true}]}}