




{"id":31276,"date":"2012-05-19T20:04:00","date_gmt":"2012-05-19T17:04:00","guid":{"rendered":"http:\/\/qtmm.org\/?p=31276"},"modified":"2022-01-21T20:06:01","modified_gmt":"2022-01-21T17:06:01","slug":"kommunist-rejimi-tarafindan-taptalgan-aqiqat-icun-kuresken-qirimtatar-halqinin-cesurligini-taqdir-etemiz","status":"publish","type":"post","link":"https:\/\/qtmm.org\/qt\/kommunist-rejimi-tarafindan-taptalgan-aqiqat-icun-kuresken-qirimtatar-halqinin-cesurligini-taqdir-etemiz\/","title":{"rendered":"\u00abKommunist rejimi taraf\u0131ndan taptal\u011fan aqiqat i\u00e7\u00fcn k\u00fcre\u015fken q\u0131r\u0131mtatar halq\u0131n\u0131\u00f1 ces\u00fcrligini taqdir etemiz\u00bb"},"content":{"rendered":"\n<p>Kommunist rejimi sab\u0131q mahb\u00fcslerini\u00f1 &#8220;Q\u0131r\u0131mtatar halq\u0131n\u0131\u00f1 aqlar\u0131n\u0131 qor\u00e7alay\u0131q&#8221; muracaat\u0131na dissident ve sovet uquqqoruy\u0131c\u0131lar\u0131 Vladimir Bukovskiy, Aleksandr Podrabinek, Natalya Gorbanevskaya, Aleksey Smirnov, Vardan Arut\u00fcn\u00e2n, Andrey Grigorenko, Ay\u015fe Seytmuratova, Petr Hlebovi\u00e7 ve Aleksandr Lavut da qo\u015fuld\u0131lar.<\/p>\n\n\n\n<p>Bu aqta sovet uquqqoruy\u0131c\u0131lar\u0131n\u0131\u00f1 2012 senesi may\u0131s 19-da ol\u0131p ke\u00e7ken matbuat konferentsiyas\u0131nda Natalya Gorbanevskaya bildirdi. \u015eun\u0131 hat\u0131rlatmal\u0131 ki may\u0131s 18 k\u00fcn\u00fc kommunist rejimini\u00f1 sab\u0131q mahb\u00fcsleri \u0130osif Zisels, Miroslav Marinovi\u00e7, Vasil \u00d6vsiyenko, Zor\u00e2n Popad\u00fck, Yevgen Sverst\u00fck, \u00d6les \u015eev\u00e7enko \u00f6zlerini\u00f1 &#8220;Q\u0131r\u0131mtatar halq\u0131n\u0131\u00f1 aqlar\u0131n\u0131 qor\u00e7alay\u0131q&#8221; muracaat\u0131nda Ukraina Kommunist partiyas\u0131 ve on\u0131\u00f1, Ukraina qanun\u00e2rat\u0131c\u0131 organ\u0131n\u0131\u00f1 minberinden 2012 senesi may\u0131s 16-da b\u00fct\u00fcn q\u0131r\u0131mtatar halq\u0131n\u0131 a\u00e7\u0131qtan-a\u00e7\u0131q aqaret etken azas\u0131n\u0131 keskin qaralap, insanl\u0131qqa qar\u015f\u0131 natsizmnen bir s\u0131rada cinayeti i\u00e7\u00fcn kommunizmni mahkeme etmekni talap ettiler.<\/p>\n\n\n\n<figure class=\"wp-block-image size-full\"><img loading=\"lazy\" decoding=\"async\" width=\"650\" height=\"400\" src=\"http:\/\/qtmm.org\/wp-content\/uploads\/2022\/01\/2_45.jpeg\" alt=\"\" class=\"wp-image-31285\" srcset=\"https:\/\/qtmm.org\/wp-content\/uploads\/2022\/01\/2_45.jpeg 650w, https:\/\/qtmm.org\/wp-content\/uploads\/2022\/01\/2_45-300x185.jpeg 300w\" sizes=\"auto, (max-width: 650px) 100vw, 650px\" \/><\/figure>\n\n\n\n<p>&#8220;Sab\u0131q SSSRni\u00f1 cezalan\u011fan halqlar\u0131 halqara mahkemege nevbette turalar ve olarn\u0131\u00f1 er birini\u00f1 \u00f6z davas\u0131 bar. Kommunist rejimi taraf\u0131ndan taptal\u011fan aqiqatn\u0131\u00f1 tiklenilmesi i\u00e7\u00fcn k\u00fcre\u015fken q\u0131r\u0131mtatar halq\u0131n\u0131\u00f1 ces\u00fcrligini tan\u0131mal\u0131m\u0131z&#8221;, denile sab\u0131q siyasiy mahb\u00fcslerni\u00f1 muracaat\u0131nda.<\/p>\n\n\n\n<figure class=\"wp-block-image size-full\"><img loading=\"lazy\" decoding=\"async\" width=\"650\" height=\"400\" src=\"http:\/\/qtmm.org\/wp-content\/uploads\/2022\/01\/4_26.jpeg\" alt=\"\" class=\"wp-image-31291\" srcset=\"https:\/\/qtmm.org\/wp-content\/uploads\/2022\/01\/4_26.jpeg 650w, https:\/\/qtmm.org\/wp-content\/uploads\/2022\/01\/4_26-300x185.jpeg 300w\" sizes=\"auto, (max-width: 650px) 100vw, 650px\" \/><\/figure>\n\n\n\n<p>Belli ki, may\u0131s 19 k\u00fcn\u00fc Aqmescitte SSSRde kommunist rejimine qar\u015f\u0131 k\u00fcre\u015fni\u00f1 qarsambal\u0131 yollar\u0131ndan ke\u00e7ken sovet siyasiy mahb\u00fcslerini\u00f1 k\u00f6r\u00fc\u015f\u00fcvi ol\u0131p ke\u00e7ti.<\/p>\n","protected":false},"excerpt":{"rendered":"<p>Kommunist rejimi sab\u0131q mahb\u00fcslerini\u00f1 &#8220;Q\u0131r\u0131mtatar halq\u0131n\u0131\u00f1 aqlar\u0131n\u0131 qor\u00e7alay\u0131q&#8221; muracaat\u0131na dissident ve sovet uquqqoruy\u0131c\u0131lar\u0131 Vladimir Bukovskiy, Aleksandr Podrabinek, Natalya Gorbanevskaya, Aleksey Smirnov, Vardan Arut\u00fcn\u00e2n, Andrey Grigorenko, Ay\u015fe Seytmuratova, Petr Hlebovi\u00e7 ve Aleksandr Lavut da qo\u015fuld\u0131lar. Bu aqta sovet uquqqoruy\u0131c\u0131lar\u0131n\u0131\u00f1 2012 senesi may\u0131s 19-da ol\u0131p ke\u00e7ken matbuat konferentsiyas\u0131nda Natalya Gorbanevskaya bildirdi. \u015eun\u0131 hat\u0131rlatmal\u0131 ki may\u0131s 18 k\u00fcn\u00fc [&hellip;]<\/p>\n","protected":false},"author":1,"featured_media":31277,"comment_status":"open","ping_status":"open","sticky":false,"template":"","format":"standard","meta":{"inline_featured_image":false,"footnotes":""},"categories":[265],"tags":[],"class_list":["post-31276","post","type-post","status-publish","format-standard","has-post-thumbnail","hentry","category-haberler"],"acf":[],"yoast_head":"<!-- This site is optimized with the Yoast SEO plugin v27.4 - https:\/\/yoast.com\/product\/yoast-seo-wordpress\/ -->\n<title>\u00abKommunist rejimi taraf\u0131ndan taptal\u011fan aqiqat i\u00e7\u00fcn k\u00fcre\u015fken q\u0131r\u0131mtatar halq\u0131n\u0131\u00f1 ces\u00fcrligini taqdir etemiz\u00bb - \u041c\u0435\u0434\u0436\u043b\u0456\u0441<\/title>\n<meta name=\"robots\" content=\"index, follow, max-snippet:-1, max-image-preview:large, max-video-preview:-1\" \/>\n<link rel=\"canonical\" href=\"https:\/\/qtmm.org\/qt\/kommunist-rejimi-tarafindan-taptalgan-aqiqat-icun-kuresken-qirimtatar-halqinin-cesurligini-taqdir-etemiz\/\" \/>\n<meta property=\"og:locale\" content=\"en_US\" \/>\n<meta property=\"og:type\" content=\"article\" \/>\n<meta property=\"og:title\" content=\"\u00abKommunist rejimi taraf\u0131ndan taptal\u011fan aqiqat i\u00e7\u00fcn k\u00fcre\u015fken q\u0131r\u0131mtatar halq\u0131n\u0131\u00f1 ces\u00fcrligini taqdir etemiz\u00bb - \u041c\u0435\u0434\u0436\u043b\u0456\u0441\" \/>\n<meta property=\"og:description\" content=\"Kommunist rejimi sab\u0131q mahb\u00fcslerini\u00f1 &#8220;Q\u0131r\u0131mtatar halq\u0131n\u0131\u00f1 aqlar\u0131n\u0131 qor\u00e7alay\u0131q&#8221; muracaat\u0131na dissident ve sovet uquqqoruy\u0131c\u0131lar\u0131 Vladimir Bukovskiy, Aleksandr Podrabinek, Natalya Gorbanevskaya, Aleksey Smirnov, Vardan Arut\u00fcn\u00e2n, Andrey Grigorenko, Ay\u015fe Seytmuratova, Petr Hlebovi\u00e7 ve Aleksandr Lavut da qo\u015fuld\u0131lar. Bu aqta sovet uquqqoruy\u0131c\u0131lar\u0131n\u0131\u00f1 2012 senesi may\u0131s 19-da ol\u0131p ke\u00e7ken matbuat konferentsiyas\u0131nda Natalya Gorbanevskaya bildirdi. \u015eun\u0131 hat\u0131rlatmal\u0131 ki may\u0131s 18 k\u00fcn\u00fc [&hellip;]\" \/>\n<meta property=\"og:url\" content=\"https:\/\/qtmm.org\/qt\/kommunist-rejimi-tarafindan-taptalgan-aqiqat-icun-kuresken-qirimtatar-halqinin-cesurligini-taqdir-etemiz\/\" \/>\n<meta property=\"og:site_name\" content=\"\u041c\u0435\u0434\u0436\u043b\u0456\u0441\" \/>\n<meta property=\"article:publisher\" content=\"https:\/\/www.facebook.com\/qtmm.info\/\" \/>\n<meta property=\"article:published_time\" content=\"2012-05-19T17:04:00+00:00\" \/>\n<meta property=\"article:modified_time\" content=\"2022-01-21T17:06:01+00:00\" \/>\n<meta property=\"og:image\" content=\"https:\/\/qtmm.org\/wp-content\/uploads\/2022\/01\/1_43.jpeg\" \/>\n\t<meta property=\"og:image:width\" content=\"650\" \/>\n\t<meta property=\"og:image:height\" content=\"400\" \/>\n\t<meta property=\"og:image:type\" content=\"image\/jpeg\" \/>\n<meta name=\"author\" content=\"Developer\" \/>\n<meta name=\"twitter:card\" content=\"summary_large_image\" \/>\n<meta name=\"twitter:label1\" content=\"Written by\" \/>\n\t<meta name=\"twitter:data1\" content=\"Developer\" \/>\n\t<meta name=\"twitter:label2\" content=\"Est. reading time\" \/>\n\t<meta name=\"twitter:data2\" content=\"1 minute\" \/>\n<script type=\"application\/ld+json\" class=\"yoast-schema-graph\">{\"@context\":\"https:\\\/\\\/schema.org\",\"@graph\":[{\"@type\":\"Article\",\"@id\":\"https:\\\/\\\/qtmm.org\\\/qt\\\/kommunist-rejimi-tarafindan-taptalgan-aqiqat-icun-kuresken-qirimtatar-halqinin-cesurligini-taqdir-etemiz\\\/#article\",\"isPartOf\":{\"@id\":\"https:\\\/\\\/qtmm.org\\\/qt\\\/kommunist-rejimi-tarafindan-taptalgan-aqiqat-icun-kuresken-qirimtatar-halqinin-cesurligini-taqdir-etemiz\\\/\"},\"author\":{\"name\":\"Developer\",\"@id\":\"https:\\\/\\\/qtmm.org\\\/qt\\\/#\\\/schema\\\/person\\\/de562469f971dec226ac06e60bbf74a7\"},\"headline\":\"\u00abKommunist rejimi taraf\u0131ndan taptal\u011fan aqiqat i\u00e7\u00fcn k\u00fcre\u015fken q\u0131r\u0131mtatar halq\u0131n\u0131\u00f1 ces\u00fcrligini taqdir etemiz\u00bb\",\"datePublished\":\"2012-05-19T17:04:00+00:00\",\"dateModified\":\"2022-01-21T17:06:01+00:00\",\"mainEntityOfPage\":{\"@id\":\"https:\\\/\\\/qtmm.org\\\/qt\\\/kommunist-rejimi-tarafindan-taptalgan-aqiqat-icun-kuresken-qirimtatar-halqinin-cesurligini-taqdir-etemiz\\\/\"},\"wordCount\":262,\"commentCount\":0,\"publisher\":{\"@id\":\"https:\\\/\\\/qtmm.org\\\/qt\\\/#organization\"},\"image\":{\"@id\":\"https:\\\/\\\/qtmm.org\\\/qt\\\/kommunist-rejimi-tarafindan-taptalgan-aqiqat-icun-kuresken-qirimtatar-halqinin-cesurligini-taqdir-etemiz\\\/#primaryimage\"},\"thumbnailUrl\":\"https:\\\/\\\/qtmm.org\\\/wp-content\\\/uploads\\\/2022\\\/01\\\/1_43.jpeg\",\"articleSection\":[\"Haberler\"],\"inLanguage\":\"qt\",\"potentialAction\":[{\"@type\":\"CommentAction\",\"name\":\"Comment\",\"target\":[\"https:\\\/\\\/qtmm.org\\\/qt\\\/kommunist-rejimi-tarafindan-taptalgan-aqiqat-icun-kuresken-qirimtatar-halqinin-cesurligini-taqdir-etemiz\\\/#respond\"]}]},{\"@type\":\"WebPage\",\"@id\":\"https:\\\/\\\/qtmm.org\\\/qt\\\/kommunist-rejimi-tarafindan-taptalgan-aqiqat-icun-kuresken-qirimtatar-halqinin-cesurligini-taqdir-etemiz\\\/\",\"url\":\"https:\\\/\\\/qtmm.org\\\/qt\\\/kommunist-rejimi-tarafindan-taptalgan-aqiqat-icun-kuresken-qirimtatar-halqinin-cesurligini-taqdir-etemiz\\\/\",\"name\":\"\u00abKommunist rejimi taraf\u0131ndan taptal\u011fan aqiqat i\u00e7\u00fcn k\u00fcre\u015fken q\u0131r\u0131mtatar halq\u0131n\u0131\u00f1 ces\u00fcrligini taqdir etemiz\u00bb - \u041c\u0435\u0434\u0436\u043b\u0456\u0441\",\"isPartOf\":{\"@id\":\"https:\\\/\\\/qtmm.org\\\/qt\\\/#website\"},\"primaryImageOfPage\":{\"@id\":\"https:\\\/\\\/qtmm.org\\\/qt\\\/kommunist-rejimi-tarafindan-taptalgan-aqiqat-icun-kuresken-qirimtatar-halqinin-cesurligini-taqdir-etemiz\\\/#primaryimage\"},\"image\":{\"@id\":\"https:\\\/\\\/qtmm.org\\\/qt\\\/kommunist-rejimi-tarafindan-taptalgan-aqiqat-icun-kuresken-qirimtatar-halqinin-cesurligini-taqdir-etemiz\\\/#primaryimage\"},\"thumbnailUrl\":\"https:\\\/\\\/qtmm.org\\\/wp-content\\\/uploads\\\/2022\\\/01\\\/1_43.jpeg\",\"datePublished\":\"2012-05-19T17:04:00+00:00\",\"dateModified\":\"2022-01-21T17:06:01+00:00\",\"breadcrumb\":{\"@id\":\"https:\\\/\\\/qtmm.org\\\/qt\\\/kommunist-rejimi-tarafindan-taptalgan-aqiqat-icun-kuresken-qirimtatar-halqinin-cesurligini-taqdir-etemiz\\\/#breadcrumb\"},\"inLanguage\":\"qt\",\"potentialAction\":[{\"@type\":\"ReadAction\",\"target\":[\"https:\\\/\\\/qtmm.org\\\/qt\\\/kommunist-rejimi-tarafindan-taptalgan-aqiqat-icun-kuresken-qirimtatar-halqinin-cesurligini-taqdir-etemiz\\\/\"]}]},{\"@type\":\"ImageObject\",\"inLanguage\":\"qt\",\"@id\":\"https:\\\/\\\/qtmm.org\\\/qt\\\/kommunist-rejimi-tarafindan-taptalgan-aqiqat-icun-kuresken-qirimtatar-halqinin-cesurligini-taqdir-etemiz\\\/#primaryimage\",\"url\":\"https:\\\/\\\/qtmm.org\\\/wp-content\\\/uploads\\\/2022\\\/01\\\/1_43.jpeg\",\"contentUrl\":\"https:\\\/\\\/qtmm.org\\\/wp-content\\\/uploads\\\/2022\\\/01\\\/1_43.jpeg\",\"width\":650,\"height\":400},{\"@type\":\"BreadcrumbList\",\"@id\":\"https:\\\/\\\/qtmm.org\\\/qt\\\/kommunist-rejimi-tarafindan-taptalgan-aqiqat-icun-kuresken-qirimtatar-halqinin-cesurligini-taqdir-etemiz\\\/#breadcrumb\",\"itemListElement\":[{\"@type\":\"ListItem\",\"position\":1,\"name\":\"\u0413\u043e\u043b\u043e\u0432\u043d\u0430\",\"item\":\"https:\\\/\\\/qtmm.org\\\/qt\\\/\"},{\"@type\":\"ListItem\",\"position\":2,\"name\":\"\u00abKommunist rejimi taraf\u0131ndan taptal\u011fan aqiqat i\u00e7\u00fcn k\u00fcre\u015fken q\u0131r\u0131mtatar halq\u0131n\u0131\u00f1 ces\u00fcrligini taqdir etemiz\u00bb\"}]},{\"@type\":\"WebSite\",\"@id\":\"https:\\\/\\\/qtmm.org\\\/qt\\\/#website\",\"url\":\"https:\\\/\\\/qtmm.org\\\/qt\\\/\",\"name\":\"\u041c\u0435\u0434\u0436\u043b\u0456\u0441\",\"description\":\"\",\"publisher\":{\"@id\":\"https:\\\/\\\/qtmm.org\\\/qt\\\/#organization\"},\"potentialAction\":[{\"@type\":\"SearchAction\",\"target\":{\"@type\":\"EntryPoint\",\"urlTemplate\":\"https:\\\/\\\/qtmm.org\\\/qt\\\/?s={search_term_string}\"},\"query-input\":{\"@type\":\"PropertyValueSpecification\",\"valueRequired\":true,\"valueName\":\"search_term_string\"}}],\"inLanguage\":\"qt\"},{\"@type\":\"Organization\",\"@id\":\"https:\\\/\\\/qtmm.org\\\/qt\\\/#organization\",\"name\":\"\u041c\u0435\u0434\u0436\u043b\u0456\u0441\",\"url\":\"https:\\\/\\\/qtmm.org\\\/qt\\\/\",\"logo\":{\"@type\":\"ImageObject\",\"inLanguage\":\"qt\",\"@id\":\"https:\\\/\\\/qtmm.org\\\/qt\\\/#\\\/schema\\\/logo\\\/image\\\/\",\"url\":\"https:\\\/\\\/qtmm.org\\\/wp-content\\\/uploads\\\/2024\\\/12\\\/ua-mejlis-logo-rgb.svg\",\"contentUrl\":\"https:\\\/\\\/qtmm.org\\\/wp-content\\\/uploads\\\/2024\\\/12\\\/ua-mejlis-logo-rgb.svg\",\"caption\":\"\u041c\u0435\u0434\u0436\u043b\u0456\u0441\"},\"image\":{\"@id\":\"https:\\\/\\\/qtmm.org\\\/qt\\\/#\\\/schema\\\/logo\\\/image\\\/\"},\"sameAs\":[\"https:\\\/\\\/www.facebook.com\\\/qtmm.info\\\/\"]},{\"@type\":\"Person\",\"@id\":\"https:\\\/\\\/qtmm.org\\\/qt\\\/#\\\/schema\\\/person\\\/de562469f971dec226ac06e60bbf74a7\",\"name\":\"Developer\",\"image\":{\"@type\":\"ImageObject\",\"inLanguage\":\"qt\",\"@id\":\"https:\\\/\\\/secure.gravatar.com\\\/avatar\\\/392b4cc8fbfeb00b39dfeeab4ee6edded39ffd48e25858637e4765810300227e?s=96&d=mm&r=g\",\"url\":\"https:\\\/\\\/secure.gravatar.com\\\/avatar\\\/392b4cc8fbfeb00b39dfeeab4ee6edded39ffd48e25858637e4765810300227e?s=96&d=mm&r=g\",\"contentUrl\":\"https:\\\/\\\/secure.gravatar.com\\\/avatar\\\/392b4cc8fbfeb00b39dfeeab4ee6edded39ffd48e25858637e4765810300227e?s=96&d=mm&r=g\",\"caption\":\"Developer\"},\"url\":\"https:\\\/\\\/qtmm.org\\\/qt\\\/author\\\/Developer\\\/\"}]}<\/script>\n<!-- \/ Yoast SEO plugin. -->","yoast_head_json":{"title":"\u00abKommunist rejimi taraf\u0131ndan taptal\u011fan aqiqat i\u00e7\u00fcn k\u00fcre\u015fken q\u0131r\u0131mtatar halq\u0131n\u0131\u00f1 ces\u00fcrligini taqdir etemiz\u00bb - \u041c\u0435\u0434\u0436\u043b\u0456\u0441","robots":{"index":"index","follow":"follow","max-snippet":"max-snippet:-1","max-image-preview":"max-image-preview:large","max-video-preview":"max-video-preview:-1"},"canonical":"https:\/\/qtmm.org\/qt\/kommunist-rejimi-tarafindan-taptalgan-aqiqat-icun-kuresken-qirimtatar-halqinin-cesurligini-taqdir-etemiz\/","og_locale":"en_US","og_type":"article","og_title":"\u00abKommunist rejimi taraf\u0131ndan taptal\u011fan aqiqat i\u00e7\u00fcn k\u00fcre\u015fken q\u0131r\u0131mtatar halq\u0131n\u0131\u00f1 ces\u00fcrligini taqdir etemiz\u00bb - \u041c\u0435\u0434\u0436\u043b\u0456\u0441","og_description":"Kommunist rejimi sab\u0131q mahb\u00fcslerini\u00f1 &#8220;Q\u0131r\u0131mtatar halq\u0131n\u0131\u00f1 aqlar\u0131n\u0131 qor\u00e7alay\u0131q&#8221; muracaat\u0131na dissident ve sovet uquqqoruy\u0131c\u0131lar\u0131 Vladimir Bukovskiy, Aleksandr Podrabinek, Natalya Gorbanevskaya, Aleksey Smirnov, Vardan Arut\u00fcn\u00e2n, Andrey Grigorenko, Ay\u015fe Seytmuratova, Petr Hlebovi\u00e7 ve Aleksandr Lavut da qo\u015fuld\u0131lar. Bu aqta sovet uquqqoruy\u0131c\u0131lar\u0131n\u0131\u00f1 2012 senesi may\u0131s 19-da ol\u0131p ke\u00e7ken matbuat konferentsiyas\u0131nda Natalya Gorbanevskaya bildirdi. \u015eun\u0131 hat\u0131rlatmal\u0131 ki may\u0131s 18 k\u00fcn\u00fc [&hellip;]","og_url":"https:\/\/qtmm.org\/qt\/kommunist-rejimi-tarafindan-taptalgan-aqiqat-icun-kuresken-qirimtatar-halqinin-cesurligini-taqdir-etemiz\/","og_site_name":"\u041c\u0435\u0434\u0436\u043b\u0456\u0441","article_publisher":"https:\/\/www.facebook.com\/qtmm.info\/","article_published_time":"2012-05-19T17:04:00+00:00","article_modified_time":"2022-01-21T17:06:01+00:00","og_image":[{"width":650,"height":400,"url":"https:\/\/qtmm.org\/wp-content\/uploads\/2022\/01\/1_43.jpeg","type":"image\/jpeg"}],"author":"Developer","twitter_card":"summary_large_image","twitter_misc":{"Written by":"Developer","Est. reading time":"1 minute"},"schema":{"@context":"https:\/\/schema.org","@graph":[{"@type":"Article","@id":"https:\/\/qtmm.org\/qt\/kommunist-rejimi-tarafindan-taptalgan-aqiqat-icun-kuresken-qirimtatar-halqinin-cesurligini-taqdir-etemiz\/#article","isPartOf":{"@id":"https:\/\/qtmm.org\/qt\/kommunist-rejimi-tarafindan-taptalgan-aqiqat-icun-kuresken-qirimtatar-halqinin-cesurligini-taqdir-etemiz\/"},"author":{"name":"Developer","@id":"https:\/\/qtmm.org\/qt\/#\/schema\/person\/de562469f971dec226ac06e60bbf74a7"},"headline":"\u00abKommunist rejimi taraf\u0131ndan taptal\u011fan aqiqat i\u00e7\u00fcn k\u00fcre\u015fken q\u0131r\u0131mtatar halq\u0131n\u0131\u00f1 ces\u00fcrligini taqdir etemiz\u00bb","datePublished":"2012-05-19T17:04:00+00:00","dateModified":"2022-01-21T17:06:01+00:00","mainEntityOfPage":{"@id":"https:\/\/qtmm.org\/qt\/kommunist-rejimi-tarafindan-taptalgan-aqiqat-icun-kuresken-qirimtatar-halqinin-cesurligini-taqdir-etemiz\/"},"wordCount":262,"commentCount":0,"publisher":{"@id":"https:\/\/qtmm.org\/qt\/#organization"},"image":{"@id":"https:\/\/qtmm.org\/qt\/kommunist-rejimi-tarafindan-taptalgan-aqiqat-icun-kuresken-qirimtatar-halqinin-cesurligini-taqdir-etemiz\/#primaryimage"},"thumbnailUrl":"https:\/\/qtmm.org\/wp-content\/uploads\/2022\/01\/1_43.jpeg","articleSection":["Haberler"],"inLanguage":"qt","potentialAction":[{"@type":"CommentAction","name":"Comment","target":["https:\/\/qtmm.org\/qt\/kommunist-rejimi-tarafindan-taptalgan-aqiqat-icun-kuresken-qirimtatar-halqinin-cesurligini-taqdir-etemiz\/#respond"]}]},{"@type":"WebPage","@id":"https:\/\/qtmm.org\/qt\/kommunist-rejimi-tarafindan-taptalgan-aqiqat-icun-kuresken-qirimtatar-halqinin-cesurligini-taqdir-etemiz\/","url":"https:\/\/qtmm.org\/qt\/kommunist-rejimi-tarafindan-taptalgan-aqiqat-icun-kuresken-qirimtatar-halqinin-cesurligini-taqdir-etemiz\/","name":"\u00abKommunist rejimi taraf\u0131ndan taptal\u011fan aqiqat i\u00e7\u00fcn k\u00fcre\u015fken q\u0131r\u0131mtatar halq\u0131n\u0131\u00f1 ces\u00fcrligini taqdir etemiz\u00bb - \u041c\u0435\u0434\u0436\u043b\u0456\u0441","isPartOf":{"@id":"https:\/\/qtmm.org\/qt\/#website"},"primaryImageOfPage":{"@id":"https:\/\/qtmm.org\/qt\/kommunist-rejimi-tarafindan-taptalgan-aqiqat-icun-kuresken-qirimtatar-halqinin-cesurligini-taqdir-etemiz\/#primaryimage"},"image":{"@id":"https:\/\/qtmm.org\/qt\/kommunist-rejimi-tarafindan-taptalgan-aqiqat-icun-kuresken-qirimtatar-halqinin-cesurligini-taqdir-etemiz\/#primaryimage"},"thumbnailUrl":"https:\/\/qtmm.org\/wp-content\/uploads\/2022\/01\/1_43.jpeg","datePublished":"2012-05-19T17:04:00+00:00","dateModified":"2022-01-21T17:06:01+00:00","breadcrumb":{"@id":"https:\/\/qtmm.org\/qt\/kommunist-rejimi-tarafindan-taptalgan-aqiqat-icun-kuresken-qirimtatar-halqinin-cesurligini-taqdir-etemiz\/#breadcrumb"},"inLanguage":"qt","potentialAction":[{"@type":"ReadAction","target":["https:\/\/qtmm.org\/qt\/kommunist-rejimi-tarafindan-taptalgan-aqiqat-icun-kuresken-qirimtatar-halqinin-cesurligini-taqdir-etemiz\/"]}]},{"@type":"ImageObject","inLanguage":"qt","@id":"https:\/\/qtmm.org\/qt\/kommunist-rejimi-tarafindan-taptalgan-aqiqat-icun-kuresken-qirimtatar-halqinin-cesurligini-taqdir-etemiz\/#primaryimage","url":"https:\/\/qtmm.org\/wp-content\/uploads\/2022\/01\/1_43.jpeg","contentUrl":"https:\/\/qtmm.org\/wp-content\/uploads\/2022\/01\/1_43.jpeg","width":650,"height":400},{"@type":"BreadcrumbList","@id":"https:\/\/qtmm.org\/qt\/kommunist-rejimi-tarafindan-taptalgan-aqiqat-icun-kuresken-qirimtatar-halqinin-cesurligini-taqdir-etemiz\/#breadcrumb","itemListElement":[{"@type":"ListItem","position":1,"name":"\u0413\u043e\u043b\u043e\u0432\u043d\u0430","item":"https:\/\/qtmm.org\/qt\/"},{"@type":"ListItem","position":2,"name":"\u00abKommunist rejimi taraf\u0131ndan taptal\u011fan aqiqat i\u00e7\u00fcn k\u00fcre\u015fken q\u0131r\u0131mtatar halq\u0131n\u0131\u00f1 ces\u00fcrligini taqdir etemiz\u00bb"}]},{"@type":"WebSite","@id":"https:\/\/qtmm.org\/qt\/#website","url":"https:\/\/qtmm.org\/qt\/","name":"\u041c\u0435\u0434\u0436\u043b\u0456\u0441","description":"","publisher":{"@id":"https:\/\/qtmm.org\/qt\/#organization"},"potentialAction":[{"@type":"SearchAction","target":{"@type":"EntryPoint","urlTemplate":"https:\/\/qtmm.org\/qt\/?s={search_term_string}"},"query-input":{"@type":"PropertyValueSpecification","valueRequired":true,"valueName":"search_term_string"}}],"inLanguage":"qt"},{"@type":"Organization","@id":"https:\/\/qtmm.org\/qt\/#organization","name":"\u041c\u0435\u0434\u0436\u043b\u0456\u0441","url":"https:\/\/qtmm.org\/qt\/","logo":{"@type":"ImageObject","inLanguage":"qt","@id":"https:\/\/qtmm.org\/qt\/#\/schema\/logo\/image\/","url":"https:\/\/qtmm.org\/wp-content\/uploads\/2024\/12\/ua-mejlis-logo-rgb.svg","contentUrl":"https:\/\/qtmm.org\/wp-content\/uploads\/2024\/12\/ua-mejlis-logo-rgb.svg","caption":"\u041c\u0435\u0434\u0436\u043b\u0456\u0441"},"image":{"@id":"https:\/\/qtmm.org\/qt\/#\/schema\/logo\/image\/"},"sameAs":["https:\/\/www.facebook.com\/qtmm.info\/"]},{"@type":"Person","@id":"https:\/\/qtmm.org\/qt\/#\/schema\/person\/de562469f971dec226ac06e60bbf74a7","name":"Developer","image":{"@type":"ImageObject","inLanguage":"qt","@id":"https:\/\/secure.gravatar.com\/avatar\/392b4cc8fbfeb00b39dfeeab4ee6edded39ffd48e25858637e4765810300227e?s=96&d=mm&r=g","url":"https:\/\/secure.gravatar.com\/avatar\/392b4cc8fbfeb00b39dfeeab4ee6edded39ffd48e25858637e4765810300227e?s=96&d=mm&r=g","contentUrl":"https:\/\/secure.gravatar.com\/avatar\/392b4cc8fbfeb00b39dfeeab4ee6edded39ffd48e25858637e4765810300227e?s=96&d=mm&r=g","caption":"Developer"},"url":"https:\/\/qtmm.org\/qt\/author\/Developer\/"}]}},"_links":{"self":[{"href":"https:\/\/qtmm.org\/qt\/wp-json\/wp\/v2\/posts\/31276","targetHints":{"allow":["GET"]}}],"collection":[{"href":"https:\/\/qtmm.org\/qt\/wp-json\/wp\/v2\/posts"}],"about":[{"href":"https:\/\/qtmm.org\/qt\/wp-json\/wp\/v2\/types\/post"}],"author":[{"embeddable":true,"href":"https:\/\/qtmm.org\/qt\/wp-json\/wp\/v2\/users\/1"}],"replies":[{"embeddable":true,"href":"https:\/\/qtmm.org\/qt\/wp-json\/wp\/v2\/comments?post=31276"}],"version-history":[{"count":1,"href":"https:\/\/qtmm.org\/qt\/wp-json\/wp\/v2\/posts\/31276\/revisions"}],"predecessor-version":[{"id":31295,"href":"https:\/\/qtmm.org\/qt\/wp-json\/wp\/v2\/posts\/31276\/revisions\/31295"}],"wp:featuredmedia":[{"embeddable":true,"href":"https:\/\/qtmm.org\/qt\/wp-json\/wp\/v2\/media\/31277"}],"wp:attachment":[{"href":"https:\/\/qtmm.org\/qt\/wp-json\/wp\/v2\/media?parent=31276"}],"wp:term":[{"taxonomy":"category","embeddable":true,"href":"https:\/\/qtmm.org\/qt\/wp-json\/wp\/v2\/categories?post=31276"},{"taxonomy":"post_tag","embeddable":true,"href":"https:\/\/qtmm.org\/qt\/wp-json\/wp\/v2\/tags?post=31276"}],"curies":[{"name":"wp","href":"https:\/\/api.w.org\/{rel}","templated":true}]}}