




{"id":31272,"date":"2012-05-19T20:03:00","date_gmt":"2012-05-19T17:03:00","guid":{"rendered":"http:\/\/qtmm.org\/?p=31272"},"modified":"2022-01-21T20:04:38","modified_gmt":"2022-01-21T17:04:38","slug":"inanam-ki-ukrainler-ve-qirimtatarlarnin-bir-ve-munasip-kelecegi-bar-dedi-naukraina-narosa-dnaya-samooborona-fraktsiyasinin-basi-nikolay-martinenko","status":"publish","type":"post","link":"https:\/\/qtmm.org\/qt\/inanam-ki-ukrainler-ve-qirimtatarlarnin-bir-ve-munasip-kelecegi-bar-dedi-naukraina-narosa-dnaya-samooborona-fraktsiyasinin-basi-nikolay-martinenko\/","title":{"rendered":"\u00ab\u0130nanam ki, ukrainler ve q\u0131r\u0131mtatarlarn\u0131\u00f1 bir ve munasip kelecegi bar\u00bb, &#8211; dedi \u00abNaUkraina &#8211; Naro\u015fa dnaya samooborona\u00bb fraktsiyas\u0131n\u0131\u00f1 ba\u015f\u0131 Nikolay Mart\u0131nenko"},"content":{"rendered":"\n<p>2012 senesi may\u0131s 18-de B\u00fct\u00fcnq\u0131r\u0131m matem mitinginde Ukraina halq deputat\u0131, &#8220;Na\u015fa Ukraina &#8211; Narodnaya samooborona&#8221; fraktsiyas\u0131n\u0131\u00f1 ba\u015f\u0131 Nikolay Mart\u0131nenko \u00e7\u0131q\u0131\u015fta bulund\u0131.<\/p>\n\n\n\n<p>N.Mart\u0131nenko &#8220;Na\u015fa Ukra\u0457na-Narodna Samooborona&#8221; fraktsiyas\u0131 azalar\u0131n\u0131\u00f1 ad\u0131ndan b\u00fct\u00fcn q\u0131r\u0131mtatarlar\u0131na g\u00f6\u00f1\u00fclde\u015flik bildirdi. &#8220;Bu facia er bir q\u0131r\u0131mtatar ailesine toqund\u0131&#8221;, &#8211; dedi o. \u2013 Stalinni\u00f1 totalitar rejimi aqibetinde y\u00fcz bi\u00f1lernen g\u00fcnas\u0131z-su\u00e7s\u0131z insanlar el\u00e2k old\u0131. Bug\u00fcn Ukrainan\u0131\u00f1 millionlarnen vatanda\u015f\u0131 q\u0131r\u0131mtatarnen beraberdirler&#8221;.<\/p>\n\n\n\n<p>Nikolay Mart\u0131neko, matem mitingi i\u015ftirak\u00e7ilerine h\u0131tap eterken, ukrain ve q\u0131r\u0131mtatar halqlar\u0131n\u0131 bir fel\u00e2ket birle\u015ftirgenini qayd etti. Olarn\u0131\u00f1<br>ekisi de \u00f6z soyq\u0131r\u0131m\u0131n\u0131 ya\u015fad\u0131: q\u0131r\u0131mtatarlar s\u00fcrg\u00fcnlikni, ukrainler ise a\u00e7l\u0131qn\u0131. &#8220;Teess\u00fcf ki, bug\u00fcnki akimiyet sizi\u00f1 aqlar\u0131\u00f1\u0131zn\u0131 tiklemek i\u00e7\u00fcn i\u00e7 bir \u015fey yapma\u011fa istemey, aksine olarn\u0131 aqs\u0131mlay, &#8211; devam etti &#8220;Na\u015fa Ukraina &#8211; Narodnaya samooborona&#8221; fraktsiyas\u0131n\u0131\u00f1 ba\u015f\u0131. Parlamentteki \u00e7oqluq Q\u0131r\u0131mtatar halq\u0131 Meclisini\u00f1 reisi, bizim fraktsiyam\u0131zn\u0131\u00f1 azas\u0131 Mustafa Cemilev bergen qanun leyhas\u0131n\u0131 baqmad\u0131.<\/p>\n\n\n\n<p>Belli ki, leyha Ukrainan\u0131\u00f1 milliy mens\u00fcpligi boyunca s\u00fcrg\u00fcn etilgen vatanda\u015flar\u0131n\u0131\u00f1 aqlar\u0131n\u0131 tiklemekni k\u00f6zde tutqan edi. Em de degil tek q\u0131r\u0131mtatarlarn\u0131\u00f1, belki de diger halqlar vekillerini\u00f1 de aqlar\u0131n\u0131&#8221;. \u00d6z \u00e7\u0131q\u0131\u015f\u0131nda Mart\u0131nenko \u015fun\u0131 da qayd etti ki, may\u0131s 16 k\u00fcn\u00fc parlament minberinden NKVDn\u0131\u00f1 devamc\u0131lar\u0131 ol\u011fan kommunistler taraf\u0131ndan q\u0131r\u0131mtatarlar ad\u0131na ya\u00f1\u011f\u0131ra\u011fan qabaatlavlarn\u0131 hat\u0131rlamaqtan bile nevretlene. &#8220;Bars\u0131n, bu, zemaneviy stalincilerni\u00f1 vicdan\u0131na qals\u0131n. Ebet, eger bu vicdan olarda olsa. Bu olarn\u0131\u00f1 e\u00f1 sevgen usul\u0131 \u2013 yani a\u011f\u0131rma\u011fan ba\u015fqa yavluq ba\u011flaylar&#8221;, &#8211; dedi ukrain siyaset\u00e7isi.<\/p>\n\n\n\n<p>&#8220;Na\u015fa Ukraina &#8211; Narodnaya samooborona&#8221; fraktsiyas\u0131n\u0131\u00f1 ba\u015f\u0131 N.Mart\u0131nenko, ya\u00f1\u0131 parlamentteki demokratik \u00e7oqluq milliy mens\u00fcpligi boyunca s\u00fcrg\u00fcn etilgen \u015fah\u0131slarn\u0131\u00f1 aqlar\u0131n\u0131 \u011fayr\u0131dan tiklev aqq\u0131nda qanun leyhas\u0131n\u0131 ep bir qabul eter, dep i\u015fand\u0131rd\u0131 ve ukrainler ve q\u0131r\u0131mtatarlarn\u0131\u00f1 bir ve munasip kelecegi barl\u0131\u011f\u0131n\u0131 da qayd etti.<\/p>\n\n\n\n<p><strong>Mal\u00fcmat i\u00e7\u00fcn:<\/strong>2012 senesi may\u0131s 18-de Q\u0131r\u0131mda Q\u0131r\u0131mtatar halq\u0131 \u00f6z tarihiy Vatan\u0131 Q\u0131r\u0131mdan s\u00fcrg\u00fcn etilgenini\u00f1 68 y\u0131ll\u0131\u011f\u0131na ba\u011f\u0131\u015flan\u011fan B\u00fct\u00fcnq\u0131r\u0131m matem mitingi ol\u0131p, onda 30 bi\u00f1den ziyade insan i\u015ftirak etti<\/p>\n","protected":false},"excerpt":{"rendered":"<p>2012 senesi may\u0131s 18-de B\u00fct\u00fcnq\u0131r\u0131m matem mitinginde Ukraina halq deputat\u0131, &#8220;Na\u015fa Ukraina &#8211; Narodnaya samooborona&#8221; fraktsiyas\u0131n\u0131\u00f1 ba\u015f\u0131 Nikolay Mart\u0131nenko \u00e7\u0131q\u0131\u015fta bulund\u0131. N.Mart\u0131nenko &#8220;Na\u015fa Ukra\u0457na-Narodna Samooborona&#8221; fraktsiyas\u0131 azalar\u0131n\u0131\u00f1 ad\u0131ndan b\u00fct\u00fcn q\u0131r\u0131mtatarlar\u0131na g\u00f6\u00f1\u00fclde\u015flik bildirdi. &#8220;Bu facia er bir q\u0131r\u0131mtatar ailesine toqund\u0131&#8221;, &#8211; dedi o. \u2013 Stalinni\u00f1 totalitar rejimi aqibetinde y\u00fcz bi\u00f1lernen g\u00fcnas\u0131z-su\u00e7s\u0131z insanlar el\u00e2k old\u0131. Bug\u00fcn Ukrainan\u0131\u00f1 [&hellip;]<\/p>\n","protected":false},"author":1,"featured_media":31267,"comment_status":"open","ping_status":"open","sticky":false,"template":"","format":"standard","meta":{"inline_featured_image":false,"footnotes":""},"categories":[265],"tags":[],"class_list":["post-31272","post","type-post","status-publish","format-standard","has-post-thumbnail","hentry","category-haberler"],"acf":[],"yoast_head":"<!-- This site is optimized with the Yoast SEO plugin v27.4 - https:\/\/yoast.com\/product\/yoast-seo-wordpress\/ -->\n<title>\u00ab\u0130nanam ki, ukrainler ve q\u0131r\u0131mtatarlarn\u0131\u00f1 bir ve munasip kelecegi bar\u00bb, - dedi \u00abNaUkraina - Naro\u015fa dnaya samooborona\u00bb fraktsiyas\u0131n\u0131\u00f1 ba\u015f\u0131 Nikolay Mart\u0131nenko - \u041c\u0435\u0434\u0436\u043b\u0456\u0441<\/title>\n<meta name=\"robots\" content=\"index, follow, max-snippet:-1, max-image-preview:large, max-video-preview:-1\" \/>\n<link rel=\"canonical\" href=\"https:\/\/qtmm.org\/qt\/inanam-ki-ukrainler-ve-qirimtatarlarnin-bir-ve-munasip-kelecegi-bar-dedi-naukraina-narosa-dnaya-samooborona-fraktsiyasinin-basi-nikolay-martinenko\/\" \/>\n<meta property=\"og:locale\" content=\"en_US\" \/>\n<meta property=\"og:type\" content=\"article\" \/>\n<meta property=\"og:title\" content=\"\u00ab\u0130nanam ki, ukrainler ve q\u0131r\u0131mtatarlarn\u0131\u00f1 bir ve munasip kelecegi bar\u00bb, - dedi \u00abNaUkraina - Naro\u015fa dnaya samooborona\u00bb fraktsiyas\u0131n\u0131\u00f1 ba\u015f\u0131 Nikolay Mart\u0131nenko - \u041c\u0435\u0434\u0436\u043b\u0456\u0441\" \/>\n<meta property=\"og:description\" content=\"2012 senesi may\u0131s 18-de B\u00fct\u00fcnq\u0131r\u0131m matem mitinginde Ukraina halq deputat\u0131, &#8220;Na\u015fa Ukraina &#8211; Narodnaya samooborona&#8221; fraktsiyas\u0131n\u0131\u00f1 ba\u015f\u0131 Nikolay Mart\u0131nenko \u00e7\u0131q\u0131\u015fta bulund\u0131. N.Mart\u0131nenko &#8220;Na\u015fa Ukra\u0457na-Narodna Samooborona&#8221; fraktsiyas\u0131 azalar\u0131n\u0131\u00f1 ad\u0131ndan b\u00fct\u00fcn q\u0131r\u0131mtatarlar\u0131na g\u00f6\u00f1\u00fclde\u015flik bildirdi. &#8220;Bu facia er bir q\u0131r\u0131mtatar ailesine toqund\u0131&#8221;, &#8211; dedi o. \u2013 Stalinni\u00f1 totalitar rejimi aqibetinde y\u00fcz bi\u00f1lernen g\u00fcnas\u0131z-su\u00e7s\u0131z insanlar el\u00e2k old\u0131. Bug\u00fcn Ukrainan\u0131\u00f1 [&hellip;]\" \/>\n<meta property=\"og:url\" content=\"https:\/\/qtmm.org\/qt\/inanam-ki-ukrainler-ve-qirimtatarlarnin-bir-ve-munasip-kelecegi-bar-dedi-naukraina-narosa-dnaya-samooborona-fraktsiyasinin-basi-nikolay-martinenko\/\" \/>\n<meta property=\"og:site_name\" content=\"\u041c\u0435\u0434\u0436\u043b\u0456\u0441\" \/>\n<meta property=\"article:publisher\" content=\"https:\/\/www.facebook.com\/qtmm.info\/\" \/>\n<meta property=\"article:published_time\" content=\"2012-05-19T17:03:00+00:00\" \/>\n<meta property=\"article:modified_time\" content=\"2022-01-21T17:04:38+00:00\" \/>\n<meta property=\"og:image\" content=\"https:\/\/qtmm.org\/wp-content\/uploads\/2022\/01\/37.jpeg\" \/>\n\t<meta property=\"og:image:width\" content=\"650\" \/>\n\t<meta property=\"og:image:height\" content=\"400\" \/>\n\t<meta property=\"og:image:type\" content=\"image\/jpeg\" \/>\n<meta name=\"author\" content=\"Developer\" \/>\n<meta name=\"twitter:card\" content=\"summary_large_image\" \/>\n<meta name=\"twitter:label1\" content=\"Written by\" \/>\n\t<meta name=\"twitter:data1\" content=\"Developer\" \/>\n\t<meta name=\"twitter:label2\" content=\"Est. reading time\" \/>\n\t<meta name=\"twitter:data2\" content=\"2 minutes\" \/>\n<script type=\"application\/ld+json\" class=\"yoast-schema-graph\">{\"@context\":\"https:\\\/\\\/schema.org\",\"@graph\":[{\"@type\":\"Article\",\"@id\":\"https:\\\/\\\/qtmm.org\\\/qt\\\/inanam-ki-ukrainler-ve-qirimtatarlarnin-bir-ve-munasip-kelecegi-bar-dedi-naukraina-narosa-dnaya-samooborona-fraktsiyasinin-basi-nikolay-martinenko\\\/#article\",\"isPartOf\":{\"@id\":\"https:\\\/\\\/qtmm.org\\\/qt\\\/inanam-ki-ukrainler-ve-qirimtatarlarnin-bir-ve-munasip-kelecegi-bar-dedi-naukraina-narosa-dnaya-samooborona-fraktsiyasinin-basi-nikolay-martinenko\\\/\"},\"author\":{\"name\":\"Developer\",\"@id\":\"https:\\\/\\\/qtmm.org\\\/qt\\\/#\\\/schema\\\/person\\\/de562469f971dec226ac06e60bbf74a7\"},\"headline\":\"\u00ab\u0130nanam ki, ukrainler ve q\u0131r\u0131mtatarlarn\u0131\u00f1 bir ve munasip kelecegi bar\u00bb, &#8211; dedi \u00abNaUkraina &#8211; Naro\u015fa dnaya samooborona\u00bb fraktsiyas\u0131n\u0131\u00f1 ba\u015f\u0131 Nikolay Mart\u0131nenko\",\"datePublished\":\"2012-05-19T17:03:00+00:00\",\"dateModified\":\"2022-01-21T17:04:38+00:00\",\"mainEntityOfPage\":{\"@id\":\"https:\\\/\\\/qtmm.org\\\/qt\\\/inanam-ki-ukrainler-ve-qirimtatarlarnin-bir-ve-munasip-kelecegi-bar-dedi-naukraina-narosa-dnaya-samooborona-fraktsiyasinin-basi-nikolay-martinenko\\\/\"},\"wordCount\":431,\"commentCount\":0,\"publisher\":{\"@id\":\"https:\\\/\\\/qtmm.org\\\/qt\\\/#organization\"},\"image\":{\"@id\":\"https:\\\/\\\/qtmm.org\\\/qt\\\/inanam-ki-ukrainler-ve-qirimtatarlarnin-bir-ve-munasip-kelecegi-bar-dedi-naukraina-narosa-dnaya-samooborona-fraktsiyasinin-basi-nikolay-martinenko\\\/#primaryimage\"},\"thumbnailUrl\":\"https:\\\/\\\/qtmm.org\\\/wp-content\\\/uploads\\\/2022\\\/01\\\/37.jpeg\",\"articleSection\":[\"Haberler\"],\"inLanguage\":\"qt\",\"potentialAction\":[{\"@type\":\"CommentAction\",\"name\":\"Comment\",\"target\":[\"https:\\\/\\\/qtmm.org\\\/qt\\\/inanam-ki-ukrainler-ve-qirimtatarlarnin-bir-ve-munasip-kelecegi-bar-dedi-naukraina-narosa-dnaya-samooborona-fraktsiyasinin-basi-nikolay-martinenko\\\/#respond\"]}]},{\"@type\":\"WebPage\",\"@id\":\"https:\\\/\\\/qtmm.org\\\/qt\\\/inanam-ki-ukrainler-ve-qirimtatarlarnin-bir-ve-munasip-kelecegi-bar-dedi-naukraina-narosa-dnaya-samooborona-fraktsiyasinin-basi-nikolay-martinenko\\\/\",\"url\":\"https:\\\/\\\/qtmm.org\\\/qt\\\/inanam-ki-ukrainler-ve-qirimtatarlarnin-bir-ve-munasip-kelecegi-bar-dedi-naukraina-narosa-dnaya-samooborona-fraktsiyasinin-basi-nikolay-martinenko\\\/\",\"name\":\"\u00ab\u0130nanam ki, ukrainler ve q\u0131r\u0131mtatarlarn\u0131\u00f1 bir ve munasip kelecegi bar\u00bb, - dedi \u00abNaUkraina - Naro\u015fa dnaya samooborona\u00bb fraktsiyas\u0131n\u0131\u00f1 ba\u015f\u0131 Nikolay Mart\u0131nenko - \u041c\u0435\u0434\u0436\u043b\u0456\u0441\",\"isPartOf\":{\"@id\":\"https:\\\/\\\/qtmm.org\\\/qt\\\/#website\"},\"primaryImageOfPage\":{\"@id\":\"https:\\\/\\\/qtmm.org\\\/qt\\\/inanam-ki-ukrainler-ve-qirimtatarlarnin-bir-ve-munasip-kelecegi-bar-dedi-naukraina-narosa-dnaya-samooborona-fraktsiyasinin-basi-nikolay-martinenko\\\/#primaryimage\"},\"image\":{\"@id\":\"https:\\\/\\\/qtmm.org\\\/qt\\\/inanam-ki-ukrainler-ve-qirimtatarlarnin-bir-ve-munasip-kelecegi-bar-dedi-naukraina-narosa-dnaya-samooborona-fraktsiyasinin-basi-nikolay-martinenko\\\/#primaryimage\"},\"thumbnailUrl\":\"https:\\\/\\\/qtmm.org\\\/wp-content\\\/uploads\\\/2022\\\/01\\\/37.jpeg\",\"datePublished\":\"2012-05-19T17:03:00+00:00\",\"dateModified\":\"2022-01-21T17:04:38+00:00\",\"breadcrumb\":{\"@id\":\"https:\\\/\\\/qtmm.org\\\/qt\\\/inanam-ki-ukrainler-ve-qirimtatarlarnin-bir-ve-munasip-kelecegi-bar-dedi-naukraina-narosa-dnaya-samooborona-fraktsiyasinin-basi-nikolay-martinenko\\\/#breadcrumb\"},\"inLanguage\":\"qt\",\"potentialAction\":[{\"@type\":\"ReadAction\",\"target\":[\"https:\\\/\\\/qtmm.org\\\/qt\\\/inanam-ki-ukrainler-ve-qirimtatarlarnin-bir-ve-munasip-kelecegi-bar-dedi-naukraina-narosa-dnaya-samooborona-fraktsiyasinin-basi-nikolay-martinenko\\\/\"]}]},{\"@type\":\"ImageObject\",\"inLanguage\":\"qt\",\"@id\":\"https:\\\/\\\/qtmm.org\\\/qt\\\/inanam-ki-ukrainler-ve-qirimtatarlarnin-bir-ve-munasip-kelecegi-bar-dedi-naukraina-narosa-dnaya-samooborona-fraktsiyasinin-basi-nikolay-martinenko\\\/#primaryimage\",\"url\":\"https:\\\/\\\/qtmm.org\\\/wp-content\\\/uploads\\\/2022\\\/01\\\/37.jpeg\",\"contentUrl\":\"https:\\\/\\\/qtmm.org\\\/wp-content\\\/uploads\\\/2022\\\/01\\\/37.jpeg\",\"width\":650,\"height\":400},{\"@type\":\"BreadcrumbList\",\"@id\":\"https:\\\/\\\/qtmm.org\\\/qt\\\/inanam-ki-ukrainler-ve-qirimtatarlarnin-bir-ve-munasip-kelecegi-bar-dedi-naukraina-narosa-dnaya-samooborona-fraktsiyasinin-basi-nikolay-martinenko\\\/#breadcrumb\",\"itemListElement\":[{\"@type\":\"ListItem\",\"position\":1,\"name\":\"\u0413\u043e\u043b\u043e\u0432\u043d\u0430\",\"item\":\"https:\\\/\\\/qtmm.org\\\/qt\\\/\"},{\"@type\":\"ListItem\",\"position\":2,\"name\":\"\u00ab\u0130nanam ki, ukrainler ve q\u0131r\u0131mtatarlarn\u0131\u00f1 bir ve munasip kelecegi bar\u00bb, &#8211; dedi \u00abNaUkraina &#8211; Naro\u015fa dnaya samooborona\u00bb fraktsiyas\u0131n\u0131\u00f1 ba\u015f\u0131 Nikolay Mart\u0131nenko\"}]},{\"@type\":\"WebSite\",\"@id\":\"https:\\\/\\\/qtmm.org\\\/qt\\\/#website\",\"url\":\"https:\\\/\\\/qtmm.org\\\/qt\\\/\",\"name\":\"\u041c\u0435\u0434\u0436\u043b\u0456\u0441\",\"description\":\"\",\"publisher\":{\"@id\":\"https:\\\/\\\/qtmm.org\\\/qt\\\/#organization\"},\"potentialAction\":[{\"@type\":\"SearchAction\",\"target\":{\"@type\":\"EntryPoint\",\"urlTemplate\":\"https:\\\/\\\/qtmm.org\\\/qt\\\/?s={search_term_string}\"},\"query-input\":{\"@type\":\"PropertyValueSpecification\",\"valueRequired\":true,\"valueName\":\"search_term_string\"}}],\"inLanguage\":\"qt\"},{\"@type\":\"Organization\",\"@id\":\"https:\\\/\\\/qtmm.org\\\/qt\\\/#organization\",\"name\":\"\u041c\u0435\u0434\u0436\u043b\u0456\u0441\",\"url\":\"https:\\\/\\\/qtmm.org\\\/qt\\\/\",\"logo\":{\"@type\":\"ImageObject\",\"inLanguage\":\"qt\",\"@id\":\"https:\\\/\\\/qtmm.org\\\/qt\\\/#\\\/schema\\\/logo\\\/image\\\/\",\"url\":\"https:\\\/\\\/qtmm.org\\\/wp-content\\\/uploads\\\/2024\\\/12\\\/ua-mejlis-logo-rgb.svg\",\"contentUrl\":\"https:\\\/\\\/qtmm.org\\\/wp-content\\\/uploads\\\/2024\\\/12\\\/ua-mejlis-logo-rgb.svg\",\"caption\":\"\u041c\u0435\u0434\u0436\u043b\u0456\u0441\"},\"image\":{\"@id\":\"https:\\\/\\\/qtmm.org\\\/qt\\\/#\\\/schema\\\/logo\\\/image\\\/\"},\"sameAs\":[\"https:\\\/\\\/www.facebook.com\\\/qtmm.info\\\/\"]},{\"@type\":\"Person\",\"@id\":\"https:\\\/\\\/qtmm.org\\\/qt\\\/#\\\/schema\\\/person\\\/de562469f971dec226ac06e60bbf74a7\",\"name\":\"Developer\",\"image\":{\"@type\":\"ImageObject\",\"inLanguage\":\"qt\",\"@id\":\"https:\\\/\\\/secure.gravatar.com\\\/avatar\\\/392b4cc8fbfeb00b39dfeeab4ee6edded39ffd48e25858637e4765810300227e?s=96&d=mm&r=g\",\"url\":\"https:\\\/\\\/secure.gravatar.com\\\/avatar\\\/392b4cc8fbfeb00b39dfeeab4ee6edded39ffd48e25858637e4765810300227e?s=96&d=mm&r=g\",\"contentUrl\":\"https:\\\/\\\/secure.gravatar.com\\\/avatar\\\/392b4cc8fbfeb00b39dfeeab4ee6edded39ffd48e25858637e4765810300227e?s=96&d=mm&r=g\",\"caption\":\"Developer\"},\"url\":\"https:\\\/\\\/qtmm.org\\\/qt\\\/author\\\/Developer\\\/\"}]}<\/script>\n<!-- \/ Yoast SEO plugin. -->","yoast_head_json":{"title":"\u00ab\u0130nanam ki, ukrainler ve q\u0131r\u0131mtatarlarn\u0131\u00f1 bir ve munasip kelecegi bar\u00bb, - dedi \u00abNaUkraina - Naro\u015fa dnaya samooborona\u00bb fraktsiyas\u0131n\u0131\u00f1 ba\u015f\u0131 Nikolay Mart\u0131nenko - \u041c\u0435\u0434\u0436\u043b\u0456\u0441","robots":{"index":"index","follow":"follow","max-snippet":"max-snippet:-1","max-image-preview":"max-image-preview:large","max-video-preview":"max-video-preview:-1"},"canonical":"https:\/\/qtmm.org\/qt\/inanam-ki-ukrainler-ve-qirimtatarlarnin-bir-ve-munasip-kelecegi-bar-dedi-naukraina-narosa-dnaya-samooborona-fraktsiyasinin-basi-nikolay-martinenko\/","og_locale":"en_US","og_type":"article","og_title":"\u00ab\u0130nanam ki, ukrainler ve q\u0131r\u0131mtatarlarn\u0131\u00f1 bir ve munasip kelecegi bar\u00bb, - dedi \u00abNaUkraina - Naro\u015fa dnaya samooborona\u00bb fraktsiyas\u0131n\u0131\u00f1 ba\u015f\u0131 Nikolay Mart\u0131nenko - \u041c\u0435\u0434\u0436\u043b\u0456\u0441","og_description":"2012 senesi may\u0131s 18-de B\u00fct\u00fcnq\u0131r\u0131m matem mitinginde Ukraina halq deputat\u0131, &#8220;Na\u015fa Ukraina &#8211; Narodnaya samooborona&#8221; fraktsiyas\u0131n\u0131\u00f1 ba\u015f\u0131 Nikolay Mart\u0131nenko \u00e7\u0131q\u0131\u015fta bulund\u0131. N.Mart\u0131nenko &#8220;Na\u015fa Ukra\u0457na-Narodna Samooborona&#8221; fraktsiyas\u0131 azalar\u0131n\u0131\u00f1 ad\u0131ndan b\u00fct\u00fcn q\u0131r\u0131mtatarlar\u0131na g\u00f6\u00f1\u00fclde\u015flik bildirdi. &#8220;Bu facia er bir q\u0131r\u0131mtatar ailesine toqund\u0131&#8221;, &#8211; dedi o. \u2013 Stalinni\u00f1 totalitar rejimi aqibetinde y\u00fcz bi\u00f1lernen g\u00fcnas\u0131z-su\u00e7s\u0131z insanlar el\u00e2k old\u0131. Bug\u00fcn Ukrainan\u0131\u00f1 [&hellip;]","og_url":"https:\/\/qtmm.org\/qt\/inanam-ki-ukrainler-ve-qirimtatarlarnin-bir-ve-munasip-kelecegi-bar-dedi-naukraina-narosa-dnaya-samooborona-fraktsiyasinin-basi-nikolay-martinenko\/","og_site_name":"\u041c\u0435\u0434\u0436\u043b\u0456\u0441","article_publisher":"https:\/\/www.facebook.com\/qtmm.info\/","article_published_time":"2012-05-19T17:03:00+00:00","article_modified_time":"2022-01-21T17:04:38+00:00","og_image":[{"width":650,"height":400,"url":"https:\/\/qtmm.org\/wp-content\/uploads\/2022\/01\/37.jpeg","type":"image\/jpeg"}],"author":"Developer","twitter_card":"summary_large_image","twitter_misc":{"Written by":"Developer","Est. reading time":"2 minutes"},"schema":{"@context":"https:\/\/schema.org","@graph":[{"@type":"Article","@id":"https:\/\/qtmm.org\/qt\/inanam-ki-ukrainler-ve-qirimtatarlarnin-bir-ve-munasip-kelecegi-bar-dedi-naukraina-narosa-dnaya-samooborona-fraktsiyasinin-basi-nikolay-martinenko\/#article","isPartOf":{"@id":"https:\/\/qtmm.org\/qt\/inanam-ki-ukrainler-ve-qirimtatarlarnin-bir-ve-munasip-kelecegi-bar-dedi-naukraina-narosa-dnaya-samooborona-fraktsiyasinin-basi-nikolay-martinenko\/"},"author":{"name":"Developer","@id":"https:\/\/qtmm.org\/qt\/#\/schema\/person\/de562469f971dec226ac06e60bbf74a7"},"headline":"\u00ab\u0130nanam ki, ukrainler ve q\u0131r\u0131mtatarlarn\u0131\u00f1 bir ve munasip kelecegi bar\u00bb, &#8211; dedi \u00abNaUkraina &#8211; Naro\u015fa dnaya samooborona\u00bb fraktsiyas\u0131n\u0131\u00f1 ba\u015f\u0131 Nikolay Mart\u0131nenko","datePublished":"2012-05-19T17:03:00+00:00","dateModified":"2022-01-21T17:04:38+00:00","mainEntityOfPage":{"@id":"https:\/\/qtmm.org\/qt\/inanam-ki-ukrainler-ve-qirimtatarlarnin-bir-ve-munasip-kelecegi-bar-dedi-naukraina-narosa-dnaya-samooborona-fraktsiyasinin-basi-nikolay-martinenko\/"},"wordCount":431,"commentCount":0,"publisher":{"@id":"https:\/\/qtmm.org\/qt\/#organization"},"image":{"@id":"https:\/\/qtmm.org\/qt\/inanam-ki-ukrainler-ve-qirimtatarlarnin-bir-ve-munasip-kelecegi-bar-dedi-naukraina-narosa-dnaya-samooborona-fraktsiyasinin-basi-nikolay-martinenko\/#primaryimage"},"thumbnailUrl":"https:\/\/qtmm.org\/wp-content\/uploads\/2022\/01\/37.jpeg","articleSection":["Haberler"],"inLanguage":"qt","potentialAction":[{"@type":"CommentAction","name":"Comment","target":["https:\/\/qtmm.org\/qt\/inanam-ki-ukrainler-ve-qirimtatarlarnin-bir-ve-munasip-kelecegi-bar-dedi-naukraina-narosa-dnaya-samooborona-fraktsiyasinin-basi-nikolay-martinenko\/#respond"]}]},{"@type":"WebPage","@id":"https:\/\/qtmm.org\/qt\/inanam-ki-ukrainler-ve-qirimtatarlarnin-bir-ve-munasip-kelecegi-bar-dedi-naukraina-narosa-dnaya-samooborona-fraktsiyasinin-basi-nikolay-martinenko\/","url":"https:\/\/qtmm.org\/qt\/inanam-ki-ukrainler-ve-qirimtatarlarnin-bir-ve-munasip-kelecegi-bar-dedi-naukraina-narosa-dnaya-samooborona-fraktsiyasinin-basi-nikolay-martinenko\/","name":"\u00ab\u0130nanam ki, ukrainler ve q\u0131r\u0131mtatarlarn\u0131\u00f1 bir ve munasip kelecegi bar\u00bb, - dedi \u00abNaUkraina - Naro\u015fa dnaya samooborona\u00bb fraktsiyas\u0131n\u0131\u00f1 ba\u015f\u0131 Nikolay Mart\u0131nenko - \u041c\u0435\u0434\u0436\u043b\u0456\u0441","isPartOf":{"@id":"https:\/\/qtmm.org\/qt\/#website"},"primaryImageOfPage":{"@id":"https:\/\/qtmm.org\/qt\/inanam-ki-ukrainler-ve-qirimtatarlarnin-bir-ve-munasip-kelecegi-bar-dedi-naukraina-narosa-dnaya-samooborona-fraktsiyasinin-basi-nikolay-martinenko\/#primaryimage"},"image":{"@id":"https:\/\/qtmm.org\/qt\/inanam-ki-ukrainler-ve-qirimtatarlarnin-bir-ve-munasip-kelecegi-bar-dedi-naukraina-narosa-dnaya-samooborona-fraktsiyasinin-basi-nikolay-martinenko\/#primaryimage"},"thumbnailUrl":"https:\/\/qtmm.org\/wp-content\/uploads\/2022\/01\/37.jpeg","datePublished":"2012-05-19T17:03:00+00:00","dateModified":"2022-01-21T17:04:38+00:00","breadcrumb":{"@id":"https:\/\/qtmm.org\/qt\/inanam-ki-ukrainler-ve-qirimtatarlarnin-bir-ve-munasip-kelecegi-bar-dedi-naukraina-narosa-dnaya-samooborona-fraktsiyasinin-basi-nikolay-martinenko\/#breadcrumb"},"inLanguage":"qt","potentialAction":[{"@type":"ReadAction","target":["https:\/\/qtmm.org\/qt\/inanam-ki-ukrainler-ve-qirimtatarlarnin-bir-ve-munasip-kelecegi-bar-dedi-naukraina-narosa-dnaya-samooborona-fraktsiyasinin-basi-nikolay-martinenko\/"]}]},{"@type":"ImageObject","inLanguage":"qt","@id":"https:\/\/qtmm.org\/qt\/inanam-ki-ukrainler-ve-qirimtatarlarnin-bir-ve-munasip-kelecegi-bar-dedi-naukraina-narosa-dnaya-samooborona-fraktsiyasinin-basi-nikolay-martinenko\/#primaryimage","url":"https:\/\/qtmm.org\/wp-content\/uploads\/2022\/01\/37.jpeg","contentUrl":"https:\/\/qtmm.org\/wp-content\/uploads\/2022\/01\/37.jpeg","width":650,"height":400},{"@type":"BreadcrumbList","@id":"https:\/\/qtmm.org\/qt\/inanam-ki-ukrainler-ve-qirimtatarlarnin-bir-ve-munasip-kelecegi-bar-dedi-naukraina-narosa-dnaya-samooborona-fraktsiyasinin-basi-nikolay-martinenko\/#breadcrumb","itemListElement":[{"@type":"ListItem","position":1,"name":"\u0413\u043e\u043b\u043e\u0432\u043d\u0430","item":"https:\/\/qtmm.org\/qt\/"},{"@type":"ListItem","position":2,"name":"\u00ab\u0130nanam ki, ukrainler ve q\u0131r\u0131mtatarlarn\u0131\u00f1 bir ve munasip kelecegi bar\u00bb, &#8211; dedi \u00abNaUkraina &#8211; Naro\u015fa dnaya samooborona\u00bb fraktsiyas\u0131n\u0131\u00f1 ba\u015f\u0131 Nikolay Mart\u0131nenko"}]},{"@type":"WebSite","@id":"https:\/\/qtmm.org\/qt\/#website","url":"https:\/\/qtmm.org\/qt\/","name":"\u041c\u0435\u0434\u0436\u043b\u0456\u0441","description":"","publisher":{"@id":"https:\/\/qtmm.org\/qt\/#organization"},"potentialAction":[{"@type":"SearchAction","target":{"@type":"EntryPoint","urlTemplate":"https:\/\/qtmm.org\/qt\/?s={search_term_string}"},"query-input":{"@type":"PropertyValueSpecification","valueRequired":true,"valueName":"search_term_string"}}],"inLanguage":"qt"},{"@type":"Organization","@id":"https:\/\/qtmm.org\/qt\/#organization","name":"\u041c\u0435\u0434\u0436\u043b\u0456\u0441","url":"https:\/\/qtmm.org\/qt\/","logo":{"@type":"ImageObject","inLanguage":"qt","@id":"https:\/\/qtmm.org\/qt\/#\/schema\/logo\/image\/","url":"https:\/\/qtmm.org\/wp-content\/uploads\/2024\/12\/ua-mejlis-logo-rgb.svg","contentUrl":"https:\/\/qtmm.org\/wp-content\/uploads\/2024\/12\/ua-mejlis-logo-rgb.svg","caption":"\u041c\u0435\u0434\u0436\u043b\u0456\u0441"},"image":{"@id":"https:\/\/qtmm.org\/qt\/#\/schema\/logo\/image\/"},"sameAs":["https:\/\/www.facebook.com\/qtmm.info\/"]},{"@type":"Person","@id":"https:\/\/qtmm.org\/qt\/#\/schema\/person\/de562469f971dec226ac06e60bbf74a7","name":"Developer","image":{"@type":"ImageObject","inLanguage":"qt","@id":"https:\/\/secure.gravatar.com\/avatar\/392b4cc8fbfeb00b39dfeeab4ee6edded39ffd48e25858637e4765810300227e?s=96&d=mm&r=g","url":"https:\/\/secure.gravatar.com\/avatar\/392b4cc8fbfeb00b39dfeeab4ee6edded39ffd48e25858637e4765810300227e?s=96&d=mm&r=g","contentUrl":"https:\/\/secure.gravatar.com\/avatar\/392b4cc8fbfeb00b39dfeeab4ee6edded39ffd48e25858637e4765810300227e?s=96&d=mm&r=g","caption":"Developer"},"url":"https:\/\/qtmm.org\/qt\/author\/Developer\/"}]}},"_links":{"self":[{"href":"https:\/\/qtmm.org\/qt\/wp-json\/wp\/v2\/posts\/31272","targetHints":{"allow":["GET"]}}],"collection":[{"href":"https:\/\/qtmm.org\/qt\/wp-json\/wp\/v2\/posts"}],"about":[{"href":"https:\/\/qtmm.org\/qt\/wp-json\/wp\/v2\/types\/post"}],"author":[{"embeddable":true,"href":"https:\/\/qtmm.org\/qt\/wp-json\/wp\/v2\/users\/1"}],"replies":[{"embeddable":true,"href":"https:\/\/qtmm.org\/qt\/wp-json\/wp\/v2\/comments?post=31272"}],"version-history":[{"count":1,"href":"https:\/\/qtmm.org\/qt\/wp-json\/wp\/v2\/posts\/31272\/revisions"}],"predecessor-version":[{"id":31275,"href":"https:\/\/qtmm.org\/qt\/wp-json\/wp\/v2\/posts\/31272\/revisions\/31275"}],"wp:featuredmedia":[{"embeddable":true,"href":"https:\/\/qtmm.org\/qt\/wp-json\/wp\/v2\/media\/31267"}],"wp:attachment":[{"href":"https:\/\/qtmm.org\/qt\/wp-json\/wp\/v2\/media?parent=31272"}],"wp:term":[{"taxonomy":"category","embeddable":true,"href":"https:\/\/qtmm.org\/qt\/wp-json\/wp\/v2\/categories?post=31272"},{"taxonomy":"post_tag","embeddable":true,"href":"https:\/\/qtmm.org\/qt\/wp-json\/wp\/v2\/tags?post=31272"}],"curies":[{"name":"wp","href":"https:\/\/api.w.org\/{rel}","templated":true}]}}