




{"id":31266,"date":"2012-05-19T20:02:00","date_gmt":"2012-05-19T17:02:00","guid":{"rendered":"http:\/\/qtmm.org\/?p=31266"},"modified":"2022-01-21T20:03:30","modified_gmt":"2022-01-21T17:03:30","slug":"ukraina-qirimtatar-halqina-nisbeten-qanun-aktlarini-qabul-etecegine-umudimiz-bar-dedi-petr-hlebovic","status":"publish","type":"post","link":"https:\/\/qtmm.org\/qt\/ukraina-qirimtatar-halqina-nisbeten-qanun-aktlarini-qabul-etecegine-umudimiz-bar-dedi-petr-hlebovic\/","title":{"rendered":"\u00abUkraina q\u0131r\u0131mtatar halq\u0131na nisbeten qanun aktlar\u0131n\u0131 qabul etecegine \u00fcm\u00fcdimiz bar\u00bb &#8211; dedi Petr Hlebovi\u00e7"},"content":{"rendered":"\n<p>Q\u0131r\u0131mtatarlarn\u0131 Vatan\u011fa qaytaruv o\u011frunda k\u00fcre\u015f\u00e7ilerni\u00f1 biri, poloniyal\u0131 cemaat erbab\u0131 ve uquqqoruy\u0131c\u0131 Petr Hlebovi\u00e7, B\u00fct\u00fcnq\u0131r\u0131m matem mitingini\u00f1 i\u015ftirak\u00e7ilerine h\u0131tap eterek, dedi ki, kendisi ve bir \u00e7oq dostlar\u0131 may\u0131s 18 k\u00fcn\u00fc q\u0131r\u0131mtatar halq\u0131nen beraber on\u0131\u00f1 a\u011fr\u0131s\u0131n\u0131 payla\u015falar. &#8220;Er sene Poloniya delegatsiyas\u0131 q\u0131r\u0131mtatar halq\u0131 s\u00fcrg\u00fcnligi qurbanlar\u0131n\u0131\u00f1 hat\u0131ras\u0131n\u0131 a\u00f1maq i\u00e7\u00fcn Q\u0131r\u0131m\u011fa kele, &#8211; dedi P. Hlebovi\u00e7.<\/p>\n\n\n\n<p>\u00d6z \u00e7\u0131q\u0131\u015f\u0131nda o, Ukraina parlamentinde may\u0131s 16 k\u00fcn\u00fc ol\u0131p ke\u00e7ken vaqian\u0131 yani Ukrainan\u0131\u00f1 &#8220;Milliy mens\u00fcpligi boyunca s\u00fcrg\u00fcn etilgen \u015fah\u0131slarn\u0131\u00f1 aqlar\u0131n\u0131 \u011fayr\u0131dan tiklev aqq\u0131nda&#8221; Qanun\u0131n\u0131\u00f1 leyhas\u0131 b\u00fcnca rey berilgen vaq\u0131tta kommunist partiyas\u0131n\u0131\u00f1 deputat\u0131 Q\u0131r\u0131mn\u0131\u00f1 as\u0131l halq\u0131 ol\u011fan q\u0131r\u0131mtatarlarn\u0131 aqaretlegenini de ayt\u0131p ke\u00e7ti.<\/p>\n\n\n\n<p>&#8220;Poloniyada bulun\u0131r ekenmiz, biz bu masharal\u0131qn\u0131 k\u00f6zetip turd\u0131q. Ukraina Yuqar\u0131 \u015euras\u0131n\u0131\u00f1 deputatlar\u0131 \u00f6z Vatan\u0131ndan zorbal\u0131qnen quvul\u011fan halqn\u0131\u00f1 aqlar\u0131n\u0131 tikleycek qanunn\u0131 kene qabul etmege istemediler, &#8211; dedi Petr Hlebovi\u00e7. \u2013 Q\u0131r\u0131mtatarlarn\u0131\u00f1 bir Vatan\u0131 bar \u2013 o da Q\u0131r\u0131m. Biz \u00fcm\u00fct etemiz ki, Ukraina q\u0131r\u0131mtatar halq\u0131na nisbeten qanunn\u0131 qabul eter&#8221;.<\/p>\n\n\n\n<p><em><u><strong>Mal\u00fcmat i\u00e7\u00fcn:<\/strong><\/u><\/em>\u00a0 2012 senesi may\u0131s 18-de Q\u0131r\u0131mda Q\u0131r\u0131mtatar halq\u0131 \u00f6z tarihiy Vatan\u0131 Q\u0131r\u0131mdan s\u00fcrg\u00fcn etilgenini\u00f1 68 y\u0131ll\u0131\u011f\u0131na ba\u011f\u0131\u015flan\u011fan B\u00fct\u00fcnq\u0131r\u0131m matem mitingi ol\u0131p, onda 30 bi\u00f1den ziyade insan i\u015ftirak etti<\/p>\n","protected":false},"excerpt":{"rendered":"<p>Q\u0131r\u0131mtatarlarn\u0131 Vatan\u011fa qaytaruv o\u011frunda k\u00fcre\u015f\u00e7ilerni\u00f1 biri, poloniyal\u0131 cemaat erbab\u0131 ve uquqqoruy\u0131c\u0131 Petr Hlebovi\u00e7, B\u00fct\u00fcnq\u0131r\u0131m matem mitingini\u00f1 i\u015ftirak\u00e7ilerine h\u0131tap eterek, dedi ki, kendisi ve bir \u00e7oq dostlar\u0131 may\u0131s 18 k\u00fcn\u00fc q\u0131r\u0131mtatar halq\u0131nen beraber on\u0131\u00f1 a\u011fr\u0131s\u0131n\u0131 payla\u015falar. &#8220;Er sene Poloniya delegatsiyas\u0131 q\u0131r\u0131mtatar halq\u0131 s\u00fcrg\u00fcnligi qurbanlar\u0131n\u0131\u00f1 hat\u0131ras\u0131n\u0131 a\u00f1maq i\u00e7\u00fcn Q\u0131r\u0131m\u011fa kele, &#8211; dedi P. Hlebovi\u00e7. \u00d6z \u00e7\u0131q\u0131\u015f\u0131nda o, [&hellip;]<\/p>\n","protected":false},"author":1,"featured_media":31267,"comment_status":"open","ping_status":"open","sticky":false,"template":"","format":"standard","meta":{"inline_featured_image":false,"footnotes":""},"categories":[265],"tags":[],"class_list":["post-31266","post","type-post","status-publish","format-standard","has-post-thumbnail","hentry","category-haberler"],"acf":[],"yoast_head":"<!-- This site is optimized with the Yoast SEO plugin v27.4 - https:\/\/yoast.com\/product\/yoast-seo-wordpress\/ -->\n<title>\u00abUkraina q\u0131r\u0131mtatar halq\u0131na nisbeten qanun aktlar\u0131n\u0131 qabul etecegine \u00fcm\u00fcdimiz bar\u00bb - dedi Petr Hlebovi\u00e7 - \u041c\u0435\u0434\u0436\u043b\u0456\u0441<\/title>\n<meta name=\"robots\" content=\"index, follow, max-snippet:-1, max-image-preview:large, max-video-preview:-1\" \/>\n<link rel=\"canonical\" href=\"https:\/\/qtmm.org\/qt\/ukraina-qirimtatar-halqina-nisbeten-qanun-aktlarini-qabul-etecegine-umudimiz-bar-dedi-petr-hlebovic\/\" \/>\n<meta property=\"og:locale\" content=\"en_US\" \/>\n<meta property=\"og:type\" content=\"article\" \/>\n<meta property=\"og:title\" content=\"\u00abUkraina q\u0131r\u0131mtatar halq\u0131na nisbeten qanun aktlar\u0131n\u0131 qabul etecegine \u00fcm\u00fcdimiz bar\u00bb - dedi Petr Hlebovi\u00e7 - \u041c\u0435\u0434\u0436\u043b\u0456\u0441\" \/>\n<meta property=\"og:description\" content=\"Q\u0131r\u0131mtatarlarn\u0131 Vatan\u011fa qaytaruv o\u011frunda k\u00fcre\u015f\u00e7ilerni\u00f1 biri, poloniyal\u0131 cemaat erbab\u0131 ve uquqqoruy\u0131c\u0131 Petr Hlebovi\u00e7, B\u00fct\u00fcnq\u0131r\u0131m matem mitingini\u00f1 i\u015ftirak\u00e7ilerine h\u0131tap eterek, dedi ki, kendisi ve bir \u00e7oq dostlar\u0131 may\u0131s 18 k\u00fcn\u00fc q\u0131r\u0131mtatar halq\u0131nen beraber on\u0131\u00f1 a\u011fr\u0131s\u0131n\u0131 payla\u015falar. &#8220;Er sene Poloniya delegatsiyas\u0131 q\u0131r\u0131mtatar halq\u0131 s\u00fcrg\u00fcnligi qurbanlar\u0131n\u0131\u00f1 hat\u0131ras\u0131n\u0131 a\u00f1maq i\u00e7\u00fcn Q\u0131r\u0131m\u011fa kele, &#8211; dedi P. Hlebovi\u00e7. \u00d6z \u00e7\u0131q\u0131\u015f\u0131nda o, [&hellip;]\" \/>\n<meta property=\"og:url\" content=\"https:\/\/qtmm.org\/qt\/ukraina-qirimtatar-halqina-nisbeten-qanun-aktlarini-qabul-etecegine-umudimiz-bar-dedi-petr-hlebovic\/\" \/>\n<meta property=\"og:site_name\" content=\"\u041c\u0435\u0434\u0436\u043b\u0456\u0441\" \/>\n<meta property=\"article:publisher\" content=\"https:\/\/www.facebook.com\/qtmm.info\/\" \/>\n<meta property=\"article:published_time\" content=\"2012-05-19T17:02:00+00:00\" \/>\n<meta property=\"article:modified_time\" content=\"2022-01-21T17:03:30+00:00\" \/>\n<meta property=\"og:image\" content=\"https:\/\/qtmm.org\/wp-content\/uploads\/2022\/01\/37.jpeg\" \/>\n\t<meta property=\"og:image:width\" content=\"650\" \/>\n\t<meta property=\"og:image:height\" content=\"400\" \/>\n\t<meta property=\"og:image:type\" content=\"image\/jpeg\" \/>\n<meta name=\"author\" content=\"Developer\" \/>\n<meta name=\"twitter:card\" content=\"summary_large_image\" \/>\n<meta name=\"twitter:label1\" content=\"Written by\" \/>\n\t<meta name=\"twitter:data1\" content=\"Developer\" \/>\n\t<meta name=\"twitter:label2\" content=\"Est. reading time\" \/>\n\t<meta name=\"twitter:data2\" content=\"1 minute\" \/>\n<script type=\"application\/ld+json\" class=\"yoast-schema-graph\">{\"@context\":\"https:\\\/\\\/schema.org\",\"@graph\":[{\"@type\":\"Article\",\"@id\":\"https:\\\/\\\/qtmm.org\\\/qt\\\/ukraina-qirimtatar-halqina-nisbeten-qanun-aktlarini-qabul-etecegine-umudimiz-bar-dedi-petr-hlebovic\\\/#article\",\"isPartOf\":{\"@id\":\"https:\\\/\\\/qtmm.org\\\/qt\\\/ukraina-qirimtatar-halqina-nisbeten-qanun-aktlarini-qabul-etecegine-umudimiz-bar-dedi-petr-hlebovic\\\/\"},\"author\":{\"name\":\"Developer\",\"@id\":\"https:\\\/\\\/qtmm.org\\\/qt\\\/#\\\/schema\\\/person\\\/de562469f971dec226ac06e60bbf74a7\"},\"headline\":\"\u00abUkraina q\u0131r\u0131mtatar halq\u0131na nisbeten qanun aktlar\u0131n\u0131 qabul etecegine \u00fcm\u00fcdimiz bar\u00bb &#8211; dedi Petr Hlebovi\u00e7\",\"datePublished\":\"2012-05-19T17:02:00+00:00\",\"dateModified\":\"2022-01-21T17:03:30+00:00\",\"mainEntityOfPage\":{\"@id\":\"https:\\\/\\\/qtmm.org\\\/qt\\\/ukraina-qirimtatar-halqina-nisbeten-qanun-aktlarini-qabul-etecegine-umudimiz-bar-dedi-petr-hlebovic\\\/\"},\"wordCount\":280,\"commentCount\":0,\"publisher\":{\"@id\":\"https:\\\/\\\/qtmm.org\\\/qt\\\/#organization\"},\"image\":{\"@id\":\"https:\\\/\\\/qtmm.org\\\/qt\\\/ukraina-qirimtatar-halqina-nisbeten-qanun-aktlarini-qabul-etecegine-umudimiz-bar-dedi-petr-hlebovic\\\/#primaryimage\"},\"thumbnailUrl\":\"https:\\\/\\\/qtmm.org\\\/wp-content\\\/uploads\\\/2022\\\/01\\\/37.jpeg\",\"articleSection\":[\"Haberler\"],\"inLanguage\":\"qt\",\"potentialAction\":[{\"@type\":\"CommentAction\",\"name\":\"Comment\",\"target\":[\"https:\\\/\\\/qtmm.org\\\/qt\\\/ukraina-qirimtatar-halqina-nisbeten-qanun-aktlarini-qabul-etecegine-umudimiz-bar-dedi-petr-hlebovic\\\/#respond\"]}]},{\"@type\":\"WebPage\",\"@id\":\"https:\\\/\\\/qtmm.org\\\/qt\\\/ukraina-qirimtatar-halqina-nisbeten-qanun-aktlarini-qabul-etecegine-umudimiz-bar-dedi-petr-hlebovic\\\/\",\"url\":\"https:\\\/\\\/qtmm.org\\\/qt\\\/ukraina-qirimtatar-halqina-nisbeten-qanun-aktlarini-qabul-etecegine-umudimiz-bar-dedi-petr-hlebovic\\\/\",\"name\":\"\u00abUkraina q\u0131r\u0131mtatar halq\u0131na nisbeten qanun aktlar\u0131n\u0131 qabul etecegine \u00fcm\u00fcdimiz bar\u00bb - dedi Petr Hlebovi\u00e7 - \u041c\u0435\u0434\u0436\u043b\u0456\u0441\",\"isPartOf\":{\"@id\":\"https:\\\/\\\/qtmm.org\\\/qt\\\/#website\"},\"primaryImageOfPage\":{\"@id\":\"https:\\\/\\\/qtmm.org\\\/qt\\\/ukraina-qirimtatar-halqina-nisbeten-qanun-aktlarini-qabul-etecegine-umudimiz-bar-dedi-petr-hlebovic\\\/#primaryimage\"},\"image\":{\"@id\":\"https:\\\/\\\/qtmm.org\\\/qt\\\/ukraina-qirimtatar-halqina-nisbeten-qanun-aktlarini-qabul-etecegine-umudimiz-bar-dedi-petr-hlebovic\\\/#primaryimage\"},\"thumbnailUrl\":\"https:\\\/\\\/qtmm.org\\\/wp-content\\\/uploads\\\/2022\\\/01\\\/37.jpeg\",\"datePublished\":\"2012-05-19T17:02:00+00:00\",\"dateModified\":\"2022-01-21T17:03:30+00:00\",\"breadcrumb\":{\"@id\":\"https:\\\/\\\/qtmm.org\\\/qt\\\/ukraina-qirimtatar-halqina-nisbeten-qanun-aktlarini-qabul-etecegine-umudimiz-bar-dedi-petr-hlebovic\\\/#breadcrumb\"},\"inLanguage\":\"qt\",\"potentialAction\":[{\"@type\":\"ReadAction\",\"target\":[\"https:\\\/\\\/qtmm.org\\\/qt\\\/ukraina-qirimtatar-halqina-nisbeten-qanun-aktlarini-qabul-etecegine-umudimiz-bar-dedi-petr-hlebovic\\\/\"]}]},{\"@type\":\"ImageObject\",\"inLanguage\":\"qt\",\"@id\":\"https:\\\/\\\/qtmm.org\\\/qt\\\/ukraina-qirimtatar-halqina-nisbeten-qanun-aktlarini-qabul-etecegine-umudimiz-bar-dedi-petr-hlebovic\\\/#primaryimage\",\"url\":\"https:\\\/\\\/qtmm.org\\\/wp-content\\\/uploads\\\/2022\\\/01\\\/37.jpeg\",\"contentUrl\":\"https:\\\/\\\/qtmm.org\\\/wp-content\\\/uploads\\\/2022\\\/01\\\/37.jpeg\",\"width\":650,\"height\":400},{\"@type\":\"BreadcrumbList\",\"@id\":\"https:\\\/\\\/qtmm.org\\\/qt\\\/ukraina-qirimtatar-halqina-nisbeten-qanun-aktlarini-qabul-etecegine-umudimiz-bar-dedi-petr-hlebovic\\\/#breadcrumb\",\"itemListElement\":[{\"@type\":\"ListItem\",\"position\":1,\"name\":\"\u0413\u043e\u043b\u043e\u0432\u043d\u0430\",\"item\":\"https:\\\/\\\/qtmm.org\\\/qt\\\/\"},{\"@type\":\"ListItem\",\"position\":2,\"name\":\"\u00abUkraina q\u0131r\u0131mtatar halq\u0131na nisbeten qanun aktlar\u0131n\u0131 qabul etecegine \u00fcm\u00fcdimiz bar\u00bb &#8211; dedi Petr Hlebovi\u00e7\"}]},{\"@type\":\"WebSite\",\"@id\":\"https:\\\/\\\/qtmm.org\\\/qt\\\/#website\",\"url\":\"https:\\\/\\\/qtmm.org\\\/qt\\\/\",\"name\":\"\u041c\u0435\u0434\u0436\u043b\u0456\u0441\",\"description\":\"\",\"publisher\":{\"@id\":\"https:\\\/\\\/qtmm.org\\\/qt\\\/#organization\"},\"potentialAction\":[{\"@type\":\"SearchAction\",\"target\":{\"@type\":\"EntryPoint\",\"urlTemplate\":\"https:\\\/\\\/qtmm.org\\\/qt\\\/?s={search_term_string}\"},\"query-input\":{\"@type\":\"PropertyValueSpecification\",\"valueRequired\":true,\"valueName\":\"search_term_string\"}}],\"inLanguage\":\"qt\"},{\"@type\":\"Organization\",\"@id\":\"https:\\\/\\\/qtmm.org\\\/qt\\\/#organization\",\"name\":\"\u041c\u0435\u0434\u0436\u043b\u0456\u0441\",\"url\":\"https:\\\/\\\/qtmm.org\\\/qt\\\/\",\"logo\":{\"@type\":\"ImageObject\",\"inLanguage\":\"qt\",\"@id\":\"https:\\\/\\\/qtmm.org\\\/qt\\\/#\\\/schema\\\/logo\\\/image\\\/\",\"url\":\"https:\\\/\\\/qtmm.org\\\/wp-content\\\/uploads\\\/2024\\\/12\\\/ua-mejlis-logo-rgb.svg\",\"contentUrl\":\"https:\\\/\\\/qtmm.org\\\/wp-content\\\/uploads\\\/2024\\\/12\\\/ua-mejlis-logo-rgb.svg\",\"caption\":\"\u041c\u0435\u0434\u0436\u043b\u0456\u0441\"},\"image\":{\"@id\":\"https:\\\/\\\/qtmm.org\\\/qt\\\/#\\\/schema\\\/logo\\\/image\\\/\"},\"sameAs\":[\"https:\\\/\\\/www.facebook.com\\\/qtmm.info\\\/\"]},{\"@type\":\"Person\",\"@id\":\"https:\\\/\\\/qtmm.org\\\/qt\\\/#\\\/schema\\\/person\\\/de562469f971dec226ac06e60bbf74a7\",\"name\":\"Developer\",\"image\":{\"@type\":\"ImageObject\",\"inLanguage\":\"qt\",\"@id\":\"https:\\\/\\\/secure.gravatar.com\\\/avatar\\\/392b4cc8fbfeb00b39dfeeab4ee6edded39ffd48e25858637e4765810300227e?s=96&d=mm&r=g\",\"url\":\"https:\\\/\\\/secure.gravatar.com\\\/avatar\\\/392b4cc8fbfeb00b39dfeeab4ee6edded39ffd48e25858637e4765810300227e?s=96&d=mm&r=g\",\"contentUrl\":\"https:\\\/\\\/secure.gravatar.com\\\/avatar\\\/392b4cc8fbfeb00b39dfeeab4ee6edded39ffd48e25858637e4765810300227e?s=96&d=mm&r=g\",\"caption\":\"Developer\"},\"url\":\"https:\\\/\\\/qtmm.org\\\/qt\\\/author\\\/Developer\\\/\"}]}<\/script>\n<!-- \/ Yoast SEO plugin. -->","yoast_head_json":{"title":"\u00abUkraina q\u0131r\u0131mtatar halq\u0131na nisbeten qanun aktlar\u0131n\u0131 qabul etecegine \u00fcm\u00fcdimiz bar\u00bb - dedi Petr Hlebovi\u00e7 - \u041c\u0435\u0434\u0436\u043b\u0456\u0441","robots":{"index":"index","follow":"follow","max-snippet":"max-snippet:-1","max-image-preview":"max-image-preview:large","max-video-preview":"max-video-preview:-1"},"canonical":"https:\/\/qtmm.org\/qt\/ukraina-qirimtatar-halqina-nisbeten-qanun-aktlarini-qabul-etecegine-umudimiz-bar-dedi-petr-hlebovic\/","og_locale":"en_US","og_type":"article","og_title":"\u00abUkraina q\u0131r\u0131mtatar halq\u0131na nisbeten qanun aktlar\u0131n\u0131 qabul etecegine \u00fcm\u00fcdimiz bar\u00bb - dedi Petr Hlebovi\u00e7 - \u041c\u0435\u0434\u0436\u043b\u0456\u0441","og_description":"Q\u0131r\u0131mtatarlarn\u0131 Vatan\u011fa qaytaruv o\u011frunda k\u00fcre\u015f\u00e7ilerni\u00f1 biri, poloniyal\u0131 cemaat erbab\u0131 ve uquqqoruy\u0131c\u0131 Petr Hlebovi\u00e7, B\u00fct\u00fcnq\u0131r\u0131m matem mitingini\u00f1 i\u015ftirak\u00e7ilerine h\u0131tap eterek, dedi ki, kendisi ve bir \u00e7oq dostlar\u0131 may\u0131s 18 k\u00fcn\u00fc q\u0131r\u0131mtatar halq\u0131nen beraber on\u0131\u00f1 a\u011fr\u0131s\u0131n\u0131 payla\u015falar. &#8220;Er sene Poloniya delegatsiyas\u0131 q\u0131r\u0131mtatar halq\u0131 s\u00fcrg\u00fcnligi qurbanlar\u0131n\u0131\u00f1 hat\u0131ras\u0131n\u0131 a\u00f1maq i\u00e7\u00fcn Q\u0131r\u0131m\u011fa kele, &#8211; dedi P. Hlebovi\u00e7. \u00d6z \u00e7\u0131q\u0131\u015f\u0131nda o, [&hellip;]","og_url":"https:\/\/qtmm.org\/qt\/ukraina-qirimtatar-halqina-nisbeten-qanun-aktlarini-qabul-etecegine-umudimiz-bar-dedi-petr-hlebovic\/","og_site_name":"\u041c\u0435\u0434\u0436\u043b\u0456\u0441","article_publisher":"https:\/\/www.facebook.com\/qtmm.info\/","article_published_time":"2012-05-19T17:02:00+00:00","article_modified_time":"2022-01-21T17:03:30+00:00","og_image":[{"width":650,"height":400,"url":"https:\/\/qtmm.org\/wp-content\/uploads\/2022\/01\/37.jpeg","type":"image\/jpeg"}],"author":"Developer","twitter_card":"summary_large_image","twitter_misc":{"Written by":"Developer","Est. reading time":"1 minute"},"schema":{"@context":"https:\/\/schema.org","@graph":[{"@type":"Article","@id":"https:\/\/qtmm.org\/qt\/ukraina-qirimtatar-halqina-nisbeten-qanun-aktlarini-qabul-etecegine-umudimiz-bar-dedi-petr-hlebovic\/#article","isPartOf":{"@id":"https:\/\/qtmm.org\/qt\/ukraina-qirimtatar-halqina-nisbeten-qanun-aktlarini-qabul-etecegine-umudimiz-bar-dedi-petr-hlebovic\/"},"author":{"name":"Developer","@id":"https:\/\/qtmm.org\/qt\/#\/schema\/person\/de562469f971dec226ac06e60bbf74a7"},"headline":"\u00abUkraina q\u0131r\u0131mtatar halq\u0131na nisbeten qanun aktlar\u0131n\u0131 qabul etecegine \u00fcm\u00fcdimiz bar\u00bb &#8211; dedi Petr Hlebovi\u00e7","datePublished":"2012-05-19T17:02:00+00:00","dateModified":"2022-01-21T17:03:30+00:00","mainEntityOfPage":{"@id":"https:\/\/qtmm.org\/qt\/ukraina-qirimtatar-halqina-nisbeten-qanun-aktlarini-qabul-etecegine-umudimiz-bar-dedi-petr-hlebovic\/"},"wordCount":280,"commentCount":0,"publisher":{"@id":"https:\/\/qtmm.org\/qt\/#organization"},"image":{"@id":"https:\/\/qtmm.org\/qt\/ukraina-qirimtatar-halqina-nisbeten-qanun-aktlarini-qabul-etecegine-umudimiz-bar-dedi-petr-hlebovic\/#primaryimage"},"thumbnailUrl":"https:\/\/qtmm.org\/wp-content\/uploads\/2022\/01\/37.jpeg","articleSection":["Haberler"],"inLanguage":"qt","potentialAction":[{"@type":"CommentAction","name":"Comment","target":["https:\/\/qtmm.org\/qt\/ukraina-qirimtatar-halqina-nisbeten-qanun-aktlarini-qabul-etecegine-umudimiz-bar-dedi-petr-hlebovic\/#respond"]}]},{"@type":"WebPage","@id":"https:\/\/qtmm.org\/qt\/ukraina-qirimtatar-halqina-nisbeten-qanun-aktlarini-qabul-etecegine-umudimiz-bar-dedi-petr-hlebovic\/","url":"https:\/\/qtmm.org\/qt\/ukraina-qirimtatar-halqina-nisbeten-qanun-aktlarini-qabul-etecegine-umudimiz-bar-dedi-petr-hlebovic\/","name":"\u00abUkraina q\u0131r\u0131mtatar halq\u0131na nisbeten qanun aktlar\u0131n\u0131 qabul etecegine \u00fcm\u00fcdimiz bar\u00bb - dedi Petr Hlebovi\u00e7 - \u041c\u0435\u0434\u0436\u043b\u0456\u0441","isPartOf":{"@id":"https:\/\/qtmm.org\/qt\/#website"},"primaryImageOfPage":{"@id":"https:\/\/qtmm.org\/qt\/ukraina-qirimtatar-halqina-nisbeten-qanun-aktlarini-qabul-etecegine-umudimiz-bar-dedi-petr-hlebovic\/#primaryimage"},"image":{"@id":"https:\/\/qtmm.org\/qt\/ukraina-qirimtatar-halqina-nisbeten-qanun-aktlarini-qabul-etecegine-umudimiz-bar-dedi-petr-hlebovic\/#primaryimage"},"thumbnailUrl":"https:\/\/qtmm.org\/wp-content\/uploads\/2022\/01\/37.jpeg","datePublished":"2012-05-19T17:02:00+00:00","dateModified":"2022-01-21T17:03:30+00:00","breadcrumb":{"@id":"https:\/\/qtmm.org\/qt\/ukraina-qirimtatar-halqina-nisbeten-qanun-aktlarini-qabul-etecegine-umudimiz-bar-dedi-petr-hlebovic\/#breadcrumb"},"inLanguage":"qt","potentialAction":[{"@type":"ReadAction","target":["https:\/\/qtmm.org\/qt\/ukraina-qirimtatar-halqina-nisbeten-qanun-aktlarini-qabul-etecegine-umudimiz-bar-dedi-petr-hlebovic\/"]}]},{"@type":"ImageObject","inLanguage":"qt","@id":"https:\/\/qtmm.org\/qt\/ukraina-qirimtatar-halqina-nisbeten-qanun-aktlarini-qabul-etecegine-umudimiz-bar-dedi-petr-hlebovic\/#primaryimage","url":"https:\/\/qtmm.org\/wp-content\/uploads\/2022\/01\/37.jpeg","contentUrl":"https:\/\/qtmm.org\/wp-content\/uploads\/2022\/01\/37.jpeg","width":650,"height":400},{"@type":"BreadcrumbList","@id":"https:\/\/qtmm.org\/qt\/ukraina-qirimtatar-halqina-nisbeten-qanun-aktlarini-qabul-etecegine-umudimiz-bar-dedi-petr-hlebovic\/#breadcrumb","itemListElement":[{"@type":"ListItem","position":1,"name":"\u0413\u043e\u043b\u043e\u0432\u043d\u0430","item":"https:\/\/qtmm.org\/qt\/"},{"@type":"ListItem","position":2,"name":"\u00abUkraina q\u0131r\u0131mtatar halq\u0131na nisbeten qanun aktlar\u0131n\u0131 qabul etecegine \u00fcm\u00fcdimiz bar\u00bb &#8211; dedi Petr Hlebovi\u00e7"}]},{"@type":"WebSite","@id":"https:\/\/qtmm.org\/qt\/#website","url":"https:\/\/qtmm.org\/qt\/","name":"\u041c\u0435\u0434\u0436\u043b\u0456\u0441","description":"","publisher":{"@id":"https:\/\/qtmm.org\/qt\/#organization"},"potentialAction":[{"@type":"SearchAction","target":{"@type":"EntryPoint","urlTemplate":"https:\/\/qtmm.org\/qt\/?s={search_term_string}"},"query-input":{"@type":"PropertyValueSpecification","valueRequired":true,"valueName":"search_term_string"}}],"inLanguage":"qt"},{"@type":"Organization","@id":"https:\/\/qtmm.org\/qt\/#organization","name":"\u041c\u0435\u0434\u0436\u043b\u0456\u0441","url":"https:\/\/qtmm.org\/qt\/","logo":{"@type":"ImageObject","inLanguage":"qt","@id":"https:\/\/qtmm.org\/qt\/#\/schema\/logo\/image\/","url":"https:\/\/qtmm.org\/wp-content\/uploads\/2024\/12\/ua-mejlis-logo-rgb.svg","contentUrl":"https:\/\/qtmm.org\/wp-content\/uploads\/2024\/12\/ua-mejlis-logo-rgb.svg","caption":"\u041c\u0435\u0434\u0436\u043b\u0456\u0441"},"image":{"@id":"https:\/\/qtmm.org\/qt\/#\/schema\/logo\/image\/"},"sameAs":["https:\/\/www.facebook.com\/qtmm.info\/"]},{"@type":"Person","@id":"https:\/\/qtmm.org\/qt\/#\/schema\/person\/de562469f971dec226ac06e60bbf74a7","name":"Developer","image":{"@type":"ImageObject","inLanguage":"qt","@id":"https:\/\/secure.gravatar.com\/avatar\/392b4cc8fbfeb00b39dfeeab4ee6edded39ffd48e25858637e4765810300227e?s=96&d=mm&r=g","url":"https:\/\/secure.gravatar.com\/avatar\/392b4cc8fbfeb00b39dfeeab4ee6edded39ffd48e25858637e4765810300227e?s=96&d=mm&r=g","contentUrl":"https:\/\/secure.gravatar.com\/avatar\/392b4cc8fbfeb00b39dfeeab4ee6edded39ffd48e25858637e4765810300227e?s=96&d=mm&r=g","caption":"Developer"},"url":"https:\/\/qtmm.org\/qt\/author\/Developer\/"}]}},"_links":{"self":[{"href":"https:\/\/qtmm.org\/qt\/wp-json\/wp\/v2\/posts\/31266","targetHints":{"allow":["GET"]}}],"collection":[{"href":"https:\/\/qtmm.org\/qt\/wp-json\/wp\/v2\/posts"}],"about":[{"href":"https:\/\/qtmm.org\/qt\/wp-json\/wp\/v2\/types\/post"}],"author":[{"embeddable":true,"href":"https:\/\/qtmm.org\/qt\/wp-json\/wp\/v2\/users\/1"}],"replies":[{"embeddable":true,"href":"https:\/\/qtmm.org\/qt\/wp-json\/wp\/v2\/comments?post=31266"}],"version-history":[{"count":1,"href":"https:\/\/qtmm.org\/qt\/wp-json\/wp\/v2\/posts\/31266\/revisions"}],"predecessor-version":[{"id":31271,"href":"https:\/\/qtmm.org\/qt\/wp-json\/wp\/v2\/posts\/31266\/revisions\/31271"}],"wp:featuredmedia":[{"embeddable":true,"href":"https:\/\/qtmm.org\/qt\/wp-json\/wp\/v2\/media\/31267"}],"wp:attachment":[{"href":"https:\/\/qtmm.org\/qt\/wp-json\/wp\/v2\/media?parent=31266"}],"wp:term":[{"taxonomy":"category","embeddable":true,"href":"https:\/\/qtmm.org\/qt\/wp-json\/wp\/v2\/categories?post=31266"},{"taxonomy":"post_tag","embeddable":true,"href":"https:\/\/qtmm.org\/qt\/wp-json\/wp\/v2\/tags?post=31266"}],"curies":[{"name":"wp","href":"https:\/\/api.w.org\/{rel}","templated":true}]}}