




{"id":31243,"date":"2012-05-19T20:00:00","date_gmt":"2012-05-19T17:00:00","guid":{"rendered":"http:\/\/qtmm.org\/?p=31243"},"modified":"2022-01-21T20:01:36","modified_gmt":"2022-01-21T17:01:36","slug":"ludmila-alekseyeva-er-bir-nesilnin-oz-maqsadi-bar-ve-er-bir-nesil-bunin-icun-kuresmeli","status":"publish","type":"post","link":"https:\/\/qtmm.org\/qt\/ludmila-alekseyeva-er-bir-nesilnin-oz-maqsadi-bar-ve-er-bir-nesil-bunin-icun-kuresmeli\/","title":{"rendered":"L\u00fcdmila Alekseyeva: \u00abEr bir nesilni\u00f1 \u00f6z maqsad\u0131 bar ve er bir nesil bun\u0131\u00f1 i\u00e7\u00fcn k\u00fcre\u015fmeli\u00bb"},"content":{"rendered":"\n<p>&#8220;Q\u0131r\u0131mtatarlar d\u00fcnya\u011fa bildirecek \u015feylerini \u00f6z informatsiyalar\u0131nda beyan etip, SSSRde ilk defa \u00e7\u0131qar\u0131l\u011fan ve uquqqoruy\u0131c\u0131larn\u0131\u00f1 &#8220;Hronika teku\u015f\u00e7ih sob\u0131tiy&#8221; degen c\u0131y\u0131nt\u0131\u011f\u0131 \u015fekilinde b\u00fct\u00fcn d\u00fcnyada tarqat\u0131ld\u0131 , &#8211; dedi Meclis reisini\u00f1 birinci muavini Refat \u00c7ubarov, B\u00fct\u00fcnq\u0131r\u0131m matem mitinginde 1968\u20141972 senelerde \u015fu b\u00fclletenni\u00f1 birinci ma\u015finistkas\u0131 ol\u011fan belli uquqqoruy\u0131c\u0131 L\u00fcdmila Alekseyevan\u0131 taqdim eter ve s\u00f6z nevbetini berir eken.<\/p>\n\n\n\n<p>O, \u015fun\u0131 da qayd etti ki L.Alekseyeva 1976 senesi Moskva Helsinki gruppas\u0131n\u0131\u00f1 esas\u00e7\u0131lar\u0131ndan biri ol\u0131p, daima q\u0131r\u0131mtatar halq\u0131na yard\u0131m etti. As\u0131l\u0131nda L\u00fcdmila Alekseyeva da q\u0131r\u0131ml\u0131d\u0131r, \u00e7\u00fcnki Kezlevde d\u00fcnya\u011fa keldi.<\/p>\n\n\n\n<p>&#8220;Menim azizlerim, &#8211; dep ba\u015flad\u0131 \u00f6z \u00e7\u0131q\u0131\u015f\u0131n\u0131 L\u00fcdmila Alekseyeva. Siz \u2013 baba-dedeleri\u00f1izni\u00f1 e\u00f1 teren arzus\u0131n\u0131 ker\u00e7ekle\u015ftirgen nesilsi\u00f1iz. Siz Q\u0131r\u0131mda ya\u015fays\u0131\u00f1\u0131z, sizi\u00f1 balalar\u0131\u00f1\u0131z ve torunlar\u0131\u00f1\u0131z da tuv\u011fan topraqlar\u0131nda ya\u015faycaqlar. Sizi\u00f1 \u00f6g\u00fc\u00f1izde de ulu maqsad tura \u2013 q\u0131r\u0131mtatarlar olaraq ya\u015famaq i\u00e7\u00fcn bun\u0131 qanun ile tasdiqlanmas\u0131na iri\u015fmek kereksi\u00f1iz&#8221;.<\/p>\n\n\n\n<p>Bun\u0131\u00f1 kibi de o, Q\u0131r\u0131m\u011fa qaytmaq i\u00e7\u00fcn k\u00fcre\u015fken ve i\u00e7 bir \u015feyge baqmadan bu\u00f1a iri\u015fken baba-dedeleri\u00f1izden ibret al\u0131\u00f1\u0131z, dedi.<\/p>\n\n\n\n<p>Mustafa Cemilev ve on\u0131\u00f1 meslekde\u015fleri de er kes i\u00e7\u00fcn n\u00fcm\u00fcne ol\u011fan\u0131n\u0131 L\u00fcdmila Alekseyeva ayr\u0131ca qayd etti. &#8220;Er bir nesilni\u00f1 \u00f6z maqsad\u0131 bar ve er bir nesil on\u0131\u00f1 i\u00e7\u00fcn k\u00fcre\u015fmeli&#8221; &#8211; dedi L.Alekseyeva, B\u00fct\u00fcnq\u0131r\u0131m matem mitingini\u00f1 i\u015ftirak\u00e7ilerine muracaat eter eken .<\/p>\n\n\n\n<figure class=\"wp-block-image size-full\"><img loading=\"lazy\" decoding=\"async\" width=\"650\" height=\"350\" src=\"http:\/\/qtmm.org\/wp-content\/uploads\/2022\/01\/42.jpeg\" alt=\"\" class=\"wp-image-31253\" srcset=\"https:\/\/qtmm.org\/wp-content\/uploads\/2022\/01\/42.jpeg 650w, https:\/\/qtmm.org\/wp-content\/uploads\/2022\/01\/42-300x162.jpeg 300w\" sizes=\"auto, (max-width: 650px) 100vw, 650px\" \/><\/figure>\n\n\n\n<p><em><strong>Mal\u00fcmat i\u00e7\u00fcn:<\/strong><\/em>\u00a0\u00a0 2012 senesi may\u0131s 18-de Q\u0131r\u0131mda Q\u0131r\u0131mtatar halq\u0131 \u00f6z tarihiy Vatan\u0131 Q\u0131r\u0131mdan s\u00fcrg\u00fcn etilgenini\u00f1 68 y\u0131ll\u0131\u011f\u0131na ba\u011f\u0131\u015flan\u011fan B\u00fct\u00fcnq\u0131r\u0131m matem mitingi ol\u0131p, onda 30 bi\u00f1den ziyade insan i\u015ftirak etti<\/p>\n","protected":false},"excerpt":{"rendered":"<p>&#8220;Q\u0131r\u0131mtatarlar d\u00fcnya\u011fa bildirecek \u015feylerini \u00f6z informatsiyalar\u0131nda beyan etip, SSSRde ilk defa \u00e7\u0131qar\u0131l\u011fan ve uquqqoruy\u0131c\u0131larn\u0131\u00f1 &#8220;Hronika teku\u015f\u00e7ih sob\u0131tiy&#8221; degen c\u0131y\u0131nt\u0131\u011f\u0131 \u015fekilinde b\u00fct\u00fcn d\u00fcnyada tarqat\u0131ld\u0131 , &#8211; dedi Meclis reisini\u00f1 birinci muavini Refat \u00c7ubarov, B\u00fct\u00fcnq\u0131r\u0131m matem mitinginde 1968\u20141972 senelerde \u015fu b\u00fclletenni\u00f1 birinci ma\u015finistkas\u0131 ol\u011fan belli uquqqoruy\u0131c\u0131 L\u00fcdmila Alekseyevan\u0131 taqdim eter ve s\u00f6z nevbetini berir eken. O, \u015fun\u0131 [&hellip;]<\/p>\n","protected":false},"author":1,"featured_media":31249,"comment_status":"open","ping_status":"open","sticky":false,"template":"","format":"standard","meta":{"inline_featured_image":false,"footnotes":""},"categories":[265],"tags":[],"class_list":["post-31243","post","type-post","status-publish","format-standard","has-post-thumbnail","hentry","category-haberler"],"acf":[],"yoast_head":"<!-- This site is optimized with the Yoast SEO plugin v27.4 - https:\/\/yoast.com\/product\/yoast-seo-wordpress\/ -->\n<title>L\u00fcdmila Alekseyeva: \u00abEr bir nesilni\u00f1 \u00f6z maqsad\u0131 bar ve er bir nesil bun\u0131\u00f1 i\u00e7\u00fcn k\u00fcre\u015fmeli\u00bb - \u041c\u0435\u0434\u0436\u043b\u0456\u0441<\/title>\n<meta name=\"robots\" content=\"index, follow, max-snippet:-1, max-image-preview:large, max-video-preview:-1\" \/>\n<link rel=\"canonical\" href=\"https:\/\/qtmm.org\/qt\/ludmila-alekseyeva-er-bir-nesilnin-oz-maqsadi-bar-ve-er-bir-nesil-bunin-icun-kuresmeli\/\" \/>\n<meta property=\"og:locale\" content=\"en_US\" \/>\n<meta property=\"og:type\" content=\"article\" \/>\n<meta property=\"og:title\" content=\"L\u00fcdmila Alekseyeva: \u00abEr bir nesilni\u00f1 \u00f6z maqsad\u0131 bar ve er bir nesil bun\u0131\u00f1 i\u00e7\u00fcn k\u00fcre\u015fmeli\u00bb - \u041c\u0435\u0434\u0436\u043b\u0456\u0441\" \/>\n<meta property=\"og:description\" content=\"&#8220;Q\u0131r\u0131mtatarlar d\u00fcnya\u011fa bildirecek \u015feylerini \u00f6z informatsiyalar\u0131nda beyan etip, SSSRde ilk defa \u00e7\u0131qar\u0131l\u011fan ve uquqqoruy\u0131c\u0131larn\u0131\u00f1 &#8220;Hronika teku\u015f\u00e7ih sob\u0131tiy&#8221; degen c\u0131y\u0131nt\u0131\u011f\u0131 \u015fekilinde b\u00fct\u00fcn d\u00fcnyada tarqat\u0131ld\u0131 , &#8211; dedi Meclis reisini\u00f1 birinci muavini Refat \u00c7ubarov, B\u00fct\u00fcnq\u0131r\u0131m matem mitinginde 1968\u20141972 senelerde \u015fu b\u00fclletenni\u00f1 birinci ma\u015finistkas\u0131 ol\u011fan belli uquqqoruy\u0131c\u0131 L\u00fcdmila Alekseyevan\u0131 taqdim eter ve s\u00f6z nevbetini berir eken. O, \u015fun\u0131 [&hellip;]\" \/>\n<meta property=\"og:url\" content=\"https:\/\/qtmm.org\/qt\/ludmila-alekseyeva-er-bir-nesilnin-oz-maqsadi-bar-ve-er-bir-nesil-bunin-icun-kuresmeli\/\" \/>\n<meta property=\"og:site_name\" content=\"\u041c\u0435\u0434\u0436\u043b\u0456\u0441\" \/>\n<meta property=\"article:publisher\" content=\"https:\/\/www.facebook.com\/qtmm.info\/\" \/>\n<meta property=\"article:published_time\" content=\"2012-05-19T17:00:00+00:00\" \/>\n<meta property=\"article:modified_time\" content=\"2022-01-21T17:01:36+00:00\" \/>\n<meta property=\"og:image\" content=\"https:\/\/qtmm.org\/wp-content\/uploads\/2022\/01\/alekseeva_2.jpeg\" \/>\n\t<meta property=\"og:image:width\" content=\"650\" \/>\n\t<meta property=\"og:image:height\" content=\"475\" \/>\n\t<meta property=\"og:image:type\" content=\"image\/jpeg\" \/>\n<meta name=\"author\" content=\"Developer\" \/>\n<meta name=\"twitter:card\" content=\"summary_large_image\" \/>\n<meta name=\"twitter:label1\" content=\"Written by\" \/>\n\t<meta name=\"twitter:data1\" content=\"Developer\" \/>\n\t<meta name=\"twitter:label2\" content=\"Est. reading time\" \/>\n\t<meta name=\"twitter:data2\" content=\"2 minutes\" \/>\n<script type=\"application\/ld+json\" class=\"yoast-schema-graph\">{\"@context\":\"https:\\\/\\\/schema.org\",\"@graph\":[{\"@type\":\"Article\",\"@id\":\"https:\\\/\\\/qtmm.org\\\/qt\\\/ludmila-alekseyeva-er-bir-nesilnin-oz-maqsadi-bar-ve-er-bir-nesil-bunin-icun-kuresmeli\\\/#article\",\"isPartOf\":{\"@id\":\"https:\\\/\\\/qtmm.org\\\/qt\\\/ludmila-alekseyeva-er-bir-nesilnin-oz-maqsadi-bar-ve-er-bir-nesil-bunin-icun-kuresmeli\\\/\"},\"author\":{\"name\":\"Developer\",\"@id\":\"https:\\\/\\\/qtmm.org\\\/qt\\\/#\\\/schema\\\/person\\\/de562469f971dec226ac06e60bbf74a7\"},\"headline\":\"L\u00fcdmila Alekseyeva: \u00abEr bir nesilni\u00f1 \u00f6z maqsad\u0131 bar ve er bir nesil bun\u0131\u00f1 i\u00e7\u00fcn k\u00fcre\u015fmeli\u00bb\",\"datePublished\":\"2012-05-19T17:00:00+00:00\",\"dateModified\":\"2022-01-21T17:01:36+00:00\",\"mainEntityOfPage\":{\"@id\":\"https:\\\/\\\/qtmm.org\\\/qt\\\/ludmila-alekseyeva-er-bir-nesilnin-oz-maqsadi-bar-ve-er-bir-nesil-bunin-icun-kuresmeli\\\/\"},\"wordCount\":345,\"commentCount\":0,\"publisher\":{\"@id\":\"https:\\\/\\\/qtmm.org\\\/qt\\\/#organization\"},\"image\":{\"@id\":\"https:\\\/\\\/qtmm.org\\\/qt\\\/ludmila-alekseyeva-er-bir-nesilnin-oz-maqsadi-bar-ve-er-bir-nesil-bunin-icun-kuresmeli\\\/#primaryimage\"},\"thumbnailUrl\":\"https:\\\/\\\/qtmm.org\\\/wp-content\\\/uploads\\\/2022\\\/01\\\/alekseeva_2.jpeg\",\"articleSection\":[\"Haberler\"],\"inLanguage\":\"qt\",\"potentialAction\":[{\"@type\":\"CommentAction\",\"name\":\"Comment\",\"target\":[\"https:\\\/\\\/qtmm.org\\\/qt\\\/ludmila-alekseyeva-er-bir-nesilnin-oz-maqsadi-bar-ve-er-bir-nesil-bunin-icun-kuresmeli\\\/#respond\"]}]},{\"@type\":\"WebPage\",\"@id\":\"https:\\\/\\\/qtmm.org\\\/qt\\\/ludmila-alekseyeva-er-bir-nesilnin-oz-maqsadi-bar-ve-er-bir-nesil-bunin-icun-kuresmeli\\\/\",\"url\":\"https:\\\/\\\/qtmm.org\\\/qt\\\/ludmila-alekseyeva-er-bir-nesilnin-oz-maqsadi-bar-ve-er-bir-nesil-bunin-icun-kuresmeli\\\/\",\"name\":\"L\u00fcdmila Alekseyeva: \u00abEr bir nesilni\u00f1 \u00f6z maqsad\u0131 bar ve er bir nesil bun\u0131\u00f1 i\u00e7\u00fcn k\u00fcre\u015fmeli\u00bb - \u041c\u0435\u0434\u0436\u043b\u0456\u0441\",\"isPartOf\":{\"@id\":\"https:\\\/\\\/qtmm.org\\\/qt\\\/#website\"},\"primaryImageOfPage\":{\"@id\":\"https:\\\/\\\/qtmm.org\\\/qt\\\/ludmila-alekseyeva-er-bir-nesilnin-oz-maqsadi-bar-ve-er-bir-nesil-bunin-icun-kuresmeli\\\/#primaryimage\"},\"image\":{\"@id\":\"https:\\\/\\\/qtmm.org\\\/qt\\\/ludmila-alekseyeva-er-bir-nesilnin-oz-maqsadi-bar-ve-er-bir-nesil-bunin-icun-kuresmeli\\\/#primaryimage\"},\"thumbnailUrl\":\"https:\\\/\\\/qtmm.org\\\/wp-content\\\/uploads\\\/2022\\\/01\\\/alekseeva_2.jpeg\",\"datePublished\":\"2012-05-19T17:00:00+00:00\",\"dateModified\":\"2022-01-21T17:01:36+00:00\",\"breadcrumb\":{\"@id\":\"https:\\\/\\\/qtmm.org\\\/qt\\\/ludmila-alekseyeva-er-bir-nesilnin-oz-maqsadi-bar-ve-er-bir-nesil-bunin-icun-kuresmeli\\\/#breadcrumb\"},\"inLanguage\":\"qt\",\"potentialAction\":[{\"@type\":\"ReadAction\",\"target\":[\"https:\\\/\\\/qtmm.org\\\/qt\\\/ludmila-alekseyeva-er-bir-nesilnin-oz-maqsadi-bar-ve-er-bir-nesil-bunin-icun-kuresmeli\\\/\"]}]},{\"@type\":\"ImageObject\",\"inLanguage\":\"qt\",\"@id\":\"https:\\\/\\\/qtmm.org\\\/qt\\\/ludmila-alekseyeva-er-bir-nesilnin-oz-maqsadi-bar-ve-er-bir-nesil-bunin-icun-kuresmeli\\\/#primaryimage\",\"url\":\"https:\\\/\\\/qtmm.org\\\/wp-content\\\/uploads\\\/2022\\\/01\\\/alekseeva_2.jpeg\",\"contentUrl\":\"https:\\\/\\\/qtmm.org\\\/wp-content\\\/uploads\\\/2022\\\/01\\\/alekseeva_2.jpeg\",\"width\":650,\"height\":475},{\"@type\":\"BreadcrumbList\",\"@id\":\"https:\\\/\\\/qtmm.org\\\/qt\\\/ludmila-alekseyeva-er-bir-nesilnin-oz-maqsadi-bar-ve-er-bir-nesil-bunin-icun-kuresmeli\\\/#breadcrumb\",\"itemListElement\":[{\"@type\":\"ListItem\",\"position\":1,\"name\":\"\u0413\u043e\u043b\u043e\u0432\u043d\u0430\",\"item\":\"https:\\\/\\\/qtmm.org\\\/qt\\\/\"},{\"@type\":\"ListItem\",\"position\":2,\"name\":\"L\u00fcdmila Alekseyeva: \u00abEr bir nesilni\u00f1 \u00f6z maqsad\u0131 bar ve er bir nesil bun\u0131\u00f1 i\u00e7\u00fcn k\u00fcre\u015fmeli\u00bb\"}]},{\"@type\":\"WebSite\",\"@id\":\"https:\\\/\\\/qtmm.org\\\/qt\\\/#website\",\"url\":\"https:\\\/\\\/qtmm.org\\\/qt\\\/\",\"name\":\"\u041c\u0435\u0434\u0436\u043b\u0456\u0441\",\"description\":\"\",\"publisher\":{\"@id\":\"https:\\\/\\\/qtmm.org\\\/qt\\\/#organization\"},\"potentialAction\":[{\"@type\":\"SearchAction\",\"target\":{\"@type\":\"EntryPoint\",\"urlTemplate\":\"https:\\\/\\\/qtmm.org\\\/qt\\\/?s={search_term_string}\"},\"query-input\":{\"@type\":\"PropertyValueSpecification\",\"valueRequired\":true,\"valueName\":\"search_term_string\"}}],\"inLanguage\":\"qt\"},{\"@type\":\"Organization\",\"@id\":\"https:\\\/\\\/qtmm.org\\\/qt\\\/#organization\",\"name\":\"\u041c\u0435\u0434\u0436\u043b\u0456\u0441\",\"url\":\"https:\\\/\\\/qtmm.org\\\/qt\\\/\",\"logo\":{\"@type\":\"ImageObject\",\"inLanguage\":\"qt\",\"@id\":\"https:\\\/\\\/qtmm.org\\\/qt\\\/#\\\/schema\\\/logo\\\/image\\\/\",\"url\":\"https:\\\/\\\/qtmm.org\\\/wp-content\\\/uploads\\\/2024\\\/12\\\/ua-mejlis-logo-rgb.svg\",\"contentUrl\":\"https:\\\/\\\/qtmm.org\\\/wp-content\\\/uploads\\\/2024\\\/12\\\/ua-mejlis-logo-rgb.svg\",\"caption\":\"\u041c\u0435\u0434\u0436\u043b\u0456\u0441\"},\"image\":{\"@id\":\"https:\\\/\\\/qtmm.org\\\/qt\\\/#\\\/schema\\\/logo\\\/image\\\/\"},\"sameAs\":[\"https:\\\/\\\/www.facebook.com\\\/qtmm.info\\\/\"]},{\"@type\":\"Person\",\"@id\":\"https:\\\/\\\/qtmm.org\\\/qt\\\/#\\\/schema\\\/person\\\/de562469f971dec226ac06e60bbf74a7\",\"name\":\"Developer\",\"image\":{\"@type\":\"ImageObject\",\"inLanguage\":\"qt\",\"@id\":\"https:\\\/\\\/secure.gravatar.com\\\/avatar\\\/392b4cc8fbfeb00b39dfeeab4ee6edded39ffd48e25858637e4765810300227e?s=96&d=mm&r=g\",\"url\":\"https:\\\/\\\/secure.gravatar.com\\\/avatar\\\/392b4cc8fbfeb00b39dfeeab4ee6edded39ffd48e25858637e4765810300227e?s=96&d=mm&r=g\",\"contentUrl\":\"https:\\\/\\\/secure.gravatar.com\\\/avatar\\\/392b4cc8fbfeb00b39dfeeab4ee6edded39ffd48e25858637e4765810300227e?s=96&d=mm&r=g\",\"caption\":\"Developer\"},\"url\":\"https:\\\/\\\/qtmm.org\\\/qt\\\/author\\\/Developer\\\/\"}]}<\/script>\n<!-- \/ Yoast SEO plugin. -->","yoast_head_json":{"title":"L\u00fcdmila Alekseyeva: \u00abEr bir nesilni\u00f1 \u00f6z maqsad\u0131 bar ve er bir nesil bun\u0131\u00f1 i\u00e7\u00fcn k\u00fcre\u015fmeli\u00bb - \u041c\u0435\u0434\u0436\u043b\u0456\u0441","robots":{"index":"index","follow":"follow","max-snippet":"max-snippet:-1","max-image-preview":"max-image-preview:large","max-video-preview":"max-video-preview:-1"},"canonical":"https:\/\/qtmm.org\/qt\/ludmila-alekseyeva-er-bir-nesilnin-oz-maqsadi-bar-ve-er-bir-nesil-bunin-icun-kuresmeli\/","og_locale":"en_US","og_type":"article","og_title":"L\u00fcdmila Alekseyeva: \u00abEr bir nesilni\u00f1 \u00f6z maqsad\u0131 bar ve er bir nesil bun\u0131\u00f1 i\u00e7\u00fcn k\u00fcre\u015fmeli\u00bb - \u041c\u0435\u0434\u0436\u043b\u0456\u0441","og_description":"&#8220;Q\u0131r\u0131mtatarlar d\u00fcnya\u011fa bildirecek \u015feylerini \u00f6z informatsiyalar\u0131nda beyan etip, SSSRde ilk defa \u00e7\u0131qar\u0131l\u011fan ve uquqqoruy\u0131c\u0131larn\u0131\u00f1 &#8220;Hronika teku\u015f\u00e7ih sob\u0131tiy&#8221; degen c\u0131y\u0131nt\u0131\u011f\u0131 \u015fekilinde b\u00fct\u00fcn d\u00fcnyada tarqat\u0131ld\u0131 , &#8211; dedi Meclis reisini\u00f1 birinci muavini Refat \u00c7ubarov, B\u00fct\u00fcnq\u0131r\u0131m matem mitinginde 1968\u20141972 senelerde \u015fu b\u00fclletenni\u00f1 birinci ma\u015finistkas\u0131 ol\u011fan belli uquqqoruy\u0131c\u0131 L\u00fcdmila Alekseyevan\u0131 taqdim eter ve s\u00f6z nevbetini berir eken. O, \u015fun\u0131 [&hellip;]","og_url":"https:\/\/qtmm.org\/qt\/ludmila-alekseyeva-er-bir-nesilnin-oz-maqsadi-bar-ve-er-bir-nesil-bunin-icun-kuresmeli\/","og_site_name":"\u041c\u0435\u0434\u0436\u043b\u0456\u0441","article_publisher":"https:\/\/www.facebook.com\/qtmm.info\/","article_published_time":"2012-05-19T17:00:00+00:00","article_modified_time":"2022-01-21T17:01:36+00:00","og_image":[{"width":650,"height":475,"url":"https:\/\/qtmm.org\/wp-content\/uploads\/2022\/01\/alekseeva_2.jpeg","type":"image\/jpeg"}],"author":"Developer","twitter_card":"summary_large_image","twitter_misc":{"Written by":"Developer","Est. reading time":"2 minutes"},"schema":{"@context":"https:\/\/schema.org","@graph":[{"@type":"Article","@id":"https:\/\/qtmm.org\/qt\/ludmila-alekseyeva-er-bir-nesilnin-oz-maqsadi-bar-ve-er-bir-nesil-bunin-icun-kuresmeli\/#article","isPartOf":{"@id":"https:\/\/qtmm.org\/qt\/ludmila-alekseyeva-er-bir-nesilnin-oz-maqsadi-bar-ve-er-bir-nesil-bunin-icun-kuresmeli\/"},"author":{"name":"Developer","@id":"https:\/\/qtmm.org\/qt\/#\/schema\/person\/de562469f971dec226ac06e60bbf74a7"},"headline":"L\u00fcdmila Alekseyeva: \u00abEr bir nesilni\u00f1 \u00f6z maqsad\u0131 bar ve er bir nesil bun\u0131\u00f1 i\u00e7\u00fcn k\u00fcre\u015fmeli\u00bb","datePublished":"2012-05-19T17:00:00+00:00","dateModified":"2022-01-21T17:01:36+00:00","mainEntityOfPage":{"@id":"https:\/\/qtmm.org\/qt\/ludmila-alekseyeva-er-bir-nesilnin-oz-maqsadi-bar-ve-er-bir-nesil-bunin-icun-kuresmeli\/"},"wordCount":345,"commentCount":0,"publisher":{"@id":"https:\/\/qtmm.org\/qt\/#organization"},"image":{"@id":"https:\/\/qtmm.org\/qt\/ludmila-alekseyeva-er-bir-nesilnin-oz-maqsadi-bar-ve-er-bir-nesil-bunin-icun-kuresmeli\/#primaryimage"},"thumbnailUrl":"https:\/\/qtmm.org\/wp-content\/uploads\/2022\/01\/alekseeva_2.jpeg","articleSection":["Haberler"],"inLanguage":"qt","potentialAction":[{"@type":"CommentAction","name":"Comment","target":["https:\/\/qtmm.org\/qt\/ludmila-alekseyeva-er-bir-nesilnin-oz-maqsadi-bar-ve-er-bir-nesil-bunin-icun-kuresmeli\/#respond"]}]},{"@type":"WebPage","@id":"https:\/\/qtmm.org\/qt\/ludmila-alekseyeva-er-bir-nesilnin-oz-maqsadi-bar-ve-er-bir-nesil-bunin-icun-kuresmeli\/","url":"https:\/\/qtmm.org\/qt\/ludmila-alekseyeva-er-bir-nesilnin-oz-maqsadi-bar-ve-er-bir-nesil-bunin-icun-kuresmeli\/","name":"L\u00fcdmila Alekseyeva: \u00abEr bir nesilni\u00f1 \u00f6z maqsad\u0131 bar ve er bir nesil bun\u0131\u00f1 i\u00e7\u00fcn k\u00fcre\u015fmeli\u00bb - \u041c\u0435\u0434\u0436\u043b\u0456\u0441","isPartOf":{"@id":"https:\/\/qtmm.org\/qt\/#website"},"primaryImageOfPage":{"@id":"https:\/\/qtmm.org\/qt\/ludmila-alekseyeva-er-bir-nesilnin-oz-maqsadi-bar-ve-er-bir-nesil-bunin-icun-kuresmeli\/#primaryimage"},"image":{"@id":"https:\/\/qtmm.org\/qt\/ludmila-alekseyeva-er-bir-nesilnin-oz-maqsadi-bar-ve-er-bir-nesil-bunin-icun-kuresmeli\/#primaryimage"},"thumbnailUrl":"https:\/\/qtmm.org\/wp-content\/uploads\/2022\/01\/alekseeva_2.jpeg","datePublished":"2012-05-19T17:00:00+00:00","dateModified":"2022-01-21T17:01:36+00:00","breadcrumb":{"@id":"https:\/\/qtmm.org\/qt\/ludmila-alekseyeva-er-bir-nesilnin-oz-maqsadi-bar-ve-er-bir-nesil-bunin-icun-kuresmeli\/#breadcrumb"},"inLanguage":"qt","potentialAction":[{"@type":"ReadAction","target":["https:\/\/qtmm.org\/qt\/ludmila-alekseyeva-er-bir-nesilnin-oz-maqsadi-bar-ve-er-bir-nesil-bunin-icun-kuresmeli\/"]}]},{"@type":"ImageObject","inLanguage":"qt","@id":"https:\/\/qtmm.org\/qt\/ludmila-alekseyeva-er-bir-nesilnin-oz-maqsadi-bar-ve-er-bir-nesil-bunin-icun-kuresmeli\/#primaryimage","url":"https:\/\/qtmm.org\/wp-content\/uploads\/2022\/01\/alekseeva_2.jpeg","contentUrl":"https:\/\/qtmm.org\/wp-content\/uploads\/2022\/01\/alekseeva_2.jpeg","width":650,"height":475},{"@type":"BreadcrumbList","@id":"https:\/\/qtmm.org\/qt\/ludmila-alekseyeva-er-bir-nesilnin-oz-maqsadi-bar-ve-er-bir-nesil-bunin-icun-kuresmeli\/#breadcrumb","itemListElement":[{"@type":"ListItem","position":1,"name":"\u0413\u043e\u043b\u043e\u0432\u043d\u0430","item":"https:\/\/qtmm.org\/qt\/"},{"@type":"ListItem","position":2,"name":"L\u00fcdmila Alekseyeva: \u00abEr bir nesilni\u00f1 \u00f6z maqsad\u0131 bar ve er bir nesil bun\u0131\u00f1 i\u00e7\u00fcn k\u00fcre\u015fmeli\u00bb"}]},{"@type":"WebSite","@id":"https:\/\/qtmm.org\/qt\/#website","url":"https:\/\/qtmm.org\/qt\/","name":"\u041c\u0435\u0434\u0436\u043b\u0456\u0441","description":"","publisher":{"@id":"https:\/\/qtmm.org\/qt\/#organization"},"potentialAction":[{"@type":"SearchAction","target":{"@type":"EntryPoint","urlTemplate":"https:\/\/qtmm.org\/qt\/?s={search_term_string}"},"query-input":{"@type":"PropertyValueSpecification","valueRequired":true,"valueName":"search_term_string"}}],"inLanguage":"qt"},{"@type":"Organization","@id":"https:\/\/qtmm.org\/qt\/#organization","name":"\u041c\u0435\u0434\u0436\u043b\u0456\u0441","url":"https:\/\/qtmm.org\/qt\/","logo":{"@type":"ImageObject","inLanguage":"qt","@id":"https:\/\/qtmm.org\/qt\/#\/schema\/logo\/image\/","url":"https:\/\/qtmm.org\/wp-content\/uploads\/2024\/12\/ua-mejlis-logo-rgb.svg","contentUrl":"https:\/\/qtmm.org\/wp-content\/uploads\/2024\/12\/ua-mejlis-logo-rgb.svg","caption":"\u041c\u0435\u0434\u0436\u043b\u0456\u0441"},"image":{"@id":"https:\/\/qtmm.org\/qt\/#\/schema\/logo\/image\/"},"sameAs":["https:\/\/www.facebook.com\/qtmm.info\/"]},{"@type":"Person","@id":"https:\/\/qtmm.org\/qt\/#\/schema\/person\/de562469f971dec226ac06e60bbf74a7","name":"Developer","image":{"@type":"ImageObject","inLanguage":"qt","@id":"https:\/\/secure.gravatar.com\/avatar\/392b4cc8fbfeb00b39dfeeab4ee6edded39ffd48e25858637e4765810300227e?s=96&d=mm&r=g","url":"https:\/\/secure.gravatar.com\/avatar\/392b4cc8fbfeb00b39dfeeab4ee6edded39ffd48e25858637e4765810300227e?s=96&d=mm&r=g","contentUrl":"https:\/\/secure.gravatar.com\/avatar\/392b4cc8fbfeb00b39dfeeab4ee6edded39ffd48e25858637e4765810300227e?s=96&d=mm&r=g","caption":"Developer"},"url":"https:\/\/qtmm.org\/qt\/author\/Developer\/"}]}},"_links":{"self":[{"href":"https:\/\/qtmm.org\/qt\/wp-json\/wp\/v2\/posts\/31243","targetHints":{"allow":["GET"]}}],"collection":[{"href":"https:\/\/qtmm.org\/qt\/wp-json\/wp\/v2\/posts"}],"about":[{"href":"https:\/\/qtmm.org\/qt\/wp-json\/wp\/v2\/types\/post"}],"author":[{"embeddable":true,"href":"https:\/\/qtmm.org\/qt\/wp-json\/wp\/v2\/users\/1"}],"replies":[{"embeddable":true,"href":"https:\/\/qtmm.org\/qt\/wp-json\/wp\/v2\/comments?post=31243"}],"version-history":[{"count":1,"href":"https:\/\/qtmm.org\/qt\/wp-json\/wp\/v2\/posts\/31243\/revisions"}],"predecessor-version":[{"id":31258,"href":"https:\/\/qtmm.org\/qt\/wp-json\/wp\/v2\/posts\/31243\/revisions\/31258"}],"wp:featuredmedia":[{"embeddable":true,"href":"https:\/\/qtmm.org\/qt\/wp-json\/wp\/v2\/media\/31249"}],"wp:attachment":[{"href":"https:\/\/qtmm.org\/qt\/wp-json\/wp\/v2\/media?parent=31243"}],"wp:term":[{"taxonomy":"category","embeddable":true,"href":"https:\/\/qtmm.org\/qt\/wp-json\/wp\/v2\/categories?post=31243"},{"taxonomy":"post_tag","embeddable":true,"href":"https:\/\/qtmm.org\/qt\/wp-json\/wp\/v2\/tags?post=31243"}],"curies":[{"name":"wp","href":"https:\/\/api.w.org\/{rel}","templated":true}]}}