




{"id":31225,"date":"2012-05-19T19:59:00","date_gmt":"2012-05-19T16:59:00","guid":{"rendered":"http:\/\/qtmm.org\/?p=31225"},"modified":"2022-01-21T20:00:31","modified_gmt":"2022-01-21T17:00:31","slug":"professor-reddavey-qirimtatarlar-musadere-etilgen-oz-topraqlari-ve-diger-mal-mulkleri-icun-odeme-talap-etmege-aqlidirlar","status":"publish","type":"post","link":"https:\/\/qtmm.org\/qt\/professor-reddavey-qirimtatarlar-musadere-etilgen-oz-topraqlari-ve-diger-mal-mulkleri-icun-odeme-talap-etmege-aqlidirlar\/","title":{"rendered":"Professor REDDAVEY: \u00abQ\u0131r\u0131mtatarlar musadere etilgen \u00f6z topraqlar\u0131 ve diger mal-m\u00fclkleri i\u00e7\u00fcn \u00f6deme talap etmege aql\u0131d\u0131rlar\u00bb"},"content":{"rendered":"\n<p>May\u0131s 18 k\u00fcn\u00fc B\u00fct\u00fcnq\u0131r\u0131m matem mitinginde q\u0131r\u0131mtatarlarn\u0131\u00f1 yaq\u0131n dostu, Corc Va\u015fington universiteti siyaset\u015f\u0131nasl\u0131q professor\u0131 Piter REDDAVEY \u00e7\u0131q\u0131\u015fta bulund\u0131.<\/p>\n\n\n\n<p>Bu insann\u0131\u00f1 \u011fayreti ve areketleri sayesinde 1976 senesi Amsterdamda &#8220;Ta\u015fkent mahkemesi&#8221; kitab\u0131 ne\u015fir etilip, b\u00fct\u00fcn d\u00fcnya q\u0131r\u0131mtatar halq\u0131n\u0131\u00f1 facial\u0131 taqdiri ve milliy areket k\u00fcre\u015f\u00e7ilerine nisbeten yap\u0131l\u011fan aqs\u0131zl\u0131q aqq\u0131nda bildi, dep tan\u0131tt\u0131 professorn\u0131 mitingni\u00f1 al\u0131p bar\u0131c\u0131s\u0131 Refat \u00c7ubarov.<\/p>\n\n\n\n<p>&#8220;\u00dcrmetli Mustafa a\u011fa, say\u0131\u011f\u0131l\u0131 han\u0131m ve bey efendiler, q\u0131r\u0131mtatar halq\u0131n\u0131\u00f1 vekilleri! Mustafa Cemilev meni halq\u0131\u00f1\u0131zn\u0131\u00f1 Q\u0131r\u0131mdan 68 sene evelsi s\u00fcrg\u00fcn etilgenine ba\u011f\u0131\u015flan\u011fan matem mitinginde i\u015ftirak etmek i\u00e7\u00fcn davet etmesi menim i\u00e7\u00fcn b\u00fcy\u00fck \u015fereftir.<\/p>\n\n\n\n<p>Daa ya\u015f ol\u011fan\u0131mda men sizi\u00f1 Orta Asiyada s\u00fcrg\u00fcnlikten Q\u0131r\u0131m\u011fa qaytmaq i\u00e7\u00fcn ba\u015fla\u011fan milliy areketi\u00f1iz aqq\u0131nda birinci kere e\u015fitip, meraqlan\u011fan ve \u011fayet tesirlengen edim. O zaman \u0130ngilterede ya\u015fay(\u015fimdi Amerikada Va\u015fington civar\u0131nda ya\u015fay\u0131m) ve Londra universitetinde lektsiyalar oquy edim. Bahtqa qar\u015f\u0131 belli aftal\u0131q &#8220;TheObserver&#8221; gazetas\u0131n\u0131\u00f1 muarririni menim maqalemni basmas\u0131n\u0131 qand\u0131ra bildim. Maqale 1969 senesi mart 30 k\u00fcn\u00fc birinci saifede \u00e7\u0131qt\u0131 ve ilk defa \u011farp oquy\u0131c\u0131lar\u0131n\u0131 sizi\u00f1 areketi\u00f1izni\u00f1 tarih\u0131nen tan\u0131\u015f etti. Maqale yan\u0131ndaki eki fotoresimde militsiya \u00c7\u0131r\u00e7\u0131qta sizi\u00f1 t\u0131n\u00e7 numay\u0131\u015f\u0131\u00f1\u0131zn\u0131 quvala\u011fan\u0131 tasvirlengen edi. Maqalem i\u00e7\u00fcn malzeme olaraq daa yaq\u0131nda elime ke\u00e7ken bir vesiqan\u0131 i\u015flettim. Bu Q\u0131r\u0131mtatarlarn\u0131\u00f1 Moskvadaki daimiy vekillerini\u00f1 82-nci informatsiyas\u0131 edi. Vekillerden birisi on\u0131 rusiyeli uquqqoruy\u0131c\u0131lar\u011fa bergen, olar ise \u00f6z nevbetinde Moskvadan Londra\u011fa yolla\u011fanlar.<\/p>\n\n\n\n<p>So\u00f1undan men sizi\u00f1 halq\u0131\u00f1\u0131zn\u0131\u00f1 ces\u00fcr areketi aqq\u0131nda daa bir qa\u00e7 maqale, bun\u0131\u00f1 kibi de kitaplar\u0131mda ayr\u0131ca b\u00f6l\u00fcklerni de bast\u0131rd\u0131m. Men sizi\u00f1 tarih\u00e7\u0131\u00f1\u0131z, Amerika\u011fa kelgen Ay\u015fe Seytmuratovanen de tan\u0131\u015f old\u0131m ve o ma\u00f1a maqalelerni yazuv\u0131mda yard\u0131m etti. Bug\u00fcn on\u0131 yan\u0131m\u0131zda k\u00f6rgenimden pek memn\u00fcnim.<\/p>\n\n\n\n<p>Al-az\u0131rda men emekli professor\u0131m ve endi hat\u0131rlavlar\u0131mn\u0131 yazma\u011fa ba\u015flad\u0131m. Olarda sizi\u00f1 m\u00fcrekkep, baz\u0131da feciy, amma ayn\u0131 zamanda HH as\u0131rn\u0131\u00f1 ilham berici tarih\u0131\u00f1\u0131z husus\u0131nda da fikir y\u00fcrsetilecek. Tarih\u00e7\u0131 ve siyaset\u015f\u0131nas olaraq men so\u00f1ki 30 y\u0131l i\u00e7inde kommunist rejimi devrindeki vaziyeti\u00f1izni pek yah\u015f\u0131 bilem. Q\u0131sqa m\u00fcddetli ziyaretim devam\u0131nda halq\u0131\u00f1\u0131zn\u0131\u00f1 vekillerinen k\u00f6r\u00fc\u015fmek i\u00e7\u00fcn Q\u0131r\u0131mda daa bir qa\u00e7 k\u00fcn ol\u0131p, sizi\u00f1 meseleleri\u00f1iz, yutuq ve a\u011f\u0131mdaki i\u015fleri\u00f1iznen tan\u0131\u015fmaq niyetindem.<\/p>\n\n\n\n<p>Sizi\u00f1 tarih\u0131\u00f1\u0131zn\u0131 \u00f6grengenimde meni e\u00f1 ziyade tesirlendirgeni \u015fu old\u0131 ki, siyasiy soyq\u0131r\u0131m\u011fa o\u011frat\u0131l\u011fan\u0131\u00f1\u0131z aqibetinde on bi\u00f1lernen su\u00e7s\u0131z, g\u00fcnas\u0131z insanlar\u0131\u00f1\u0131zn\u0131 \u011fay\u0131p etkeni\u00f1izge baqmadan, kene de zorbal\u0131qs\u0131z siyasetni k\u00fctesi\u00f1iz ve t\u0131n\u00e7 k\u00fcre\u015f al\u0131p baras\u0131\u00f1\u0131z. Bu b\u00fcy\u00fck yutuq, qaramanl\u0131qt\u0131r. Yani tarih\u00e7\u0131 ve uquqqoruy\u0131c\u0131 L\u00fcdmila Alekseyeva aytqan\u0131 kibi degerligi\u00f1izdir. Aqs\u0131mlanuv \u015faraitinde bile milliy ma\u011frurl\u0131qqa berilmeden yan\u0131\u00f1\u0131zdaki insanlar\u011fa nisbeten sab\u0131r-taqatnen davran\u011fan\u0131\u00f1\u0131z say\u011f\u0131-\u00fcrmetke l\u00e2y\u0131qt\u0131r. Bu \u00e7izgiler tek me\u015fur insanlar\u011fa, \u00f6z arqada\u015flar\u0131na ibret ol\u011fan insanlar\u011fa aittir.<\/p>\n\n\n\n<figure class=\"wp-block-image size-full\"><img loading=\"lazy\" decoding=\"async\" width=\"670\" height=\"310\" src=\"http:\/\/qtmm.org\/wp-content\/uploads\/2022\/01\/reddavey.jpeg\" alt=\"\" class=\"wp-image-31238\" srcset=\"https:\/\/qtmm.org\/wp-content\/uploads\/2022\/01\/reddavey.jpeg 670w, https:\/\/qtmm.org\/wp-content\/uploads\/2022\/01\/reddavey-300x139.jpeg 300w\" sizes=\"auto, (max-width: 670px) 100vw, 670px\" \/><\/figure>\n\n\n\n<p>Ayn\u0131 \u015fu \u00e7izgiler sizge so\u00f1ki 22 y\u0131l i\u00e7inde Q\u0131r\u0131mda ya\u015fay\u0131\u015fn\u0131 tsifirden ba\u015flap, ilerilegen q\u0131r\u0131mtatar cemiyetini qurma\u011fa imk\u00e2n berdi. Ebet siz pek \u00e7oq q\u0131y\u0131nl\u0131qlar ve manialar\u011fa rastkeldi\u00f1iz. 265000 q\u0131r\u0131mtatarlar\u0131 Q\u0131r\u0131mda ya\u015fasalar, daa e\u00f1 azda 100000 al\u00e2 daa \u00d6zbekistanda ve diger sab\u0131q sovet cumhuriyetindeler. Kelecekte sizi\u00f1 i\u015fi\u00f1in pek \u00e7oq, Q\u0131r\u0131mda sovet devrinde yoq etilgen medeniyeti\u00f1izni \u011fayr\u0131dan tiklemek zorundas\u0131\u00f1\u0131z. Siz \u00f6z k\u00fct\u00fcphane ve diger medeniy em diniy institutlar\u0131\u00f1\u0131zn\u0131, milliy tasili\u00f1izni \u011fayr\u0131dan tiklemek, qartlar\u011fa munasip \u015farait yaratmaq, musadere etilgen topraqlar\u0131\u00f1\u0131z, evleri\u00f1iz ve m\u00fclk\u00fc\u00f1iz i\u00e7\u00fcn \u00f6deme talap etmek kereksi\u00f1iz.<\/p>\n\n\n\n<p>Siz rastkelgen problemler aras\u0131nda Q\u0131r\u0131m ve Ukraina \u00fck\u00fcmetleri taraf\u0131ndan yard\u0131m k\u00f6rmegeni\u00f1iz de bar. Halqara institutlar da sizge keregi kibi yard\u0131m etip olamaylar. Bundan da \u011fayr\u0131 Rusiyede ve Q\u0131r\u0131mdaki rus millet\u00e7ileri Q\u0131r\u0131mn\u0131 Ukrainadan Rusiyege ke\u00e7irmek boyunca fesat \u00e7\u0131qaralar.<br>B\u00f6ylet \u015faraitlerde, zan\u0131mca, sizi\u00f1 yetek\u00e7ileri\u00f1iz ikmetli bir siyaset al\u0131p baralar. Halq olaraq siz Ukrainan\u0131\u00f1 territorial b\u00fct\u00fcnligine qoltutas\u0131\u00f1\u0131z.<\/p>\n\n\n\n<p>Sizi\u00f1 liderleri\u00f1iz Ukraina, Rusiye ve d\u00fcnyan\u0131\u00f1 medeniyetli insanlar\u0131na muracaat etip, q\u0131r\u0131mtatarlar\u011fa nisbeten \u00f6z vazifesini becermesi i\u00e7\u00fcn Ukraina\u011fa tesir etmelerini rica eteler. \u00c7\u00fcnki Ukraina bu hususta bir s\u0131ra halqara a\u00f1la\u015fmalarn\u0131 imzala\u011fand\u0131r. Belki sizi\u00f1 vaziyeti\u00f1izni t\u00fczet\u00fcvde ker\u00e7ekten de vekilleri\u00f1iz teklif etkeni kibi Q\u0131r\u0131mtatar halq\u0131n\u0131\u00f1 aqlar\u0131n\u0131 \u011fayr\u0131dan tiklev boyunca Avropa Birligi ve BMT kibi halqara te\u015fkil\u00e2tlarn\u0131\u00f1 qoltutuv\u0131nda ke\u00e7irilecek forum bir siltem ola bilir. \u00d6z taraf\u0131mdan men de bu \u011fayeni AQ\u015eda da \u00f6gge s\u00fcrmek i\u00e7\u00fcn elimden kelgenini yapar\u0131m.<\/p>\n\n\n\n<p>Bun\u0131\u00f1nen s\u00f6z\u00fcmni bitirem. Bili\u00f1 ki, men sizlernen beraber 70 y\u0131l evel el\u00e2k ol\u011fan yaq\u0131nlar\u0131\u00f1\u0131z i\u00e7\u00fcn yanam ve Q\u0131r\u0131mda elde etken ye\u00f1i\u015fleri\u00f1izge ayretlenem. Eminim ki, sizi\u00f1 o merhum yaq\u0131nlar\u0131\u00f1\u0131z da sa\u011f olsayd\u0131lar bun\u0131 \u00f6z k\u00f6zlerinen k\u00f6rip quvan\u0131r ediler.<\/p>\n\n\n\n<p>Sa\u011f olu\u00f1\u0131z Mustafa a\u011fa, k\u00f6stergen ces\u00fcrligi\u00f1iz i\u00e7\u00fcn . Men \u00f6m\u00fcrimdeki bu m\u00fcim vaqian\u0131 i\u00e7 unutmam. Sizge ve Sizi\u00f1 halq\u0131\u00f1\u0131z\u011fa tuv\u011fan yeri\u00f1izde bahtl\u0131 kelecekni qurma\u00f1\u0131zn\u0131 tileyim&#8221; &#8211; dedi Corc Va\u015fington universiteti siyaset\u015f\u0131nasl\u0131q professor\u0131 Piter REDDAVEY<\/p>\n","protected":false},"excerpt":{"rendered":"<p>May\u0131s 18 k\u00fcn\u00fc B\u00fct\u00fcnq\u0131r\u0131m matem mitinginde q\u0131r\u0131mtatarlarn\u0131\u00f1 yaq\u0131n dostu, Corc Va\u015fington universiteti siyaset\u015f\u0131nasl\u0131q professor\u0131 Piter REDDAVEY \u00e7\u0131q\u0131\u015fta bulund\u0131. Bu insann\u0131\u00f1 \u011fayreti ve areketleri sayesinde 1976 senesi Amsterdamda &#8220;Ta\u015fkent mahkemesi&#8221; kitab\u0131 ne\u015fir etilip, b\u00fct\u00fcn d\u00fcnya q\u0131r\u0131mtatar halq\u0131n\u0131\u00f1 facial\u0131 taqdiri ve milliy areket k\u00fcre\u015f\u00e7ilerine nisbeten yap\u0131l\u011fan aqs\u0131zl\u0131q aqq\u0131nda bildi, dep tan\u0131tt\u0131 professorn\u0131 mitingni\u00f1 al\u0131p bar\u0131c\u0131s\u0131 Refat \u00c7ubarov. [&hellip;]<\/p>\n","protected":false},"author":1,"featured_media":31230,"comment_status":"open","ping_status":"open","sticky":false,"template":"","format":"standard","meta":{"inline_featured_image":false,"footnotes":""},"categories":[265],"tags":[],"class_list":["post-31225","post","type-post","status-publish","format-standard","has-post-thumbnail","hentry","category-haberler"],"acf":[],"yoast_head":"<!-- This site is optimized with the Yoast SEO plugin v27.4 - https:\/\/yoast.com\/product\/yoast-seo-wordpress\/ -->\n<title>Professor REDDAVEY: \u00abQ\u0131r\u0131mtatarlar musadere etilgen \u00f6z topraqlar\u0131 ve diger mal-m\u00fclkleri i\u00e7\u00fcn \u00f6deme talap etmege aql\u0131d\u0131rlar\u00bb - \u041c\u0435\u0434\u0436\u043b\u0456\u0441<\/title>\n<meta name=\"robots\" content=\"index, follow, max-snippet:-1, max-image-preview:large, max-video-preview:-1\" \/>\n<link rel=\"canonical\" href=\"https:\/\/qtmm.org\/qt\/professor-reddavey-qirimtatarlar-musadere-etilgen-oz-topraqlari-ve-diger-mal-mulkleri-icun-odeme-talap-etmege-aqlidirlar\/\" \/>\n<meta property=\"og:locale\" content=\"en_US\" \/>\n<meta property=\"og:type\" content=\"article\" \/>\n<meta property=\"og:title\" content=\"Professor REDDAVEY: \u00abQ\u0131r\u0131mtatarlar musadere etilgen \u00f6z topraqlar\u0131 ve diger mal-m\u00fclkleri i\u00e7\u00fcn \u00f6deme talap etmege aql\u0131d\u0131rlar\u00bb - \u041c\u0435\u0434\u0436\u043b\u0456\u0441\" \/>\n<meta property=\"og:description\" content=\"May\u0131s 18 k\u00fcn\u00fc B\u00fct\u00fcnq\u0131r\u0131m matem mitinginde q\u0131r\u0131mtatarlarn\u0131\u00f1 yaq\u0131n dostu, Corc Va\u015fington universiteti siyaset\u015f\u0131nasl\u0131q professor\u0131 Piter REDDAVEY \u00e7\u0131q\u0131\u015fta bulund\u0131. Bu insann\u0131\u00f1 \u011fayreti ve areketleri sayesinde 1976 senesi Amsterdamda &#8220;Ta\u015fkent mahkemesi&#8221; kitab\u0131 ne\u015fir etilip, b\u00fct\u00fcn d\u00fcnya q\u0131r\u0131mtatar halq\u0131n\u0131\u00f1 facial\u0131 taqdiri ve milliy areket k\u00fcre\u015f\u00e7ilerine nisbeten yap\u0131l\u011fan aqs\u0131zl\u0131q aqq\u0131nda bildi, dep tan\u0131tt\u0131 professorn\u0131 mitingni\u00f1 al\u0131p bar\u0131c\u0131s\u0131 Refat \u00c7ubarov. [&hellip;]\" \/>\n<meta property=\"og:url\" content=\"https:\/\/qtmm.org\/qt\/professor-reddavey-qirimtatarlar-musadere-etilgen-oz-topraqlari-ve-diger-mal-mulkleri-icun-odeme-talap-etmege-aqlidirlar\/\" \/>\n<meta property=\"og:site_name\" content=\"\u041c\u0435\u0434\u0436\u043b\u0456\u0441\" \/>\n<meta property=\"article:publisher\" content=\"https:\/\/www.facebook.com\/qtmm.info\/\" \/>\n<meta property=\"article:published_time\" content=\"2012-05-19T16:59:00+00:00\" \/>\n<meta property=\"article:modified_time\" content=\"2022-01-21T17:00:31+00:00\" \/>\n<meta property=\"og:image\" content=\"https:\/\/qtmm.org\/wp-content\/uploads\/2022\/01\/reddavey_2.jpeg\" \/>\n\t<meta property=\"og:image:width\" content=\"650\" \/>\n\t<meta property=\"og:image:height\" content=\"400\" \/>\n\t<meta property=\"og:image:type\" content=\"image\/jpeg\" \/>\n<meta name=\"author\" content=\"Developer\" \/>\n<meta name=\"twitter:card\" content=\"summary_large_image\" \/>\n<meta name=\"twitter:label1\" content=\"Written by\" \/>\n\t<meta name=\"twitter:data1\" content=\"Developer\" \/>\n\t<meta name=\"twitter:label2\" content=\"Est. reading time\" \/>\n\t<meta name=\"twitter:data2\" content=\"5 minutes\" \/>\n<script type=\"application\/ld+json\" class=\"yoast-schema-graph\">{\"@context\":\"https:\\\/\\\/schema.org\",\"@graph\":[{\"@type\":\"Article\",\"@id\":\"https:\\\/\\\/qtmm.org\\\/qt\\\/professor-reddavey-qirimtatarlar-musadere-etilgen-oz-topraqlari-ve-diger-mal-mulkleri-icun-odeme-talap-etmege-aqlidirlar\\\/#article\",\"isPartOf\":{\"@id\":\"https:\\\/\\\/qtmm.org\\\/qt\\\/professor-reddavey-qirimtatarlar-musadere-etilgen-oz-topraqlari-ve-diger-mal-mulkleri-icun-odeme-talap-etmege-aqlidirlar\\\/\"},\"author\":{\"name\":\"Developer\",\"@id\":\"https:\\\/\\\/qtmm.org\\\/qt\\\/#\\\/schema\\\/person\\\/de562469f971dec226ac06e60bbf74a7\"},\"headline\":\"Professor REDDAVEY: \u00abQ\u0131r\u0131mtatarlar musadere etilgen \u00f6z topraqlar\u0131 ve diger mal-m\u00fclkleri i\u00e7\u00fcn \u00f6deme talap etmege aql\u0131d\u0131rlar\u00bb\",\"datePublished\":\"2012-05-19T16:59:00+00:00\",\"dateModified\":\"2022-01-21T17:00:31+00:00\",\"mainEntityOfPage\":{\"@id\":\"https:\\\/\\\/qtmm.org\\\/qt\\\/professor-reddavey-qirimtatarlar-musadere-etilgen-oz-topraqlari-ve-diger-mal-mulkleri-icun-odeme-talap-etmege-aqlidirlar\\\/\"},\"wordCount\":1003,\"commentCount\":0,\"publisher\":{\"@id\":\"https:\\\/\\\/qtmm.org\\\/qt\\\/#organization\"},\"image\":{\"@id\":\"https:\\\/\\\/qtmm.org\\\/qt\\\/professor-reddavey-qirimtatarlar-musadere-etilgen-oz-topraqlari-ve-diger-mal-mulkleri-icun-odeme-talap-etmege-aqlidirlar\\\/#primaryimage\"},\"thumbnailUrl\":\"https:\\\/\\\/qtmm.org\\\/wp-content\\\/uploads\\\/2022\\\/01\\\/reddavey_2.jpeg\",\"articleSection\":[\"Haberler\"],\"inLanguage\":\"qt\",\"potentialAction\":[{\"@type\":\"CommentAction\",\"name\":\"Comment\",\"target\":[\"https:\\\/\\\/qtmm.org\\\/qt\\\/professor-reddavey-qirimtatarlar-musadere-etilgen-oz-topraqlari-ve-diger-mal-mulkleri-icun-odeme-talap-etmege-aqlidirlar\\\/#respond\"]}]},{\"@type\":\"WebPage\",\"@id\":\"https:\\\/\\\/qtmm.org\\\/qt\\\/professor-reddavey-qirimtatarlar-musadere-etilgen-oz-topraqlari-ve-diger-mal-mulkleri-icun-odeme-talap-etmege-aqlidirlar\\\/\",\"url\":\"https:\\\/\\\/qtmm.org\\\/qt\\\/professor-reddavey-qirimtatarlar-musadere-etilgen-oz-topraqlari-ve-diger-mal-mulkleri-icun-odeme-talap-etmege-aqlidirlar\\\/\",\"name\":\"Professor REDDAVEY: \u00abQ\u0131r\u0131mtatarlar musadere etilgen \u00f6z topraqlar\u0131 ve diger mal-m\u00fclkleri i\u00e7\u00fcn \u00f6deme talap etmege aql\u0131d\u0131rlar\u00bb - \u041c\u0435\u0434\u0436\u043b\u0456\u0441\",\"isPartOf\":{\"@id\":\"https:\\\/\\\/qtmm.org\\\/qt\\\/#website\"},\"primaryImageOfPage\":{\"@id\":\"https:\\\/\\\/qtmm.org\\\/qt\\\/professor-reddavey-qirimtatarlar-musadere-etilgen-oz-topraqlari-ve-diger-mal-mulkleri-icun-odeme-talap-etmege-aqlidirlar\\\/#primaryimage\"},\"image\":{\"@id\":\"https:\\\/\\\/qtmm.org\\\/qt\\\/professor-reddavey-qirimtatarlar-musadere-etilgen-oz-topraqlari-ve-diger-mal-mulkleri-icun-odeme-talap-etmege-aqlidirlar\\\/#primaryimage\"},\"thumbnailUrl\":\"https:\\\/\\\/qtmm.org\\\/wp-content\\\/uploads\\\/2022\\\/01\\\/reddavey_2.jpeg\",\"datePublished\":\"2012-05-19T16:59:00+00:00\",\"dateModified\":\"2022-01-21T17:00:31+00:00\",\"breadcrumb\":{\"@id\":\"https:\\\/\\\/qtmm.org\\\/qt\\\/professor-reddavey-qirimtatarlar-musadere-etilgen-oz-topraqlari-ve-diger-mal-mulkleri-icun-odeme-talap-etmege-aqlidirlar\\\/#breadcrumb\"},\"inLanguage\":\"qt\",\"potentialAction\":[{\"@type\":\"ReadAction\",\"target\":[\"https:\\\/\\\/qtmm.org\\\/qt\\\/professor-reddavey-qirimtatarlar-musadere-etilgen-oz-topraqlari-ve-diger-mal-mulkleri-icun-odeme-talap-etmege-aqlidirlar\\\/\"]}]},{\"@type\":\"ImageObject\",\"inLanguage\":\"qt\",\"@id\":\"https:\\\/\\\/qtmm.org\\\/qt\\\/professor-reddavey-qirimtatarlar-musadere-etilgen-oz-topraqlari-ve-diger-mal-mulkleri-icun-odeme-talap-etmege-aqlidirlar\\\/#primaryimage\",\"url\":\"https:\\\/\\\/qtmm.org\\\/wp-content\\\/uploads\\\/2022\\\/01\\\/reddavey_2.jpeg\",\"contentUrl\":\"https:\\\/\\\/qtmm.org\\\/wp-content\\\/uploads\\\/2022\\\/01\\\/reddavey_2.jpeg\",\"width\":650,\"height\":400},{\"@type\":\"BreadcrumbList\",\"@id\":\"https:\\\/\\\/qtmm.org\\\/qt\\\/professor-reddavey-qirimtatarlar-musadere-etilgen-oz-topraqlari-ve-diger-mal-mulkleri-icun-odeme-talap-etmege-aqlidirlar\\\/#breadcrumb\",\"itemListElement\":[{\"@type\":\"ListItem\",\"position\":1,\"name\":\"\u0413\u043e\u043b\u043e\u0432\u043d\u0430\",\"item\":\"https:\\\/\\\/qtmm.org\\\/qt\\\/\"},{\"@type\":\"ListItem\",\"position\":2,\"name\":\"Professor REDDAVEY: \u00abQ\u0131r\u0131mtatarlar musadere etilgen \u00f6z topraqlar\u0131 ve diger mal-m\u00fclkleri i\u00e7\u00fcn \u00f6deme talap etmege aql\u0131d\u0131rlar\u00bb\"}]},{\"@type\":\"WebSite\",\"@id\":\"https:\\\/\\\/qtmm.org\\\/qt\\\/#website\",\"url\":\"https:\\\/\\\/qtmm.org\\\/qt\\\/\",\"name\":\"\u041c\u0435\u0434\u0436\u043b\u0456\u0441\",\"description\":\"\",\"publisher\":{\"@id\":\"https:\\\/\\\/qtmm.org\\\/qt\\\/#organization\"},\"potentialAction\":[{\"@type\":\"SearchAction\",\"target\":{\"@type\":\"EntryPoint\",\"urlTemplate\":\"https:\\\/\\\/qtmm.org\\\/qt\\\/?s={search_term_string}\"},\"query-input\":{\"@type\":\"PropertyValueSpecification\",\"valueRequired\":true,\"valueName\":\"search_term_string\"}}],\"inLanguage\":\"qt\"},{\"@type\":\"Organization\",\"@id\":\"https:\\\/\\\/qtmm.org\\\/qt\\\/#organization\",\"name\":\"\u041c\u0435\u0434\u0436\u043b\u0456\u0441\",\"url\":\"https:\\\/\\\/qtmm.org\\\/qt\\\/\",\"logo\":{\"@type\":\"ImageObject\",\"inLanguage\":\"qt\",\"@id\":\"https:\\\/\\\/qtmm.org\\\/qt\\\/#\\\/schema\\\/logo\\\/image\\\/\",\"url\":\"https:\\\/\\\/qtmm.org\\\/wp-content\\\/uploads\\\/2024\\\/12\\\/ua-mejlis-logo-rgb.svg\",\"contentUrl\":\"https:\\\/\\\/qtmm.org\\\/wp-content\\\/uploads\\\/2024\\\/12\\\/ua-mejlis-logo-rgb.svg\",\"caption\":\"\u041c\u0435\u0434\u0436\u043b\u0456\u0441\"},\"image\":{\"@id\":\"https:\\\/\\\/qtmm.org\\\/qt\\\/#\\\/schema\\\/logo\\\/image\\\/\"},\"sameAs\":[\"https:\\\/\\\/www.facebook.com\\\/qtmm.info\\\/\"]},{\"@type\":\"Person\",\"@id\":\"https:\\\/\\\/qtmm.org\\\/qt\\\/#\\\/schema\\\/person\\\/de562469f971dec226ac06e60bbf74a7\",\"name\":\"Developer\",\"image\":{\"@type\":\"ImageObject\",\"inLanguage\":\"qt\",\"@id\":\"https:\\\/\\\/secure.gravatar.com\\\/avatar\\\/392b4cc8fbfeb00b39dfeeab4ee6edded39ffd48e25858637e4765810300227e?s=96&d=mm&r=g\",\"url\":\"https:\\\/\\\/secure.gravatar.com\\\/avatar\\\/392b4cc8fbfeb00b39dfeeab4ee6edded39ffd48e25858637e4765810300227e?s=96&d=mm&r=g\",\"contentUrl\":\"https:\\\/\\\/secure.gravatar.com\\\/avatar\\\/392b4cc8fbfeb00b39dfeeab4ee6edded39ffd48e25858637e4765810300227e?s=96&d=mm&r=g\",\"caption\":\"Developer\"},\"url\":\"https:\\\/\\\/qtmm.org\\\/qt\\\/author\\\/Developer\\\/\"}]}<\/script>\n<!-- \/ Yoast SEO plugin. -->","yoast_head_json":{"title":"Professor REDDAVEY: \u00abQ\u0131r\u0131mtatarlar musadere etilgen \u00f6z topraqlar\u0131 ve diger mal-m\u00fclkleri i\u00e7\u00fcn \u00f6deme talap etmege aql\u0131d\u0131rlar\u00bb - \u041c\u0435\u0434\u0436\u043b\u0456\u0441","robots":{"index":"index","follow":"follow","max-snippet":"max-snippet:-1","max-image-preview":"max-image-preview:large","max-video-preview":"max-video-preview:-1"},"canonical":"https:\/\/qtmm.org\/qt\/professor-reddavey-qirimtatarlar-musadere-etilgen-oz-topraqlari-ve-diger-mal-mulkleri-icun-odeme-talap-etmege-aqlidirlar\/","og_locale":"en_US","og_type":"article","og_title":"Professor REDDAVEY: \u00abQ\u0131r\u0131mtatarlar musadere etilgen \u00f6z topraqlar\u0131 ve diger mal-m\u00fclkleri i\u00e7\u00fcn \u00f6deme talap etmege aql\u0131d\u0131rlar\u00bb - \u041c\u0435\u0434\u0436\u043b\u0456\u0441","og_description":"May\u0131s 18 k\u00fcn\u00fc B\u00fct\u00fcnq\u0131r\u0131m matem mitinginde q\u0131r\u0131mtatarlarn\u0131\u00f1 yaq\u0131n dostu, Corc Va\u015fington universiteti siyaset\u015f\u0131nasl\u0131q professor\u0131 Piter REDDAVEY \u00e7\u0131q\u0131\u015fta bulund\u0131. Bu insann\u0131\u00f1 \u011fayreti ve areketleri sayesinde 1976 senesi Amsterdamda &#8220;Ta\u015fkent mahkemesi&#8221; kitab\u0131 ne\u015fir etilip, b\u00fct\u00fcn d\u00fcnya q\u0131r\u0131mtatar halq\u0131n\u0131\u00f1 facial\u0131 taqdiri ve milliy areket k\u00fcre\u015f\u00e7ilerine nisbeten yap\u0131l\u011fan aqs\u0131zl\u0131q aqq\u0131nda bildi, dep tan\u0131tt\u0131 professorn\u0131 mitingni\u00f1 al\u0131p bar\u0131c\u0131s\u0131 Refat \u00c7ubarov. [&hellip;]","og_url":"https:\/\/qtmm.org\/qt\/professor-reddavey-qirimtatarlar-musadere-etilgen-oz-topraqlari-ve-diger-mal-mulkleri-icun-odeme-talap-etmege-aqlidirlar\/","og_site_name":"\u041c\u0435\u0434\u0436\u043b\u0456\u0441","article_publisher":"https:\/\/www.facebook.com\/qtmm.info\/","article_published_time":"2012-05-19T16:59:00+00:00","article_modified_time":"2022-01-21T17:00:31+00:00","og_image":[{"width":650,"height":400,"url":"https:\/\/qtmm.org\/wp-content\/uploads\/2022\/01\/reddavey_2.jpeg","type":"image\/jpeg"}],"author":"Developer","twitter_card":"summary_large_image","twitter_misc":{"Written by":"Developer","Est. reading time":"5 minutes"},"schema":{"@context":"https:\/\/schema.org","@graph":[{"@type":"Article","@id":"https:\/\/qtmm.org\/qt\/professor-reddavey-qirimtatarlar-musadere-etilgen-oz-topraqlari-ve-diger-mal-mulkleri-icun-odeme-talap-etmege-aqlidirlar\/#article","isPartOf":{"@id":"https:\/\/qtmm.org\/qt\/professor-reddavey-qirimtatarlar-musadere-etilgen-oz-topraqlari-ve-diger-mal-mulkleri-icun-odeme-talap-etmege-aqlidirlar\/"},"author":{"name":"Developer","@id":"https:\/\/qtmm.org\/qt\/#\/schema\/person\/de562469f971dec226ac06e60bbf74a7"},"headline":"Professor REDDAVEY: \u00abQ\u0131r\u0131mtatarlar musadere etilgen \u00f6z topraqlar\u0131 ve diger mal-m\u00fclkleri i\u00e7\u00fcn \u00f6deme talap etmege aql\u0131d\u0131rlar\u00bb","datePublished":"2012-05-19T16:59:00+00:00","dateModified":"2022-01-21T17:00:31+00:00","mainEntityOfPage":{"@id":"https:\/\/qtmm.org\/qt\/professor-reddavey-qirimtatarlar-musadere-etilgen-oz-topraqlari-ve-diger-mal-mulkleri-icun-odeme-talap-etmege-aqlidirlar\/"},"wordCount":1003,"commentCount":0,"publisher":{"@id":"https:\/\/qtmm.org\/qt\/#organization"},"image":{"@id":"https:\/\/qtmm.org\/qt\/professor-reddavey-qirimtatarlar-musadere-etilgen-oz-topraqlari-ve-diger-mal-mulkleri-icun-odeme-talap-etmege-aqlidirlar\/#primaryimage"},"thumbnailUrl":"https:\/\/qtmm.org\/wp-content\/uploads\/2022\/01\/reddavey_2.jpeg","articleSection":["Haberler"],"inLanguage":"qt","potentialAction":[{"@type":"CommentAction","name":"Comment","target":["https:\/\/qtmm.org\/qt\/professor-reddavey-qirimtatarlar-musadere-etilgen-oz-topraqlari-ve-diger-mal-mulkleri-icun-odeme-talap-etmege-aqlidirlar\/#respond"]}]},{"@type":"WebPage","@id":"https:\/\/qtmm.org\/qt\/professor-reddavey-qirimtatarlar-musadere-etilgen-oz-topraqlari-ve-diger-mal-mulkleri-icun-odeme-talap-etmege-aqlidirlar\/","url":"https:\/\/qtmm.org\/qt\/professor-reddavey-qirimtatarlar-musadere-etilgen-oz-topraqlari-ve-diger-mal-mulkleri-icun-odeme-talap-etmege-aqlidirlar\/","name":"Professor REDDAVEY: \u00abQ\u0131r\u0131mtatarlar musadere etilgen \u00f6z topraqlar\u0131 ve diger mal-m\u00fclkleri i\u00e7\u00fcn \u00f6deme talap etmege aql\u0131d\u0131rlar\u00bb - \u041c\u0435\u0434\u0436\u043b\u0456\u0441","isPartOf":{"@id":"https:\/\/qtmm.org\/qt\/#website"},"primaryImageOfPage":{"@id":"https:\/\/qtmm.org\/qt\/professor-reddavey-qirimtatarlar-musadere-etilgen-oz-topraqlari-ve-diger-mal-mulkleri-icun-odeme-talap-etmege-aqlidirlar\/#primaryimage"},"image":{"@id":"https:\/\/qtmm.org\/qt\/professor-reddavey-qirimtatarlar-musadere-etilgen-oz-topraqlari-ve-diger-mal-mulkleri-icun-odeme-talap-etmege-aqlidirlar\/#primaryimage"},"thumbnailUrl":"https:\/\/qtmm.org\/wp-content\/uploads\/2022\/01\/reddavey_2.jpeg","datePublished":"2012-05-19T16:59:00+00:00","dateModified":"2022-01-21T17:00:31+00:00","breadcrumb":{"@id":"https:\/\/qtmm.org\/qt\/professor-reddavey-qirimtatarlar-musadere-etilgen-oz-topraqlari-ve-diger-mal-mulkleri-icun-odeme-talap-etmege-aqlidirlar\/#breadcrumb"},"inLanguage":"qt","potentialAction":[{"@type":"ReadAction","target":["https:\/\/qtmm.org\/qt\/professor-reddavey-qirimtatarlar-musadere-etilgen-oz-topraqlari-ve-diger-mal-mulkleri-icun-odeme-talap-etmege-aqlidirlar\/"]}]},{"@type":"ImageObject","inLanguage":"qt","@id":"https:\/\/qtmm.org\/qt\/professor-reddavey-qirimtatarlar-musadere-etilgen-oz-topraqlari-ve-diger-mal-mulkleri-icun-odeme-talap-etmege-aqlidirlar\/#primaryimage","url":"https:\/\/qtmm.org\/wp-content\/uploads\/2022\/01\/reddavey_2.jpeg","contentUrl":"https:\/\/qtmm.org\/wp-content\/uploads\/2022\/01\/reddavey_2.jpeg","width":650,"height":400},{"@type":"BreadcrumbList","@id":"https:\/\/qtmm.org\/qt\/professor-reddavey-qirimtatarlar-musadere-etilgen-oz-topraqlari-ve-diger-mal-mulkleri-icun-odeme-talap-etmege-aqlidirlar\/#breadcrumb","itemListElement":[{"@type":"ListItem","position":1,"name":"\u0413\u043e\u043b\u043e\u0432\u043d\u0430","item":"https:\/\/qtmm.org\/qt\/"},{"@type":"ListItem","position":2,"name":"Professor REDDAVEY: \u00abQ\u0131r\u0131mtatarlar musadere etilgen \u00f6z topraqlar\u0131 ve diger mal-m\u00fclkleri i\u00e7\u00fcn \u00f6deme talap etmege aql\u0131d\u0131rlar\u00bb"}]},{"@type":"WebSite","@id":"https:\/\/qtmm.org\/qt\/#website","url":"https:\/\/qtmm.org\/qt\/","name":"\u041c\u0435\u0434\u0436\u043b\u0456\u0441","description":"","publisher":{"@id":"https:\/\/qtmm.org\/qt\/#organization"},"potentialAction":[{"@type":"SearchAction","target":{"@type":"EntryPoint","urlTemplate":"https:\/\/qtmm.org\/qt\/?s={search_term_string}"},"query-input":{"@type":"PropertyValueSpecification","valueRequired":true,"valueName":"search_term_string"}}],"inLanguage":"qt"},{"@type":"Organization","@id":"https:\/\/qtmm.org\/qt\/#organization","name":"\u041c\u0435\u0434\u0436\u043b\u0456\u0441","url":"https:\/\/qtmm.org\/qt\/","logo":{"@type":"ImageObject","inLanguage":"qt","@id":"https:\/\/qtmm.org\/qt\/#\/schema\/logo\/image\/","url":"https:\/\/qtmm.org\/wp-content\/uploads\/2024\/12\/ua-mejlis-logo-rgb.svg","contentUrl":"https:\/\/qtmm.org\/wp-content\/uploads\/2024\/12\/ua-mejlis-logo-rgb.svg","caption":"\u041c\u0435\u0434\u0436\u043b\u0456\u0441"},"image":{"@id":"https:\/\/qtmm.org\/qt\/#\/schema\/logo\/image\/"},"sameAs":["https:\/\/www.facebook.com\/qtmm.info\/"]},{"@type":"Person","@id":"https:\/\/qtmm.org\/qt\/#\/schema\/person\/de562469f971dec226ac06e60bbf74a7","name":"Developer","image":{"@type":"ImageObject","inLanguage":"qt","@id":"https:\/\/secure.gravatar.com\/avatar\/392b4cc8fbfeb00b39dfeeab4ee6edded39ffd48e25858637e4765810300227e?s=96&d=mm&r=g","url":"https:\/\/secure.gravatar.com\/avatar\/392b4cc8fbfeb00b39dfeeab4ee6edded39ffd48e25858637e4765810300227e?s=96&d=mm&r=g","contentUrl":"https:\/\/secure.gravatar.com\/avatar\/392b4cc8fbfeb00b39dfeeab4ee6edded39ffd48e25858637e4765810300227e?s=96&d=mm&r=g","caption":"Developer"},"url":"https:\/\/qtmm.org\/qt\/author\/Developer\/"}]}},"_links":{"self":[{"href":"https:\/\/qtmm.org\/qt\/wp-json\/wp\/v2\/posts\/31225","targetHints":{"allow":["GET"]}}],"collection":[{"href":"https:\/\/qtmm.org\/qt\/wp-json\/wp\/v2\/posts"}],"about":[{"href":"https:\/\/qtmm.org\/qt\/wp-json\/wp\/v2\/types\/post"}],"author":[{"embeddable":true,"href":"https:\/\/qtmm.org\/qt\/wp-json\/wp\/v2\/users\/1"}],"replies":[{"embeddable":true,"href":"https:\/\/qtmm.org\/qt\/wp-json\/wp\/v2\/comments?post=31225"}],"version-history":[{"count":1,"href":"https:\/\/qtmm.org\/qt\/wp-json\/wp\/v2\/posts\/31225\/revisions"}],"predecessor-version":[{"id":31242,"href":"https:\/\/qtmm.org\/qt\/wp-json\/wp\/v2\/posts\/31225\/revisions\/31242"}],"wp:featuredmedia":[{"embeddable":true,"href":"https:\/\/qtmm.org\/qt\/wp-json\/wp\/v2\/media\/31230"}],"wp:attachment":[{"href":"https:\/\/qtmm.org\/qt\/wp-json\/wp\/v2\/media?parent=31225"}],"wp:term":[{"taxonomy":"category","embeddable":true,"href":"https:\/\/qtmm.org\/qt\/wp-json\/wp\/v2\/categories?post=31225"},{"taxonomy":"post_tag","embeddable":true,"href":"https:\/\/qtmm.org\/qt\/wp-json\/wp\/v2\/tags?post=31225"}],"curies":[{"name":"wp","href":"https:\/\/api.w.org\/{rel}","templated":true}]}}